{"id":17240,"date":"2024-05-08T17:58:25","date_gmt":"2024-05-08T14:58:25","guid":{"rendered":"https:\/\/julesverne.com.tr\/?p=17240"},"modified":"2024-05-10T13:02:38","modified_gmt":"2024-05-10T10:02:38","slug":"2024-yazinda-kapida-vizeyle-gidebileceginiz-yunan-adalari-rehberi","status":"publish","type":"post","link":"https:\/\/julesverne.com.tr\/en\/travel-blog\/2024-yazinda-kapida-vizeyle-gidebileceginiz-yunan-adalari-rehberi\/","title":{"rendered":"(TR) 2024 Yaz\u0131nda Kap\u0131da Vizeyle Kolayca Gidebilece\u011finiz Yunan Adalar\u0131 Rehberi"},"content":{"rendered":"<p class=\"qtranxs-available-languages-message qtranxs-available-languages-message-en\">Sorry, this entry is only available in <a href=\"https:\/\/julesverne.com.tr\/tr\/wp-json\/wp\/v2\/posts\/17240\" class=\"qtranxs-available-language-link qtranxs-available-language-link-tr\" title=\"TR\">Turkish<\/a>.<\/p>","protected":false},"excerpt":{"rendered":"<p>Sorry, this entry is only available in Turkish.<\/p>\n","protected":false},"author":10,"featured_media":17287,"comment_status":"closed","ping_status":"closed","sticky":false,"template":"","format":"standard","meta":{"inline_featured_image":false,"footnotes":""},"categories":[38,1,39],"tags":[77,73,245],"acf":[],"yoast_head":"<!-- This site is optimized with the Yoast SEO plugin v22.3 - https:\/\/yoast.com\/wordpress\/plugins\/seo\/ -->\n<title><\/title>\n<meta name=\"description\" content=\"Bu yaz, vize prosed\u00fcrleriyle u\u011fra\u015fmadan her biri kendine has \u00f6zellikler bar\u0131nd\u0131ran 10 Yunan adas\u0131n\u0131n masmavi sular\u0131na dalabilir, g\u00fcne\u015fli plajlar\u0131nda dinlenebilir ve tarihi dokuyla harmanlanm\u0131\u015f sokaklar\u0131nda ke\u015ffe \u00e7\u0131kabilirsiniz. Kendine \u00f6zg\u00fc g\u00fczellikleri ve atmosferi olan bu 10 ada aras\u0131ndan se\u00e7im yapmak zor olabilir. Her bir adan\u0131n \u00f6ne \u00e7\u0131kan \u00f6zelliklerini, tarihi ve do\u011fal g\u00fczelliklerini, plajlar\u0131n\u0131 ve yap\u0131labilecek aktiviteleri sizler i\u00e7in derledik.\" \/>\n<meta name=\"robots\" content=\"index, follow, max-snippet:-1, max-image-preview:large, max-video-preview:-1\" \/>\n<link rel=\"canonical\" href=\"https:\/\/julesverne.com.tr\/travel-blog\/2024-yazinda-kapida-vizeyle-gidebileceginiz-yunan-adalari-rehberi\/\" \/>\n<meta property=\"og:locale\" content=\"en_US\" \/>\n<meta property=\"og:type\" content=\"article\" \/>\n<meta property=\"og:title\" content=\"[:tr]2024 Yaz\u0131nda Kap\u0131da Vizeyle Kolayca Gidebilece\u011finiz Yunan Adalar\u0131 Rehberi[:] - JULES VERNE BUSINESS MICE TRAVEL\" \/>\n<meta property=\"og:description\" content=\"Bu yaz, vize prosed\u00fcrleriyle u\u011fra\u015fmadan her biri kendine has \u00f6zellikler bar\u0131nd\u0131ran 10 Yunan adas\u0131n\u0131n masmavi sular\u0131na dalabilir, g\u00fcne\u015fli plajlar\u0131nda dinlenebilir ve tarihi dokuyla harmanlanm\u0131\u015f sokaklar\u0131nda ke\u015ffe \u00e7\u0131kabilirsiniz. Kendine \u00f6zg\u00fc g\u00fczellikleri ve atmosferi olan bu 10 ada aras\u0131ndan se\u00e7im yapmak zor olabilir. Her bir adan\u0131n \u00f6ne \u00e7\u0131kan \u00f6zelliklerini, tarihi ve do\u011fal g\u00fczelliklerini, plajlar\u0131n\u0131 ve yap\u0131labilecek aktiviteleri sizler i\u00e7in derledik.\" \/>\n<meta property=\"og:url\" content=\"https:\/\/julesverne.com.tr\/travel-blog\/2024-yazinda-kapida-vizeyle-gidebileceginiz-yunan-adalari-rehberi\/\" \/>\n<meta property=\"og:site_name\" content=\"JULES VERNE BUSINESS MICE TRAVEL\" \/>\n<meta property=\"article:publisher\" content=\"https:\/\/www.facebook.com\/JulesVerneBusinessMiceTravel\/\" \/>\n<meta property=\"article:published_time\" content=\"2024-05-08T14:58:25+00:00\" \/>\n<meta property=\"article:modified_time\" content=\"2024-05-10T10:02:38+00:00\" \/>\n<meta property=\"og:image\" content=\"https:\/\/julesverne.com.tr\/wp-content\/uploads\/2024\/05\/Mailing-90.png\" \/>\n\t<meta property=\"og:image:width\" content=\"1200\" \/>\n\t<meta property=\"og:image:height\" content=\"628\" \/>\n\t<meta property=\"og:image:type\" content=\"image\/png\" \/>\n<meta name=\"author\" content=\"Ebru Alt\u0131n\" \/>\n<meta name=\"twitter:card\" content=\"summary_large_image\" \/>\n<meta name=\"twitter:creator\" content=\"@JV_BusinessMice\" \/>\n<meta name=\"twitter:site\" content=\"@JV_BusinessMice\" \/>\n<meta name=\"twitter:label1\" content=\"Written by\" \/>\n\t<meta name=\"twitter:data1\" content=\"Ebru Alt\u0131n\" \/>\n\t<meta name=\"twitter:label2\" content=\"Est. reading time\" \/>\n\t<meta name=\"twitter:data2\" content=\"9 minutes\" \/>\n<script type=\"application\/ld+json\" class=\"yoast-schema-graph\">{\"@context\":\"https:\/\/schema.org\",\"@graph\":[{\"@type\":\"Article\",\"@id\":\"https:\/\/julesverne.com.tr\/travel-blog\/2024-yazinda-kapida-vizeyle-gidebileceginiz-yunan-adalari-rehberi\/#article\",\"isPartOf\":{\"@id\":\"https:\/\/julesverne.com.tr\/travel-blog\/2024-yazinda-kapida-vizeyle-gidebileceginiz-yunan-adalari-rehberi\/\"},\"author\":{\"name\":\"Ebru Alt\u0131n\",\"@id\":\"https:\/\/julesverne.com.tr\/#\/schema\/person\/219931edfe2e7d9cbbcbabb8a7e4c7f4\"},\"headline\":\"(TR) 2024 Yaz\u0131nda Kap\u0131da Vizeyle Kolayca Gidebilece\u011finiz Yunan Adalar\u0131 Rehberi\",\"datePublished\":\"2024-05-08T14:58:25+00:00\",\"dateModified\":\"2024-05-10T10:02:38+00:00\",\"mainEntityOfPage\":{\"@id\":\"https:\/\/julesverne.com.tr\/travel-blog\/2024-yazinda-kapida-vizeyle-gidebileceginiz-yunan-adalari-rehberi\/\"},\"wordCount\":1425,\"publisher\":{\"@id\":\"https:\/\/julesverne.com.tr\/#organization\"},\"image\":{\"@id\":\"https:\/\/julesverne.com.tr\/travel-blog\/2024-yazinda-kapida-vizeyle-gidebileceginiz-yunan-adalari-rehberi\/#primaryimage\"},\"thumbnailUrl\":\"https:\/\/julesverne.com.tr\/wp-content\/uploads\/2024\/05\/Mailing-90.png\",\"keywords\":[\"\u0130lham Veren Destinasyonlar\",\"Nereye Gitsek\",\"Seyahat Blog\"],\"articleSection\":[\"\u0130lham Veren Destinasyonlar\",\"Blog\",\"Nereye Gitsek?\"],\"inLanguage\":\"en-US\"},{\"@type\":\"WebPage\",\"@id\":\"https:\/\/julesverne.com.tr\/travel-blog\/2024-yazinda-kapida-vizeyle-gidebileceginiz-yunan-adalari-rehberi\/\",\"url\":\"https:\/\/julesverne.com.tr\/travel-blog\/2024-yazinda-kapida-vizeyle-gidebileceginiz-yunan-adalari-rehberi\/\",\"name\":\"[:tr]2024 Yaz\u0131nda Kap\u0131da Vizeyle Kolayca Gidebilece\u011finiz Yunan Adalar\u0131 Rehberi[:] - JULES VERNE BUSINESS MICE TRAVEL\",\"isPartOf\":{\"@id\":\"https:\/\/julesverne.com.tr\/#website\"},\"primaryImageOfPage\":{\"@id\":\"https:\/\/julesverne.com.tr\/travel-blog\/2024-yazinda-kapida-vizeyle-gidebileceginiz-yunan-adalari-rehberi\/#primaryimage\"},\"image\":{\"@id\":\"https:\/\/julesverne.com.tr\/travel-blog\/2024-yazinda-kapida-vizeyle-gidebileceginiz-yunan-adalari-rehberi\/#primaryimage\"},\"thumbnailUrl\":\"https:\/\/julesverne.com.tr\/wp-content\/uploads\/2024\/05\/Mailing-90.png\",\"datePublished\":\"2024-05-08T14:58:25+00:00\",\"dateModified\":\"2024-05-10T10:02:38+00:00\",\"description\":\"Bu yaz, vize prosed\u00fcrleriyle u\u011fra\u015fmadan her biri kendine has \u00f6zellikler bar\u0131nd\u0131ran 10 Yunan adas\u0131n\u0131n masmavi sular\u0131na dalabilir, g\u00fcne\u015fli plajlar\u0131nda dinlenebilir ve tarihi dokuyla harmanlanm\u0131\u015f sokaklar\u0131nda ke\u015ffe \u00e7\u0131kabilirsiniz. Kendine \u00f6zg\u00fc g\u00fczellikleri ve atmosferi olan bu 10 ada aras\u0131ndan se\u00e7im yapmak zor olabilir. Her bir adan\u0131n \u00f6ne \u00e7\u0131kan \u00f6zelliklerini, tarihi ve do\u011fal g\u00fczelliklerini, plajlar\u0131n\u0131 ve yap\u0131labilecek aktiviteleri sizler i\u00e7in derledik.\",\"breadcrumb\":{\"@id\":\"https:\/\/julesverne.com.tr\/travel-blog\/2024-yazinda-kapida-vizeyle-gidebileceginiz-yunan-adalari-rehberi\/#breadcrumb\"},\"inLanguage\":\"en-US\",\"potentialAction\":[{\"@type\":\"ReadAction\",\"target\":[\"https:\/\/julesverne.com.tr\/travel-blog\/2024-yazinda-kapida-vizeyle-gidebileceginiz-yunan-adalari-rehberi\/\"]}]},{\"@type\":\"ImageObject\",\"inLanguage\":\"en-US\",\"@id\":\"https:\/\/julesverne.com.tr\/travel-blog\/2024-yazinda-kapida-vizeyle-gidebileceginiz-yunan-adalari-rehberi\/#primaryimage\",\"url\":\"https:\/\/julesverne.com.tr\/wp-content\/uploads\/2024\/05\/Mailing-90.png\",\"contentUrl\":\"https:\/\/julesverne.com.tr\/wp-content\/uploads\/2024\/05\/Mailing-90.png\",\"width\":1200,\"height\":628},{\"@type\":\"BreadcrumbList\",\"@id\":\"https:\/\/julesverne.com.tr\/travel-blog\/2024-yazinda-kapida-vizeyle-gidebileceginiz-yunan-adalari-rehberi\/#breadcrumb\",\"itemListElement\":[{\"@type\":\"ListItem\",\"position\":1,\"name\":\"Anasayfa\",\"item\":\"https:\/\/julesverne.com.tr\/\"},{\"@type\":\"ListItem\",\"position\":2,\"name\":\"2024 Yaz\u0131nda Kap\u0131da Vizeyle Kolayca Gidebilece\u011finiz Yunan Adalar\u0131 Rehberi\"}]},{\"@type\":\"WebSite\",\"@id\":\"https:\/\/julesverne.com.tr\/#website\",\"url\":\"https:\/\/julesverne.com.tr\/\",\"name\":\"JULES VERNE BUSINESS MICE TRAVEL\",\"description\":\"\",\"publisher\":{\"@id\":\"https:\/\/julesverne.com.tr\/#organization\"},\"potentialAction\":[{\"@type\":\"SearchAction\",\"target\":{\"@type\":\"EntryPoint\",\"urlTemplate\":\"https:\/\/julesverne.com.tr\/?s={search_term_string}\"},\"query-input\":\"required name=search_term_string\"}],\"inLanguage\":\"en-US\"},{\"@type\":\"Organization\",\"@id\":\"https:\/\/julesverne.com.tr\/#organization\",\"name\":\"JULES VERNE BUSINESS MICE TRAVEL\",\"url\":\"https:\/\/julesverne.com.tr\/\",\"logo\":{\"@type\":\"ImageObject\",\"inLanguage\":\"en-US\",\"@id\":\"https:\/\/julesverne.com.tr\/#\/schema\/logo\/image\/\",\"url\":\"https:\/\/julesverne.com.tr\/wp-content\/uploads\/2020\/09\/jv-bmt-logo.png\",\"contentUrl\":\"https:\/\/julesverne.com.tr\/wp-content\/uploads\/2020\/09\/jv-bmt-logo.png\",\"width\":110,\"height\":81,\"caption\":\"JULES VERNE BUSINESS MICE TRAVEL\"},\"image\":{\"@id\":\"https:\/\/julesverne.com.tr\/#\/schema\/logo\/image\/\"},\"sameAs\":[\"https:\/\/www.facebook.com\/JulesVerneBusinessMiceTravel\/\",\"https:\/\/twitter.com\/JV_BusinessMice\",\"https:\/\/www.instagram.com\/julesvernebusinessmicetravel\/\",\"https:\/\/www.linkedin.com\/company\/julesvernebusinessmicetravel\/\",\"https:\/\/www.youtube.com\/channel\/UCAwdsmbZ6tFhu1tea6pkpiw\"]},{\"@type\":\"Person\",\"@id\":\"https:\/\/julesverne.com.tr\/#\/schema\/person\/219931edfe2e7d9cbbcbabb8a7e4c7f4\",\"name\":\"Ebru Alt\u0131n\",\"url\":\"https:\/\/julesverne.com.tr\/en\/author\/ebru-altin\/\"}]}<\/script>\n<!-- \/ Yoast SEO plugin. -->","yoast_head_json":{"title":"[:tr]2024 Yaz\u0131nda Kap\u0131da Vizeyle Kolayca Gidebilece\u011finiz Yunan Adalar\u0131 Rehberi[:] - JULES VERNE BUSINESS MICE TRAVEL","description":"Bu yaz, vize prosed\u00fcrleriyle u\u011fra\u015fmadan her biri kendine has \u00f6zellikler bar\u0131nd\u0131ran 10 Yunan adas\u0131n\u0131n masmavi sular\u0131na dalabilir, g\u00fcne\u015fli plajlar\u0131nda dinlenebilir ve tarihi dokuyla harmanlanm\u0131\u015f sokaklar\u0131nda ke\u015ffe \u00e7\u0131kabilirsiniz. Kendine \u00f6zg\u00fc g\u00fczellikleri ve atmosferi olan bu 10 ada aras\u0131ndan se\u00e7im yapmak zor olabilir. Her bir adan\u0131n \u00f6ne \u00e7\u0131kan \u00f6zelliklerini, tarihi ve do\u011fal g\u00fczelliklerini, plajlar\u0131n\u0131 ve yap\u0131labilecek aktiviteleri sizler i\u00e7in derledik.","robots":{"index":"index","follow":"follow","max-snippet":"max-snippet:-1","max-image-preview":"max-image-preview:large","max-video-preview":"max-video-preview:-1"},"canonical":"https:\/\/julesverne.com.tr\/travel-blog\/2024-yazinda-kapida-vizeyle-gidebileceginiz-yunan-adalari-rehberi\/","og_locale":"en_US","og_type":"article","og_title":"[:tr]2024 Yaz\u0131nda Kap\u0131da Vizeyle Kolayca Gidebilece\u011finiz Yunan Adalar\u0131 Rehberi[:] - JULES VERNE BUSINESS MICE TRAVEL","og_description":"Bu yaz, vize prosed\u00fcrleriyle u\u011fra\u015fmadan her biri kendine has \u00f6zellikler bar\u0131nd\u0131ran 10 Yunan adas\u0131n\u0131n masmavi sular\u0131na dalabilir, g\u00fcne\u015fli plajlar\u0131nda dinlenebilir ve tarihi dokuyla harmanlanm\u0131\u015f sokaklar\u0131nda ke\u015ffe \u00e7\u0131kabilirsiniz. Kendine \u00f6zg\u00fc g\u00fczellikleri ve atmosferi olan bu 10 ada aras\u0131ndan se\u00e7im yapmak zor olabilir. Her bir adan\u0131n \u00f6ne \u00e7\u0131kan \u00f6zelliklerini, tarihi ve do\u011fal g\u00fczelliklerini, plajlar\u0131n\u0131 ve yap\u0131labilecek aktiviteleri sizler i\u00e7in derledik.","og_url":"https:\/\/julesverne.com.tr\/travel-blog\/2024-yazinda-kapida-vizeyle-gidebileceginiz-yunan-adalari-rehberi\/","og_site_name":"JULES VERNE BUSINESS MICE TRAVEL","article_publisher":"https:\/\/www.facebook.com\/JulesVerneBusinessMiceTravel\/","article_published_time":"2024-05-08T14:58:25+00:00","article_modified_time":"2024-05-10T10:02:38+00:00","og_image":[{"width":1200,"height":628,"url":"https:\/\/julesverne.com.tr\/wp-content\/uploads\/2024\/05\/Mailing-90.png","type":"image\/png"}],"author":"Ebru Alt\u0131n","twitter_card":"summary_large_image","twitter_creator":"@JV_BusinessMice","twitter_site":"@JV_BusinessMice","twitter_misc":{"Written by":"Ebru Alt\u0131n","Est. reading time":"9 minutes"},"schema":{"@context":"https:\/\/schema.org","@graph":[{"@type":"Article","@id":"https:\/\/julesverne.com.tr\/travel-blog\/2024-yazinda-kapida-vizeyle-gidebileceginiz-yunan-adalari-rehberi\/#article","isPartOf":{"@id":"https:\/\/julesverne.com.tr\/travel-blog\/2024-yazinda-kapida-vizeyle-gidebileceginiz-yunan-adalari-rehberi\/"},"author":{"name":"Ebru Alt\u0131n","@id":"https:\/\/julesverne.com.tr\/#\/schema\/person\/219931edfe2e7d9cbbcbabb8a7e4c7f4"},"headline":"(TR) 2024 Yaz\u0131nda Kap\u0131da Vizeyle Kolayca Gidebilece\u011finiz Yunan Adalar\u0131 Rehberi","datePublished":"2024-05-08T14:58:25+00:00","dateModified":"2024-05-10T10:02:38+00:00","mainEntityOfPage":{"@id":"https:\/\/julesverne.com.tr\/travel-blog\/2024-yazinda-kapida-vizeyle-gidebileceginiz-yunan-adalari-rehberi\/"},"wordCount":1425,"publisher":{"@id":"https:\/\/julesverne.com.tr\/#organization"},"image":{"@id":"https:\/\/julesverne.com.tr\/travel-blog\/2024-yazinda-kapida-vizeyle-gidebileceginiz-yunan-adalari-rehberi\/#primaryimage"},"thumbnailUrl":"https:\/\/julesverne.com.tr\/wp-content\/uploads\/2024\/05\/Mailing-90.png","keywords":["\u0130lham Veren Destinasyonlar","Nereye Gitsek","Seyahat Blog"],"articleSection":["\u0130lham Veren Destinasyonlar","Blog","Nereye Gitsek?"],"inLanguage":"en-US"},{"@type":"WebPage","@id":"https:\/\/julesverne.com.tr\/travel-blog\/2024-yazinda-kapida-vizeyle-gidebileceginiz-yunan-adalari-rehberi\/","url":"https:\/\/julesverne.com.tr\/travel-blog\/2024-yazinda-kapida-vizeyle-gidebileceginiz-yunan-adalari-rehberi\/","name":"[:tr]2024 Yaz\u0131nda Kap\u0131da Vizeyle Kolayca Gidebilece\u011finiz Yunan Adalar\u0131 Rehberi[:] - JULES VERNE BUSINESS MICE TRAVEL","isPartOf":{"@id":"https:\/\/julesverne.com.tr\/#website"},"primaryImageOfPage":{"@id":"https:\/\/julesverne.com.tr\/travel-blog\/2024-yazinda-kapida-vizeyle-gidebileceginiz-yunan-adalari-rehberi\/#primaryimage"},"image":{"@id":"https:\/\/julesverne.com.tr\/travel-blog\/2024-yazinda-kapida-vizeyle-gidebileceginiz-yunan-adalari-rehberi\/#primaryimage"},"thumbnailUrl":"https:\/\/julesverne.com.tr\/wp-content\/uploads\/2024\/05\/Mailing-90.png","datePublished":"2024-05-08T14:58:25+00:00","dateModified":"2024-05-10T10:02:38+00:00","description":"Bu yaz, vize prosed\u00fcrleriyle u\u011fra\u015fmadan her biri kendine has \u00f6zellikler bar\u0131nd\u0131ran 10 Yunan adas\u0131n\u0131n masmavi sular\u0131na dalabilir, g\u00fcne\u015fli plajlar\u0131nda dinlenebilir ve tarihi dokuyla harmanlanm\u0131\u015f sokaklar\u0131nda ke\u015ffe \u00e7\u0131kabilirsiniz. Kendine \u00f6zg\u00fc g\u00fczellikleri ve atmosferi olan bu 10 ada aras\u0131ndan se\u00e7im yapmak zor olabilir. Her bir adan\u0131n \u00f6ne \u00e7\u0131kan \u00f6zelliklerini, tarihi ve do\u011fal g\u00fczelliklerini, plajlar\u0131n\u0131 ve yap\u0131labilecek aktiviteleri sizler i\u00e7in derledik.","breadcrumb":{"@id":"https:\/\/julesverne.com.tr\/travel-blog\/2024-yazinda-kapida-vizeyle-gidebileceginiz-yunan-adalari-rehberi\/#breadcrumb"},"inLanguage":"en-US","potentialAction":[{"@type":"ReadAction","target":["https:\/\/julesverne.com.tr\/travel-blog\/2024-yazinda-kapida-vizeyle-gidebileceginiz-yunan-adalari-rehberi\/"]}]},{"@type":"ImageObject","inLanguage":"en-US","@id":"https:\/\/julesverne.com.tr\/travel-blog\/2024-yazinda-kapida-vizeyle-gidebileceginiz-yunan-adalari-rehberi\/#primaryimage","url":"https:\/\/julesverne.com.tr\/wp-content\/uploads\/2024\/05\/Mailing-90.png","contentUrl":"https:\/\/julesverne.com.tr\/wp-content\/uploads\/2024\/05\/Mailing-90.png","width":1200,"height":628},{"@type":"BreadcrumbList","@id":"https:\/\/julesverne.com.tr\/travel-blog\/2024-yazinda-kapida-vizeyle-gidebileceginiz-yunan-adalari-rehberi\/#breadcrumb","itemListElement":[{"@type":"ListItem","position":1,"name":"Anasayfa","item":"https:\/\/julesverne.com.tr\/"},{"@type":"ListItem","position":2,"name":"2024 Yaz\u0131nda Kap\u0131da Vizeyle Kolayca Gidebilece\u011finiz Yunan Adalar\u0131 Rehberi"}]},{"@type":"WebSite","@id":"https:\/\/julesverne.com.tr\/#website","url":"https:\/\/julesverne.com.tr\/","name":"JULES VERNE BUSINESS MICE TRAVEL","description":"","publisher":{"@id":"https:\/\/julesverne.com.tr\/#organization"},"potentialAction":[{"@type":"SearchAction","target":{"@type":"EntryPoint","urlTemplate":"https:\/\/julesverne.com.tr\/?s={search_term_string}"},"query-input":"required name=search_term_string"}],"inLanguage":"en-US"},{"@type":"Organization","@id":"https:\/\/julesverne.com.tr\/#organization","name":"JULES VERNE BUSINESS MICE TRAVEL","url":"https:\/\/julesverne.com.tr\/","logo":{"@type":"ImageObject","inLanguage":"en-US","@id":"https:\/\/julesverne.com.tr\/#\/schema\/logo\/image\/","url":"https:\/\/julesverne.com.tr\/wp-content\/uploads\/2020\/09\/jv-bmt-logo.png","contentUrl":"https:\/\/julesverne.com.tr\/wp-content\/uploads\/2020\/09\/jv-bmt-logo.png","width":110,"height":81,"caption":"JULES VERNE BUSINESS MICE TRAVEL"},"image":{"@id":"https:\/\/julesverne.com.tr\/#\/schema\/logo\/image\/"},"sameAs":["https:\/\/www.facebook.com\/JulesVerneBusinessMiceTravel\/","https:\/\/twitter.com\/JV_BusinessMice","https:\/\/www.instagram.com\/julesvernebusinessmicetravel\/","https:\/\/www.linkedin.com\/company\/julesvernebusinessmicetravel\/","https:\/\/www.youtube.com\/channel\/UCAwdsmbZ6tFhu1tea6pkpiw"]},{"@type":"Person","@id":"https:\/\/julesverne.com.tr\/#\/schema\/person\/219931edfe2e7d9cbbcbabb8a7e4c7f4","name":"Ebru Alt\u0131n","url":"https:\/\/julesverne.com.tr\/en\/author\/ebru-altin\/"}]}},"_links":{"self":[{"href":"https:\/\/julesverne.com.tr\/en\/wp-json\/wp\/v2\/posts\/17240"}],"collection":[{"href":"https:\/\/julesverne.com.tr\/en\/wp-json\/wp\/v2\/posts"}],"about":[{"href":"https:\/\/julesverne.com.tr\/en\/wp-json\/wp\/v2\/types\/post"}],"author":[{"embeddable":true,"href":"https:\/\/julesverne.com.tr\/en\/wp-json\/wp\/v2\/users\/10"}],"replies":[{"embeddable":true,"href":"https:\/\/julesverne.com.tr\/en\/wp-json\/wp\/v2\/comments?post=17240"}],"version-history":[{"count":11,"href":"https:\/\/julesverne.com.tr\/en\/wp-json\/wp\/v2\/posts\/17240\/revisions"}],"predecessor-version":[{"id":17288,"href":"https:\/\/julesverne.com.tr\/en\/wp-json\/wp\/v2\/posts\/17240\/revisions\/17288"}],"wp:featuredmedia":[{"embeddable":true,"href":"https:\/\/julesverne.com.tr\/en\/wp-json\/wp\/v2\/media\/17287"}],"wp:attachment":[{"href":"https:\/\/julesverne.com.tr\/en\/wp-json\/wp\/v2\/media?parent=17240"}],"wp:term":[{"taxonomy":"category","embeddable":true,"href":"https:\/\/julesverne.com.tr\/en\/wp-json\/wp\/v2\/categories?post=17240"},{"taxonomy":"post_tag","embeddable":true,"href":"https:\/\/julesverne.com.tr\/en\/wp-json\/wp\/v2\/tags?post=17240"}],"curies":[{"name":"wp","href":"https:\/\/api.w.org\/{rel}","templated":true}]}}