{"id":1721,"date":"2017-04-19T10:27:23","date_gmt":"2017-04-19T07:27:23","guid":{"rendered":"https:\/\/www.julesverne.com.tr\/\/blog\/dunyaca-unlu-tenor-andrea-bocelliyi-dogdugu-kasabada-izleyin\/"},"modified":"2021-09-13T11:53:38","modified_gmt":"2021-09-13T08:53:38","slug":"dunyaca-unlu-tenor-andrea-bocelliyi-dogdugu-kasabada-izleyin","status":"publish","type":"post","link":"https:\/\/julesverne.com.tr\/en\/travel-blog\/dunyaca-unlu-tenor-andrea-bocelliyi-dogdugu-kasabada-izleyin\/","title":{"rendered":"D\u00fcnyaca \u00fcnl\u00fc tenor Andrea Bocelli&#8217;yi do\u011fdu\u011fu kasabada izleyin!"},"content":{"rendered":"<p><span style=\"background-image: initial; background-position: initial; background-size: initial; background-repeat: initial; background-attachment: initial; background-origin: initial; background-clip: initial;\"><strong><img loading=\"lazy\" decoding=\"async\" class=\"alignnone size-full wp-image-5859\" src=\"https:\/\/www.julesverne.com.tr\/\/wp-content\/uploads\/2020\/09\/landsape.jpg\" alt=\"toskana\" width=\"740\" height=\"492\" srcset=\"https:\/\/julesverne.com.tr\/wp-content\/uploads\/2020\/09\/landsape.jpg 740w, https:\/\/julesverne.com.tr\/wp-content\/uploads\/2020\/09\/landsape-500x332.jpg 500w\" sizes=\"(max-width: 740px) 100vw, 740px\" \/><\/strong><\/span><\/p>\n<p class=\"MsoNormal\"><strong>Andrea Bocelli Toskana\u2019da dinlenir\u2026<\/strong><\/p>\n<p class=\"MsoNormal\" style=\"text-align: justify;\">Toskana y\u00fczy\u0131llard\u0131r \u0130talyan sanat\u00e7\u0131lar\u0131na ilham veren yemye\u015fil manzaralar\u0131, u\u00e7suz bucaks\u0131z \u00fcz\u00fcm ba\u011flar\u0131, zeytinlikleri ve ufac\u0131k k\u00f6yleri ile do\u011fa harikas\u0131 bir co\u011frafya &#8230;\u00a0Lajatico, Toskana&#8217;n\u0131n k\u00fc\u00e7\u00fck, \u00f6zg\u00fcn, kartpostal\u0131 and\u0131ran, hayran kal\u0131nacak kasabalar\u0131ndan biri, d\u00fcnyaca \u00fcnl\u00fc \u0130talyan tenor Andrea Bocelli&#8217;nin do\u011fdu\u011fu kasaba! Ve Bocelli her y\u0131l kendi evinde olman\u0131n s\u0131cakl\u0131\u011f\u0131n\u0131 Teatro del Silenzio&#8217;da sahneye \u00e7\u0131karak ya\u015f\u0131yor.<\/p>\n<p style=\"text-align: center;\"><img loading=\"lazy\" decoding=\"async\" class=\"alignnone size-full wp-image-5860\" src=\"https:\/\/www.julesverne.com.tr\/\/wp-content\/uploads\/2020\/09\/bocelli_konser-1.png\" alt=\"\" width=\"800\" height=\"534\" srcset=\"https:\/\/julesverne.com.tr\/wp-content\/uploads\/2020\/09\/bocelli_konser-1.png 800w, https:\/\/julesverne.com.tr\/wp-content\/uploads\/2020\/09\/bocelli_konser-1-500x334.png 500w, https:\/\/julesverne.com.tr\/wp-content\/uploads\/2020\/09\/bocelli_konser-1-768x513.png 768w\" sizes=\"(max-width: 800px) 100vw, 800px\" \/><\/p>\n<p style=\"text-align: justify;\">T\u00fcm konserlerinde biletleri aylar \u00f6ncesinden t\u00fckenen Andrea Bocelli bu sene de do\u011fdu\u011fu kasabada m\u00fczik severleri b\u00fcy\u00fclemeye haz\u0131rlan\u0131yor. <strong>3 A\u011fustos<\/strong> ak\u015fam\u0131 <strong>Teatro del Silenzio<\/strong>\u2019da m\u00fczikseverlerle bulu\u015facak olan Bocelli yine iddial\u0131 bir repertuarla kar\u015f\u0131n\u0131zda olacak.<\/p>\n<p class=\"MsoNormal\" style=\"text-align: justify;\">\u0130talyan R\u00f6nesans tarihi ve edebiyat\u0131n\u0131n do\u011fum yerinde, \u00fclkenin harika \u015faraplar\u0131na hayat veren \u00fcz\u00fcmlerin yeti\u015fti\u011fi verimli ba\u011flarda, \u00f6z\u00fcn\u00fc unutmadan, do\u011fall\u0131\u011f\u0131ndan asla vazge\u00e7meyen lezzetlerin evi <strong>Toskana&#8217;da Andrea Bocelli ile m\u00fczik ziyafeti ve k\u0131sa bir \u201cdolce vita\u201d i\u00e7in<\/strong> acele edin&#8230;<\/p>\n<p class=\"MsoNormal\"><img loading=\"lazy\" decoding=\"async\" class=\"alignnone size-full wp-image-5861\" src=\"https:\/\/www.julesverne.com.tr\/\/wp-content\/uploads\/2020\/09\/lajatico.jpg\" alt=\"toskana\" width=\"740\" height=\"370\" srcset=\"https:\/\/julesverne.com.tr\/wp-content\/uploads\/2020\/09\/lajatico.jpg 740w, https:\/\/julesverne.com.tr\/wp-content\/uploads\/2020\/09\/lajatico-500x250.jpg 500w\" sizes=\"(max-width: 740px) 100vw, 740px\" \/><\/p>\n<h4 class=\"MsoNormal\" style=\"text-align: left;\"><strong><span style=\"background-image: initial; background-position: initial; background-size: initial; background-repeat: initial; background-attachment: initial; background-origin: initial; background-clip: initial;\">\u00c7ift Ki\u015filik Oda\u2019da ki\u015fi ba\u015f\u0131 450 Euro\u2019dan ba\u015flayan fiyatlarla Andrea Bocelli&#8217;yi Toskana&#8217;da bu b\u00fcy\u00fcleyici atmosferde ileyebilirsiniz&#8230;<\/span><\/strong><\/h4>\n<p class=\"MsoNormal\" style=\"text-align: left;\"><span style=\"background-image: initial; background-position: initial; background-size: initial; background-repeat: initial; background-attachment: initial; background-origin: initial; background-clip: initial;\"><strong>\u00dccrete Dahil Olanlar<\/strong><\/span><\/p>\n<ul>\n<li>1 Ki\u015filik Konser Bileti ( 3 A\u011fustos Per\u015fembe ak\u015fam\u0131)<\/li>\n<li>4 y\u0131ld\u0131zl\u0131 otelde, 1 ki\u015fi kahvalt\u0131 dahil 2 gece konaklama<\/li>\n<\/ul>\n<p class=\"MsoNormal\">M\u00fczikle dolu Toskana seyahatinizde her tatt\u0131\u011f\u0131n\u0131z lezzette, her kald\u0131rd\u0131\u011f\u0131n\u0131z kadehte, her g\u00fcnbat\u0131m\u0131 manzaras\u0131nda \u00a0<strong>\u201cdolce vita\u201d<\/strong> n\u0131n tad\u0131n\u0131 \u00e7\u0131karman\u0131z\u00a0dile\u011fiyle\u2026<\/p>\n<p style=\"text-align: center;\"><strong>Program ile ilgili daha detayl\u0131 bilgi i\u00e7in:\u00a0<\/strong><br \/>\n<strong>travel@julesverne.com.tr\u00a0<\/strong><br \/>\n<strong>0212 266 6363 &#8211; 137<\/strong><\/p>\n<p><strong><img loading=\"lazy\" decoding=\"async\" class=\"alignnone size-full wp-image-5862\" src=\"https:\/\/www.julesverne.com.tr\/\/wp-content\/uploads\/2020\/09\/mutfak.jpg\" alt=\"toskana\" width=\"740\" height=\"493\" srcset=\"https:\/\/julesverne.com.tr\/wp-content\/uploads\/2020\/09\/mutfak.jpg 740w, https:\/\/julesverne.com.tr\/wp-content\/uploads\/2020\/09\/mutfak-500x333.jpg 500w\" sizes=\"(max-width: 740px) 100vw, 740px\" \/><\/strong><\/p>\n<h4 style=\"text-align: center;\"><a href=\"..\/..\/bizden-haberler\/toskanaya-gitmek-icin-6-neden\" target=\"_blank\" rel=\"noopener noreferrer\">&#8220;Toskana&#8217;da neler yapabilirim, Toskana&#8217;ya neden gitsem&#8221; diyorsan\u0131z detayl\u0131 bilgi i\u00e7in t\u0131klay\u0131n!<\/a><\/h4>\n<p><strong>Andrea Bocelli Hakk\u0131nda&#8230;<\/strong><\/p>\n<p style=\"text-align: center;\"><img loading=\"lazy\" decoding=\"async\" class=\"alignnone size-full wp-image-5863\" src=\"https:\/\/www.julesverne.com.tr\/\/wp-content\/uploads\/2020\/09\/andrea-1.jpg\" alt=\"andrea bocelli\" width=\"800\" height=\"500\" srcset=\"https:\/\/julesverne.com.tr\/wp-content\/uploads\/2020\/09\/andrea-1.jpg 800w, https:\/\/julesverne.com.tr\/wp-content\/uploads\/2020\/09\/andrea-1-500x313.jpg 500w, https:\/\/julesverne.com.tr\/wp-content\/uploads\/2020\/09\/andrea-1-768x480.jpg 768w\" sizes=\"(max-width: 800px) 100vw, 800px\" \/><\/p>\n<p style=\"text-align: justify; margin: 0cm 0cm 18.0pt 0cm;\">M\u00fczik d\u00fcnyas\u0131ndaki ilk ba\u015far\u0131s\u0131n\u0131 hen\u00fcz 22 ya\u015f\u0131ndayken, 1970 y\u0131l\u0131nda kat\u0131ld\u0131\u011f\u0131 yar\u0131\u015fmada &#8220;O sole mio&#8221; yu seslendirerek tatm\u0131\u015f olan Andrea Bocelli daha sonra 1994 senesinde San Remo M\u00fczik Festivali&#8217;ne kat\u0131larak Caterina Caselli taraf\u0131ndan ke\u015ffedildi. Bocelli&#8217;nin ba\u015far\u0131l\u0131 kariyeri de \u00f6zellikle bu y\u0131llardan sonra b\u00fcy\u00fck bir ivme kazand\u0131. Yine 1994 senesinde Verdi\u2019nin Macbeth eserinde rol ald\u0131 ve b\u00f6ylece opera sahnesindeki ilk \u00e7\u0131k\u0131\u015f\u0131n\u0131 yapt\u0131.<\/p>\n<p class=\"MsoNormal\"><img loading=\"lazy\" decoding=\"async\" class=\"alignnone size-full wp-image-5864\" src=\"https:\/\/www.julesverne.com.tr\/\/wp-content\/uploads\/2020\/09\/3-21.jpg\" alt=\"andrea bocelli\" width=\"740\" height=\"419\" srcset=\"https:\/\/julesverne.com.tr\/wp-content\/uploads\/2020\/09\/3-21.jpg 740w, https:\/\/julesverne.com.tr\/wp-content\/uploads\/2020\/09\/3-21-500x283.jpg 500w, https:\/\/julesverne.com.tr\/wp-content\/uploads\/2020\/09\/3-21-400x225.jpg 400w\" sizes=\"(max-width: 740px) 100vw, 740px\" \/><\/p>\n<p class=\"MsoNormal\" style=\"text-align: center;\">\u00a0<strong><a href=\"..\/..\/bizden-haberler\/andrea-bocelliyi-sahnede-izlemek-ve-tanrinin-mucizelerine-inanmak\">Andrea Bocelli hakk\u0131nda detayl\u0131 bilgi i\u00e7in\u00a0t\u0131klay\u0131n\u0131z.<\/a><\/strong><\/p>\n<p class=\"MsoNormal\" style=\"text-align: center;\">\n<p class=\"MsoNormal\" style=\"text-align: center;\">\n<p class=\"MsoNormal\" style=\"text-align: center;\">\n","protected":false},"excerpt":{"rendered":"<p>T&uuml;m konserlerinde biletleri aylar &ouml;ncesinden t&uuml;kenen Andrea Bocelli bu sene de Toskana&#8217;da do\u011fdu\u011fu kasabada m&uuml;zik severleri b&uuml;y&uuml;lemeye haz\u0131rlan\u0131yor. 3 A\u011fustos ak\u015fam\u0131 Teatro del Silenzio&rsquo;da m&uuml;zikseverlerle bulu\u015facak olan Bocelli yine iddial\u0131 bir repertuarla kar\u015f\u0131n\u0131zda olacak.<\/p>\n","protected":false},"author":1,"featured_media":1722,"comment_status":"closed","ping_status":"closed","sticky":false,"template":"","format":"standard","meta":{"inline_featured_image":false,"footnotes":""},"categories":[1,39],"tags":[],"acf":[],"yoast_head":"<!-- This site is optimized with the Yoast SEO plugin v22.3 - https:\/\/yoast.com\/wordpress\/plugins\/seo\/ -->\n<title>D\u00fcnyaca \u00fcnl\u00fc tenor Andrea Bocelli&#039;yi do\u011fdu\u011fu kasabada izleyin! - JULES VERNE BUSINESS MICE TRAVEL<\/title>\n<meta name=\"robots\" content=\"index, follow, max-snippet:-1, max-image-preview:large, max-video-preview:-1\" \/>\n<link rel=\"canonical\" href=\"https:\/\/julesverne.com.tr\/travel-blog\/dunyaca-unlu-tenor-andrea-bocelliyi-dogdugu-kasabada-izleyin\/\" \/>\n<meta property=\"og:locale\" content=\"en_US\" \/>\n<meta property=\"og:type\" content=\"article\" \/>\n<meta property=\"og:title\" content=\"D\u00fcnyaca \u00fcnl\u00fc tenor Andrea Bocelli&#039;yi do\u011fdu\u011fu kasabada izleyin! - JULES VERNE BUSINESS MICE TRAVEL\" \/>\n<meta property=\"og:description\" content=\"T&uuml;m konserlerinde biletleri aylar &ouml;ncesinden t&uuml;kenen Andrea Bocelli bu sene de Toskana&#039;da do\u011fdu\u011fu kasabada m&uuml;zik severleri b&uuml;y&uuml;lemeye haz\u0131rlan\u0131yor. 3 A\u011fustos ak\u015fam\u0131 Teatro del Silenzio&rsquo;da m&uuml;zikseverlerle bulu\u015facak olan Bocelli yine iddial\u0131 bir repertuarla kar\u015f\u0131n\u0131zda olacak.\" \/>\n<meta property=\"og:url\" content=\"https:\/\/julesverne.com.tr\/travel-blog\/dunyaca-unlu-tenor-andrea-bocelliyi-dogdugu-kasabada-izleyin\/\" \/>\n<meta property=\"og:site_name\" content=\"JULES VERNE BUSINESS MICE TRAVEL\" \/>\n<meta property=\"article:publisher\" content=\"https:\/\/www.facebook.com\/JulesVerneBusinessMiceTravel\/\" \/>\n<meta property=\"article:published_time\" content=\"2017-04-19T07:27:23+00:00\" \/>\n<meta property=\"article:modified_time\" content=\"2021-09-13T08:53:38+00:00\" \/>\n<meta property=\"og:image\" content=\"https:\/\/julesverne.com.tr\/wp-content\/uploads\/2020\/09\/bocelli_konser.PNG\" \/>\n\t<meta property=\"og:image:width\" content=\"800\" \/>\n\t<meta property=\"og:image:height\" content=\"534\" \/>\n\t<meta property=\"og:image:type\" content=\"image\/png\" \/>\n<meta name=\"author\" content=\"fikirman\" \/>\n<meta name=\"twitter:card\" content=\"summary_large_image\" \/>\n<meta name=\"twitter:creator\" content=\"@JV_BusinessMice\" \/>\n<meta name=\"twitter:site\" content=\"@JV_BusinessMice\" \/>\n<meta name=\"twitter:label1\" content=\"Written by\" \/>\n\t<meta name=\"twitter:data1\" content=\"fikirman\" \/>\n\t<meta name=\"twitter:label2\" content=\"Est. reading time\" \/>\n\t<meta name=\"twitter:data2\" content=\"2 minutes\" \/>\n<script type=\"application\/ld+json\" class=\"yoast-schema-graph\">{\"@context\":\"https:\/\/schema.org\",\"@graph\":[{\"@type\":\"Article\",\"@id\":\"https:\/\/julesverne.com.tr\/travel-blog\/dunyaca-unlu-tenor-andrea-bocelliyi-dogdugu-kasabada-izleyin\/#article\",\"isPartOf\":{\"@id\":\"https:\/\/julesverne.com.tr\/travel-blog\/dunyaca-unlu-tenor-andrea-bocelliyi-dogdugu-kasabada-izleyin\/\"},\"author\":{\"name\":\"fikirman\",\"@id\":\"https:\/\/julesverne.com.tr\/#\/schema\/person\/f4eb0514ae455538644c31b99a466fdb\"},\"headline\":\"D\u00fcnyaca \u00fcnl\u00fc tenor Andrea Bocelli&#8217;yi do\u011fdu\u011fu kasabada izleyin!\",\"datePublished\":\"2017-04-19T07:27:23+00:00\",\"dateModified\":\"2021-09-13T08:53:38+00:00\",\"mainEntityOfPage\":{\"@id\":\"https:\/\/julesverne.com.tr\/travel-blog\/dunyaca-unlu-tenor-andrea-bocelliyi-dogdugu-kasabada-izleyin\/\"},\"wordCount\":399,\"publisher\":{\"@id\":\"https:\/\/julesverne.com.tr\/#organization\"},\"image\":{\"@id\":\"https:\/\/julesverne.com.tr\/travel-blog\/dunyaca-unlu-tenor-andrea-bocelliyi-dogdugu-kasabada-izleyin\/#primaryimage\"},\"thumbnailUrl\":\"https:\/\/julesverne.com.tr\/wp-content\/uploads\/2020\/09\/bocelli_konser.PNG\",\"articleSection\":[\"Blog\",\"Nereye Gitsek?\"],\"inLanguage\":\"en-US\"},{\"@type\":\"WebPage\",\"@id\":\"https:\/\/julesverne.com.tr\/travel-blog\/dunyaca-unlu-tenor-andrea-bocelliyi-dogdugu-kasabada-izleyin\/\",\"url\":\"https:\/\/julesverne.com.tr\/travel-blog\/dunyaca-unlu-tenor-andrea-bocelliyi-dogdugu-kasabada-izleyin\/\",\"name\":\"D\u00fcnyaca \u00fcnl\u00fc tenor Andrea Bocelli'yi do\u011fdu\u011fu kasabada izleyin! - JULES VERNE BUSINESS MICE TRAVEL\",\"isPartOf\":{\"@id\":\"https:\/\/julesverne.com.tr\/#website\"},\"primaryImageOfPage\":{\"@id\":\"https:\/\/julesverne.com.tr\/travel-blog\/dunyaca-unlu-tenor-andrea-bocelliyi-dogdugu-kasabada-izleyin\/#primaryimage\"},\"image\":{\"@id\":\"https:\/\/julesverne.com.tr\/travel-blog\/dunyaca-unlu-tenor-andrea-bocelliyi-dogdugu-kasabada-izleyin\/#primaryimage\"},\"thumbnailUrl\":\"https:\/\/julesverne.com.tr\/wp-content\/uploads\/2020\/09\/bocelli_konser.PNG\",\"datePublished\":\"2017-04-19T07:27:23+00:00\",\"dateModified\":\"2021-09-13T08:53:38+00:00\",\"breadcrumb\":{\"@id\":\"https:\/\/julesverne.com.tr\/travel-blog\/dunyaca-unlu-tenor-andrea-bocelliyi-dogdugu-kasabada-izleyin\/#breadcrumb\"},\"inLanguage\":\"en-US\",\"potentialAction\":[{\"@type\":\"ReadAction\",\"target\":[\"https:\/\/julesverne.com.tr\/travel-blog\/dunyaca-unlu-tenor-andrea-bocelliyi-dogdugu-kasabada-izleyin\/\"]}]},{\"@type\":\"ImageObject\",\"inLanguage\":\"en-US\",\"@id\":\"https:\/\/julesverne.com.tr\/travel-blog\/dunyaca-unlu-tenor-andrea-bocelliyi-dogdugu-kasabada-izleyin\/#primaryimage\",\"url\":\"https:\/\/julesverne.com.tr\/wp-content\/uploads\/2020\/09\/bocelli_konser.PNG\",\"contentUrl\":\"https:\/\/julesverne.com.tr\/wp-content\/uploads\/2020\/09\/bocelli_konser.PNG\",\"width\":800,\"height\":534},{\"@type\":\"BreadcrumbList\",\"@id\":\"https:\/\/julesverne.com.tr\/travel-blog\/dunyaca-unlu-tenor-andrea-bocelliyi-dogdugu-kasabada-izleyin\/#breadcrumb\",\"itemListElement\":[{\"@type\":\"ListItem\",\"position\":1,\"name\":\"Anasayfa\",\"item\":\"https:\/\/julesverne.com.tr\/\"},{\"@type\":\"ListItem\",\"position\":2,\"name\":\"D\u00fcnyaca \u00fcnl\u00fc tenor Andrea Bocelli&#8217;yi do\u011fdu\u011fu kasabada izleyin!\"}]},{\"@type\":\"WebSite\",\"@id\":\"https:\/\/julesverne.com.tr\/#website\",\"url\":\"https:\/\/julesverne.com.tr\/\",\"name\":\"JULES VERNE BUSINESS MICE TRAVEL\",\"description\":\"\",\"publisher\":{\"@id\":\"https:\/\/julesverne.com.tr\/#organization\"},\"potentialAction\":[{\"@type\":\"SearchAction\",\"target\":{\"@type\":\"EntryPoint\",\"urlTemplate\":\"https:\/\/julesverne.com.tr\/?s={search_term_string}\"},\"query-input\":\"required name=search_term_string\"}],\"inLanguage\":\"en-US\"},{\"@type\":\"Organization\",\"@id\":\"https:\/\/julesverne.com.tr\/#organization\",\"name\":\"JULES VERNE BUSINESS MICE TRAVEL\",\"url\":\"https:\/\/julesverne.com.tr\/\",\"logo\":{\"@type\":\"ImageObject\",\"inLanguage\":\"en-US\",\"@id\":\"https:\/\/julesverne.com.tr\/#\/schema\/logo\/image\/\",\"url\":\"https:\/\/julesverne.com.tr\/wp-content\/uploads\/2020\/09\/jv-bmt-logo.png\",\"contentUrl\":\"https:\/\/julesverne.com.tr\/wp-content\/uploads\/2020\/09\/jv-bmt-logo.png\",\"width\":110,\"height\":81,\"caption\":\"JULES VERNE BUSINESS MICE TRAVEL\"},\"image\":{\"@id\":\"https:\/\/julesverne.com.tr\/#\/schema\/logo\/image\/\"},\"sameAs\":[\"https:\/\/www.facebook.com\/JulesVerneBusinessMiceTravel\/\",\"https:\/\/twitter.com\/JV_BusinessMice\",\"https:\/\/www.instagram.com\/julesvernebusinessmicetravel\/\",\"https:\/\/www.linkedin.com\/company\/julesvernebusinessmicetravel\/\",\"https:\/\/www.youtube.com\/channel\/UCAwdsmbZ6tFhu1tea6pkpiw\"]},{\"@type\":\"Person\",\"@id\":\"https:\/\/julesverne.com.tr\/#\/schema\/person\/f4eb0514ae455538644c31b99a466fdb\",\"name\":\"fikirman\",\"sameAs\":[\"http:\/\/advermedya.net\/julesverne\"],\"url\":\"https:\/\/julesverne.com.tr\/en\/author\/fikirman\/\"}]}<\/script>\n<!-- \/ Yoast SEO plugin. -->","yoast_head_json":{"title":"D\u00fcnyaca \u00fcnl\u00fc tenor Andrea Bocelli'yi do\u011fdu\u011fu kasabada izleyin! - JULES VERNE BUSINESS MICE TRAVEL","robots":{"index":"index","follow":"follow","max-snippet":"max-snippet:-1","max-image-preview":"max-image-preview:large","max-video-preview":"max-video-preview:-1"},"canonical":"https:\/\/julesverne.com.tr\/travel-blog\/dunyaca-unlu-tenor-andrea-bocelliyi-dogdugu-kasabada-izleyin\/","og_locale":"en_US","og_type":"article","og_title":"D\u00fcnyaca \u00fcnl\u00fc tenor Andrea Bocelli'yi do\u011fdu\u011fu kasabada izleyin! - JULES VERNE BUSINESS MICE TRAVEL","og_description":"T&uuml;m konserlerinde biletleri aylar &ouml;ncesinden t&uuml;kenen Andrea Bocelli bu sene de Toskana'da do\u011fdu\u011fu kasabada m&uuml;zik severleri b&uuml;y&uuml;lemeye haz\u0131rlan\u0131yor. 3 A\u011fustos ak\u015fam\u0131 Teatro del Silenzio&rsquo;da m&uuml;zikseverlerle bulu\u015facak olan Bocelli yine iddial\u0131 bir repertuarla kar\u015f\u0131n\u0131zda olacak.","og_url":"https:\/\/julesverne.com.tr\/travel-blog\/dunyaca-unlu-tenor-andrea-bocelliyi-dogdugu-kasabada-izleyin\/","og_site_name":"JULES VERNE BUSINESS MICE TRAVEL","article_publisher":"https:\/\/www.facebook.com\/JulesVerneBusinessMiceTravel\/","article_published_time":"2017-04-19T07:27:23+00:00","article_modified_time":"2021-09-13T08:53:38+00:00","og_image":[{"width":800,"height":534,"url":"https:\/\/julesverne.com.tr\/wp-content\/uploads\/2020\/09\/bocelli_konser.PNG","type":"image\/png"}],"author":"fikirman","twitter_card":"summary_large_image","twitter_creator":"@JV_BusinessMice","twitter_site":"@JV_BusinessMice","twitter_misc":{"Written by":"fikirman","Est. reading time":"2 minutes"},"schema":{"@context":"https:\/\/schema.org","@graph":[{"@type":"Article","@id":"https:\/\/julesverne.com.tr\/travel-blog\/dunyaca-unlu-tenor-andrea-bocelliyi-dogdugu-kasabada-izleyin\/#article","isPartOf":{"@id":"https:\/\/julesverne.com.tr\/travel-blog\/dunyaca-unlu-tenor-andrea-bocelliyi-dogdugu-kasabada-izleyin\/"},"author":{"name":"fikirman","@id":"https:\/\/julesverne.com.tr\/#\/schema\/person\/f4eb0514ae455538644c31b99a466fdb"},"headline":"D\u00fcnyaca \u00fcnl\u00fc tenor Andrea Bocelli&#8217;yi do\u011fdu\u011fu kasabada izleyin!","datePublished":"2017-04-19T07:27:23+00:00","dateModified":"2021-09-13T08:53:38+00:00","mainEntityOfPage":{"@id":"https:\/\/julesverne.com.tr\/travel-blog\/dunyaca-unlu-tenor-andrea-bocelliyi-dogdugu-kasabada-izleyin\/"},"wordCount":399,"publisher":{"@id":"https:\/\/julesverne.com.tr\/#organization"},"image":{"@id":"https:\/\/julesverne.com.tr\/travel-blog\/dunyaca-unlu-tenor-andrea-bocelliyi-dogdugu-kasabada-izleyin\/#primaryimage"},"thumbnailUrl":"https:\/\/julesverne.com.tr\/wp-content\/uploads\/2020\/09\/bocelli_konser.PNG","articleSection":["Blog","Nereye Gitsek?"],"inLanguage":"en-US"},{"@type":"WebPage","@id":"https:\/\/julesverne.com.tr\/travel-blog\/dunyaca-unlu-tenor-andrea-bocelliyi-dogdugu-kasabada-izleyin\/","url":"https:\/\/julesverne.com.tr\/travel-blog\/dunyaca-unlu-tenor-andrea-bocelliyi-dogdugu-kasabada-izleyin\/","name":"D\u00fcnyaca \u00fcnl\u00fc tenor Andrea Bocelli'yi do\u011fdu\u011fu kasabada izleyin! - JULES VERNE BUSINESS MICE TRAVEL","isPartOf":{"@id":"https:\/\/julesverne.com.tr\/#website"},"primaryImageOfPage":{"@id":"https:\/\/julesverne.com.tr\/travel-blog\/dunyaca-unlu-tenor-andrea-bocelliyi-dogdugu-kasabada-izleyin\/#primaryimage"},"image":{"@id":"https:\/\/julesverne.com.tr\/travel-blog\/dunyaca-unlu-tenor-andrea-bocelliyi-dogdugu-kasabada-izleyin\/#primaryimage"},"thumbnailUrl":"https:\/\/julesverne.com.tr\/wp-content\/uploads\/2020\/09\/bocelli_konser.PNG","datePublished":"2017-04-19T07:27:23+00:00","dateModified":"2021-09-13T08:53:38+00:00","breadcrumb":{"@id":"https:\/\/julesverne.com.tr\/travel-blog\/dunyaca-unlu-tenor-andrea-bocelliyi-dogdugu-kasabada-izleyin\/#breadcrumb"},"inLanguage":"en-US","potentialAction":[{"@type":"ReadAction","target":["https:\/\/julesverne.com.tr\/travel-blog\/dunyaca-unlu-tenor-andrea-bocelliyi-dogdugu-kasabada-izleyin\/"]}]},{"@type":"ImageObject","inLanguage":"en-US","@id":"https:\/\/julesverne.com.tr\/travel-blog\/dunyaca-unlu-tenor-andrea-bocelliyi-dogdugu-kasabada-izleyin\/#primaryimage","url":"https:\/\/julesverne.com.tr\/wp-content\/uploads\/2020\/09\/bocelli_konser.PNG","contentUrl":"https:\/\/julesverne.com.tr\/wp-content\/uploads\/2020\/09\/bocelli_konser.PNG","width":800,"height":534},{"@type":"BreadcrumbList","@id":"https:\/\/julesverne.com.tr\/travel-blog\/dunyaca-unlu-tenor-andrea-bocelliyi-dogdugu-kasabada-izleyin\/#breadcrumb","itemListElement":[{"@type":"ListItem","position":1,"name":"Anasayfa","item":"https:\/\/julesverne.com.tr\/"},{"@type":"ListItem","position":2,"name":"D\u00fcnyaca \u00fcnl\u00fc tenor Andrea Bocelli&#8217;yi do\u011fdu\u011fu kasabada izleyin!"}]},{"@type":"WebSite","@id":"https:\/\/julesverne.com.tr\/#website","url":"https:\/\/julesverne.com.tr\/","name":"JULES VERNE BUSINESS MICE TRAVEL","description":"","publisher":{"@id":"https:\/\/julesverne.com.tr\/#organization"},"potentialAction":[{"@type":"SearchAction","target":{"@type":"EntryPoint","urlTemplate":"https:\/\/julesverne.com.tr\/?s={search_term_string}"},"query-input":"required name=search_term_string"}],"inLanguage":"en-US"},{"@type":"Organization","@id":"https:\/\/julesverne.com.tr\/#organization","name":"JULES VERNE BUSINESS MICE TRAVEL","url":"https:\/\/julesverne.com.tr\/","logo":{"@type":"ImageObject","inLanguage":"en-US","@id":"https:\/\/julesverne.com.tr\/#\/schema\/logo\/image\/","url":"https:\/\/julesverne.com.tr\/wp-content\/uploads\/2020\/09\/jv-bmt-logo.png","contentUrl":"https:\/\/julesverne.com.tr\/wp-content\/uploads\/2020\/09\/jv-bmt-logo.png","width":110,"height":81,"caption":"JULES VERNE BUSINESS MICE TRAVEL"},"image":{"@id":"https:\/\/julesverne.com.tr\/#\/schema\/logo\/image\/"},"sameAs":["https:\/\/www.facebook.com\/JulesVerneBusinessMiceTravel\/","https:\/\/twitter.com\/JV_BusinessMice","https:\/\/www.instagram.com\/julesvernebusinessmicetravel\/","https:\/\/www.linkedin.com\/company\/julesvernebusinessmicetravel\/","https:\/\/www.youtube.com\/channel\/UCAwdsmbZ6tFhu1tea6pkpiw"]},{"@type":"Person","@id":"https:\/\/julesverne.com.tr\/#\/schema\/person\/f4eb0514ae455538644c31b99a466fdb","name":"fikirman","sameAs":["http:\/\/advermedya.net\/julesverne"],"url":"https:\/\/julesverne.com.tr\/en\/author\/fikirman\/"}]}},"_links":{"self":[{"href":"https:\/\/julesverne.com.tr\/en\/wp-json\/wp\/v2\/posts\/1721"}],"collection":[{"href":"https:\/\/julesverne.com.tr\/en\/wp-json\/wp\/v2\/posts"}],"about":[{"href":"https:\/\/julesverne.com.tr\/en\/wp-json\/wp\/v2\/types\/post"}],"author":[{"embeddable":true,"href":"https:\/\/julesverne.com.tr\/en\/wp-json\/wp\/v2\/users\/1"}],"replies":[{"embeddable":true,"href":"https:\/\/julesverne.com.tr\/en\/wp-json\/wp\/v2\/comments?post=1721"}],"version-history":[{"count":0,"href":"https:\/\/julesverne.com.tr\/en\/wp-json\/wp\/v2\/posts\/1721\/revisions"}],"wp:featuredmedia":[{"embeddable":true,"href":"https:\/\/julesverne.com.tr\/en\/wp-json\/wp\/v2\/media\/1722"}],"wp:attachment":[{"href":"https:\/\/julesverne.com.tr\/en\/wp-json\/wp\/v2\/media?parent=1721"}],"wp:term":[{"taxonomy":"category","embeddable":true,"href":"https:\/\/julesverne.com.tr\/en\/wp-json\/wp\/v2\/categories?post=1721"},{"taxonomy":"post_tag","embeddable":true,"href":"https:\/\/julesverne.com.tr\/en\/wp-json\/wp\/v2\/tags?post=1721"}],"curies":[{"name":"wp","href":"https:\/\/api.w.org\/{rel}","templated":true}]}}