{"id":17204,"date":"2024-05-08T09:58:02","date_gmt":"2024-05-08T06:58:02","guid":{"rendered":"https:\/\/julesverne.com.tr\/?p=17204"},"modified":"2024-05-08T13:04:51","modified_gmt":"2024-05-08T10:04:51","slug":"kultur-ve-sanatin-bulusma-noktasi-6-uluslararasi-mardin-bienali","status":"publish","type":"post","link":"https:\/\/julesverne.com.tr\/en\/travel-blog\/kultur-ve-sanatin-bulusma-noktasi-6-uluslararasi-mardin-bienali\/","title":{"rendered":"(TR) K\u00fclt\u00fcr ve Sanat\u0131n Bulu\u015fma Noktas\u0131: 6. Uluslararas\u0131 Mardin Bienali"},"content":{"rendered":"<p class=\"qtranxs-available-languages-message qtranxs-available-languages-message-en\">Sorry, this entry is only available in <a href=\"https:\/\/julesverne.com.tr\/tr\/wp-json\/wp\/v2\/posts\/17204\" class=\"qtranxs-available-language-link qtranxs-available-language-link-tr\" title=\"TR\">Turkish<\/a>.<\/p>","protected":false},"excerpt":{"rendered":"<p>Sorry, this entry is only available in Turkish.<\/p>\n","protected":false},"author":10,"featured_media":16763,"comment_status":"closed","ping_status":"closed","sticky":false,"template":"","format":"standard","meta":{"inline_featured_image":false,"footnotes":""},"categories":[1],"tags":[306,245],"acf":[],"yoast_head":"<!-- This site is optimized with the Yoast SEO plugin v22.3 - https:\/\/yoast.com\/wordpress\/plugins\/seo\/ -->\n<title><\/title>\n<meta name=\"description\" content=\"Kuzey Mezopotamya\u2019da u\u00e7suz bucaks\u0131z uzanan El Cezire d\u00fczl\u00fcklerine bakan zarif ve etkileyici ta\u015f \u015fehir bu sene \u201cDaha Uzaklara\u201d bakt\u0131\u011f\u0131 6. Uluslararas\u0131 Mardin Bienali ile sanatseverleri 20 \u2013 26 May\u0131s 2024 tarifleri aras\u0131nda keyifli bir sanat rotas\u0131 e\u015fli\u011finde Mezopotamya\u2019n\u0131n ruhunu hissetmeye \u00e7a\u011f\u0131r\u0131yor.\" \/>\n<meta name=\"robots\" content=\"index, follow, max-snippet:-1, max-image-preview:large, max-video-preview:-1\" \/>\n<link rel=\"canonical\" href=\"https:\/\/julesverne.com.tr\/travel-blog\/kultur-ve-sanatin-bulusma-noktasi-6-uluslararasi-mardin-bienali\/\" \/>\n<meta property=\"og:locale\" content=\"en_US\" \/>\n<meta property=\"og:type\" content=\"article\" \/>\n<meta property=\"og:title\" content=\"[:tr]K\u00fclt\u00fcr ve Sanat\u0131n Bulu\u015fma Noktas\u0131: 6. Uluslararas\u0131 Mardin Bienali[:] - JULES VERNE BUSINESS MICE TRAVEL\" \/>\n<meta property=\"og:description\" content=\"Kuzey Mezopotamya\u2019da u\u00e7suz bucaks\u0131z uzanan El Cezire d\u00fczl\u00fcklerine bakan zarif ve etkileyici ta\u015f \u015fehir bu sene \u201cDaha Uzaklara\u201d bakt\u0131\u011f\u0131 6. Uluslararas\u0131 Mardin Bienali ile sanatseverleri 20 \u2013 26 May\u0131s 2024 tarifleri aras\u0131nda keyifli bir sanat rotas\u0131 e\u015fli\u011finde Mezopotamya\u2019n\u0131n ruhunu hissetmeye \u00e7a\u011f\u0131r\u0131yor.\" \/>\n<meta property=\"og:url\" content=\"https:\/\/julesverne.com.tr\/travel-blog\/kultur-ve-sanatin-bulusma-noktasi-6-uluslararasi-mardin-bienali\/\" \/>\n<meta property=\"og:site_name\" content=\"JULES VERNE BUSINESS MICE TRAVEL\" \/>\n<meta property=\"article:publisher\" content=\"https:\/\/www.facebook.com\/JulesVerneBusinessMiceTravel\/\" \/>\n<meta property=\"article:published_time\" content=\"2024-05-08T06:58:02+00:00\" \/>\n<meta property=\"article:modified_time\" content=\"2024-05-08T10:04:51+00:00\" \/>\n<meta property=\"og:image\" content=\"https:\/\/julesverne.com.tr\/wp-content\/uploads\/2024\/02\/mardin.jpg\" \/>\n\t<meta property=\"og:image:width\" content=\"1200\" \/>\n\t<meta property=\"og:image:height\" content=\"800\" \/>\n\t<meta property=\"og:image:type\" content=\"image\/jpeg\" \/>\n<meta name=\"author\" content=\"Ebru Alt\u0131n\" \/>\n<meta name=\"twitter:card\" content=\"summary_large_image\" \/>\n<meta name=\"twitter:creator\" content=\"@JV_BusinessMice\" \/>\n<meta name=\"twitter:site\" content=\"@JV_BusinessMice\" \/>\n<meta name=\"twitter:label1\" content=\"Written by\" \/>\n\t<meta name=\"twitter:data1\" content=\"Ebru Alt\u0131n\" \/>\n\t<meta name=\"twitter:label2\" content=\"Est. reading time\" \/>\n\t<meta name=\"twitter:data2\" content=\"4 minutes\" \/>\n<script type=\"application\/ld+json\" class=\"yoast-schema-graph\">{\"@context\":\"https:\/\/schema.org\",\"@graph\":[{\"@type\":\"Article\",\"@id\":\"https:\/\/julesverne.com.tr\/travel-blog\/kultur-ve-sanatin-bulusma-noktasi-6-uluslararasi-mardin-bienali\/#article\",\"isPartOf\":{\"@id\":\"https:\/\/julesverne.com.tr\/travel-blog\/kultur-ve-sanatin-bulusma-noktasi-6-uluslararasi-mardin-bienali\/\"},\"author\":{\"name\":\"Ebru Alt\u0131n\",\"@id\":\"https:\/\/julesverne.com.tr\/#\/schema\/person\/219931edfe2e7d9cbbcbabb8a7e4c7f4\"},\"headline\":\"(TR) K\u00fclt\u00fcr ve Sanat\u0131n Bulu\u015fma Noktas\u0131: 6. Uluslararas\u0131 Mardin Bienali\",\"datePublished\":\"2024-05-08T06:58:02+00:00\",\"dateModified\":\"2024-05-08T10:04:51+00:00\",\"mainEntityOfPage\":{\"@id\":\"https:\/\/julesverne.com.tr\/travel-blog\/kultur-ve-sanatin-bulusma-noktasi-6-uluslararasi-mardin-bienali\/\"},\"wordCount\":592,\"publisher\":{\"@id\":\"https:\/\/julesverne.com.tr\/#organization\"},\"image\":{\"@id\":\"https:\/\/julesverne.com.tr\/travel-blog\/kultur-ve-sanatin-bulusma-noktasi-6-uluslararasi-mardin-bienali\/#primaryimage\"},\"thumbnailUrl\":\"https:\/\/julesverne.com.tr\/wp-content\/uploads\/2024\/02\/mardin.jpg\",\"keywords\":[\"Mardin Bienali\",\"Seyahat Blog\"],\"articleSection\":[\"Blog\"],\"inLanguage\":\"en-US\"},{\"@type\":\"WebPage\",\"@id\":\"https:\/\/julesverne.com.tr\/travel-blog\/kultur-ve-sanatin-bulusma-noktasi-6-uluslararasi-mardin-bienali\/\",\"url\":\"https:\/\/julesverne.com.tr\/travel-blog\/kultur-ve-sanatin-bulusma-noktasi-6-uluslararasi-mardin-bienali\/\",\"name\":\"[:tr]K\u00fclt\u00fcr ve Sanat\u0131n Bulu\u015fma Noktas\u0131: 6. Uluslararas\u0131 Mardin Bienali[:] - JULES VERNE BUSINESS MICE TRAVEL\",\"isPartOf\":{\"@id\":\"https:\/\/julesverne.com.tr\/#website\"},\"primaryImageOfPage\":{\"@id\":\"https:\/\/julesverne.com.tr\/travel-blog\/kultur-ve-sanatin-bulusma-noktasi-6-uluslararasi-mardin-bienali\/#primaryimage\"},\"image\":{\"@id\":\"https:\/\/julesverne.com.tr\/travel-blog\/kultur-ve-sanatin-bulusma-noktasi-6-uluslararasi-mardin-bienali\/#primaryimage\"},\"thumbnailUrl\":\"https:\/\/julesverne.com.tr\/wp-content\/uploads\/2024\/02\/mardin.jpg\",\"datePublished\":\"2024-05-08T06:58:02+00:00\",\"dateModified\":\"2024-05-08T10:04:51+00:00\",\"description\":\"Kuzey Mezopotamya\u2019da u\u00e7suz bucaks\u0131z uzanan El Cezire d\u00fczl\u00fcklerine bakan zarif ve etkileyici ta\u015f \u015fehir bu sene \u201cDaha Uzaklara\u201d bakt\u0131\u011f\u0131 6. Uluslararas\u0131 Mardin Bienali ile sanatseverleri 20 \u2013 26 May\u0131s 2024 tarifleri aras\u0131nda keyifli bir sanat rotas\u0131 e\u015fli\u011finde Mezopotamya\u2019n\u0131n ruhunu hissetmeye \u00e7a\u011f\u0131r\u0131yor.\",\"breadcrumb\":{\"@id\":\"https:\/\/julesverne.com.tr\/travel-blog\/kultur-ve-sanatin-bulusma-noktasi-6-uluslararasi-mardin-bienali\/#breadcrumb\"},\"inLanguage\":\"en-US\",\"potentialAction\":[{\"@type\":\"ReadAction\",\"target\":[\"https:\/\/julesverne.com.tr\/travel-blog\/kultur-ve-sanatin-bulusma-noktasi-6-uluslararasi-mardin-bienali\/\"]}]},{\"@type\":\"ImageObject\",\"inLanguage\":\"en-US\",\"@id\":\"https:\/\/julesverne.com.tr\/travel-blog\/kultur-ve-sanatin-bulusma-noktasi-6-uluslararasi-mardin-bienali\/#primaryimage\",\"url\":\"https:\/\/julesverne.com.tr\/wp-content\/uploads\/2024\/02\/mardin.jpg\",\"contentUrl\":\"https:\/\/julesverne.com.tr\/wp-content\/uploads\/2024\/02\/mardin.jpg\",\"width\":1200,\"height\":800},{\"@type\":\"BreadcrumbList\",\"@id\":\"https:\/\/julesverne.com.tr\/travel-blog\/kultur-ve-sanatin-bulusma-noktasi-6-uluslararasi-mardin-bienali\/#breadcrumb\",\"itemListElement\":[{\"@type\":\"ListItem\",\"position\":1,\"name\":\"Anasayfa\",\"item\":\"https:\/\/julesverne.com.tr\/\"},{\"@type\":\"ListItem\",\"position\":2,\"name\":\"K\u00fclt\u00fcr ve Sanat\u0131n Bulu\u015fma Noktas\u0131: 6. Uluslararas\u0131 Mardin Bienali\"}]},{\"@type\":\"WebSite\",\"@id\":\"https:\/\/julesverne.com.tr\/#website\",\"url\":\"https:\/\/julesverne.com.tr\/\",\"name\":\"JULES VERNE BUSINESS MICE TRAVEL\",\"description\":\"\",\"publisher\":{\"@id\":\"https:\/\/julesverne.com.tr\/#organization\"},\"potentialAction\":[{\"@type\":\"SearchAction\",\"target\":{\"@type\":\"EntryPoint\",\"urlTemplate\":\"https:\/\/julesverne.com.tr\/?s={search_term_string}\"},\"query-input\":\"required name=search_term_string\"}],\"inLanguage\":\"en-US\"},{\"@type\":\"Organization\",\"@id\":\"https:\/\/julesverne.com.tr\/#organization\",\"name\":\"JULES VERNE BUSINESS MICE TRAVEL\",\"url\":\"https:\/\/julesverne.com.tr\/\",\"logo\":{\"@type\":\"ImageObject\",\"inLanguage\":\"en-US\",\"@id\":\"https:\/\/julesverne.com.tr\/#\/schema\/logo\/image\/\",\"url\":\"https:\/\/julesverne.com.tr\/wp-content\/uploads\/2020\/09\/jv-bmt-logo.png\",\"contentUrl\":\"https:\/\/julesverne.com.tr\/wp-content\/uploads\/2020\/09\/jv-bmt-logo.png\",\"width\":110,\"height\":81,\"caption\":\"JULES VERNE BUSINESS MICE TRAVEL\"},\"image\":{\"@id\":\"https:\/\/julesverne.com.tr\/#\/schema\/logo\/image\/\"},\"sameAs\":[\"https:\/\/www.facebook.com\/JulesVerneBusinessMiceTravel\/\",\"https:\/\/twitter.com\/JV_BusinessMice\",\"https:\/\/www.instagram.com\/julesvernebusinessmicetravel\/\",\"https:\/\/www.linkedin.com\/company\/julesvernebusinessmicetravel\/\",\"https:\/\/www.youtube.com\/channel\/UCAwdsmbZ6tFhu1tea6pkpiw\"]},{\"@type\":\"Person\",\"@id\":\"https:\/\/julesverne.com.tr\/#\/schema\/person\/219931edfe2e7d9cbbcbabb8a7e4c7f4\",\"name\":\"Ebru Alt\u0131n\",\"url\":\"https:\/\/julesverne.com.tr\/en\/author\/ebru-altin\/\"}]}<\/script>\n<!-- \/ Yoast SEO plugin. -->","yoast_head_json":{"title":"[:tr]K\u00fclt\u00fcr ve Sanat\u0131n Bulu\u015fma Noktas\u0131: 6. Uluslararas\u0131 Mardin Bienali[:] - JULES VERNE BUSINESS MICE TRAVEL","description":"Kuzey Mezopotamya\u2019da u\u00e7suz bucaks\u0131z uzanan El Cezire d\u00fczl\u00fcklerine bakan zarif ve etkileyici ta\u015f \u015fehir bu sene \u201cDaha Uzaklara\u201d bakt\u0131\u011f\u0131 6. Uluslararas\u0131 Mardin Bienali ile sanatseverleri 20 \u2013 26 May\u0131s 2024 tarifleri aras\u0131nda keyifli bir sanat rotas\u0131 e\u015fli\u011finde Mezopotamya\u2019n\u0131n ruhunu hissetmeye \u00e7a\u011f\u0131r\u0131yor.","robots":{"index":"index","follow":"follow","max-snippet":"max-snippet:-1","max-image-preview":"max-image-preview:large","max-video-preview":"max-video-preview:-1"},"canonical":"https:\/\/julesverne.com.tr\/travel-blog\/kultur-ve-sanatin-bulusma-noktasi-6-uluslararasi-mardin-bienali\/","og_locale":"en_US","og_type":"article","og_title":"[:tr]K\u00fclt\u00fcr ve Sanat\u0131n Bulu\u015fma Noktas\u0131: 6. Uluslararas\u0131 Mardin Bienali[:] - JULES VERNE BUSINESS MICE TRAVEL","og_description":"Kuzey Mezopotamya\u2019da u\u00e7suz bucaks\u0131z uzanan El Cezire d\u00fczl\u00fcklerine bakan zarif ve etkileyici ta\u015f \u015fehir bu sene \u201cDaha Uzaklara\u201d bakt\u0131\u011f\u0131 6. Uluslararas\u0131 Mardin Bienali ile sanatseverleri 20 \u2013 26 May\u0131s 2024 tarifleri aras\u0131nda keyifli bir sanat rotas\u0131 e\u015fli\u011finde Mezopotamya\u2019n\u0131n ruhunu hissetmeye \u00e7a\u011f\u0131r\u0131yor.","og_url":"https:\/\/julesverne.com.tr\/travel-blog\/kultur-ve-sanatin-bulusma-noktasi-6-uluslararasi-mardin-bienali\/","og_site_name":"JULES VERNE BUSINESS MICE TRAVEL","article_publisher":"https:\/\/www.facebook.com\/JulesVerneBusinessMiceTravel\/","article_published_time":"2024-05-08T06:58:02+00:00","article_modified_time":"2024-05-08T10:04:51+00:00","og_image":[{"width":1200,"height":800,"url":"https:\/\/julesverne.com.tr\/wp-content\/uploads\/2024\/02\/mardin.jpg","type":"image\/jpeg"}],"author":"Ebru Alt\u0131n","twitter_card":"summary_large_image","twitter_creator":"@JV_BusinessMice","twitter_site":"@JV_BusinessMice","twitter_misc":{"Written by":"Ebru Alt\u0131n","Est. reading time":"4 minutes"},"schema":{"@context":"https:\/\/schema.org","@graph":[{"@type":"Article","@id":"https:\/\/julesverne.com.tr\/travel-blog\/kultur-ve-sanatin-bulusma-noktasi-6-uluslararasi-mardin-bienali\/#article","isPartOf":{"@id":"https:\/\/julesverne.com.tr\/travel-blog\/kultur-ve-sanatin-bulusma-noktasi-6-uluslararasi-mardin-bienali\/"},"author":{"name":"Ebru Alt\u0131n","@id":"https:\/\/julesverne.com.tr\/#\/schema\/person\/219931edfe2e7d9cbbcbabb8a7e4c7f4"},"headline":"(TR) K\u00fclt\u00fcr ve Sanat\u0131n Bulu\u015fma Noktas\u0131: 6. Uluslararas\u0131 Mardin Bienali","datePublished":"2024-05-08T06:58:02+00:00","dateModified":"2024-05-08T10:04:51+00:00","mainEntityOfPage":{"@id":"https:\/\/julesverne.com.tr\/travel-blog\/kultur-ve-sanatin-bulusma-noktasi-6-uluslararasi-mardin-bienali\/"},"wordCount":592,"publisher":{"@id":"https:\/\/julesverne.com.tr\/#organization"},"image":{"@id":"https:\/\/julesverne.com.tr\/travel-blog\/kultur-ve-sanatin-bulusma-noktasi-6-uluslararasi-mardin-bienali\/#primaryimage"},"thumbnailUrl":"https:\/\/julesverne.com.tr\/wp-content\/uploads\/2024\/02\/mardin.jpg","keywords":["Mardin Bienali","Seyahat Blog"],"articleSection":["Blog"],"inLanguage":"en-US"},{"@type":"WebPage","@id":"https:\/\/julesverne.com.tr\/travel-blog\/kultur-ve-sanatin-bulusma-noktasi-6-uluslararasi-mardin-bienali\/","url":"https:\/\/julesverne.com.tr\/travel-blog\/kultur-ve-sanatin-bulusma-noktasi-6-uluslararasi-mardin-bienali\/","name":"[:tr]K\u00fclt\u00fcr ve Sanat\u0131n Bulu\u015fma Noktas\u0131: 6. Uluslararas\u0131 Mardin Bienali[:] - JULES VERNE BUSINESS MICE TRAVEL","isPartOf":{"@id":"https:\/\/julesverne.com.tr\/#website"},"primaryImageOfPage":{"@id":"https:\/\/julesverne.com.tr\/travel-blog\/kultur-ve-sanatin-bulusma-noktasi-6-uluslararasi-mardin-bienali\/#primaryimage"},"image":{"@id":"https:\/\/julesverne.com.tr\/travel-blog\/kultur-ve-sanatin-bulusma-noktasi-6-uluslararasi-mardin-bienali\/#primaryimage"},"thumbnailUrl":"https:\/\/julesverne.com.tr\/wp-content\/uploads\/2024\/02\/mardin.jpg","datePublished":"2024-05-08T06:58:02+00:00","dateModified":"2024-05-08T10:04:51+00:00","description":"Kuzey Mezopotamya\u2019da u\u00e7suz bucaks\u0131z uzanan El Cezire d\u00fczl\u00fcklerine bakan zarif ve etkileyici ta\u015f \u015fehir bu sene \u201cDaha Uzaklara\u201d bakt\u0131\u011f\u0131 6. Uluslararas\u0131 Mardin Bienali ile sanatseverleri 20 \u2013 26 May\u0131s 2024 tarifleri aras\u0131nda keyifli bir sanat rotas\u0131 e\u015fli\u011finde Mezopotamya\u2019n\u0131n ruhunu hissetmeye \u00e7a\u011f\u0131r\u0131yor.","breadcrumb":{"@id":"https:\/\/julesverne.com.tr\/travel-blog\/kultur-ve-sanatin-bulusma-noktasi-6-uluslararasi-mardin-bienali\/#breadcrumb"},"inLanguage":"en-US","potentialAction":[{"@type":"ReadAction","target":["https:\/\/julesverne.com.tr\/travel-blog\/kultur-ve-sanatin-bulusma-noktasi-6-uluslararasi-mardin-bienali\/"]}]},{"@type":"ImageObject","inLanguage":"en-US","@id":"https:\/\/julesverne.com.tr\/travel-blog\/kultur-ve-sanatin-bulusma-noktasi-6-uluslararasi-mardin-bienali\/#primaryimage","url":"https:\/\/julesverne.com.tr\/wp-content\/uploads\/2024\/02\/mardin.jpg","contentUrl":"https:\/\/julesverne.com.tr\/wp-content\/uploads\/2024\/02\/mardin.jpg","width":1200,"height":800},{"@type":"BreadcrumbList","@id":"https:\/\/julesverne.com.tr\/travel-blog\/kultur-ve-sanatin-bulusma-noktasi-6-uluslararasi-mardin-bienali\/#breadcrumb","itemListElement":[{"@type":"ListItem","position":1,"name":"Anasayfa","item":"https:\/\/julesverne.com.tr\/"},{"@type":"ListItem","position":2,"name":"K\u00fclt\u00fcr ve Sanat\u0131n Bulu\u015fma Noktas\u0131: 6. Uluslararas\u0131 Mardin Bienali"}]},{"@type":"WebSite","@id":"https:\/\/julesverne.com.tr\/#website","url":"https:\/\/julesverne.com.tr\/","name":"JULES VERNE BUSINESS MICE TRAVEL","description":"","publisher":{"@id":"https:\/\/julesverne.com.tr\/#organization"},"potentialAction":[{"@type":"SearchAction","target":{"@type":"EntryPoint","urlTemplate":"https:\/\/julesverne.com.tr\/?s={search_term_string}"},"query-input":"required name=search_term_string"}],"inLanguage":"en-US"},{"@type":"Organization","@id":"https:\/\/julesverne.com.tr\/#organization","name":"JULES VERNE BUSINESS MICE TRAVEL","url":"https:\/\/julesverne.com.tr\/","logo":{"@type":"ImageObject","inLanguage":"en-US","@id":"https:\/\/julesverne.com.tr\/#\/schema\/logo\/image\/","url":"https:\/\/julesverne.com.tr\/wp-content\/uploads\/2020\/09\/jv-bmt-logo.png","contentUrl":"https:\/\/julesverne.com.tr\/wp-content\/uploads\/2020\/09\/jv-bmt-logo.png","width":110,"height":81,"caption":"JULES VERNE BUSINESS MICE TRAVEL"},"image":{"@id":"https:\/\/julesverne.com.tr\/#\/schema\/logo\/image\/"},"sameAs":["https:\/\/www.facebook.com\/JulesVerneBusinessMiceTravel\/","https:\/\/twitter.com\/JV_BusinessMice","https:\/\/www.instagram.com\/julesvernebusinessmicetravel\/","https:\/\/www.linkedin.com\/company\/julesvernebusinessmicetravel\/","https:\/\/www.youtube.com\/channel\/UCAwdsmbZ6tFhu1tea6pkpiw"]},{"@type":"Person","@id":"https:\/\/julesverne.com.tr\/#\/schema\/person\/219931edfe2e7d9cbbcbabb8a7e4c7f4","name":"Ebru Alt\u0131n","url":"https:\/\/julesverne.com.tr\/en\/author\/ebru-altin\/"}]}},"_links":{"self":[{"href":"https:\/\/julesverne.com.tr\/en\/wp-json\/wp\/v2\/posts\/17204"}],"collection":[{"href":"https:\/\/julesverne.com.tr\/en\/wp-json\/wp\/v2\/posts"}],"about":[{"href":"https:\/\/julesverne.com.tr\/en\/wp-json\/wp\/v2\/types\/post"}],"author":[{"embeddable":true,"href":"https:\/\/julesverne.com.tr\/en\/wp-json\/wp\/v2\/users\/10"}],"replies":[{"embeddable":true,"href":"https:\/\/julesverne.com.tr\/en\/wp-json\/wp\/v2\/comments?post=17204"}],"version-history":[{"count":10,"href":"https:\/\/julesverne.com.tr\/en\/wp-json\/wp\/v2\/posts\/17204\/revisions"}],"predecessor-version":[{"id":17244,"href":"https:\/\/julesverne.com.tr\/en\/wp-json\/wp\/v2\/posts\/17204\/revisions\/17244"}],"wp:featuredmedia":[{"embeddable":true,"href":"https:\/\/julesverne.com.tr\/en\/wp-json\/wp\/v2\/media\/16763"}],"wp:attachment":[{"href":"https:\/\/julesverne.com.tr\/en\/wp-json\/wp\/v2\/media?parent=17204"}],"wp:term":[{"taxonomy":"category","embeddable":true,"href":"https:\/\/julesverne.com.tr\/en\/wp-json\/wp\/v2\/categories?post=17204"},{"taxonomy":"post_tag","embeddable":true,"href":"https:\/\/julesverne.com.tr\/en\/wp-json\/wp\/v2\/tags?post=17204"}],"curies":[{"name":"wp","href":"https:\/\/api.w.org\/{rel}","templated":true}]}}