{"id":1712,"date":"2017-04-12T15:15:16","date_gmt":"2017-04-12T12:15:16","guid":{"rendered":"https:\/\/www.julesverne.com.tr\/\/blog\/paramizi-en-cok-hangi-tur-alisveris-icin-harcamayi-seviyoruz\/"},"modified":"2021-09-13T11:55:19","modified_gmt":"2021-09-13T08:55:19","slug":"paramizi-en-cok-hangi-tur-alisveris-icin-harcamayi-seviyoruz","status":"publish","type":"post","link":"https:\/\/julesverne.com.tr\/en\/travel-blog\/paramizi-en-cok-hangi-tur-alisveris-icin-harcamayi-seviyoruz\/","title":{"rendered":"Param\u0131z\u0131 en \u00e7ok hangi t\u00fcr al\u0131\u015fveri\u015f i\u00e7in harcamay\u0131 seviyoruz?"},"content":{"rendered":"<h3><strong>T\u00fcrkiye\u2019de yakla\u015f\u0131k olarak her \u00fc\u00e7 ki\u015fiden biri biriktirdi\u011fi paray\u0131 seyahate \u00e7\u0131kmak i\u00e7in harc\u0131yor!<\/strong><\/h3>\n<p>Seyahat kar\u015f\u0131la\u015ft\u0131rma sitesi Momondo, 23 \u00fclkede ger\u00e7ekle\u015ftirdi\u011fi son ara\u015ft\u0131rmada \u00a0kat\u0131l\u0131mc\u0131lara <strong>\u201cParan\u0131z\u0131 en \u00e7ok hangi t\u00fcr al\u0131\u015fveri\u015f i\u00e7in harcamay\u0131 seviyorsunuz\u201d<\/strong> sorusunu y\u00f6neltti. T\u00fcrkiye\u2019nin iki alanda d\u00fcnya lideri oldu\u011fu ara\u015ft\u0131rman\u0131n en dikkat \u00e7ekici sonu\u00e7lar\u0131, ya\u015f, cinsiyet ve \u00fclke kar\u015f\u0131la\u015ft\u0131rmalar\u0131yla birlikte \u015f\u00f6yle:<\/p>\n<p><img loading=\"lazy\" decoding=\"async\" class=\"alignnone size-full wp-image-5889\" src=\"https:\/\/www.julesverne.com.tr\/\/wp-content\/uploads\/2020\/09\/travel.jpg\" alt=\"seyahat\" width=\"709\" height=\"415\" srcset=\"https:\/\/julesverne.com.tr\/wp-content\/uploads\/2020\/09\/travel.jpg 709w, https:\/\/julesverne.com.tr\/wp-content\/uploads\/2020\/09\/travel-500x293.jpg 500w\" sizes=\"(max-width: 709px) 100vw, 709px\" \/><\/p>\n<h4><strong>Paras\u0131n\u0131 seyahate ay\u0131ranlar\u0131n oran\u0131 y\u00fczde 29<\/strong><\/h4>\n<p>Ara\u015ft\u0131rmaya T\u00fcrkiye\u2019den kat\u0131lanlar\u0131n y\u00fczde 29\u2019u <strong>\u201cBiriktirdi\u011fim paray\u0131 yurt i\u00e7i ya da yurt d\u0131\u015f\u0131 seyahatlerim i\u00e7in harc\u0131yorum\u201d<\/strong> diyor. 56-65 ya\u015f grubunda oran y\u00fczde 39\u2019a kadar \u00e7\u0131karken, paras\u0131n\u0131 tatil i\u00e7in harcamay\u0131 en az 18-22 ya\u015f grubundakiler tercih ediyor. Verileri de\u011ferlendiren Momondo s\u00f6zc\u00fcs\u00fc Serpil \u00d6zt\u00fcrk \u201cAra\u015ft\u0131rmam\u0131z, T\u00fcrkiye\u2019de neredeyse her \u00fc\u00e7 ki\u015fiden birinin paras\u0131n\u0131 seyahat i\u00e7in harcamay\u0131 se\u00e7ti\u011fini g\u00f6steriyor. Bu oran ABD, Bel\u00e7ika, \u0130ngiltere, \u0130sve\u00e7, Kanada gibi \u00fclkelerdekinden daha y\u00fcksek. Ba\u015fka bir deyi\u015fle <strong>seyahate \u00e7\u0131kmay\u0131 d\u00fcnyada pek \u00e7ok \u00fclkeden daha \u00e7ok seviyoruz.<\/strong> Ancak seyahate bizden daha d\u00fc\u015fk\u00fcn \u00fclkeler de var; listenin ilk \u00fc\u00e7 s\u0131ras\u0131nda \u00c7inliler, \u0130talyanlar ve \u0130spanyollar var.<\/p>\n<p><img loading=\"lazy\" decoding=\"async\" class=\"alignnone size-full wp-image-5890\" src=\"https:\/\/www.julesverne.com.tr\/\/wp-content\/uploads\/2020\/09\/alisveris-kadinlar.jpg\" alt=\"giyim ku\u015fam al\u0131\u015fveri\u015fi\" width=\"670\" height=\"371\" srcset=\"https:\/\/julesverne.com.tr\/wp-content\/uploads\/2020\/09\/alisveris-kadinlar.jpg 670w, https:\/\/julesverne.com.tr\/wp-content\/uploads\/2020\/09\/alisveris-kadinlar-500x277.jpg 500w\" sizes=\"(max-width: 670px) 100vw, 670px\" \/><\/p>\n<h4><strong>Giyim, ku\u015fam ve aksesuar al\u0131\u015fveri\u015fini d\u00fcnyada en \u00e7ok biz seviyoruz!<\/strong><\/h4>\n<p>\u0130kinci s\u0131rada ise y\u00fczde 22\u2019yle giyim ku\u015fam ve aksesuar al\u0131\u015fveri\u015fi geliyor. Bu orana g\u00f6re T\u00fcrkiye, paras\u0131n\u0131 giyim ku\u015fama harcamay\u0131 en \u00e7ok seven \u00fclke konumunda. En yak\u0131n takip\u00e7ilerimiz ise Romanya, Hollanda ve Bel\u00e7ika. T\u00fcrkiye\u2019de yaln\u0131zca kad\u0131n kat\u0131l\u0131mc\u0131lar\u0131n yan\u0131tlar\u0131 g\u00f6z \u00f6n\u00fcne al\u0131nd\u0131\u011f\u0131nda oran y\u00fczde 28\u2019e \u00e7\u0131k\u0131yor. Di\u011fer yandan paras\u0131n\u0131 giyim i\u00e7in harcayanlar aras\u0131nda 18-22 ya\u015f grubu y\u00fczde 36\u2019yla a\u00e7\u0131k ara lider konumundayken, 56-65 ya\u015f grubu y\u00fczde 7\u2019yle son s\u0131rada.<\/p>\n<p><img loading=\"lazy\" decoding=\"async\" class=\"alignnone size-full wp-image-5891\" src=\"https:\/\/www.julesverne.com.tr\/\/wp-content\/uploads\/2020\/09\/teknoloji-alisveris.jpg\" alt=\"teknoloji al\u0131\u015fveri\u015fi\" width=\"628\" height=\"304\" srcset=\"https:\/\/julesverne.com.tr\/wp-content\/uploads\/2020\/09\/teknoloji-alisveris.jpg 628w, https:\/\/julesverne.com.tr\/wp-content\/uploads\/2020\/09\/teknoloji-alisveris-500x242.jpg 500w\" sizes=\"(max-width: 628px) 100vw, 628px\" \/><\/p>\n<h4><strong>Elektronik al\u0131\u015fveri\u015finde birincilik Finlandiya&#8217;n\u0131n!<\/strong><\/h4>\n<p>\u00dc\u00e7\u00fcnc\u00fc s\u0131rada y\u00fczde 12\u2019yle elektronik al\u0131\u015fveri\u015fi (bilgisayar, tablet, cep telefonu, televizyon vb. gibi) yer al\u0131yor. Erkekler \u00f6zelinde oran y\u00fczde 17\u2019ye \u00e7\u0131karken, elektronik al\u0131\u015fveri\u015fine en d\u00fc\u015fk\u00fcn grup y\u00fczde 20\u2019yle 18-22 ya\u015flar\u0131 aras\u0131ndakiler. Di\u011fer yandan paras\u0131n\u0131 elektroni\u011fe ay\u0131rmay\u0131 en \u00e7ok Finlandiyal\u0131lar tercih ediyor.<\/p>\n<p><img loading=\"lazy\" decoding=\"async\" class=\"alignnone size-full wp-image-5892\" src=\"https:\/\/www.julesverne.com.tr\/\/wp-content\/uploads\/2020\/09\/auto_gallery_large_4.jpg\" alt=\"otomobil al\u0131\u015fveri\u015fi\" width=\"1280\" height=\"687\" srcset=\"https:\/\/julesverne.com.tr\/wp-content\/uploads\/2020\/09\/auto_gallery_large_4.jpg 1280w, https:\/\/julesverne.com.tr\/wp-content\/uploads\/2020\/09\/auto_gallery_large_4-500x268.jpg 500w, https:\/\/julesverne.com.tr\/wp-content\/uploads\/2020\/09\/auto_gallery_large_4-768x412.jpg 768w\" sizes=\"(max-width: 1280px) 100vw, 1280px\" \/><\/p>\n<h4><strong>Paras\u0131n\u0131 araba almak i\u00e7in harcayanlar\u0131n en fazla oldu\u011fu \u00fclke T\u00fcrkiye!\u00a0<\/strong><\/h4>\n<p>D\u00f6rd\u00fcnc\u00fcl\u00fc\u011f\u00fc y\u00fczde 8\u2019lik oranlarla yiyecek-i\u00e7ecek al\u0131\u015fveri\u015fi (d\u0131\u015far\u0131da yeme masraflar\u0131 da dahil olmak \u00fczere) ve araba almak i\u00e7in yap\u0131lan harcamalar payla\u015f\u0131yor. Yiyecek-i\u00e7ecek al\u0131\u015fveri\u015fine en \u00e7ok 56-65 ya\u015f grubu para harcarken, <strong>T\u00fcrkiye bu alanda d\u00fcnyan\u0131n en az harcama yapmay\u0131 planlayan \u00fclkeleri aras\u0131nda.<\/strong> Bunun aksine <strong>paras\u0131n\u0131 araba almak i\u00e7in harcayanlar\u0131n en fazla oldu\u011fu \u00fclkeyiz.<\/strong> T\u00fcrkiye\u2019de araba almak i\u00e7in en \u00e7ok para harcayacanlarsa 23-35 ya\u015f grubundakiler.<\/p>\n<p><img loading=\"lazy\" decoding=\"async\" class=\"alignnone size-full wp-image-5893\" src=\"https:\/\/www.julesverne.com.tr\/\/wp-content\/uploads\/2020\/09\/dunyanin-en-guzel-konser-alani-2.jpg\" alt=\"konser\" width=\"800\" height=\"450\" srcset=\"https:\/\/julesverne.com.tr\/wp-content\/uploads\/2020\/09\/dunyanin-en-guzel-konser-alani-2.jpg 800w, https:\/\/julesverne.com.tr\/wp-content\/uploads\/2020\/09\/dunyanin-en-guzel-konser-alani-2-500x281.jpg 500w, https:\/\/julesverne.com.tr\/wp-content\/uploads\/2020\/09\/dunyanin-en-guzel-konser-alani-2-768x432.jpg 768w, https:\/\/julesverne.com.tr\/wp-content\/uploads\/2020\/09\/dunyanin-en-guzel-konser-alani-2-400x225.jpg 400w\" sizes=\"(max-width: 800px) 100vw, 800px\" \/><\/p>\n<h4><strong>K\u00fclt\u00fcrel etkinlik harcamalar\u0131nda Danimarka, ev harcamalar\u0131nda da Polonya birinci!<\/strong><\/h4>\n<p>Be\u015fincili\u011fi ise y\u00fczde 7\u2019\u015fer oy alan iki farkl\u0131 se\u00e7enek payla\u015f\u0131yor: K\u00fclt\u00fcrel etkinlikler ive evimizi g\u00fczelle\u015ftirmek i\u00e7in yapt\u0131\u011f\u0131m\u0131z harcamalar. Paras\u0131n\u0131 konser, sinema, tiyatro gibi k\u00fclt\u00fcrel etkinliklere ay\u0131rmay\u0131 en \u00e7ok 23-35 ya\u015f grubu; evlerine harcamay\u0131 ise en \u00e7ok 36-55 ya\u015f grubu tercih ediyor. D\u00fcnya genelinde ise k\u00fclt\u00fcrel etkinliklere en \u00e7ok Danimarkal\u0131lar, evlerini g\u00fczelle\u015ftirmeye ise en \u00e7ok Polonyal\u0131lar para ay\u0131r\u0131yor.<\/p>\n","protected":false},"excerpt":{"rendered":"<p>23 &uuml;lkede ger&ccedil;ekle\u015ftirilen ara\u015ft\u0131rmada kat\u0131l\u0131mc\u0131lara &ldquo;Paran\u0131z\u0131 en &ccedil;ok hangi t&uuml;r al\u0131\u015fveri\u015f i&ccedil;in harcamay\u0131 seviyorsunuz&rdquo; sorusu y&ouml;neltildi.&nbsp;T&uuml;rkiye&rsquo;nin iki alanda d&uuml;nya lideri oldu\u011fu ara\u015ft\u0131rman\u0131n ilgi &ccedil;eken sonu&ccedil;lar\u0131&#8230;&nbsp;<\/p>\n","protected":false},"author":1,"featured_media":1713,"comment_status":"closed","ping_status":"closed","sticky":false,"template":"","format":"standard","meta":{"inline_featured_image":false,"footnotes":""},"categories":[1],"tags":[],"acf":[],"yoast_head":"<!-- This site is optimized with the Yoast SEO plugin v22.3 - https:\/\/yoast.com\/wordpress\/plugins\/seo\/ -->\n<title>Param\u0131z\u0131 en \u00e7ok hangi t\u00fcr al\u0131\u015fveri\u015f i\u00e7in harcamay\u0131 seviyoruz? - JULES VERNE BUSINESS MICE TRAVEL<\/title>\n<meta name=\"robots\" content=\"index, follow, max-snippet:-1, max-image-preview:large, max-video-preview:-1\" \/>\n<link rel=\"canonical\" href=\"https:\/\/julesverne.com.tr\/travel-blog\/paramizi-en-cok-hangi-tur-alisveris-icin-harcamayi-seviyoruz\/\" \/>\n<meta property=\"og:locale\" content=\"en_US\" \/>\n<meta property=\"og:type\" content=\"article\" \/>\n<meta property=\"og:title\" content=\"Param\u0131z\u0131 en \u00e7ok hangi t\u00fcr al\u0131\u015fveri\u015f i\u00e7in harcamay\u0131 seviyoruz? - JULES VERNE BUSINESS MICE TRAVEL\" \/>\n<meta property=\"og:description\" content=\"23 &uuml;lkede ger&ccedil;ekle\u015ftirilen ara\u015ft\u0131rmada kat\u0131l\u0131mc\u0131lara &ldquo;Paran\u0131z\u0131 en &ccedil;ok hangi t&uuml;r al\u0131\u015fveri\u015f i&ccedil;in harcamay\u0131 seviyorsunuz&rdquo; sorusu y&ouml;neltildi.&nbsp;T&uuml;rkiye&rsquo;nin iki alanda d&uuml;nya lideri oldu\u011fu ara\u015ft\u0131rman\u0131n ilgi &ccedil;eken sonu&ccedil;lar\u0131...&nbsp;\" \/>\n<meta property=\"og:url\" content=\"https:\/\/julesverne.com.tr\/travel-blog\/paramizi-en-cok-hangi-tur-alisveris-icin-harcamayi-seviyoruz\/\" \/>\n<meta property=\"og:site_name\" content=\"JULES VERNE BUSINESS MICE TRAVEL\" \/>\n<meta property=\"article:publisher\" content=\"https:\/\/www.facebook.com\/JulesVerneBusinessMiceTravel\/\" \/>\n<meta property=\"article:published_time\" content=\"2017-04-12T12:15:16+00:00\" \/>\n<meta property=\"article:modified_time\" content=\"2021-09-13T08:55:19+00:00\" \/>\n<meta property=\"og:image\" content=\"https:\/\/julesverne.com.tr\/wp-content\/uploads\/2020\/09\/para.jpg\" \/>\n\t<meta property=\"og:image:width\" content=\"950\" \/>\n\t<meta property=\"og:image:height\" content=\"400\" \/>\n\t<meta property=\"og:image:type\" content=\"image\/jpeg\" \/>\n<meta name=\"author\" content=\"fikirman\" \/>\n<meta name=\"twitter:card\" content=\"summary_large_image\" \/>\n<meta name=\"twitter:creator\" content=\"@JV_BusinessMice\" \/>\n<meta name=\"twitter:site\" content=\"@JV_BusinessMice\" \/>\n<meta name=\"twitter:label1\" content=\"Written by\" \/>\n\t<meta name=\"twitter:data1\" content=\"fikirman\" \/>\n\t<meta name=\"twitter:label2\" content=\"Est. reading time\" \/>\n\t<meta name=\"twitter:data2\" content=\"3 minutes\" \/>\n<script type=\"application\/ld+json\" class=\"yoast-schema-graph\">{\"@context\":\"https:\/\/schema.org\",\"@graph\":[{\"@type\":\"Article\",\"@id\":\"https:\/\/julesverne.com.tr\/travel-blog\/paramizi-en-cok-hangi-tur-alisveris-icin-harcamayi-seviyoruz\/#article\",\"isPartOf\":{\"@id\":\"https:\/\/julesverne.com.tr\/travel-blog\/paramizi-en-cok-hangi-tur-alisveris-icin-harcamayi-seviyoruz\/\"},\"author\":{\"name\":\"fikirman\",\"@id\":\"https:\/\/julesverne.com.tr\/#\/schema\/person\/f4eb0514ae455538644c31b99a466fdb\"},\"headline\":\"Param\u0131z\u0131 en \u00e7ok hangi t\u00fcr al\u0131\u015fveri\u015f i\u00e7in harcamay\u0131 seviyoruz?\",\"datePublished\":\"2017-04-12T12:15:16+00:00\",\"dateModified\":\"2021-09-13T08:55:19+00:00\",\"mainEntityOfPage\":{\"@id\":\"https:\/\/julesverne.com.tr\/travel-blog\/paramizi-en-cok-hangi-tur-alisveris-icin-harcamayi-seviyoruz\/\"},\"wordCount\":618,\"publisher\":{\"@id\":\"https:\/\/julesverne.com.tr\/#organization\"},\"image\":{\"@id\":\"https:\/\/julesverne.com.tr\/travel-blog\/paramizi-en-cok-hangi-tur-alisveris-icin-harcamayi-seviyoruz\/#primaryimage\"},\"thumbnailUrl\":\"https:\/\/julesverne.com.tr\/wp-content\/uploads\/2020\/09\/para.jpg\",\"articleSection\":[\"Blog\"],\"inLanguage\":\"en-US\"},{\"@type\":\"WebPage\",\"@id\":\"https:\/\/julesverne.com.tr\/travel-blog\/paramizi-en-cok-hangi-tur-alisveris-icin-harcamayi-seviyoruz\/\",\"url\":\"https:\/\/julesverne.com.tr\/travel-blog\/paramizi-en-cok-hangi-tur-alisveris-icin-harcamayi-seviyoruz\/\",\"name\":\"Param\u0131z\u0131 en \u00e7ok hangi t\u00fcr al\u0131\u015fveri\u015f i\u00e7in harcamay\u0131 seviyoruz? - JULES VERNE BUSINESS MICE TRAVEL\",\"isPartOf\":{\"@id\":\"https:\/\/julesverne.com.tr\/#website\"},\"primaryImageOfPage\":{\"@id\":\"https:\/\/julesverne.com.tr\/travel-blog\/paramizi-en-cok-hangi-tur-alisveris-icin-harcamayi-seviyoruz\/#primaryimage\"},\"image\":{\"@id\":\"https:\/\/julesverne.com.tr\/travel-blog\/paramizi-en-cok-hangi-tur-alisveris-icin-harcamayi-seviyoruz\/#primaryimage\"},\"thumbnailUrl\":\"https:\/\/julesverne.com.tr\/wp-content\/uploads\/2020\/09\/para.jpg\",\"datePublished\":\"2017-04-12T12:15:16+00:00\",\"dateModified\":\"2021-09-13T08:55:19+00:00\",\"breadcrumb\":{\"@id\":\"https:\/\/julesverne.com.tr\/travel-blog\/paramizi-en-cok-hangi-tur-alisveris-icin-harcamayi-seviyoruz\/#breadcrumb\"},\"inLanguage\":\"en-US\",\"potentialAction\":[{\"@type\":\"ReadAction\",\"target\":[\"https:\/\/julesverne.com.tr\/travel-blog\/paramizi-en-cok-hangi-tur-alisveris-icin-harcamayi-seviyoruz\/\"]}]},{\"@type\":\"ImageObject\",\"inLanguage\":\"en-US\",\"@id\":\"https:\/\/julesverne.com.tr\/travel-blog\/paramizi-en-cok-hangi-tur-alisveris-icin-harcamayi-seviyoruz\/#primaryimage\",\"url\":\"https:\/\/julesverne.com.tr\/wp-content\/uploads\/2020\/09\/para.jpg\",\"contentUrl\":\"https:\/\/julesverne.com.tr\/wp-content\/uploads\/2020\/09\/para.jpg\",\"width\":950,\"height\":400},{\"@type\":\"BreadcrumbList\",\"@id\":\"https:\/\/julesverne.com.tr\/travel-blog\/paramizi-en-cok-hangi-tur-alisveris-icin-harcamayi-seviyoruz\/#breadcrumb\",\"itemListElement\":[{\"@type\":\"ListItem\",\"position\":1,\"name\":\"Anasayfa\",\"item\":\"https:\/\/julesverne.com.tr\/\"},{\"@type\":\"ListItem\",\"position\":2,\"name\":\"Param\u0131z\u0131 en \u00e7ok hangi t\u00fcr al\u0131\u015fveri\u015f i\u00e7in harcamay\u0131 seviyoruz?\"}]},{\"@type\":\"WebSite\",\"@id\":\"https:\/\/julesverne.com.tr\/#website\",\"url\":\"https:\/\/julesverne.com.tr\/\",\"name\":\"JULES VERNE BUSINESS MICE TRAVEL\",\"description\":\"\",\"publisher\":{\"@id\":\"https:\/\/julesverne.com.tr\/#organization\"},\"potentialAction\":[{\"@type\":\"SearchAction\",\"target\":{\"@type\":\"EntryPoint\",\"urlTemplate\":\"https:\/\/julesverne.com.tr\/?s={search_term_string}\"},\"query-input\":\"required name=search_term_string\"}],\"inLanguage\":\"en-US\"},{\"@type\":\"Organization\",\"@id\":\"https:\/\/julesverne.com.tr\/#organization\",\"name\":\"JULES VERNE BUSINESS MICE TRAVEL\",\"url\":\"https:\/\/julesverne.com.tr\/\",\"logo\":{\"@type\":\"ImageObject\",\"inLanguage\":\"en-US\",\"@id\":\"https:\/\/julesverne.com.tr\/#\/schema\/logo\/image\/\",\"url\":\"https:\/\/julesverne.com.tr\/wp-content\/uploads\/2020\/09\/jv-bmt-logo.png\",\"contentUrl\":\"https:\/\/julesverne.com.tr\/wp-content\/uploads\/2020\/09\/jv-bmt-logo.png\",\"width\":110,\"height\":81,\"caption\":\"JULES VERNE BUSINESS MICE TRAVEL\"},\"image\":{\"@id\":\"https:\/\/julesverne.com.tr\/#\/schema\/logo\/image\/\"},\"sameAs\":[\"https:\/\/www.facebook.com\/JulesVerneBusinessMiceTravel\/\",\"https:\/\/twitter.com\/JV_BusinessMice\",\"https:\/\/www.instagram.com\/julesvernebusinessmicetravel\/\",\"https:\/\/www.linkedin.com\/company\/julesvernebusinessmicetravel\/\",\"https:\/\/www.youtube.com\/channel\/UCAwdsmbZ6tFhu1tea6pkpiw\"]},{\"@type\":\"Person\",\"@id\":\"https:\/\/julesverne.com.tr\/#\/schema\/person\/f4eb0514ae455538644c31b99a466fdb\",\"name\":\"fikirman\",\"sameAs\":[\"http:\/\/advermedya.net\/julesverne\"],\"url\":\"https:\/\/julesverne.com.tr\/en\/author\/fikirman\/\"}]}<\/script>\n<!-- \/ Yoast SEO plugin. -->","yoast_head_json":{"title":"Param\u0131z\u0131 en \u00e7ok hangi t\u00fcr al\u0131\u015fveri\u015f i\u00e7in harcamay\u0131 seviyoruz? - JULES VERNE BUSINESS MICE TRAVEL","robots":{"index":"index","follow":"follow","max-snippet":"max-snippet:-1","max-image-preview":"max-image-preview:large","max-video-preview":"max-video-preview:-1"},"canonical":"https:\/\/julesverne.com.tr\/travel-blog\/paramizi-en-cok-hangi-tur-alisveris-icin-harcamayi-seviyoruz\/","og_locale":"en_US","og_type":"article","og_title":"Param\u0131z\u0131 en \u00e7ok hangi t\u00fcr al\u0131\u015fveri\u015f i\u00e7in harcamay\u0131 seviyoruz? - JULES VERNE BUSINESS MICE TRAVEL","og_description":"23 &uuml;lkede ger&ccedil;ekle\u015ftirilen ara\u015ft\u0131rmada kat\u0131l\u0131mc\u0131lara &ldquo;Paran\u0131z\u0131 en &ccedil;ok hangi t&uuml;r al\u0131\u015fveri\u015f i&ccedil;in harcamay\u0131 seviyorsunuz&rdquo; sorusu y&ouml;neltildi.&nbsp;T&uuml;rkiye&rsquo;nin iki alanda d&uuml;nya lideri oldu\u011fu ara\u015ft\u0131rman\u0131n ilgi &ccedil;eken sonu&ccedil;lar\u0131...&nbsp;","og_url":"https:\/\/julesverne.com.tr\/travel-blog\/paramizi-en-cok-hangi-tur-alisveris-icin-harcamayi-seviyoruz\/","og_site_name":"JULES VERNE BUSINESS MICE TRAVEL","article_publisher":"https:\/\/www.facebook.com\/JulesVerneBusinessMiceTravel\/","article_published_time":"2017-04-12T12:15:16+00:00","article_modified_time":"2021-09-13T08:55:19+00:00","og_image":[{"width":950,"height":400,"url":"https:\/\/julesverne.com.tr\/wp-content\/uploads\/2020\/09\/para.jpg","type":"image\/jpeg"}],"author":"fikirman","twitter_card":"summary_large_image","twitter_creator":"@JV_BusinessMice","twitter_site":"@JV_BusinessMice","twitter_misc":{"Written by":"fikirman","Est. reading time":"3 minutes"},"schema":{"@context":"https:\/\/schema.org","@graph":[{"@type":"Article","@id":"https:\/\/julesverne.com.tr\/travel-blog\/paramizi-en-cok-hangi-tur-alisveris-icin-harcamayi-seviyoruz\/#article","isPartOf":{"@id":"https:\/\/julesverne.com.tr\/travel-blog\/paramizi-en-cok-hangi-tur-alisveris-icin-harcamayi-seviyoruz\/"},"author":{"name":"fikirman","@id":"https:\/\/julesverne.com.tr\/#\/schema\/person\/f4eb0514ae455538644c31b99a466fdb"},"headline":"Param\u0131z\u0131 en \u00e7ok hangi t\u00fcr al\u0131\u015fveri\u015f i\u00e7in harcamay\u0131 seviyoruz?","datePublished":"2017-04-12T12:15:16+00:00","dateModified":"2021-09-13T08:55:19+00:00","mainEntityOfPage":{"@id":"https:\/\/julesverne.com.tr\/travel-blog\/paramizi-en-cok-hangi-tur-alisveris-icin-harcamayi-seviyoruz\/"},"wordCount":618,"publisher":{"@id":"https:\/\/julesverne.com.tr\/#organization"},"image":{"@id":"https:\/\/julesverne.com.tr\/travel-blog\/paramizi-en-cok-hangi-tur-alisveris-icin-harcamayi-seviyoruz\/#primaryimage"},"thumbnailUrl":"https:\/\/julesverne.com.tr\/wp-content\/uploads\/2020\/09\/para.jpg","articleSection":["Blog"],"inLanguage":"en-US"},{"@type":"WebPage","@id":"https:\/\/julesverne.com.tr\/travel-blog\/paramizi-en-cok-hangi-tur-alisveris-icin-harcamayi-seviyoruz\/","url":"https:\/\/julesverne.com.tr\/travel-blog\/paramizi-en-cok-hangi-tur-alisveris-icin-harcamayi-seviyoruz\/","name":"Param\u0131z\u0131 en \u00e7ok hangi t\u00fcr al\u0131\u015fveri\u015f i\u00e7in harcamay\u0131 seviyoruz? - JULES VERNE BUSINESS MICE TRAVEL","isPartOf":{"@id":"https:\/\/julesverne.com.tr\/#website"},"primaryImageOfPage":{"@id":"https:\/\/julesverne.com.tr\/travel-blog\/paramizi-en-cok-hangi-tur-alisveris-icin-harcamayi-seviyoruz\/#primaryimage"},"image":{"@id":"https:\/\/julesverne.com.tr\/travel-blog\/paramizi-en-cok-hangi-tur-alisveris-icin-harcamayi-seviyoruz\/#primaryimage"},"thumbnailUrl":"https:\/\/julesverne.com.tr\/wp-content\/uploads\/2020\/09\/para.jpg","datePublished":"2017-04-12T12:15:16+00:00","dateModified":"2021-09-13T08:55:19+00:00","breadcrumb":{"@id":"https:\/\/julesverne.com.tr\/travel-blog\/paramizi-en-cok-hangi-tur-alisveris-icin-harcamayi-seviyoruz\/#breadcrumb"},"inLanguage":"en-US","potentialAction":[{"@type":"ReadAction","target":["https:\/\/julesverne.com.tr\/travel-blog\/paramizi-en-cok-hangi-tur-alisveris-icin-harcamayi-seviyoruz\/"]}]},{"@type":"ImageObject","inLanguage":"en-US","@id":"https:\/\/julesverne.com.tr\/travel-blog\/paramizi-en-cok-hangi-tur-alisveris-icin-harcamayi-seviyoruz\/#primaryimage","url":"https:\/\/julesverne.com.tr\/wp-content\/uploads\/2020\/09\/para.jpg","contentUrl":"https:\/\/julesverne.com.tr\/wp-content\/uploads\/2020\/09\/para.jpg","width":950,"height":400},{"@type":"BreadcrumbList","@id":"https:\/\/julesverne.com.tr\/travel-blog\/paramizi-en-cok-hangi-tur-alisveris-icin-harcamayi-seviyoruz\/#breadcrumb","itemListElement":[{"@type":"ListItem","position":1,"name":"Anasayfa","item":"https:\/\/julesverne.com.tr\/"},{"@type":"ListItem","position":2,"name":"Param\u0131z\u0131 en \u00e7ok hangi t\u00fcr al\u0131\u015fveri\u015f i\u00e7in harcamay\u0131 seviyoruz?"}]},{"@type":"WebSite","@id":"https:\/\/julesverne.com.tr\/#website","url":"https:\/\/julesverne.com.tr\/","name":"JULES VERNE BUSINESS MICE TRAVEL","description":"","publisher":{"@id":"https:\/\/julesverne.com.tr\/#organization"},"potentialAction":[{"@type":"SearchAction","target":{"@type":"EntryPoint","urlTemplate":"https:\/\/julesverne.com.tr\/?s={search_term_string}"},"query-input":"required name=search_term_string"}],"inLanguage":"en-US"},{"@type":"Organization","@id":"https:\/\/julesverne.com.tr\/#organization","name":"JULES VERNE BUSINESS MICE TRAVEL","url":"https:\/\/julesverne.com.tr\/","logo":{"@type":"ImageObject","inLanguage":"en-US","@id":"https:\/\/julesverne.com.tr\/#\/schema\/logo\/image\/","url":"https:\/\/julesverne.com.tr\/wp-content\/uploads\/2020\/09\/jv-bmt-logo.png","contentUrl":"https:\/\/julesverne.com.tr\/wp-content\/uploads\/2020\/09\/jv-bmt-logo.png","width":110,"height":81,"caption":"JULES VERNE BUSINESS MICE TRAVEL"},"image":{"@id":"https:\/\/julesverne.com.tr\/#\/schema\/logo\/image\/"},"sameAs":["https:\/\/www.facebook.com\/JulesVerneBusinessMiceTravel\/","https:\/\/twitter.com\/JV_BusinessMice","https:\/\/www.instagram.com\/julesvernebusinessmicetravel\/","https:\/\/www.linkedin.com\/company\/julesvernebusinessmicetravel\/","https:\/\/www.youtube.com\/channel\/UCAwdsmbZ6tFhu1tea6pkpiw"]},{"@type":"Person","@id":"https:\/\/julesverne.com.tr\/#\/schema\/person\/f4eb0514ae455538644c31b99a466fdb","name":"fikirman","sameAs":["http:\/\/advermedya.net\/julesverne"],"url":"https:\/\/julesverne.com.tr\/en\/author\/fikirman\/"}]}},"_links":{"self":[{"href":"https:\/\/julesverne.com.tr\/en\/wp-json\/wp\/v2\/posts\/1712"}],"collection":[{"href":"https:\/\/julesverne.com.tr\/en\/wp-json\/wp\/v2\/posts"}],"about":[{"href":"https:\/\/julesverne.com.tr\/en\/wp-json\/wp\/v2\/types\/post"}],"author":[{"embeddable":true,"href":"https:\/\/julesverne.com.tr\/en\/wp-json\/wp\/v2\/users\/1"}],"replies":[{"embeddable":true,"href":"https:\/\/julesverne.com.tr\/en\/wp-json\/wp\/v2\/comments?post=1712"}],"version-history":[{"count":0,"href":"https:\/\/julesverne.com.tr\/en\/wp-json\/wp\/v2\/posts\/1712\/revisions"}],"wp:featuredmedia":[{"embeddable":true,"href":"https:\/\/julesverne.com.tr\/en\/wp-json\/wp\/v2\/media\/1713"}],"wp:attachment":[{"href":"https:\/\/julesverne.com.tr\/en\/wp-json\/wp\/v2\/media?parent=1712"}],"wp:term":[{"taxonomy":"category","embeddable":true,"href":"https:\/\/julesverne.com.tr\/en\/wp-json\/wp\/v2\/categories?post=1712"},{"taxonomy":"post_tag","embeddable":true,"href":"https:\/\/julesverne.com.tr\/en\/wp-json\/wp\/v2\/tags?post=1712"}],"curies":[{"name":"wp","href":"https:\/\/api.w.org\/{rel}","templated":true}]}}