{"id":1693,"date":"2022-07-11T14:10:56","date_gmt":"2022-07-11T11:10:56","guid":{"rendered":"https:\/\/www.julesverne.com.tr\/\/blog\/cocuklu-aileler-icin-yunan-adalari-rehberi\/"},"modified":"2022-07-14T07:57:49","modified_gmt":"2022-07-14T04:57:49","slug":"cocuklu-aileler-icin-yunan-adalari-rehberi","status":"publish","type":"post","link":"https:\/\/julesverne.com.tr\/en\/travel-blog\/cocuklu-aileler-icin-yunan-adalari-rehberi\/","title":{"rendered":"\u00c7ocuklu Aileler \u0130\u00e7in Yunan Adalar\u0131 Rehberi"},"content":{"rendered":"<p><\/p>\n<p class=\"MsoNormal\">\u00c7ocuklarla seyahat etmek e\u011fer do\u011fru destinasyonlar\u0131 tercih ederseniz, \u00e7ok e\u011flenceli, canl\u0131 ve ne\u015feli bir tatile d\u00f6n\u00fc\u015febilir, i\u00e7inizdeki \u00e7ocuk da size kat\u0131l\u0131r ve ortaya kocaman bir enerji \u00e7\u0131kar.<\/p>\n<p class=\"MsoNormal\" style=\"text-align: center;\"><strong>Do\u011fall\u0131\u011f\u0131, yerelli\u011fi, harika plajlar\u0131, deniz mahsulleri ile \u00fcnl\u00fc Yunan Adalar\u0131n\u0131n \u00e7ocuklar ile birlikte de \u00e7ok keyifli olabilece\u011fini biliyor muydunuz?\u00a0<\/strong><\/p>\n<p class=\"MsoNormal\" style=\"text-align: center;\"><img loading=\"lazy\" decoding=\"async\" class=\"alignnone size-full wp-image-5934\" src=\"https:\/\/www.julesverne.com.tr\/\/wp-content\/uploads\/2020\/09\/cocuk_greece.png\" alt=\"\u00c7ocuklu Yunan Adalar\u0131\" width=\"1055\" height=\"697\" srcset=\"https:\/\/julesverne.com.tr\/wp-content\/uploads\/2020\/09\/cocuk_greece.png 1055w, https:\/\/julesverne.com.tr\/wp-content\/uploads\/2020\/09\/cocuk_greece-500x330.png 500w, https:\/\/julesverne.com.tr\/wp-content\/uploads\/2020\/09\/cocuk_greece-768x507.png 768w\" sizes=\"(max-width: 1055px) 100vw, 1055px\" \/><\/p>\n<p class=\"MsoNormal\">Arkeolojik alanlar, m\u00fczeler, heyecanland\u0131r\u0131c\u0131 kalelere, ormanlara, tap\u0131naklara ve yel de\u011firmenlerine \u00e7\u0131kan yollar, \u00e7ocuklar\u0131n sanat\u00e7\u0131lar\u0131n zanaatlar\u0131n\u0131 izleyebildikleri at\u00f6lyeler, pi\u015firme dersleri alabilecekleri mutfaklar birlikte keyifli vakit ge\u00e7irebilece\u011finiz etkinliklerden \u00a0sadece birka\u00e7 tanesi. Ailece k\u00f6yleri ve ada \u00e7evrelerini ke\u015ffetmek i\u00e7in bisiklet, kano ve bot kiralayarak harika vakit ge\u00e7irebilirsiniz.<\/p>\n<p class=\"MsoNormal\"><strong>\u0130\u015fte \u00e7ocuklar\u0131n\u0131zla \u00e7ok daha e\u011flenceli olabilecek Yunan Adalar\u0131:<\/strong><\/p>\n<p class=\"MsoNormal\" style=\"text-align: center;\"><strong>Rodos<\/strong><\/p>\n<p class=\"MsoNormal\" style=\"text-align: center;\"><strong><img loading=\"lazy\" decoding=\"async\" class=\"alignnone size-full wp-image-5935\" src=\"https:\/\/www.julesverne.com.tr\/\/wp-content\/uploads\/2020\/09\/rodos1.jpg\" alt=\"rodos\" width=\"920\" height=\"615\" srcset=\"https:\/\/julesverne.com.tr\/wp-content\/uploads\/2020\/09\/rodos1.jpg 920w, https:\/\/julesverne.com.tr\/wp-content\/uploads\/2020\/09\/rodos1-500x334.jpg 500w, https:\/\/julesverne.com.tr\/wp-content\/uploads\/2020\/09\/rodos1-768x513.jpg 768w\" sizes=\"(max-width: 920px) 100vw, 920px\" \/><\/strong><\/p>\n<p class=\"MsoNormal\" style=\"text-align: justify;\">On \u0130ki Adalar\u0131\u2019n en pop\u00fcleri olan Rodos, \u015fehirle\u015fmi\u015f yap\u0131s\u0131yla dikkat \u00e7ekiyor. Az bilinen Yunan Adalar\u0131\u2019na g\u00f6re daha bilinir olan ada aileler i\u00e7in hem kolay ula\u015f\u0131m\u0131 hem de ada yap\u0131s\u0131 ve aktiviteleriyle tercih sebebi. \u00d6zellikle Kap\u0131da Vize uygulamas\u0131n\u0131n bir y\u0131l daha uzat\u0131lmas\u0131yla bu sezon da b\u00fcy\u00fck kolay sa\u011flayaca\u011f\u0131 kesin. Rodos\u2019a ula\u015f\u0131m en kolay Marmaris\u2019ten sa\u011flan\u0131yor. 40 dakikal\u0131k feribot yolculu\u011fu ile adaya ula\u015fabiliyorsunuz. Ayr\u0131ca, Atina aktarmal\u0131 olarak Rodos\u2019a gitmek de m\u00fcmk\u00fcn. Girit&#8217;ten sonra ikinci b\u00fcy\u00fck ada olan Rodos&#8217;un Osmanl\u0131 izlerini ta\u015f\u0131yan Old Town&#8217;u bir yana, adan\u0131n Yunan ruhunu ta\u015f\u0131yan k\u00f6\u015feleriyle iki k\u00fclt\u00fcr\u00fc bir arada ya\u015fayabiliyorsunuz. Arkeoloji M\u00fczesi, Ustalar Saray\u0131, Surlar, Lindos Antik \u015fehri adan\u0131n mutlaka g\u00f6r\u00fclmesi gerekenler listesinde. Adan\u0131n daha az bilinen, bakir koylar\u0131 ise deniz keyfi i\u00e7in ke\u015ffedilmeyi bekliyor.<strong><br \/>\n<\/strong><\/p>\n<p class=\"MsoNormal\" style=\"text-align: center;\"><strong>Girit<\/strong><\/p>\n<p class=\"MsoNormal\"><strong><img loading=\"lazy\" decoding=\"async\" class=\"alignnone size-full wp-image-5936\" src=\"https:\/\/www.julesverne.com.tr\/\/wp-content\/uploads\/2020\/09\/aksam.jpg\" alt=\"girit\" width=\"1280\" height=\"720\" srcset=\"https:\/\/julesverne.com.tr\/wp-content\/uploads\/2020\/09\/aksam.jpg 1280w, https:\/\/julesverne.com.tr\/wp-content\/uploads\/2020\/09\/aksam-500x281.jpg 500w, https:\/\/julesverne.com.tr\/wp-content\/uploads\/2020\/09\/aksam-768x432.jpg 768w, https:\/\/julesverne.com.tr\/wp-content\/uploads\/2020\/09\/aksam-400x225.jpg 400w\" sizes=\"(max-width: 1280px) 100vw, 1280px\" \/><\/strong><\/p>\n<p class=\"MsoNormal\" style=\"text-align: justify;\">Yunanistan\u2019\u0131n en b\u00fcy\u00fck adas\u0131 Girit k\u00fc\u00e7\u00fck bir \u00fclkeyi and\u0131r\u0131yor. Kuzeyden g\u00fcneye, do\u011fudan bat\u0131ya farkl\u0131 \u015fehirler, farkl\u0131 dokular bu aday\u0131 \u00f6zel ve zengin k\u0131l\u0131yor. Farkl\u0131 co\u011frafi \u00f6zelliklere sahip adan\u0131n d\u00f6rt bir ucu birbirinden farkl\u0131 deneyimler sunuyor. K\u00fc\u00e7\u00fck Yunan adalar\u0131nda oldu\u011fu gibi harika bir Yunan mimarisi beklemek sizi hayal k\u0131r\u0131kl\u0131\u011f\u0131na u\u011fratabilir. Chania, Retymno, Heraklion, Agia Nikolas gibi eski yerle\u015fim yerlerinde tarihi yap\u0131lar\u0131 g\u00f6recek olsan\u0131z da adan\u0131n b\u00fcy\u00fckl\u00fc\u011f\u00fcnden dolay\u0131 daha s\u0131radanla\u015fm\u0131\u015f binalar \u00e7o\u011funlukta. A\u00e7\u0131k\u00e7as\u0131, ger\u00e7ek Girit\u2019i ke\u015ffetmek i\u00e7in ince eleyip, s\u0131k dokumak ve g\u00fczel bir rota haz\u0131rlamak laz\u0131m. Bu rotay\u0131 haz\u0131rlad\u0131\u011f\u0131n\u0131zda ise Girit sizde derin izler b\u0131rakacak. Girit\u2019te ara\u00e7 kiralay\u0131p farkl\u0131 \u015fehirlerini ve k\u00f6ylerini g\u00f6rmenizi \u00f6neririz. Bu y\u00fczden, u\u00e7ak biletinizi Hanya Havaliman\u0131\u2019na al\u0131p, d\u00f6n\u00fc\u015f\u00fcn\u00fcz\u00fc Heraklion\u2019dan yapman\u0131z avantaj olacakt\u0131r. B\u00f6ylece, aday\u0131 kuzeyden g\u00fcneye gezebilirsiniz. Adaya ula\u015f\u0131m i\u00e7in Atina aktarmal\u0131 u\u00e7man\u0131z rahat olacakt\u0131r. Adada tasar\u0131m\u0131 ve konumuyla \u00f6ne \u00e7\u0131kan bir\u00e7ok otel \u00e7ocuk misafirleri kabul ediyor ve aileler i\u00e7in kullan\u0131\u015fl\u0131, konforlu konaklama alternatifleri sunuyor.<\/p>\n<p class=\"MsoNormal\" style=\"text-align: center;\"><strong><span style=\"font-family: Calibri, sans-serif; font-size: 11pt;\">Korfu<\/span><\/strong><\/p>\n<p class=\"MsoNormal\"><strong><span style=\"font-family: Calibri, sans-serif; font-size: 11pt;\"><img loading=\"lazy\" decoding=\"async\" class=\"alignnone size-full wp-image-5937\" src=\"https:\/\/www.julesverne.com.tr\/\/wp-content\/uploads\/2020\/09\/korfu_sahil.png\" alt=\"korfu\" width=\"1055\" height=\"701\" srcset=\"https:\/\/julesverne.com.tr\/wp-content\/uploads\/2020\/09\/korfu_sahil.png 1055w, https:\/\/julesverne.com.tr\/wp-content\/uploads\/2020\/09\/korfu_sahil-500x332.png 500w, https:\/\/julesverne.com.tr\/wp-content\/uploads\/2020\/09\/korfu_sahil-768x510.png 768w\" sizes=\"(max-width: 1055px) 100vw, 1055px\" \/><\/span><\/strong><\/p>\n<p class=\"MsoNormal\" style=\"text-align: justify;\">Yunanistan&#8217;\u0131n kuzeybat\u0131s\u0131nda konumlanan ve\u00a0 \u0130yon Denizi&#8217;nde olan Korfu Adas\u0131&#8217;n\u0131n ayn\u0131 zamanda Akdeniz&#8217;e bir kolu bulunuyor. Yerle\u015fik ya\u015fam\u0131n y\u00fcksek oldu\u011fu, tesisle\u015fmi\u015f ve organize g\u00f6r\u00fcnt\u00fcs\u00fcyle dikkat \u00e7eken b\u00fcy\u00fck ada di\u011fer adalara g\u00f6re T\u00fcrk izlerini ta\u015f\u0131m\u0131yor. Yemye\u015fil tepeleri ve do\u011fal g\u00fczellikleriyle Yunan Adalar\u0131 aras\u0131nda \u00f6ne \u00e7\u0131kan Korfu \u00f6zellikle harika manzaralar sunan tepeleriyle \u00fcnl\u00fc. Evet, kalabal\u0131k turist gruplar\u0131n\u0131n radar\u0131nda olsa da aileleri elinde tutacak g\u00fczellikte plajlar\u0131, otelleri, aktiviteleri var adan\u0131n. Kozmopolit bir ada olarak tan\u0131mlayaca\u011f\u0131m\u0131z Korfu\u2019nun \u015fehir merkezi Venedik stili evleriyle \u0130talyan kasabalar\u0131n\u0131 and\u0131r\u0131yor. Paleokastritsa, Agios Gordis, Nissaki ba\u015fta olmak \u00fczere g\u00fczel plajlar\u0131yla her ya\u015f grubuna hitap eden ada Aqualand Su Park\u0131 ile \u00e7ocuklar i\u00e7in e\u011flence adas\u0131na d\u00f6n\u00fc\u015f\u00fcyor. Do\u011fas\u0131yla di\u011fer adalar aras\u0131nda \u00f6ne \u00e7\u0131kan Korfu\u2019yu at \u00fczerinde gezmek hem yeti\u015fkinler hem de \u00e7ocuklar i\u00e7in harika bir deneyim.\u00a0 Adan\u0131n en pop\u00fcler aktivitesi ise Kalypso Star Sualt\u0131 Teknesi ile deniz alt\u0131n\u0131 seyir halinde seyretme f\u0131rsat\u0131! Korfu Adas\u0131\u2019na ula\u015f\u0131m i\u00e7in en rahat yol Atina aktarmal\u0131 olarak u\u00e7mak.<\/p>\n<p class=\"MsoNormal\" style=\"text-align: center;\"><strong>Paros<\/strong><\/p>\n<p class=\"MsoNormal\"><strong><img loading=\"lazy\" decoding=\"async\" class=\"alignnone size-full wp-image-5938\" src=\"https:\/\/www.julesverne.com.tr\/\/wp-content\/uploads\/2020\/09\/paros_mavi.jpg\" alt=\"paros\" width=\"1000\" height=\"667\" srcset=\"https:\/\/julesverne.com.tr\/wp-content\/uploads\/2020\/09\/paros_mavi.jpg 1000w, https:\/\/julesverne.com.tr\/wp-content\/uploads\/2020\/09\/paros_mavi-500x334.jpg 500w, https:\/\/julesverne.com.tr\/wp-content\/uploads\/2020\/09\/paros_mavi-768x512.jpg 768w\" sizes=\"(max-width: 1000px) 100vw, 1000px\" \/><\/strong><\/p>\n<p class=\"MsoNormal\" style=\"text-align: justify;\">Kiklad adalar\u0131 aras\u0131nda en \u00e7ok sevilen ada olan Paros, Ege Denizi\u2019nin en karakterli adalar\u0131ndan biri. Uzun y\u0131llar \u201cKiklad Adalar\u0131\u2019n\u0131n Sessiz Kalbi\u201d olarak an\u0131lsa da 2000\u2019li y\u0131llar itibariyle hem Yunanl\u0131lar\u0131n hem de yabanc\u0131lar\u0131n radar\u0131na giren ada bal\u0131k\u00e7\u0131 k\u00f6yleri, alt\u0131n kumlu plajlar\u0131, bakir \u0131ss\u0131z koylar\u0131, kayal\u0131klar\u0131n olu\u015fturdu\u011fu lag\u00fcnleri, kelebekler vadisi, Paros Arkeoloji M\u00fczesi ve s\u00f6rf b\u00f6lgesiyle ke\u015fif merkezi gibi. Son derece do\u011fal, zaman\u0131n yava\u015f akt\u0131\u011f\u0131, acelenin olmad\u0131\u011f\u0131 ada ger\u00e7ekten bakir ve sakin olman\u0131n keyfini ya\u015f\u0131yor. Hem yeti\u015fkinler hem de \u00e7ocuklar i\u00e7in yeni deneyimler sunan adan\u0131n lokal restoranlar\u0131 ise harika deniz mahsulleriyle i\u015ftah kabart\u0131yor. Paros\u2019a ula\u015f\u0131m\u0131n aktarmal\u0131 olmas\u0131 da bu do\u011fall\u0131\u011f\u0131 korumas\u0131na katk\u0131 sa\u011fl\u0131yor. Adaya Atina aktarmal\u0131 u\u00e7abilece\u011finiz gibi, Atina-Pire Liman\u0131\u2019ndan feribotla daha uzun bir yolculukla da deniz yoluyla ula\u015fabilirsiniz. Paros\u2019tan 45 dakikal\u0131k bir feribot yolculu\u011fu ile karde\u015f ada Antiparos\u2019a gidebilirsiniz. Burada da konaklayabilece\u011finiz gibi adaya g\u00fcn\u00fcbirlik ziyarette de bulunabilirsiniz.<\/p>\n<p class=\"MsoNormal\" style=\"text-align: center;\"><strong>Naxos<\/strong><\/p>\n<p class=\"MsoNormal\" style=\"text-align: center;\"><strong><img loading=\"lazy\" decoding=\"async\" class=\"alignnone size-full wp-image-5939\" src=\"https:\/\/www.julesverne.com.tr\/\/wp-content\/uploads\/2020\/09\/naxos_ada.png\" alt=\"naxos\" width=\"935\" height=\"691\" srcset=\"https:\/\/julesverne.com.tr\/wp-content\/uploads\/2020\/09\/naxos_ada.png 935w, https:\/\/julesverne.com.tr\/wp-content\/uploads\/2020\/09\/naxos_ada-500x370.png 500w, https:\/\/julesverne.com.tr\/wp-content\/uploads\/2020\/09\/naxos_ada-768x568.png 768w\" sizes=\"(max-width: 935px) 100vw, 935px\" \/><\/strong><\/p>\n<p class=\"MsoNormal\" style=\"text-align: justify;\">Kiklad adalar\u0131n\u0131n tanr\u0131s\u0131 Naxos&#8217;a bu yak\u0131\u015ft\u0131rma yap\u0131lmas\u0131 bo\u015funa de\u011fil. &#8220;Tanr\u0131lar\u0131n Kral\u0131&#8221; olan Zeus&#8217;un \u00e7ocuklu\u011funu ge\u00e7irdi\u011fi da\u011f\u0131n burada olmas\u0131 sebebiyle Yunanl\u0131lar\u0131n en sevdi\u011fi adan\u0131n Naxos olmas\u0131 \u015fa\u015f\u0131rt\u0131c\u0131 de\u011fil. Kumlu plajlar\u0131, dal\u0131\u015f ve s\u00f6rf aktivitelerine olanak sa\u011flayan koylar\u0131, \u00e7ocuklu aileler i\u00e7in \u00e7ocuk kul\u00fcpleriyle tamamlanan otelleri, k\u00f6yleriyle dolu dolu bir tatil deneyimi sunmaya haz\u0131r! Kuzeyden esen meltem r\u00fczgar\u0131 sayesinde kite ve r\u00fczgar s\u00f6rf\u00e7\u00fcleri aras\u0131nda pop\u00fcler olan Naxos\u2019da kumsallar daha \u00e7ok bat\u0131 ve g\u00fcney b\u00f6l\u00fcm\u00fcnde bulunuyor. Di\u011fer adalara g\u00f6re az say\u0131da plaj\u0131 olsa da b\u00fcy\u00fckl\u00fckleri ve organize olmalar\u0131yla tercih sebebi oluyor. Chora (Eski Kasaba), Halki, Apiranthos, Floti k\u00f6yleri, tavernalar\u0131 da adan\u0131n bonuslar\u0131. Kiklad Adalar\u0131\u2019na ba\u011fl\u0131 olan Naxos\u2019tan Paros, Mykonos adalar\u0131na da ge\u00e7ebilirsiniz. Adaya ula\u015f\u0131m\u0131n en rahat yolu Atina \u00fczerinden aktarmal\u0131 olarak u\u00e7mak.<strong><br \/>\n<\/strong><\/p>\n<p class=\"MsoNormal\" style=\"text-align: center;\"><strong>Bonus: Mykonos<\/strong><\/p>\n<p><img loading=\"lazy\" decoding=\"async\" class=\"alignnone size-full wp-image-5940\" src=\"https:\/\/www.julesverne.com.tr\/\/wp-content\/uploads\/2020\/09\/mykonos-3.jpg\" alt=\"mykonos\" width=\"600\" height=\"399\" srcset=\"https:\/\/julesverne.com.tr\/wp-content\/uploads\/2020\/09\/mykonos-3.jpg 600w, https:\/\/julesverne.com.tr\/wp-content\/uploads\/2020\/09\/mykonos-3-500x333.jpg 500w\" sizes=\"(max-width: 600px) 100vw, 600px\" \/><\/p>\n<p class=\"MsoNormal\" style=\"text-align: justify;\">Ba\u015fl\u0131\u011f\u0131 g\u00f6r\u00fcnce biraz \u015fa\u015f\u0131rm\u0131\u015f olabilirsiniz zira bunca y\u0131ld\u0131r \u201cparti adas\u0131\u201d olarak lanse edilen Mykonos asl\u0131nda aileler i\u00e7in de harika bir tatil rotas\u0131! Kiklad adalar\u0131n\u0131n g\u00f6zdesi Mykonos\u2019u \u00e7ocuklarla da hayal edebilirsiniz. Adan\u0131n do\u011fru taraf\u0131nda ailelere uygun bir otel se\u00e7ti\u011finiz takdirde adada \u201c\u00e7\u0131lg\u0131n partiler\u201d uza\u011f\u0131nda birbirinden g\u00fczel plaj, aktivite bulabilirsiniz. \u00c7ocuklar\u0131n\u0131zla Mykonos \u015fehir merkezini, kiliseleri gezebilir, yemek kursuna kat\u0131labilir, \u00e7iftlik ziyaretinde bulunabilirsiniz. \u00c7o\u011fu su sporlar\u0131 aktiviteleri sunan, \u00e7ocuk oyun alan\u0131 bulunan plajlar kumsal\u0131, sakin deniziyle \u00e7ocuklu aileler i\u00e7in nimet gibi. Agrari Beach, Ornos Beach, Kalo Livadi, Elia Beach, Platis Gialos bu plajlar\u0131n ba\u015f\u0131nda geliyor. Ak\u015fam yeme\u011finin ge\u00e7 saatlerde yendi\u011fi Mykonos\u2019ta \u00e7ocuklu aileler olarak daha erken saatlerde yiyecek olman\u0131z da yer bulma a\u00e7\u0131s\u0131ndan sizin avantaj\u0131n\u0131z olacakt\u0131r. Yaz aylar\u0131nda ger\u00e7ekle\u015fen direkt u\u00e7u\u015flar sayesinde de ula\u015f\u0131m da olduk\u00e7a kolay.<\/p>\n<address style=\"text-align: center;\"><strong style=\"box-sizing: border-box; font-family: ProximaNovaBold;\">Daha detayl\u0131 bilgi i\u00e7in:<\/strong><\/address>\n<pre style=\"text-align: center;\"><a style=\"box-sizing: border-box; background-color: transparent; color: #337ab7; text-decoration-line: none;\" title=\"\" href=\"mailto:travel@julesverne.com.tr\" target=\"_blank\" rel=\"noopener noreferrer\"><strong style=\"box-sizing: border-box; font-family: ProximaNovaBold;\">travel@julesverne.com.tr<\/strong><\/a><\/pre>\n<address style=\"box-sizing: border-box; margin: 0px 0px 1.5em; color: #4a4b4f; font-family: ProximaNovaRegular, Arial, sans-serif; font-size: 16px; text-align: center;\"><strong style=\"box-sizing: border-box; font-family: ProximaNovaBold;\">0212 266 6363 &#8211; 137<\/strong><\/address>\n<p><\/p>","protected":false},"excerpt":{"rendered":"<p class=\"MsoNormal\">&Ccedil;ocuklarla seyahat etmek e\u011fer do\u011fru destinasyonlar\u0131 tercih ederseniz, &ccedil;ok e\u011flenceli, canl\u0131 ve ne\u015feli bir tatile d&ouml;n&uuml;\u015febilir, i&ccedil;inizdeki &ccedil;ocuk da size kat\u0131l\u0131r ve ortaya kocaman bir enerji &ccedil;\u0131kar. Do\u011fall\u0131\u011f\u0131, yerelli\u011fi, harika plajlar\u0131, deniz mahsulleri ile &uuml;nl&uuml; Yunan Adalar\u0131n\u0131n &ccedil;ocuklar ile birlikte de &ccedil;ok keyifli olabilece\u011fini biliyor muydunuz?&nbsp;<\/p>\n","protected":false},"author":1,"featured_media":1694,"comment_status":"closed","ping_status":"closed","sticky":false,"template":"","format":"standard","meta":{"inline_featured_image":false,"footnotes":""},"categories":[38,1,39],"tags":[137,77,73],"acf":[],"yoast_head":"<!-- This site is optimized with the Yoast SEO plugin v22.3 - https:\/\/yoast.com\/wordpress\/plugins\/seo\/ -->\n<title>\u00c7ocuklu Aileler \u0130\u00e7in Yunan Adalar\u0131 Rehberi - JULES VERNE BUSINESS MICE TRAVEL<\/title>\n<meta name=\"description\" content=\"Bu yaz \u00e7ocuklar\u0131n\u0131zla birlikte Yunan Adalar\u0131\u2019n\u0131n karakteristik mimarisi ve sakin ya\u015fam\u0131 e\u015fli\u011finde ci\u011ferlerinizi buram buram iyot ve \u00e7am kokan Ege havas\u0131 ile doldurmaya ne dersiniz?\" \/>\n<meta name=\"robots\" content=\"index, follow, max-snippet:-1, max-image-preview:large, max-video-preview:-1\" \/>\n<link rel=\"canonical\" href=\"https:\/\/julesverne.com.tr\/travel-blog\/cocuklu-aileler-icin-yunan-adalari-rehberi\/\" \/>\n<meta property=\"og:locale\" content=\"en_US\" \/>\n<meta property=\"og:type\" content=\"article\" \/>\n<meta property=\"og:title\" content=\"\u00c7ocuklu Aileler \u0130\u00e7in Yunan Adalar\u0131 Rehberi - JULES VERNE BUSINESS MICE TRAVEL\" \/>\n<meta property=\"og:description\" content=\"Bu yaz \u00e7ocuklar\u0131n\u0131zla birlikte Yunan Adalar\u0131\u2019n\u0131n karakteristik mimarisi ve sakin ya\u015fam\u0131 e\u015fli\u011finde ci\u011ferlerinizi buram buram iyot ve \u00e7am kokan Ege havas\u0131 ile doldurmaya ne dersiniz?\" \/>\n<meta property=\"og:url\" content=\"https:\/\/julesverne.com.tr\/travel-blog\/cocuklu-aileler-icin-yunan-adalari-rehberi\/\" \/>\n<meta property=\"og:site_name\" content=\"JULES VERNE BUSINESS MICE TRAVEL\" \/>\n<meta property=\"article:publisher\" content=\"https:\/\/www.facebook.com\/JulesVerneBusinessMiceTravel\/\" \/>\n<meta property=\"article:published_time\" content=\"2022-07-11T11:10:56+00:00\" \/>\n<meta property=\"article:modified_time\" content=\"2022-07-14T04:57:49+00:00\" \/>\n<meta property=\"og:image\" content=\"https:\/\/julesverne.com.tr\/wp-content\/uploads\/2020\/09\/mykonos.jpg\" \/>\n\t<meta property=\"og:image:width\" content=\"600\" \/>\n\t<meta property=\"og:image:height\" content=\"399\" \/>\n\t<meta property=\"og:image:type\" content=\"image\/jpeg\" \/>\n<meta name=\"author\" content=\"fikirman\" \/>\n<meta name=\"twitter:card\" content=\"summary_large_image\" \/>\n<meta name=\"twitter:creator\" content=\"@JV_BusinessMice\" \/>\n<meta name=\"twitter:site\" content=\"@JV_BusinessMice\" \/>\n<meta name=\"twitter:label1\" content=\"Written by\" \/>\n\t<meta name=\"twitter:data1\" content=\"fikirman\" \/>\n\t<meta name=\"twitter:label2\" content=\"Est. reading time\" \/>\n\t<meta name=\"twitter:data2\" content=\"7 minutes\" \/>\n<script type=\"application\/ld+json\" class=\"yoast-schema-graph\">{\"@context\":\"https:\/\/schema.org\",\"@graph\":[{\"@type\":\"Article\",\"@id\":\"https:\/\/julesverne.com.tr\/travel-blog\/cocuklu-aileler-icin-yunan-adalari-rehberi\/#article\",\"isPartOf\":{\"@id\":\"https:\/\/julesverne.com.tr\/travel-blog\/cocuklu-aileler-icin-yunan-adalari-rehberi\/\"},\"author\":{\"name\":\"fikirman\",\"@id\":\"https:\/\/julesverne.com.tr\/#\/schema\/person\/f4eb0514ae455538644c31b99a466fdb\"},\"headline\":\"\u00c7ocuklu Aileler \u0130\u00e7in Yunan Adalar\u0131 Rehberi\",\"datePublished\":\"2022-07-11T11:10:56+00:00\",\"dateModified\":\"2022-07-14T04:57:49+00:00\",\"mainEntityOfPage\":{\"@id\":\"https:\/\/julesverne.com.tr\/travel-blog\/cocuklu-aileler-icin-yunan-adalari-rehberi\/\"},\"wordCount\":2553,\"publisher\":{\"@id\":\"https:\/\/julesverne.com.tr\/#organization\"},\"image\":{\"@id\":\"https:\/\/julesverne.com.tr\/travel-blog\/cocuklu-aileler-icin-yunan-adalari-rehberi\/#primaryimage\"},\"thumbnailUrl\":\"https:\/\/julesverne.com.tr\/wp-content\/uploads\/2020\/09\/mykonos.jpg\",\"keywords\":[\"Blog\",\"\u0130lham Veren Destinasyonlar\",\"Nereye Gitsek\"],\"articleSection\":[\"\u0130lham Veren Destinasyonlar\",\"Blog\",\"Nereye Gitsek?\"],\"inLanguage\":\"en-US\"},{\"@type\":\"WebPage\",\"@id\":\"https:\/\/julesverne.com.tr\/travel-blog\/cocuklu-aileler-icin-yunan-adalari-rehberi\/\",\"url\":\"https:\/\/julesverne.com.tr\/travel-blog\/cocuklu-aileler-icin-yunan-adalari-rehberi\/\",\"name\":\"\u00c7ocuklu Aileler \u0130\u00e7in Yunan Adalar\u0131 Rehberi - JULES VERNE BUSINESS MICE TRAVEL\",\"isPartOf\":{\"@id\":\"https:\/\/julesverne.com.tr\/#website\"},\"primaryImageOfPage\":{\"@id\":\"https:\/\/julesverne.com.tr\/travel-blog\/cocuklu-aileler-icin-yunan-adalari-rehberi\/#primaryimage\"},\"image\":{\"@id\":\"https:\/\/julesverne.com.tr\/travel-blog\/cocuklu-aileler-icin-yunan-adalari-rehberi\/#primaryimage\"},\"thumbnailUrl\":\"https:\/\/julesverne.com.tr\/wp-content\/uploads\/2020\/09\/mykonos.jpg\",\"datePublished\":\"2022-07-11T11:10:56+00:00\",\"dateModified\":\"2022-07-14T04:57:49+00:00\",\"description\":\"Bu yaz \u00e7ocuklar\u0131n\u0131zla birlikte Yunan Adalar\u0131\u2019n\u0131n karakteristik mimarisi ve sakin ya\u015fam\u0131 e\u015fli\u011finde ci\u011ferlerinizi buram buram iyot ve \u00e7am kokan Ege havas\u0131 ile doldurmaya ne dersiniz?\",\"breadcrumb\":{\"@id\":\"https:\/\/julesverne.com.tr\/travel-blog\/cocuklu-aileler-icin-yunan-adalari-rehberi\/#breadcrumb\"},\"inLanguage\":\"en-US\",\"potentialAction\":[{\"@type\":\"ReadAction\",\"target\":[\"https:\/\/julesverne.com.tr\/travel-blog\/cocuklu-aileler-icin-yunan-adalari-rehberi\/\"]}]},{\"@type\":\"ImageObject\",\"inLanguage\":\"en-US\",\"@id\":\"https:\/\/julesverne.com.tr\/travel-blog\/cocuklu-aileler-icin-yunan-adalari-rehberi\/#primaryimage\",\"url\":\"https:\/\/julesverne.com.tr\/wp-content\/uploads\/2020\/09\/mykonos.jpg\",\"contentUrl\":\"https:\/\/julesverne.com.tr\/wp-content\/uploads\/2020\/09\/mykonos.jpg\",\"width\":600,\"height\":399},{\"@type\":\"BreadcrumbList\",\"@id\":\"https:\/\/julesverne.com.tr\/travel-blog\/cocuklu-aileler-icin-yunan-adalari-rehberi\/#breadcrumb\",\"itemListElement\":[{\"@type\":\"ListItem\",\"position\":1,\"name\":\"Anasayfa\",\"item\":\"https:\/\/julesverne.com.tr\/\"},{\"@type\":\"ListItem\",\"position\":2,\"name\":\"\u00c7ocuklu Aileler \u0130\u00e7in Yunan Adalar\u0131 Rehberi\"}]},{\"@type\":\"WebSite\",\"@id\":\"https:\/\/julesverne.com.tr\/#website\",\"url\":\"https:\/\/julesverne.com.tr\/\",\"name\":\"JULES VERNE BUSINESS MICE TRAVEL\",\"description\":\"\",\"publisher\":{\"@id\":\"https:\/\/julesverne.com.tr\/#organization\"},\"potentialAction\":[{\"@type\":\"SearchAction\",\"target\":{\"@type\":\"EntryPoint\",\"urlTemplate\":\"https:\/\/julesverne.com.tr\/?s={search_term_string}\"},\"query-input\":\"required name=search_term_string\"}],\"inLanguage\":\"en-US\"},{\"@type\":\"Organization\",\"@id\":\"https:\/\/julesverne.com.tr\/#organization\",\"name\":\"JULES VERNE BUSINESS MICE TRAVEL\",\"url\":\"https:\/\/julesverne.com.tr\/\",\"logo\":{\"@type\":\"ImageObject\",\"inLanguage\":\"en-US\",\"@id\":\"https:\/\/julesverne.com.tr\/#\/schema\/logo\/image\/\",\"url\":\"https:\/\/julesverne.com.tr\/wp-content\/uploads\/2020\/09\/jv-bmt-logo.png\",\"contentUrl\":\"https:\/\/julesverne.com.tr\/wp-content\/uploads\/2020\/09\/jv-bmt-logo.png\",\"width\":110,\"height\":81,\"caption\":\"JULES VERNE BUSINESS MICE TRAVEL\"},\"image\":{\"@id\":\"https:\/\/julesverne.com.tr\/#\/schema\/logo\/image\/\"},\"sameAs\":[\"https:\/\/www.facebook.com\/JulesVerneBusinessMiceTravel\/\",\"https:\/\/twitter.com\/JV_BusinessMice\",\"https:\/\/www.instagram.com\/julesvernebusinessmicetravel\/\",\"https:\/\/www.linkedin.com\/company\/julesvernebusinessmicetravel\/\",\"https:\/\/www.youtube.com\/channel\/UCAwdsmbZ6tFhu1tea6pkpiw\"]},{\"@type\":\"Person\",\"@id\":\"https:\/\/julesverne.com.tr\/#\/schema\/person\/f4eb0514ae455538644c31b99a466fdb\",\"name\":\"fikirman\",\"sameAs\":[\"http:\/\/advermedya.net\/julesverne\"],\"url\":\"https:\/\/julesverne.com.tr\/en\/author\/fikirman\/\"}]}<\/script>\n<!-- \/ Yoast SEO plugin. -->","yoast_head_json":{"title":"\u00c7ocuklu Aileler \u0130\u00e7in Yunan Adalar\u0131 Rehberi - JULES VERNE BUSINESS MICE TRAVEL","description":"Bu yaz \u00e7ocuklar\u0131n\u0131zla birlikte Yunan Adalar\u0131\u2019n\u0131n karakteristik mimarisi ve sakin ya\u015fam\u0131 e\u015fli\u011finde ci\u011ferlerinizi buram buram iyot ve \u00e7am kokan Ege havas\u0131 ile doldurmaya ne dersiniz?","robots":{"index":"index","follow":"follow","max-snippet":"max-snippet:-1","max-image-preview":"max-image-preview:large","max-video-preview":"max-video-preview:-1"},"canonical":"https:\/\/julesverne.com.tr\/travel-blog\/cocuklu-aileler-icin-yunan-adalari-rehberi\/","og_locale":"en_US","og_type":"article","og_title":"\u00c7ocuklu Aileler \u0130\u00e7in Yunan Adalar\u0131 Rehberi - JULES VERNE BUSINESS MICE TRAVEL","og_description":"Bu yaz \u00e7ocuklar\u0131n\u0131zla birlikte Yunan Adalar\u0131\u2019n\u0131n karakteristik mimarisi ve sakin ya\u015fam\u0131 e\u015fli\u011finde ci\u011ferlerinizi buram buram iyot ve \u00e7am kokan Ege havas\u0131 ile doldurmaya ne dersiniz?","og_url":"https:\/\/julesverne.com.tr\/travel-blog\/cocuklu-aileler-icin-yunan-adalari-rehberi\/","og_site_name":"JULES VERNE BUSINESS MICE TRAVEL","article_publisher":"https:\/\/www.facebook.com\/JulesVerneBusinessMiceTravel\/","article_published_time":"2022-07-11T11:10:56+00:00","article_modified_time":"2022-07-14T04:57:49+00:00","og_image":[{"width":600,"height":399,"url":"https:\/\/julesverne.com.tr\/wp-content\/uploads\/2020\/09\/mykonos.jpg","type":"image\/jpeg"}],"author":"fikirman","twitter_card":"summary_large_image","twitter_creator":"@JV_BusinessMice","twitter_site":"@JV_BusinessMice","twitter_misc":{"Written by":"fikirman","Est. reading time":"7 minutes"},"schema":{"@context":"https:\/\/schema.org","@graph":[{"@type":"Article","@id":"https:\/\/julesverne.com.tr\/travel-blog\/cocuklu-aileler-icin-yunan-adalari-rehberi\/#article","isPartOf":{"@id":"https:\/\/julesverne.com.tr\/travel-blog\/cocuklu-aileler-icin-yunan-adalari-rehberi\/"},"author":{"name":"fikirman","@id":"https:\/\/julesverne.com.tr\/#\/schema\/person\/f4eb0514ae455538644c31b99a466fdb"},"headline":"\u00c7ocuklu Aileler \u0130\u00e7in Yunan Adalar\u0131 Rehberi","datePublished":"2022-07-11T11:10:56+00:00","dateModified":"2022-07-14T04:57:49+00:00","mainEntityOfPage":{"@id":"https:\/\/julesverne.com.tr\/travel-blog\/cocuklu-aileler-icin-yunan-adalari-rehberi\/"},"wordCount":2553,"publisher":{"@id":"https:\/\/julesverne.com.tr\/#organization"},"image":{"@id":"https:\/\/julesverne.com.tr\/travel-blog\/cocuklu-aileler-icin-yunan-adalari-rehberi\/#primaryimage"},"thumbnailUrl":"https:\/\/julesverne.com.tr\/wp-content\/uploads\/2020\/09\/mykonos.jpg","keywords":["Blog","\u0130lham Veren Destinasyonlar","Nereye Gitsek"],"articleSection":["\u0130lham Veren Destinasyonlar","Blog","Nereye Gitsek?"],"inLanguage":"en-US"},{"@type":"WebPage","@id":"https:\/\/julesverne.com.tr\/travel-blog\/cocuklu-aileler-icin-yunan-adalari-rehberi\/","url":"https:\/\/julesverne.com.tr\/travel-blog\/cocuklu-aileler-icin-yunan-adalari-rehberi\/","name":"\u00c7ocuklu Aileler \u0130\u00e7in Yunan Adalar\u0131 Rehberi - JULES VERNE BUSINESS MICE TRAVEL","isPartOf":{"@id":"https:\/\/julesverne.com.tr\/#website"},"primaryImageOfPage":{"@id":"https:\/\/julesverne.com.tr\/travel-blog\/cocuklu-aileler-icin-yunan-adalari-rehberi\/#primaryimage"},"image":{"@id":"https:\/\/julesverne.com.tr\/travel-blog\/cocuklu-aileler-icin-yunan-adalari-rehberi\/#primaryimage"},"thumbnailUrl":"https:\/\/julesverne.com.tr\/wp-content\/uploads\/2020\/09\/mykonos.jpg","datePublished":"2022-07-11T11:10:56+00:00","dateModified":"2022-07-14T04:57:49+00:00","description":"Bu yaz \u00e7ocuklar\u0131n\u0131zla birlikte Yunan Adalar\u0131\u2019n\u0131n karakteristik mimarisi ve sakin ya\u015fam\u0131 e\u015fli\u011finde ci\u011ferlerinizi buram buram iyot ve \u00e7am kokan Ege havas\u0131 ile doldurmaya ne dersiniz?","breadcrumb":{"@id":"https:\/\/julesverne.com.tr\/travel-blog\/cocuklu-aileler-icin-yunan-adalari-rehberi\/#breadcrumb"},"inLanguage":"en-US","potentialAction":[{"@type":"ReadAction","target":["https:\/\/julesverne.com.tr\/travel-blog\/cocuklu-aileler-icin-yunan-adalari-rehberi\/"]}]},{"@type":"ImageObject","inLanguage":"en-US","@id":"https:\/\/julesverne.com.tr\/travel-blog\/cocuklu-aileler-icin-yunan-adalari-rehberi\/#primaryimage","url":"https:\/\/julesverne.com.tr\/wp-content\/uploads\/2020\/09\/mykonos.jpg","contentUrl":"https:\/\/julesverne.com.tr\/wp-content\/uploads\/2020\/09\/mykonos.jpg","width":600,"height":399},{"@type":"BreadcrumbList","@id":"https:\/\/julesverne.com.tr\/travel-blog\/cocuklu-aileler-icin-yunan-adalari-rehberi\/#breadcrumb","itemListElement":[{"@type":"ListItem","position":1,"name":"Anasayfa","item":"https:\/\/julesverne.com.tr\/"},{"@type":"ListItem","position":2,"name":"\u00c7ocuklu Aileler \u0130\u00e7in Yunan Adalar\u0131 Rehberi"}]},{"@type":"WebSite","@id":"https:\/\/julesverne.com.tr\/#website","url":"https:\/\/julesverne.com.tr\/","name":"JULES VERNE BUSINESS MICE TRAVEL","description":"","publisher":{"@id":"https:\/\/julesverne.com.tr\/#organization"},"potentialAction":[{"@type":"SearchAction","target":{"@type":"EntryPoint","urlTemplate":"https:\/\/julesverne.com.tr\/?s={search_term_string}"},"query-input":"required name=search_term_string"}],"inLanguage":"en-US"},{"@type":"Organization","@id":"https:\/\/julesverne.com.tr\/#organization","name":"JULES VERNE BUSINESS MICE TRAVEL","url":"https:\/\/julesverne.com.tr\/","logo":{"@type":"ImageObject","inLanguage":"en-US","@id":"https:\/\/julesverne.com.tr\/#\/schema\/logo\/image\/","url":"https:\/\/julesverne.com.tr\/wp-content\/uploads\/2020\/09\/jv-bmt-logo.png","contentUrl":"https:\/\/julesverne.com.tr\/wp-content\/uploads\/2020\/09\/jv-bmt-logo.png","width":110,"height":81,"caption":"JULES VERNE BUSINESS MICE TRAVEL"},"image":{"@id":"https:\/\/julesverne.com.tr\/#\/schema\/logo\/image\/"},"sameAs":["https:\/\/www.facebook.com\/JulesVerneBusinessMiceTravel\/","https:\/\/twitter.com\/JV_BusinessMice","https:\/\/www.instagram.com\/julesvernebusinessmicetravel\/","https:\/\/www.linkedin.com\/company\/julesvernebusinessmicetravel\/","https:\/\/www.youtube.com\/channel\/UCAwdsmbZ6tFhu1tea6pkpiw"]},{"@type":"Person","@id":"https:\/\/julesverne.com.tr\/#\/schema\/person\/f4eb0514ae455538644c31b99a466fdb","name":"fikirman","sameAs":["http:\/\/advermedya.net\/julesverne"],"url":"https:\/\/julesverne.com.tr\/en\/author\/fikirman\/"}]}},"_links":{"self":[{"href":"https:\/\/julesverne.com.tr\/en\/wp-json\/wp\/v2\/posts\/1693"}],"collection":[{"href":"https:\/\/julesverne.com.tr\/en\/wp-json\/wp\/v2\/posts"}],"about":[{"href":"https:\/\/julesverne.com.tr\/en\/wp-json\/wp\/v2\/types\/post"}],"author":[{"embeddable":true,"href":"https:\/\/julesverne.com.tr\/en\/wp-json\/wp\/v2\/users\/1"}],"replies":[{"embeddable":true,"href":"https:\/\/julesverne.com.tr\/en\/wp-json\/wp\/v2\/comments?post=1693"}],"version-history":[{"count":4,"href":"https:\/\/julesverne.com.tr\/en\/wp-json\/wp\/v2\/posts\/1693\/revisions"}],"predecessor-version":[{"id":13856,"href":"https:\/\/julesverne.com.tr\/en\/wp-json\/wp\/v2\/posts\/1693\/revisions\/13856"}],"wp:featuredmedia":[{"embeddable":true,"href":"https:\/\/julesverne.com.tr\/en\/wp-json\/wp\/v2\/media\/1694"}],"wp:attachment":[{"href":"https:\/\/julesverne.com.tr\/en\/wp-json\/wp\/v2\/media?parent=1693"}],"wp:term":[{"taxonomy":"category","embeddable":true,"href":"https:\/\/julesverne.com.tr\/en\/wp-json\/wp\/v2\/categories?post=1693"},{"taxonomy":"post_tag","embeddable":true,"href":"https:\/\/julesverne.com.tr\/en\/wp-json\/wp\/v2\/tags?post=1693"}],"curies":[{"name":"wp","href":"https:\/\/api.w.org\/{rel}","templated":true}]}}