{"id":1689,"date":"2017-03-16T12:10:12","date_gmt":"2017-03-16T09:10:12","guid":{"rendered":"https:\/\/www.julesverne.com.tr\/\/blog\/yunan-adalarina-kapida-vize-uygulamasi-uzatildi\/"},"modified":"2021-09-13T11:58:00","modified_gmt":"2021-09-13T08:58:00","slug":"yunan-adalarina-kapida-vize-uygulamasi-uzatildi","status":"publish","type":"post","link":"https:\/\/julesverne.com.tr\/en\/travel-blog\/yunan-adalarina-kapida-vize-uygulamasi-uzatildi\/","title":{"rendered":"Yunan Adalar\u0131na kap\u0131da vize uygulamas\u0131 uzat\u0131ld\u0131&#8230;"},"content":{"rendered":"<h4 style=\"text-align: center;\">B\u00fcy\u00fck \u00e7o\u011funlu\u011funu T\u00fcrkler\u2019in olu\u015fturdu\u011fu Yunan Adalar\u0131 ziyaret\u00e7ileri i\u00e7in g\u00fczel haber\u2026\u00a0Kap\u0131da vize uygulamas\u0131 bir y\u0131l daha uzat\u0131l\u0131yor!<\/h4>\n<p><img loading=\"lazy\" decoding=\"async\" class=\"alignnone size-full wp-image-5944\" src=\"https:\/\/www.julesverne.com.tr\/\/wp-content\/uploads\/2020\/09\/patmos-2.jpg\" alt=\"Patmos\" width=\"1000\" height=\"667\" srcset=\"https:\/\/julesverne.com.tr\/wp-content\/uploads\/2020\/09\/patmos-2.jpg 1000w, https:\/\/julesverne.com.tr\/wp-content\/uploads\/2020\/09\/patmos-2-500x334.jpg 500w, https:\/\/julesverne.com.tr\/wp-content\/uploads\/2020\/09\/patmos-2-768x512.jpg 768w\" sizes=\"(max-width: 1000px) 100vw, 1000px\" \/><\/p>\n<p style=\"text-align: justify;\">Midilli, Sak\u0131z, Rodos, \u0130stank\u00f6y, S\u00f6mbeki, Sisam, Patos, Lypsi, Symi, Leros ve Meis\u2026 T\u00fcm bu adalar i\u00e7in 2012 y\u0131l\u0131ndan bu yana Nisan-Ekim aylar\u0131 aras\u0131nda ge\u00e7erli olan uygulamayla T\u00fcrk turistlerin adalara seyahatlerinde limanda vize verilerek \u00f6nemli bir kolayl\u0131k sa\u011flan\u0131yor.<\/p>\n<p><img loading=\"lazy\" decoding=\"async\" class=\"alignnone size-full wp-image-5945\" src=\"https:\/\/www.julesverne.com.tr\/\/wp-content\/uploads\/2020\/09\/middilli.jpg\" alt=\"Midilli\" width=\"1280\" height=\"800\" srcset=\"https:\/\/julesverne.com.tr\/wp-content\/uploads\/2020\/09\/middilli.jpg 1280w, https:\/\/julesverne.com.tr\/wp-content\/uploads\/2020\/09\/middilli-500x313.jpg 500w, https:\/\/julesverne.com.tr\/wp-content\/uploads\/2020\/09\/middilli-768x480.jpg 768w\" sizes=\"(max-width: 1280px) 100vw, 1280px\" \/><\/p>\n<p>Yunanistan\u2019\u0131n Avrupa \u0130\u015flerinden Sorumlu D\u0131\u015fi\u015fleri Bakan Vekili Yorgos Katrougalos, Yunan adalar\u0131na giri\u015fte, kap\u0131da vize al\u0131nabilmesini sa\u011flayan uygulaman\u0131n bir y\u0131l daha uzat\u0131laca\u011f\u0131n\u0131 s\u00f6yledi. Yorgos Katrougalos, daha \u00f6nce aksi y\u00f6nde verilen karar\u0131n de\u011fi\u015ftirilmesi i\u00e7in h\u00fck\u00fcmetin \u00e7aba harcad\u0131\u011f\u0131na dikkati \u00e7ekerek, \u201cEn sonunda \u00e7al\u0131\u015fmalar\u0131m\u0131z \u00fcr\u00fcn verdi, AB Komisyonunun G\u00f6\u00e7ten Sorumlu \u00fcyesi Dimitris Avramopulos d\u00fcn Br\u00fcksel\u2019de s\u00f6z konusu adalar\u0131n belediye ba\u015fkanlar\u0131na \u2018kap\u0131da vize\u2019 uygulamas\u0131n\u0131n bir y\u0131l daha uzat\u0131ld\u0131\u011f\u0131n\u0131 s\u00f6yledi.\u201d ifadesini kulland\u0131.\u201cKap\u0131da vize\u201d uygulamas\u0131n\u0131n uzat\u0131lacak olmas\u0131ndan memnuniyet duyduklar\u0131n\u0131 dile getiren Katrougalos, \u201cB\u00f6ylece bu y\u0131l da program uygulanmaya devam edecek. AB Komisyonundan resmi yan\u0131t\u0131 \u00f6n\u00fcm\u00fczdeki g\u00fcnlerde bekliyoruz.\u201d diye konu\u015ftu.<\/p>\n<p><img loading=\"lazy\" decoding=\"async\" class=\"alignnone size-full wp-image-5946\" src=\"https:\/\/www.julesverne.com.tr\/\/wp-content\/uploads\/2020\/09\/simi-adasi-yunanistan-900x600-1.jpg\" alt=\"symi\" width=\"900\" height=\"600\" srcset=\"https:\/\/julesverne.com.tr\/wp-content\/uploads\/2020\/09\/simi-adasi-yunanistan-900x600-1.jpg 900w, https:\/\/julesverne.com.tr\/wp-content\/uploads\/2020\/09\/simi-adasi-yunanistan-900x600-1-500x333.jpg 500w, https:\/\/julesverne.com.tr\/wp-content\/uploads\/2020\/09\/simi-adasi-yunanistan-900x600-1-768x512.jpg 768w\" sizes=\"(max-width: 900px) 100vw, 900px\" \/><\/p>\n<p style=\"text-align: justify;\">G\u00f6\u00e7men kriziyle darbe alan ve turizm gelirlerinde d\u00fc\u015f\u00fc\u015f ya\u015fayan adalar\u0131 ziyaret eden T\u00fcrkler, toplam turist say\u0131s\u0131n\u0131n yakla\u015f\u0131k yar\u0131s\u0131n\u0131 olu\u015fturuyor.<\/p>\n<p style=\"text-align: justify;\">Kaynak: Turizm Global<\/p>\n<p style=\"text-align: justify;\">\n","protected":false},"excerpt":{"rendered":"<p>Yunan adalar\u0131na giri\u015fte, kap\u0131da vize al\u0131nabilmesini sa\u011flayan uygulama bir y\u0131l daha uzat\u0131l\u0131yor!<\/p>\n","protected":false},"author":1,"featured_media":1690,"comment_status":"closed","ping_status":"closed","sticky":false,"template":"","format":"standard","meta":{"inline_featured_image":false,"footnotes":""},"categories":[1],"tags":[],"acf":[],"yoast_head":"<!-- This site is optimized with the Yoast SEO plugin v22.3 - https:\/\/yoast.com\/wordpress\/plugins\/seo\/ -->\n<title>Yunan Adalar\u0131na kap\u0131da vize uygulamas\u0131 uzat\u0131ld\u0131... - JULES VERNE BUSINESS MICE TRAVEL<\/title>\n<meta name=\"robots\" content=\"index, follow, max-snippet:-1, max-image-preview:large, max-video-preview:-1\" \/>\n<link rel=\"canonical\" href=\"https:\/\/julesverne.com.tr\/travel-blog\/yunan-adalarina-kapida-vize-uygulamasi-uzatildi\/\" \/>\n<meta property=\"og:locale\" content=\"en_US\" \/>\n<meta property=\"og:type\" content=\"article\" \/>\n<meta property=\"og:title\" content=\"Yunan Adalar\u0131na kap\u0131da vize uygulamas\u0131 uzat\u0131ld\u0131... - JULES VERNE BUSINESS MICE TRAVEL\" \/>\n<meta property=\"og:description\" content=\"Yunan adalar\u0131na giri\u015fte, kap\u0131da vize al\u0131nabilmesini sa\u011flayan uygulama bir y\u0131l daha uzat\u0131l\u0131yor!\" \/>\n<meta property=\"og:url\" content=\"https:\/\/julesverne.com.tr\/travel-blog\/yunan-adalarina-kapida-vize-uygulamasi-uzatildi\/\" \/>\n<meta property=\"og:site_name\" content=\"JULES VERNE BUSINESS MICE TRAVEL\" \/>\n<meta property=\"article:publisher\" content=\"https:\/\/www.facebook.com\/JulesVerneBusinessMiceTravel\/\" \/>\n<meta property=\"article:published_time\" content=\"2017-03-16T09:10:12+00:00\" \/>\n<meta property=\"article:modified_time\" content=\"2021-09-13T08:58:00+00:00\" \/>\n<meta property=\"og:image\" content=\"https:\/\/julesverne.com.tr\/wp-content\/uploads\/2020\/09\/patmos.jpg\" \/>\n\t<meta property=\"og:image:width\" content=\"1000\" \/>\n\t<meta property=\"og:image:height\" content=\"667\" \/>\n\t<meta property=\"og:image:type\" content=\"image\/jpeg\" \/>\n<meta name=\"author\" content=\"fikirman\" \/>\n<meta name=\"twitter:card\" content=\"summary_large_image\" \/>\n<meta name=\"twitter:creator\" content=\"@JV_BusinessMice\" \/>\n<meta name=\"twitter:site\" content=\"@JV_BusinessMice\" \/>\n<meta name=\"twitter:label1\" content=\"Written by\" \/>\n\t<meta name=\"twitter:data1\" content=\"fikirman\" \/>\n\t<meta name=\"twitter:label2\" content=\"Est. reading time\" \/>\n\t<meta name=\"twitter:data2\" content=\"1 minute\" \/>\n<script type=\"application\/ld+json\" class=\"yoast-schema-graph\">{\"@context\":\"https:\/\/schema.org\",\"@graph\":[{\"@type\":\"Article\",\"@id\":\"https:\/\/julesverne.com.tr\/travel-blog\/yunan-adalarina-kapida-vize-uygulamasi-uzatildi\/#article\",\"isPartOf\":{\"@id\":\"https:\/\/julesverne.com.tr\/travel-blog\/yunan-adalarina-kapida-vize-uygulamasi-uzatildi\/\"},\"author\":{\"name\":\"fikirman\",\"@id\":\"https:\/\/julesverne.com.tr\/#\/schema\/person\/f4eb0514ae455538644c31b99a466fdb\"},\"headline\":\"Yunan Adalar\u0131na kap\u0131da vize uygulamas\u0131 uzat\u0131ld\u0131&#8230;\",\"datePublished\":\"2017-03-16T09:10:12+00:00\",\"dateModified\":\"2021-09-13T08:58:00+00:00\",\"mainEntityOfPage\":{\"@id\":\"https:\/\/julesverne.com.tr\/travel-blog\/yunan-adalarina-kapida-vize-uygulamasi-uzatildi\/\"},\"wordCount\":268,\"publisher\":{\"@id\":\"https:\/\/julesverne.com.tr\/#organization\"},\"image\":{\"@id\":\"https:\/\/julesverne.com.tr\/travel-blog\/yunan-adalarina-kapida-vize-uygulamasi-uzatildi\/#primaryimage\"},\"thumbnailUrl\":\"https:\/\/julesverne.com.tr\/wp-content\/uploads\/2020\/09\/patmos.jpg\",\"articleSection\":[\"Blog\"],\"inLanguage\":\"en-US\"},{\"@type\":\"WebPage\",\"@id\":\"https:\/\/julesverne.com.tr\/travel-blog\/yunan-adalarina-kapida-vize-uygulamasi-uzatildi\/\",\"url\":\"https:\/\/julesverne.com.tr\/travel-blog\/yunan-adalarina-kapida-vize-uygulamasi-uzatildi\/\",\"name\":\"Yunan Adalar\u0131na kap\u0131da vize uygulamas\u0131 uzat\u0131ld\u0131... - JULES VERNE BUSINESS MICE TRAVEL\",\"isPartOf\":{\"@id\":\"https:\/\/julesverne.com.tr\/#website\"},\"primaryImageOfPage\":{\"@id\":\"https:\/\/julesverne.com.tr\/travel-blog\/yunan-adalarina-kapida-vize-uygulamasi-uzatildi\/#primaryimage\"},\"image\":{\"@id\":\"https:\/\/julesverne.com.tr\/travel-blog\/yunan-adalarina-kapida-vize-uygulamasi-uzatildi\/#primaryimage\"},\"thumbnailUrl\":\"https:\/\/julesverne.com.tr\/wp-content\/uploads\/2020\/09\/patmos.jpg\",\"datePublished\":\"2017-03-16T09:10:12+00:00\",\"dateModified\":\"2021-09-13T08:58:00+00:00\",\"breadcrumb\":{\"@id\":\"https:\/\/julesverne.com.tr\/travel-blog\/yunan-adalarina-kapida-vize-uygulamasi-uzatildi\/#breadcrumb\"},\"inLanguage\":\"en-US\",\"potentialAction\":[{\"@type\":\"ReadAction\",\"target\":[\"https:\/\/julesverne.com.tr\/travel-blog\/yunan-adalarina-kapida-vize-uygulamasi-uzatildi\/\"]}]},{\"@type\":\"ImageObject\",\"inLanguage\":\"en-US\",\"@id\":\"https:\/\/julesverne.com.tr\/travel-blog\/yunan-adalarina-kapida-vize-uygulamasi-uzatildi\/#primaryimage\",\"url\":\"https:\/\/julesverne.com.tr\/wp-content\/uploads\/2020\/09\/patmos.jpg\",\"contentUrl\":\"https:\/\/julesverne.com.tr\/wp-content\/uploads\/2020\/09\/patmos.jpg\",\"width\":1000,\"height\":667},{\"@type\":\"BreadcrumbList\",\"@id\":\"https:\/\/julesverne.com.tr\/travel-blog\/yunan-adalarina-kapida-vize-uygulamasi-uzatildi\/#breadcrumb\",\"itemListElement\":[{\"@type\":\"ListItem\",\"position\":1,\"name\":\"Anasayfa\",\"item\":\"https:\/\/julesverne.com.tr\/\"},{\"@type\":\"ListItem\",\"position\":2,\"name\":\"Yunan Adalar\u0131na kap\u0131da vize uygulamas\u0131 uzat\u0131ld\u0131&#8230;\"}]},{\"@type\":\"WebSite\",\"@id\":\"https:\/\/julesverne.com.tr\/#website\",\"url\":\"https:\/\/julesverne.com.tr\/\",\"name\":\"JULES VERNE BUSINESS MICE TRAVEL\",\"description\":\"\",\"publisher\":{\"@id\":\"https:\/\/julesverne.com.tr\/#organization\"},\"potentialAction\":[{\"@type\":\"SearchAction\",\"target\":{\"@type\":\"EntryPoint\",\"urlTemplate\":\"https:\/\/julesverne.com.tr\/?s={search_term_string}\"},\"query-input\":\"required name=search_term_string\"}],\"inLanguage\":\"en-US\"},{\"@type\":\"Organization\",\"@id\":\"https:\/\/julesverne.com.tr\/#organization\",\"name\":\"JULES VERNE BUSINESS MICE TRAVEL\",\"url\":\"https:\/\/julesverne.com.tr\/\",\"logo\":{\"@type\":\"ImageObject\",\"inLanguage\":\"en-US\",\"@id\":\"https:\/\/julesverne.com.tr\/#\/schema\/logo\/image\/\",\"url\":\"https:\/\/julesverne.com.tr\/wp-content\/uploads\/2020\/09\/jv-bmt-logo.png\",\"contentUrl\":\"https:\/\/julesverne.com.tr\/wp-content\/uploads\/2020\/09\/jv-bmt-logo.png\",\"width\":110,\"height\":81,\"caption\":\"JULES VERNE BUSINESS MICE TRAVEL\"},\"image\":{\"@id\":\"https:\/\/julesverne.com.tr\/#\/schema\/logo\/image\/\"},\"sameAs\":[\"https:\/\/www.facebook.com\/JulesVerneBusinessMiceTravel\/\",\"https:\/\/twitter.com\/JV_BusinessMice\",\"https:\/\/www.instagram.com\/julesvernebusinessmicetravel\/\",\"https:\/\/www.linkedin.com\/company\/julesvernebusinessmicetravel\/\",\"https:\/\/www.youtube.com\/channel\/UCAwdsmbZ6tFhu1tea6pkpiw\"]},{\"@type\":\"Person\",\"@id\":\"https:\/\/julesverne.com.tr\/#\/schema\/person\/f4eb0514ae455538644c31b99a466fdb\",\"name\":\"fikirman\",\"sameAs\":[\"http:\/\/advermedya.net\/julesverne\"],\"url\":\"https:\/\/julesverne.com.tr\/en\/author\/fikirman\/\"}]}<\/script>\n<!-- \/ Yoast SEO plugin. -->","yoast_head_json":{"title":"Yunan Adalar\u0131na kap\u0131da vize uygulamas\u0131 uzat\u0131ld\u0131... - JULES VERNE BUSINESS MICE TRAVEL","robots":{"index":"index","follow":"follow","max-snippet":"max-snippet:-1","max-image-preview":"max-image-preview:large","max-video-preview":"max-video-preview:-1"},"canonical":"https:\/\/julesverne.com.tr\/travel-blog\/yunan-adalarina-kapida-vize-uygulamasi-uzatildi\/","og_locale":"en_US","og_type":"article","og_title":"Yunan Adalar\u0131na kap\u0131da vize uygulamas\u0131 uzat\u0131ld\u0131... - JULES VERNE BUSINESS MICE TRAVEL","og_description":"Yunan adalar\u0131na giri\u015fte, kap\u0131da vize al\u0131nabilmesini sa\u011flayan uygulama bir y\u0131l daha uzat\u0131l\u0131yor!","og_url":"https:\/\/julesverne.com.tr\/travel-blog\/yunan-adalarina-kapida-vize-uygulamasi-uzatildi\/","og_site_name":"JULES VERNE BUSINESS MICE TRAVEL","article_publisher":"https:\/\/www.facebook.com\/JulesVerneBusinessMiceTravel\/","article_published_time":"2017-03-16T09:10:12+00:00","article_modified_time":"2021-09-13T08:58:00+00:00","og_image":[{"width":1000,"height":667,"url":"https:\/\/julesverne.com.tr\/wp-content\/uploads\/2020\/09\/patmos.jpg","type":"image\/jpeg"}],"author":"fikirman","twitter_card":"summary_large_image","twitter_creator":"@JV_BusinessMice","twitter_site":"@JV_BusinessMice","twitter_misc":{"Written by":"fikirman","Est. reading time":"1 minute"},"schema":{"@context":"https:\/\/schema.org","@graph":[{"@type":"Article","@id":"https:\/\/julesverne.com.tr\/travel-blog\/yunan-adalarina-kapida-vize-uygulamasi-uzatildi\/#article","isPartOf":{"@id":"https:\/\/julesverne.com.tr\/travel-blog\/yunan-adalarina-kapida-vize-uygulamasi-uzatildi\/"},"author":{"name":"fikirman","@id":"https:\/\/julesverne.com.tr\/#\/schema\/person\/f4eb0514ae455538644c31b99a466fdb"},"headline":"Yunan Adalar\u0131na kap\u0131da vize uygulamas\u0131 uzat\u0131ld\u0131&#8230;","datePublished":"2017-03-16T09:10:12+00:00","dateModified":"2021-09-13T08:58:00+00:00","mainEntityOfPage":{"@id":"https:\/\/julesverne.com.tr\/travel-blog\/yunan-adalarina-kapida-vize-uygulamasi-uzatildi\/"},"wordCount":268,"publisher":{"@id":"https:\/\/julesverne.com.tr\/#organization"},"image":{"@id":"https:\/\/julesverne.com.tr\/travel-blog\/yunan-adalarina-kapida-vize-uygulamasi-uzatildi\/#primaryimage"},"thumbnailUrl":"https:\/\/julesverne.com.tr\/wp-content\/uploads\/2020\/09\/patmos.jpg","articleSection":["Blog"],"inLanguage":"en-US"},{"@type":"WebPage","@id":"https:\/\/julesverne.com.tr\/travel-blog\/yunan-adalarina-kapida-vize-uygulamasi-uzatildi\/","url":"https:\/\/julesverne.com.tr\/travel-blog\/yunan-adalarina-kapida-vize-uygulamasi-uzatildi\/","name":"Yunan Adalar\u0131na kap\u0131da vize uygulamas\u0131 uzat\u0131ld\u0131... - JULES VERNE BUSINESS MICE TRAVEL","isPartOf":{"@id":"https:\/\/julesverne.com.tr\/#website"},"primaryImageOfPage":{"@id":"https:\/\/julesverne.com.tr\/travel-blog\/yunan-adalarina-kapida-vize-uygulamasi-uzatildi\/#primaryimage"},"image":{"@id":"https:\/\/julesverne.com.tr\/travel-blog\/yunan-adalarina-kapida-vize-uygulamasi-uzatildi\/#primaryimage"},"thumbnailUrl":"https:\/\/julesverne.com.tr\/wp-content\/uploads\/2020\/09\/patmos.jpg","datePublished":"2017-03-16T09:10:12+00:00","dateModified":"2021-09-13T08:58:00+00:00","breadcrumb":{"@id":"https:\/\/julesverne.com.tr\/travel-blog\/yunan-adalarina-kapida-vize-uygulamasi-uzatildi\/#breadcrumb"},"inLanguage":"en-US","potentialAction":[{"@type":"ReadAction","target":["https:\/\/julesverne.com.tr\/travel-blog\/yunan-adalarina-kapida-vize-uygulamasi-uzatildi\/"]}]},{"@type":"ImageObject","inLanguage":"en-US","@id":"https:\/\/julesverne.com.tr\/travel-blog\/yunan-adalarina-kapida-vize-uygulamasi-uzatildi\/#primaryimage","url":"https:\/\/julesverne.com.tr\/wp-content\/uploads\/2020\/09\/patmos.jpg","contentUrl":"https:\/\/julesverne.com.tr\/wp-content\/uploads\/2020\/09\/patmos.jpg","width":1000,"height":667},{"@type":"BreadcrumbList","@id":"https:\/\/julesverne.com.tr\/travel-blog\/yunan-adalarina-kapida-vize-uygulamasi-uzatildi\/#breadcrumb","itemListElement":[{"@type":"ListItem","position":1,"name":"Anasayfa","item":"https:\/\/julesverne.com.tr\/"},{"@type":"ListItem","position":2,"name":"Yunan Adalar\u0131na kap\u0131da vize uygulamas\u0131 uzat\u0131ld\u0131&#8230;"}]},{"@type":"WebSite","@id":"https:\/\/julesverne.com.tr\/#website","url":"https:\/\/julesverne.com.tr\/","name":"JULES VERNE BUSINESS MICE TRAVEL","description":"","publisher":{"@id":"https:\/\/julesverne.com.tr\/#organization"},"potentialAction":[{"@type":"SearchAction","target":{"@type":"EntryPoint","urlTemplate":"https:\/\/julesverne.com.tr\/?s={search_term_string}"},"query-input":"required name=search_term_string"}],"inLanguage":"en-US"},{"@type":"Organization","@id":"https:\/\/julesverne.com.tr\/#organization","name":"JULES VERNE BUSINESS MICE TRAVEL","url":"https:\/\/julesverne.com.tr\/","logo":{"@type":"ImageObject","inLanguage":"en-US","@id":"https:\/\/julesverne.com.tr\/#\/schema\/logo\/image\/","url":"https:\/\/julesverne.com.tr\/wp-content\/uploads\/2020\/09\/jv-bmt-logo.png","contentUrl":"https:\/\/julesverne.com.tr\/wp-content\/uploads\/2020\/09\/jv-bmt-logo.png","width":110,"height":81,"caption":"JULES VERNE BUSINESS MICE TRAVEL"},"image":{"@id":"https:\/\/julesverne.com.tr\/#\/schema\/logo\/image\/"},"sameAs":["https:\/\/www.facebook.com\/JulesVerneBusinessMiceTravel\/","https:\/\/twitter.com\/JV_BusinessMice","https:\/\/www.instagram.com\/julesvernebusinessmicetravel\/","https:\/\/www.linkedin.com\/company\/julesvernebusinessmicetravel\/","https:\/\/www.youtube.com\/channel\/UCAwdsmbZ6tFhu1tea6pkpiw"]},{"@type":"Person","@id":"https:\/\/julesverne.com.tr\/#\/schema\/person\/f4eb0514ae455538644c31b99a466fdb","name":"fikirman","sameAs":["http:\/\/advermedya.net\/julesverne"],"url":"https:\/\/julesverne.com.tr\/en\/author\/fikirman\/"}]}},"_links":{"self":[{"href":"https:\/\/julesverne.com.tr\/en\/wp-json\/wp\/v2\/posts\/1689"}],"collection":[{"href":"https:\/\/julesverne.com.tr\/en\/wp-json\/wp\/v2\/posts"}],"about":[{"href":"https:\/\/julesverne.com.tr\/en\/wp-json\/wp\/v2\/types\/post"}],"author":[{"embeddable":true,"href":"https:\/\/julesverne.com.tr\/en\/wp-json\/wp\/v2\/users\/1"}],"replies":[{"embeddable":true,"href":"https:\/\/julesverne.com.tr\/en\/wp-json\/wp\/v2\/comments?post=1689"}],"version-history":[{"count":0,"href":"https:\/\/julesverne.com.tr\/en\/wp-json\/wp\/v2\/posts\/1689\/revisions"}],"wp:featuredmedia":[{"embeddable":true,"href":"https:\/\/julesverne.com.tr\/en\/wp-json\/wp\/v2\/media\/1690"}],"wp:attachment":[{"href":"https:\/\/julesverne.com.tr\/en\/wp-json\/wp\/v2\/media?parent=1689"}],"wp:term":[{"taxonomy":"category","embeddable":true,"href":"https:\/\/julesverne.com.tr\/en\/wp-json\/wp\/v2\/categories?post=1689"},{"taxonomy":"post_tag","embeddable":true,"href":"https:\/\/julesverne.com.tr\/en\/wp-json\/wp\/v2\/tags?post=1689"}],"curies":[{"name":"wp","href":"https:\/\/api.w.org\/{rel}","templated":true}]}}