{"id":1688,"date":"2017-03-15T15:59:47","date_gmt":"2017-03-15T12:59:47","guid":{"rendered":"https:\/\/www.julesverne.com.tr\/\/blog\/bir-masaldir-kapadokya-gezi-programi\/"},"modified":"2021-06-28T10:44:02","modified_gmt":"2021-06-28T07:44:02","slug":"bir-masaldir-kapadokya-gezi-programi","status":"publish","type":"post","link":"https:\/\/julesverne.com.tr\/en\/travel-blog\/bir-masaldir-kapadokya-gezi-programi\/","title":{"rendered":"&#8216;Bir Masald\u0131r Kapadokya&#8217; Gezi Program\u0131"},"content":{"rendered":"<h4 style=\"text-align: center;\">Bir masald\u0131r Kapadokya \u2026<\/h4>\n<h4 style=\"text-align: center;\">Anlat\u0131lmas\u0131 m\u00fcmk\u00fcn olmayan, ya\u015fanmas\u0131 gereken bir masal\u2026<\/h4>\n<h4><img loading=\"lazy\" decoding=\"async\" class=\"alignnone size-full wp-image-5948\" src=\"https:\/\/www.julesverne.com.tr\/\/wp-content\/uploads\/2020\/09\/a1.png\" alt=\"kapadokya\" width=\"1200\" height=\"628\" srcset=\"https:\/\/julesverne.com.tr\/wp-content\/uploads\/2020\/09\/a1.png 1200w, https:\/\/julesverne.com.tr\/wp-content\/uploads\/2020\/09\/a1-500x262.png 500w, https:\/\/julesverne.com.tr\/wp-content\/uploads\/2020\/09\/a1-768x402.png 768w\" sizes=\"(max-width: 1200px) 100vw, 1200px\" \/><\/h4>\n<p class=\"MsoNormal\" style=\"margin-bottom: 0.0001pt; line-height: normal; background-image: initial; background-position: initial; background-size: initial; background-repeat: initial; background-attachment: initial; background-origin: initial; background-clip: initial; text-align: justify;\"><strong><span style=\"font-size: 12.0pt;\">1.G\u00dcN, 11 Nisan 2017, Sal\u0131<br \/>\n<\/span><\/strong><\/p>\n<p class=\"MsoNormal\" style=\"text-align: justify;\">De\u011ferli Misafirlerimiz ile Atat\u00fcrk Havaalan\u0131&#8217;ndan <strong>T\u00fcrk Hava Yollar\u0131 TK 2026<\/strong> sefer say\u0131l\u0131 saat 08.55 u\u00e7a\u011f\u0131 ile Kayseri\u2019ye u\u00e7uyoruz. Saat 10.30\u2019da \u00a0Kayseri\u2019ye var\u0131\u015f\u0131m\u0131z\u0131n ard\u0131ndan\u00f6nce \u00f6zel \u00a0arac\u0131m\u0131z ile Kapadokya\u2019da \u00f6d\u00fcll\u00fc butik otel <strong>Argos Otel<\/strong>\u2019e \u00a0yerle\u015fiyoruz. Otelimize yerle\u015fmemizin ard\u0131ndan ilk dura\u011f\u0131m\u0131z yanarda\u011f t\u00fcflerinden olu\u015fan topraklar\u0131n y\u00fczey sular\u0131yla a\u015f\u0131nmas\u0131 sonucu olu\u015fan <strong>G\u00f6reme Vadisi<\/strong>&#8216;ni ziyaret ediyor akabinde \u00f6\u011fle yeme\u011fimizi al\u0131yoruz. \u00d6\u011fle yeme\u011fimizin ard\u0131ndan Hititler d\u00f6neminden beri \u00e7\u00f6mlek\u00e7ili\u011fin merkezi olan \u00e7anak \u00e7\u00f6mlek yap\u0131m\u0131 ile \u00fcnl\u00fc olan <strong>Avanos<\/strong>\u2019a hareket ediyoruz. Avanos b\u00f6lgesini geziyoruz, \u00e7\u00f6mlek yap\u0131m\u0131n\u0131 izliyor ve e\u015flik ediyoruz.<\/p>\n<p class=\"MsoNormal\">Ak\u015fam yeme\u011fi ve konaklama <strong>Argos Otel<\/strong>\u2019de\u2026<br \/>\n<em><strong>G\u00fcn\u00fcn S\u00f6yle\u015fisi : Kapadokya Tarihi ve Hristiyanl\u0131k<\/strong><\/em><\/p>\n<p class=\"MsoNormal\" style=\"text-align: center;\"><span style=\"text-decoration: underline;\"><span style=\"font-size: 12.0pt;\"><img loading=\"lazy\" decoding=\"async\" class=\"alignnone size-full wp-image-5949\" src=\"https:\/\/www.julesverne.com.tr\/\/wp-content\/uploads\/2020\/09\/4-2.png\" alt=\"argos\" width=\"1200\" height=\"628\" srcset=\"https:\/\/julesverne.com.tr\/wp-content\/uploads\/2020\/09\/4-2.png 1200w, https:\/\/julesverne.com.tr\/wp-content\/uploads\/2020\/09\/4-2-500x262.png 500w, https:\/\/julesverne.com.tr\/wp-content\/uploads\/2020\/09\/4-2-768x402.png 768w\" sizes=\"(max-width: 1200px) 100vw, 1200px\" \/><\/span><\/span><\/p>\n<p class=\"MsoNormal\" style=\"text-align: left;\"><strong><span style=\"font-size: 12.0pt;\">2. G\u00dcN 12 N\u0130SAN 2017, \u00c7ar\u015famba<\/span><\/strong><strong><span style=\"font-size: 12.0pt;\">\u00a0<\/span><\/strong><\/p>\n<p style=\"text-align: justify;\">Balonla Kapadokya&#8217;y\u0131 gezmek masal\u0131n en ya\u015fanas\u0131 deneyimlerinden biridir. Do\u011fas\u0131 e\u015fsiz olan bu b\u00f6lgeyi en tepeden, geni\u015f bir panaromik a\u00e7\u0131dan seyretmek, bazen de vadilerin i\u00e7ine dal\u0131 Peribacalar\u0131&#8217;na dokunabilecek kadar yak\u0131n olma hissi ancak Balon Tur\u2019unda ya\u015fanabilir. Dileyen misafirlerimizle sabah 05.00 te kalk\u0131yoruz ve transfer arac\u0131m\u0131zla balonlar\u0131n oldu\u011fu b\u00f6lgeye ula\u015f\u0131yoruz. Saat 06.00 civar\u0131nda havalanmaya ba\u015fl\u0131yoruz, g\u00fcndo\u011fumu ve b\u00fcy\u00fcl\u00fc Kapadokya manzaras\u0131n\u0131 izliyoruz. Daha sonra vadi i\u00e7lerine inen balonumuzdan peri bacalar\u0131n\u0131n ve vadi manzaralar\u0131n\u0131n foto\u011fraflar\u0131n\u0131 \u00e7ekiyoruz, yakla\u015f\u0131k bir saat s\u00fcren u\u00e7u\u015fun sonunda otelimize d\u00f6n\u00fcyoruz. Sabah kahvalt\u0131s\u0131ndan sonra dinlenme i\u00e7in serbest zaman ve ard\u0131ndan \u00f6zel arac\u0131m\u0131z ile Kapadokya\u2019 n\u0131n tarihine do\u011fru yapt\u0131\u011f\u0131m\u0131z Nostalji Yolculu\u011fu\u2019nun \u00a0ilk adresi <strong>Mustafapa\u015fa<\/strong> kasabas\u0131d\u0131r. 19. y\u00fczy\u0131l Rum sivil mimarisinin Anadolu\u2019daki en g\u00fczel \u00f6rneklerini bar\u0131nd\u0131ran bu kasaba \u00a0<strong>Sinasos<\/strong> \u00a0ad\u0131yla da bilinmektedir.<\/p>\n<p>\u00d6\u011fle yeme\u011fimizi Sinasos kasabas\u0131nda Asmal\u0131 Konak ad\u0131 ile \u00fcnlenen <strong>Old Greek House\u2019da<\/strong> al\u0131yoruz. \u00d6\u011fle yeme\u011fimizin ard\u0131ndan <strong>Turasan \u00a0\u015earaplar\u0131<\/strong>\u2019na \u00a0do\u011fru yola \u00e7\u0131k\u0131yoruz. \u00dcz\u00fcm k\u00fclt\u00fcr\u00fc ve \u015farap\u00e7\u0131l\u0131\u011f\u0131 yerinde g\u00f6r\u00fcyoruz, \u00e7e\u015fitli \u015faraplar\u0131 tatmak ve tan\u0131mak \u00fczere \u015farap mahzenlerini geziyoruz.<\/p>\n<p style=\"text-align: justify;\">Gezimizin ard\u0131ndan <strong>Derinkuyu Vadisi<\/strong> \u00a0ve ard\u0131ndan <strong>G\u00fcvercinlik Vadisine<\/strong> \u00a0gidiyoruz.<\/p>\n<p style=\"text-align: justify;\">Otelimize d\u00f6n\u00fcyoruz ve ak\u015fam yeme\u011fi i\u00e7in otelimizden ayr\u0131l\u0131yoruz.<\/p>\n<p style=\"text-align: justify;\"><em><strong>G\u00fcn\u00fcn S\u00f6yle\u015fisi : Sembolizm<\/strong><\/em><\/p>\n<p class=\"MsoNormal\" style=\"margin-bottom: 0.0001pt; line-height: normal; background-image: initial; background-position: initial; background-size: initial; background-repeat: initial; background-attachment: initial; background-origin: initial; background-clip: initial;\"><span style=\"font-size: 12.0pt;\"><img loading=\"lazy\" decoding=\"async\" class=\"alignnone size-full wp-image-5950\" src=\"https:\/\/www.julesverne.com.tr\/\/wp-content\/uploads\/2020\/09\/2-2.png\" alt=\"kapadokya\" width=\"1200\" height=\"628\" srcset=\"https:\/\/julesverne.com.tr\/wp-content\/uploads\/2020\/09\/2-2.png 1200w, https:\/\/julesverne.com.tr\/wp-content\/uploads\/2020\/09\/2-2-500x262.png 500w, https:\/\/julesverne.com.tr\/wp-content\/uploads\/2020\/09\/2-2-768x402.png 768w\" sizes=\"(max-width: 1200px) 100vw, 1200px\" \/><\/span><\/p>\n<p><strong><span style=\"font-size: 12.0pt;\">3.G\u00dcN 13 N\u0130SAN 2017, Per\u015fembe<\/span><\/strong><\/p>\n<p>Otelimizde al\u0131nan kahvalt\u0131 sonras\u0131 saat 10:00&#8217;da \u00e7\u0131k\u0131\u015f i\u015flemlerini yaparak otelimizden ayr\u0131l\u0131yoruz. \u00d6zel arac\u0131m\u0131z ile ilk dura\u011f\u0131m\u0131z A\u015f\u0131klar vadisi\u2019dir. Kapadokya\u2019da bulunan say\u0131s\u0131z vadilerden biri olan A\u015f\u0131klar Vadisi \u00a0y\u00fcr\u00fc\u015f\u00fc esnas\u0131nda Kapadokya\u2019n\u0131n do\u011fal g\u00fczelliklerini yak\u0131ndan g\u00f6rme imkan\u0131m\u0131z olacakt\u0131r, sonras\u0131nda eski \u00c7avusin k\u00f6y\u00fc \u00a0ve \u00c7avu\u015fin Kilisesi \u00a0ziyaretimizden sonra \u00a0\u00f6\u011fle yeme\u011fini \u00a0al\u0131yoruz. G\u00fcn\u00fcn S\u00f6yle\u015fisi : Bekta\u015filik \u00a0\u00d6\u011fle yeme\u011fi\u2019nden sonra Hac\u0131 Bekta\u015fi Veli\u2019ye do\u011fru yola \u00e7\u0131k\u0131yoruz. E\u015fsiz bir duygu deneyimi ile Hac\u0131 Bekta\u015f-i Veli Dergah\u0131\u2019n\u0131 ziyaret ediyoruz. \u00a0Dergah gezisi sonras\u0131 Kayseri Havalaan\u0131\u2019ndan \u0130stanbul\u2019a d\u00f6nerek turumuzu sonland\u0131r\u0131yoruz.<\/p>\n<ul>\n<li>PC 2739 sefer say\u0131l\u0131 20.15 u\u00e7a\u011f\u0131 ile Sabiha G\u00f6k\u00e7en<\/li>\n<li>TK 2021 sefer say\u0131l\u0131 19.30 u\u00e7a\u011f\u0131 ile Atat\u00fcrk Havaalan\u0131\u2019na d\u00f6nerek turumuzu sonland\u0131r\u0131yoruz.<\/li>\n<\/ul>\n<p><img loading=\"lazy\" decoding=\"async\" class=\"alignnone size-full wp-image-5951\" src=\"https:\/\/www.julesverne.com.tr\/\/wp-content\/uploads\/2020\/09\/fiyat_kapadokya.png\" alt=\"fiyat kapadokya\" width=\"1200\" height=\"628\" srcset=\"https:\/\/julesverne.com.tr\/wp-content\/uploads\/2020\/09\/fiyat_kapadokya.png 1200w, https:\/\/julesverne.com.tr\/wp-content\/uploads\/2020\/09\/fiyat_kapadokya-500x262.png 500w, https:\/\/julesverne.com.tr\/wp-content\/uploads\/2020\/09\/fiyat_kapadokya-768x402.png 768w\" sizes=\"(max-width: 1200px) 100vw, 1200px\" \/><\/p>\n<p style=\"text-align: center;\">Detayl\u0131 bilgi ve rezervasyon i\u00e7in<br \/>\ntravel@julesverne.com.tr<br \/>\n0212 266 6363-137<\/p>\n","protected":false},"excerpt":{"rendered":"<p class=\"MsoNormal\" style=\"text-align: left;\">Ali Canip Olgunlu ile Bir Masald\u0131r Kapadokya<\/p>\n","protected":false},"author":1,"featured_media":0,"comment_status":"closed","ping_status":"closed","sticky":false,"template":"","format":"standard","meta":{"inline_featured_image":false,"footnotes":""},"categories":[1],"tags":[137],"acf":[],"yoast_head":"<!-- This site is optimized with the Yoast SEO plugin v22.3 - https:\/\/yoast.com\/wordpress\/plugins\/seo\/ -->\n<title>&#039;Bir Masald\u0131r Kapadokya&#039; Gezi Program\u0131 - JULES VERNE BUSINESS MICE TRAVEL<\/title>\n<meta name=\"robots\" content=\"index, follow, max-snippet:-1, max-image-preview:large, max-video-preview:-1\" \/>\n<link rel=\"canonical\" href=\"https:\/\/julesverne.com.tr\/travel-blog\/bir-masaldir-kapadokya-gezi-programi\/\" \/>\n<meta property=\"og:locale\" content=\"en_US\" \/>\n<meta property=\"og:type\" content=\"article\" \/>\n<meta property=\"og:title\" content=\"&#039;Bir Masald\u0131r Kapadokya&#039; Gezi Program\u0131 - JULES VERNE BUSINESS MICE TRAVEL\" \/>\n<meta property=\"og:description\" content=\"Ali Canip Olgunlu ile Bir Masald\u0131r Kapadokya\" \/>\n<meta property=\"og:url\" content=\"https:\/\/julesverne.com.tr\/travel-blog\/bir-masaldir-kapadokya-gezi-programi\/\" \/>\n<meta property=\"og:site_name\" content=\"JULES VERNE BUSINESS MICE TRAVEL\" \/>\n<meta property=\"article:publisher\" content=\"https:\/\/www.facebook.com\/JulesVerneBusinessMiceTravel\/\" \/>\n<meta property=\"article:published_time\" content=\"2017-03-15T12:59:47+00:00\" \/>\n<meta property=\"article:modified_time\" content=\"2021-06-28T07:44:02+00:00\" \/>\n<meta property=\"og:image\" content=\"https:\/\/www.julesverne.com.tr\/\/wp-content\/uploads\/2020\/09\/a1.png\" \/>\n<meta name=\"author\" content=\"fikirman\" \/>\n<meta name=\"twitter:card\" content=\"summary_large_image\" \/>\n<meta name=\"twitter:creator\" content=\"@JV_BusinessMice\" \/>\n<meta name=\"twitter:site\" content=\"@JV_BusinessMice\" \/>\n<meta name=\"twitter:label1\" content=\"Written by\" \/>\n\t<meta name=\"twitter:data1\" content=\"fikirman\" \/>\n\t<meta name=\"twitter:label2\" content=\"Est. reading time\" \/>\n\t<meta name=\"twitter:data2\" content=\"3 minutes\" \/>\n<script type=\"application\/ld+json\" class=\"yoast-schema-graph\">{\"@context\":\"https:\/\/schema.org\",\"@graph\":[{\"@type\":\"Article\",\"@id\":\"https:\/\/julesverne.com.tr\/travel-blog\/bir-masaldir-kapadokya-gezi-programi\/#article\",\"isPartOf\":{\"@id\":\"https:\/\/julesverne.com.tr\/travel-blog\/bir-masaldir-kapadokya-gezi-programi\/\"},\"author\":{\"name\":\"fikirman\",\"@id\":\"https:\/\/julesverne.com.tr\/#\/schema\/person\/f4eb0514ae455538644c31b99a466fdb\"},\"headline\":\"&#8216;Bir Masald\u0131r Kapadokya&#8217; Gezi Program\u0131\",\"datePublished\":\"2017-03-15T12:59:47+00:00\",\"dateModified\":\"2021-06-28T07:44:02+00:00\",\"mainEntityOfPage\":{\"@id\":\"https:\/\/julesverne.com.tr\/travel-blog\/bir-masaldir-kapadokya-gezi-programi\/\"},\"wordCount\":613,\"publisher\":{\"@id\":\"https:\/\/julesverne.com.tr\/#organization\"},\"image\":{\"@id\":\"https:\/\/julesverne.com.tr\/travel-blog\/bir-masaldir-kapadokya-gezi-programi\/#primaryimage\"},\"thumbnailUrl\":\"https:\/\/www.julesverne.com.tr\/\/wp-content\/uploads\/2020\/09\/a1.png\",\"keywords\":[\"Blog\"],\"articleSection\":[\"Blog\"],\"inLanguage\":\"en-US\"},{\"@type\":\"WebPage\",\"@id\":\"https:\/\/julesverne.com.tr\/travel-blog\/bir-masaldir-kapadokya-gezi-programi\/\",\"url\":\"https:\/\/julesverne.com.tr\/travel-blog\/bir-masaldir-kapadokya-gezi-programi\/\",\"name\":\"'Bir Masald\u0131r Kapadokya' Gezi Program\u0131 - JULES VERNE BUSINESS MICE TRAVEL\",\"isPartOf\":{\"@id\":\"https:\/\/julesverne.com.tr\/#website\"},\"primaryImageOfPage\":{\"@id\":\"https:\/\/julesverne.com.tr\/travel-blog\/bir-masaldir-kapadokya-gezi-programi\/#primaryimage\"},\"image\":{\"@id\":\"https:\/\/julesverne.com.tr\/travel-blog\/bir-masaldir-kapadokya-gezi-programi\/#primaryimage\"},\"thumbnailUrl\":\"https:\/\/www.julesverne.com.tr\/\/wp-content\/uploads\/2020\/09\/a1.png\",\"datePublished\":\"2017-03-15T12:59:47+00:00\",\"dateModified\":\"2021-06-28T07:44:02+00:00\",\"breadcrumb\":{\"@id\":\"https:\/\/julesverne.com.tr\/travel-blog\/bir-masaldir-kapadokya-gezi-programi\/#breadcrumb\"},\"inLanguage\":\"en-US\",\"potentialAction\":[{\"@type\":\"ReadAction\",\"target\":[\"https:\/\/julesverne.com.tr\/travel-blog\/bir-masaldir-kapadokya-gezi-programi\/\"]}]},{\"@type\":\"ImageObject\",\"inLanguage\":\"en-US\",\"@id\":\"https:\/\/julesverne.com.tr\/travel-blog\/bir-masaldir-kapadokya-gezi-programi\/#primaryimage\",\"url\":\"https:\/\/www.julesverne.com.tr\/\/wp-content\/uploads\/2020\/09\/a1.png\",\"contentUrl\":\"https:\/\/www.julesverne.com.tr\/\/wp-content\/uploads\/2020\/09\/a1.png\"},{\"@type\":\"BreadcrumbList\",\"@id\":\"https:\/\/julesverne.com.tr\/travel-blog\/bir-masaldir-kapadokya-gezi-programi\/#breadcrumb\",\"itemListElement\":[{\"@type\":\"ListItem\",\"position\":1,\"name\":\"Anasayfa\",\"item\":\"https:\/\/julesverne.com.tr\/\"},{\"@type\":\"ListItem\",\"position\":2,\"name\":\"&#8216;Bir Masald\u0131r Kapadokya&#8217; Gezi Program\u0131\"}]},{\"@type\":\"WebSite\",\"@id\":\"https:\/\/julesverne.com.tr\/#website\",\"url\":\"https:\/\/julesverne.com.tr\/\",\"name\":\"JULES VERNE BUSINESS MICE TRAVEL\",\"description\":\"\",\"publisher\":{\"@id\":\"https:\/\/julesverne.com.tr\/#organization\"},\"potentialAction\":[{\"@type\":\"SearchAction\",\"target\":{\"@type\":\"EntryPoint\",\"urlTemplate\":\"https:\/\/julesverne.com.tr\/?s={search_term_string}\"},\"query-input\":\"required name=search_term_string\"}],\"inLanguage\":\"en-US\"},{\"@type\":\"Organization\",\"@id\":\"https:\/\/julesverne.com.tr\/#organization\",\"name\":\"JULES VERNE BUSINESS MICE TRAVEL\",\"url\":\"https:\/\/julesverne.com.tr\/\",\"logo\":{\"@type\":\"ImageObject\",\"inLanguage\":\"en-US\",\"@id\":\"https:\/\/julesverne.com.tr\/#\/schema\/logo\/image\/\",\"url\":\"https:\/\/julesverne.com.tr\/wp-content\/uploads\/2020\/09\/jv-bmt-logo.png\",\"contentUrl\":\"https:\/\/julesverne.com.tr\/wp-content\/uploads\/2020\/09\/jv-bmt-logo.png\",\"width\":110,\"height\":81,\"caption\":\"JULES VERNE BUSINESS MICE TRAVEL\"},\"image\":{\"@id\":\"https:\/\/julesverne.com.tr\/#\/schema\/logo\/image\/\"},\"sameAs\":[\"https:\/\/www.facebook.com\/JulesVerneBusinessMiceTravel\/\",\"https:\/\/twitter.com\/JV_BusinessMice\",\"https:\/\/www.instagram.com\/julesvernebusinessmicetravel\/\",\"https:\/\/www.linkedin.com\/company\/julesvernebusinessmicetravel\/\",\"https:\/\/www.youtube.com\/channel\/UCAwdsmbZ6tFhu1tea6pkpiw\"]},{\"@type\":\"Person\",\"@id\":\"https:\/\/julesverne.com.tr\/#\/schema\/person\/f4eb0514ae455538644c31b99a466fdb\",\"name\":\"fikirman\",\"sameAs\":[\"http:\/\/advermedya.net\/julesverne\"],\"url\":\"https:\/\/julesverne.com.tr\/en\/author\/fikirman\/\"}]}<\/script>\n<!-- \/ Yoast SEO plugin. -->","yoast_head_json":{"title":"'Bir Masald\u0131r Kapadokya' Gezi Program\u0131 - JULES VERNE BUSINESS MICE TRAVEL","robots":{"index":"index","follow":"follow","max-snippet":"max-snippet:-1","max-image-preview":"max-image-preview:large","max-video-preview":"max-video-preview:-1"},"canonical":"https:\/\/julesverne.com.tr\/travel-blog\/bir-masaldir-kapadokya-gezi-programi\/","og_locale":"en_US","og_type":"article","og_title":"'Bir Masald\u0131r Kapadokya' Gezi Program\u0131 - JULES VERNE BUSINESS MICE TRAVEL","og_description":"Ali Canip Olgunlu ile Bir Masald\u0131r Kapadokya","og_url":"https:\/\/julesverne.com.tr\/travel-blog\/bir-masaldir-kapadokya-gezi-programi\/","og_site_name":"JULES VERNE BUSINESS MICE TRAVEL","article_publisher":"https:\/\/www.facebook.com\/JulesVerneBusinessMiceTravel\/","article_published_time":"2017-03-15T12:59:47+00:00","article_modified_time":"2021-06-28T07:44:02+00:00","og_image":[{"url":"https:\/\/www.julesverne.com.tr\/\/wp-content\/uploads\/2020\/09\/a1.png"}],"author":"fikirman","twitter_card":"summary_large_image","twitter_creator":"@JV_BusinessMice","twitter_site":"@JV_BusinessMice","twitter_misc":{"Written by":"fikirman","Est. reading time":"3 minutes"},"schema":{"@context":"https:\/\/schema.org","@graph":[{"@type":"Article","@id":"https:\/\/julesverne.com.tr\/travel-blog\/bir-masaldir-kapadokya-gezi-programi\/#article","isPartOf":{"@id":"https:\/\/julesverne.com.tr\/travel-blog\/bir-masaldir-kapadokya-gezi-programi\/"},"author":{"name":"fikirman","@id":"https:\/\/julesverne.com.tr\/#\/schema\/person\/f4eb0514ae455538644c31b99a466fdb"},"headline":"&#8216;Bir Masald\u0131r Kapadokya&#8217; Gezi Program\u0131","datePublished":"2017-03-15T12:59:47+00:00","dateModified":"2021-06-28T07:44:02+00:00","mainEntityOfPage":{"@id":"https:\/\/julesverne.com.tr\/travel-blog\/bir-masaldir-kapadokya-gezi-programi\/"},"wordCount":613,"publisher":{"@id":"https:\/\/julesverne.com.tr\/#organization"},"image":{"@id":"https:\/\/julesverne.com.tr\/travel-blog\/bir-masaldir-kapadokya-gezi-programi\/#primaryimage"},"thumbnailUrl":"https:\/\/www.julesverne.com.tr\/\/wp-content\/uploads\/2020\/09\/a1.png","keywords":["Blog"],"articleSection":["Blog"],"inLanguage":"en-US"},{"@type":"WebPage","@id":"https:\/\/julesverne.com.tr\/travel-blog\/bir-masaldir-kapadokya-gezi-programi\/","url":"https:\/\/julesverne.com.tr\/travel-blog\/bir-masaldir-kapadokya-gezi-programi\/","name":"'Bir Masald\u0131r Kapadokya' Gezi Program\u0131 - JULES VERNE BUSINESS MICE TRAVEL","isPartOf":{"@id":"https:\/\/julesverne.com.tr\/#website"},"primaryImageOfPage":{"@id":"https:\/\/julesverne.com.tr\/travel-blog\/bir-masaldir-kapadokya-gezi-programi\/#primaryimage"},"image":{"@id":"https:\/\/julesverne.com.tr\/travel-blog\/bir-masaldir-kapadokya-gezi-programi\/#primaryimage"},"thumbnailUrl":"https:\/\/www.julesverne.com.tr\/\/wp-content\/uploads\/2020\/09\/a1.png","datePublished":"2017-03-15T12:59:47+00:00","dateModified":"2021-06-28T07:44:02+00:00","breadcrumb":{"@id":"https:\/\/julesverne.com.tr\/travel-blog\/bir-masaldir-kapadokya-gezi-programi\/#breadcrumb"},"inLanguage":"en-US","potentialAction":[{"@type":"ReadAction","target":["https:\/\/julesverne.com.tr\/travel-blog\/bir-masaldir-kapadokya-gezi-programi\/"]}]},{"@type":"ImageObject","inLanguage":"en-US","@id":"https:\/\/julesverne.com.tr\/travel-blog\/bir-masaldir-kapadokya-gezi-programi\/#primaryimage","url":"https:\/\/www.julesverne.com.tr\/\/wp-content\/uploads\/2020\/09\/a1.png","contentUrl":"https:\/\/www.julesverne.com.tr\/\/wp-content\/uploads\/2020\/09\/a1.png"},{"@type":"BreadcrumbList","@id":"https:\/\/julesverne.com.tr\/travel-blog\/bir-masaldir-kapadokya-gezi-programi\/#breadcrumb","itemListElement":[{"@type":"ListItem","position":1,"name":"Anasayfa","item":"https:\/\/julesverne.com.tr\/"},{"@type":"ListItem","position":2,"name":"&#8216;Bir Masald\u0131r Kapadokya&#8217; Gezi Program\u0131"}]},{"@type":"WebSite","@id":"https:\/\/julesverne.com.tr\/#website","url":"https:\/\/julesverne.com.tr\/","name":"JULES VERNE BUSINESS MICE TRAVEL","description":"","publisher":{"@id":"https:\/\/julesverne.com.tr\/#organization"},"potentialAction":[{"@type":"SearchAction","target":{"@type":"EntryPoint","urlTemplate":"https:\/\/julesverne.com.tr\/?s={search_term_string}"},"query-input":"required name=search_term_string"}],"inLanguage":"en-US"},{"@type":"Organization","@id":"https:\/\/julesverne.com.tr\/#organization","name":"JULES VERNE BUSINESS MICE TRAVEL","url":"https:\/\/julesverne.com.tr\/","logo":{"@type":"ImageObject","inLanguage":"en-US","@id":"https:\/\/julesverne.com.tr\/#\/schema\/logo\/image\/","url":"https:\/\/julesverne.com.tr\/wp-content\/uploads\/2020\/09\/jv-bmt-logo.png","contentUrl":"https:\/\/julesverne.com.tr\/wp-content\/uploads\/2020\/09\/jv-bmt-logo.png","width":110,"height":81,"caption":"JULES VERNE BUSINESS MICE TRAVEL"},"image":{"@id":"https:\/\/julesverne.com.tr\/#\/schema\/logo\/image\/"},"sameAs":["https:\/\/www.facebook.com\/JulesVerneBusinessMiceTravel\/","https:\/\/twitter.com\/JV_BusinessMice","https:\/\/www.instagram.com\/julesvernebusinessmicetravel\/","https:\/\/www.linkedin.com\/company\/julesvernebusinessmicetravel\/","https:\/\/www.youtube.com\/channel\/UCAwdsmbZ6tFhu1tea6pkpiw"]},{"@type":"Person","@id":"https:\/\/julesverne.com.tr\/#\/schema\/person\/f4eb0514ae455538644c31b99a466fdb","name":"fikirman","sameAs":["http:\/\/advermedya.net\/julesverne"],"url":"https:\/\/julesverne.com.tr\/en\/author\/fikirman\/"}]}},"_links":{"self":[{"href":"https:\/\/julesverne.com.tr\/en\/wp-json\/wp\/v2\/posts\/1688"}],"collection":[{"href":"https:\/\/julesverne.com.tr\/en\/wp-json\/wp\/v2\/posts"}],"about":[{"href":"https:\/\/julesverne.com.tr\/en\/wp-json\/wp\/v2\/types\/post"}],"author":[{"embeddable":true,"href":"https:\/\/julesverne.com.tr\/en\/wp-json\/wp\/v2\/users\/1"}],"replies":[{"embeddable":true,"href":"https:\/\/julesverne.com.tr\/en\/wp-json\/wp\/v2\/comments?post=1688"}],"version-history":[{"count":0,"href":"https:\/\/julesverne.com.tr\/en\/wp-json\/wp\/v2\/posts\/1688\/revisions"}],"wp:attachment":[{"href":"https:\/\/julesverne.com.tr\/en\/wp-json\/wp\/v2\/media?parent=1688"}],"wp:term":[{"taxonomy":"category","embeddable":true,"href":"https:\/\/julesverne.com.tr\/en\/wp-json\/wp\/v2\/categories?post=1688"},{"taxonomy":"post_tag","embeddable":true,"href":"https:\/\/julesverne.com.tr\/en\/wp-json\/wp\/v2\/tags?post=1688"}],"curies":[{"name":"wp","href":"https:\/\/api.w.org\/{rel}","templated":true}]}}