{"id":1684,"date":"2017-03-10T10:15:19","date_gmt":"2017-03-10T07:15:19","guid":{"rendered":"https:\/\/www.julesverne.com.tr\/\/blog\/napolide-muzik-ve-sanatla-dolu-bir-hafta-sonu\/"},"modified":"2021-06-28T10:46:23","modified_gmt":"2021-06-28T07:46:23","slug":"napolide-muzik-ve-sanatla-dolu-bir-hafta-sonu","status":"publish","type":"post","link":"https:\/\/julesverne.com.tr\/en\/travel-blog\/napolide-muzik-ve-sanatla-dolu-bir-hafta-sonu\/","title":{"rendered":"Napoli\u2019de M\u00fczik ve Sanatla dolu bir hafta sonu&#8230;"},"content":{"rendered":"<h4 class=\"MsoNormal\" style=\"text-align: justify;\"><strong>Do\u011fal g\u00fczellikleri, 2800 y\u0131ll\u0131k tarihi, bol r\u00fczgarl\u0131 dar ve \u015firin sokaklar\u0131, k\u00fclt\u00fcrel birikimi, nefis mutfa\u011f\u0131 ile rengarenk, c\u0131v\u0131l c\u0131v\u0131l, k\u0131p\u0131r k\u0131p\u0131r Napoli\u2019de sanat ve m\u00fczikle dolu keyifli bir hafta sonu ge\u00e7irmeye ne dersiniz?<\/strong><\/h4>\n<p><img loading=\"lazy\" decoding=\"async\" class=\"alignnone size-full wp-image-5959\" src=\"https:\/\/www.julesverne.com.tr\/\/wp-content\/uploads\/2020\/09\/1-29.jpg\" alt=\"napoli\" width=\"600\" height=\"314\" srcset=\"https:\/\/julesverne.com.tr\/wp-content\/uploads\/2020\/09\/1-29.jpg 600w, https:\/\/julesverne.com.tr\/wp-content\/uploads\/2020\/09\/1-29-500x262.jpg 500w\" sizes=\"(max-width: 600px) 100vw, 600px\" \/><strong>Guiseppe Verdi\u2019nin \u00f6l\u00fcms\u00fcz eseri, hi\u00e7 eskimeyen opera klasi\u011fi La Traviata, Avrupa\u2019n\u0131n h\u00e2l\u00e2 kullan\u0131mda olan en eski lirik opera binalar\u0131ndan San Carlo\u2019da \u00fcnl\u00fc y\u00f6netmen Ferzan \u00d6zpetek\u2019in rejis\u00f6rl\u00fc\u011f\u00fcnde tekrar sahneleniyor&#8230;<\/strong><\/p>\n<h4><img loading=\"lazy\" decoding=\"async\" class=\"alignnone size-full wp-image-5960\" src=\"https:\/\/www.julesverne.com.tr\/\/wp-content\/uploads\/2020\/09\/2-32.jpg\" alt=\"La Traviata\" width=\"600\" height=\"314\" srcset=\"https:\/\/julesverne.com.tr\/wp-content\/uploads\/2020\/09\/2-32.jpg 600w, https:\/\/julesverne.com.tr\/wp-content\/uploads\/2020\/09\/2-32-500x262.jpg 500w\" sizes=\"(max-width: 600px) 100vw, 600px\" \/><strong>Pizzan\u0131n ve mozzarella peynirinin ana vatan\u0131, hayat\u0131n sokaklarda ge\u00e7ti\u011fi, 24 saat ya\u015fayan Napoli\u2019de sanat, m\u00fczik ve keyif dolu bir hafta sonu ge\u00e7irmek i\u00e7in bize kat\u0131l\u0131n&#8230;.<\/strong><\/h4>\n<p class=\"MsoNormal\"><img loading=\"lazy\" decoding=\"async\" class=\"alignnone size-full wp-image-5961\" src=\"https:\/\/www.julesverne.com.tr\/\/wp-content\/uploads\/2020\/09\/8-2.jpg\" alt=\"la traviata napoli\" width=\"600\" height=\"314\" srcset=\"https:\/\/julesverne.com.tr\/wp-content\/uploads\/2020\/09\/8-2.jpg 600w, https:\/\/julesverne.com.tr\/wp-content\/uploads\/2020\/09\/8-2-500x262.jpg 500w\" sizes=\"(max-width: 600px) 100vw, 600px\" \/><\/p>\n<h3 class=\"MsoNormal\" style=\"text-align: left;\"><strong>PROGRAM AKI\u015eI<\/strong><\/h3>\n<h4><strong>29 Nisan 2017, Cumartesi \/ \u0130stanbul &#8211; Napoli<\/strong><\/h4>\n<ul>\n<li>T\u00fcrk Hava Yollar\u0131\u2019n\u0131n TK 1879 say\u0131l\u0131 seferi ile 08.30\u2019da Atat\u00fcrk Havaliman\u0131\u2019ndan Napoli\u2019ye hareket ve yakla\u015f\u0131k 2 saat s\u00fcrecek u\u00e7u\u015fun ard\u0131ndan yerel saat ile 09.45\u2019te Napoli\u2019ye var\u0131\u015f. Havaliman\u0131nda kar\u015f\u0131lanarak yakla\u015f\u0131k yar\u0131m saat uzakl\u0131kta yer alan otele var\u0131\u015f.<\/li>\n<li>Saat 19.00\u2019da ba\u015flayacak Ferzan \u00d6zpetek Rejis\u00f6rl\u00fc\u011f\u00fcnde 1737\u2019de a\u00e7\u0131l\u0131\u015f\u0131 yap\u0131lan ve Avrupa&#8217;n\u0131n h\u00e2l\u00e2 kullan\u0131lan en eski lirik opera binas\u0131 San Carlo Tiyatrosu\u2019nda sergilenecek Giuseppe Verdi\u2019nin unutulmaz operas\u0131 <strong style=\"text-align: justify;\">La Traviata<\/strong><span style=\"text-align: justify;\">\u2019ya kat\u0131l\u0131m.<\/span>Saat 19.00\u2019da ba\u015flayacak Ferzan \u00d6zpetek Rejis\u00f6rl\u00fc\u011f\u00fcnde 1737\u2019de a\u00e7\u0131l\u0131\u015f\u0131 yap\u0131lan ve Avrupa&#8217;n\u0131n h\u00e2l\u00e2 kullan\u0131lan en eski lirik opera binas\u0131 San Carlo Tiyatrosu\u2019nda sergilenecek Giuseppe Verdi\u2019nin unutulmaz operas\u0131 <strong>La Traviata<\/strong>\u2019ya kat\u0131l\u0131m.<\/li>\n<li>Geceleme otelde.<\/li>\n<\/ul>\n<p><strong>30 Nisan 2017, Pazar \/ Napoli\u00a0<\/strong><\/p>\n<ul>\n<li>T\u00fcm g\u00fcn serbest.<\/li>\n<li>Geceleme otelde<\/li>\n<\/ul>\n<p><strong>1 May\u0131s 2017, Pazartesi \/ Napoli &#8211; \u0130stanbul<\/strong><\/p>\n<ul>\n<li>\u00d6\u011fleden sonra d\u00f6n\u00fc\u015f u\u00e7u\u015fu i\u00e7in havaliman\u0131na transfer.<\/li>\n<li>T\u00fcrk Hava Yollar\u0131\u2019n\u0131n TK 1454 say\u0131l\u0131 seferi ile 19.10\u2019da hareket edecek d\u00f6n\u00fc\u015f u\u00e7u\u015fu ile yakla\u015f\u0131k 2 saat s\u00fcrecek u\u00e7u\u015fun ard\u0131ndan TS\u0130 22.20\u2019de \u0130stanbul Atat\u00fcrk Havaliman\u0131\u2019na var\u0131\u015f.<\/li>\n<\/ul>\n<h3 style=\"text-align: justify;\"><strong>Konaklama<\/strong><\/h3>\n<p><img loading=\"lazy\" decoding=\"async\" class=\"alignnone size-full wp-image-5962\" src=\"https:\/\/www.julesverne.com.tr\/\/wp-content\/uploads\/2020\/09\/7-6.jpg\" alt=\"Romeo Napoli\" width=\"600\" height=\"314\" srcset=\"https:\/\/julesverne.com.tr\/wp-content\/uploads\/2020\/09\/7-6.jpg 600w, https:\/\/julesverne.com.tr\/wp-content\/uploads\/2020\/09\/7-6-500x262.jpg 500w\" sizes=\"(max-width: 600px) 100vw, 600px\" \/><\/p>\n<p class=\"MsoNoSpacing\" style=\"text-align: justify;\">Hayat\u0131n sokaklarda ge\u00e7ti\u011fi, 24 saat ya\u015fayan Napoli\u2019nin deniz k\u0131y\u0131s\u0131nda, liman manzaras\u0131na hakim olan Romeo Hotel ise, \u015fehrin en hip otellerinden biri. Sizi \u015fa\u015f\u0131rtacak derecede \u015f\u0131k bir dekorasyonu olan 83 odal\u0131 otel, \u00e7a\u011fda\u015f sanat galerilerini aratmayacak par\u00e7alar\u0131 da i\u00e7inde bar\u0131nd\u0131r\u0131yor. \u00c7a\u011fda\u015f \u0130talyan sanat\u00e7\u0131lar\u0131n \u00e7al\u0131\u015fmalar\u0131 ve foto\u011fraflar\u0131n\u0131n tercih edildi\u011fi, sanatseverlerin kalbini kazanan sanat ve antika koleksiyonuyla Romeo Hotel&#8217;in mobilyalar\u0131nda ve aksesuar se\u00e7imlerinde ise Philippe Starck ve Antonio Citterio dokunu\u015flar\u0131 var. Poltrona Frau markas\u0131n\u0131n imzas\u0131n\u0131 ta\u015f\u0131yan Don&#8217;do tasar\u0131ml\u0131 renkli koltuklar, FontanaArte imzal\u0131 \u015f\u0131k ve modern ayd\u0131nlatmalar ile Tramontano&#8217;nun deri \u00fcr\u00fcnlerinin tercih edildi\u011fi odalar, tasar\u0131m\u0131n en ba\u015far\u0131l\u0131 \u00f6rneklerinden. Karma\u015fay\u0131 ve kalabal\u0131\u011f\u0131 bile \u00e7ekici k\u0131lan, renkli \u015fehir Napoli\u2019nin pitoresk manzaras\u0131na kar\u015f\u0131 konumlanan Romeo Hotel, romantizmle teknolojiyi bir arada bulu\u015fturan, sanatla ya\u015fayan taptaze bir butik otel.<\/p>\n<h3 class=\"MsoNoSpacing\"><strong>U\u00e7u\u015f \u00d6nerisi<\/strong><\/h3>\n<ul>\n<li>T\u00fcrk Hava Yollar\u0131 \/ 29 Nisan 2017 \/ \u0130stanbul &#8211; Napoli \/ TK 1879 \/ 08.30 hareket, 09.45 var\u0131\u015f<\/li>\n<li>T\u00fcrk Hava Yollar\u0131 \/ 1 May\u0131s 2017 \/ Napoli &#8211; \u0130stanbul \/ TK 1454 \/ 19.10 hareket, 22.20 var\u0131\u015f<\/li>\n<\/ul>\n<h3><strong>Gezi \u00d6nerileri<\/strong><\/h3>\n<p class=\"MsoNoSpacing\" style=\"text-align: center;\"><img loading=\"lazy\" decoding=\"async\" class=\"alignnone size-full wp-image-5963\" src=\"https:\/\/www.julesverne.com.tr\/\/wp-content\/uploads\/2020\/09\/3-24.jpg\" alt=\"napoli\" width=\"600\" height=\"314\" srcset=\"https:\/\/julesverne.com.tr\/wp-content\/uploads\/2020\/09\/3-24.jpg 600w, https:\/\/julesverne.com.tr\/wp-content\/uploads\/2020\/09\/3-24-500x262.jpg 500w\" sizes=\"(max-width: 600px) 100vw, 600px\" \/><\/p>\n<p class=\"MsoNoSpacing\" style=\"text-align: center;\"><strong><span style=\"font-size: 12.0pt; mso-bidi-font-size: 11.0pt; mso-ascii-font-family: Calibri; mso-hansi-font-family: Calibri;\">Yar\u0131m g\u00fcn \u00f6zel Napoli \u015fehir gezisi<\/span><\/strong><\/p>\n<p class=\"MsoNoSpacing\" style=\"text-align: justify;\">UNESCO D\u00fcnya Miras\u0131 Listesi\u2019ndeki Napoli\u2019de tarihi 4. y\u00fczy\u0131la dayanan ve bug\u00fcnk\u00fc g\u00f6r\u00fcn\u00fcm\u00fcne 13. y\u00fczy\u0131lda kavu\u015fan <strong>Duomo di Napoli<\/strong> (Napoli Katedrali) ziyaretinin ard\u0131ndan, katedrale birka\u00e7 dakika uzakl\u0131ktaki <strong>Il Pio Monte della Misericordia<\/strong>,\u00a0 \u0130talyan ressam Caravaggio&#8217;nun ya\u011fl\u0131boya tablosu &#8220;The Seven Acts of Mercy&#8221; kilisenin demirba\u015f\u0131. Heykelleri, freskleri ve salonlar\u0131 ile 1946 y\u0131l\u0131na kadar kraliyet konutu olarak kullan\u0131lan <strong>Palazzo Reale<\/strong> ve Napoli\u2019nin simgelerinden biri olan <strong>Castel dell\u2019Ovo<\/strong> \u015fehri tan\u0131man\u0131z i\u00e7in \u00f6nemli adresler. Ayr\u0131ca, Milano&#8217;da bulunan Vittorio Emanuele II mimarisinden esinlenerek in\u015fa edilen <strong>Galleria Umberto I<\/strong> g\u00f6r\u00fclecek ba\u015fl\u0131ca yerler.<\/p>\n<p style=\"text-align: justify;\">Ard\u0131ndan <strong>Ulusal Arkeoloji M\u00fczesi<\/strong> (Museo Archeologico Nazionale di Napoli) ziyareti. D\u00fcnyadaki antik sanat m\u00fczeleri aras\u0131nda hat\u0131r\u0131 say\u0131l\u0131r bir \u00fcn\u00fc olan Ulusal Arkeoloji M\u00fczesi \u00f6ncelikle 16. y\u00fczy\u0131lda in\u015fa edilen bina mimarisiyle sizi kendine hayran b\u0131rak\u0131yor. M\u00fczede, antik klasik mermer heykellerin devasa boyuttaki replikalar\u0131, Pompei ve Ercolano&#8217;da g\u00fcn \u0131\u015f\u0131\u011f\u0131na \u00e7\u0131kan duvar s\u00fcsleme ve freskleri, mozaikler sergileniyor.<\/p>\n<p class=\"MsoNoSpacing\"><img loading=\"lazy\" decoding=\"async\" class=\"alignnone size-full wp-image-5964\" src=\"https:\/\/www.julesverne.com.tr\/\/wp-content\/uploads\/2020\/09\/5-3.png\" alt=\"pompei\" width=\"1200\" height=\"628\" srcset=\"https:\/\/julesverne.com.tr\/wp-content\/uploads\/2020\/09\/5-3.png 1200w, https:\/\/julesverne.com.tr\/wp-content\/uploads\/2020\/09\/5-3-500x262.png 500w, https:\/\/julesverne.com.tr\/wp-content\/uploads\/2020\/09\/5-3-768x402.png 768w\" sizes=\"(max-width: 1200px) 100vw, 1200px\" \/><\/p>\n<p class=\"MsoNoSpacing\" style=\"text-align: center;\"><strong><span style=\"font-size: 12.0pt; mso-bidi-font-size: 11.0pt; line-height: 115%;\">Yar\u0131m g\u00fcn \u00f6zel Pompei Arkeolojik Alan\u0131 gezisi\u00a0<\/span><\/strong><\/p>\n<p class=\"MsoNoSpacing\" style=\"text-align: justify;\">Pompei \u015eehri, h\u00fcz\u00fcnl\u00fc hik\u00e2yesi ve do\u011fal olu\u015fumuyla ger\u00e7ekten etkileyici. <strong>Pompei<\/strong>, M.\u00d6. 79 y\u0131l\u0131nda Vez\u00fcv Yanarda\u011f\u0131\u2019n\u0131n patlamas\u0131yla yok olmu\u015f ve \u015fehrin tamam\u0131 lavlar y\u00fcz\u00fcnden ta\u015fla\u015fm\u0131\u015f. 18. y\u00fczy\u0131lda bir k\u00f6yl\u00fcn\u00fcn tarlada \u00e7al\u0131\u015f\u0131rken rastlad\u0131\u011f\u0131 kal\u0131nt\u0131lar sayesinde, M.\u00d6. Pompei \u015fehrine ait kaz\u0131lar uzun y\u0131llar devam etmi\u015f. 19. y\u00fczy\u0131lda \u0130talyan bilim adam\u0131 Giuseppe Fiovelli\u2019nin ula\u015ft\u0131\u011f\u0131 insan v\u00fccutlar\u0131, \u00e7e\u015fitli hayvanlar, atlar, k\u00f6pekler gibi \u015fehir hayat\u0131na ait bulgular bug\u00fcn Napoli M\u00fczesi\u2019nde sergileniyor. Bir uygarl\u0131\u011f\u0131 ortaya \u00e7\u0131karan \u015fehri gezerken tamam\u0131 ta\u015fla\u015fm\u0131\u015f evler, amfi tiyatro, insan bedenleri sizi derinden etkiliyor.<\/p>\n<p class=\"MsoNoSpacing\"><img loading=\"lazy\" decoding=\"async\" class=\"alignnone size-full wp-image-5965\" src=\"https:\/\/www.julesverne.com.tr\/\/wp-content\/uploads\/2020\/09\/4-4.png\" alt=\"procida\" width=\"1200\" height=\"628\" srcset=\"https:\/\/julesverne.com.tr\/wp-content\/uploads\/2020\/09\/4-4.png 1200w, https:\/\/julesverne.com.tr\/wp-content\/uploads\/2020\/09\/4-4-500x262.png 500w, https:\/\/julesverne.com.tr\/wp-content\/uploads\/2020\/09\/4-4-768x402.png 768w\" sizes=\"(max-width: 1200px) 100vw, 1200px\" \/><\/p>\n<p class=\"MsoNoSpacing\" style=\"text-align: center;\"><strong><span style=\"font-size: 12.0pt; mso-bidi-font-size: 11.0pt; mso-ascii-font-family: Calibri; mso-hansi-font-family: Calibri;\">Tam g\u00fcn \u00f6zel Procida gezisi<\/span><\/strong><\/p>\n<p class=\"MsoNoSpacing\">Napoli\u2019nin g\u00fcney bat\u0131 k\u0131y\u0131s\u0131nda Cape Miseno ve Ischia adas\u0131 aras\u0131nda yer al\u0131yor <strong>Procida<\/strong>. Ayn\u0131 zamanda Postac\u0131 (Il Postino) ve Yetenekli Bay Ripley (The Talented Mr. Ripley) filmlerinin \u00e7ekildi\u011fi yer olan ada, turistlerin s\u0131k\u00e7a tercih etti\u011fi b\u00f6lgelerden biri. Renkli evleri ve her birini foto\u011fraflamak isteyece\u011finiz balkonlar\u0131yla me\u015fhur olan Procida\u2019da bir Orta\u00e7a\u011f kenti olan <strong>Terra Murata<\/strong>\u2019y\u0131 gezecek, 15. y\u00fczy\u0131la ait <strong>Palazzo D\u2019Avalos<\/strong> ve 11. y\u00fczy\u0131ldan kalma <strong>Benedictine Manast\u0131r\u0131 Abbazia di San Michele<\/strong> sizi b\u00fcy\u00fcleyecek. Adan\u0131n plajlar\u0131 Capri\u2019yi aratmayacak g\u00fczellikte olup, kendine has sokaklar\u0131 ve yerel \u00e7ar\u015f\u0131lar\u0131 g\u00f6r\u00fclmeye de\u011fer.<\/p>\n<p class=\"MsoNoSpacing\">Napoli Krall\u0131\u011f\u0131\u2019n\u0131n ba\u015f\u0131nda bulunan Bourbon Hanedan\u0131 taraf\u0131ndan 1737 y\u0131l\u0131nda a\u00e7\u0131lm\u0131\u015f olan ilk binas\u0131yla <strong>Teatro di San Carlo<\/strong>, Avrupa k\u0131tas\u0131n\u0131n en eski opera binas\u0131 olu\u015fuyla bilinir. Heybetli d\u0131\u015f yap\u0131s\u0131yla uyum i\u00e7indeki g\u00f6rkemli oditoryumu, alt\u0131n sar\u0131s\u0131 ile bordonun i\u00e7 i\u00e7e ge\u00e7ti\u011fi duvarlar\u0131yla d\u00f6\u015femelikleri ve mavi rengin h\u00e2kim oldu\u011fu tavan s\u00fcslemeleriyle, klasik tarz \u0130talyan opera salonlar\u0131 aras\u0131nda ola\u011fan\u00fcst\u00fc zarifli\u011fiyle \u00f6ne \u00e7\u0131kar.<\/p>\n<p class=\"MsoNoSpacing\" style=\"text-align: center;\"><img loading=\"lazy\" decoding=\"async\" class=\"alignnone size-full wp-image-5966\" src=\"https:\/\/www.julesverne.com.tr\/\/wp-content\/uploads\/2020\/09\/6-2.png\" alt=\"capri\" width=\"1200\" height=\"628\" srcset=\"https:\/\/julesverne.com.tr\/wp-content\/uploads\/2020\/09\/6-2.png 1200w, https:\/\/julesverne.com.tr\/wp-content\/uploads\/2020\/09\/6-2-500x262.png 500w, https:\/\/julesverne.com.tr\/wp-content\/uploads\/2020\/09\/6-2-768x402.png 768w\" sizes=\"(max-width: 1200px) 100vw, 1200px\" \/><\/p>\n<p class=\"MsoNoSpacing\" style=\"text-align: center;\"><strong><span style=\"font-size: 12.0pt; mso-bidi-font-size: 11.0pt; mso-ascii-font-family: Calibri; mso-hansi-font-family: Calibri;\">Tam g\u00fcn \u00f6zel Capri gezisi<\/span><\/strong><\/p>\n<p class=\"MsoNoSpacing\" style=\"text-align: justify;\">Akdeniz\u2019in iltimas ge\u00e7ti\u011fi do\u011fas\u0131yla <strong>Capri Adas\u0131<\/strong> Antik Roma\u2019dan kalan patikalar\u0131, \u015f\u0131k villalar\u0131, d\u00fcnyaca \u00fcnl\u00fc kayal\u0131klar\u0131 ve ma\u011faralar\u0131yla zengin bir g\u00f6r\u00fcn\u00fcme sahip. Lacivert denizinin ortas\u0131nda y\u00fckselen kayal\u0131klar\u0131, l\u00fcks otelleri, \u015f\u0131k butikleri ve birbirinden lezzetli yemekleri bulaca\u011f\u0131n\u0131z restoranlar\u0131 ile Capri\u2019nin d\u00fcnyan\u0131n en \u00e7ekici noktalar\u0131ndan biri oldu\u011funu s\u00f6yleyebiliriz.<\/p>\n<p class=\"MsoNoSpacing\" style=\"text-align: justify;\">Capri Adas\u0131; <strong>Capri<\/strong> ve <strong>Anacapri<\/strong> ad\u0131yla ayr\u0131lan iki b\u00f6l\u00fcmden olu\u015fuyor. Capri Kasabas\u0131, adan\u0131n daha hareketli ve \u00f6zg\u00fcn ruhunu daha yo\u011fun ya\u015fayabilece\u011finiz bir b\u00f6l\u00fcm. Anacapri ise tarihi villalar, l\u00fcks oteller, g\u00fczel manzaralar\u0131n adresi. D\u00fcnya jet-setin g\u00f6zde lokasyonlar\u0131ndan biri olan Capri, hem \u015f\u0131k hem de olabildi\u011fince do\u011fal olabilen bir \u0130talyan adas\u0131.<\/p>\n<h3 class=\"MsoNoSpacing\" style=\"text-align: center;\"><strong>Daha Detayl\u0131 Bilgi \u0130\u00e7in:<\/strong><\/h3>\n<p style=\"text-align: center;\"><strong>bireysel@julesverne.com.tr<\/strong><br \/>\n<strong>0212 266 6363-118<\/strong><\/p>\n","protected":false},"excerpt":{"rendered":"<p class=\"MsoNormal\"><span style=\"font-size: 13px;\">La Traviata, <\/span><span style=\"font-size: 13px;\">&nbsp;<\/span><span style=\"font-size: 13px;\">Avrupa&rsquo;n\u0131n h&acirc;l&acirc; kullan\u0131mda olan en eski lirik opera binalar\u0131ndan San Carlo&rsquo;da &uuml;nl&uuml; y&ouml;netmen Ferzan &Ouml;zpetek&rsquo;in rejis&ouml;rl&uuml;\u011f&uuml;nde tekrar sahneleniyor&#8230;<\/span><\/p>\n","protected":false},"author":1,"featured_media":1685,"comment_status":"closed","ping_status":"closed","sticky":false,"template":"","format":"standard","meta":{"inline_featured_image":false,"footnotes":""},"categories":[1,39],"tags":[137,73],"acf":[],"yoast_head":"<!-- This site is optimized with the Yoast SEO plugin v22.3 - https:\/\/yoast.com\/wordpress\/plugins\/seo\/ -->\n<title>Napoli\u2019de M\u00fczik ve Sanatla dolu bir hafta sonu... - JULES VERNE BUSINESS MICE TRAVEL<\/title>\n<meta name=\"robots\" content=\"index, follow, max-snippet:-1, max-image-preview:large, max-video-preview:-1\" \/>\n<link rel=\"canonical\" href=\"https:\/\/julesverne.com.tr\/travel-blog\/napolide-muzik-ve-sanatla-dolu-bir-hafta-sonu\/\" \/>\n<meta property=\"og:locale\" content=\"en_US\" \/>\n<meta property=\"og:type\" content=\"article\" \/>\n<meta property=\"og:title\" content=\"Napoli\u2019de M\u00fczik ve Sanatla dolu bir hafta sonu... - JULES VERNE BUSINESS MICE TRAVEL\" \/>\n<meta property=\"og:description\" content=\"La Traviata, &nbsp;Avrupa&rsquo;n\u0131n h&acirc;l&acirc; kullan\u0131mda olan en eski lirik opera binalar\u0131ndan San Carlo&rsquo;da &uuml;nl&uuml; y&ouml;netmen Ferzan &Ouml;zpetek&rsquo;in rejis&ouml;rl&uuml;\u011f&uuml;nde tekrar sahneleniyor...\" \/>\n<meta property=\"og:url\" content=\"https:\/\/julesverne.com.tr\/travel-blog\/napolide-muzik-ve-sanatla-dolu-bir-hafta-sonu\/\" \/>\n<meta property=\"og:site_name\" content=\"JULES VERNE BUSINESS MICE TRAVEL\" \/>\n<meta property=\"article:publisher\" content=\"https:\/\/www.facebook.com\/JulesVerneBusinessMiceTravel\/\" \/>\n<meta property=\"article:published_time\" content=\"2017-03-10T07:15:19+00:00\" \/>\n<meta property=\"article:modified_time\" content=\"2021-06-28T07:46:23+00:00\" \/>\n<meta property=\"og:image\" content=\"https:\/\/julesverne.com.tr\/wp-content\/uploads\/2020\/09\/Ferzan.png\" \/>\n\t<meta property=\"og:image:width\" content=\"1200\" \/>\n\t<meta property=\"og:image:height\" content=\"628\" \/>\n\t<meta property=\"og:image:type\" content=\"image\/png\" \/>\n<meta name=\"author\" content=\"fikirman\" \/>\n<meta name=\"twitter:card\" content=\"summary_large_image\" \/>\n<meta name=\"twitter:creator\" content=\"@JV_BusinessMice\" \/>\n<meta name=\"twitter:site\" content=\"@JV_BusinessMice\" \/>\n<meta name=\"twitter:label1\" content=\"Written by\" \/>\n\t<meta name=\"twitter:data1\" content=\"fikirman\" \/>\n\t<meta name=\"twitter:label2\" content=\"Est. reading time\" \/>\n\t<meta name=\"twitter:data2\" content=\"6 minutes\" \/>\n<script type=\"application\/ld+json\" class=\"yoast-schema-graph\">{\"@context\":\"https:\/\/schema.org\",\"@graph\":[{\"@type\":\"Article\",\"@id\":\"https:\/\/julesverne.com.tr\/travel-blog\/napolide-muzik-ve-sanatla-dolu-bir-hafta-sonu\/#article\",\"isPartOf\":{\"@id\":\"https:\/\/julesverne.com.tr\/travel-blog\/napolide-muzik-ve-sanatla-dolu-bir-hafta-sonu\/\"},\"author\":{\"name\":\"fikirman\",\"@id\":\"https:\/\/julesverne.com.tr\/#\/schema\/person\/f4eb0514ae455538644c31b99a466fdb\"},\"headline\":\"Napoli\u2019de M\u00fczik ve Sanatla dolu bir hafta sonu&#8230;\",\"datePublished\":\"2017-03-10T07:15:19+00:00\",\"dateModified\":\"2021-06-28T07:46:23+00:00\",\"mainEntityOfPage\":{\"@id\":\"https:\/\/julesverne.com.tr\/travel-blog\/napolide-muzik-ve-sanatla-dolu-bir-hafta-sonu\/\"},\"wordCount\":1223,\"publisher\":{\"@id\":\"https:\/\/julesverne.com.tr\/#organization\"},\"image\":{\"@id\":\"https:\/\/julesverne.com.tr\/travel-blog\/napolide-muzik-ve-sanatla-dolu-bir-hafta-sonu\/#primaryimage\"},\"thumbnailUrl\":\"https:\/\/julesverne.com.tr\/wp-content\/uploads\/2020\/09\/Ferzan.png\",\"keywords\":[\"Blog\",\"Nereye Gitsek\"],\"articleSection\":[\"Blog\",\"Nereye Gitsek?\"],\"inLanguage\":\"en-US\"},{\"@type\":\"WebPage\",\"@id\":\"https:\/\/julesverne.com.tr\/travel-blog\/napolide-muzik-ve-sanatla-dolu-bir-hafta-sonu\/\",\"url\":\"https:\/\/julesverne.com.tr\/travel-blog\/napolide-muzik-ve-sanatla-dolu-bir-hafta-sonu\/\",\"name\":\"Napoli\u2019de M\u00fczik ve Sanatla dolu bir hafta sonu... - JULES VERNE BUSINESS MICE TRAVEL\",\"isPartOf\":{\"@id\":\"https:\/\/julesverne.com.tr\/#website\"},\"primaryImageOfPage\":{\"@id\":\"https:\/\/julesverne.com.tr\/travel-blog\/napolide-muzik-ve-sanatla-dolu-bir-hafta-sonu\/#primaryimage\"},\"image\":{\"@id\":\"https:\/\/julesverne.com.tr\/travel-blog\/napolide-muzik-ve-sanatla-dolu-bir-hafta-sonu\/#primaryimage\"},\"thumbnailUrl\":\"https:\/\/julesverne.com.tr\/wp-content\/uploads\/2020\/09\/Ferzan.png\",\"datePublished\":\"2017-03-10T07:15:19+00:00\",\"dateModified\":\"2021-06-28T07:46:23+00:00\",\"breadcrumb\":{\"@id\":\"https:\/\/julesverne.com.tr\/travel-blog\/napolide-muzik-ve-sanatla-dolu-bir-hafta-sonu\/#breadcrumb\"},\"inLanguage\":\"en-US\",\"potentialAction\":[{\"@type\":\"ReadAction\",\"target\":[\"https:\/\/julesverne.com.tr\/travel-blog\/napolide-muzik-ve-sanatla-dolu-bir-hafta-sonu\/\"]}]},{\"@type\":\"ImageObject\",\"inLanguage\":\"en-US\",\"@id\":\"https:\/\/julesverne.com.tr\/travel-blog\/napolide-muzik-ve-sanatla-dolu-bir-hafta-sonu\/#primaryimage\",\"url\":\"https:\/\/julesverne.com.tr\/wp-content\/uploads\/2020\/09\/Ferzan.png\",\"contentUrl\":\"https:\/\/julesverne.com.tr\/wp-content\/uploads\/2020\/09\/Ferzan.png\",\"width\":1200,\"height\":628},{\"@type\":\"BreadcrumbList\",\"@id\":\"https:\/\/julesverne.com.tr\/travel-blog\/napolide-muzik-ve-sanatla-dolu-bir-hafta-sonu\/#breadcrumb\",\"itemListElement\":[{\"@type\":\"ListItem\",\"position\":1,\"name\":\"Anasayfa\",\"item\":\"https:\/\/julesverne.com.tr\/\"},{\"@type\":\"ListItem\",\"position\":2,\"name\":\"Napoli\u2019de M\u00fczik ve Sanatla dolu bir hafta sonu&#8230;\"}]},{\"@type\":\"WebSite\",\"@id\":\"https:\/\/julesverne.com.tr\/#website\",\"url\":\"https:\/\/julesverne.com.tr\/\",\"name\":\"JULES VERNE BUSINESS MICE TRAVEL\",\"description\":\"\",\"publisher\":{\"@id\":\"https:\/\/julesverne.com.tr\/#organization\"},\"potentialAction\":[{\"@type\":\"SearchAction\",\"target\":{\"@type\":\"EntryPoint\",\"urlTemplate\":\"https:\/\/julesverne.com.tr\/?s={search_term_string}\"},\"query-input\":\"required name=search_term_string\"}],\"inLanguage\":\"en-US\"},{\"@type\":\"Organization\",\"@id\":\"https:\/\/julesverne.com.tr\/#organization\",\"name\":\"JULES VERNE BUSINESS MICE TRAVEL\",\"url\":\"https:\/\/julesverne.com.tr\/\",\"logo\":{\"@type\":\"ImageObject\",\"inLanguage\":\"en-US\",\"@id\":\"https:\/\/julesverne.com.tr\/#\/schema\/logo\/image\/\",\"url\":\"https:\/\/julesverne.com.tr\/wp-content\/uploads\/2020\/09\/jv-bmt-logo.png\",\"contentUrl\":\"https:\/\/julesverne.com.tr\/wp-content\/uploads\/2020\/09\/jv-bmt-logo.png\",\"width\":110,\"height\":81,\"caption\":\"JULES VERNE BUSINESS MICE TRAVEL\"},\"image\":{\"@id\":\"https:\/\/julesverne.com.tr\/#\/schema\/logo\/image\/\"},\"sameAs\":[\"https:\/\/www.facebook.com\/JulesVerneBusinessMiceTravel\/\",\"https:\/\/twitter.com\/JV_BusinessMice\",\"https:\/\/www.instagram.com\/julesvernebusinessmicetravel\/\",\"https:\/\/www.linkedin.com\/company\/julesvernebusinessmicetravel\/\",\"https:\/\/www.youtube.com\/channel\/UCAwdsmbZ6tFhu1tea6pkpiw\"]},{\"@type\":\"Person\",\"@id\":\"https:\/\/julesverne.com.tr\/#\/schema\/person\/f4eb0514ae455538644c31b99a466fdb\",\"name\":\"fikirman\",\"sameAs\":[\"http:\/\/advermedya.net\/julesverne\"],\"url\":\"https:\/\/julesverne.com.tr\/en\/author\/fikirman\/\"}]}<\/script>\n<!-- \/ Yoast SEO plugin. -->","yoast_head_json":{"title":"Napoli\u2019de M\u00fczik ve Sanatla dolu bir hafta sonu... - JULES VERNE BUSINESS MICE TRAVEL","robots":{"index":"index","follow":"follow","max-snippet":"max-snippet:-1","max-image-preview":"max-image-preview:large","max-video-preview":"max-video-preview:-1"},"canonical":"https:\/\/julesverne.com.tr\/travel-blog\/napolide-muzik-ve-sanatla-dolu-bir-hafta-sonu\/","og_locale":"en_US","og_type":"article","og_title":"Napoli\u2019de M\u00fczik ve Sanatla dolu bir hafta sonu... - JULES VERNE BUSINESS MICE TRAVEL","og_description":"La Traviata, &nbsp;Avrupa&rsquo;n\u0131n h&acirc;l&acirc; kullan\u0131mda olan en eski lirik opera binalar\u0131ndan San Carlo&rsquo;da &uuml;nl&uuml; y&ouml;netmen Ferzan &Ouml;zpetek&rsquo;in rejis&ouml;rl&uuml;\u011f&uuml;nde tekrar sahneleniyor...","og_url":"https:\/\/julesverne.com.tr\/travel-blog\/napolide-muzik-ve-sanatla-dolu-bir-hafta-sonu\/","og_site_name":"JULES VERNE BUSINESS MICE TRAVEL","article_publisher":"https:\/\/www.facebook.com\/JulesVerneBusinessMiceTravel\/","article_published_time":"2017-03-10T07:15:19+00:00","article_modified_time":"2021-06-28T07:46:23+00:00","og_image":[{"width":1200,"height":628,"url":"https:\/\/julesverne.com.tr\/wp-content\/uploads\/2020\/09\/Ferzan.png","type":"image\/png"}],"author":"fikirman","twitter_card":"summary_large_image","twitter_creator":"@JV_BusinessMice","twitter_site":"@JV_BusinessMice","twitter_misc":{"Written by":"fikirman","Est. reading time":"6 minutes"},"schema":{"@context":"https:\/\/schema.org","@graph":[{"@type":"Article","@id":"https:\/\/julesverne.com.tr\/travel-blog\/napolide-muzik-ve-sanatla-dolu-bir-hafta-sonu\/#article","isPartOf":{"@id":"https:\/\/julesverne.com.tr\/travel-blog\/napolide-muzik-ve-sanatla-dolu-bir-hafta-sonu\/"},"author":{"name":"fikirman","@id":"https:\/\/julesverne.com.tr\/#\/schema\/person\/f4eb0514ae455538644c31b99a466fdb"},"headline":"Napoli\u2019de M\u00fczik ve Sanatla dolu bir hafta sonu&#8230;","datePublished":"2017-03-10T07:15:19+00:00","dateModified":"2021-06-28T07:46:23+00:00","mainEntityOfPage":{"@id":"https:\/\/julesverne.com.tr\/travel-blog\/napolide-muzik-ve-sanatla-dolu-bir-hafta-sonu\/"},"wordCount":1223,"publisher":{"@id":"https:\/\/julesverne.com.tr\/#organization"},"image":{"@id":"https:\/\/julesverne.com.tr\/travel-blog\/napolide-muzik-ve-sanatla-dolu-bir-hafta-sonu\/#primaryimage"},"thumbnailUrl":"https:\/\/julesverne.com.tr\/wp-content\/uploads\/2020\/09\/Ferzan.png","keywords":["Blog","Nereye Gitsek"],"articleSection":["Blog","Nereye Gitsek?"],"inLanguage":"en-US"},{"@type":"WebPage","@id":"https:\/\/julesverne.com.tr\/travel-blog\/napolide-muzik-ve-sanatla-dolu-bir-hafta-sonu\/","url":"https:\/\/julesverne.com.tr\/travel-blog\/napolide-muzik-ve-sanatla-dolu-bir-hafta-sonu\/","name":"Napoli\u2019de M\u00fczik ve Sanatla dolu bir hafta sonu... - JULES VERNE BUSINESS MICE TRAVEL","isPartOf":{"@id":"https:\/\/julesverne.com.tr\/#website"},"primaryImageOfPage":{"@id":"https:\/\/julesverne.com.tr\/travel-blog\/napolide-muzik-ve-sanatla-dolu-bir-hafta-sonu\/#primaryimage"},"image":{"@id":"https:\/\/julesverne.com.tr\/travel-blog\/napolide-muzik-ve-sanatla-dolu-bir-hafta-sonu\/#primaryimage"},"thumbnailUrl":"https:\/\/julesverne.com.tr\/wp-content\/uploads\/2020\/09\/Ferzan.png","datePublished":"2017-03-10T07:15:19+00:00","dateModified":"2021-06-28T07:46:23+00:00","breadcrumb":{"@id":"https:\/\/julesverne.com.tr\/travel-blog\/napolide-muzik-ve-sanatla-dolu-bir-hafta-sonu\/#breadcrumb"},"inLanguage":"en-US","potentialAction":[{"@type":"ReadAction","target":["https:\/\/julesverne.com.tr\/travel-blog\/napolide-muzik-ve-sanatla-dolu-bir-hafta-sonu\/"]}]},{"@type":"ImageObject","inLanguage":"en-US","@id":"https:\/\/julesverne.com.tr\/travel-blog\/napolide-muzik-ve-sanatla-dolu-bir-hafta-sonu\/#primaryimage","url":"https:\/\/julesverne.com.tr\/wp-content\/uploads\/2020\/09\/Ferzan.png","contentUrl":"https:\/\/julesverne.com.tr\/wp-content\/uploads\/2020\/09\/Ferzan.png","width":1200,"height":628},{"@type":"BreadcrumbList","@id":"https:\/\/julesverne.com.tr\/travel-blog\/napolide-muzik-ve-sanatla-dolu-bir-hafta-sonu\/#breadcrumb","itemListElement":[{"@type":"ListItem","position":1,"name":"Anasayfa","item":"https:\/\/julesverne.com.tr\/"},{"@type":"ListItem","position":2,"name":"Napoli\u2019de M\u00fczik ve Sanatla dolu bir hafta sonu&#8230;"}]},{"@type":"WebSite","@id":"https:\/\/julesverne.com.tr\/#website","url":"https:\/\/julesverne.com.tr\/","name":"JULES VERNE BUSINESS MICE TRAVEL","description":"","publisher":{"@id":"https:\/\/julesverne.com.tr\/#organization"},"potentialAction":[{"@type":"SearchAction","target":{"@type":"EntryPoint","urlTemplate":"https:\/\/julesverne.com.tr\/?s={search_term_string}"},"query-input":"required name=search_term_string"}],"inLanguage":"en-US"},{"@type":"Organization","@id":"https:\/\/julesverne.com.tr\/#organization","name":"JULES VERNE BUSINESS MICE TRAVEL","url":"https:\/\/julesverne.com.tr\/","logo":{"@type":"ImageObject","inLanguage":"en-US","@id":"https:\/\/julesverne.com.tr\/#\/schema\/logo\/image\/","url":"https:\/\/julesverne.com.tr\/wp-content\/uploads\/2020\/09\/jv-bmt-logo.png","contentUrl":"https:\/\/julesverne.com.tr\/wp-content\/uploads\/2020\/09\/jv-bmt-logo.png","width":110,"height":81,"caption":"JULES VERNE BUSINESS MICE TRAVEL"},"image":{"@id":"https:\/\/julesverne.com.tr\/#\/schema\/logo\/image\/"},"sameAs":["https:\/\/www.facebook.com\/JulesVerneBusinessMiceTravel\/","https:\/\/twitter.com\/JV_BusinessMice","https:\/\/www.instagram.com\/julesvernebusinessmicetravel\/","https:\/\/www.linkedin.com\/company\/julesvernebusinessmicetravel\/","https:\/\/www.youtube.com\/channel\/UCAwdsmbZ6tFhu1tea6pkpiw"]},{"@type":"Person","@id":"https:\/\/julesverne.com.tr\/#\/schema\/person\/f4eb0514ae455538644c31b99a466fdb","name":"fikirman","sameAs":["http:\/\/advermedya.net\/julesverne"],"url":"https:\/\/julesverne.com.tr\/en\/author\/fikirman\/"}]}},"_links":{"self":[{"href":"https:\/\/julesverne.com.tr\/en\/wp-json\/wp\/v2\/posts\/1684"}],"collection":[{"href":"https:\/\/julesverne.com.tr\/en\/wp-json\/wp\/v2\/posts"}],"about":[{"href":"https:\/\/julesverne.com.tr\/en\/wp-json\/wp\/v2\/types\/post"}],"author":[{"embeddable":true,"href":"https:\/\/julesverne.com.tr\/en\/wp-json\/wp\/v2\/users\/1"}],"replies":[{"embeddable":true,"href":"https:\/\/julesverne.com.tr\/en\/wp-json\/wp\/v2\/comments?post=1684"}],"version-history":[{"count":0,"href":"https:\/\/julesverne.com.tr\/en\/wp-json\/wp\/v2\/posts\/1684\/revisions"}],"wp:featuredmedia":[{"embeddable":true,"href":"https:\/\/julesverne.com.tr\/en\/wp-json\/wp\/v2\/media\/1685"}],"wp:attachment":[{"href":"https:\/\/julesverne.com.tr\/en\/wp-json\/wp\/v2\/media?parent=1684"}],"wp:term":[{"taxonomy":"category","embeddable":true,"href":"https:\/\/julesverne.com.tr\/en\/wp-json\/wp\/v2\/categories?post=1684"},{"taxonomy":"post_tag","embeddable":true,"href":"https:\/\/julesverne.com.tr\/en\/wp-json\/wp\/v2\/tags?post=1684"}],"curies":[{"name":"wp","href":"https:\/\/api.w.org\/{rel}","templated":true}]}}