{"id":16813,"date":"2024-03-01T10:19:05","date_gmt":"2024-03-01T07:19:05","guid":{"rendered":"https:\/\/julesverne.com.tr\/?p=16813"},"modified":"2024-03-01T11:40:11","modified_gmt":"2024-03-01T08:40:11","slug":"2024-mart-ayinin-en-keyifli-destinasyonlari","status":"publish","type":"post","link":"https:\/\/julesverne.com.tr\/en\/travel-blog\/2024-mart-ayinin-en-keyifli-destinasyonlari\/","title":{"rendered":"(TR) 2024 Mart Ay\u0131n\u0131n En Keyifli Destinasyonlar\u0131"},"content":{"rendered":"<p class=\"qtranxs-available-languages-message qtranxs-available-languages-message-en\">Sorry, this entry is only available in <a href=\"https:\/\/julesverne.com.tr\/tr\/wp-json\/wp\/v2\/posts\/16813\" class=\"qtranxs-available-language-link qtranxs-available-language-link-tr\" title=\"TR\">Turkish<\/a>.<\/p>","protected":false},"excerpt":{"rendered":"<p>Sorry, this entry is only available in Turkish.<\/p>\n","protected":false},"author":10,"featured_media":15036,"comment_status":"closed","ping_status":"closed","sticky":false,"template":"","format":"standard","meta":{"inline_featured_image":false,"footnotes":""},"categories":[38,1,39],"tags":[77,73,245],"acf":[],"yoast_head":"<!-- This site is optimized with the Yoast SEO plugin v22.3 - https:\/\/yoast.com\/wordpress\/plugins\/seo\/ -->\n<title><\/title>\n<meta name=\"description\" content=\"Bir yar\u0131m k\u00fcrede k\u0131\u015f rehavetini geride b\u0131rakt\u0131\u011f\u0131m\u0131z, bir yar\u0131m k\u00fcrede ise y\u00fcksek sezonun kalabal\u0131\u011f\u0131ndan s\u0131yr\u0131ld\u0131\u011f\u0131m\u0131z en g\u00fczel Mart ay\u0131\u2026 Kuzey yar\u0131mk\u00fcrede kayak g\u00fcnlerinin son g\u00fczel g\u00fcnleriyle birlikte \u00e7i\u00e7ek a\u00e7maya ba\u015flayan bah\u00e7eler; g\u00fcney yar\u0131mk\u00fcrede ise sonbahar\u0131n g\u00fczel esintileri, sakinle\u015fen ke\u015fif rotalar\u0131\u2026\" \/>\n<meta name=\"robots\" content=\"index, follow, max-snippet:-1, max-image-preview:large, max-video-preview:-1\" \/>\n<link rel=\"canonical\" href=\"https:\/\/julesverne.com.tr\/travel-blog\/2024-mart-ayinin-en-keyifli-destinasyonlari\/\" \/>\n<meta property=\"og:locale\" content=\"en_US\" \/>\n<meta property=\"og:type\" content=\"article\" \/>\n<meta property=\"og:title\" content=\"[:tr]2024 Mart Ay\u0131n\u0131n En Keyifli Destinasyonlar\u0131[:] - JULES VERNE BUSINESS MICE TRAVEL\" \/>\n<meta property=\"og:description\" content=\"Bir yar\u0131m k\u00fcrede k\u0131\u015f rehavetini geride b\u0131rakt\u0131\u011f\u0131m\u0131z, bir yar\u0131m k\u00fcrede ise y\u00fcksek sezonun kalabal\u0131\u011f\u0131ndan s\u0131yr\u0131ld\u0131\u011f\u0131m\u0131z en g\u00fczel Mart ay\u0131\u2026 Kuzey yar\u0131mk\u00fcrede kayak g\u00fcnlerinin son g\u00fczel g\u00fcnleriyle birlikte \u00e7i\u00e7ek a\u00e7maya ba\u015flayan bah\u00e7eler; g\u00fcney yar\u0131mk\u00fcrede ise sonbahar\u0131n g\u00fczel esintileri, sakinle\u015fen ke\u015fif rotalar\u0131\u2026\" \/>\n<meta property=\"og:url\" content=\"https:\/\/julesverne.com.tr\/travel-blog\/2024-mart-ayinin-en-keyifli-destinasyonlari\/\" \/>\n<meta property=\"og:site_name\" content=\"JULES VERNE BUSINESS MICE TRAVEL\" \/>\n<meta property=\"article:publisher\" content=\"https:\/\/www.facebook.com\/JulesVerneBusinessMiceTravel\/\" \/>\n<meta property=\"article:published_time\" content=\"2024-03-01T07:19:05+00:00\" \/>\n<meta property=\"article:modified_time\" content=\"2024-03-01T08:40:11+00:00\" \/>\n<meta property=\"og:image\" content=\"https:\/\/julesverne.com.tr\/wp-content\/uploads\/2023\/03\/Sorrento-Amalfi-scaled.jpg\" \/>\n\t<meta property=\"og:image:width\" content=\"1600\" \/>\n\t<meta property=\"og:image:height\" content=\"1068\" \/>\n\t<meta property=\"og:image:type\" content=\"image\/jpeg\" \/>\n<meta name=\"author\" content=\"Ebru Alt\u0131n\" \/>\n<meta name=\"twitter:card\" content=\"summary_large_image\" \/>\n<meta name=\"twitter:creator\" content=\"@JV_BusinessMice\" \/>\n<meta name=\"twitter:site\" content=\"@JV_BusinessMice\" \/>\n<meta name=\"twitter:label1\" content=\"Written by\" \/>\n\t<meta name=\"twitter:data1\" content=\"Ebru Alt\u0131n\" \/>\n\t<meta name=\"twitter:label2\" content=\"Est. reading time\" \/>\n\t<meta name=\"twitter:data2\" content=\"13 minutes\" \/>\n<script type=\"application\/ld+json\" class=\"yoast-schema-graph\">{\"@context\":\"https:\/\/schema.org\",\"@graph\":[{\"@type\":\"Article\",\"@id\":\"https:\/\/julesverne.com.tr\/travel-blog\/2024-mart-ayinin-en-keyifli-destinasyonlari\/#article\",\"isPartOf\":{\"@id\":\"https:\/\/julesverne.com.tr\/travel-blog\/2024-mart-ayinin-en-keyifli-destinasyonlari\/\"},\"author\":{\"name\":\"Ebru Alt\u0131n\",\"@id\":\"https:\/\/julesverne.com.tr\/#\/schema\/person\/219931edfe2e7d9cbbcbabb8a7e4c7f4\"},\"headline\":\"(TR) 2024 Mart Ay\u0131n\u0131n En Keyifli Destinasyonlar\u0131\",\"datePublished\":\"2024-03-01T07:19:05+00:00\",\"dateModified\":\"2024-03-01T08:40:11+00:00\",\"mainEntityOfPage\":{\"@id\":\"https:\/\/julesverne.com.tr\/travel-blog\/2024-mart-ayinin-en-keyifli-destinasyonlari\/\"},\"wordCount\":2119,\"publisher\":{\"@id\":\"https:\/\/julesverne.com.tr\/#organization\"},\"image\":{\"@id\":\"https:\/\/julesverne.com.tr\/travel-blog\/2024-mart-ayinin-en-keyifli-destinasyonlari\/#primaryimage\"},\"thumbnailUrl\":\"https:\/\/julesverne.com.tr\/wp-content\/uploads\/2023\/03\/Sorrento-Amalfi-scaled.jpg\",\"keywords\":[\"\u0130lham Veren Destinasyonlar\",\"Nereye Gitsek\",\"Seyahat Blog\"],\"articleSection\":[\"\u0130lham Veren Destinasyonlar\",\"Blog\",\"Nereye Gitsek?\"],\"inLanguage\":\"en-US\"},{\"@type\":\"WebPage\",\"@id\":\"https:\/\/julesverne.com.tr\/travel-blog\/2024-mart-ayinin-en-keyifli-destinasyonlari\/\",\"url\":\"https:\/\/julesverne.com.tr\/travel-blog\/2024-mart-ayinin-en-keyifli-destinasyonlari\/\",\"name\":\"[:tr]2024 Mart Ay\u0131n\u0131n En Keyifli Destinasyonlar\u0131[:] - JULES VERNE BUSINESS MICE TRAVEL\",\"isPartOf\":{\"@id\":\"https:\/\/julesverne.com.tr\/#website\"},\"primaryImageOfPage\":{\"@id\":\"https:\/\/julesverne.com.tr\/travel-blog\/2024-mart-ayinin-en-keyifli-destinasyonlari\/#primaryimage\"},\"image\":{\"@id\":\"https:\/\/julesverne.com.tr\/travel-blog\/2024-mart-ayinin-en-keyifli-destinasyonlari\/#primaryimage\"},\"thumbnailUrl\":\"https:\/\/julesverne.com.tr\/wp-content\/uploads\/2023\/03\/Sorrento-Amalfi-scaled.jpg\",\"datePublished\":\"2024-03-01T07:19:05+00:00\",\"dateModified\":\"2024-03-01T08:40:11+00:00\",\"description\":\"Bir yar\u0131m k\u00fcrede k\u0131\u015f rehavetini geride b\u0131rakt\u0131\u011f\u0131m\u0131z, bir yar\u0131m k\u00fcrede ise y\u00fcksek sezonun kalabal\u0131\u011f\u0131ndan s\u0131yr\u0131ld\u0131\u011f\u0131m\u0131z en g\u00fczel Mart ay\u0131\u2026 Kuzey yar\u0131mk\u00fcrede kayak g\u00fcnlerinin son g\u00fczel g\u00fcnleriyle birlikte \u00e7i\u00e7ek a\u00e7maya ba\u015flayan bah\u00e7eler; g\u00fcney yar\u0131mk\u00fcrede ise sonbahar\u0131n g\u00fczel esintileri, sakinle\u015fen ke\u015fif rotalar\u0131\u2026\",\"breadcrumb\":{\"@id\":\"https:\/\/julesverne.com.tr\/travel-blog\/2024-mart-ayinin-en-keyifli-destinasyonlari\/#breadcrumb\"},\"inLanguage\":\"en-US\",\"potentialAction\":[{\"@type\":\"ReadAction\",\"target\":[\"https:\/\/julesverne.com.tr\/travel-blog\/2024-mart-ayinin-en-keyifli-destinasyonlari\/\"]}]},{\"@type\":\"ImageObject\",\"inLanguage\":\"en-US\",\"@id\":\"https:\/\/julesverne.com.tr\/travel-blog\/2024-mart-ayinin-en-keyifli-destinasyonlari\/#primaryimage\",\"url\":\"https:\/\/julesverne.com.tr\/wp-content\/uploads\/2023\/03\/Sorrento-Amalfi-scaled.jpg\",\"contentUrl\":\"https:\/\/julesverne.com.tr\/wp-content\/uploads\/2023\/03\/Sorrento-Amalfi-scaled.jpg\",\"width\":1600,\"height\":1068},{\"@type\":\"BreadcrumbList\",\"@id\":\"https:\/\/julesverne.com.tr\/travel-blog\/2024-mart-ayinin-en-keyifli-destinasyonlari\/#breadcrumb\",\"itemListElement\":[{\"@type\":\"ListItem\",\"position\":1,\"name\":\"Anasayfa\",\"item\":\"https:\/\/julesverne.com.tr\/\"},{\"@type\":\"ListItem\",\"position\":2,\"name\":\"2024 Mart Ay\u0131n\u0131n En Keyifli Destinasyonlar\u0131\"}]},{\"@type\":\"WebSite\",\"@id\":\"https:\/\/julesverne.com.tr\/#website\",\"url\":\"https:\/\/julesverne.com.tr\/\",\"name\":\"JULES VERNE BUSINESS MICE TRAVEL\",\"description\":\"\",\"publisher\":{\"@id\":\"https:\/\/julesverne.com.tr\/#organization\"},\"potentialAction\":[{\"@type\":\"SearchAction\",\"target\":{\"@type\":\"EntryPoint\",\"urlTemplate\":\"https:\/\/julesverne.com.tr\/?s={search_term_string}\"},\"query-input\":\"required name=search_term_string\"}],\"inLanguage\":\"en-US\"},{\"@type\":\"Organization\",\"@id\":\"https:\/\/julesverne.com.tr\/#organization\",\"name\":\"JULES VERNE BUSINESS MICE TRAVEL\",\"url\":\"https:\/\/julesverne.com.tr\/\",\"logo\":{\"@type\":\"ImageObject\",\"inLanguage\":\"en-US\",\"@id\":\"https:\/\/julesverne.com.tr\/#\/schema\/logo\/image\/\",\"url\":\"https:\/\/julesverne.com.tr\/wp-content\/uploads\/2020\/09\/jv-bmt-logo.png\",\"contentUrl\":\"https:\/\/julesverne.com.tr\/wp-content\/uploads\/2020\/09\/jv-bmt-logo.png\",\"width\":110,\"height\":81,\"caption\":\"JULES VERNE BUSINESS MICE TRAVEL\"},\"image\":{\"@id\":\"https:\/\/julesverne.com.tr\/#\/schema\/logo\/image\/\"},\"sameAs\":[\"https:\/\/www.facebook.com\/JulesVerneBusinessMiceTravel\/\",\"https:\/\/twitter.com\/JV_BusinessMice\",\"https:\/\/www.instagram.com\/julesvernebusinessmicetravel\/\",\"https:\/\/www.linkedin.com\/company\/julesvernebusinessmicetravel\/\",\"https:\/\/www.youtube.com\/channel\/UCAwdsmbZ6tFhu1tea6pkpiw\"]},{\"@type\":\"Person\",\"@id\":\"https:\/\/julesverne.com.tr\/#\/schema\/person\/219931edfe2e7d9cbbcbabb8a7e4c7f4\",\"name\":\"Ebru Alt\u0131n\",\"url\":\"https:\/\/julesverne.com.tr\/en\/author\/ebru-altin\/\"}]}<\/script>\n<!-- \/ Yoast SEO plugin. -->","yoast_head_json":{"title":"[:tr]2024 Mart Ay\u0131n\u0131n En Keyifli Destinasyonlar\u0131[:] - JULES VERNE BUSINESS MICE TRAVEL","description":"Bir yar\u0131m k\u00fcrede k\u0131\u015f rehavetini geride b\u0131rakt\u0131\u011f\u0131m\u0131z, bir yar\u0131m k\u00fcrede ise y\u00fcksek sezonun kalabal\u0131\u011f\u0131ndan s\u0131yr\u0131ld\u0131\u011f\u0131m\u0131z en g\u00fczel Mart ay\u0131\u2026 Kuzey yar\u0131mk\u00fcrede kayak g\u00fcnlerinin son g\u00fczel g\u00fcnleriyle birlikte \u00e7i\u00e7ek a\u00e7maya ba\u015flayan bah\u00e7eler; g\u00fcney yar\u0131mk\u00fcrede ise sonbahar\u0131n g\u00fczel esintileri, sakinle\u015fen ke\u015fif rotalar\u0131\u2026","robots":{"index":"index","follow":"follow","max-snippet":"max-snippet:-1","max-image-preview":"max-image-preview:large","max-video-preview":"max-video-preview:-1"},"canonical":"https:\/\/julesverne.com.tr\/travel-blog\/2024-mart-ayinin-en-keyifli-destinasyonlari\/","og_locale":"en_US","og_type":"article","og_title":"[:tr]2024 Mart Ay\u0131n\u0131n En Keyifli Destinasyonlar\u0131[:] - JULES VERNE BUSINESS MICE TRAVEL","og_description":"Bir yar\u0131m k\u00fcrede k\u0131\u015f rehavetini geride b\u0131rakt\u0131\u011f\u0131m\u0131z, bir yar\u0131m k\u00fcrede ise y\u00fcksek sezonun kalabal\u0131\u011f\u0131ndan s\u0131yr\u0131ld\u0131\u011f\u0131m\u0131z en g\u00fczel Mart ay\u0131\u2026 Kuzey yar\u0131mk\u00fcrede kayak g\u00fcnlerinin son g\u00fczel g\u00fcnleriyle birlikte \u00e7i\u00e7ek a\u00e7maya ba\u015flayan bah\u00e7eler; g\u00fcney yar\u0131mk\u00fcrede ise sonbahar\u0131n g\u00fczel esintileri, sakinle\u015fen ke\u015fif rotalar\u0131\u2026","og_url":"https:\/\/julesverne.com.tr\/travel-blog\/2024-mart-ayinin-en-keyifli-destinasyonlari\/","og_site_name":"JULES VERNE BUSINESS MICE TRAVEL","article_publisher":"https:\/\/www.facebook.com\/JulesVerneBusinessMiceTravel\/","article_published_time":"2024-03-01T07:19:05+00:00","article_modified_time":"2024-03-01T08:40:11+00:00","og_image":[{"width":1600,"height":1068,"url":"https:\/\/julesverne.com.tr\/wp-content\/uploads\/2023\/03\/Sorrento-Amalfi-scaled.jpg","type":"image\/jpeg"}],"author":"Ebru Alt\u0131n","twitter_card":"summary_large_image","twitter_creator":"@JV_BusinessMice","twitter_site":"@JV_BusinessMice","twitter_misc":{"Written by":"Ebru Alt\u0131n","Est. reading time":"13 minutes"},"schema":{"@context":"https:\/\/schema.org","@graph":[{"@type":"Article","@id":"https:\/\/julesverne.com.tr\/travel-blog\/2024-mart-ayinin-en-keyifli-destinasyonlari\/#article","isPartOf":{"@id":"https:\/\/julesverne.com.tr\/travel-blog\/2024-mart-ayinin-en-keyifli-destinasyonlari\/"},"author":{"name":"Ebru Alt\u0131n","@id":"https:\/\/julesverne.com.tr\/#\/schema\/person\/219931edfe2e7d9cbbcbabb8a7e4c7f4"},"headline":"(TR) 2024 Mart Ay\u0131n\u0131n En Keyifli Destinasyonlar\u0131","datePublished":"2024-03-01T07:19:05+00:00","dateModified":"2024-03-01T08:40:11+00:00","mainEntityOfPage":{"@id":"https:\/\/julesverne.com.tr\/travel-blog\/2024-mart-ayinin-en-keyifli-destinasyonlari\/"},"wordCount":2119,"publisher":{"@id":"https:\/\/julesverne.com.tr\/#organization"},"image":{"@id":"https:\/\/julesverne.com.tr\/travel-blog\/2024-mart-ayinin-en-keyifli-destinasyonlari\/#primaryimage"},"thumbnailUrl":"https:\/\/julesverne.com.tr\/wp-content\/uploads\/2023\/03\/Sorrento-Amalfi-scaled.jpg","keywords":["\u0130lham Veren Destinasyonlar","Nereye Gitsek","Seyahat Blog"],"articleSection":["\u0130lham Veren Destinasyonlar","Blog","Nereye Gitsek?"],"inLanguage":"en-US"},{"@type":"WebPage","@id":"https:\/\/julesverne.com.tr\/travel-blog\/2024-mart-ayinin-en-keyifli-destinasyonlari\/","url":"https:\/\/julesverne.com.tr\/travel-blog\/2024-mart-ayinin-en-keyifli-destinasyonlari\/","name":"[:tr]2024 Mart Ay\u0131n\u0131n En Keyifli Destinasyonlar\u0131[:] - JULES VERNE BUSINESS MICE TRAVEL","isPartOf":{"@id":"https:\/\/julesverne.com.tr\/#website"},"primaryImageOfPage":{"@id":"https:\/\/julesverne.com.tr\/travel-blog\/2024-mart-ayinin-en-keyifli-destinasyonlari\/#primaryimage"},"image":{"@id":"https:\/\/julesverne.com.tr\/travel-blog\/2024-mart-ayinin-en-keyifli-destinasyonlari\/#primaryimage"},"thumbnailUrl":"https:\/\/julesverne.com.tr\/wp-content\/uploads\/2023\/03\/Sorrento-Amalfi-scaled.jpg","datePublished":"2024-03-01T07:19:05+00:00","dateModified":"2024-03-01T08:40:11+00:00","description":"Bir yar\u0131m k\u00fcrede k\u0131\u015f rehavetini geride b\u0131rakt\u0131\u011f\u0131m\u0131z, bir yar\u0131m k\u00fcrede ise y\u00fcksek sezonun kalabal\u0131\u011f\u0131ndan s\u0131yr\u0131ld\u0131\u011f\u0131m\u0131z en g\u00fczel Mart ay\u0131\u2026 Kuzey yar\u0131mk\u00fcrede kayak g\u00fcnlerinin son g\u00fczel g\u00fcnleriyle birlikte \u00e7i\u00e7ek a\u00e7maya ba\u015flayan bah\u00e7eler; g\u00fcney yar\u0131mk\u00fcrede ise sonbahar\u0131n g\u00fczel esintileri, sakinle\u015fen ke\u015fif rotalar\u0131\u2026","breadcrumb":{"@id":"https:\/\/julesverne.com.tr\/travel-blog\/2024-mart-ayinin-en-keyifli-destinasyonlari\/#breadcrumb"},"inLanguage":"en-US","potentialAction":[{"@type":"ReadAction","target":["https:\/\/julesverne.com.tr\/travel-blog\/2024-mart-ayinin-en-keyifli-destinasyonlari\/"]}]},{"@type":"ImageObject","inLanguage":"en-US","@id":"https:\/\/julesverne.com.tr\/travel-blog\/2024-mart-ayinin-en-keyifli-destinasyonlari\/#primaryimage","url":"https:\/\/julesverne.com.tr\/wp-content\/uploads\/2023\/03\/Sorrento-Amalfi-scaled.jpg","contentUrl":"https:\/\/julesverne.com.tr\/wp-content\/uploads\/2023\/03\/Sorrento-Amalfi-scaled.jpg","width":1600,"height":1068},{"@type":"BreadcrumbList","@id":"https:\/\/julesverne.com.tr\/travel-blog\/2024-mart-ayinin-en-keyifli-destinasyonlari\/#breadcrumb","itemListElement":[{"@type":"ListItem","position":1,"name":"Anasayfa","item":"https:\/\/julesverne.com.tr\/"},{"@type":"ListItem","position":2,"name":"2024 Mart Ay\u0131n\u0131n En Keyifli Destinasyonlar\u0131"}]},{"@type":"WebSite","@id":"https:\/\/julesverne.com.tr\/#website","url":"https:\/\/julesverne.com.tr\/","name":"JULES VERNE BUSINESS MICE TRAVEL","description":"","publisher":{"@id":"https:\/\/julesverne.com.tr\/#organization"},"potentialAction":[{"@type":"SearchAction","target":{"@type":"EntryPoint","urlTemplate":"https:\/\/julesverne.com.tr\/?s={search_term_string}"},"query-input":"required name=search_term_string"}],"inLanguage":"en-US"},{"@type":"Organization","@id":"https:\/\/julesverne.com.tr\/#organization","name":"JULES VERNE BUSINESS MICE TRAVEL","url":"https:\/\/julesverne.com.tr\/","logo":{"@type":"ImageObject","inLanguage":"en-US","@id":"https:\/\/julesverne.com.tr\/#\/schema\/logo\/image\/","url":"https:\/\/julesverne.com.tr\/wp-content\/uploads\/2020\/09\/jv-bmt-logo.png","contentUrl":"https:\/\/julesverne.com.tr\/wp-content\/uploads\/2020\/09\/jv-bmt-logo.png","width":110,"height":81,"caption":"JULES VERNE BUSINESS MICE TRAVEL"},"image":{"@id":"https:\/\/julesverne.com.tr\/#\/schema\/logo\/image\/"},"sameAs":["https:\/\/www.facebook.com\/JulesVerneBusinessMiceTravel\/","https:\/\/twitter.com\/JV_BusinessMice","https:\/\/www.instagram.com\/julesvernebusinessmicetravel\/","https:\/\/www.linkedin.com\/company\/julesvernebusinessmicetravel\/","https:\/\/www.youtube.com\/channel\/UCAwdsmbZ6tFhu1tea6pkpiw"]},{"@type":"Person","@id":"https:\/\/julesverne.com.tr\/#\/schema\/person\/219931edfe2e7d9cbbcbabb8a7e4c7f4","name":"Ebru Alt\u0131n","url":"https:\/\/julesverne.com.tr\/en\/author\/ebru-altin\/"}]}},"_links":{"self":[{"href":"https:\/\/julesverne.com.tr\/en\/wp-json\/wp\/v2\/posts\/16813"}],"collection":[{"href":"https:\/\/julesverne.com.tr\/en\/wp-json\/wp\/v2\/posts"}],"about":[{"href":"https:\/\/julesverne.com.tr\/en\/wp-json\/wp\/v2\/types\/post"}],"author":[{"embeddable":true,"href":"https:\/\/julesverne.com.tr\/en\/wp-json\/wp\/v2\/users\/10"}],"replies":[{"embeddable":true,"href":"https:\/\/julesverne.com.tr\/en\/wp-json\/wp\/v2\/comments?post=16813"}],"version-history":[{"count":6,"href":"https:\/\/julesverne.com.tr\/en\/wp-json\/wp\/v2\/posts\/16813\/revisions"}],"predecessor-version":[{"id":16833,"href":"https:\/\/julesverne.com.tr\/en\/wp-json\/wp\/v2\/posts\/16813\/revisions\/16833"}],"wp:featuredmedia":[{"embeddable":true,"href":"https:\/\/julesverne.com.tr\/en\/wp-json\/wp\/v2\/media\/15036"}],"wp:attachment":[{"href":"https:\/\/julesverne.com.tr\/en\/wp-json\/wp\/v2\/media?parent=16813"}],"wp:term":[{"taxonomy":"category","embeddable":true,"href":"https:\/\/julesverne.com.tr\/en\/wp-json\/wp\/v2\/categories?post=16813"},{"taxonomy":"post_tag","embeddable":true,"href":"https:\/\/julesverne.com.tr\/en\/wp-json\/wp\/v2\/tags?post=16813"}],"curies":[{"name":"wp","href":"https:\/\/api.w.org\/{rel}","templated":true}]}}