{"id":1674,"date":"2017-02-24T15:40:29","date_gmt":"2017-02-24T12:40:29","guid":{"rendered":"https:\/\/www.julesverne.com.tr\/\/blog\/alacatida-ege-otlarinin-buyulu-dunyasina-yolculuk-program-akisi\/"},"modified":"2021-09-13T11:30:45","modified_gmt":"2021-09-13T08:30:45","slug":"alacatida-ege-otlarinin-buyulu-dunyasina-yolculuk-program-akisi","status":"publish","type":"post","link":"https:\/\/julesverne.com.tr\/en\/travel-blog\/alacatida-ege-otlarinin-buyulu-dunyasina-yolculuk-program-akisi\/","title":{"rendered":"Ala\u00e7at\u0131&#8217;da Ege Otlar\u0131n\u0131n B\u00fcy\u00fcl\u00fc D\u00fcnyas\u0131na Yolculuk Program Ak\u0131\u015f\u0131"},"content":{"rendered":"<p><img loading=\"lazy\" decoding=\"async\" class=\"size-full wp-image-8639 alignnone\" src=\"https:\/\/julesverne.com.tr\/wp-content\/uploads\/2021\/06\/shutterstock_1500421808.jpg\" alt=\"\" width=\"1000\" height=\"667\" srcset=\"https:\/\/julesverne.com.tr\/wp-content\/uploads\/2021\/06\/shutterstock_1500421808.jpg 1000w, https:\/\/julesverne.com.tr\/wp-content\/uploads\/2021\/06\/shutterstock_1500421808-500x334.jpg 500w, https:\/\/julesverne.com.tr\/wp-content\/uploads\/2021\/06\/shutterstock_1500421808-768x512.jpg 768w\" sizes=\"(max-width: 1000px) 100vw, 1000px\" \/><\/p>\n<h2 class=\"MsoNormal\" style=\"text-align: center;\"><strong>PROGRAM<\/strong><\/h2>\n<h3 class=\"MsoNormal\"><strong>07 Nisan\u00a0 Cuma\u00a0<\/strong><\/h3>\n<ul>\n<li>\u0130zmir Adnan Menderes Havaalan\u0131n\u2019da kar\u015f\u0131lama ve Ala\u00e7at\u0131&#8217;da konaklayaca\u011f\u0131n\u0131z butik otelinize<span style=\"text-indent: -18pt;\">\u00a0\u00a0<\/span><span style=\"text-indent: -18pt;\">transfer.<\/span><\/li>\n<li><span style=\"text-indent: -18pt;\">Otele yerle\u015ftikten sonra, y\u00fcr\u00fcyerek \u00e7ok kolayca ula\u015faca\u011f\u0131n\u0131z Ala\u00e7at\u0131 merkezde, ta\u015f evlerin ve arnavut kald\u0131r\u0131ml\u0131 sokaklarda gezerek, kekik kokular\u0131 ile beraber y\u00f6resel lezzetleri tadabilir, merkezin tad\u0131n\u0131 \u00e7\u0131karabilirsiniz. Birbirinden de\u011ferli akademisyenlerin, a\u015f\u00e7\u0131lar\u0131n ve bloggerlar\u0131n s\u00f6yle\u015fileri ve at\u00f6lyeleriyle dolu dolu ge\u00e7en festivalin korteji renkli g\u00f6r\u00fcnt\u00fclere sahne olmakta, korteje y\u00fczlerce ki\u015fi e\u015flik etmektedir.<\/span><\/li>\n<li><span style=\"text-indent: -18pt;\">Konaklama otelimizde.<\/span><br \/>\n<img loading=\"lazy\" decoding=\"async\" class=\"size-full wp-image-8734 alignnone\" src=\"https:\/\/julesverne.com.tr\/wp-content\/uploads\/2021\/06\/alacati-izmir-1.jpg\" alt=\"\" width=\"1200\" height=\"800\" srcset=\"https:\/\/julesverne.com.tr\/wp-content\/uploads\/2021\/06\/alacati-izmir-1.jpg 1200w, https:\/\/julesverne.com.tr\/wp-content\/uploads\/2021\/06\/alacati-izmir-1-500x333.jpg 500w, https:\/\/julesverne.com.tr\/wp-content\/uploads\/2021\/06\/alacati-izmir-1-768x512.jpg 768w\" sizes=\"(max-width: 1200px) 100vw, 1200px\" \/><\/li>\n<\/ul>\n<h3 class=\"MsoNormal\"><strong>08\u00a0 Nisan Cumartesi<\/strong><\/h3>\n<ul>\n<li><span style=\"text-indent: -18pt;\">Sabah otelde kahvalt\u0131<\/span><\/li>\n<li>T\u00fcrk mutfa\u011f\u0131na yeni yorumlar getiren, bu lezzetleri d\u00fcnya mutfa\u011f\u0131yla da birle\u015ftiren, Michelin y\u0131ld\u0131zl\u0131 restoranlarda \u015feflik yapm\u0131\u015f Osman Sezener ile \u201cEge Otlar\u0131n\u0131n B\u00fcy\u00fcl\u00fc D\u00fcnyas\u0131\u201dna yolculuk i\u00e7in Urla Venedik \u00c7iftli\u011fi\u2019ne hareket. ( Mesafe yakla\u015f\u0131k 30 dk. s\u00fcrmektedir)<\/li>\n<li><span style=\"font-variant-numeric: normal; font-stretch: normal; font-size: 7pt; line-height: normal;\">\u00a0<\/span>\u00c7iftlikte gezinti, zeytinya\u011f\u0131 tanklar\u0131ndan s\u0131zma zeytinya\u011f\u0131 tad\u0131m\u0131<\/li>\n<li>Ege Otlar\u0131n\u0131n B\u00fcy\u00fcl\u00fc D\u00fcnyas\u0131 workshop\u2019u<\/li>\n<li>Ege Sofras\u0131\u00a0 (Ev yap\u0131m\u0131 \u015faraplar e\u015fli\u011finde, k\u00f6y f\u0131r\u0131n\u0131ndan ekmekler, Is\u0131rgan otu, nar ve beyaz peynirli salata, sultaniye \u00fcz\u00fcm\u00fc ve yo\u011furtlu semizotu, istifno ve girit kaba\u011f\u0131, Venedik \u00c7iftli\u011fi\u2019nden s\u0131zma zeytinya\u011f\u0131 ve taze baharatlar ile f\u0131r\u0131nlanm\u0131\u015f cibes, kar\u0131\u015f\u0131k ege otlar\u0131 taba\u011f\u0131, taze ege otlu m\u00fccver, ev yap\u0131m\u0131 nar eki\u015fili kaya koru\u011fu, izmir tulumu ve kavunlu deniz b\u00f6r\u00fclcesi, narenciyeli ve terbiyeli s\u00fct kuzu \u015fevketi bostan, o\u011flak tand\u0131r, odun f\u0131r\u0131n\u0131nda pi\u015fmi\u015f kabak tatl\u0131s\u0131 )<\/li>\n<li>Otele transfer<\/li>\n<li>Konaklama otelimizde<\/li>\n<\/ul>\n<p><img loading=\"lazy\" decoding=\"async\" class=\"size-full wp-image-9414 alignnone\" src=\"https:\/\/julesverne.com.tr\/wp-content\/uploads\/2017\/02\/osman-sezener.jpg\" alt=\"\" width=\"1200\" height=\"800\" srcset=\"https:\/\/julesverne.com.tr\/wp-content\/uploads\/2017\/02\/osman-sezener.jpg 1200w, https:\/\/julesverne.com.tr\/wp-content\/uploads\/2017\/02\/osman-sezener-500x333.jpg 500w, https:\/\/julesverne.com.tr\/wp-content\/uploads\/2017\/02\/osman-sezener-768x512.jpg 768w\" sizes=\"(max-width: 1200px) 100vw, 1200px\" \/><\/p>\n<h3 class=\"MsoListParagraphCxSpFirst\" style=\"margin-left: 0cm; mso-add-space: auto;\"><strong>09\u00a0 Nisan Pazar<\/strong><\/h3>\n<ul>\n<li><span style=\"text-indent: -18pt;\">Sabah otelde kahvalt\u0131 ve check-out<\/span><\/li>\n<li>Urla Ba\u011f Gezisi i\u00e7in hareket<\/li>\n<li>Urlice Vineyard\u2019da yemek (Peynir taba\u011f\u0131, pizza, salata ve \u015farap tad\u0131m\u0131 \/ 4 farkl\u0131 \u015farap tad\u0131m\u0131)<\/li>\n<li>\u0130zmir Adnan Mendres Havaalan\u0131\u2019na transfer<\/li>\n<\/ul>\n<p>&nbsp;<\/p>\n<p><img loading=\"lazy\" decoding=\"async\" class=\"size-full wp-image-10175 alignnone\" src=\"https:\/\/julesverne.com.tr\/wp-content\/uploads\/2021\/08\/urla-bag-rotasi.jpg\" alt=\"\" width=\"1200\" height=\"800\" srcset=\"https:\/\/julesverne.com.tr\/wp-content\/uploads\/2021\/08\/urla-bag-rotasi.jpg 1200w, https:\/\/julesverne.com.tr\/wp-content\/uploads\/2021\/08\/urla-bag-rotasi-500x333.jpg 500w, https:\/\/julesverne.com.tr\/wp-content\/uploads\/2021\/08\/urla-bag-rotasi-768x512.jpg 768w\" sizes=\"(max-width: 1200px) 100vw, 1200px\" \/><\/p>\n<h3 class=\"MsoNormal\">Fiyata dahil olan hizmetler :<\/h3>\n<ul>\n<li><span style=\"text-indent: -18pt;\">Ala\u00e7at\u0131 La Mia Casa Butik Otel\u2019de 2 gece oda kahvalt\u0131 konaklama<\/span><\/li>\n<li>Profesyonel \u015fef e\u015fli\u011finde Urla Venedik \u00e7iftli\u011finde \u201cEge Otlar\u0131n\u0131n B\u00fcy\u00fcl\u00fc D\u00fcnyas\u0131na Yolculuk\u201d workshop\u2019u ve \u00f6\u011fle yeme\u011fi<\/li>\n<li>Urla ba\u011f gezileri, \u015farap tad\u0131m\u0131 ve yemek<\/li>\n<li>L\u00fcks ara\u00e7larla ula\u015f\u0131m<\/li>\n<\/ul>\n<h3>Fiyata dahil olmayan hizmetler :<\/h3>\n<ul>\n<li><span style=\"font-variant-numeric: normal; font-stretch: normal; font-size: 7pt; line-height: normal;\">\u00a0<\/span><span style=\"text-indent: -18pt;\">\u0130stanbul &#8211; \u0130zmir &#8211; \u0130stanbul aras\u0131 u\u00e7ak bileti, havaliman\u0131 vergileri ve har\u00e7lar\u0131<\/span><\/li>\n<li><span style=\"text-indent: -18pt;\">Ak\u015fam yemekleri<\/span><\/li>\n<li>Olu\u015fabilecek t\u00fcm ekstra masraflar<\/li>\n<\/ul>\n<h3 style=\"text-align: center;\">Daha detayl\u0131 bilgi i\u00e7in:<\/h3>\n<p style=\"text-align: center;\">El\u00e7in \u00d6zkan Batur<br \/>\nelcin.ozkanbatur@julesverne.com.tr<br \/>\n0212 266 6363 &#8211; 179<\/p>\n<p>&nbsp;<\/p>\n<p>&nbsp;<\/p>\n","protected":false},"excerpt":{"rendered":"<p>8. Ala&ccedil;at\u0131 Ot Festivali ve&nbsp;Osman Sezener e\u015fli\u011finde &ldquo;Ege Otlar\u0131n\u0131n B&uuml;y&uuml;l&uuml; D&uuml;nyas\u0131&rdquo;na yolculu\u011fa haz\u0131r m\u0131s\u0131n\u0131z?<\/p>\n","protected":false},"author":1,"featured_media":1675,"comment_status":"closed","ping_status":"closed","sticky":false,"template":"","format":"standard","meta":{"inline_featured_image":false,"footnotes":""},"categories":[1,39],"tags":[],"acf":[],"yoast_head":"<!-- This site is optimized with the Yoast SEO plugin v22.3 - https:\/\/yoast.com\/wordpress\/plugins\/seo\/ -->\n<title>Ala\u00e7at\u0131&#039;da Ege Otlar\u0131n\u0131n B\u00fcy\u00fcl\u00fc D\u00fcnyas\u0131na Yolculuk Program Ak\u0131\u015f\u0131 - JULES VERNE BUSINESS MICE TRAVEL<\/title>\n<meta name=\"robots\" content=\"index, follow, max-snippet:-1, max-image-preview:large, max-video-preview:-1\" \/>\n<link rel=\"canonical\" href=\"https:\/\/julesverne.com.tr\/travel-blog\/alacatida-ege-otlarinin-buyulu-dunyasina-yolculuk-program-akisi\/\" \/>\n<meta property=\"og:locale\" content=\"en_US\" \/>\n<meta property=\"og:type\" content=\"article\" \/>\n<meta property=\"og:title\" content=\"Ala\u00e7at\u0131&#039;da Ege Otlar\u0131n\u0131n B\u00fcy\u00fcl\u00fc D\u00fcnyas\u0131na Yolculuk Program Ak\u0131\u015f\u0131 - JULES VERNE BUSINESS MICE TRAVEL\" \/>\n<meta property=\"og:description\" content=\"8. Ala&ccedil;at\u0131 Ot Festivali ve&nbsp;Osman Sezener e\u015fli\u011finde &ldquo;Ege Otlar\u0131n\u0131n B&uuml;y&uuml;l&uuml; D&uuml;nyas\u0131&rdquo;na yolculu\u011fa haz\u0131r m\u0131s\u0131n\u0131z?\" \/>\n<meta property=\"og:url\" content=\"https:\/\/julesverne.com.tr\/travel-blog\/alacatida-ege-otlarinin-buyulu-dunyasina-yolculuk-program-akisi\/\" \/>\n<meta property=\"og:site_name\" content=\"JULES VERNE BUSINESS MICE TRAVEL\" \/>\n<meta property=\"article:publisher\" content=\"https:\/\/www.facebook.com\/JulesVerneBusinessMiceTravel\/\" \/>\n<meta property=\"article:published_time\" content=\"2017-02-24T12:40:29+00:00\" \/>\n<meta property=\"article:modified_time\" content=\"2021-09-13T08:30:45+00:00\" \/>\n<meta property=\"og:image\" content=\"https:\/\/julesverne.com.tr\/wp-content\/uploads\/2020\/09\/alacati.jpg\" \/>\n\t<meta property=\"og:image:width\" content=\"601\" \/>\n\t<meta property=\"og:image:height\" content=\"400\" \/>\n\t<meta property=\"og:image:type\" content=\"image\/jpeg\" \/>\n<meta name=\"author\" content=\"fikirman\" \/>\n<meta name=\"twitter:card\" content=\"summary_large_image\" \/>\n<meta name=\"twitter:creator\" content=\"@JV_BusinessMice\" \/>\n<meta name=\"twitter:site\" content=\"@JV_BusinessMice\" \/>\n<meta name=\"twitter:label1\" content=\"Written by\" \/>\n\t<meta name=\"twitter:data1\" content=\"fikirman\" \/>\n\t<meta name=\"twitter:label2\" content=\"Est. reading time\" \/>\n\t<meta name=\"twitter:data2\" content=\"3 minutes\" \/>\n<script type=\"application\/ld+json\" class=\"yoast-schema-graph\">{\"@context\":\"https:\/\/schema.org\",\"@graph\":[{\"@type\":\"Article\",\"@id\":\"https:\/\/julesverne.com.tr\/travel-blog\/alacatida-ege-otlarinin-buyulu-dunyasina-yolculuk-program-akisi\/#article\",\"isPartOf\":{\"@id\":\"https:\/\/julesverne.com.tr\/travel-blog\/alacatida-ege-otlarinin-buyulu-dunyasina-yolculuk-program-akisi\/\"},\"author\":{\"name\":\"fikirman\",\"@id\":\"https:\/\/julesverne.com.tr\/#\/schema\/person\/f4eb0514ae455538644c31b99a466fdb\"},\"headline\":\"Ala\u00e7at\u0131&#8217;da Ege Otlar\u0131n\u0131n B\u00fcy\u00fcl\u00fc D\u00fcnyas\u0131na Yolculuk Program Ak\u0131\u015f\u0131\",\"datePublished\":\"2017-02-24T12:40:29+00:00\",\"dateModified\":\"2021-09-13T08:30:45+00:00\",\"mainEntityOfPage\":{\"@id\":\"https:\/\/julesverne.com.tr\/travel-blog\/alacatida-ege-otlarinin-buyulu-dunyasina-yolculuk-program-akisi\/\"},\"wordCount\":429,\"publisher\":{\"@id\":\"https:\/\/julesverne.com.tr\/#organization\"},\"image\":{\"@id\":\"https:\/\/julesverne.com.tr\/travel-blog\/alacatida-ege-otlarinin-buyulu-dunyasina-yolculuk-program-akisi\/#primaryimage\"},\"thumbnailUrl\":\"https:\/\/julesverne.com.tr\/wp-content\/uploads\/2020\/09\/alacati.jpg\",\"articleSection\":[\"Blog\",\"Nereye Gitsek?\"],\"inLanguage\":\"en-US\"},{\"@type\":\"WebPage\",\"@id\":\"https:\/\/julesverne.com.tr\/travel-blog\/alacatida-ege-otlarinin-buyulu-dunyasina-yolculuk-program-akisi\/\",\"url\":\"https:\/\/julesverne.com.tr\/travel-blog\/alacatida-ege-otlarinin-buyulu-dunyasina-yolculuk-program-akisi\/\",\"name\":\"Ala\u00e7at\u0131'da Ege Otlar\u0131n\u0131n B\u00fcy\u00fcl\u00fc D\u00fcnyas\u0131na Yolculuk Program Ak\u0131\u015f\u0131 - JULES VERNE BUSINESS MICE TRAVEL\",\"isPartOf\":{\"@id\":\"https:\/\/julesverne.com.tr\/#website\"},\"primaryImageOfPage\":{\"@id\":\"https:\/\/julesverne.com.tr\/travel-blog\/alacatida-ege-otlarinin-buyulu-dunyasina-yolculuk-program-akisi\/#primaryimage\"},\"image\":{\"@id\":\"https:\/\/julesverne.com.tr\/travel-blog\/alacatida-ege-otlarinin-buyulu-dunyasina-yolculuk-program-akisi\/#primaryimage\"},\"thumbnailUrl\":\"https:\/\/julesverne.com.tr\/wp-content\/uploads\/2020\/09\/alacati.jpg\",\"datePublished\":\"2017-02-24T12:40:29+00:00\",\"dateModified\":\"2021-09-13T08:30:45+00:00\",\"breadcrumb\":{\"@id\":\"https:\/\/julesverne.com.tr\/travel-blog\/alacatida-ege-otlarinin-buyulu-dunyasina-yolculuk-program-akisi\/#breadcrumb\"},\"inLanguage\":\"en-US\",\"potentialAction\":[{\"@type\":\"ReadAction\",\"target\":[\"https:\/\/julesverne.com.tr\/travel-blog\/alacatida-ege-otlarinin-buyulu-dunyasina-yolculuk-program-akisi\/\"]}]},{\"@type\":\"ImageObject\",\"inLanguage\":\"en-US\",\"@id\":\"https:\/\/julesverne.com.tr\/travel-blog\/alacatida-ege-otlarinin-buyulu-dunyasina-yolculuk-program-akisi\/#primaryimage\",\"url\":\"https:\/\/julesverne.com.tr\/wp-content\/uploads\/2020\/09\/alacati.jpg\",\"contentUrl\":\"https:\/\/julesverne.com.tr\/wp-content\/uploads\/2020\/09\/alacati.jpg\",\"width\":601,\"height\":400},{\"@type\":\"BreadcrumbList\",\"@id\":\"https:\/\/julesverne.com.tr\/travel-blog\/alacatida-ege-otlarinin-buyulu-dunyasina-yolculuk-program-akisi\/#breadcrumb\",\"itemListElement\":[{\"@type\":\"ListItem\",\"position\":1,\"name\":\"Anasayfa\",\"item\":\"https:\/\/julesverne.com.tr\/\"},{\"@type\":\"ListItem\",\"position\":2,\"name\":\"Ala\u00e7at\u0131&#8217;da Ege Otlar\u0131n\u0131n B\u00fcy\u00fcl\u00fc D\u00fcnyas\u0131na Yolculuk Program Ak\u0131\u015f\u0131\"}]},{\"@type\":\"WebSite\",\"@id\":\"https:\/\/julesverne.com.tr\/#website\",\"url\":\"https:\/\/julesverne.com.tr\/\",\"name\":\"JULES VERNE BUSINESS MICE TRAVEL\",\"description\":\"\",\"publisher\":{\"@id\":\"https:\/\/julesverne.com.tr\/#organization\"},\"potentialAction\":[{\"@type\":\"SearchAction\",\"target\":{\"@type\":\"EntryPoint\",\"urlTemplate\":\"https:\/\/julesverne.com.tr\/?s={search_term_string}\"},\"query-input\":\"required name=search_term_string\"}],\"inLanguage\":\"en-US\"},{\"@type\":\"Organization\",\"@id\":\"https:\/\/julesverne.com.tr\/#organization\",\"name\":\"JULES VERNE BUSINESS MICE TRAVEL\",\"url\":\"https:\/\/julesverne.com.tr\/\",\"logo\":{\"@type\":\"ImageObject\",\"inLanguage\":\"en-US\",\"@id\":\"https:\/\/julesverne.com.tr\/#\/schema\/logo\/image\/\",\"url\":\"https:\/\/julesverne.com.tr\/wp-content\/uploads\/2020\/09\/jv-bmt-logo.png\",\"contentUrl\":\"https:\/\/julesverne.com.tr\/wp-content\/uploads\/2020\/09\/jv-bmt-logo.png\",\"width\":110,\"height\":81,\"caption\":\"JULES VERNE BUSINESS MICE TRAVEL\"},\"image\":{\"@id\":\"https:\/\/julesverne.com.tr\/#\/schema\/logo\/image\/\"},\"sameAs\":[\"https:\/\/www.facebook.com\/JulesVerneBusinessMiceTravel\/\",\"https:\/\/twitter.com\/JV_BusinessMice\",\"https:\/\/www.instagram.com\/julesvernebusinessmicetravel\/\",\"https:\/\/www.linkedin.com\/company\/julesvernebusinessmicetravel\/\",\"https:\/\/www.youtube.com\/channel\/UCAwdsmbZ6tFhu1tea6pkpiw\"]},{\"@type\":\"Person\",\"@id\":\"https:\/\/julesverne.com.tr\/#\/schema\/person\/f4eb0514ae455538644c31b99a466fdb\",\"name\":\"fikirman\",\"sameAs\":[\"http:\/\/advermedya.net\/julesverne\"],\"url\":\"https:\/\/julesverne.com.tr\/en\/author\/fikirman\/\"}]}<\/script>\n<!-- \/ Yoast SEO plugin. -->","yoast_head_json":{"title":"Ala\u00e7at\u0131'da Ege Otlar\u0131n\u0131n B\u00fcy\u00fcl\u00fc D\u00fcnyas\u0131na Yolculuk Program Ak\u0131\u015f\u0131 - JULES VERNE BUSINESS MICE TRAVEL","robots":{"index":"index","follow":"follow","max-snippet":"max-snippet:-1","max-image-preview":"max-image-preview:large","max-video-preview":"max-video-preview:-1"},"canonical":"https:\/\/julesverne.com.tr\/travel-blog\/alacatida-ege-otlarinin-buyulu-dunyasina-yolculuk-program-akisi\/","og_locale":"en_US","og_type":"article","og_title":"Ala\u00e7at\u0131'da Ege Otlar\u0131n\u0131n B\u00fcy\u00fcl\u00fc D\u00fcnyas\u0131na Yolculuk Program Ak\u0131\u015f\u0131 - JULES VERNE BUSINESS MICE TRAVEL","og_description":"8. Ala&ccedil;at\u0131 Ot Festivali ve&nbsp;Osman Sezener e\u015fli\u011finde &ldquo;Ege Otlar\u0131n\u0131n B&uuml;y&uuml;l&uuml; D&uuml;nyas\u0131&rdquo;na yolculu\u011fa haz\u0131r m\u0131s\u0131n\u0131z?","og_url":"https:\/\/julesverne.com.tr\/travel-blog\/alacatida-ege-otlarinin-buyulu-dunyasina-yolculuk-program-akisi\/","og_site_name":"JULES VERNE BUSINESS MICE TRAVEL","article_publisher":"https:\/\/www.facebook.com\/JulesVerneBusinessMiceTravel\/","article_published_time":"2017-02-24T12:40:29+00:00","article_modified_time":"2021-09-13T08:30:45+00:00","og_image":[{"width":601,"height":400,"url":"https:\/\/julesverne.com.tr\/wp-content\/uploads\/2020\/09\/alacati.jpg","type":"image\/jpeg"}],"author":"fikirman","twitter_card":"summary_large_image","twitter_creator":"@JV_BusinessMice","twitter_site":"@JV_BusinessMice","twitter_misc":{"Written by":"fikirman","Est. reading time":"3 minutes"},"schema":{"@context":"https:\/\/schema.org","@graph":[{"@type":"Article","@id":"https:\/\/julesverne.com.tr\/travel-blog\/alacatida-ege-otlarinin-buyulu-dunyasina-yolculuk-program-akisi\/#article","isPartOf":{"@id":"https:\/\/julesverne.com.tr\/travel-blog\/alacatida-ege-otlarinin-buyulu-dunyasina-yolculuk-program-akisi\/"},"author":{"name":"fikirman","@id":"https:\/\/julesverne.com.tr\/#\/schema\/person\/f4eb0514ae455538644c31b99a466fdb"},"headline":"Ala\u00e7at\u0131&#8217;da Ege Otlar\u0131n\u0131n B\u00fcy\u00fcl\u00fc D\u00fcnyas\u0131na Yolculuk Program Ak\u0131\u015f\u0131","datePublished":"2017-02-24T12:40:29+00:00","dateModified":"2021-09-13T08:30:45+00:00","mainEntityOfPage":{"@id":"https:\/\/julesverne.com.tr\/travel-blog\/alacatida-ege-otlarinin-buyulu-dunyasina-yolculuk-program-akisi\/"},"wordCount":429,"publisher":{"@id":"https:\/\/julesverne.com.tr\/#organization"},"image":{"@id":"https:\/\/julesverne.com.tr\/travel-blog\/alacatida-ege-otlarinin-buyulu-dunyasina-yolculuk-program-akisi\/#primaryimage"},"thumbnailUrl":"https:\/\/julesverne.com.tr\/wp-content\/uploads\/2020\/09\/alacati.jpg","articleSection":["Blog","Nereye Gitsek?"],"inLanguage":"en-US"},{"@type":"WebPage","@id":"https:\/\/julesverne.com.tr\/travel-blog\/alacatida-ege-otlarinin-buyulu-dunyasina-yolculuk-program-akisi\/","url":"https:\/\/julesverne.com.tr\/travel-blog\/alacatida-ege-otlarinin-buyulu-dunyasina-yolculuk-program-akisi\/","name":"Ala\u00e7at\u0131'da Ege Otlar\u0131n\u0131n B\u00fcy\u00fcl\u00fc D\u00fcnyas\u0131na Yolculuk Program Ak\u0131\u015f\u0131 - JULES VERNE BUSINESS MICE TRAVEL","isPartOf":{"@id":"https:\/\/julesverne.com.tr\/#website"},"primaryImageOfPage":{"@id":"https:\/\/julesverne.com.tr\/travel-blog\/alacatida-ege-otlarinin-buyulu-dunyasina-yolculuk-program-akisi\/#primaryimage"},"image":{"@id":"https:\/\/julesverne.com.tr\/travel-blog\/alacatida-ege-otlarinin-buyulu-dunyasina-yolculuk-program-akisi\/#primaryimage"},"thumbnailUrl":"https:\/\/julesverne.com.tr\/wp-content\/uploads\/2020\/09\/alacati.jpg","datePublished":"2017-02-24T12:40:29+00:00","dateModified":"2021-09-13T08:30:45+00:00","breadcrumb":{"@id":"https:\/\/julesverne.com.tr\/travel-blog\/alacatida-ege-otlarinin-buyulu-dunyasina-yolculuk-program-akisi\/#breadcrumb"},"inLanguage":"en-US","potentialAction":[{"@type":"ReadAction","target":["https:\/\/julesverne.com.tr\/travel-blog\/alacatida-ege-otlarinin-buyulu-dunyasina-yolculuk-program-akisi\/"]}]},{"@type":"ImageObject","inLanguage":"en-US","@id":"https:\/\/julesverne.com.tr\/travel-blog\/alacatida-ege-otlarinin-buyulu-dunyasina-yolculuk-program-akisi\/#primaryimage","url":"https:\/\/julesverne.com.tr\/wp-content\/uploads\/2020\/09\/alacati.jpg","contentUrl":"https:\/\/julesverne.com.tr\/wp-content\/uploads\/2020\/09\/alacati.jpg","width":601,"height":400},{"@type":"BreadcrumbList","@id":"https:\/\/julesverne.com.tr\/travel-blog\/alacatida-ege-otlarinin-buyulu-dunyasina-yolculuk-program-akisi\/#breadcrumb","itemListElement":[{"@type":"ListItem","position":1,"name":"Anasayfa","item":"https:\/\/julesverne.com.tr\/"},{"@type":"ListItem","position":2,"name":"Ala\u00e7at\u0131&#8217;da Ege Otlar\u0131n\u0131n B\u00fcy\u00fcl\u00fc D\u00fcnyas\u0131na Yolculuk Program Ak\u0131\u015f\u0131"}]},{"@type":"WebSite","@id":"https:\/\/julesverne.com.tr\/#website","url":"https:\/\/julesverne.com.tr\/","name":"JULES VERNE BUSINESS MICE TRAVEL","description":"","publisher":{"@id":"https:\/\/julesverne.com.tr\/#organization"},"potentialAction":[{"@type":"SearchAction","target":{"@type":"EntryPoint","urlTemplate":"https:\/\/julesverne.com.tr\/?s={search_term_string}"},"query-input":"required name=search_term_string"}],"inLanguage":"en-US"},{"@type":"Organization","@id":"https:\/\/julesverne.com.tr\/#organization","name":"JULES VERNE BUSINESS MICE TRAVEL","url":"https:\/\/julesverne.com.tr\/","logo":{"@type":"ImageObject","inLanguage":"en-US","@id":"https:\/\/julesverne.com.tr\/#\/schema\/logo\/image\/","url":"https:\/\/julesverne.com.tr\/wp-content\/uploads\/2020\/09\/jv-bmt-logo.png","contentUrl":"https:\/\/julesverne.com.tr\/wp-content\/uploads\/2020\/09\/jv-bmt-logo.png","width":110,"height":81,"caption":"JULES VERNE BUSINESS MICE TRAVEL"},"image":{"@id":"https:\/\/julesverne.com.tr\/#\/schema\/logo\/image\/"},"sameAs":["https:\/\/www.facebook.com\/JulesVerneBusinessMiceTravel\/","https:\/\/twitter.com\/JV_BusinessMice","https:\/\/www.instagram.com\/julesvernebusinessmicetravel\/","https:\/\/www.linkedin.com\/company\/julesvernebusinessmicetravel\/","https:\/\/www.youtube.com\/channel\/UCAwdsmbZ6tFhu1tea6pkpiw"]},{"@type":"Person","@id":"https:\/\/julesverne.com.tr\/#\/schema\/person\/f4eb0514ae455538644c31b99a466fdb","name":"fikirman","sameAs":["http:\/\/advermedya.net\/julesverne"],"url":"https:\/\/julesverne.com.tr\/en\/author\/fikirman\/"}]}},"_links":{"self":[{"href":"https:\/\/julesverne.com.tr\/en\/wp-json\/wp\/v2\/posts\/1674"}],"collection":[{"href":"https:\/\/julesverne.com.tr\/en\/wp-json\/wp\/v2\/posts"}],"about":[{"href":"https:\/\/julesverne.com.tr\/en\/wp-json\/wp\/v2\/types\/post"}],"author":[{"embeddable":true,"href":"https:\/\/julesverne.com.tr\/en\/wp-json\/wp\/v2\/users\/1"}],"replies":[{"embeddable":true,"href":"https:\/\/julesverne.com.tr\/en\/wp-json\/wp\/v2\/comments?post=1674"}],"version-history":[{"count":0,"href":"https:\/\/julesverne.com.tr\/en\/wp-json\/wp\/v2\/posts\/1674\/revisions"}],"wp:featuredmedia":[{"embeddable":true,"href":"https:\/\/julesverne.com.tr\/en\/wp-json\/wp\/v2\/media\/1675"}],"wp:attachment":[{"href":"https:\/\/julesverne.com.tr\/en\/wp-json\/wp\/v2\/media?parent=1674"}],"wp:term":[{"taxonomy":"category","embeddable":true,"href":"https:\/\/julesverne.com.tr\/en\/wp-json\/wp\/v2\/categories?post=1674"},{"taxonomy":"post_tag","embeddable":true,"href":"https:\/\/julesverne.com.tr\/en\/wp-json\/wp\/v2\/tags?post=1674"}],"curies":[{"name":"wp","href":"https:\/\/api.w.org\/{rel}","templated":true}]}}