{"id":1670,"date":"2017-02-16T17:41:53","date_gmt":"2017-02-16T14:41:53","guid":{"rendered":"https:\/\/www.julesverne.com.tr\/\/blog\/gelecegin-seyahat-trendleri-nasil-olacak\/"},"modified":"2021-06-28T10:12:28","modified_gmt":"2021-06-28T07:12:28","slug":"gelecegin-seyahat-trendleri-nasil-olacak","status":"publish","type":"post","link":"https:\/\/julesverne.com.tr\/en\/travel-blog\/gelecegin-seyahat-trendleri-nasil-olacak\/","title":{"rendered":"Gelece\u011fin Seyahat Trendleri Nas\u0131l Olacak?"},"content":{"rendered":"<h2 class=\"MsoNormal\" style=\"text-align: justify;\"><span class=\"MsoIntenseEmphasis\">Gelecekte seyahatler d\u00fcnya s\u0131n\u0131rlar\u0131n\u0131n \u00f6tesine mi ge\u00e7ecek? <\/span><\/h2>\n<p><img loading=\"lazy\" decoding=\"async\" class=\"alignnone size-full wp-image-9410\" src=\"https:\/\/julesverne.com.tr\/wp-content\/uploads\/2017\/02\/gelecekte-seyahat.jpg\" alt=\"\" width=\"1200\" height=\"800\" srcset=\"https:\/\/julesverne.com.tr\/wp-content\/uploads\/2017\/02\/gelecekte-seyahat.jpg 1200w, https:\/\/julesverne.com.tr\/wp-content\/uploads\/2017\/02\/gelecekte-seyahat-500x333.jpg 500w, https:\/\/julesverne.com.tr\/wp-content\/uploads\/2017\/02\/gelecekte-seyahat-768x512.jpg 768w\" sizes=\"(max-width: 1200px) 100vw, 1200px\" \/><\/p>\n<p><strong>Seyahat arama motoru Skyscanner i\u00e7in 56 ki\u015filik gelecek bilimci ve seyahat uzman\u0131ndan olu\u015fan ekibin haz\u0131rlad\u0131\u011f\u0131 \u201cSeyahatin Gelece\u011fi\u201d raporunun yay\u0131nlanan son b\u00f6l\u00fcm\u00fc gelece\u011fin seyahat trendleri konusunda bir\u00e7ok soruya cevap veriyor&#8230;<\/strong><\/p>\n<p class=\"MsoNormal\" style=\"text-align: justify;\">Gelecekte gezip, g\u00f6rmek istedi\u011fimiz destinasyonlar, rezervasyon yapma ve tatilimizi ge\u00e7irme y\u00f6ntemimizi tamamen de\u011fi\u015ftirecek olan <strong>i\u00e7eri\u011fin ki\u015fiselle\u015ftirilmesi<\/strong> ve <strong>yapay zeka, dijital seyahat arkada\u015flar\u0131, giyilebilir teknoloji<\/strong> gibi alanlardaki geli\u015fmeler ile g\u00fcn\u00fcm\u00fczden on y\u0131l sonra t\u00fcm gezginler;<\/p>\n<p><img loading=\"lazy\" decoding=\"async\" class=\"alignnone size-full wp-image-8765\" src=\"https:\/\/julesverne.com.tr\/wp-content\/uploads\/2021\/06\/is-seyahati.jpg\" alt=\"\" width=\"1200\" height=\"800\" srcset=\"https:\/\/julesverne.com.tr\/wp-content\/uploads\/2021\/06\/is-seyahati.jpg 1200w, https:\/\/julesverne.com.tr\/wp-content\/uploads\/2021\/06\/is-seyahati-500x333.jpg 500w, https:\/\/julesverne.com.tr\/wp-content\/uploads\/2021\/06\/is-seyahati-768x512.jpg 768w\" sizes=\"(max-width: 1200px) 100vw, 1200px\" \/><\/p>\n<p class=\"MsoNormal\" style=\"text-align: justify;\">\n<p class=\"MsoNormal\" style=\"text-align: justify;\"><strong style=\"text-align: justify; text-indent: -18pt;\">Yeni nesil dijital teknolojiler<\/strong><span style=\"text-align: justify; text-indent: -18pt;\"> ile bir sonraki gezilerini bulmay\u0131, planlamay\u0131 ve rezervasyonunu yapmay\u0131 sorunsuz ve sezgisel bir deneyime d\u00f6n\u00fc\u015ft\u00fcrebilecek<\/span><\/p>\n<ul>\n<li>Teknoloji, siz u\u00e7madan \u00f6nce u\u00e7u\u015funuzu ara\u015ft\u0131rman\u0131za ve rezerve etmenize, yerel seyahatinizi d\u00fczenlemenize olanak sa\u011flayacak. Hava alan\u0131nda sizi terminale y\u00f6nlendirecek, nerede check-in i\u015flemi yapt\u0131raca\u011f\u0131n\u0131z\u0131 s\u00f6yleyecek, bagaj\u0131n\u0131z\u0131 takip edecek, d\u00f6vizinizi bozduracak ve var\u0131\u015f noktan\u0131za ula\u015ft\u0131\u011f\u0131n\u0131zda size gereken t\u00fcm bilgileri sa\u011flaman\u0131n yan\u0131 s\u0131ra var\u0131\u015f\u0131n\u0131z\u0131 planlayacak, oda rezervasyonu yapacak ve ara\u00e7 kiralaman\u0131za olanak sa\u011flayacak<\/li>\n<li>Kullan\u0131c\u0131lar tercihlerinin ve daha \u00f6nceki arama filtrelerinin kaydedilmesi ve hatta markalar\u0131n sosyal medya a\u011flar\u0131na, arama ge\u00e7mi\u015flerine ve e-postalar\u0131na daha proaktif olarak eri\u015fmelerine izin vermesi ile ihtiya\u00e7lar\u0131na, be\u011fenilerine ve olas\u0131 gelecek davran\u0131\u015flar\u0131na g\u00f6re sezgisel, kapsaml\u0131 \u015fablonlar olu\u015fturabilecekler<\/li>\n<li>Seyahat ke\u015ffi, gezginlerin kendi evinin rahatl\u0131\u011f\u0131nda olas\u0131 var\u0131\u015f noktalar\u0131n\u0131 g\u00f6rebilmesi, duyabilmesi ve hissedebilmesi i\u00e7in gelecek nesil sanal ger\u00e7eklik ve dokunsal ara\u00e7larla \u00e7al\u0131\u015fan marka web siteleriyle geli\u015fecek.<\/li>\n<\/ul>\n<p><img loading=\"lazy\" decoding=\"async\" class=\"alignnone size-full wp-image-8922\" src=\"https:\/\/julesverne.com.tr\/wp-content\/uploads\/2021\/06\/yapay-zeka.jpg\" alt=\"\" width=\"1200\" height=\"800\" srcset=\"https:\/\/julesverne.com.tr\/wp-content\/uploads\/2021\/06\/yapay-zeka.jpg 1200w, https:\/\/julesverne.com.tr\/wp-content\/uploads\/2021\/06\/yapay-zeka-500x333.jpg 500w, https:\/\/julesverne.com.tr\/wp-content\/uploads\/2021\/06\/yapay-zeka-768x512.jpg 768w\" sizes=\"(max-width: 1200px) 100vw, 1200px\" \/><\/p>\n<p><strong style=\"text-indent: -18pt;\">Yapay zeka cihazlar\u0131<\/strong><span style=\"text-indent: -18pt;\">;<\/span><\/p>\n<ul>\n<li>Ho\u015fland\u0131\u011f\u0131m\u0131z veya ho\u015flanmad\u0131\u011f\u0131m\u0131z belirli \u015feylere ba\u011fl\u0131 olarak seyahatimizi planlayarak t\u00fcm seyahat deneyimlerimizi ki\u015fiselle\u015ftirecek<\/li>\n<li>\u0130lgi alanlar\u0131m\u0131z\u0131, isteklerimizi bildi\u011fi i\u00e7in gitti\u011fimiz yerdeki \u015feyleri bize s\u00f6yleyerek bir tur rehberi gibi davranacak<\/li>\n<li>Gelecek on y\u0131lda gezginler, binlerce kilometre uzakl\u0131ktaki sahildeki kumu parmaklar\u0131n\u0131n aras\u0131nda hissetmek i\u00e7in benzeri teknolojileri kullanabilecekler<\/li>\n<li>10 y\u0131ll\u0131k bir s\u00fcrede bir gezgin ger\u00e7ek zamanda rezervasyon yapmay\u0131 planlad\u0131\u011f\u0131 otelde sanal ger\u00e7eklikle y\u00fcr\u00fcy\u00fc\u015f yapabilecek<\/li>\n<li>\u00c7al\u0131\u015fanlar odas\u0131n\u0131 haz\u0131rlad\u0131\u011f\u0131 anda onlar\u0131 izleyebilecek, \u00e7al\u0131\u015fanlar\u0131 i\u015flerini yaparken g\u00f6rebilecek ve \u015feflerin favori yeme\u011fini pi\u015firmesini seyredebilecek. Bu, gezgin ile marka aras\u0131nda anla\u015fmay\u0131 ve g\u00fcveni olu\u015fturacak inan\u0131lmaz g\u00fc\u00e7l\u00fc \u00e7\u0131\u011f\u0131r a\u00e7acak bir geli\u015fme.<\/li>\n<li>Seyahat markalar\u0131, tatil paketinin bir b\u00f6l\u00fcm\u00fc olarak m\u00fc\u015fterilerine ki\u015fiselle\u015ftirilmi\u015f e-ajan\u0131 kiralayabilecekler. M\u00fc\u015fteriler seyahatlerinin ayr\u0131nt\u0131l\u0131 d\u00fczenlemesi ve ortaya \u00e7\u0131kacak sorunlar\u0131n giderilmesi i\u00e7in ger\u00e7ek zamanl\u0131 olarak seyahat \u015firketleriyle ileti\u015fime ge\u00e7ebilecekler.<\/li>\n<li>Facebook, Twitter, Mixi, SinaWeibo, Cyworld, Kaixin001, Orkut, Vine ve Instagram gibi sosyal a\u011flarda yay\u0131nlad\u0131\u011f\u0131m\u0131z b\u00fcy\u00fck miktarda ki\u015fisel bilgilerin \u0131\u015f\u0131\u011f\u0131nda, yemek, i\u00e7ecek ve sosyalle\u015fme konular\u0131nda sizinle ayn\u0131 zevkleri payla\u015fan ki\u015filerle kar\u015f\u0131la\u015fma ihtimalinizin y\u00fcksek oldu\u011fu, egzotik yemek seyahatlerinden yak\u0131n yerlerdeki gezilere rehberli\u011fe kadar ayr\u0131nt\u0131l\u0131, ki\u015fiselle\u015ftirilmi\u015f ve s\u00fcrprizlerle dolu seyahat planlar\u0131 sunacak<\/li>\n<\/ul>\n<p><img loading=\"lazy\" decoding=\"async\" class=\"alignnone size-full wp-image-8923\" src=\"https:\/\/julesverne.com.tr\/wp-content\/uploads\/2021\/06\/IoT.jpg\" alt=\"\" width=\"1200\" height=\"800\" srcset=\"https:\/\/julesverne.com.tr\/wp-content\/uploads\/2021\/06\/IoT.jpg 1200w, https:\/\/julesverne.com.tr\/wp-content\/uploads\/2021\/06\/IoT-500x333.jpg 500w, https:\/\/julesverne.com.tr\/wp-content\/uploads\/2021\/06\/IoT-768x512.jpg 768w\" sizes=\"(max-width: 1200px) 100vw, 1200px\" \/><\/p>\n<p><strong style=\"text-align: justify; text-indent: -18pt;\">Dijital Seyahat Arkada\u015flar\u0131<\/strong><span style=\"text-align: justify; text-indent: -18pt;\">, seyahatlerin planlamas\u0131 ve rezervasyonlar\u0131n\u0131n yan\u0131 s\u0131ra gezi deneyiminin kendisini de de\u011fi\u015ftirecek (2020&#8217;lerde her birimizin k\u00fc\u00e7\u00fck bir saatin veya tak\u0131n\u0131n i\u00e7inde bizimle her yere giden bize \u00f6zel bir &#8216;e-ajan\u0131&#8217; olacak)<\/span><\/p>\n<ul>\n<li>Favori kahvalt\u0131s\u0131ndan, egzersiz program\u0131na ve yata\u011f\u0131ndaki pamuklu \u00e7ar\u015faflar\u0131n d\u00fc\u011f\u00fcm say\u0131s\u0131na kadar y\u00fcksek d\u00fczeyde ki\u015fiselle\u015ftirilmi\u015f tercihleriyle ileti\u015fim kuran Dijital Seyahat Arkada\u015f\u0131na ba\u011flanan gezgin, ara\u00e7lar ideal tatil paketi se\u00e7imlerini bir araya getirmek i\u00e7in Big Data analitikleriyle \u00e7al\u0131\u015f\u0131rken, etkile\u015fime ge\u00e7mek i\u00e7in mimik ve sesli komutlar\u0131 kullanacak.<\/li>\n<\/ul>\n<p><img loading=\"lazy\" decoding=\"async\" class=\"alignnone size-full wp-image-8921\" src=\"https:\/\/julesverne.com.tr\/wp-content\/uploads\/2021\/06\/sanal-gerceklik.jpg\" alt=\"\" width=\"1200\" height=\"800\" srcset=\"https:\/\/julesverne.com.tr\/wp-content\/uploads\/2021\/06\/sanal-gerceklik.jpg 1200w, https:\/\/julesverne.com.tr\/wp-content\/uploads\/2021\/06\/sanal-gerceklik-500x333.jpg 500w, https:\/\/julesverne.com.tr\/wp-content\/uploads\/2021\/06\/sanal-gerceklik-768x512.jpg 768w\" sizes=\"(max-width: 1200px) 100vw, 1200px\" \/><\/p>\n<p>Teknolojinin minyat\u00fcrle\u015fmesi, <strong>giyilebilir teknolojiyi<\/strong> neredeyse g\u00f6r\u00fcnmeyen teknolojiyle birle\u015ftirdi\u011fimiz s\u00fcrece yepyeni bir d\u00fcnya a\u00e7acak. Bununla birlikte 2020&#8217;lerde giyilebilir cihazlar \u00e7ok daha k\u00fc\u00e7\u00fck ve h\u0131zl\u0131 olacak, ayr\u0131ca daha fazla \u00f6zelli\u011fe sahip olacak, b\u00f6ylece <strong>Sanal Seyahat Arkada\u015f\u0131<\/strong>n\u0131 pratik bir ger\u00e7ekli\u011fe d\u00f6n\u00fc\u015ft\u00fcrmek i\u00e7in gerekli teknoloji sa\u011flanacak<\/p>\n<ul>\n<li>Giyilebilir bir cihaz\u0131n taksi \u015fof\u00f6r\u00fcn\u00fcz\u00fcn \u00c7ince s\u00f6ylediklerini an\u0131nda s\u00f6zl\u00fc olarak \u00e7evirebildi\u011fini bir d\u00fc\u015f\u00fcn\u00fcn<\/li>\n<li>Ya da bir restoran men\u00fcs\u00fcn\u00fc saniyeler i\u00e7inde Rus\u00e7adan \u0130ngilizceye \u00e7eviren bir cihaz<\/li>\n<li>Giyilebilir AI cihaz\u0131, seyahat markalar\u0131n\u0131n y\u00f6netti\u011fi yeni nesil &#8216;almadan \u00f6nce dene&#8217; web sitelerine \u00e7evrimi\u00e7i ba\u011flan\u0131yor. Ard\u0131ndan, gezginimizin \u00e7evreyi g\u00f6rebilece\u011fi, sesleri i\u015fitebilece\u011fi ve hatta manzaray\u0131 hissedebilece\u011fi farkl\u0131 seyahat deneyimlerinin sanal ger\u00e7eklik \u00f6rnekleriyle d\u00f6n\u00fc\u015f yap\u0131yor.<\/li>\n<li>\u00d6ng\u00f6r\u00fc ve co\u015fku hissi, g\u00fcne\u015fli Kosta Rica k\u0131y\u0131lar\u0131ndaki 3B \u00e7ok sens\u00f6rl\u00fc y\u00fcr\u00fcy\u00fc\u015fle, Antlarda karla kapl\u0131 patikada gezinirken veya Barrier Resifi&#8217;ndeki dal\u0131\u015fla doru\u011fa \u00e7\u0131k\u0131yor.<\/li>\n<li>G\u00fcn\u00fcm\u00fczde aileler \u00e7ocuklar\u0131yla birlikte seyahat ederken onlar i\u00e7in co\u011frafi olarak nerede olduklar\u0131n\u0131 s\u00f6yleyen izleyiciler kullan\u0131yorlar, ayr\u0131ca artan oranda giysilerine ve hatta derilerinin alt\u0131nda yerle\u015ftirilen etiketler kullan\u0131yorlar. Bu yeni teknolojiler ile sadece \u00e7ocu\u011funuzu izlemekle kalmayacak, tatillerini de g\u00f6rebilecek ve hatta onlar\u0131n bak\u0131\u015f a\u00e7\u0131s\u0131ndan nerede olduklar\u0131n\u0131 izleyebileceksiniz.<\/li>\n<\/ul>\n<p><strong>56 ki\u015filik gelecek bilimcisi ve seyahat uzmanlar\u0131ndan olu\u015fan bir ekip taraf\u0131ndan haz\u0131rlanan gelece\u011fin seyahat\u00a0trendleri 2024 raporunun tamam\u0131na <a href=\"http:\/\/www.skyscanner2024.com\/\">buradan <\/a>ula\u015fabilirsiniz.<\/strong><\/p>\n<p class=\"MsoListParagraph\" style=\"mso-add-space: auto;\">\n<p>&nbsp;<\/p>\n<p class=\"MsoNormal\" style=\"text-align: justify;\">\n","protected":false},"excerpt":{"rendered":"<p class=\"MsoNormal\">Yapay zeka, dijital seyahat arkada\u015flar\u0131, giyilebilir teknoloji gibi alanlardaki geli\u015fmeler&nbsp;seyahatleri nas\u0131l etkileyecek?<\/p>\n","protected":false},"author":1,"featured_media":1671,"comment_status":"closed","ping_status":"closed","sticky":false,"template":"","format":"standard","meta":{"inline_featured_image":false,"footnotes":""},"categories":[1,41,5],"tags":[137,70,144],"acf":[],"yoast_head":"<!-- This site is optimized with the Yoast SEO plugin v22.3 - https:\/\/yoast.com\/wordpress\/plugins\/seo\/ -->\n<title>Gelece\u011fin Seyahat Trendleri Nas\u0131l Olacak? - JULES VERNE BUSINESS MICE TRAVEL<\/title>\n<meta name=\"robots\" content=\"index, follow, max-snippet:-1, max-image-preview:large, max-video-preview:-1\" \/>\n<link rel=\"canonical\" href=\"https:\/\/julesverne.com.tr\/travel-blog\/gelecegin-seyahat-trendleri-nasil-olacak\/\" \/>\n<meta property=\"og:locale\" content=\"en_US\" \/>\n<meta property=\"og:type\" content=\"article\" \/>\n<meta property=\"og:title\" content=\"Gelece\u011fin Seyahat Trendleri Nas\u0131l Olacak? - JULES VERNE BUSINESS MICE TRAVEL\" \/>\n<meta property=\"og:description\" content=\"Yapay zeka, dijital seyahat arkada\u015flar\u0131, giyilebilir teknoloji gibi alanlardaki geli\u015fmeler&nbsp;seyahatleri nas\u0131l etkileyecek?\" \/>\n<meta property=\"og:url\" content=\"https:\/\/julesverne.com.tr\/travel-blog\/gelecegin-seyahat-trendleri-nasil-olacak\/\" \/>\n<meta property=\"og:site_name\" content=\"JULES VERNE BUSINESS MICE TRAVEL\" \/>\n<meta property=\"article:publisher\" content=\"https:\/\/www.facebook.com\/JulesVerneBusinessMiceTravel\/\" \/>\n<meta property=\"article:published_time\" content=\"2017-02-16T14:41:53+00:00\" \/>\n<meta property=\"article:modified_time\" content=\"2021-06-28T07:12:28+00:00\" \/>\n<meta property=\"og:image\" content=\"https:\/\/julesverne.com.tr\/wp-content\/uploads\/2020\/09\/kalp_dunya.PNG\" \/>\n\t<meta property=\"og:image:width\" content=\"1405\" \/>\n\t<meta property=\"og:image:height\" content=\"700\" \/>\n\t<meta property=\"og:image:type\" content=\"image\/png\" \/>\n<meta name=\"author\" content=\"fikirman\" \/>\n<meta name=\"twitter:card\" content=\"summary_large_image\" \/>\n<meta name=\"twitter:creator\" content=\"@JV_BusinessMice\" \/>\n<meta name=\"twitter:site\" content=\"@JV_BusinessMice\" \/>\n<meta name=\"twitter:label1\" content=\"Written by\" \/>\n\t<meta name=\"twitter:data1\" content=\"fikirman\" \/>\n\t<meta name=\"twitter:label2\" content=\"Est. reading time\" \/>\n\t<meta name=\"twitter:data2\" content=\"4 minutes\" \/>\n<script type=\"application\/ld+json\" class=\"yoast-schema-graph\">{\"@context\":\"https:\/\/schema.org\",\"@graph\":[{\"@type\":\"Article\",\"@id\":\"https:\/\/julesverne.com.tr\/travel-blog\/gelecegin-seyahat-trendleri-nasil-olacak\/#article\",\"isPartOf\":{\"@id\":\"https:\/\/julesverne.com.tr\/travel-blog\/gelecegin-seyahat-trendleri-nasil-olacak\/\"},\"author\":{\"name\":\"fikirman\",\"@id\":\"https:\/\/julesverne.com.tr\/#\/schema\/person\/f4eb0514ae455538644c31b99a466fdb\"},\"headline\":\"Gelece\u011fin Seyahat Trendleri Nas\u0131l Olacak?\",\"datePublished\":\"2017-02-16T14:41:53+00:00\",\"dateModified\":\"2021-06-28T07:12:28+00:00\",\"mainEntityOfPage\":{\"@id\":\"https:\/\/julesverne.com.tr\/travel-blog\/gelecegin-seyahat-trendleri-nasil-olacak\/\"},\"wordCount\":941,\"publisher\":{\"@id\":\"https:\/\/julesverne.com.tr\/#organization\"},\"image\":{\"@id\":\"https:\/\/julesverne.com.tr\/travel-blog\/gelecegin-seyahat-trendleri-nasil-olacak\/#primaryimage\"},\"thumbnailUrl\":\"https:\/\/julesverne.com.tr\/wp-content\/uploads\/2020\/09\/kalp_dunya.PNG\",\"keywords\":[\"Blog\",\"Seyahat Trendleri\",\"Travel Haberler\"],\"articleSection\":[\"Blog\",\"Seyahat Trendleri\",\"Travel Haberler\"],\"inLanguage\":\"en-US\"},{\"@type\":\"WebPage\",\"@id\":\"https:\/\/julesverne.com.tr\/travel-blog\/gelecegin-seyahat-trendleri-nasil-olacak\/\",\"url\":\"https:\/\/julesverne.com.tr\/travel-blog\/gelecegin-seyahat-trendleri-nasil-olacak\/\",\"name\":\"Gelece\u011fin Seyahat Trendleri Nas\u0131l Olacak? - JULES VERNE BUSINESS MICE TRAVEL\",\"isPartOf\":{\"@id\":\"https:\/\/julesverne.com.tr\/#website\"},\"primaryImageOfPage\":{\"@id\":\"https:\/\/julesverne.com.tr\/travel-blog\/gelecegin-seyahat-trendleri-nasil-olacak\/#primaryimage\"},\"image\":{\"@id\":\"https:\/\/julesverne.com.tr\/travel-blog\/gelecegin-seyahat-trendleri-nasil-olacak\/#primaryimage\"},\"thumbnailUrl\":\"https:\/\/julesverne.com.tr\/wp-content\/uploads\/2020\/09\/kalp_dunya.PNG\",\"datePublished\":\"2017-02-16T14:41:53+00:00\",\"dateModified\":\"2021-06-28T07:12:28+00:00\",\"breadcrumb\":{\"@id\":\"https:\/\/julesverne.com.tr\/travel-blog\/gelecegin-seyahat-trendleri-nasil-olacak\/#breadcrumb\"},\"inLanguage\":\"en-US\",\"potentialAction\":[{\"@type\":\"ReadAction\",\"target\":[\"https:\/\/julesverne.com.tr\/travel-blog\/gelecegin-seyahat-trendleri-nasil-olacak\/\"]}]},{\"@type\":\"ImageObject\",\"inLanguage\":\"en-US\",\"@id\":\"https:\/\/julesverne.com.tr\/travel-blog\/gelecegin-seyahat-trendleri-nasil-olacak\/#primaryimage\",\"url\":\"https:\/\/julesverne.com.tr\/wp-content\/uploads\/2020\/09\/kalp_dunya.PNG\",\"contentUrl\":\"https:\/\/julesverne.com.tr\/wp-content\/uploads\/2020\/09\/kalp_dunya.PNG\",\"width\":1405,\"height\":700},{\"@type\":\"BreadcrumbList\",\"@id\":\"https:\/\/julesverne.com.tr\/travel-blog\/gelecegin-seyahat-trendleri-nasil-olacak\/#breadcrumb\",\"itemListElement\":[{\"@type\":\"ListItem\",\"position\":1,\"name\":\"Anasayfa\",\"item\":\"https:\/\/julesverne.com.tr\/\"},{\"@type\":\"ListItem\",\"position\":2,\"name\":\"Gelece\u011fin Seyahat Trendleri Nas\u0131l Olacak?\"}]},{\"@type\":\"WebSite\",\"@id\":\"https:\/\/julesverne.com.tr\/#website\",\"url\":\"https:\/\/julesverne.com.tr\/\",\"name\":\"JULES VERNE BUSINESS MICE TRAVEL\",\"description\":\"\",\"publisher\":{\"@id\":\"https:\/\/julesverne.com.tr\/#organization\"},\"potentialAction\":[{\"@type\":\"SearchAction\",\"target\":{\"@type\":\"EntryPoint\",\"urlTemplate\":\"https:\/\/julesverne.com.tr\/?s={search_term_string}\"},\"query-input\":\"required name=search_term_string\"}],\"inLanguage\":\"en-US\"},{\"@type\":\"Organization\",\"@id\":\"https:\/\/julesverne.com.tr\/#organization\",\"name\":\"JULES VERNE BUSINESS MICE TRAVEL\",\"url\":\"https:\/\/julesverne.com.tr\/\",\"logo\":{\"@type\":\"ImageObject\",\"inLanguage\":\"en-US\",\"@id\":\"https:\/\/julesverne.com.tr\/#\/schema\/logo\/image\/\",\"url\":\"https:\/\/julesverne.com.tr\/wp-content\/uploads\/2020\/09\/jv-bmt-logo.png\",\"contentUrl\":\"https:\/\/julesverne.com.tr\/wp-content\/uploads\/2020\/09\/jv-bmt-logo.png\",\"width\":110,\"height\":81,\"caption\":\"JULES VERNE BUSINESS MICE TRAVEL\"},\"image\":{\"@id\":\"https:\/\/julesverne.com.tr\/#\/schema\/logo\/image\/\"},\"sameAs\":[\"https:\/\/www.facebook.com\/JulesVerneBusinessMiceTravel\/\",\"https:\/\/twitter.com\/JV_BusinessMice\",\"https:\/\/www.instagram.com\/julesvernebusinessmicetravel\/\",\"https:\/\/www.linkedin.com\/company\/julesvernebusinessmicetravel\/\",\"https:\/\/www.youtube.com\/channel\/UCAwdsmbZ6tFhu1tea6pkpiw\"]},{\"@type\":\"Person\",\"@id\":\"https:\/\/julesverne.com.tr\/#\/schema\/person\/f4eb0514ae455538644c31b99a466fdb\",\"name\":\"fikirman\",\"sameAs\":[\"http:\/\/advermedya.net\/julesverne\"],\"url\":\"https:\/\/julesverne.com.tr\/en\/author\/fikirman\/\"}]}<\/script>\n<!-- \/ Yoast SEO plugin. -->","yoast_head_json":{"title":"Gelece\u011fin Seyahat Trendleri Nas\u0131l Olacak? - JULES VERNE BUSINESS MICE TRAVEL","robots":{"index":"index","follow":"follow","max-snippet":"max-snippet:-1","max-image-preview":"max-image-preview:large","max-video-preview":"max-video-preview:-1"},"canonical":"https:\/\/julesverne.com.tr\/travel-blog\/gelecegin-seyahat-trendleri-nasil-olacak\/","og_locale":"en_US","og_type":"article","og_title":"Gelece\u011fin Seyahat Trendleri Nas\u0131l Olacak? - JULES VERNE BUSINESS MICE TRAVEL","og_description":"Yapay zeka, dijital seyahat arkada\u015flar\u0131, giyilebilir teknoloji gibi alanlardaki geli\u015fmeler&nbsp;seyahatleri nas\u0131l etkileyecek?","og_url":"https:\/\/julesverne.com.tr\/travel-blog\/gelecegin-seyahat-trendleri-nasil-olacak\/","og_site_name":"JULES VERNE BUSINESS MICE TRAVEL","article_publisher":"https:\/\/www.facebook.com\/JulesVerneBusinessMiceTravel\/","article_published_time":"2017-02-16T14:41:53+00:00","article_modified_time":"2021-06-28T07:12:28+00:00","og_image":[{"width":1405,"height":700,"url":"https:\/\/julesverne.com.tr\/wp-content\/uploads\/2020\/09\/kalp_dunya.PNG","type":"image\/png"}],"author":"fikirman","twitter_card":"summary_large_image","twitter_creator":"@JV_BusinessMice","twitter_site":"@JV_BusinessMice","twitter_misc":{"Written by":"fikirman","Est. reading time":"4 minutes"},"schema":{"@context":"https:\/\/schema.org","@graph":[{"@type":"Article","@id":"https:\/\/julesverne.com.tr\/travel-blog\/gelecegin-seyahat-trendleri-nasil-olacak\/#article","isPartOf":{"@id":"https:\/\/julesverne.com.tr\/travel-blog\/gelecegin-seyahat-trendleri-nasil-olacak\/"},"author":{"name":"fikirman","@id":"https:\/\/julesverne.com.tr\/#\/schema\/person\/f4eb0514ae455538644c31b99a466fdb"},"headline":"Gelece\u011fin Seyahat Trendleri Nas\u0131l Olacak?","datePublished":"2017-02-16T14:41:53+00:00","dateModified":"2021-06-28T07:12:28+00:00","mainEntityOfPage":{"@id":"https:\/\/julesverne.com.tr\/travel-blog\/gelecegin-seyahat-trendleri-nasil-olacak\/"},"wordCount":941,"publisher":{"@id":"https:\/\/julesverne.com.tr\/#organization"},"image":{"@id":"https:\/\/julesverne.com.tr\/travel-blog\/gelecegin-seyahat-trendleri-nasil-olacak\/#primaryimage"},"thumbnailUrl":"https:\/\/julesverne.com.tr\/wp-content\/uploads\/2020\/09\/kalp_dunya.PNG","keywords":["Blog","Seyahat Trendleri","Travel Haberler"],"articleSection":["Blog","Seyahat Trendleri","Travel Haberler"],"inLanguage":"en-US"},{"@type":"WebPage","@id":"https:\/\/julesverne.com.tr\/travel-blog\/gelecegin-seyahat-trendleri-nasil-olacak\/","url":"https:\/\/julesverne.com.tr\/travel-blog\/gelecegin-seyahat-trendleri-nasil-olacak\/","name":"Gelece\u011fin Seyahat Trendleri Nas\u0131l Olacak? - JULES VERNE BUSINESS MICE TRAVEL","isPartOf":{"@id":"https:\/\/julesverne.com.tr\/#website"},"primaryImageOfPage":{"@id":"https:\/\/julesverne.com.tr\/travel-blog\/gelecegin-seyahat-trendleri-nasil-olacak\/#primaryimage"},"image":{"@id":"https:\/\/julesverne.com.tr\/travel-blog\/gelecegin-seyahat-trendleri-nasil-olacak\/#primaryimage"},"thumbnailUrl":"https:\/\/julesverne.com.tr\/wp-content\/uploads\/2020\/09\/kalp_dunya.PNG","datePublished":"2017-02-16T14:41:53+00:00","dateModified":"2021-06-28T07:12:28+00:00","breadcrumb":{"@id":"https:\/\/julesverne.com.tr\/travel-blog\/gelecegin-seyahat-trendleri-nasil-olacak\/#breadcrumb"},"inLanguage":"en-US","potentialAction":[{"@type":"ReadAction","target":["https:\/\/julesverne.com.tr\/travel-blog\/gelecegin-seyahat-trendleri-nasil-olacak\/"]}]},{"@type":"ImageObject","inLanguage":"en-US","@id":"https:\/\/julesverne.com.tr\/travel-blog\/gelecegin-seyahat-trendleri-nasil-olacak\/#primaryimage","url":"https:\/\/julesverne.com.tr\/wp-content\/uploads\/2020\/09\/kalp_dunya.PNG","contentUrl":"https:\/\/julesverne.com.tr\/wp-content\/uploads\/2020\/09\/kalp_dunya.PNG","width":1405,"height":700},{"@type":"BreadcrumbList","@id":"https:\/\/julesverne.com.tr\/travel-blog\/gelecegin-seyahat-trendleri-nasil-olacak\/#breadcrumb","itemListElement":[{"@type":"ListItem","position":1,"name":"Anasayfa","item":"https:\/\/julesverne.com.tr\/"},{"@type":"ListItem","position":2,"name":"Gelece\u011fin Seyahat Trendleri Nas\u0131l Olacak?"}]},{"@type":"WebSite","@id":"https:\/\/julesverne.com.tr\/#website","url":"https:\/\/julesverne.com.tr\/","name":"JULES VERNE BUSINESS MICE TRAVEL","description":"","publisher":{"@id":"https:\/\/julesverne.com.tr\/#organization"},"potentialAction":[{"@type":"SearchAction","target":{"@type":"EntryPoint","urlTemplate":"https:\/\/julesverne.com.tr\/?s={search_term_string}"},"query-input":"required name=search_term_string"}],"inLanguage":"en-US"},{"@type":"Organization","@id":"https:\/\/julesverne.com.tr\/#organization","name":"JULES VERNE BUSINESS MICE TRAVEL","url":"https:\/\/julesverne.com.tr\/","logo":{"@type":"ImageObject","inLanguage":"en-US","@id":"https:\/\/julesverne.com.tr\/#\/schema\/logo\/image\/","url":"https:\/\/julesverne.com.tr\/wp-content\/uploads\/2020\/09\/jv-bmt-logo.png","contentUrl":"https:\/\/julesverne.com.tr\/wp-content\/uploads\/2020\/09\/jv-bmt-logo.png","width":110,"height":81,"caption":"JULES VERNE BUSINESS MICE TRAVEL"},"image":{"@id":"https:\/\/julesverne.com.tr\/#\/schema\/logo\/image\/"},"sameAs":["https:\/\/www.facebook.com\/JulesVerneBusinessMiceTravel\/","https:\/\/twitter.com\/JV_BusinessMice","https:\/\/www.instagram.com\/julesvernebusinessmicetravel\/","https:\/\/www.linkedin.com\/company\/julesvernebusinessmicetravel\/","https:\/\/www.youtube.com\/channel\/UCAwdsmbZ6tFhu1tea6pkpiw"]},{"@type":"Person","@id":"https:\/\/julesverne.com.tr\/#\/schema\/person\/f4eb0514ae455538644c31b99a466fdb","name":"fikirman","sameAs":["http:\/\/advermedya.net\/julesverne"],"url":"https:\/\/julesverne.com.tr\/en\/author\/fikirman\/"}]}},"_links":{"self":[{"href":"https:\/\/julesverne.com.tr\/en\/wp-json\/wp\/v2\/posts\/1670"}],"collection":[{"href":"https:\/\/julesverne.com.tr\/en\/wp-json\/wp\/v2\/posts"}],"about":[{"href":"https:\/\/julesverne.com.tr\/en\/wp-json\/wp\/v2\/types\/post"}],"author":[{"embeddable":true,"href":"https:\/\/julesverne.com.tr\/en\/wp-json\/wp\/v2\/users\/1"}],"replies":[{"embeddable":true,"href":"https:\/\/julesverne.com.tr\/en\/wp-json\/wp\/v2\/comments?post=1670"}],"version-history":[{"count":0,"href":"https:\/\/julesverne.com.tr\/en\/wp-json\/wp\/v2\/posts\/1670\/revisions"}],"wp:featuredmedia":[{"embeddable":true,"href":"https:\/\/julesverne.com.tr\/en\/wp-json\/wp\/v2\/media\/1671"}],"wp:attachment":[{"href":"https:\/\/julesverne.com.tr\/en\/wp-json\/wp\/v2\/media?parent=1670"}],"wp:term":[{"taxonomy":"category","embeddable":true,"href":"https:\/\/julesverne.com.tr\/en\/wp-json\/wp\/v2\/categories?post=1670"},{"taxonomy":"post_tag","embeddable":true,"href":"https:\/\/julesverne.com.tr\/en\/wp-json\/wp\/v2\/tags?post=1670"}],"curies":[{"name":"wp","href":"https:\/\/api.w.org\/{rel}","templated":true}]}}