{"id":1664,"date":"2017-01-11T14:40:37","date_gmt":"2017-01-11T11:40:37","guid":{"rendered":"https:\/\/www.julesverne.com.tr\/\/blog\/ask-ile-gezmek-ister-misiniz\/"},"modified":"2021-06-21T14:07:25","modified_gmt":"2021-06-21T11:07:25","slug":"ask-ile-gezmek-ister-misiniz","status":"publish","type":"post","link":"https:\/\/julesverne.com.tr\/en\/travel-blog\/ask-ile-gezmek-ister-misiniz\/","title":{"rendered":"A\u015fk ile gezmek ister misiniz?"},"content":{"rendered":"<h2 style=\"text-align: left;\">&#8220;A\u015fk \u0130le Gez&#8221; Yar\u0131\u015fmas\u0131 Kat\u0131l\u0131m Ko\u015fullar\u0131<\/h2>\n<p style=\"text-align: justify;\">Jules Verne Travel \u201cA\u015fk \u0130le Gez\u201d \u00f6d\u00fcll\u00fc Sevgililer G\u00fcn\u00fc yar\u0131\u015fmas\u0131 ABH Turizm Temsilcilik ve Ticaret A.\u015e. taraf\u0131ndan Jules Verne Travel Facebook ve Instagram sayfalar\u0131nda d\u00fczenlenmektedir. Facebook ve Instagram sponsorlu\u011funda de\u011fildir; Facebook ve Instagram ile hi\u00e7bir ba\u011flant\u0131s\u0131 yoktur.<\/p>\n<ul>\n<li style=\"text-align: justify;\">Yar\u0131\u015fmaya kat\u0131l\u0131m Facebook ve Instagram \u00fczerinden e\u015f zamanl\u0131 olup, <strong>1 \u015eubat 2017<\/strong> tarihinde ba\u015flayacak ve <strong>9 \u015eubat 2017 saat 23:59\u2019<\/strong>da sona erecektir.<\/li>\n<li style=\"text-align: justify;\">\u00d6d\u00fcl kazanabilmek i\u00e7in, yar\u0131\u015fmaya kat\u0131l\u0131m sa\u011flanan mecraya g\u00f6re <a href=\"https:\/\/www.instagram.com\/julesvernetravel\/\">https:\/\/www.instagram.com\/julesvernetravel\/<\/a>\u00a0ve <a href=\"https:\/\/www.facebook.com\/JulesVerneTravel\/\">https:\/\/www.facebook.com\/JulesVerneTravel\/<\/a>\u00a0sayfalar\u0131n\u0131n takip edilmesi gerekmektedir.<\/li>\n<li style=\"text-align: justify;\"><strong>Facebook Yar\u0131\u015fmas\u0131 \u00d6d\u00fclleri<\/strong>\n<ul style=\"text-align: justify;\">\n<li><a href=\"http:\/\/www.raffles-tr.com\/istanbul\/\">Raffles Hotel<\/a>\u2019de 1 gece, 2 ki\u015fi Deluxe odada konaklama ve ak\u015fam yeme\u011fi (Sadece 14 \u015eubat \u00c7ar\u015famba ak\u015fam\u0131 i\u00e7in ge\u00e7erlidir)<\/li>\n<li><a href=\"https:\/\/www.facebook.com\/escalekanyon\/\">Escale Kanyon Restoran<\/a>\u2019da 2 ki\u015filik ak\u015fam yeme\u011fi (Sadece 14 \u015eubat \u00c7ar\u015famba ak\u015fam\u0131 i\u00e7in ge\u00e7erlidir)<\/li>\n<\/ul>\n<\/li>\n<li style=\"text-align: justify;\"><strong>Instagram Yar\u0131\u015fmas\u0131 \u00d6d\u00fclleri<\/strong>\n<ul style=\"text-align: justify;\">\n<li>\u00a0<a href=\"http:\/\/idablue.com.tr\/tr\">Adatepe-\u0130da Blue Hotel<\/a>\u2019de 1 gece 2 ki\u015filik konaklama ve kahvalt\u0131 (Sadece 18 \u015eubat Cumartesi ak\u015fam\u0131 i\u00e7in ge\u00e7erlidir)- 2 ki\u015filik gidi\u015f d\u00f6n\u00fc\u015f u\u00e7ak bileti ve otele transfer<\/li>\n<li><a href=\"https:\/\/www.facebook.com\/topaz.ist\/\">Topaz \u0130stanbul Restoran<\/a>\u2019da 2 ki\u015filik ak\u015fam yeme\u011fi (Sadece 14 \u015eubat \u00c7ar\u015famba ak\u015fam\u0131 i\u00e7in ge\u00e7erlidir)<\/li>\n<\/ul>\n<\/li>\n<li style=\"text-align: justify;\"><strong>Facebook:<\/strong> Kat\u0131l\u0131mc\u0131lar her \u00f6d\u00fcl i\u00e7in Jules Verne Travel taraf\u0131ndan payla\u015f\u0131lan g\u00f6rsel \u00fczerindeki metindeki bo\u015fluklar\u0131 en yarat\u0131c\u0131 yorumu ile doldurup, Facebook\u2019ta ilgili yar\u0131\u015fma postunun alt\u0131na yorum olarak eklediklerinde yar\u0131\u015fmaya kat\u0131labilirler.<\/li>\n<li style=\"text-align: justify;\"><strong>Instagram:<\/strong> Kat\u0131l\u0131mc\u0131lar her \u00f6d\u00fcl i\u00e7in Jules Verne Travel taraf\u0131ndan payla\u015f\u0131lan g\u00f6rseli Instagram program\u0131nda #a\u015fkilegez hashtagi ile etiketleyerek, en yarat\u0131c\u0131 yorumuyla birlikte (g\u00f6rsel \u00fczerindeki metindeki bo\u015fluklar\u0131 doldurarak) payla\u015farak yar\u0131\u015fmaya kat\u0131labileceklerdir.<\/li>\n<li style=\"text-align: justify;\">Instagram hesaplar\u0131n\u0131n herkese a\u00e7\u0131k olmas\u0131 gerekmektedir. Aksi takdirde payla\u015f\u0131mlar\u0131 g\u00f6r\u00fcnmeyecektir.<\/li>\n<li style=\"text-align: justify;\">Gelen yorumlar aras\u0131ndan en yarat\u0131c\u0131 olanlar i\u00e7inden kazananlar\u0131 j\u00fcri belirleyecektir.<\/li>\n<li style=\"text-align: justify;\">Ayn\u0131 Instagram ve Facebook hesab\u0131 yar\u0131\u015fma d\u00f6nemi boyunca sadece 1 kez \u00f6d\u00fcl kazanabilmektedir.<\/li>\n<li style=\"text-align: justify;\">Yar\u0131\u015fma sonunda j\u00fcrinin se\u00e7ece\u011fi yorumlar\u0131n sahipleri, ilgili yar\u0131\u015fma postunda belirtilen \u00f6d\u00fcl\u00fc kazanacakt\u0131r.<\/li>\n<li style=\"text-align: justify;\">Yar\u0131\u015fmaya kat\u0131l\u0131m tamamen \u00fccretsizdir.<\/li>\n<li style=\"text-align: justify;\">Kazanan ki\u015filerin ileti\u015fim bilgileri Facebook ve Instagram\u2019dan \u00f6zel mesaj yoluyla al\u0131nacakt\u0131r.<\/li>\n<li style=\"text-align: justify;\">Kazanan ki\u015filerin kimlik bilgileri mesaj \u00fczerinden verdi\u011fi bilgiler ile ayn\u0131 olmak zorundad\u0131r.<\/li>\n<li style=\"text-align: justify;\">Kazan\u0131lan \u00f6d\u00fcl de\u011fi\u015ftirilemez, ba\u015fkas\u0131na devredilemez ve\/veya \u00f6d\u00fcl\u00fcn nakit kar\u015f\u0131l\u0131\u011f\u0131 talep edilemez.<\/li>\n<li style=\"text-align: justify;\">Sonu\u00e7lar belli olduktan sonra kazanana, Facebook ve Instagram sayfas\u0131na g\u00f6nderdi\u011fi ileti\u015fim bilgilerinden ula\u015f\u0131lacakt\u0131r. Cep telefonu numaralar\u0131n\u0131n ve\/veya mail adreslerinin hatal\u0131 olmas\u0131 ya da 3 defa aran\u0131lmas\u0131na ra\u011fmen kat\u0131l\u0131mc\u0131ya ula\u015f\u0131lamamas\u0131 durumunda kazanan\u0131n internet sitesinde yap\u0131lacak duyuru ile belirtilmesi, kazanan \u015fahsa tebligat yap\u0131ld\u0131\u011f\u0131 anlam\u0131na gelir ve kazanan sonucu tebell\u00fc\u011f etmedi\u011fi veya ge\u00e7 etti\u011fi gerek\u00e7esiyle herhangi bir hak iddia edemez.<\/li>\n<li style=\"text-align: justify;\">\u00d6d\u00fcl da\u011f\u0131t\u0131mlar\u0131 t\u00fcm kullan\u0131c\u0131 adreslerinin al\u0131nmas\u0131n\u0131n ard\u0131ndan ger\u00e7ekle\u015ftirilecektir.<\/li>\n<li style=\"text-align: justify;\">ABH Turizm Temsilcilik ve Ticaret A.\u015e.\u2019nin yar\u0131\u015fmay\u0131 iptal etme, yar\u0131\u015fman\u0131n tarihini, ko\u015fullar\u0131n\u0131 ve \u00f6d\u00fcl\u00fcn\u00fc de\u011fi\u015ftirme hakk\u0131 sakl\u0131d\u0131r. Yar\u0131\u015fmac\u0131lar bu hususa herhangi bir itirazlar\u0131n\u0131n bulunmad\u0131\u011f\u0131n\u0131 ve bulunmayaca\u011f\u0131n\u0131 pe\u015finen beyan, kabul ve taahh\u00fct ederler.<\/li>\n<li style=\"text-align: justify;\">Yar\u0131\u015fmaya kat\u0131l\u0131m esnas\u0131nda, kat\u0131l\u0131mc\u0131lar\u0131n ki\u015fisel bilgisayarlar\u0131 ve internet eri\u015fimlerinden ve her t\u00fcrl\u00fc teknik aksakl\u0131klardan (\u0130nternet h\u0131z\u0131n\u0131n d\u00fc\u015f\u00fck olmas\u0131, ba\u011flant\u0131n\u0131n kopmas\u0131, uygun programa sahip olunmamas\u0131 vb&#8230;) olu\u015fabilecek problemlerden ve s\u00f6z konusu bilgisayarlara yetkisiz eri\u015fim vb. durumlardan kaynaklanabilecek ve ayr\u0131ca Instagram ve Facebook platformunda olu\u015fabilecek problem ve zararlardan dolay\u0131 ABH Turizm Temsilcilik ve Ticaret A.\u015e. sorumluluk kabul etmemektedir.<\/li>\n<li style=\"text-align: justify;\">18 ya\u015f\u0131ndan k\u00fc\u00e7\u00fckler,ABH Turizm Temsilcilik ve Ticaret A.\u015e. \u00e7al\u0131\u015fanlar\u0131, Zorlu Grubu \u015eirketleri \u00e7al\u0131\u015fanlar\u0131 ve ABH Turizm Temsilcilik ve Ticaret A.\u015e\u2019ye hizmet veren kimseler yar\u0131\u015fmaya kat\u0131lamaz. Kat\u0131l\u0131p kazansalar dahi kendilerine \u00f6d\u00fcl verilmez.<\/li>\n<li style=\"text-align: justify;\">ABH Turizm Temsilcilik ve Ticaret A.\u015e. hile yapan kat\u0131l\u0131mc\u0131lar\u0131 diskalifiye etme hakk\u0131n\u0131 sakl\u0131 tutar. Bu tip durumlar\u0131n tespiti halinde \u00f6d\u00fcller, s\u0131ralamada yer alan bir sonraki kullan\u0131c\u0131ya ge\u00e7er.<\/li>\n<li style=\"text-align: justify;\">Ki\u015filerin, ger\u00e7ek profilleri ile yar\u0131\u015fmaya kat\u0131lmalar\u0131 gerekmektedir. Yanl\u0131\u015f ileti\u015fim bilgisi verilmesinden dolay\u0131 ya\u015fanabilecek problemlerden ABH Turizm Temsilcilik ve Ticaret A.\u015e. sorumlu de\u011fildir.<\/li>\n<li style=\"text-align: justify;\">Yar\u0131\u015fma sonunda kazananlar\u0131n isimleri, ABH Turizm Temsilcilik ve Ticaret A.\u015e. taraf\u0131ndan diledi\u011fi yaz\u0131l\u0131 ve dijital mecrada (TV, internet, dergi, pop malzemesi vs) reklam, tan\u0131t\u0131m ve sair ama\u00e7larla s\u00fcresiz olarak, diledi\u011fi zaman ve \u015fekilde kullan\u0131labilir.<\/li>\n<li style=\"text-align: justify;\">Gizlilik ilkesi \u00e7er\u00e7evesinde, kat\u0131l\u0131mc\u0131lar\u0131n ki\u015fisel bilgileri, sahiplerinin izni olmaks\u0131z\u0131n yar\u0131\u015fmayla ilgili kurumlar\u0131n d\u0131\u015f\u0131nda hi\u00e7bir kurum veya ki\u015fi ile payla\u015f\u0131lmayacakt\u0131r.<\/li>\n<li style=\"text-align: justify;\">Bu yar\u0131\u015fmaya T\u00fcrkiye\u2019de ikamet edenler kat\u0131labilirler. T\u00fcrkiye d\u0131\u015f\u0131nda ikamet edenler yar\u0131\u015fmaya kat\u0131l\u0131p \u00f6d\u00fcl kazansalar dahi bu haklar\u0131n\u0131 kullanamazlar.<\/li>\n<li style=\"text-align: justify;\">Yar\u0131\u015fmac\u0131lar, site d\u00e2hilinde T\u00fcrk Ticaret Kanunu h\u00fck\u00fcmleri uyar\u0131nca haks\u0131z rekabete yol a\u00e7acak faaliyetlerde bulunmayacaklar\u0131n\u0131, ABH Turizm Temsilcilik ve Ticaret A.\u015e.\u2019nin ve\/veya \u00fc\u00e7\u00fcnc\u00fc ki\u015filerin \u015fahsi ve ticari itibar\u0131n\u0131 sarsacak, ki\u015filik haklar\u0131na tecav\u00fcz ve taarruz edecek fiilleri ger\u00e7ekle\u015ftirmeyeceklerini kabul ve taahh\u00fct etmektedir.<\/li>\n<li style=\"text-align: justify;\">Yar\u0131\u015fmac\u0131lar vir\u00fcs veya ba\u015fka bir zararl\u0131 unsur i\u00e7eren hi\u00e7bir bilgi, yaz\u0131l\u0131m (spam, vir\u00fcs, trojan ve benzeri t\u00fcrden programlar) ya da ba\u015fka bir i\u00e7eri\u011fi siteye g\u00f6nderemez. Aksi halde do\u011facak zarardan \u00f6t\u00fcr\u00fc ABH Turizm Temsilcilik ve Ticaret A.\u015e. ilgili kullan\u0131c\u0131ya y\u00f6neltece\u011fi maddi manevi t\u00fcm tazminat haklar\u0131n\u0131 sakl\u0131 tutar.<\/li>\n<li style=\"text-align: justify;\">ABH Turizm Temsilcilik ve Ticaret A.\u015e. sitenin ve verdi\u011fi hizmetlerin s\u00fcrekli aktif ve eri\u015filebilir olaca\u011f\u0131na dair hi\u00e7bir garanti vermemektedir. ABH Turizm Temsilcilik ve Ticaret A.\u015e., \u00f6zellikle \u00f6n\u00fcne ge\u00e7emeyece\u011fi durumlar, yarg\u0131 ve sair yetkili resmi merci karar ve uygulamalar\u0131, m\u00fccbir sebepler (\u00f6rne\u011fin do\u011fal afet), \u00fc\u00e7\u00fcnc\u00fc ki\u015filerin sebep oldu\u011fu durumlar, internet ba\u011flant\u0131 hizmeti sa\u011flayan kurulu\u015flardan kaynaklanan aksakl\u0131klar ve gecikmeler ve benzeri d\u0131\u015f etkenler, yanl\u0131\u015f kullan\u0131m, ABH Turizm Temsilcilik ve Ticaret A.\u015e.\u2019den kaynaklanabilecek teknik ar\u0131za ve sair aksakl\u0131klar, tamir \u00e7al\u0131\u015fmalar\u0131 veya di\u011fer y\u00f6nlendirmeler ve say\u0131lanlarla s\u0131n\u0131rl\u0131 olmamak \u00fczere benzeri sebepler sonucu meydana gelen aksakl\u0131klar konusunda hi\u00e7bir \u015fekilde sorumluluk kabul etmez.<\/li>\n<li style=\"text-align: justify;\">Yar\u0131\u015fmaya kat\u0131lmakla, bu ko\u015fullar\u0131n t\u00fcm\u00fcn\u00fc okudu\u011funuzu, tamam\u0131na sahip oldu\u011funuzu ve bu ko\u015fullara herhangi bir itiraz\u0131n\u0131z\u0131n bulunmad\u0131\u011f\u0131n\u0131 veya bulunmayaca\u011f\u0131n\u0131 beyan, kabul ve taahh\u00fct etmektesiniz.<\/li>\n<\/ul>\n","protected":false},"excerpt":{"rendered":"<p>Sevgililer G&uuml;n&uuml;&#8217;ne &ouml;zel, &ouml;d&uuml;ll&uuml; Facebook ve Instagram Yar\u0131\u015fmas\u0131 Kat\u0131l\u0131m Ko\u015fullar\u0131<\/p>\n","protected":false},"author":1,"featured_media":1665,"comment_status":"closed","ping_status":"closed","sticky":false,"template":"","format":"standard","meta":{"inline_featured_image":false,"footnotes":""},"categories":[1],"tags":[137],"acf":[],"yoast_head":"<!-- This site is optimized with the Yoast SEO plugin v22.3 - https:\/\/yoast.com\/wordpress\/plugins\/seo\/ -->\n<title>A\u015fk ile gezmek ister misiniz? - JULES VERNE BUSINESS MICE TRAVEL<\/title>\n<meta name=\"robots\" content=\"index, follow, max-snippet:-1, max-image-preview:large, max-video-preview:-1\" \/>\n<link rel=\"canonical\" href=\"https:\/\/julesverne.com.tr\/travel-blog\/ask-ile-gezmek-ister-misiniz\/\" \/>\n<meta property=\"og:locale\" content=\"en_US\" \/>\n<meta property=\"og:type\" content=\"article\" \/>\n<meta property=\"og:title\" content=\"A\u015fk ile gezmek ister misiniz? - JULES VERNE BUSINESS MICE TRAVEL\" \/>\n<meta property=\"og:description\" content=\"Sevgililer G&uuml;n&uuml;&#039;ne &ouml;zel, &ouml;d&uuml;ll&uuml; Facebook ve Instagram Yar\u0131\u015fmas\u0131 Kat\u0131l\u0131m Ko\u015fullar\u0131\" \/>\n<meta property=\"og:url\" content=\"https:\/\/julesverne.com.tr\/travel-blog\/ask-ile-gezmek-ister-misiniz\/\" \/>\n<meta property=\"og:site_name\" content=\"JULES VERNE BUSINESS MICE TRAVEL\" \/>\n<meta property=\"article:publisher\" content=\"https:\/\/www.facebook.com\/JulesVerneBusinessMiceTravel\/\" \/>\n<meta property=\"article:published_time\" content=\"2017-01-11T11:40:37+00:00\" \/>\n<meta property=\"article:modified_time\" content=\"2021-06-21T11:07:25+00:00\" \/>\n<meta property=\"og:image\" content=\"https:\/\/julesverne.com.tr\/wp-content\/uploads\/2020\/09\/web_ask.png\" \/>\n\t<meta property=\"og:image:width\" content=\"300\" \/>\n\t<meta property=\"og:image:height\" content=\"196\" \/>\n\t<meta property=\"og:image:type\" content=\"image\/png\" \/>\n<meta name=\"author\" content=\"fikirman\" \/>\n<meta name=\"twitter:card\" content=\"summary_large_image\" \/>\n<meta name=\"twitter:creator\" content=\"@JV_BusinessMice\" \/>\n<meta name=\"twitter:site\" content=\"@JV_BusinessMice\" \/>\n<meta name=\"twitter:label1\" content=\"Written by\" \/>\n\t<meta name=\"twitter:data1\" content=\"fikirman\" \/>\n\t<meta name=\"twitter:label2\" content=\"Est. reading time\" \/>\n\t<meta name=\"twitter:data2\" content=\"6 minutes\" \/>\n<script type=\"application\/ld+json\" class=\"yoast-schema-graph\">{\"@context\":\"https:\/\/schema.org\",\"@graph\":[{\"@type\":\"Article\",\"@id\":\"https:\/\/julesverne.com.tr\/travel-blog\/ask-ile-gezmek-ister-misiniz\/#article\",\"isPartOf\":{\"@id\":\"https:\/\/julesverne.com.tr\/travel-blog\/ask-ile-gezmek-ister-misiniz\/\"},\"author\":{\"name\":\"fikirman\",\"@id\":\"https:\/\/julesverne.com.tr\/#\/schema\/person\/f4eb0514ae455538644c31b99a466fdb\"},\"headline\":\"A\u015fk ile gezmek ister misiniz?\",\"datePublished\":\"2017-01-11T11:40:37+00:00\",\"dateModified\":\"2021-06-21T11:07:25+00:00\",\"mainEntityOfPage\":{\"@id\":\"https:\/\/julesverne.com.tr\/travel-blog\/ask-ile-gezmek-ister-misiniz\/\"},\"wordCount\":1178,\"publisher\":{\"@id\":\"https:\/\/julesverne.com.tr\/#organization\"},\"image\":{\"@id\":\"https:\/\/julesverne.com.tr\/travel-blog\/ask-ile-gezmek-ister-misiniz\/#primaryimage\"},\"thumbnailUrl\":\"https:\/\/julesverne.com.tr\/wp-content\/uploads\/2020\/09\/web_ask.png\",\"keywords\":[\"Blog\"],\"articleSection\":[\"Blog\"],\"inLanguage\":\"en-US\"},{\"@type\":\"WebPage\",\"@id\":\"https:\/\/julesverne.com.tr\/travel-blog\/ask-ile-gezmek-ister-misiniz\/\",\"url\":\"https:\/\/julesverne.com.tr\/travel-blog\/ask-ile-gezmek-ister-misiniz\/\",\"name\":\"A\u015fk ile gezmek ister misiniz? - JULES VERNE BUSINESS MICE TRAVEL\",\"isPartOf\":{\"@id\":\"https:\/\/julesverne.com.tr\/#website\"},\"primaryImageOfPage\":{\"@id\":\"https:\/\/julesverne.com.tr\/travel-blog\/ask-ile-gezmek-ister-misiniz\/#primaryimage\"},\"image\":{\"@id\":\"https:\/\/julesverne.com.tr\/travel-blog\/ask-ile-gezmek-ister-misiniz\/#primaryimage\"},\"thumbnailUrl\":\"https:\/\/julesverne.com.tr\/wp-content\/uploads\/2020\/09\/web_ask.png\",\"datePublished\":\"2017-01-11T11:40:37+00:00\",\"dateModified\":\"2021-06-21T11:07:25+00:00\",\"breadcrumb\":{\"@id\":\"https:\/\/julesverne.com.tr\/travel-blog\/ask-ile-gezmek-ister-misiniz\/#breadcrumb\"},\"inLanguage\":\"en-US\",\"potentialAction\":[{\"@type\":\"ReadAction\",\"target\":[\"https:\/\/julesverne.com.tr\/travel-blog\/ask-ile-gezmek-ister-misiniz\/\"]}]},{\"@type\":\"ImageObject\",\"inLanguage\":\"en-US\",\"@id\":\"https:\/\/julesverne.com.tr\/travel-blog\/ask-ile-gezmek-ister-misiniz\/#primaryimage\",\"url\":\"https:\/\/julesverne.com.tr\/wp-content\/uploads\/2020\/09\/web_ask.png\",\"contentUrl\":\"https:\/\/julesverne.com.tr\/wp-content\/uploads\/2020\/09\/web_ask.png\",\"width\":300,\"height\":196},{\"@type\":\"BreadcrumbList\",\"@id\":\"https:\/\/julesverne.com.tr\/travel-blog\/ask-ile-gezmek-ister-misiniz\/#breadcrumb\",\"itemListElement\":[{\"@type\":\"ListItem\",\"position\":1,\"name\":\"Anasayfa\",\"item\":\"https:\/\/julesverne.com.tr\/\"},{\"@type\":\"ListItem\",\"position\":2,\"name\":\"A\u015fk ile gezmek ister misiniz?\"}]},{\"@type\":\"WebSite\",\"@id\":\"https:\/\/julesverne.com.tr\/#website\",\"url\":\"https:\/\/julesverne.com.tr\/\",\"name\":\"JULES VERNE BUSINESS MICE TRAVEL\",\"description\":\"\",\"publisher\":{\"@id\":\"https:\/\/julesverne.com.tr\/#organization\"},\"potentialAction\":[{\"@type\":\"SearchAction\",\"target\":{\"@type\":\"EntryPoint\",\"urlTemplate\":\"https:\/\/julesverne.com.tr\/?s={search_term_string}\"},\"query-input\":\"required name=search_term_string\"}],\"inLanguage\":\"en-US\"},{\"@type\":\"Organization\",\"@id\":\"https:\/\/julesverne.com.tr\/#organization\",\"name\":\"JULES VERNE BUSINESS MICE TRAVEL\",\"url\":\"https:\/\/julesverne.com.tr\/\",\"logo\":{\"@type\":\"ImageObject\",\"inLanguage\":\"en-US\",\"@id\":\"https:\/\/julesverne.com.tr\/#\/schema\/logo\/image\/\",\"url\":\"https:\/\/julesverne.com.tr\/wp-content\/uploads\/2020\/09\/jv-bmt-logo.png\",\"contentUrl\":\"https:\/\/julesverne.com.tr\/wp-content\/uploads\/2020\/09\/jv-bmt-logo.png\",\"width\":110,\"height\":81,\"caption\":\"JULES VERNE BUSINESS MICE TRAVEL\"},\"image\":{\"@id\":\"https:\/\/julesverne.com.tr\/#\/schema\/logo\/image\/\"},\"sameAs\":[\"https:\/\/www.facebook.com\/JulesVerneBusinessMiceTravel\/\",\"https:\/\/twitter.com\/JV_BusinessMice\",\"https:\/\/www.instagram.com\/julesvernebusinessmicetravel\/\",\"https:\/\/www.linkedin.com\/company\/julesvernebusinessmicetravel\/\",\"https:\/\/www.youtube.com\/channel\/UCAwdsmbZ6tFhu1tea6pkpiw\"]},{\"@type\":\"Person\",\"@id\":\"https:\/\/julesverne.com.tr\/#\/schema\/person\/f4eb0514ae455538644c31b99a466fdb\",\"name\":\"fikirman\",\"sameAs\":[\"http:\/\/advermedya.net\/julesverne\"],\"url\":\"https:\/\/julesverne.com.tr\/en\/author\/fikirman\/\"}]}<\/script>\n<!-- \/ Yoast SEO plugin. -->","yoast_head_json":{"title":"A\u015fk ile gezmek ister misiniz? - JULES VERNE BUSINESS MICE TRAVEL","robots":{"index":"index","follow":"follow","max-snippet":"max-snippet:-1","max-image-preview":"max-image-preview:large","max-video-preview":"max-video-preview:-1"},"canonical":"https:\/\/julesverne.com.tr\/travel-blog\/ask-ile-gezmek-ister-misiniz\/","og_locale":"en_US","og_type":"article","og_title":"A\u015fk ile gezmek ister misiniz? - JULES VERNE BUSINESS MICE TRAVEL","og_description":"Sevgililer G&uuml;n&uuml;'ne &ouml;zel, &ouml;d&uuml;ll&uuml; Facebook ve Instagram Yar\u0131\u015fmas\u0131 Kat\u0131l\u0131m Ko\u015fullar\u0131","og_url":"https:\/\/julesverne.com.tr\/travel-blog\/ask-ile-gezmek-ister-misiniz\/","og_site_name":"JULES VERNE BUSINESS MICE TRAVEL","article_publisher":"https:\/\/www.facebook.com\/JulesVerneBusinessMiceTravel\/","article_published_time":"2017-01-11T11:40:37+00:00","article_modified_time":"2021-06-21T11:07:25+00:00","og_image":[{"width":300,"height":196,"url":"https:\/\/julesverne.com.tr\/wp-content\/uploads\/2020\/09\/web_ask.png","type":"image\/png"}],"author":"fikirman","twitter_card":"summary_large_image","twitter_creator":"@JV_BusinessMice","twitter_site":"@JV_BusinessMice","twitter_misc":{"Written by":"fikirman","Est. reading time":"6 minutes"},"schema":{"@context":"https:\/\/schema.org","@graph":[{"@type":"Article","@id":"https:\/\/julesverne.com.tr\/travel-blog\/ask-ile-gezmek-ister-misiniz\/#article","isPartOf":{"@id":"https:\/\/julesverne.com.tr\/travel-blog\/ask-ile-gezmek-ister-misiniz\/"},"author":{"name":"fikirman","@id":"https:\/\/julesverne.com.tr\/#\/schema\/person\/f4eb0514ae455538644c31b99a466fdb"},"headline":"A\u015fk ile gezmek ister misiniz?","datePublished":"2017-01-11T11:40:37+00:00","dateModified":"2021-06-21T11:07:25+00:00","mainEntityOfPage":{"@id":"https:\/\/julesverne.com.tr\/travel-blog\/ask-ile-gezmek-ister-misiniz\/"},"wordCount":1178,"publisher":{"@id":"https:\/\/julesverne.com.tr\/#organization"},"image":{"@id":"https:\/\/julesverne.com.tr\/travel-blog\/ask-ile-gezmek-ister-misiniz\/#primaryimage"},"thumbnailUrl":"https:\/\/julesverne.com.tr\/wp-content\/uploads\/2020\/09\/web_ask.png","keywords":["Blog"],"articleSection":["Blog"],"inLanguage":"en-US"},{"@type":"WebPage","@id":"https:\/\/julesverne.com.tr\/travel-blog\/ask-ile-gezmek-ister-misiniz\/","url":"https:\/\/julesverne.com.tr\/travel-blog\/ask-ile-gezmek-ister-misiniz\/","name":"A\u015fk ile gezmek ister misiniz? - JULES VERNE BUSINESS MICE TRAVEL","isPartOf":{"@id":"https:\/\/julesverne.com.tr\/#website"},"primaryImageOfPage":{"@id":"https:\/\/julesverne.com.tr\/travel-blog\/ask-ile-gezmek-ister-misiniz\/#primaryimage"},"image":{"@id":"https:\/\/julesverne.com.tr\/travel-blog\/ask-ile-gezmek-ister-misiniz\/#primaryimage"},"thumbnailUrl":"https:\/\/julesverne.com.tr\/wp-content\/uploads\/2020\/09\/web_ask.png","datePublished":"2017-01-11T11:40:37+00:00","dateModified":"2021-06-21T11:07:25+00:00","breadcrumb":{"@id":"https:\/\/julesverne.com.tr\/travel-blog\/ask-ile-gezmek-ister-misiniz\/#breadcrumb"},"inLanguage":"en-US","potentialAction":[{"@type":"ReadAction","target":["https:\/\/julesverne.com.tr\/travel-blog\/ask-ile-gezmek-ister-misiniz\/"]}]},{"@type":"ImageObject","inLanguage":"en-US","@id":"https:\/\/julesverne.com.tr\/travel-blog\/ask-ile-gezmek-ister-misiniz\/#primaryimage","url":"https:\/\/julesverne.com.tr\/wp-content\/uploads\/2020\/09\/web_ask.png","contentUrl":"https:\/\/julesverne.com.tr\/wp-content\/uploads\/2020\/09\/web_ask.png","width":300,"height":196},{"@type":"BreadcrumbList","@id":"https:\/\/julesverne.com.tr\/travel-blog\/ask-ile-gezmek-ister-misiniz\/#breadcrumb","itemListElement":[{"@type":"ListItem","position":1,"name":"Anasayfa","item":"https:\/\/julesverne.com.tr\/"},{"@type":"ListItem","position":2,"name":"A\u015fk ile gezmek ister misiniz?"}]},{"@type":"WebSite","@id":"https:\/\/julesverne.com.tr\/#website","url":"https:\/\/julesverne.com.tr\/","name":"JULES VERNE BUSINESS MICE TRAVEL","description":"","publisher":{"@id":"https:\/\/julesverne.com.tr\/#organization"},"potentialAction":[{"@type":"SearchAction","target":{"@type":"EntryPoint","urlTemplate":"https:\/\/julesverne.com.tr\/?s={search_term_string}"},"query-input":"required name=search_term_string"}],"inLanguage":"en-US"},{"@type":"Organization","@id":"https:\/\/julesverne.com.tr\/#organization","name":"JULES VERNE BUSINESS MICE TRAVEL","url":"https:\/\/julesverne.com.tr\/","logo":{"@type":"ImageObject","inLanguage":"en-US","@id":"https:\/\/julesverne.com.tr\/#\/schema\/logo\/image\/","url":"https:\/\/julesverne.com.tr\/wp-content\/uploads\/2020\/09\/jv-bmt-logo.png","contentUrl":"https:\/\/julesverne.com.tr\/wp-content\/uploads\/2020\/09\/jv-bmt-logo.png","width":110,"height":81,"caption":"JULES VERNE BUSINESS MICE TRAVEL"},"image":{"@id":"https:\/\/julesverne.com.tr\/#\/schema\/logo\/image\/"},"sameAs":["https:\/\/www.facebook.com\/JulesVerneBusinessMiceTravel\/","https:\/\/twitter.com\/JV_BusinessMice","https:\/\/www.instagram.com\/julesvernebusinessmicetravel\/","https:\/\/www.linkedin.com\/company\/julesvernebusinessmicetravel\/","https:\/\/www.youtube.com\/channel\/UCAwdsmbZ6tFhu1tea6pkpiw"]},{"@type":"Person","@id":"https:\/\/julesverne.com.tr\/#\/schema\/person\/f4eb0514ae455538644c31b99a466fdb","name":"fikirman","sameAs":["http:\/\/advermedya.net\/julesverne"],"url":"https:\/\/julesverne.com.tr\/en\/author\/fikirman\/"}]}},"_links":{"self":[{"href":"https:\/\/julesverne.com.tr\/en\/wp-json\/wp\/v2\/posts\/1664"}],"collection":[{"href":"https:\/\/julesverne.com.tr\/en\/wp-json\/wp\/v2\/posts"}],"about":[{"href":"https:\/\/julesverne.com.tr\/en\/wp-json\/wp\/v2\/types\/post"}],"author":[{"embeddable":true,"href":"https:\/\/julesverne.com.tr\/en\/wp-json\/wp\/v2\/users\/1"}],"replies":[{"embeddable":true,"href":"https:\/\/julesverne.com.tr\/en\/wp-json\/wp\/v2\/comments?post=1664"}],"version-history":[{"count":0,"href":"https:\/\/julesverne.com.tr\/en\/wp-json\/wp\/v2\/posts\/1664\/revisions"}],"wp:featuredmedia":[{"embeddable":true,"href":"https:\/\/julesverne.com.tr\/en\/wp-json\/wp\/v2\/media\/1665"}],"wp:attachment":[{"href":"https:\/\/julesverne.com.tr\/en\/wp-json\/wp\/v2\/media?parent=1664"}],"wp:term":[{"taxonomy":"category","embeddable":true,"href":"https:\/\/julesverne.com.tr\/en\/wp-json\/wp\/v2\/categories?post=1664"},{"taxonomy":"post_tag","embeddable":true,"href":"https:\/\/julesverne.com.tr\/en\/wp-json\/wp\/v2\/tags?post=1664"}],"curies":[{"name":"wp","href":"https:\/\/api.w.org\/{rel}","templated":true}]}}