{"id":1656,"date":"2017-01-11T17:51:46","date_gmt":"2017-01-11T14:51:46","guid":{"rendered":"https:\/\/www.julesverne.com.tr\/\/blog\/ozlem-avcioglu-ile-vietnam-maceramiz-marie-claire-maisonda\/"},"modified":"2021-09-13T11:34:02","modified_gmt":"2021-09-13T08:34:02","slug":"ozlem-avcioglu-ile-vietnam-maceramiz-marie-claire-maisonda","status":"publish","type":"post","link":"https:\/\/julesverne.com.tr\/en\/travel-blog\/ozlem-avcioglu-ile-vietnam-maceramiz-marie-claire-maisonda\/","title":{"rendered":"\u00d6zlem Avc\u0131o\u011flu ile Vietnam maceram\u0131z Marie Claire Maison&#8217;da&#8230;"},"content":{"rendered":"<p>\u00d6zlem Avc\u0131o\u011flu birlikte ger\u00e7ekle\u015ftirdi\u011fimiz muhte\u015fem Vietnam seyahatini t\u00fcm detaylar\u0131 ile Marie Maison&#8217;da anlatt\u0131&#8230;<\/p>\n<p><img loading=\"lazy\" decoding=\"async\" class=\"alignnone size-full wp-image-6124\" src=\"https:\/\/www.julesverne.com.tr\/\/wp-content\/uploads\/2020\/09\/20170112_Marie_Claire_Maison_Ocak_2017_JV_-_Ozlem_Avcioglu_Gezi_Proje_1.jpg\" alt=\"Vietnam Marie Claire Maison\" width=\"978\" height=\"1280\" srcset=\"https:\/\/julesverne.com.tr\/wp-content\/uploads\/2020\/09\/20170112_Marie_Claire_Maison_Ocak_2017_JV_-_Ozlem_Avcioglu_Gezi_Proje_1.jpg 978w, https:\/\/julesverne.com.tr\/wp-content\/uploads\/2020\/09\/20170112_Marie_Claire_Maison_Ocak_2017_JV_-_Ozlem_Avcioglu_Gezi_Proje_1-382x500.jpg 382w, https:\/\/julesverne.com.tr\/wp-content\/uploads\/2020\/09\/20170112_Marie_Claire_Maison_Ocak_2017_JV_-_Ozlem_Avcioglu_Gezi_Proje_1-768x1005.jpg 768w\" sizes=\"(max-width: 978px) 100vw, 978px\" \/><\/p>\n<p style=\"text-align: center;\"><img loading=\"lazy\" decoding=\"async\" class=\"alignnone size-full wp-image-6125\" src=\"https:\/\/www.julesverne.com.tr\/\/wp-content\/uploads\/2020\/09\/20170112_Marie_Claire_Maison_Ocak_2017_JV_-_Ozlem_Avcioglu_Gezi_Proje_2.jpg\" alt=\"vietnam \u00f6zlem avc\u0131o\u011flu\" width=\"978\" height=\"1280\" srcset=\"https:\/\/julesverne.com.tr\/wp-content\/uploads\/2020\/09\/20170112_Marie_Claire_Maison_Ocak_2017_JV_-_Ozlem_Avcioglu_Gezi_Proje_2.jpg 978w, https:\/\/julesverne.com.tr\/wp-content\/uploads\/2020\/09\/20170112_Marie_Claire_Maison_Ocak_2017_JV_-_Ozlem_Avcioglu_Gezi_Proje_2-382x500.jpg 382w, https:\/\/julesverne.com.tr\/wp-content\/uploads\/2020\/09\/20170112_Marie_Claire_Maison_Ocak_2017_JV_-_Ozlem_Avcioglu_Gezi_Proje_2-768x1005.jpg 768w\" sizes=\"(max-width: 978px) 100vw, 978px\" \/><\/p>\n","protected":false},"excerpt":{"rendered":"<p>&Ouml;zlem Avc\u0131o\u011flu birlikte ger&ccedil;ekle\u015ftirdi\u011fimiz muhte\u015fem Vietnam seyahatini t&uuml;m detaylar\u0131 ile Marie Maison&#8217;da anlatt\u0131&#8230;<\/p>\n","protected":false},"author":1,"featured_media":1657,"comment_status":"closed","ping_status":"closed","sticky":false,"template":"","format":"standard","meta":{"inline_featured_image":false,"footnotes":""},"categories":[1],"tags":[],"acf":[],"yoast_head":"<!-- This site is optimized with the Yoast SEO plugin v22.3 - https:\/\/yoast.com\/wordpress\/plugins\/seo\/ -->\n<title>\u00d6zlem Avc\u0131o\u011flu ile Vietnam maceram\u0131z Marie Claire Maison&#039;da... - JULES VERNE BUSINESS MICE TRAVEL<\/title>\n<meta name=\"robots\" content=\"index, follow, max-snippet:-1, max-image-preview:large, max-video-preview:-1\" \/>\n<link rel=\"canonical\" href=\"https:\/\/julesverne.com.tr\/travel-blog\/ozlem-avcioglu-ile-vietnam-maceramiz-marie-claire-maisonda\/\" \/>\n<meta property=\"og:locale\" content=\"en_US\" \/>\n<meta property=\"og:type\" content=\"article\" \/>\n<meta property=\"og:title\" content=\"\u00d6zlem Avc\u0131o\u011flu ile Vietnam maceram\u0131z Marie Claire Maison&#039;da... - JULES VERNE BUSINESS MICE TRAVEL\" \/>\n<meta property=\"og:description\" content=\"&Ouml;zlem Avc\u0131o\u011flu birlikte ger&ccedil;ekle\u015ftirdi\u011fimiz muhte\u015fem Vietnam seyahatini t&uuml;m detaylar\u0131 ile Marie Maison&#039;da anlatt\u0131...\" \/>\n<meta property=\"og:url\" content=\"https:\/\/julesverne.com.tr\/travel-blog\/ozlem-avcioglu-ile-vietnam-maceramiz-marie-claire-maisonda\/\" \/>\n<meta property=\"og:site_name\" content=\"JULES VERNE BUSINESS MICE TRAVEL\" \/>\n<meta property=\"article:publisher\" content=\"https:\/\/www.facebook.com\/JulesVerneBusinessMiceTravel\/\" \/>\n<meta property=\"article:published_time\" content=\"2017-01-11T14:51:46+00:00\" \/>\n<meta property=\"article:modified_time\" content=\"2021-09-13T08:34:02+00:00\" \/>\n<meta property=\"og:image\" content=\"https:\/\/julesverne.com.tr\/wp-content\/uploads\/2020\/09\/marie_claire_ozlem_avcioglu.png\" \/>\n\t<meta property=\"og:image:width\" content=\"700\" \/>\n\t<meta property=\"og:image:height\" content=\"400\" \/>\n\t<meta property=\"og:image:type\" content=\"image\/png\" \/>\n<meta name=\"author\" content=\"fikirman\" \/>\n<meta name=\"twitter:card\" content=\"summary_large_image\" \/>\n<meta name=\"twitter:creator\" content=\"@JV_BusinessMice\" \/>\n<meta name=\"twitter:site\" content=\"@JV_BusinessMice\" \/>\n<meta name=\"twitter:label1\" content=\"Written by\" \/>\n\t<meta name=\"twitter:data1\" content=\"fikirman\" \/>\n<script type=\"application\/ld+json\" class=\"yoast-schema-graph\">{\"@context\":\"https:\/\/schema.org\",\"@graph\":[{\"@type\":\"Article\",\"@id\":\"https:\/\/julesverne.com.tr\/travel-blog\/ozlem-avcioglu-ile-vietnam-maceramiz-marie-claire-maisonda\/#article\",\"isPartOf\":{\"@id\":\"https:\/\/julesverne.com.tr\/travel-blog\/ozlem-avcioglu-ile-vietnam-maceramiz-marie-claire-maisonda\/\"},\"author\":{\"name\":\"fikirman\",\"@id\":\"https:\/\/julesverne.com.tr\/#\/schema\/person\/f4eb0514ae455538644c31b99a466fdb\"},\"headline\":\"\u00d6zlem Avc\u0131o\u011flu ile Vietnam maceram\u0131z Marie Claire Maison&#8217;da&#8230;\",\"datePublished\":\"2017-01-11T14:51:46+00:00\",\"dateModified\":\"2021-09-13T08:34:02+00:00\",\"mainEntityOfPage\":{\"@id\":\"https:\/\/julesverne.com.tr\/travel-blog\/ozlem-avcioglu-ile-vietnam-maceramiz-marie-claire-maisonda\/\"},\"wordCount\":31,\"publisher\":{\"@id\":\"https:\/\/julesverne.com.tr\/#organization\"},\"image\":{\"@id\":\"https:\/\/julesverne.com.tr\/travel-blog\/ozlem-avcioglu-ile-vietnam-maceramiz-marie-claire-maisonda\/#primaryimage\"},\"thumbnailUrl\":\"https:\/\/julesverne.com.tr\/wp-content\/uploads\/2020\/09\/marie_claire_ozlem_avcioglu.png\",\"articleSection\":[\"Blog\"],\"inLanguage\":\"en-US\"},{\"@type\":\"WebPage\",\"@id\":\"https:\/\/julesverne.com.tr\/travel-blog\/ozlem-avcioglu-ile-vietnam-maceramiz-marie-claire-maisonda\/\",\"url\":\"https:\/\/julesverne.com.tr\/travel-blog\/ozlem-avcioglu-ile-vietnam-maceramiz-marie-claire-maisonda\/\",\"name\":\"\u00d6zlem Avc\u0131o\u011flu ile Vietnam maceram\u0131z Marie Claire Maison'da... - JULES VERNE BUSINESS MICE TRAVEL\",\"isPartOf\":{\"@id\":\"https:\/\/julesverne.com.tr\/#website\"},\"primaryImageOfPage\":{\"@id\":\"https:\/\/julesverne.com.tr\/travel-blog\/ozlem-avcioglu-ile-vietnam-maceramiz-marie-claire-maisonda\/#primaryimage\"},\"image\":{\"@id\":\"https:\/\/julesverne.com.tr\/travel-blog\/ozlem-avcioglu-ile-vietnam-maceramiz-marie-claire-maisonda\/#primaryimage\"},\"thumbnailUrl\":\"https:\/\/julesverne.com.tr\/wp-content\/uploads\/2020\/09\/marie_claire_ozlem_avcioglu.png\",\"datePublished\":\"2017-01-11T14:51:46+00:00\",\"dateModified\":\"2021-09-13T08:34:02+00:00\",\"breadcrumb\":{\"@id\":\"https:\/\/julesverne.com.tr\/travel-blog\/ozlem-avcioglu-ile-vietnam-maceramiz-marie-claire-maisonda\/#breadcrumb\"},\"inLanguage\":\"en-US\",\"potentialAction\":[{\"@type\":\"ReadAction\",\"target\":[\"https:\/\/julesverne.com.tr\/travel-blog\/ozlem-avcioglu-ile-vietnam-maceramiz-marie-claire-maisonda\/\"]}]},{\"@type\":\"ImageObject\",\"inLanguage\":\"en-US\",\"@id\":\"https:\/\/julesverne.com.tr\/travel-blog\/ozlem-avcioglu-ile-vietnam-maceramiz-marie-claire-maisonda\/#primaryimage\",\"url\":\"https:\/\/julesverne.com.tr\/wp-content\/uploads\/2020\/09\/marie_claire_ozlem_avcioglu.png\",\"contentUrl\":\"https:\/\/julesverne.com.tr\/wp-content\/uploads\/2020\/09\/marie_claire_ozlem_avcioglu.png\",\"width\":700,\"height\":400},{\"@type\":\"BreadcrumbList\",\"@id\":\"https:\/\/julesverne.com.tr\/travel-blog\/ozlem-avcioglu-ile-vietnam-maceramiz-marie-claire-maisonda\/#breadcrumb\",\"itemListElement\":[{\"@type\":\"ListItem\",\"position\":1,\"name\":\"Anasayfa\",\"item\":\"https:\/\/julesverne.com.tr\/\"},{\"@type\":\"ListItem\",\"position\":2,\"name\":\"\u00d6zlem Avc\u0131o\u011flu ile Vietnam maceram\u0131z Marie Claire Maison&#8217;da&#8230;\"}]},{\"@type\":\"WebSite\",\"@id\":\"https:\/\/julesverne.com.tr\/#website\",\"url\":\"https:\/\/julesverne.com.tr\/\",\"name\":\"JULES VERNE BUSINESS MICE TRAVEL\",\"description\":\"\",\"publisher\":{\"@id\":\"https:\/\/julesverne.com.tr\/#organization\"},\"potentialAction\":[{\"@type\":\"SearchAction\",\"target\":{\"@type\":\"EntryPoint\",\"urlTemplate\":\"https:\/\/julesverne.com.tr\/?s={search_term_string}\"},\"query-input\":\"required name=search_term_string\"}],\"inLanguage\":\"en-US\"},{\"@type\":\"Organization\",\"@id\":\"https:\/\/julesverne.com.tr\/#organization\",\"name\":\"JULES VERNE BUSINESS MICE TRAVEL\",\"url\":\"https:\/\/julesverne.com.tr\/\",\"logo\":{\"@type\":\"ImageObject\",\"inLanguage\":\"en-US\",\"@id\":\"https:\/\/julesverne.com.tr\/#\/schema\/logo\/image\/\",\"url\":\"https:\/\/julesverne.com.tr\/wp-content\/uploads\/2020\/09\/jv-bmt-logo.png\",\"contentUrl\":\"https:\/\/julesverne.com.tr\/wp-content\/uploads\/2020\/09\/jv-bmt-logo.png\",\"width\":110,\"height\":81,\"caption\":\"JULES VERNE BUSINESS MICE TRAVEL\"},\"image\":{\"@id\":\"https:\/\/julesverne.com.tr\/#\/schema\/logo\/image\/\"},\"sameAs\":[\"https:\/\/www.facebook.com\/JulesVerneBusinessMiceTravel\/\",\"https:\/\/twitter.com\/JV_BusinessMice\",\"https:\/\/www.instagram.com\/julesvernebusinessmicetravel\/\",\"https:\/\/www.linkedin.com\/company\/julesvernebusinessmicetravel\/\",\"https:\/\/www.youtube.com\/channel\/UCAwdsmbZ6tFhu1tea6pkpiw\"]},{\"@type\":\"Person\",\"@id\":\"https:\/\/julesverne.com.tr\/#\/schema\/person\/f4eb0514ae455538644c31b99a466fdb\",\"name\":\"fikirman\",\"sameAs\":[\"http:\/\/advermedya.net\/julesverne\"],\"url\":\"https:\/\/julesverne.com.tr\/en\/author\/fikirman\/\"}]}<\/script>\n<!-- \/ Yoast SEO plugin. -->","yoast_head_json":{"title":"\u00d6zlem Avc\u0131o\u011flu ile Vietnam maceram\u0131z Marie Claire Maison'da... - JULES VERNE BUSINESS MICE TRAVEL","robots":{"index":"index","follow":"follow","max-snippet":"max-snippet:-1","max-image-preview":"max-image-preview:large","max-video-preview":"max-video-preview:-1"},"canonical":"https:\/\/julesverne.com.tr\/travel-blog\/ozlem-avcioglu-ile-vietnam-maceramiz-marie-claire-maisonda\/","og_locale":"en_US","og_type":"article","og_title":"\u00d6zlem Avc\u0131o\u011flu ile Vietnam maceram\u0131z Marie Claire Maison'da... - JULES VERNE BUSINESS MICE TRAVEL","og_description":"&Ouml;zlem Avc\u0131o\u011flu birlikte ger&ccedil;ekle\u015ftirdi\u011fimiz muhte\u015fem Vietnam seyahatini t&uuml;m detaylar\u0131 ile Marie Maison'da anlatt\u0131...","og_url":"https:\/\/julesverne.com.tr\/travel-blog\/ozlem-avcioglu-ile-vietnam-maceramiz-marie-claire-maisonda\/","og_site_name":"JULES VERNE BUSINESS MICE TRAVEL","article_publisher":"https:\/\/www.facebook.com\/JulesVerneBusinessMiceTravel\/","article_published_time":"2017-01-11T14:51:46+00:00","article_modified_time":"2021-09-13T08:34:02+00:00","og_image":[{"width":700,"height":400,"url":"https:\/\/julesverne.com.tr\/wp-content\/uploads\/2020\/09\/marie_claire_ozlem_avcioglu.png","type":"image\/png"}],"author":"fikirman","twitter_card":"summary_large_image","twitter_creator":"@JV_BusinessMice","twitter_site":"@JV_BusinessMice","twitter_misc":{"Written by":"fikirman"},"schema":{"@context":"https:\/\/schema.org","@graph":[{"@type":"Article","@id":"https:\/\/julesverne.com.tr\/travel-blog\/ozlem-avcioglu-ile-vietnam-maceramiz-marie-claire-maisonda\/#article","isPartOf":{"@id":"https:\/\/julesverne.com.tr\/travel-blog\/ozlem-avcioglu-ile-vietnam-maceramiz-marie-claire-maisonda\/"},"author":{"name":"fikirman","@id":"https:\/\/julesverne.com.tr\/#\/schema\/person\/f4eb0514ae455538644c31b99a466fdb"},"headline":"\u00d6zlem Avc\u0131o\u011flu ile Vietnam maceram\u0131z Marie Claire Maison&#8217;da&#8230;","datePublished":"2017-01-11T14:51:46+00:00","dateModified":"2021-09-13T08:34:02+00:00","mainEntityOfPage":{"@id":"https:\/\/julesverne.com.tr\/travel-blog\/ozlem-avcioglu-ile-vietnam-maceramiz-marie-claire-maisonda\/"},"wordCount":31,"publisher":{"@id":"https:\/\/julesverne.com.tr\/#organization"},"image":{"@id":"https:\/\/julesverne.com.tr\/travel-blog\/ozlem-avcioglu-ile-vietnam-maceramiz-marie-claire-maisonda\/#primaryimage"},"thumbnailUrl":"https:\/\/julesverne.com.tr\/wp-content\/uploads\/2020\/09\/marie_claire_ozlem_avcioglu.png","articleSection":["Blog"],"inLanguage":"en-US"},{"@type":"WebPage","@id":"https:\/\/julesverne.com.tr\/travel-blog\/ozlem-avcioglu-ile-vietnam-maceramiz-marie-claire-maisonda\/","url":"https:\/\/julesverne.com.tr\/travel-blog\/ozlem-avcioglu-ile-vietnam-maceramiz-marie-claire-maisonda\/","name":"\u00d6zlem Avc\u0131o\u011flu ile Vietnam maceram\u0131z Marie Claire Maison'da... - JULES VERNE BUSINESS MICE TRAVEL","isPartOf":{"@id":"https:\/\/julesverne.com.tr\/#website"},"primaryImageOfPage":{"@id":"https:\/\/julesverne.com.tr\/travel-blog\/ozlem-avcioglu-ile-vietnam-maceramiz-marie-claire-maisonda\/#primaryimage"},"image":{"@id":"https:\/\/julesverne.com.tr\/travel-blog\/ozlem-avcioglu-ile-vietnam-maceramiz-marie-claire-maisonda\/#primaryimage"},"thumbnailUrl":"https:\/\/julesverne.com.tr\/wp-content\/uploads\/2020\/09\/marie_claire_ozlem_avcioglu.png","datePublished":"2017-01-11T14:51:46+00:00","dateModified":"2021-09-13T08:34:02+00:00","breadcrumb":{"@id":"https:\/\/julesverne.com.tr\/travel-blog\/ozlem-avcioglu-ile-vietnam-maceramiz-marie-claire-maisonda\/#breadcrumb"},"inLanguage":"en-US","potentialAction":[{"@type":"ReadAction","target":["https:\/\/julesverne.com.tr\/travel-blog\/ozlem-avcioglu-ile-vietnam-maceramiz-marie-claire-maisonda\/"]}]},{"@type":"ImageObject","inLanguage":"en-US","@id":"https:\/\/julesverne.com.tr\/travel-blog\/ozlem-avcioglu-ile-vietnam-maceramiz-marie-claire-maisonda\/#primaryimage","url":"https:\/\/julesverne.com.tr\/wp-content\/uploads\/2020\/09\/marie_claire_ozlem_avcioglu.png","contentUrl":"https:\/\/julesverne.com.tr\/wp-content\/uploads\/2020\/09\/marie_claire_ozlem_avcioglu.png","width":700,"height":400},{"@type":"BreadcrumbList","@id":"https:\/\/julesverne.com.tr\/travel-blog\/ozlem-avcioglu-ile-vietnam-maceramiz-marie-claire-maisonda\/#breadcrumb","itemListElement":[{"@type":"ListItem","position":1,"name":"Anasayfa","item":"https:\/\/julesverne.com.tr\/"},{"@type":"ListItem","position":2,"name":"\u00d6zlem Avc\u0131o\u011flu ile Vietnam maceram\u0131z Marie Claire Maison&#8217;da&#8230;"}]},{"@type":"WebSite","@id":"https:\/\/julesverne.com.tr\/#website","url":"https:\/\/julesverne.com.tr\/","name":"JULES VERNE BUSINESS MICE TRAVEL","description":"","publisher":{"@id":"https:\/\/julesverne.com.tr\/#organization"},"potentialAction":[{"@type":"SearchAction","target":{"@type":"EntryPoint","urlTemplate":"https:\/\/julesverne.com.tr\/?s={search_term_string}"},"query-input":"required name=search_term_string"}],"inLanguage":"en-US"},{"@type":"Organization","@id":"https:\/\/julesverne.com.tr\/#organization","name":"JULES VERNE BUSINESS MICE TRAVEL","url":"https:\/\/julesverne.com.tr\/","logo":{"@type":"ImageObject","inLanguage":"en-US","@id":"https:\/\/julesverne.com.tr\/#\/schema\/logo\/image\/","url":"https:\/\/julesverne.com.tr\/wp-content\/uploads\/2020\/09\/jv-bmt-logo.png","contentUrl":"https:\/\/julesverne.com.tr\/wp-content\/uploads\/2020\/09\/jv-bmt-logo.png","width":110,"height":81,"caption":"JULES VERNE BUSINESS MICE TRAVEL"},"image":{"@id":"https:\/\/julesverne.com.tr\/#\/schema\/logo\/image\/"},"sameAs":["https:\/\/www.facebook.com\/JulesVerneBusinessMiceTravel\/","https:\/\/twitter.com\/JV_BusinessMice","https:\/\/www.instagram.com\/julesvernebusinessmicetravel\/","https:\/\/www.linkedin.com\/company\/julesvernebusinessmicetravel\/","https:\/\/www.youtube.com\/channel\/UCAwdsmbZ6tFhu1tea6pkpiw"]},{"@type":"Person","@id":"https:\/\/julesverne.com.tr\/#\/schema\/person\/f4eb0514ae455538644c31b99a466fdb","name":"fikirman","sameAs":["http:\/\/advermedya.net\/julesverne"],"url":"https:\/\/julesverne.com.tr\/en\/author\/fikirman\/"}]}},"_links":{"self":[{"href":"https:\/\/julesverne.com.tr\/en\/wp-json\/wp\/v2\/posts\/1656"}],"collection":[{"href":"https:\/\/julesverne.com.tr\/en\/wp-json\/wp\/v2\/posts"}],"about":[{"href":"https:\/\/julesverne.com.tr\/en\/wp-json\/wp\/v2\/types\/post"}],"author":[{"embeddable":true,"href":"https:\/\/julesverne.com.tr\/en\/wp-json\/wp\/v2\/users\/1"}],"replies":[{"embeddable":true,"href":"https:\/\/julesverne.com.tr\/en\/wp-json\/wp\/v2\/comments?post=1656"}],"version-history":[{"count":0,"href":"https:\/\/julesverne.com.tr\/en\/wp-json\/wp\/v2\/posts\/1656\/revisions"}],"wp:featuredmedia":[{"embeddable":true,"href":"https:\/\/julesverne.com.tr\/en\/wp-json\/wp\/v2\/media\/1657"}],"wp:attachment":[{"href":"https:\/\/julesverne.com.tr\/en\/wp-json\/wp\/v2\/media?parent=1656"}],"wp:term":[{"taxonomy":"category","embeddable":true,"href":"https:\/\/julesverne.com.tr\/en\/wp-json\/wp\/v2\/categories?post=1656"},{"taxonomy":"post_tag","embeddable":true,"href":"https:\/\/julesverne.com.tr\/en\/wp-json\/wp\/v2\/tags?post=1656"}],"curies":[{"name":"wp","href":"https:\/\/api.w.org\/{rel}","templated":true}]}}