{"id":16373,"date":"2023-12-21T16:51:57","date_gmt":"2023-12-21T13:51:57","guid":{"rendered":"https:\/\/julesverne.com.tr\/?p=16373"},"modified":"2023-12-22T11:59:51","modified_gmt":"2023-12-22T08:59:51","slug":"porsche-ile-dunyanin-en-guzel-destinasyonlari","status":"publish","type":"post","link":"https:\/\/julesverne.com.tr\/en\/travel-blog\/porsche-ile-dunyanin-en-guzel-destinasyonlari\/","title":{"rendered":"(TR) D\u00fcnyan\u0131n En G\u00fczel Destinasyonlar\u0131n\u0131 Porsche ile Ke\u015ffetmeye Ne Dersiniz?"},"content":{"rendered":"<p class=\"qtranxs-available-languages-message qtranxs-available-languages-message-en\">Sorry, this entry is only available in <a href=\"https:\/\/julesverne.com.tr\/tr\/wp-json\/wp\/v2\/posts\/16373\" class=\"qtranxs-available-language-link qtranxs-available-language-link-tr\" title=\"TR\">Turkish<\/a>.<\/p>","protected":false},"excerpt":{"rendered":"<p>Sorry, this entry is only available in Turkish.<\/p>\n","protected":false},"author":10,"featured_media":16402,"comment_status":"closed","ping_status":"closed","sticky":false,"template":"","format":"standard","meta":{"inline_featured_image":false,"footnotes":""},"categories":[38,1,39],"tags":[77,73,245],"acf":[],"yoast_head":"<!-- This site is optimized with the Yoast SEO plugin v22.3 - https:\/\/yoast.com\/wordpress\/plugins\/seo\/ -->\n<title><\/title>\n<meta name=\"description\" content=\"D\u00fcnyan\u0131n en g\u00fczel yerlerini etkileyici bir spor otomobil performans\u0131 e\u015fli\u011finde birle\u015ftirerek ke\u015ffedebilece\u011finiz, ayr\u0131cal\u0131kl\u0131 bir seyahat deneyimine d\u00f6n\u00fc\u015ft\u00fcrmeye ne dersiniz?\" \/>\n<meta name=\"robots\" content=\"index, follow, max-snippet:-1, max-image-preview:large, max-video-preview:-1\" \/>\n<link rel=\"canonical\" href=\"https:\/\/julesverne.com.tr\/travel-blog\/porsche-ile-dunyanin-en-guzel-destinasyonlari\/\" \/>\n<meta property=\"og:locale\" content=\"en_US\" \/>\n<meta property=\"og:type\" content=\"article\" \/>\n<meta property=\"og:title\" content=\"[:tr]D\u00fcnyan\u0131n En G\u00fczel Destinasyonlar\u0131n\u0131 Porsche ile Ke\u015ffetmeye Ne Dersiniz?[:] - JULES VERNE BUSINESS MICE TRAVEL\" \/>\n<meta property=\"og:description\" content=\"D\u00fcnyan\u0131n en g\u00fczel yerlerini etkileyici bir spor otomobil performans\u0131 e\u015fli\u011finde birle\u015ftirerek ke\u015ffedebilece\u011finiz, ayr\u0131cal\u0131kl\u0131 bir seyahat deneyimine d\u00f6n\u00fc\u015ft\u00fcrmeye ne dersiniz?\" \/>\n<meta property=\"og:url\" content=\"https:\/\/julesverne.com.tr\/travel-blog\/porsche-ile-dunyanin-en-guzel-destinasyonlari\/\" \/>\n<meta property=\"og:site_name\" content=\"JULES VERNE BUSINESS MICE TRAVEL\" \/>\n<meta property=\"article:publisher\" content=\"https:\/\/www.facebook.com\/JulesVerneBusinessMiceTravel\/\" \/>\n<meta property=\"article:published_time\" content=\"2023-12-21T13:51:57+00:00\" \/>\n<meta property=\"article:modified_time\" content=\"2023-12-22T08:59:51+00:00\" \/>\n<meta property=\"og:image\" content=\"https:\/\/julesverne.com.tr\/wp-content\/uploads\/2023\/12\/Porsche-Travel-Experience_Central_Alps_Header_3-1-scaled.jpeg\" \/>\n\t<meta property=\"og:image:width\" content=\"1600\" \/>\n\t<meta property=\"og:image:height\" content=\"1066\" \/>\n\t<meta property=\"og:image:type\" content=\"image\/jpeg\" \/>\n<meta name=\"author\" content=\"Ebru Alt\u0131n\" \/>\n<meta name=\"twitter:card\" content=\"summary_large_image\" \/>\n<meta name=\"twitter:creator\" content=\"@JV_BusinessMice\" \/>\n<meta name=\"twitter:site\" content=\"@JV_BusinessMice\" \/>\n<meta name=\"twitter:label1\" content=\"Written by\" \/>\n\t<meta name=\"twitter:data1\" content=\"Ebru Alt\u0131n\" \/>\n\t<meta name=\"twitter:label2\" content=\"Est. reading time\" \/>\n\t<meta name=\"twitter:data2\" content=\"9 minutes\" \/>\n<script type=\"application\/ld+json\" class=\"yoast-schema-graph\">{\"@context\":\"https:\/\/schema.org\",\"@graph\":[{\"@type\":\"Article\",\"@id\":\"https:\/\/julesverne.com.tr\/travel-blog\/porsche-ile-dunyanin-en-guzel-destinasyonlari\/#article\",\"isPartOf\":{\"@id\":\"https:\/\/julesverne.com.tr\/travel-blog\/porsche-ile-dunyanin-en-guzel-destinasyonlari\/\"},\"author\":{\"name\":\"Ebru Alt\u0131n\",\"@id\":\"https:\/\/julesverne.com.tr\/#\/schema\/person\/219931edfe2e7d9cbbcbabb8a7e4c7f4\"},\"headline\":\"(TR) D\u00fcnyan\u0131n En G\u00fczel Destinasyonlar\u0131n\u0131 Porsche ile Ke\u015ffetmeye Ne Dersiniz?\",\"datePublished\":\"2023-12-21T13:51:57+00:00\",\"dateModified\":\"2023-12-22T08:59:51+00:00\",\"mainEntityOfPage\":{\"@id\":\"https:\/\/julesverne.com.tr\/travel-blog\/porsche-ile-dunyanin-en-guzel-destinasyonlari\/\"},\"wordCount\":1163,\"publisher\":{\"@id\":\"https:\/\/julesverne.com.tr\/#organization\"},\"image\":{\"@id\":\"https:\/\/julesverne.com.tr\/travel-blog\/porsche-ile-dunyanin-en-guzel-destinasyonlari\/#primaryimage\"},\"thumbnailUrl\":\"https:\/\/julesverne.com.tr\/wp-content\/uploads\/2023\/12\/Porsche-Travel-Experience_Central_Alps_Header_3-1-scaled.jpeg\",\"keywords\":[\"\u0130lham Veren Destinasyonlar\",\"Nereye Gitsek\",\"Seyahat Blog\"],\"articleSection\":[\"\u0130lham Veren Destinasyonlar\",\"Blog\",\"Nereye Gitsek?\"],\"inLanguage\":\"en-US\"},{\"@type\":\"WebPage\",\"@id\":\"https:\/\/julesverne.com.tr\/travel-blog\/porsche-ile-dunyanin-en-guzel-destinasyonlari\/\",\"url\":\"https:\/\/julesverne.com.tr\/travel-blog\/porsche-ile-dunyanin-en-guzel-destinasyonlari\/\",\"name\":\"[:tr]D\u00fcnyan\u0131n En G\u00fczel Destinasyonlar\u0131n\u0131 Porsche ile Ke\u015ffetmeye Ne Dersiniz?[:] - JULES VERNE BUSINESS MICE TRAVEL\",\"isPartOf\":{\"@id\":\"https:\/\/julesverne.com.tr\/#website\"},\"primaryImageOfPage\":{\"@id\":\"https:\/\/julesverne.com.tr\/travel-blog\/porsche-ile-dunyanin-en-guzel-destinasyonlari\/#primaryimage\"},\"image\":{\"@id\":\"https:\/\/julesverne.com.tr\/travel-blog\/porsche-ile-dunyanin-en-guzel-destinasyonlari\/#primaryimage\"},\"thumbnailUrl\":\"https:\/\/julesverne.com.tr\/wp-content\/uploads\/2023\/12\/Porsche-Travel-Experience_Central_Alps_Header_3-1-scaled.jpeg\",\"datePublished\":\"2023-12-21T13:51:57+00:00\",\"dateModified\":\"2023-12-22T08:59:51+00:00\",\"description\":\"D\u00fcnyan\u0131n en g\u00fczel yerlerini etkileyici bir spor otomobil performans\u0131 e\u015fli\u011finde birle\u015ftirerek ke\u015ffedebilece\u011finiz, ayr\u0131cal\u0131kl\u0131 bir seyahat deneyimine d\u00f6n\u00fc\u015ft\u00fcrmeye ne dersiniz?\",\"breadcrumb\":{\"@id\":\"https:\/\/julesverne.com.tr\/travel-blog\/porsche-ile-dunyanin-en-guzel-destinasyonlari\/#breadcrumb\"},\"inLanguage\":\"en-US\",\"potentialAction\":[{\"@type\":\"ReadAction\",\"target\":[\"https:\/\/julesverne.com.tr\/travel-blog\/porsche-ile-dunyanin-en-guzel-destinasyonlari\/\"]}]},{\"@type\":\"ImageObject\",\"inLanguage\":\"en-US\",\"@id\":\"https:\/\/julesverne.com.tr\/travel-blog\/porsche-ile-dunyanin-en-guzel-destinasyonlari\/#primaryimage\",\"url\":\"https:\/\/julesverne.com.tr\/wp-content\/uploads\/2023\/12\/Porsche-Travel-Experience_Central_Alps_Header_3-1-scaled.jpeg\",\"contentUrl\":\"https:\/\/julesverne.com.tr\/wp-content\/uploads\/2023\/12\/Porsche-Travel-Experience_Central_Alps_Header_3-1-scaled.jpeg\",\"width\":1600,\"height\":1066},{\"@type\":\"BreadcrumbList\",\"@id\":\"https:\/\/julesverne.com.tr\/travel-blog\/porsche-ile-dunyanin-en-guzel-destinasyonlari\/#breadcrumb\",\"itemListElement\":[{\"@type\":\"ListItem\",\"position\":1,\"name\":\"Anasayfa\",\"item\":\"https:\/\/julesverne.com.tr\/\"},{\"@type\":\"ListItem\",\"position\":2,\"name\":\"D\u00fcnyan\u0131n En G\u00fczel Destinasyonlar\u0131n\u0131 Porsche ile Ke\u015ffetmeye Ne Dersiniz?\"}]},{\"@type\":\"WebSite\",\"@id\":\"https:\/\/julesverne.com.tr\/#website\",\"url\":\"https:\/\/julesverne.com.tr\/\",\"name\":\"JULES VERNE BUSINESS MICE TRAVEL\",\"description\":\"\",\"publisher\":{\"@id\":\"https:\/\/julesverne.com.tr\/#organization\"},\"potentialAction\":[{\"@type\":\"SearchAction\",\"target\":{\"@type\":\"EntryPoint\",\"urlTemplate\":\"https:\/\/julesverne.com.tr\/?s={search_term_string}\"},\"query-input\":\"required name=search_term_string\"}],\"inLanguage\":\"en-US\"},{\"@type\":\"Organization\",\"@id\":\"https:\/\/julesverne.com.tr\/#organization\",\"name\":\"JULES VERNE BUSINESS MICE TRAVEL\",\"url\":\"https:\/\/julesverne.com.tr\/\",\"logo\":{\"@type\":\"ImageObject\",\"inLanguage\":\"en-US\",\"@id\":\"https:\/\/julesverne.com.tr\/#\/schema\/logo\/image\/\",\"url\":\"https:\/\/julesverne.com.tr\/wp-content\/uploads\/2020\/09\/jv-bmt-logo.png\",\"contentUrl\":\"https:\/\/julesverne.com.tr\/wp-content\/uploads\/2020\/09\/jv-bmt-logo.png\",\"width\":110,\"height\":81,\"caption\":\"JULES VERNE BUSINESS MICE TRAVEL\"},\"image\":{\"@id\":\"https:\/\/julesverne.com.tr\/#\/schema\/logo\/image\/\"},\"sameAs\":[\"https:\/\/www.facebook.com\/JulesVerneBusinessMiceTravel\/\",\"https:\/\/twitter.com\/JV_BusinessMice\",\"https:\/\/www.instagram.com\/julesvernebusinessmicetravel\/\",\"https:\/\/www.linkedin.com\/company\/julesvernebusinessmicetravel\/\",\"https:\/\/www.youtube.com\/channel\/UCAwdsmbZ6tFhu1tea6pkpiw\"]},{\"@type\":\"Person\",\"@id\":\"https:\/\/julesverne.com.tr\/#\/schema\/person\/219931edfe2e7d9cbbcbabb8a7e4c7f4\",\"name\":\"Ebru Alt\u0131n\",\"url\":\"https:\/\/julesverne.com.tr\/en\/author\/ebru-altin\/\"}]}<\/script>\n<!-- \/ Yoast SEO plugin. -->","yoast_head_json":{"title":"[:tr]D\u00fcnyan\u0131n En G\u00fczel Destinasyonlar\u0131n\u0131 Porsche ile Ke\u015ffetmeye Ne Dersiniz?[:] - JULES VERNE BUSINESS MICE TRAVEL","description":"D\u00fcnyan\u0131n en g\u00fczel yerlerini etkileyici bir spor otomobil performans\u0131 e\u015fli\u011finde birle\u015ftirerek ke\u015ffedebilece\u011finiz, ayr\u0131cal\u0131kl\u0131 bir seyahat deneyimine d\u00f6n\u00fc\u015ft\u00fcrmeye ne dersiniz?","robots":{"index":"index","follow":"follow","max-snippet":"max-snippet:-1","max-image-preview":"max-image-preview:large","max-video-preview":"max-video-preview:-1"},"canonical":"https:\/\/julesverne.com.tr\/travel-blog\/porsche-ile-dunyanin-en-guzel-destinasyonlari\/","og_locale":"en_US","og_type":"article","og_title":"[:tr]D\u00fcnyan\u0131n En G\u00fczel Destinasyonlar\u0131n\u0131 Porsche ile Ke\u015ffetmeye Ne Dersiniz?[:] - JULES VERNE BUSINESS MICE TRAVEL","og_description":"D\u00fcnyan\u0131n en g\u00fczel yerlerini etkileyici bir spor otomobil performans\u0131 e\u015fli\u011finde birle\u015ftirerek ke\u015ffedebilece\u011finiz, ayr\u0131cal\u0131kl\u0131 bir seyahat deneyimine d\u00f6n\u00fc\u015ft\u00fcrmeye ne dersiniz?","og_url":"https:\/\/julesverne.com.tr\/travel-blog\/porsche-ile-dunyanin-en-guzel-destinasyonlari\/","og_site_name":"JULES VERNE BUSINESS MICE TRAVEL","article_publisher":"https:\/\/www.facebook.com\/JulesVerneBusinessMiceTravel\/","article_published_time":"2023-12-21T13:51:57+00:00","article_modified_time":"2023-12-22T08:59:51+00:00","og_image":[{"width":1600,"height":1066,"url":"https:\/\/julesverne.com.tr\/wp-content\/uploads\/2023\/12\/Porsche-Travel-Experience_Central_Alps_Header_3-1-scaled.jpeg","type":"image\/jpeg"}],"author":"Ebru Alt\u0131n","twitter_card":"summary_large_image","twitter_creator":"@JV_BusinessMice","twitter_site":"@JV_BusinessMice","twitter_misc":{"Written by":"Ebru Alt\u0131n","Est. reading time":"9 minutes"},"schema":{"@context":"https:\/\/schema.org","@graph":[{"@type":"Article","@id":"https:\/\/julesverne.com.tr\/travel-blog\/porsche-ile-dunyanin-en-guzel-destinasyonlari\/#article","isPartOf":{"@id":"https:\/\/julesverne.com.tr\/travel-blog\/porsche-ile-dunyanin-en-guzel-destinasyonlari\/"},"author":{"name":"Ebru Alt\u0131n","@id":"https:\/\/julesverne.com.tr\/#\/schema\/person\/219931edfe2e7d9cbbcbabb8a7e4c7f4"},"headline":"(TR) D\u00fcnyan\u0131n En G\u00fczel Destinasyonlar\u0131n\u0131 Porsche ile Ke\u015ffetmeye Ne Dersiniz?","datePublished":"2023-12-21T13:51:57+00:00","dateModified":"2023-12-22T08:59:51+00:00","mainEntityOfPage":{"@id":"https:\/\/julesverne.com.tr\/travel-blog\/porsche-ile-dunyanin-en-guzel-destinasyonlari\/"},"wordCount":1163,"publisher":{"@id":"https:\/\/julesverne.com.tr\/#organization"},"image":{"@id":"https:\/\/julesverne.com.tr\/travel-blog\/porsche-ile-dunyanin-en-guzel-destinasyonlari\/#primaryimage"},"thumbnailUrl":"https:\/\/julesverne.com.tr\/wp-content\/uploads\/2023\/12\/Porsche-Travel-Experience_Central_Alps_Header_3-1-scaled.jpeg","keywords":["\u0130lham Veren Destinasyonlar","Nereye Gitsek","Seyahat Blog"],"articleSection":["\u0130lham Veren Destinasyonlar","Blog","Nereye Gitsek?"],"inLanguage":"en-US"},{"@type":"WebPage","@id":"https:\/\/julesverne.com.tr\/travel-blog\/porsche-ile-dunyanin-en-guzel-destinasyonlari\/","url":"https:\/\/julesverne.com.tr\/travel-blog\/porsche-ile-dunyanin-en-guzel-destinasyonlari\/","name":"[:tr]D\u00fcnyan\u0131n En G\u00fczel Destinasyonlar\u0131n\u0131 Porsche ile Ke\u015ffetmeye Ne Dersiniz?[:] - JULES VERNE BUSINESS MICE TRAVEL","isPartOf":{"@id":"https:\/\/julesverne.com.tr\/#website"},"primaryImageOfPage":{"@id":"https:\/\/julesverne.com.tr\/travel-blog\/porsche-ile-dunyanin-en-guzel-destinasyonlari\/#primaryimage"},"image":{"@id":"https:\/\/julesverne.com.tr\/travel-blog\/porsche-ile-dunyanin-en-guzel-destinasyonlari\/#primaryimage"},"thumbnailUrl":"https:\/\/julesverne.com.tr\/wp-content\/uploads\/2023\/12\/Porsche-Travel-Experience_Central_Alps_Header_3-1-scaled.jpeg","datePublished":"2023-12-21T13:51:57+00:00","dateModified":"2023-12-22T08:59:51+00:00","description":"D\u00fcnyan\u0131n en g\u00fczel yerlerini etkileyici bir spor otomobil performans\u0131 e\u015fli\u011finde birle\u015ftirerek ke\u015ffedebilece\u011finiz, ayr\u0131cal\u0131kl\u0131 bir seyahat deneyimine d\u00f6n\u00fc\u015ft\u00fcrmeye ne dersiniz?","breadcrumb":{"@id":"https:\/\/julesverne.com.tr\/travel-blog\/porsche-ile-dunyanin-en-guzel-destinasyonlari\/#breadcrumb"},"inLanguage":"en-US","potentialAction":[{"@type":"ReadAction","target":["https:\/\/julesverne.com.tr\/travel-blog\/porsche-ile-dunyanin-en-guzel-destinasyonlari\/"]}]},{"@type":"ImageObject","inLanguage":"en-US","@id":"https:\/\/julesverne.com.tr\/travel-blog\/porsche-ile-dunyanin-en-guzel-destinasyonlari\/#primaryimage","url":"https:\/\/julesverne.com.tr\/wp-content\/uploads\/2023\/12\/Porsche-Travel-Experience_Central_Alps_Header_3-1-scaled.jpeg","contentUrl":"https:\/\/julesverne.com.tr\/wp-content\/uploads\/2023\/12\/Porsche-Travel-Experience_Central_Alps_Header_3-1-scaled.jpeg","width":1600,"height":1066},{"@type":"BreadcrumbList","@id":"https:\/\/julesverne.com.tr\/travel-blog\/porsche-ile-dunyanin-en-guzel-destinasyonlari\/#breadcrumb","itemListElement":[{"@type":"ListItem","position":1,"name":"Anasayfa","item":"https:\/\/julesverne.com.tr\/"},{"@type":"ListItem","position":2,"name":"D\u00fcnyan\u0131n En G\u00fczel Destinasyonlar\u0131n\u0131 Porsche ile Ke\u015ffetmeye Ne Dersiniz?"}]},{"@type":"WebSite","@id":"https:\/\/julesverne.com.tr\/#website","url":"https:\/\/julesverne.com.tr\/","name":"JULES VERNE BUSINESS MICE TRAVEL","description":"","publisher":{"@id":"https:\/\/julesverne.com.tr\/#organization"},"potentialAction":[{"@type":"SearchAction","target":{"@type":"EntryPoint","urlTemplate":"https:\/\/julesverne.com.tr\/?s={search_term_string}"},"query-input":"required name=search_term_string"}],"inLanguage":"en-US"},{"@type":"Organization","@id":"https:\/\/julesverne.com.tr\/#organization","name":"JULES VERNE BUSINESS MICE TRAVEL","url":"https:\/\/julesverne.com.tr\/","logo":{"@type":"ImageObject","inLanguage":"en-US","@id":"https:\/\/julesverne.com.tr\/#\/schema\/logo\/image\/","url":"https:\/\/julesverne.com.tr\/wp-content\/uploads\/2020\/09\/jv-bmt-logo.png","contentUrl":"https:\/\/julesverne.com.tr\/wp-content\/uploads\/2020\/09\/jv-bmt-logo.png","width":110,"height":81,"caption":"JULES VERNE BUSINESS MICE TRAVEL"},"image":{"@id":"https:\/\/julesverne.com.tr\/#\/schema\/logo\/image\/"},"sameAs":["https:\/\/www.facebook.com\/JulesVerneBusinessMiceTravel\/","https:\/\/twitter.com\/JV_BusinessMice","https:\/\/www.instagram.com\/julesvernebusinessmicetravel\/","https:\/\/www.linkedin.com\/company\/julesvernebusinessmicetravel\/","https:\/\/www.youtube.com\/channel\/UCAwdsmbZ6tFhu1tea6pkpiw"]},{"@type":"Person","@id":"https:\/\/julesverne.com.tr\/#\/schema\/person\/219931edfe2e7d9cbbcbabb8a7e4c7f4","name":"Ebru Alt\u0131n","url":"https:\/\/julesverne.com.tr\/en\/author\/ebru-altin\/"}]}},"_links":{"self":[{"href":"https:\/\/julesverne.com.tr\/en\/wp-json\/wp\/v2\/posts\/16373"}],"collection":[{"href":"https:\/\/julesverne.com.tr\/en\/wp-json\/wp\/v2\/posts"}],"about":[{"href":"https:\/\/julesverne.com.tr\/en\/wp-json\/wp\/v2\/types\/post"}],"author":[{"embeddable":true,"href":"https:\/\/julesverne.com.tr\/en\/wp-json\/wp\/v2\/users\/10"}],"replies":[{"embeddable":true,"href":"https:\/\/julesverne.com.tr\/en\/wp-json\/wp\/v2\/comments?post=16373"}],"version-history":[{"count":5,"href":"https:\/\/julesverne.com.tr\/en\/wp-json\/wp\/v2\/posts\/16373\/revisions"}],"predecessor-version":[{"id":16409,"href":"https:\/\/julesverne.com.tr\/en\/wp-json\/wp\/v2\/posts\/16373\/revisions\/16409"}],"wp:featuredmedia":[{"embeddable":true,"href":"https:\/\/julesverne.com.tr\/en\/wp-json\/wp\/v2\/media\/16402"}],"wp:attachment":[{"href":"https:\/\/julesverne.com.tr\/en\/wp-json\/wp\/v2\/media?parent=16373"}],"wp:term":[{"taxonomy":"category","embeddable":true,"href":"https:\/\/julesverne.com.tr\/en\/wp-json\/wp\/v2\/categories?post=16373"},{"taxonomy":"post_tag","embeddable":true,"href":"https:\/\/julesverne.com.tr\/en\/wp-json\/wp\/v2\/tags?post=16373"}],"curies":[{"name":"wp","href":"https:\/\/api.w.org\/{rel}","templated":true}]}}