{"id":1635,"date":"2017-01-29T13:13:36","date_gmt":"2017-01-29T10:13:36","guid":{"rendered":"https:\/\/www.julesverne.com.tr\/\/blog\/alp-daglari-arasinda-st-moritz-kulm-hotelde-muhtesem-bir-deneyim\/"},"modified":"2021-06-28T10:36:20","modified_gmt":"2021-06-28T07:36:20","slug":"alp-daglari-arasinda-st-moritz-kulm-hotelde-muhtesem-bir-deneyim","status":"publish","type":"post","link":"https:\/\/julesverne.com.tr\/en\/travel-blog\/alp-daglari-arasinda-st-moritz-kulm-hotelde-muhtesem-bir-deneyim\/","title":{"rendered":"Alp Da\u011flar\u0131 aras\u0131nda, St.Moritz Kulm Hotel\u2019de muhte\u015fem bir deneyim&#8230;"},"content":{"rendered":"<h2>Sonsuz g\u00f6r\u00fcnen Alp Da\u011flar\u0131&#8217;n\u0131n aras\u0131nda, k\u0131\u015f aylar\u0131nda buz tutan kristal g\u00f6l\u00fcn kenar\u0131ndaki St.Moritz&#8217;deki Kulm Hotel\u2019de muhte\u015fem bir kayak tatiline ne dersiniz?<\/h2>\n<h2 style=\"font-size: 13px; font-weight: normal; text-align: justify;\">St.Moritz d\u00fcnyan\u0131n en eski k\u0131\u015f sporlar\u0131 tesisi olarak 19.y\u00fczy\u0131ldan beri ihti\u015fam\u0131n\u0131 koruyor. 2000 metre y\u00fckseklikte kurulan kasaba neredeyse y\u0131l\u0131n tamam\u0131n\u0131 g\u00fcne\u015fli ge\u00e7iriyor.<\/h2>\n<p><img loading=\"lazy\" decoding=\"async\" class=\"alignnone size-full wp-image-9419\" src=\"https:\/\/julesverne.com.tr\/wp-content\/uploads\/2017\/01\/kulm-hotel-1.jpg\" alt=\"\" width=\"1200\" height=\"800\" srcset=\"https:\/\/julesverne.com.tr\/wp-content\/uploads\/2017\/01\/kulm-hotel-1.jpg 1200w, https:\/\/julesverne.com.tr\/wp-content\/uploads\/2017\/01\/kulm-hotel-1-500x333.jpg 500w, https:\/\/julesverne.com.tr\/wp-content\/uploads\/2017\/01\/kulm-hotel-1-768x512.jpg 768w\" sizes=\"(max-width: 1200px) 100vw, 1200px\" \/><\/p>\n<h3 class=\"MsoNormal\" style=\"text-align: justify;\">Kulm Hotel K\u0131\u015f Sporlar\u0131<\/h3>\n<p>\u00d6zellikle orta seviye ve deneyimli kayak\u00e7\u0131lar i\u00e7in cennet gibi pistleri olan St. Moritz&#8217;de ayr\u0131ca k\u0131rm\u0131z\u0131 toplar ile karda golf oynamak, buz hokeyi ve kriket oynamak, <span style=\"font-size: 10.5pt; line-height: 115%;\">\u00a0k\u0131zak ve de White Turf At Yar\u0131\u015flar\u0131 gibi farkl\u0131 k\u0131\u015f etkinlikleri<\/span> \u00e7ok ama \u00e7ok keyifli!<\/p>\n<p><img loading=\"lazy\" decoding=\"async\" class=\"alignnone size-full wp-image-9418\" src=\"https:\/\/julesverne.com.tr\/wp-content\/uploads\/2017\/01\/kulm-hotel.jpg\" alt=\"\" width=\"1200\" height=\"800\" srcset=\"https:\/\/julesverne.com.tr\/wp-content\/uploads\/2017\/01\/kulm-hotel.jpg 1200w, https:\/\/julesverne.com.tr\/wp-content\/uploads\/2017\/01\/kulm-hotel-500x333.jpg 500w, https:\/\/julesverne.com.tr\/wp-content\/uploads\/2017\/01\/kulm-hotel-768x512.jpg 768w\" sizes=\"(max-width: 1200px) 100vw, 1200px\" \/><\/p>\n<p><strong>Kulm Hotel SPA<\/strong><\/p>\n<ul>\n<li>\n<p style=\"text-align: justify;\">G\u00f6ky\u00fcz\u00fc ile aran\u0131zda hi\u00e7bir engelin olmad\u0131\u011f\u0131, da\u011flarla \u00e7evrili bir manzara e\u015fli\u011finde k\u0131\u015f aylar\u0131nda bile \u0131s\u0131nd\u0131\u011f\u0131n\u0131z s\u0131cak havuzun keyfini doyas\u0131ya \u00e7\u0131kar\u0131n!<\/p>\n<\/li>\n<li style=\"text-align: justify;\">2000 metrekarelik geni\u015f alana sahip Spa b\u00f6l\u00fcm\u00fc da\u011f manzaral\u0131 hot tub\u2019u, St. Moritz manzaral\u0131 kapal\u0131 havuzu ve \u00f6zel Spa s\u00fcitiyle bir vahay\u0131 and\u0131r\u0131yor!<\/li>\n<li style=\"text-align: justify;\">3-12 ya\u015f aras\u0131 \u00e7ocuklar i\u00e7in tasarlanan Marmotta Club yarat\u0131c\u0131 oyunlar\u0131, \u00e7ocuklara \u00f6zel yemek saatiyle ebeveynler i\u00e7in b\u00fcy\u00fck rahatl\u0131k sa\u011fl\u0131yor.<\/li>\n<li>\n<p style=\"text-align: justify;\">Kayak aktivitelerine k\u0131sa bir mola vermek istiyorsan\u0131z Via Serlas Caddesi Gucci, Chanel, Chopard gibi l\u00fcks ma\u011fazalar\u0131 ve \u0131\u015f\u0131lt\u0131l\u0131 atmosferiyle sizi bekliyor.<\/p>\n<\/li>\n<\/ul>\n<p>&nbsp;<\/p>\n<p>&nbsp;<\/p>\n<p class=\"MsoNormal\">\n","protected":false},"excerpt":{"rendered":"<p>Sonsuz g&ouml;r&uuml;nen Alp Da\u011flar\u0131&#8217;n\u0131n aras\u0131nda, k\u0131\u015f aylar\u0131nda buz tutan kristal g&ouml;l&uuml;n kenar\u0131ndaki St.Moritz&#8217;deki<span style=\"font-size: 13px;\">&nbsp;&nbsp;<\/span><span style=\"font-size: 13px;\">Kulm Hotel&rsquo;de muhte\u015fem bir kayak tatili ge&ccedil;irmek ister misiniz?<\/span><\/p>\n<p class=\"MsoNormal\">&nbsp;<\/p>\n","protected":false},"author":1,"featured_media":1636,"comment_status":"closed","ping_status":"closed","sticky":false,"template":"","format":"standard","meta":{"inline_featured_image":false,"footnotes":""},"categories":[1,40],"tags":[137,74],"acf":[],"yoast_head":"<!-- This site is optimized with the Yoast SEO plugin v22.3 - https:\/\/yoast.com\/wordpress\/plugins\/seo\/ -->\n<title>Alp Da\u011flar\u0131 aras\u0131nda, St.Moritz Kulm Hotel\u2019de muhte\u015fem bir deneyim... - JULES VERNE BUSINESS MICE TRAVEL<\/title>\n<meta name=\"robots\" content=\"index, follow, max-snippet:-1, max-image-preview:large, max-video-preview:-1\" \/>\n<link rel=\"canonical\" href=\"https:\/\/julesverne.com.tr\/travel-blog\/alp-daglari-arasinda-st-moritz-kulm-hotelde-muhtesem-bir-deneyim\/\" \/>\n<meta property=\"og:locale\" content=\"en_US\" \/>\n<meta property=\"og:type\" content=\"article\" \/>\n<meta property=\"og:title\" content=\"Alp Da\u011flar\u0131 aras\u0131nda, St.Moritz Kulm Hotel\u2019de muhte\u015fem bir deneyim... - JULES VERNE BUSINESS MICE TRAVEL\" \/>\n<meta property=\"og:description\" content=\"Sonsuz g&ouml;r&uuml;nen Alp Da\u011flar\u0131&#039;n\u0131n aras\u0131nda, k\u0131\u015f aylar\u0131nda buz tutan kristal g&ouml;l&uuml;n kenar\u0131ndaki St.Moritz&#039;deki&nbsp;&nbsp;Kulm Hotel&rsquo;de muhte\u015fem bir kayak tatili ge&ccedil;irmek ister misiniz? &nbsp;\" \/>\n<meta property=\"og:url\" content=\"https:\/\/julesverne.com.tr\/travel-blog\/alp-daglari-arasinda-st-moritz-kulm-hotelde-muhtesem-bir-deneyim\/\" \/>\n<meta property=\"og:site_name\" content=\"JULES VERNE BUSINESS MICE TRAVEL\" \/>\n<meta property=\"article:publisher\" content=\"https:\/\/www.facebook.com\/JulesVerneBusinessMiceTravel\/\" \/>\n<meta property=\"article:published_time\" content=\"2017-01-29T10:13:36+00:00\" \/>\n<meta property=\"article:modified_time\" content=\"2021-06-28T07:36:20+00:00\" \/>\n<meta property=\"og:image\" content=\"https:\/\/julesverne.com.tr\/wp-content\/uploads\/2020\/09\/Kulm1.png\" \/>\n\t<meta property=\"og:image:width\" content=\"700\" \/>\n\t<meta property=\"og:image:height\" content=\"400\" \/>\n\t<meta property=\"og:image:type\" content=\"image\/png\" \/>\n<meta name=\"author\" content=\"fikirman\" \/>\n<meta name=\"twitter:card\" content=\"summary_large_image\" \/>\n<meta name=\"twitter:creator\" content=\"@JV_BusinessMice\" \/>\n<meta name=\"twitter:site\" content=\"@JV_BusinessMice\" \/>\n<meta name=\"twitter:label1\" content=\"Written by\" \/>\n\t<meta name=\"twitter:data1\" content=\"fikirman\" \/>\n\t<meta name=\"twitter:label2\" content=\"Est. reading time\" \/>\n\t<meta name=\"twitter:data2\" content=\"2 minutes\" \/>\n<script type=\"application\/ld+json\" class=\"yoast-schema-graph\">{\"@context\":\"https:\/\/schema.org\",\"@graph\":[{\"@type\":\"Article\",\"@id\":\"https:\/\/julesverne.com.tr\/travel-blog\/alp-daglari-arasinda-st-moritz-kulm-hotelde-muhtesem-bir-deneyim\/#article\",\"isPartOf\":{\"@id\":\"https:\/\/julesverne.com.tr\/travel-blog\/alp-daglari-arasinda-st-moritz-kulm-hotelde-muhtesem-bir-deneyim\/\"},\"author\":{\"name\":\"fikirman\",\"@id\":\"https:\/\/julesverne.com.tr\/#\/schema\/person\/f4eb0514ae455538644c31b99a466fdb\"},\"headline\":\"Alp Da\u011flar\u0131 aras\u0131nda, St.Moritz Kulm Hotel\u2019de muhte\u015fem bir deneyim&#8230;\",\"datePublished\":\"2017-01-29T10:13:36+00:00\",\"dateModified\":\"2021-06-28T07:36:20+00:00\",\"mainEntityOfPage\":{\"@id\":\"https:\/\/julesverne.com.tr\/travel-blog\/alp-daglari-arasinda-st-moritz-kulm-hotelde-muhtesem-bir-deneyim\/\"},\"wordCount\":254,\"publisher\":{\"@id\":\"https:\/\/julesverne.com.tr\/#organization\"},\"image\":{\"@id\":\"https:\/\/julesverne.com.tr\/travel-blog\/alp-daglari-arasinda-st-moritz-kulm-hotelde-muhtesem-bir-deneyim\/#primaryimage\"},\"thumbnailUrl\":\"https:\/\/julesverne.com.tr\/wp-content\/uploads\/2020\/09\/Kulm1.png\",\"keywords\":[\"Blog\",\"Nerede Kalsak\"],\"articleSection\":[\"Blog\",\"Nerede Kalsak?\"],\"inLanguage\":\"en-US\"},{\"@type\":\"WebPage\",\"@id\":\"https:\/\/julesverne.com.tr\/travel-blog\/alp-daglari-arasinda-st-moritz-kulm-hotelde-muhtesem-bir-deneyim\/\",\"url\":\"https:\/\/julesverne.com.tr\/travel-blog\/alp-daglari-arasinda-st-moritz-kulm-hotelde-muhtesem-bir-deneyim\/\",\"name\":\"Alp Da\u011flar\u0131 aras\u0131nda, St.Moritz Kulm Hotel\u2019de muhte\u015fem bir deneyim... - JULES VERNE BUSINESS MICE TRAVEL\",\"isPartOf\":{\"@id\":\"https:\/\/julesverne.com.tr\/#website\"},\"primaryImageOfPage\":{\"@id\":\"https:\/\/julesverne.com.tr\/travel-blog\/alp-daglari-arasinda-st-moritz-kulm-hotelde-muhtesem-bir-deneyim\/#primaryimage\"},\"image\":{\"@id\":\"https:\/\/julesverne.com.tr\/travel-blog\/alp-daglari-arasinda-st-moritz-kulm-hotelde-muhtesem-bir-deneyim\/#primaryimage\"},\"thumbnailUrl\":\"https:\/\/julesverne.com.tr\/wp-content\/uploads\/2020\/09\/Kulm1.png\",\"datePublished\":\"2017-01-29T10:13:36+00:00\",\"dateModified\":\"2021-06-28T07:36:20+00:00\",\"breadcrumb\":{\"@id\":\"https:\/\/julesverne.com.tr\/travel-blog\/alp-daglari-arasinda-st-moritz-kulm-hotelde-muhtesem-bir-deneyim\/#breadcrumb\"},\"inLanguage\":\"en-US\",\"potentialAction\":[{\"@type\":\"ReadAction\",\"target\":[\"https:\/\/julesverne.com.tr\/travel-blog\/alp-daglari-arasinda-st-moritz-kulm-hotelde-muhtesem-bir-deneyim\/\"]}]},{\"@type\":\"ImageObject\",\"inLanguage\":\"en-US\",\"@id\":\"https:\/\/julesverne.com.tr\/travel-blog\/alp-daglari-arasinda-st-moritz-kulm-hotelde-muhtesem-bir-deneyim\/#primaryimage\",\"url\":\"https:\/\/julesverne.com.tr\/wp-content\/uploads\/2020\/09\/Kulm1.png\",\"contentUrl\":\"https:\/\/julesverne.com.tr\/wp-content\/uploads\/2020\/09\/Kulm1.png\",\"width\":700,\"height\":400},{\"@type\":\"BreadcrumbList\",\"@id\":\"https:\/\/julesverne.com.tr\/travel-blog\/alp-daglari-arasinda-st-moritz-kulm-hotelde-muhtesem-bir-deneyim\/#breadcrumb\",\"itemListElement\":[{\"@type\":\"ListItem\",\"position\":1,\"name\":\"Anasayfa\",\"item\":\"https:\/\/julesverne.com.tr\/\"},{\"@type\":\"ListItem\",\"position\":2,\"name\":\"Alp Da\u011flar\u0131 aras\u0131nda, St.Moritz Kulm Hotel\u2019de muhte\u015fem bir deneyim&#8230;\"}]},{\"@type\":\"WebSite\",\"@id\":\"https:\/\/julesverne.com.tr\/#website\",\"url\":\"https:\/\/julesverne.com.tr\/\",\"name\":\"JULES VERNE BUSINESS MICE TRAVEL\",\"description\":\"\",\"publisher\":{\"@id\":\"https:\/\/julesverne.com.tr\/#organization\"},\"potentialAction\":[{\"@type\":\"SearchAction\",\"target\":{\"@type\":\"EntryPoint\",\"urlTemplate\":\"https:\/\/julesverne.com.tr\/?s={search_term_string}\"},\"query-input\":\"required name=search_term_string\"}],\"inLanguage\":\"en-US\"},{\"@type\":\"Organization\",\"@id\":\"https:\/\/julesverne.com.tr\/#organization\",\"name\":\"JULES VERNE BUSINESS MICE TRAVEL\",\"url\":\"https:\/\/julesverne.com.tr\/\",\"logo\":{\"@type\":\"ImageObject\",\"inLanguage\":\"en-US\",\"@id\":\"https:\/\/julesverne.com.tr\/#\/schema\/logo\/image\/\",\"url\":\"https:\/\/julesverne.com.tr\/wp-content\/uploads\/2020\/09\/jv-bmt-logo.png\",\"contentUrl\":\"https:\/\/julesverne.com.tr\/wp-content\/uploads\/2020\/09\/jv-bmt-logo.png\",\"width\":110,\"height\":81,\"caption\":\"JULES VERNE BUSINESS MICE TRAVEL\"},\"image\":{\"@id\":\"https:\/\/julesverne.com.tr\/#\/schema\/logo\/image\/\"},\"sameAs\":[\"https:\/\/www.facebook.com\/JulesVerneBusinessMiceTravel\/\",\"https:\/\/twitter.com\/JV_BusinessMice\",\"https:\/\/www.instagram.com\/julesvernebusinessmicetravel\/\",\"https:\/\/www.linkedin.com\/company\/julesvernebusinessmicetravel\/\",\"https:\/\/www.youtube.com\/channel\/UCAwdsmbZ6tFhu1tea6pkpiw\"]},{\"@type\":\"Person\",\"@id\":\"https:\/\/julesverne.com.tr\/#\/schema\/person\/f4eb0514ae455538644c31b99a466fdb\",\"name\":\"fikirman\",\"sameAs\":[\"http:\/\/advermedya.net\/julesverne\"],\"url\":\"https:\/\/julesverne.com.tr\/en\/author\/fikirman\/\"}]}<\/script>\n<!-- \/ Yoast SEO plugin. -->","yoast_head_json":{"title":"Alp Da\u011flar\u0131 aras\u0131nda, St.Moritz Kulm Hotel\u2019de muhte\u015fem bir deneyim... - JULES VERNE BUSINESS MICE TRAVEL","robots":{"index":"index","follow":"follow","max-snippet":"max-snippet:-1","max-image-preview":"max-image-preview:large","max-video-preview":"max-video-preview:-1"},"canonical":"https:\/\/julesverne.com.tr\/travel-blog\/alp-daglari-arasinda-st-moritz-kulm-hotelde-muhtesem-bir-deneyim\/","og_locale":"en_US","og_type":"article","og_title":"Alp Da\u011flar\u0131 aras\u0131nda, St.Moritz Kulm Hotel\u2019de muhte\u015fem bir deneyim... - JULES VERNE BUSINESS MICE TRAVEL","og_description":"Sonsuz g&ouml;r&uuml;nen Alp Da\u011flar\u0131'n\u0131n aras\u0131nda, k\u0131\u015f aylar\u0131nda buz tutan kristal g&ouml;l&uuml;n kenar\u0131ndaki St.Moritz'deki&nbsp;&nbsp;Kulm Hotel&rsquo;de muhte\u015fem bir kayak tatili ge&ccedil;irmek ister misiniz? &nbsp;","og_url":"https:\/\/julesverne.com.tr\/travel-blog\/alp-daglari-arasinda-st-moritz-kulm-hotelde-muhtesem-bir-deneyim\/","og_site_name":"JULES VERNE BUSINESS MICE TRAVEL","article_publisher":"https:\/\/www.facebook.com\/JulesVerneBusinessMiceTravel\/","article_published_time":"2017-01-29T10:13:36+00:00","article_modified_time":"2021-06-28T07:36:20+00:00","og_image":[{"width":700,"height":400,"url":"https:\/\/julesverne.com.tr\/wp-content\/uploads\/2020\/09\/Kulm1.png","type":"image\/png"}],"author":"fikirman","twitter_card":"summary_large_image","twitter_creator":"@JV_BusinessMice","twitter_site":"@JV_BusinessMice","twitter_misc":{"Written by":"fikirman","Est. reading time":"2 minutes"},"schema":{"@context":"https:\/\/schema.org","@graph":[{"@type":"Article","@id":"https:\/\/julesverne.com.tr\/travel-blog\/alp-daglari-arasinda-st-moritz-kulm-hotelde-muhtesem-bir-deneyim\/#article","isPartOf":{"@id":"https:\/\/julesverne.com.tr\/travel-blog\/alp-daglari-arasinda-st-moritz-kulm-hotelde-muhtesem-bir-deneyim\/"},"author":{"name":"fikirman","@id":"https:\/\/julesverne.com.tr\/#\/schema\/person\/f4eb0514ae455538644c31b99a466fdb"},"headline":"Alp Da\u011flar\u0131 aras\u0131nda, St.Moritz Kulm Hotel\u2019de muhte\u015fem bir deneyim&#8230;","datePublished":"2017-01-29T10:13:36+00:00","dateModified":"2021-06-28T07:36:20+00:00","mainEntityOfPage":{"@id":"https:\/\/julesverne.com.tr\/travel-blog\/alp-daglari-arasinda-st-moritz-kulm-hotelde-muhtesem-bir-deneyim\/"},"wordCount":254,"publisher":{"@id":"https:\/\/julesverne.com.tr\/#organization"},"image":{"@id":"https:\/\/julesverne.com.tr\/travel-blog\/alp-daglari-arasinda-st-moritz-kulm-hotelde-muhtesem-bir-deneyim\/#primaryimage"},"thumbnailUrl":"https:\/\/julesverne.com.tr\/wp-content\/uploads\/2020\/09\/Kulm1.png","keywords":["Blog","Nerede Kalsak"],"articleSection":["Blog","Nerede Kalsak?"],"inLanguage":"en-US"},{"@type":"WebPage","@id":"https:\/\/julesverne.com.tr\/travel-blog\/alp-daglari-arasinda-st-moritz-kulm-hotelde-muhtesem-bir-deneyim\/","url":"https:\/\/julesverne.com.tr\/travel-blog\/alp-daglari-arasinda-st-moritz-kulm-hotelde-muhtesem-bir-deneyim\/","name":"Alp Da\u011flar\u0131 aras\u0131nda, St.Moritz Kulm Hotel\u2019de muhte\u015fem bir deneyim... - JULES VERNE BUSINESS MICE TRAVEL","isPartOf":{"@id":"https:\/\/julesverne.com.tr\/#website"},"primaryImageOfPage":{"@id":"https:\/\/julesverne.com.tr\/travel-blog\/alp-daglari-arasinda-st-moritz-kulm-hotelde-muhtesem-bir-deneyim\/#primaryimage"},"image":{"@id":"https:\/\/julesverne.com.tr\/travel-blog\/alp-daglari-arasinda-st-moritz-kulm-hotelde-muhtesem-bir-deneyim\/#primaryimage"},"thumbnailUrl":"https:\/\/julesverne.com.tr\/wp-content\/uploads\/2020\/09\/Kulm1.png","datePublished":"2017-01-29T10:13:36+00:00","dateModified":"2021-06-28T07:36:20+00:00","breadcrumb":{"@id":"https:\/\/julesverne.com.tr\/travel-blog\/alp-daglari-arasinda-st-moritz-kulm-hotelde-muhtesem-bir-deneyim\/#breadcrumb"},"inLanguage":"en-US","potentialAction":[{"@type":"ReadAction","target":["https:\/\/julesverne.com.tr\/travel-blog\/alp-daglari-arasinda-st-moritz-kulm-hotelde-muhtesem-bir-deneyim\/"]}]},{"@type":"ImageObject","inLanguage":"en-US","@id":"https:\/\/julesverne.com.tr\/travel-blog\/alp-daglari-arasinda-st-moritz-kulm-hotelde-muhtesem-bir-deneyim\/#primaryimage","url":"https:\/\/julesverne.com.tr\/wp-content\/uploads\/2020\/09\/Kulm1.png","contentUrl":"https:\/\/julesverne.com.tr\/wp-content\/uploads\/2020\/09\/Kulm1.png","width":700,"height":400},{"@type":"BreadcrumbList","@id":"https:\/\/julesverne.com.tr\/travel-blog\/alp-daglari-arasinda-st-moritz-kulm-hotelde-muhtesem-bir-deneyim\/#breadcrumb","itemListElement":[{"@type":"ListItem","position":1,"name":"Anasayfa","item":"https:\/\/julesverne.com.tr\/"},{"@type":"ListItem","position":2,"name":"Alp Da\u011flar\u0131 aras\u0131nda, St.Moritz Kulm Hotel\u2019de muhte\u015fem bir deneyim&#8230;"}]},{"@type":"WebSite","@id":"https:\/\/julesverne.com.tr\/#website","url":"https:\/\/julesverne.com.tr\/","name":"JULES VERNE BUSINESS MICE TRAVEL","description":"","publisher":{"@id":"https:\/\/julesverne.com.tr\/#organization"},"potentialAction":[{"@type":"SearchAction","target":{"@type":"EntryPoint","urlTemplate":"https:\/\/julesverne.com.tr\/?s={search_term_string}"},"query-input":"required name=search_term_string"}],"inLanguage":"en-US"},{"@type":"Organization","@id":"https:\/\/julesverne.com.tr\/#organization","name":"JULES VERNE BUSINESS MICE TRAVEL","url":"https:\/\/julesverne.com.tr\/","logo":{"@type":"ImageObject","inLanguage":"en-US","@id":"https:\/\/julesverne.com.tr\/#\/schema\/logo\/image\/","url":"https:\/\/julesverne.com.tr\/wp-content\/uploads\/2020\/09\/jv-bmt-logo.png","contentUrl":"https:\/\/julesverne.com.tr\/wp-content\/uploads\/2020\/09\/jv-bmt-logo.png","width":110,"height":81,"caption":"JULES VERNE BUSINESS MICE TRAVEL"},"image":{"@id":"https:\/\/julesverne.com.tr\/#\/schema\/logo\/image\/"},"sameAs":["https:\/\/www.facebook.com\/JulesVerneBusinessMiceTravel\/","https:\/\/twitter.com\/JV_BusinessMice","https:\/\/www.instagram.com\/julesvernebusinessmicetravel\/","https:\/\/www.linkedin.com\/company\/julesvernebusinessmicetravel\/","https:\/\/www.youtube.com\/channel\/UCAwdsmbZ6tFhu1tea6pkpiw"]},{"@type":"Person","@id":"https:\/\/julesverne.com.tr\/#\/schema\/person\/f4eb0514ae455538644c31b99a466fdb","name":"fikirman","sameAs":["http:\/\/advermedya.net\/julesverne"],"url":"https:\/\/julesverne.com.tr\/en\/author\/fikirman\/"}]}},"_links":{"self":[{"href":"https:\/\/julesverne.com.tr\/en\/wp-json\/wp\/v2\/posts\/1635"}],"collection":[{"href":"https:\/\/julesverne.com.tr\/en\/wp-json\/wp\/v2\/posts"}],"about":[{"href":"https:\/\/julesverne.com.tr\/en\/wp-json\/wp\/v2\/types\/post"}],"author":[{"embeddable":true,"href":"https:\/\/julesverne.com.tr\/en\/wp-json\/wp\/v2\/users\/1"}],"replies":[{"embeddable":true,"href":"https:\/\/julesverne.com.tr\/en\/wp-json\/wp\/v2\/comments?post=1635"}],"version-history":[{"count":0,"href":"https:\/\/julesverne.com.tr\/en\/wp-json\/wp\/v2\/posts\/1635\/revisions"}],"wp:featuredmedia":[{"embeddable":true,"href":"https:\/\/julesverne.com.tr\/en\/wp-json\/wp\/v2\/media\/1636"}],"wp:attachment":[{"href":"https:\/\/julesverne.com.tr\/en\/wp-json\/wp\/v2\/media?parent=1635"}],"wp:term":[{"taxonomy":"category","embeddable":true,"href":"https:\/\/julesverne.com.tr\/en\/wp-json\/wp\/v2\/categories?post=1635"},{"taxonomy":"post_tag","embeddable":true,"href":"https:\/\/julesverne.com.tr\/en\/wp-json\/wp\/v2\/tags?post=1635"}],"curies":[{"name":"wp","href":"https:\/\/api.w.org\/{rel}","templated":true}]}}