{"id":16111,"date":"2023-11-09T17:57:37","date_gmt":"2023-11-09T14:57:37","guid":{"rendered":"https:\/\/julesverne.com.tr\/?p=16111"},"modified":"2023-11-09T17:57:37","modified_gmt":"2023-11-09T14:57:37","slug":"2023-un-en-iyi-turizm-koyleri-aciklandi-turkiye-den-sirince-koyu-de-listede","status":"publish","type":"post","link":"https:\/\/julesverne.com.tr\/en\/travel-blog\/2023-un-en-iyi-turizm-koyleri-aciklandi-turkiye-den-sirince-koyu-de-listede\/","title":{"rendered":"(TR) 2023\u2019\u00fcn En \u0130yi Turizm K\u00f6yleri A\u00e7\u0131kland\u0131: T\u00fcrkiye\u2019den \u015eirince K\u00f6y\u00fc de Listede!"},"content":{"rendered":"<p class=\"qtranxs-available-languages-message qtranxs-available-languages-message-en\">Sorry, this entry is only available in <a href=\"https:\/\/julesverne.com.tr\/tr\/wp-json\/wp\/v2\/posts\/16111\" class=\"qtranxs-available-language-link qtranxs-available-language-link-tr\" title=\"TR\">Turkish<\/a>.<\/p>","protected":false},"excerpt":{"rendered":"<p>Sorry, this entry is only available in Turkish.<\/p>\n","protected":false},"author":10,"featured_media":4308,"comment_status":"closed","ping_status":"closed","sticky":false,"template":"","format":"standard","meta":{"inline_featured_image":false,"footnotes":""},"categories":[38,1,39,5],"tags":[77,73,245,144],"acf":[],"yoast_head":"<!-- This site is optimized with the Yoast SEO plugin v22.3 - https:\/\/yoast.com\/wordpress\/plugins\/seo\/ -->\n<title><\/title>\n<meta name=\"description\" content=\"Birle\u015fmi\u015f Milletler D\u00fcnya Turizm \u00d6rg\u00fct\u00fc (UNWTO), 2023\u2019\u00fcn En \u0130yi Turizm K\u00f6yleri\u2019ni a\u00e7\u0131klad\u0131. Listede T\u00fcrkiye\u2019den \u0130zmir\u2019in Sel\u00e7uk il\u00e7esine ba\u011fl\u0131 \u015eirince K\u00f6y\u00fc de var!\" \/>\n<meta name=\"robots\" content=\"index, follow, max-snippet:-1, max-image-preview:large, max-video-preview:-1\" \/>\n<link rel=\"canonical\" href=\"https:\/\/julesverne.com.tr\/travel-blog\/2023-un-en-iyi-turizm-koyleri-aciklandi-turkiye-den-sirince-koyu-de-listede\/\" \/>\n<meta property=\"og:locale\" content=\"en_US\" \/>\n<meta property=\"og:type\" content=\"article\" \/>\n<meta property=\"og:title\" content=\"[:tr]2023\u2019\u00fcn En \u0130yi Turizm K\u00f6yleri A\u00e7\u0131kland\u0131: T\u00fcrkiye\u2019den \u015eirince K\u00f6y\u00fc de Listede![:] - JULES VERNE BUSINESS MICE TRAVEL\" \/>\n<meta property=\"og:description\" content=\"Birle\u015fmi\u015f Milletler D\u00fcnya Turizm \u00d6rg\u00fct\u00fc (UNWTO), 2023\u2019\u00fcn En \u0130yi Turizm K\u00f6yleri\u2019ni a\u00e7\u0131klad\u0131. Listede T\u00fcrkiye\u2019den \u0130zmir\u2019in Sel\u00e7uk il\u00e7esine ba\u011fl\u0131 \u015eirince K\u00f6y\u00fc de var!\" \/>\n<meta property=\"og:url\" content=\"https:\/\/julesverne.com.tr\/travel-blog\/2023-un-en-iyi-turizm-koyleri-aciklandi-turkiye-den-sirince-koyu-de-listede\/\" \/>\n<meta property=\"og:site_name\" content=\"JULES VERNE BUSINESS MICE TRAVEL\" \/>\n<meta property=\"article:publisher\" content=\"https:\/\/www.facebook.com\/JulesVerneBusinessMiceTravel\/\" \/>\n<meta property=\"article:published_time\" content=\"2023-11-09T14:57:37+00:00\" \/>\n<meta property=\"og:image\" content=\"https:\/\/julesverne.com.tr\/wp-content\/uploads\/2020\/09\/sirince-2.jpg\" \/>\n\t<meta property=\"og:image:width\" content=\"1000\" \/>\n\t<meta property=\"og:image:height\" content=\"696\" \/>\n\t<meta property=\"og:image:type\" content=\"image\/jpeg\" \/>\n<meta name=\"author\" content=\"Ebru Alt\u0131n\" \/>\n<meta name=\"twitter:card\" content=\"summary_large_image\" \/>\n<meta name=\"twitter:creator\" content=\"@JV_BusinessMice\" \/>\n<meta name=\"twitter:site\" content=\"@JV_BusinessMice\" \/>\n<meta name=\"twitter:label1\" content=\"Written by\" \/>\n\t<meta name=\"twitter:data1\" content=\"Ebru Alt\u0131n\" \/>\n\t<meta name=\"twitter:label2\" content=\"Est. reading time\" \/>\n\t<meta name=\"twitter:data2\" content=\"5 minutes\" \/>\n<script type=\"application\/ld+json\" class=\"yoast-schema-graph\">{\"@context\":\"https:\/\/schema.org\",\"@graph\":[{\"@type\":\"Article\",\"@id\":\"https:\/\/julesverne.com.tr\/travel-blog\/2023-un-en-iyi-turizm-koyleri-aciklandi-turkiye-den-sirince-koyu-de-listede\/#article\",\"isPartOf\":{\"@id\":\"https:\/\/julesverne.com.tr\/travel-blog\/2023-un-en-iyi-turizm-koyleri-aciklandi-turkiye-den-sirince-koyu-de-listede\/\"},\"author\":{\"name\":\"Ebru Alt\u0131n\",\"@id\":\"https:\/\/julesverne.com.tr\/#\/schema\/person\/219931edfe2e7d9cbbcbabb8a7e4c7f4\"},\"headline\":\"(TR) 2023\u2019\u00fcn En \u0130yi Turizm K\u00f6yleri A\u00e7\u0131kland\u0131: T\u00fcrkiye\u2019den \u015eirince K\u00f6y\u00fc de Listede!\",\"datePublished\":\"2023-11-09T14:57:37+00:00\",\"dateModified\":\"2023-11-09T14:57:37+00:00\",\"mainEntityOfPage\":{\"@id\":\"https:\/\/julesverne.com.tr\/travel-blog\/2023-un-en-iyi-turizm-koyleri-aciklandi-turkiye-den-sirince-koyu-de-listede\/\"},\"wordCount\":439,\"publisher\":{\"@id\":\"https:\/\/julesverne.com.tr\/#organization\"},\"image\":{\"@id\":\"https:\/\/julesverne.com.tr\/travel-blog\/2023-un-en-iyi-turizm-koyleri-aciklandi-turkiye-den-sirince-koyu-de-listede\/#primaryimage\"},\"thumbnailUrl\":\"https:\/\/julesverne.com.tr\/wp-content\/uploads\/2020\/09\/sirince-2.jpg\",\"keywords\":[\"\u0130lham Veren Destinasyonlar\",\"Nereye Gitsek\",\"Seyahat Blog\",\"Travel Haberler\"],\"articleSection\":[\"\u0130lham Veren Destinasyonlar\",\"Blog\",\"Nereye Gitsek?\",\"Travel Haberler\"],\"inLanguage\":\"en-US\"},{\"@type\":\"WebPage\",\"@id\":\"https:\/\/julesverne.com.tr\/travel-blog\/2023-un-en-iyi-turizm-koyleri-aciklandi-turkiye-den-sirince-koyu-de-listede\/\",\"url\":\"https:\/\/julesverne.com.tr\/travel-blog\/2023-un-en-iyi-turizm-koyleri-aciklandi-turkiye-den-sirince-koyu-de-listede\/\",\"name\":\"[:tr]2023\u2019\u00fcn En \u0130yi Turizm K\u00f6yleri A\u00e7\u0131kland\u0131: T\u00fcrkiye\u2019den \u015eirince K\u00f6y\u00fc de Listede![:] - JULES VERNE BUSINESS MICE TRAVEL\",\"isPartOf\":{\"@id\":\"https:\/\/julesverne.com.tr\/#website\"},\"primaryImageOfPage\":{\"@id\":\"https:\/\/julesverne.com.tr\/travel-blog\/2023-un-en-iyi-turizm-koyleri-aciklandi-turkiye-den-sirince-koyu-de-listede\/#primaryimage\"},\"image\":{\"@id\":\"https:\/\/julesverne.com.tr\/travel-blog\/2023-un-en-iyi-turizm-koyleri-aciklandi-turkiye-den-sirince-koyu-de-listede\/#primaryimage\"},\"thumbnailUrl\":\"https:\/\/julesverne.com.tr\/wp-content\/uploads\/2020\/09\/sirince-2.jpg\",\"datePublished\":\"2023-11-09T14:57:37+00:00\",\"dateModified\":\"2023-11-09T14:57:37+00:00\",\"description\":\"Birle\u015fmi\u015f Milletler D\u00fcnya Turizm \u00d6rg\u00fct\u00fc (UNWTO), 2023\u2019\u00fcn En \u0130yi Turizm K\u00f6yleri\u2019ni a\u00e7\u0131klad\u0131. Listede T\u00fcrkiye\u2019den \u0130zmir\u2019in Sel\u00e7uk il\u00e7esine ba\u011fl\u0131 \u015eirince K\u00f6y\u00fc de var!\",\"breadcrumb\":{\"@id\":\"https:\/\/julesverne.com.tr\/travel-blog\/2023-un-en-iyi-turizm-koyleri-aciklandi-turkiye-den-sirince-koyu-de-listede\/#breadcrumb\"},\"inLanguage\":\"en-US\",\"potentialAction\":[{\"@type\":\"ReadAction\",\"target\":[\"https:\/\/julesverne.com.tr\/travel-blog\/2023-un-en-iyi-turizm-koyleri-aciklandi-turkiye-den-sirince-koyu-de-listede\/\"]}]},{\"@type\":\"ImageObject\",\"inLanguage\":\"en-US\",\"@id\":\"https:\/\/julesverne.com.tr\/travel-blog\/2023-un-en-iyi-turizm-koyleri-aciklandi-turkiye-den-sirince-koyu-de-listede\/#primaryimage\",\"url\":\"https:\/\/julesverne.com.tr\/wp-content\/uploads\/2020\/09\/sirince-2.jpg\",\"contentUrl\":\"https:\/\/julesverne.com.tr\/wp-content\/uploads\/2020\/09\/sirince-2.jpg\",\"width\":1000,\"height\":696,\"caption\":\"\u015firince k&ouml;y&uuml;\"},{\"@type\":\"BreadcrumbList\",\"@id\":\"https:\/\/julesverne.com.tr\/travel-blog\/2023-un-en-iyi-turizm-koyleri-aciklandi-turkiye-den-sirince-koyu-de-listede\/#breadcrumb\",\"itemListElement\":[{\"@type\":\"ListItem\",\"position\":1,\"name\":\"Anasayfa\",\"item\":\"https:\/\/julesverne.com.tr\/\"},{\"@type\":\"ListItem\",\"position\":2,\"name\":\"2023\u2019\u00fcn En \u0130yi Turizm K\u00f6yleri A\u00e7\u0131kland\u0131: T\u00fcrkiye\u2019den \u015eirince K\u00f6y\u00fc de Listede!\"}]},{\"@type\":\"WebSite\",\"@id\":\"https:\/\/julesverne.com.tr\/#website\",\"url\":\"https:\/\/julesverne.com.tr\/\",\"name\":\"JULES VERNE BUSINESS MICE TRAVEL\",\"description\":\"\",\"publisher\":{\"@id\":\"https:\/\/julesverne.com.tr\/#organization\"},\"potentialAction\":[{\"@type\":\"SearchAction\",\"target\":{\"@type\":\"EntryPoint\",\"urlTemplate\":\"https:\/\/julesverne.com.tr\/?s={search_term_string}\"},\"query-input\":\"required name=search_term_string\"}],\"inLanguage\":\"en-US\"},{\"@type\":\"Organization\",\"@id\":\"https:\/\/julesverne.com.tr\/#organization\",\"name\":\"JULES VERNE BUSINESS MICE TRAVEL\",\"url\":\"https:\/\/julesverne.com.tr\/\",\"logo\":{\"@type\":\"ImageObject\",\"inLanguage\":\"en-US\",\"@id\":\"https:\/\/julesverne.com.tr\/#\/schema\/logo\/image\/\",\"url\":\"https:\/\/julesverne.com.tr\/wp-content\/uploads\/2020\/09\/jv-bmt-logo.png\",\"contentUrl\":\"https:\/\/julesverne.com.tr\/wp-content\/uploads\/2020\/09\/jv-bmt-logo.png\",\"width\":110,\"height\":81,\"caption\":\"JULES VERNE BUSINESS MICE TRAVEL\"},\"image\":{\"@id\":\"https:\/\/julesverne.com.tr\/#\/schema\/logo\/image\/\"},\"sameAs\":[\"https:\/\/www.facebook.com\/JulesVerneBusinessMiceTravel\/\",\"https:\/\/twitter.com\/JV_BusinessMice\",\"https:\/\/www.instagram.com\/julesvernebusinessmicetravel\/\",\"https:\/\/www.linkedin.com\/company\/julesvernebusinessmicetravel\/\",\"https:\/\/www.youtube.com\/channel\/UCAwdsmbZ6tFhu1tea6pkpiw\"]},{\"@type\":\"Person\",\"@id\":\"https:\/\/julesverne.com.tr\/#\/schema\/person\/219931edfe2e7d9cbbcbabb8a7e4c7f4\",\"name\":\"Ebru Alt\u0131n\",\"url\":\"https:\/\/julesverne.com.tr\/en\/author\/ebru-altin\/\"}]}<\/script>\n<!-- \/ Yoast SEO plugin. -->","yoast_head_json":{"title":"[:tr]2023\u2019\u00fcn En \u0130yi Turizm K\u00f6yleri A\u00e7\u0131kland\u0131: T\u00fcrkiye\u2019den \u015eirince K\u00f6y\u00fc de Listede![:] - JULES VERNE BUSINESS MICE TRAVEL","description":"Birle\u015fmi\u015f Milletler D\u00fcnya Turizm \u00d6rg\u00fct\u00fc (UNWTO), 2023\u2019\u00fcn En \u0130yi Turizm K\u00f6yleri\u2019ni a\u00e7\u0131klad\u0131. Listede T\u00fcrkiye\u2019den \u0130zmir\u2019in Sel\u00e7uk il\u00e7esine ba\u011fl\u0131 \u015eirince K\u00f6y\u00fc de var!","robots":{"index":"index","follow":"follow","max-snippet":"max-snippet:-1","max-image-preview":"max-image-preview:large","max-video-preview":"max-video-preview:-1"},"canonical":"https:\/\/julesverne.com.tr\/travel-blog\/2023-un-en-iyi-turizm-koyleri-aciklandi-turkiye-den-sirince-koyu-de-listede\/","og_locale":"en_US","og_type":"article","og_title":"[:tr]2023\u2019\u00fcn En \u0130yi Turizm K\u00f6yleri A\u00e7\u0131kland\u0131: T\u00fcrkiye\u2019den \u015eirince K\u00f6y\u00fc de Listede![:] - JULES VERNE BUSINESS MICE TRAVEL","og_description":"Birle\u015fmi\u015f Milletler D\u00fcnya Turizm \u00d6rg\u00fct\u00fc (UNWTO), 2023\u2019\u00fcn En \u0130yi Turizm K\u00f6yleri\u2019ni a\u00e7\u0131klad\u0131. Listede T\u00fcrkiye\u2019den \u0130zmir\u2019in Sel\u00e7uk il\u00e7esine ba\u011fl\u0131 \u015eirince K\u00f6y\u00fc de var!","og_url":"https:\/\/julesverne.com.tr\/travel-blog\/2023-un-en-iyi-turizm-koyleri-aciklandi-turkiye-den-sirince-koyu-de-listede\/","og_site_name":"JULES VERNE BUSINESS MICE TRAVEL","article_publisher":"https:\/\/www.facebook.com\/JulesVerneBusinessMiceTravel\/","article_published_time":"2023-11-09T14:57:37+00:00","og_image":[{"width":1000,"height":696,"url":"https:\/\/julesverne.com.tr\/wp-content\/uploads\/2020\/09\/sirince-2.jpg","type":"image\/jpeg"}],"author":"Ebru Alt\u0131n","twitter_card":"summary_large_image","twitter_creator":"@JV_BusinessMice","twitter_site":"@JV_BusinessMice","twitter_misc":{"Written by":"Ebru Alt\u0131n","Est. reading time":"5 minutes"},"schema":{"@context":"https:\/\/schema.org","@graph":[{"@type":"Article","@id":"https:\/\/julesverne.com.tr\/travel-blog\/2023-un-en-iyi-turizm-koyleri-aciklandi-turkiye-den-sirince-koyu-de-listede\/#article","isPartOf":{"@id":"https:\/\/julesverne.com.tr\/travel-blog\/2023-un-en-iyi-turizm-koyleri-aciklandi-turkiye-den-sirince-koyu-de-listede\/"},"author":{"name":"Ebru Alt\u0131n","@id":"https:\/\/julesverne.com.tr\/#\/schema\/person\/219931edfe2e7d9cbbcbabb8a7e4c7f4"},"headline":"(TR) 2023\u2019\u00fcn En \u0130yi Turizm K\u00f6yleri A\u00e7\u0131kland\u0131: T\u00fcrkiye\u2019den \u015eirince K\u00f6y\u00fc de Listede!","datePublished":"2023-11-09T14:57:37+00:00","dateModified":"2023-11-09T14:57:37+00:00","mainEntityOfPage":{"@id":"https:\/\/julesverne.com.tr\/travel-blog\/2023-un-en-iyi-turizm-koyleri-aciklandi-turkiye-den-sirince-koyu-de-listede\/"},"wordCount":439,"publisher":{"@id":"https:\/\/julesverne.com.tr\/#organization"},"image":{"@id":"https:\/\/julesverne.com.tr\/travel-blog\/2023-un-en-iyi-turizm-koyleri-aciklandi-turkiye-den-sirince-koyu-de-listede\/#primaryimage"},"thumbnailUrl":"https:\/\/julesverne.com.tr\/wp-content\/uploads\/2020\/09\/sirince-2.jpg","keywords":["\u0130lham Veren Destinasyonlar","Nereye Gitsek","Seyahat Blog","Travel Haberler"],"articleSection":["\u0130lham Veren Destinasyonlar","Blog","Nereye Gitsek?","Travel Haberler"],"inLanguage":"en-US"},{"@type":"WebPage","@id":"https:\/\/julesverne.com.tr\/travel-blog\/2023-un-en-iyi-turizm-koyleri-aciklandi-turkiye-den-sirince-koyu-de-listede\/","url":"https:\/\/julesverne.com.tr\/travel-blog\/2023-un-en-iyi-turizm-koyleri-aciklandi-turkiye-den-sirince-koyu-de-listede\/","name":"[:tr]2023\u2019\u00fcn En \u0130yi Turizm K\u00f6yleri A\u00e7\u0131kland\u0131: T\u00fcrkiye\u2019den \u015eirince K\u00f6y\u00fc de Listede![:] - JULES VERNE BUSINESS MICE TRAVEL","isPartOf":{"@id":"https:\/\/julesverne.com.tr\/#website"},"primaryImageOfPage":{"@id":"https:\/\/julesverne.com.tr\/travel-blog\/2023-un-en-iyi-turizm-koyleri-aciklandi-turkiye-den-sirince-koyu-de-listede\/#primaryimage"},"image":{"@id":"https:\/\/julesverne.com.tr\/travel-blog\/2023-un-en-iyi-turizm-koyleri-aciklandi-turkiye-den-sirince-koyu-de-listede\/#primaryimage"},"thumbnailUrl":"https:\/\/julesverne.com.tr\/wp-content\/uploads\/2020\/09\/sirince-2.jpg","datePublished":"2023-11-09T14:57:37+00:00","dateModified":"2023-11-09T14:57:37+00:00","description":"Birle\u015fmi\u015f Milletler D\u00fcnya Turizm \u00d6rg\u00fct\u00fc (UNWTO), 2023\u2019\u00fcn En \u0130yi Turizm K\u00f6yleri\u2019ni a\u00e7\u0131klad\u0131. Listede T\u00fcrkiye\u2019den \u0130zmir\u2019in Sel\u00e7uk il\u00e7esine ba\u011fl\u0131 \u015eirince K\u00f6y\u00fc de var!","breadcrumb":{"@id":"https:\/\/julesverne.com.tr\/travel-blog\/2023-un-en-iyi-turizm-koyleri-aciklandi-turkiye-den-sirince-koyu-de-listede\/#breadcrumb"},"inLanguage":"en-US","potentialAction":[{"@type":"ReadAction","target":["https:\/\/julesverne.com.tr\/travel-blog\/2023-un-en-iyi-turizm-koyleri-aciklandi-turkiye-den-sirince-koyu-de-listede\/"]}]},{"@type":"ImageObject","inLanguage":"en-US","@id":"https:\/\/julesverne.com.tr\/travel-blog\/2023-un-en-iyi-turizm-koyleri-aciklandi-turkiye-den-sirince-koyu-de-listede\/#primaryimage","url":"https:\/\/julesverne.com.tr\/wp-content\/uploads\/2020\/09\/sirince-2.jpg","contentUrl":"https:\/\/julesverne.com.tr\/wp-content\/uploads\/2020\/09\/sirince-2.jpg","width":1000,"height":696,"caption":"\u015firince k&ouml;y&uuml;"},{"@type":"BreadcrumbList","@id":"https:\/\/julesverne.com.tr\/travel-blog\/2023-un-en-iyi-turizm-koyleri-aciklandi-turkiye-den-sirince-koyu-de-listede\/#breadcrumb","itemListElement":[{"@type":"ListItem","position":1,"name":"Anasayfa","item":"https:\/\/julesverne.com.tr\/"},{"@type":"ListItem","position":2,"name":"2023\u2019\u00fcn En \u0130yi Turizm K\u00f6yleri A\u00e7\u0131kland\u0131: T\u00fcrkiye\u2019den \u015eirince K\u00f6y\u00fc de Listede!"}]},{"@type":"WebSite","@id":"https:\/\/julesverne.com.tr\/#website","url":"https:\/\/julesverne.com.tr\/","name":"JULES VERNE BUSINESS MICE TRAVEL","description":"","publisher":{"@id":"https:\/\/julesverne.com.tr\/#organization"},"potentialAction":[{"@type":"SearchAction","target":{"@type":"EntryPoint","urlTemplate":"https:\/\/julesverne.com.tr\/?s={search_term_string}"},"query-input":"required name=search_term_string"}],"inLanguage":"en-US"},{"@type":"Organization","@id":"https:\/\/julesverne.com.tr\/#organization","name":"JULES VERNE BUSINESS MICE TRAVEL","url":"https:\/\/julesverne.com.tr\/","logo":{"@type":"ImageObject","inLanguage":"en-US","@id":"https:\/\/julesverne.com.tr\/#\/schema\/logo\/image\/","url":"https:\/\/julesverne.com.tr\/wp-content\/uploads\/2020\/09\/jv-bmt-logo.png","contentUrl":"https:\/\/julesverne.com.tr\/wp-content\/uploads\/2020\/09\/jv-bmt-logo.png","width":110,"height":81,"caption":"JULES VERNE BUSINESS MICE TRAVEL"},"image":{"@id":"https:\/\/julesverne.com.tr\/#\/schema\/logo\/image\/"},"sameAs":["https:\/\/www.facebook.com\/JulesVerneBusinessMiceTravel\/","https:\/\/twitter.com\/JV_BusinessMice","https:\/\/www.instagram.com\/julesvernebusinessmicetravel\/","https:\/\/www.linkedin.com\/company\/julesvernebusinessmicetravel\/","https:\/\/www.youtube.com\/channel\/UCAwdsmbZ6tFhu1tea6pkpiw"]},{"@type":"Person","@id":"https:\/\/julesverne.com.tr\/#\/schema\/person\/219931edfe2e7d9cbbcbabb8a7e4c7f4","name":"Ebru Alt\u0131n","url":"https:\/\/julesverne.com.tr\/en\/author\/ebru-altin\/"}]}},"_links":{"self":[{"href":"https:\/\/julesverne.com.tr\/en\/wp-json\/wp\/v2\/posts\/16111"}],"collection":[{"href":"https:\/\/julesverne.com.tr\/en\/wp-json\/wp\/v2\/posts"}],"about":[{"href":"https:\/\/julesverne.com.tr\/en\/wp-json\/wp\/v2\/types\/post"}],"author":[{"embeddable":true,"href":"https:\/\/julesverne.com.tr\/en\/wp-json\/wp\/v2\/users\/10"}],"replies":[{"embeddable":true,"href":"https:\/\/julesverne.com.tr\/en\/wp-json\/wp\/v2\/comments?post=16111"}],"version-history":[{"count":4,"href":"https:\/\/julesverne.com.tr\/en\/wp-json\/wp\/v2\/posts\/16111\/revisions"}],"predecessor-version":[{"id":16210,"href":"https:\/\/julesverne.com.tr\/en\/wp-json\/wp\/v2\/posts\/16111\/revisions\/16210"}],"wp:featuredmedia":[{"embeddable":true,"href":"https:\/\/julesverne.com.tr\/en\/wp-json\/wp\/v2\/media\/4308"}],"wp:attachment":[{"href":"https:\/\/julesverne.com.tr\/en\/wp-json\/wp\/v2\/media?parent=16111"}],"wp:term":[{"taxonomy":"category","embeddable":true,"href":"https:\/\/julesverne.com.tr\/en\/wp-json\/wp\/v2\/categories?post=16111"},{"taxonomy":"post_tag","embeddable":true,"href":"https:\/\/julesverne.com.tr\/en\/wp-json\/wp\/v2\/tags?post=16111"}],"curies":[{"name":"wp","href":"https:\/\/api.w.org\/{rel}","templated":true}]}}