{"id":15985,"date":"2023-10-30T16:43:02","date_gmt":"2023-10-30T13:43:02","guid":{"rendered":"https:\/\/julesverne.com.tr\/?p=15985"},"modified":"2023-11-03T11:06:27","modified_gmt":"2023-11-03T08:06:27","slug":"conde-nast-avrupanin-en-iyi-kayak-merkezleri","status":"publish","type":"post","link":"https:\/\/julesverne.com.tr\/en\/travel-blog\/conde-nast-avrupanin-en-iyi-kayak-merkezleri\/","title":{"rendered":"(TR) Cond\u00e9 Nast Traveller Okuyucular\u0131n\u0131n Oylar\u0131 ile Se\u00e7ilen Avrupa\u2019n\u0131n En \u0130yi Kayak Merkezleri"},"content":{"rendered":"<p class=\"qtranxs-available-languages-message qtranxs-available-languages-message-en\">Sorry, this entry is only available in <a href=\"https:\/\/julesverne.com.tr\/tr\/wp-json\/wp\/v2\/posts\/15985\" class=\"qtranxs-available-language-link qtranxs-available-language-link-tr\" title=\"TR\">Turkish<\/a>.<\/p>","protected":false},"excerpt":{"rendered":"<p>Sorry, this entry is only available in Turkish.<\/p>\n","protected":false},"author":10,"featured_media":16132,"comment_status":"closed","ping_status":"closed","sticky":false,"template":"","format":"standard","meta":{"inline_featured_image":false,"footnotes":""},"categories":[38,1,39],"tags":[77,73,245],"acf":[],"yoast_head":"<!-- This site is optimized with the Yoast SEO plugin v22.3 - https:\/\/yoast.com\/wordpress\/plugins\/seo\/ -->\n<title><\/title>\n<meta name=\"description\" content=\"Bu y\u0131l d\u00fczenlenen \u201cD\u00fcnyan\u0131n En \u0130yileri\u201d anketine kat\u0131lan seyahatseverler; kayak merkezlerini karla kapl\u0131 da\u011f yama\u00e7lar\u0131, nefes kesen manzaralar\u0131, kusursuz pist d\u00fczenlemeleri gibi konu ba\u015fl\u0131klar\u0131 \u00fczerinden de\u011ferlendirerek \u201cAvrupa\u2019n\u0131n En \u0130yi Kayak Merkezleri\u201d listesini belirledi.\" \/>\n<meta name=\"robots\" content=\"index, follow, max-snippet:-1, max-image-preview:large, max-video-preview:-1\" \/>\n<link rel=\"canonical\" href=\"https:\/\/julesverne.com.tr\/travel-blog\/conde-nast-avrupanin-en-iyi-kayak-merkezleri\/\" \/>\n<meta property=\"og:locale\" content=\"en_US\" \/>\n<meta property=\"og:type\" content=\"article\" \/>\n<meta property=\"og:title\" content=\"[:tr]Cond\u00e9 Nast Traveller Okuyucular\u0131n\u0131n Oylar\u0131 ile Se\u00e7ilen Avrupa\u2019n\u0131n En \u0130yi Kayak Merkezleri[:] - JULES VERNE BUSINESS MICE TRAVEL\" \/>\n<meta property=\"og:description\" content=\"Bu y\u0131l d\u00fczenlenen \u201cD\u00fcnyan\u0131n En \u0130yileri\u201d anketine kat\u0131lan seyahatseverler; kayak merkezlerini karla kapl\u0131 da\u011f yama\u00e7lar\u0131, nefes kesen manzaralar\u0131, kusursuz pist d\u00fczenlemeleri gibi konu ba\u015fl\u0131klar\u0131 \u00fczerinden de\u011ferlendirerek \u201cAvrupa\u2019n\u0131n En \u0130yi Kayak Merkezleri\u201d listesini belirledi.\" \/>\n<meta property=\"og:url\" content=\"https:\/\/julesverne.com.tr\/travel-blog\/conde-nast-avrupanin-en-iyi-kayak-merkezleri\/\" \/>\n<meta property=\"og:site_name\" content=\"JULES VERNE BUSINESS MICE TRAVEL\" \/>\n<meta property=\"article:publisher\" content=\"https:\/\/www.facebook.com\/JulesVerneBusinessMiceTravel\/\" \/>\n<meta property=\"article:published_time\" content=\"2023-10-30T13:43:02+00:00\" \/>\n<meta property=\"article:modified_time\" content=\"2023-11-03T08:06:27+00:00\" \/>\n<meta property=\"og:image\" content=\"https:\/\/julesverne.com.tr\/wp-content\/uploads\/2023\/10\/160411175_m_normal_none-scaled.jpg\" \/>\n\t<meta property=\"og:image:width\" content=\"1600\" \/>\n\t<meta property=\"og:image:height\" content=\"1067\" \/>\n\t<meta property=\"og:image:type\" content=\"image\/jpeg\" \/>\n<meta name=\"author\" content=\"Ebru Alt\u0131n\" \/>\n<meta name=\"twitter:card\" content=\"summary_large_image\" \/>\n<meta name=\"twitter:creator\" content=\"@JV_BusinessMice\" \/>\n<meta name=\"twitter:site\" content=\"@JV_BusinessMice\" \/>\n<meta name=\"twitter:label1\" content=\"Written by\" \/>\n\t<meta name=\"twitter:data1\" content=\"Ebru Alt\u0131n\" \/>\n\t<meta name=\"twitter:label2\" content=\"Est. reading time\" \/>\n\t<meta name=\"twitter:data2\" content=\"8 minutes\" \/>\n<script type=\"application\/ld+json\" class=\"yoast-schema-graph\">{\"@context\":\"https:\/\/schema.org\",\"@graph\":[{\"@type\":\"Article\",\"@id\":\"https:\/\/julesverne.com.tr\/travel-blog\/conde-nast-avrupanin-en-iyi-kayak-merkezleri\/#article\",\"isPartOf\":{\"@id\":\"https:\/\/julesverne.com.tr\/travel-blog\/conde-nast-avrupanin-en-iyi-kayak-merkezleri\/\"},\"author\":{\"name\":\"Ebru Alt\u0131n\",\"@id\":\"https:\/\/julesverne.com.tr\/#\/schema\/person\/219931edfe2e7d9cbbcbabb8a7e4c7f4\"},\"headline\":\"(TR) Cond\u00e9 Nast Traveller Okuyucular\u0131n\u0131n Oylar\u0131 ile Se\u00e7ilen Avrupa\u2019n\u0131n En \u0130yi Kayak Merkezleri\",\"datePublished\":\"2023-10-30T13:43:02+00:00\",\"dateModified\":\"2023-11-03T08:06:27+00:00\",\"mainEntityOfPage\":{\"@id\":\"https:\/\/julesverne.com.tr\/travel-blog\/conde-nast-avrupanin-en-iyi-kayak-merkezleri\/\"},\"wordCount\":1184,\"publisher\":{\"@id\":\"https:\/\/julesverne.com.tr\/#organization\"},\"image\":{\"@id\":\"https:\/\/julesverne.com.tr\/travel-blog\/conde-nast-avrupanin-en-iyi-kayak-merkezleri\/#primaryimage\"},\"thumbnailUrl\":\"https:\/\/julesverne.com.tr\/wp-content\/uploads\/2023\/10\/160411175_m_normal_none-scaled.jpg\",\"keywords\":[\"\u0130lham Veren Destinasyonlar\",\"Nereye Gitsek\",\"Seyahat Blog\"],\"articleSection\":[\"\u0130lham Veren Destinasyonlar\",\"Blog\",\"Nereye Gitsek?\"],\"inLanguage\":\"en-US\"},{\"@type\":\"WebPage\",\"@id\":\"https:\/\/julesverne.com.tr\/travel-blog\/conde-nast-avrupanin-en-iyi-kayak-merkezleri\/\",\"url\":\"https:\/\/julesverne.com.tr\/travel-blog\/conde-nast-avrupanin-en-iyi-kayak-merkezleri\/\",\"name\":\"[:tr]Cond\u00e9 Nast Traveller Okuyucular\u0131n\u0131n Oylar\u0131 ile Se\u00e7ilen Avrupa\u2019n\u0131n En \u0130yi Kayak Merkezleri[:] - JULES VERNE BUSINESS MICE TRAVEL\",\"isPartOf\":{\"@id\":\"https:\/\/julesverne.com.tr\/#website\"},\"primaryImageOfPage\":{\"@id\":\"https:\/\/julesverne.com.tr\/travel-blog\/conde-nast-avrupanin-en-iyi-kayak-merkezleri\/#primaryimage\"},\"image\":{\"@id\":\"https:\/\/julesverne.com.tr\/travel-blog\/conde-nast-avrupanin-en-iyi-kayak-merkezleri\/#primaryimage\"},\"thumbnailUrl\":\"https:\/\/julesverne.com.tr\/wp-content\/uploads\/2023\/10\/160411175_m_normal_none-scaled.jpg\",\"datePublished\":\"2023-10-30T13:43:02+00:00\",\"dateModified\":\"2023-11-03T08:06:27+00:00\",\"description\":\"Bu y\u0131l d\u00fczenlenen \u201cD\u00fcnyan\u0131n En \u0130yileri\u201d anketine kat\u0131lan seyahatseverler; kayak merkezlerini karla kapl\u0131 da\u011f yama\u00e7lar\u0131, nefes kesen manzaralar\u0131, kusursuz pist d\u00fczenlemeleri gibi konu ba\u015fl\u0131klar\u0131 \u00fczerinden de\u011ferlendirerek \u201cAvrupa\u2019n\u0131n En \u0130yi Kayak Merkezleri\u201d listesini belirledi.\",\"breadcrumb\":{\"@id\":\"https:\/\/julesverne.com.tr\/travel-blog\/conde-nast-avrupanin-en-iyi-kayak-merkezleri\/#breadcrumb\"},\"inLanguage\":\"en-US\",\"potentialAction\":[{\"@type\":\"ReadAction\",\"target\":[\"https:\/\/julesverne.com.tr\/travel-blog\/conde-nast-avrupanin-en-iyi-kayak-merkezleri\/\"]}]},{\"@type\":\"ImageObject\",\"inLanguage\":\"en-US\",\"@id\":\"https:\/\/julesverne.com.tr\/travel-blog\/conde-nast-avrupanin-en-iyi-kayak-merkezleri\/#primaryimage\",\"url\":\"https:\/\/julesverne.com.tr\/wp-content\/uploads\/2023\/10\/160411175_m_normal_none-scaled.jpg\",\"contentUrl\":\"https:\/\/julesverne.com.tr\/wp-content\/uploads\/2023\/10\/160411175_m_normal_none-scaled.jpg\",\"width\":1600,\"height\":1067},{\"@type\":\"BreadcrumbList\",\"@id\":\"https:\/\/julesverne.com.tr\/travel-blog\/conde-nast-avrupanin-en-iyi-kayak-merkezleri\/#breadcrumb\",\"itemListElement\":[{\"@type\":\"ListItem\",\"position\":1,\"name\":\"Anasayfa\",\"item\":\"https:\/\/julesverne.com.tr\/\"},{\"@type\":\"ListItem\",\"position\":2,\"name\":\"Cond\u00e9 Nast Traveller Okuyucular\u0131n\u0131n Oylar\u0131 ile Se\u00e7ilen Avrupa\u2019n\u0131n En \u0130yi Kayak Merkezleri\"}]},{\"@type\":\"WebSite\",\"@id\":\"https:\/\/julesverne.com.tr\/#website\",\"url\":\"https:\/\/julesverne.com.tr\/\",\"name\":\"JULES VERNE BUSINESS MICE TRAVEL\",\"description\":\"\",\"publisher\":{\"@id\":\"https:\/\/julesverne.com.tr\/#organization\"},\"potentialAction\":[{\"@type\":\"SearchAction\",\"target\":{\"@type\":\"EntryPoint\",\"urlTemplate\":\"https:\/\/julesverne.com.tr\/?s={search_term_string}\"},\"query-input\":\"required name=search_term_string\"}],\"inLanguage\":\"en-US\"},{\"@type\":\"Organization\",\"@id\":\"https:\/\/julesverne.com.tr\/#organization\",\"name\":\"JULES VERNE BUSINESS MICE TRAVEL\",\"url\":\"https:\/\/julesverne.com.tr\/\",\"logo\":{\"@type\":\"ImageObject\",\"inLanguage\":\"en-US\",\"@id\":\"https:\/\/julesverne.com.tr\/#\/schema\/logo\/image\/\",\"url\":\"https:\/\/julesverne.com.tr\/wp-content\/uploads\/2020\/09\/jv-bmt-logo.png\",\"contentUrl\":\"https:\/\/julesverne.com.tr\/wp-content\/uploads\/2020\/09\/jv-bmt-logo.png\",\"width\":110,\"height\":81,\"caption\":\"JULES VERNE BUSINESS MICE TRAVEL\"},\"image\":{\"@id\":\"https:\/\/julesverne.com.tr\/#\/schema\/logo\/image\/\"},\"sameAs\":[\"https:\/\/www.facebook.com\/JulesVerneBusinessMiceTravel\/\",\"https:\/\/twitter.com\/JV_BusinessMice\",\"https:\/\/www.instagram.com\/julesvernebusinessmicetravel\/\",\"https:\/\/www.linkedin.com\/company\/julesvernebusinessmicetravel\/\",\"https:\/\/www.youtube.com\/channel\/UCAwdsmbZ6tFhu1tea6pkpiw\"]},{\"@type\":\"Person\",\"@id\":\"https:\/\/julesverne.com.tr\/#\/schema\/person\/219931edfe2e7d9cbbcbabb8a7e4c7f4\",\"name\":\"Ebru Alt\u0131n\",\"url\":\"https:\/\/julesverne.com.tr\/en\/author\/ebru-altin\/\"}]}<\/script>\n<!-- \/ Yoast SEO plugin. -->","yoast_head_json":{"title":"[:tr]Cond\u00e9 Nast Traveller Okuyucular\u0131n\u0131n Oylar\u0131 ile Se\u00e7ilen Avrupa\u2019n\u0131n En \u0130yi Kayak Merkezleri[:] - JULES VERNE BUSINESS MICE TRAVEL","description":"Bu y\u0131l d\u00fczenlenen \u201cD\u00fcnyan\u0131n En \u0130yileri\u201d anketine kat\u0131lan seyahatseverler; kayak merkezlerini karla kapl\u0131 da\u011f yama\u00e7lar\u0131, nefes kesen manzaralar\u0131, kusursuz pist d\u00fczenlemeleri gibi konu ba\u015fl\u0131klar\u0131 \u00fczerinden de\u011ferlendirerek \u201cAvrupa\u2019n\u0131n En \u0130yi Kayak Merkezleri\u201d listesini belirledi.","robots":{"index":"index","follow":"follow","max-snippet":"max-snippet:-1","max-image-preview":"max-image-preview:large","max-video-preview":"max-video-preview:-1"},"canonical":"https:\/\/julesverne.com.tr\/travel-blog\/conde-nast-avrupanin-en-iyi-kayak-merkezleri\/","og_locale":"en_US","og_type":"article","og_title":"[:tr]Cond\u00e9 Nast Traveller Okuyucular\u0131n\u0131n Oylar\u0131 ile Se\u00e7ilen Avrupa\u2019n\u0131n En \u0130yi Kayak Merkezleri[:] - JULES VERNE BUSINESS MICE TRAVEL","og_description":"Bu y\u0131l d\u00fczenlenen \u201cD\u00fcnyan\u0131n En \u0130yileri\u201d anketine kat\u0131lan seyahatseverler; kayak merkezlerini karla kapl\u0131 da\u011f yama\u00e7lar\u0131, nefes kesen manzaralar\u0131, kusursuz pist d\u00fczenlemeleri gibi konu ba\u015fl\u0131klar\u0131 \u00fczerinden de\u011ferlendirerek \u201cAvrupa\u2019n\u0131n En \u0130yi Kayak Merkezleri\u201d listesini belirledi.","og_url":"https:\/\/julesverne.com.tr\/travel-blog\/conde-nast-avrupanin-en-iyi-kayak-merkezleri\/","og_site_name":"JULES VERNE BUSINESS MICE TRAVEL","article_publisher":"https:\/\/www.facebook.com\/JulesVerneBusinessMiceTravel\/","article_published_time":"2023-10-30T13:43:02+00:00","article_modified_time":"2023-11-03T08:06:27+00:00","og_image":[{"width":1600,"height":1067,"url":"https:\/\/julesverne.com.tr\/wp-content\/uploads\/2023\/10\/160411175_m_normal_none-scaled.jpg","type":"image\/jpeg"}],"author":"Ebru Alt\u0131n","twitter_card":"summary_large_image","twitter_creator":"@JV_BusinessMice","twitter_site":"@JV_BusinessMice","twitter_misc":{"Written by":"Ebru Alt\u0131n","Est. reading time":"8 minutes"},"schema":{"@context":"https:\/\/schema.org","@graph":[{"@type":"Article","@id":"https:\/\/julesverne.com.tr\/travel-blog\/conde-nast-avrupanin-en-iyi-kayak-merkezleri\/#article","isPartOf":{"@id":"https:\/\/julesverne.com.tr\/travel-blog\/conde-nast-avrupanin-en-iyi-kayak-merkezleri\/"},"author":{"name":"Ebru Alt\u0131n","@id":"https:\/\/julesverne.com.tr\/#\/schema\/person\/219931edfe2e7d9cbbcbabb8a7e4c7f4"},"headline":"(TR) Cond\u00e9 Nast Traveller Okuyucular\u0131n\u0131n Oylar\u0131 ile Se\u00e7ilen Avrupa\u2019n\u0131n En \u0130yi Kayak Merkezleri","datePublished":"2023-10-30T13:43:02+00:00","dateModified":"2023-11-03T08:06:27+00:00","mainEntityOfPage":{"@id":"https:\/\/julesverne.com.tr\/travel-blog\/conde-nast-avrupanin-en-iyi-kayak-merkezleri\/"},"wordCount":1184,"publisher":{"@id":"https:\/\/julesverne.com.tr\/#organization"},"image":{"@id":"https:\/\/julesverne.com.tr\/travel-blog\/conde-nast-avrupanin-en-iyi-kayak-merkezleri\/#primaryimage"},"thumbnailUrl":"https:\/\/julesverne.com.tr\/wp-content\/uploads\/2023\/10\/160411175_m_normal_none-scaled.jpg","keywords":["\u0130lham Veren Destinasyonlar","Nereye Gitsek","Seyahat Blog"],"articleSection":["\u0130lham Veren Destinasyonlar","Blog","Nereye Gitsek?"],"inLanguage":"en-US"},{"@type":"WebPage","@id":"https:\/\/julesverne.com.tr\/travel-blog\/conde-nast-avrupanin-en-iyi-kayak-merkezleri\/","url":"https:\/\/julesverne.com.tr\/travel-blog\/conde-nast-avrupanin-en-iyi-kayak-merkezleri\/","name":"[:tr]Cond\u00e9 Nast Traveller Okuyucular\u0131n\u0131n Oylar\u0131 ile Se\u00e7ilen Avrupa\u2019n\u0131n En \u0130yi Kayak Merkezleri[:] - JULES VERNE BUSINESS MICE TRAVEL","isPartOf":{"@id":"https:\/\/julesverne.com.tr\/#website"},"primaryImageOfPage":{"@id":"https:\/\/julesverne.com.tr\/travel-blog\/conde-nast-avrupanin-en-iyi-kayak-merkezleri\/#primaryimage"},"image":{"@id":"https:\/\/julesverne.com.tr\/travel-blog\/conde-nast-avrupanin-en-iyi-kayak-merkezleri\/#primaryimage"},"thumbnailUrl":"https:\/\/julesverne.com.tr\/wp-content\/uploads\/2023\/10\/160411175_m_normal_none-scaled.jpg","datePublished":"2023-10-30T13:43:02+00:00","dateModified":"2023-11-03T08:06:27+00:00","description":"Bu y\u0131l d\u00fczenlenen \u201cD\u00fcnyan\u0131n En \u0130yileri\u201d anketine kat\u0131lan seyahatseverler; kayak merkezlerini karla kapl\u0131 da\u011f yama\u00e7lar\u0131, nefes kesen manzaralar\u0131, kusursuz pist d\u00fczenlemeleri gibi konu ba\u015fl\u0131klar\u0131 \u00fczerinden de\u011ferlendirerek \u201cAvrupa\u2019n\u0131n En \u0130yi Kayak Merkezleri\u201d listesini belirledi.","breadcrumb":{"@id":"https:\/\/julesverne.com.tr\/travel-blog\/conde-nast-avrupanin-en-iyi-kayak-merkezleri\/#breadcrumb"},"inLanguage":"en-US","potentialAction":[{"@type":"ReadAction","target":["https:\/\/julesverne.com.tr\/travel-blog\/conde-nast-avrupanin-en-iyi-kayak-merkezleri\/"]}]},{"@type":"ImageObject","inLanguage":"en-US","@id":"https:\/\/julesverne.com.tr\/travel-blog\/conde-nast-avrupanin-en-iyi-kayak-merkezleri\/#primaryimage","url":"https:\/\/julesverne.com.tr\/wp-content\/uploads\/2023\/10\/160411175_m_normal_none-scaled.jpg","contentUrl":"https:\/\/julesverne.com.tr\/wp-content\/uploads\/2023\/10\/160411175_m_normal_none-scaled.jpg","width":1600,"height":1067},{"@type":"BreadcrumbList","@id":"https:\/\/julesverne.com.tr\/travel-blog\/conde-nast-avrupanin-en-iyi-kayak-merkezleri\/#breadcrumb","itemListElement":[{"@type":"ListItem","position":1,"name":"Anasayfa","item":"https:\/\/julesverne.com.tr\/"},{"@type":"ListItem","position":2,"name":"Cond\u00e9 Nast Traveller Okuyucular\u0131n\u0131n Oylar\u0131 ile Se\u00e7ilen Avrupa\u2019n\u0131n En \u0130yi Kayak Merkezleri"}]},{"@type":"WebSite","@id":"https:\/\/julesverne.com.tr\/#website","url":"https:\/\/julesverne.com.tr\/","name":"JULES VERNE BUSINESS MICE TRAVEL","description":"","publisher":{"@id":"https:\/\/julesverne.com.tr\/#organization"},"potentialAction":[{"@type":"SearchAction","target":{"@type":"EntryPoint","urlTemplate":"https:\/\/julesverne.com.tr\/?s={search_term_string}"},"query-input":"required name=search_term_string"}],"inLanguage":"en-US"},{"@type":"Organization","@id":"https:\/\/julesverne.com.tr\/#organization","name":"JULES VERNE BUSINESS MICE TRAVEL","url":"https:\/\/julesverne.com.tr\/","logo":{"@type":"ImageObject","inLanguage":"en-US","@id":"https:\/\/julesverne.com.tr\/#\/schema\/logo\/image\/","url":"https:\/\/julesverne.com.tr\/wp-content\/uploads\/2020\/09\/jv-bmt-logo.png","contentUrl":"https:\/\/julesverne.com.tr\/wp-content\/uploads\/2020\/09\/jv-bmt-logo.png","width":110,"height":81,"caption":"JULES VERNE BUSINESS MICE TRAVEL"},"image":{"@id":"https:\/\/julesverne.com.tr\/#\/schema\/logo\/image\/"},"sameAs":["https:\/\/www.facebook.com\/JulesVerneBusinessMiceTravel\/","https:\/\/twitter.com\/JV_BusinessMice","https:\/\/www.instagram.com\/julesvernebusinessmicetravel\/","https:\/\/www.linkedin.com\/company\/julesvernebusinessmicetravel\/","https:\/\/www.youtube.com\/channel\/UCAwdsmbZ6tFhu1tea6pkpiw"]},{"@type":"Person","@id":"https:\/\/julesverne.com.tr\/#\/schema\/person\/219931edfe2e7d9cbbcbabb8a7e4c7f4","name":"Ebru Alt\u0131n","url":"https:\/\/julesverne.com.tr\/en\/author\/ebru-altin\/"}]}},"_links":{"self":[{"href":"https:\/\/julesverne.com.tr\/en\/wp-json\/wp\/v2\/posts\/15985"}],"collection":[{"href":"https:\/\/julesverne.com.tr\/en\/wp-json\/wp\/v2\/posts"}],"about":[{"href":"https:\/\/julesverne.com.tr\/en\/wp-json\/wp\/v2\/types\/post"}],"author":[{"embeddable":true,"href":"https:\/\/julesverne.com.tr\/en\/wp-json\/wp\/v2\/users\/10"}],"replies":[{"embeddable":true,"href":"https:\/\/julesverne.com.tr\/en\/wp-json\/wp\/v2\/comments?post=15985"}],"version-history":[{"count":4,"href":"https:\/\/julesverne.com.tr\/en\/wp-json\/wp\/v2\/posts\/15985\/revisions"}],"predecessor-version":[{"id":16105,"href":"https:\/\/julesverne.com.tr\/en\/wp-json\/wp\/v2\/posts\/15985\/revisions\/16105"}],"wp:featuredmedia":[{"embeddable":true,"href":"https:\/\/julesverne.com.tr\/en\/wp-json\/wp\/v2\/media\/16132"}],"wp:attachment":[{"href":"https:\/\/julesverne.com.tr\/en\/wp-json\/wp\/v2\/media?parent=15985"}],"wp:term":[{"taxonomy":"category","embeddable":true,"href":"https:\/\/julesverne.com.tr\/en\/wp-json\/wp\/v2\/categories?post=15985"},{"taxonomy":"post_tag","embeddable":true,"href":"https:\/\/julesverne.com.tr\/en\/wp-json\/wp\/v2\/tags?post=15985"}],"curies":[{"name":"wp","href":"https:\/\/api.w.org\/{rel}","templated":true}]}}