{"id":15794,"date":"2023-09-21T11:39:03","date_gmt":"2023-09-21T08:39:03","guid":{"rendered":"https:\/\/julesverne.com.tr\/?p=15794"},"modified":"2023-09-21T12:46:24","modified_gmt":"2023-09-21T09:46:24","slug":"birlikte-isildamaya-davetlisiniz-2","status":"publish","type":"post","link":"https:\/\/julesverne.com.tr\/en\/haberler\/birlikte-isildamaya-davetlisiniz-2\/","title":{"rendered":"(TR) \u0130yilikle, Umutla, Heyecanla, Birlikte I\u015f\u0131ldamaya Davetlisiniz!"},"content":{"rendered":"<p class=\"qtranxs-available-languages-message qtranxs-available-languages-message-en\">Sorry, this entry is only available in <a href=\"https:\/\/julesverne.com.tr\/tr\/wp-json\/wp\/v2\/posts\/15794\" class=\"qtranxs-available-language-link qtranxs-available-language-link-tr\" title=\"TR\">Turkish<\/a>.<\/p>","protected":false},"excerpt":{"rendered":"<p>Sorry, this entry is only available in Turkish.<\/p>\n","protected":false},"author":10,"featured_media":15800,"comment_status":"closed","ping_status":"closed","sticky":false,"template":"","format":"standard","meta":{"inline_featured_image":false,"footnotes":""},"categories":[2,4,5],"tags":[196,144],"acf":[],"yoast_head":"<!-- This site is optimized with the Yoast SEO plugin v22.3 - https:\/\/yoast.com\/wordpress\/plugins\/seo\/ -->\n<title><\/title>\n<meta name=\"description\" content=\"Cumhuriyetimizin 100. y\u0131l\u0131n\u0131 co\u015fkuyla kutlamaya haz\u0131rland\u0131\u011f\u0131m\u0131z 2023 y\u0131l\u0131nda ise birbirimize umut ve \u0131\u015f\u0131k olarak daha iyi bir gelecek i\u00e7in etkimizi nas\u0131l art\u0131rabilece\u011fimize, neleri nas\u0131l daha da iyi yapabilece\u011fimize odaklan\u0131yoruz.Bu y\u0131l 25 Eyl\u00fcl 2023 Pazartesi g\u00fcn\u00fc d\u00fczenleyece\u011fimiz ikinci I\u015eILDAYANLAR Konferans\u0131\u2019nda da iyilikle, umutla, heyecanla, g\u00fcvenle \u0131\u015f\u0131ldamak, birbirimizden ald\u0131\u011f\u0131m\u0131z g\u00fc\u00e7le d\u00fcnyam\u0131z\u0131 birlikte \u0131\u015f\u0131ldatmak i\u00e7in bulu\u015fuyoruz. \u200b\u200bBa\u015farman\u0131n ancak birlikte m\u00fcmk\u00fcn oldu\u011fu ger\u00e7e\u011fiyle sizi aram\u0131za, deste\u011fe davet ediyoruz.\" \/>\n<meta name=\"robots\" content=\"index, follow, max-snippet:-1, max-image-preview:large, max-video-preview:-1\" \/>\n<link rel=\"canonical\" href=\"https:\/\/julesverne.com.tr\/haberler\/birlikte-isildamaya-davetlisiniz-2\/\" \/>\n<meta property=\"og:locale\" content=\"en_US\" \/>\n<meta property=\"og:type\" content=\"article\" \/>\n<meta property=\"og:title\" content=\"[:tr]\u0130yilikle, Umutla, Heyecanla, Birlikte I\u015f\u0131ldamaya Davetlisiniz! [:] - JULES VERNE BUSINESS MICE TRAVEL\" \/>\n<meta property=\"og:description\" content=\"Cumhuriyetimizin 100. y\u0131l\u0131n\u0131 co\u015fkuyla kutlamaya haz\u0131rland\u0131\u011f\u0131m\u0131z 2023 y\u0131l\u0131nda ise birbirimize umut ve \u0131\u015f\u0131k olarak daha iyi bir gelecek i\u00e7in etkimizi nas\u0131l art\u0131rabilece\u011fimize, neleri nas\u0131l daha da iyi yapabilece\u011fimize odaklan\u0131yoruz.Bu y\u0131l 25 Eyl\u00fcl 2023 Pazartesi g\u00fcn\u00fc d\u00fczenleyece\u011fimiz ikinci I\u015eILDAYANLAR Konferans\u0131\u2019nda da iyilikle, umutla, heyecanla, g\u00fcvenle \u0131\u015f\u0131ldamak, birbirimizden ald\u0131\u011f\u0131m\u0131z g\u00fc\u00e7le d\u00fcnyam\u0131z\u0131 birlikte \u0131\u015f\u0131ldatmak i\u00e7in bulu\u015fuyoruz. \u200b\u200bBa\u015farman\u0131n ancak birlikte m\u00fcmk\u00fcn oldu\u011fu ger\u00e7e\u011fiyle sizi aram\u0131za, deste\u011fe davet ediyoruz.\" \/>\n<meta property=\"og:url\" content=\"https:\/\/julesverne.com.tr\/haberler\/birlikte-isildamaya-davetlisiniz-2\/\" \/>\n<meta property=\"og:site_name\" content=\"JULES VERNE BUSINESS MICE TRAVEL\" \/>\n<meta property=\"article:publisher\" content=\"https:\/\/www.facebook.com\/JulesVerneBusinessMiceTravel\/\" \/>\n<meta property=\"article:published_time\" content=\"2023-09-21T08:39:03+00:00\" \/>\n<meta property=\"article:modified_time\" content=\"2023-09-21T09:46:24+00:00\" \/>\n<meta property=\"og:image\" content=\"https:\/\/julesverne.com.tr\/wp-content\/uploads\/2023\/09\/isildayanlar.jpg\" \/>\n\t<meta property=\"og:image:width\" content=\"1200\" \/>\n\t<meta property=\"og:image:height\" content=\"800\" \/>\n\t<meta property=\"og:image:type\" content=\"image\/jpeg\" \/>\n<meta name=\"author\" content=\"Ebru Alt\u0131n\" \/>\n<meta name=\"twitter:card\" content=\"summary_large_image\" \/>\n<meta name=\"twitter:creator\" content=\"@JV_BusinessMice\" \/>\n<meta name=\"twitter:site\" content=\"@JV_BusinessMice\" \/>\n<meta name=\"twitter:label1\" content=\"Written by\" \/>\n\t<meta name=\"twitter:data1\" content=\"Ebru Alt\u0131n\" \/>\n\t<meta name=\"twitter:label2\" content=\"Est. reading time\" \/>\n\t<meta name=\"twitter:data2\" content=\"5 minutes\" \/>\n<script type=\"application\/ld+json\" class=\"yoast-schema-graph\">{\"@context\":\"https:\/\/schema.org\",\"@graph\":[{\"@type\":\"Article\",\"@id\":\"https:\/\/julesverne.com.tr\/haberler\/birlikte-isildamaya-davetlisiniz-2\/#article\",\"isPartOf\":{\"@id\":\"https:\/\/julesverne.com.tr\/haberler\/birlikte-isildamaya-davetlisiniz-2\/\"},\"author\":{\"name\":\"Ebru Alt\u0131n\",\"@id\":\"https:\/\/julesverne.com.tr\/#\/schema\/person\/219931edfe2e7d9cbbcbabb8a7e4c7f4\"},\"headline\":\"(TR) \u0130yilikle, Umutla, Heyecanla, Birlikte I\u015f\u0131ldamaya Davetlisiniz!\",\"datePublished\":\"2023-09-21T08:39:03+00:00\",\"dateModified\":\"2023-09-21T09:46:24+00:00\",\"mainEntityOfPage\":{\"@id\":\"https:\/\/julesverne.com.tr\/haberler\/birlikte-isildamaya-davetlisiniz-2\/\"},\"wordCount\":797,\"publisher\":{\"@id\":\"https:\/\/julesverne.com.tr\/#organization\"},\"image\":{\"@id\":\"https:\/\/julesverne.com.tr\/haberler\/birlikte-isildamaya-davetlisiniz-2\/#primaryimage\"},\"thumbnailUrl\":\"https:\/\/julesverne.com.tr\/wp-content\/uploads\/2023\/09\/isildayanlar.jpg\",\"keywords\":[\"Mice Haberler\",\"Travel Haberler\"],\"articleSection\":[\"News\",\"Mice Haberler\",\"Travel Haberler\"],\"inLanguage\":\"en-US\"},{\"@type\":\"WebPage\",\"@id\":\"https:\/\/julesverne.com.tr\/haberler\/birlikte-isildamaya-davetlisiniz-2\/\",\"url\":\"https:\/\/julesverne.com.tr\/haberler\/birlikte-isildamaya-davetlisiniz-2\/\",\"name\":\"[:tr]\u0130yilikle, Umutla, Heyecanla, Birlikte I\u015f\u0131ldamaya Davetlisiniz! [:] - JULES VERNE BUSINESS MICE TRAVEL\",\"isPartOf\":{\"@id\":\"https:\/\/julesverne.com.tr\/#website\"},\"primaryImageOfPage\":{\"@id\":\"https:\/\/julesverne.com.tr\/haberler\/birlikte-isildamaya-davetlisiniz-2\/#primaryimage\"},\"image\":{\"@id\":\"https:\/\/julesverne.com.tr\/haberler\/birlikte-isildamaya-davetlisiniz-2\/#primaryimage\"},\"thumbnailUrl\":\"https:\/\/julesverne.com.tr\/wp-content\/uploads\/2023\/09\/isildayanlar.jpg\",\"datePublished\":\"2023-09-21T08:39:03+00:00\",\"dateModified\":\"2023-09-21T09:46:24+00:00\",\"description\":\"Cumhuriyetimizin 100. y\u0131l\u0131n\u0131 co\u015fkuyla kutlamaya haz\u0131rland\u0131\u011f\u0131m\u0131z 2023 y\u0131l\u0131nda ise birbirimize umut ve \u0131\u015f\u0131k olarak daha iyi bir gelecek i\u00e7in etkimizi nas\u0131l art\u0131rabilece\u011fimize, neleri nas\u0131l daha da iyi yapabilece\u011fimize odaklan\u0131yoruz.Bu y\u0131l 25 Eyl\u00fcl 2023 Pazartesi g\u00fcn\u00fc d\u00fczenleyece\u011fimiz ikinci I\u015eILDAYANLAR Konferans\u0131\u2019nda da iyilikle, umutla, heyecanla, g\u00fcvenle \u0131\u015f\u0131ldamak, birbirimizden ald\u0131\u011f\u0131m\u0131z g\u00fc\u00e7le d\u00fcnyam\u0131z\u0131 birlikte \u0131\u015f\u0131ldatmak i\u00e7in bulu\u015fuyoruz. \u200b\u200bBa\u015farman\u0131n ancak birlikte m\u00fcmk\u00fcn oldu\u011fu ger\u00e7e\u011fiyle sizi aram\u0131za, deste\u011fe davet ediyoruz.\",\"breadcrumb\":{\"@id\":\"https:\/\/julesverne.com.tr\/haberler\/birlikte-isildamaya-davetlisiniz-2\/#breadcrumb\"},\"inLanguage\":\"en-US\",\"potentialAction\":[{\"@type\":\"ReadAction\",\"target\":[\"https:\/\/julesverne.com.tr\/haberler\/birlikte-isildamaya-davetlisiniz-2\/\"]}]},{\"@type\":\"ImageObject\",\"inLanguage\":\"en-US\",\"@id\":\"https:\/\/julesverne.com.tr\/haberler\/birlikte-isildamaya-davetlisiniz-2\/#primaryimage\",\"url\":\"https:\/\/julesverne.com.tr\/wp-content\/uploads\/2023\/09\/isildayanlar.jpg\",\"contentUrl\":\"https:\/\/julesverne.com.tr\/wp-content\/uploads\/2023\/09\/isildayanlar.jpg\",\"width\":1200,\"height\":800},{\"@type\":\"BreadcrumbList\",\"@id\":\"https:\/\/julesverne.com.tr\/haberler\/birlikte-isildamaya-davetlisiniz-2\/#breadcrumb\",\"itemListElement\":[{\"@type\":\"ListItem\",\"position\":1,\"name\":\"Anasayfa\",\"item\":\"https:\/\/julesverne.com.tr\/\"},{\"@type\":\"ListItem\",\"position\":2,\"name\":\"\u0130yilikle, Umutla, Heyecanla, Birlikte I\u015f\u0131ldamaya Davetlisiniz!\"}]},{\"@type\":\"WebSite\",\"@id\":\"https:\/\/julesverne.com.tr\/#website\",\"url\":\"https:\/\/julesverne.com.tr\/\",\"name\":\"JULES VERNE BUSINESS MICE TRAVEL\",\"description\":\"\",\"publisher\":{\"@id\":\"https:\/\/julesverne.com.tr\/#organization\"},\"potentialAction\":[{\"@type\":\"SearchAction\",\"target\":{\"@type\":\"EntryPoint\",\"urlTemplate\":\"https:\/\/julesverne.com.tr\/?s={search_term_string}\"},\"query-input\":\"required name=search_term_string\"}],\"inLanguage\":\"en-US\"},{\"@type\":\"Organization\",\"@id\":\"https:\/\/julesverne.com.tr\/#organization\",\"name\":\"JULES VERNE BUSINESS MICE TRAVEL\",\"url\":\"https:\/\/julesverne.com.tr\/\",\"logo\":{\"@type\":\"ImageObject\",\"inLanguage\":\"en-US\",\"@id\":\"https:\/\/julesverne.com.tr\/#\/schema\/logo\/image\/\",\"url\":\"https:\/\/julesverne.com.tr\/wp-content\/uploads\/2020\/09\/jv-bmt-logo.png\",\"contentUrl\":\"https:\/\/julesverne.com.tr\/wp-content\/uploads\/2020\/09\/jv-bmt-logo.png\",\"width\":110,\"height\":81,\"caption\":\"JULES VERNE BUSINESS MICE TRAVEL\"},\"image\":{\"@id\":\"https:\/\/julesverne.com.tr\/#\/schema\/logo\/image\/\"},\"sameAs\":[\"https:\/\/www.facebook.com\/JulesVerneBusinessMiceTravel\/\",\"https:\/\/twitter.com\/JV_BusinessMice\",\"https:\/\/www.instagram.com\/julesvernebusinessmicetravel\/\",\"https:\/\/www.linkedin.com\/company\/julesvernebusinessmicetravel\/\",\"https:\/\/www.youtube.com\/channel\/UCAwdsmbZ6tFhu1tea6pkpiw\"]},{\"@type\":\"Person\",\"@id\":\"https:\/\/julesverne.com.tr\/#\/schema\/person\/219931edfe2e7d9cbbcbabb8a7e4c7f4\",\"name\":\"Ebru Alt\u0131n\",\"url\":\"https:\/\/julesverne.com.tr\/en\/author\/ebru-altin\/\"}]}<\/script>\n<!-- \/ Yoast SEO plugin. -->","yoast_head_json":{"title":"[:tr]\u0130yilikle, Umutla, Heyecanla, Birlikte I\u015f\u0131ldamaya Davetlisiniz! [:] - JULES VERNE BUSINESS MICE TRAVEL","description":"Cumhuriyetimizin 100. y\u0131l\u0131n\u0131 co\u015fkuyla kutlamaya haz\u0131rland\u0131\u011f\u0131m\u0131z 2023 y\u0131l\u0131nda ise birbirimize umut ve \u0131\u015f\u0131k olarak daha iyi bir gelecek i\u00e7in etkimizi nas\u0131l art\u0131rabilece\u011fimize, neleri nas\u0131l daha da iyi yapabilece\u011fimize odaklan\u0131yoruz.Bu y\u0131l 25 Eyl\u00fcl 2023 Pazartesi g\u00fcn\u00fc d\u00fczenleyece\u011fimiz ikinci I\u015eILDAYANLAR Konferans\u0131\u2019nda da iyilikle, umutla, heyecanla, g\u00fcvenle \u0131\u015f\u0131ldamak, birbirimizden ald\u0131\u011f\u0131m\u0131z g\u00fc\u00e7le d\u00fcnyam\u0131z\u0131 birlikte \u0131\u015f\u0131ldatmak i\u00e7in bulu\u015fuyoruz. \u200b\u200bBa\u015farman\u0131n ancak birlikte m\u00fcmk\u00fcn oldu\u011fu ger\u00e7e\u011fiyle sizi aram\u0131za, deste\u011fe davet ediyoruz.","robots":{"index":"index","follow":"follow","max-snippet":"max-snippet:-1","max-image-preview":"max-image-preview:large","max-video-preview":"max-video-preview:-1"},"canonical":"https:\/\/julesverne.com.tr\/haberler\/birlikte-isildamaya-davetlisiniz-2\/","og_locale":"en_US","og_type":"article","og_title":"[:tr]\u0130yilikle, Umutla, Heyecanla, Birlikte I\u015f\u0131ldamaya Davetlisiniz! [:] - JULES VERNE BUSINESS MICE TRAVEL","og_description":"Cumhuriyetimizin 100. y\u0131l\u0131n\u0131 co\u015fkuyla kutlamaya haz\u0131rland\u0131\u011f\u0131m\u0131z 2023 y\u0131l\u0131nda ise birbirimize umut ve \u0131\u015f\u0131k olarak daha iyi bir gelecek i\u00e7in etkimizi nas\u0131l art\u0131rabilece\u011fimize, neleri nas\u0131l daha da iyi yapabilece\u011fimize odaklan\u0131yoruz.Bu y\u0131l 25 Eyl\u00fcl 2023 Pazartesi g\u00fcn\u00fc d\u00fczenleyece\u011fimiz ikinci I\u015eILDAYANLAR Konferans\u0131\u2019nda da iyilikle, umutla, heyecanla, g\u00fcvenle \u0131\u015f\u0131ldamak, birbirimizden ald\u0131\u011f\u0131m\u0131z g\u00fc\u00e7le d\u00fcnyam\u0131z\u0131 birlikte \u0131\u015f\u0131ldatmak i\u00e7in bulu\u015fuyoruz. \u200b\u200bBa\u015farman\u0131n ancak birlikte m\u00fcmk\u00fcn oldu\u011fu ger\u00e7e\u011fiyle sizi aram\u0131za, deste\u011fe davet ediyoruz.","og_url":"https:\/\/julesverne.com.tr\/haberler\/birlikte-isildamaya-davetlisiniz-2\/","og_site_name":"JULES VERNE BUSINESS MICE TRAVEL","article_publisher":"https:\/\/www.facebook.com\/JulesVerneBusinessMiceTravel\/","article_published_time":"2023-09-21T08:39:03+00:00","article_modified_time":"2023-09-21T09:46:24+00:00","og_image":[{"width":1200,"height":800,"url":"https:\/\/julesverne.com.tr\/wp-content\/uploads\/2023\/09\/isildayanlar.jpg","type":"image\/jpeg"}],"author":"Ebru Alt\u0131n","twitter_card":"summary_large_image","twitter_creator":"@JV_BusinessMice","twitter_site":"@JV_BusinessMice","twitter_misc":{"Written by":"Ebru Alt\u0131n","Est. reading time":"5 minutes"},"schema":{"@context":"https:\/\/schema.org","@graph":[{"@type":"Article","@id":"https:\/\/julesverne.com.tr\/haberler\/birlikte-isildamaya-davetlisiniz-2\/#article","isPartOf":{"@id":"https:\/\/julesverne.com.tr\/haberler\/birlikte-isildamaya-davetlisiniz-2\/"},"author":{"name":"Ebru Alt\u0131n","@id":"https:\/\/julesverne.com.tr\/#\/schema\/person\/219931edfe2e7d9cbbcbabb8a7e4c7f4"},"headline":"(TR) \u0130yilikle, Umutla, Heyecanla, Birlikte I\u015f\u0131ldamaya Davetlisiniz!","datePublished":"2023-09-21T08:39:03+00:00","dateModified":"2023-09-21T09:46:24+00:00","mainEntityOfPage":{"@id":"https:\/\/julesverne.com.tr\/haberler\/birlikte-isildamaya-davetlisiniz-2\/"},"wordCount":797,"publisher":{"@id":"https:\/\/julesverne.com.tr\/#organization"},"image":{"@id":"https:\/\/julesverne.com.tr\/haberler\/birlikte-isildamaya-davetlisiniz-2\/#primaryimage"},"thumbnailUrl":"https:\/\/julesverne.com.tr\/wp-content\/uploads\/2023\/09\/isildayanlar.jpg","keywords":["Mice Haberler","Travel Haberler"],"articleSection":["News","Mice Haberler","Travel Haberler"],"inLanguage":"en-US"},{"@type":"WebPage","@id":"https:\/\/julesverne.com.tr\/haberler\/birlikte-isildamaya-davetlisiniz-2\/","url":"https:\/\/julesverne.com.tr\/haberler\/birlikte-isildamaya-davetlisiniz-2\/","name":"[:tr]\u0130yilikle, Umutla, Heyecanla, Birlikte I\u015f\u0131ldamaya Davetlisiniz! [:] - JULES VERNE BUSINESS MICE TRAVEL","isPartOf":{"@id":"https:\/\/julesverne.com.tr\/#website"},"primaryImageOfPage":{"@id":"https:\/\/julesverne.com.tr\/haberler\/birlikte-isildamaya-davetlisiniz-2\/#primaryimage"},"image":{"@id":"https:\/\/julesverne.com.tr\/haberler\/birlikte-isildamaya-davetlisiniz-2\/#primaryimage"},"thumbnailUrl":"https:\/\/julesverne.com.tr\/wp-content\/uploads\/2023\/09\/isildayanlar.jpg","datePublished":"2023-09-21T08:39:03+00:00","dateModified":"2023-09-21T09:46:24+00:00","description":"Cumhuriyetimizin 100. y\u0131l\u0131n\u0131 co\u015fkuyla kutlamaya haz\u0131rland\u0131\u011f\u0131m\u0131z 2023 y\u0131l\u0131nda ise birbirimize umut ve \u0131\u015f\u0131k olarak daha iyi bir gelecek i\u00e7in etkimizi nas\u0131l art\u0131rabilece\u011fimize, neleri nas\u0131l daha da iyi yapabilece\u011fimize odaklan\u0131yoruz.Bu y\u0131l 25 Eyl\u00fcl 2023 Pazartesi g\u00fcn\u00fc d\u00fczenleyece\u011fimiz ikinci I\u015eILDAYANLAR Konferans\u0131\u2019nda da iyilikle, umutla, heyecanla, g\u00fcvenle \u0131\u015f\u0131ldamak, birbirimizden ald\u0131\u011f\u0131m\u0131z g\u00fc\u00e7le d\u00fcnyam\u0131z\u0131 birlikte \u0131\u015f\u0131ldatmak i\u00e7in bulu\u015fuyoruz. \u200b\u200bBa\u015farman\u0131n ancak birlikte m\u00fcmk\u00fcn oldu\u011fu ger\u00e7e\u011fiyle sizi aram\u0131za, deste\u011fe davet ediyoruz.","breadcrumb":{"@id":"https:\/\/julesverne.com.tr\/haberler\/birlikte-isildamaya-davetlisiniz-2\/#breadcrumb"},"inLanguage":"en-US","potentialAction":[{"@type":"ReadAction","target":["https:\/\/julesverne.com.tr\/haberler\/birlikte-isildamaya-davetlisiniz-2\/"]}]},{"@type":"ImageObject","inLanguage":"en-US","@id":"https:\/\/julesverne.com.tr\/haberler\/birlikte-isildamaya-davetlisiniz-2\/#primaryimage","url":"https:\/\/julesverne.com.tr\/wp-content\/uploads\/2023\/09\/isildayanlar.jpg","contentUrl":"https:\/\/julesverne.com.tr\/wp-content\/uploads\/2023\/09\/isildayanlar.jpg","width":1200,"height":800},{"@type":"BreadcrumbList","@id":"https:\/\/julesverne.com.tr\/haberler\/birlikte-isildamaya-davetlisiniz-2\/#breadcrumb","itemListElement":[{"@type":"ListItem","position":1,"name":"Anasayfa","item":"https:\/\/julesverne.com.tr\/"},{"@type":"ListItem","position":2,"name":"\u0130yilikle, Umutla, Heyecanla, Birlikte I\u015f\u0131ldamaya Davetlisiniz!"}]},{"@type":"WebSite","@id":"https:\/\/julesverne.com.tr\/#website","url":"https:\/\/julesverne.com.tr\/","name":"JULES VERNE BUSINESS MICE TRAVEL","description":"","publisher":{"@id":"https:\/\/julesverne.com.tr\/#organization"},"potentialAction":[{"@type":"SearchAction","target":{"@type":"EntryPoint","urlTemplate":"https:\/\/julesverne.com.tr\/?s={search_term_string}"},"query-input":"required name=search_term_string"}],"inLanguage":"en-US"},{"@type":"Organization","@id":"https:\/\/julesverne.com.tr\/#organization","name":"JULES VERNE BUSINESS MICE TRAVEL","url":"https:\/\/julesverne.com.tr\/","logo":{"@type":"ImageObject","inLanguage":"en-US","@id":"https:\/\/julesverne.com.tr\/#\/schema\/logo\/image\/","url":"https:\/\/julesverne.com.tr\/wp-content\/uploads\/2020\/09\/jv-bmt-logo.png","contentUrl":"https:\/\/julesverne.com.tr\/wp-content\/uploads\/2020\/09\/jv-bmt-logo.png","width":110,"height":81,"caption":"JULES VERNE BUSINESS MICE TRAVEL"},"image":{"@id":"https:\/\/julesverne.com.tr\/#\/schema\/logo\/image\/"},"sameAs":["https:\/\/www.facebook.com\/JulesVerneBusinessMiceTravel\/","https:\/\/twitter.com\/JV_BusinessMice","https:\/\/www.instagram.com\/julesvernebusinessmicetravel\/","https:\/\/www.linkedin.com\/company\/julesvernebusinessmicetravel\/","https:\/\/www.youtube.com\/channel\/UCAwdsmbZ6tFhu1tea6pkpiw"]},{"@type":"Person","@id":"https:\/\/julesverne.com.tr\/#\/schema\/person\/219931edfe2e7d9cbbcbabb8a7e4c7f4","name":"Ebru Alt\u0131n","url":"https:\/\/julesverne.com.tr\/en\/author\/ebru-altin\/"}]}},"_links":{"self":[{"href":"https:\/\/julesverne.com.tr\/en\/wp-json\/wp\/v2\/posts\/15794"}],"collection":[{"href":"https:\/\/julesverne.com.tr\/en\/wp-json\/wp\/v2\/posts"}],"about":[{"href":"https:\/\/julesverne.com.tr\/en\/wp-json\/wp\/v2\/types\/post"}],"author":[{"embeddable":true,"href":"https:\/\/julesverne.com.tr\/en\/wp-json\/wp\/v2\/users\/10"}],"replies":[{"embeddable":true,"href":"https:\/\/julesverne.com.tr\/en\/wp-json\/wp\/v2\/comments?post=15794"}],"version-history":[{"count":14,"href":"https:\/\/julesverne.com.tr\/en\/wp-json\/wp\/v2\/posts\/15794\/revisions"}],"predecessor-version":[{"id":15815,"href":"https:\/\/julesverne.com.tr\/en\/wp-json\/wp\/v2\/posts\/15794\/revisions\/15815"}],"wp:featuredmedia":[{"embeddable":true,"href":"https:\/\/julesverne.com.tr\/en\/wp-json\/wp\/v2\/media\/15800"}],"wp:attachment":[{"href":"https:\/\/julesverne.com.tr\/en\/wp-json\/wp\/v2\/media?parent=15794"}],"wp:term":[{"taxonomy":"category","embeddable":true,"href":"https:\/\/julesverne.com.tr\/en\/wp-json\/wp\/v2\/categories?post=15794"},{"taxonomy":"post_tag","embeddable":true,"href":"https:\/\/julesverne.com.tr\/en\/wp-json\/wp\/v2\/tags?post=15794"}],"curies":[{"name":"wp","href":"https:\/\/api.w.org\/{rel}","templated":true}]}}