{"id":15732,"date":"2023-09-14T17:59:33","date_gmt":"2023-09-14T14:59:33","guid":{"rendered":"https:\/\/julesverne.com.tr\/?p=15732"},"modified":"2023-09-15T10:38:31","modified_gmt":"2023-09-15T07:38:31","slug":"thy-sonbahar-kampanyasi-ile-guney-avrupayi-kesfetmenin-tam-zamani","status":"publish","type":"post","link":"https:\/\/julesverne.com.tr\/en\/haberler\/thy-sonbahar-kampanyasi-ile-guney-avrupayi-kesfetmenin-tam-zamani\/","title":{"rendered":"(TR) THY Sonbahar Kampanyas\u0131 ile G\u00fcney Avrupa\u2019y\u0131 Ke\u015ffetmenin Tam Zaman\u0131!"},"content":{"rendered":"<p class=\"qtranxs-available-languages-message qtranxs-available-languages-message-en\">Sorry, this entry is only available in <a href=\"https:\/\/julesverne.com.tr\/tr\/wp-json\/wp\/v2\/posts\/15732\" class=\"qtranxs-available-language-link qtranxs-available-language-link-tr\" title=\"TR\">Turkish<\/a>.<\/p>","protected":false},"excerpt":{"rendered":"<p>Sorry, this entry is only available in Turkish.<\/p>\n","protected":false},"author":10,"featured_media":13012,"comment_status":"closed","ping_status":"closed","sticky":false,"template":"","format":"standard","meta":{"inline_featured_image":false,"footnotes":""},"categories":[3,2,5],"tags":[298,144],"acf":[],"yoast_head":"<!-- This site is optimized with the Yoast SEO plugin v22.3 - https:\/\/yoast.com\/wordpress\/plugins\/seo\/ -->\n<title><\/title>\n<meta name=\"description\" content=\"G\u00fcney Avrupa\u2019n\u0131n en g\u00fczel \u015fehirlerine yolculuk ba\u015flas\u0131n!T\u00fcrk Hava Yollar\u0131&#039;n\u0131n sonbahar kampanyas\u0131 ile G\u00fcney Avrupa\u2019n\u0131n en g\u00fczel \u015fehirlerini 129 USD\u2019den ba\u015flayan fiyatlarla ke\u015ffetmeye ne dersiniz? Lizbon, Porto, Barselona, Madrid, Valencia, Bilbao, Paris, Nice, Atina, Milano, Roma, Venedik, Palermo ve daha pek \u00e7ok \u015fehre T\u00fcrk Hava Yollar\u0131\u2019n\u0131n avantajl\u0131 fiyatlarla u\u00e7un!\" \/>\n<meta name=\"robots\" content=\"index, follow, max-snippet:-1, max-image-preview:large, max-video-preview:-1\" \/>\n<link rel=\"canonical\" href=\"https:\/\/julesverne.com.tr\/haberler\/thy-sonbahar-kampanyasi-ile-guney-avrupayi-kesfetmenin-tam-zamani\/\" \/>\n<meta property=\"og:locale\" content=\"en_US\" \/>\n<meta property=\"og:type\" content=\"article\" \/>\n<meta property=\"og:title\" content=\"[:tr]THY Sonbahar Kampanyas\u0131 ile G\u00fcney Avrupa\u2019y\u0131 Ke\u015ffetmenin Tam Zaman\u0131![:] - JULES VERNE BUSINESS MICE TRAVEL\" \/>\n<meta property=\"og:description\" content=\"G\u00fcney Avrupa\u2019n\u0131n en g\u00fczel \u015fehirlerine yolculuk ba\u015flas\u0131n!T\u00fcrk Hava Yollar\u0131&#039;n\u0131n sonbahar kampanyas\u0131 ile G\u00fcney Avrupa\u2019n\u0131n en g\u00fczel \u015fehirlerini 129 USD\u2019den ba\u015flayan fiyatlarla ke\u015ffetmeye ne dersiniz? Lizbon, Porto, Barselona, Madrid, Valencia, Bilbao, Paris, Nice, Atina, Milano, Roma, Venedik, Palermo ve daha pek \u00e7ok \u015fehre T\u00fcrk Hava Yollar\u0131\u2019n\u0131n avantajl\u0131 fiyatlarla u\u00e7un!\" \/>\n<meta property=\"og:url\" content=\"https:\/\/julesverne.com.tr\/haberler\/thy-sonbahar-kampanyasi-ile-guney-avrupayi-kesfetmenin-tam-zamani\/\" \/>\n<meta property=\"og:site_name\" content=\"JULES VERNE BUSINESS MICE TRAVEL\" \/>\n<meta property=\"article:publisher\" content=\"https:\/\/www.facebook.com\/JulesVerneBusinessMiceTravel\/\" \/>\n<meta property=\"article:published_time\" content=\"2023-09-14T14:59:33+00:00\" \/>\n<meta property=\"article:modified_time\" content=\"2023-09-15T07:38:31+00:00\" \/>\n<meta property=\"og:image\" content=\"https:\/\/julesverne.com.tr\/wp-content\/uploads\/2022\/03\/Porto-1-1-scaled.jpg\" \/>\n\t<meta property=\"og:image:width\" content=\"1600\" \/>\n\t<meta property=\"og:image:height\" content=\"945\" \/>\n\t<meta property=\"og:image:type\" content=\"image\/jpeg\" \/>\n<meta name=\"author\" content=\"Ebru Alt\u0131n\" \/>\n<meta name=\"twitter:card\" content=\"summary_large_image\" \/>\n<meta name=\"twitter:creator\" content=\"@JV_BusinessMice\" \/>\n<meta name=\"twitter:site\" content=\"@JV_BusinessMice\" \/>\n<meta name=\"twitter:label1\" content=\"Written by\" \/>\n\t<meta name=\"twitter:data1\" content=\"Ebru Alt\u0131n\" \/>\n\t<meta name=\"twitter:label2\" content=\"Est. reading time\" \/>\n\t<meta name=\"twitter:data2\" content=\"4 minutes\" \/>\n<script type=\"application\/ld+json\" class=\"yoast-schema-graph\">{\"@context\":\"https:\/\/schema.org\",\"@graph\":[{\"@type\":\"Article\",\"@id\":\"https:\/\/julesverne.com.tr\/haberler\/thy-sonbahar-kampanyasi-ile-guney-avrupayi-kesfetmenin-tam-zamani\/#article\",\"isPartOf\":{\"@id\":\"https:\/\/julesverne.com.tr\/haberler\/thy-sonbahar-kampanyasi-ile-guney-avrupayi-kesfetmenin-tam-zamani\/\"},\"author\":{\"name\":\"Ebru Alt\u0131n\",\"@id\":\"https:\/\/julesverne.com.tr\/#\/schema\/person\/219931edfe2e7d9cbbcbabb8a7e4c7f4\"},\"headline\":\"(TR) THY Sonbahar Kampanyas\u0131 ile G\u00fcney Avrupa\u2019y\u0131 Ke\u015ffetmenin Tam Zaman\u0131!\",\"datePublished\":\"2023-09-14T14:59:33+00:00\",\"dateModified\":\"2023-09-15T07:38:31+00:00\",\"mainEntityOfPage\":{\"@id\":\"https:\/\/julesverne.com.tr\/haberler\/thy-sonbahar-kampanyasi-ile-guney-avrupayi-kesfetmenin-tam-zamani\/\"},\"wordCount\":595,\"publisher\":{\"@id\":\"https:\/\/julesverne.com.tr\/#organization\"},\"image\":{\"@id\":\"https:\/\/julesverne.com.tr\/haberler\/thy-sonbahar-kampanyasi-ile-guney-avrupayi-kesfetmenin-tam-zamani\/#primaryimage\"},\"thumbnailUrl\":\"https:\/\/julesverne.com.tr\/wp-content\/uploads\/2022\/03\/Porto-1-1-scaled.jpg\",\"keywords\":[\"THY Kampanya\",\"Travel Haberler\"],\"articleSection\":[\"Business Haberler\",\"News\",\"Travel Haberler\"],\"inLanguage\":\"en-US\"},{\"@type\":\"WebPage\",\"@id\":\"https:\/\/julesverne.com.tr\/haberler\/thy-sonbahar-kampanyasi-ile-guney-avrupayi-kesfetmenin-tam-zamani\/\",\"url\":\"https:\/\/julesverne.com.tr\/haberler\/thy-sonbahar-kampanyasi-ile-guney-avrupayi-kesfetmenin-tam-zamani\/\",\"name\":\"[:tr]THY Sonbahar Kampanyas\u0131 ile G\u00fcney Avrupa\u2019y\u0131 Ke\u015ffetmenin Tam Zaman\u0131![:] - JULES VERNE BUSINESS MICE TRAVEL\",\"isPartOf\":{\"@id\":\"https:\/\/julesverne.com.tr\/#website\"},\"primaryImageOfPage\":{\"@id\":\"https:\/\/julesverne.com.tr\/haberler\/thy-sonbahar-kampanyasi-ile-guney-avrupayi-kesfetmenin-tam-zamani\/#primaryimage\"},\"image\":{\"@id\":\"https:\/\/julesverne.com.tr\/haberler\/thy-sonbahar-kampanyasi-ile-guney-avrupayi-kesfetmenin-tam-zamani\/#primaryimage\"},\"thumbnailUrl\":\"https:\/\/julesverne.com.tr\/wp-content\/uploads\/2022\/03\/Porto-1-1-scaled.jpg\",\"datePublished\":\"2023-09-14T14:59:33+00:00\",\"dateModified\":\"2023-09-15T07:38:31+00:00\",\"description\":\"G\u00fcney Avrupa\u2019n\u0131n en g\u00fczel \u015fehirlerine yolculuk ba\u015flas\u0131n!T\u00fcrk Hava Yollar\u0131'n\u0131n sonbahar kampanyas\u0131 ile G\u00fcney Avrupa\u2019n\u0131n en g\u00fczel \u015fehirlerini 129 USD\u2019den ba\u015flayan fiyatlarla ke\u015ffetmeye ne dersiniz? Lizbon, Porto, Barselona, Madrid, Valencia, Bilbao, Paris, Nice, Atina, Milano, Roma, Venedik, Palermo ve daha pek \u00e7ok \u015fehre T\u00fcrk Hava Yollar\u0131\u2019n\u0131n avantajl\u0131 fiyatlarla u\u00e7un!\",\"breadcrumb\":{\"@id\":\"https:\/\/julesverne.com.tr\/haberler\/thy-sonbahar-kampanyasi-ile-guney-avrupayi-kesfetmenin-tam-zamani\/#breadcrumb\"},\"inLanguage\":\"en-US\",\"potentialAction\":[{\"@type\":\"ReadAction\",\"target\":[\"https:\/\/julesverne.com.tr\/haberler\/thy-sonbahar-kampanyasi-ile-guney-avrupayi-kesfetmenin-tam-zamani\/\"]}]},{\"@type\":\"ImageObject\",\"inLanguage\":\"en-US\",\"@id\":\"https:\/\/julesverne.com.tr\/haberler\/thy-sonbahar-kampanyasi-ile-guney-avrupayi-kesfetmenin-tam-zamani\/#primaryimage\",\"url\":\"https:\/\/julesverne.com.tr\/wp-content\/uploads\/2022\/03\/Porto-1-1-scaled.jpg\",\"contentUrl\":\"https:\/\/julesverne.com.tr\/wp-content\/uploads\/2022\/03\/Porto-1-1-scaled.jpg\",\"width\":1600,\"height\":945},{\"@type\":\"BreadcrumbList\",\"@id\":\"https:\/\/julesverne.com.tr\/haberler\/thy-sonbahar-kampanyasi-ile-guney-avrupayi-kesfetmenin-tam-zamani\/#breadcrumb\",\"itemListElement\":[{\"@type\":\"ListItem\",\"position\":1,\"name\":\"Anasayfa\",\"item\":\"https:\/\/julesverne.com.tr\/\"},{\"@type\":\"ListItem\",\"position\":2,\"name\":\"THY Sonbahar Kampanyas\u0131 ile G\u00fcney Avrupa\u2019y\u0131 Ke\u015ffetmenin Tam Zaman\u0131!\"}]},{\"@type\":\"WebSite\",\"@id\":\"https:\/\/julesverne.com.tr\/#website\",\"url\":\"https:\/\/julesverne.com.tr\/\",\"name\":\"JULES VERNE BUSINESS MICE TRAVEL\",\"description\":\"\",\"publisher\":{\"@id\":\"https:\/\/julesverne.com.tr\/#organization\"},\"potentialAction\":[{\"@type\":\"SearchAction\",\"target\":{\"@type\":\"EntryPoint\",\"urlTemplate\":\"https:\/\/julesverne.com.tr\/?s={search_term_string}\"},\"query-input\":\"required name=search_term_string\"}],\"inLanguage\":\"en-US\"},{\"@type\":\"Organization\",\"@id\":\"https:\/\/julesverne.com.tr\/#organization\",\"name\":\"JULES VERNE BUSINESS MICE TRAVEL\",\"url\":\"https:\/\/julesverne.com.tr\/\",\"logo\":{\"@type\":\"ImageObject\",\"inLanguage\":\"en-US\",\"@id\":\"https:\/\/julesverne.com.tr\/#\/schema\/logo\/image\/\",\"url\":\"https:\/\/julesverne.com.tr\/wp-content\/uploads\/2020\/09\/jv-bmt-logo.png\",\"contentUrl\":\"https:\/\/julesverne.com.tr\/wp-content\/uploads\/2020\/09\/jv-bmt-logo.png\",\"width\":110,\"height\":81,\"caption\":\"JULES VERNE BUSINESS MICE TRAVEL\"},\"image\":{\"@id\":\"https:\/\/julesverne.com.tr\/#\/schema\/logo\/image\/\"},\"sameAs\":[\"https:\/\/www.facebook.com\/JulesVerneBusinessMiceTravel\/\",\"https:\/\/twitter.com\/JV_BusinessMice\",\"https:\/\/www.instagram.com\/julesvernebusinessmicetravel\/\",\"https:\/\/www.linkedin.com\/company\/julesvernebusinessmicetravel\/\",\"https:\/\/www.youtube.com\/channel\/UCAwdsmbZ6tFhu1tea6pkpiw\"]},{\"@type\":\"Person\",\"@id\":\"https:\/\/julesverne.com.tr\/#\/schema\/person\/219931edfe2e7d9cbbcbabb8a7e4c7f4\",\"name\":\"Ebru Alt\u0131n\",\"url\":\"https:\/\/julesverne.com.tr\/en\/author\/ebru-altin\/\"}]}<\/script>\n<!-- \/ Yoast SEO plugin. -->","yoast_head_json":{"title":"[:tr]THY Sonbahar Kampanyas\u0131 ile G\u00fcney Avrupa\u2019y\u0131 Ke\u015ffetmenin Tam Zaman\u0131![:] - JULES VERNE BUSINESS MICE TRAVEL","description":"G\u00fcney Avrupa\u2019n\u0131n en g\u00fczel \u015fehirlerine yolculuk ba\u015flas\u0131n!T\u00fcrk Hava Yollar\u0131'n\u0131n sonbahar kampanyas\u0131 ile G\u00fcney Avrupa\u2019n\u0131n en g\u00fczel \u015fehirlerini 129 USD\u2019den ba\u015flayan fiyatlarla ke\u015ffetmeye ne dersiniz? Lizbon, Porto, Barselona, Madrid, Valencia, Bilbao, Paris, Nice, Atina, Milano, Roma, Venedik, Palermo ve daha pek \u00e7ok \u015fehre T\u00fcrk Hava Yollar\u0131\u2019n\u0131n avantajl\u0131 fiyatlarla u\u00e7un!","robots":{"index":"index","follow":"follow","max-snippet":"max-snippet:-1","max-image-preview":"max-image-preview:large","max-video-preview":"max-video-preview:-1"},"canonical":"https:\/\/julesverne.com.tr\/haberler\/thy-sonbahar-kampanyasi-ile-guney-avrupayi-kesfetmenin-tam-zamani\/","og_locale":"en_US","og_type":"article","og_title":"[:tr]THY Sonbahar Kampanyas\u0131 ile G\u00fcney Avrupa\u2019y\u0131 Ke\u015ffetmenin Tam Zaman\u0131![:] - JULES VERNE BUSINESS MICE TRAVEL","og_description":"G\u00fcney Avrupa\u2019n\u0131n en g\u00fczel \u015fehirlerine yolculuk ba\u015flas\u0131n!T\u00fcrk Hava Yollar\u0131'n\u0131n sonbahar kampanyas\u0131 ile G\u00fcney Avrupa\u2019n\u0131n en g\u00fczel \u015fehirlerini 129 USD\u2019den ba\u015flayan fiyatlarla ke\u015ffetmeye ne dersiniz? Lizbon, Porto, Barselona, Madrid, Valencia, Bilbao, Paris, Nice, Atina, Milano, Roma, Venedik, Palermo ve daha pek \u00e7ok \u015fehre T\u00fcrk Hava Yollar\u0131\u2019n\u0131n avantajl\u0131 fiyatlarla u\u00e7un!","og_url":"https:\/\/julesverne.com.tr\/haberler\/thy-sonbahar-kampanyasi-ile-guney-avrupayi-kesfetmenin-tam-zamani\/","og_site_name":"JULES VERNE BUSINESS MICE TRAVEL","article_publisher":"https:\/\/www.facebook.com\/JulesVerneBusinessMiceTravel\/","article_published_time":"2023-09-14T14:59:33+00:00","article_modified_time":"2023-09-15T07:38:31+00:00","og_image":[{"width":1600,"height":945,"url":"https:\/\/julesverne.com.tr\/wp-content\/uploads\/2022\/03\/Porto-1-1-scaled.jpg","type":"image\/jpeg"}],"author":"Ebru Alt\u0131n","twitter_card":"summary_large_image","twitter_creator":"@JV_BusinessMice","twitter_site":"@JV_BusinessMice","twitter_misc":{"Written by":"Ebru Alt\u0131n","Est. reading time":"4 minutes"},"schema":{"@context":"https:\/\/schema.org","@graph":[{"@type":"Article","@id":"https:\/\/julesverne.com.tr\/haberler\/thy-sonbahar-kampanyasi-ile-guney-avrupayi-kesfetmenin-tam-zamani\/#article","isPartOf":{"@id":"https:\/\/julesverne.com.tr\/haberler\/thy-sonbahar-kampanyasi-ile-guney-avrupayi-kesfetmenin-tam-zamani\/"},"author":{"name":"Ebru Alt\u0131n","@id":"https:\/\/julesverne.com.tr\/#\/schema\/person\/219931edfe2e7d9cbbcbabb8a7e4c7f4"},"headline":"(TR) THY Sonbahar Kampanyas\u0131 ile G\u00fcney Avrupa\u2019y\u0131 Ke\u015ffetmenin Tam Zaman\u0131!","datePublished":"2023-09-14T14:59:33+00:00","dateModified":"2023-09-15T07:38:31+00:00","mainEntityOfPage":{"@id":"https:\/\/julesverne.com.tr\/haberler\/thy-sonbahar-kampanyasi-ile-guney-avrupayi-kesfetmenin-tam-zamani\/"},"wordCount":595,"publisher":{"@id":"https:\/\/julesverne.com.tr\/#organization"},"image":{"@id":"https:\/\/julesverne.com.tr\/haberler\/thy-sonbahar-kampanyasi-ile-guney-avrupayi-kesfetmenin-tam-zamani\/#primaryimage"},"thumbnailUrl":"https:\/\/julesverne.com.tr\/wp-content\/uploads\/2022\/03\/Porto-1-1-scaled.jpg","keywords":["THY Kampanya","Travel Haberler"],"articleSection":["Business Haberler","News","Travel Haberler"],"inLanguage":"en-US"},{"@type":"WebPage","@id":"https:\/\/julesverne.com.tr\/haberler\/thy-sonbahar-kampanyasi-ile-guney-avrupayi-kesfetmenin-tam-zamani\/","url":"https:\/\/julesverne.com.tr\/haberler\/thy-sonbahar-kampanyasi-ile-guney-avrupayi-kesfetmenin-tam-zamani\/","name":"[:tr]THY Sonbahar Kampanyas\u0131 ile G\u00fcney Avrupa\u2019y\u0131 Ke\u015ffetmenin Tam Zaman\u0131![:] - JULES VERNE BUSINESS MICE TRAVEL","isPartOf":{"@id":"https:\/\/julesverne.com.tr\/#website"},"primaryImageOfPage":{"@id":"https:\/\/julesverne.com.tr\/haberler\/thy-sonbahar-kampanyasi-ile-guney-avrupayi-kesfetmenin-tam-zamani\/#primaryimage"},"image":{"@id":"https:\/\/julesverne.com.tr\/haberler\/thy-sonbahar-kampanyasi-ile-guney-avrupayi-kesfetmenin-tam-zamani\/#primaryimage"},"thumbnailUrl":"https:\/\/julesverne.com.tr\/wp-content\/uploads\/2022\/03\/Porto-1-1-scaled.jpg","datePublished":"2023-09-14T14:59:33+00:00","dateModified":"2023-09-15T07:38:31+00:00","description":"G\u00fcney Avrupa\u2019n\u0131n en g\u00fczel \u015fehirlerine yolculuk ba\u015flas\u0131n!T\u00fcrk Hava Yollar\u0131'n\u0131n sonbahar kampanyas\u0131 ile G\u00fcney Avrupa\u2019n\u0131n en g\u00fczel \u015fehirlerini 129 USD\u2019den ba\u015flayan fiyatlarla ke\u015ffetmeye ne dersiniz? Lizbon, Porto, Barselona, Madrid, Valencia, Bilbao, Paris, Nice, Atina, Milano, Roma, Venedik, Palermo ve daha pek \u00e7ok \u015fehre T\u00fcrk Hava Yollar\u0131\u2019n\u0131n avantajl\u0131 fiyatlarla u\u00e7un!","breadcrumb":{"@id":"https:\/\/julesverne.com.tr\/haberler\/thy-sonbahar-kampanyasi-ile-guney-avrupayi-kesfetmenin-tam-zamani\/#breadcrumb"},"inLanguage":"en-US","potentialAction":[{"@type":"ReadAction","target":["https:\/\/julesverne.com.tr\/haberler\/thy-sonbahar-kampanyasi-ile-guney-avrupayi-kesfetmenin-tam-zamani\/"]}]},{"@type":"ImageObject","inLanguage":"en-US","@id":"https:\/\/julesverne.com.tr\/haberler\/thy-sonbahar-kampanyasi-ile-guney-avrupayi-kesfetmenin-tam-zamani\/#primaryimage","url":"https:\/\/julesverne.com.tr\/wp-content\/uploads\/2022\/03\/Porto-1-1-scaled.jpg","contentUrl":"https:\/\/julesverne.com.tr\/wp-content\/uploads\/2022\/03\/Porto-1-1-scaled.jpg","width":1600,"height":945},{"@type":"BreadcrumbList","@id":"https:\/\/julesverne.com.tr\/haberler\/thy-sonbahar-kampanyasi-ile-guney-avrupayi-kesfetmenin-tam-zamani\/#breadcrumb","itemListElement":[{"@type":"ListItem","position":1,"name":"Anasayfa","item":"https:\/\/julesverne.com.tr\/"},{"@type":"ListItem","position":2,"name":"THY Sonbahar Kampanyas\u0131 ile G\u00fcney Avrupa\u2019y\u0131 Ke\u015ffetmenin Tam Zaman\u0131!"}]},{"@type":"WebSite","@id":"https:\/\/julesverne.com.tr\/#website","url":"https:\/\/julesverne.com.tr\/","name":"JULES VERNE BUSINESS MICE TRAVEL","description":"","publisher":{"@id":"https:\/\/julesverne.com.tr\/#organization"},"potentialAction":[{"@type":"SearchAction","target":{"@type":"EntryPoint","urlTemplate":"https:\/\/julesverne.com.tr\/?s={search_term_string}"},"query-input":"required name=search_term_string"}],"inLanguage":"en-US"},{"@type":"Organization","@id":"https:\/\/julesverne.com.tr\/#organization","name":"JULES VERNE BUSINESS MICE TRAVEL","url":"https:\/\/julesverne.com.tr\/","logo":{"@type":"ImageObject","inLanguage":"en-US","@id":"https:\/\/julesverne.com.tr\/#\/schema\/logo\/image\/","url":"https:\/\/julesverne.com.tr\/wp-content\/uploads\/2020\/09\/jv-bmt-logo.png","contentUrl":"https:\/\/julesverne.com.tr\/wp-content\/uploads\/2020\/09\/jv-bmt-logo.png","width":110,"height":81,"caption":"JULES VERNE BUSINESS MICE TRAVEL"},"image":{"@id":"https:\/\/julesverne.com.tr\/#\/schema\/logo\/image\/"},"sameAs":["https:\/\/www.facebook.com\/JulesVerneBusinessMiceTravel\/","https:\/\/twitter.com\/JV_BusinessMice","https:\/\/www.instagram.com\/julesvernebusinessmicetravel\/","https:\/\/www.linkedin.com\/company\/julesvernebusinessmicetravel\/","https:\/\/www.youtube.com\/channel\/UCAwdsmbZ6tFhu1tea6pkpiw"]},{"@type":"Person","@id":"https:\/\/julesverne.com.tr\/#\/schema\/person\/219931edfe2e7d9cbbcbabb8a7e4c7f4","name":"Ebru Alt\u0131n","url":"https:\/\/julesverne.com.tr\/en\/author\/ebru-altin\/"}]}},"_links":{"self":[{"href":"https:\/\/julesverne.com.tr\/en\/wp-json\/wp\/v2\/posts\/15732"}],"collection":[{"href":"https:\/\/julesverne.com.tr\/en\/wp-json\/wp\/v2\/posts"}],"about":[{"href":"https:\/\/julesverne.com.tr\/en\/wp-json\/wp\/v2\/types\/post"}],"author":[{"embeddable":true,"href":"https:\/\/julesverne.com.tr\/en\/wp-json\/wp\/v2\/users\/10"}],"replies":[{"embeddable":true,"href":"https:\/\/julesverne.com.tr\/en\/wp-json\/wp\/v2\/comments?post=15732"}],"version-history":[{"count":9,"href":"https:\/\/julesverne.com.tr\/en\/wp-json\/wp\/v2\/posts\/15732\/revisions"}],"predecessor-version":[{"id":15755,"href":"https:\/\/julesverne.com.tr\/en\/wp-json\/wp\/v2\/posts\/15732\/revisions\/15755"}],"wp:featuredmedia":[{"embeddable":true,"href":"https:\/\/julesverne.com.tr\/en\/wp-json\/wp\/v2\/media\/13012"}],"wp:attachment":[{"href":"https:\/\/julesverne.com.tr\/en\/wp-json\/wp\/v2\/media?parent=15732"}],"wp:term":[{"taxonomy":"category","embeddable":true,"href":"https:\/\/julesverne.com.tr\/en\/wp-json\/wp\/v2\/categories?post=15732"},{"taxonomy":"post_tag","embeddable":true,"href":"https:\/\/julesverne.com.tr\/en\/wp-json\/wp\/v2\/tags?post=15732"}],"curies":[{"name":"wp","href":"https:\/\/api.w.org\/{rel}","templated":true}]}}