{"id":15517,"date":"2023-08-03T13:46:23","date_gmt":"2023-08-03T10:46:23","guid":{"rendered":"https:\/\/julesverne.com.tr\/?p=15517"},"modified":"2023-08-04T10:42:51","modified_gmt":"2023-08-04T07:42:51","slug":"avrupanin-yeralti-dunya-miraslari","status":"publish","type":"post","link":"https:\/\/julesverne.com.tr\/en\/travel-blog\/avrupanin-yeralti-dunya-miraslari\/","title":{"rendered":"(TR) Avrupa\u2019n\u0131n Yeralt\u0131 D\u00fcnya Miraslar\u0131"},"content":{"rendered":"<p class=\"qtranxs-available-languages-message qtranxs-available-languages-message-en\">Sorry, this entry is only available in <a href=\"https:\/\/julesverne.com.tr\/tr\/wp-json\/wp\/v2\/posts\/15517\" class=\"qtranxs-available-language-link qtranxs-available-language-link-tr\" title=\"TR\">Turkish<\/a>.<\/p>","protected":false},"excerpt":{"rendered":"<p>Sorry, this entry is only available in Turkish.<\/p>\n","protected":false},"author":10,"featured_media":15528,"comment_status":"closed","ping_status":"closed","sticky":false,"template":"","format":"standard","meta":{"inline_featured_image":false,"footnotes":""},"categories":[38,1,39],"tags":[77,73,245],"acf":[],"yoast_head":"<!-- This site is optimized with the Yoast SEO plugin v22.3 - https:\/\/yoast.com\/wordpress\/plugins\/seo\/ -->\n<title><\/title>\n<meta name=\"description\" content=\"G\u00fcn\u00fcm\u00fczde gezginlere a\u00e7\u0131k olan bu inan\u0131lmaz D\u00fcnya Miras\u0131 alanlar\u0131, \u00fcrk\u00fct\u00fcc\u00fc bir end\u00fcstriyel g\u00fczellik ve maceral\u0131 bir ke\u015fif f\u0131rsat\u0131yla ziyaret\u00e7ilerini \u015fa\u015f\u0131rtmaya devam ediyor. \u00a0Almanya&#039;dan Macaristan&#039;a; Slovakya&#039;dan Polonya&#039;ya; Fransa&#039;dan Bel\u00e7ika ve \u0130sve\u00e7&#039;e kadar uzanan Yeralt\u0131 Avrupas\u0131&#039;n\u0131n ke\u015ffedilmeyi bekleyen en g\u00fczel noktalar\u0131...\" \/>\n<meta name=\"robots\" content=\"index, follow, max-snippet:-1, max-image-preview:large, max-video-preview:-1\" \/>\n<link rel=\"canonical\" href=\"https:\/\/julesverne.com.tr\/travel-blog\/avrupanin-yeralti-dunya-miraslari\/\" \/>\n<meta property=\"og:locale\" content=\"en_US\" \/>\n<meta property=\"og:type\" content=\"article\" \/>\n<meta property=\"og:title\" content=\"[:tr]Avrupa\u2019n\u0131n Yeralt\u0131 D\u00fcnya Miraslar\u0131[:] - JULES VERNE BUSINESS MICE TRAVEL\" \/>\n<meta property=\"og:description\" content=\"G\u00fcn\u00fcm\u00fczde gezginlere a\u00e7\u0131k olan bu inan\u0131lmaz D\u00fcnya Miras\u0131 alanlar\u0131, \u00fcrk\u00fct\u00fcc\u00fc bir end\u00fcstriyel g\u00fczellik ve maceral\u0131 bir ke\u015fif f\u0131rsat\u0131yla ziyaret\u00e7ilerini \u015fa\u015f\u0131rtmaya devam ediyor. \u00a0Almanya&#039;dan Macaristan&#039;a; Slovakya&#039;dan Polonya&#039;ya; Fransa&#039;dan Bel\u00e7ika ve \u0130sve\u00e7&#039;e kadar uzanan Yeralt\u0131 Avrupas\u0131&#039;n\u0131n ke\u015ffedilmeyi bekleyen en g\u00fczel noktalar\u0131...\" \/>\n<meta property=\"og:url\" content=\"https:\/\/julesverne.com.tr\/travel-blog\/avrupanin-yeralti-dunya-miraslari\/\" \/>\n<meta property=\"og:site_name\" content=\"JULES VERNE BUSINESS MICE TRAVEL\" \/>\n<meta property=\"article:publisher\" content=\"https:\/\/www.facebook.com\/JulesVerneBusinessMiceTravel\/\" \/>\n<meta property=\"article:published_time\" content=\"2023-08-03T10:46:23+00:00\" \/>\n<meta property=\"article:modified_time\" content=\"2023-08-04T07:42:51+00:00\" \/>\n<meta property=\"og:image\" content=\"https:\/\/julesverne.com.tr\/wp-content\/uploads\/2023\/07\/Wieliczka.jpg\" \/>\n\t<meta property=\"og:image:width\" content=\"1200\" \/>\n\t<meta property=\"og:image:height\" content=\"800\" \/>\n\t<meta property=\"og:image:type\" content=\"image\/jpeg\" \/>\n<meta name=\"author\" content=\"Ebru Alt\u0131n\" \/>\n<meta name=\"twitter:card\" content=\"summary_large_image\" \/>\n<meta name=\"twitter:creator\" content=\"@JV_BusinessMice\" \/>\n<meta name=\"twitter:site\" content=\"@JV_BusinessMice\" \/>\n<meta name=\"twitter:label1\" content=\"Written by\" \/>\n\t<meta name=\"twitter:data1\" content=\"Ebru Alt\u0131n\" \/>\n\t<meta name=\"twitter:label2\" content=\"Est. reading time\" \/>\n\t<meta name=\"twitter:data2\" content=\"8 minutes\" \/>\n<script type=\"application\/ld+json\" class=\"yoast-schema-graph\">{\"@context\":\"https:\/\/schema.org\",\"@graph\":[{\"@type\":\"Article\",\"@id\":\"https:\/\/julesverne.com.tr\/travel-blog\/avrupanin-yeralti-dunya-miraslari\/#article\",\"isPartOf\":{\"@id\":\"https:\/\/julesverne.com.tr\/travel-blog\/avrupanin-yeralti-dunya-miraslari\/\"},\"author\":{\"name\":\"Ebru Alt\u0131n\",\"@id\":\"https:\/\/julesverne.com.tr\/#\/schema\/person\/219931edfe2e7d9cbbcbabb8a7e4c7f4\"},\"headline\":\"(TR) Avrupa\u2019n\u0131n Yeralt\u0131 D\u00fcnya Miraslar\u0131\",\"datePublished\":\"2023-08-03T10:46:23+00:00\",\"dateModified\":\"2023-08-04T07:42:51+00:00\",\"mainEntityOfPage\":{\"@id\":\"https:\/\/julesverne.com.tr\/travel-blog\/avrupanin-yeralti-dunya-miraslari\/\"},\"wordCount\":1288,\"publisher\":{\"@id\":\"https:\/\/julesverne.com.tr\/#organization\"},\"image\":{\"@id\":\"https:\/\/julesverne.com.tr\/travel-blog\/avrupanin-yeralti-dunya-miraslari\/#primaryimage\"},\"thumbnailUrl\":\"https:\/\/julesverne.com.tr\/wp-content\/uploads\/2023\/07\/Wieliczka.jpg\",\"keywords\":[\"\u0130lham Veren Destinasyonlar\",\"Nereye Gitsek\",\"Seyahat Blog\"],\"articleSection\":[\"\u0130lham Veren Destinasyonlar\",\"Blog\",\"Nereye Gitsek?\"],\"inLanguage\":\"en-US\"},{\"@type\":\"WebPage\",\"@id\":\"https:\/\/julesverne.com.tr\/travel-blog\/avrupanin-yeralti-dunya-miraslari\/\",\"url\":\"https:\/\/julesverne.com.tr\/travel-blog\/avrupanin-yeralti-dunya-miraslari\/\",\"name\":\"[:tr]Avrupa\u2019n\u0131n Yeralt\u0131 D\u00fcnya Miraslar\u0131[:] - JULES VERNE BUSINESS MICE TRAVEL\",\"isPartOf\":{\"@id\":\"https:\/\/julesverne.com.tr\/#website\"},\"primaryImageOfPage\":{\"@id\":\"https:\/\/julesverne.com.tr\/travel-blog\/avrupanin-yeralti-dunya-miraslari\/#primaryimage\"},\"image\":{\"@id\":\"https:\/\/julesverne.com.tr\/travel-blog\/avrupanin-yeralti-dunya-miraslari\/#primaryimage\"},\"thumbnailUrl\":\"https:\/\/julesverne.com.tr\/wp-content\/uploads\/2023\/07\/Wieliczka.jpg\",\"datePublished\":\"2023-08-03T10:46:23+00:00\",\"dateModified\":\"2023-08-04T07:42:51+00:00\",\"description\":\"G\u00fcn\u00fcm\u00fczde gezginlere a\u00e7\u0131k olan bu inan\u0131lmaz D\u00fcnya Miras\u0131 alanlar\u0131, \u00fcrk\u00fct\u00fcc\u00fc bir end\u00fcstriyel g\u00fczellik ve maceral\u0131 bir ke\u015fif f\u0131rsat\u0131yla ziyaret\u00e7ilerini \u015fa\u015f\u0131rtmaya devam ediyor. \u00a0Almanya'dan Macaristan'a; Slovakya'dan Polonya'ya; Fransa'dan Bel\u00e7ika ve \u0130sve\u00e7'e kadar uzanan Yeralt\u0131 Avrupas\u0131'n\u0131n ke\u015ffedilmeyi bekleyen en g\u00fczel noktalar\u0131...\",\"breadcrumb\":{\"@id\":\"https:\/\/julesverne.com.tr\/travel-blog\/avrupanin-yeralti-dunya-miraslari\/#breadcrumb\"},\"inLanguage\":\"en-US\",\"potentialAction\":[{\"@type\":\"ReadAction\",\"target\":[\"https:\/\/julesverne.com.tr\/travel-blog\/avrupanin-yeralti-dunya-miraslari\/\"]}]},{\"@type\":\"ImageObject\",\"inLanguage\":\"en-US\",\"@id\":\"https:\/\/julesverne.com.tr\/travel-blog\/avrupanin-yeralti-dunya-miraslari\/#primaryimage\",\"url\":\"https:\/\/julesverne.com.tr\/wp-content\/uploads\/2023\/07\/Wieliczka.jpg\",\"contentUrl\":\"https:\/\/julesverne.com.tr\/wp-content\/uploads\/2023\/07\/Wieliczka.jpg\",\"width\":1200,\"height\":800},{\"@type\":\"BreadcrumbList\",\"@id\":\"https:\/\/julesverne.com.tr\/travel-blog\/avrupanin-yeralti-dunya-miraslari\/#breadcrumb\",\"itemListElement\":[{\"@type\":\"ListItem\",\"position\":1,\"name\":\"Anasayfa\",\"item\":\"https:\/\/julesverne.com.tr\/\"},{\"@type\":\"ListItem\",\"position\":2,\"name\":\"Avrupa\u2019n\u0131n Yeralt\u0131 D\u00fcnya Miraslar\u0131\"}]},{\"@type\":\"WebSite\",\"@id\":\"https:\/\/julesverne.com.tr\/#website\",\"url\":\"https:\/\/julesverne.com.tr\/\",\"name\":\"JULES VERNE BUSINESS MICE TRAVEL\",\"description\":\"\",\"publisher\":{\"@id\":\"https:\/\/julesverne.com.tr\/#organization\"},\"potentialAction\":[{\"@type\":\"SearchAction\",\"target\":{\"@type\":\"EntryPoint\",\"urlTemplate\":\"https:\/\/julesverne.com.tr\/?s={search_term_string}\"},\"query-input\":\"required name=search_term_string\"}],\"inLanguage\":\"en-US\"},{\"@type\":\"Organization\",\"@id\":\"https:\/\/julesverne.com.tr\/#organization\",\"name\":\"JULES VERNE BUSINESS MICE TRAVEL\",\"url\":\"https:\/\/julesverne.com.tr\/\",\"logo\":{\"@type\":\"ImageObject\",\"inLanguage\":\"en-US\",\"@id\":\"https:\/\/julesverne.com.tr\/#\/schema\/logo\/image\/\",\"url\":\"https:\/\/julesverne.com.tr\/wp-content\/uploads\/2020\/09\/jv-bmt-logo.png\",\"contentUrl\":\"https:\/\/julesverne.com.tr\/wp-content\/uploads\/2020\/09\/jv-bmt-logo.png\",\"width\":110,\"height\":81,\"caption\":\"JULES VERNE BUSINESS MICE TRAVEL\"},\"image\":{\"@id\":\"https:\/\/julesverne.com.tr\/#\/schema\/logo\/image\/\"},\"sameAs\":[\"https:\/\/www.facebook.com\/JulesVerneBusinessMiceTravel\/\",\"https:\/\/twitter.com\/JV_BusinessMice\",\"https:\/\/www.instagram.com\/julesvernebusinessmicetravel\/\",\"https:\/\/www.linkedin.com\/company\/julesvernebusinessmicetravel\/\",\"https:\/\/www.youtube.com\/channel\/UCAwdsmbZ6tFhu1tea6pkpiw\"]},{\"@type\":\"Person\",\"@id\":\"https:\/\/julesverne.com.tr\/#\/schema\/person\/219931edfe2e7d9cbbcbabb8a7e4c7f4\",\"name\":\"Ebru Alt\u0131n\",\"url\":\"https:\/\/julesverne.com.tr\/en\/author\/ebru-altin\/\"}]}<\/script>\n<!-- \/ Yoast SEO plugin. -->","yoast_head_json":{"title":"[:tr]Avrupa\u2019n\u0131n Yeralt\u0131 D\u00fcnya Miraslar\u0131[:] - JULES VERNE BUSINESS MICE TRAVEL","description":"G\u00fcn\u00fcm\u00fczde gezginlere a\u00e7\u0131k olan bu inan\u0131lmaz D\u00fcnya Miras\u0131 alanlar\u0131, \u00fcrk\u00fct\u00fcc\u00fc bir end\u00fcstriyel g\u00fczellik ve maceral\u0131 bir ke\u015fif f\u0131rsat\u0131yla ziyaret\u00e7ilerini \u015fa\u015f\u0131rtmaya devam ediyor. \u00a0Almanya'dan Macaristan'a; Slovakya'dan Polonya'ya; Fransa'dan Bel\u00e7ika ve \u0130sve\u00e7'e kadar uzanan Yeralt\u0131 Avrupas\u0131'n\u0131n ke\u015ffedilmeyi bekleyen en g\u00fczel noktalar\u0131...","robots":{"index":"index","follow":"follow","max-snippet":"max-snippet:-1","max-image-preview":"max-image-preview:large","max-video-preview":"max-video-preview:-1"},"canonical":"https:\/\/julesverne.com.tr\/travel-blog\/avrupanin-yeralti-dunya-miraslari\/","og_locale":"en_US","og_type":"article","og_title":"[:tr]Avrupa\u2019n\u0131n Yeralt\u0131 D\u00fcnya Miraslar\u0131[:] - JULES VERNE BUSINESS MICE TRAVEL","og_description":"G\u00fcn\u00fcm\u00fczde gezginlere a\u00e7\u0131k olan bu inan\u0131lmaz D\u00fcnya Miras\u0131 alanlar\u0131, \u00fcrk\u00fct\u00fcc\u00fc bir end\u00fcstriyel g\u00fczellik ve maceral\u0131 bir ke\u015fif f\u0131rsat\u0131yla ziyaret\u00e7ilerini \u015fa\u015f\u0131rtmaya devam ediyor. \u00a0Almanya'dan Macaristan'a; Slovakya'dan Polonya'ya; Fransa'dan Bel\u00e7ika ve \u0130sve\u00e7'e kadar uzanan Yeralt\u0131 Avrupas\u0131'n\u0131n ke\u015ffedilmeyi bekleyen en g\u00fczel noktalar\u0131...","og_url":"https:\/\/julesverne.com.tr\/travel-blog\/avrupanin-yeralti-dunya-miraslari\/","og_site_name":"JULES VERNE BUSINESS MICE TRAVEL","article_publisher":"https:\/\/www.facebook.com\/JulesVerneBusinessMiceTravel\/","article_published_time":"2023-08-03T10:46:23+00:00","article_modified_time":"2023-08-04T07:42:51+00:00","og_image":[{"width":1200,"height":800,"url":"https:\/\/julesverne.com.tr\/wp-content\/uploads\/2023\/07\/Wieliczka.jpg","type":"image\/jpeg"}],"author":"Ebru Alt\u0131n","twitter_card":"summary_large_image","twitter_creator":"@JV_BusinessMice","twitter_site":"@JV_BusinessMice","twitter_misc":{"Written by":"Ebru Alt\u0131n","Est. reading time":"8 minutes"},"schema":{"@context":"https:\/\/schema.org","@graph":[{"@type":"Article","@id":"https:\/\/julesverne.com.tr\/travel-blog\/avrupanin-yeralti-dunya-miraslari\/#article","isPartOf":{"@id":"https:\/\/julesverne.com.tr\/travel-blog\/avrupanin-yeralti-dunya-miraslari\/"},"author":{"name":"Ebru Alt\u0131n","@id":"https:\/\/julesverne.com.tr\/#\/schema\/person\/219931edfe2e7d9cbbcbabb8a7e4c7f4"},"headline":"(TR) Avrupa\u2019n\u0131n Yeralt\u0131 D\u00fcnya Miraslar\u0131","datePublished":"2023-08-03T10:46:23+00:00","dateModified":"2023-08-04T07:42:51+00:00","mainEntityOfPage":{"@id":"https:\/\/julesverne.com.tr\/travel-blog\/avrupanin-yeralti-dunya-miraslari\/"},"wordCount":1288,"publisher":{"@id":"https:\/\/julesverne.com.tr\/#organization"},"image":{"@id":"https:\/\/julesverne.com.tr\/travel-blog\/avrupanin-yeralti-dunya-miraslari\/#primaryimage"},"thumbnailUrl":"https:\/\/julesverne.com.tr\/wp-content\/uploads\/2023\/07\/Wieliczka.jpg","keywords":["\u0130lham Veren Destinasyonlar","Nereye Gitsek","Seyahat Blog"],"articleSection":["\u0130lham Veren Destinasyonlar","Blog","Nereye Gitsek?"],"inLanguage":"en-US"},{"@type":"WebPage","@id":"https:\/\/julesverne.com.tr\/travel-blog\/avrupanin-yeralti-dunya-miraslari\/","url":"https:\/\/julesverne.com.tr\/travel-blog\/avrupanin-yeralti-dunya-miraslari\/","name":"[:tr]Avrupa\u2019n\u0131n Yeralt\u0131 D\u00fcnya Miraslar\u0131[:] - JULES VERNE BUSINESS MICE TRAVEL","isPartOf":{"@id":"https:\/\/julesverne.com.tr\/#website"},"primaryImageOfPage":{"@id":"https:\/\/julesverne.com.tr\/travel-blog\/avrupanin-yeralti-dunya-miraslari\/#primaryimage"},"image":{"@id":"https:\/\/julesverne.com.tr\/travel-blog\/avrupanin-yeralti-dunya-miraslari\/#primaryimage"},"thumbnailUrl":"https:\/\/julesverne.com.tr\/wp-content\/uploads\/2023\/07\/Wieliczka.jpg","datePublished":"2023-08-03T10:46:23+00:00","dateModified":"2023-08-04T07:42:51+00:00","description":"G\u00fcn\u00fcm\u00fczde gezginlere a\u00e7\u0131k olan bu inan\u0131lmaz D\u00fcnya Miras\u0131 alanlar\u0131, \u00fcrk\u00fct\u00fcc\u00fc bir end\u00fcstriyel g\u00fczellik ve maceral\u0131 bir ke\u015fif f\u0131rsat\u0131yla ziyaret\u00e7ilerini \u015fa\u015f\u0131rtmaya devam ediyor. \u00a0Almanya'dan Macaristan'a; Slovakya'dan Polonya'ya; Fransa'dan Bel\u00e7ika ve \u0130sve\u00e7'e kadar uzanan Yeralt\u0131 Avrupas\u0131'n\u0131n ke\u015ffedilmeyi bekleyen en g\u00fczel noktalar\u0131...","breadcrumb":{"@id":"https:\/\/julesverne.com.tr\/travel-blog\/avrupanin-yeralti-dunya-miraslari\/#breadcrumb"},"inLanguage":"en-US","potentialAction":[{"@type":"ReadAction","target":["https:\/\/julesverne.com.tr\/travel-blog\/avrupanin-yeralti-dunya-miraslari\/"]}]},{"@type":"ImageObject","inLanguage":"en-US","@id":"https:\/\/julesverne.com.tr\/travel-blog\/avrupanin-yeralti-dunya-miraslari\/#primaryimage","url":"https:\/\/julesverne.com.tr\/wp-content\/uploads\/2023\/07\/Wieliczka.jpg","contentUrl":"https:\/\/julesverne.com.tr\/wp-content\/uploads\/2023\/07\/Wieliczka.jpg","width":1200,"height":800},{"@type":"BreadcrumbList","@id":"https:\/\/julesverne.com.tr\/travel-blog\/avrupanin-yeralti-dunya-miraslari\/#breadcrumb","itemListElement":[{"@type":"ListItem","position":1,"name":"Anasayfa","item":"https:\/\/julesverne.com.tr\/"},{"@type":"ListItem","position":2,"name":"Avrupa\u2019n\u0131n Yeralt\u0131 D\u00fcnya Miraslar\u0131"}]},{"@type":"WebSite","@id":"https:\/\/julesverne.com.tr\/#website","url":"https:\/\/julesverne.com.tr\/","name":"JULES VERNE BUSINESS MICE TRAVEL","description":"","publisher":{"@id":"https:\/\/julesverne.com.tr\/#organization"},"potentialAction":[{"@type":"SearchAction","target":{"@type":"EntryPoint","urlTemplate":"https:\/\/julesverne.com.tr\/?s={search_term_string}"},"query-input":"required name=search_term_string"}],"inLanguage":"en-US"},{"@type":"Organization","@id":"https:\/\/julesverne.com.tr\/#organization","name":"JULES VERNE BUSINESS MICE TRAVEL","url":"https:\/\/julesverne.com.tr\/","logo":{"@type":"ImageObject","inLanguage":"en-US","@id":"https:\/\/julesverne.com.tr\/#\/schema\/logo\/image\/","url":"https:\/\/julesverne.com.tr\/wp-content\/uploads\/2020\/09\/jv-bmt-logo.png","contentUrl":"https:\/\/julesverne.com.tr\/wp-content\/uploads\/2020\/09\/jv-bmt-logo.png","width":110,"height":81,"caption":"JULES VERNE BUSINESS MICE TRAVEL"},"image":{"@id":"https:\/\/julesverne.com.tr\/#\/schema\/logo\/image\/"},"sameAs":["https:\/\/www.facebook.com\/JulesVerneBusinessMiceTravel\/","https:\/\/twitter.com\/JV_BusinessMice","https:\/\/www.instagram.com\/julesvernebusinessmicetravel\/","https:\/\/www.linkedin.com\/company\/julesvernebusinessmicetravel\/","https:\/\/www.youtube.com\/channel\/UCAwdsmbZ6tFhu1tea6pkpiw"]},{"@type":"Person","@id":"https:\/\/julesverne.com.tr\/#\/schema\/person\/219931edfe2e7d9cbbcbabb8a7e4c7f4","name":"Ebru Alt\u0131n","url":"https:\/\/julesverne.com.tr\/en\/author\/ebru-altin\/"}]}},"_links":{"self":[{"href":"https:\/\/julesverne.com.tr\/en\/wp-json\/wp\/v2\/posts\/15517"}],"collection":[{"href":"https:\/\/julesverne.com.tr\/en\/wp-json\/wp\/v2\/posts"}],"about":[{"href":"https:\/\/julesverne.com.tr\/en\/wp-json\/wp\/v2\/types\/post"}],"author":[{"embeddable":true,"href":"https:\/\/julesverne.com.tr\/en\/wp-json\/wp\/v2\/users\/10"}],"replies":[{"embeddable":true,"href":"https:\/\/julesverne.com.tr\/en\/wp-json\/wp\/v2\/comments?post=15517"}],"version-history":[{"count":4,"href":"https:\/\/julesverne.com.tr\/en\/wp-json\/wp\/v2\/posts\/15517\/revisions"}],"predecessor-version":[{"id":15558,"href":"https:\/\/julesverne.com.tr\/en\/wp-json\/wp\/v2\/posts\/15517\/revisions\/15558"}],"wp:featuredmedia":[{"embeddable":true,"href":"https:\/\/julesverne.com.tr\/en\/wp-json\/wp\/v2\/media\/15528"}],"wp:attachment":[{"href":"https:\/\/julesverne.com.tr\/en\/wp-json\/wp\/v2\/media?parent=15517"}],"wp:term":[{"taxonomy":"category","embeddable":true,"href":"https:\/\/julesverne.com.tr\/en\/wp-json\/wp\/v2\/categories?post=15517"},{"taxonomy":"post_tag","embeddable":true,"href":"https:\/\/julesverne.com.tr\/en\/wp-json\/wp\/v2\/tags?post=15517"}],"curies":[{"name":"wp","href":"https:\/\/api.w.org\/{rel}","templated":true}]}}