{"id":15464,"date":"2023-07-27T16:58:15","date_gmt":"2023-07-27T13:58:15","guid":{"rendered":"https:\/\/julesverne.com.tr\/?p=15464"},"modified":"2023-07-28T10:10:23","modified_gmt":"2023-07-28T07:10:23","slug":"hirvatistanin-dalmacya-kiyilarinda-krallara-layik-bir-tatil","status":"publish","type":"post","link":"https:\/\/julesverne.com.tr\/en\/travel-blog\/hirvatistanin-dalmacya-kiyilarinda-krallara-layik-bir-tatil\/","title":{"rendered":"(TR) H\u0131rvatistan&#8217;\u0131n Dalma\u00e7ya K\u0131y\u0131lar\u0131nda Krallara Lay\u0131k Bir Tatil!"},"content":{"rendered":"<p class=\"qtranxs-available-languages-message qtranxs-available-languages-message-en\">Sorry, this entry is only available in <a href=\"https:\/\/julesverne.com.tr\/tr\/wp-json\/wp\/v2\/posts\/15464\" class=\"qtranxs-available-language-link qtranxs-available-language-link-tr\" title=\"TR\">Turkish<\/a>.<\/p>","protected":false},"excerpt":{"rendered":"<p>Sorry, this entry is only available in Turkish.<\/p>\n","protected":false},"author":10,"featured_media":15465,"comment_status":"closed","ping_status":"closed","sticky":false,"template":"","format":"standard","meta":{"inline_featured_image":false,"footnotes":""},"categories":[38,1,39],"tags":[77,73,245],"acf":[],"yoast_head":"<!-- This site is optimized with the Yoast SEO plugin v22.3 - https:\/\/yoast.com\/wordpress\/plugins\/seo\/ -->\n<title><\/title>\n<meta name=\"description\" content=\"Y\u0131llara meydan okuyan sahil kasabalar\u0131, birbirinden \u00f6zel adalar\u0131 ve e\u015fsiz plajlar\u0131yla Adriyatik&#039;in incisi H\u0131rvatistan; birbirinden g\u00fczel do\u011fa harikalar\u0131n ev sahipli\u011fi yapan muhte\u015fem co\u011frafyas\u0131 ile ziyaret\u00e7ilerine b\u00fcy\u00fcleyici bir d\u00fcnyan\u0131n kap\u0131lar\u0131n\u0131 a\u00e7\u0131yor. Bunun i\u00e7in yapman\u0131z gereken \u015fey H\u0131rvat\u00e7a&#039;da &quot;an\u0131n tad\u0131n\u0131 \u00e7\u0131karmak&quot; anlam\u0131na gelen fjaka&#039;ya uygun olacak \u015fekilde keyifli bir \u00f6\u011fle yeme\u011fi, saray ziyaretleri ve g\u00fcne\u015fle y\u0131kanan adalar\u0131n keyfini \u00e7\u0131karmak olmal\u0131!\" \/>\n<meta name=\"robots\" content=\"index, follow, max-snippet:-1, max-image-preview:large, max-video-preview:-1\" \/>\n<link rel=\"canonical\" href=\"https:\/\/julesverne.com.tr\/travel-blog\/hirvatistanin-dalmacya-kiyilarinda-krallara-layik-bir-tatil\/\" \/>\n<meta property=\"og:locale\" content=\"en_US\" \/>\n<meta property=\"og:type\" content=\"article\" \/>\n<meta property=\"og:title\" content=\"[:tr]H\u0131rvatistan&#039;\u0131n Dalma\u00e7ya K\u0131y\u0131lar\u0131nda Krallara Lay\u0131k Bir Tatil! [:] - JULES VERNE BUSINESS MICE TRAVEL\" \/>\n<meta property=\"og:description\" content=\"Y\u0131llara meydan okuyan sahil kasabalar\u0131, birbirinden \u00f6zel adalar\u0131 ve e\u015fsiz plajlar\u0131yla Adriyatik&#039;in incisi H\u0131rvatistan; birbirinden g\u00fczel do\u011fa harikalar\u0131n ev sahipli\u011fi yapan muhte\u015fem co\u011frafyas\u0131 ile ziyaret\u00e7ilerine b\u00fcy\u00fcleyici bir d\u00fcnyan\u0131n kap\u0131lar\u0131n\u0131 a\u00e7\u0131yor. Bunun i\u00e7in yapman\u0131z gereken \u015fey H\u0131rvat\u00e7a&#039;da &quot;an\u0131n tad\u0131n\u0131 \u00e7\u0131karmak&quot; anlam\u0131na gelen fjaka&#039;ya uygun olacak \u015fekilde keyifli bir \u00f6\u011fle yeme\u011fi, saray ziyaretleri ve g\u00fcne\u015fle y\u0131kanan adalar\u0131n keyfini \u00e7\u0131karmak olmal\u0131!\" \/>\n<meta property=\"og:url\" content=\"https:\/\/julesverne.com.tr\/travel-blog\/hirvatistanin-dalmacya-kiyilarinda-krallara-layik-bir-tatil\/\" \/>\n<meta property=\"og:site_name\" content=\"JULES VERNE BUSINESS MICE TRAVEL\" \/>\n<meta property=\"article:publisher\" content=\"https:\/\/www.facebook.com\/JulesVerneBusinessMiceTravel\/\" \/>\n<meta property=\"article:published_time\" content=\"2023-07-27T13:58:15+00:00\" \/>\n<meta property=\"article:modified_time\" content=\"2023-07-28T07:10:23+00:00\" \/>\n<meta property=\"og:image\" content=\"https:\/\/julesverne.com.tr\/wp-content\/uploads\/2023\/07\/split.jpg\" \/>\n\t<meta property=\"og:image:width\" content=\"1200\" \/>\n\t<meta property=\"og:image:height\" content=\"800\" \/>\n\t<meta property=\"og:image:type\" content=\"image\/jpeg\" \/>\n<meta name=\"author\" content=\"Ebru Alt\u0131n\" \/>\n<meta name=\"twitter:card\" content=\"summary_large_image\" \/>\n<meta name=\"twitter:creator\" content=\"@JV_BusinessMice\" \/>\n<meta name=\"twitter:site\" content=\"@JV_BusinessMice\" \/>\n<meta name=\"twitter:label1\" content=\"Written by\" \/>\n\t<meta name=\"twitter:data1\" content=\"Ebru Alt\u0131n\" \/>\n\t<meta name=\"twitter:label2\" content=\"Est. reading time\" \/>\n\t<meta name=\"twitter:data2\" content=\"6 minutes\" \/>\n<script type=\"application\/ld+json\" class=\"yoast-schema-graph\">{\"@context\":\"https:\/\/schema.org\",\"@graph\":[{\"@type\":\"Article\",\"@id\":\"https:\/\/julesverne.com.tr\/travel-blog\/hirvatistanin-dalmacya-kiyilarinda-krallara-layik-bir-tatil\/#article\",\"isPartOf\":{\"@id\":\"https:\/\/julesverne.com.tr\/travel-blog\/hirvatistanin-dalmacya-kiyilarinda-krallara-layik-bir-tatil\/\"},\"author\":{\"name\":\"Ebru Alt\u0131n\",\"@id\":\"https:\/\/julesverne.com.tr\/#\/schema\/person\/219931edfe2e7d9cbbcbabb8a7e4c7f4\"},\"headline\":\"(TR) H\u0131rvatistan&#8217;\u0131n Dalma\u00e7ya K\u0131y\u0131lar\u0131nda Krallara Lay\u0131k Bir Tatil!\",\"datePublished\":\"2023-07-27T13:58:15+00:00\",\"dateModified\":\"2023-07-28T07:10:23+00:00\",\"mainEntityOfPage\":{\"@id\":\"https:\/\/julesverne.com.tr\/travel-blog\/hirvatistanin-dalmacya-kiyilarinda-krallara-layik-bir-tatil\/\"},\"wordCount\":890,\"publisher\":{\"@id\":\"https:\/\/julesverne.com.tr\/#organization\"},\"image\":{\"@id\":\"https:\/\/julesverne.com.tr\/travel-blog\/hirvatistanin-dalmacya-kiyilarinda-krallara-layik-bir-tatil\/#primaryimage\"},\"thumbnailUrl\":\"https:\/\/julesverne.com.tr\/wp-content\/uploads\/2023\/07\/split.jpg\",\"keywords\":[\"\u0130lham Veren Destinasyonlar\",\"Nereye Gitsek\",\"Seyahat Blog\"],\"articleSection\":[\"\u0130lham Veren Destinasyonlar\",\"Blog\",\"Nereye Gitsek?\"],\"inLanguage\":\"en-US\"},{\"@type\":\"WebPage\",\"@id\":\"https:\/\/julesverne.com.tr\/travel-blog\/hirvatistanin-dalmacya-kiyilarinda-krallara-layik-bir-tatil\/\",\"url\":\"https:\/\/julesverne.com.tr\/travel-blog\/hirvatistanin-dalmacya-kiyilarinda-krallara-layik-bir-tatil\/\",\"name\":\"[:tr]H\u0131rvatistan'\u0131n Dalma\u00e7ya K\u0131y\u0131lar\u0131nda Krallara Lay\u0131k Bir Tatil! [:] - JULES VERNE BUSINESS MICE TRAVEL\",\"isPartOf\":{\"@id\":\"https:\/\/julesverne.com.tr\/#website\"},\"primaryImageOfPage\":{\"@id\":\"https:\/\/julesverne.com.tr\/travel-blog\/hirvatistanin-dalmacya-kiyilarinda-krallara-layik-bir-tatil\/#primaryimage\"},\"image\":{\"@id\":\"https:\/\/julesverne.com.tr\/travel-blog\/hirvatistanin-dalmacya-kiyilarinda-krallara-layik-bir-tatil\/#primaryimage\"},\"thumbnailUrl\":\"https:\/\/julesverne.com.tr\/wp-content\/uploads\/2023\/07\/split.jpg\",\"datePublished\":\"2023-07-27T13:58:15+00:00\",\"dateModified\":\"2023-07-28T07:10:23+00:00\",\"description\":\"Y\u0131llara meydan okuyan sahil kasabalar\u0131, birbirinden \u00f6zel adalar\u0131 ve e\u015fsiz plajlar\u0131yla Adriyatik'in incisi H\u0131rvatistan; birbirinden g\u00fczel do\u011fa harikalar\u0131n ev sahipli\u011fi yapan muhte\u015fem co\u011frafyas\u0131 ile ziyaret\u00e7ilerine b\u00fcy\u00fcleyici bir d\u00fcnyan\u0131n kap\u0131lar\u0131n\u0131 a\u00e7\u0131yor. Bunun i\u00e7in yapman\u0131z gereken \u015fey H\u0131rvat\u00e7a'da \\\"an\u0131n tad\u0131n\u0131 \u00e7\u0131karmak\\\" anlam\u0131na gelen fjaka'ya uygun olacak \u015fekilde keyifli bir \u00f6\u011fle yeme\u011fi, saray ziyaretleri ve g\u00fcne\u015fle y\u0131kanan adalar\u0131n keyfini \u00e7\u0131karmak olmal\u0131!\",\"breadcrumb\":{\"@id\":\"https:\/\/julesverne.com.tr\/travel-blog\/hirvatistanin-dalmacya-kiyilarinda-krallara-layik-bir-tatil\/#breadcrumb\"},\"inLanguage\":\"en-US\",\"potentialAction\":[{\"@type\":\"ReadAction\",\"target\":[\"https:\/\/julesverne.com.tr\/travel-blog\/hirvatistanin-dalmacya-kiyilarinda-krallara-layik-bir-tatil\/\"]}]},{\"@type\":\"ImageObject\",\"inLanguage\":\"en-US\",\"@id\":\"https:\/\/julesverne.com.tr\/travel-blog\/hirvatistanin-dalmacya-kiyilarinda-krallara-layik-bir-tatil\/#primaryimage\",\"url\":\"https:\/\/julesverne.com.tr\/wp-content\/uploads\/2023\/07\/split.jpg\",\"contentUrl\":\"https:\/\/julesverne.com.tr\/wp-content\/uploads\/2023\/07\/split.jpg\",\"width\":1200,\"height\":800},{\"@type\":\"BreadcrumbList\",\"@id\":\"https:\/\/julesverne.com.tr\/travel-blog\/hirvatistanin-dalmacya-kiyilarinda-krallara-layik-bir-tatil\/#breadcrumb\",\"itemListElement\":[{\"@type\":\"ListItem\",\"position\":1,\"name\":\"Anasayfa\",\"item\":\"https:\/\/julesverne.com.tr\/\"},{\"@type\":\"ListItem\",\"position\":2,\"name\":\"H\u0131rvatistan&#8217;\u0131n Dalma\u00e7ya K\u0131y\u0131lar\u0131nda Krallara Lay\u0131k Bir Tatil!\"}]},{\"@type\":\"WebSite\",\"@id\":\"https:\/\/julesverne.com.tr\/#website\",\"url\":\"https:\/\/julesverne.com.tr\/\",\"name\":\"JULES VERNE BUSINESS MICE TRAVEL\",\"description\":\"\",\"publisher\":{\"@id\":\"https:\/\/julesverne.com.tr\/#organization\"},\"potentialAction\":[{\"@type\":\"SearchAction\",\"target\":{\"@type\":\"EntryPoint\",\"urlTemplate\":\"https:\/\/julesverne.com.tr\/?s={search_term_string}\"},\"query-input\":\"required name=search_term_string\"}],\"inLanguage\":\"en-US\"},{\"@type\":\"Organization\",\"@id\":\"https:\/\/julesverne.com.tr\/#organization\",\"name\":\"JULES VERNE BUSINESS MICE TRAVEL\",\"url\":\"https:\/\/julesverne.com.tr\/\",\"logo\":{\"@type\":\"ImageObject\",\"inLanguage\":\"en-US\",\"@id\":\"https:\/\/julesverne.com.tr\/#\/schema\/logo\/image\/\",\"url\":\"https:\/\/julesverne.com.tr\/wp-content\/uploads\/2020\/09\/jv-bmt-logo.png\",\"contentUrl\":\"https:\/\/julesverne.com.tr\/wp-content\/uploads\/2020\/09\/jv-bmt-logo.png\",\"width\":110,\"height\":81,\"caption\":\"JULES VERNE BUSINESS MICE TRAVEL\"},\"image\":{\"@id\":\"https:\/\/julesverne.com.tr\/#\/schema\/logo\/image\/\"},\"sameAs\":[\"https:\/\/www.facebook.com\/JulesVerneBusinessMiceTravel\/\",\"https:\/\/twitter.com\/JV_BusinessMice\",\"https:\/\/www.instagram.com\/julesvernebusinessmicetravel\/\",\"https:\/\/www.linkedin.com\/company\/julesvernebusinessmicetravel\/\",\"https:\/\/www.youtube.com\/channel\/UCAwdsmbZ6tFhu1tea6pkpiw\"]},{\"@type\":\"Person\",\"@id\":\"https:\/\/julesverne.com.tr\/#\/schema\/person\/219931edfe2e7d9cbbcbabb8a7e4c7f4\",\"name\":\"Ebru Alt\u0131n\",\"url\":\"https:\/\/julesverne.com.tr\/en\/author\/ebru-altin\/\"}]}<\/script>\n<!-- \/ Yoast SEO plugin. -->","yoast_head_json":{"title":"[:tr]H\u0131rvatistan'\u0131n Dalma\u00e7ya K\u0131y\u0131lar\u0131nda Krallara Lay\u0131k Bir Tatil! [:] - JULES VERNE BUSINESS MICE TRAVEL","description":"Y\u0131llara meydan okuyan sahil kasabalar\u0131, birbirinden \u00f6zel adalar\u0131 ve e\u015fsiz plajlar\u0131yla Adriyatik'in incisi H\u0131rvatistan; birbirinden g\u00fczel do\u011fa harikalar\u0131n ev sahipli\u011fi yapan muhte\u015fem co\u011frafyas\u0131 ile ziyaret\u00e7ilerine b\u00fcy\u00fcleyici bir d\u00fcnyan\u0131n kap\u0131lar\u0131n\u0131 a\u00e7\u0131yor. Bunun i\u00e7in yapman\u0131z gereken \u015fey H\u0131rvat\u00e7a'da \"an\u0131n tad\u0131n\u0131 \u00e7\u0131karmak\" anlam\u0131na gelen fjaka'ya uygun olacak \u015fekilde keyifli bir \u00f6\u011fle yeme\u011fi, saray ziyaretleri ve g\u00fcne\u015fle y\u0131kanan adalar\u0131n keyfini \u00e7\u0131karmak olmal\u0131!","robots":{"index":"index","follow":"follow","max-snippet":"max-snippet:-1","max-image-preview":"max-image-preview:large","max-video-preview":"max-video-preview:-1"},"canonical":"https:\/\/julesverne.com.tr\/travel-blog\/hirvatistanin-dalmacya-kiyilarinda-krallara-layik-bir-tatil\/","og_locale":"en_US","og_type":"article","og_title":"[:tr]H\u0131rvatistan'\u0131n Dalma\u00e7ya K\u0131y\u0131lar\u0131nda Krallara Lay\u0131k Bir Tatil! [:] - JULES VERNE BUSINESS MICE TRAVEL","og_description":"Y\u0131llara meydan okuyan sahil kasabalar\u0131, birbirinden \u00f6zel adalar\u0131 ve e\u015fsiz plajlar\u0131yla Adriyatik'in incisi H\u0131rvatistan; birbirinden g\u00fczel do\u011fa harikalar\u0131n ev sahipli\u011fi yapan muhte\u015fem co\u011frafyas\u0131 ile ziyaret\u00e7ilerine b\u00fcy\u00fcleyici bir d\u00fcnyan\u0131n kap\u0131lar\u0131n\u0131 a\u00e7\u0131yor. Bunun i\u00e7in yapman\u0131z gereken \u015fey H\u0131rvat\u00e7a'da \"an\u0131n tad\u0131n\u0131 \u00e7\u0131karmak\" anlam\u0131na gelen fjaka'ya uygun olacak \u015fekilde keyifli bir \u00f6\u011fle yeme\u011fi, saray ziyaretleri ve g\u00fcne\u015fle y\u0131kanan adalar\u0131n keyfini \u00e7\u0131karmak olmal\u0131!","og_url":"https:\/\/julesverne.com.tr\/travel-blog\/hirvatistanin-dalmacya-kiyilarinda-krallara-layik-bir-tatil\/","og_site_name":"JULES VERNE BUSINESS MICE TRAVEL","article_publisher":"https:\/\/www.facebook.com\/JulesVerneBusinessMiceTravel\/","article_published_time":"2023-07-27T13:58:15+00:00","article_modified_time":"2023-07-28T07:10:23+00:00","og_image":[{"width":1200,"height":800,"url":"https:\/\/julesverne.com.tr\/wp-content\/uploads\/2023\/07\/split.jpg","type":"image\/jpeg"}],"author":"Ebru Alt\u0131n","twitter_card":"summary_large_image","twitter_creator":"@JV_BusinessMice","twitter_site":"@JV_BusinessMice","twitter_misc":{"Written by":"Ebru Alt\u0131n","Est. reading time":"6 minutes"},"schema":{"@context":"https:\/\/schema.org","@graph":[{"@type":"Article","@id":"https:\/\/julesverne.com.tr\/travel-blog\/hirvatistanin-dalmacya-kiyilarinda-krallara-layik-bir-tatil\/#article","isPartOf":{"@id":"https:\/\/julesverne.com.tr\/travel-blog\/hirvatistanin-dalmacya-kiyilarinda-krallara-layik-bir-tatil\/"},"author":{"name":"Ebru Alt\u0131n","@id":"https:\/\/julesverne.com.tr\/#\/schema\/person\/219931edfe2e7d9cbbcbabb8a7e4c7f4"},"headline":"(TR) H\u0131rvatistan&#8217;\u0131n Dalma\u00e7ya K\u0131y\u0131lar\u0131nda Krallara Lay\u0131k Bir Tatil!","datePublished":"2023-07-27T13:58:15+00:00","dateModified":"2023-07-28T07:10:23+00:00","mainEntityOfPage":{"@id":"https:\/\/julesverne.com.tr\/travel-blog\/hirvatistanin-dalmacya-kiyilarinda-krallara-layik-bir-tatil\/"},"wordCount":890,"publisher":{"@id":"https:\/\/julesverne.com.tr\/#organization"},"image":{"@id":"https:\/\/julesverne.com.tr\/travel-blog\/hirvatistanin-dalmacya-kiyilarinda-krallara-layik-bir-tatil\/#primaryimage"},"thumbnailUrl":"https:\/\/julesverne.com.tr\/wp-content\/uploads\/2023\/07\/split.jpg","keywords":["\u0130lham Veren Destinasyonlar","Nereye Gitsek","Seyahat Blog"],"articleSection":["\u0130lham Veren Destinasyonlar","Blog","Nereye Gitsek?"],"inLanguage":"en-US"},{"@type":"WebPage","@id":"https:\/\/julesverne.com.tr\/travel-blog\/hirvatistanin-dalmacya-kiyilarinda-krallara-layik-bir-tatil\/","url":"https:\/\/julesverne.com.tr\/travel-blog\/hirvatistanin-dalmacya-kiyilarinda-krallara-layik-bir-tatil\/","name":"[:tr]H\u0131rvatistan'\u0131n Dalma\u00e7ya K\u0131y\u0131lar\u0131nda Krallara Lay\u0131k Bir Tatil! [:] - JULES VERNE BUSINESS MICE TRAVEL","isPartOf":{"@id":"https:\/\/julesverne.com.tr\/#website"},"primaryImageOfPage":{"@id":"https:\/\/julesverne.com.tr\/travel-blog\/hirvatistanin-dalmacya-kiyilarinda-krallara-layik-bir-tatil\/#primaryimage"},"image":{"@id":"https:\/\/julesverne.com.tr\/travel-blog\/hirvatistanin-dalmacya-kiyilarinda-krallara-layik-bir-tatil\/#primaryimage"},"thumbnailUrl":"https:\/\/julesverne.com.tr\/wp-content\/uploads\/2023\/07\/split.jpg","datePublished":"2023-07-27T13:58:15+00:00","dateModified":"2023-07-28T07:10:23+00:00","description":"Y\u0131llara meydan okuyan sahil kasabalar\u0131, birbirinden \u00f6zel adalar\u0131 ve e\u015fsiz plajlar\u0131yla Adriyatik'in incisi H\u0131rvatistan; birbirinden g\u00fczel do\u011fa harikalar\u0131n ev sahipli\u011fi yapan muhte\u015fem co\u011frafyas\u0131 ile ziyaret\u00e7ilerine b\u00fcy\u00fcleyici bir d\u00fcnyan\u0131n kap\u0131lar\u0131n\u0131 a\u00e7\u0131yor. Bunun i\u00e7in yapman\u0131z gereken \u015fey H\u0131rvat\u00e7a'da \"an\u0131n tad\u0131n\u0131 \u00e7\u0131karmak\" anlam\u0131na gelen fjaka'ya uygun olacak \u015fekilde keyifli bir \u00f6\u011fle yeme\u011fi, saray ziyaretleri ve g\u00fcne\u015fle y\u0131kanan adalar\u0131n keyfini \u00e7\u0131karmak olmal\u0131!","breadcrumb":{"@id":"https:\/\/julesverne.com.tr\/travel-blog\/hirvatistanin-dalmacya-kiyilarinda-krallara-layik-bir-tatil\/#breadcrumb"},"inLanguage":"en-US","potentialAction":[{"@type":"ReadAction","target":["https:\/\/julesverne.com.tr\/travel-blog\/hirvatistanin-dalmacya-kiyilarinda-krallara-layik-bir-tatil\/"]}]},{"@type":"ImageObject","inLanguage":"en-US","@id":"https:\/\/julesverne.com.tr\/travel-blog\/hirvatistanin-dalmacya-kiyilarinda-krallara-layik-bir-tatil\/#primaryimage","url":"https:\/\/julesverne.com.tr\/wp-content\/uploads\/2023\/07\/split.jpg","contentUrl":"https:\/\/julesverne.com.tr\/wp-content\/uploads\/2023\/07\/split.jpg","width":1200,"height":800},{"@type":"BreadcrumbList","@id":"https:\/\/julesverne.com.tr\/travel-blog\/hirvatistanin-dalmacya-kiyilarinda-krallara-layik-bir-tatil\/#breadcrumb","itemListElement":[{"@type":"ListItem","position":1,"name":"Anasayfa","item":"https:\/\/julesverne.com.tr\/"},{"@type":"ListItem","position":2,"name":"H\u0131rvatistan&#8217;\u0131n Dalma\u00e7ya K\u0131y\u0131lar\u0131nda Krallara Lay\u0131k Bir Tatil!"}]},{"@type":"WebSite","@id":"https:\/\/julesverne.com.tr\/#website","url":"https:\/\/julesverne.com.tr\/","name":"JULES VERNE BUSINESS MICE TRAVEL","description":"","publisher":{"@id":"https:\/\/julesverne.com.tr\/#organization"},"potentialAction":[{"@type":"SearchAction","target":{"@type":"EntryPoint","urlTemplate":"https:\/\/julesverne.com.tr\/?s={search_term_string}"},"query-input":"required name=search_term_string"}],"inLanguage":"en-US"},{"@type":"Organization","@id":"https:\/\/julesverne.com.tr\/#organization","name":"JULES VERNE BUSINESS MICE TRAVEL","url":"https:\/\/julesverne.com.tr\/","logo":{"@type":"ImageObject","inLanguage":"en-US","@id":"https:\/\/julesverne.com.tr\/#\/schema\/logo\/image\/","url":"https:\/\/julesverne.com.tr\/wp-content\/uploads\/2020\/09\/jv-bmt-logo.png","contentUrl":"https:\/\/julesverne.com.tr\/wp-content\/uploads\/2020\/09\/jv-bmt-logo.png","width":110,"height":81,"caption":"JULES VERNE BUSINESS MICE TRAVEL"},"image":{"@id":"https:\/\/julesverne.com.tr\/#\/schema\/logo\/image\/"},"sameAs":["https:\/\/www.facebook.com\/JulesVerneBusinessMiceTravel\/","https:\/\/twitter.com\/JV_BusinessMice","https:\/\/www.instagram.com\/julesvernebusinessmicetravel\/","https:\/\/www.linkedin.com\/company\/julesvernebusinessmicetravel\/","https:\/\/www.youtube.com\/channel\/UCAwdsmbZ6tFhu1tea6pkpiw"]},{"@type":"Person","@id":"https:\/\/julesverne.com.tr\/#\/schema\/person\/219931edfe2e7d9cbbcbabb8a7e4c7f4","name":"Ebru Alt\u0131n","url":"https:\/\/julesverne.com.tr\/en\/author\/ebru-altin\/"}]}},"_links":{"self":[{"href":"https:\/\/julesverne.com.tr\/en\/wp-json\/wp\/v2\/posts\/15464"}],"collection":[{"href":"https:\/\/julesverne.com.tr\/en\/wp-json\/wp\/v2\/posts"}],"about":[{"href":"https:\/\/julesverne.com.tr\/en\/wp-json\/wp\/v2\/types\/post"}],"author":[{"embeddable":true,"href":"https:\/\/julesverne.com.tr\/en\/wp-json\/wp\/v2\/users\/10"}],"replies":[{"embeddable":true,"href":"https:\/\/julesverne.com.tr\/en\/wp-json\/wp\/v2\/comments?post=15464"}],"version-history":[{"count":4,"href":"https:\/\/julesverne.com.tr\/en\/wp-json\/wp\/v2\/posts\/15464\/revisions"}],"predecessor-version":[{"id":15476,"href":"https:\/\/julesverne.com.tr\/en\/wp-json\/wp\/v2\/posts\/15464\/revisions\/15476"}],"wp:featuredmedia":[{"embeddable":true,"href":"https:\/\/julesverne.com.tr\/en\/wp-json\/wp\/v2\/media\/15465"}],"wp:attachment":[{"href":"https:\/\/julesverne.com.tr\/en\/wp-json\/wp\/v2\/media?parent=15464"}],"wp:term":[{"taxonomy":"category","embeddable":true,"href":"https:\/\/julesverne.com.tr\/en\/wp-json\/wp\/v2\/categories?post=15464"},{"taxonomy":"post_tag","embeddable":true,"href":"https:\/\/julesverne.com.tr\/en\/wp-json\/wp\/v2\/tags?post=15464"}],"curies":[{"name":"wp","href":"https:\/\/api.w.org\/{rel}","templated":true}]}}