{"id":15359,"date":"2023-09-05T16:50:18","date_gmt":"2023-09-05T13:50:18","guid":{"rendered":"https:\/\/julesverne.com.tr\/?p=15359"},"modified":"2023-09-06T11:51:22","modified_gmt":"2023-09-06T08:51:22","slug":"buz-ve-ates-ulkesi-izlanda-da-ruya-gibi-bir-seyahat-deneyimi","status":"publish","type":"post","link":"https:\/\/julesverne.com.tr\/en\/travel-blog\/buz-ve-ates-ulkesi-izlanda-da-ruya-gibi-bir-seyahat-deneyimi\/","title":{"rendered":"(TR) Buz ve Ate\u015f \u00dclkesi \u0130zlanda\u2019da R\u00fcya Gibi Seyahat Deneyimi"},"content":{"rendered":"<p class=\"qtranxs-available-languages-message qtranxs-available-languages-message-en\">Sorry, this entry is only available in <a href=\"https:\/\/julesverne.com.tr\/tr\/wp-json\/wp\/v2\/posts\/15359\" class=\"qtranxs-available-language-link qtranxs-available-language-link-tr\" title=\"TR\">Turkish<\/a>.<\/p>","protected":false},"excerpt":{"rendered":"<p>Sorry, this entry is only available in Turkish.<\/p>\n","protected":false},"author":10,"featured_media":15677,"comment_status":"closed","ping_status":"closed","sticky":false,"template":"","format":"standard","meta":{"inline_featured_image":false,"footnotes":""},"categories":[38,1,39],"tags":[77,73,245],"acf":[],"yoast_head":"<!-- This site is optimized with the Yoast SEO plugin v22.3 - https:\/\/yoast.com\/wordpress\/plugins\/seo\/ -->\n<title><\/title>\n<meta name=\"description\" content=\"\u0130zlanda kapl\u0131calar\u0131, volkanlar\u0131, \u015felaleleri, fiyortlar\u0131 ve buzullar\u0131 ile gezginlerin ve do\u011fa tutkunlar\u0131n\u0131n &quot;mutlaka gidilecekler&quot; listesinde hep ilk s\u0131ralarda yer al\u0131yor!\u00a0 Bir yanda Atlas Okyanusu&#039;nun k\u0131y\u0131s\u0131na sarkan devasa buzullar\u0131 di\u011fer yanda yerin bin kat derininden y\u00fczeye p\u00fcsk\u00fcren kaynak sular\u0131... &quot;Buz ve Ate\u015f \u00dclkesi&quot;nin hik\u00e2yesi bu e\u015fsiz do\u011fal olaylar\u0131n\u0131 ayn\u0131 kara par\u00e7as\u0131nda bar\u0131nd\u0131rmas\u0131nda gizli. Avrupa seyahatlerinin en pop\u00fcler rotalar\u0131ndan biri olan \u00fclkede ise neredeyse her g\u00fcn ya\u015fanmay\u0131 bekleyen bir macera var.\" \/>\n<meta name=\"robots\" content=\"index, follow, max-snippet:-1, max-image-preview:large, max-video-preview:-1\" \/>\n<link rel=\"canonical\" href=\"https:\/\/julesverne.com.tr\/travel-blog\/buz-ve-ates-ulkesi-izlanda-da-ruya-gibi-bir-seyahat-deneyimi\/\" \/>\n<meta property=\"og:locale\" content=\"en_US\" \/>\n<meta property=\"og:type\" content=\"article\" \/>\n<meta property=\"og:title\" content=\"[:tr]Buz ve Ate\u015f \u00dclkesi \u0130zlanda\u2019da R\u00fcya Gibi Seyahat Deneyimi[:] - JULES VERNE BUSINESS MICE TRAVEL\" \/>\n<meta property=\"og:description\" content=\"\u0130zlanda kapl\u0131calar\u0131, volkanlar\u0131, \u015felaleleri, fiyortlar\u0131 ve buzullar\u0131 ile gezginlerin ve do\u011fa tutkunlar\u0131n\u0131n &quot;mutlaka gidilecekler&quot; listesinde hep ilk s\u0131ralarda yer al\u0131yor!\u00a0 Bir yanda Atlas Okyanusu&#039;nun k\u0131y\u0131s\u0131na sarkan devasa buzullar\u0131 di\u011fer yanda yerin bin kat derininden y\u00fczeye p\u00fcsk\u00fcren kaynak sular\u0131... &quot;Buz ve Ate\u015f \u00dclkesi&quot;nin hik\u00e2yesi bu e\u015fsiz do\u011fal olaylar\u0131n\u0131 ayn\u0131 kara par\u00e7as\u0131nda bar\u0131nd\u0131rmas\u0131nda gizli. Avrupa seyahatlerinin en pop\u00fcler rotalar\u0131ndan biri olan \u00fclkede ise neredeyse her g\u00fcn ya\u015fanmay\u0131 bekleyen bir macera var.\" \/>\n<meta property=\"og:url\" content=\"https:\/\/julesverne.com.tr\/travel-blog\/buz-ve-ates-ulkesi-izlanda-da-ruya-gibi-bir-seyahat-deneyimi\/\" \/>\n<meta property=\"og:site_name\" content=\"JULES VERNE BUSINESS MICE TRAVEL\" \/>\n<meta property=\"article:publisher\" content=\"https:\/\/www.facebook.com\/JulesVerneBusinessMiceTravel\/\" \/>\n<meta property=\"article:published_time\" content=\"2023-09-05T13:50:18+00:00\" \/>\n<meta property=\"article:modified_time\" content=\"2023-09-06T08:51:22+00:00\" \/>\n<meta property=\"og:image\" content=\"https:\/\/julesverne.com.tr\/wp-content\/uploads\/2023\/09\/ice-lagoon-iceland-scaled.jpg\" \/>\n\t<meta property=\"og:image:width\" content=\"1600\" \/>\n\t<meta property=\"og:image:height\" content=\"1067\" \/>\n\t<meta property=\"og:image:type\" content=\"image\/jpeg\" \/>\n<meta name=\"author\" content=\"Ebru Alt\u0131n\" \/>\n<meta name=\"twitter:card\" content=\"summary_large_image\" \/>\n<meta name=\"twitter:creator\" content=\"@JV_BusinessMice\" \/>\n<meta name=\"twitter:site\" content=\"@JV_BusinessMice\" \/>\n<meta name=\"twitter:label1\" content=\"Written by\" \/>\n\t<meta name=\"twitter:data1\" content=\"Ebru Alt\u0131n\" \/>\n\t<meta name=\"twitter:label2\" content=\"Est. reading time\" \/>\n\t<meta name=\"twitter:data2\" content=\"9 minutes\" \/>\n<script type=\"application\/ld+json\" class=\"yoast-schema-graph\">{\"@context\":\"https:\/\/schema.org\",\"@graph\":[{\"@type\":\"Article\",\"@id\":\"https:\/\/julesverne.com.tr\/travel-blog\/buz-ve-ates-ulkesi-izlanda-da-ruya-gibi-bir-seyahat-deneyimi\/#article\",\"isPartOf\":{\"@id\":\"https:\/\/julesverne.com.tr\/travel-blog\/buz-ve-ates-ulkesi-izlanda-da-ruya-gibi-bir-seyahat-deneyimi\/\"},\"author\":{\"name\":\"Ebru Alt\u0131n\",\"@id\":\"https:\/\/julesverne.com.tr\/#\/schema\/person\/219931edfe2e7d9cbbcbabb8a7e4c7f4\"},\"headline\":\"(TR) Buz ve Ate\u015f \u00dclkesi \u0130zlanda\u2019da R\u00fcya Gibi Seyahat Deneyimi\",\"datePublished\":\"2023-09-05T13:50:18+00:00\",\"dateModified\":\"2023-09-06T08:51:22+00:00\",\"mainEntityOfPage\":{\"@id\":\"https:\/\/julesverne.com.tr\/travel-blog\/buz-ve-ates-ulkesi-izlanda-da-ruya-gibi-bir-seyahat-deneyimi\/\"},\"wordCount\":1366,\"publisher\":{\"@id\":\"https:\/\/julesverne.com.tr\/#organization\"},\"image\":{\"@id\":\"https:\/\/julesverne.com.tr\/travel-blog\/buz-ve-ates-ulkesi-izlanda-da-ruya-gibi-bir-seyahat-deneyimi\/#primaryimage\"},\"thumbnailUrl\":\"https:\/\/julesverne.com.tr\/wp-content\/uploads\/2023\/09\/ice-lagoon-iceland-scaled.jpg\",\"keywords\":[\"\u0130lham Veren Destinasyonlar\",\"Nereye Gitsek\",\"Seyahat Blog\"],\"articleSection\":[\"\u0130lham Veren Destinasyonlar\",\"Blog\",\"Nereye Gitsek?\"],\"inLanguage\":\"en-US\"},{\"@type\":\"WebPage\",\"@id\":\"https:\/\/julesverne.com.tr\/travel-blog\/buz-ve-ates-ulkesi-izlanda-da-ruya-gibi-bir-seyahat-deneyimi\/\",\"url\":\"https:\/\/julesverne.com.tr\/travel-blog\/buz-ve-ates-ulkesi-izlanda-da-ruya-gibi-bir-seyahat-deneyimi\/\",\"name\":\"[:tr]Buz ve Ate\u015f \u00dclkesi \u0130zlanda\u2019da R\u00fcya Gibi Seyahat Deneyimi[:] - JULES VERNE BUSINESS MICE TRAVEL\",\"isPartOf\":{\"@id\":\"https:\/\/julesverne.com.tr\/#website\"},\"primaryImageOfPage\":{\"@id\":\"https:\/\/julesverne.com.tr\/travel-blog\/buz-ve-ates-ulkesi-izlanda-da-ruya-gibi-bir-seyahat-deneyimi\/#primaryimage\"},\"image\":{\"@id\":\"https:\/\/julesverne.com.tr\/travel-blog\/buz-ve-ates-ulkesi-izlanda-da-ruya-gibi-bir-seyahat-deneyimi\/#primaryimage\"},\"thumbnailUrl\":\"https:\/\/julesverne.com.tr\/wp-content\/uploads\/2023\/09\/ice-lagoon-iceland-scaled.jpg\",\"datePublished\":\"2023-09-05T13:50:18+00:00\",\"dateModified\":\"2023-09-06T08:51:22+00:00\",\"description\":\"\u0130zlanda kapl\u0131calar\u0131, volkanlar\u0131, \u015felaleleri, fiyortlar\u0131 ve buzullar\u0131 ile gezginlerin ve do\u011fa tutkunlar\u0131n\u0131n \\\"mutlaka gidilecekler\\\" listesinde hep ilk s\u0131ralarda yer al\u0131yor!\u00a0 Bir yanda Atlas Okyanusu'nun k\u0131y\u0131s\u0131na sarkan devasa buzullar\u0131 di\u011fer yanda yerin bin kat derininden y\u00fczeye p\u00fcsk\u00fcren kaynak sular\u0131... \\\"Buz ve Ate\u015f \u00dclkesi\\\"nin hik\u00e2yesi bu e\u015fsiz do\u011fal olaylar\u0131n\u0131 ayn\u0131 kara par\u00e7as\u0131nda bar\u0131nd\u0131rmas\u0131nda gizli. Avrupa seyahatlerinin en pop\u00fcler rotalar\u0131ndan biri olan \u00fclkede ise neredeyse her g\u00fcn ya\u015fanmay\u0131 bekleyen bir macera var.\",\"breadcrumb\":{\"@id\":\"https:\/\/julesverne.com.tr\/travel-blog\/buz-ve-ates-ulkesi-izlanda-da-ruya-gibi-bir-seyahat-deneyimi\/#breadcrumb\"},\"inLanguage\":\"en-US\",\"potentialAction\":[{\"@type\":\"ReadAction\",\"target\":[\"https:\/\/julesverne.com.tr\/travel-blog\/buz-ve-ates-ulkesi-izlanda-da-ruya-gibi-bir-seyahat-deneyimi\/\"]}]},{\"@type\":\"ImageObject\",\"inLanguage\":\"en-US\",\"@id\":\"https:\/\/julesverne.com.tr\/travel-blog\/buz-ve-ates-ulkesi-izlanda-da-ruya-gibi-bir-seyahat-deneyimi\/#primaryimage\",\"url\":\"https:\/\/julesverne.com.tr\/wp-content\/uploads\/2023\/09\/ice-lagoon-iceland-scaled.jpg\",\"contentUrl\":\"https:\/\/julesverne.com.tr\/wp-content\/uploads\/2023\/09\/ice-lagoon-iceland-scaled.jpg\",\"width\":1600,\"height\":1067},{\"@type\":\"BreadcrumbList\",\"@id\":\"https:\/\/julesverne.com.tr\/travel-blog\/buz-ve-ates-ulkesi-izlanda-da-ruya-gibi-bir-seyahat-deneyimi\/#breadcrumb\",\"itemListElement\":[{\"@type\":\"ListItem\",\"position\":1,\"name\":\"Anasayfa\",\"item\":\"https:\/\/julesverne.com.tr\/\"},{\"@type\":\"ListItem\",\"position\":2,\"name\":\"Buz ve Ate\u015f \u00dclkesi \u0130zlanda\u2019da R\u00fcya Gibi Seyahat Deneyimi\"}]},{\"@type\":\"WebSite\",\"@id\":\"https:\/\/julesverne.com.tr\/#website\",\"url\":\"https:\/\/julesverne.com.tr\/\",\"name\":\"JULES VERNE BUSINESS MICE TRAVEL\",\"description\":\"\",\"publisher\":{\"@id\":\"https:\/\/julesverne.com.tr\/#organization\"},\"potentialAction\":[{\"@type\":\"SearchAction\",\"target\":{\"@type\":\"EntryPoint\",\"urlTemplate\":\"https:\/\/julesverne.com.tr\/?s={search_term_string}\"},\"query-input\":\"required name=search_term_string\"}],\"inLanguage\":\"en-US\"},{\"@type\":\"Organization\",\"@id\":\"https:\/\/julesverne.com.tr\/#organization\",\"name\":\"JULES VERNE BUSINESS MICE TRAVEL\",\"url\":\"https:\/\/julesverne.com.tr\/\",\"logo\":{\"@type\":\"ImageObject\",\"inLanguage\":\"en-US\",\"@id\":\"https:\/\/julesverne.com.tr\/#\/schema\/logo\/image\/\",\"url\":\"https:\/\/julesverne.com.tr\/wp-content\/uploads\/2020\/09\/jv-bmt-logo.png\",\"contentUrl\":\"https:\/\/julesverne.com.tr\/wp-content\/uploads\/2020\/09\/jv-bmt-logo.png\",\"width\":110,\"height\":81,\"caption\":\"JULES VERNE BUSINESS MICE TRAVEL\"},\"image\":{\"@id\":\"https:\/\/julesverne.com.tr\/#\/schema\/logo\/image\/\"},\"sameAs\":[\"https:\/\/www.facebook.com\/JulesVerneBusinessMiceTravel\/\",\"https:\/\/twitter.com\/JV_BusinessMice\",\"https:\/\/www.instagram.com\/julesvernebusinessmicetravel\/\",\"https:\/\/www.linkedin.com\/company\/julesvernebusinessmicetravel\/\",\"https:\/\/www.youtube.com\/channel\/UCAwdsmbZ6tFhu1tea6pkpiw\"]},{\"@type\":\"Person\",\"@id\":\"https:\/\/julesverne.com.tr\/#\/schema\/person\/219931edfe2e7d9cbbcbabb8a7e4c7f4\",\"name\":\"Ebru Alt\u0131n\",\"url\":\"https:\/\/julesverne.com.tr\/en\/author\/ebru-altin\/\"}]}<\/script>\n<!-- \/ Yoast SEO plugin. -->","yoast_head_json":{"title":"[:tr]Buz ve Ate\u015f \u00dclkesi \u0130zlanda\u2019da R\u00fcya Gibi Seyahat Deneyimi[:] - JULES VERNE BUSINESS MICE TRAVEL","description":"\u0130zlanda kapl\u0131calar\u0131, volkanlar\u0131, \u015felaleleri, fiyortlar\u0131 ve buzullar\u0131 ile gezginlerin ve do\u011fa tutkunlar\u0131n\u0131n \"mutlaka gidilecekler\" listesinde hep ilk s\u0131ralarda yer al\u0131yor!\u00a0 Bir yanda Atlas Okyanusu'nun k\u0131y\u0131s\u0131na sarkan devasa buzullar\u0131 di\u011fer yanda yerin bin kat derininden y\u00fczeye p\u00fcsk\u00fcren kaynak sular\u0131... \"Buz ve Ate\u015f \u00dclkesi\"nin hik\u00e2yesi bu e\u015fsiz do\u011fal olaylar\u0131n\u0131 ayn\u0131 kara par\u00e7as\u0131nda bar\u0131nd\u0131rmas\u0131nda gizli. Avrupa seyahatlerinin en pop\u00fcler rotalar\u0131ndan biri olan \u00fclkede ise neredeyse her g\u00fcn ya\u015fanmay\u0131 bekleyen bir macera var.","robots":{"index":"index","follow":"follow","max-snippet":"max-snippet:-1","max-image-preview":"max-image-preview:large","max-video-preview":"max-video-preview:-1"},"canonical":"https:\/\/julesverne.com.tr\/travel-blog\/buz-ve-ates-ulkesi-izlanda-da-ruya-gibi-bir-seyahat-deneyimi\/","og_locale":"en_US","og_type":"article","og_title":"[:tr]Buz ve Ate\u015f \u00dclkesi \u0130zlanda\u2019da R\u00fcya Gibi Seyahat Deneyimi[:] - JULES VERNE BUSINESS MICE TRAVEL","og_description":"\u0130zlanda kapl\u0131calar\u0131, volkanlar\u0131, \u015felaleleri, fiyortlar\u0131 ve buzullar\u0131 ile gezginlerin ve do\u011fa tutkunlar\u0131n\u0131n \"mutlaka gidilecekler\" listesinde hep ilk s\u0131ralarda yer al\u0131yor!\u00a0 Bir yanda Atlas Okyanusu'nun k\u0131y\u0131s\u0131na sarkan devasa buzullar\u0131 di\u011fer yanda yerin bin kat derininden y\u00fczeye p\u00fcsk\u00fcren kaynak sular\u0131... \"Buz ve Ate\u015f \u00dclkesi\"nin hik\u00e2yesi bu e\u015fsiz do\u011fal olaylar\u0131n\u0131 ayn\u0131 kara par\u00e7as\u0131nda bar\u0131nd\u0131rmas\u0131nda gizli. Avrupa seyahatlerinin en pop\u00fcler rotalar\u0131ndan biri olan \u00fclkede ise neredeyse her g\u00fcn ya\u015fanmay\u0131 bekleyen bir macera var.","og_url":"https:\/\/julesverne.com.tr\/travel-blog\/buz-ve-ates-ulkesi-izlanda-da-ruya-gibi-bir-seyahat-deneyimi\/","og_site_name":"JULES VERNE BUSINESS MICE TRAVEL","article_publisher":"https:\/\/www.facebook.com\/JulesVerneBusinessMiceTravel\/","article_published_time":"2023-09-05T13:50:18+00:00","article_modified_time":"2023-09-06T08:51:22+00:00","og_image":[{"width":1600,"height":1067,"url":"https:\/\/julesverne.com.tr\/wp-content\/uploads\/2023\/09\/ice-lagoon-iceland-scaled.jpg","type":"image\/jpeg"}],"author":"Ebru Alt\u0131n","twitter_card":"summary_large_image","twitter_creator":"@JV_BusinessMice","twitter_site":"@JV_BusinessMice","twitter_misc":{"Written by":"Ebru Alt\u0131n","Est. reading time":"9 minutes"},"schema":{"@context":"https:\/\/schema.org","@graph":[{"@type":"Article","@id":"https:\/\/julesverne.com.tr\/travel-blog\/buz-ve-ates-ulkesi-izlanda-da-ruya-gibi-bir-seyahat-deneyimi\/#article","isPartOf":{"@id":"https:\/\/julesverne.com.tr\/travel-blog\/buz-ve-ates-ulkesi-izlanda-da-ruya-gibi-bir-seyahat-deneyimi\/"},"author":{"name":"Ebru Alt\u0131n","@id":"https:\/\/julesverne.com.tr\/#\/schema\/person\/219931edfe2e7d9cbbcbabb8a7e4c7f4"},"headline":"(TR) Buz ve Ate\u015f \u00dclkesi \u0130zlanda\u2019da R\u00fcya Gibi Seyahat Deneyimi","datePublished":"2023-09-05T13:50:18+00:00","dateModified":"2023-09-06T08:51:22+00:00","mainEntityOfPage":{"@id":"https:\/\/julesverne.com.tr\/travel-blog\/buz-ve-ates-ulkesi-izlanda-da-ruya-gibi-bir-seyahat-deneyimi\/"},"wordCount":1366,"publisher":{"@id":"https:\/\/julesverne.com.tr\/#organization"},"image":{"@id":"https:\/\/julesverne.com.tr\/travel-blog\/buz-ve-ates-ulkesi-izlanda-da-ruya-gibi-bir-seyahat-deneyimi\/#primaryimage"},"thumbnailUrl":"https:\/\/julesverne.com.tr\/wp-content\/uploads\/2023\/09\/ice-lagoon-iceland-scaled.jpg","keywords":["\u0130lham Veren Destinasyonlar","Nereye Gitsek","Seyahat Blog"],"articleSection":["\u0130lham Veren Destinasyonlar","Blog","Nereye Gitsek?"],"inLanguage":"en-US"},{"@type":"WebPage","@id":"https:\/\/julesverne.com.tr\/travel-blog\/buz-ve-ates-ulkesi-izlanda-da-ruya-gibi-bir-seyahat-deneyimi\/","url":"https:\/\/julesverne.com.tr\/travel-blog\/buz-ve-ates-ulkesi-izlanda-da-ruya-gibi-bir-seyahat-deneyimi\/","name":"[:tr]Buz ve Ate\u015f \u00dclkesi \u0130zlanda\u2019da R\u00fcya Gibi Seyahat Deneyimi[:] - JULES VERNE BUSINESS MICE TRAVEL","isPartOf":{"@id":"https:\/\/julesverne.com.tr\/#website"},"primaryImageOfPage":{"@id":"https:\/\/julesverne.com.tr\/travel-blog\/buz-ve-ates-ulkesi-izlanda-da-ruya-gibi-bir-seyahat-deneyimi\/#primaryimage"},"image":{"@id":"https:\/\/julesverne.com.tr\/travel-blog\/buz-ve-ates-ulkesi-izlanda-da-ruya-gibi-bir-seyahat-deneyimi\/#primaryimage"},"thumbnailUrl":"https:\/\/julesverne.com.tr\/wp-content\/uploads\/2023\/09\/ice-lagoon-iceland-scaled.jpg","datePublished":"2023-09-05T13:50:18+00:00","dateModified":"2023-09-06T08:51:22+00:00","description":"\u0130zlanda kapl\u0131calar\u0131, volkanlar\u0131, \u015felaleleri, fiyortlar\u0131 ve buzullar\u0131 ile gezginlerin ve do\u011fa tutkunlar\u0131n\u0131n \"mutlaka gidilecekler\" listesinde hep ilk s\u0131ralarda yer al\u0131yor!\u00a0 Bir yanda Atlas Okyanusu'nun k\u0131y\u0131s\u0131na sarkan devasa buzullar\u0131 di\u011fer yanda yerin bin kat derininden y\u00fczeye p\u00fcsk\u00fcren kaynak sular\u0131... \"Buz ve Ate\u015f \u00dclkesi\"nin hik\u00e2yesi bu e\u015fsiz do\u011fal olaylar\u0131n\u0131 ayn\u0131 kara par\u00e7as\u0131nda bar\u0131nd\u0131rmas\u0131nda gizli. Avrupa seyahatlerinin en pop\u00fcler rotalar\u0131ndan biri olan \u00fclkede ise neredeyse her g\u00fcn ya\u015fanmay\u0131 bekleyen bir macera var.","breadcrumb":{"@id":"https:\/\/julesverne.com.tr\/travel-blog\/buz-ve-ates-ulkesi-izlanda-da-ruya-gibi-bir-seyahat-deneyimi\/#breadcrumb"},"inLanguage":"en-US","potentialAction":[{"@type":"ReadAction","target":["https:\/\/julesverne.com.tr\/travel-blog\/buz-ve-ates-ulkesi-izlanda-da-ruya-gibi-bir-seyahat-deneyimi\/"]}]},{"@type":"ImageObject","inLanguage":"en-US","@id":"https:\/\/julesverne.com.tr\/travel-blog\/buz-ve-ates-ulkesi-izlanda-da-ruya-gibi-bir-seyahat-deneyimi\/#primaryimage","url":"https:\/\/julesverne.com.tr\/wp-content\/uploads\/2023\/09\/ice-lagoon-iceland-scaled.jpg","contentUrl":"https:\/\/julesverne.com.tr\/wp-content\/uploads\/2023\/09\/ice-lagoon-iceland-scaled.jpg","width":1600,"height":1067},{"@type":"BreadcrumbList","@id":"https:\/\/julesverne.com.tr\/travel-blog\/buz-ve-ates-ulkesi-izlanda-da-ruya-gibi-bir-seyahat-deneyimi\/#breadcrumb","itemListElement":[{"@type":"ListItem","position":1,"name":"Anasayfa","item":"https:\/\/julesverne.com.tr\/"},{"@type":"ListItem","position":2,"name":"Buz ve Ate\u015f \u00dclkesi \u0130zlanda\u2019da R\u00fcya Gibi Seyahat Deneyimi"}]},{"@type":"WebSite","@id":"https:\/\/julesverne.com.tr\/#website","url":"https:\/\/julesverne.com.tr\/","name":"JULES VERNE BUSINESS MICE TRAVEL","description":"","publisher":{"@id":"https:\/\/julesverne.com.tr\/#organization"},"potentialAction":[{"@type":"SearchAction","target":{"@type":"EntryPoint","urlTemplate":"https:\/\/julesverne.com.tr\/?s={search_term_string}"},"query-input":"required name=search_term_string"}],"inLanguage":"en-US"},{"@type":"Organization","@id":"https:\/\/julesverne.com.tr\/#organization","name":"JULES VERNE BUSINESS MICE TRAVEL","url":"https:\/\/julesverne.com.tr\/","logo":{"@type":"ImageObject","inLanguage":"en-US","@id":"https:\/\/julesverne.com.tr\/#\/schema\/logo\/image\/","url":"https:\/\/julesverne.com.tr\/wp-content\/uploads\/2020\/09\/jv-bmt-logo.png","contentUrl":"https:\/\/julesverne.com.tr\/wp-content\/uploads\/2020\/09\/jv-bmt-logo.png","width":110,"height":81,"caption":"JULES VERNE BUSINESS MICE TRAVEL"},"image":{"@id":"https:\/\/julesverne.com.tr\/#\/schema\/logo\/image\/"},"sameAs":["https:\/\/www.facebook.com\/JulesVerneBusinessMiceTravel\/","https:\/\/twitter.com\/JV_BusinessMice","https:\/\/www.instagram.com\/julesvernebusinessmicetravel\/","https:\/\/www.linkedin.com\/company\/julesvernebusinessmicetravel\/","https:\/\/www.youtube.com\/channel\/UCAwdsmbZ6tFhu1tea6pkpiw"]},{"@type":"Person","@id":"https:\/\/julesverne.com.tr\/#\/schema\/person\/219931edfe2e7d9cbbcbabb8a7e4c7f4","name":"Ebru Alt\u0131n","url":"https:\/\/julesverne.com.tr\/en\/author\/ebru-altin\/"}]}},"_links":{"self":[{"href":"https:\/\/julesverne.com.tr\/en\/wp-json\/wp\/v2\/posts\/15359"}],"collection":[{"href":"https:\/\/julesverne.com.tr\/en\/wp-json\/wp\/v2\/posts"}],"about":[{"href":"https:\/\/julesverne.com.tr\/en\/wp-json\/wp\/v2\/types\/post"}],"author":[{"embeddable":true,"href":"https:\/\/julesverne.com.tr\/en\/wp-json\/wp\/v2\/users\/10"}],"replies":[{"embeddable":true,"href":"https:\/\/julesverne.com.tr\/en\/wp-json\/wp\/v2\/comments?post=15359"}],"version-history":[{"count":8,"href":"https:\/\/julesverne.com.tr\/en\/wp-json\/wp\/v2\/posts\/15359\/revisions"}],"predecessor-version":[{"id":15683,"href":"https:\/\/julesverne.com.tr\/en\/wp-json\/wp\/v2\/posts\/15359\/revisions\/15683"}],"wp:featuredmedia":[{"embeddable":true,"href":"https:\/\/julesverne.com.tr\/en\/wp-json\/wp\/v2\/media\/15677"}],"wp:attachment":[{"href":"https:\/\/julesverne.com.tr\/en\/wp-json\/wp\/v2\/media?parent=15359"}],"wp:term":[{"taxonomy":"category","embeddable":true,"href":"https:\/\/julesverne.com.tr\/en\/wp-json\/wp\/v2\/categories?post=15359"},{"taxonomy":"post_tag","embeddable":true,"href":"https:\/\/julesverne.com.tr\/en\/wp-json\/wp\/v2\/tags?post=15359"}],"curies":[{"name":"wp","href":"https:\/\/api.w.org\/{rel}","templated":true}]}}