{"id":15277,"date":"2024-06-01T08:13:50","date_gmt":"2024-06-01T05:13:50","guid":{"rendered":"https:\/\/julesverne.com.tr\/?p=15277"},"modified":"2024-06-07T11:44:22","modified_gmt":"2024-06-07T08:44:22","slug":"iyi-bir-yasam-icin-kesfetmeniz-gereken-iyilestiren-destinasyonlar","status":"publish","type":"post","link":"https:\/\/julesverne.com.tr\/en\/travel-blog\/iyi-bir-yasam-icin-kesfetmeniz-gereken-iyilestiren-destinasyonlar\/","title":{"rendered":"(TR) Daha \u0130yi Bir Ya\u015fam \u0130\u00e7in &#8220;\u0130yile\u015ftiren&#8221; Destinasyonlar"},"content":{"rendered":"<p class=\"qtranxs-available-languages-message qtranxs-available-languages-message-en\">Sorry, this entry is only available in <a href=\"https:\/\/julesverne.com.tr\/tr\/wp-json\/wp\/v2\/posts\/15277\" class=\"qtranxs-available-language-link qtranxs-available-language-link-tr\" title=\"TR\">Turkish<\/a>.<\/p>","protected":false},"excerpt":{"rendered":"<p>Sorry, this entry is only available in Turkish.<\/p>\n","protected":false},"author":10,"featured_media":15281,"comment_status":"closed","ping_status":"closed","sticky":false,"template":"","format":"standard","meta":{"inline_featured_image":false,"footnotes":""},"categories":[38,1,39],"tags":[77,73,245],"acf":[],"yoast_head":"<!-- This site is optimized with the Yoast SEO plugin v22.3 - https:\/\/yoast.com\/wordpress\/plugins\/seo\/ -->\n<title><\/title>\n<meta name=\"description\" content=\"Dilimize \u201ciyi ya\u015fam\u201d olarak giren \u201cwellness\u201d kavram\u0131 k\u0131saca fiziksel, zihinsel ve duygusal a\u00e7\u0131dan iyi olma hali olarak tan\u0131mlan\u0131yor. Bu kavram\u0131n sa\u011fl\u0131kl\u0131 beslenme ve egzersizin d\u0131\u015f\u0131nda, insan\u0131n \u201cbir b\u00fct\u00fcn olarak\u201d iyi olma hali oldu\u011funu t\u00fcm d\u00fcnyaya anlatabilmek i\u00e7in 2012 y\u0131l\u0131ndan beri \u201cBir g\u00fcn, t\u00fcm ya\u015fam\u0131n\u0131z\u0131 de\u011fi\u015ftirebilir!\u201d slogan\u0131yla her y\u0131l Haziran ay\u0131n\u0131n ikinci Cumartesi g\u00fcn\u00fc Global Wellness Day olarak kutlan\u0131yor.\" \/>\n<meta name=\"robots\" content=\"index, follow, max-snippet:-1, max-image-preview:large, max-video-preview:-1\" \/>\n<link rel=\"canonical\" href=\"https:\/\/julesverne.com.tr\/travel-blog\/iyi-bir-yasam-icin-kesfetmeniz-gereken-iyilestiren-destinasyonlar\/\" \/>\n<meta property=\"og:locale\" content=\"en_US\" \/>\n<meta property=\"og:type\" content=\"article\" \/>\n<meta property=\"og:title\" content=\"[:tr]Daha \u0130yi Bir Ya\u015fam \u0130\u00e7in &quot;\u0130yile\u015ftiren&quot; Destinasyonlar[:] - JULES VERNE BUSINESS MICE TRAVEL\" \/>\n<meta property=\"og:description\" content=\"Dilimize \u201ciyi ya\u015fam\u201d olarak giren \u201cwellness\u201d kavram\u0131 k\u0131saca fiziksel, zihinsel ve duygusal a\u00e7\u0131dan iyi olma hali olarak tan\u0131mlan\u0131yor. Bu kavram\u0131n sa\u011fl\u0131kl\u0131 beslenme ve egzersizin d\u0131\u015f\u0131nda, insan\u0131n \u201cbir b\u00fct\u00fcn olarak\u201d iyi olma hali oldu\u011funu t\u00fcm d\u00fcnyaya anlatabilmek i\u00e7in 2012 y\u0131l\u0131ndan beri \u201cBir g\u00fcn, t\u00fcm ya\u015fam\u0131n\u0131z\u0131 de\u011fi\u015ftirebilir!\u201d slogan\u0131yla her y\u0131l Haziran ay\u0131n\u0131n ikinci Cumartesi g\u00fcn\u00fc Global Wellness Day olarak kutlan\u0131yor.\" \/>\n<meta property=\"og:url\" content=\"https:\/\/julesverne.com.tr\/travel-blog\/iyi-bir-yasam-icin-kesfetmeniz-gereken-iyilestiren-destinasyonlar\/\" \/>\n<meta property=\"og:site_name\" content=\"JULES VERNE BUSINESS MICE TRAVEL\" \/>\n<meta property=\"article:publisher\" content=\"https:\/\/www.facebook.com\/JulesVerneBusinessMiceTravel\/\" \/>\n<meta property=\"article:published_time\" content=\"2024-06-01T05:13:50+00:00\" \/>\n<meta property=\"article:modified_time\" content=\"2024-06-07T08:44:22+00:00\" \/>\n<meta property=\"og:image\" content=\"https:\/\/julesverne.com.tr\/wp-content\/uploads\/2023\/06\/laos.jpg\" \/>\n\t<meta property=\"og:image:width\" content=\"1200\" \/>\n\t<meta property=\"og:image:height\" content=\"800\" \/>\n\t<meta property=\"og:image:type\" content=\"image\/jpeg\" \/>\n<meta name=\"author\" content=\"Ebru Alt\u0131n\" \/>\n<meta name=\"twitter:card\" content=\"summary_large_image\" \/>\n<meta name=\"twitter:creator\" content=\"@JV_BusinessMice\" \/>\n<meta name=\"twitter:site\" content=\"@JV_BusinessMice\" \/>\n<meta name=\"twitter:label1\" content=\"Written by\" \/>\n\t<meta name=\"twitter:data1\" content=\"Ebru Alt\u0131n\" \/>\n\t<meta name=\"twitter:label2\" content=\"Est. reading time\" \/>\n\t<meta name=\"twitter:data2\" content=\"5 minutes\" \/>\n<script type=\"application\/ld+json\" class=\"yoast-schema-graph\">{\"@context\":\"https:\/\/schema.org\",\"@graph\":[{\"@type\":\"Article\",\"@id\":\"https:\/\/julesverne.com.tr\/travel-blog\/iyi-bir-yasam-icin-kesfetmeniz-gereken-iyilestiren-destinasyonlar\/#article\",\"isPartOf\":{\"@id\":\"https:\/\/julesverne.com.tr\/travel-blog\/iyi-bir-yasam-icin-kesfetmeniz-gereken-iyilestiren-destinasyonlar\/\"},\"author\":{\"name\":\"Ebru Alt\u0131n\",\"@id\":\"https:\/\/julesverne.com.tr\/#\/schema\/person\/219931edfe2e7d9cbbcbabb8a7e4c7f4\"},\"headline\":\"(TR) Daha \u0130yi Bir Ya\u015fam \u0130\u00e7in &#8220;\u0130yile\u015ftiren&#8221; Destinasyonlar\",\"datePublished\":\"2024-06-01T05:13:50+00:00\",\"dateModified\":\"2024-06-07T08:44:22+00:00\",\"mainEntityOfPage\":{\"@id\":\"https:\/\/julesverne.com.tr\/travel-blog\/iyi-bir-yasam-icin-kesfetmeniz-gereken-iyilestiren-destinasyonlar\/\"},\"wordCount\":755,\"publisher\":{\"@id\":\"https:\/\/julesverne.com.tr\/#organization\"},\"image\":{\"@id\":\"https:\/\/julesverne.com.tr\/travel-blog\/iyi-bir-yasam-icin-kesfetmeniz-gereken-iyilestiren-destinasyonlar\/#primaryimage\"},\"thumbnailUrl\":\"https:\/\/julesverne.com.tr\/wp-content\/uploads\/2023\/06\/laos.jpg\",\"keywords\":[\"\u0130lham Veren Destinasyonlar\",\"Nereye Gitsek\",\"Seyahat Blog\"],\"articleSection\":[\"\u0130lham Veren Destinasyonlar\",\"Blog\",\"Nereye Gitsek?\"],\"inLanguage\":\"en-US\"},{\"@type\":\"WebPage\",\"@id\":\"https:\/\/julesverne.com.tr\/travel-blog\/iyi-bir-yasam-icin-kesfetmeniz-gereken-iyilestiren-destinasyonlar\/\",\"url\":\"https:\/\/julesverne.com.tr\/travel-blog\/iyi-bir-yasam-icin-kesfetmeniz-gereken-iyilestiren-destinasyonlar\/\",\"name\":\"[:tr]Daha \u0130yi Bir Ya\u015fam \u0130\u00e7in \\\"\u0130yile\u015ftiren\\\" Destinasyonlar[:] - JULES VERNE BUSINESS MICE TRAVEL\",\"isPartOf\":{\"@id\":\"https:\/\/julesverne.com.tr\/#website\"},\"primaryImageOfPage\":{\"@id\":\"https:\/\/julesverne.com.tr\/travel-blog\/iyi-bir-yasam-icin-kesfetmeniz-gereken-iyilestiren-destinasyonlar\/#primaryimage\"},\"image\":{\"@id\":\"https:\/\/julesverne.com.tr\/travel-blog\/iyi-bir-yasam-icin-kesfetmeniz-gereken-iyilestiren-destinasyonlar\/#primaryimage\"},\"thumbnailUrl\":\"https:\/\/julesverne.com.tr\/wp-content\/uploads\/2023\/06\/laos.jpg\",\"datePublished\":\"2024-06-01T05:13:50+00:00\",\"dateModified\":\"2024-06-07T08:44:22+00:00\",\"description\":\"Dilimize \u201ciyi ya\u015fam\u201d olarak giren \u201cwellness\u201d kavram\u0131 k\u0131saca fiziksel, zihinsel ve duygusal a\u00e7\u0131dan iyi olma hali olarak tan\u0131mlan\u0131yor. Bu kavram\u0131n sa\u011fl\u0131kl\u0131 beslenme ve egzersizin d\u0131\u015f\u0131nda, insan\u0131n \u201cbir b\u00fct\u00fcn olarak\u201d iyi olma hali oldu\u011funu t\u00fcm d\u00fcnyaya anlatabilmek i\u00e7in 2012 y\u0131l\u0131ndan beri \u201cBir g\u00fcn, t\u00fcm ya\u015fam\u0131n\u0131z\u0131 de\u011fi\u015ftirebilir!\u201d slogan\u0131yla her y\u0131l Haziran ay\u0131n\u0131n ikinci Cumartesi g\u00fcn\u00fc Global Wellness Day olarak kutlan\u0131yor.\",\"breadcrumb\":{\"@id\":\"https:\/\/julesverne.com.tr\/travel-blog\/iyi-bir-yasam-icin-kesfetmeniz-gereken-iyilestiren-destinasyonlar\/#breadcrumb\"},\"inLanguage\":\"en-US\",\"potentialAction\":[{\"@type\":\"ReadAction\",\"target\":[\"https:\/\/julesverne.com.tr\/travel-blog\/iyi-bir-yasam-icin-kesfetmeniz-gereken-iyilestiren-destinasyonlar\/\"]}]},{\"@type\":\"ImageObject\",\"inLanguage\":\"en-US\",\"@id\":\"https:\/\/julesverne.com.tr\/travel-blog\/iyi-bir-yasam-icin-kesfetmeniz-gereken-iyilestiren-destinasyonlar\/#primaryimage\",\"url\":\"https:\/\/julesverne.com.tr\/wp-content\/uploads\/2023\/06\/laos.jpg\",\"contentUrl\":\"https:\/\/julesverne.com.tr\/wp-content\/uploads\/2023\/06\/laos.jpg\",\"width\":1200,\"height\":800},{\"@type\":\"BreadcrumbList\",\"@id\":\"https:\/\/julesverne.com.tr\/travel-blog\/iyi-bir-yasam-icin-kesfetmeniz-gereken-iyilestiren-destinasyonlar\/#breadcrumb\",\"itemListElement\":[{\"@type\":\"ListItem\",\"position\":1,\"name\":\"Anasayfa\",\"item\":\"https:\/\/julesverne.com.tr\/\"},{\"@type\":\"ListItem\",\"position\":2,\"name\":\"Daha \u0130yi Bir Ya\u015fam \u0130\u00e7in &#8220;\u0130yile\u015ftiren&#8221; Destinasyonlar\"}]},{\"@type\":\"WebSite\",\"@id\":\"https:\/\/julesverne.com.tr\/#website\",\"url\":\"https:\/\/julesverne.com.tr\/\",\"name\":\"JULES VERNE BUSINESS MICE TRAVEL\",\"description\":\"\",\"publisher\":{\"@id\":\"https:\/\/julesverne.com.tr\/#organization\"},\"potentialAction\":[{\"@type\":\"SearchAction\",\"target\":{\"@type\":\"EntryPoint\",\"urlTemplate\":\"https:\/\/julesverne.com.tr\/?s={search_term_string}\"},\"query-input\":\"required name=search_term_string\"}],\"inLanguage\":\"en-US\"},{\"@type\":\"Organization\",\"@id\":\"https:\/\/julesverne.com.tr\/#organization\",\"name\":\"JULES VERNE BUSINESS MICE TRAVEL\",\"url\":\"https:\/\/julesverne.com.tr\/\",\"logo\":{\"@type\":\"ImageObject\",\"inLanguage\":\"en-US\",\"@id\":\"https:\/\/julesverne.com.tr\/#\/schema\/logo\/image\/\",\"url\":\"https:\/\/julesverne.com.tr\/wp-content\/uploads\/2020\/09\/jv-bmt-logo.png\",\"contentUrl\":\"https:\/\/julesverne.com.tr\/wp-content\/uploads\/2020\/09\/jv-bmt-logo.png\",\"width\":110,\"height\":81,\"caption\":\"JULES VERNE BUSINESS MICE TRAVEL\"},\"image\":{\"@id\":\"https:\/\/julesverne.com.tr\/#\/schema\/logo\/image\/\"},\"sameAs\":[\"https:\/\/www.facebook.com\/JulesVerneBusinessMiceTravel\/\",\"https:\/\/twitter.com\/JV_BusinessMice\",\"https:\/\/www.instagram.com\/julesvernebusinessmicetravel\/\",\"https:\/\/www.linkedin.com\/company\/julesvernebusinessmicetravel\/\",\"https:\/\/www.youtube.com\/channel\/UCAwdsmbZ6tFhu1tea6pkpiw\"]},{\"@type\":\"Person\",\"@id\":\"https:\/\/julesverne.com.tr\/#\/schema\/person\/219931edfe2e7d9cbbcbabb8a7e4c7f4\",\"name\":\"Ebru Alt\u0131n\",\"url\":\"https:\/\/julesverne.com.tr\/en\/author\/ebru-altin\/\"}]}<\/script>\n<!-- \/ Yoast SEO plugin. -->","yoast_head_json":{"title":"[:tr]Daha \u0130yi Bir Ya\u015fam \u0130\u00e7in \"\u0130yile\u015ftiren\" Destinasyonlar[:] - JULES VERNE BUSINESS MICE TRAVEL","description":"Dilimize \u201ciyi ya\u015fam\u201d olarak giren \u201cwellness\u201d kavram\u0131 k\u0131saca fiziksel, zihinsel ve duygusal a\u00e7\u0131dan iyi olma hali olarak tan\u0131mlan\u0131yor. Bu kavram\u0131n sa\u011fl\u0131kl\u0131 beslenme ve egzersizin d\u0131\u015f\u0131nda, insan\u0131n \u201cbir b\u00fct\u00fcn olarak\u201d iyi olma hali oldu\u011funu t\u00fcm d\u00fcnyaya anlatabilmek i\u00e7in 2012 y\u0131l\u0131ndan beri \u201cBir g\u00fcn, t\u00fcm ya\u015fam\u0131n\u0131z\u0131 de\u011fi\u015ftirebilir!\u201d slogan\u0131yla her y\u0131l Haziran ay\u0131n\u0131n ikinci Cumartesi g\u00fcn\u00fc Global Wellness Day olarak kutlan\u0131yor.","robots":{"index":"index","follow":"follow","max-snippet":"max-snippet:-1","max-image-preview":"max-image-preview:large","max-video-preview":"max-video-preview:-1"},"canonical":"https:\/\/julesverne.com.tr\/travel-blog\/iyi-bir-yasam-icin-kesfetmeniz-gereken-iyilestiren-destinasyonlar\/","og_locale":"en_US","og_type":"article","og_title":"[:tr]Daha \u0130yi Bir Ya\u015fam \u0130\u00e7in \"\u0130yile\u015ftiren\" Destinasyonlar[:] - JULES VERNE BUSINESS MICE TRAVEL","og_description":"Dilimize \u201ciyi ya\u015fam\u201d olarak giren \u201cwellness\u201d kavram\u0131 k\u0131saca fiziksel, zihinsel ve duygusal a\u00e7\u0131dan iyi olma hali olarak tan\u0131mlan\u0131yor. Bu kavram\u0131n sa\u011fl\u0131kl\u0131 beslenme ve egzersizin d\u0131\u015f\u0131nda, insan\u0131n \u201cbir b\u00fct\u00fcn olarak\u201d iyi olma hali oldu\u011funu t\u00fcm d\u00fcnyaya anlatabilmek i\u00e7in 2012 y\u0131l\u0131ndan beri \u201cBir g\u00fcn, t\u00fcm ya\u015fam\u0131n\u0131z\u0131 de\u011fi\u015ftirebilir!\u201d slogan\u0131yla her y\u0131l Haziran ay\u0131n\u0131n ikinci Cumartesi g\u00fcn\u00fc Global Wellness Day olarak kutlan\u0131yor.","og_url":"https:\/\/julesverne.com.tr\/travel-blog\/iyi-bir-yasam-icin-kesfetmeniz-gereken-iyilestiren-destinasyonlar\/","og_site_name":"JULES VERNE BUSINESS MICE TRAVEL","article_publisher":"https:\/\/www.facebook.com\/JulesVerneBusinessMiceTravel\/","article_published_time":"2024-06-01T05:13:50+00:00","article_modified_time":"2024-06-07T08:44:22+00:00","og_image":[{"width":1200,"height":800,"url":"https:\/\/julesverne.com.tr\/wp-content\/uploads\/2023\/06\/laos.jpg","type":"image\/jpeg"}],"author":"Ebru Alt\u0131n","twitter_card":"summary_large_image","twitter_creator":"@JV_BusinessMice","twitter_site":"@JV_BusinessMice","twitter_misc":{"Written by":"Ebru Alt\u0131n","Est. reading time":"5 minutes"},"schema":{"@context":"https:\/\/schema.org","@graph":[{"@type":"Article","@id":"https:\/\/julesverne.com.tr\/travel-blog\/iyi-bir-yasam-icin-kesfetmeniz-gereken-iyilestiren-destinasyonlar\/#article","isPartOf":{"@id":"https:\/\/julesverne.com.tr\/travel-blog\/iyi-bir-yasam-icin-kesfetmeniz-gereken-iyilestiren-destinasyonlar\/"},"author":{"name":"Ebru Alt\u0131n","@id":"https:\/\/julesverne.com.tr\/#\/schema\/person\/219931edfe2e7d9cbbcbabb8a7e4c7f4"},"headline":"(TR) Daha \u0130yi Bir Ya\u015fam \u0130\u00e7in &#8220;\u0130yile\u015ftiren&#8221; Destinasyonlar","datePublished":"2024-06-01T05:13:50+00:00","dateModified":"2024-06-07T08:44:22+00:00","mainEntityOfPage":{"@id":"https:\/\/julesverne.com.tr\/travel-blog\/iyi-bir-yasam-icin-kesfetmeniz-gereken-iyilestiren-destinasyonlar\/"},"wordCount":755,"publisher":{"@id":"https:\/\/julesverne.com.tr\/#organization"},"image":{"@id":"https:\/\/julesverne.com.tr\/travel-blog\/iyi-bir-yasam-icin-kesfetmeniz-gereken-iyilestiren-destinasyonlar\/#primaryimage"},"thumbnailUrl":"https:\/\/julesverne.com.tr\/wp-content\/uploads\/2023\/06\/laos.jpg","keywords":["\u0130lham Veren Destinasyonlar","Nereye Gitsek","Seyahat Blog"],"articleSection":["\u0130lham Veren Destinasyonlar","Blog","Nereye Gitsek?"],"inLanguage":"en-US"},{"@type":"WebPage","@id":"https:\/\/julesverne.com.tr\/travel-blog\/iyi-bir-yasam-icin-kesfetmeniz-gereken-iyilestiren-destinasyonlar\/","url":"https:\/\/julesverne.com.tr\/travel-blog\/iyi-bir-yasam-icin-kesfetmeniz-gereken-iyilestiren-destinasyonlar\/","name":"[:tr]Daha \u0130yi Bir Ya\u015fam \u0130\u00e7in \"\u0130yile\u015ftiren\" Destinasyonlar[:] - JULES VERNE BUSINESS MICE TRAVEL","isPartOf":{"@id":"https:\/\/julesverne.com.tr\/#website"},"primaryImageOfPage":{"@id":"https:\/\/julesverne.com.tr\/travel-blog\/iyi-bir-yasam-icin-kesfetmeniz-gereken-iyilestiren-destinasyonlar\/#primaryimage"},"image":{"@id":"https:\/\/julesverne.com.tr\/travel-blog\/iyi-bir-yasam-icin-kesfetmeniz-gereken-iyilestiren-destinasyonlar\/#primaryimage"},"thumbnailUrl":"https:\/\/julesverne.com.tr\/wp-content\/uploads\/2023\/06\/laos.jpg","datePublished":"2024-06-01T05:13:50+00:00","dateModified":"2024-06-07T08:44:22+00:00","description":"Dilimize \u201ciyi ya\u015fam\u201d olarak giren \u201cwellness\u201d kavram\u0131 k\u0131saca fiziksel, zihinsel ve duygusal a\u00e7\u0131dan iyi olma hali olarak tan\u0131mlan\u0131yor. Bu kavram\u0131n sa\u011fl\u0131kl\u0131 beslenme ve egzersizin d\u0131\u015f\u0131nda, insan\u0131n \u201cbir b\u00fct\u00fcn olarak\u201d iyi olma hali oldu\u011funu t\u00fcm d\u00fcnyaya anlatabilmek i\u00e7in 2012 y\u0131l\u0131ndan beri \u201cBir g\u00fcn, t\u00fcm ya\u015fam\u0131n\u0131z\u0131 de\u011fi\u015ftirebilir!\u201d slogan\u0131yla her y\u0131l Haziran ay\u0131n\u0131n ikinci Cumartesi g\u00fcn\u00fc Global Wellness Day olarak kutlan\u0131yor.","breadcrumb":{"@id":"https:\/\/julesverne.com.tr\/travel-blog\/iyi-bir-yasam-icin-kesfetmeniz-gereken-iyilestiren-destinasyonlar\/#breadcrumb"},"inLanguage":"en-US","potentialAction":[{"@type":"ReadAction","target":["https:\/\/julesverne.com.tr\/travel-blog\/iyi-bir-yasam-icin-kesfetmeniz-gereken-iyilestiren-destinasyonlar\/"]}]},{"@type":"ImageObject","inLanguage":"en-US","@id":"https:\/\/julesverne.com.tr\/travel-blog\/iyi-bir-yasam-icin-kesfetmeniz-gereken-iyilestiren-destinasyonlar\/#primaryimage","url":"https:\/\/julesverne.com.tr\/wp-content\/uploads\/2023\/06\/laos.jpg","contentUrl":"https:\/\/julesverne.com.tr\/wp-content\/uploads\/2023\/06\/laos.jpg","width":1200,"height":800},{"@type":"BreadcrumbList","@id":"https:\/\/julesverne.com.tr\/travel-blog\/iyi-bir-yasam-icin-kesfetmeniz-gereken-iyilestiren-destinasyonlar\/#breadcrumb","itemListElement":[{"@type":"ListItem","position":1,"name":"Anasayfa","item":"https:\/\/julesverne.com.tr\/"},{"@type":"ListItem","position":2,"name":"Daha \u0130yi Bir Ya\u015fam \u0130\u00e7in &#8220;\u0130yile\u015ftiren&#8221; Destinasyonlar"}]},{"@type":"WebSite","@id":"https:\/\/julesverne.com.tr\/#website","url":"https:\/\/julesverne.com.tr\/","name":"JULES VERNE BUSINESS MICE TRAVEL","description":"","publisher":{"@id":"https:\/\/julesverne.com.tr\/#organization"},"potentialAction":[{"@type":"SearchAction","target":{"@type":"EntryPoint","urlTemplate":"https:\/\/julesverne.com.tr\/?s={search_term_string}"},"query-input":"required name=search_term_string"}],"inLanguage":"en-US"},{"@type":"Organization","@id":"https:\/\/julesverne.com.tr\/#organization","name":"JULES VERNE BUSINESS MICE TRAVEL","url":"https:\/\/julesverne.com.tr\/","logo":{"@type":"ImageObject","inLanguage":"en-US","@id":"https:\/\/julesverne.com.tr\/#\/schema\/logo\/image\/","url":"https:\/\/julesverne.com.tr\/wp-content\/uploads\/2020\/09\/jv-bmt-logo.png","contentUrl":"https:\/\/julesverne.com.tr\/wp-content\/uploads\/2020\/09\/jv-bmt-logo.png","width":110,"height":81,"caption":"JULES VERNE BUSINESS MICE TRAVEL"},"image":{"@id":"https:\/\/julesverne.com.tr\/#\/schema\/logo\/image\/"},"sameAs":["https:\/\/www.facebook.com\/JulesVerneBusinessMiceTravel\/","https:\/\/twitter.com\/JV_BusinessMice","https:\/\/www.instagram.com\/julesvernebusinessmicetravel\/","https:\/\/www.linkedin.com\/company\/julesvernebusinessmicetravel\/","https:\/\/www.youtube.com\/channel\/UCAwdsmbZ6tFhu1tea6pkpiw"]},{"@type":"Person","@id":"https:\/\/julesverne.com.tr\/#\/schema\/person\/219931edfe2e7d9cbbcbabb8a7e4c7f4","name":"Ebru Alt\u0131n","url":"https:\/\/julesverne.com.tr\/en\/author\/ebru-altin\/"}]}},"_links":{"self":[{"href":"https:\/\/julesverne.com.tr\/en\/wp-json\/wp\/v2\/posts\/15277"}],"collection":[{"href":"https:\/\/julesverne.com.tr\/en\/wp-json\/wp\/v2\/posts"}],"about":[{"href":"https:\/\/julesverne.com.tr\/en\/wp-json\/wp\/v2\/types\/post"}],"author":[{"embeddable":true,"href":"https:\/\/julesverne.com.tr\/en\/wp-json\/wp\/v2\/users\/10"}],"replies":[{"embeddable":true,"href":"https:\/\/julesverne.com.tr\/en\/wp-json\/wp\/v2\/comments?post=15277"}],"version-history":[{"count":10,"href":"https:\/\/julesverne.com.tr\/en\/wp-json\/wp\/v2\/posts\/15277\/revisions"}],"predecessor-version":[{"id":17198,"href":"https:\/\/julesverne.com.tr\/en\/wp-json\/wp\/v2\/posts\/15277\/revisions\/17198"}],"wp:featuredmedia":[{"embeddable":true,"href":"https:\/\/julesverne.com.tr\/en\/wp-json\/wp\/v2\/media\/15281"}],"wp:attachment":[{"href":"https:\/\/julesverne.com.tr\/en\/wp-json\/wp\/v2\/media?parent=15277"}],"wp:term":[{"taxonomy":"category","embeddable":true,"href":"https:\/\/julesverne.com.tr\/en\/wp-json\/wp\/v2\/categories?post=15277"},{"taxonomy":"post_tag","embeddable":true,"href":"https:\/\/julesverne.com.tr\/en\/wp-json\/wp\/v2\/tags?post=15277"}],"curies":[{"name":"wp","href":"https:\/\/api.w.org\/{rel}","templated":true}]}}