{"id":14726,"date":"2023-01-12T13:48:04","date_gmt":"2023-01-12T10:48:04","guid":{"rendered":"https:\/\/julesverne.com.tr\/?p=14726"},"modified":"2023-01-17T12:40:30","modified_gmt":"2023-01-17T09:40:30","slug":"2023-avrupa-kultur-baskentleri","status":"publish","type":"post","link":"https:\/\/julesverne.com.tr\/en\/travel-blog\/2023-avrupa-kultur-baskentleri\/","title":{"rendered":"(TR) 2023 Avrupa K\u00fclt\u00fcr Ba\u015fkentleri"},"content":{"rendered":"<p class=\"qtranxs-available-languages-message qtranxs-available-languages-message-en\">Sorry, this entry is only available in <a href=\"https:\/\/julesverne.com.tr\/tr\/wp-json\/wp\/v2\/posts\/14726\" class=\"qtranxs-available-language-link qtranxs-available-language-link-tr\" title=\"TR\">Turkish<\/a>.<\/p>","protected":false},"excerpt":{"rendered":"<p>Sorry, this entry is only available in Turkish.<\/p>\n","protected":false},"author":10,"featured_media":14816,"comment_status":"closed","ping_status":"closed","sticky":false,"template":"","format":"standard","meta":{"inline_featured_image":false,"footnotes":""},"categories":[38,1,39],"tags":[77,73,245],"acf":[],"yoast_head":"<!-- This site is optimized with the Yoast SEO plugin v22.3 - https:\/\/yoast.com\/wordpress\/plugins\/seo\/ -->\n<title><\/title>\n<meta name=\"description\" content=\"Macaristan, Romanya ve Yunanistan&#039;da \u015fehir tatili denince akla ilk gelen yerler \u00e7o\u011fu zaman Budape\u015fte, B\u00fckre\u015f ve Atina olsa da, 2023 K\u00fclt\u00fcr Ba\u015fkentleri se\u00e7ilen Veszprem, Timio\u015fara ve Elefsina bu y\u0131l kesinlikle ke\u015ffe de\u011fer! Sanat, tarih, gastronomi ve daha pek \u00e7ok \u00f6zelli\u011fi ile gelecek vadeden 2023 K\u00fclt\u00fcr Ba\u015fkentleri Veszprem, Timio\u015fara ve Elefsina&#039;y\u0131 ke\u015ffetmek i\u00e7in bu y\u0131lki seyahat planlar\u0131n\u0131zda yer a\u00e7man\u0131z\u0131 \u00f6neririz.\" \/>\n<meta name=\"robots\" content=\"index, follow, max-snippet:-1, max-image-preview:large, max-video-preview:-1\" \/>\n<link rel=\"canonical\" href=\"https:\/\/julesverne.com.tr\/travel-blog\/2023-avrupa-kultur-baskentleri\/\" \/>\n<meta property=\"og:locale\" content=\"en_US\" \/>\n<meta property=\"og:type\" content=\"article\" \/>\n<meta property=\"og:title\" content=\"[:tr]2023 Avrupa K\u00fclt\u00fcr Ba\u015fkentleri[:] - JULES VERNE BUSINESS MICE TRAVEL\" \/>\n<meta property=\"og:description\" content=\"Macaristan, Romanya ve Yunanistan&#039;da \u015fehir tatili denince akla ilk gelen yerler \u00e7o\u011fu zaman Budape\u015fte, B\u00fckre\u015f ve Atina olsa da, 2023 K\u00fclt\u00fcr Ba\u015fkentleri se\u00e7ilen Veszprem, Timio\u015fara ve Elefsina bu y\u0131l kesinlikle ke\u015ffe de\u011fer! Sanat, tarih, gastronomi ve daha pek \u00e7ok \u00f6zelli\u011fi ile gelecek vadeden 2023 K\u00fclt\u00fcr Ba\u015fkentleri Veszprem, Timio\u015fara ve Elefsina&#039;y\u0131 ke\u015ffetmek i\u00e7in bu y\u0131lki seyahat planlar\u0131n\u0131zda yer a\u00e7man\u0131z\u0131 \u00f6neririz.\" \/>\n<meta property=\"og:url\" content=\"https:\/\/julesverne.com.tr\/travel-blog\/2023-avrupa-kultur-baskentleri\/\" \/>\n<meta property=\"og:site_name\" content=\"JULES VERNE BUSINESS MICE TRAVEL\" \/>\n<meta property=\"article:publisher\" content=\"https:\/\/www.facebook.com\/JulesVerneBusinessMiceTravel\/\" \/>\n<meta property=\"article:published_time\" content=\"2023-01-12T10:48:04+00:00\" \/>\n<meta property=\"article:modified_time\" content=\"2023-01-17T09:40:30+00:00\" \/>\n<meta property=\"og:image\" content=\"https:\/\/julesverne.com.tr\/wp-content\/uploads\/2023\/01\/Timisoara_shutterstock_2191272623.webp\" \/>\n\t<meta property=\"og:image:width\" content=\"1440\" \/>\n\t<meta property=\"og:image:height\" content=\"959\" \/>\n\t<meta property=\"og:image:type\" content=\"image\/webp\" \/>\n<meta name=\"author\" content=\"Ebru Alt\u0131n\" \/>\n<meta name=\"twitter:card\" content=\"summary_large_image\" \/>\n<meta name=\"twitter:creator\" content=\"@JV_BusinessMice\" \/>\n<meta name=\"twitter:site\" content=\"@JV_BusinessMice\" \/>\n<meta name=\"twitter:label1\" content=\"Written by\" \/>\n\t<meta name=\"twitter:data1\" content=\"Ebru Alt\u0131n\" \/>\n\t<meta name=\"twitter:label2\" content=\"Est. reading time\" \/>\n\t<meta name=\"twitter:data2\" content=\"5 minutes\" \/>\n<script type=\"application\/ld+json\" class=\"yoast-schema-graph\">{\"@context\":\"https:\/\/schema.org\",\"@graph\":[{\"@type\":\"Article\",\"@id\":\"https:\/\/julesverne.com.tr\/travel-blog\/2023-avrupa-kultur-baskentleri\/#article\",\"isPartOf\":{\"@id\":\"https:\/\/julesverne.com.tr\/travel-blog\/2023-avrupa-kultur-baskentleri\/\"},\"author\":{\"name\":\"Ebru Alt\u0131n\",\"@id\":\"https:\/\/julesverne.com.tr\/#\/schema\/person\/219931edfe2e7d9cbbcbabb8a7e4c7f4\"},\"headline\":\"(TR) 2023 Avrupa K\u00fclt\u00fcr Ba\u015fkentleri\",\"datePublished\":\"2023-01-12T10:48:04+00:00\",\"dateModified\":\"2023-01-17T09:40:30+00:00\",\"mainEntityOfPage\":{\"@id\":\"https:\/\/julesverne.com.tr\/travel-blog\/2023-avrupa-kultur-baskentleri\/\"},\"wordCount\":608,\"publisher\":{\"@id\":\"https:\/\/julesverne.com.tr\/#organization\"},\"image\":{\"@id\":\"https:\/\/julesverne.com.tr\/travel-blog\/2023-avrupa-kultur-baskentleri\/#primaryimage\"},\"thumbnailUrl\":\"https:\/\/julesverne.com.tr\/wp-content\/uploads\/2023\/01\/Timisoara_shutterstock_2191272623.webp\",\"keywords\":[\"\u0130lham Veren Destinasyonlar\",\"Nereye Gitsek\",\"Seyahat Blog\"],\"articleSection\":[\"\u0130lham Veren Destinasyonlar\",\"Blog\",\"Nereye Gitsek?\"],\"inLanguage\":\"en-US\"},{\"@type\":\"WebPage\",\"@id\":\"https:\/\/julesverne.com.tr\/travel-blog\/2023-avrupa-kultur-baskentleri\/\",\"url\":\"https:\/\/julesverne.com.tr\/travel-blog\/2023-avrupa-kultur-baskentleri\/\",\"name\":\"[:tr]2023 Avrupa K\u00fclt\u00fcr Ba\u015fkentleri[:] - JULES VERNE BUSINESS MICE TRAVEL\",\"isPartOf\":{\"@id\":\"https:\/\/julesverne.com.tr\/#website\"},\"primaryImageOfPage\":{\"@id\":\"https:\/\/julesverne.com.tr\/travel-blog\/2023-avrupa-kultur-baskentleri\/#primaryimage\"},\"image\":{\"@id\":\"https:\/\/julesverne.com.tr\/travel-blog\/2023-avrupa-kultur-baskentleri\/#primaryimage\"},\"thumbnailUrl\":\"https:\/\/julesverne.com.tr\/wp-content\/uploads\/2023\/01\/Timisoara_shutterstock_2191272623.webp\",\"datePublished\":\"2023-01-12T10:48:04+00:00\",\"dateModified\":\"2023-01-17T09:40:30+00:00\",\"description\":\"Macaristan, Romanya ve Yunanistan'da \u015fehir tatili denince akla ilk gelen yerler \u00e7o\u011fu zaman Budape\u015fte, B\u00fckre\u015f ve Atina olsa da, 2023 K\u00fclt\u00fcr Ba\u015fkentleri se\u00e7ilen Veszprem, Timio\u015fara ve Elefsina bu y\u0131l kesinlikle ke\u015ffe de\u011fer! Sanat, tarih, gastronomi ve daha pek \u00e7ok \u00f6zelli\u011fi ile gelecek vadeden 2023 K\u00fclt\u00fcr Ba\u015fkentleri Veszprem, Timio\u015fara ve Elefsina'y\u0131 ke\u015ffetmek i\u00e7in bu y\u0131lki seyahat planlar\u0131n\u0131zda yer a\u00e7man\u0131z\u0131 \u00f6neririz.\",\"breadcrumb\":{\"@id\":\"https:\/\/julesverne.com.tr\/travel-blog\/2023-avrupa-kultur-baskentleri\/#breadcrumb\"},\"inLanguage\":\"en-US\",\"potentialAction\":[{\"@type\":\"ReadAction\",\"target\":[\"https:\/\/julesverne.com.tr\/travel-blog\/2023-avrupa-kultur-baskentleri\/\"]}]},{\"@type\":\"ImageObject\",\"inLanguage\":\"en-US\",\"@id\":\"https:\/\/julesverne.com.tr\/travel-blog\/2023-avrupa-kultur-baskentleri\/#primaryimage\",\"url\":\"https:\/\/julesverne.com.tr\/wp-content\/uploads\/2023\/01\/Timisoara_shutterstock_2191272623.webp\",\"contentUrl\":\"https:\/\/julesverne.com.tr\/wp-content\/uploads\/2023\/01\/Timisoara_shutterstock_2191272623.webp\",\"width\":1440,\"height\":959},{\"@type\":\"BreadcrumbList\",\"@id\":\"https:\/\/julesverne.com.tr\/travel-blog\/2023-avrupa-kultur-baskentleri\/#breadcrumb\",\"itemListElement\":[{\"@type\":\"ListItem\",\"position\":1,\"name\":\"Anasayfa\",\"item\":\"https:\/\/julesverne.com.tr\/\"},{\"@type\":\"ListItem\",\"position\":2,\"name\":\"2023 Avrupa K\u00fclt\u00fcr Ba\u015fkentleri\"}]},{\"@type\":\"WebSite\",\"@id\":\"https:\/\/julesverne.com.tr\/#website\",\"url\":\"https:\/\/julesverne.com.tr\/\",\"name\":\"JULES VERNE BUSINESS MICE TRAVEL\",\"description\":\"\",\"publisher\":{\"@id\":\"https:\/\/julesverne.com.tr\/#organization\"},\"potentialAction\":[{\"@type\":\"SearchAction\",\"target\":{\"@type\":\"EntryPoint\",\"urlTemplate\":\"https:\/\/julesverne.com.tr\/?s={search_term_string}\"},\"query-input\":\"required name=search_term_string\"}],\"inLanguage\":\"en-US\"},{\"@type\":\"Organization\",\"@id\":\"https:\/\/julesverne.com.tr\/#organization\",\"name\":\"JULES VERNE BUSINESS MICE TRAVEL\",\"url\":\"https:\/\/julesverne.com.tr\/\",\"logo\":{\"@type\":\"ImageObject\",\"inLanguage\":\"en-US\",\"@id\":\"https:\/\/julesverne.com.tr\/#\/schema\/logo\/image\/\",\"url\":\"https:\/\/julesverne.com.tr\/wp-content\/uploads\/2020\/09\/jv-bmt-logo.png\",\"contentUrl\":\"https:\/\/julesverne.com.tr\/wp-content\/uploads\/2020\/09\/jv-bmt-logo.png\",\"width\":110,\"height\":81,\"caption\":\"JULES VERNE BUSINESS MICE TRAVEL\"},\"image\":{\"@id\":\"https:\/\/julesverne.com.tr\/#\/schema\/logo\/image\/\"},\"sameAs\":[\"https:\/\/www.facebook.com\/JulesVerneBusinessMiceTravel\/\",\"https:\/\/twitter.com\/JV_BusinessMice\",\"https:\/\/www.instagram.com\/julesvernebusinessmicetravel\/\",\"https:\/\/www.linkedin.com\/company\/julesvernebusinessmicetravel\/\",\"https:\/\/www.youtube.com\/channel\/UCAwdsmbZ6tFhu1tea6pkpiw\"]},{\"@type\":\"Person\",\"@id\":\"https:\/\/julesverne.com.tr\/#\/schema\/person\/219931edfe2e7d9cbbcbabb8a7e4c7f4\",\"name\":\"Ebru Alt\u0131n\",\"url\":\"https:\/\/julesverne.com.tr\/en\/author\/ebru-altin\/\"}]}<\/script>\n<!-- \/ Yoast SEO plugin. -->","yoast_head_json":{"title":"[:tr]2023 Avrupa K\u00fclt\u00fcr Ba\u015fkentleri[:] - JULES VERNE BUSINESS MICE TRAVEL","description":"Macaristan, Romanya ve Yunanistan'da \u015fehir tatili denince akla ilk gelen yerler \u00e7o\u011fu zaman Budape\u015fte, B\u00fckre\u015f ve Atina olsa da, 2023 K\u00fclt\u00fcr Ba\u015fkentleri se\u00e7ilen Veszprem, Timio\u015fara ve Elefsina bu y\u0131l kesinlikle ke\u015ffe de\u011fer! Sanat, tarih, gastronomi ve daha pek \u00e7ok \u00f6zelli\u011fi ile gelecek vadeden 2023 K\u00fclt\u00fcr Ba\u015fkentleri Veszprem, Timio\u015fara ve Elefsina'y\u0131 ke\u015ffetmek i\u00e7in bu y\u0131lki seyahat planlar\u0131n\u0131zda yer a\u00e7man\u0131z\u0131 \u00f6neririz.","robots":{"index":"index","follow":"follow","max-snippet":"max-snippet:-1","max-image-preview":"max-image-preview:large","max-video-preview":"max-video-preview:-1"},"canonical":"https:\/\/julesverne.com.tr\/travel-blog\/2023-avrupa-kultur-baskentleri\/","og_locale":"en_US","og_type":"article","og_title":"[:tr]2023 Avrupa K\u00fclt\u00fcr Ba\u015fkentleri[:] - JULES VERNE BUSINESS MICE TRAVEL","og_description":"Macaristan, Romanya ve Yunanistan'da \u015fehir tatili denince akla ilk gelen yerler \u00e7o\u011fu zaman Budape\u015fte, B\u00fckre\u015f ve Atina olsa da, 2023 K\u00fclt\u00fcr Ba\u015fkentleri se\u00e7ilen Veszprem, Timio\u015fara ve Elefsina bu y\u0131l kesinlikle ke\u015ffe de\u011fer! Sanat, tarih, gastronomi ve daha pek \u00e7ok \u00f6zelli\u011fi ile gelecek vadeden 2023 K\u00fclt\u00fcr Ba\u015fkentleri Veszprem, Timio\u015fara ve Elefsina'y\u0131 ke\u015ffetmek i\u00e7in bu y\u0131lki seyahat planlar\u0131n\u0131zda yer a\u00e7man\u0131z\u0131 \u00f6neririz.","og_url":"https:\/\/julesverne.com.tr\/travel-blog\/2023-avrupa-kultur-baskentleri\/","og_site_name":"JULES VERNE BUSINESS MICE TRAVEL","article_publisher":"https:\/\/www.facebook.com\/JulesVerneBusinessMiceTravel\/","article_published_time":"2023-01-12T10:48:04+00:00","article_modified_time":"2023-01-17T09:40:30+00:00","og_image":[{"width":1440,"height":959,"url":"https:\/\/julesverne.com.tr\/wp-content\/uploads\/2023\/01\/Timisoara_shutterstock_2191272623.webp","type":"image\/webp"}],"author":"Ebru Alt\u0131n","twitter_card":"summary_large_image","twitter_creator":"@JV_BusinessMice","twitter_site":"@JV_BusinessMice","twitter_misc":{"Written by":"Ebru Alt\u0131n","Est. reading time":"5 minutes"},"schema":{"@context":"https:\/\/schema.org","@graph":[{"@type":"Article","@id":"https:\/\/julesverne.com.tr\/travel-blog\/2023-avrupa-kultur-baskentleri\/#article","isPartOf":{"@id":"https:\/\/julesverne.com.tr\/travel-blog\/2023-avrupa-kultur-baskentleri\/"},"author":{"name":"Ebru Alt\u0131n","@id":"https:\/\/julesverne.com.tr\/#\/schema\/person\/219931edfe2e7d9cbbcbabb8a7e4c7f4"},"headline":"(TR) 2023 Avrupa K\u00fclt\u00fcr Ba\u015fkentleri","datePublished":"2023-01-12T10:48:04+00:00","dateModified":"2023-01-17T09:40:30+00:00","mainEntityOfPage":{"@id":"https:\/\/julesverne.com.tr\/travel-blog\/2023-avrupa-kultur-baskentleri\/"},"wordCount":608,"publisher":{"@id":"https:\/\/julesverne.com.tr\/#organization"},"image":{"@id":"https:\/\/julesverne.com.tr\/travel-blog\/2023-avrupa-kultur-baskentleri\/#primaryimage"},"thumbnailUrl":"https:\/\/julesverne.com.tr\/wp-content\/uploads\/2023\/01\/Timisoara_shutterstock_2191272623.webp","keywords":["\u0130lham Veren Destinasyonlar","Nereye Gitsek","Seyahat Blog"],"articleSection":["\u0130lham Veren Destinasyonlar","Blog","Nereye Gitsek?"],"inLanguage":"en-US"},{"@type":"WebPage","@id":"https:\/\/julesverne.com.tr\/travel-blog\/2023-avrupa-kultur-baskentleri\/","url":"https:\/\/julesverne.com.tr\/travel-blog\/2023-avrupa-kultur-baskentleri\/","name":"[:tr]2023 Avrupa K\u00fclt\u00fcr Ba\u015fkentleri[:] - JULES VERNE BUSINESS MICE TRAVEL","isPartOf":{"@id":"https:\/\/julesverne.com.tr\/#website"},"primaryImageOfPage":{"@id":"https:\/\/julesverne.com.tr\/travel-blog\/2023-avrupa-kultur-baskentleri\/#primaryimage"},"image":{"@id":"https:\/\/julesverne.com.tr\/travel-blog\/2023-avrupa-kultur-baskentleri\/#primaryimage"},"thumbnailUrl":"https:\/\/julesverne.com.tr\/wp-content\/uploads\/2023\/01\/Timisoara_shutterstock_2191272623.webp","datePublished":"2023-01-12T10:48:04+00:00","dateModified":"2023-01-17T09:40:30+00:00","description":"Macaristan, Romanya ve Yunanistan'da \u015fehir tatili denince akla ilk gelen yerler \u00e7o\u011fu zaman Budape\u015fte, B\u00fckre\u015f ve Atina olsa da, 2023 K\u00fclt\u00fcr Ba\u015fkentleri se\u00e7ilen Veszprem, Timio\u015fara ve Elefsina bu y\u0131l kesinlikle ke\u015ffe de\u011fer! Sanat, tarih, gastronomi ve daha pek \u00e7ok \u00f6zelli\u011fi ile gelecek vadeden 2023 K\u00fclt\u00fcr Ba\u015fkentleri Veszprem, Timio\u015fara ve Elefsina'y\u0131 ke\u015ffetmek i\u00e7in bu y\u0131lki seyahat planlar\u0131n\u0131zda yer a\u00e7man\u0131z\u0131 \u00f6neririz.","breadcrumb":{"@id":"https:\/\/julesverne.com.tr\/travel-blog\/2023-avrupa-kultur-baskentleri\/#breadcrumb"},"inLanguage":"en-US","potentialAction":[{"@type":"ReadAction","target":["https:\/\/julesverne.com.tr\/travel-blog\/2023-avrupa-kultur-baskentleri\/"]}]},{"@type":"ImageObject","inLanguage":"en-US","@id":"https:\/\/julesverne.com.tr\/travel-blog\/2023-avrupa-kultur-baskentleri\/#primaryimage","url":"https:\/\/julesverne.com.tr\/wp-content\/uploads\/2023\/01\/Timisoara_shutterstock_2191272623.webp","contentUrl":"https:\/\/julesverne.com.tr\/wp-content\/uploads\/2023\/01\/Timisoara_shutterstock_2191272623.webp","width":1440,"height":959},{"@type":"BreadcrumbList","@id":"https:\/\/julesverne.com.tr\/travel-blog\/2023-avrupa-kultur-baskentleri\/#breadcrumb","itemListElement":[{"@type":"ListItem","position":1,"name":"Anasayfa","item":"https:\/\/julesverne.com.tr\/"},{"@type":"ListItem","position":2,"name":"2023 Avrupa K\u00fclt\u00fcr Ba\u015fkentleri"}]},{"@type":"WebSite","@id":"https:\/\/julesverne.com.tr\/#website","url":"https:\/\/julesverne.com.tr\/","name":"JULES VERNE BUSINESS MICE TRAVEL","description":"","publisher":{"@id":"https:\/\/julesverne.com.tr\/#organization"},"potentialAction":[{"@type":"SearchAction","target":{"@type":"EntryPoint","urlTemplate":"https:\/\/julesverne.com.tr\/?s={search_term_string}"},"query-input":"required name=search_term_string"}],"inLanguage":"en-US"},{"@type":"Organization","@id":"https:\/\/julesverne.com.tr\/#organization","name":"JULES VERNE BUSINESS MICE TRAVEL","url":"https:\/\/julesverne.com.tr\/","logo":{"@type":"ImageObject","inLanguage":"en-US","@id":"https:\/\/julesverne.com.tr\/#\/schema\/logo\/image\/","url":"https:\/\/julesverne.com.tr\/wp-content\/uploads\/2020\/09\/jv-bmt-logo.png","contentUrl":"https:\/\/julesverne.com.tr\/wp-content\/uploads\/2020\/09\/jv-bmt-logo.png","width":110,"height":81,"caption":"JULES VERNE BUSINESS MICE TRAVEL"},"image":{"@id":"https:\/\/julesverne.com.tr\/#\/schema\/logo\/image\/"},"sameAs":["https:\/\/www.facebook.com\/JulesVerneBusinessMiceTravel\/","https:\/\/twitter.com\/JV_BusinessMice","https:\/\/www.instagram.com\/julesvernebusinessmicetravel\/","https:\/\/www.linkedin.com\/company\/julesvernebusinessmicetravel\/","https:\/\/www.youtube.com\/channel\/UCAwdsmbZ6tFhu1tea6pkpiw"]},{"@type":"Person","@id":"https:\/\/julesverne.com.tr\/#\/schema\/person\/219931edfe2e7d9cbbcbabb8a7e4c7f4","name":"Ebru Alt\u0131n","url":"https:\/\/julesverne.com.tr\/en\/author\/ebru-altin\/"}]}},"_links":{"self":[{"href":"https:\/\/julesverne.com.tr\/en\/wp-json\/wp\/v2\/posts\/14726"}],"collection":[{"href":"https:\/\/julesverne.com.tr\/en\/wp-json\/wp\/v2\/posts"}],"about":[{"href":"https:\/\/julesverne.com.tr\/en\/wp-json\/wp\/v2\/types\/post"}],"author":[{"embeddable":true,"href":"https:\/\/julesverne.com.tr\/en\/wp-json\/wp\/v2\/users\/10"}],"replies":[{"embeddable":true,"href":"https:\/\/julesverne.com.tr\/en\/wp-json\/wp\/v2\/comments?post=14726"}],"version-history":[{"count":11,"href":"https:\/\/julesverne.com.tr\/en\/wp-json\/wp\/v2\/posts\/14726\/revisions"}],"predecessor-version":[{"id":14856,"href":"https:\/\/julesverne.com.tr\/en\/wp-json\/wp\/v2\/posts\/14726\/revisions\/14856"}],"wp:featuredmedia":[{"embeddable":true,"href":"https:\/\/julesverne.com.tr\/en\/wp-json\/wp\/v2\/media\/14816"}],"wp:attachment":[{"href":"https:\/\/julesverne.com.tr\/en\/wp-json\/wp\/v2\/media?parent=14726"}],"wp:term":[{"taxonomy":"category","embeddable":true,"href":"https:\/\/julesverne.com.tr\/en\/wp-json\/wp\/v2\/categories?post=14726"},{"taxonomy":"post_tag","embeddable":true,"href":"https:\/\/julesverne.com.tr\/en\/wp-json\/wp\/v2\/tags?post=14726"}],"curies":[{"name":"wp","href":"https:\/\/api.w.org\/{rel}","templated":true}]}}