{"id":14460,"date":"2022-11-29T15:40:21","date_gmt":"2022-11-29T12:40:21","guid":{"rendered":"https:\/\/julesverne.com.tr\/?p=14460"},"modified":"2022-11-29T16:34:16","modified_gmt":"2022-11-29T13:34:16","slug":"bu-yil-kacirmak-istemeyeceginiz-icinizi-isitacak-kis-festivalleri","status":"publish","type":"post","link":"https:\/\/julesverne.com.tr\/en\/travel-blog\/bu-yil-kacirmak-istemeyeceginiz-icinizi-isitacak-kis-festivalleri\/","title":{"rendered":"(TR) Bu Y\u0131l Ka\u00e7\u0131rmak \u0130stemeyece\u011finiz \u0130\u00e7inizi Is\u0131tacak K\u0131\u015f Festivalleri"},"content":{"rendered":"<p class=\"qtranxs-available-languages-message qtranxs-available-languages-message-en\">Sorry, this entry is only available in <a href=\"https:\/\/julesverne.com.tr\/tr\/wp-json\/wp\/v2\/posts\/14460\" class=\"qtranxs-available-language-link qtranxs-available-language-link-tr\" title=\"TR\">Turkish<\/a>.<\/p>","protected":false},"excerpt":{"rendered":"<p>Sorry, this entry is only available in Turkish.<\/p>\n","protected":false},"author":10,"featured_media":14473,"comment_status":"closed","ping_status":"closed","sticky":false,"template":"","format":"standard","meta":{"inline_featured_image":false,"footnotes":""},"categories":[38,1,39],"tags":[77,73,245],"acf":[],"yoast_head":"<!-- This site is optimized with the Yoast SEO plugin v22.3 - https:\/\/yoast.com\/wordpress\/plugins\/seo\/ -->\n<title><\/title>\n<meta name=\"description\" content=\"Festival denilince akl\u0131n\u0131za sadece bahar ya da yaz aylar\u0131 geliyorsa \u00e7ok yan\u0131l\u0131yorsunuz. \u00c7\u00fcnk\u00fc k\u0131\u015f\u0131n da evden \u00e7\u0131k\u0131p yollara d\u00fc\u015fmenize de\u011fecek, d\u0131\u015far\u0131daki so\u011fuk havaya inat i\u00e7inizi \u0131s\u0131tacak rengarenk bir festival d\u00f6nemi ba\u015fl\u0131yor. Noel pazarlar\u0131n\u0131n \u0131\u015f\u0131lt\u0131s\u0131 tamamland\u0131\u011f\u0131nda sahneye \u00e7\u0131kacak olan k\u0131\u015f festivalleri ile r\u00fcya gibi bir yolculuk sizleri bekliyor.\u00a0\" \/>\n<meta name=\"robots\" content=\"index, follow, max-snippet:-1, max-image-preview:large, max-video-preview:-1\" \/>\n<link rel=\"canonical\" href=\"https:\/\/julesverne.com.tr\/travel-blog\/bu-yil-kacirmak-istemeyeceginiz-icinizi-isitacak-kis-festivalleri\/\" \/>\n<meta property=\"og:locale\" content=\"en_US\" \/>\n<meta property=\"og:type\" content=\"article\" \/>\n<meta property=\"og:title\" content=\"[:tr]Bu Y\u0131l Ka\u00e7\u0131rmak \u0130stemeyece\u011finiz \u0130\u00e7inizi Is\u0131tacak K\u0131\u015f Festivalleri[:] - JULES VERNE BUSINESS MICE TRAVEL\" \/>\n<meta property=\"og:description\" content=\"Festival denilince akl\u0131n\u0131za sadece bahar ya da yaz aylar\u0131 geliyorsa \u00e7ok yan\u0131l\u0131yorsunuz. \u00c7\u00fcnk\u00fc k\u0131\u015f\u0131n da evden \u00e7\u0131k\u0131p yollara d\u00fc\u015fmenize de\u011fecek, d\u0131\u015far\u0131daki so\u011fuk havaya inat i\u00e7inizi \u0131s\u0131tacak rengarenk bir festival d\u00f6nemi ba\u015fl\u0131yor. Noel pazarlar\u0131n\u0131n \u0131\u015f\u0131lt\u0131s\u0131 tamamland\u0131\u011f\u0131nda sahneye \u00e7\u0131kacak olan k\u0131\u015f festivalleri ile r\u00fcya gibi bir yolculuk sizleri bekliyor.\u00a0\" \/>\n<meta property=\"og:url\" content=\"https:\/\/julesverne.com.tr\/travel-blog\/bu-yil-kacirmak-istemeyeceginiz-icinizi-isitacak-kis-festivalleri\/\" \/>\n<meta property=\"og:site_name\" content=\"JULES VERNE BUSINESS MICE TRAVEL\" \/>\n<meta property=\"article:publisher\" content=\"https:\/\/www.facebook.com\/JulesVerneBusinessMiceTravel\/\" \/>\n<meta property=\"article:published_time\" content=\"2022-11-29T12:40:21+00:00\" \/>\n<meta property=\"article:modified_time\" content=\"2022-11-29T13:34:16+00:00\" \/>\n<meta property=\"og:image\" content=\"https:\/\/julesverne.com.tr\/wp-content\/uploads\/2022\/11\/amsterdam-light-festival-1.jpg\" \/>\n\t<meta property=\"og:image:width\" content=\"1200\" \/>\n\t<meta property=\"og:image:height\" content=\"800\" \/>\n\t<meta property=\"og:image:type\" content=\"image\/jpeg\" \/>\n<meta name=\"author\" content=\"Ebru Alt\u0131n\" \/>\n<meta name=\"twitter:card\" content=\"summary_large_image\" \/>\n<meta name=\"twitter:creator\" content=\"@JV_BusinessMice\" \/>\n<meta name=\"twitter:site\" content=\"@JV_BusinessMice\" \/>\n<meta name=\"twitter:label1\" content=\"Written by\" \/>\n\t<meta name=\"twitter:data1\" content=\"Ebru Alt\u0131n\" \/>\n\t<meta name=\"twitter:label2\" content=\"Est. reading time\" \/>\n\t<meta name=\"twitter:data2\" content=\"11 minutes\" \/>\n<script type=\"application\/ld+json\" class=\"yoast-schema-graph\">{\"@context\":\"https:\/\/schema.org\",\"@graph\":[{\"@type\":\"Article\",\"@id\":\"https:\/\/julesverne.com.tr\/travel-blog\/bu-yil-kacirmak-istemeyeceginiz-icinizi-isitacak-kis-festivalleri\/#article\",\"isPartOf\":{\"@id\":\"https:\/\/julesverne.com.tr\/travel-blog\/bu-yil-kacirmak-istemeyeceginiz-icinizi-isitacak-kis-festivalleri\/\"},\"author\":{\"name\":\"Ebru Alt\u0131n\",\"@id\":\"https:\/\/julesverne.com.tr\/#\/schema\/person\/219931edfe2e7d9cbbcbabb8a7e4c7f4\"},\"headline\":\"(TR) Bu Y\u0131l Ka\u00e7\u0131rmak \u0130stemeyece\u011finiz \u0130\u00e7inizi Is\u0131tacak K\u0131\u015f Festivalleri\",\"datePublished\":\"2022-11-29T12:40:21+00:00\",\"dateModified\":\"2022-11-29T13:34:16+00:00\",\"mainEntityOfPage\":{\"@id\":\"https:\/\/julesverne.com.tr\/travel-blog\/bu-yil-kacirmak-istemeyeceginiz-icinizi-isitacak-kis-festivalleri\/\"},\"wordCount\":1663,\"publisher\":{\"@id\":\"https:\/\/julesverne.com.tr\/#organization\"},\"image\":{\"@id\":\"https:\/\/julesverne.com.tr\/travel-blog\/bu-yil-kacirmak-istemeyeceginiz-icinizi-isitacak-kis-festivalleri\/#primaryimage\"},\"thumbnailUrl\":\"https:\/\/julesverne.com.tr\/wp-content\/uploads\/2022\/11\/amsterdam-light-festival-1.jpg\",\"keywords\":[\"\u0130lham Veren Destinasyonlar\",\"Nereye Gitsek\",\"Seyahat Blog\"],\"articleSection\":[\"\u0130lham Veren Destinasyonlar\",\"Blog\",\"Nereye Gitsek?\"],\"inLanguage\":\"en-US\"},{\"@type\":\"WebPage\",\"@id\":\"https:\/\/julesverne.com.tr\/travel-blog\/bu-yil-kacirmak-istemeyeceginiz-icinizi-isitacak-kis-festivalleri\/\",\"url\":\"https:\/\/julesverne.com.tr\/travel-blog\/bu-yil-kacirmak-istemeyeceginiz-icinizi-isitacak-kis-festivalleri\/\",\"name\":\"[:tr]Bu Y\u0131l Ka\u00e7\u0131rmak \u0130stemeyece\u011finiz \u0130\u00e7inizi Is\u0131tacak K\u0131\u015f Festivalleri[:] - JULES VERNE BUSINESS MICE TRAVEL\",\"isPartOf\":{\"@id\":\"https:\/\/julesverne.com.tr\/#website\"},\"primaryImageOfPage\":{\"@id\":\"https:\/\/julesverne.com.tr\/travel-blog\/bu-yil-kacirmak-istemeyeceginiz-icinizi-isitacak-kis-festivalleri\/#primaryimage\"},\"image\":{\"@id\":\"https:\/\/julesverne.com.tr\/travel-blog\/bu-yil-kacirmak-istemeyeceginiz-icinizi-isitacak-kis-festivalleri\/#primaryimage\"},\"thumbnailUrl\":\"https:\/\/julesverne.com.tr\/wp-content\/uploads\/2022\/11\/amsterdam-light-festival-1.jpg\",\"datePublished\":\"2022-11-29T12:40:21+00:00\",\"dateModified\":\"2022-11-29T13:34:16+00:00\",\"description\":\"Festival denilince akl\u0131n\u0131za sadece bahar ya da yaz aylar\u0131 geliyorsa \u00e7ok yan\u0131l\u0131yorsunuz. \u00c7\u00fcnk\u00fc k\u0131\u015f\u0131n da evden \u00e7\u0131k\u0131p yollara d\u00fc\u015fmenize de\u011fecek, d\u0131\u015far\u0131daki so\u011fuk havaya inat i\u00e7inizi \u0131s\u0131tacak rengarenk bir festival d\u00f6nemi ba\u015fl\u0131yor. Noel pazarlar\u0131n\u0131n \u0131\u015f\u0131lt\u0131s\u0131 tamamland\u0131\u011f\u0131nda sahneye \u00e7\u0131kacak olan k\u0131\u015f festivalleri ile r\u00fcya gibi bir yolculuk sizleri bekliyor.\u00a0\",\"breadcrumb\":{\"@id\":\"https:\/\/julesverne.com.tr\/travel-blog\/bu-yil-kacirmak-istemeyeceginiz-icinizi-isitacak-kis-festivalleri\/#breadcrumb\"},\"inLanguage\":\"en-US\",\"potentialAction\":[{\"@type\":\"ReadAction\",\"target\":[\"https:\/\/julesverne.com.tr\/travel-blog\/bu-yil-kacirmak-istemeyeceginiz-icinizi-isitacak-kis-festivalleri\/\"]}]},{\"@type\":\"ImageObject\",\"inLanguage\":\"en-US\",\"@id\":\"https:\/\/julesverne.com.tr\/travel-blog\/bu-yil-kacirmak-istemeyeceginiz-icinizi-isitacak-kis-festivalleri\/#primaryimage\",\"url\":\"https:\/\/julesverne.com.tr\/wp-content\/uploads\/2022\/11\/amsterdam-light-festival-1.jpg\",\"contentUrl\":\"https:\/\/julesverne.com.tr\/wp-content\/uploads\/2022\/11\/amsterdam-light-festival-1.jpg\",\"width\":1200,\"height\":800},{\"@type\":\"BreadcrumbList\",\"@id\":\"https:\/\/julesverne.com.tr\/travel-blog\/bu-yil-kacirmak-istemeyeceginiz-icinizi-isitacak-kis-festivalleri\/#breadcrumb\",\"itemListElement\":[{\"@type\":\"ListItem\",\"position\":1,\"name\":\"Anasayfa\",\"item\":\"https:\/\/julesverne.com.tr\/\"},{\"@type\":\"ListItem\",\"position\":2,\"name\":\"Bu Y\u0131l Ka\u00e7\u0131rmak \u0130stemeyece\u011finiz \u0130\u00e7inizi Is\u0131tacak K\u0131\u015f Festivalleri\"}]},{\"@type\":\"WebSite\",\"@id\":\"https:\/\/julesverne.com.tr\/#website\",\"url\":\"https:\/\/julesverne.com.tr\/\",\"name\":\"JULES VERNE BUSINESS MICE TRAVEL\",\"description\":\"\",\"publisher\":{\"@id\":\"https:\/\/julesverne.com.tr\/#organization\"},\"potentialAction\":[{\"@type\":\"SearchAction\",\"target\":{\"@type\":\"EntryPoint\",\"urlTemplate\":\"https:\/\/julesverne.com.tr\/?s={search_term_string}\"},\"query-input\":\"required name=search_term_string\"}],\"inLanguage\":\"en-US\"},{\"@type\":\"Organization\",\"@id\":\"https:\/\/julesverne.com.tr\/#organization\",\"name\":\"JULES VERNE BUSINESS MICE TRAVEL\",\"url\":\"https:\/\/julesverne.com.tr\/\",\"logo\":{\"@type\":\"ImageObject\",\"inLanguage\":\"en-US\",\"@id\":\"https:\/\/julesverne.com.tr\/#\/schema\/logo\/image\/\",\"url\":\"https:\/\/julesverne.com.tr\/wp-content\/uploads\/2020\/09\/jv-bmt-logo.png\",\"contentUrl\":\"https:\/\/julesverne.com.tr\/wp-content\/uploads\/2020\/09\/jv-bmt-logo.png\",\"width\":110,\"height\":81,\"caption\":\"JULES VERNE BUSINESS MICE TRAVEL\"},\"image\":{\"@id\":\"https:\/\/julesverne.com.tr\/#\/schema\/logo\/image\/\"},\"sameAs\":[\"https:\/\/www.facebook.com\/JulesVerneBusinessMiceTravel\/\",\"https:\/\/twitter.com\/JV_BusinessMice\",\"https:\/\/www.instagram.com\/julesvernebusinessmicetravel\/\",\"https:\/\/www.linkedin.com\/company\/julesvernebusinessmicetravel\/\",\"https:\/\/www.youtube.com\/channel\/UCAwdsmbZ6tFhu1tea6pkpiw\"]},{\"@type\":\"Person\",\"@id\":\"https:\/\/julesverne.com.tr\/#\/schema\/person\/219931edfe2e7d9cbbcbabb8a7e4c7f4\",\"name\":\"Ebru Alt\u0131n\",\"url\":\"https:\/\/julesverne.com.tr\/en\/author\/ebru-altin\/\"}]}<\/script>\n<!-- \/ Yoast SEO plugin. -->","yoast_head_json":{"title":"[:tr]Bu Y\u0131l Ka\u00e7\u0131rmak \u0130stemeyece\u011finiz \u0130\u00e7inizi Is\u0131tacak K\u0131\u015f Festivalleri[:] - JULES VERNE BUSINESS MICE TRAVEL","description":"Festival denilince akl\u0131n\u0131za sadece bahar ya da yaz aylar\u0131 geliyorsa \u00e7ok yan\u0131l\u0131yorsunuz. \u00c7\u00fcnk\u00fc k\u0131\u015f\u0131n da evden \u00e7\u0131k\u0131p yollara d\u00fc\u015fmenize de\u011fecek, d\u0131\u015far\u0131daki so\u011fuk havaya inat i\u00e7inizi \u0131s\u0131tacak rengarenk bir festival d\u00f6nemi ba\u015fl\u0131yor. Noel pazarlar\u0131n\u0131n \u0131\u015f\u0131lt\u0131s\u0131 tamamland\u0131\u011f\u0131nda sahneye \u00e7\u0131kacak olan k\u0131\u015f festivalleri ile r\u00fcya gibi bir yolculuk sizleri bekliyor.\u00a0","robots":{"index":"index","follow":"follow","max-snippet":"max-snippet:-1","max-image-preview":"max-image-preview:large","max-video-preview":"max-video-preview:-1"},"canonical":"https:\/\/julesverne.com.tr\/travel-blog\/bu-yil-kacirmak-istemeyeceginiz-icinizi-isitacak-kis-festivalleri\/","og_locale":"en_US","og_type":"article","og_title":"[:tr]Bu Y\u0131l Ka\u00e7\u0131rmak \u0130stemeyece\u011finiz \u0130\u00e7inizi Is\u0131tacak K\u0131\u015f Festivalleri[:] - JULES VERNE BUSINESS MICE TRAVEL","og_description":"Festival denilince akl\u0131n\u0131za sadece bahar ya da yaz aylar\u0131 geliyorsa \u00e7ok yan\u0131l\u0131yorsunuz. \u00c7\u00fcnk\u00fc k\u0131\u015f\u0131n da evden \u00e7\u0131k\u0131p yollara d\u00fc\u015fmenize de\u011fecek, d\u0131\u015far\u0131daki so\u011fuk havaya inat i\u00e7inizi \u0131s\u0131tacak rengarenk bir festival d\u00f6nemi ba\u015fl\u0131yor. Noel pazarlar\u0131n\u0131n \u0131\u015f\u0131lt\u0131s\u0131 tamamland\u0131\u011f\u0131nda sahneye \u00e7\u0131kacak olan k\u0131\u015f festivalleri ile r\u00fcya gibi bir yolculuk sizleri bekliyor.\u00a0","og_url":"https:\/\/julesverne.com.tr\/travel-blog\/bu-yil-kacirmak-istemeyeceginiz-icinizi-isitacak-kis-festivalleri\/","og_site_name":"JULES VERNE BUSINESS MICE TRAVEL","article_publisher":"https:\/\/www.facebook.com\/JulesVerneBusinessMiceTravel\/","article_published_time":"2022-11-29T12:40:21+00:00","article_modified_time":"2022-11-29T13:34:16+00:00","og_image":[{"width":1200,"height":800,"url":"https:\/\/julesverne.com.tr\/wp-content\/uploads\/2022\/11\/amsterdam-light-festival-1.jpg","type":"image\/jpeg"}],"author":"Ebru Alt\u0131n","twitter_card":"summary_large_image","twitter_creator":"@JV_BusinessMice","twitter_site":"@JV_BusinessMice","twitter_misc":{"Written by":"Ebru Alt\u0131n","Est. reading time":"11 minutes"},"schema":{"@context":"https:\/\/schema.org","@graph":[{"@type":"Article","@id":"https:\/\/julesverne.com.tr\/travel-blog\/bu-yil-kacirmak-istemeyeceginiz-icinizi-isitacak-kis-festivalleri\/#article","isPartOf":{"@id":"https:\/\/julesverne.com.tr\/travel-blog\/bu-yil-kacirmak-istemeyeceginiz-icinizi-isitacak-kis-festivalleri\/"},"author":{"name":"Ebru Alt\u0131n","@id":"https:\/\/julesverne.com.tr\/#\/schema\/person\/219931edfe2e7d9cbbcbabb8a7e4c7f4"},"headline":"(TR) Bu Y\u0131l Ka\u00e7\u0131rmak \u0130stemeyece\u011finiz \u0130\u00e7inizi Is\u0131tacak K\u0131\u015f Festivalleri","datePublished":"2022-11-29T12:40:21+00:00","dateModified":"2022-11-29T13:34:16+00:00","mainEntityOfPage":{"@id":"https:\/\/julesverne.com.tr\/travel-blog\/bu-yil-kacirmak-istemeyeceginiz-icinizi-isitacak-kis-festivalleri\/"},"wordCount":1663,"publisher":{"@id":"https:\/\/julesverne.com.tr\/#organization"},"image":{"@id":"https:\/\/julesverne.com.tr\/travel-blog\/bu-yil-kacirmak-istemeyeceginiz-icinizi-isitacak-kis-festivalleri\/#primaryimage"},"thumbnailUrl":"https:\/\/julesverne.com.tr\/wp-content\/uploads\/2022\/11\/amsterdam-light-festival-1.jpg","keywords":["\u0130lham Veren Destinasyonlar","Nereye Gitsek","Seyahat Blog"],"articleSection":["\u0130lham Veren Destinasyonlar","Blog","Nereye Gitsek?"],"inLanguage":"en-US"},{"@type":"WebPage","@id":"https:\/\/julesverne.com.tr\/travel-blog\/bu-yil-kacirmak-istemeyeceginiz-icinizi-isitacak-kis-festivalleri\/","url":"https:\/\/julesverne.com.tr\/travel-blog\/bu-yil-kacirmak-istemeyeceginiz-icinizi-isitacak-kis-festivalleri\/","name":"[:tr]Bu Y\u0131l Ka\u00e7\u0131rmak \u0130stemeyece\u011finiz \u0130\u00e7inizi Is\u0131tacak K\u0131\u015f Festivalleri[:] - JULES VERNE BUSINESS MICE TRAVEL","isPartOf":{"@id":"https:\/\/julesverne.com.tr\/#website"},"primaryImageOfPage":{"@id":"https:\/\/julesverne.com.tr\/travel-blog\/bu-yil-kacirmak-istemeyeceginiz-icinizi-isitacak-kis-festivalleri\/#primaryimage"},"image":{"@id":"https:\/\/julesverne.com.tr\/travel-blog\/bu-yil-kacirmak-istemeyeceginiz-icinizi-isitacak-kis-festivalleri\/#primaryimage"},"thumbnailUrl":"https:\/\/julesverne.com.tr\/wp-content\/uploads\/2022\/11\/amsterdam-light-festival-1.jpg","datePublished":"2022-11-29T12:40:21+00:00","dateModified":"2022-11-29T13:34:16+00:00","description":"Festival denilince akl\u0131n\u0131za sadece bahar ya da yaz aylar\u0131 geliyorsa \u00e7ok yan\u0131l\u0131yorsunuz. \u00c7\u00fcnk\u00fc k\u0131\u015f\u0131n da evden \u00e7\u0131k\u0131p yollara d\u00fc\u015fmenize de\u011fecek, d\u0131\u015far\u0131daki so\u011fuk havaya inat i\u00e7inizi \u0131s\u0131tacak rengarenk bir festival d\u00f6nemi ba\u015fl\u0131yor. Noel pazarlar\u0131n\u0131n \u0131\u015f\u0131lt\u0131s\u0131 tamamland\u0131\u011f\u0131nda sahneye \u00e7\u0131kacak olan k\u0131\u015f festivalleri ile r\u00fcya gibi bir yolculuk sizleri bekliyor.\u00a0","breadcrumb":{"@id":"https:\/\/julesverne.com.tr\/travel-blog\/bu-yil-kacirmak-istemeyeceginiz-icinizi-isitacak-kis-festivalleri\/#breadcrumb"},"inLanguage":"en-US","potentialAction":[{"@type":"ReadAction","target":["https:\/\/julesverne.com.tr\/travel-blog\/bu-yil-kacirmak-istemeyeceginiz-icinizi-isitacak-kis-festivalleri\/"]}]},{"@type":"ImageObject","inLanguage":"en-US","@id":"https:\/\/julesverne.com.tr\/travel-blog\/bu-yil-kacirmak-istemeyeceginiz-icinizi-isitacak-kis-festivalleri\/#primaryimage","url":"https:\/\/julesverne.com.tr\/wp-content\/uploads\/2022\/11\/amsterdam-light-festival-1.jpg","contentUrl":"https:\/\/julesverne.com.tr\/wp-content\/uploads\/2022\/11\/amsterdam-light-festival-1.jpg","width":1200,"height":800},{"@type":"BreadcrumbList","@id":"https:\/\/julesverne.com.tr\/travel-blog\/bu-yil-kacirmak-istemeyeceginiz-icinizi-isitacak-kis-festivalleri\/#breadcrumb","itemListElement":[{"@type":"ListItem","position":1,"name":"Anasayfa","item":"https:\/\/julesverne.com.tr\/"},{"@type":"ListItem","position":2,"name":"Bu Y\u0131l Ka\u00e7\u0131rmak \u0130stemeyece\u011finiz \u0130\u00e7inizi Is\u0131tacak K\u0131\u015f Festivalleri"}]},{"@type":"WebSite","@id":"https:\/\/julesverne.com.tr\/#website","url":"https:\/\/julesverne.com.tr\/","name":"JULES VERNE BUSINESS MICE TRAVEL","description":"","publisher":{"@id":"https:\/\/julesverne.com.tr\/#organization"},"potentialAction":[{"@type":"SearchAction","target":{"@type":"EntryPoint","urlTemplate":"https:\/\/julesverne.com.tr\/?s={search_term_string}"},"query-input":"required name=search_term_string"}],"inLanguage":"en-US"},{"@type":"Organization","@id":"https:\/\/julesverne.com.tr\/#organization","name":"JULES VERNE BUSINESS MICE TRAVEL","url":"https:\/\/julesverne.com.tr\/","logo":{"@type":"ImageObject","inLanguage":"en-US","@id":"https:\/\/julesverne.com.tr\/#\/schema\/logo\/image\/","url":"https:\/\/julesverne.com.tr\/wp-content\/uploads\/2020\/09\/jv-bmt-logo.png","contentUrl":"https:\/\/julesverne.com.tr\/wp-content\/uploads\/2020\/09\/jv-bmt-logo.png","width":110,"height":81,"caption":"JULES VERNE BUSINESS MICE TRAVEL"},"image":{"@id":"https:\/\/julesverne.com.tr\/#\/schema\/logo\/image\/"},"sameAs":["https:\/\/www.facebook.com\/JulesVerneBusinessMiceTravel\/","https:\/\/twitter.com\/JV_BusinessMice","https:\/\/www.instagram.com\/julesvernebusinessmicetravel\/","https:\/\/www.linkedin.com\/company\/julesvernebusinessmicetravel\/","https:\/\/www.youtube.com\/channel\/UCAwdsmbZ6tFhu1tea6pkpiw"]},{"@type":"Person","@id":"https:\/\/julesverne.com.tr\/#\/schema\/person\/219931edfe2e7d9cbbcbabb8a7e4c7f4","name":"Ebru Alt\u0131n","url":"https:\/\/julesverne.com.tr\/en\/author\/ebru-altin\/"}]}},"_links":{"self":[{"href":"https:\/\/julesverne.com.tr\/en\/wp-json\/wp\/v2\/posts\/14460"}],"collection":[{"href":"https:\/\/julesverne.com.tr\/en\/wp-json\/wp\/v2\/posts"}],"about":[{"href":"https:\/\/julesverne.com.tr\/en\/wp-json\/wp\/v2\/types\/post"}],"author":[{"embeddable":true,"href":"https:\/\/julesverne.com.tr\/en\/wp-json\/wp\/v2\/users\/10"}],"replies":[{"embeddable":true,"href":"https:\/\/julesverne.com.tr\/en\/wp-json\/wp\/v2\/comments?post=14460"}],"version-history":[{"count":6,"href":"https:\/\/julesverne.com.tr\/en\/wp-json\/wp\/v2\/posts\/14460\/revisions"}],"predecessor-version":[{"id":14572,"href":"https:\/\/julesverne.com.tr\/en\/wp-json\/wp\/v2\/posts\/14460\/revisions\/14572"}],"wp:featuredmedia":[{"embeddable":true,"href":"https:\/\/julesverne.com.tr\/en\/wp-json\/wp\/v2\/media\/14473"}],"wp:attachment":[{"href":"https:\/\/julesverne.com.tr\/en\/wp-json\/wp\/v2\/media?parent=14460"}],"wp:term":[{"taxonomy":"category","embeddable":true,"href":"https:\/\/julesverne.com.tr\/en\/wp-json\/wp\/v2\/categories?post=14460"},{"taxonomy":"post_tag","embeddable":true,"href":"https:\/\/julesverne.com.tr\/en\/wp-json\/wp\/v2\/tags?post=14460"}],"curies":[{"name":"wp","href":"https:\/\/api.w.org\/{rel}","templated":true}]}}