{"id":14384,"date":"2022-12-20T10:22:27","date_gmt":"2022-12-20T07:22:27","guid":{"rendered":"https:\/\/julesverne.com.tr\/?p=14384"},"modified":"2022-12-22T15:38:32","modified_gmt":"2022-12-22T12:38:32","slug":"kuzey-isiklari-bu-yil-en-iyi-ne-zaman-ve-nerede-izlenir","status":"publish","type":"post","link":"https:\/\/julesverne.com.tr\/en\/travel-blog\/kuzey-isiklari-bu-yil-en-iyi-ne-zaman-ve-nerede-izlenir\/","title":{"rendered":"(TR) Do\u011fa Harikas\u0131 Kuzey I\u015f\u0131klar\u0131 Bu Y\u0131l En \u0130yi Ne Zaman ve Nerede \u0130zlenir?"},"content":{"rendered":"<p class=\"qtranxs-available-languages-message qtranxs-available-languages-message-en\">Sorry, this entry is only available in <a href=\"https:\/\/julesverne.com.tr\/tr\/wp-json\/wp\/v2\/posts\/14384\" class=\"qtranxs-available-language-link qtranxs-available-language-link-tr\" title=\"TR\">Turkish<\/a>.<\/p>","protected":false},"excerpt":{"rendered":"<p>Sorry, this entry is only available in Turkish.<\/p>\n","protected":false},"author":10,"featured_media":14392,"comment_status":"closed","ping_status":"closed","sticky":false,"template":"","format":"standard","meta":{"inline_featured_image":false,"footnotes":""},"categories":[38,1,39],"tags":[77,287,73,245],"acf":[],"yoast_head":"<!-- This site is optimized with the Yoast SEO plugin v22.3 - https:\/\/yoast.com\/wordpress\/plugins\/seo\/ -->\n<title><\/title>\n<meta name=\"description\" content=\"Ad\u0131n\u0131 \u015eafak Tanr\u0131\u00e7as\u0131 Aurora\u2019dan alan Aurora Borealis veya bilinen di\u011fer ad\u0131yla Kuzey I\u015f\u0131klar\u0131 \u015f\u00fcphesiz do\u011fan\u0131n en g\u00f6z kama\u015ft\u0131r\u0131c\u0131 \u0131\u015f\u0131k \u015fovlar\u0131ndan biri. D\u00fcnyan\u0131n manyetik alan\u0131 ile G\u00fcne\u015f\u2019ten gelen y\u00fckl\u00fc par\u00e7ac\u0131klar\u0131n etkile\u015fimi sonucunda g\u00f6ky\u00fcz\u00fcnde ortaya \u00e7\u0131kan bu do\u011fal \u0131\u015f\u0131malar, harikulade renk ge\u00e7i\u015fleri ile g\u00f6ky\u00fcz\u00fcn\u00fc g\u00f6rsel bir \u015f\u00f6lene \u00e7evirirken, ziyaret\u00e7ilerine unutamayacaklar\u0131 bir tatil deneyimi vadediyor.\" \/>\n<meta name=\"robots\" content=\"index, follow, max-snippet:-1, max-image-preview:large, max-video-preview:-1\" \/>\n<link rel=\"canonical\" href=\"https:\/\/julesverne.com.tr\/travel-blog\/kuzey-isiklari-bu-yil-en-iyi-ne-zaman-ve-nerede-izlenir\/\" \/>\n<meta property=\"og:locale\" content=\"en_US\" \/>\n<meta property=\"og:type\" content=\"article\" \/>\n<meta property=\"og:title\" content=\"[:tr]Do\u011fa Harikas\u0131 Kuzey I\u015f\u0131klar\u0131 Bu Y\u0131l En \u0130yi Ne Zaman ve Nerede \u0130zlenir?[:] - JULES VERNE BUSINESS MICE TRAVEL\" \/>\n<meta property=\"og:description\" content=\"Ad\u0131n\u0131 \u015eafak Tanr\u0131\u00e7as\u0131 Aurora\u2019dan alan Aurora Borealis veya bilinen di\u011fer ad\u0131yla Kuzey I\u015f\u0131klar\u0131 \u015f\u00fcphesiz do\u011fan\u0131n en g\u00f6z kama\u015ft\u0131r\u0131c\u0131 \u0131\u015f\u0131k \u015fovlar\u0131ndan biri. D\u00fcnyan\u0131n manyetik alan\u0131 ile G\u00fcne\u015f\u2019ten gelen y\u00fckl\u00fc par\u00e7ac\u0131klar\u0131n etkile\u015fimi sonucunda g\u00f6ky\u00fcz\u00fcnde ortaya \u00e7\u0131kan bu do\u011fal \u0131\u015f\u0131malar, harikulade renk ge\u00e7i\u015fleri ile g\u00f6ky\u00fcz\u00fcn\u00fc g\u00f6rsel bir \u015f\u00f6lene \u00e7evirirken, ziyaret\u00e7ilerine unutamayacaklar\u0131 bir tatil deneyimi vadediyor.\" \/>\n<meta property=\"og:url\" content=\"https:\/\/julesverne.com.tr\/travel-blog\/kuzey-isiklari-bu-yil-en-iyi-ne-zaman-ve-nerede-izlenir\/\" \/>\n<meta property=\"og:site_name\" content=\"JULES VERNE BUSINESS MICE TRAVEL\" \/>\n<meta property=\"article:publisher\" content=\"https:\/\/www.facebook.com\/JulesVerneBusinessMiceTravel\/\" \/>\n<meta property=\"article:published_time\" content=\"2022-12-20T07:22:27+00:00\" \/>\n<meta property=\"article:modified_time\" content=\"2022-12-22T12:38:32+00:00\" \/>\n<meta property=\"og:image\" content=\"https:\/\/julesverne.com.tr\/wp-content\/uploads\/2022\/11\/kuzey-isiklari.jpg\" \/>\n\t<meta property=\"og:image:width\" content=\"1200\" \/>\n\t<meta property=\"og:image:height\" content=\"800\" \/>\n\t<meta property=\"og:image:type\" content=\"image\/jpeg\" \/>\n<meta name=\"author\" content=\"Ebru Alt\u0131n\" \/>\n<meta name=\"twitter:card\" content=\"summary_large_image\" \/>\n<meta name=\"twitter:creator\" content=\"@JV_BusinessMice\" \/>\n<meta name=\"twitter:site\" content=\"@JV_BusinessMice\" \/>\n<meta name=\"twitter:label1\" content=\"Written by\" \/>\n\t<meta name=\"twitter:data1\" content=\"Ebru Alt\u0131n\" \/>\n\t<meta name=\"twitter:label2\" content=\"Est. reading time\" \/>\n\t<meta name=\"twitter:data2\" content=\"6 minutes\" \/>\n<script type=\"application\/ld+json\" class=\"yoast-schema-graph\">{\"@context\":\"https:\/\/schema.org\",\"@graph\":[{\"@type\":\"Article\",\"@id\":\"https:\/\/julesverne.com.tr\/travel-blog\/kuzey-isiklari-bu-yil-en-iyi-ne-zaman-ve-nerede-izlenir\/#article\",\"isPartOf\":{\"@id\":\"https:\/\/julesverne.com.tr\/travel-blog\/kuzey-isiklari-bu-yil-en-iyi-ne-zaman-ve-nerede-izlenir\/\"},\"author\":{\"name\":\"Ebru Alt\u0131n\",\"@id\":\"https:\/\/julesverne.com.tr\/#\/schema\/person\/219931edfe2e7d9cbbcbabb8a7e4c7f4\"},\"headline\":\"(TR) Do\u011fa Harikas\u0131 Kuzey I\u015f\u0131klar\u0131 Bu Y\u0131l En \u0130yi Ne Zaman ve Nerede \u0130zlenir?\",\"datePublished\":\"2022-12-20T07:22:27+00:00\",\"dateModified\":\"2022-12-22T12:38:32+00:00\",\"mainEntityOfPage\":{\"@id\":\"https:\/\/julesverne.com.tr\/travel-blog\/kuzey-isiklari-bu-yil-en-iyi-ne-zaman-ve-nerede-izlenir\/\"},\"wordCount\":1000,\"publisher\":{\"@id\":\"https:\/\/julesverne.com.tr\/#organization\"},\"image\":{\"@id\":\"https:\/\/julesverne.com.tr\/travel-blog\/kuzey-isiklari-bu-yil-en-iyi-ne-zaman-ve-nerede-izlenir\/#primaryimage\"},\"thumbnailUrl\":\"https:\/\/julesverne.com.tr\/wp-content\/uploads\/2022\/11\/kuzey-isiklari.jpg\",\"keywords\":[\"\u0130lham Veren Destinasyonlar\",\"Kuzey I\u015f\u0131klar\u0131\",\"Nereye Gitsek\",\"Seyahat Blog\"],\"articleSection\":[\"\u0130lham Veren Destinasyonlar\",\"Blog\",\"Nereye Gitsek?\"],\"inLanguage\":\"en-US\"},{\"@type\":\"WebPage\",\"@id\":\"https:\/\/julesverne.com.tr\/travel-blog\/kuzey-isiklari-bu-yil-en-iyi-ne-zaman-ve-nerede-izlenir\/\",\"url\":\"https:\/\/julesverne.com.tr\/travel-blog\/kuzey-isiklari-bu-yil-en-iyi-ne-zaman-ve-nerede-izlenir\/\",\"name\":\"[:tr]Do\u011fa Harikas\u0131 Kuzey I\u015f\u0131klar\u0131 Bu Y\u0131l En \u0130yi Ne Zaman ve Nerede \u0130zlenir?[:] - JULES VERNE BUSINESS MICE TRAVEL\",\"isPartOf\":{\"@id\":\"https:\/\/julesverne.com.tr\/#website\"},\"primaryImageOfPage\":{\"@id\":\"https:\/\/julesverne.com.tr\/travel-blog\/kuzey-isiklari-bu-yil-en-iyi-ne-zaman-ve-nerede-izlenir\/#primaryimage\"},\"image\":{\"@id\":\"https:\/\/julesverne.com.tr\/travel-blog\/kuzey-isiklari-bu-yil-en-iyi-ne-zaman-ve-nerede-izlenir\/#primaryimage\"},\"thumbnailUrl\":\"https:\/\/julesverne.com.tr\/wp-content\/uploads\/2022\/11\/kuzey-isiklari.jpg\",\"datePublished\":\"2022-12-20T07:22:27+00:00\",\"dateModified\":\"2022-12-22T12:38:32+00:00\",\"description\":\"Ad\u0131n\u0131 \u015eafak Tanr\u0131\u00e7as\u0131 Aurora\u2019dan alan Aurora Borealis veya bilinen di\u011fer ad\u0131yla Kuzey I\u015f\u0131klar\u0131 \u015f\u00fcphesiz do\u011fan\u0131n en g\u00f6z kama\u015ft\u0131r\u0131c\u0131 \u0131\u015f\u0131k \u015fovlar\u0131ndan biri. D\u00fcnyan\u0131n manyetik alan\u0131 ile G\u00fcne\u015f\u2019ten gelen y\u00fckl\u00fc par\u00e7ac\u0131klar\u0131n etkile\u015fimi sonucunda g\u00f6ky\u00fcz\u00fcnde ortaya \u00e7\u0131kan bu do\u011fal \u0131\u015f\u0131malar, harikulade renk ge\u00e7i\u015fleri ile g\u00f6ky\u00fcz\u00fcn\u00fc g\u00f6rsel bir \u015f\u00f6lene \u00e7evirirken, ziyaret\u00e7ilerine unutamayacaklar\u0131 bir tatil deneyimi vadediyor.\",\"breadcrumb\":{\"@id\":\"https:\/\/julesverne.com.tr\/travel-blog\/kuzey-isiklari-bu-yil-en-iyi-ne-zaman-ve-nerede-izlenir\/#breadcrumb\"},\"inLanguage\":\"en-US\",\"potentialAction\":[{\"@type\":\"ReadAction\",\"target\":[\"https:\/\/julesverne.com.tr\/travel-blog\/kuzey-isiklari-bu-yil-en-iyi-ne-zaman-ve-nerede-izlenir\/\"]}]},{\"@type\":\"ImageObject\",\"inLanguage\":\"en-US\",\"@id\":\"https:\/\/julesverne.com.tr\/travel-blog\/kuzey-isiklari-bu-yil-en-iyi-ne-zaman-ve-nerede-izlenir\/#primaryimage\",\"url\":\"https:\/\/julesverne.com.tr\/wp-content\/uploads\/2022\/11\/kuzey-isiklari.jpg\",\"contentUrl\":\"https:\/\/julesverne.com.tr\/wp-content\/uploads\/2022\/11\/kuzey-isiklari.jpg\",\"width\":1200,\"height\":800},{\"@type\":\"BreadcrumbList\",\"@id\":\"https:\/\/julesverne.com.tr\/travel-blog\/kuzey-isiklari-bu-yil-en-iyi-ne-zaman-ve-nerede-izlenir\/#breadcrumb\",\"itemListElement\":[{\"@type\":\"ListItem\",\"position\":1,\"name\":\"Anasayfa\",\"item\":\"https:\/\/julesverne.com.tr\/\"},{\"@type\":\"ListItem\",\"position\":2,\"name\":\"Do\u011fa Harikas\u0131 Kuzey I\u015f\u0131klar\u0131 Bu Y\u0131l En \u0130yi Ne Zaman ve Nerede \u0130zlenir?\"}]},{\"@type\":\"WebSite\",\"@id\":\"https:\/\/julesverne.com.tr\/#website\",\"url\":\"https:\/\/julesverne.com.tr\/\",\"name\":\"JULES VERNE BUSINESS MICE TRAVEL\",\"description\":\"\",\"publisher\":{\"@id\":\"https:\/\/julesverne.com.tr\/#organization\"},\"potentialAction\":[{\"@type\":\"SearchAction\",\"target\":{\"@type\":\"EntryPoint\",\"urlTemplate\":\"https:\/\/julesverne.com.tr\/?s={search_term_string}\"},\"query-input\":\"required name=search_term_string\"}],\"inLanguage\":\"en-US\"},{\"@type\":\"Organization\",\"@id\":\"https:\/\/julesverne.com.tr\/#organization\",\"name\":\"JULES VERNE BUSINESS MICE TRAVEL\",\"url\":\"https:\/\/julesverne.com.tr\/\",\"logo\":{\"@type\":\"ImageObject\",\"inLanguage\":\"en-US\",\"@id\":\"https:\/\/julesverne.com.tr\/#\/schema\/logo\/image\/\",\"url\":\"https:\/\/julesverne.com.tr\/wp-content\/uploads\/2020\/09\/jv-bmt-logo.png\",\"contentUrl\":\"https:\/\/julesverne.com.tr\/wp-content\/uploads\/2020\/09\/jv-bmt-logo.png\",\"width\":110,\"height\":81,\"caption\":\"JULES VERNE BUSINESS MICE TRAVEL\"},\"image\":{\"@id\":\"https:\/\/julesverne.com.tr\/#\/schema\/logo\/image\/\"},\"sameAs\":[\"https:\/\/www.facebook.com\/JulesVerneBusinessMiceTravel\/\",\"https:\/\/twitter.com\/JV_BusinessMice\",\"https:\/\/www.instagram.com\/julesvernebusinessmicetravel\/\",\"https:\/\/www.linkedin.com\/company\/julesvernebusinessmicetravel\/\",\"https:\/\/www.youtube.com\/channel\/UCAwdsmbZ6tFhu1tea6pkpiw\"]},{\"@type\":\"Person\",\"@id\":\"https:\/\/julesverne.com.tr\/#\/schema\/person\/219931edfe2e7d9cbbcbabb8a7e4c7f4\",\"name\":\"Ebru Alt\u0131n\",\"url\":\"https:\/\/julesverne.com.tr\/en\/author\/ebru-altin\/\"}]}<\/script>\n<!-- \/ Yoast SEO plugin. -->","yoast_head_json":{"title":"[:tr]Do\u011fa Harikas\u0131 Kuzey I\u015f\u0131klar\u0131 Bu Y\u0131l En \u0130yi Ne Zaman ve Nerede \u0130zlenir?[:] - JULES VERNE BUSINESS MICE TRAVEL","description":"Ad\u0131n\u0131 \u015eafak Tanr\u0131\u00e7as\u0131 Aurora\u2019dan alan Aurora Borealis veya bilinen di\u011fer ad\u0131yla Kuzey I\u015f\u0131klar\u0131 \u015f\u00fcphesiz do\u011fan\u0131n en g\u00f6z kama\u015ft\u0131r\u0131c\u0131 \u0131\u015f\u0131k \u015fovlar\u0131ndan biri. D\u00fcnyan\u0131n manyetik alan\u0131 ile G\u00fcne\u015f\u2019ten gelen y\u00fckl\u00fc par\u00e7ac\u0131klar\u0131n etkile\u015fimi sonucunda g\u00f6ky\u00fcz\u00fcnde ortaya \u00e7\u0131kan bu do\u011fal \u0131\u015f\u0131malar, harikulade renk ge\u00e7i\u015fleri ile g\u00f6ky\u00fcz\u00fcn\u00fc g\u00f6rsel bir \u015f\u00f6lene \u00e7evirirken, ziyaret\u00e7ilerine unutamayacaklar\u0131 bir tatil deneyimi vadediyor.","robots":{"index":"index","follow":"follow","max-snippet":"max-snippet:-1","max-image-preview":"max-image-preview:large","max-video-preview":"max-video-preview:-1"},"canonical":"https:\/\/julesverne.com.tr\/travel-blog\/kuzey-isiklari-bu-yil-en-iyi-ne-zaman-ve-nerede-izlenir\/","og_locale":"en_US","og_type":"article","og_title":"[:tr]Do\u011fa Harikas\u0131 Kuzey I\u015f\u0131klar\u0131 Bu Y\u0131l En \u0130yi Ne Zaman ve Nerede \u0130zlenir?[:] - JULES VERNE BUSINESS MICE TRAVEL","og_description":"Ad\u0131n\u0131 \u015eafak Tanr\u0131\u00e7as\u0131 Aurora\u2019dan alan Aurora Borealis veya bilinen di\u011fer ad\u0131yla Kuzey I\u015f\u0131klar\u0131 \u015f\u00fcphesiz do\u011fan\u0131n en g\u00f6z kama\u015ft\u0131r\u0131c\u0131 \u0131\u015f\u0131k \u015fovlar\u0131ndan biri. D\u00fcnyan\u0131n manyetik alan\u0131 ile G\u00fcne\u015f\u2019ten gelen y\u00fckl\u00fc par\u00e7ac\u0131klar\u0131n etkile\u015fimi sonucunda g\u00f6ky\u00fcz\u00fcnde ortaya \u00e7\u0131kan bu do\u011fal \u0131\u015f\u0131malar, harikulade renk ge\u00e7i\u015fleri ile g\u00f6ky\u00fcz\u00fcn\u00fc g\u00f6rsel bir \u015f\u00f6lene \u00e7evirirken, ziyaret\u00e7ilerine unutamayacaklar\u0131 bir tatil deneyimi vadediyor.","og_url":"https:\/\/julesverne.com.tr\/travel-blog\/kuzey-isiklari-bu-yil-en-iyi-ne-zaman-ve-nerede-izlenir\/","og_site_name":"JULES VERNE BUSINESS MICE TRAVEL","article_publisher":"https:\/\/www.facebook.com\/JulesVerneBusinessMiceTravel\/","article_published_time":"2022-12-20T07:22:27+00:00","article_modified_time":"2022-12-22T12:38:32+00:00","og_image":[{"width":1200,"height":800,"url":"https:\/\/julesverne.com.tr\/wp-content\/uploads\/2022\/11\/kuzey-isiklari.jpg","type":"image\/jpeg"}],"author":"Ebru Alt\u0131n","twitter_card":"summary_large_image","twitter_creator":"@JV_BusinessMice","twitter_site":"@JV_BusinessMice","twitter_misc":{"Written by":"Ebru Alt\u0131n","Est. reading time":"6 minutes"},"schema":{"@context":"https:\/\/schema.org","@graph":[{"@type":"Article","@id":"https:\/\/julesverne.com.tr\/travel-blog\/kuzey-isiklari-bu-yil-en-iyi-ne-zaman-ve-nerede-izlenir\/#article","isPartOf":{"@id":"https:\/\/julesverne.com.tr\/travel-blog\/kuzey-isiklari-bu-yil-en-iyi-ne-zaman-ve-nerede-izlenir\/"},"author":{"name":"Ebru Alt\u0131n","@id":"https:\/\/julesverne.com.tr\/#\/schema\/person\/219931edfe2e7d9cbbcbabb8a7e4c7f4"},"headline":"(TR) Do\u011fa Harikas\u0131 Kuzey I\u015f\u0131klar\u0131 Bu Y\u0131l En \u0130yi Ne Zaman ve Nerede \u0130zlenir?","datePublished":"2022-12-20T07:22:27+00:00","dateModified":"2022-12-22T12:38:32+00:00","mainEntityOfPage":{"@id":"https:\/\/julesverne.com.tr\/travel-blog\/kuzey-isiklari-bu-yil-en-iyi-ne-zaman-ve-nerede-izlenir\/"},"wordCount":1000,"publisher":{"@id":"https:\/\/julesverne.com.tr\/#organization"},"image":{"@id":"https:\/\/julesverne.com.tr\/travel-blog\/kuzey-isiklari-bu-yil-en-iyi-ne-zaman-ve-nerede-izlenir\/#primaryimage"},"thumbnailUrl":"https:\/\/julesverne.com.tr\/wp-content\/uploads\/2022\/11\/kuzey-isiklari.jpg","keywords":["\u0130lham Veren Destinasyonlar","Kuzey I\u015f\u0131klar\u0131","Nereye Gitsek","Seyahat Blog"],"articleSection":["\u0130lham Veren Destinasyonlar","Blog","Nereye Gitsek?"],"inLanguage":"en-US"},{"@type":"WebPage","@id":"https:\/\/julesverne.com.tr\/travel-blog\/kuzey-isiklari-bu-yil-en-iyi-ne-zaman-ve-nerede-izlenir\/","url":"https:\/\/julesverne.com.tr\/travel-blog\/kuzey-isiklari-bu-yil-en-iyi-ne-zaman-ve-nerede-izlenir\/","name":"[:tr]Do\u011fa Harikas\u0131 Kuzey I\u015f\u0131klar\u0131 Bu Y\u0131l En \u0130yi Ne Zaman ve Nerede \u0130zlenir?[:] - JULES VERNE BUSINESS MICE TRAVEL","isPartOf":{"@id":"https:\/\/julesverne.com.tr\/#website"},"primaryImageOfPage":{"@id":"https:\/\/julesverne.com.tr\/travel-blog\/kuzey-isiklari-bu-yil-en-iyi-ne-zaman-ve-nerede-izlenir\/#primaryimage"},"image":{"@id":"https:\/\/julesverne.com.tr\/travel-blog\/kuzey-isiklari-bu-yil-en-iyi-ne-zaman-ve-nerede-izlenir\/#primaryimage"},"thumbnailUrl":"https:\/\/julesverne.com.tr\/wp-content\/uploads\/2022\/11\/kuzey-isiklari.jpg","datePublished":"2022-12-20T07:22:27+00:00","dateModified":"2022-12-22T12:38:32+00:00","description":"Ad\u0131n\u0131 \u015eafak Tanr\u0131\u00e7as\u0131 Aurora\u2019dan alan Aurora Borealis veya bilinen di\u011fer ad\u0131yla Kuzey I\u015f\u0131klar\u0131 \u015f\u00fcphesiz do\u011fan\u0131n en g\u00f6z kama\u015ft\u0131r\u0131c\u0131 \u0131\u015f\u0131k \u015fovlar\u0131ndan biri. D\u00fcnyan\u0131n manyetik alan\u0131 ile G\u00fcne\u015f\u2019ten gelen y\u00fckl\u00fc par\u00e7ac\u0131klar\u0131n etkile\u015fimi sonucunda g\u00f6ky\u00fcz\u00fcnde ortaya \u00e7\u0131kan bu do\u011fal \u0131\u015f\u0131malar, harikulade renk ge\u00e7i\u015fleri ile g\u00f6ky\u00fcz\u00fcn\u00fc g\u00f6rsel bir \u015f\u00f6lene \u00e7evirirken, ziyaret\u00e7ilerine unutamayacaklar\u0131 bir tatil deneyimi vadediyor.","breadcrumb":{"@id":"https:\/\/julesverne.com.tr\/travel-blog\/kuzey-isiklari-bu-yil-en-iyi-ne-zaman-ve-nerede-izlenir\/#breadcrumb"},"inLanguage":"en-US","potentialAction":[{"@type":"ReadAction","target":["https:\/\/julesverne.com.tr\/travel-blog\/kuzey-isiklari-bu-yil-en-iyi-ne-zaman-ve-nerede-izlenir\/"]}]},{"@type":"ImageObject","inLanguage":"en-US","@id":"https:\/\/julesverne.com.tr\/travel-blog\/kuzey-isiklari-bu-yil-en-iyi-ne-zaman-ve-nerede-izlenir\/#primaryimage","url":"https:\/\/julesverne.com.tr\/wp-content\/uploads\/2022\/11\/kuzey-isiklari.jpg","contentUrl":"https:\/\/julesverne.com.tr\/wp-content\/uploads\/2022\/11\/kuzey-isiklari.jpg","width":1200,"height":800},{"@type":"BreadcrumbList","@id":"https:\/\/julesverne.com.tr\/travel-blog\/kuzey-isiklari-bu-yil-en-iyi-ne-zaman-ve-nerede-izlenir\/#breadcrumb","itemListElement":[{"@type":"ListItem","position":1,"name":"Anasayfa","item":"https:\/\/julesverne.com.tr\/"},{"@type":"ListItem","position":2,"name":"Do\u011fa Harikas\u0131 Kuzey I\u015f\u0131klar\u0131 Bu Y\u0131l En \u0130yi Ne Zaman ve Nerede \u0130zlenir?"}]},{"@type":"WebSite","@id":"https:\/\/julesverne.com.tr\/#website","url":"https:\/\/julesverne.com.tr\/","name":"JULES VERNE BUSINESS MICE TRAVEL","description":"","publisher":{"@id":"https:\/\/julesverne.com.tr\/#organization"},"potentialAction":[{"@type":"SearchAction","target":{"@type":"EntryPoint","urlTemplate":"https:\/\/julesverne.com.tr\/?s={search_term_string}"},"query-input":"required name=search_term_string"}],"inLanguage":"en-US"},{"@type":"Organization","@id":"https:\/\/julesverne.com.tr\/#organization","name":"JULES VERNE BUSINESS MICE TRAVEL","url":"https:\/\/julesverne.com.tr\/","logo":{"@type":"ImageObject","inLanguage":"en-US","@id":"https:\/\/julesverne.com.tr\/#\/schema\/logo\/image\/","url":"https:\/\/julesverne.com.tr\/wp-content\/uploads\/2020\/09\/jv-bmt-logo.png","contentUrl":"https:\/\/julesverne.com.tr\/wp-content\/uploads\/2020\/09\/jv-bmt-logo.png","width":110,"height":81,"caption":"JULES VERNE BUSINESS MICE TRAVEL"},"image":{"@id":"https:\/\/julesverne.com.tr\/#\/schema\/logo\/image\/"},"sameAs":["https:\/\/www.facebook.com\/JulesVerneBusinessMiceTravel\/","https:\/\/twitter.com\/JV_BusinessMice","https:\/\/www.instagram.com\/julesvernebusinessmicetravel\/","https:\/\/www.linkedin.com\/company\/julesvernebusinessmicetravel\/","https:\/\/www.youtube.com\/channel\/UCAwdsmbZ6tFhu1tea6pkpiw"]},{"@type":"Person","@id":"https:\/\/julesverne.com.tr\/#\/schema\/person\/219931edfe2e7d9cbbcbabb8a7e4c7f4","name":"Ebru Alt\u0131n","url":"https:\/\/julesverne.com.tr\/en\/author\/ebru-altin\/"}]}},"_links":{"self":[{"href":"https:\/\/julesverne.com.tr\/en\/wp-json\/wp\/v2\/posts\/14384"}],"collection":[{"href":"https:\/\/julesverne.com.tr\/en\/wp-json\/wp\/v2\/posts"}],"about":[{"href":"https:\/\/julesverne.com.tr\/en\/wp-json\/wp\/v2\/types\/post"}],"author":[{"embeddable":true,"href":"https:\/\/julesverne.com.tr\/en\/wp-json\/wp\/v2\/users\/10"}],"replies":[{"embeddable":true,"href":"https:\/\/julesverne.com.tr\/en\/wp-json\/wp\/v2\/comments?post=14384"}],"version-history":[{"count":4,"href":"https:\/\/julesverne.com.tr\/en\/wp-json\/wp\/v2\/posts\/14384\/revisions"}],"predecessor-version":[{"id":14569,"href":"https:\/\/julesverne.com.tr\/en\/wp-json\/wp\/v2\/posts\/14384\/revisions\/14569"}],"wp:featuredmedia":[{"embeddable":true,"href":"https:\/\/julesverne.com.tr\/en\/wp-json\/wp\/v2\/media\/14392"}],"wp:attachment":[{"href":"https:\/\/julesverne.com.tr\/en\/wp-json\/wp\/v2\/media?parent=14384"}],"wp:term":[{"taxonomy":"category","embeddable":true,"href":"https:\/\/julesverne.com.tr\/en\/wp-json\/wp\/v2\/categories?post=14384"},{"taxonomy":"post_tag","embeddable":true,"href":"https:\/\/julesverne.com.tr\/en\/wp-json\/wp\/v2\/tags?post=14384"}],"curies":[{"name":"wp","href":"https:\/\/api.w.org\/{rel}","templated":true}]}}