{"id":14372,"date":"2022-11-23T10:49:36","date_gmt":"2022-11-23T07:49:36","guid":{"rendered":"https:\/\/julesverne.com.tr\/?p=14372"},"modified":"2022-12-05T17:24:27","modified_gmt":"2022-12-05T14:24:27","slug":"2022-aralik-ayinin-en-keyifli-destinasyonlari","status":"publish","type":"post","link":"https:\/\/julesverne.com.tr\/en\/travel-blog\/2022-aralik-ayinin-en-keyifli-destinasyonlari\/","title":{"rendered":"(TR) 2022 Aral\u0131k Ay\u0131n\u0131n En Keyifli Destinasyonlar\u0131"},"content":{"rendered":"<p class=\"qtranxs-available-languages-message qtranxs-available-languages-message-en\">Sorry, this entry is only available in <a href=\"https:\/\/julesverne.com.tr\/tr\/wp-json\/wp\/v2\/posts\/14372\" class=\"qtranxs-available-language-link qtranxs-available-language-link-tr\" title=\"TR\">Turkish<\/a>.<\/p>","protected":false},"excerpt":{"rendered":"<p>Sorry, this entry is only available in Turkish.<\/p>\n","protected":false},"author":10,"featured_media":14455,"comment_status":"closed","ping_status":"closed","sticky":false,"template":"","format":"standard","meta":{"inline_featured_image":false,"footnotes":""},"categories":[38,1,39],"tags":[285,77,73,245],"acf":[],"yoast_head":"<!-- This site is optimized with the Yoast SEO plugin v22.3 - https:\/\/yoast.com\/wordpress\/plugins\/seo\/ -->\n<title><\/title>\n<meta name=\"description\" content=\"Y\u0131l\u0131n en sihirli aylar\u0131ndan biri olan Aral\u0131k ay\u0131na giri\u015f yap\u0131yoruz. Aral\u0131k her ne kadar y\u0131l\u0131n sona erdi\u011fi anlam\u0131na gelse de, bu seyahat planlar\u0131n\u0131z\u0131n sona erece\u011fi anlam\u0131na gelmiyor. Aral\u0131k ay\u0131na girerken 2022\u2019nin son g\u00fcnleri yine seyahat i\u00e7in bizi yollara d\u00fc\u015f\u00fcrecek kadar heyecan verici se\u00e7imlerle dolu! Pek \u00e7ok \u015fehir, Noel ve y\u0131lba\u015f\u0131 kutlamalar\u0131n\u0131n \u0131\u015f\u0131lt\u0131s\u0131na b\u00fcr\u00fcnm\u00fc\u015fken kendinizi da\u011flardaki kayak merkezlerinde bir k\u0131\u015f masal\u0131 i\u00e7inde bulabilir ya da s\u0131cak havay\u0131 seviyorsan\u0131z Kuzey Yar\u0131mk\u00fcre \u00fc\u015f\u00fcrken plajda g\u00fcne\u015flenebilece\u011finiz destinasyonlara gidebilirsiniz. \u201cAral\u0131k ay\u0131nda nereye gitmeliyim?\u201d sorular\u0131n\u0131za yard\u0131mc\u0131 olmak i\u00e7in d\u00fcnyan\u0131n d\u00f6rt bir yan\u0131ndan heyecan veren destinasyon \u00f6nerileri haz\u0131rlad\u0131k.\" \/>\n<meta name=\"robots\" content=\"index, follow, max-snippet:-1, max-image-preview:large, max-video-preview:-1\" \/>\n<link rel=\"canonical\" href=\"https:\/\/julesverne.com.tr\/travel-blog\/2022-aralik-ayinin-en-keyifli-destinasyonlari\/\" \/>\n<meta property=\"og:locale\" content=\"en_US\" \/>\n<meta property=\"og:type\" content=\"article\" \/>\n<meta property=\"og:title\" content=\"[:tr]2022 Aral\u0131k Ay\u0131n\u0131n En Keyifli Destinasyonlar\u0131[:] - JULES VERNE BUSINESS MICE TRAVEL\" \/>\n<meta property=\"og:description\" content=\"Y\u0131l\u0131n en sihirli aylar\u0131ndan biri olan Aral\u0131k ay\u0131na giri\u015f yap\u0131yoruz. Aral\u0131k her ne kadar y\u0131l\u0131n sona erdi\u011fi anlam\u0131na gelse de, bu seyahat planlar\u0131n\u0131z\u0131n sona erece\u011fi anlam\u0131na gelmiyor. Aral\u0131k ay\u0131na girerken 2022\u2019nin son g\u00fcnleri yine seyahat i\u00e7in bizi yollara d\u00fc\u015f\u00fcrecek kadar heyecan verici se\u00e7imlerle dolu! Pek \u00e7ok \u015fehir, Noel ve y\u0131lba\u015f\u0131 kutlamalar\u0131n\u0131n \u0131\u015f\u0131lt\u0131s\u0131na b\u00fcr\u00fcnm\u00fc\u015fken kendinizi da\u011flardaki kayak merkezlerinde bir k\u0131\u015f masal\u0131 i\u00e7inde bulabilir ya da s\u0131cak havay\u0131 seviyorsan\u0131z Kuzey Yar\u0131mk\u00fcre \u00fc\u015f\u00fcrken plajda g\u00fcne\u015flenebilece\u011finiz destinasyonlara gidebilirsiniz. \u201cAral\u0131k ay\u0131nda nereye gitmeliyim?\u201d sorular\u0131n\u0131za yard\u0131mc\u0131 olmak i\u00e7in d\u00fcnyan\u0131n d\u00f6rt bir yan\u0131ndan heyecan veren destinasyon \u00f6nerileri haz\u0131rlad\u0131k.\" \/>\n<meta property=\"og:url\" content=\"https:\/\/julesverne.com.tr\/travel-blog\/2022-aralik-ayinin-en-keyifli-destinasyonlari\/\" \/>\n<meta property=\"og:site_name\" content=\"JULES VERNE BUSINESS MICE TRAVEL\" \/>\n<meta property=\"article:publisher\" content=\"https:\/\/www.facebook.com\/JulesVerneBusinessMiceTravel\/\" \/>\n<meta property=\"article:published_time\" content=\"2022-11-23T07:49:36+00:00\" \/>\n<meta property=\"article:modified_time\" content=\"2022-12-05T14:24:27+00:00\" \/>\n<meta property=\"og:image\" content=\"https:\/\/julesverne.com.tr\/wp-content\/uploads\/2022\/11\/113998020_m-scaled.jpg\" \/>\n\t<meta property=\"og:image:width\" content=\"1600\" \/>\n\t<meta property=\"og:image:height\" content=\"1067\" \/>\n\t<meta property=\"og:image:type\" content=\"image\/jpeg\" \/>\n<meta name=\"author\" content=\"Ebru Alt\u0131n\" \/>\n<meta name=\"twitter:card\" content=\"summary_large_image\" \/>\n<meta name=\"twitter:creator\" content=\"@JV_BusinessMice\" \/>\n<meta name=\"twitter:site\" content=\"@JV_BusinessMice\" \/>\n<meta name=\"twitter:label1\" content=\"Written by\" \/>\n\t<meta name=\"twitter:data1\" content=\"Ebru Alt\u0131n\" \/>\n\t<meta name=\"twitter:label2\" content=\"Est. reading time\" \/>\n\t<meta name=\"twitter:data2\" content=\"10 minutes\" \/>\n<script type=\"application\/ld+json\" class=\"yoast-schema-graph\">{\"@context\":\"https:\/\/schema.org\",\"@graph\":[{\"@type\":\"Article\",\"@id\":\"https:\/\/julesverne.com.tr\/travel-blog\/2022-aralik-ayinin-en-keyifli-destinasyonlari\/#article\",\"isPartOf\":{\"@id\":\"https:\/\/julesverne.com.tr\/travel-blog\/2022-aralik-ayinin-en-keyifli-destinasyonlari\/\"},\"author\":{\"name\":\"Ebru Alt\u0131n\",\"@id\":\"https:\/\/julesverne.com.tr\/#\/schema\/person\/219931edfe2e7d9cbbcbabb8a7e4c7f4\"},\"headline\":\"(TR) 2022 Aral\u0131k Ay\u0131n\u0131n En Keyifli Destinasyonlar\u0131\",\"datePublished\":\"2022-11-23T07:49:36+00:00\",\"dateModified\":\"2022-12-05T14:24:27+00:00\",\"mainEntityOfPage\":{\"@id\":\"https:\/\/julesverne.com.tr\/travel-blog\/2022-aralik-ayinin-en-keyifli-destinasyonlari\/\"},\"wordCount\":1555,\"publisher\":{\"@id\":\"https:\/\/julesverne.com.tr\/#organization\"},\"image\":{\"@id\":\"https:\/\/julesverne.com.tr\/travel-blog\/2022-aralik-ayinin-en-keyifli-destinasyonlari\/#primaryimage\"},\"thumbnailUrl\":\"https:\/\/julesverne.com.tr\/wp-content\/uploads\/2022\/11\/113998020_m-scaled.jpg\",\"keywords\":[\"Aral\u0131k Destinasyonlar\u0131\",\"\u0130lham Veren Destinasyonlar\",\"Nereye Gitsek\",\"Seyahat Blog\"],\"articleSection\":[\"\u0130lham Veren Destinasyonlar\",\"Blog\",\"Nereye Gitsek?\"],\"inLanguage\":\"en-US\"},{\"@type\":\"WebPage\",\"@id\":\"https:\/\/julesverne.com.tr\/travel-blog\/2022-aralik-ayinin-en-keyifli-destinasyonlari\/\",\"url\":\"https:\/\/julesverne.com.tr\/travel-blog\/2022-aralik-ayinin-en-keyifli-destinasyonlari\/\",\"name\":\"[:tr]2022 Aral\u0131k Ay\u0131n\u0131n En Keyifli Destinasyonlar\u0131[:] - JULES VERNE BUSINESS MICE TRAVEL\",\"isPartOf\":{\"@id\":\"https:\/\/julesverne.com.tr\/#website\"},\"primaryImageOfPage\":{\"@id\":\"https:\/\/julesverne.com.tr\/travel-blog\/2022-aralik-ayinin-en-keyifli-destinasyonlari\/#primaryimage\"},\"image\":{\"@id\":\"https:\/\/julesverne.com.tr\/travel-blog\/2022-aralik-ayinin-en-keyifli-destinasyonlari\/#primaryimage\"},\"thumbnailUrl\":\"https:\/\/julesverne.com.tr\/wp-content\/uploads\/2022\/11\/113998020_m-scaled.jpg\",\"datePublished\":\"2022-11-23T07:49:36+00:00\",\"dateModified\":\"2022-12-05T14:24:27+00:00\",\"description\":\"Y\u0131l\u0131n en sihirli aylar\u0131ndan biri olan Aral\u0131k ay\u0131na giri\u015f yap\u0131yoruz. Aral\u0131k her ne kadar y\u0131l\u0131n sona erdi\u011fi anlam\u0131na gelse de, bu seyahat planlar\u0131n\u0131z\u0131n sona erece\u011fi anlam\u0131na gelmiyor. Aral\u0131k ay\u0131na girerken 2022\u2019nin son g\u00fcnleri yine seyahat i\u00e7in bizi yollara d\u00fc\u015f\u00fcrecek kadar heyecan verici se\u00e7imlerle dolu! Pek \u00e7ok \u015fehir, Noel ve y\u0131lba\u015f\u0131 kutlamalar\u0131n\u0131n \u0131\u015f\u0131lt\u0131s\u0131na b\u00fcr\u00fcnm\u00fc\u015fken kendinizi da\u011flardaki kayak merkezlerinde bir k\u0131\u015f masal\u0131 i\u00e7inde bulabilir ya da s\u0131cak havay\u0131 seviyorsan\u0131z Kuzey Yar\u0131mk\u00fcre \u00fc\u015f\u00fcrken plajda g\u00fcne\u015flenebilece\u011finiz destinasyonlara gidebilirsiniz. \u201cAral\u0131k ay\u0131nda nereye gitmeliyim?\u201d sorular\u0131n\u0131za yard\u0131mc\u0131 olmak i\u00e7in d\u00fcnyan\u0131n d\u00f6rt bir yan\u0131ndan heyecan veren destinasyon \u00f6nerileri haz\u0131rlad\u0131k.\",\"breadcrumb\":{\"@id\":\"https:\/\/julesverne.com.tr\/travel-blog\/2022-aralik-ayinin-en-keyifli-destinasyonlari\/#breadcrumb\"},\"inLanguage\":\"en-US\",\"potentialAction\":[{\"@type\":\"ReadAction\",\"target\":[\"https:\/\/julesverne.com.tr\/travel-blog\/2022-aralik-ayinin-en-keyifli-destinasyonlari\/\"]}]},{\"@type\":\"ImageObject\",\"inLanguage\":\"en-US\",\"@id\":\"https:\/\/julesverne.com.tr\/travel-blog\/2022-aralik-ayinin-en-keyifli-destinasyonlari\/#primaryimage\",\"url\":\"https:\/\/julesverne.com.tr\/wp-content\/uploads\/2022\/11\/113998020_m-scaled.jpg\",\"contentUrl\":\"https:\/\/julesverne.com.tr\/wp-content\/uploads\/2022\/11\/113998020_m-scaled.jpg\",\"width\":1600,\"height\":1067},{\"@type\":\"BreadcrumbList\",\"@id\":\"https:\/\/julesverne.com.tr\/travel-blog\/2022-aralik-ayinin-en-keyifli-destinasyonlari\/#breadcrumb\",\"itemListElement\":[{\"@type\":\"ListItem\",\"position\":1,\"name\":\"Anasayfa\",\"item\":\"https:\/\/julesverne.com.tr\/\"},{\"@type\":\"ListItem\",\"position\":2,\"name\":\"2022 Aral\u0131k Ay\u0131n\u0131n En Keyifli Destinasyonlar\u0131\"}]},{\"@type\":\"WebSite\",\"@id\":\"https:\/\/julesverne.com.tr\/#website\",\"url\":\"https:\/\/julesverne.com.tr\/\",\"name\":\"JULES VERNE BUSINESS MICE TRAVEL\",\"description\":\"\",\"publisher\":{\"@id\":\"https:\/\/julesverne.com.tr\/#organization\"},\"potentialAction\":[{\"@type\":\"SearchAction\",\"target\":{\"@type\":\"EntryPoint\",\"urlTemplate\":\"https:\/\/julesverne.com.tr\/?s={search_term_string}\"},\"query-input\":\"required name=search_term_string\"}],\"inLanguage\":\"en-US\"},{\"@type\":\"Organization\",\"@id\":\"https:\/\/julesverne.com.tr\/#organization\",\"name\":\"JULES VERNE BUSINESS MICE TRAVEL\",\"url\":\"https:\/\/julesverne.com.tr\/\",\"logo\":{\"@type\":\"ImageObject\",\"inLanguage\":\"en-US\",\"@id\":\"https:\/\/julesverne.com.tr\/#\/schema\/logo\/image\/\",\"url\":\"https:\/\/julesverne.com.tr\/wp-content\/uploads\/2020\/09\/jv-bmt-logo.png\",\"contentUrl\":\"https:\/\/julesverne.com.tr\/wp-content\/uploads\/2020\/09\/jv-bmt-logo.png\",\"width\":110,\"height\":81,\"caption\":\"JULES VERNE BUSINESS MICE TRAVEL\"},\"image\":{\"@id\":\"https:\/\/julesverne.com.tr\/#\/schema\/logo\/image\/\"},\"sameAs\":[\"https:\/\/www.facebook.com\/JulesVerneBusinessMiceTravel\/\",\"https:\/\/twitter.com\/JV_BusinessMice\",\"https:\/\/www.instagram.com\/julesvernebusinessmicetravel\/\",\"https:\/\/www.linkedin.com\/company\/julesvernebusinessmicetravel\/\",\"https:\/\/www.youtube.com\/channel\/UCAwdsmbZ6tFhu1tea6pkpiw\"]},{\"@type\":\"Person\",\"@id\":\"https:\/\/julesverne.com.tr\/#\/schema\/person\/219931edfe2e7d9cbbcbabb8a7e4c7f4\",\"name\":\"Ebru Alt\u0131n\",\"url\":\"https:\/\/julesverne.com.tr\/en\/author\/ebru-altin\/\"}]}<\/script>\n<!-- \/ Yoast SEO plugin. -->","yoast_head_json":{"title":"[:tr]2022 Aral\u0131k Ay\u0131n\u0131n En Keyifli Destinasyonlar\u0131[:] - JULES VERNE BUSINESS MICE TRAVEL","description":"Y\u0131l\u0131n en sihirli aylar\u0131ndan biri olan Aral\u0131k ay\u0131na giri\u015f yap\u0131yoruz. Aral\u0131k her ne kadar y\u0131l\u0131n sona erdi\u011fi anlam\u0131na gelse de, bu seyahat planlar\u0131n\u0131z\u0131n sona erece\u011fi anlam\u0131na gelmiyor. Aral\u0131k ay\u0131na girerken 2022\u2019nin son g\u00fcnleri yine seyahat i\u00e7in bizi yollara d\u00fc\u015f\u00fcrecek kadar heyecan verici se\u00e7imlerle dolu! Pek \u00e7ok \u015fehir, Noel ve y\u0131lba\u015f\u0131 kutlamalar\u0131n\u0131n \u0131\u015f\u0131lt\u0131s\u0131na b\u00fcr\u00fcnm\u00fc\u015fken kendinizi da\u011flardaki kayak merkezlerinde bir k\u0131\u015f masal\u0131 i\u00e7inde bulabilir ya da s\u0131cak havay\u0131 seviyorsan\u0131z Kuzey Yar\u0131mk\u00fcre \u00fc\u015f\u00fcrken plajda g\u00fcne\u015flenebilece\u011finiz destinasyonlara gidebilirsiniz. \u201cAral\u0131k ay\u0131nda nereye gitmeliyim?\u201d sorular\u0131n\u0131za yard\u0131mc\u0131 olmak i\u00e7in d\u00fcnyan\u0131n d\u00f6rt bir yan\u0131ndan heyecan veren destinasyon \u00f6nerileri haz\u0131rlad\u0131k.","robots":{"index":"index","follow":"follow","max-snippet":"max-snippet:-1","max-image-preview":"max-image-preview:large","max-video-preview":"max-video-preview:-1"},"canonical":"https:\/\/julesverne.com.tr\/travel-blog\/2022-aralik-ayinin-en-keyifli-destinasyonlari\/","og_locale":"en_US","og_type":"article","og_title":"[:tr]2022 Aral\u0131k Ay\u0131n\u0131n En Keyifli Destinasyonlar\u0131[:] - JULES VERNE BUSINESS MICE TRAVEL","og_description":"Y\u0131l\u0131n en sihirli aylar\u0131ndan biri olan Aral\u0131k ay\u0131na giri\u015f yap\u0131yoruz. Aral\u0131k her ne kadar y\u0131l\u0131n sona erdi\u011fi anlam\u0131na gelse de, bu seyahat planlar\u0131n\u0131z\u0131n sona erece\u011fi anlam\u0131na gelmiyor. Aral\u0131k ay\u0131na girerken 2022\u2019nin son g\u00fcnleri yine seyahat i\u00e7in bizi yollara d\u00fc\u015f\u00fcrecek kadar heyecan verici se\u00e7imlerle dolu! Pek \u00e7ok \u015fehir, Noel ve y\u0131lba\u015f\u0131 kutlamalar\u0131n\u0131n \u0131\u015f\u0131lt\u0131s\u0131na b\u00fcr\u00fcnm\u00fc\u015fken kendinizi da\u011flardaki kayak merkezlerinde bir k\u0131\u015f masal\u0131 i\u00e7inde bulabilir ya da s\u0131cak havay\u0131 seviyorsan\u0131z Kuzey Yar\u0131mk\u00fcre \u00fc\u015f\u00fcrken plajda g\u00fcne\u015flenebilece\u011finiz destinasyonlara gidebilirsiniz. \u201cAral\u0131k ay\u0131nda nereye gitmeliyim?\u201d sorular\u0131n\u0131za yard\u0131mc\u0131 olmak i\u00e7in d\u00fcnyan\u0131n d\u00f6rt bir yan\u0131ndan heyecan veren destinasyon \u00f6nerileri haz\u0131rlad\u0131k.","og_url":"https:\/\/julesverne.com.tr\/travel-blog\/2022-aralik-ayinin-en-keyifli-destinasyonlari\/","og_site_name":"JULES VERNE BUSINESS MICE TRAVEL","article_publisher":"https:\/\/www.facebook.com\/JulesVerneBusinessMiceTravel\/","article_published_time":"2022-11-23T07:49:36+00:00","article_modified_time":"2022-12-05T14:24:27+00:00","og_image":[{"width":1600,"height":1067,"url":"https:\/\/julesverne.com.tr\/wp-content\/uploads\/2022\/11\/113998020_m-scaled.jpg","type":"image\/jpeg"}],"author":"Ebru Alt\u0131n","twitter_card":"summary_large_image","twitter_creator":"@JV_BusinessMice","twitter_site":"@JV_BusinessMice","twitter_misc":{"Written by":"Ebru Alt\u0131n","Est. reading time":"10 minutes"},"schema":{"@context":"https:\/\/schema.org","@graph":[{"@type":"Article","@id":"https:\/\/julesverne.com.tr\/travel-blog\/2022-aralik-ayinin-en-keyifli-destinasyonlari\/#article","isPartOf":{"@id":"https:\/\/julesverne.com.tr\/travel-blog\/2022-aralik-ayinin-en-keyifli-destinasyonlari\/"},"author":{"name":"Ebru Alt\u0131n","@id":"https:\/\/julesverne.com.tr\/#\/schema\/person\/219931edfe2e7d9cbbcbabb8a7e4c7f4"},"headline":"(TR) 2022 Aral\u0131k Ay\u0131n\u0131n En Keyifli Destinasyonlar\u0131","datePublished":"2022-11-23T07:49:36+00:00","dateModified":"2022-12-05T14:24:27+00:00","mainEntityOfPage":{"@id":"https:\/\/julesverne.com.tr\/travel-blog\/2022-aralik-ayinin-en-keyifli-destinasyonlari\/"},"wordCount":1555,"publisher":{"@id":"https:\/\/julesverne.com.tr\/#organization"},"image":{"@id":"https:\/\/julesverne.com.tr\/travel-blog\/2022-aralik-ayinin-en-keyifli-destinasyonlari\/#primaryimage"},"thumbnailUrl":"https:\/\/julesverne.com.tr\/wp-content\/uploads\/2022\/11\/113998020_m-scaled.jpg","keywords":["Aral\u0131k Destinasyonlar\u0131","\u0130lham Veren Destinasyonlar","Nereye Gitsek","Seyahat Blog"],"articleSection":["\u0130lham Veren Destinasyonlar","Blog","Nereye Gitsek?"],"inLanguage":"en-US"},{"@type":"WebPage","@id":"https:\/\/julesverne.com.tr\/travel-blog\/2022-aralik-ayinin-en-keyifli-destinasyonlari\/","url":"https:\/\/julesverne.com.tr\/travel-blog\/2022-aralik-ayinin-en-keyifli-destinasyonlari\/","name":"[:tr]2022 Aral\u0131k Ay\u0131n\u0131n En Keyifli Destinasyonlar\u0131[:] - JULES VERNE BUSINESS MICE TRAVEL","isPartOf":{"@id":"https:\/\/julesverne.com.tr\/#website"},"primaryImageOfPage":{"@id":"https:\/\/julesverne.com.tr\/travel-blog\/2022-aralik-ayinin-en-keyifli-destinasyonlari\/#primaryimage"},"image":{"@id":"https:\/\/julesverne.com.tr\/travel-blog\/2022-aralik-ayinin-en-keyifli-destinasyonlari\/#primaryimage"},"thumbnailUrl":"https:\/\/julesverne.com.tr\/wp-content\/uploads\/2022\/11\/113998020_m-scaled.jpg","datePublished":"2022-11-23T07:49:36+00:00","dateModified":"2022-12-05T14:24:27+00:00","description":"Y\u0131l\u0131n en sihirli aylar\u0131ndan biri olan Aral\u0131k ay\u0131na giri\u015f yap\u0131yoruz. Aral\u0131k her ne kadar y\u0131l\u0131n sona erdi\u011fi anlam\u0131na gelse de, bu seyahat planlar\u0131n\u0131z\u0131n sona erece\u011fi anlam\u0131na gelmiyor. Aral\u0131k ay\u0131na girerken 2022\u2019nin son g\u00fcnleri yine seyahat i\u00e7in bizi yollara d\u00fc\u015f\u00fcrecek kadar heyecan verici se\u00e7imlerle dolu! Pek \u00e7ok \u015fehir, Noel ve y\u0131lba\u015f\u0131 kutlamalar\u0131n\u0131n \u0131\u015f\u0131lt\u0131s\u0131na b\u00fcr\u00fcnm\u00fc\u015fken kendinizi da\u011flardaki kayak merkezlerinde bir k\u0131\u015f masal\u0131 i\u00e7inde bulabilir ya da s\u0131cak havay\u0131 seviyorsan\u0131z Kuzey Yar\u0131mk\u00fcre \u00fc\u015f\u00fcrken plajda g\u00fcne\u015flenebilece\u011finiz destinasyonlara gidebilirsiniz. \u201cAral\u0131k ay\u0131nda nereye gitmeliyim?\u201d sorular\u0131n\u0131za yard\u0131mc\u0131 olmak i\u00e7in d\u00fcnyan\u0131n d\u00f6rt bir yan\u0131ndan heyecan veren destinasyon \u00f6nerileri haz\u0131rlad\u0131k.","breadcrumb":{"@id":"https:\/\/julesverne.com.tr\/travel-blog\/2022-aralik-ayinin-en-keyifli-destinasyonlari\/#breadcrumb"},"inLanguage":"en-US","potentialAction":[{"@type":"ReadAction","target":["https:\/\/julesverne.com.tr\/travel-blog\/2022-aralik-ayinin-en-keyifli-destinasyonlari\/"]}]},{"@type":"ImageObject","inLanguage":"en-US","@id":"https:\/\/julesverne.com.tr\/travel-blog\/2022-aralik-ayinin-en-keyifli-destinasyonlari\/#primaryimage","url":"https:\/\/julesverne.com.tr\/wp-content\/uploads\/2022\/11\/113998020_m-scaled.jpg","contentUrl":"https:\/\/julesverne.com.tr\/wp-content\/uploads\/2022\/11\/113998020_m-scaled.jpg","width":1600,"height":1067},{"@type":"BreadcrumbList","@id":"https:\/\/julesverne.com.tr\/travel-blog\/2022-aralik-ayinin-en-keyifli-destinasyonlari\/#breadcrumb","itemListElement":[{"@type":"ListItem","position":1,"name":"Anasayfa","item":"https:\/\/julesverne.com.tr\/"},{"@type":"ListItem","position":2,"name":"2022 Aral\u0131k Ay\u0131n\u0131n En Keyifli Destinasyonlar\u0131"}]},{"@type":"WebSite","@id":"https:\/\/julesverne.com.tr\/#website","url":"https:\/\/julesverne.com.tr\/","name":"JULES VERNE BUSINESS MICE TRAVEL","description":"","publisher":{"@id":"https:\/\/julesverne.com.tr\/#organization"},"potentialAction":[{"@type":"SearchAction","target":{"@type":"EntryPoint","urlTemplate":"https:\/\/julesverne.com.tr\/?s={search_term_string}"},"query-input":"required name=search_term_string"}],"inLanguage":"en-US"},{"@type":"Organization","@id":"https:\/\/julesverne.com.tr\/#organization","name":"JULES VERNE BUSINESS MICE TRAVEL","url":"https:\/\/julesverne.com.tr\/","logo":{"@type":"ImageObject","inLanguage":"en-US","@id":"https:\/\/julesverne.com.tr\/#\/schema\/logo\/image\/","url":"https:\/\/julesverne.com.tr\/wp-content\/uploads\/2020\/09\/jv-bmt-logo.png","contentUrl":"https:\/\/julesverne.com.tr\/wp-content\/uploads\/2020\/09\/jv-bmt-logo.png","width":110,"height":81,"caption":"JULES VERNE BUSINESS MICE TRAVEL"},"image":{"@id":"https:\/\/julesverne.com.tr\/#\/schema\/logo\/image\/"},"sameAs":["https:\/\/www.facebook.com\/JulesVerneBusinessMiceTravel\/","https:\/\/twitter.com\/JV_BusinessMice","https:\/\/www.instagram.com\/julesvernebusinessmicetravel\/","https:\/\/www.linkedin.com\/company\/julesvernebusinessmicetravel\/","https:\/\/www.youtube.com\/channel\/UCAwdsmbZ6tFhu1tea6pkpiw"]},{"@type":"Person","@id":"https:\/\/julesverne.com.tr\/#\/schema\/person\/219931edfe2e7d9cbbcbabb8a7e4c7f4","name":"Ebru Alt\u0131n","url":"https:\/\/julesverne.com.tr\/en\/author\/ebru-altin\/"}]}},"_links":{"self":[{"href":"https:\/\/julesverne.com.tr\/en\/wp-json\/wp\/v2\/posts\/14372"}],"collection":[{"href":"https:\/\/julesverne.com.tr\/en\/wp-json\/wp\/v2\/posts"}],"about":[{"href":"https:\/\/julesverne.com.tr\/en\/wp-json\/wp\/v2\/types\/post"}],"author":[{"embeddable":true,"href":"https:\/\/julesverne.com.tr\/en\/wp-json\/wp\/v2\/users\/10"}],"replies":[{"embeddable":true,"href":"https:\/\/julesverne.com.tr\/en\/wp-json\/wp\/v2\/comments?post=14372"}],"version-history":[{"count":8,"href":"https:\/\/julesverne.com.tr\/en\/wp-json\/wp\/v2\/posts\/14372\/revisions"}],"predecessor-version":[{"id":14585,"href":"https:\/\/julesverne.com.tr\/en\/wp-json\/wp\/v2\/posts\/14372\/revisions\/14585"}],"wp:featuredmedia":[{"embeddable":true,"href":"https:\/\/julesverne.com.tr\/en\/wp-json\/wp\/v2\/media\/14455"}],"wp:attachment":[{"href":"https:\/\/julesverne.com.tr\/en\/wp-json\/wp\/v2\/media?parent=14372"}],"wp:term":[{"taxonomy":"category","embeddable":true,"href":"https:\/\/julesverne.com.tr\/en\/wp-json\/wp\/v2\/categories?post=14372"},{"taxonomy":"post_tag","embeddable":true,"href":"https:\/\/julesverne.com.tr\/en\/wp-json\/wp\/v2\/tags?post=14372"}],"curies":[{"name":"wp","href":"https:\/\/api.w.org\/{rel}","templated":true}]}}