{"id":14344,"date":"2022-11-17T10:24:59","date_gmt":"2022-11-17T07:24:59","guid":{"rendered":"https:\/\/julesverne.com.tr\/?p=14344"},"modified":"2022-11-17T16:39:44","modified_gmt":"2022-11-17T13:39:44","slug":"isiltisiyla-goz-kamastiran-avrupanin-en-guzel-15-noel-pazari","status":"publish","type":"post","link":"https:\/\/julesverne.com.tr\/en\/travel-blog\/isiltisiyla-goz-kamastiran-avrupanin-en-guzel-15-noel-pazari\/","title":{"rendered":"(TR) I\u015f\u0131lt\u0131s\u0131yla G\u00f6z Kama\u015ft\u0131ran Avrupa\u2019n\u0131n En G\u00fczel 15 Noel Pazar\u0131"},"content":{"rendered":"<p class=\"qtranxs-available-languages-message qtranxs-available-languages-message-en\">Sorry, this entry is only available in <a href=\"https:\/\/julesverne.com.tr\/tr\/wp-json\/wp\/v2\/posts\/14344\" class=\"qtranxs-available-language-link qtranxs-available-language-link-tr\" title=\"TR\">Turkish<\/a>.<\/p>","protected":false},"excerpt":{"rendered":"<p>Sorry, this entry is only available in Turkish.<\/p>\n","protected":false},"author":10,"featured_media":14365,"comment_status":"closed","ping_status":"closed","sticky":false,"template":"","format":"standard","meta":{"inline_featured_image":false,"footnotes":""},"categories":[38,1,39],"tags":[77,73,204,245],"acf":[],"yoast_head":"<!-- This site is optimized with the Yoast SEO plugin v22.3 - https:\/\/yoast.com\/wordpress\/plugins\/seo\/ -->\n<title><\/title>\n<meta name=\"description\" content=\"Noel zaman\u0131nda hi\u00e7 Avrupa&#039;da bulunmad\u0131ysan\u0131z, emin olun \u00e7ok \u015fey ka\u00e7\u0131r\u0131yorsunuz demektir. Aral\u0131k ay\u0131n\u0131n yakla\u015fmas\u0131yla birlikte birer birer a\u00e7\u0131lmaya ba\u015flayan Noel pazarlar\u0131, Avrupa&#039;da olmak i\u00e7in y\u0131l\u0131n \u015f\u00fcphesiz en b\u00fcy\u00fcl\u00fc zamanlar\u0131ndan.\" \/>\n<meta name=\"robots\" content=\"index, follow, max-snippet:-1, max-image-preview:large, max-video-preview:-1\" \/>\n<link rel=\"canonical\" href=\"https:\/\/julesverne.com.tr\/travel-blog\/isiltisiyla-goz-kamastiran-avrupanin-en-guzel-15-noel-pazari\/\" \/>\n<meta property=\"og:locale\" content=\"en_US\" \/>\n<meta property=\"og:type\" content=\"article\" \/>\n<meta property=\"og:title\" content=\"[:tr]I\u015f\u0131lt\u0131s\u0131yla G\u00f6z Kama\u015ft\u0131ran Avrupa\u2019n\u0131n En G\u00fczel 15 Noel Pazar\u0131[:] - JULES VERNE BUSINESS MICE TRAVEL\" \/>\n<meta property=\"og:description\" content=\"Noel zaman\u0131nda hi\u00e7 Avrupa&#039;da bulunmad\u0131ysan\u0131z, emin olun \u00e7ok \u015fey ka\u00e7\u0131r\u0131yorsunuz demektir. Aral\u0131k ay\u0131n\u0131n yakla\u015fmas\u0131yla birlikte birer birer a\u00e7\u0131lmaya ba\u015flayan Noel pazarlar\u0131, Avrupa&#039;da olmak i\u00e7in y\u0131l\u0131n \u015f\u00fcphesiz en b\u00fcy\u00fcl\u00fc zamanlar\u0131ndan.\" \/>\n<meta property=\"og:url\" content=\"https:\/\/julesverne.com.tr\/travel-blog\/isiltisiyla-goz-kamastiran-avrupanin-en-guzel-15-noel-pazari\/\" \/>\n<meta property=\"og:site_name\" content=\"JULES VERNE BUSINESS MICE TRAVEL\" \/>\n<meta property=\"article:publisher\" content=\"https:\/\/www.facebook.com\/JulesVerneBusinessMiceTravel\/\" \/>\n<meta property=\"article:published_time\" content=\"2022-11-17T07:24:59+00:00\" \/>\n<meta property=\"article:modified_time\" content=\"2022-11-17T13:39:44+00:00\" \/>\n<meta property=\"og:image\" content=\"https:\/\/julesverne.com.tr\/wp-content\/uploads\/2022\/11\/86520260_m-scaled.jpg\" \/>\n\t<meta property=\"og:image:width\" content=\"1600\" \/>\n\t<meta property=\"og:image:height\" content=\"1067\" \/>\n\t<meta property=\"og:image:type\" content=\"image\/jpeg\" \/>\n<meta name=\"author\" content=\"Ebru Alt\u0131n\" \/>\n<meta name=\"twitter:card\" content=\"summary_large_image\" \/>\n<meta name=\"twitter:creator\" content=\"@JV_BusinessMice\" \/>\n<meta name=\"twitter:site\" content=\"@JV_BusinessMice\" \/>\n<meta name=\"twitter:label1\" content=\"Written by\" \/>\n\t<meta name=\"twitter:data1\" content=\"Ebru Alt\u0131n\" \/>\n\t<meta name=\"twitter:label2\" content=\"Est. reading time\" \/>\n\t<meta name=\"twitter:data2\" content=\"14 minutes\" \/>\n<script type=\"application\/ld+json\" class=\"yoast-schema-graph\">{\"@context\":\"https:\/\/schema.org\",\"@graph\":[{\"@type\":\"Article\",\"@id\":\"https:\/\/julesverne.com.tr\/travel-blog\/isiltisiyla-goz-kamastiran-avrupanin-en-guzel-15-noel-pazari\/#article\",\"isPartOf\":{\"@id\":\"https:\/\/julesverne.com.tr\/travel-blog\/isiltisiyla-goz-kamastiran-avrupanin-en-guzel-15-noel-pazari\/\"},\"author\":{\"name\":\"Ebru Alt\u0131n\",\"@id\":\"https:\/\/julesverne.com.tr\/#\/schema\/person\/219931edfe2e7d9cbbcbabb8a7e4c7f4\"},\"headline\":\"(TR) I\u015f\u0131lt\u0131s\u0131yla G\u00f6z Kama\u015ft\u0131ran Avrupa\u2019n\u0131n En G\u00fczel 15 Noel Pazar\u0131\",\"datePublished\":\"2022-11-17T07:24:59+00:00\",\"dateModified\":\"2022-11-17T13:39:44+00:00\",\"mainEntityOfPage\":{\"@id\":\"https:\/\/julesverne.com.tr\/travel-blog\/isiltisiyla-goz-kamastiran-avrupanin-en-guzel-15-noel-pazari\/\"},\"wordCount\":2454,\"publisher\":{\"@id\":\"https:\/\/julesverne.com.tr\/#organization\"},\"image\":{\"@id\":\"https:\/\/julesverne.com.tr\/travel-blog\/isiltisiyla-goz-kamastiran-avrupanin-en-guzel-15-noel-pazari\/#primaryimage\"},\"thumbnailUrl\":\"https:\/\/julesverne.com.tr\/wp-content\/uploads\/2022\/11\/86520260_m-scaled.jpg\",\"keywords\":[\"\u0130lham Veren Destinasyonlar\",\"Nereye Gitsek\",\"Noel Pazarlar\u0131\",\"Seyahat Blog\"],\"articleSection\":[\"\u0130lham Veren Destinasyonlar\",\"Blog\",\"Nereye Gitsek?\"],\"inLanguage\":\"en-US\"},{\"@type\":\"WebPage\",\"@id\":\"https:\/\/julesverne.com.tr\/travel-blog\/isiltisiyla-goz-kamastiran-avrupanin-en-guzel-15-noel-pazari\/\",\"url\":\"https:\/\/julesverne.com.tr\/travel-blog\/isiltisiyla-goz-kamastiran-avrupanin-en-guzel-15-noel-pazari\/\",\"name\":\"[:tr]I\u015f\u0131lt\u0131s\u0131yla G\u00f6z Kama\u015ft\u0131ran Avrupa\u2019n\u0131n En G\u00fczel 15 Noel Pazar\u0131[:] - JULES VERNE BUSINESS MICE TRAVEL\",\"isPartOf\":{\"@id\":\"https:\/\/julesverne.com.tr\/#website\"},\"primaryImageOfPage\":{\"@id\":\"https:\/\/julesverne.com.tr\/travel-blog\/isiltisiyla-goz-kamastiran-avrupanin-en-guzel-15-noel-pazari\/#primaryimage\"},\"image\":{\"@id\":\"https:\/\/julesverne.com.tr\/travel-blog\/isiltisiyla-goz-kamastiran-avrupanin-en-guzel-15-noel-pazari\/#primaryimage\"},\"thumbnailUrl\":\"https:\/\/julesverne.com.tr\/wp-content\/uploads\/2022\/11\/86520260_m-scaled.jpg\",\"datePublished\":\"2022-11-17T07:24:59+00:00\",\"dateModified\":\"2022-11-17T13:39:44+00:00\",\"description\":\"Noel zaman\u0131nda hi\u00e7 Avrupa'da bulunmad\u0131ysan\u0131z, emin olun \u00e7ok \u015fey ka\u00e7\u0131r\u0131yorsunuz demektir. Aral\u0131k ay\u0131n\u0131n yakla\u015fmas\u0131yla birlikte birer birer a\u00e7\u0131lmaya ba\u015flayan Noel pazarlar\u0131, Avrupa'da olmak i\u00e7in y\u0131l\u0131n \u015f\u00fcphesiz en b\u00fcy\u00fcl\u00fc zamanlar\u0131ndan.\",\"breadcrumb\":{\"@id\":\"https:\/\/julesverne.com.tr\/travel-blog\/isiltisiyla-goz-kamastiran-avrupanin-en-guzel-15-noel-pazari\/#breadcrumb\"},\"inLanguage\":\"en-US\",\"potentialAction\":[{\"@type\":\"ReadAction\",\"target\":[\"https:\/\/julesverne.com.tr\/travel-blog\/isiltisiyla-goz-kamastiran-avrupanin-en-guzel-15-noel-pazari\/\"]}]},{\"@type\":\"ImageObject\",\"inLanguage\":\"en-US\",\"@id\":\"https:\/\/julesverne.com.tr\/travel-blog\/isiltisiyla-goz-kamastiran-avrupanin-en-guzel-15-noel-pazari\/#primaryimage\",\"url\":\"https:\/\/julesverne.com.tr\/wp-content\/uploads\/2022\/11\/86520260_m-scaled.jpg\",\"contentUrl\":\"https:\/\/julesverne.com.tr\/wp-content\/uploads\/2022\/11\/86520260_m-scaled.jpg\",\"width\":1600,\"height\":1067,\"caption\":\"Christmas Market Vienna\"},{\"@type\":\"BreadcrumbList\",\"@id\":\"https:\/\/julesverne.com.tr\/travel-blog\/isiltisiyla-goz-kamastiran-avrupanin-en-guzel-15-noel-pazari\/#breadcrumb\",\"itemListElement\":[{\"@type\":\"ListItem\",\"position\":1,\"name\":\"Anasayfa\",\"item\":\"https:\/\/julesverne.com.tr\/\"},{\"@type\":\"ListItem\",\"position\":2,\"name\":\"I\u015f\u0131lt\u0131s\u0131yla G\u00f6z Kama\u015ft\u0131ran Avrupa\u2019n\u0131n En G\u00fczel 15 Noel Pazar\u0131\"}]},{\"@type\":\"WebSite\",\"@id\":\"https:\/\/julesverne.com.tr\/#website\",\"url\":\"https:\/\/julesverne.com.tr\/\",\"name\":\"JULES VERNE BUSINESS MICE TRAVEL\",\"description\":\"\",\"publisher\":{\"@id\":\"https:\/\/julesverne.com.tr\/#organization\"},\"potentialAction\":[{\"@type\":\"SearchAction\",\"target\":{\"@type\":\"EntryPoint\",\"urlTemplate\":\"https:\/\/julesverne.com.tr\/?s={search_term_string}\"},\"query-input\":\"required name=search_term_string\"}],\"inLanguage\":\"en-US\"},{\"@type\":\"Organization\",\"@id\":\"https:\/\/julesverne.com.tr\/#organization\",\"name\":\"JULES VERNE BUSINESS MICE TRAVEL\",\"url\":\"https:\/\/julesverne.com.tr\/\",\"logo\":{\"@type\":\"ImageObject\",\"inLanguage\":\"en-US\",\"@id\":\"https:\/\/julesverne.com.tr\/#\/schema\/logo\/image\/\",\"url\":\"https:\/\/julesverne.com.tr\/wp-content\/uploads\/2020\/09\/jv-bmt-logo.png\",\"contentUrl\":\"https:\/\/julesverne.com.tr\/wp-content\/uploads\/2020\/09\/jv-bmt-logo.png\",\"width\":110,\"height\":81,\"caption\":\"JULES VERNE BUSINESS MICE TRAVEL\"},\"image\":{\"@id\":\"https:\/\/julesverne.com.tr\/#\/schema\/logo\/image\/\"},\"sameAs\":[\"https:\/\/www.facebook.com\/JulesVerneBusinessMiceTravel\/\",\"https:\/\/twitter.com\/JV_BusinessMice\",\"https:\/\/www.instagram.com\/julesvernebusinessmicetravel\/\",\"https:\/\/www.linkedin.com\/company\/julesvernebusinessmicetravel\/\",\"https:\/\/www.youtube.com\/channel\/UCAwdsmbZ6tFhu1tea6pkpiw\"]},{\"@type\":\"Person\",\"@id\":\"https:\/\/julesverne.com.tr\/#\/schema\/person\/219931edfe2e7d9cbbcbabb8a7e4c7f4\",\"name\":\"Ebru Alt\u0131n\",\"url\":\"https:\/\/julesverne.com.tr\/en\/author\/ebru-altin\/\"}]}<\/script>\n<!-- \/ Yoast SEO plugin. -->","yoast_head_json":{"title":"[:tr]I\u015f\u0131lt\u0131s\u0131yla G\u00f6z Kama\u015ft\u0131ran Avrupa\u2019n\u0131n En G\u00fczel 15 Noel Pazar\u0131[:] - JULES VERNE BUSINESS MICE TRAVEL","description":"Noel zaman\u0131nda hi\u00e7 Avrupa'da bulunmad\u0131ysan\u0131z, emin olun \u00e7ok \u015fey ka\u00e7\u0131r\u0131yorsunuz demektir. Aral\u0131k ay\u0131n\u0131n yakla\u015fmas\u0131yla birlikte birer birer a\u00e7\u0131lmaya ba\u015flayan Noel pazarlar\u0131, Avrupa'da olmak i\u00e7in y\u0131l\u0131n \u015f\u00fcphesiz en b\u00fcy\u00fcl\u00fc zamanlar\u0131ndan.","robots":{"index":"index","follow":"follow","max-snippet":"max-snippet:-1","max-image-preview":"max-image-preview:large","max-video-preview":"max-video-preview:-1"},"canonical":"https:\/\/julesverne.com.tr\/travel-blog\/isiltisiyla-goz-kamastiran-avrupanin-en-guzel-15-noel-pazari\/","og_locale":"en_US","og_type":"article","og_title":"[:tr]I\u015f\u0131lt\u0131s\u0131yla G\u00f6z Kama\u015ft\u0131ran Avrupa\u2019n\u0131n En G\u00fczel 15 Noel Pazar\u0131[:] - JULES VERNE BUSINESS MICE TRAVEL","og_description":"Noel zaman\u0131nda hi\u00e7 Avrupa'da bulunmad\u0131ysan\u0131z, emin olun \u00e7ok \u015fey ka\u00e7\u0131r\u0131yorsunuz demektir. Aral\u0131k ay\u0131n\u0131n yakla\u015fmas\u0131yla birlikte birer birer a\u00e7\u0131lmaya ba\u015flayan Noel pazarlar\u0131, Avrupa'da olmak i\u00e7in y\u0131l\u0131n \u015f\u00fcphesiz en b\u00fcy\u00fcl\u00fc zamanlar\u0131ndan.","og_url":"https:\/\/julesverne.com.tr\/travel-blog\/isiltisiyla-goz-kamastiran-avrupanin-en-guzel-15-noel-pazari\/","og_site_name":"JULES VERNE BUSINESS MICE TRAVEL","article_publisher":"https:\/\/www.facebook.com\/JulesVerneBusinessMiceTravel\/","article_published_time":"2022-11-17T07:24:59+00:00","article_modified_time":"2022-11-17T13:39:44+00:00","og_image":[{"width":1600,"height":1067,"url":"https:\/\/julesverne.com.tr\/wp-content\/uploads\/2022\/11\/86520260_m-scaled.jpg","type":"image\/jpeg"}],"author":"Ebru Alt\u0131n","twitter_card":"summary_large_image","twitter_creator":"@JV_BusinessMice","twitter_site":"@JV_BusinessMice","twitter_misc":{"Written by":"Ebru Alt\u0131n","Est. reading time":"14 minutes"},"schema":{"@context":"https:\/\/schema.org","@graph":[{"@type":"Article","@id":"https:\/\/julesverne.com.tr\/travel-blog\/isiltisiyla-goz-kamastiran-avrupanin-en-guzel-15-noel-pazari\/#article","isPartOf":{"@id":"https:\/\/julesverne.com.tr\/travel-blog\/isiltisiyla-goz-kamastiran-avrupanin-en-guzel-15-noel-pazari\/"},"author":{"name":"Ebru Alt\u0131n","@id":"https:\/\/julesverne.com.tr\/#\/schema\/person\/219931edfe2e7d9cbbcbabb8a7e4c7f4"},"headline":"(TR) I\u015f\u0131lt\u0131s\u0131yla G\u00f6z Kama\u015ft\u0131ran Avrupa\u2019n\u0131n En G\u00fczel 15 Noel Pazar\u0131","datePublished":"2022-11-17T07:24:59+00:00","dateModified":"2022-11-17T13:39:44+00:00","mainEntityOfPage":{"@id":"https:\/\/julesverne.com.tr\/travel-blog\/isiltisiyla-goz-kamastiran-avrupanin-en-guzel-15-noel-pazari\/"},"wordCount":2454,"publisher":{"@id":"https:\/\/julesverne.com.tr\/#organization"},"image":{"@id":"https:\/\/julesverne.com.tr\/travel-blog\/isiltisiyla-goz-kamastiran-avrupanin-en-guzel-15-noel-pazari\/#primaryimage"},"thumbnailUrl":"https:\/\/julesverne.com.tr\/wp-content\/uploads\/2022\/11\/86520260_m-scaled.jpg","keywords":["\u0130lham Veren Destinasyonlar","Nereye Gitsek","Noel Pazarlar\u0131","Seyahat Blog"],"articleSection":["\u0130lham Veren Destinasyonlar","Blog","Nereye Gitsek?"],"inLanguage":"en-US"},{"@type":"WebPage","@id":"https:\/\/julesverne.com.tr\/travel-blog\/isiltisiyla-goz-kamastiran-avrupanin-en-guzel-15-noel-pazari\/","url":"https:\/\/julesverne.com.tr\/travel-blog\/isiltisiyla-goz-kamastiran-avrupanin-en-guzel-15-noel-pazari\/","name":"[:tr]I\u015f\u0131lt\u0131s\u0131yla G\u00f6z Kama\u015ft\u0131ran Avrupa\u2019n\u0131n En G\u00fczel 15 Noel Pazar\u0131[:] - JULES VERNE BUSINESS MICE TRAVEL","isPartOf":{"@id":"https:\/\/julesverne.com.tr\/#website"},"primaryImageOfPage":{"@id":"https:\/\/julesverne.com.tr\/travel-blog\/isiltisiyla-goz-kamastiran-avrupanin-en-guzel-15-noel-pazari\/#primaryimage"},"image":{"@id":"https:\/\/julesverne.com.tr\/travel-blog\/isiltisiyla-goz-kamastiran-avrupanin-en-guzel-15-noel-pazari\/#primaryimage"},"thumbnailUrl":"https:\/\/julesverne.com.tr\/wp-content\/uploads\/2022\/11\/86520260_m-scaled.jpg","datePublished":"2022-11-17T07:24:59+00:00","dateModified":"2022-11-17T13:39:44+00:00","description":"Noel zaman\u0131nda hi\u00e7 Avrupa'da bulunmad\u0131ysan\u0131z, emin olun \u00e7ok \u015fey ka\u00e7\u0131r\u0131yorsunuz demektir. Aral\u0131k ay\u0131n\u0131n yakla\u015fmas\u0131yla birlikte birer birer a\u00e7\u0131lmaya ba\u015flayan Noel pazarlar\u0131, Avrupa'da olmak i\u00e7in y\u0131l\u0131n \u015f\u00fcphesiz en b\u00fcy\u00fcl\u00fc zamanlar\u0131ndan.","breadcrumb":{"@id":"https:\/\/julesverne.com.tr\/travel-blog\/isiltisiyla-goz-kamastiran-avrupanin-en-guzel-15-noel-pazari\/#breadcrumb"},"inLanguage":"en-US","potentialAction":[{"@type":"ReadAction","target":["https:\/\/julesverne.com.tr\/travel-blog\/isiltisiyla-goz-kamastiran-avrupanin-en-guzel-15-noel-pazari\/"]}]},{"@type":"ImageObject","inLanguage":"en-US","@id":"https:\/\/julesverne.com.tr\/travel-blog\/isiltisiyla-goz-kamastiran-avrupanin-en-guzel-15-noel-pazari\/#primaryimage","url":"https:\/\/julesverne.com.tr\/wp-content\/uploads\/2022\/11\/86520260_m-scaled.jpg","contentUrl":"https:\/\/julesverne.com.tr\/wp-content\/uploads\/2022\/11\/86520260_m-scaled.jpg","width":1600,"height":1067,"caption":"Christmas Market Vienna"},{"@type":"BreadcrumbList","@id":"https:\/\/julesverne.com.tr\/travel-blog\/isiltisiyla-goz-kamastiran-avrupanin-en-guzel-15-noel-pazari\/#breadcrumb","itemListElement":[{"@type":"ListItem","position":1,"name":"Anasayfa","item":"https:\/\/julesverne.com.tr\/"},{"@type":"ListItem","position":2,"name":"I\u015f\u0131lt\u0131s\u0131yla G\u00f6z Kama\u015ft\u0131ran Avrupa\u2019n\u0131n En G\u00fczel 15 Noel Pazar\u0131"}]},{"@type":"WebSite","@id":"https:\/\/julesverne.com.tr\/#website","url":"https:\/\/julesverne.com.tr\/","name":"JULES VERNE BUSINESS MICE TRAVEL","description":"","publisher":{"@id":"https:\/\/julesverne.com.tr\/#organization"},"potentialAction":[{"@type":"SearchAction","target":{"@type":"EntryPoint","urlTemplate":"https:\/\/julesverne.com.tr\/?s={search_term_string}"},"query-input":"required name=search_term_string"}],"inLanguage":"en-US"},{"@type":"Organization","@id":"https:\/\/julesverne.com.tr\/#organization","name":"JULES VERNE BUSINESS MICE TRAVEL","url":"https:\/\/julesverne.com.tr\/","logo":{"@type":"ImageObject","inLanguage":"en-US","@id":"https:\/\/julesverne.com.tr\/#\/schema\/logo\/image\/","url":"https:\/\/julesverne.com.tr\/wp-content\/uploads\/2020\/09\/jv-bmt-logo.png","contentUrl":"https:\/\/julesverne.com.tr\/wp-content\/uploads\/2020\/09\/jv-bmt-logo.png","width":110,"height":81,"caption":"JULES VERNE BUSINESS MICE TRAVEL"},"image":{"@id":"https:\/\/julesverne.com.tr\/#\/schema\/logo\/image\/"},"sameAs":["https:\/\/www.facebook.com\/JulesVerneBusinessMiceTravel\/","https:\/\/twitter.com\/JV_BusinessMice","https:\/\/www.instagram.com\/julesvernebusinessmicetravel\/","https:\/\/www.linkedin.com\/company\/julesvernebusinessmicetravel\/","https:\/\/www.youtube.com\/channel\/UCAwdsmbZ6tFhu1tea6pkpiw"]},{"@type":"Person","@id":"https:\/\/julesverne.com.tr\/#\/schema\/person\/219931edfe2e7d9cbbcbabb8a7e4c7f4","name":"Ebru Alt\u0131n","url":"https:\/\/julesverne.com.tr\/en\/author\/ebru-altin\/"}]}},"_links":{"self":[{"href":"https:\/\/julesverne.com.tr\/en\/wp-json\/wp\/v2\/posts\/14344"}],"collection":[{"href":"https:\/\/julesverne.com.tr\/en\/wp-json\/wp\/v2\/posts"}],"about":[{"href":"https:\/\/julesverne.com.tr\/en\/wp-json\/wp\/v2\/types\/post"}],"author":[{"embeddable":true,"href":"https:\/\/julesverne.com.tr\/en\/wp-json\/wp\/v2\/users\/10"}],"replies":[{"embeddable":true,"href":"https:\/\/julesverne.com.tr\/en\/wp-json\/wp\/v2\/comments?post=14344"}],"version-history":[{"count":13,"href":"https:\/\/julesverne.com.tr\/en\/wp-json\/wp\/v2\/posts\/14344\/revisions"}],"predecessor-version":[{"id":14370,"href":"https:\/\/julesverne.com.tr\/en\/wp-json\/wp\/v2\/posts\/14344\/revisions\/14370"}],"wp:featuredmedia":[{"embeddable":true,"href":"https:\/\/julesverne.com.tr\/en\/wp-json\/wp\/v2\/media\/14365"}],"wp:attachment":[{"href":"https:\/\/julesverne.com.tr\/en\/wp-json\/wp\/v2\/media?parent=14344"}],"wp:term":[{"taxonomy":"category","embeddable":true,"href":"https:\/\/julesverne.com.tr\/en\/wp-json\/wp\/v2\/categories?post=14344"},{"taxonomy":"post_tag","embeddable":true,"href":"https:\/\/julesverne.com.tr\/en\/wp-json\/wp\/v2\/tags?post=14344"}],"curies":[{"name":"wp","href":"https:\/\/api.w.org\/{rel}","templated":true}]}}