{"id":13929,"date":"2022-12-13T09:46:15","date_gmt":"2022-12-13T06:46:15","guid":{"rendered":"https:\/\/julesverne.com.tr\/?p=13929"},"modified":"2022-12-13T09:56:58","modified_gmt":"2022-12-13T06:56:58","slug":"turkiyede-mutlaka-gezilmesi-gereken-odullu-muzeler","status":"publish","type":"post","link":"https:\/\/julesverne.com.tr\/en\/travel-blog\/turkiyede-mutlaka-gezilmesi-gereken-odullu-muzeler\/","title":{"rendered":"T\u00fcrkiye\u2019de Mutlaka Gezilmesi Gereken \u00d6d\u00fcll\u00fc M\u00fczeler"},"content":{"rendered":"<p><img decoding=\"async\" src=\"https:\/\/julesverne.com.tr\/wp-content\/uploads\/2020\/09\/ommeskisehir.jpg\" \/><\/p>\n<p>Tarih boyunca d\u00fcnyan\u0131n k\u00f6kl\u00fc medeniyetlerine ev sahipli\u011fi yapan T\u00fcrkiye, birbirinden de\u011ferli eserlerin ve kal\u0131nt\u0131lar\u0131n sergilendi\u011fi g\u00f6rkemli m\u00fczeleriyle g\u00f6z kama\u015ft\u0131r\u0131yor. \u0130\u00e7inde dola\u015f\u0131rken binlerce y\u0131l geriye uzanan b\u00fcy\u00fcl\u00fc bir yolculu\u011fa \u00e7\u0131km\u0131\u015f hissi uyand\u0131ran bu m\u00fczelerde yaln\u0131zca k\u00fclt\u00fcrel, tarihi ve sanatsal eserleri de\u011fil; \u00fcnl\u00fc sanat\u00e7\u0131lar ve fikir insanlar\u0131 gibi \u00f6nemli isimlerin an\u0131lar\u0131n\u0131 ve eserlerini de ke\u015ffedebilirsiniz.<\/p>\n<h2><strong>\u0130\u015fte T\u00fcrkiye\u2019de mutlaka gezilmesi gereken \u00f6d\u00fcll\u00fc m\u00fczeler\u2026<\/strong><\/h2>\n<h2><img loading=\"lazy\" decoding=\"async\" class=\"alignnone size-full wp-image-10025\" src=\"https:\/\/julesverne.com.tr\/wp-content\/uploads\/2021\/08\/Anadolu-Medeniyetleri-Muzesi.jpg\" sizes=\"(max-width: 1200px) 100vw, 1200px\" srcset=\"https:\/\/julesverne.com.tr\/wp-content\/uploads\/2021\/08\/Anadolu-Medeniyetleri-Muzesi.jpg 1200w, https:\/\/julesverne.com.tr\/wp-content\/uploads\/2021\/08\/Anadolu-Medeniyetleri-Muzesi-500x333.jpg 500w, https:\/\/julesverne.com.tr\/wp-content\/uploads\/2021\/08\/Anadolu-Medeniyetleri-Muzesi-768x512.jpg 768w\" alt=\"\" width=\"1200\" height=\"800\" \/><\/h2>\n<h2><strong>Anadolu Medeniyetleri M\u00fczesi, Ankara<\/strong><\/h2>\n<p>Tarih \u00f6ncesi \u00e7a\u011flardan ba\u015flay\u0131p bug\u00fcne kadar Anadolu topraklar\u0131nda ya\u015fam\u0131\u015f medeniyetlerden eserlerin kronolojik olarak s\u0131raland\u0131\u011f\u0131\u00a0<strong>Anadolu Medeniyetleri M\u00fczesi<\/strong>, bu \u00f6zelli\u011fi sayesinde d\u00fcnyan\u0131n say\u0131l\u0131 m\u00fczelerinden biri kabul ediliyor. 1997 tarihinde 68 m\u00fcze aras\u0131ndan 1. se\u00e7ilerek Avrupa Y\u0131l\u0131n M\u00fczesi \u00d6d\u00fcl\u00fc\u2019ne lay\u0131k g\u00f6r\u00fclen m\u00fczede; Paleolitik, Neolitik, Kalkolitik ve Eski Tun\u00e7 \u00c7a\u011f\u0131\u2019n\u0131n yan\u0131 s\u0131ra Eski Hitit \u0130mparatorlu\u011fu, Frig, Ge\u00e7 Hitit, Urartu ve Lidya d\u00f6nemlerine ait \u00e7ok say\u0131da kal\u0131nt\u0131 ve eser sergileniyor.<\/p>\n<p><img loading=\"lazy\" decoding=\"async\" class=\"alignnone size-full wp-image-13936\" src=\"https:\/\/julesverne.com.tr\/wp-content\/uploads\/2022\/08\/antalya-muzesi.jpg\" sizes=\"(max-width: 1200px) 100vw, 1200px\" srcset=\"https:\/\/julesverne.com.tr\/wp-content\/uploads\/2022\/08\/antalya-muzesi.jpg 1200w, https:\/\/julesverne.com.tr\/wp-content\/uploads\/2022\/08\/antalya-muzesi-500x333.jpg 500w, https:\/\/julesverne.com.tr\/wp-content\/uploads\/2022\/08\/antalya-muzesi-768x512.jpg 768w\" alt=\"\" width=\"1200\" height=\"800\" \/><\/p>\n<h2><strong>Antalya M\u00fczesi, Antalya<\/strong><\/h2>\n<p>T\u00fcrkiye\u2019nin en b\u00fcy\u00fck m\u00fczelerinden biri olup, ad\u0131n\u0131 \u015fehrinden alan\u00a0<strong>Antalya M\u00fczesi<\/strong>, b\u00f6lgenin co\u011frafi g\u00fczelli\u011fini \u00f6ne \u00e7\u0131karan bir mimariye sahip. 30.000 metrekarelik bir alan \u00fczerinde bulunan m\u00fczede; 14 sergi salonu ile heykel ve de\u011fi\u015fik eserlerin sergilendi\u011fi a\u00e7\u0131k hava galerileri ve bah\u00e7e yer al\u0131yor. 1988\u2019de Avrupa Konseyi Y\u0131l\u0131n M\u00fczesi \u00f6d\u00fcl\u00fcne lay\u0131k g\u00f6r\u00fclen m\u00fczede; Anadolu topraklar\u0131n\u0131n en zengin ge\u00e7mi\u015fe sahip k\u00f6\u015felerinden \u00fc\u00e7 antik k\u00fclt\u00fcr b\u00f6lgesi olan Likya, Pamfilya ve Psidia\u2019ya ait eserleri g\u00f6rebilirsiniz.<\/p>\n<p><img loading=\"lazy\" decoding=\"async\" class=\"alignnone size-full wp-image-9560\" src=\"https:\/\/julesverne.com.tr\/wp-content\/uploads\/2021\/07\/Baksi1.jpg\" sizes=\"(max-width: 960px) 100vw, 960px\" srcset=\"https:\/\/julesverne.com.tr\/wp-content\/uploads\/2021\/07\/Baksi1.jpg 960w, https:\/\/julesverne.com.tr\/wp-content\/uploads\/2021\/07\/Baksi1-500x375.jpg 500w, https:\/\/julesverne.com.tr\/wp-content\/uploads\/2021\/07\/Baksi1-768x576.jpg 768w\" alt=\"\" width=\"960\" height=\"720\" \/><\/p>\n<h2><strong>Baks\u0131 M\u00fczesi, Bayburt<\/strong><\/h2>\n<p>Bir hayalden yola \u00e7\u0131karak, \u00e7orak topraklarda bir vadi \u00fczerine in\u015fa edilen\u00a0<strong>Baks\u0131 M\u00fczesi<\/strong>, hi\u00e7li\u011fin ortas\u0131nda hayat bulan eme\u011fin, hayal g\u00fcc\u00fcn\u00fcn, sanat ve yurt sevgisinin nas\u0131l da b\u00fcy\u00fck d\u00f6n\u00fc\u015f\u00fcmler sa\u011flayaca\u011f\u0131n\u0131 ispatlayan s\u0131ra d\u0131\u015f\u0131 bir ba\u015far\u0131 hikayesi. Sanat\u00e7\u0131 ve akademisyen Prof. Dr. H\u00fcsamettin Ko\u00e7an\u2019\u0131n bireysel d\u00fc\u015f\u00fc olarak Bayburt\u2019\u0131n Bayraktar K\u00f6y\u00fc\u2019nde hayata ge\u00e7en Baks\u0131 M\u00fczesi, d\u00fcnyan\u0131n ayn\u0131 zamanda en s\u0131ra d\u0131\u015f\u0131 m\u00fczelerinden biri. \u00c7a\u011fda\u015f m\u00fczecili\u011fi yepyeni anlay\u0131\u015fla Anadolu\u2019nun k\u00fclt\u00fcr varl\u0131klar\u0131 haritas\u0131na katan, gelene\u011fi gelecekle bulu\u015fturan m\u00fcze; Avrupa Konseyi 2014 Y\u0131l\u0131n M\u00fczesi ve TBMM Onur \u00d6d\u00fcl\u00fc\u2019n\u00fcn de sahibi.<\/p>\n<p><img loading=\"lazy\" decoding=\"async\" class=\"alignnone size-full wp-image-13941\" src=\"https:\/\/julesverne.com.tr\/wp-content\/uploads\/2022\/08\/bodrum-sualti-arkeoloji-muzesi-1.jpg\" sizes=\"(max-width: 1200px) 100vw, 1200px\" srcset=\"https:\/\/julesverne.com.tr\/wp-content\/uploads\/2022\/08\/bodrum-sualti-arkeoloji-muzesi-1.jpg 1200w, https:\/\/julesverne.com.tr\/wp-content\/uploads\/2022\/08\/bodrum-sualti-arkeoloji-muzesi-1-500x333.jpg 500w, https:\/\/julesverne.com.tr\/wp-content\/uploads\/2022\/08\/bodrum-sualti-arkeoloji-muzesi-1-768x512.jpg 768w\" alt=\"\" width=\"1200\" height=\"800\" \/><\/p>\n<h2><strong>Bodrum Sualt\u0131 Arkeoloji M\u00fczesi<\/strong><\/h2>\n<p>UNESCO\u2019nun \u201cKorunmas\u0131 Gereken K\u00fclt\u00fcr Varl\u0131klar\u0131\u201d aday listesinde yer alan ve 1995 y\u0131l\u0131nda \u201cAvrupa\u2019da Y\u0131l\u0131n M\u00fczesi\u201d \u00f6d\u00fcl\u00fcne lay\u0131k g\u00f6r\u00fclen\u00a0<strong>Bodrum Sualt\u0131 Arkeoloji M\u00fczesi<\/strong>\u00a0\u00fclkemizin tek, d\u00fcnyan\u0131n ise en \u00f6nemli sualt\u0131 arkeoloji m\u00fczelerinden bir tanesi. B\u00fcnyesinde 14 adet sergi salonu bulunan m\u00fcze; d\u00fcnyan\u0131n en zengin Do\u011fu Akdeniz amforalar\u0131 koleksiyonuna sahip.<\/p>\n<p><img loading=\"lazy\" decoding=\"async\" class=\"alignnone size-full wp-image-13938\" src=\"https:\/\/julesverne.com.tr\/wp-content\/uploads\/2022\/08\/istanbul-arkeoloji-muzesi.jpg\" sizes=\"(max-width: 1200px) 100vw, 1200px\" srcset=\"https:\/\/julesverne.com.tr\/wp-content\/uploads\/2022\/08\/istanbul-arkeoloji-muzesi.jpg 1200w, https:\/\/julesverne.com.tr\/wp-content\/uploads\/2022\/08\/istanbul-arkeoloji-muzesi-500x333.jpg 500w, https:\/\/julesverne.com.tr\/wp-content\/uploads\/2022\/08\/istanbul-arkeoloji-muzesi-768x512.jpg 768w\" alt=\"\" width=\"1200\" height=\"800\" \/><\/p>\n<h2><strong>\u0130stanbul Arkeoloji M\u00fczesi<\/strong><\/h2>\n<p>Ge\u00e7mi\u015ften g\u00fcn\u00fcm\u00fcze gelmi\u015f bir milyondan fazla esere ev sahipli\u011fi yapan\u00a0<strong>\u0130stanbul Arkeoloji M\u00fczesi<\/strong>, T\u00fcrkiye\u2019nin m\u00fcze olarak in\u015fa edilen en eski binas\u0131 olma \u00f6zelli\u011fini ta\u015f\u0131makta. 1891 y\u0131l\u0131nda ziyarete a\u00e7\u0131lan m\u00fcze; Sidon Kral nekropol\u00fc kaz\u0131lar\u0131ndan \u0130stanbul\u2019a getirilen \u0130skender ve Tabnit Lahdi gibi \u00f6nemli eserleri ile kesinlikle g\u00f6r\u00fclmeye de\u011fer yerlerden. 1993 y\u0131l\u0131nda \u201cY\u0131l\u0131n M\u00fczesi\u201d olarak se\u00e7ilen \u0130stanbul Arkeoloji M\u00fczesi ayn\u0131 zamanda Avrupa Konseyi M\u00fcze \u00d6d\u00fcl\u00fc\u2019n\u00fcn de sahibi.<\/p>\n<p><img loading=\"lazy\" decoding=\"async\" class=\"alignnone size-full wp-image-13935\" src=\"https:\/\/julesverne.com.tr\/wp-content\/uploads\/2022\/08\/Istanbul-Turk-ve-Islam-Eserleri-Muzesi.jpg\" sizes=\"(max-width: 1200px) 100vw, 1200px\" srcset=\"https:\/\/julesverne.com.tr\/wp-content\/uploads\/2022\/08\/Istanbul-Turk-ve-Islam-Eserleri-Muzesi.jpg 1200w, https:\/\/julesverne.com.tr\/wp-content\/uploads\/2022\/08\/Istanbul-Turk-ve-Islam-Eserleri-Muzesi-500x333.jpg 500w, https:\/\/julesverne.com.tr\/wp-content\/uploads\/2022\/08\/Istanbul-Turk-ve-Islam-Eserleri-Muzesi-768x512.jpg 768w\" alt=\"\" width=\"1200\" height=\"800\" \/><\/p>\n<h2><strong>\u0130stanbul T\u00fcrk ve \u0130slam Eserleri M\u00fczesi<\/strong><\/h2>\n<p>T\u00fcrk ve \u0130slam sanat\u0131 eserlerinin bir araya getirildi\u011fi ilk T\u00fcrk m\u00fczesi \u00fcnvan\u0131na sahip olan\u00a0<strong>\u0130stanbul T\u00fcrk ve \u0130slam Eserleri M\u00fczesi,<\/strong>\u00a0k\u00fclt\u00fcrel ve sanatsal zenginli\u011fi ile \u00f6ne \u00e7\u0131kan en \u00f6nemli m\u00fczelerden bir di\u011feri. Hal\u0131, el yazmalar\u0131, ah\u015fap, ta\u015f, cam ve seramik gibi eserlerin sergilendi\u011fi m\u00fczenin Osmanl\u0131 \u0130mparatorlu\u011fu d\u00f6neminde a\u00e7\u0131lan son m\u00fcze oldu\u011funu da ayr\u0131ca hat\u0131rlatal\u0131m. T\u00fcrk ve \u0130slam Eserleri M\u00fczesi 1984 y\u0131l\u0131nda Avrupa Konseyi Y\u0131l\u0131n M\u00fczesi \u201cJ\u00fcri \u00d6zel \u00d6d\u00fcl\u00fc\u201dne lay\u0131k g\u00f6r\u00fclm\u00fc\u015ft\u00fcr.<\/p>\n<p><img loading=\"lazy\" decoding=\"async\" class=\"alignnone size-full wp-image-13849\" src=\"https:\/\/julesverne.com.tr\/wp-content\/uploads\/2022\/07\/kenan-yavuz-etnografya-muzesi.jpg\" sizes=\"(max-width: 1200px) 100vw, 1200px\" srcset=\"https:\/\/julesverne.com.tr\/wp-content\/uploads\/2022\/07\/kenan-yavuz-etnografya-muzesi.jpg 1200w, https:\/\/julesverne.com.tr\/wp-content\/uploads\/2022\/07\/kenan-yavuz-etnografya-muzesi-500x333.jpg 500w, https:\/\/julesverne.com.tr\/wp-content\/uploads\/2022\/07\/kenan-yavuz-etnografya-muzesi-768x512.jpg 768w\" alt=\"\" width=\"1200\" height=\"800\" \/><\/p>\n<h2><strong>Kenan Yavuz Etnografya M\u00fczesi, Bayburt<\/strong><\/h2>\n<p>Avrupa M\u00fcze Forumu\u2019nca her y\u0131l d\u00fczenlenen \u201cAvrupa Y\u0131l\u0131n M\u00fczesi \u00d6d\u00fclleri\u201d yar\u0131\u015fmas\u0131nda 2021 Silletto \u00d6d\u00fcl\u00fc\u2019n\u00fc almaya hak kazanan\u00a0<strong>Kenan Yavuz Etnografya M\u00fczesi<\/strong>, mimarinin modernist tarz\u0131n\u0131 yo\u011fun bir bi\u00e7imde hissettirirken, al\u0131\u015f\u0131lagelmi\u015f m\u00fcze tasar\u0131mlar\u0131n\u0131n d\u0131\u015f\u0131na \u00e7\u0131kan dizayn\u0131yla da sanatseverlerin ilgisini \u00e7ekiyor. \u0130\u015f insan\u0131 Kenan Yavuz\u2019un hayalken ger\u00e7ek bir surete d\u00f6n\u00fc\u015ft\u00fcrd\u00fc\u011f\u00fc m\u00fcze; Anadolu\u2019nun de\u011fi\u015fmemesi gereken g\u00fczelliklerini muhafaza ederek, gelece\u011fe g\u00fcvenle ta\u015f\u0131yor.<\/p>\n<p><img loading=\"lazy\" decoding=\"async\" class=\"alignnone size-full wp-image-13942\" src=\"https:\/\/julesverne.com.tr\/wp-content\/uploads\/2022\/08\/masumiyet-muzesi.jpg\" sizes=\"(max-width: 1200px) 100vw, 1200px\" srcset=\"https:\/\/julesverne.com.tr\/wp-content\/uploads\/2022\/08\/masumiyet-muzesi.jpg 1200w, https:\/\/julesverne.com.tr\/wp-content\/uploads\/2022\/08\/masumiyet-muzesi-500x333.jpg 500w, https:\/\/julesverne.com.tr\/wp-content\/uploads\/2022\/08\/masumiyet-muzesi-768x512.jpg 768w\" alt=\"\" width=\"1200\" height=\"800\" \/><\/p>\n<h2><strong>Masumiyet M\u00fczesi, \u0130stanbul<\/strong><\/h2>\n<p>Nobel \u00f6d\u00fcll\u00fc yazar Orhan Pamuk\u2019un imzas\u0131n\u0131 ta\u015f\u0131yan ayn\u0131 isimli romandan uyarlanarak haz\u0131rlanan\u00a0<strong>Masumiyet M\u00fczesi<\/strong>; 2013 y\u0131l\u0131nda Avrupa M\u00fcze Forumu taraf\u0131ndan verilen Y\u0131l\u0131n M\u00fczesi \u00d6d\u00fcl\u00fc\u2019ne lay\u0131k g\u00f6r\u00fcld\u00fc. \u0130stanbul\u2019un 1950 ve 2000\u2019li y\u0131llardaki halini g\u00f6zler \u00f6n\u00fcne seren m\u00fcze; kahramanlar\u0131n kulland\u0131\u011f\u0131 e\u015fyalar, giydikleri k\u0131yafetler ve romandaki hikayeye uygun mekanlar\u0131 i\u00e7eriyor. Adeta bir zaman yolculu\u011funa \u00e7\u0131kman\u0131z\u0131 sa\u011flayan m\u00fcze; roman kahramanlar\u0131n\u0131n hayal ettikleri her \u015feyi \u00f6zel kutular ve vitrinler i\u00e7erisinde ziyaret\u00e7ileriyle bulu\u015fturuyor.<\/p>\n<p><img loading=\"lazy\" decoding=\"async\" class=\"alignnone size-full wp-image-12375\" src=\"https:\/\/julesverne.com.tr\/wp-content\/uploads\/2022\/02\/odunpazari-modern-muzesi.jpg\" sizes=\"(max-width: 1200px) 100vw, 1200px\" srcset=\"https:\/\/julesverne.com.tr\/wp-content\/uploads\/2022\/02\/odunpazari-modern-muzesi.jpg 1200w, https:\/\/julesverne.com.tr\/wp-content\/uploads\/2022\/02\/odunpazari-modern-muzesi-500x333.jpg 500w, https:\/\/julesverne.com.tr\/wp-content\/uploads\/2022\/02\/odunpazari-modern-muzesi-768x512.jpg 768w\" alt=\"\" width=\"1200\" height=\"800\" \/><\/p>\n<h2><strong>Odunpazar\u0131 Modern M\u00fcze, Eski\u015fehir<\/strong><\/h2>\n<p><strong>Odunpazar\u0131 Modern M\u00fczesi<\/strong>, T\u00fcrkiye\u2019den ve d\u00fcnyadan modern ve \u00e7a\u011fda\u015f sanat eserlerinin sergilendi\u011fi bir bulu\u015fma noktas\u0131. Osmanl\u0131 kubbe mimarisi, geleneksel Japon mimarisi ve Odunpazar\u0131 sivil mimarisinden esinlenilerek \u00fcnl\u00fc Japon mimarl\u0131k ofisi Kengo Kuma and associates taraf\u0131ndan tasarlanan m\u00fcze; Erol Tabanca\u2019n\u0131n T\u00fcrk modern sanat\u0131 koleksiyonuna da ev sahipli\u011fi yapmakta.<\/p>\n<p><img loading=\"lazy\" decoding=\"async\" class=\"alignnone size-full wp-image-13944\" src=\"https:\/\/julesverne.com.tr\/wp-content\/uploads\/2022\/08\/troya-muzesi-1.jpg\" sizes=\"(max-width: 1200px) 100vw, 1200px\" srcset=\"https:\/\/julesverne.com.tr\/wp-content\/uploads\/2022\/08\/troya-muzesi-1.jpg 1200w, https:\/\/julesverne.com.tr\/wp-content\/uploads\/2022\/08\/troya-muzesi-1-500x333.jpg 500w, https:\/\/julesverne.com.tr\/wp-content\/uploads\/2022\/08\/troya-muzesi-1-768x512.jpg 768w\" alt=\"\" width=\"1200\" height=\"800\" \/><\/p>\n<h2><strong>Troya M\u00fczesi, \u00c7anakkale<\/strong><\/h2>\n<p>\u00c7anakkale\u2019nin merkezine yakla\u015f\u0131k 30 kilometre mesafede bulunan\u00a0<strong>Troya M\u00fczesi<\/strong>, tarihin \u00f6nemli bir d\u00f6nemine katk\u0131s\u0131 bulunan Troya Antik Kenti\u2019ndeki kaz\u0131 sonucunda ula\u015f\u0131lan tarihe \u0131\u015f\u0131k tutan bir\u00e7ok eseriyle heyecan verici \u00f6rneklerden. \u00dc\u00e7 kattan olu\u015fan m\u00fczenin her kat\u0131 ayr\u0131 bir hikayeyi yans\u0131tmakta. Avrupa M\u00fcze Forumu \u2013 EMF taraf\u0131ndan verilen ve en sayg\u0131n m\u00fczecilik \u00f6d\u00fclleri aras\u0131nda yer alan Avrupa Y\u0131l\u0131n M\u00fczesi \u00d6zel \u00d6d\u00fcl\u00fc\u2019n\u00fcn de sahibi olan m\u00fcze; a\u00e7\u0131k ve kapal\u0131 alanlar\u0131 dahil olmak \u00fczere toplamda 12.712 metrekareden olu\u015fuyor.<\/p>\n<p><img loading=\"lazy\" decoding=\"async\" class=\"alignnone size-full wp-image-10028\" src=\"https:\/\/julesverne.com.tr\/wp-content\/uploads\/2021\/08\/Zeugma-Mozaik-Muzesi.jpg\" sizes=\"(max-width: 1200px) 100vw, 1200px\" srcset=\"https:\/\/julesverne.com.tr\/wp-content\/uploads\/2021\/08\/Zeugma-Mozaik-Muzesi.jpg 1200w, https:\/\/julesverne.com.tr\/wp-content\/uploads\/2021\/08\/Zeugma-Mozaik-Muzesi-500x333.jpg 500w, https:\/\/julesverne.com.tr\/wp-content\/uploads\/2021\/08\/Zeugma-Mozaik-Muzesi-768x512.jpg 768w\" alt=\"\" width=\"1200\" height=\"800\" \/><\/p>\n<h2><strong>Zeugma Mozaik M\u00fczesi, Gaziantep<\/strong><\/h2>\n<p>Yaln\u0131zca sanat tarih\u00e7ilerinin ve arkeologlar\u0131n de\u011fil ge\u00e7mi\u015fe ilgi duyan herkesin g\u00f6rmesi gereken en \u00f6nemli m\u00fczelerden biri olan\u00a0<strong>Zeugma Mozaik M\u00fczesi<\/strong>, \u015fehri ziyaret etmek i\u00e7in ba\u015fl\u0131ba\u015f\u0131na bir sebep say\u0131labilecek kadar dolu bir i\u00e7eri\u011fe sahip. D\u00fcnyan\u0131n en b\u00fcy\u00fck mozaik m\u00fczelerinden biri olmas\u0131 ile \u00f6ne \u00e7\u0131kan Zeugma M\u00fczesi, 2012 y\u0131l\u0131nda Cumhurba\u015fkanl\u0131\u011f\u0131 K\u00fclt\u00fcr ve Sanat B\u00fcy\u00fck \u00d6d\u00fcl\u00fc\u2019ne lay\u0131k g\u00f6r\u00fcld\u00fc.<\/p>\n<p style=\"text-align: center;\"><strong>Size \u00f6zel seyahat program\u0131 ve rezervasyon i\u00e7in:<br \/>\n<a href=\"mailto:travel@julesverne.com.tr\">travel@julesverne.com.tr<\/a><\/strong><\/p>\n<p><\/p>","protected":false},"excerpt":{"rendered":"<p>Tarih boyunca d\u00fcnyan\u0131n k\u00f6kl\u00fc medeniyetlerine ev sahipli\u011fi yapan T\u00fcrkiye, birbirinden de\u011ferli eserlerin ve kal\u0131nt\u0131lar\u0131n sergilendi\u011fi g\u00f6rkemli m\u00fczeleriyle g\u00f6z kama\u015ft\u0131r\u0131yor. \u0130\u00e7inde dola\u015f\u0131rken binlerce y\u0131l geriye uzanan b\u00fcy\u00fcl\u00fc bir yolculu\u011fa \u00e7\u0131km\u0131\u015f hissi uyand\u0131ran bu m\u00fczelerde yaln\u0131zca k\u00fclt\u00fcrel, tarihi ve sanatsal eserleri de\u011fil; \u00fcnl\u00fc sanat\u00e7\u0131lar ve fikir insanlar\u0131 gibi \u00f6nemli isimlerin an\u0131lar\u0131n\u0131 ve eserlerini de ke\u015ffedebilirsiniz. \u0130\u015fte T\u00fcrkiye\u2019de [&hellip;]<\/p>\n","protected":false},"author":10,"featured_media":7436,"comment_status":"closed","ping_status":"closed","sticky":false,"template":"","format":"standard","meta":{"inline_featured_image":false,"footnotes":""},"categories":[38,1,39],"tags":[137,271],"acf":[],"yoast_head":"<!-- This site is optimized with the Yoast SEO plugin v22.3 - https:\/\/yoast.com\/wordpress\/plugins\/seo\/ -->\n<title>T\u00fcrkiye\u2019de Mutlaka Gezilmesi Gereken \u00d6d\u00fcll\u00fc M\u00fczeler - JULES VERNE BUSINESS MICE TRAVEL<\/title>\n<meta name=\"robots\" content=\"index, follow, max-snippet:-1, max-image-preview:large, max-video-preview:-1\" \/>\n<link rel=\"canonical\" href=\"https:\/\/julesverne.com.tr\/travel-blog\/turkiyede-mutlaka-gezilmesi-gereken-odullu-muzeler\/\" \/>\n<meta property=\"og:locale\" content=\"en_US\" \/>\n<meta property=\"og:type\" content=\"article\" \/>\n<meta property=\"og:title\" content=\"T\u00fcrkiye\u2019de Mutlaka Gezilmesi Gereken \u00d6d\u00fcll\u00fc M\u00fczeler - JULES VERNE BUSINESS MICE TRAVEL\" \/>\n<meta property=\"og:description\" content=\"Tarih boyunca d\u00fcnyan\u0131n k\u00f6kl\u00fc medeniyetlerine ev sahipli\u011fi yapan T\u00fcrkiye, birbirinden de\u011ferli eserlerin ve kal\u0131nt\u0131lar\u0131n sergilendi\u011fi g\u00f6rkemli m\u00fczeleriyle g\u00f6z kama\u015ft\u0131r\u0131yor. \u0130\u00e7inde dola\u015f\u0131rken binlerce y\u0131l geriye uzanan b\u00fcy\u00fcl\u00fc bir yolculu\u011fa \u00e7\u0131km\u0131\u015f hissi uyand\u0131ran bu m\u00fczelerde yaln\u0131zca k\u00fclt\u00fcrel, tarihi ve sanatsal eserleri de\u011fil; \u00fcnl\u00fc sanat\u00e7\u0131lar ve fikir insanlar\u0131 gibi \u00f6nemli isimlerin an\u0131lar\u0131n\u0131 ve eserlerini de ke\u015ffedebilirsiniz. \u0130\u015fte T\u00fcrkiye\u2019de [&hellip;]\" \/>\n<meta property=\"og:url\" content=\"https:\/\/julesverne.com.tr\/travel-blog\/turkiyede-mutlaka-gezilmesi-gereken-odullu-muzeler\/\" \/>\n<meta property=\"og:site_name\" content=\"JULES VERNE BUSINESS MICE TRAVEL\" \/>\n<meta property=\"article:publisher\" content=\"https:\/\/www.facebook.com\/JulesVerneBusinessMiceTravel\/\" \/>\n<meta property=\"article:published_time\" content=\"2022-12-13T06:46:15+00:00\" \/>\n<meta property=\"article:modified_time\" content=\"2022-12-13T06:56:58+00:00\" \/>\n<meta property=\"og:image\" content=\"https:\/\/julesverne.com.tr\/wp-content\/uploads\/2020\/11\/1594905058-1546420358-baksi.jpg\" \/>\n\t<meta property=\"og:image:width\" content=\"1348\" \/>\n\t<meta property=\"og:image:height\" content=\"899\" \/>\n\t<meta property=\"og:image:type\" content=\"image\/jpeg\" \/>\n<meta name=\"author\" content=\"Ebru Alt\u0131n\" \/>\n<meta name=\"twitter:card\" content=\"summary_large_image\" \/>\n<meta name=\"twitter:creator\" content=\"@JV_BusinessMice\" \/>\n<meta name=\"twitter:site\" content=\"@JV_BusinessMice\" \/>\n<meta name=\"twitter:label1\" content=\"Written by\" \/>\n\t<meta name=\"twitter:data1\" content=\"Ebru Alt\u0131n\" \/>\n\t<meta name=\"twitter:label2\" content=\"Est. reading time\" \/>\n\t<meta name=\"twitter:data2\" content=\"9 minutes\" \/>\n<script type=\"application\/ld+json\" class=\"yoast-schema-graph\">{\"@context\":\"https:\/\/schema.org\",\"@graph\":[{\"@type\":\"Article\",\"@id\":\"https:\/\/julesverne.com.tr\/travel-blog\/turkiyede-mutlaka-gezilmesi-gereken-odullu-muzeler\/#article\",\"isPartOf\":{\"@id\":\"https:\/\/julesverne.com.tr\/travel-blog\/turkiyede-mutlaka-gezilmesi-gereken-odullu-muzeler\/\"},\"author\":{\"name\":\"Ebru Alt\u0131n\",\"@id\":\"https:\/\/julesverne.com.tr\/#\/schema\/person\/219931edfe2e7d9cbbcbabb8a7e4c7f4\"},\"headline\":\"T\u00fcrkiye\u2019de Mutlaka Gezilmesi Gereken \u00d6d\u00fcll\u00fc M\u00fczeler\",\"datePublished\":\"2022-12-13T06:46:15+00:00\",\"dateModified\":\"2022-12-13T06:56:58+00:00\",\"mainEntityOfPage\":{\"@id\":\"https:\/\/julesverne.com.tr\/travel-blog\/turkiyede-mutlaka-gezilmesi-gereken-odullu-muzeler\/\"},\"wordCount\":2652,\"publisher\":{\"@id\":\"https:\/\/julesverne.com.tr\/#organization\"},\"image\":{\"@id\":\"https:\/\/julesverne.com.tr\/travel-blog\/turkiyede-mutlaka-gezilmesi-gereken-odullu-muzeler\/#primaryimage\"},\"thumbnailUrl\":\"https:\/\/julesverne.com.tr\/wp-content\/uploads\/2020\/11\/1594905058-1546420358-baksi.jpg\",\"keywords\":[\"Blog\",\"T\u00fcrkiye'deki \u00d6d\u00fcll\u00fc M\u00fczeler\"],\"articleSection\":[\"\u0130lham Veren Destinasyonlar\",\"Blog\",\"Nereye Gitsek?\"],\"inLanguage\":\"en-US\"},{\"@type\":\"WebPage\",\"@id\":\"https:\/\/julesverne.com.tr\/travel-blog\/turkiyede-mutlaka-gezilmesi-gereken-odullu-muzeler\/\",\"url\":\"https:\/\/julesverne.com.tr\/travel-blog\/turkiyede-mutlaka-gezilmesi-gereken-odullu-muzeler\/\",\"name\":\"T\u00fcrkiye\u2019de Mutlaka Gezilmesi Gereken \u00d6d\u00fcll\u00fc M\u00fczeler - JULES VERNE BUSINESS MICE TRAVEL\",\"isPartOf\":{\"@id\":\"https:\/\/julesverne.com.tr\/#website\"},\"primaryImageOfPage\":{\"@id\":\"https:\/\/julesverne.com.tr\/travel-blog\/turkiyede-mutlaka-gezilmesi-gereken-odullu-muzeler\/#primaryimage\"},\"image\":{\"@id\":\"https:\/\/julesverne.com.tr\/travel-blog\/turkiyede-mutlaka-gezilmesi-gereken-odullu-muzeler\/#primaryimage\"},\"thumbnailUrl\":\"https:\/\/julesverne.com.tr\/wp-content\/uploads\/2020\/11\/1594905058-1546420358-baksi.jpg\",\"datePublished\":\"2022-12-13T06:46:15+00:00\",\"dateModified\":\"2022-12-13T06:56:58+00:00\",\"breadcrumb\":{\"@id\":\"https:\/\/julesverne.com.tr\/travel-blog\/turkiyede-mutlaka-gezilmesi-gereken-odullu-muzeler\/#breadcrumb\"},\"inLanguage\":\"en-US\",\"potentialAction\":[{\"@type\":\"ReadAction\",\"target\":[\"https:\/\/julesverne.com.tr\/travel-blog\/turkiyede-mutlaka-gezilmesi-gereken-odullu-muzeler\/\"]}]},{\"@type\":\"ImageObject\",\"inLanguage\":\"en-US\",\"@id\":\"https:\/\/julesverne.com.tr\/travel-blog\/turkiyede-mutlaka-gezilmesi-gereken-odullu-muzeler\/#primaryimage\",\"url\":\"https:\/\/julesverne.com.tr\/wp-content\/uploads\/2020\/11\/1594905058-1546420358-baksi.jpg\",\"contentUrl\":\"https:\/\/julesverne.com.tr\/wp-content\/uploads\/2020\/11\/1594905058-1546420358-baksi.jpg\",\"width\":1348,\"height\":899},{\"@type\":\"BreadcrumbList\",\"@id\":\"https:\/\/julesverne.com.tr\/travel-blog\/turkiyede-mutlaka-gezilmesi-gereken-odullu-muzeler\/#breadcrumb\",\"itemListElement\":[{\"@type\":\"ListItem\",\"position\":1,\"name\":\"Anasayfa\",\"item\":\"https:\/\/julesverne.com.tr\/\"},{\"@type\":\"ListItem\",\"position\":2,\"name\":\"T\u00fcrkiye\u2019de Mutlaka Gezilmesi Gereken \u00d6d\u00fcll\u00fc M\u00fczeler\"}]},{\"@type\":\"WebSite\",\"@id\":\"https:\/\/julesverne.com.tr\/#website\",\"url\":\"https:\/\/julesverne.com.tr\/\",\"name\":\"JULES VERNE BUSINESS MICE TRAVEL\",\"description\":\"\",\"publisher\":{\"@id\":\"https:\/\/julesverne.com.tr\/#organization\"},\"potentialAction\":[{\"@type\":\"SearchAction\",\"target\":{\"@type\":\"EntryPoint\",\"urlTemplate\":\"https:\/\/julesverne.com.tr\/?s={search_term_string}\"},\"query-input\":\"required name=search_term_string\"}],\"inLanguage\":\"en-US\"},{\"@type\":\"Organization\",\"@id\":\"https:\/\/julesverne.com.tr\/#organization\",\"name\":\"JULES VERNE BUSINESS MICE TRAVEL\",\"url\":\"https:\/\/julesverne.com.tr\/\",\"logo\":{\"@type\":\"ImageObject\",\"inLanguage\":\"en-US\",\"@id\":\"https:\/\/julesverne.com.tr\/#\/schema\/logo\/image\/\",\"url\":\"https:\/\/julesverne.com.tr\/wp-content\/uploads\/2020\/09\/jv-bmt-logo.png\",\"contentUrl\":\"https:\/\/julesverne.com.tr\/wp-content\/uploads\/2020\/09\/jv-bmt-logo.png\",\"width\":110,\"height\":81,\"caption\":\"JULES VERNE BUSINESS MICE TRAVEL\"},\"image\":{\"@id\":\"https:\/\/julesverne.com.tr\/#\/schema\/logo\/image\/\"},\"sameAs\":[\"https:\/\/www.facebook.com\/JulesVerneBusinessMiceTravel\/\",\"https:\/\/twitter.com\/JV_BusinessMice\",\"https:\/\/www.instagram.com\/julesvernebusinessmicetravel\/\",\"https:\/\/www.linkedin.com\/company\/julesvernebusinessmicetravel\/\",\"https:\/\/www.youtube.com\/channel\/UCAwdsmbZ6tFhu1tea6pkpiw\"]},{\"@type\":\"Person\",\"@id\":\"https:\/\/julesverne.com.tr\/#\/schema\/person\/219931edfe2e7d9cbbcbabb8a7e4c7f4\",\"name\":\"Ebru Alt\u0131n\",\"url\":\"https:\/\/julesverne.com.tr\/en\/author\/ebru-altin\/\"}]}<\/script>\n<!-- \/ Yoast SEO plugin. -->","yoast_head_json":{"title":"T\u00fcrkiye\u2019de Mutlaka Gezilmesi Gereken \u00d6d\u00fcll\u00fc M\u00fczeler - JULES VERNE BUSINESS MICE TRAVEL","robots":{"index":"index","follow":"follow","max-snippet":"max-snippet:-1","max-image-preview":"max-image-preview:large","max-video-preview":"max-video-preview:-1"},"canonical":"https:\/\/julesverne.com.tr\/travel-blog\/turkiyede-mutlaka-gezilmesi-gereken-odullu-muzeler\/","og_locale":"en_US","og_type":"article","og_title":"T\u00fcrkiye\u2019de Mutlaka Gezilmesi Gereken \u00d6d\u00fcll\u00fc M\u00fczeler - JULES VERNE BUSINESS MICE TRAVEL","og_description":"Tarih boyunca d\u00fcnyan\u0131n k\u00f6kl\u00fc medeniyetlerine ev sahipli\u011fi yapan T\u00fcrkiye, birbirinden de\u011ferli eserlerin ve kal\u0131nt\u0131lar\u0131n sergilendi\u011fi g\u00f6rkemli m\u00fczeleriyle g\u00f6z kama\u015ft\u0131r\u0131yor. \u0130\u00e7inde dola\u015f\u0131rken binlerce y\u0131l geriye uzanan b\u00fcy\u00fcl\u00fc bir yolculu\u011fa \u00e7\u0131km\u0131\u015f hissi uyand\u0131ran bu m\u00fczelerde yaln\u0131zca k\u00fclt\u00fcrel, tarihi ve sanatsal eserleri de\u011fil; \u00fcnl\u00fc sanat\u00e7\u0131lar ve fikir insanlar\u0131 gibi \u00f6nemli isimlerin an\u0131lar\u0131n\u0131 ve eserlerini de ke\u015ffedebilirsiniz. \u0130\u015fte T\u00fcrkiye\u2019de [&hellip;]","og_url":"https:\/\/julesverne.com.tr\/travel-blog\/turkiyede-mutlaka-gezilmesi-gereken-odullu-muzeler\/","og_site_name":"JULES VERNE BUSINESS MICE TRAVEL","article_publisher":"https:\/\/www.facebook.com\/JulesVerneBusinessMiceTravel\/","article_published_time":"2022-12-13T06:46:15+00:00","article_modified_time":"2022-12-13T06:56:58+00:00","og_image":[{"width":1348,"height":899,"url":"https:\/\/julesverne.com.tr\/wp-content\/uploads\/2020\/11\/1594905058-1546420358-baksi.jpg","type":"image\/jpeg"}],"author":"Ebru Alt\u0131n","twitter_card":"summary_large_image","twitter_creator":"@JV_BusinessMice","twitter_site":"@JV_BusinessMice","twitter_misc":{"Written by":"Ebru Alt\u0131n","Est. reading time":"9 minutes"},"schema":{"@context":"https:\/\/schema.org","@graph":[{"@type":"Article","@id":"https:\/\/julesverne.com.tr\/travel-blog\/turkiyede-mutlaka-gezilmesi-gereken-odullu-muzeler\/#article","isPartOf":{"@id":"https:\/\/julesverne.com.tr\/travel-blog\/turkiyede-mutlaka-gezilmesi-gereken-odullu-muzeler\/"},"author":{"name":"Ebru Alt\u0131n","@id":"https:\/\/julesverne.com.tr\/#\/schema\/person\/219931edfe2e7d9cbbcbabb8a7e4c7f4"},"headline":"T\u00fcrkiye\u2019de Mutlaka Gezilmesi Gereken \u00d6d\u00fcll\u00fc M\u00fczeler","datePublished":"2022-12-13T06:46:15+00:00","dateModified":"2022-12-13T06:56:58+00:00","mainEntityOfPage":{"@id":"https:\/\/julesverne.com.tr\/travel-blog\/turkiyede-mutlaka-gezilmesi-gereken-odullu-muzeler\/"},"wordCount":2652,"publisher":{"@id":"https:\/\/julesverne.com.tr\/#organization"},"image":{"@id":"https:\/\/julesverne.com.tr\/travel-blog\/turkiyede-mutlaka-gezilmesi-gereken-odullu-muzeler\/#primaryimage"},"thumbnailUrl":"https:\/\/julesverne.com.tr\/wp-content\/uploads\/2020\/11\/1594905058-1546420358-baksi.jpg","keywords":["Blog","T\u00fcrkiye'deki \u00d6d\u00fcll\u00fc M\u00fczeler"],"articleSection":["\u0130lham Veren Destinasyonlar","Blog","Nereye Gitsek?"],"inLanguage":"en-US"},{"@type":"WebPage","@id":"https:\/\/julesverne.com.tr\/travel-blog\/turkiyede-mutlaka-gezilmesi-gereken-odullu-muzeler\/","url":"https:\/\/julesverne.com.tr\/travel-blog\/turkiyede-mutlaka-gezilmesi-gereken-odullu-muzeler\/","name":"T\u00fcrkiye\u2019de Mutlaka Gezilmesi Gereken \u00d6d\u00fcll\u00fc M\u00fczeler - JULES VERNE BUSINESS MICE TRAVEL","isPartOf":{"@id":"https:\/\/julesverne.com.tr\/#website"},"primaryImageOfPage":{"@id":"https:\/\/julesverne.com.tr\/travel-blog\/turkiyede-mutlaka-gezilmesi-gereken-odullu-muzeler\/#primaryimage"},"image":{"@id":"https:\/\/julesverne.com.tr\/travel-blog\/turkiyede-mutlaka-gezilmesi-gereken-odullu-muzeler\/#primaryimage"},"thumbnailUrl":"https:\/\/julesverne.com.tr\/wp-content\/uploads\/2020\/11\/1594905058-1546420358-baksi.jpg","datePublished":"2022-12-13T06:46:15+00:00","dateModified":"2022-12-13T06:56:58+00:00","breadcrumb":{"@id":"https:\/\/julesverne.com.tr\/travel-blog\/turkiyede-mutlaka-gezilmesi-gereken-odullu-muzeler\/#breadcrumb"},"inLanguage":"en-US","potentialAction":[{"@type":"ReadAction","target":["https:\/\/julesverne.com.tr\/travel-blog\/turkiyede-mutlaka-gezilmesi-gereken-odullu-muzeler\/"]}]},{"@type":"ImageObject","inLanguage":"en-US","@id":"https:\/\/julesverne.com.tr\/travel-blog\/turkiyede-mutlaka-gezilmesi-gereken-odullu-muzeler\/#primaryimage","url":"https:\/\/julesverne.com.tr\/wp-content\/uploads\/2020\/11\/1594905058-1546420358-baksi.jpg","contentUrl":"https:\/\/julesverne.com.tr\/wp-content\/uploads\/2020\/11\/1594905058-1546420358-baksi.jpg","width":1348,"height":899},{"@type":"BreadcrumbList","@id":"https:\/\/julesverne.com.tr\/travel-blog\/turkiyede-mutlaka-gezilmesi-gereken-odullu-muzeler\/#breadcrumb","itemListElement":[{"@type":"ListItem","position":1,"name":"Anasayfa","item":"https:\/\/julesverne.com.tr\/"},{"@type":"ListItem","position":2,"name":"T\u00fcrkiye\u2019de Mutlaka Gezilmesi Gereken \u00d6d\u00fcll\u00fc M\u00fczeler"}]},{"@type":"WebSite","@id":"https:\/\/julesverne.com.tr\/#website","url":"https:\/\/julesverne.com.tr\/","name":"JULES VERNE BUSINESS MICE TRAVEL","description":"","publisher":{"@id":"https:\/\/julesverne.com.tr\/#organization"},"potentialAction":[{"@type":"SearchAction","target":{"@type":"EntryPoint","urlTemplate":"https:\/\/julesverne.com.tr\/?s={search_term_string}"},"query-input":"required name=search_term_string"}],"inLanguage":"en-US"},{"@type":"Organization","@id":"https:\/\/julesverne.com.tr\/#organization","name":"JULES VERNE BUSINESS MICE TRAVEL","url":"https:\/\/julesverne.com.tr\/","logo":{"@type":"ImageObject","inLanguage":"en-US","@id":"https:\/\/julesverne.com.tr\/#\/schema\/logo\/image\/","url":"https:\/\/julesverne.com.tr\/wp-content\/uploads\/2020\/09\/jv-bmt-logo.png","contentUrl":"https:\/\/julesverne.com.tr\/wp-content\/uploads\/2020\/09\/jv-bmt-logo.png","width":110,"height":81,"caption":"JULES VERNE BUSINESS MICE TRAVEL"},"image":{"@id":"https:\/\/julesverne.com.tr\/#\/schema\/logo\/image\/"},"sameAs":["https:\/\/www.facebook.com\/JulesVerneBusinessMiceTravel\/","https:\/\/twitter.com\/JV_BusinessMice","https:\/\/www.instagram.com\/julesvernebusinessmicetravel\/","https:\/\/www.linkedin.com\/company\/julesvernebusinessmicetravel\/","https:\/\/www.youtube.com\/channel\/UCAwdsmbZ6tFhu1tea6pkpiw"]},{"@type":"Person","@id":"https:\/\/julesverne.com.tr\/#\/schema\/person\/219931edfe2e7d9cbbcbabb8a7e4c7f4","name":"Ebru Alt\u0131n","url":"https:\/\/julesverne.com.tr\/en\/author\/ebru-altin\/"}]}},"_links":{"self":[{"href":"https:\/\/julesverne.com.tr\/en\/wp-json\/wp\/v2\/posts\/13929"}],"collection":[{"href":"https:\/\/julesverne.com.tr\/en\/wp-json\/wp\/v2\/posts"}],"about":[{"href":"https:\/\/julesverne.com.tr\/en\/wp-json\/wp\/v2\/types\/post"}],"author":[{"embeddable":true,"href":"https:\/\/julesverne.com.tr\/en\/wp-json\/wp\/v2\/users\/10"}],"replies":[{"embeddable":true,"href":"https:\/\/julesverne.com.tr\/en\/wp-json\/wp\/v2\/comments?post=13929"}],"version-history":[{"count":6,"href":"https:\/\/julesverne.com.tr\/en\/wp-json\/wp\/v2\/posts\/13929\/revisions"}],"predecessor-version":[{"id":14618,"href":"https:\/\/julesverne.com.tr\/en\/wp-json\/wp\/v2\/posts\/13929\/revisions\/14618"}],"wp:featuredmedia":[{"embeddable":true,"href":"https:\/\/julesverne.com.tr\/en\/wp-json\/wp\/v2\/media\/7436"}],"wp:attachment":[{"href":"https:\/\/julesverne.com.tr\/en\/wp-json\/wp\/v2\/media?parent=13929"}],"wp:term":[{"taxonomy":"category","embeddable":true,"href":"https:\/\/julesverne.com.tr\/en\/wp-json\/wp\/v2\/categories?post=13929"},{"taxonomy":"post_tag","embeddable":true,"href":"https:\/\/julesverne.com.tr\/en\/wp-json\/wp\/v2\/tags?post=13929"}],"curies":[{"name":"wp","href":"https:\/\/api.w.org\/{rel}","templated":true}]}}