{"id":13896,"date":"2022-11-07T14:23:59","date_gmt":"2022-11-07T11:23:59","guid":{"rendered":"https:\/\/julesverne.com.tr\/?p=13896"},"modified":"2022-11-08T12:44:50","modified_gmt":"2022-11-08T09:44:50","slug":"turkiyede-hangi-mevsimde-nereye-gidilir","status":"publish","type":"post","link":"https:\/\/julesverne.com.tr\/en\/travel-blog\/turkiyede-hangi-mevsimde-nereye-gidilir\/","title":{"rendered":"T\u00fcrkiye\u2019de Hangi Mevsimde Nereye Gidilir?"},"content":{"rendered":"<p><img loading=\"lazy\" decoding=\"async\" class=\"alignnone wp-image-13926\" src=\"https:\/\/julesverne.com.tr\/wp-content\/uploads\/2022\/08\/123082416_m-500x333.jpg\" sizes=\"(max-width: 1200px) 100vw, 1200px\" srcset=\"https:\/\/julesverne.com.tr\/wp-content\/uploads\/2022\/08\/123082416_m-500x333.jpg 500w, https:\/\/julesverne.com.tr\/wp-content\/uploads\/2022\/08\/123082416_m-1280x853.jpg 1280w, https:\/\/julesverne.com.tr\/wp-content\/uploads\/2022\/08\/123082416_m-768x512.jpg 768w, https:\/\/julesverne.com.tr\/wp-content\/uploads\/2022\/08\/123082416_m-1536x1024.jpg 1536w, https:\/\/julesverne.com.tr\/wp-content\/uploads\/2022\/08\/123082416_m-2048x1365.jpg 2048w, https:\/\/julesverne.com.tr\/wp-content\/uploads\/2022\/08\/123082416_m-scaled.jpg 1600w\" alt=\"\" width=\"1200\" height=\"800\" \/><\/p>\n<p>Do\u011fusundan bat\u0131s\u0131na kadar her bir k\u00f6\u015fesi ile bamba\u015fka g\u00fczelliklere sahip olan \u00fclkemiz ku\u015fkusuz d\u00f6rt mevsimin en g\u00fczel ya\u015fand\u0131\u011f\u0131 yerlerden. Adeta cennetten bir k\u00f6\u015fe dedirten bu yerler sadece yaz aylar\u0131nda de\u011fil, k\u0131\u015f ve bahar aylar\u0131nda da olduk\u00e7a keyifli. Onlarca se\u00e7enek aras\u0131ndan nereye gidece\u011finize karar vermekte zorlan\u0131yorsan\u0131z haydi gelin\u00a0<strong>\u201cT\u00fcrkiye\u2019de Hangi Mevsimde Nereye Gidilir?\u201d<\/strong>\u00a0sorusuna birlikte yan\u0131t arayal\u0131m.<\/p>\n<h1><strong>Yaz Mevsimi<\/strong><\/h1>\n<p><img loading=\"lazy\" decoding=\"async\" class=\"alignnone size-full wp-image-13899\" src=\"https:\/\/julesverne.com.tr\/wp-content\/uploads\/2022\/08\/yaz.jpg\" sizes=\"(max-width: 1200px) 100vw, 1200px\" srcset=\"https:\/\/julesverne.com.tr\/wp-content\/uploads\/2022\/08\/yaz.jpg 1200w, https:\/\/julesverne.com.tr\/wp-content\/uploads\/2022\/08\/yaz-500x333.jpg 500w, https:\/\/julesverne.com.tr\/wp-content\/uploads\/2022\/08\/yaz-768x512.jpg 768w\" alt=\"\" width=\"1200\" height=\"800\" \/><\/p>\n<p>Yaz aylar\u0131nda ilk akl\u0131m\u0131za gelen deniz, kum ve g\u00fcne\u015f tatili olsa da farkl\u0131 deneyimler ya\u015famak isteyenler i\u00e7in \u00fclkemizde gezecek \u00e7ok yer, ke\u015ffedecek \u00e7ok \u015fey var!\u00a0 Antalya, Ege ve Kuzey Ege<strong>\u2019<\/strong>nin g\u00f6zde tatil beldeleri d\u0131\u015f\u0131nda \u00f6zellikle\u00a0<strong>Orta ve Do\u011fu Karadeniz<\/strong>\u00a0yaz aylar\u0131nda bir ba\u015fka g\u00fczel oluyor.\u00a0Bulutlar\u0131n \u00fczerinde, sonsuz \u00f6zg\u00fcrl\u00fc\u011f\u00fc \u00e7a\u011fr\u0131\u015ft\u0131ran, kutu gibi g\u00f6r\u00fcnen evleriyle masals\u0131 yaylalarda y\u00fcr\u00fcy\u00fc\u015f yaparken; g\u00fcr\u00fcl g\u00fcr\u00fcl akan \u015felalelerin sesleri aras\u0131nda dinlenirken; ekme\u011fin, peynirin, bal\u0131n en do\u011fal\u0131n\u0131 sofran\u0131zda bulurken bir kez daha bu \u00fclkenin hazinelerine hayran kalacaks\u0131n\u0131z. Ilgaz Da\u011f\u0131 gibi do\u011fal g\u00fczellikleri, Pompeipolis Antik Kenti gibi tarihi yerle\u015fimleri ve m\u00fczeleri ile\u00a0<strong>Kastamonu<\/strong>; T\u00fcrkiye\u2019nin en kuzey ucu ve mutlu \u015fehri\u00a0<strong>Sinop<\/strong>; Do\u011fu Karadeniz\u2019in incileri\u00a0<strong>Artvin &amp; Trabzon<\/strong>\u00a0ve ye\u015filin her tonunu g\u00f6rebilece\u011finiz Karadeniz yaylalar\u0131 en keyifli rotalardan.<\/p>\n<p><img loading=\"lazy\" decoding=\"async\" class=\"alignnone wp-image-4477\" src=\"https:\/\/julesverne.com.tr\/wp-content\/uploads\/2020\/09\/van_akdamar_high-1-1-500x333.jpg\" sizes=\"(max-width: 1200px) 100vw, 1200px\" srcset=\"https:\/\/julesverne.com.tr\/wp-content\/uploads\/2020\/09\/van_akdamar_high-1-1-500x333.jpg 500w, https:\/\/julesverne.com.tr\/wp-content\/uploads\/2020\/09\/van_akdamar_high-1-1-768x511.jpg 768w, https:\/\/julesverne.com.tr\/wp-content\/uploads\/2020\/09\/van_akdamar_high-1-1.jpg 1000w\" alt=\"\" width=\"1200\" height=\"799\" \/><\/p>\n<p>Yaz aylar\u0131 binlerce y\u0131ll\u0131k tarih yolculu\u011funda onlarca devletin var olu\u015funa ve yerini daha g\u00fc\u00e7l\u00fc olana b\u0131rak\u0131\u015f\u0131na \u015fahit olan, g\u00fcne\u015fin topra\u011fa verdi\u011fi bereketle ve do\u011fas\u0131yla\u00a0<strong>Do\u011fu Anadolu<\/strong>\u2018yu ke\u015ffetmek i\u00e7in de en g\u00fczel zaman. Narman Peribacalar\u0131 ve G\u00f6kku\u015fa\u011f\u0131 Tepeleri gibi do\u011fal g\u00fczellikleri, Tepsi Minare ve Ta\u015f Cami gibi tarihi yerleriyle\u00a0<strong>Erzurum<\/strong>, \u201cDo\u011fu\u2019nun Paris\u2019i\u201d unvan\u0131n\u0131 hak edecek kadar zengin tarih\u00ee ve k\u00fclt\u00fcrel zenginliklerinin yan\u0131 s\u0131ra do\u011fal g\u00fczellikleriyle de dikkat \u00e7eken\u00a0<strong>Van<\/strong>, \u0130pek ve Kervan yollar\u0131 \u00fczerinde bulunan kendisine \u00f6zg\u00fc kent dokusu, mimarisi ve \u00f6zg\u00fcn evleri ile \u00f6ne \u00e7\u0131kan, Erzincan\u2019\u0131n incisi\u00a0<strong>Kemaliye,\u00a0<\/strong>\u00f6d\u00fcll\u00fc m\u00fczeleri ile g\u00fcndeme oturan\u00a0<strong>Bayburt<\/strong>\u00a0en keyifli rotalardan.<\/p>\n<p><img loading=\"lazy\" decoding=\"async\" class=\"alignnone wp-image-12718 size-full\" src=\"https:\/\/julesverne.com.tr\/wp-content\/uploads\/2022\/03\/kapadokya-1.jpg\" sizes=\"(max-width: 1200px) 100vw, 1200px\" srcset=\"https:\/\/julesverne.com.tr\/wp-content\/uploads\/2022\/03\/kapadokya-1.jpg 1200w, https:\/\/julesverne.com.tr\/wp-content\/uploads\/2022\/03\/kapadokya-1-500x333.jpg 500w, https:\/\/julesverne.com.tr\/wp-content\/uploads\/2022\/03\/kapadokya-1-768x512.jpg 768w\" alt=\"\" width=\"1200\" height=\"800\" \/><\/p>\n<p>Tarihe iz b\u0131rakan, on binlerce y\u0131ll\u0131k ge\u00e7mi\u015fi ile nice medeniyetlere ev sahipli\u011fi yapan, tarihin y\u00f6n\u00fcn\u00fc de\u011fi\u015ftiren\u00a0<strong>\u0130\u00e7 Anadolu<\/strong>\u2018da; Hitit \u0130mparatorlu\u011fu\u2019nun ba\u015fkenti, Anadolu\u2019nun en de\u011ferli, en \u00e7ok iz b\u0131rakan antik kenti\u00a0\u00a0<strong>Hattu\u015fa\u015f<\/strong>\u2019\u0131<strong>;\u00a0<\/strong>tarih ve k\u00fclt\u00fcr dolu modern sanat \u015fehri\u00a0\u00a0<strong>Eski\u015fehir<\/strong>\u2019i; b\u00fcy\u00fcleyici atmosferi, yer alt\u0131 \u015fehirleri, hayranl\u0131k uyand\u0131ran Peri Bacalar\u0131, a\u00e7\u0131k hava m\u00fczeleri, ma\u011fara otelleri, manzaralar\u0131, heyecan veren aktiviteleriyle<strong>\u00a0Kapadokya<\/strong>\u2019y\u0131; g\u00f6lleri, parklar\u0131 ve tarihi miras\u0131 ile ba\u015fkent\u00a0<strong>Ankara\u2019y\u0131<\/strong>\u00a0gezmenizi \u00f6neririz.<\/p>\n<h1><strong>Sonbahar Mevsimi<\/strong><\/h1>\n<p><img loading=\"lazy\" decoding=\"async\" class=\"alignnone size-full wp-image-13900\" src=\"https:\/\/julesverne.com.tr\/wp-content\/uploads\/2022\/08\/sonbahar.jpg\" sizes=\"(max-width: 1200px) 100vw, 1200px\" srcset=\"https:\/\/julesverne.com.tr\/wp-content\/uploads\/2022\/08\/sonbahar.jpg 1200w, https:\/\/julesverne.com.tr\/wp-content\/uploads\/2022\/08\/sonbahar-500x333.jpg 500w, https:\/\/julesverne.com.tr\/wp-content\/uploads\/2022\/08\/sonbahar-768x512.jpg 768w\" alt=\"\" width=\"1200\" height=\"800\" \/><\/p>\n<p>Serinleyen hava, etraf\u0131 saran do\u011fa renkleriyle sonbahar seyahat etmek i\u00e7in m\u00fckemmel bir zamanlama. Her k\u00f6\u015fesinde hayranl\u0131k uyand\u0131ran hikayelerin var oldu\u011fu\u00a0<strong>G\u00fcneydo\u011fu Anadolu B\u00f6lgesi<\/strong>\u2018ni ke\u015ffetmek i\u00e7in en ideal zamanlar sonbahar aylar\u0131. Tarih boyunca de\u011fi\u015fik uygarl\u0131klar\u0131n, k\u00fclt\u00fcrlerin ve inan\u00e7lar\u0131n harmanland\u0131\u011f\u0131 bir \u00e7ekim merkezi ve Anadolu\u2019nun ilk yerle\u015fim alanlar\u0131ndan birisi olan Lezzet \u015eehri\u00a0<strong>Gaziantep;\u00a0<\/strong>efsaneler \u015fehri\u00a0<strong>Urfa;\u00a0<\/strong>d\u00fcnyan\u0131n orijinal h\u00e2liyle g\u00fcn\u00fcm\u00fcze kalm\u0131\u015f en eski tap\u0131na\u011f\u0131 olan\u00a0<strong>G\u00f6beklitepe;\u00a0<\/strong>\u00a0G\u00fcneydo\u011fu Anadolu\u2019nun ilk sakin kasabas\u0131, sakl\u0131 cennet\u00a0<strong>Halfeti,\u00a0<\/strong>Mezopotamya\u2019n\u0131n en eski yerle\u015fim yerlerinden, tarihi ve estetik de\u011ferleriyle do\u011fudaki masals\u0131 \u015fehirlerden biri olan<strong>\u00a0Mardin\u00a0<\/strong>sonbaharda bir ba\u015fka g\u00fczel oluyor.<\/p>\n<p><img loading=\"lazy\" decoding=\"async\" class=\"alignnone wp-image-10179 size-full\" src=\"https:\/\/julesverne.com.tr\/wp-content\/uploads\/2021\/08\/turkiyenin-bag-rotalari.jpg\" sizes=\"(max-width: 1200px) 100vw, 1200px\" srcset=\"https:\/\/julesverne.com.tr\/wp-content\/uploads\/2021\/08\/turkiyenin-bag-rotalari.jpg 1200w, https:\/\/julesverne.com.tr\/wp-content\/uploads\/2021\/08\/turkiyenin-bag-rotalari-500x333.jpg 500w, https:\/\/julesverne.com.tr\/wp-content\/uploads\/2021\/08\/turkiyenin-bag-rotalari-768x512.jpg 768w\" alt=\"\" width=\"1200\" height=\"800\" \/><\/p>\n<p>Sonbahar mevsimiyle ba\u015flayan \u00fcz\u00fcm hasad\u0131na tan\u0131kl\u0131k etmek, yeti\u015fti\u011fi b\u00f6lgenin hikayeleriyle farkl\u0131 anlamlar kazanan \u015farab\u0131n yolculu\u011funu dinlemek, g\u00f6rmek ve ya\u015famak unutulmayacak bir deneyim.\u00a0T\u00fcrkiye; gerek toprak yap\u0131s\u0131 ve iklimi gerekse de \u015farap\u00e7\u0131l\u0131k ve ba\u011fc\u0131l\u0131k i\u00e7in sahip oldu\u011fu m\u00fckemmel ko\u015fullar sebebiyle Avrupa\u2019n\u0131n ve d\u00fcnyan\u0131n bir\u00e7ok \u00fclkesinde \u00fcretilen \u015faraplarla yar\u0131\u015fabilecek d\u00fczeyde \u015faraplar \u00fcretiyor.\u00a0<strong>Trakya Ba\u011f Rotas\u0131<\/strong>\u2019ndan<strong>\u00a0Urla Ba\u011f Rotas\u0131<\/strong>\u2019na<strong>; Bozcada Ba\u011f Rotas\u0131<\/strong>\u2019ndan\u00a0<strong>Kapadokya Ba\u011f Rotas\u0131<\/strong>\u2019na yerel tatlar e\u015fli\u011finde \u015farap tad\u0131m\u0131 yap\u0131p, ba\u011f bozumu geleneklerine \u015fahit olabilece\u011finiz T\u00fcrkiye\u2019nin en keyifli ba\u011f rotalar\u0131na\u00a0<strong><a href=\"https:\/\/julesverne.com.tr\/seyahat-blog\/turkiyenin-en-keyifli-bag-rotalari\/\">buradan<\/a><\/strong>; sonbahar mevsimiyle birlikte ba\u015flayan \u00fcz\u00fcm hasad\u0131na kat\u0131labilece\u011finiz\u00a0<strong>T\u00fcrkiye\u2019deki en keyifli ba\u011f otellerine<\/strong>\u00a0ise\u00a0<strong><a href=\"https:\/\/julesverne.com.tr\/seyahat-blog\/turkiyenin-en-keyifli-bag-otelleri\/\">buradan<\/a><\/strong>\u00a0ula\u015fabilirsiniz.<\/p>\n<p><img loading=\"lazy\" decoding=\"async\" class=\"alignnone wp-image-11034\" src=\"https:\/\/julesverne.com.tr\/wp-content\/uploads\/2021\/10\/igneada_longoz_sonbahar_shutterstock_1237110565-500x334.jpg\" sizes=\"(max-width: 1200px) 100vw, 1200px\" srcset=\"https:\/\/julesverne.com.tr\/wp-content\/uploads\/2021\/10\/igneada_longoz_sonbahar_shutterstock_1237110565-500x334.jpg 500w, https:\/\/julesverne.com.tr\/wp-content\/uploads\/2021\/10\/igneada_longoz_sonbahar_shutterstock_1237110565-768x512.jpg 768w, https:\/\/julesverne.com.tr\/wp-content\/uploads\/2021\/10\/igneada_longoz_sonbahar_shutterstock_1237110565.jpg 1000w\" alt=\"\" width=\"1200\" height=\"800\" \/><\/p>\n<p><strong>\u0130\u011fneada<\/strong>\u2019daki muhte\u015fem longoz ormanlar\u0131n\u0131n nam\u0131n\u0131 duyup hala gitmediyseniz sonbahar aylar\u0131 tam zaman\u0131! Marmara B\u00f6lgesi\u2019nin Balkanlar ve Karadeniz ile kesi\u015fti\u011fi o muhte\u015fem co\u011frafyan\u0131n incisi olan \u0130\u011fneada, Karadeniz k\u0131y\u0131s\u0131nda ye\u015fille mavinin adeta dans etti\u011fi; bol oksijenli bir kasaba. 8 bin 500 y\u0131ll\u0131k tarihi ge\u00e7mi\u015fiyle \u0130yon, Helen, Roma ve Bizans uygarl\u0131klar\u0131na ev sahipli\u011fi yapan\u00a0<strong>Bergama ve\u00a0<\/strong>T\u00fcrkiye\u2019nin 18 Cittaslow \u015fehrinden biri olan, do\u011fan\u0131n g\u00fczellikleri ile tarihin izlerinin bulu\u015ftu\u011fu\u00a0<strong>E\u011firdir<\/strong>\u00a0de sonbahar\u0131n en keyifli rotalar\u0131ndan.<\/p>\n<h1><strong>K\u0131\u015f Mevsimi<\/strong><\/h1>\n<p><img loading=\"lazy\" decoding=\"async\" class=\"alignnone size-full wp-image-13901\" src=\"https:\/\/julesverne.com.tr\/wp-content\/uploads\/2022\/08\/kis-mevsimi.jpg\" sizes=\"(max-width: 1200px) 100vw, 1200px\" srcset=\"https:\/\/julesverne.com.tr\/wp-content\/uploads\/2022\/08\/kis-mevsimi.jpg 1200w, https:\/\/julesverne.com.tr\/wp-content\/uploads\/2022\/08\/kis-mevsimi-500x333.jpg 500w, https:\/\/julesverne.com.tr\/wp-content\/uploads\/2022\/08\/kis-mevsimi-768x512.jpg 768w\" alt=\"\" width=\"1200\" height=\"800\" \/><\/p>\n<p>\u00dclkemiz k\u0131\u015f tatili a\u00e7\u0131s\u0131ndan da son derece elveri\u015fli lokasyonlara sahip.\u00a0<strong>Kayak tatili<\/strong>\u00a0yapmak isteyenler i\u00e7in Alpleri aratmayan kristal kar yap\u0131s\u0131 ile \u00fcnl\u00fc Sar\u0131kam\u0131\u015f\u2019tan Ilgaz\u2019a, Uluda\u011f\u2019dan Kartalkaya\u2019ya, Paland\u00f6ken\u2019den Kartepe\u2019ye, Davraz\u2019dan Erciyes\u2019e \u00fclkemizde \u00e7ok keyifli kayak merkezleri var. Ayr\u0131ca Osmanl\u0131, Ermeni ve Rus mimarilerini bir arada bulabilece\u011finiz ender \u015fehirlerden biri olan, ta\u015f i\u015f\u00e7ili\u011finin en iyi \u00f6rneklerini bar\u0131nd\u0131ran\u00a0<strong>Kars<\/strong>\u00a0karlarla kapl\u0131 bembeyaz d\u00fczl\u00fckleri, beyaza b\u00fcr\u00fcnm\u00fc\u015f \u00e7at\u0131lar\u0131 ile k\u0131\u015f aylar\u0131nda bir ba\u015fka g\u00fczel oluyor.<\/p>\n<p>B\u00fcy\u00fck\u015fehirlere yak\u0131n olmas\u0131ndan dolay\u0131 \u00f6zellikle k\u0131\u015f aylar\u0131nda hafta sonu ka\u00e7amaklar\u0131na ev sahipli\u011fi yapan Bat\u0131 Karadeniz\u2019in yemye\u015fil cenneti, Bolu\u2019nun g\u00f6zbebe\u011fi<strong>\u00a0Yedig\u00f6ller;\u00a0<\/strong><strong>\u00a0<\/strong>kartpostal tad\u0131nda muhte\u015fem manzaralara ev sahipli\u011fi yapan\u00a0<strong>Abant\u00a0<\/strong>ve\u00a0<strong>Sapanca\u00a0<\/strong>da k\u0131\u015f aylar\u0131n\u0131n keyifli rotalar\u0131ndan.<\/p>\n<p><img loading=\"lazy\" decoding=\"async\" class=\"alignnone wp-image-13058\" src=\"https:\/\/julesverne.com.tr\/wp-content\/uploads\/2022\/03\/mardin-3-500x326.jpg\" sizes=\"(max-width: 1200px) 100vw, 1200px\" srcset=\"https:\/\/julesverne.com.tr\/wp-content\/uploads\/2022\/03\/mardin-3-500x326.jpg 500w, https:\/\/julesverne.com.tr\/wp-content\/uploads\/2022\/03\/mardin-3-768x500.jpg 768w, https:\/\/julesverne.com.tr\/wp-content\/uploads\/2022\/03\/mardin-3.jpg 990w\" alt=\"\" width=\"1200\" height=\"782\" \/><\/p>\n<p>K\u0131\u015f aylar\u0131nda hava ko\u015fullar\u0131n\u0131n nispeten daha yumu\u015fak ge\u00e7ti\u011fi medeniyetler mozai\u011finin en g\u00fczel renklerini yans\u0131tan\u00a0<strong>Hatay;\u00a0<\/strong>u\u00e7suz bucaks\u0131z Mezopotamya topraklar\u0131n\u0131n farkl\u0131 k\u00fclt\u00fcrleriyle harmanlanm\u0131\u015f s\u00fcrpriz co\u011frafyas\u0131<strong>\u00a0Mardin;\u00a0<\/strong>Akdeniz\u2019in b\u00fcy\u00fcl\u00fc \u015fehri<strong>\u00a0Adana;\u00a0<\/strong>beyaz atlar\u0131n ve rengarenk s\u0131cak hava balonlar\u0131n\u0131n diyar\u0131<strong>\u00a0Kapadokya;\u00a0<\/strong>i\u00e7inizi \u0131s\u0131tacak Akdeniz g\u00fcne\u015fi, p\u0131r\u0131l p\u0131r\u0131l kumsallar\u0131 ve Toroslar\u2019dan esen ferah r\u00fczgarlar\u0131 ile tarihin ihti\u015fam\u0131n\u0131 g\u00fcn\u00fcm\u00fcze kadar ta\u015f\u0131yan\u00a0<strong>Antalya<\/strong>\u00a0ve her mevsimi bir ba\u015fka g\u00fczel olan<strong>\u00a0\u0130stanbul<\/strong>\u00a0da k\u0131\u015f rotalar\u0131 i\u00e7in mutlaka akl\u0131n\u0131z\u0131n bir k\u00f6\u015fesinde bulunmas\u0131 gereken yerlerden.<\/p>\n<h1><strong>\u0130lkbahar Mevsimi<\/strong><\/h1>\n<p><img loading=\"lazy\" decoding=\"async\" class=\"alignnone size-full wp-image-13897\" src=\"https:\/\/julesverne.com.tr\/wp-content\/uploads\/2022\/08\/ilkbahar-mevsimi.jpg\" sizes=\"(max-width: 1200px) 100vw, 1200px\" srcset=\"https:\/\/julesverne.com.tr\/wp-content\/uploads\/2022\/08\/ilkbahar-mevsimi.jpg 1200w, https:\/\/julesverne.com.tr\/wp-content\/uploads\/2022\/08\/ilkbahar-mevsimi-500x333.jpg 500w, https:\/\/julesverne.com.tr\/wp-content\/uploads\/2022\/08\/ilkbahar-mevsimi-768x512.jpg 768w\" alt=\"\" width=\"1200\" height=\"800\" \/><\/p>\n<p>\u00dclkemizde tatil yapmak i\u00e7in tercih edilebilecek en g\u00fczel zamanlardan biri de ku\u015fkusuz do\u011fan\u0131n uyan\u0131\u015f\u0131na tan\u0131kl\u0131k ederken sakinli\u011fin ve sessizli\u011fin tad\u0131n\u0131 \u00e7\u0131karabilece\u011finiz ilkbahar mevsimi. Havalar\u0131n \u0131s\u0131nmaya ve do\u011fan\u0131n canlanmaya ba\u015flad\u0131\u011f\u0131 bu mevsimde Alpler\u2019den sonra d\u00fcnyada en \u00e7ok oksijen \u00fcreten\u00a0<strong>Kaz Da\u011flar\u0131<\/strong>\u2019n\u0131; yemye\u015fil do\u011fas\u0131 ve masmavi denizinin yan\u0131 s\u0131ra ge\u00e7mi\u015fi destanlarla dolu\u00a0<strong>\u00c7anakkale<\/strong>\u2019yi; do\u011fayla tarihin da\u011fla denizin i\u00e7 i\u00e7e ge\u00e7ti\u011fi\u00a0<strong>Assos<\/strong>\u2019u; \u00f6zg\u00fcn mimarisi ve tarihi yap\u0131lar\u0131yla dikkatleri \u00e7eken\u00a0<strong>G\u00f6k\u00e7eada<\/strong>\u2019y\u0131; Ege\u2019nin incisi\u00a0<strong>\u0130zmir<\/strong>\u2019i; bembeyaz travertenleriyle t\u00fcm d\u00fcnyada olduk\u00e7a pop\u00fcler bir turizm merkezi olan\u00a0<strong>Pamukkale\u2019<\/strong>yi; Anadolu\u2019nun ikinci b\u00fcy\u00fck antik kenti\u00a0<strong>Laodikya<\/strong>\u2019y\u0131; T\u00fcrkiye\u2019nin en geli\u015fmi\u015f mutfa\u011f\u0131na sahip\u00a0<strong>Adana<\/strong>\u2019y\u0131; \u00fclkemizin en b\u00fcy\u00fck liman\u0131na ev sahipli\u011fi yapan\u00a0<strong>Mersin<\/strong>\u2019i; tarihi \u0130pek Yolu g\u00fczergah\u0131nda olmas\u0131 nedeniyle bir\u00e7ok tarihi ve k\u00fclt\u00fcrel yap\u0131ya sahip olan\u00a0<strong>Tarsus<\/strong>\u2019u; y\u00fczy\u0131llar boyu say\u0131s\u0131z medeniyete kucak a\u00e7an T\u00fcrkiye\u2019nin en k\u00f6kl\u00fc ve kadim \u015fehirlerinden Hatay\u2019\u0131 ve Anadolu tarihinin en \u00f6nemli antik kentlerinden biri olan\u00a0<strong>Sagalassos<\/strong>\u2019u ziyaret edebilirsiniz.<\/p>\n<p><img loading=\"lazy\" decoding=\"async\" class=\"alignnone size-full wp-image-13898\" src=\"https:\/\/julesverne.com.tr\/wp-content\/uploads\/2022\/08\/ilkbahar-mevsiminde-gidilecek-yerler-1.jpg\" sizes=\"(max-width: 1200px) 100vw, 1200px\" srcset=\"https:\/\/julesverne.com.tr\/wp-content\/uploads\/2022\/08\/ilkbahar-mevsiminde-gidilecek-yerler-1.jpg 1200w, https:\/\/julesverne.com.tr\/wp-content\/uploads\/2022\/08\/ilkbahar-mevsiminde-gidilecek-yerler-1-500x333.jpg 500w, https:\/\/julesverne.com.tr\/wp-content\/uploads\/2022\/08\/ilkbahar-mevsiminde-gidilecek-yerler-1-768x512.jpg 768w\" alt=\"\" width=\"1200\" height=\"800\" \/><\/p>\n<p>\u0130nsanl\u0131\u011f\u0131n en eski yerle\u015fim yerlerinden\u00a0<strong>\u015eanl\u0131urfa<\/strong>; antik \u00e7a\u011flardan bu yana canl\u0131l\u0131\u011f\u0131n\u0131 ve dinamikli\u011fini koruyan\u00a0<strong>Gaziantep<\/strong>; M.\u00d6 5 bin\u2019li y\u0131llara uzanan k\u00f6kl\u00fc tarihi ile\u00a0<strong>Van<\/strong>; y\u00fczy\u0131llar boyu Anadolu ve Mezopotamya aras\u0131nda k\u00f6pr\u00fc g\u00f6revi g\u00f6ren\u00a0<strong>Diyarbak\u0131r<\/strong>; sarp da\u011flar\u0131n aras\u0131na saklanm\u0131\u015f ger\u00e7ek bir Anadolu hazinesi olan\u00a0<strong>Tunceli<\/strong>; Mezopotamya\u2019n\u0131n bereketli topra\u011f\u0131na can suyu veren F\u0131rat ve Dicle Nehirleri\u2019nin anayurdu olan\u00a0<strong>Elaz\u0131\u011f<\/strong>; kendine has k\u00fclt\u00fcr\u00fc ve Hititler\u2019e uzanan k\u00f6kl\u00fc ge\u00e7mi\u015fiyle\u00a0<strong>Malatya\u00a0<\/strong>ve binlerce y\u0131ll\u0131k tarih yolculu\u011funda onlarca devletin var olu\u015funa tan\u0131kl\u0131k eden\u00a0<strong>Ad\u0131yaman\u00a0<\/strong>da size ilkbahar mevsimin en g\u00fczel manzaralar\u0131n\u0131 en \u00f6zel halleriyle sunacakt\u0131r!<\/p>\n<p style=\"text-align: center;\"><strong>Size \u00f6zel seyahat program\u0131 ve rezervasyon i\u00e7in:<br \/>\n<a href=\"mailto:travel@julesverne.com.tr\">travel@julesverne.com.tr<\/a>\u00a0<\/strong><\/p>\n<p><\/p>","protected":false},"excerpt":{"rendered":"<p>Do\u011fusundan bat\u0131s\u0131na kadar her bir k\u00f6\u015fesi ile bamba\u015fka g\u00fczelliklere sahip olan \u00fclkemiz ku\u015fkusuz d\u00f6rt mevsimin en g\u00fczel ya\u015fand\u0131\u011f\u0131 yerlerden. Adeta cennetten bir k\u00f6\u015fe dedirten bu yerler sadece yaz aylar\u0131nda de\u011fil, k\u0131\u015f ve bahar aylar\u0131nda da olduk\u00e7a keyifli. Onlarca se\u00e7enek aras\u0131ndan nereye gidece\u011finize karar vermekte zorlan\u0131yorsan\u0131z haydi gelin\u00a0\u201cT\u00fcrkiye\u2019de Hangi Mevsimde Nereye Gidilir?\u201d\u00a0sorusuna birlikte yan\u0131t arayal\u0131m. Yaz [&hellip;]<\/p>\n","protected":false},"author":10,"featured_media":8860,"comment_status":"closed","ping_status":"closed","sticky":false,"template":"","format":"standard","meta":{"inline_featured_image":false,"footnotes":""},"categories":[38,1,39,41],"tags":[245,268],"acf":[],"yoast_head":"<!-- This site is optimized with the Yoast SEO plugin v22.3 - https:\/\/yoast.com\/wordpress\/plugins\/seo\/ -->\n<title>T\u00fcrkiye\u2019de Hangi Mevsimde Nereye Gidilir? - JULES VERNE BUSINESS MICE TRAVEL<\/title>\n<meta name=\"description\" content=\"Do\u011fusundan bat\u0131s\u0131na kadar her bir k\u00f6\u015fesi ile bamba\u015fka g\u00fczelliklere sahip olan \u00fclkemiz ku\u015fkusuz d\u00f6rt mevsimin en g\u00fczel ya\u015fand\u0131\u011f\u0131 yerlerden. Adeta cennetten bir k\u00f6\u015fe dedirten bu yerler sadece yaz aylar\u0131nda de\u011fil, k\u0131\u015f ve bahar aylar\u0131nda olduk\u00e7a keyifli. Onlarca se\u00e7enek aras\u0131ndan nereye gidece\u011finize karar vermekte zorlan\u0131yorsan\u0131z haydi gelin \u201cT\u00fcrkiye\u2019de Hangi Mevsimde Nereye Gidilir?\u201d sorusuna birlikte yan\u0131t arayal\u0131m.\" \/>\n<meta name=\"robots\" content=\"index, follow, max-snippet:-1, max-image-preview:large, max-video-preview:-1\" \/>\n<link rel=\"canonical\" href=\"https:\/\/julesverne.com.tr\/travel-blog\/turkiyede-hangi-mevsimde-nereye-gidilir\/\" \/>\n<meta property=\"og:locale\" content=\"en_US\" \/>\n<meta property=\"og:type\" content=\"article\" \/>\n<meta property=\"og:title\" content=\"[:tr]T\u00fcrkiye&#039;de Hangi Mevsimde Nereye Gidilir? [:en]T\u00fcrkiye\u2019de Hangi Mevsimde Nereye Gidilir?[:] - JULES VERNE BUSINESS MICE TRAVEL\" \/>\n<meta property=\"og:description\" content=\"Do\u011fusundan bat\u0131s\u0131na kadar her bir k\u00f6\u015fesi ile bamba\u015fka g\u00fczelliklere sahip olan \u00fclkemiz ku\u015fkusuz d\u00f6rt mevsimin en g\u00fczel ya\u015fand\u0131\u011f\u0131 yerlerden. Adeta cennetten bir k\u00f6\u015fe dedirten bu yerler sadece yaz aylar\u0131nda de\u011fil, k\u0131\u015f ve bahar aylar\u0131nda olduk\u00e7a keyifli. Onlarca se\u00e7enek aras\u0131ndan nereye gidece\u011finize karar vermekte zorlan\u0131yorsan\u0131z haydi gelin \u201cT\u00fcrkiye\u2019de Hangi Mevsimde Nereye Gidilir?\u201d sorusuna birlikte yan\u0131t arayal\u0131m.\" \/>\n<meta property=\"og:url\" content=\"https:\/\/julesverne.com.tr\/travel-blog\/turkiyede-hangi-mevsimde-nereye-gidilir\/\" \/>\n<meta property=\"og:site_name\" content=\"JULES VERNE BUSINESS MICE TRAVEL\" \/>\n<meta property=\"article:publisher\" content=\"https:\/\/www.facebook.com\/JulesVerneBusinessMiceTravel\/\" \/>\n<meta property=\"article:published_time\" content=\"2022-11-07T11:23:59+00:00\" \/>\n<meta property=\"article:modified_time\" content=\"2022-11-08T09:44:50+00:00\" \/>\n<meta property=\"og:image\" content=\"https:\/\/julesverne.com.tr\/wp-content\/uploads\/2021\/06\/halfeti_shutterstock_1333072142.jpg\" \/>\n\t<meta property=\"og:image:width\" content=\"1200\" \/>\n\t<meta property=\"og:image:height\" content=\"800\" \/>\n\t<meta property=\"og:image:type\" content=\"image\/jpeg\" \/>\n<meta name=\"author\" content=\"Ebru Alt\u0131n\" \/>\n<meta name=\"twitter:card\" content=\"summary_large_image\" \/>\n<meta name=\"twitter:creator\" content=\"@JV_BusinessMice\" \/>\n<meta name=\"twitter:site\" content=\"@JV_BusinessMice\" \/>\n<meta name=\"twitter:label1\" content=\"Written by\" \/>\n\t<meta name=\"twitter:data1\" content=\"Ebru Alt\u0131n\" \/>\n\t<meta name=\"twitter:label2\" content=\"Est. reading time\" \/>\n\t<meta name=\"twitter:data2\" content=\"9 minutes\" \/>\n<script type=\"application\/ld+json\" class=\"yoast-schema-graph\">{\"@context\":\"https:\/\/schema.org\",\"@graph\":[{\"@type\":\"Article\",\"@id\":\"https:\/\/julesverne.com.tr\/travel-blog\/turkiyede-hangi-mevsimde-nereye-gidilir\/#article\",\"isPartOf\":{\"@id\":\"https:\/\/julesverne.com.tr\/travel-blog\/turkiyede-hangi-mevsimde-nereye-gidilir\/\"},\"author\":{\"name\":\"Ebru Alt\u0131n\",\"@id\":\"https:\/\/julesverne.com.tr\/#\/schema\/person\/219931edfe2e7d9cbbcbabb8a7e4c7f4\"},\"headline\":\"T\u00fcrkiye\u2019de Hangi Mevsimde Nereye Gidilir?\",\"datePublished\":\"2022-11-07T11:23:59+00:00\",\"dateModified\":\"2022-11-08T09:44:50+00:00\",\"mainEntityOfPage\":{\"@id\":\"https:\/\/julesverne.com.tr\/travel-blog\/turkiyede-hangi-mevsimde-nereye-gidilir\/\"},\"wordCount\":3018,\"publisher\":{\"@id\":\"https:\/\/julesverne.com.tr\/#organization\"},\"image\":{\"@id\":\"https:\/\/julesverne.com.tr\/travel-blog\/turkiyede-hangi-mevsimde-nereye-gidilir\/#primaryimage\"},\"thumbnailUrl\":\"https:\/\/julesverne.com.tr\/wp-content\/uploads\/2021\/06\/halfeti_shutterstock_1333072142.jpg\",\"keywords\":[\"Seyahat Blog\",\"T\u00fcrkiye'de Hangi Mevsimde Nereye Gidilir?\"],\"articleSection\":[\"\u0130lham Veren Destinasyonlar\",\"Blog\",\"Nereye Gitsek?\",\"Seyahat Trendleri\"],\"inLanguage\":\"en-US\"},{\"@type\":\"WebPage\",\"@id\":\"https:\/\/julesverne.com.tr\/travel-blog\/turkiyede-hangi-mevsimde-nereye-gidilir\/\",\"url\":\"https:\/\/julesverne.com.tr\/travel-blog\/turkiyede-hangi-mevsimde-nereye-gidilir\/\",\"name\":\"[:tr]T\u00fcrkiye'de Hangi Mevsimde Nereye Gidilir? [:en]T\u00fcrkiye\u2019de Hangi Mevsimde Nereye Gidilir?[:] - JULES VERNE BUSINESS MICE TRAVEL\",\"isPartOf\":{\"@id\":\"https:\/\/julesverne.com.tr\/#website\"},\"primaryImageOfPage\":{\"@id\":\"https:\/\/julesverne.com.tr\/travel-blog\/turkiyede-hangi-mevsimde-nereye-gidilir\/#primaryimage\"},\"image\":{\"@id\":\"https:\/\/julesverne.com.tr\/travel-blog\/turkiyede-hangi-mevsimde-nereye-gidilir\/#primaryimage\"},\"thumbnailUrl\":\"https:\/\/julesverne.com.tr\/wp-content\/uploads\/2021\/06\/halfeti_shutterstock_1333072142.jpg\",\"datePublished\":\"2022-11-07T11:23:59+00:00\",\"dateModified\":\"2022-11-08T09:44:50+00:00\",\"description\":\"Do\u011fusundan bat\u0131s\u0131na kadar her bir k\u00f6\u015fesi ile bamba\u015fka g\u00fczelliklere sahip olan \u00fclkemiz ku\u015fkusuz d\u00f6rt mevsimin en g\u00fczel ya\u015fand\u0131\u011f\u0131 yerlerden. Adeta cennetten bir k\u00f6\u015fe dedirten bu yerler sadece yaz aylar\u0131nda de\u011fil, k\u0131\u015f ve bahar aylar\u0131nda olduk\u00e7a keyifli. Onlarca se\u00e7enek aras\u0131ndan nereye gidece\u011finize karar vermekte zorlan\u0131yorsan\u0131z haydi gelin \u201cT\u00fcrkiye\u2019de Hangi Mevsimde Nereye Gidilir?\u201d sorusuna birlikte yan\u0131t arayal\u0131m.\",\"breadcrumb\":{\"@id\":\"https:\/\/julesverne.com.tr\/travel-blog\/turkiyede-hangi-mevsimde-nereye-gidilir\/#breadcrumb\"},\"inLanguage\":\"en-US\",\"potentialAction\":[{\"@type\":\"ReadAction\",\"target\":[\"https:\/\/julesverne.com.tr\/travel-blog\/turkiyede-hangi-mevsimde-nereye-gidilir\/\"]}]},{\"@type\":\"ImageObject\",\"inLanguage\":\"en-US\",\"@id\":\"https:\/\/julesverne.com.tr\/travel-blog\/turkiyede-hangi-mevsimde-nereye-gidilir\/#primaryimage\",\"url\":\"https:\/\/julesverne.com.tr\/wp-content\/uploads\/2021\/06\/halfeti_shutterstock_1333072142.jpg\",\"contentUrl\":\"https:\/\/julesverne.com.tr\/wp-content\/uploads\/2021\/06\/halfeti_shutterstock_1333072142.jpg\",\"width\":1200,\"height\":800},{\"@type\":\"BreadcrumbList\",\"@id\":\"https:\/\/julesverne.com.tr\/travel-blog\/turkiyede-hangi-mevsimde-nereye-gidilir\/#breadcrumb\",\"itemListElement\":[{\"@type\":\"ListItem\",\"position\":1,\"name\":\"Anasayfa\",\"item\":\"https:\/\/julesverne.com.tr\/\"},{\"@type\":\"ListItem\",\"position\":2,\"name\":\"T\u00fcrkiye&#8217;de Hangi Mevsimde Nereye Gidilir?\"}]},{\"@type\":\"WebSite\",\"@id\":\"https:\/\/julesverne.com.tr\/#website\",\"url\":\"https:\/\/julesverne.com.tr\/\",\"name\":\"JULES VERNE BUSINESS MICE TRAVEL\",\"description\":\"\",\"publisher\":{\"@id\":\"https:\/\/julesverne.com.tr\/#organization\"},\"potentialAction\":[{\"@type\":\"SearchAction\",\"target\":{\"@type\":\"EntryPoint\",\"urlTemplate\":\"https:\/\/julesverne.com.tr\/?s={search_term_string}\"},\"query-input\":\"required name=search_term_string\"}],\"inLanguage\":\"en-US\"},{\"@type\":\"Organization\",\"@id\":\"https:\/\/julesverne.com.tr\/#organization\",\"name\":\"JULES VERNE BUSINESS MICE TRAVEL\",\"url\":\"https:\/\/julesverne.com.tr\/\",\"logo\":{\"@type\":\"ImageObject\",\"inLanguage\":\"en-US\",\"@id\":\"https:\/\/julesverne.com.tr\/#\/schema\/logo\/image\/\",\"url\":\"https:\/\/julesverne.com.tr\/wp-content\/uploads\/2020\/09\/jv-bmt-logo.png\",\"contentUrl\":\"https:\/\/julesverne.com.tr\/wp-content\/uploads\/2020\/09\/jv-bmt-logo.png\",\"width\":110,\"height\":81,\"caption\":\"JULES VERNE BUSINESS MICE TRAVEL\"},\"image\":{\"@id\":\"https:\/\/julesverne.com.tr\/#\/schema\/logo\/image\/\"},\"sameAs\":[\"https:\/\/www.facebook.com\/JulesVerneBusinessMiceTravel\/\",\"https:\/\/twitter.com\/JV_BusinessMice\",\"https:\/\/www.instagram.com\/julesvernebusinessmicetravel\/\",\"https:\/\/www.linkedin.com\/company\/julesvernebusinessmicetravel\/\",\"https:\/\/www.youtube.com\/channel\/UCAwdsmbZ6tFhu1tea6pkpiw\"]},{\"@type\":\"Person\",\"@id\":\"https:\/\/julesverne.com.tr\/#\/schema\/person\/219931edfe2e7d9cbbcbabb8a7e4c7f4\",\"name\":\"Ebru Alt\u0131n\",\"url\":\"https:\/\/julesverne.com.tr\/en\/author\/ebru-altin\/\"}]}<\/script>\n<!-- \/ Yoast SEO plugin. -->","yoast_head_json":{"title":"[:tr]T\u00fcrkiye'de Hangi Mevsimde Nereye Gidilir? [:en]T\u00fcrkiye\u2019de Hangi Mevsimde Nereye Gidilir?[:] - JULES VERNE BUSINESS MICE TRAVEL","description":"Do\u011fusundan bat\u0131s\u0131na kadar her bir k\u00f6\u015fesi ile bamba\u015fka g\u00fczelliklere sahip olan \u00fclkemiz ku\u015fkusuz d\u00f6rt mevsimin en g\u00fczel ya\u015fand\u0131\u011f\u0131 yerlerden. Adeta cennetten bir k\u00f6\u015fe dedirten bu yerler sadece yaz aylar\u0131nda de\u011fil, k\u0131\u015f ve bahar aylar\u0131nda olduk\u00e7a keyifli. Onlarca se\u00e7enek aras\u0131ndan nereye gidece\u011finize karar vermekte zorlan\u0131yorsan\u0131z haydi gelin \u201cT\u00fcrkiye\u2019de Hangi Mevsimde Nereye Gidilir?\u201d sorusuna birlikte yan\u0131t arayal\u0131m.","robots":{"index":"index","follow":"follow","max-snippet":"max-snippet:-1","max-image-preview":"max-image-preview:large","max-video-preview":"max-video-preview:-1"},"canonical":"https:\/\/julesverne.com.tr\/travel-blog\/turkiyede-hangi-mevsimde-nereye-gidilir\/","og_locale":"en_US","og_type":"article","og_title":"[:tr]T\u00fcrkiye'de Hangi Mevsimde Nereye Gidilir? [:en]T\u00fcrkiye\u2019de Hangi Mevsimde Nereye Gidilir?[:] - JULES VERNE BUSINESS MICE TRAVEL","og_description":"Do\u011fusundan bat\u0131s\u0131na kadar her bir k\u00f6\u015fesi ile bamba\u015fka g\u00fczelliklere sahip olan \u00fclkemiz ku\u015fkusuz d\u00f6rt mevsimin en g\u00fczel ya\u015fand\u0131\u011f\u0131 yerlerden. Adeta cennetten bir k\u00f6\u015fe dedirten bu yerler sadece yaz aylar\u0131nda de\u011fil, k\u0131\u015f ve bahar aylar\u0131nda olduk\u00e7a keyifli. Onlarca se\u00e7enek aras\u0131ndan nereye gidece\u011finize karar vermekte zorlan\u0131yorsan\u0131z haydi gelin \u201cT\u00fcrkiye\u2019de Hangi Mevsimde Nereye Gidilir?\u201d sorusuna birlikte yan\u0131t arayal\u0131m.","og_url":"https:\/\/julesverne.com.tr\/travel-blog\/turkiyede-hangi-mevsimde-nereye-gidilir\/","og_site_name":"JULES VERNE BUSINESS MICE TRAVEL","article_publisher":"https:\/\/www.facebook.com\/JulesVerneBusinessMiceTravel\/","article_published_time":"2022-11-07T11:23:59+00:00","article_modified_time":"2022-11-08T09:44:50+00:00","og_image":[{"width":1200,"height":800,"url":"https:\/\/julesverne.com.tr\/wp-content\/uploads\/2021\/06\/halfeti_shutterstock_1333072142.jpg","type":"image\/jpeg"}],"author":"Ebru Alt\u0131n","twitter_card":"summary_large_image","twitter_creator":"@JV_BusinessMice","twitter_site":"@JV_BusinessMice","twitter_misc":{"Written by":"Ebru Alt\u0131n","Est. reading time":"9 minutes"},"schema":{"@context":"https:\/\/schema.org","@graph":[{"@type":"Article","@id":"https:\/\/julesverne.com.tr\/travel-blog\/turkiyede-hangi-mevsimde-nereye-gidilir\/#article","isPartOf":{"@id":"https:\/\/julesverne.com.tr\/travel-blog\/turkiyede-hangi-mevsimde-nereye-gidilir\/"},"author":{"name":"Ebru Alt\u0131n","@id":"https:\/\/julesverne.com.tr\/#\/schema\/person\/219931edfe2e7d9cbbcbabb8a7e4c7f4"},"headline":"T\u00fcrkiye\u2019de Hangi Mevsimde Nereye Gidilir?","datePublished":"2022-11-07T11:23:59+00:00","dateModified":"2022-11-08T09:44:50+00:00","mainEntityOfPage":{"@id":"https:\/\/julesverne.com.tr\/travel-blog\/turkiyede-hangi-mevsimde-nereye-gidilir\/"},"wordCount":3018,"publisher":{"@id":"https:\/\/julesverne.com.tr\/#organization"},"image":{"@id":"https:\/\/julesverne.com.tr\/travel-blog\/turkiyede-hangi-mevsimde-nereye-gidilir\/#primaryimage"},"thumbnailUrl":"https:\/\/julesverne.com.tr\/wp-content\/uploads\/2021\/06\/halfeti_shutterstock_1333072142.jpg","keywords":["Seyahat Blog","T\u00fcrkiye'de Hangi Mevsimde Nereye Gidilir?"],"articleSection":["\u0130lham Veren Destinasyonlar","Blog","Nereye Gitsek?","Seyahat Trendleri"],"inLanguage":"en-US"},{"@type":"WebPage","@id":"https:\/\/julesverne.com.tr\/travel-blog\/turkiyede-hangi-mevsimde-nereye-gidilir\/","url":"https:\/\/julesverne.com.tr\/travel-blog\/turkiyede-hangi-mevsimde-nereye-gidilir\/","name":"[:tr]T\u00fcrkiye'de Hangi Mevsimde Nereye Gidilir? [:en]T\u00fcrkiye\u2019de Hangi Mevsimde Nereye Gidilir?[:] - JULES VERNE BUSINESS MICE TRAVEL","isPartOf":{"@id":"https:\/\/julesverne.com.tr\/#website"},"primaryImageOfPage":{"@id":"https:\/\/julesverne.com.tr\/travel-blog\/turkiyede-hangi-mevsimde-nereye-gidilir\/#primaryimage"},"image":{"@id":"https:\/\/julesverne.com.tr\/travel-blog\/turkiyede-hangi-mevsimde-nereye-gidilir\/#primaryimage"},"thumbnailUrl":"https:\/\/julesverne.com.tr\/wp-content\/uploads\/2021\/06\/halfeti_shutterstock_1333072142.jpg","datePublished":"2022-11-07T11:23:59+00:00","dateModified":"2022-11-08T09:44:50+00:00","description":"Do\u011fusundan bat\u0131s\u0131na kadar her bir k\u00f6\u015fesi ile bamba\u015fka g\u00fczelliklere sahip olan \u00fclkemiz ku\u015fkusuz d\u00f6rt mevsimin en g\u00fczel ya\u015fand\u0131\u011f\u0131 yerlerden. Adeta cennetten bir k\u00f6\u015fe dedirten bu yerler sadece yaz aylar\u0131nda de\u011fil, k\u0131\u015f ve bahar aylar\u0131nda olduk\u00e7a keyifli. Onlarca se\u00e7enek aras\u0131ndan nereye gidece\u011finize karar vermekte zorlan\u0131yorsan\u0131z haydi gelin \u201cT\u00fcrkiye\u2019de Hangi Mevsimde Nereye Gidilir?\u201d sorusuna birlikte yan\u0131t arayal\u0131m.","breadcrumb":{"@id":"https:\/\/julesverne.com.tr\/travel-blog\/turkiyede-hangi-mevsimde-nereye-gidilir\/#breadcrumb"},"inLanguage":"en-US","potentialAction":[{"@type":"ReadAction","target":["https:\/\/julesverne.com.tr\/travel-blog\/turkiyede-hangi-mevsimde-nereye-gidilir\/"]}]},{"@type":"ImageObject","inLanguage":"en-US","@id":"https:\/\/julesverne.com.tr\/travel-blog\/turkiyede-hangi-mevsimde-nereye-gidilir\/#primaryimage","url":"https:\/\/julesverne.com.tr\/wp-content\/uploads\/2021\/06\/halfeti_shutterstock_1333072142.jpg","contentUrl":"https:\/\/julesverne.com.tr\/wp-content\/uploads\/2021\/06\/halfeti_shutterstock_1333072142.jpg","width":1200,"height":800},{"@type":"BreadcrumbList","@id":"https:\/\/julesverne.com.tr\/travel-blog\/turkiyede-hangi-mevsimde-nereye-gidilir\/#breadcrumb","itemListElement":[{"@type":"ListItem","position":1,"name":"Anasayfa","item":"https:\/\/julesverne.com.tr\/"},{"@type":"ListItem","position":2,"name":"T\u00fcrkiye&#8217;de Hangi Mevsimde Nereye Gidilir?"}]},{"@type":"WebSite","@id":"https:\/\/julesverne.com.tr\/#website","url":"https:\/\/julesverne.com.tr\/","name":"JULES VERNE BUSINESS MICE TRAVEL","description":"","publisher":{"@id":"https:\/\/julesverne.com.tr\/#organization"},"potentialAction":[{"@type":"SearchAction","target":{"@type":"EntryPoint","urlTemplate":"https:\/\/julesverne.com.tr\/?s={search_term_string}"},"query-input":"required name=search_term_string"}],"inLanguage":"en-US"},{"@type":"Organization","@id":"https:\/\/julesverne.com.tr\/#organization","name":"JULES VERNE BUSINESS MICE TRAVEL","url":"https:\/\/julesverne.com.tr\/","logo":{"@type":"ImageObject","inLanguage":"en-US","@id":"https:\/\/julesverne.com.tr\/#\/schema\/logo\/image\/","url":"https:\/\/julesverne.com.tr\/wp-content\/uploads\/2020\/09\/jv-bmt-logo.png","contentUrl":"https:\/\/julesverne.com.tr\/wp-content\/uploads\/2020\/09\/jv-bmt-logo.png","width":110,"height":81,"caption":"JULES VERNE BUSINESS MICE TRAVEL"},"image":{"@id":"https:\/\/julesverne.com.tr\/#\/schema\/logo\/image\/"},"sameAs":["https:\/\/www.facebook.com\/JulesVerneBusinessMiceTravel\/","https:\/\/twitter.com\/JV_BusinessMice","https:\/\/www.instagram.com\/julesvernebusinessmicetravel\/","https:\/\/www.linkedin.com\/company\/julesvernebusinessmicetravel\/","https:\/\/www.youtube.com\/channel\/UCAwdsmbZ6tFhu1tea6pkpiw"]},{"@type":"Person","@id":"https:\/\/julesverne.com.tr\/#\/schema\/person\/219931edfe2e7d9cbbcbabb8a7e4c7f4","name":"Ebru Alt\u0131n","url":"https:\/\/julesverne.com.tr\/en\/author\/ebru-altin\/"}]}},"_links":{"self":[{"href":"https:\/\/julesverne.com.tr\/en\/wp-json\/wp\/v2\/posts\/13896"}],"collection":[{"href":"https:\/\/julesverne.com.tr\/en\/wp-json\/wp\/v2\/posts"}],"about":[{"href":"https:\/\/julesverne.com.tr\/en\/wp-json\/wp\/v2\/types\/post"}],"author":[{"embeddable":true,"href":"https:\/\/julesverne.com.tr\/en\/wp-json\/wp\/v2\/users\/10"}],"replies":[{"embeddable":true,"href":"https:\/\/julesverne.com.tr\/en\/wp-json\/wp\/v2\/comments?post=13896"}],"version-history":[{"count":10,"href":"https:\/\/julesverne.com.tr\/en\/wp-json\/wp\/v2\/posts\/13896\/revisions"}],"predecessor-version":[{"id":14326,"href":"https:\/\/julesverne.com.tr\/en\/wp-json\/wp\/v2\/posts\/13896\/revisions\/14326"}],"wp:featuredmedia":[{"embeddable":true,"href":"https:\/\/julesverne.com.tr\/en\/wp-json\/wp\/v2\/media\/8860"}],"wp:attachment":[{"href":"https:\/\/julesverne.com.tr\/en\/wp-json\/wp\/v2\/media?parent=13896"}],"wp:term":[{"taxonomy":"category","embeddable":true,"href":"https:\/\/julesverne.com.tr\/en\/wp-json\/wp\/v2\/categories?post=13896"},{"taxonomy":"post_tag","embeddable":true,"href":"https:\/\/julesverne.com.tr\/en\/wp-json\/wp\/v2\/tags?post=13896"}],"curies":[{"name":"wp","href":"https:\/\/api.w.org\/{rel}","templated":true}]}}