{"id":13436,"date":"2022-05-18T13:02:03","date_gmt":"2022-05-18T10:02:03","guid":{"rendered":"https:\/\/julesverne.com.tr\/?p=13436"},"modified":"2022-05-18T15:07:31","modified_gmt":"2022-05-18T12:07:31","slug":"birlikte-isildamaya-davetlisiniz","status":"publish","type":"post","link":"https:\/\/julesverne.com.tr\/en\/haberler\/birlikte-isildamaya-davetlisiniz\/","title":{"rendered":"(TR) Birlikte I\u015f\u0131ldamaya Davetlisiniz!"},"content":{"rendered":"<p class=\"qtranxs-available-languages-message qtranxs-available-languages-message-en\">Sorry, this entry is only available in <a href=\"https:\/\/julesverne.com.tr\/tr\/wp-json\/wp\/v2\/posts\/13436\" class=\"qtranxs-available-language-link qtranxs-available-language-link-tr\" title=\"TR\">Turkish<\/a>.<\/p>","protected":false},"excerpt":{"rendered":"<p>Sorry, this entry is only available in Turkish.<\/p>\n","protected":false},"author":5,"featured_media":13442,"comment_status":"closed","ping_status":"closed","sticky":false,"template":"","format":"standard","meta":{"inline_featured_image":false,"footnotes":""},"categories":[2,4],"tags":[252],"acf":[],"yoast_head":"<!-- This site is optimized with the Yoast SEO plugin v22.3 - https:\/\/yoast.com\/wordpress\/plugins\/seo\/ -->\n<title><\/title>\n<meta name=\"description\" content=\"KARANLIK ANCAK KADINLAR I\u015eILDARSA AYDINLANIR diye yola \u00e7\u0131karak, de\u011fi\u015fime her g\u00fcn tan\u0131kl\u0131k etti\u011fimiz bu \u00e7a\u011fda, g\u00fc\u00e7 katan, ilham veren, umut veren kad\u0131nlar i\u00e7in I\u015eILDAYANLAR KONFERANSI\u2019n\u0131 d\u00fczenliyoruz.\u00a0 I\u015f\u0131k sa\u00e7arak hayat\u0131 hem kendi hem \u00e7evresindekiler i\u00e7in daha anlaml\u0131 k\u0131lan, daima daha fazlas\u0131 i\u00e7in \u00e7al\u0131\u015fan, ilham ve umut veren g\u00fc\u00e7l\u00fc kad\u0131nlar ve toplumsal cinsiyet e\u015fitli\u011finin sa\u011flanmas\u0131 yoluyla kad\u0131n\u0131n toplumda, i\u015f ve ekonomik hayatta g\u00fc\u00e7lenmesinin yan\u0131nda duran \u00f6nc\u00fc markalar, I\u015f\u0131ldayanlar\u00a0Konferans\u0131\u2019nda bulu\u015fuyor.\u00a0OGGUSTO ev sahipli\u011finde ger\u00e7ekle\u015ftirece\u011fimiz ilk I\u015f\u0131ldayanlar Konferans\u0131&#039;n\u0131n konusu \u201cToplumsal Cinsiyet E\u015fitli\u011fi ve Kad\u0131n\u0131n G\u00fc\u00e7lenmesi\u201d. \u2060\" \/>\n<meta name=\"robots\" content=\"index, follow, max-snippet:-1, max-image-preview:large, max-video-preview:-1\" \/>\n<link rel=\"canonical\" href=\"https:\/\/julesverne.com.tr\/haberler\/birlikte-isildamaya-davetlisiniz\/\" \/>\n<meta property=\"og:locale\" content=\"en_US\" \/>\n<meta property=\"og:type\" content=\"article\" \/>\n<meta property=\"og:title\" content=\"[:tr]Birlikte I\u015f\u0131ldamaya Davetlisiniz![:] - JULES VERNE BUSINESS MICE TRAVEL\" \/>\n<meta property=\"og:description\" content=\"KARANLIK ANCAK KADINLAR I\u015eILDARSA AYDINLANIR diye yola \u00e7\u0131karak, de\u011fi\u015fime her g\u00fcn tan\u0131kl\u0131k etti\u011fimiz bu \u00e7a\u011fda, g\u00fc\u00e7 katan, ilham veren, umut veren kad\u0131nlar i\u00e7in I\u015eILDAYANLAR KONFERANSI\u2019n\u0131 d\u00fczenliyoruz.\u00a0 I\u015f\u0131k sa\u00e7arak hayat\u0131 hem kendi hem \u00e7evresindekiler i\u00e7in daha anlaml\u0131 k\u0131lan, daima daha fazlas\u0131 i\u00e7in \u00e7al\u0131\u015fan, ilham ve umut veren g\u00fc\u00e7l\u00fc kad\u0131nlar ve toplumsal cinsiyet e\u015fitli\u011finin sa\u011flanmas\u0131 yoluyla kad\u0131n\u0131n toplumda, i\u015f ve ekonomik hayatta g\u00fc\u00e7lenmesinin yan\u0131nda duran \u00f6nc\u00fc markalar, I\u015f\u0131ldayanlar\u00a0Konferans\u0131\u2019nda bulu\u015fuyor.\u00a0OGGUSTO ev sahipli\u011finde ger\u00e7ekle\u015ftirece\u011fimiz ilk I\u015f\u0131ldayanlar Konferans\u0131&#039;n\u0131n konusu \u201cToplumsal Cinsiyet E\u015fitli\u011fi ve Kad\u0131n\u0131n G\u00fc\u00e7lenmesi\u201d. \u2060\" \/>\n<meta property=\"og:url\" content=\"https:\/\/julesverne.com.tr\/haberler\/birlikte-isildamaya-davetlisiniz\/\" \/>\n<meta property=\"og:site_name\" content=\"JULES VERNE BUSINESS MICE TRAVEL\" \/>\n<meta property=\"article:publisher\" content=\"https:\/\/www.facebook.com\/JulesVerneBusinessMiceTravel\/\" \/>\n<meta property=\"article:published_time\" content=\"2022-05-18T10:02:03+00:00\" \/>\n<meta property=\"article:modified_time\" content=\"2022-05-18T12:07:31+00:00\" \/>\n<meta property=\"og:image\" content=\"https:\/\/julesverne.com.tr\/wp-content\/uploads\/2022\/05\/isildayanlar-konferansi-ureten-ve-guc-veren-yildiz-kadinlar-24-mayista-isildayanlar-konferansinda-848.jpg\" \/>\n\t<meta property=\"og:image:width\" content=\"1140\" \/>\n\t<meta property=\"og:image:height\" content=\"480\" \/>\n\t<meta property=\"og:image:type\" content=\"image\/jpeg\" \/>\n<meta name=\"author\" content=\"senem.ekermen\" \/>\n<meta name=\"twitter:card\" content=\"summary_large_image\" \/>\n<meta name=\"twitter:creator\" content=\"@JV_BusinessMice\" \/>\n<meta name=\"twitter:site\" content=\"@JV_BusinessMice\" \/>\n<meta name=\"twitter:label1\" content=\"Written by\" \/>\n\t<meta name=\"twitter:data1\" content=\"senem.ekermen\" \/>\n\t<meta name=\"twitter:label2\" content=\"Est. reading time\" \/>\n\t<meta name=\"twitter:data2\" content=\"8 minutes\" \/>\n<script type=\"application\/ld+json\" class=\"yoast-schema-graph\">{\"@context\":\"https:\/\/schema.org\",\"@graph\":[{\"@type\":\"Article\",\"@id\":\"https:\/\/julesverne.com.tr\/haberler\/birlikte-isildamaya-davetlisiniz\/#article\",\"isPartOf\":{\"@id\":\"https:\/\/julesverne.com.tr\/haberler\/birlikte-isildamaya-davetlisiniz\/\"},\"author\":{\"name\":\"senem.ekermen\",\"@id\":\"https:\/\/julesverne.com.tr\/#\/schema\/person\/b27d0a74a740ecb2ffc838c934d95797\"},\"headline\":\"(TR) Birlikte I\u015f\u0131ldamaya Davetlisiniz!\",\"datePublished\":\"2022-05-18T10:02:03+00:00\",\"dateModified\":\"2022-05-18T12:07:31+00:00\",\"mainEntityOfPage\":{\"@id\":\"https:\/\/julesverne.com.tr\/haberler\/birlikte-isildamaya-davetlisiniz\/\"},\"wordCount\":1619,\"publisher\":{\"@id\":\"https:\/\/julesverne.com.tr\/#organization\"},\"image\":{\"@id\":\"https:\/\/julesverne.com.tr\/haberler\/birlikte-isildamaya-davetlisiniz\/#primaryimage\"},\"thumbnailUrl\":\"https:\/\/julesverne.com.tr\/wp-content\/uploads\/2022\/05\/isildayanlar-konferansi-ureten-ve-guc-veren-yildiz-kadinlar-24-mayista-isildayanlar-konferansinda-848.jpg\",\"keywords\":[\"I\u015f\u0131ldayanlar Konferans\u0131\"],\"articleSection\":[\"News\",\"Mice Haberler\"],\"inLanguage\":\"en-US\"},{\"@type\":\"WebPage\",\"@id\":\"https:\/\/julesverne.com.tr\/haberler\/birlikte-isildamaya-davetlisiniz\/\",\"url\":\"https:\/\/julesverne.com.tr\/haberler\/birlikte-isildamaya-davetlisiniz\/\",\"name\":\"[:tr]Birlikte I\u015f\u0131ldamaya Davetlisiniz![:] - JULES VERNE BUSINESS MICE TRAVEL\",\"isPartOf\":{\"@id\":\"https:\/\/julesverne.com.tr\/#website\"},\"primaryImageOfPage\":{\"@id\":\"https:\/\/julesverne.com.tr\/haberler\/birlikte-isildamaya-davetlisiniz\/#primaryimage\"},\"image\":{\"@id\":\"https:\/\/julesverne.com.tr\/haberler\/birlikte-isildamaya-davetlisiniz\/#primaryimage\"},\"thumbnailUrl\":\"https:\/\/julesverne.com.tr\/wp-content\/uploads\/2022\/05\/isildayanlar-konferansi-ureten-ve-guc-veren-yildiz-kadinlar-24-mayista-isildayanlar-konferansinda-848.jpg\",\"datePublished\":\"2022-05-18T10:02:03+00:00\",\"dateModified\":\"2022-05-18T12:07:31+00:00\",\"description\":\"KARANLIK ANCAK KADINLAR I\u015eILDARSA AYDINLANIR diye yola \u00e7\u0131karak, de\u011fi\u015fime her g\u00fcn tan\u0131kl\u0131k etti\u011fimiz bu \u00e7a\u011fda, g\u00fc\u00e7 katan, ilham veren, umut veren kad\u0131nlar i\u00e7in I\u015eILDAYANLAR KONFERANSI\u2019n\u0131 d\u00fczenliyoruz.\u00a0 I\u015f\u0131k sa\u00e7arak hayat\u0131 hem kendi hem \u00e7evresindekiler i\u00e7in daha anlaml\u0131 k\u0131lan, daima daha fazlas\u0131 i\u00e7in \u00e7al\u0131\u015fan, ilham ve umut veren g\u00fc\u00e7l\u00fc kad\u0131nlar ve toplumsal cinsiyet e\u015fitli\u011finin sa\u011flanmas\u0131 yoluyla kad\u0131n\u0131n toplumda, i\u015f ve ekonomik hayatta g\u00fc\u00e7lenmesinin yan\u0131nda duran \u00f6nc\u00fc markalar, I\u015f\u0131ldayanlar\u00a0Konferans\u0131\u2019nda bulu\u015fuyor.\u00a0OGGUSTO ev sahipli\u011finde ger\u00e7ekle\u015ftirece\u011fimiz ilk I\u015f\u0131ldayanlar Konferans\u0131'n\u0131n konusu \u201cToplumsal Cinsiyet E\u015fitli\u011fi ve Kad\u0131n\u0131n G\u00fc\u00e7lenmesi\u201d. \u2060\",\"breadcrumb\":{\"@id\":\"https:\/\/julesverne.com.tr\/haberler\/birlikte-isildamaya-davetlisiniz\/#breadcrumb\"},\"inLanguage\":\"en-US\",\"potentialAction\":[{\"@type\":\"ReadAction\",\"target\":[\"https:\/\/julesverne.com.tr\/haberler\/birlikte-isildamaya-davetlisiniz\/\"]}]},{\"@type\":\"ImageObject\",\"inLanguage\":\"en-US\",\"@id\":\"https:\/\/julesverne.com.tr\/haberler\/birlikte-isildamaya-davetlisiniz\/#primaryimage\",\"url\":\"https:\/\/julesverne.com.tr\/wp-content\/uploads\/2022\/05\/isildayanlar-konferansi-ureten-ve-guc-veren-yildiz-kadinlar-24-mayista-isildayanlar-konferansinda-848.jpg\",\"contentUrl\":\"https:\/\/julesverne.com.tr\/wp-content\/uploads\/2022\/05\/isildayanlar-konferansi-ureten-ve-guc-veren-yildiz-kadinlar-24-mayista-isildayanlar-konferansinda-848.jpg\",\"width\":1140,\"height\":480},{\"@type\":\"BreadcrumbList\",\"@id\":\"https:\/\/julesverne.com.tr\/haberler\/birlikte-isildamaya-davetlisiniz\/#breadcrumb\",\"itemListElement\":[{\"@type\":\"ListItem\",\"position\":1,\"name\":\"Anasayfa\",\"item\":\"https:\/\/julesverne.com.tr\/\"},{\"@type\":\"ListItem\",\"position\":2,\"name\":\"Birlikte I\u015f\u0131ldamaya Davetlisiniz!\"}]},{\"@type\":\"WebSite\",\"@id\":\"https:\/\/julesverne.com.tr\/#website\",\"url\":\"https:\/\/julesverne.com.tr\/\",\"name\":\"JULES VERNE BUSINESS MICE TRAVEL\",\"description\":\"\",\"publisher\":{\"@id\":\"https:\/\/julesverne.com.tr\/#organization\"},\"potentialAction\":[{\"@type\":\"SearchAction\",\"target\":{\"@type\":\"EntryPoint\",\"urlTemplate\":\"https:\/\/julesverne.com.tr\/?s={search_term_string}\"},\"query-input\":\"required name=search_term_string\"}],\"inLanguage\":\"en-US\"},{\"@type\":\"Organization\",\"@id\":\"https:\/\/julesverne.com.tr\/#organization\",\"name\":\"JULES VERNE BUSINESS MICE TRAVEL\",\"url\":\"https:\/\/julesverne.com.tr\/\",\"logo\":{\"@type\":\"ImageObject\",\"inLanguage\":\"en-US\",\"@id\":\"https:\/\/julesverne.com.tr\/#\/schema\/logo\/image\/\",\"url\":\"https:\/\/julesverne.com.tr\/wp-content\/uploads\/2020\/09\/jv-bmt-logo.png\",\"contentUrl\":\"https:\/\/julesverne.com.tr\/wp-content\/uploads\/2020\/09\/jv-bmt-logo.png\",\"width\":110,\"height\":81,\"caption\":\"JULES VERNE BUSINESS MICE TRAVEL\"},\"image\":{\"@id\":\"https:\/\/julesverne.com.tr\/#\/schema\/logo\/image\/\"},\"sameAs\":[\"https:\/\/www.facebook.com\/JulesVerneBusinessMiceTravel\/\",\"https:\/\/twitter.com\/JV_BusinessMice\",\"https:\/\/www.instagram.com\/julesvernebusinessmicetravel\/\",\"https:\/\/www.linkedin.com\/company\/julesvernebusinessmicetravel\/\",\"https:\/\/www.youtube.com\/channel\/UCAwdsmbZ6tFhu1tea6pkpiw\"]},{\"@type\":\"Person\",\"@id\":\"https:\/\/julesverne.com.tr\/#\/schema\/person\/b27d0a74a740ecb2ffc838c934d95797\",\"name\":\"senem.ekermen\",\"url\":\"https:\/\/julesverne.com.tr\/en\/author\/senem-ekermen\/\"}]}<\/script>\n<!-- \/ Yoast SEO plugin. -->","yoast_head_json":{"title":"[:tr]Birlikte I\u015f\u0131ldamaya Davetlisiniz![:] - JULES VERNE BUSINESS MICE TRAVEL","description":"KARANLIK ANCAK KADINLAR I\u015eILDARSA AYDINLANIR diye yola \u00e7\u0131karak, de\u011fi\u015fime her g\u00fcn tan\u0131kl\u0131k etti\u011fimiz bu \u00e7a\u011fda, g\u00fc\u00e7 katan, ilham veren, umut veren kad\u0131nlar i\u00e7in I\u015eILDAYANLAR KONFERANSI\u2019n\u0131 d\u00fczenliyoruz.\u00a0 I\u015f\u0131k sa\u00e7arak hayat\u0131 hem kendi hem \u00e7evresindekiler i\u00e7in daha anlaml\u0131 k\u0131lan, daima daha fazlas\u0131 i\u00e7in \u00e7al\u0131\u015fan, ilham ve umut veren g\u00fc\u00e7l\u00fc kad\u0131nlar ve toplumsal cinsiyet e\u015fitli\u011finin sa\u011flanmas\u0131 yoluyla kad\u0131n\u0131n toplumda, i\u015f ve ekonomik hayatta g\u00fc\u00e7lenmesinin yan\u0131nda duran \u00f6nc\u00fc markalar, I\u015f\u0131ldayanlar\u00a0Konferans\u0131\u2019nda bulu\u015fuyor.\u00a0OGGUSTO ev sahipli\u011finde ger\u00e7ekle\u015ftirece\u011fimiz ilk I\u015f\u0131ldayanlar Konferans\u0131'n\u0131n konusu \u201cToplumsal Cinsiyet E\u015fitli\u011fi ve Kad\u0131n\u0131n G\u00fc\u00e7lenmesi\u201d. \u2060","robots":{"index":"index","follow":"follow","max-snippet":"max-snippet:-1","max-image-preview":"max-image-preview:large","max-video-preview":"max-video-preview:-1"},"canonical":"https:\/\/julesverne.com.tr\/haberler\/birlikte-isildamaya-davetlisiniz\/","og_locale":"en_US","og_type":"article","og_title":"[:tr]Birlikte I\u015f\u0131ldamaya Davetlisiniz![:] - JULES VERNE BUSINESS MICE TRAVEL","og_description":"KARANLIK ANCAK KADINLAR I\u015eILDARSA AYDINLANIR diye yola \u00e7\u0131karak, de\u011fi\u015fime her g\u00fcn tan\u0131kl\u0131k etti\u011fimiz bu \u00e7a\u011fda, g\u00fc\u00e7 katan, ilham veren, umut veren kad\u0131nlar i\u00e7in I\u015eILDAYANLAR KONFERANSI\u2019n\u0131 d\u00fczenliyoruz.\u00a0 I\u015f\u0131k sa\u00e7arak hayat\u0131 hem kendi hem \u00e7evresindekiler i\u00e7in daha anlaml\u0131 k\u0131lan, daima daha fazlas\u0131 i\u00e7in \u00e7al\u0131\u015fan, ilham ve umut veren g\u00fc\u00e7l\u00fc kad\u0131nlar ve toplumsal cinsiyet e\u015fitli\u011finin sa\u011flanmas\u0131 yoluyla kad\u0131n\u0131n toplumda, i\u015f ve ekonomik hayatta g\u00fc\u00e7lenmesinin yan\u0131nda duran \u00f6nc\u00fc markalar, I\u015f\u0131ldayanlar\u00a0Konferans\u0131\u2019nda bulu\u015fuyor.\u00a0OGGUSTO ev sahipli\u011finde ger\u00e7ekle\u015ftirece\u011fimiz ilk I\u015f\u0131ldayanlar Konferans\u0131'n\u0131n konusu \u201cToplumsal Cinsiyet E\u015fitli\u011fi ve Kad\u0131n\u0131n G\u00fc\u00e7lenmesi\u201d. \u2060","og_url":"https:\/\/julesverne.com.tr\/haberler\/birlikte-isildamaya-davetlisiniz\/","og_site_name":"JULES VERNE BUSINESS MICE TRAVEL","article_publisher":"https:\/\/www.facebook.com\/JulesVerneBusinessMiceTravel\/","article_published_time":"2022-05-18T10:02:03+00:00","article_modified_time":"2022-05-18T12:07:31+00:00","og_image":[{"width":1140,"height":480,"url":"https:\/\/julesverne.com.tr\/wp-content\/uploads\/2022\/05\/isildayanlar-konferansi-ureten-ve-guc-veren-yildiz-kadinlar-24-mayista-isildayanlar-konferansinda-848.jpg","type":"image\/jpeg"}],"author":"senem.ekermen","twitter_card":"summary_large_image","twitter_creator":"@JV_BusinessMice","twitter_site":"@JV_BusinessMice","twitter_misc":{"Written by":"senem.ekermen","Est. reading time":"8 minutes"},"schema":{"@context":"https:\/\/schema.org","@graph":[{"@type":"Article","@id":"https:\/\/julesverne.com.tr\/haberler\/birlikte-isildamaya-davetlisiniz\/#article","isPartOf":{"@id":"https:\/\/julesverne.com.tr\/haberler\/birlikte-isildamaya-davetlisiniz\/"},"author":{"name":"senem.ekermen","@id":"https:\/\/julesverne.com.tr\/#\/schema\/person\/b27d0a74a740ecb2ffc838c934d95797"},"headline":"(TR) Birlikte I\u015f\u0131ldamaya Davetlisiniz!","datePublished":"2022-05-18T10:02:03+00:00","dateModified":"2022-05-18T12:07:31+00:00","mainEntityOfPage":{"@id":"https:\/\/julesverne.com.tr\/haberler\/birlikte-isildamaya-davetlisiniz\/"},"wordCount":1619,"publisher":{"@id":"https:\/\/julesverne.com.tr\/#organization"},"image":{"@id":"https:\/\/julesverne.com.tr\/haberler\/birlikte-isildamaya-davetlisiniz\/#primaryimage"},"thumbnailUrl":"https:\/\/julesverne.com.tr\/wp-content\/uploads\/2022\/05\/isildayanlar-konferansi-ureten-ve-guc-veren-yildiz-kadinlar-24-mayista-isildayanlar-konferansinda-848.jpg","keywords":["I\u015f\u0131ldayanlar Konferans\u0131"],"articleSection":["News","Mice Haberler"],"inLanguage":"en-US"},{"@type":"WebPage","@id":"https:\/\/julesverne.com.tr\/haberler\/birlikte-isildamaya-davetlisiniz\/","url":"https:\/\/julesverne.com.tr\/haberler\/birlikte-isildamaya-davetlisiniz\/","name":"[:tr]Birlikte I\u015f\u0131ldamaya Davetlisiniz![:] - JULES VERNE BUSINESS MICE TRAVEL","isPartOf":{"@id":"https:\/\/julesverne.com.tr\/#website"},"primaryImageOfPage":{"@id":"https:\/\/julesverne.com.tr\/haberler\/birlikte-isildamaya-davetlisiniz\/#primaryimage"},"image":{"@id":"https:\/\/julesverne.com.tr\/haberler\/birlikte-isildamaya-davetlisiniz\/#primaryimage"},"thumbnailUrl":"https:\/\/julesverne.com.tr\/wp-content\/uploads\/2022\/05\/isildayanlar-konferansi-ureten-ve-guc-veren-yildiz-kadinlar-24-mayista-isildayanlar-konferansinda-848.jpg","datePublished":"2022-05-18T10:02:03+00:00","dateModified":"2022-05-18T12:07:31+00:00","description":"KARANLIK ANCAK KADINLAR I\u015eILDARSA AYDINLANIR diye yola \u00e7\u0131karak, de\u011fi\u015fime her g\u00fcn tan\u0131kl\u0131k etti\u011fimiz bu \u00e7a\u011fda, g\u00fc\u00e7 katan, ilham veren, umut veren kad\u0131nlar i\u00e7in I\u015eILDAYANLAR KONFERANSI\u2019n\u0131 d\u00fczenliyoruz.\u00a0 I\u015f\u0131k sa\u00e7arak hayat\u0131 hem kendi hem \u00e7evresindekiler i\u00e7in daha anlaml\u0131 k\u0131lan, daima daha fazlas\u0131 i\u00e7in \u00e7al\u0131\u015fan, ilham ve umut veren g\u00fc\u00e7l\u00fc kad\u0131nlar ve toplumsal cinsiyet e\u015fitli\u011finin sa\u011flanmas\u0131 yoluyla kad\u0131n\u0131n toplumda, i\u015f ve ekonomik hayatta g\u00fc\u00e7lenmesinin yan\u0131nda duran \u00f6nc\u00fc markalar, I\u015f\u0131ldayanlar\u00a0Konferans\u0131\u2019nda bulu\u015fuyor.\u00a0OGGUSTO ev sahipli\u011finde ger\u00e7ekle\u015ftirece\u011fimiz ilk I\u015f\u0131ldayanlar Konferans\u0131'n\u0131n konusu \u201cToplumsal Cinsiyet E\u015fitli\u011fi ve Kad\u0131n\u0131n G\u00fc\u00e7lenmesi\u201d. \u2060","breadcrumb":{"@id":"https:\/\/julesverne.com.tr\/haberler\/birlikte-isildamaya-davetlisiniz\/#breadcrumb"},"inLanguage":"en-US","potentialAction":[{"@type":"ReadAction","target":["https:\/\/julesverne.com.tr\/haberler\/birlikte-isildamaya-davetlisiniz\/"]}]},{"@type":"ImageObject","inLanguage":"en-US","@id":"https:\/\/julesverne.com.tr\/haberler\/birlikte-isildamaya-davetlisiniz\/#primaryimage","url":"https:\/\/julesverne.com.tr\/wp-content\/uploads\/2022\/05\/isildayanlar-konferansi-ureten-ve-guc-veren-yildiz-kadinlar-24-mayista-isildayanlar-konferansinda-848.jpg","contentUrl":"https:\/\/julesverne.com.tr\/wp-content\/uploads\/2022\/05\/isildayanlar-konferansi-ureten-ve-guc-veren-yildiz-kadinlar-24-mayista-isildayanlar-konferansinda-848.jpg","width":1140,"height":480},{"@type":"BreadcrumbList","@id":"https:\/\/julesverne.com.tr\/haberler\/birlikte-isildamaya-davetlisiniz\/#breadcrumb","itemListElement":[{"@type":"ListItem","position":1,"name":"Anasayfa","item":"https:\/\/julesverne.com.tr\/"},{"@type":"ListItem","position":2,"name":"Birlikte I\u015f\u0131ldamaya Davetlisiniz!"}]},{"@type":"WebSite","@id":"https:\/\/julesverne.com.tr\/#website","url":"https:\/\/julesverne.com.tr\/","name":"JULES VERNE BUSINESS MICE TRAVEL","description":"","publisher":{"@id":"https:\/\/julesverne.com.tr\/#organization"},"potentialAction":[{"@type":"SearchAction","target":{"@type":"EntryPoint","urlTemplate":"https:\/\/julesverne.com.tr\/?s={search_term_string}"},"query-input":"required name=search_term_string"}],"inLanguage":"en-US"},{"@type":"Organization","@id":"https:\/\/julesverne.com.tr\/#organization","name":"JULES VERNE BUSINESS MICE TRAVEL","url":"https:\/\/julesverne.com.tr\/","logo":{"@type":"ImageObject","inLanguage":"en-US","@id":"https:\/\/julesverne.com.tr\/#\/schema\/logo\/image\/","url":"https:\/\/julesverne.com.tr\/wp-content\/uploads\/2020\/09\/jv-bmt-logo.png","contentUrl":"https:\/\/julesverne.com.tr\/wp-content\/uploads\/2020\/09\/jv-bmt-logo.png","width":110,"height":81,"caption":"JULES VERNE BUSINESS MICE TRAVEL"},"image":{"@id":"https:\/\/julesverne.com.tr\/#\/schema\/logo\/image\/"},"sameAs":["https:\/\/www.facebook.com\/JulesVerneBusinessMiceTravel\/","https:\/\/twitter.com\/JV_BusinessMice","https:\/\/www.instagram.com\/julesvernebusinessmicetravel\/","https:\/\/www.linkedin.com\/company\/julesvernebusinessmicetravel\/","https:\/\/www.youtube.com\/channel\/UCAwdsmbZ6tFhu1tea6pkpiw"]},{"@type":"Person","@id":"https:\/\/julesverne.com.tr\/#\/schema\/person\/b27d0a74a740ecb2ffc838c934d95797","name":"senem.ekermen","url":"https:\/\/julesverne.com.tr\/en\/author\/senem-ekermen\/"}]}},"_links":{"self":[{"href":"https:\/\/julesverne.com.tr\/en\/wp-json\/wp\/v2\/posts\/13436"}],"collection":[{"href":"https:\/\/julesverne.com.tr\/en\/wp-json\/wp\/v2\/posts"}],"about":[{"href":"https:\/\/julesverne.com.tr\/en\/wp-json\/wp\/v2\/types\/post"}],"author":[{"embeddable":true,"href":"https:\/\/julesverne.com.tr\/en\/wp-json\/wp\/v2\/users\/5"}],"replies":[{"embeddable":true,"href":"https:\/\/julesverne.com.tr\/en\/wp-json\/wp\/v2\/comments?post=13436"}],"version-history":[{"count":13,"href":"https:\/\/julesverne.com.tr\/en\/wp-json\/wp\/v2\/posts\/13436\/revisions"}],"predecessor-version":[{"id":13461,"href":"https:\/\/julesverne.com.tr\/en\/wp-json\/wp\/v2\/posts\/13436\/revisions\/13461"}],"wp:featuredmedia":[{"embeddable":true,"href":"https:\/\/julesverne.com.tr\/en\/wp-json\/wp\/v2\/media\/13442"}],"wp:attachment":[{"href":"https:\/\/julesverne.com.tr\/en\/wp-json\/wp\/v2\/media?parent=13436"}],"wp:term":[{"taxonomy":"category","embeddable":true,"href":"https:\/\/julesverne.com.tr\/en\/wp-json\/wp\/v2\/categories?post=13436"},{"taxonomy":"post_tag","embeddable":true,"href":"https:\/\/julesverne.com.tr\/en\/wp-json\/wp\/v2\/tags?post=13436"}],"curies":[{"name":"wp","href":"https:\/\/api.w.org\/{rel}","templated":true}]}}