{"id":12998,"date":"2022-03-16T15:57:04","date_gmt":"2022-03-16T12:57:04","guid":{"rendered":"https:\/\/julesverne.com.tr\/?p=12998"},"modified":"2022-03-17T16:42:55","modified_gmt":"2022-03-17T13:42:55","slug":"bayram-tatili-avrupa-jules-verne-ozel-gezileri","status":"publish","type":"post","link":"https:\/\/julesverne.com.tr\/en\/travel-blog\/bayram-tatili-avrupa-jules-verne-ozel-gezileri\/","title":{"rendered":"(TR) Ramazan Bayram\u0131&#8217;nda Jules Verne \u00d6zel Gezileri ile Avrupa\u2019n\u0131n En Keyifli Destinasyonlar\u0131n\u0131 Ke\u015ffedin!"},"content":{"rendered":"<p class=\"qtranxs-available-languages-message qtranxs-available-languages-message-en\">Sorry, this entry is only available in <a href=\"https:\/\/julesverne.com.tr\/tr\/wp-json\/wp\/v2\/posts\/12998\" class=\"qtranxs-available-language-link qtranxs-available-language-link-tr\" title=\"TR\">Turkish<\/a>.<\/p>","protected":false},"excerpt":{"rendered":"<p>Sorry, this entry is only available in Turkish.<\/p>\n","protected":false},"author":10,"featured_media":13015,"comment_status":"closed","ping_status":"closed","sticky":false,"template":"","format":"standard","meta":{"inline_featured_image":false,"footnotes":""},"categories":[38,1,39],"tags":[77,85,73,117,245],"acf":[],"yoast_head":"<!-- This site is optimized with the Yoast SEO plugin v22.3 - https:\/\/yoast.com\/wordpress\/plugins\/seo\/ -->\n<title><\/title>\n<meta name=\"description\" content=\"Ramazan Bayram\u0131 tatiliniz i\u00e7in Avrupa&#039;daki en \u00f6zel, en g\u00fczel destinasyonlarda yerlerinizi ay\u0131rtt\u0131k. Do\u011fan\u0131n yeniden uyand\u0131\u011f\u0131, a\u011fa\u00e7lar\u0131n ve \u00e7i\u00e7eklerin rengarenk bir g\u00f6r\u00fcn\u00fcme kavu\u015ftu\u011fu bahar\u0131, bayram co\u015fkusu e\u015fli\u011finde Avrupa\u2019n\u0131n en \u00e7ok \u00f6zlenen destinasyonlar\u0131nda Jules Verne \u00d6zel Gezileri ile kar\u015f\u0131lamaya ne dersiniz? \u00a0Toskana\u2019dan End\u00fcl\u00fcs\u2019e; Sicilya\u2019dan Portekiz\u2019e uzanan birbirinden \u00f6zel rotalarda, keyifli an\u0131lar biriktirece\u011finiz Jules Verne \u00d6zel Gezileri...\" \/>\n<meta name=\"robots\" content=\"index, follow, max-snippet:-1, max-image-preview:large, max-video-preview:-1\" \/>\n<link rel=\"canonical\" href=\"https:\/\/julesverne.com.tr\/travel-blog\/bayram-tatili-avrupa-jules-verne-ozel-gezileri\/\" \/>\n<meta property=\"og:locale\" content=\"en_US\" \/>\n<meta property=\"og:type\" content=\"article\" \/>\n<meta property=\"og:title\" content=\"[:tr]Ramazan Bayram\u0131&#039;nda Jules Verne \u00d6zel Gezileri ile Avrupa\u2019n\u0131n En Keyifli Destinasyonlar\u0131n\u0131 Ke\u015ffedin![:] - JULES VERNE BUSINESS MICE TRAVEL\" \/>\n<meta property=\"og:description\" content=\"Ramazan Bayram\u0131 tatiliniz i\u00e7in Avrupa&#039;daki en \u00f6zel, en g\u00fczel destinasyonlarda yerlerinizi ay\u0131rtt\u0131k. Do\u011fan\u0131n yeniden uyand\u0131\u011f\u0131, a\u011fa\u00e7lar\u0131n ve \u00e7i\u00e7eklerin rengarenk bir g\u00f6r\u00fcn\u00fcme kavu\u015ftu\u011fu bahar\u0131, bayram co\u015fkusu e\u015fli\u011finde Avrupa\u2019n\u0131n en \u00e7ok \u00f6zlenen destinasyonlar\u0131nda Jules Verne \u00d6zel Gezileri ile kar\u015f\u0131lamaya ne dersiniz? \u00a0Toskana\u2019dan End\u00fcl\u00fcs\u2019e; Sicilya\u2019dan Portekiz\u2019e uzanan birbirinden \u00f6zel rotalarda, keyifli an\u0131lar biriktirece\u011finiz Jules Verne \u00d6zel Gezileri...\" \/>\n<meta property=\"og:url\" content=\"https:\/\/julesverne.com.tr\/travel-blog\/bayram-tatili-avrupa-jules-verne-ozel-gezileri\/\" \/>\n<meta property=\"og:site_name\" content=\"JULES VERNE BUSINESS MICE TRAVEL\" \/>\n<meta property=\"article:publisher\" content=\"https:\/\/www.facebook.com\/JulesVerneBusinessMiceTravel\/\" \/>\n<meta property=\"article:published_time\" content=\"2022-03-16T12:57:04+00:00\" \/>\n<meta property=\"article:modified_time\" content=\"2022-03-17T13:42:55+00:00\" \/>\n<meta property=\"og:image\" content=\"https:\/\/julesverne.com.tr\/wp-content\/uploads\/2022\/03\/taormina_sicilya.jpg\" \/>\n\t<meta property=\"og:image:width\" content=\"999\" \/>\n\t<meta property=\"og:image:height\" content=\"666\" \/>\n\t<meta property=\"og:image:type\" content=\"image\/jpeg\" \/>\n<meta name=\"author\" content=\"Ebru Alt\u0131n\" \/>\n<meta name=\"twitter:card\" content=\"summary_large_image\" \/>\n<meta name=\"twitter:creator\" content=\"@JV_BusinessMice\" \/>\n<meta name=\"twitter:site\" content=\"@JV_BusinessMice\" \/>\n<meta name=\"twitter:label1\" content=\"Written by\" \/>\n\t<meta name=\"twitter:data1\" content=\"Ebru Alt\u0131n\" \/>\n\t<meta name=\"twitter:label2\" content=\"Est. reading time\" \/>\n\t<meta name=\"twitter:data2\" content=\"6 minutes\" \/>\n<script type=\"application\/ld+json\" class=\"yoast-schema-graph\">{\"@context\":\"https:\/\/schema.org\",\"@graph\":[{\"@type\":\"Article\",\"@id\":\"https:\/\/julesverne.com.tr\/travel-blog\/bayram-tatili-avrupa-jules-verne-ozel-gezileri\/#article\",\"isPartOf\":{\"@id\":\"https:\/\/julesverne.com.tr\/travel-blog\/bayram-tatili-avrupa-jules-verne-ozel-gezileri\/\"},\"author\":{\"name\":\"Ebru Alt\u0131n\",\"@id\":\"https:\/\/julesverne.com.tr\/#\/schema\/person\/219931edfe2e7d9cbbcbabb8a7e4c7f4\"},\"headline\":\"(TR) Ramazan Bayram\u0131&#8217;nda Jules Verne \u00d6zel Gezileri ile Avrupa\u2019n\u0131n En Keyifli Destinasyonlar\u0131n\u0131 Ke\u015ffedin!\",\"datePublished\":\"2022-03-16T12:57:04+00:00\",\"dateModified\":\"2022-03-17T13:42:55+00:00\",\"mainEntityOfPage\":{\"@id\":\"https:\/\/julesverne.com.tr\/travel-blog\/bayram-tatili-avrupa-jules-verne-ozel-gezileri\/\"},\"wordCount\":982,\"publisher\":{\"@id\":\"https:\/\/julesverne.com.tr\/#organization\"},\"image\":{\"@id\":\"https:\/\/julesverne.com.tr\/travel-blog\/bayram-tatili-avrupa-jules-verne-ozel-gezileri\/#primaryimage\"},\"thumbnailUrl\":\"https:\/\/julesverne.com.tr\/wp-content\/uploads\/2022\/03\/taormina_sicilya.jpg\",\"keywords\":[\"\u0130lham Veren Destinasyonlar\",\"Jules Verne \u00d6zel Gezileri\",\"Nereye Gitsek\",\"Ramazan Bayram\u0131 Yurtd\u0131\u015f\u0131 Rotalar\u0131\",\"Seyahat Blog\"],\"articleSection\":[\"\u0130lham Veren Destinasyonlar\",\"Blog\",\"Nereye Gitsek?\"],\"inLanguage\":\"en-US\"},{\"@type\":\"WebPage\",\"@id\":\"https:\/\/julesverne.com.tr\/travel-blog\/bayram-tatili-avrupa-jules-verne-ozel-gezileri\/\",\"url\":\"https:\/\/julesverne.com.tr\/travel-blog\/bayram-tatili-avrupa-jules-verne-ozel-gezileri\/\",\"name\":\"[:tr]Ramazan Bayram\u0131'nda Jules Verne \u00d6zel Gezileri ile Avrupa\u2019n\u0131n En Keyifli Destinasyonlar\u0131n\u0131 Ke\u015ffedin![:] - JULES VERNE BUSINESS MICE TRAVEL\",\"isPartOf\":{\"@id\":\"https:\/\/julesverne.com.tr\/#website\"},\"primaryImageOfPage\":{\"@id\":\"https:\/\/julesverne.com.tr\/travel-blog\/bayram-tatili-avrupa-jules-verne-ozel-gezileri\/#primaryimage\"},\"image\":{\"@id\":\"https:\/\/julesverne.com.tr\/travel-blog\/bayram-tatili-avrupa-jules-verne-ozel-gezileri\/#primaryimage\"},\"thumbnailUrl\":\"https:\/\/julesverne.com.tr\/wp-content\/uploads\/2022\/03\/taormina_sicilya.jpg\",\"datePublished\":\"2022-03-16T12:57:04+00:00\",\"dateModified\":\"2022-03-17T13:42:55+00:00\",\"description\":\"Ramazan Bayram\u0131 tatiliniz i\u00e7in Avrupa'daki en \u00f6zel, en g\u00fczel destinasyonlarda yerlerinizi ay\u0131rtt\u0131k. Do\u011fan\u0131n yeniden uyand\u0131\u011f\u0131, a\u011fa\u00e7lar\u0131n ve \u00e7i\u00e7eklerin rengarenk bir g\u00f6r\u00fcn\u00fcme kavu\u015ftu\u011fu bahar\u0131, bayram co\u015fkusu e\u015fli\u011finde Avrupa\u2019n\u0131n en \u00e7ok \u00f6zlenen destinasyonlar\u0131nda Jules Verne \u00d6zel Gezileri ile kar\u015f\u0131lamaya ne dersiniz? \u00a0Toskana\u2019dan End\u00fcl\u00fcs\u2019e; Sicilya\u2019dan Portekiz\u2019e uzanan birbirinden \u00f6zel rotalarda, keyifli an\u0131lar biriktirece\u011finiz Jules Verne \u00d6zel Gezileri...\",\"breadcrumb\":{\"@id\":\"https:\/\/julesverne.com.tr\/travel-blog\/bayram-tatili-avrupa-jules-verne-ozel-gezileri\/#breadcrumb\"},\"inLanguage\":\"en-US\",\"potentialAction\":[{\"@type\":\"ReadAction\",\"target\":[\"https:\/\/julesverne.com.tr\/travel-blog\/bayram-tatili-avrupa-jules-verne-ozel-gezileri\/\"]}]},{\"@type\":\"ImageObject\",\"inLanguage\":\"en-US\",\"@id\":\"https:\/\/julesverne.com.tr\/travel-blog\/bayram-tatili-avrupa-jules-verne-ozel-gezileri\/#primaryimage\",\"url\":\"https:\/\/julesverne.com.tr\/wp-content\/uploads\/2022\/03\/taormina_sicilya.jpg\",\"contentUrl\":\"https:\/\/julesverne.com.tr\/wp-content\/uploads\/2022\/03\/taormina_sicilya.jpg\",\"width\":999,\"height\":666},{\"@type\":\"BreadcrumbList\",\"@id\":\"https:\/\/julesverne.com.tr\/travel-blog\/bayram-tatili-avrupa-jules-verne-ozel-gezileri\/#breadcrumb\",\"itemListElement\":[{\"@type\":\"ListItem\",\"position\":1,\"name\":\"Anasayfa\",\"item\":\"https:\/\/julesverne.com.tr\/\"},{\"@type\":\"ListItem\",\"position\":2,\"name\":\"Ramazan Bayram\u0131&#8217;nda Jules Verne \u00d6zel Gezileri ile Avrupa\u2019n\u0131n En Keyifli Destinasyonlar\u0131n\u0131 Ke\u015ffedin!\"}]},{\"@type\":\"WebSite\",\"@id\":\"https:\/\/julesverne.com.tr\/#website\",\"url\":\"https:\/\/julesverne.com.tr\/\",\"name\":\"JULES VERNE BUSINESS MICE TRAVEL\",\"description\":\"\",\"publisher\":{\"@id\":\"https:\/\/julesverne.com.tr\/#organization\"},\"potentialAction\":[{\"@type\":\"SearchAction\",\"target\":{\"@type\":\"EntryPoint\",\"urlTemplate\":\"https:\/\/julesverne.com.tr\/?s={search_term_string}\"},\"query-input\":\"required name=search_term_string\"}],\"inLanguage\":\"en-US\"},{\"@type\":\"Organization\",\"@id\":\"https:\/\/julesverne.com.tr\/#organization\",\"name\":\"JULES VERNE BUSINESS MICE TRAVEL\",\"url\":\"https:\/\/julesverne.com.tr\/\",\"logo\":{\"@type\":\"ImageObject\",\"inLanguage\":\"en-US\",\"@id\":\"https:\/\/julesverne.com.tr\/#\/schema\/logo\/image\/\",\"url\":\"https:\/\/julesverne.com.tr\/wp-content\/uploads\/2020\/09\/jv-bmt-logo.png\",\"contentUrl\":\"https:\/\/julesverne.com.tr\/wp-content\/uploads\/2020\/09\/jv-bmt-logo.png\",\"width\":110,\"height\":81,\"caption\":\"JULES VERNE BUSINESS MICE TRAVEL\"},\"image\":{\"@id\":\"https:\/\/julesverne.com.tr\/#\/schema\/logo\/image\/\"},\"sameAs\":[\"https:\/\/www.facebook.com\/JulesVerneBusinessMiceTravel\/\",\"https:\/\/twitter.com\/JV_BusinessMice\",\"https:\/\/www.instagram.com\/julesvernebusinessmicetravel\/\",\"https:\/\/www.linkedin.com\/company\/julesvernebusinessmicetravel\/\",\"https:\/\/www.youtube.com\/channel\/UCAwdsmbZ6tFhu1tea6pkpiw\"]},{\"@type\":\"Person\",\"@id\":\"https:\/\/julesverne.com.tr\/#\/schema\/person\/219931edfe2e7d9cbbcbabb8a7e4c7f4\",\"name\":\"Ebru Alt\u0131n\",\"url\":\"https:\/\/julesverne.com.tr\/en\/author\/ebru-altin\/\"}]}<\/script>\n<!-- \/ Yoast SEO plugin. -->","yoast_head_json":{"title":"[:tr]Ramazan Bayram\u0131'nda Jules Verne \u00d6zel Gezileri ile Avrupa\u2019n\u0131n En Keyifli Destinasyonlar\u0131n\u0131 Ke\u015ffedin![:] - JULES VERNE BUSINESS MICE TRAVEL","description":"Ramazan Bayram\u0131 tatiliniz i\u00e7in Avrupa'daki en \u00f6zel, en g\u00fczel destinasyonlarda yerlerinizi ay\u0131rtt\u0131k. Do\u011fan\u0131n yeniden uyand\u0131\u011f\u0131, a\u011fa\u00e7lar\u0131n ve \u00e7i\u00e7eklerin rengarenk bir g\u00f6r\u00fcn\u00fcme kavu\u015ftu\u011fu bahar\u0131, bayram co\u015fkusu e\u015fli\u011finde Avrupa\u2019n\u0131n en \u00e7ok \u00f6zlenen destinasyonlar\u0131nda Jules Verne \u00d6zel Gezileri ile kar\u015f\u0131lamaya ne dersiniz? \u00a0Toskana\u2019dan End\u00fcl\u00fcs\u2019e; Sicilya\u2019dan Portekiz\u2019e uzanan birbirinden \u00f6zel rotalarda, keyifli an\u0131lar biriktirece\u011finiz Jules Verne \u00d6zel Gezileri...","robots":{"index":"index","follow":"follow","max-snippet":"max-snippet:-1","max-image-preview":"max-image-preview:large","max-video-preview":"max-video-preview:-1"},"canonical":"https:\/\/julesverne.com.tr\/travel-blog\/bayram-tatili-avrupa-jules-verne-ozel-gezileri\/","og_locale":"en_US","og_type":"article","og_title":"[:tr]Ramazan Bayram\u0131'nda Jules Verne \u00d6zel Gezileri ile Avrupa\u2019n\u0131n En Keyifli Destinasyonlar\u0131n\u0131 Ke\u015ffedin![:] - JULES VERNE BUSINESS MICE TRAVEL","og_description":"Ramazan Bayram\u0131 tatiliniz i\u00e7in Avrupa'daki en \u00f6zel, en g\u00fczel destinasyonlarda yerlerinizi ay\u0131rtt\u0131k. Do\u011fan\u0131n yeniden uyand\u0131\u011f\u0131, a\u011fa\u00e7lar\u0131n ve \u00e7i\u00e7eklerin rengarenk bir g\u00f6r\u00fcn\u00fcme kavu\u015ftu\u011fu bahar\u0131, bayram co\u015fkusu e\u015fli\u011finde Avrupa\u2019n\u0131n en \u00e7ok \u00f6zlenen destinasyonlar\u0131nda Jules Verne \u00d6zel Gezileri ile kar\u015f\u0131lamaya ne dersiniz? \u00a0Toskana\u2019dan End\u00fcl\u00fcs\u2019e; Sicilya\u2019dan Portekiz\u2019e uzanan birbirinden \u00f6zel rotalarda, keyifli an\u0131lar biriktirece\u011finiz Jules Verne \u00d6zel Gezileri...","og_url":"https:\/\/julesverne.com.tr\/travel-blog\/bayram-tatili-avrupa-jules-verne-ozel-gezileri\/","og_site_name":"JULES VERNE BUSINESS MICE TRAVEL","article_publisher":"https:\/\/www.facebook.com\/JulesVerneBusinessMiceTravel\/","article_published_time":"2022-03-16T12:57:04+00:00","article_modified_time":"2022-03-17T13:42:55+00:00","og_image":[{"width":999,"height":666,"url":"https:\/\/julesverne.com.tr\/wp-content\/uploads\/2022\/03\/taormina_sicilya.jpg","type":"image\/jpeg"}],"author":"Ebru Alt\u0131n","twitter_card":"summary_large_image","twitter_creator":"@JV_BusinessMice","twitter_site":"@JV_BusinessMice","twitter_misc":{"Written by":"Ebru Alt\u0131n","Est. reading time":"6 minutes"},"schema":{"@context":"https:\/\/schema.org","@graph":[{"@type":"Article","@id":"https:\/\/julesverne.com.tr\/travel-blog\/bayram-tatili-avrupa-jules-verne-ozel-gezileri\/#article","isPartOf":{"@id":"https:\/\/julesverne.com.tr\/travel-blog\/bayram-tatili-avrupa-jules-verne-ozel-gezileri\/"},"author":{"name":"Ebru Alt\u0131n","@id":"https:\/\/julesverne.com.tr\/#\/schema\/person\/219931edfe2e7d9cbbcbabb8a7e4c7f4"},"headline":"(TR) Ramazan Bayram\u0131&#8217;nda Jules Verne \u00d6zel Gezileri ile Avrupa\u2019n\u0131n En Keyifli Destinasyonlar\u0131n\u0131 Ke\u015ffedin!","datePublished":"2022-03-16T12:57:04+00:00","dateModified":"2022-03-17T13:42:55+00:00","mainEntityOfPage":{"@id":"https:\/\/julesverne.com.tr\/travel-blog\/bayram-tatili-avrupa-jules-verne-ozel-gezileri\/"},"wordCount":982,"publisher":{"@id":"https:\/\/julesverne.com.tr\/#organization"},"image":{"@id":"https:\/\/julesverne.com.tr\/travel-blog\/bayram-tatili-avrupa-jules-verne-ozel-gezileri\/#primaryimage"},"thumbnailUrl":"https:\/\/julesverne.com.tr\/wp-content\/uploads\/2022\/03\/taormina_sicilya.jpg","keywords":["\u0130lham Veren Destinasyonlar","Jules Verne \u00d6zel Gezileri","Nereye Gitsek","Ramazan Bayram\u0131 Yurtd\u0131\u015f\u0131 Rotalar\u0131","Seyahat Blog"],"articleSection":["\u0130lham Veren Destinasyonlar","Blog","Nereye Gitsek?"],"inLanguage":"en-US"},{"@type":"WebPage","@id":"https:\/\/julesverne.com.tr\/travel-blog\/bayram-tatili-avrupa-jules-verne-ozel-gezileri\/","url":"https:\/\/julesverne.com.tr\/travel-blog\/bayram-tatili-avrupa-jules-verne-ozel-gezileri\/","name":"[:tr]Ramazan Bayram\u0131'nda Jules Verne \u00d6zel Gezileri ile Avrupa\u2019n\u0131n En Keyifli Destinasyonlar\u0131n\u0131 Ke\u015ffedin![:] - JULES VERNE BUSINESS MICE TRAVEL","isPartOf":{"@id":"https:\/\/julesverne.com.tr\/#website"},"primaryImageOfPage":{"@id":"https:\/\/julesverne.com.tr\/travel-blog\/bayram-tatili-avrupa-jules-verne-ozel-gezileri\/#primaryimage"},"image":{"@id":"https:\/\/julesverne.com.tr\/travel-blog\/bayram-tatili-avrupa-jules-verne-ozel-gezileri\/#primaryimage"},"thumbnailUrl":"https:\/\/julesverne.com.tr\/wp-content\/uploads\/2022\/03\/taormina_sicilya.jpg","datePublished":"2022-03-16T12:57:04+00:00","dateModified":"2022-03-17T13:42:55+00:00","description":"Ramazan Bayram\u0131 tatiliniz i\u00e7in Avrupa'daki en \u00f6zel, en g\u00fczel destinasyonlarda yerlerinizi ay\u0131rtt\u0131k. Do\u011fan\u0131n yeniden uyand\u0131\u011f\u0131, a\u011fa\u00e7lar\u0131n ve \u00e7i\u00e7eklerin rengarenk bir g\u00f6r\u00fcn\u00fcme kavu\u015ftu\u011fu bahar\u0131, bayram co\u015fkusu e\u015fli\u011finde Avrupa\u2019n\u0131n en \u00e7ok \u00f6zlenen destinasyonlar\u0131nda Jules Verne \u00d6zel Gezileri ile kar\u015f\u0131lamaya ne dersiniz? \u00a0Toskana\u2019dan End\u00fcl\u00fcs\u2019e; Sicilya\u2019dan Portekiz\u2019e uzanan birbirinden \u00f6zel rotalarda, keyifli an\u0131lar biriktirece\u011finiz Jules Verne \u00d6zel Gezileri...","breadcrumb":{"@id":"https:\/\/julesverne.com.tr\/travel-blog\/bayram-tatili-avrupa-jules-verne-ozel-gezileri\/#breadcrumb"},"inLanguage":"en-US","potentialAction":[{"@type":"ReadAction","target":["https:\/\/julesverne.com.tr\/travel-blog\/bayram-tatili-avrupa-jules-verne-ozel-gezileri\/"]}]},{"@type":"ImageObject","inLanguage":"en-US","@id":"https:\/\/julesverne.com.tr\/travel-blog\/bayram-tatili-avrupa-jules-verne-ozel-gezileri\/#primaryimage","url":"https:\/\/julesverne.com.tr\/wp-content\/uploads\/2022\/03\/taormina_sicilya.jpg","contentUrl":"https:\/\/julesverne.com.tr\/wp-content\/uploads\/2022\/03\/taormina_sicilya.jpg","width":999,"height":666},{"@type":"BreadcrumbList","@id":"https:\/\/julesverne.com.tr\/travel-blog\/bayram-tatili-avrupa-jules-verne-ozel-gezileri\/#breadcrumb","itemListElement":[{"@type":"ListItem","position":1,"name":"Anasayfa","item":"https:\/\/julesverne.com.tr\/"},{"@type":"ListItem","position":2,"name":"Ramazan Bayram\u0131&#8217;nda Jules Verne \u00d6zel Gezileri ile Avrupa\u2019n\u0131n En Keyifli Destinasyonlar\u0131n\u0131 Ke\u015ffedin!"}]},{"@type":"WebSite","@id":"https:\/\/julesverne.com.tr\/#website","url":"https:\/\/julesverne.com.tr\/","name":"JULES VERNE BUSINESS MICE TRAVEL","description":"","publisher":{"@id":"https:\/\/julesverne.com.tr\/#organization"},"potentialAction":[{"@type":"SearchAction","target":{"@type":"EntryPoint","urlTemplate":"https:\/\/julesverne.com.tr\/?s={search_term_string}"},"query-input":"required name=search_term_string"}],"inLanguage":"en-US"},{"@type":"Organization","@id":"https:\/\/julesverne.com.tr\/#organization","name":"JULES VERNE BUSINESS MICE TRAVEL","url":"https:\/\/julesverne.com.tr\/","logo":{"@type":"ImageObject","inLanguage":"en-US","@id":"https:\/\/julesverne.com.tr\/#\/schema\/logo\/image\/","url":"https:\/\/julesverne.com.tr\/wp-content\/uploads\/2020\/09\/jv-bmt-logo.png","contentUrl":"https:\/\/julesverne.com.tr\/wp-content\/uploads\/2020\/09\/jv-bmt-logo.png","width":110,"height":81,"caption":"JULES VERNE BUSINESS MICE TRAVEL"},"image":{"@id":"https:\/\/julesverne.com.tr\/#\/schema\/logo\/image\/"},"sameAs":["https:\/\/www.facebook.com\/JulesVerneBusinessMiceTravel\/","https:\/\/twitter.com\/JV_BusinessMice","https:\/\/www.instagram.com\/julesvernebusinessmicetravel\/","https:\/\/www.linkedin.com\/company\/julesvernebusinessmicetravel\/","https:\/\/www.youtube.com\/channel\/UCAwdsmbZ6tFhu1tea6pkpiw"]},{"@type":"Person","@id":"https:\/\/julesverne.com.tr\/#\/schema\/person\/219931edfe2e7d9cbbcbabb8a7e4c7f4","name":"Ebru Alt\u0131n","url":"https:\/\/julesverne.com.tr\/en\/author\/ebru-altin\/"}]}},"_links":{"self":[{"href":"https:\/\/julesverne.com.tr\/en\/wp-json\/wp\/v2\/posts\/12998"}],"collection":[{"href":"https:\/\/julesverne.com.tr\/en\/wp-json\/wp\/v2\/posts"}],"about":[{"href":"https:\/\/julesverne.com.tr\/en\/wp-json\/wp\/v2\/types\/post"}],"author":[{"embeddable":true,"href":"https:\/\/julesverne.com.tr\/en\/wp-json\/wp\/v2\/users\/10"}],"replies":[{"embeddable":true,"href":"https:\/\/julesverne.com.tr\/en\/wp-json\/wp\/v2\/comments?post=12998"}],"version-history":[{"count":20,"href":"https:\/\/julesverne.com.tr\/en\/wp-json\/wp\/v2\/posts\/12998\/revisions"}],"predecessor-version":[{"id":13040,"href":"https:\/\/julesverne.com.tr\/en\/wp-json\/wp\/v2\/posts\/12998\/revisions\/13040"}],"wp:featuredmedia":[{"embeddable":true,"href":"https:\/\/julesverne.com.tr\/en\/wp-json\/wp\/v2\/media\/13015"}],"wp:attachment":[{"href":"https:\/\/julesverne.com.tr\/en\/wp-json\/wp\/v2\/media?parent=12998"}],"wp:term":[{"taxonomy":"category","embeddable":true,"href":"https:\/\/julesverne.com.tr\/en\/wp-json\/wp\/v2\/categories?post=12998"},{"taxonomy":"post_tag","embeddable":true,"href":"https:\/\/julesverne.com.tr\/en\/wp-json\/wp\/v2\/tags?post=12998"}],"curies":[{"name":"wp","href":"https:\/\/api.w.org\/{rel}","templated":true}]}}