{"id":11282,"date":"2023-11-02T07:27:35","date_gmt":"2023-11-02T04:27:35","guid":{"rendered":"https:\/\/julesverne.com.tr\/?p=11282"},"modified":"2023-11-03T14:52:13","modified_gmt":"2023-11-03T11:52:13","slug":"bu-kis-laplande-gitmeniz-icin-12-neden","status":"publish","type":"post","link":"https:\/\/julesverne.com.tr\/en\/travel-blog\/bu-kis-laplande-gitmeniz-icin-12-neden\/","title":{"rendered":"K\u0131\u015f Tatilinde Lapland\u2019e Gitmeniz \u0130\u00e7in 12 Neden!"},"content":{"rendered":"<p><img loading=\"lazy\" decoding=\"async\" class=\"size-full wp-image-11279 alignnone\" src=\"https:\/\/julesverne.com.tr\/wp-content\/uploads\/2021\/11\/husky-lapland-1.jpg\" alt=\"\" width=\"1200\" height=\"800\" srcset=\"https:\/\/julesverne.com.tr\/wp-content\/uploads\/2021\/11\/husky-lapland-1.jpg 1200w, https:\/\/julesverne.com.tr\/wp-content\/uploads\/2021\/11\/husky-lapland-1-500x333.jpg 500w, https:\/\/julesverne.com.tr\/wp-content\/uploads\/2021\/11\/husky-lapland-1-768x512.jpg 768w\" sizes=\"(max-width: 1200px) 100vw, 1200px\" \/><\/p>\n<p>Finlandiya, \u0130sve\u00e7, Norve\u00e7 ve hatta Rusya&#8217;n\u0131n topraklar\u0131n\u0131n dahil oldu\u011fu asl\u0131nda Avrupa&#8217;n\u0131n \u00e7at\u0131s\u0131 olarak bilinen Laponya (Lapland) tam bir r\u00fcyalar alemi gibi&#8230; \u00a0U\u00e7suz bucaks\u0131z, g\u00fcne\u015fin alt\u0131nda bir kristal tarlas\u0131 gibi parlayan karla kapl\u0131 ormanlar, bembeyaz buz tutmu\u015f g\u00f6ller, geceleri g\u00f6ky\u00fcz\u00fcnde dans eden rengarenk \u0131\u015f\u0131klar ve y\u0131ld\u0131zlar&#8230;<\/p>\n<p>Noel ve y\u0131lba\u015f\u0131n\u0131n b\u00fcy\u00fcs\u00fcn\u00fc sadece birka\u00e7 haftaya de\u011fil, t\u00fcm bir y\u0131la yayan <strong>Lapland<\/strong>; masals\u0131 aktiviteleri ve do\u011fa harikalar\u0131 ile g\u00f6z kama\u015ft\u0131r\u0131rken, sizi y\u0131l\u0131n en renkli d\u00f6nemini daha da renklendirmeye davet ediyor.<\/p>\n<p><strong>Kuzey \u0131\u015f\u0131klar\u0131n\u0131 g\u00f6rmek, husky safarisi yapmak, lokal k\u00f6ylerde yava\u015f hayat\u0131 deneyimlemek, Ren geyiklerinin \u00e7ekti\u011fi k\u0131zaklarla macera, Buzk\u0131ran gemisiyle yolculuk, donmu\u015f nehirde bal\u0131k tutmak, buzlu suda y\u00fczmek Lapland\u2019de ya\u015fayabilece\u011finiz b\u00fcy\u00fcl\u00fc, efsanevi, canl\u0131, ne\u015feli ve e\u011flenceli deneyimlerden sadece baz\u0131lar\u0131&#8230; <\/strong><\/p>\n<p>Bir d\u00fc\u015f\u00fcn\u00fcn, hayat\u0131n\u0131zda ka\u00e7 kere Husky safarisine kat\u0131l\u0131p, cam bir Igloo&#8217;da yata\u011f\u0131n\u0131zda yatarken Kuzey \u0131\u015f\u0131klar\u0131n\u0131 seyredebilirsiniz?<\/p>\n<p><img loading=\"lazy\" decoding=\"async\" class=\"size-full wp-image-11277 alignnone\" src=\"https:\/\/julesverne.com.tr\/wp-content\/uploads\/2021\/11\/lapland-2.jpg\" alt=\"\" width=\"1200\" height=\"800\" srcset=\"https:\/\/julesverne.com.tr\/wp-content\/uploads\/2021\/11\/lapland-2.jpg 1200w, https:\/\/julesverne.com.tr\/wp-content\/uploads\/2021\/11\/lapland-2-500x333.jpg 500w, https:\/\/julesverne.com.tr\/wp-content\/uploads\/2021\/11\/lapland-2-768x512.jpg 768w\" sizes=\"(max-width: 1200px) 100vw, 1200px\" \/><\/p>\n<h2><strong>Ne Zaman Gidilir?<\/strong><\/h2>\n<p>K\u0131\u015f tatili i\u00e7in en keyifli d\u00f6nem Ekim &#8211; Nisan aylar\u0131 aras\u0131nda. Lapland&#8217;e bu d\u00f6nemde giderseniz hem bembeyaz kar \u00f6rt\u00fcs\u00fcn\u00fc hem de <strong>Aurora Borealis<\/strong>\u2019i ka\u00e7\u0131rmam\u0131\u015f olursunuz!<\/p>\n<h1 class=\"single-post-title\">Unutulmaz Bir Lapland Gezisi \u0130\u00e7in 12 \u00d6neri<\/h1>\n<p><img loading=\"lazy\" decoding=\"async\" class=\"alignnone wp-image-11321\" src=\"https:\/\/julesverne.com.tr\/wp-content\/uploads\/2021\/11\/northern-lights_shutterstock_1120772963-500x279.jpg\" alt=\"\" width=\"1200\" height=\"668\" srcset=\"https:\/\/julesverne.com.tr\/wp-content\/uploads\/2021\/11\/northern-lights_shutterstock_1120772963-500x279.jpg 500w, https:\/\/julesverne.com.tr\/wp-content\/uploads\/2021\/11\/northern-lights_shutterstock_1120772963-768x428.jpg 768w, https:\/\/julesverne.com.tr\/wp-content\/uploads\/2021\/11\/northern-lights_shutterstock_1120772963.jpg 1000w\" sizes=\"(max-width: 1200px) 100vw, 1200px\" \/><\/p>\n<h2><strong>Aurora Borealis Turu (Kuzey I\u015f\u0131klar\u0131)<\/strong><\/h2>\n<p><strong>Lapland&#8217;e ak\u0131n edilmesinin as\u0131l sebebi bir mucize: Aurora Borealis yani Kuzey I\u015f\u0131klar\u0131! <\/strong><\/p>\n<p>D\u00fcnyadan neredeyse 150 milyon km uzakl\u0131kta g\u00fcne\u015f y\u00fczeyinde meydana gelen do\u011fa olay\u0131, uzay bo\u015flu\u011fundaki yolculu\u011funun ard\u0131ndan d\u00fcnyaya ula\u015ft\u0131\u011f\u0131nda bu \u015fahane manyetik dalgalar\u0131 g\u00f6ky\u00fcz\u00fcne yans\u0131t\u0131yor. G\u00fcne\u015fin y\u00fczeyinde olu\u015fan dev patlamalar 3-4 g\u00fcn sonra d\u00fcnyaya yakla\u015f\u0131yor ve manyetik partik\u00fcller d\u00fcnyan\u0131n yo\u011fun manyetik \u00e7ekimine sahip kutup b\u00f6lgelerinde toplan\u0131yor. Aurora Borealis&#8217;e tan\u0131k olmak mutlaka herkesin ya\u015famas\u0131 gereken muhte\u015fem bir deneyim!<\/p>\n<p>Lapland b\u00f6lgesi bu deneyimi ya\u015famak i\u00e7in D\u00fcnya \u00fczerindeki en iyi yerlerden biri! Kuzey I\u015f\u0131klar\u0131 Finlandiya Laponya&#8217;s\u0131nda y\u0131lda 200&#8217;den fazla gece g\u00f6r\u00fcl\u00fcyor! Masallardaki gibi bembeyaz karlarla kapl\u0131 k\u00fct\u00fck evinizde veya cam \u00e7at\u0131l\u0131 igloo odan\u0131zda bu do\u011fa olay\u0131na tan\u0131kl\u0131k etmek kesinlikle unutulmaz bir deneyim olacak! Aurora Hunting turunda s\u0131ca\u011f\u0131 koruyan \u00f6zel termal k\u0131yafetler giyerek atlar\u0131n \u00e7ekti\u011fi k\u0131zaklara binerek karla kapl\u0131 ormanlara giriyorsunuz. Atlar\u0131n nal sesleri ve do\u011fa manzaras\u0131 e\u015fli\u011finde yap\u0131lan yolculuk bile muhte\u015fem bir deneyim.<\/p>\n<p><img loading=\"lazy\" decoding=\"async\" class=\"alignnone wp-image-11332\" src=\"https:\/\/julesverne.com.tr\/wp-content\/uploads\/2021\/11\/northern_light_shutterstock_1253485756-500x334.jpg\" alt=\"\" width=\"1200\" height=\"800\" srcset=\"https:\/\/julesverne.com.tr\/wp-content\/uploads\/2021\/11\/northern_light_shutterstock_1253485756-500x334.jpg 500w, https:\/\/julesverne.com.tr\/wp-content\/uploads\/2021\/11\/northern_light_shutterstock_1253485756-768x512.jpg 768w, https:\/\/julesverne.com.tr\/wp-content\/uploads\/2021\/11\/northern_light_shutterstock_1253485756.jpg 1000w\" sizes=\"(max-width: 1200px) 100vw, 1200px\" \/><\/p>\n<h2><strong>B\u00fcy\u00fcl\u00fc Polar Gecesi Deneyimi<\/strong><\/h2>\n<p>Ba\u015fka hi\u00e7bir yerdekine benzemeyen b\u00fcy\u00fcl\u00fc Polar gecesi, uzak kuzeyde, Arctic Circle&#8217;\u0131n hemen \u00fcst\u00fcnde, g\u00fcn boyu devam ederken, Laponya&#8217;da ne kadar uza\u011fa gitti\u011finize ba\u011fl\u0131 olarak yakla\u015f\u0131k iki ay s\u00fcrebiliyor. Alacakaranl\u0131kta Kuzey I\u015f\u0131klar\u0131&#8217;n\u0131n \u00e7arp\u0131c\u0131 k\u0131rm\u0131z\u0131ms\u0131 ve mor tonlar\u0131n\u0131 y\u0131ld\u0131zlarla kapl\u0131 g\u00f6ky\u00fcz\u00fcnde ay \u0131\u015f\u0131\u011f\u0131nda g\u00f6zlemlemek kesinlikle ke\u015ffe de\u011fer!<\/p>\n<p><img loading=\"lazy\" decoding=\"async\" class=\"alignnone wp-image-3358\" src=\"https:\/\/julesverne.com.tr\/wp-content\/uploads\/2020\/09\/santaclausvillage-500x333.jpg\" alt=\"\" width=\"1200\" height=\"800\" srcset=\"https:\/\/julesverne.com.tr\/wp-content\/uploads\/2020\/09\/santaclausvillage-500x333.jpg 500w, https:\/\/julesverne.com.tr\/wp-content\/uploads\/2020\/09\/santaclausvillage-768x512.jpg 768w, https:\/\/julesverne.com.tr\/wp-content\/uploads\/2020\/09\/santaclausvillage.jpg 999w\" sizes=\"(max-width: 1200px) 100vw, 1200px\" \/><\/p>\n<h2><strong>Noel Baba K\u00f6y\u00fc (Santa Claus Village)<\/strong><\/h2>\n<p>Rovaniemi\u2019ye birka\u00e7 kilometre uzakl\u0131kta konumlanan Santa Claus Village, Noel Baba ile ilgili duydu\u011funuz t\u00fcm hik\u00e2yelerin ger\u00e7e\u011fe d\u00f6n\u00fc\u015fm\u00fc\u015f hali! Bir e\u011flence park\u0131 gibi olan Santa Claus Village\u2019a geldi\u011finizde k\u00fc\u00e7\u00fck m\u00fczeyi gezebilir, Noel Baba Ana Postanesi\u2019nden posta g\u00f6nderebilir, kar motorlar\u0131na binebilir, husky\u2019leri g\u00f6rebilir, Elf\u2019lerin \u00e7iftli\u011fini ziyaret edebilirsiniz!<\/p>\n<p><img loading=\"lazy\" decoding=\"async\" class=\"alignnone wp-image-4264\" src=\"https:\/\/julesverne.com.tr\/wp-content\/uploads\/2020\/09\/lapland-1-500x334.jpg\" alt=\"\" width=\"1200\" height=\"800\" srcset=\"https:\/\/julesverne.com.tr\/wp-content\/uploads\/2020\/09\/lapland-1-500x334.jpg 500w, https:\/\/julesverne.com.tr\/wp-content\/uploads\/2020\/09\/lapland-1-768x512.jpg 768w, https:\/\/julesverne.com.tr\/wp-content\/uploads\/2020\/09\/lapland-1.jpg 1000w\" sizes=\"(max-width: 1200px) 100vw, 1200px\" \/><\/p>\n<h2><strong>\u0130gloo\u2019da Konaklamak<\/strong><\/h2>\n<p>Lapland seyahatinizde \u201cmutlaka yap\u0131lacaklar listesi\u201dnde olmas\u0131 gereken bir deneyim! Bir cam k\u00fcreyi and\u0131ran igloo\u2019lar g\u00f6ky\u00fcz\u00fcn\u00fc seyredebilmeniz i\u00e7in cam tavandan olu\u015fuyor. Metrekare olarak geleneksel odalardan daha k\u00fc\u00e7\u00fck olsa da konforunuzdan \u00f6d\u00fcn vermiyorsunuz. Kuzey stilini yans\u0131tan sade tasar\u0131m\u0131 ile hava karard\u0131\u011f\u0131nda g\u00f6ky\u00fcz\u00fcndeki y\u0131ld\u0131zlar ve Kuzey I\u015f\u0131klar\u0131 ile ba\u015f ba\u015fa kal\u0131yorsunuz. D\u0131\u015far\u0131s\u0131 -20 derece iken bile yatt\u0131\u011f\u0131n\u0131z yerden y\u0131ld\u0131zlara bak\u0131p hayal kurmak muhte\u015fem de\u011fil mi?<\/p>\n<p><img loading=\"lazy\" decoding=\"async\" class=\"size-full wp-image-11280 alignnone\" src=\"https:\/\/julesverne.com.tr\/wp-content\/uploads\/2021\/11\/lapland-8.jpg\" alt=\"\" width=\"1200\" height=\"800\" srcset=\"https:\/\/julesverne.com.tr\/wp-content\/uploads\/2021\/11\/lapland-8.jpg 1200w, https:\/\/julesverne.com.tr\/wp-content\/uploads\/2021\/11\/lapland-8-500x333.jpg 500w, https:\/\/julesverne.com.tr\/wp-content\/uploads\/2021\/11\/lapland-8-768x512.jpg 768w\" sizes=\"(max-width: 1200px) 100vw, 1200px\" \/><\/p>\n<h2><strong>Ren Geyi\u011fi Safarisi<\/strong><\/h2>\n<p>\u00c7evre ve do\u011fa dostu bir tatil etkinli\u011fi olan Ren Geyi\u011fi safarisi asl\u0131nda yerel halk Sami\u2019lerin seyahat etme y\u00f6ntemi&#8230; Ren geyi\u011fi e\u011fitim ve yeti\u015ftirme \u00e7iftli\u011finde ba\u015flayan turda ilk olarak profesyonel rehberler, ren geyiklerini s\u00fcrmek i\u00e7in neler yapman\u0131z gerekti\u011fini anlat\u0131yor. S\u00fcr\u00fc\u015f e\u011fitiminden sonra ren geyiklerinin \u00e7ekece\u011fi k\u0131zaklara oturarak Finlandiya\u2019n\u0131n karlarla kapl\u0131 ormanlar\u0131 aras\u0131nda muhte\u015fem bir do\u011fa gezisine \u00e7\u0131k\u0131yorsunuz. Turunuz bittikten sonra Sami rehberinizle beraber b\u00fcy\u00fck bir \u00e7ad\u0131r\u0131n i\u00e7inde \u0131s\u0131n\u0131p, dinleniyorsunuz. Ortada yanan ate\u015fte pancake yap\u0131p, lezzetli berry \u00e7ay\u0131 i\u00e7ebilirsiniz. Ren geyiklerinin b\u00fcy\u00fcs\u00fcne kap\u0131l\u0131p Finlandiya\u2019n\u0131n kuzeyini ke\u015ffedece\u011finiz bu tur hayat\u0131n\u0131zda ya\u015fayaca\u011f\u0131n\u0131z en ilgin\u00e7 deneyimlerden biri olacak.<\/p>\n<p><img loading=\"lazy\" decoding=\"async\" class=\"alignnone wp-image-3360\" src=\"https:\/\/julesverne.com.tr\/wp-content\/uploads\/2020\/09\/samipeople.jpg\" alt=\"\" width=\"1200\" height=\"763\" srcset=\"https:\/\/julesverne.com.tr\/wp-content\/uploads\/2020\/09\/samipeople.jpg 999w, https:\/\/julesverne.com.tr\/wp-content\/uploads\/2020\/09\/samipeople-500x318.jpg 500w, https:\/\/julesverne.com.tr\/wp-content\/uploads\/2020\/09\/samipeople-768x488.jpg 768w\" sizes=\"(max-width: 1200px) 100vw, 1200px\" \/><\/p>\n<h2><strong>Ren Geyi\u011fi \u00c7iftli\u011fi Ziyareti ve Sami Yerel Halk\u0131 ile Bulu\u015fma<\/strong><\/h2>\n<p>Lapland&#8217;in yerel halk\u0131 olan Samiler taraf\u0131ndan kar\u015f\u0131lan\u0131p, Sami k\u00fclt\u00fcr\u00fc ile Ren geyiklerinin yeti\u015ftirilmesi hakk\u0131nda bilgi almaya ne dersiniz? Utsjoki Belediyesi&#8217;nin Sami k\u00f6yleri yava\u015flay\u0131p, do\u011fal olarak nefes alabilece\u011finiz ve do\u011fan\u0131n sundu\u011fu enfes lezzetleri tadabilece\u011finiz do\u011fal bir ortam sunuyor. &#8220;Sessizlik&#8221; ve &#8220;yerel&#8221; Utsjoki&#8217;de farkl\u0131 bir anlam ta\u015f\u0131yor. Sami k\u00fclt\u00fcr\u00fcn\u00fc tan\u0131d\u0131ktan sonra Ren geyikleri taraf\u0131ndan \u00e7ekilen k\u0131zaklar\u0131 s\u00fcrme tekni\u011fini \u00f6\u011frenip, sonras\u0131nda bu k\u0131zaklarla ufak bir gezinti yapabilirsiniz.<\/p>\n<p><img loading=\"lazy\" decoding=\"async\" class=\"alignnone wp-image-3356\" src=\"https:\/\/julesverne.com.tr\/wp-content\/uploads\/2020\/09\/husky_fam-500x333.jpg\" alt=\"\" width=\"1200\" height=\"799\" srcset=\"https:\/\/julesverne.com.tr\/wp-content\/uploads\/2020\/09\/husky_fam-500x333.jpg 500w, https:\/\/julesverne.com.tr\/wp-content\/uploads\/2020\/09\/husky_fam-768x511.jpg 768w, https:\/\/julesverne.com.tr\/wp-content\/uploads\/2020\/09\/husky_fam.jpg 1000w\" sizes=\"(max-width: 1200px) 100vw, 1200px\" \/><\/p>\n<h2><strong>Sibirya Kurdu Safarisi (Husky Turu)<\/strong><\/h2>\n<p>Kuzey Kutbu hayvanlar\u0131 olarak bilinen <strong>Husky<\/strong> cinsi k\u00f6peklerle ge\u00e7irece\u011finiz saatler hayat\u0131n\u0131z\u0131n unutulmaz deneyimlerinden biri olacak. Lapland&#8217;in karlarla kapl\u0131 do\u011fas\u0131nda, Husky cinsi k\u00f6peklerin \u00e7ekti\u011fi k\u0131zaklarla yapaca\u011f\u0131n\u0131z yolculuk, Husky \u00e7iftli\u011finde ge\u00e7irece\u011finiz keyifli zamanlar bu k\u0131\u015f masal\u0131n\u0131n olmazsa olmaz\u0131! Sibirya kurdu e\u011fitim ve yeti\u015ftirme \u00e7iftli\u011finde ba\u015flayan turda ilk olarak profesyonel rehberinizden k\u0131zaklar\u0131 nas\u0131l kontrol edece\u011finize dair bilgileri al\u0131p, k\u0131zaklara binerek Finlandiya\u2019n\u0131n karlarla kapl\u0131 ormanlar\u0131 aras\u0131nda muhte\u015fem bir do\u011fa gezisine \u00e7\u0131kacaks\u0131n\u0131z. Turun son noktas\u0131na geldi\u011finiz zaman s\u0131cak \u00e7ikolata i\u00e7ip \u015f\u00f6minede keyif yaparken Lapland hakk\u0131nda ilgin\u00e7 hikayeler dinleyip, Sibirya kurtlar\u0131 ile ilgili daha fazla bilgiye sahip olacaks\u0131n\u0131z. D\u00fcnyada \u00e7ok az yerde ger\u00e7ekle\u015ftirebilece\u011finiz bu ilgin\u00e7 tur sayesinde anlatacak e\u011flenceli ve farkl\u0131 bir hikayeniz olacak.<\/p>\n<p><img loading=\"lazy\" decoding=\"async\" class=\"alignnone wp-image-3366\" src=\"https:\/\/julesverne.com.tr\/wp-content\/uploads\/2020\/09\/sampoicebreaker.jpg\" alt=\"\" width=\"1200\" height=\"674\" srcset=\"https:\/\/julesverne.com.tr\/wp-content\/uploads\/2020\/09\/sampoicebreaker.jpg 1280w, https:\/\/julesverne.com.tr\/wp-content\/uploads\/2020\/09\/sampoicebreaker-500x281.jpg 500w, https:\/\/julesverne.com.tr\/wp-content\/uploads\/2020\/09\/sampoicebreaker-768x431.jpg 768w, https:\/\/julesverne.com.tr\/wp-content\/uploads\/2020\/09\/sampoicebreaker-400x225.jpg 400w\" sizes=\"(max-width: 1200px) 100vw, 1200px\" \/><\/p>\n<h2><strong>Sampo Buzk\u0131ran Gezisi<\/strong><\/h2>\n<p>Finlandiya&#8217;n\u0131n en \u00e7ok sevilen aktivitelerinden biri de Kemi Kasabas\u0131&#8217;ndan hareket eden buzk\u0131ran gemisi ile Bothnia K\u00f6rfezi&#8217;ne a\u00e7\u0131lmak. <strong>Sampo Buzk\u0131ran Gemisi <\/strong>ile Avrupa&#8217;n\u0131n en geni\u015f buzulunun bulundu\u011fu sularda dola\u015fabilir; \u00f6zel k\u0131yafetler giyerek Bothnia K\u00f6rfezi&#8217;nde buzlar aras\u0131nda y\u00fczebilirsiniz.<\/p>\n<p><img loading=\"lazy\" decoding=\"async\" class=\"alignnone wp-image-3362\" src=\"https:\/\/julesverne.com.tr\/wp-content\/uploads\/2020\/09\/snowmobilelapland-500x334.jpg\" alt=\"\" width=\"1200\" height=\"801\" srcset=\"https:\/\/julesverne.com.tr\/wp-content\/uploads\/2020\/09\/snowmobilelapland-500x334.jpg 500w, https:\/\/julesverne.com.tr\/wp-content\/uploads\/2020\/09\/snowmobilelapland-768x513.jpg 768w, https:\/\/julesverne.com.tr\/wp-content\/uploads\/2020\/09\/snowmobilelapland.jpg 999w\" sizes=\"(max-width: 1200px) 100vw, 1200px\" \/><\/p>\n<h2><strong>Kar Motosikleti S\u00fcr\u00fc\u015f\u00fc<\/strong><\/h2>\n<p>Lapland\u2019in beyaza b\u00fcr\u00fcnen do\u011fas\u0131nda adrenalin dolu bir aktivite ya\u015famak istiyorsan\u0131z kar motosikletlerine atlay\u0131p ormanlar i\u00e7erisinde s\u00fcr\u00fc\u015f keyfini ya\u015famal\u0131s\u0131n\u0131z. Lapland\u2019in vah\u015fi do\u011fas\u0131nda geleneksel bir ula\u015f\u0131m arac\u0131 olan kar motosikletleri ile s\u00fcr\u00fc\u015f deneyimi ayn\u0131 zamanda karlarla kapl\u0131 a\u011fa\u00e7l\u0131 yollar aras\u0131nda tabiat\u0131 ke\u015ffetmenin en heyecan dolu aktivitesi.<\/p>\n<p><img loading=\"lazy\" decoding=\"async\" class=\"alignnone wp-image-11285 size-full\" src=\"https:\/\/julesverne.com.tr\/wp-content\/uploads\/2021\/11\/buzda-balik-tutma.jpg\" alt=\"\" width=\"1200\" height=\"800\" srcset=\"https:\/\/julesverne.com.tr\/wp-content\/uploads\/2021\/11\/buzda-balik-tutma.jpg 1200w, https:\/\/julesverne.com.tr\/wp-content\/uploads\/2021\/11\/buzda-balik-tutma-500x333.jpg 500w, https:\/\/julesverne.com.tr\/wp-content\/uploads\/2021\/11\/buzda-balik-tutma-768x512.jpg 768w\" sizes=\"(max-width: 1200px) 100vw, 1200px\" \/><\/p>\n<h2><strong>Buzda Bal\u0131k Tutma<\/strong><\/h2>\n<p>Finlandiya&#8217;n\u0131n kuzeyinde Laponya b\u00f6lgesinde binden fazla g\u00f6l bulunuyor. Y\u0131l\u0131n \u00e7o\u011fu zaman\u0131 buzlarla kapl\u0131 olan bu g\u00f6llerde ya\u015fayan bal\u0131klar\u0131n tad\u0131 da olduk\u00e7a g\u00fczel. Yerli halk\u0131n en b\u00fcy\u00fck hobilerinden biri olan <strong>buzda bal\u0131k av\u0131 turu<\/strong> sayesinde buz tutmu\u015f bir g\u00f6lde buzu k\u0131r\u0131p nas\u0131l bal\u0131k tutulaca\u011f\u0131n\u0131 \u00f6\u011frenebilirsiniz. \u201cKar yiyen bal\u0131\u011f\u0131n tad\u0131 lezzetli olur\u201d derler. Bu s\u00f6z\u00fcn do\u011fru olup olmad\u0131\u011f\u0131n\u0131 \u00f6\u011frenmek tutaca\u011f\u0131n\u0131z bal\u0131klara ba\u011fl\u0131. Profesyonel rehberler ve \u00f6zel buz oltalar\u0131 sayesinde zorlanmadan bal\u0131klar\u0131 yakalamaya ba\u015flayacaks\u0131n\u0131z. Finlandiya\u2019n\u0131n bal\u0131klar\u0131n\u0131n boyutlar\u0131 b\u00fcy\u00fck, bu y\u00fczden yakalad\u0131ktan sonra s\u0131k\u0131ca \u00e7ekmeyi unutmay\u0131n. 2 saatlik bal\u0131k tutma turunda sonra yakalad\u0131\u011f\u0131n\u0131z bal\u0131klar\u0131 \u201ckendin pi\u015fir kendin ye\u201d b\u00f6l\u00fcm\u00fcnde pi\u015firip tad\u0131na bakabilirsiniz.<\/p>\n<p><img loading=\"lazy\" decoding=\"async\" class=\"alignnone wp-image-11329\" src=\"https:\/\/julesverne.com.tr\/wp-content\/uploads\/2021\/11\/Saariselka-kayak-500x251.jpg\" alt=\"\" width=\"1200\" height=\"602\" srcset=\"https:\/\/julesverne.com.tr\/wp-content\/uploads\/2021\/11\/Saariselka-kayak-500x251.jpg 500w, https:\/\/julesverne.com.tr\/wp-content\/uploads\/2021\/11\/Saariselka-kayak-768x385.jpg 768w, https:\/\/julesverne.com.tr\/wp-content\/uploads\/2021\/11\/Saariselka-kayak.jpg 995w\" sizes=\"(max-width: 1200px) 100vw, 1200px\" \/><\/p>\n<h2><strong>Kayak Keyfi<\/strong><\/h2>\n<p>\u0130ki tepenin eteklerine in\u015fa edilen Saariselk\u00e4 Kayak Merkezi, karlarla kapl\u0131 bir co\u011frafyada pek de \u015fa\u015f\u0131rtm\u0131yor asl\u0131nda. T\u00fcm seviyelere uygun pistleri bulunan kayak merkezinde Alp ve \u0130skandinav kayak unsurlar\u0131n\u0131 birle\u015ftiren bir kayak tekni\u011fi olan ve kayak ayakkab\u0131lar\u0131n\u0131n sadece ucunun kaya\u011fa sabitlendi\u011fi ve topuk b\u00f6lgesinin serbest kald\u0131\u011f\u0131 telemark kayak da yapabilirsiniz.<\/p>\n<p><img loading=\"lazy\" decoding=\"async\" class=\"size-full wp-image-11284 alignnone\" src=\"https:\/\/julesverne.com.tr\/wp-content\/uploads\/2021\/11\/Siida.jpg\" alt=\"\" width=\"1200\" height=\"800\" srcset=\"https:\/\/julesverne.com.tr\/wp-content\/uploads\/2021\/11\/Siida.jpg 1200w, https:\/\/julesverne.com.tr\/wp-content\/uploads\/2021\/11\/Siida-500x333.jpg 500w, https:\/\/julesverne.com.tr\/wp-content\/uploads\/2021\/11\/Siida-768x512.jpg 768w\" sizes=\"(max-width: 1200px) 100vw, 1200px\" \/><\/p>\n<h2><strong>Sami Museum Siida &#8211; Finlandiya<\/strong><\/h2>\n<p>Inari B\u00f6lgesi&#8217;nin kalbi olan<strong> Siida<\/strong>, ayn\u0131 zamanda Sami k\u00fclt\u00fcr\u00fc i\u00e7in de bir merkez noktas\u0131. Sami M\u00fczesi de hem Samilerin ulusal m\u00fczesi hem de Finlandiya k\u00fclt\u00fcr\u00fc i\u00e7in de\u011ferli bir k\u00fclt\u00fcr merkezi. Finli Samilerin k\u00fclt\u00fcr\u00fcn\u00fc, ya\u015fam tarzlar\u0131n\u0131 anlatan koleksiyon ise merak uyand\u0131r\u0131c\u0131. Samilerin ula\u015f\u0131m ara\u00e7lar\u0131ndan g\u00fcnl\u00fck ya\u015fam rit\u00fcellerine, k\u0131yafetlerinden inan\u00e7lar\u0131na kadar bir\u00e7ok detay\u0131 bu m\u00fczede bulabilirsiniz.<\/p>\n<h1 class=\"single-travel-title\"><a href=\"https:\/\/julesverne.com.tr\/gezi\/jules-verne-ozel-gezileri\/masallar-ulkesi-lapland-gezisi\/\">Masallar \u00dclkesi Lapland Gezisi\u00a0<\/a><\/h1>\n<p><img loading=\"lazy\" decoding=\"async\" class=\"alignnone wp-image-11278 size-full\" src=\"https:\/\/julesverne.com.tr\/wp-content\/uploads\/2021\/11\/lapland-9.jpg\" alt=\"\" width=\"1200\" height=\"800\" srcset=\"https:\/\/julesverne.com.tr\/wp-content\/uploads\/2021\/11\/lapland-9.jpg 1200w, https:\/\/julesverne.com.tr\/wp-content\/uploads\/2021\/11\/lapland-9-500x333.jpg 500w, https:\/\/julesverne.com.tr\/wp-content\/uploads\/2021\/11\/lapland-9-768x512.jpg 768w\" sizes=\"(max-width: 1200px) 100vw, 1200px\" \/><\/p>\n<h2 class=\"single-travel-title\">1 Aral\u0131k 2021 &#8211; 31 Mart 2022 tarihleri aras\u0131nda 3 Gece, 4 G\u00fcn<\/h2>\n<p>Y\u0131lba\u015f\u0131 yakla\u015f\u0131rken seyretti\u011finiz Noel temal\u0131 filmler kadar b\u00fcy\u00fcleyici bir tatil <strong>\u201cMasallar \u00dclkesi\u201d Lapland<\/strong>\u2019de sizleri bekliyor! Lapland\u2019de do\u011fan\u0131n en g\u00fczel olaylar\u0131ndan biri olan Kuzey I\u015f\u0131klar\u0131 seyrinden Ren geyi\u011fi safarisine, karl\u0131 yollarda kar motoru gezintisinden Ren geyikleri ile birlikte kamp ate\u015finin keyfini \u00e7\u0131karmaya, lokal k\u00f6ylerde yava\u015f hayat\u0131 deneyimleyip; buz heykelleri, at\u00f6lyeler, peri \u0131\u015f\u0131klar\u0131 ve elf \u015fovlar\u0131n\u0131n b\u00fcy\u00fcl\u00fc g\u00f6r\u00fcnt\u00fcleri ile dolu Santa Claus k\u00f6y\u00fc ziyaretine kadar ger\u00e7ek bir k\u0131\u015f masal\u0131 ya\u015fayabilirsiniz.\u00a0Noel ve y\u0131lba\u015f\u0131n\u0131n b\u00fcy\u00fcs\u00fcn\u00fc sadece birka\u00e7 haftaya de\u011fil, t\u00fcm bir y\u0131la yayan Kuzey Kutup dairesinin minik kasabas\u0131 <strong>Rovaniemi\u2019de<\/strong> masal tad\u0131nda, dopdolu bir 4 g\u00fcn sizce de muhte\u015fem olmaz m\u0131? Haydi gelin, kendinizi bir masal\u0131n i\u00e7inde gibi hissedece\u011finiz Lapland\u2019\u0131n sakl\u0131 cennetlerini birlikte ke\u015ffedelim.<\/p>\n<p>Lapland Gezisi ile ilgili detayl\u0131 bilgiye <a href=\"https:\/\/julesverne.com.tr\/gezi\/jules-verne-ozel-gezileri\/masallar-ulkesi-lapland-gezisi\/\"><strong>buradan<\/strong><\/a>\u00a0ula\u015fabilirsiniz<\/p>\n<p style=\"text-align: center;\"><strong>Size \u00d6zel Lapland Program\u0131 ve Rezervasyon \u0130\u00e7in:<\/strong><br \/>\n<a href=\"mailto:travel@julesverne.com.tr\" target=\"_blank\" rel=\"noopener noreferrer\"><strong>travel@julesverne.com.tr<\/strong><\/a><\/p>\n<p><\/p>","protected":false},"excerpt":{"rendered":"<p>Finlandiya, \u0130sve\u00e7, Norve\u00e7 ve hatta Rusya&#8217;n\u0131n topraklar\u0131n\u0131n dahil oldu\u011fu asl\u0131nda Avrupa&#8217;n\u0131n \u00e7at\u0131s\u0131 olarak bilinen Laponya (Lapland) tam bir r\u00fcyalar alemi gibi&#8230; \u00a0U\u00e7suz bucaks\u0131z, g\u00fcne\u015fin alt\u0131nda bir kristal tarlas\u0131 gibi parlayan karla kapl\u0131 ormanlar, bembeyaz buz tutmu\u015f g\u00f6ller, geceleri g\u00f6ky\u00fcz\u00fcnde dans eden rengarenk \u0131\u015f\u0131klar ve y\u0131ld\u0131zlar&#8230; Noel ve y\u0131lba\u015f\u0131n\u0131n b\u00fcy\u00fcs\u00fcn\u00fc sadece birka\u00e7 haftaya de\u011fil, t\u00fcm bir [&hellip;]<\/p>\n","protected":false},"author":10,"featured_media":11281,"comment_status":"closed","ping_status":"closed","sticky":false,"template":"","format":"standard","meta":{"inline_featured_image":false,"footnotes":""},"categories":[38,1,39],"tags":[137,77,210,284],"acf":[],"yoast_head":"<!-- This site is optimized with the Yoast SEO plugin v22.3 - https:\/\/yoast.com\/wordpress\/plugins\/seo\/ -->\n<title>K\u0131\u015f Tatilinde Lapland\u2019e Gitmeniz \u0130\u00e7in 12 Neden! - JULES VERNE BUSINESS MICE TRAVEL<\/title>\n<meta name=\"description\" content=\"Noel ve y\u0131lba\u015f\u0131n\u0131n b\u00fcy\u00fcs\u00fcn\u00fc sadece birka\u00e7 haftaya de\u011fil, t\u00fcm bir y\u0131la yayan Lapland; masals\u0131 aktiviteleri ve do\u011fa harikalar\u0131 ile g\u00f6z kama\u015ft\u0131r\u0131rken, sizi y\u0131l\u0131n en renkli d\u00f6nemini daha da renklendirmeye davet ediyor.\u00a0\" \/>\n<meta name=\"robots\" content=\"index, follow, max-snippet:-1, max-image-preview:large, max-video-preview:-1\" \/>\n<link rel=\"canonical\" href=\"https:\/\/julesverne.com.tr\/travel-blog\/bu-kis-laplande-gitmeniz-icin-12-neden\/\" \/>\n<meta property=\"og:locale\" content=\"en_US\" \/>\n<meta property=\"og:type\" content=\"article\" \/>\n<meta property=\"og:title\" content=\"K\u0131\u015f Tatilinde Lapland\u2019e Gitmeniz \u0130\u00e7in 12 Neden! - JULES VERNE BUSINESS MICE TRAVEL\" \/>\n<meta property=\"og:description\" content=\"Noel ve y\u0131lba\u015f\u0131n\u0131n b\u00fcy\u00fcs\u00fcn\u00fc sadece birka\u00e7 haftaya de\u011fil, t\u00fcm bir y\u0131la yayan Lapland; masals\u0131 aktiviteleri ve do\u011fa harikalar\u0131 ile g\u00f6z kama\u015ft\u0131r\u0131rken, sizi y\u0131l\u0131n en renkli d\u00f6nemini daha da renklendirmeye davet ediyor.\u00a0\" \/>\n<meta property=\"og:url\" content=\"https:\/\/julesverne.com.tr\/travel-blog\/bu-kis-laplande-gitmeniz-icin-12-neden\/\" \/>\n<meta property=\"og:site_name\" content=\"JULES VERNE BUSINESS MICE TRAVEL\" \/>\n<meta property=\"article:publisher\" content=\"https:\/\/www.facebook.com\/JulesVerneBusinessMiceTravel\/\" \/>\n<meta property=\"article:published_time\" content=\"2023-11-02T04:27:35+00:00\" \/>\n<meta property=\"article:modified_time\" content=\"2023-11-03T11:52:13+00:00\" \/>\n<meta property=\"og:image\" content=\"https:\/\/julesverne.com.tr\/wp-content\/uploads\/2021\/11\/lapland-avrupa.jpg\" \/>\n\t<meta property=\"og:image:width\" content=\"1200\" \/>\n\t<meta property=\"og:image:height\" content=\"800\" \/>\n\t<meta property=\"og:image:type\" content=\"image\/jpeg\" \/>\n<meta name=\"author\" content=\"Ebru Alt\u0131n\" \/>\n<meta name=\"twitter:card\" content=\"summary_large_image\" \/>\n<meta name=\"twitter:creator\" content=\"@JV_BusinessMice\" \/>\n<meta name=\"twitter:site\" content=\"@JV_BusinessMice\" \/>\n<meta name=\"twitter:label1\" content=\"Written by\" \/>\n\t<meta name=\"twitter:data1\" content=\"Ebru Alt\u0131n\" \/>\n\t<meta name=\"twitter:label2\" content=\"Est. reading time\" \/>\n\t<meta name=\"twitter:data2\" content=\"10 minutes\" \/>\n<script type=\"application\/ld+json\" class=\"yoast-schema-graph\">{\"@context\":\"https:\/\/schema.org\",\"@graph\":[{\"@type\":\"Article\",\"@id\":\"https:\/\/julesverne.com.tr\/travel-blog\/bu-kis-laplande-gitmeniz-icin-12-neden\/#article\",\"isPartOf\":{\"@id\":\"https:\/\/julesverne.com.tr\/travel-blog\/bu-kis-laplande-gitmeniz-icin-12-neden\/\"},\"author\":{\"name\":\"Ebru Alt\u0131n\",\"@id\":\"https:\/\/julesverne.com.tr\/#\/schema\/person\/219931edfe2e7d9cbbcbabb8a7e4c7f4\"},\"headline\":\"K\u0131\u015f Tatilinde Lapland\u2019e Gitmeniz \u0130\u00e7in 12 Neden!\",\"datePublished\":\"2023-11-02T04:27:35+00:00\",\"dateModified\":\"2023-11-03T11:52:13+00:00\",\"mainEntityOfPage\":{\"@id\":\"https:\/\/julesverne.com.tr\/travel-blog\/bu-kis-laplande-gitmeniz-icin-12-neden\/\"},\"wordCount\":3296,\"publisher\":{\"@id\":\"https:\/\/julesverne.com.tr\/#organization\"},\"image\":{\"@id\":\"https:\/\/julesverne.com.tr\/travel-blog\/bu-kis-laplande-gitmeniz-icin-12-neden\/#primaryimage\"},\"thumbnailUrl\":\"https:\/\/julesverne.com.tr\/wp-content\/uploads\/2021\/11\/lapland-avrupa.jpg\",\"keywords\":[\"Blog\",\"\u0130lham Veren Destinasyonlar\",\"K\u0131\u015f Tatili\",\"Lapland\"],\"articleSection\":[\"\u0130lham Veren Destinasyonlar\",\"Blog\",\"Nereye Gitsek?\"],\"inLanguage\":\"en-US\"},{\"@type\":\"WebPage\",\"@id\":\"https:\/\/julesverne.com.tr\/travel-blog\/bu-kis-laplande-gitmeniz-icin-12-neden\/\",\"url\":\"https:\/\/julesverne.com.tr\/travel-blog\/bu-kis-laplande-gitmeniz-icin-12-neden\/\",\"name\":\"K\u0131\u015f Tatilinde Lapland\u2019e Gitmeniz \u0130\u00e7in 12 Neden! - JULES VERNE BUSINESS MICE TRAVEL\",\"isPartOf\":{\"@id\":\"https:\/\/julesverne.com.tr\/#website\"},\"primaryImageOfPage\":{\"@id\":\"https:\/\/julesverne.com.tr\/travel-blog\/bu-kis-laplande-gitmeniz-icin-12-neden\/#primaryimage\"},\"image\":{\"@id\":\"https:\/\/julesverne.com.tr\/travel-blog\/bu-kis-laplande-gitmeniz-icin-12-neden\/#primaryimage\"},\"thumbnailUrl\":\"https:\/\/julesverne.com.tr\/wp-content\/uploads\/2021\/11\/lapland-avrupa.jpg\",\"datePublished\":\"2023-11-02T04:27:35+00:00\",\"dateModified\":\"2023-11-03T11:52:13+00:00\",\"description\":\"Noel ve y\u0131lba\u015f\u0131n\u0131n b\u00fcy\u00fcs\u00fcn\u00fc sadece birka\u00e7 haftaya de\u011fil, t\u00fcm bir y\u0131la yayan Lapland; masals\u0131 aktiviteleri ve do\u011fa harikalar\u0131 ile g\u00f6z kama\u015ft\u0131r\u0131rken, sizi y\u0131l\u0131n en renkli d\u00f6nemini daha da renklendirmeye davet ediyor.\u00a0\",\"breadcrumb\":{\"@id\":\"https:\/\/julesverne.com.tr\/travel-blog\/bu-kis-laplande-gitmeniz-icin-12-neden\/#breadcrumb\"},\"inLanguage\":\"en-US\",\"potentialAction\":[{\"@type\":\"ReadAction\",\"target\":[\"https:\/\/julesverne.com.tr\/travel-blog\/bu-kis-laplande-gitmeniz-icin-12-neden\/\"]}]},{\"@type\":\"ImageObject\",\"inLanguage\":\"en-US\",\"@id\":\"https:\/\/julesverne.com.tr\/travel-blog\/bu-kis-laplande-gitmeniz-icin-12-neden\/#primaryimage\",\"url\":\"https:\/\/julesverne.com.tr\/wp-content\/uploads\/2021\/11\/lapland-avrupa.jpg\",\"contentUrl\":\"https:\/\/julesverne.com.tr\/wp-content\/uploads\/2021\/11\/lapland-avrupa.jpg\",\"width\":1200,\"height\":800},{\"@type\":\"BreadcrumbList\",\"@id\":\"https:\/\/julesverne.com.tr\/travel-blog\/bu-kis-laplande-gitmeniz-icin-12-neden\/#breadcrumb\",\"itemListElement\":[{\"@type\":\"ListItem\",\"position\":1,\"name\":\"Anasayfa\",\"item\":\"https:\/\/julesverne.com.tr\/\"},{\"@type\":\"ListItem\",\"position\":2,\"name\":\"K\u0131\u015f Tatilinde Lapland\u2019e Gitmeniz \u0130\u00e7in 12 Neden!\"}]},{\"@type\":\"WebSite\",\"@id\":\"https:\/\/julesverne.com.tr\/#website\",\"url\":\"https:\/\/julesverne.com.tr\/\",\"name\":\"JULES VERNE BUSINESS MICE TRAVEL\",\"description\":\"\",\"publisher\":{\"@id\":\"https:\/\/julesverne.com.tr\/#organization\"},\"potentialAction\":[{\"@type\":\"SearchAction\",\"target\":{\"@type\":\"EntryPoint\",\"urlTemplate\":\"https:\/\/julesverne.com.tr\/?s={search_term_string}\"},\"query-input\":\"required name=search_term_string\"}],\"inLanguage\":\"en-US\"},{\"@type\":\"Organization\",\"@id\":\"https:\/\/julesverne.com.tr\/#organization\",\"name\":\"JULES VERNE BUSINESS MICE TRAVEL\",\"url\":\"https:\/\/julesverne.com.tr\/\",\"logo\":{\"@type\":\"ImageObject\",\"inLanguage\":\"en-US\",\"@id\":\"https:\/\/julesverne.com.tr\/#\/schema\/logo\/image\/\",\"url\":\"https:\/\/julesverne.com.tr\/wp-content\/uploads\/2020\/09\/jv-bmt-logo.png\",\"contentUrl\":\"https:\/\/julesverne.com.tr\/wp-content\/uploads\/2020\/09\/jv-bmt-logo.png\",\"width\":110,\"height\":81,\"caption\":\"JULES VERNE BUSINESS MICE TRAVEL\"},\"image\":{\"@id\":\"https:\/\/julesverne.com.tr\/#\/schema\/logo\/image\/\"},\"sameAs\":[\"https:\/\/www.facebook.com\/JulesVerneBusinessMiceTravel\/\",\"https:\/\/twitter.com\/JV_BusinessMice\",\"https:\/\/www.instagram.com\/julesvernebusinessmicetravel\/\",\"https:\/\/www.linkedin.com\/company\/julesvernebusinessmicetravel\/\",\"https:\/\/www.youtube.com\/channel\/UCAwdsmbZ6tFhu1tea6pkpiw\"]},{\"@type\":\"Person\",\"@id\":\"https:\/\/julesverne.com.tr\/#\/schema\/person\/219931edfe2e7d9cbbcbabb8a7e4c7f4\",\"name\":\"Ebru Alt\u0131n\",\"url\":\"https:\/\/julesverne.com.tr\/en\/author\/ebru-altin\/\"}]}<\/script>\n<!-- \/ Yoast SEO plugin. -->","yoast_head_json":{"title":"K\u0131\u015f Tatilinde Lapland\u2019e Gitmeniz \u0130\u00e7in 12 Neden! - JULES VERNE BUSINESS MICE TRAVEL","description":"Noel ve y\u0131lba\u015f\u0131n\u0131n b\u00fcy\u00fcs\u00fcn\u00fc sadece birka\u00e7 haftaya de\u011fil, t\u00fcm bir y\u0131la yayan Lapland; masals\u0131 aktiviteleri ve do\u011fa harikalar\u0131 ile g\u00f6z kama\u015ft\u0131r\u0131rken, sizi y\u0131l\u0131n en renkli d\u00f6nemini daha da renklendirmeye davet ediyor.\u00a0","robots":{"index":"index","follow":"follow","max-snippet":"max-snippet:-1","max-image-preview":"max-image-preview:large","max-video-preview":"max-video-preview:-1"},"canonical":"https:\/\/julesverne.com.tr\/travel-blog\/bu-kis-laplande-gitmeniz-icin-12-neden\/","og_locale":"en_US","og_type":"article","og_title":"K\u0131\u015f Tatilinde Lapland\u2019e Gitmeniz \u0130\u00e7in 12 Neden! - JULES VERNE BUSINESS MICE TRAVEL","og_description":"Noel ve y\u0131lba\u015f\u0131n\u0131n b\u00fcy\u00fcs\u00fcn\u00fc sadece birka\u00e7 haftaya de\u011fil, t\u00fcm bir y\u0131la yayan Lapland; masals\u0131 aktiviteleri ve do\u011fa harikalar\u0131 ile g\u00f6z kama\u015ft\u0131r\u0131rken, sizi y\u0131l\u0131n en renkli d\u00f6nemini daha da renklendirmeye davet ediyor.\u00a0","og_url":"https:\/\/julesverne.com.tr\/travel-blog\/bu-kis-laplande-gitmeniz-icin-12-neden\/","og_site_name":"JULES VERNE BUSINESS MICE TRAVEL","article_publisher":"https:\/\/www.facebook.com\/JulesVerneBusinessMiceTravel\/","article_published_time":"2023-11-02T04:27:35+00:00","article_modified_time":"2023-11-03T11:52:13+00:00","og_image":[{"width":1200,"height":800,"url":"https:\/\/julesverne.com.tr\/wp-content\/uploads\/2021\/11\/lapland-avrupa.jpg","type":"image\/jpeg"}],"author":"Ebru Alt\u0131n","twitter_card":"summary_large_image","twitter_creator":"@JV_BusinessMice","twitter_site":"@JV_BusinessMice","twitter_misc":{"Written by":"Ebru Alt\u0131n","Est. reading time":"10 minutes"},"schema":{"@context":"https:\/\/schema.org","@graph":[{"@type":"Article","@id":"https:\/\/julesverne.com.tr\/travel-blog\/bu-kis-laplande-gitmeniz-icin-12-neden\/#article","isPartOf":{"@id":"https:\/\/julesverne.com.tr\/travel-blog\/bu-kis-laplande-gitmeniz-icin-12-neden\/"},"author":{"name":"Ebru Alt\u0131n","@id":"https:\/\/julesverne.com.tr\/#\/schema\/person\/219931edfe2e7d9cbbcbabb8a7e4c7f4"},"headline":"K\u0131\u015f Tatilinde Lapland\u2019e Gitmeniz \u0130\u00e7in 12 Neden!","datePublished":"2023-11-02T04:27:35+00:00","dateModified":"2023-11-03T11:52:13+00:00","mainEntityOfPage":{"@id":"https:\/\/julesverne.com.tr\/travel-blog\/bu-kis-laplande-gitmeniz-icin-12-neden\/"},"wordCount":3296,"publisher":{"@id":"https:\/\/julesverne.com.tr\/#organization"},"image":{"@id":"https:\/\/julesverne.com.tr\/travel-blog\/bu-kis-laplande-gitmeniz-icin-12-neden\/#primaryimage"},"thumbnailUrl":"https:\/\/julesverne.com.tr\/wp-content\/uploads\/2021\/11\/lapland-avrupa.jpg","keywords":["Blog","\u0130lham Veren Destinasyonlar","K\u0131\u015f Tatili","Lapland"],"articleSection":["\u0130lham Veren Destinasyonlar","Blog","Nereye Gitsek?"],"inLanguage":"en-US"},{"@type":"WebPage","@id":"https:\/\/julesverne.com.tr\/travel-blog\/bu-kis-laplande-gitmeniz-icin-12-neden\/","url":"https:\/\/julesverne.com.tr\/travel-blog\/bu-kis-laplande-gitmeniz-icin-12-neden\/","name":"K\u0131\u015f Tatilinde Lapland\u2019e Gitmeniz \u0130\u00e7in 12 Neden! - JULES VERNE BUSINESS MICE TRAVEL","isPartOf":{"@id":"https:\/\/julesverne.com.tr\/#website"},"primaryImageOfPage":{"@id":"https:\/\/julesverne.com.tr\/travel-blog\/bu-kis-laplande-gitmeniz-icin-12-neden\/#primaryimage"},"image":{"@id":"https:\/\/julesverne.com.tr\/travel-blog\/bu-kis-laplande-gitmeniz-icin-12-neden\/#primaryimage"},"thumbnailUrl":"https:\/\/julesverne.com.tr\/wp-content\/uploads\/2021\/11\/lapland-avrupa.jpg","datePublished":"2023-11-02T04:27:35+00:00","dateModified":"2023-11-03T11:52:13+00:00","description":"Noel ve y\u0131lba\u015f\u0131n\u0131n b\u00fcy\u00fcs\u00fcn\u00fc sadece birka\u00e7 haftaya de\u011fil, t\u00fcm bir y\u0131la yayan Lapland; masals\u0131 aktiviteleri ve do\u011fa harikalar\u0131 ile g\u00f6z kama\u015ft\u0131r\u0131rken, sizi y\u0131l\u0131n en renkli d\u00f6nemini daha da renklendirmeye davet ediyor.\u00a0","breadcrumb":{"@id":"https:\/\/julesverne.com.tr\/travel-blog\/bu-kis-laplande-gitmeniz-icin-12-neden\/#breadcrumb"},"inLanguage":"en-US","potentialAction":[{"@type":"ReadAction","target":["https:\/\/julesverne.com.tr\/travel-blog\/bu-kis-laplande-gitmeniz-icin-12-neden\/"]}]},{"@type":"ImageObject","inLanguage":"en-US","@id":"https:\/\/julesverne.com.tr\/travel-blog\/bu-kis-laplande-gitmeniz-icin-12-neden\/#primaryimage","url":"https:\/\/julesverne.com.tr\/wp-content\/uploads\/2021\/11\/lapland-avrupa.jpg","contentUrl":"https:\/\/julesverne.com.tr\/wp-content\/uploads\/2021\/11\/lapland-avrupa.jpg","width":1200,"height":800},{"@type":"BreadcrumbList","@id":"https:\/\/julesverne.com.tr\/travel-blog\/bu-kis-laplande-gitmeniz-icin-12-neden\/#breadcrumb","itemListElement":[{"@type":"ListItem","position":1,"name":"Anasayfa","item":"https:\/\/julesverne.com.tr\/"},{"@type":"ListItem","position":2,"name":"K\u0131\u015f Tatilinde Lapland\u2019e Gitmeniz \u0130\u00e7in 12 Neden!"}]},{"@type":"WebSite","@id":"https:\/\/julesverne.com.tr\/#website","url":"https:\/\/julesverne.com.tr\/","name":"JULES VERNE BUSINESS MICE TRAVEL","description":"","publisher":{"@id":"https:\/\/julesverne.com.tr\/#organization"},"potentialAction":[{"@type":"SearchAction","target":{"@type":"EntryPoint","urlTemplate":"https:\/\/julesverne.com.tr\/?s={search_term_string}"},"query-input":"required name=search_term_string"}],"inLanguage":"en-US"},{"@type":"Organization","@id":"https:\/\/julesverne.com.tr\/#organization","name":"JULES VERNE BUSINESS MICE TRAVEL","url":"https:\/\/julesverne.com.tr\/","logo":{"@type":"ImageObject","inLanguage":"en-US","@id":"https:\/\/julesverne.com.tr\/#\/schema\/logo\/image\/","url":"https:\/\/julesverne.com.tr\/wp-content\/uploads\/2020\/09\/jv-bmt-logo.png","contentUrl":"https:\/\/julesverne.com.tr\/wp-content\/uploads\/2020\/09\/jv-bmt-logo.png","width":110,"height":81,"caption":"JULES VERNE BUSINESS MICE TRAVEL"},"image":{"@id":"https:\/\/julesverne.com.tr\/#\/schema\/logo\/image\/"},"sameAs":["https:\/\/www.facebook.com\/JulesVerneBusinessMiceTravel\/","https:\/\/twitter.com\/JV_BusinessMice","https:\/\/www.instagram.com\/julesvernebusinessmicetravel\/","https:\/\/www.linkedin.com\/company\/julesvernebusinessmicetravel\/","https:\/\/www.youtube.com\/channel\/UCAwdsmbZ6tFhu1tea6pkpiw"]},{"@type":"Person","@id":"https:\/\/julesverne.com.tr\/#\/schema\/person\/219931edfe2e7d9cbbcbabb8a7e4c7f4","name":"Ebru Alt\u0131n","url":"https:\/\/julesverne.com.tr\/en\/author\/ebru-altin\/"}]}},"_links":{"self":[{"href":"https:\/\/julesverne.com.tr\/en\/wp-json\/wp\/v2\/posts\/11282"}],"collection":[{"href":"https:\/\/julesverne.com.tr\/en\/wp-json\/wp\/v2\/posts"}],"about":[{"href":"https:\/\/julesverne.com.tr\/en\/wp-json\/wp\/v2\/types\/post"}],"author":[{"embeddable":true,"href":"https:\/\/julesverne.com.tr\/en\/wp-json\/wp\/v2\/users\/10"}],"replies":[{"embeddable":true,"href":"https:\/\/julesverne.com.tr\/en\/wp-json\/wp\/v2\/comments?post=11282"}],"version-history":[{"count":2,"href":"https:\/\/julesverne.com.tr\/en\/wp-json\/wp\/v2\/posts\/11282\/revisions"}],"predecessor-version":[{"id":14356,"href":"https:\/\/julesverne.com.tr\/en\/wp-json\/wp\/v2\/posts\/11282\/revisions\/14356"}],"wp:featuredmedia":[{"embeddable":true,"href":"https:\/\/julesverne.com.tr\/en\/wp-json\/wp\/v2\/media\/11281"}],"wp:attachment":[{"href":"https:\/\/julesverne.com.tr\/en\/wp-json\/wp\/v2\/media?parent=11282"}],"wp:term":[{"taxonomy":"category","embeddable":true,"href":"https:\/\/julesverne.com.tr\/en\/wp-json\/wp\/v2\/categories?post=11282"},{"taxonomy":"post_tag","embeddable":true,"href":"https:\/\/julesverne.com.tr\/en\/wp-json\/wp\/v2\/tags?post=11282"}],"curies":[{"name":"wp","href":"https:\/\/api.w.org\/{rel}","templated":true}]}}