{"id":11193,"date":"2021-11-16T10:32:31","date_gmt":"2021-11-16T07:32:31","guid":{"rendered":"https:\/\/julesverne.com.tr\/?p=11193"},"modified":"2023-01-05T19:55:10","modified_gmt":"2023-01-05T16:55:10","slug":"ara-tatilde-cocuklarla-istanbul","status":"publish","type":"post","link":"https:\/\/julesverne.com.tr\/en\/travel-blog\/ara-tatilde-cocuklarla-istanbul\/","title":{"rendered":"Ara Tatilde \u00c7ocuklarla \u0130stanbul\u2019u Ke\u015ffedin!"},"content":{"rendered":"<p><img loading=\"lazy\" decoding=\"async\" class=\"alignnone wp-image-11234\" src=\"https:\/\/julesverne.com.tr\/wp-content\/uploads\/2021\/11\/istanbul_cocuk_shutterstock_1642214491-500x334.jpg\" alt=\"\" width=\"1200\" height=\"800\" srcset=\"https:\/\/julesverne.com.tr\/wp-content\/uploads\/2021\/11\/istanbul_cocuk_shutterstock_1642214491-500x334.jpg 500w, https:\/\/julesverne.com.tr\/wp-content\/uploads\/2021\/11\/istanbul_cocuk_shutterstock_1642214491-768x512.jpg 768w, https:\/\/julesverne.com.tr\/wp-content\/uploads\/2021\/11\/istanbul_cocuk_shutterstock_1642214491.jpg 1000w\" sizes=\"(max-width: 1200px) 100vw, 1200px\" \/><\/p>\n<p>Ara tatili \u0130stanbul&#8217;da ge\u00e7irecek aileler i\u00e7in, her semtinde ayr\u0131 bir g\u00fczellikle kar\u015f\u0131la\u015fabilece\u011finiz \u0130stanbul&#8217;un \u00e7ocuklarla birlikte gezilebilecek en keyifli rotalar\u0131n\u0131 haz\u0131rlad\u0131k. Tarih, sanat, ke\u015fif ve e\u011flence dolu \u0130stanbul&#8217;u ara tatilde \u00e7ocuklar\u0131n\u0131zla birlikte ke\u015ffetmeye ne dersiniz?<\/p>\n<p>Tema parklar, akvaryumlar, m\u00fczeler, tarihi yerler ve birbirinden g\u00fczel at\u00f6lye \u00e7al\u0131\u015fmalar\u0131 ile Kas\u0131m ara tatilinde \u0130stanbul \u00e7ocuklar i\u00e7in yine dopdolu.<\/p>\n<h2><strong>\u0130\u015fte \u00e7ocuklar\u0131n\u0131zla birlikte \u0130stanbul\u2019da gezip, ke\u015ffedebilece\u011finiz ba\u015fl\u0131ca yerler\u2026<\/strong><\/h2>\n<h2><strong>\u0130stanbul&#8217;un Tarihi Yerleri<\/strong><\/h2>\n<p><img loading=\"lazy\" decoding=\"async\" class=\"alignnone wp-image-3377\" src=\"https:\/\/julesverne.com.tr\/wp-content\/uploads\/2020\/09\/topkapisarayi.jpg\" alt=\"\" width=\"1200\" height=\"800\" srcset=\"https:\/\/julesverne.com.tr\/wp-content\/uploads\/2020\/09\/topkapisarayi.jpg 999w, https:\/\/julesverne.com.tr\/wp-content\/uploads\/2020\/09\/topkapisarayi-500x333.jpg 500w, https:\/\/julesverne.com.tr\/wp-content\/uploads\/2020\/09\/topkapisarayi-768x512.jpg 768w\" sizes=\"(max-width: 1200px) 100vw, 1200px\" \/><\/p>\n<h2><strong>Tarihi Yar\u0131mada<\/strong><\/h2>\n<p>\u0130stanbul\u2019un kalbi <strong>Tarihi Yar\u0131mada<\/strong>\u2019da gezip g\u00f6rece\u011finiz yerlerin say\u0131s\u0131 olduk\u00e7a fazla oldu\u011fu i\u00e7in gezinizi birka\u00e7 g\u00fcne yayabilir veya se\u00e7enekler aras\u0131ndan se\u00e7im yapabilirsiniz. <strong>Topkap\u0131 Saray\u0131<\/strong> ve saray\u0131n d\u0131\u015f surlar\u0131 i\u00e7erisinde olan <strong>\u00c7inili K\u00f6\u015fk<\/strong>, <strong>Arkeoloji M\u00fczesi<\/strong>, <strong>Aya \u0130rini Kilisesi<\/strong>, <strong>Ayasofya M\u00fczesi<\/strong>, <strong>Sultanahmet Camii<\/strong>, <strong>Yerabatan Sarn\u0131c\u0131<\/strong>, <strong>\u015eerefiye Sarn\u0131c\u0131<\/strong>, <strong>Kapal\u0131\u00e7ar\u015f\u0131<\/strong> ve <strong>M\u0131s\u0131r \u00c7ar\u015f\u0131s\u0131<\/strong> mutlaka g\u00f6r\u00fclmesi gereken yerlerden.<\/p>\n<p><img loading=\"lazy\" decoding=\"async\" class=\"size-full wp-image-11195 alignnone\" src=\"https:\/\/julesverne.com.tr\/wp-content\/uploads\/2021\/11\/balat.jpg\" alt=\"\" width=\"1200\" height=\"800\" srcset=\"https:\/\/julesverne.com.tr\/wp-content\/uploads\/2021\/11\/balat.jpg 1200w, https:\/\/julesverne.com.tr\/wp-content\/uploads\/2021\/11\/balat-500x333.jpg 500w, https:\/\/julesverne.com.tr\/wp-content\/uploads\/2021\/11\/balat-768x512.jpg 768w\" sizes=\"(max-width: 1200px) 100vw, 1200px\" \/><\/p>\n<h2><strong>Fener \u2013 Balat<\/strong><\/h2>\n<p>Farkl\u0131 inan\u0131\u015f ve k\u00fclt\u00fcrlerin y\u0131llarca bir arada ya\u015fad\u0131\u011f\u0131 <strong>Fener<\/strong> ve <strong>Balat <\/strong>semtleri, \u015fehrin en g\u00fczel k\u00fclt\u00fcr mozai\u011fini olu\u015fturuyor. Bir yanda eski bir Rum semti olan Fener, di\u011fer yanda ise Fener\u2019in hemen yan\u0131 ba\u015f\u0131ndaki Musevi mahallesi Balat\u2026 Zengin tarihi miras\u0131 ile hem yerli hem de yabanc\u0131 ziyaret\u00e7ilerin olduk\u00e7a ilgisini \u00e7eken bu iki semt, \u0130stanbul\u2019da gezilip, ke\u015ffedilecek yerlerin ba\u015f\u0131nda geliyor. <strong>Ayvansaray<\/strong>, <strong>Cibali<\/strong>, <strong>Fener<\/strong> ve <strong>Balat<\/strong> mahallelerini gezerken kiliseler, sinagoglar, camiler, okullar ve renkli sokaklar sizleri bekliyor.<\/p>\n<h2><strong>\u0130stanbul&#8217;da K\u00fclt\u00fcr Sanat<\/strong><\/h2>\n<p><img loading=\"lazy\" decoding=\"async\" class=\"size-full wp-image-11212 alignnone\" src=\"https:\/\/julesverne.com.tr\/wp-content\/uploads\/2021\/11\/AKM-cocuk-sanat-merkezi.jpg\" alt=\"\" width=\"1200\" height=\"800\" srcset=\"https:\/\/julesverne.com.tr\/wp-content\/uploads\/2021\/11\/AKM-cocuk-sanat-merkezi.jpg 1200w, https:\/\/julesverne.com.tr\/wp-content\/uploads\/2021\/11\/AKM-cocuk-sanat-merkezi-500x333.jpg 500w, https:\/\/julesverne.com.tr\/wp-content\/uploads\/2021\/11\/AKM-cocuk-sanat-merkezi-768x512.jpg 768w\" sizes=\"(max-width: 1200px) 100vw, 1200px\" \/><\/p>\n<h2><strong>AKM \u00c7ocuk Sanat Merkezi<\/strong><\/h2>\n<p>348 m2<sup>\u00a0<\/sup>alana sahip <strong>AKM \u00c7ocuk Sanat Merkezi<\/strong>&#8216;nde 4 &#8211; 6 ya\u015f aras\u0131 \u00e7ocuklar i\u00e7in \u00f6zel olarak tasarlanm\u0131\u015f d\u00f6rt s\u0131n\u0131f ve bir ortak etkinlik alan\u0131 bulunuyor. Ortak alandaki amfi, \u00e7ocuklar\u0131n sosyal ve sanatsal etkinliklerle bulu\u015fmas\u0131n\u0131 sa\u011flarken, akustik olarak konfor \u015fartlar\u0131 birbirini rahats\u0131z etmeyecek d\u00f6rt s\u0131n\u0131f birimi, birbirinden ba\u011f\u0131ms\u0131z g\u00f6rsel ve i\u015fitsel sanatlara hizmet verebilecek \u015fekilde, ak\u0131ll\u0131 tahtalar ile de desteklenerek d\u00fczenlenmi\u015f. Eski ve yeni \u00e7a\u011fr\u0131\u015f\u0131m\u0131n\u0131n bu mekanda da hissedilmesine \u00f6zen g\u00f6sterilmi\u015f. Kas\u0131m ara tatil d\u00f6neminde 12 Kas\u0131m &#8211; 29 Aral\u0131k tarihleri aras\u0131nda <strong>\u00c7ocuklar i\u00e7in Bale At\u00f6lyesi<\/strong>, 17 Kas\u0131m&#8217;da <strong>\u00c7ocuklar i\u00e7in Resim At\u00f6lyesi<\/strong>, 19 Kas\u0131m&#8217;da <strong>Ritim ve M\u00fczik At\u00f6lyesi, <\/strong>20 Kas\u0131m&#8217;da da <strong>Gelece\u011fin Karag\u00f6zc\u00fcleri<\/strong> programlar\u0131 var. Detayl\u0131 bilgi ve programa\u00a0<a href=\"https:\/\/akmistanbul.gov.tr\/tr\/cocuk-sanat-merkezi\"><strong>buradan<\/strong><\/a> ula\u015fabilirsiniz.<\/p>\n<p><img loading=\"lazy\" decoding=\"async\" class=\"alignnone wp-image-11214 size-full\" src=\"https:\/\/julesverne.com.tr\/wp-content\/uploads\/2021\/11\/istanbul-oyuncak-muzesi-1.jpg\" alt=\"\" width=\"1200\" height=\"800\" srcset=\"https:\/\/julesverne.com.tr\/wp-content\/uploads\/2021\/11\/istanbul-oyuncak-muzesi-1.jpg 1200w, https:\/\/julesverne.com.tr\/wp-content\/uploads\/2021\/11\/istanbul-oyuncak-muzesi-1-500x333.jpg 500w, https:\/\/julesverne.com.tr\/wp-content\/uploads\/2021\/11\/istanbul-oyuncak-muzesi-1-768x512.jpg 768w\" sizes=\"(max-width: 1200px) 100vw, 1200px\" \/><\/p>\n<h2><strong>\u0130stanbul Oyuncak M\u00fczesi<\/strong><\/h2>\n<p>Sunay Ak\u0131n&#8217;\u0131n 40&#8217;\u0131 a\u015fk\u0131n \u00fclkedeki antikac\u0131 ve a\u00e7\u0131k artt\u0131rmalardan sat\u0131n ald\u0131\u011f\u0131 oyuncaklarla kurdu\u011fu <strong>\u0130stanbul Oyuncak M\u00fczesi,<\/strong> bu ara tatilde ailece gidilebilecek en keyifli adreslerden bir tanesi. D\u00fcnya tarihini e\u011flenceli bir yolla \u00f6\u011freten m\u00fczede; \u00e7ocuklar\u0131n kendi oyuncaklar\u0131n\u0131 yapma ve boyama imkanlar\u0131n\u0131n yan\u0131 s\u0131ra \u00e7e\u015fitli at\u00f6lye \u00e7al\u0131\u015fmalar\u0131 da bulunuyor. Bu keyifli at\u00f6lyelerden biri de 18 Kas\u0131m&#8217;da ger\u00e7ekle\u015ftirilecek <strong>Renklerin Dans\u0131 Sanat At\u00f6lyesi<\/strong>. M\u00fcze gezisiyle ba\u015flayacak at\u00f6lye \u00e7al\u0131\u015fmas\u0131nda; \u00e7ocuklar ve aileler m\u00fczede sergilenen farkl\u0131 d\u00f6nemler ve \u00fclkelere ait oyuncak kost\u00fcmlerini inceledikten sonra Rus as\u0131ll\u0131 Frans\u0131z ressam, tekstil ve moda tasar\u0131mc\u0131s\u0131 <strong>Sonia Delaunay<\/strong>&#8216;\u0131n eserlerini yak\u0131ndan tan\u0131ma f\u0131rsat\u0131 bularak, sanat\u00e7\u0131dan alacaklar\u0131 ilhamla kendi yarat\u0131c\u0131 \u00e7al\u0131\u015fmalar\u0131n\u0131 \u00fcretecekler. Renklerin Dans\u0131 Sanat At\u00f6lyesi ile ilgili detayl\u0131 bilgiye\u00a0<strong><a href=\"https:\/\/istanbuloyuncakmuzesi.com\/products\/renklerin-dansi-sanat-atolyesi\">buradan<\/a><\/strong> ula\u015fabilirsiniz.<\/p>\n<p><img loading=\"lazy\" decoding=\"async\" class=\"size-full wp-image-11216 alignnone\" src=\"https:\/\/julesverne.com.tr\/wp-content\/uploads\/2021\/11\/sakip-sabanci-muzesi-ogrenme-programlari.jpg\" alt=\"\" width=\"1200\" height=\"800\" srcset=\"https:\/\/julesverne.com.tr\/wp-content\/uploads\/2021\/11\/sakip-sabanci-muzesi-ogrenme-programlari.jpg 1200w, https:\/\/julesverne.com.tr\/wp-content\/uploads\/2021\/11\/sakip-sabanci-muzesi-ogrenme-programlari-500x333.jpg 500w, https:\/\/julesverne.com.tr\/wp-content\/uploads\/2021\/11\/sakip-sabanci-muzesi-ogrenme-programlari-768x512.jpg 768w\" sizes=\"(max-width: 1200px) 100vw, 1200px\" \/><\/p>\n<h2><strong>Sak\u0131p Sabanc\u0131 M\u00fczesi<\/strong><\/h2>\n<p>Sabanc\u0131 Ailesi&#8217;ne ait Atl\u0131 K\u00f6\u015fk&#8217;te yer alan <strong>Sak\u0131p Sabanc\u0131 M\u00fczesi<\/strong>, zengin bir hat ve resim koleksiyonunu b\u00fcnyesinde bar\u0131nd\u0131rmas\u0131n\u0131n yan\u0131 s\u0131ra \u00e7ocuklar i\u00e7in d\u00fczenlenen at\u00f6lye programlar\u0131yla da olduk\u00e7a ilgi \u00e7ekici. <strong>&#8220;D\u00fcn bug\u00fcn \u0130stanbul&#8221;<\/strong> sergisinden hareketle 6 &#8211; 12 ya\u015f aras\u0131 \u00e7ocuklar i\u00e7in d\u00fczenlenen Sak\u0131p Sabanc\u0131 M\u00fczesi (SSM) \u00d6\u011frenme Programlar\u0131, kas\u0131m ay\u0131ndaki ara tatili sanatla dolu ge\u00e7irmek isteyenler i\u00e7in \u00e7ok keyifli. M\u00fczede; 6 &#8211; 12 ya\u015f aras\u0131 \u00e7ocuklar i\u00e7in 17 Kas\u0131m&#8217;da <strong>\u00c7evrimi\u00e7i Rehberli M\u00fcze Turu<\/strong>, 6 &#8211; 8 ya\u015f aras\u0131 \u00e7ocuklar i\u00e7in de 20 Kas\u0131m&#8217;da <strong>Konu\u015fan Tekerler<\/strong> at\u00f6lyeleri bulunuyor. Detayl\u0131 bilgi ve programlara <strong><a href=\"https:\/\/www.sakipsabancimuzesi.org\/tr\/egitimler\/ara-tatil-2021\">buradan<\/a><\/strong> ula\u015fabilirsiniz.<\/p>\n<p><img loading=\"lazy\" decoding=\"async\" class=\"size-full wp-image-11217 alignnone\" src=\"https:\/\/julesverne.com.tr\/wp-content\/uploads\/2021\/11\/pera-muzesi.jpg\" alt=\"\" width=\"1200\" height=\"800\" srcset=\"https:\/\/julesverne.com.tr\/wp-content\/uploads\/2021\/11\/pera-muzesi.jpg 1200w, https:\/\/julesverne.com.tr\/wp-content\/uploads\/2021\/11\/pera-muzesi-500x333.jpg 500w, https:\/\/julesverne.com.tr\/wp-content\/uploads\/2021\/11\/pera-muzesi-768x512.jpg 768w\" sizes=\"(max-width: 1200px) 100vw, 1200px\" \/><\/p>\n<h2><strong>Pera M\u00fczesi<\/strong><\/h2>\n<p>Suna ve \u0130nan K\u0131ra\u00e7 Vakf\u0131 taraf\u0131ndan 2005 y\u0131l\u0131nda a\u00e7\u0131lan <strong>Pera M\u00fczesi<\/strong>&#8216;nde vakfa ait \u00fc\u00e7 \u00f6zel koleksiyonun sergilendi\u011fi m\u00fcze katlar\u0131, \u00e7ok ama\u00e7l\u0131 sergi salonlar\u0131, oditoryum ve e\u011fitim odalar\u0131 bulunuyor. Yakla\u015f\u0131k 16 y\u0131ld\u0131r \u0130stanbul&#8217;da sanata \u00f6nc\u00fcl\u00fck eden m\u00fcze; koleksiyonlar\u0131 kadar 4 &#8211; 6 ve 7 &#8211; 12 ya\u015f gruplar\u0131na y\u00f6nelik d\u00fczenlenen \u00e7ocuk at\u00f6lyeleriyle de olduk\u00e7a ilgi \u00e7ekici. 16 &#8211; 21 Kas\u0131m 2021 tarihleri aras\u0131nda d\u00fczenlenecek ara tatil at\u00f6lyelerinde kat\u0131l\u0131mc\u0131lar<strong> Kesi\u015fen D\u00fcnyalar: El\u00e7iler ve Ressamlar, Kahve Molas\u0131, A\u011f\u0131rl\u0131k<\/strong> ve<strong> \u00d6l\u00e7\u00fc Sanat\u0131<\/strong> sergilerinden ilhamla yapacaklar\u0131 resim ve tasar\u0131m \u00e7al\u0131\u015fmalar\u0131 ile yarat\u0131c\u0131l\u0131klar\u0131n\u0131 ortaya \u00e7\u0131karma imkan\u0131 bulacaklar. Detayl\u0131 bilgi ve program detaylar\u0131na\u00a0<strong><a href=\"https:\/\/www.peramuzesi.org.tr\/pera-ogrenme\/program\/ara-tatil-atolyeleri\/3309\">buradan<\/a><\/strong> ula\u015fabilirsiniz.<\/p>\n<p><img loading=\"lazy\" decoding=\"async\" class=\"size-full wp-image-11199 alignnone\" src=\"https:\/\/julesverne.com.tr\/wp-content\/uploads\/2021\/11\/art_cocuk.jpg\" alt=\"\" width=\"1150\" height=\"807\" srcset=\"https:\/\/julesverne.com.tr\/wp-content\/uploads\/2021\/11\/art_cocuk.jpg 1150w, https:\/\/julesverne.com.tr\/wp-content\/uploads\/2021\/11\/art_cocuk-500x351.jpg 500w, https:\/\/julesverne.com.tr\/wp-content\/uploads\/2021\/11\/art_cocuk-768x539.jpg 768w\" sizes=\"(max-width: 1150px) 100vw, 1150px\" \/><\/p>\n<h2><strong>\u0130stanbul Modern<\/strong><\/h2>\n<p>T\u00fcrkiye&#8217;nin ilk modern ve \u00e7a\u011fda\u015f sanat m\u00fczesi <strong>\u0130stanbul Modern,<\/strong> hem modern ve \u00e7a\u011fda\u015f sanat sergilerini g\u00f6rmek hem de keyifli vakit ge\u00e7irmek isteyenler i\u00e7in en ideal yerlerden biri. 15 &#8211; 19 Kas\u0131m tarihleri aras\u0131nda \u00e7ocuklara sanat dolu bir program sunan \u0130stanbul Modern; 11.00 &#8211; 12.00 saatleri aras\u0131nda 4 &#8211; 7 ya\u015f grubu \u00e7ocuklara; 14.00 &#8211; 15.00 saatlerinde ise 8 &#8211; 12 ya\u015f grubu \u00e7ocuklara y\u00f6nelik d\u00fczenledi\u011fi at\u00f6lye \u00e7al\u0131\u015fmalar\u0131 ile dopdolu. Detayl\u0131 bilgi ve program detaylar\u0131na <strong><a href=\"https:\/\/www.istanbulmodern.org\/tr\/egitim\/ara-tatilde-cocuklara-cevrimici-sanat-okulu_2980.html\">buradan<\/a><\/strong> ula\u015fabilirsiniz.<\/p>\n<p><img loading=\"lazy\" decoding=\"async\" class=\"size-full wp-image-11200 alignnone\" src=\"https:\/\/julesverne.com.tr\/wp-content\/uploads\/2021\/11\/deniz-muzesi.jpg\" alt=\"\" width=\"1200\" height=\"800\" srcset=\"https:\/\/julesverne.com.tr\/wp-content\/uploads\/2021\/11\/deniz-muzesi.jpg 1200w, https:\/\/julesverne.com.tr\/wp-content\/uploads\/2021\/11\/deniz-muzesi-500x333.jpg 500w, https:\/\/julesverne.com.tr\/wp-content\/uploads\/2021\/11\/deniz-muzesi-768x512.jpg 768w\" sizes=\"(max-width: 1200px) 100vw, 1200px\" \/><\/p>\n<h2><strong>Deniz M\u00fczesi<\/strong><\/h2>\n<p>T\u00fcrkiye\u2019nin denizcilik alan\u0131ndaki en b\u00fcy\u00fck m\u00fczesi olan <strong>Deniz M\u00fczesi<\/strong>, sahip oldu\u011fu koleksiyon ile d\u00fcnyan\u0131n say\u0131l\u0131 m\u00fczeleri aras\u0131nda yer al\u0131yor. Be\u015fikta\u015f \u0130skele\u2019nin biti\u015fi\u011finde konumlanan m\u00fczede 20 binden fazla eser sergilenirken; sergi salonlar\u0131, \u00e7ocuk odalar\u0131 ve sanat galerileri ile ziyaret\u00e7ilerine dolu dolu bir m\u00fcze deneyimi ya\u015fat\u0131yor.<\/p>\n<p><img loading=\"lazy\" decoding=\"async\" class=\"size-full wp-image-10033 alignnone\" src=\"https:\/\/julesverne.com.tr\/wp-content\/uploads\/2021\/08\/rahmi-koc-muzesi.jpg\" alt=\"\" width=\"1200\" height=\"800\" srcset=\"https:\/\/julesverne.com.tr\/wp-content\/uploads\/2021\/08\/rahmi-koc-muzesi.jpg 1200w, https:\/\/julesverne.com.tr\/wp-content\/uploads\/2021\/08\/rahmi-koc-muzesi-500x333.jpg 500w, https:\/\/julesverne.com.tr\/wp-content\/uploads\/2021\/08\/rahmi-koc-muzesi-768x512.jpg 768w\" sizes=\"(max-width: 1200px) 100vw, 1200px\" \/><\/p>\n<h2><strong>Rahmi M. Ko\u00e7 M\u00fczesi<\/strong><\/h2>\n<p>Hali\u00e7 k\u0131y\u0131s\u0131nda konumlanan <strong>Rahmi Ko\u00e7 M\u00fczesi<\/strong>; denizcilik, havac\u0131l\u0131k, karayolu ula\u015f\u0131m\u0131, ileti\u015fim, bilimsel aletler, makineler, model ve oyuncaklar gibi pek \u00e7ok alan\u0131 kapsayan b\u00f6l\u00fcmleriyle ziyaret\u00e7ileri ge\u00e7mi\u015ften g\u00fcn\u00fcm\u00fcze uzanan bir yolculu\u011fa \u00e7\u0131kar\u0131yor. \u00c7evirmeli telefonlar, klasik otomobiller ve u\u00e7ak modelleri gibi pek \u00e7ok objenin yer ald\u0131\u011f\u0131 m\u00fczede; 3 \u2013 14 ya\u015f aras\u0131 \u00e7ocuklar i\u00e7in hafta sonu e\u011fitim at\u00f6lyeleri de d\u00fczenleniyor. M\u00fczede yer alan Atat\u00fcrk Koleksiyonu ise tek kelimeyle harika. 16 &#8211; 19 Kas\u0131m tarihleri aras\u0131nda ger\u00e7ekle\u015ftirilecek \u00e7evrim i\u00e7i ve y\u00fcz y\u00fcze \u00f6\u011frenim programlar\u0131 ile ilgili detayl\u0131 bilgiye <a href=\"http:\/\/www.rmk-museum.org.tr\/istanbul\/muzede-egitim\/kasim-atolyeleri\" target=\"_blank\" rel=\"noopener\"><strong>buradan<\/strong><\/a> ula\u015fabilirsiniz. Rahmi Ko\u00e7 M\u00fczesi\u2019nde ayr\u0131ca <strong>\u201cD\u00fcnya Bebekleri Sergisi\u201d<\/strong> ile oyuncak bebeklerin Antik \u00c7a\u011f\u2019dan g\u00fcn\u00fcm\u00fcze uzanan yolculu\u011fu da \u00f6zel bir oyuncak bebek se\u00e7kisi ile sunuluyor.<\/p>\n<p><img loading=\"lazy\" decoding=\"async\" class=\"size-full wp-image-11219 alignnone\" src=\"https:\/\/julesverne.com.tr\/wp-content\/uploads\/2021\/11\/baris-manco-muzesi.jpg\" alt=\"\" width=\"1200\" height=\"800\" srcset=\"https:\/\/julesverne.com.tr\/wp-content\/uploads\/2021\/11\/baris-manco-muzesi.jpg 1200w, https:\/\/julesverne.com.tr\/wp-content\/uploads\/2021\/11\/baris-manco-muzesi-500x333.jpg 500w, https:\/\/julesverne.com.tr\/wp-content\/uploads\/2021\/11\/baris-manco-muzesi-768x512.jpg 768w\" sizes=\"(max-width: 1200px) 100vw, 1200px\" \/><\/p>\n<h2><strong>Bar\u0131\u015f Man\u00e7o M\u00fczesi<\/strong><\/h2>\n<p>T\u00fcrkiye ve d\u00fcnyada sanat\u00e7\u0131 duru\u015fu ve \u00fcrettikleriyle unutulmaz olan Bar\u0131\u015f Man\u00e7o\u2019nun evi g\u00fcn\u00fcm\u00fczde m\u00fcze olarak ya\u015famaya devam ediyor. M\u00fczede; Bar\u0131\u015f Man\u00e7o\u2019nun farkl\u0131 \u00fclkelerden toplad\u0131\u011f\u0131 cam e\u015fyalar, ald\u0131\u011f\u0131 \u00f6d\u00fcller, giysi ve yemek odalar\u0131 ile k\u0131\u015fl\u0131k ve yazl\u0131k bah\u00e7eler yer al\u0131yor. Yeti\u015fkinlerde nostalji, \u00e7ocuklarda merak uyand\u0131ran <strong>Bar\u0131\u015f Man\u00e7o M\u00fczesi<\/strong> bu ara tatilde de mutlaka listenizde olmas\u0131 gereken yerlerden.<\/p>\n<p><img loading=\"lazy\" decoding=\"async\" class=\"size-full wp-image-11220 alignnone\" src=\"https:\/\/julesverne.com.tr\/wp-content\/uploads\/2021\/11\/Madame-Tussauds.jpg\" alt=\"\" width=\"1200\" height=\"800\" srcset=\"https:\/\/julesverne.com.tr\/wp-content\/uploads\/2021\/11\/Madame-Tussauds.jpg 1200w, https:\/\/julesverne.com.tr\/wp-content\/uploads\/2021\/11\/Madame-Tussauds-500x333.jpg 500w, https:\/\/julesverne.com.tr\/wp-content\/uploads\/2021\/11\/Madame-Tussauds-768x512.jpg 768w\" sizes=\"(max-width: 1200px) 100vw, 1200px\" \/><\/p>\n<h2><strong>Madame Tussauds<\/strong><\/h2>\n<p>Bal mumu heykelleriyle \u00fcnl\u00fc bir m\u00fcze olan <strong>Madame Tussauds<\/strong>; sanat, spor, siyaset ve tarih d\u00fcnyas\u0131ndan 60\u2019a yak\u0131n ismi b\u00fcnyesinde bar\u0131nd\u0131r\u0131yor. M\u00fczede Osmanl\u0131 ve Cumhuriyet d\u00f6nemlerinde tarihi bir gezinti yapabilir, T\u00fcrkiye\u2019den bir\u00e7ok ismin yan\u0131 s\u0131ra \u00e7ok say\u0131da uluslararas\u0131 m\u00fczik, spor ve film y\u0131ld\u0131zlar\u0131yla tan\u0131\u015fabilirsiniz.<\/p>\n<p><img loading=\"lazy\" decoding=\"async\" class=\"alignnone wp-image-11236\" src=\"https:\/\/julesverne.com.tr\/wp-content\/uploads\/2021\/11\/shutterstock_714077449-500x280.jpg\" alt=\"\" width=\"1200\" height=\"672\" srcset=\"https:\/\/julesverne.com.tr\/wp-content\/uploads\/2021\/11\/shutterstock_714077449-500x280.jpg 500w, https:\/\/julesverne.com.tr\/wp-content\/uploads\/2021\/11\/shutterstock_714077449-768x430.jpg 768w, https:\/\/julesverne.com.tr\/wp-content\/uploads\/2021\/11\/shutterstock_714077449-400x225.jpg 400w, https:\/\/julesverne.com.tr\/wp-content\/uploads\/2021\/11\/shutterstock_714077449.jpg 1000w\" sizes=\"(max-width: 1200px) 100vw, 1200px\" \/><\/p>\n<h2><strong>Miniat\u00fcrk<\/strong><\/h2>\n<p>Hali\u00e7 k\u0131y\u0131s\u0131nda birbirinden de\u011ferli mimari yap\u0131lar\u0131n maketlerinin yer ald\u0131\u011f\u0131 <strong>Miniat\u00fcrk <\/strong>\u00e7ocuklarla birlikte \u0130stanbul\u2019da gezilecek en keyifli adreslerden. Antik \u00c7a\u011f&#8217;dan Roma ve Bizans&#8217;a, Sel\u00e7uklu&#8217;dan Osmanl\u0131&#8217;ya kadar bu topraklarda h\u00fck\u00fcm s\u00fcrm\u00fc\u015f ve iz b\u0131rakm\u0131\u015f her medeniyetin k\u00fclt\u00fcrlerinden g\u00fcn\u00fcm\u00fcze kalan zengin mimari miras\u0131 bir araya getiren Miniat\u00fcrk, tarihte yolculu\u011fa yolculu\u011fa \u00e7\u0131kmak isteyen \u00e7ocuklar\u0131 a\u011f\u0131rlamay\u0131 bekliyor. \u00dclkemiz topraklar\u0131ndaki egemenli\u011fi boyunca izini b\u0131rakm\u0131\u015f k\u00fclt\u00fcrlerden geriye kalan zengin mimarilerin maketleri ile k\u0131sa bir T\u00fcrkiye turu atabilece\u011finiz Miniat\u00fcrk\u2019te \u00e7ocu\u011funuzla birlikte keyifli bir yolculu\u011fa \u00e7\u0131kmaya ne dersiniz?<\/p>\n<p><img loading=\"lazy\" decoding=\"async\" class=\"size-full wp-image-11221 alignnone\" src=\"https:\/\/julesverne.com.tr\/wp-content\/uploads\/2021\/11\/Museum-of-Illusions.jpg\" alt=\"\" width=\"1200\" height=\"800\" srcset=\"https:\/\/julesverne.com.tr\/wp-content\/uploads\/2021\/11\/Museum-of-Illusions.jpg 1200w, https:\/\/julesverne.com.tr\/wp-content\/uploads\/2021\/11\/Museum-of-Illusions-500x333.jpg 500w, https:\/\/julesverne.com.tr\/wp-content\/uploads\/2021\/11\/Museum-of-Illusions-768x512.jpg 768w\" sizes=\"(max-width: 1200px) 100vw, 1200px\" \/><\/p>\n<h2><strong>Museum of Illusions \u2013 \u0130ll\u00fczyon M\u00fczesi<\/strong><\/h2>\n<p>B\u00fcy\u00fcleyici ill\u00fczyonlar\u0131n yer ald\u0131\u011f\u0131, d\u00fcnyan\u0131n b\u00fcy\u00fck ilgi g\u00f6ren markalar\u0131ndan <strong>Museum of Illusions \u2013 \u0130ll\u00fczyon M\u00fczesi;<\/strong> akl\u0131n\u0131z\u0131 ba\u015f\u0131n\u0131zdan alacak optik ill\u00fczyonlar\u0131, hologramlar\u0131 ve s\u0131ra d\u0131\u015f\u0131 sergileri ile ziyaret\u00e7ilerine fantastik bir d\u00fcnyan\u0131n kap\u0131lar\u0131n\u0131 a\u00e7\u0131yor. \u0130stanbul&#8217;un her iki yakas\u0131nda da hizmet veren \u0130ll\u00fczyon M\u00fczesi&#8217;nde doyas\u0131ya e\u011flenebilir, \u00e7ektirece\u011finiz foto\u011fraflarla an\u0131 \u00f6l\u00fcms\u00fczle\u015ftirebilirsiniz. \u00c7ocuklar\u0131n\u0131z\u0131n kendini \u00f6zg\u00fcr hissedece\u011fi bu m\u00fczede Infinity Room, Tepetaklak Ev, Ames Odas\u0131 ve Vortex T\u00fcneli gibi bir\u00e7ok ill\u00fczyonu mutlaka deneyimlemelisiniz. \u0130ll\u00fczyon M\u00fczesi ile ilgili detayl\u0131 bilgiye <a href=\"https:\/\/museumofillusions.com.tr\/\" target=\"_blank\" rel=\"noopener\"><strong>buradan<\/strong><\/a> ula\u015fabilirsiniz.<\/p>\n<p><img loading=\"lazy\" decoding=\"async\" class=\"size-full wp-image-11218 alignnone\" src=\"https:\/\/julesverne.com.tr\/wp-content\/uploads\/2021\/11\/sonbahar-tatil-senligi.jpg\" alt=\"\" width=\"1200\" height=\"800\" srcset=\"https:\/\/julesverne.com.tr\/wp-content\/uploads\/2021\/11\/sonbahar-tatil-senligi.jpg 1200w, https:\/\/julesverne.com.tr\/wp-content\/uploads\/2021\/11\/sonbahar-tatil-senligi-500x333.jpg 500w, https:\/\/julesverne.com.tr\/wp-content\/uploads\/2021\/11\/sonbahar-tatil-senligi-768x512.jpg 768w\" sizes=\"(max-width: 1200px) 100vw, 1200px\" \/><\/p>\n<h2><strong>Sonbahar Tatil \u015eenli\u011fi<\/strong><\/h2>\n<p>Kemerburgaz Kent Orman\u0131&#8217;ndaki YBY etkinlik alan\u0131nda 13 &#8211; 21 Kas\u0131m tarihleri aras\u0131nda d\u00fczenlenen Sonbahar Tatil \u015eenli\u011fi kapsam\u0131nda \u00e7ocuklar birbirinden renkli g\u00f6steriler, danslar ve at\u00f6lye programlar\u0131 ile ara tatilin tad\u0131n\u0131 doyas\u0131ya \u00e7\u0131karma f\u0131rsat\u0131 buluyor. Sonbahar Tatil \u015eenli\u011fi ile ilgili detayl\u0131 bilgi ve program detaylar\u0131na <strong><a href=\"https:\/\/www.biletix.com\/etkinlik\/0NGO0\/TURKIYE\/tr\">buradan<\/a><\/strong> ula\u015fabilirsiniz.<\/p>\n<h2><img decoding=\"async\" src=\"https:\/\/scontent.fyei6-4.fna.fbcdn.net\/v\/t39.30808-6\/253611496_410776350647217_8965008672623851031_n.jpg?_nc_cat=110&amp;ccb=1-5&amp;_nc_sid=a26aad&amp;_nc_ohc=s50yIxManXMAX9SikJl&amp;_nc_ht=scontent.fyei6-4.fna&amp;oh=d05cb69ab783f859fd74a6ba547b264f&amp;oe=6197C19A\" alt=\"Bir \u200e\u015funu diyen bir yaz\u0131 '\u200eBKM ETK\u0130NL\u0130KLER\u0130 13:00-14:00 Ebeveynlerle Uzman Psikolog S\u00f6yle\u015fisi Ebeveynler MUTLULUK VE END\u0130\u015eE DUYGU AT\u00c3\u2013LYELER\u0130 13-15-16-18-21 Kas\u0131m 2021 MAXIMUM UNIQ 15:00 16:00 Ebeveynler ve Uzm. Dr. Kerem D\u00fcndar E\u015fli\u011finde Duygu-N\u00f6robilim \u0130li\u015fkisi Uzerine Sohbet 10:30 11:30 Yarat\u0131c\u0131 Drama 11:40-12:30 Sanat Terapisi 13:00 14:00 Kukla At\u00f6lyesi 14:30- 14:30-15:30 Felsefe At\u00f6lyesi 10:30 11:30 Yarat\u0131c\u0131 Drama 11:40-12:30 Sanat Terapisi 13:00-14:00 Geri D\u00f6n\u00fc\u015f\u00fcm At\u00f6lyesi 15:40-16:15 \u00c7ocuk Tiyatrosu 7-9 Ya\u015f 4-6 Ya\u015f At\u00f6lye biletlerine Taskagit Makas DUYGUAT RUYGU UAT\u00c3 \u0629U\u200e'\u200e g\u00f6rseli olabilir\" \/><\/h2>\n<h2><strong>Ta\u015f Ka\u011f\u0131t Makas At\u00f6lyesi<\/strong><\/h2>\n<p>Ta\u015f Ka\u011f\u0131t Makas, bu ara tatilde BKM etkinlikleri kapsam\u0131nda hem 4 \u2013 6 ve 7 \u2013 9 ya\u015f aras\u0131 \u00e7ocuklara y\u00f6nelik at\u00f6lyelerle, hem de ebeveynlere y\u00f6nelik seminerler ile 13 &#8211; 21 Kas\u0131m tarihlerinde Maslak Uniq\u2019te yer al\u0131yor. \u00c7ocuklar i\u00e7in yarat\u0131c\u0131 drama, sanat terapisi, kukla at\u00f6lyesi, felsefe at\u00f6lyesi, geri d\u00f6n\u00fc\u015f\u00fcm at\u00f6lyesi ve \u00e7ocuk tiyatrosu gibi birbirinden keyifli etkinlikler planlanm\u0131\u015f. Yeti\u015fkinlere y\u00f6nelik ger\u00e7ekle\u015fecek seminerlerde ise konusunun uzman isimleri Prof. Dr. Mehmet Sungur, Dr. \u00d6zg\u00fcr Bolat ve Uzm. Dr. Kerem D\u00fcndar konu\u015fmac\u0131lar aras\u0131nda yer al\u0131yor. Detayl\u0131 bilgi ve program detaylar\u0131na <strong><a href=\"https:\/\/www.biletix.com\/etkinlik\/05A4L\/TURKIYE\/tr\">buradan<\/a><\/strong> ula\u015fabilirsiniz.<\/p>\n<h1><strong>Akvaryumlar ve E\u011flence Merkezleri<\/strong><\/h1>\n<p><img loading=\"lazy\" decoding=\"async\" class=\"size-full wp-image-3383 alignnone\" src=\"https:\/\/julesverne.com.tr\/wp-content\/uploads\/2020\/09\/sealife-02.jpg\" alt=\"\" width=\"1280\" height=\"674\" srcset=\"https:\/\/julesverne.com.tr\/wp-content\/uploads\/2020\/09\/sealife-02.jpg 1280w, https:\/\/julesverne.com.tr\/wp-content\/uploads\/2020\/09\/sealife-02-500x263.jpg 500w, https:\/\/julesverne.com.tr\/wp-content\/uploads\/2020\/09\/sealife-02-768x404.jpg 768w\" sizes=\"(max-width: 1280px) 100vw, 1280px\" \/><\/p>\n<h2><strong>Sea Life<\/strong><\/h2>\n<p>Forum \u0130stanbul i\u00e7erisinde yer alan ve T\u00fcrkiye\u2019nin en b\u00fcy\u00fck akvaryumu olan\u00a0<strong>Sea Life Akvaryum<\/strong>, 15 binden fazla sualt\u0131 canl\u0131s\u0131 ve tematik alanlar\u0131yla g\u00f6r\u00fclmeye de\u011fer. Akvaryumda g\u00f6recekleriniz yaln\u0131zca bal\u0131klardan ibaret de\u011fil. Beslenme saatine denk gelirseniz k\u00f6pekbal\u0131klar\u0131n\u0131n beslenmelerini izleyebilir, sualt\u0131 d\u00fcnyas\u0131na \u00f6zel k\u00fc\u00e7\u00fck bir al\u0131\u015fveri\u015f yapabilir, dalg\u0131\u00e7lar\u0131n sualt\u0131nda yapm\u0131\u015f olduklar\u0131 g\u00f6sterileri izleyebilir ya da k\u00f6pekbal\u0131klar\u0131 ile dalabilirsiniz. Sea Life Akvaryum ile ilgili detayl\u0131 bilgiye <a href=\"https:\/\/www.visitsealife.com\/istanbul\/\" target=\"_blank\" rel=\"noopener\"><strong>buradan<\/strong><\/a> ula\u015fabilirsiniz.<\/p>\n<p><img loading=\"lazy\" decoding=\"async\" class=\"size-full wp-image-11223 alignnone\" src=\"https:\/\/julesverne.com.tr\/wp-content\/uploads\/2021\/11\/istanbul-akvaryum.jpg\" alt=\"\" width=\"1200\" height=\"800\" srcset=\"https:\/\/julesverne.com.tr\/wp-content\/uploads\/2021\/11\/istanbul-akvaryum.jpg 1200w, https:\/\/julesverne.com.tr\/wp-content\/uploads\/2021\/11\/istanbul-akvaryum-500x333.jpg 500w, https:\/\/julesverne.com.tr\/wp-content\/uploads\/2021\/11\/istanbul-akvaryum-768x512.jpg 768w\" sizes=\"(max-width: 1200px) 100vw, 1200px\" \/><\/p>\n<h2><strong>\u0130stanbul Akvaryum<\/strong><\/h2>\n<p>Bar\u0131nd\u0131rd\u0131\u011f\u0131 17 bin deniz canl\u0131s\u0131, gezi g\u00fczergah\u0131, ya\u011fmur orman\u0131 ve yeni nesil teknolojileriyle olduk\u00e7a iddial\u0131 yerlerden biri olan <strong>\u0130stanbul Akvaryum<\/strong>; d\u00fcnyan\u0131n en b\u00fcy\u00fck tematik akvaryumlar\u0131ndan bir tanesi. Temaya \u00f6zel ses ve \u0131\u015f\u0131kland\u0131rma sistemleri sayesinde g\u00f6rsel ve i\u015fitsel bir deneyim sunan \u0130stanbul Akvaryum, ara tatili de\u011ferlendirmek i\u00e7in gidebilece\u011finiz en do\u011fru yerlerden. \u0130stanbul Akvaryum ile ilgili detayl\u0131 bilgiye <a href=\"https:\/\/www.istanbulakvaryum.com\/tr\" target=\"_blank\" rel=\"noopener\"><strong>buradan<\/strong><\/a> ula\u015fabilirsiniz.<\/p>\n<p><img loading=\"lazy\" decoding=\"async\" class=\"size-full wp-image-11202 alignnone\" src=\"https:\/\/julesverne.com.tr\/wp-content\/uploads\/2021\/11\/Emaar-Akvaryum-Sualti-Hayvanat-Bahcesi.jpg\" alt=\"\" width=\"1200\" height=\"800\" srcset=\"https:\/\/julesverne.com.tr\/wp-content\/uploads\/2021\/11\/Emaar-Akvaryum-Sualti-Hayvanat-Bahcesi.jpg 1200w, https:\/\/julesverne.com.tr\/wp-content\/uploads\/2021\/11\/Emaar-Akvaryum-Sualti-Hayvanat-Bahcesi-500x333.jpg 500w, https:\/\/julesverne.com.tr\/wp-content\/uploads\/2021\/11\/Emaar-Akvaryum-Sualti-Hayvanat-Bahcesi-768x512.jpg 768w\" sizes=\"(max-width: 1200px) 100vw, 1200px\" \/><\/p>\n<h2><strong>Emaar Akvaryum &amp; Sualt\u0131 Hayvanat Bah\u00e7esi<\/strong><\/h2>\n<p>Anadolu yakas\u0131ndaki Emaar AVM i\u00e7erisinde yer alan; 200 t\u00fcrden 20 binin \u00fczerinde deniz canl\u0131s\u0131 ve amfibiye ev sahipli\u011fi yapan <a href=\"https:\/\/www.emaarakvaryum.com\/\" target=\"_blank\" rel=\"noopener\"><strong>Emaar Akvaryum &amp; Sualt\u0131 Hayvanat Bah\u00e7esi<\/strong><\/a>\u2019nde unutulmaz anlar ya\u015fay\u0131p, e\u011flencenin tad\u0131n\u0131 \u00e7\u0131karaca\u011f\u0131n\u0131z bir ke\u015fif sizi bekliyor. Emaar Akvaryum ve Sualt\u0131 Hayvanat Bah\u00e7esi\u2019nde e\u015fsiz bir deneyime haz\u0131r olun!<\/p>\n<p><img loading=\"lazy\" decoding=\"async\" class=\"size-full wp-image-11224 alignnone\" src=\"https:\/\/julesverne.com.tr\/wp-content\/uploads\/2021\/11\/ViaSea-Akvaryum.jpg\" alt=\"\" width=\"1200\" height=\"800\" srcset=\"https:\/\/julesverne.com.tr\/wp-content\/uploads\/2021\/11\/ViaSea-Akvaryum.jpg 1200w, https:\/\/julesverne.com.tr\/wp-content\/uploads\/2021\/11\/ViaSea-Akvaryum-500x333.jpg 500w, https:\/\/julesverne.com.tr\/wp-content\/uploads\/2021\/11\/ViaSea-Akvaryum-768x512.jpg 768w\" sizes=\"(max-width: 1200px) 100vw, 1200px\" \/><\/p>\n<h2><strong>ViaSea Akvaryum<\/strong><\/h2>\n<p>D\u00fcnyan\u0131n ilk iklim temal\u0131 akvaryumu <strong>ViaSea<\/strong>, binlerce deniz alt\u0131 canl\u0131s\u0131n\u0131 bir arada g\u00f6zlemleyebilece\u011finiz b\u00fcy\u00fcleyici yerlerden bir tanesi. 12 binin \u00fczerindeki deniz canl\u0131s\u0131 ve 47 farkl\u0131 temadan olu\u015fan sergileri ile <strong><a href=\"https:\/\/viaseaakvaryum.com\/\" target=\"_blank\" rel=\"noopener\">ViaSea Akvaryum<\/a><\/strong>\u2019da e\u011flenceli ve e\u011fitici saatler ge\u00e7irece\u011finiz garanti.<\/p>\n<p><img loading=\"lazy\" decoding=\"async\" class=\"size-full wp-image-3384 alignnone\" src=\"https:\/\/julesverne.com.tr\/wp-content\/uploads\/2020\/09\/legoland.jpg\" alt=\"\" width=\"1200\" height=\"800\" srcset=\"https:\/\/julesverne.com.tr\/wp-content\/uploads\/2020\/09\/legoland.jpg 1200w, https:\/\/julesverne.com.tr\/wp-content\/uploads\/2020\/09\/legoland-500x333.jpg 500w, https:\/\/julesverne.com.tr\/wp-content\/uploads\/2020\/09\/legoland-768x512.jpg 768w\" sizes=\"(max-width: 1200px) 100vw, 1200px\" \/><\/p>\n<h2><strong>Legoland Discovery Centre<\/strong><\/h2>\n<p>Forum \u0130stanbul i\u00e7erisinde yer alan bir di\u011fer \u00e7ekim merkezi ise <strong>Legoland Discovery Centre<\/strong>. \u00c7ocuklar Legoland\u2019de Lego yap\u0131m uzmanlar\u0131ndan uygulamal\u0131 derslerle kendi modellerini olu\u015fturabilir ya da Miniland\u2019e giderek Galata Kulesi, Bo\u011faz K\u00f6pr\u00fcs\u00fc, Sultanahmet Camii ve Ayasofya gibi hem \u0130stanbul\u2019un hem de d\u00fcnyan\u0131n simgesi haline gelmi\u015f pek \u00e7ok yap\u0131n\u0131n Lego par\u00e7alar\u0131ndan yap\u0131lm\u0131\u015f hallerini g\u00f6rebilirler. Legoland Discovery Centre ile ilgili detayl\u0131 bilgiye <a href=\"https:\/\/www.legolanddiscoverycentre.com\/\" target=\"_blank\" rel=\"noopener\"><strong>buradan<\/strong><\/a> ula\u015fabilirsiniz.<\/p>\n<p><img loading=\"lazy\" decoding=\"async\" class=\"size-full wp-image-11225 alignnone\" src=\"https:\/\/julesverne.com.tr\/wp-content\/uploads\/2021\/11\/isfanbul-1.jpg\" alt=\"\" width=\"1200\" height=\"800\" srcset=\"https:\/\/julesverne.com.tr\/wp-content\/uploads\/2021\/11\/isfanbul-1.jpg 1200w, https:\/\/julesverne.com.tr\/wp-content\/uploads\/2021\/11\/isfanbul-1-500x333.jpg 500w, https:\/\/julesverne.com.tr\/wp-content\/uploads\/2021\/11\/isfanbul-1-768x512.jpg 768w\" sizes=\"(max-width: 1200px) 100vw, 1200px\" \/><\/p>\n<h2><strong>\u0130sfanbul E\u011flence ve Ya\u015fam Merkezi<\/strong><\/h2>\n<p>Birbirinden \u00f6zel e\u011flence \u00fcniteleriyle donat\u0131lm\u0131\u015f, Ey\u00fcpsultan\u2019daki 120 bin m2\u2019lik alan \u00fczerinde bulunan <strong>\u0130sfanbul E\u011flence ve Ya\u015fam Merkezi<\/strong>, ara tatilde s\u0131n\u0131rs\u0131z e\u011flence i\u00e7in en keyifli adreslerden. Yerli Disneyland olarak da bilinen T\u00fcrkiye\u2019nin ilk tema park konseptine sahip \u0130sfanbul E\u011flence ve Ya\u015fam Merkezi\u2019nde; 3 saniyede 110 km h\u0131za ula\u015fan d\u00fcnyan\u0131n en iyi 4\u2019\u00fcnc\u00fc roller coaster\u2019\u0131 \u201cNefeskesen\u201d, 50 metreden adrenalin dolu ini\u015f ya\u015fatan \u201cAdalet Kulesi\u201d, macera severlerin ilgi oda\u011f\u0131 \u201cViking\u201d, efsanevi \u201cKing Kong\u201d ve 20 milyon dolarl\u0131k yat\u0131r\u0131mla 4 bin metrekarelik bir alana kurulan, \u0130stanbul\u2019un fethini insans\u0131 robotlarla anlatan \u201cFatih\u2019in R\u00fcyas\u0131\u201d park\u0131n en sevilen \u00fcniteleri aras\u0131nda yer al\u0131yor.<\/p>\n<p style=\"text-align: center;\"><strong>\u00c7ocuklar\u0131n\u0131zla birlikte size \u00f6zel gezi program\u0131 i\u00e7in:<br \/>\n<a href=\"mailto:travel@julesverne.com.tr\">travel@julesverne.com.tr<\/a><\/strong><\/p>\n<p>&nbsp;<\/p>","protected":false},"excerpt":{"rendered":"<p>Ara tatili \u0130stanbul&#8217;da ge\u00e7irecek aileler i\u00e7in, her semtinde ayr\u0131 bir g\u00fczellikle kar\u015f\u0131la\u015fabilece\u011finiz \u0130stanbul&#8217;un \u00e7ocuklarla birlikte gezilebilecek en keyifli rotalar\u0131n\u0131 haz\u0131rlad\u0131k. Tarih, sanat, ke\u015fif ve e\u011flence dolu \u0130stanbul&#8217;u ara tatilde \u00e7ocuklar\u0131n\u0131zla birlikte ke\u015ffetmeye ne dersiniz? Tema parklar, akvaryumlar, m\u00fczeler, tarihi yerler ve birbirinden g\u00fczel at\u00f6lye \u00e7al\u0131\u015fmalar\u0131 ile Kas\u0131m ara tatilinde \u0130stanbul \u00e7ocuklar i\u00e7in yine dopdolu. \u0130\u015fte [&hellip;]<\/p>\n","protected":false},"author":10,"featured_media":11231,"comment_status":"closed","ping_status":"closed","sticky":false,"template":"","format":"standard","meta":{"inline_featured_image":false,"footnotes":""},"categories":[1,39],"tags":[137,208,206],"acf":[],"yoast_head":"<!-- This site is optimized with the Yoast SEO plugin v22.3 - https:\/\/yoast.com\/wordpress\/plugins\/seo\/ -->\n<title>Ara Tatilde \u00c7ocuklarla \u0130stanbul\u2019u Ke\u015ffedin! - JULES VERNE BUSINESS MICE TRAVEL<\/title>\n<meta name=\"description\" content=\"Ara tatili \u0130stanbul&#039;da ge\u00e7irecek aileler i\u00e7in, her semtinde ayr\u0131 bir g\u00fczellikle kar\u015f\u0131la\u015fabilece\u011finiz \u0130stanbul&#039;un \u00e7ocuklarla birlikte gezilebilecek en keyifli rotalar\u0131n\u0131 haz\u0131rlad\u0131k. Tarih, sanat, ke\u015fif ve e\u011flence dolu \u0130stanbul&#039;u ara tatilde \u00e7ocuklar\u0131n\u0131zla birlikte ke\u015ffetmeye ne dersiniz? Tema parklar, akvaryumlar, m\u00fczeler, tarihi yerler ve birbirinden g\u00fczel at\u00f6lye \u00e7al\u0131\u015fmalar\u0131 ile Kas\u0131m ara tatilinde \u0130stanbul \u00e7ocuklar i\u00e7in yine dopdolu.\" \/>\n<meta name=\"robots\" content=\"index, follow, max-snippet:-1, max-image-preview:large, max-video-preview:-1\" \/>\n<link rel=\"canonical\" href=\"https:\/\/julesverne.com.tr\/travel-blog\/ara-tatilde-cocuklarla-istanbul\/\" \/>\n<meta property=\"og:locale\" content=\"en_US\" \/>\n<meta property=\"og:type\" content=\"article\" \/>\n<meta property=\"og:title\" content=\"Ara Tatilde \u00c7ocuklarla \u0130stanbul\u2019u Ke\u015ffedin! - JULES VERNE BUSINESS MICE TRAVEL\" \/>\n<meta property=\"og:description\" content=\"Ara tatili \u0130stanbul&#039;da ge\u00e7irecek aileler i\u00e7in, her semtinde ayr\u0131 bir g\u00fczellikle kar\u015f\u0131la\u015fabilece\u011finiz \u0130stanbul&#039;un \u00e7ocuklarla birlikte gezilebilecek en keyifli rotalar\u0131n\u0131 haz\u0131rlad\u0131k. Tarih, sanat, ke\u015fif ve e\u011flence dolu \u0130stanbul&#039;u ara tatilde \u00e7ocuklar\u0131n\u0131zla birlikte ke\u015ffetmeye ne dersiniz? Tema parklar, akvaryumlar, m\u00fczeler, tarihi yerler ve birbirinden g\u00fczel at\u00f6lye \u00e7al\u0131\u015fmalar\u0131 ile Kas\u0131m ara tatilinde \u0130stanbul \u00e7ocuklar i\u00e7in yine dopdolu.\" \/>\n<meta property=\"og:url\" content=\"https:\/\/julesverne.com.tr\/travel-blog\/ara-tatilde-cocuklarla-istanbul\/\" \/>\n<meta property=\"og:site_name\" content=\"JULES VERNE BUSINESS MICE TRAVEL\" \/>\n<meta property=\"article:publisher\" content=\"https:\/\/www.facebook.com\/JulesVerneBusinessMiceTravel\/\" \/>\n<meta property=\"article:published_time\" content=\"2021-11-16T07:32:31+00:00\" \/>\n<meta property=\"article:modified_time\" content=\"2023-01-05T16:55:10+00:00\" \/>\n<meta property=\"og:image\" content=\"https:\/\/julesverne.com.tr\/wp-content\/uploads\/2021\/11\/isfanbul-2.jpg\" \/>\n\t<meta property=\"og:image:width\" content=\"740\" \/>\n\t<meta property=\"og:image:height\" content=\"418\" \/>\n\t<meta property=\"og:image:type\" content=\"image\/jpeg\" \/>\n<meta name=\"author\" content=\"Ebru Alt\u0131n\" \/>\n<meta name=\"twitter:card\" content=\"summary_large_image\" \/>\n<meta name=\"twitter:creator\" content=\"@JV_BusinessMice\" \/>\n<meta name=\"twitter:site\" content=\"@JV_BusinessMice\" \/>\n<meta name=\"twitter:label1\" content=\"Written by\" \/>\n\t<meta name=\"twitter:data1\" content=\"Ebru Alt\u0131n\" \/>\n\t<meta name=\"twitter:label2\" content=\"Est. reading time\" \/>\n\t<meta name=\"twitter:data2\" content=\"15 minutes\" \/>\n<script type=\"application\/ld+json\" class=\"yoast-schema-graph\">{\"@context\":\"https:\/\/schema.org\",\"@graph\":[{\"@type\":\"Article\",\"@id\":\"https:\/\/julesverne.com.tr\/travel-blog\/ara-tatilde-cocuklarla-istanbul\/#article\",\"isPartOf\":{\"@id\":\"https:\/\/julesverne.com.tr\/travel-blog\/ara-tatilde-cocuklarla-istanbul\/\"},\"author\":{\"name\":\"Ebru Alt\u0131n\",\"@id\":\"https:\/\/julesverne.com.tr\/#\/schema\/person\/219931edfe2e7d9cbbcbabb8a7e4c7f4\"},\"headline\":\"Ara Tatilde \u00c7ocuklarla \u0130stanbul\u2019u Ke\u015ffedin!\",\"datePublished\":\"2021-11-16T07:32:31+00:00\",\"dateModified\":\"2023-01-05T16:55:10+00:00\",\"mainEntityOfPage\":{\"@id\":\"https:\/\/julesverne.com.tr\/travel-blog\/ara-tatilde-cocuklarla-istanbul\/\"},\"wordCount\":4481,\"publisher\":{\"@id\":\"https:\/\/julesverne.com.tr\/#organization\"},\"image\":{\"@id\":\"https:\/\/julesverne.com.tr\/travel-blog\/ara-tatilde-cocuklarla-istanbul\/#primaryimage\"},\"thumbnailUrl\":\"https:\/\/julesverne.com.tr\/wp-content\/uploads\/2021\/11\/isfanbul-2.jpg\",\"keywords\":[\"Blog\",\"\u0130stanbul\",\"Nerede Gitsek\"],\"articleSection\":[\"Blog\",\"Nereye Gitsek?\"],\"inLanguage\":\"en-US\"},{\"@type\":\"WebPage\",\"@id\":\"https:\/\/julesverne.com.tr\/travel-blog\/ara-tatilde-cocuklarla-istanbul\/\",\"url\":\"https:\/\/julesverne.com.tr\/travel-blog\/ara-tatilde-cocuklarla-istanbul\/\",\"name\":\"Ara Tatilde \u00c7ocuklarla \u0130stanbul\u2019u Ke\u015ffedin! - JULES VERNE BUSINESS MICE TRAVEL\",\"isPartOf\":{\"@id\":\"https:\/\/julesverne.com.tr\/#website\"},\"primaryImageOfPage\":{\"@id\":\"https:\/\/julesverne.com.tr\/travel-blog\/ara-tatilde-cocuklarla-istanbul\/#primaryimage\"},\"image\":{\"@id\":\"https:\/\/julesverne.com.tr\/travel-blog\/ara-tatilde-cocuklarla-istanbul\/#primaryimage\"},\"thumbnailUrl\":\"https:\/\/julesverne.com.tr\/wp-content\/uploads\/2021\/11\/isfanbul-2.jpg\",\"datePublished\":\"2021-11-16T07:32:31+00:00\",\"dateModified\":\"2023-01-05T16:55:10+00:00\",\"description\":\"Ara tatili \u0130stanbul'da ge\u00e7irecek aileler i\u00e7in, her semtinde ayr\u0131 bir g\u00fczellikle kar\u015f\u0131la\u015fabilece\u011finiz \u0130stanbul'un \u00e7ocuklarla birlikte gezilebilecek en keyifli rotalar\u0131n\u0131 haz\u0131rlad\u0131k. Tarih, sanat, ke\u015fif ve e\u011flence dolu \u0130stanbul'u ara tatilde \u00e7ocuklar\u0131n\u0131zla birlikte ke\u015ffetmeye ne dersiniz? Tema parklar, akvaryumlar, m\u00fczeler, tarihi yerler ve birbirinden g\u00fczel at\u00f6lye \u00e7al\u0131\u015fmalar\u0131 ile Kas\u0131m ara tatilinde \u0130stanbul \u00e7ocuklar i\u00e7in yine dopdolu.\",\"breadcrumb\":{\"@id\":\"https:\/\/julesverne.com.tr\/travel-blog\/ara-tatilde-cocuklarla-istanbul\/#breadcrumb\"},\"inLanguage\":\"en-US\",\"potentialAction\":[{\"@type\":\"ReadAction\",\"target\":[\"https:\/\/julesverne.com.tr\/travel-blog\/ara-tatilde-cocuklarla-istanbul\/\"]}]},{\"@type\":\"ImageObject\",\"inLanguage\":\"en-US\",\"@id\":\"https:\/\/julesverne.com.tr\/travel-blog\/ara-tatilde-cocuklarla-istanbul\/#primaryimage\",\"url\":\"https:\/\/julesverne.com.tr\/wp-content\/uploads\/2021\/11\/isfanbul-2.jpg\",\"contentUrl\":\"https:\/\/julesverne.com.tr\/wp-content\/uploads\/2021\/11\/isfanbul-2.jpg\",\"width\":740,\"height\":418},{\"@type\":\"BreadcrumbList\",\"@id\":\"https:\/\/julesverne.com.tr\/travel-blog\/ara-tatilde-cocuklarla-istanbul\/#breadcrumb\",\"itemListElement\":[{\"@type\":\"ListItem\",\"position\":1,\"name\":\"Anasayfa\",\"item\":\"https:\/\/julesverne.com.tr\/\"},{\"@type\":\"ListItem\",\"position\":2,\"name\":\"Ara Tatilde \u00c7ocuklarla \u0130stanbul\u2019u Ke\u015ffedin!\"}]},{\"@type\":\"WebSite\",\"@id\":\"https:\/\/julesverne.com.tr\/#website\",\"url\":\"https:\/\/julesverne.com.tr\/\",\"name\":\"JULES VERNE BUSINESS MICE TRAVEL\",\"description\":\"\",\"publisher\":{\"@id\":\"https:\/\/julesverne.com.tr\/#organization\"},\"potentialAction\":[{\"@type\":\"SearchAction\",\"target\":{\"@type\":\"EntryPoint\",\"urlTemplate\":\"https:\/\/julesverne.com.tr\/?s={search_term_string}\"},\"query-input\":\"required name=search_term_string\"}],\"inLanguage\":\"en-US\"},{\"@type\":\"Organization\",\"@id\":\"https:\/\/julesverne.com.tr\/#organization\",\"name\":\"JULES VERNE BUSINESS MICE TRAVEL\",\"url\":\"https:\/\/julesverne.com.tr\/\",\"logo\":{\"@type\":\"ImageObject\",\"inLanguage\":\"en-US\",\"@id\":\"https:\/\/julesverne.com.tr\/#\/schema\/logo\/image\/\",\"url\":\"https:\/\/julesverne.com.tr\/wp-content\/uploads\/2020\/09\/jv-bmt-logo.png\",\"contentUrl\":\"https:\/\/julesverne.com.tr\/wp-content\/uploads\/2020\/09\/jv-bmt-logo.png\",\"width\":110,\"height\":81,\"caption\":\"JULES VERNE BUSINESS MICE TRAVEL\"},\"image\":{\"@id\":\"https:\/\/julesverne.com.tr\/#\/schema\/logo\/image\/\"},\"sameAs\":[\"https:\/\/www.facebook.com\/JulesVerneBusinessMiceTravel\/\",\"https:\/\/twitter.com\/JV_BusinessMice\",\"https:\/\/www.instagram.com\/julesvernebusinessmicetravel\/\",\"https:\/\/www.linkedin.com\/company\/julesvernebusinessmicetravel\/\",\"https:\/\/www.youtube.com\/channel\/UCAwdsmbZ6tFhu1tea6pkpiw\"]},{\"@type\":\"Person\",\"@id\":\"https:\/\/julesverne.com.tr\/#\/schema\/person\/219931edfe2e7d9cbbcbabb8a7e4c7f4\",\"name\":\"Ebru Alt\u0131n\",\"url\":\"https:\/\/julesverne.com.tr\/en\/author\/ebru-altin\/\"}]}<\/script>\n<!-- \/ Yoast SEO plugin. -->","yoast_head_json":{"title":"Ara Tatilde \u00c7ocuklarla \u0130stanbul\u2019u Ke\u015ffedin! - JULES VERNE BUSINESS MICE TRAVEL","description":"Ara tatili \u0130stanbul'da ge\u00e7irecek aileler i\u00e7in, her semtinde ayr\u0131 bir g\u00fczellikle kar\u015f\u0131la\u015fabilece\u011finiz \u0130stanbul'un \u00e7ocuklarla birlikte gezilebilecek en keyifli rotalar\u0131n\u0131 haz\u0131rlad\u0131k. Tarih, sanat, ke\u015fif ve e\u011flence dolu \u0130stanbul'u ara tatilde \u00e7ocuklar\u0131n\u0131zla birlikte ke\u015ffetmeye ne dersiniz? Tema parklar, akvaryumlar, m\u00fczeler, tarihi yerler ve birbirinden g\u00fczel at\u00f6lye \u00e7al\u0131\u015fmalar\u0131 ile Kas\u0131m ara tatilinde \u0130stanbul \u00e7ocuklar i\u00e7in yine dopdolu.","robots":{"index":"index","follow":"follow","max-snippet":"max-snippet:-1","max-image-preview":"max-image-preview:large","max-video-preview":"max-video-preview:-1"},"canonical":"https:\/\/julesverne.com.tr\/travel-blog\/ara-tatilde-cocuklarla-istanbul\/","og_locale":"en_US","og_type":"article","og_title":"Ara Tatilde \u00c7ocuklarla \u0130stanbul\u2019u Ke\u015ffedin! - JULES VERNE BUSINESS MICE TRAVEL","og_description":"Ara tatili \u0130stanbul'da ge\u00e7irecek aileler i\u00e7in, her semtinde ayr\u0131 bir g\u00fczellikle kar\u015f\u0131la\u015fabilece\u011finiz \u0130stanbul'un \u00e7ocuklarla birlikte gezilebilecek en keyifli rotalar\u0131n\u0131 haz\u0131rlad\u0131k. Tarih, sanat, ke\u015fif ve e\u011flence dolu \u0130stanbul'u ara tatilde \u00e7ocuklar\u0131n\u0131zla birlikte ke\u015ffetmeye ne dersiniz? Tema parklar, akvaryumlar, m\u00fczeler, tarihi yerler ve birbirinden g\u00fczel at\u00f6lye \u00e7al\u0131\u015fmalar\u0131 ile Kas\u0131m ara tatilinde \u0130stanbul \u00e7ocuklar i\u00e7in yine dopdolu.","og_url":"https:\/\/julesverne.com.tr\/travel-blog\/ara-tatilde-cocuklarla-istanbul\/","og_site_name":"JULES VERNE BUSINESS MICE TRAVEL","article_publisher":"https:\/\/www.facebook.com\/JulesVerneBusinessMiceTravel\/","article_published_time":"2021-11-16T07:32:31+00:00","article_modified_time":"2023-01-05T16:55:10+00:00","og_image":[{"width":740,"height":418,"url":"https:\/\/julesverne.com.tr\/wp-content\/uploads\/2021\/11\/isfanbul-2.jpg","type":"image\/jpeg"}],"author":"Ebru Alt\u0131n","twitter_card":"summary_large_image","twitter_creator":"@JV_BusinessMice","twitter_site":"@JV_BusinessMice","twitter_misc":{"Written by":"Ebru Alt\u0131n","Est. reading time":"15 minutes"},"schema":{"@context":"https:\/\/schema.org","@graph":[{"@type":"Article","@id":"https:\/\/julesverne.com.tr\/travel-blog\/ara-tatilde-cocuklarla-istanbul\/#article","isPartOf":{"@id":"https:\/\/julesverne.com.tr\/travel-blog\/ara-tatilde-cocuklarla-istanbul\/"},"author":{"name":"Ebru Alt\u0131n","@id":"https:\/\/julesverne.com.tr\/#\/schema\/person\/219931edfe2e7d9cbbcbabb8a7e4c7f4"},"headline":"Ara Tatilde \u00c7ocuklarla \u0130stanbul\u2019u Ke\u015ffedin!","datePublished":"2021-11-16T07:32:31+00:00","dateModified":"2023-01-05T16:55:10+00:00","mainEntityOfPage":{"@id":"https:\/\/julesverne.com.tr\/travel-blog\/ara-tatilde-cocuklarla-istanbul\/"},"wordCount":4481,"publisher":{"@id":"https:\/\/julesverne.com.tr\/#organization"},"image":{"@id":"https:\/\/julesverne.com.tr\/travel-blog\/ara-tatilde-cocuklarla-istanbul\/#primaryimage"},"thumbnailUrl":"https:\/\/julesverne.com.tr\/wp-content\/uploads\/2021\/11\/isfanbul-2.jpg","keywords":["Blog","\u0130stanbul","Nerede Gitsek"],"articleSection":["Blog","Nereye Gitsek?"],"inLanguage":"en-US"},{"@type":"WebPage","@id":"https:\/\/julesverne.com.tr\/travel-blog\/ara-tatilde-cocuklarla-istanbul\/","url":"https:\/\/julesverne.com.tr\/travel-blog\/ara-tatilde-cocuklarla-istanbul\/","name":"Ara Tatilde \u00c7ocuklarla \u0130stanbul\u2019u Ke\u015ffedin! - JULES VERNE BUSINESS MICE TRAVEL","isPartOf":{"@id":"https:\/\/julesverne.com.tr\/#website"},"primaryImageOfPage":{"@id":"https:\/\/julesverne.com.tr\/travel-blog\/ara-tatilde-cocuklarla-istanbul\/#primaryimage"},"image":{"@id":"https:\/\/julesverne.com.tr\/travel-blog\/ara-tatilde-cocuklarla-istanbul\/#primaryimage"},"thumbnailUrl":"https:\/\/julesverne.com.tr\/wp-content\/uploads\/2021\/11\/isfanbul-2.jpg","datePublished":"2021-11-16T07:32:31+00:00","dateModified":"2023-01-05T16:55:10+00:00","description":"Ara tatili \u0130stanbul'da ge\u00e7irecek aileler i\u00e7in, her semtinde ayr\u0131 bir g\u00fczellikle kar\u015f\u0131la\u015fabilece\u011finiz \u0130stanbul'un \u00e7ocuklarla birlikte gezilebilecek en keyifli rotalar\u0131n\u0131 haz\u0131rlad\u0131k. Tarih, sanat, ke\u015fif ve e\u011flence dolu \u0130stanbul'u ara tatilde \u00e7ocuklar\u0131n\u0131zla birlikte ke\u015ffetmeye ne dersiniz? Tema parklar, akvaryumlar, m\u00fczeler, tarihi yerler ve birbirinden g\u00fczel at\u00f6lye \u00e7al\u0131\u015fmalar\u0131 ile Kas\u0131m ara tatilinde \u0130stanbul \u00e7ocuklar i\u00e7in yine dopdolu.","breadcrumb":{"@id":"https:\/\/julesverne.com.tr\/travel-blog\/ara-tatilde-cocuklarla-istanbul\/#breadcrumb"},"inLanguage":"en-US","potentialAction":[{"@type":"ReadAction","target":["https:\/\/julesverne.com.tr\/travel-blog\/ara-tatilde-cocuklarla-istanbul\/"]}]},{"@type":"ImageObject","inLanguage":"en-US","@id":"https:\/\/julesverne.com.tr\/travel-blog\/ara-tatilde-cocuklarla-istanbul\/#primaryimage","url":"https:\/\/julesverne.com.tr\/wp-content\/uploads\/2021\/11\/isfanbul-2.jpg","contentUrl":"https:\/\/julesverne.com.tr\/wp-content\/uploads\/2021\/11\/isfanbul-2.jpg","width":740,"height":418},{"@type":"BreadcrumbList","@id":"https:\/\/julesverne.com.tr\/travel-blog\/ara-tatilde-cocuklarla-istanbul\/#breadcrumb","itemListElement":[{"@type":"ListItem","position":1,"name":"Anasayfa","item":"https:\/\/julesverne.com.tr\/"},{"@type":"ListItem","position":2,"name":"Ara Tatilde \u00c7ocuklarla \u0130stanbul\u2019u Ke\u015ffedin!"}]},{"@type":"WebSite","@id":"https:\/\/julesverne.com.tr\/#website","url":"https:\/\/julesverne.com.tr\/","name":"JULES VERNE BUSINESS MICE TRAVEL","description":"","publisher":{"@id":"https:\/\/julesverne.com.tr\/#organization"},"potentialAction":[{"@type":"SearchAction","target":{"@type":"EntryPoint","urlTemplate":"https:\/\/julesverne.com.tr\/?s={search_term_string}"},"query-input":"required name=search_term_string"}],"inLanguage":"en-US"},{"@type":"Organization","@id":"https:\/\/julesverne.com.tr\/#organization","name":"JULES VERNE BUSINESS MICE TRAVEL","url":"https:\/\/julesverne.com.tr\/","logo":{"@type":"ImageObject","inLanguage":"en-US","@id":"https:\/\/julesverne.com.tr\/#\/schema\/logo\/image\/","url":"https:\/\/julesverne.com.tr\/wp-content\/uploads\/2020\/09\/jv-bmt-logo.png","contentUrl":"https:\/\/julesverne.com.tr\/wp-content\/uploads\/2020\/09\/jv-bmt-logo.png","width":110,"height":81,"caption":"JULES VERNE BUSINESS MICE TRAVEL"},"image":{"@id":"https:\/\/julesverne.com.tr\/#\/schema\/logo\/image\/"},"sameAs":["https:\/\/www.facebook.com\/JulesVerneBusinessMiceTravel\/","https:\/\/twitter.com\/JV_BusinessMice","https:\/\/www.instagram.com\/julesvernebusinessmicetravel\/","https:\/\/www.linkedin.com\/company\/julesvernebusinessmicetravel\/","https:\/\/www.youtube.com\/channel\/UCAwdsmbZ6tFhu1tea6pkpiw"]},{"@type":"Person","@id":"https:\/\/julesverne.com.tr\/#\/schema\/person\/219931edfe2e7d9cbbcbabb8a7e4c7f4","name":"Ebru Alt\u0131n","url":"https:\/\/julesverne.com.tr\/en\/author\/ebru-altin\/"}]}},"_links":{"self":[{"href":"https:\/\/julesverne.com.tr\/en\/wp-json\/wp\/v2\/posts\/11193"}],"collection":[{"href":"https:\/\/julesverne.com.tr\/en\/wp-json\/wp\/v2\/posts"}],"about":[{"href":"https:\/\/julesverne.com.tr\/en\/wp-json\/wp\/v2\/types\/post"}],"author":[{"embeddable":true,"href":"https:\/\/julesverne.com.tr\/en\/wp-json\/wp\/v2\/users\/10"}],"replies":[{"embeddable":true,"href":"https:\/\/julesverne.com.tr\/en\/wp-json\/wp\/v2\/comments?post=11193"}],"version-history":[{"count":1,"href":"https:\/\/julesverne.com.tr\/en\/wp-json\/wp\/v2\/posts\/11193\/revisions"}],"predecessor-version":[{"id":14783,"href":"https:\/\/julesverne.com.tr\/en\/wp-json\/wp\/v2\/posts\/11193\/revisions\/14783"}],"wp:featuredmedia":[{"embeddable":true,"href":"https:\/\/julesverne.com.tr\/en\/wp-json\/wp\/v2\/media\/11231"}],"wp:attachment":[{"href":"https:\/\/julesverne.com.tr\/en\/wp-json\/wp\/v2\/media?parent=11193"}],"wp:term":[{"taxonomy":"category","embeddable":true,"href":"https:\/\/julesverne.com.tr\/en\/wp-json\/wp\/v2\/categories?post=11193"},{"taxonomy":"post_tag","embeddable":true,"href":"https:\/\/julesverne.com.tr\/en\/wp-json\/wp\/v2\/tags?post=11193"}],"curies":[{"name":"wp","href":"https:\/\/api.w.org\/{rel}","templated":true}]}}