{"id":10987,"date":"2021-10-27T10:30:51","date_gmt":"2021-10-27T07:30:51","guid":{"rendered":"https:\/\/julesverne.com.tr\/?p=10987"},"modified":"2021-10-27T12:52:57","modified_gmt":"2021-10-27T09:52:57","slug":"dunyanin-en-guzel-sonbahar-rotalari","status":"publish","type":"post","link":"https:\/\/julesverne.com.tr\/en\/travel-blog\/dunyanin-en-guzel-sonbahar-rotalari\/","title":{"rendered":"Seyahat Engeli Olmayan D\u00fcnyan\u0131n En G\u00fczel Sonbahar Rotalar\u0131"},"content":{"rendered":"<p><img loading=\"lazy\" decoding=\"async\" class=\"alignnone wp-image-11041\" src=\"https:\/\/julesverne.com.tr\/wp-content\/uploads\/2021\/10\/lake-bled_autumn_shutterstock_1162048531-500x313.jpg\" alt=\"\" width=\"1200\" height=\"750\" srcset=\"https:\/\/julesverne.com.tr\/wp-content\/uploads\/2021\/10\/lake-bled_autumn_shutterstock_1162048531-500x313.jpg 500w, https:\/\/julesverne.com.tr\/wp-content\/uploads\/2021\/10\/lake-bled_autumn_shutterstock_1162048531-768x480.jpg 768w, https:\/\/julesverne.com.tr\/wp-content\/uploads\/2021\/10\/lake-bled_autumn_shutterstock_1162048531.jpg 1000w\" sizes=\"(max-width: 1200px) 100vw, 1200px\" \/><\/p>\n<p>Sonbahar demek do\u011fan\u0131n ye\u015filden sar\u0131ya, kahveye, k\u0131rm\u0131z\u0131ya d\u00f6n\u00fc\u015fmesi demek. Bu mevsimde seyahate \u00e7\u0131kman\u0131n bamba\u015fka bir keyfi oldu\u011fu a\u015fik\u00e2r.\u00a0Sonbahar\u0131n en g\u00fczel renklerine ev sahipli\u011fi yapan, COVID-19 a\u015f\u0131lar\u0131 tamamlananlar i\u00e7in seyahat engeli olmayan, d\u00fcnyan\u0131n en g\u00fczel sonbahar rotalar\u0131 t\u00fcm g\u00fczellikleriyle seyahat severleri a\u011f\u0131rlamay\u0131 bekliyor.\u00a0Ya\u011fl\u0131 boya tablolar\u0131n\u0131 aratmayan zarafetiyle \u00f6n\u00fcn\u00fcze serilen do\u011fan\u0131n renk c\u00fcmb\u00fc\u015f\u00fcne yak\u0131ndan \u015fahit olmak isterseniz sonbahar\u0131n en \u00e7ok yak\u0131\u015ft\u0131\u011f\u0131 \u015fehirlerde y\u00fcr\u00fcyerek, \u00e7ekece\u011finiz foto\u011fraflarla zaman\u0131 durdurabilirsiniz.<\/p>\n<p>Do\u011fan\u0131n g\u00fcz renklerine b\u00fcr\u00fcnd\u00fc\u011f\u00fc sonbaharda yurt d\u0131\u015f\u0131nda nereye gitsek diye d\u00fc\u015f\u00fcn\u00fcyorsan\u0131z, en g\u00fczel ve T\u00fcrk Vatanda\u015flar\u0131 i\u00e7in seyahat engeli olmayan destinasyonlar\u0131 sizler i\u00e7in se\u00e7tik. <strong>Avusturya<\/strong>&#8216;dan <strong>\u0130svi\u00e7re<\/strong>&#8216;ye,<strong> Fransa<\/strong>&#8216;dan <strong>Macaristan<\/strong>&#8216;a, <strong>Almanya<\/strong>&#8216;dan <strong>Portekiz<\/strong>&#8216;e, <strong>\u0130sko\u00e7ya<\/strong>\u2019dan <strong>Amerika<\/strong>\u2019ya, <strong>Fas<\/strong>&#8216;tan <strong>\u00dcrd\u00fcn, Slovenya <\/strong>ve <strong>\u00c7ek Cumhuriyeti<\/strong>&#8216;ne d\u00fcnyan\u0131n d\u00f6rt bir yan\u0131ndan \u00f6zel rotalar haz\u0131rlad\u0131k.<\/p>\n<p><img loading=\"lazy\" decoding=\"async\" class=\"alignnone wp-image-11028\" src=\"https:\/\/julesverne.com.tr\/wp-content\/uploads\/2021\/10\/Neuschwanstein_Fall_bavyera_shutterstock_726354187-500x333.jpg\" alt=\"\" width=\"1200\" height=\"799\" srcset=\"https:\/\/julesverne.com.tr\/wp-content\/uploads\/2021\/10\/Neuschwanstein_Fall_bavyera_shutterstock_726354187-500x333.jpg 500w, https:\/\/julesverne.com.tr\/wp-content\/uploads\/2021\/10\/Neuschwanstein_Fall_bavyera_shutterstock_726354187-768x511.jpg 768w, https:\/\/julesverne.com.tr\/wp-content\/uploads\/2021\/10\/Neuschwanstein_Fall_bavyera_shutterstock_726354187.jpg 1000w\" sizes=\"(max-width: 1200px) 100vw, 1200px\" \/><\/p>\n<p>&#8220;Avusturya&#8217;da ziyaret edilmesi gereken 5 yer&#8221; listesindeki iki b\u00fcy\u00fcleyici rota <strong>Viyana<\/strong> ve <strong>Hallstatt<\/strong>; Neo-klasik yap\u0131lar\u0131n\u0131n yan\u0131 s\u0131ra gotik mimarileriyle kartpostal g\u00fczelli\u011fine sahip, romantizmin d\u00fcnya \u00e7ap\u0131ndaki ba\u015fkenti <strong>Paris<\/strong>; Orta \u00c7a\u011f ve R\u00f6nesans mimarisinin g\u00f6rkemini yans\u0131tan \u015fatolar\u0131yla UNESCO D\u00fcnya Miras\u0131 taraf\u0131ndan koruma alt\u0131na al\u0131nan<strong> Loire Vadisi<\/strong>; darac\u0131k \u015firin sokaklar\u0131, b\u00f6lgeye has binalar\u0131, ortas\u0131ndan ge\u00e7en Ren Nehri ile Avrupa&#8217;da es ge\u00e7ilmemesi gereken <strong>Colmar<\/strong>; huzurlu ve bir o kadar da e\u015fsiz zaman ge\u00e7irmek ad\u0131na gidilebilecek yerlerin ba\u015f\u0131nda gelen <strong>Bled G\u00f6l\u00fc<\/strong>; g\u00f6z alabildi\u011fine uzanan ormanlar ve vadilere serpi\u015ftirilmi\u015f masmavi g\u00f6lleri ile <strong>Bavyera Alpleri<\/strong>; Almanya&#8217;n\u0131n me\u015fhur rotas\u0131 Romantik Yol&#8217;un g\u00f6z bebe\u011fi <strong>Rothenburg ob der Tauber<\/strong>; \u0130sko\u00e7ya&#8217;n\u0131n ye\u015fili ve do\u011fal g\u00fczellikleri ile \u00fcn yapm\u0131\u015f b\u00f6lgesi <strong>Pertshire<\/strong>; sanat\u00e7\u0131 ve d\u00fc\u015f\u00fcn\u00fcrlerin ilham ald\u0131\u011f\u0131 zengin tarih ve mimarisiyle g\u00f6z kama\u015ft\u0131ran <strong>Budape\u015fte<\/strong>; \u0130svi\u00e7re&#8217;nin Monte Carlo&#8217;su olarak an\u0131lan <strong>Lugano<\/strong>; Portekiz&#8217;in kalbi <strong>Douro Valley<\/strong>; Bohemya&#8217;n\u0131n incisi<strong> \u010cesk\u00fd Krumlov<\/strong>; kendine has dokusu, k\u00fclt\u00fcr\u00fc ve egzotikli\u011fi ile g\u00f6z kama\u015ft\u0131ran <strong>Fas<\/strong>; binlerce y\u0131ll\u0131k insan tarihinin \u00f6nemli kav\u015faklar\u0131ndan biri olan <strong>\u00dcrd\u00fcn<\/strong> ve g\u00f6z kama\u015ft\u0131ran renkleriyle g\u00f6rsel bir \u015f\u00f6len ya\u015fatan <strong>Vermont<\/strong> bu sonbaharda seyahat edilebilecek en keyifli destinasyonlardan.<\/p>\n<h2><strong>\u0130\u015fte sonbahar\u0131n her tonunu g\u00f6rebilece\u011finiz, d\u00fcnyan\u0131n d\u00f6rt bir yan\u0131ndan huzur veren sonbahar rotalar\u0131&#8230;<\/strong><\/h2>\n<p><img loading=\"lazy\" decoding=\"async\" class=\"size-full wp-image-10989 alignnone\" src=\"https:\/\/julesverne.com.tr\/wp-content\/uploads\/2021\/10\/Hallstatt.jpg\" alt=\"\" width=\"1200\" height=\"800\" srcset=\"https:\/\/julesverne.com.tr\/wp-content\/uploads\/2021\/10\/Hallstatt.jpg 1200w, https:\/\/julesverne.com.tr\/wp-content\/uploads\/2021\/10\/Hallstatt-500x333.jpg 500w, https:\/\/julesverne.com.tr\/wp-content\/uploads\/2021\/10\/Hallstatt-768x512.jpg 768w\" sizes=\"(max-width: 1200px) 100vw, 1200px\" \/><\/p>\n<h2><strong>Viyana \u2013 Hallstatt, Avusturya<\/strong><\/h2>\n<p>D\u00fcnyan\u0131n en ihti\u015faml\u0131 kraliyet saraylar\u0131, yemye\u015fil parklar\u0131 ve etkileyici manzaralar\u0131yla ziyaret\u00e7ilerinin g\u00f6zlerini kama\u015ft\u0131ran Avusturya\u2019n\u0131n tablo kasabas\u0131 <strong>Hallstatt<\/strong> ve m\u00fczi\u011fin ba\u015fkenti <strong>Viyana<\/strong>, r\u00fcya gibi bir sonbahar tatili i\u00e7in sizleri bekliyor. <strong>\u201cAvusturya\u2019da ziyaret edilmesi gereken yerler\u201d<\/strong> listesinin ba\u015f\u0131nda gelen bu b\u00fcy\u00fcleyici iki rota, masallar\u0131 aratmayacak ambiyans\u0131yla da konuklar\u0131na unutamayacaklar\u0131 bir tatil vadediyor. \u00a0UNESCO D\u00fcnya Miraslar\u0131 Listesi\u2019nde bulunan <strong>Sch\u00f6nbrunn Saray\u0131<\/strong> gibi e\u015fsiz g\u00fczellikteki tarihi yap\u0131larla \u00e7evrelenen Viyana\u2019da ad\u0131m att\u0131\u011f\u0131n\u0131z her yerde Mozart\u2019tan Beethoven\u2019a kadar uzanan say\u0131s\u0131z bestecinin \u00f6l\u00fcms\u00fcz eserleriyle kulaklar\u0131n\u0131z\u0131n pas\u0131n\u0131 silerek, m\u00fczi\u011fin ahenkli b\u00fcy\u00fcs\u00fcne kendinizi b\u0131rakabilirsiniz. D\u00fcnyan\u0131n ya\u015fanacak en g\u00fczel \u015fehirlerinden Viyana\u2019ya 3 saat uzakl\u0131kta bulunan <strong>Hallstatt<\/strong>; 7000 y\u0131ll\u0131k tuz madenleri, g\u00f6l \u00e7evresinde olman\u0131n sa\u011flad\u0131\u011f\u0131 huzurlu do\u011fas\u0131 ve UNESCO korumas\u0131 alt\u0131ndaki e\u015fsiz kasaba ortam\u0131yla Avusturya\u2019n\u0131n g\u00f6z bebe\u011fi. Hallst\u00e4tter G\u00f6l\u00fc k\u0131y\u0131s\u0131nda kurulan bu \u015firin kasaba, kartpostallar\u0131 aratmayacak g\u00fczelli\u011fi ile geleneksel Avusturya k\u00f6y mimarisinin de en g\u00fczel \u00f6rneklerinden. Her mevsimde bamba\u015fka bir g\u00fczelli\u011fe b\u00fcr\u00fcnen kasaba, \u00f6zellikle sonbahar aylar\u0131ndaki seyrine doyum olmayan manzaralar\u0131yla g\u00f6r\u00fclmesi gereken yerlerden.<\/p>\n<p><img loading=\"lazy\" decoding=\"async\" class=\"size-full wp-image-9249 alignnone\" src=\"https:\/\/julesverne.com.tr\/wp-content\/uploads\/2021\/06\/paris.jpg\" alt=\"\" width=\"1200\" height=\"800\" srcset=\"https:\/\/julesverne.com.tr\/wp-content\/uploads\/2021\/06\/paris.jpg 1200w, https:\/\/julesverne.com.tr\/wp-content\/uploads\/2021\/06\/paris-500x333.jpg 500w, https:\/\/julesverne.com.tr\/wp-content\/uploads\/2021\/06\/paris-768x512.jpg 768w\" sizes=\"(max-width: 1200px) 100vw, 1200px\" \/><\/p>\n<h2><strong>Paris \u2013 Fransa<\/strong><\/h2>\n<p>Sonbahar\u0131n en narin rotalar\u0131ndan biri olan <strong>Paris<\/strong>, d\u00f6rt mevsim sundu\u011fu g\u00fczelliklerle ziyaret\u00e7ilerine unutamayacaklar\u0131 bir tatil vadediyor. Biraz kahve, az kruvasan, fonda Edit Piaf&#8217;\u0131n b\u00fcy\u00fcleyici sesi ve d\u00f6k\u00fclen yapraklar&#8230; D\u00fcnyan\u0131n en romantik kenti \u00fcnvan\u0131n\u0131 elinde bulunduran bu b\u00fcy\u00fcleyici \u015fehir, sonbahar\u0131n geli\u015fiyle birlikte ortaya \u00e7\u0131kan renk c\u00fcmb\u00fc\u015f\u00fcyle g\u00f6z kama\u015ft\u0131r\u0131yor. Geni\u015f bulvarlar\u0131, gotik tarz\u0131 mimari yap\u0131lar\u0131, Sen Nehri ve Eyfel Kulesi gibi simge yerleriyle \u00f6ne \u00e7\u0131kan Paris sahip olduklar\u0131ndan asl\u0131nda \u00e7ok daha fazlas\u0131na sahip.\u00a0Bir\u00e7ok romana, tablo ve m\u00fczi\u011fe konu olmu\u015f Paris\u2019te sonbahar\u0131 ya\u015farken Jardin du Luxembourg, Jardin des Tuileries, Jardin du Palais Royal, Jardin des Plantes, Parc Floral, Parc Monceau ve Parc des Buttes Chaumont parklar\u0131n\u0131 doyas\u0131ya gezmelisiniz.<\/p>\n<p><img loading=\"lazy\" decoding=\"async\" class=\"alignnone wp-image-11042\" src=\"https:\/\/julesverne.com.tr\/wp-content\/uploads\/2021\/10\/loire_valley_shutterstock_395246266-500x329.jpg\" alt=\"\" width=\"1200\" height=\"790\" srcset=\"https:\/\/julesverne.com.tr\/wp-content\/uploads\/2021\/10\/loire_valley_shutterstock_395246266-500x329.jpg 500w, https:\/\/julesverne.com.tr\/wp-content\/uploads\/2021\/10\/loire_valley_shutterstock_395246266-768x505.jpg 768w, https:\/\/julesverne.com.tr\/wp-content\/uploads\/2021\/10\/loire_valley_shutterstock_395246266.jpg 1000w\" sizes=\"(max-width: 1200px) 100vw, 1200px\" \/><\/p>\n<h2><strong>Loire Vadisi, Fransa<\/strong><\/h2>\n<p><strong>&#8220;Fransa&#8217;n\u0131n Bah\u00e7esi&#8221;<\/strong> olarak bilinen, Orta\u00e7a\u011f ve R\u00f6nesans mimarisinin g\u00f6rkemini yans\u0131tan \u015fatolar\u0131yla <strong>UNESCO D\u00fcnya Miras\u0131<\/strong> olarak koruma alt\u0131na al\u0131nan<strong> Loire Vadisi <\/strong>ziyaret\u00e7ilerini sonbahar\u0131n b\u00fcy\u00fcs\u00fcn\u00fc ya\u015fayabilecekleri unutulmaz bir tatile davet ediyor. Peri masallar\u0131nda anlat\u0131lan ihti\u015faml\u0131 \u015fatolar\u0131 aratmayacak g\u00fczellikteki yap\u0131lar\u0131 ile Loire Vadisi; g\u00f6z kama\u015ft\u0131ran bah\u00e7eleri, g\u00f6rkemli dekorasyonlara ve \u00e7arp\u0131c\u0131 tarihi hikayelere sahip masals\u0131 \u015fatolar\u0131 ile kesinlikle ke\u015ffe de\u011fer. Sonbaharla birlikte ba\u011flar\u0131n\u0131n alt\u0131n gibi parlamas\u0131, turuncu ve ate\u015f k\u0131rm\u0131z\u0131s\u0131 yapraklar\u0131n her yerde kar\u015f\u0131n\u0131za \u00e7\u0131kmas\u0131, bah\u00e7eler aras\u0131nda inci gibi duran \u015fatolar\u0131n heybeti kesinlikle buray\u0131 g\u00f6r\u00fclmeye de\u011fer k\u0131l\u0131yor. Fransa&#8217;n\u0131n &#8220;New England&#8217;\u0131&#8221; olarak \u015f\u00f6hreti g\u00fcn ge\u00e7tik\u00e7e giderek yay\u0131l\u0131yor.<\/p>\n<p><img loading=\"lazy\" decoding=\"async\" class=\"alignnone wp-image-9344\" src=\"https:\/\/julesverne.com.tr\/wp-content\/uploads\/2021\/06\/shutterstock_1487448959.jpg\" alt=\"\" width=\"1200\" height=\"800\" srcset=\"https:\/\/julesverne.com.tr\/wp-content\/uploads\/2021\/06\/shutterstock_1487448959.jpg 1000w, https:\/\/julesverne.com.tr\/wp-content\/uploads\/2021\/06\/shutterstock_1487448959-500x334.jpg 500w, https:\/\/julesverne.com.tr\/wp-content\/uploads\/2021\/06\/shutterstock_1487448959-768x512.jpg 768w\" sizes=\"(max-width: 1200px) 100vw, 1200px\" \/><\/p>\n<h2><strong>Colmar, Fransa<\/strong><\/h2>\n<p>Pastel tonlara boyanm\u0131\u015f b\u00f6lgeye has ah\u015fap evleri, kanallar\u0131, k\u00f6pr\u00fcleri ve ta\u015f d\u00f6\u015feli sokaklar\u0131yla Orta \u00c7a\u011f&#8217;dan bu yana neredeyse hi\u00e7 de\u011fi\u015fmeyen e\u015fsiz Alsas kasabas\u0131 <strong>Colmar<\/strong>, sonbahar\u0131 ya\u015famak i\u00e7in adeta bi\u00e7ilmi\u015f kaftan. Ortas\u0131ndan ge\u00e7en Ren Nehri ile Avrupa&#8217;da es ge\u00e7ilmemesi gereken destinasyonlar\u0131n ba\u015f\u0131nda gelen bu \u015firin kasaba, tarihindeki sava\u015flara ve i\u015fgallere inat ge\u00e7mi\u015f miras\u0131n\u0131 ve eski mimari dokusunu \u00f6zenle koruyan masals\u0131 bir manzaraya sahip.\u00a0\u0130yi korunmu\u015f tarihi kenti, say\u0131s\u0131z mimari yap\u0131s\u0131 ve Isenheim Altarpiece ile Unterlinden gibi m\u00fczeleriyle \u00fcnl\u00fc \u015firin Frans\u0131z kasabas\u0131 Colmar&#8217;dayken foto\u011fraf makinenizin yan\u0131n\u0131zda bulunmas\u0131na dikkat edin, zira g\u00f6rece\u011finiz her bir kareyi \u00f6l\u00fcms\u00fczle\u015ftirmek isteyeceksiniz.<\/p>\n<p><img loading=\"lazy\" decoding=\"async\" class=\"alignnone wp-image-11043\" src=\"https:\/\/julesverne.com.tr\/wp-content\/uploads\/2021\/10\/lake_bled_shutterstock_700795456-500x254.jpg\" alt=\"\" width=\"1200\" height=\"610\" srcset=\"https:\/\/julesverne.com.tr\/wp-content\/uploads\/2021\/10\/lake_bled_shutterstock_700795456-500x254.jpg 500w, https:\/\/julesverne.com.tr\/wp-content\/uploads\/2021\/10\/lake_bled_shutterstock_700795456-768x390.jpg 768w, https:\/\/julesverne.com.tr\/wp-content\/uploads\/2021\/10\/lake_bled_shutterstock_700795456.jpg 1000w\" sizes=\"(max-width: 1200px) 100vw, 1200px\" \/><\/p>\n<h2><strong>Bled G\u00f6l\u00fc &#8211; Slovenya<\/strong><\/h2>\n<p>Slovenya\u2019n\u0131n en g\u00fczel yerlerinden biri olan <strong>Triglav Milli Park\u0131<\/strong> i\u00e7indeki <strong>Bled G\u00f6l\u00fc<\/strong>, e\u015fsiz do\u011fal g\u00fczellikleri ve alternatif tatil imkanlar\u0131yla g\u00f6z kama\u015ft\u0131r\u0131yor. Bu sonbahar rotan\u0131z\u0131 Bled G\u00f6l\u00fc\u2019ne \u00e7evirecek olursan\u0131z kendinizi \u015fimdiden bir masal diyar\u0131nda hissetmeye haz\u0131r olun. &#8220;Anda&#8221; kalmak isteyece\u011finiz bir duygu ve sonsuzluk hissi uyand\u0131ran Bled G\u00f6l\u00fc, Slovenya&#8217;n\u0131n Bled kasabas\u0131n\u0131 t\u00fcm d\u00fcnyaya tan\u0131tan bir g\u00fczelli\u011fe sahip. \u00d6zellikle sonbahar aylar\u0131nda b\u00fcy\u00fcleyici g\u00f6rsellerle kar\u015f\u0131la\u015fabilece\u011finiz Bled Kasabas\u0131 fazlas\u0131yla fantastik bir kasaba. G\u00f6l\u00fcn ortas\u0131ndaki Bled Adas\u0131, adan\u0131n \u00fczerindeki St. Martin Kilisesi&#8217;nin \u00e7an sesleri, tarihi 1000&#8217;li y\u0131llara dayanan Bled Kalesi, 600 metre bir t\u0131rman\u0131\u015fla ula\u015f\u0131p, g\u00f6l\u00fc tepeden g\u00f6rebilece\u011finiz Ojstrica buray\u0131 masals\u0131 k\u0131l\u0131yor.<\/p>\n<p><img loading=\"lazy\" decoding=\"async\" class=\"size-full wp-image-10992 alignnone\" src=\"https:\/\/julesverne.com.tr\/wp-content\/uploads\/2021\/10\/bavyera.jpg\" alt=\"\" width=\"1200\" height=\"800\" srcset=\"https:\/\/julesverne.com.tr\/wp-content\/uploads\/2021\/10\/bavyera.jpg 1200w, https:\/\/julesverne.com.tr\/wp-content\/uploads\/2021\/10\/bavyera-500x333.jpg 500w, https:\/\/julesverne.com.tr\/wp-content\/uploads\/2021\/10\/bavyera-768x512.jpg 768w\" sizes=\"(max-width: 1200px) 100vw, 1200px\" \/><\/p>\n<h2><strong>Bavyera Alpleri \u2013 Almanya<\/strong><\/h2>\n<p>Zirvesi karl\u0131 y\u00fcce da\u011flar, g\u00f6z alabildi\u011fine uzanan ormanlar, vadilere serpi\u015ftirilmi\u015f masmavi g\u00f6lc\u00fckler, 400 y\u0131ll\u0131k yap\u0131lar\u0131 ve \u00f6zg\u00fcn kimliklerini koruyan kasabalar\u0131yla G\u00fcney Almanya, Avrupa\u2019n\u0131n en g\u00fczel manzaralar\u0131ndan birini sunan co\u011frafyas\u0131 ve mimarisi ile gezginlerin radar\u0131nda! \u00d6zellikle sonbaharda ye\u015filin sararan tonlar\u0131na, k\u0131rm\u0131z\u0131 yaprakl\u0131 a\u011fa\u00e7lar\u0131n kat\u0131lmas\u0131yla olu\u015fan pastoral manzaraya doyum olmuyor. \u00d6zellikle do\u011fa tutkunlar\u0131 i\u00e7in muhte\u015fem bir destinasyon olan <strong>Bavyera Alpleri<\/strong> sonbahar mevsimi ile kendisinden al\u0131nan keyfi ikiye katl\u0131yor.<\/p>\n<p>\u00d6zellikle Main Nehri\u2019nden Alplere uzanan Romantik Yol rotas\u0131 sonsuz gibi gelen Alp ormanlar\u0131, Orta \u00c7a\u011f surlar\u0131yla \u00e7evrili kasabalar\u0131, ke\u015ffedilmeyi bekleyen saray ve kaleleri, Bavyera&#8217;n\u0131n lokal \u015faraplar\u0131, \u015firin kiliseleri ve g\u00f6steri\u015fli katedralleriyle peri masal\u0131 gibi!\u2060 W\u00fcrzburg, Rothenburg ob der Tauber, Dinkelsb\u00fchl, N\u00f6rdlingen, Augsburg gibi kasabalar\u0131 ve Neuschwanstein, Hohenschwangau \u015fatolar\u0131 ile sadece do\u011fas\u0131yla de\u011fil sanat\u0131, tarihi ve k\u00fclt\u00fcr\u00fcyle de kendine hayran b\u0131rak\u0131yor.\u2060 \u2060<\/p>\n<p><img loading=\"lazy\" decoding=\"async\" class=\"alignnone wp-image-11044\" src=\"https:\/\/julesverne.com.tr\/wp-content\/uploads\/2021\/10\/rothenburg_shutterstock_1723397161-500x334.jpg\" alt=\"\" width=\"1200\" height=\"800\" srcset=\"https:\/\/julesverne.com.tr\/wp-content\/uploads\/2021\/10\/rothenburg_shutterstock_1723397161-500x334.jpg 500w, https:\/\/julesverne.com.tr\/wp-content\/uploads\/2021\/10\/rothenburg_shutterstock_1723397161-768x512.jpg 768w, https:\/\/julesverne.com.tr\/wp-content\/uploads\/2021\/10\/rothenburg_shutterstock_1723397161.jpg 1000w\" sizes=\"(max-width: 1200px) 100vw, 1200px\" \/><\/p>\n<h2><strong>Rothenburg ob der Tauber, Almanya<\/strong><\/h2>\n<p>Almanya\u2019n\u0131n g\u00fcneyinde, Bavyera b\u00f6lgesindeki; ad\u0131 gibi romantik, fantastik kasaba ve k\u00f6ylerle dolu Romantik Yol, Main Nehri\u2019nden Alplere uzan\u0131yor. Frankfurt\u2019tan ba\u015flay\u0131p M\u00fcnih\u2019te tamamlayaca\u011f\u0131n\u0131z rota \u201cmutlaka yap\u0131lmas\u0131 gerekenler\u201d listenizde olmal\u0131. \u2060Her biri birbirinden g\u00fczel \u015fehir ve kasabalar\u0131n adeta bilin\u00e7li bir \u015fekilde yerle\u015ftirildi\u011fi, Avrupa\u2019n\u0131n en iyi rotalar\u0131ndan biri olan Almanya Romantik Rotas\u0131\u2019n\u0131n g\u00f6z bebe\u011fi <strong>Rothenburg ob der Tauber<\/strong> yar\u0131 ah\u015fap mimarili renkli evleri, kuleleri ve \u00e7e\u015fmeleriyle bir Walt Disney prod\u00fcksiyonu kadar masals\u0131 ama bir prod\u00fcksiyon olamayacak kadar ger\u00e7ek!<\/p>\n<p><img loading=\"lazy\" decoding=\"async\" class=\"size-full wp-image-10993 alignnone\" src=\"https:\/\/julesverne.com.tr\/wp-content\/uploads\/2021\/10\/Perthshire.jpg\" alt=\"\" width=\"1200\" height=\"800\" srcset=\"https:\/\/julesverne.com.tr\/wp-content\/uploads\/2021\/10\/Perthshire.jpg 1200w, https:\/\/julesverne.com.tr\/wp-content\/uploads\/2021\/10\/Perthshire-500x333.jpg 500w, https:\/\/julesverne.com.tr\/wp-content\/uploads\/2021\/10\/Perthshire-768x512.jpg 768w\" sizes=\"(max-width: 1200px) 100vw, 1200px\" \/><\/p>\n<h2><strong>Perthshire, \u0130sko\u00e7ya<\/strong><\/h2>\n<p>\u0130sko\u00e7ya\u2019n\u0131n ye\u015fili ve do\u011fal g\u00fczellikleri ile \u00fcn yapan b\u00f6lgesi, &#8220;<strong>B\u00fcy\u00fck A\u011fa\u00e7lar \u00dclkesi&#8221; <\/strong>olarak an\u0131lan <strong>Perthshire<\/strong>, nefes kesen do\u011fal g\u00fczellikleriyle \u00f6zellikle Avrupa\u2019n\u0131n en g\u00fczel sonbahar rotalar\u0131ndan biri. A\u011fa\u00e7larla kapl\u0131 yama\u00e7lar\u0131n g\u00fcz renklerini ayna gibi yans\u0131tan g\u00f6l ve nehirleri hem do\u011fa sporlar\u0131 i\u00e7in hem de muazzam do\u011fa foto\u011fraflar\u0131 i\u00e7in e\u015fsiz bir ortam sunuyor. B\u00f6lgedeki en \u00e7arp\u0131c\u0131 manzaralar\u0131 Loch Tummel ve Knock Hill civar\u0131nda bulabilir, sonbahar\u0131n b\u00fcy\u00fcleyici g\u00fczelli\u011fini Pertshire&#8217;\u0131n etkileyici ambiyans\u0131 e\u015fli\u011finde ke\u015ffedebilirsiniz.\u00a0 Ormanl\u0131k yollardan y\u00fcr\u00fcyerek Knock Hill&#8217;e do\u011fru y\u00fcr\u00fcd\u00fc\u011f\u00fcn\u00fczde Highlands&#8217;in g\u00fczel g\u00f6r\u00fcnt\u00fcs\u00fcn\u00fc seyredebilirsiniz.<\/p>\n<p><img loading=\"lazy\" decoding=\"async\" class=\"alignnone wp-image-11045\" src=\"https:\/\/julesverne.com.tr\/wp-content\/uploads\/2021\/10\/budapeste_shutterstock_1459804331-500x282.jpg\" alt=\"\" width=\"1200\" height=\"676\" srcset=\"https:\/\/julesverne.com.tr\/wp-content\/uploads\/2021\/10\/budapeste_shutterstock_1459804331-500x282.jpg 500w, https:\/\/julesverne.com.tr\/wp-content\/uploads\/2021\/10\/budapeste_shutterstock_1459804331-768x432.jpg 768w, https:\/\/julesverne.com.tr\/wp-content\/uploads\/2021\/10\/budapeste_shutterstock_1459804331-400x225.jpg 400w, https:\/\/julesverne.com.tr\/wp-content\/uploads\/2021\/10\/budapeste_shutterstock_1459804331.jpg 1000w\" sizes=\"(max-width: 1200px) 100vw, 1200px\" \/><\/p>\n<h2><strong>Budape\u015fte, Macaristan<\/strong><\/h2>\n<p>Sonbahar\u0131n alt\u0131n \u0131\u015f\u0131\u011f\u0131 ile \u0131\u015f\u0131l \u0131\u015f\u0131l parlayan Do\u011fu\u2019nun Paris\u2019i <strong>Budape\u015fte<\/strong> sanat\u00e7\u0131 ve d\u00fc\u015f\u00fcn\u00fcrlerin ilham ald\u0131\u011f\u0131 zengin tarihi ve mimarisi ile ziyaret\u00e7ilerine b\u00fcy\u00fcl\u00fc bir d\u00fcnyan\u0131n kap\u0131lar\u0131n\u0131 a\u00e7\u0131yor. Her mevsim ayr\u0131 bir g\u00fczelli\u011fe sahip olan \u015fehir, \u00f6zellikle sonbaharda apayr\u0131 bir havaya b\u00fcr\u00fcn\u00fcyor. Sadece 2 saat u\u00e7u\u015f uzakl\u0131\u011f\u0131nda bulunan Budape\u015fte&#8217;de ulusal i\u00e7ecek ve yemeklerin tan\u0131t\u0131ld\u0131\u011f\u0131 gurme festivaller ile hareketlenen sonbahar aylar\u0131n\u0131n tad\u0131n\u0131 \u00e7\u0131kararak her an\u0131n\u0131z\u0131 \u00f6zel k\u0131labilir; \u015fehre yak\u0131n konumlanan Eger, Tokaj veya Villany b\u00f6lgelerinde ba\u011f ziyareti ve \u015farap tad\u0131m\u0131 yapabilirsiniz.<\/p>\n<p><img loading=\"lazy\" decoding=\"async\" class=\"alignnone wp-image-11040\" src=\"https:\/\/julesverne.com.tr\/wp-content\/uploads\/2021\/10\/lugano_shutterstock_1431726851-500x334.jpg\" alt=\"\" width=\"1200\" height=\"802\" srcset=\"https:\/\/julesverne.com.tr\/wp-content\/uploads\/2021\/10\/lugano_shutterstock_1431726851-500x334.jpg 500w, https:\/\/julesverne.com.tr\/wp-content\/uploads\/2021\/10\/lugano_shutterstock_1431726851-768x513.jpg 768w, https:\/\/julesverne.com.tr\/wp-content\/uploads\/2021\/10\/lugano_shutterstock_1431726851.jpg 1000w\" sizes=\"(max-width: 1200px) 100vw, 1200px\" \/><\/p>\n<h2><strong>Lugano, \u0130svi\u00e7re<\/strong><\/h2>\n<p>\u0130svi\u00e7re\u2019nin Monte Carlo\u2019su olarak an\u0131lan <strong>Lugano<\/strong>, Lugano G\u00f6l\u00fc k\u0131y\u0131s\u0131nda olmas\u0131n\u0131n g\u00f6rsel ayr\u0131cal\u0131\u011f\u0131n\u0131 ya\u015fat\u0131yor. \u0130talya s\u0131n\u0131r\u0131na yak\u0131n Lugano G\u00f6l\u00fc k\u0131y\u0131s\u0131nda yer alan ve \u00fclkenin tamam\u0131nda \u0130talyanca konu\u015fulan tek kantonda bulunan Lugano; mimarisi, do\u011fal g\u00fczelli\u011fi ve d\u00fcnyaca \u00fcnl\u00fc resort otelleri ile Avrupa\u2019da huzur seyahati yapmak isteyenlerin g\u00f6zdesi.\u00a0Alplerin hemen g\u00fcneyinde yer almas\u0131yla cezbedici da\u011f manzaralar\u0131n\u0131n g\u00f6lgesinde olan Lugano seyahatinizi sonbahara denk getirirseniz m\u00fckemmel bir sonbahar renk uyumuyla kar\u015f\u0131la\u015fabilirsiniz.<\/p>\n<p><img loading=\"lazy\" decoding=\"async\" class=\"alignnone wp-image-8568\" src=\"https:\/\/julesverne.com.tr\/wp-content\/uploads\/2021\/05\/Douro-Valley-scaled.jpg\" alt=\"\" width=\"1200\" height=\"799\" srcset=\"https:\/\/julesverne.com.tr\/wp-content\/uploads\/2021\/05\/Douro-Valley-scaled.jpg 1600w, https:\/\/julesverne.com.tr\/wp-content\/uploads\/2021\/05\/Douro-Valley-500x333.jpg 500w, https:\/\/julesverne.com.tr\/wp-content\/uploads\/2021\/05\/Douro-Valley-1280x852.jpg 1280w, https:\/\/julesverne.com.tr\/wp-content\/uploads\/2021\/05\/Douro-Valley-768x511.jpg 768w, https:\/\/julesverne.com.tr\/wp-content\/uploads\/2021\/05\/Douro-Valley-1536x1022.jpg 1536w, https:\/\/julesverne.com.tr\/wp-content\/uploads\/2021\/05\/Douro-Valley-2048x1363.jpg 2048w\" sizes=\"(max-width: 1200px) 100vw, 1200px\" \/><\/p>\n<h2><strong>Douro Valley, Portekiz<\/strong><\/h2>\n<p>Portekiz\u2019in kalbi <strong>Douro Valley<\/strong> sonbaharda bir ba\u015fka g\u00fczel. Tarihi ba\u011flar ve \u015faraphanelerin aras\u0131ndan ge\u00e7erek Porto\u2019da okyanusa d\u00f6k\u00fclen Douro Nehri\u2019nin iki yakas\u0131nda y\u00fckselen dik yama\u00e7lar d\u00fcnyan\u0131n en \u00f6nemli ba\u011flar\u0131n\u0131n ayn\u0131 zamanda ya\u015fam yeri. Tara\u00e7a tara\u00e7a inen ba\u011flarla kapl\u0131 yama\u00e7lar ise b\u00f6lgeyi sonbaharda gezilecek en iyi yerlerden biri haline getiriyor. K\u0131\u015f aylar\u0131nda fazlas\u0131yla so\u011fuk olan ve yaz aylar\u0131nda termometreyi \u015fa\u015f\u0131rtan s\u0131cakl\u0131klara eri\u015fen Douro Vadisi ziyareti i\u00e7in en iyi zaman bahar aylar\u0131. 2001 y\u0131l\u0131nda UNESCO D\u00fcnya Miras\u0131 listesine al\u0131nan Douro ba\u011flar\u0131 ve b\u00f6lgesini ara\u00e7 kiralay\u0131p gezmek \u00e7ok keyifli. Sonbahar renklerine b\u00fcr\u00fcnen yollar\u0131nda k\u0131vr\u0131l\u0131p \u00f6zg\u00fcn k\u00f6ylerini, \u00fcnl\u00fc ba\u011flar\u0131n\u0131 ve ba\u011f evlerini, yerel m\u00fczelerini gezebilirsiniz.<\/p>\n<p><img loading=\"lazy\" decoding=\"async\" class=\"alignnone wp-image-11039\" src=\"https:\/\/julesverne.com.tr\/wp-content\/uploads\/2021\/10\/Cesky-Krumlov_shutterstock_476846824-500x334.jpg\" alt=\"\" width=\"1200\" height=\"800\" srcset=\"https:\/\/julesverne.com.tr\/wp-content\/uploads\/2021\/10\/Cesky-Krumlov_shutterstock_476846824-500x334.jpg 500w, https:\/\/julesverne.com.tr\/wp-content\/uploads\/2021\/10\/Cesky-Krumlov_shutterstock_476846824-768x512.jpg 768w, https:\/\/julesverne.com.tr\/wp-content\/uploads\/2021\/10\/Cesky-Krumlov_shutterstock_476846824.jpg 1000w\" sizes=\"(max-width: 1200px) 100vw, 1200px\" \/><\/p>\n<h2><strong>\u010cesk\u00fd Krumlov, \u00c7ek Cumhuriyeti<\/strong><\/h2>\n<p>Bohemya\u2019n\u0131n incisi olarak da adland\u0131r\u0131lan <strong>Cesky Krumlov<\/strong>\u2019un hi\u00e7 bozulmam\u0131\u015f Orta \u00c7a\u011f sokaklar\u0131nda y\u00fcr\u00fcrken kendinizi adeta bir film setinde hissedebilirsiniz. Prag\u2019a 3 saatlik karayolu mesafesindeki UNESCO taraf\u0131ndan korunan Cesky Krumlov, labirent gibi ilgin\u00e7 sokaklar\u0131, gotik yap\u0131lar\u0131 ve gizemli \u015fatolar\u0131yla adeta bir a\u00e7\u0131k hava m\u00fczesini and\u0131r\u0131yor. \u00dclkenin 2. ba\u015fkenti konumundaki Cesky Krumlov\u2019da \u015fehre \u00f6nemli eserler b\u0131rakm\u0131\u015f Eggenberg&#8217;lere ait Eggenberg \u015eatosu ve bira evi mutlaka ziyaret edilmesi gereken yerler aras\u0131nda. G\u00fczel havalarda \u015fehrin i\u00e7inden ge\u00e7en nehir \u00fczerinde kano yaparak, \u015fehri bir de bu a\u00e7\u0131dan ke\u015ffedebilirsiniz.<\/p>\n<p><img loading=\"lazy\" decoding=\"async\" class=\"size-full wp-image-9477 alignnone\" src=\"https:\/\/julesverne.com.tr\/wp-content\/uploads\/2021\/06\/fas.jpg\" alt=\"\" width=\"1200\" height=\"800\" srcset=\"https:\/\/julesverne.com.tr\/wp-content\/uploads\/2021\/06\/fas.jpg 1200w, https:\/\/julesverne.com.tr\/wp-content\/uploads\/2021\/06\/fas-500x333.jpg 500w, https:\/\/julesverne.com.tr\/wp-content\/uploads\/2021\/06\/fas-768x512.jpg 768w\" sizes=\"(max-width: 1200px) 100vw, 1200px\" \/><\/p>\n<h2><strong>Fas<\/strong><\/h2>\n<p>T\u00fcrk vatanda\u015flar\u0131ndan vize talep etmeyen, k\u0131sa u\u00e7u\u015flarla ula\u015fabilece\u011finiz Fas mistik ve oryantal dokulara sahip bir ke\u015fif i\u00e7in her zaman renkli ve ilham verici! Bu sonbahar k\u0131sa bir u\u00e7u\u015fla ula\u015faca\u011f\u0131n\u0131z egzotik ve mistik bir rota aray\u0131\u015f\u0131ndaysan\u0131z\u00a0 Fas farkl\u0131 ve otantik bir tercih olabilir. Kendine has dokusu, k\u00fclt\u00fcr\u00fc ve egzotikli\u011fi ile ziyaret\u00e7ilerine b\u00fcy\u00fcleyici g\u00fczellikte bir tatilin kap\u0131lar\u0131n\u0131 a\u00e7an Fas kavurucu s\u0131caklar\u0131n bitip, k\u0131\u015f so\u011fu\u011funun hen\u00fcz s\u0131n\u0131rlara giri\u015f yapmad\u0131\u011f\u0131 bu ara d\u00f6nemde iyi bir rehber e\u015fli\u011finde dola\u015farak, rustik k\u00f6ylerini ke\u015ffedebilece\u011finiz e\u015fsiz yerlerden biri. Do\u011faya ve do\u011fa sporlar\u0131na ilginiz varsa Atlas Da\u011flar\u0131&#8217;nda y\u00fcr\u00fcy\u00fc\u015f i\u00e7in y\u00fcksek sezonun sonbahar oldu\u011funu hemen s\u00f6yleyelim.\u00a0E\u011fer sadece Marake\u015f\u2019te kalmak istiyorsan\u0131z birbirinden \u00f6zel ve l\u00fcks tasar\u0131ma sahip riadlardan birinin avlusunda nane \u00e7ay\u0131n\u0131z\u0131 yudumlaman\u0131n keyfini \u00e7\u0131kar\u0131n.<\/p>\n<p><img loading=\"lazy\" decoding=\"async\" class=\"size-full wp-image-10995 alignnone\" src=\"https:\/\/julesverne.com.tr\/wp-content\/uploads\/2021\/10\/petra.jpg\" alt=\"\" width=\"1200\" height=\"800\" srcset=\"https:\/\/julesverne.com.tr\/wp-content\/uploads\/2021\/10\/petra.jpg 1200w, https:\/\/julesverne.com.tr\/wp-content\/uploads\/2021\/10\/petra-500x333.jpg 500w, https:\/\/julesverne.com.tr\/wp-content\/uploads\/2021\/10\/petra-768x512.jpg 768w\" sizes=\"(max-width: 1200px) 100vw, 1200px\" \/><\/p>\n<h2><strong>\u00dcrd\u00fcn<\/strong><\/h2>\n<p>Bir yan\u0131 sonsuz bir \u00e7\u00f6l, bir yan\u0131 d\u00fcnyan\u0131n en g\u00fczel denizlerinden K\u0131z\u0131ldeniz\u2026 Binlerce y\u0131ll\u0131k insanl\u0131k tarihinin \u00f6nemli kav\u015faklar\u0131ndan biri olan <strong>\u00dcrd\u00fcn<\/strong> denilince akla gelen ilk yer kay\u0131p \u015fehir Petra oluyor. UNESCO D\u00fcnya Miras\u0131 Listesi\u2019nde yer alan <strong>Petra Antik Kenti<\/strong> dar bir kanyon i\u00e7erisinde, kayalar oyularak in\u015fa edilen yap\u0131lar\u0131yla ger\u00e7ek\u00fcst\u00fc bir deneyime sahip. Y\u00fczy\u0131llar boyunca unutulan ve 19. y\u00fczy\u0131lda \u0130svi\u00e7re as\u0131ll\u0131 gezgin Johann Ludwig Burckhardt taraf\u0131ndan ke\u015ffedilen Petra 2007 y\u0131l\u0131nda ise D\u00fcnyan\u0131n Yeni 7 Harikas\u0131 listesine se\u00e7ildi. Petra kadar \u00fclkenin \u00e7\u00f6lleri, \u00e7arp\u0131c\u0131 manzaralar\u0131, antik kentleri ve k\u00fclt\u00fcrel yap\u0131lar\u0131 siz de derin izler b\u0131rakacak. \u015eehir sadece k\u00fclt\u00fcrel de\u011fil ayn\u0131 zamanda vah\u015fi do\u011fa ve ekstrem su sporlar\u0131yla da maceraperestleri heyecanland\u0131r\u0131yor. \u00dcrd\u00fcn\u2019\u00fc sonbaharda gezmenin en g\u00fczel yan\u0131 ise g\u00fcnd\u00fczleri bunaltmayan havas\u0131 ve ak\u015famlar\u0131 serin olu\u015fu\u2026<\/p>\n<p><img loading=\"lazy\" decoding=\"async\" class=\"alignnone wp-image-3415\" src=\"https:\/\/julesverne.com.tr\/wp-content\/uploads\/2020\/09\/vermont_rural-1.jpg\" alt=\"\" width=\"1200\" height=\"800\" srcset=\"https:\/\/julesverne.com.tr\/wp-content\/uploads\/2020\/09\/vermont_rural-1.jpg 900w, https:\/\/julesverne.com.tr\/wp-content\/uploads\/2020\/09\/vermont_rural-1-500x333.jpg 500w, https:\/\/julesverne.com.tr\/wp-content\/uploads\/2020\/09\/vermont_rural-1-768x512.jpg 768w\" sizes=\"(max-width: 1200px) 100vw, 1200px\" \/><\/p>\n<h2><strong>Vermont, ABD<\/strong><\/h2>\n<p>K\u0131rm\u0131z\u0131, turuncu ve sar\u0131n\u0131n bin bir tonu ile ziyaret\u00e7ilerine g\u00f6rsel bir \u015f\u00f6len ya\u015fatan ABD\u2019nin <strong>Vermont Eyaleti<\/strong> sonbahar\u0131n geli\u015fiyle birlikte adeta farkl\u0131 bir kimli\u011fe b\u00fcr\u00fcn\u00fcyor. D\u00f6rtte \u00fc\u00e7\u00fc ormanlarla kapl\u0131 olan Vermont rotan\u0131zda \u00fclkenin en g\u00fczel kasabalar\u0131ndan Woodstock, eyaletin en eski park\u0131 Mount Philo, Manchester, Bennington, Weston ve Willmington mutlaka olmal\u0131. Siz de Road Trip tam bana g\u00f6re diyen gezginlerdenseniz Vermont sonbahar rotas\u0131 ile b\u00fcy\u00fcleyici manzaralar e\u015fli\u011finde r\u00fcya gibi bir tatil ya\u015fayabilirsiniz.<\/p>\n<p style=\"text-align: center;\"><strong>Size \u00f6zel seyahat program\u0131 ve rezervasyon i\u00e7in:<\/strong><br \/>\n<strong><a href=\"mailto:travel@julesverne.com.tr\">travel@julesverne.com.tr<\/a><\/strong><\/p>\n<p>&nbsp;<\/p>\n","protected":false},"excerpt":{"rendered":"<p>Sonbahar demek do\u011fan\u0131n ye\u015filden sar\u0131ya, kahveye, k\u0131rm\u0131z\u0131ya d\u00f6n\u00fc\u015fmesi demek. Bu mevsimde seyahate \u00e7\u0131kman\u0131n bamba\u015fka bir keyfi oldu\u011fu a\u015fik\u00e2r.\u00a0Sonbahar\u0131n en g\u00fczel renklerine ev sahipli\u011fi yapan, COVID-19 a\u015f\u0131lar\u0131 tamamlananlar i\u00e7in seyahat engeli olmayan, d\u00fcnyan\u0131n en g\u00fczel sonbahar rotalar\u0131 t\u00fcm g\u00fczellikleriyle seyahat severleri a\u011f\u0131rlamay\u0131 bekliyor.\u00a0Ya\u011fl\u0131 boya tablolar\u0131n\u0131 aratmayan zarafetiyle \u00f6n\u00fcn\u00fcze serilen do\u011fan\u0131n renk c\u00fcmb\u00fc\u015f\u00fcne yak\u0131ndan \u015fahit olmak isterseniz [&hellip;]<\/p>\n","protected":false},"author":10,"featured_media":11030,"comment_status":"closed","ping_status":"closed","sticky":false,"template":"","format":"standard","meta":{"inline_featured_image":false,"footnotes":""},"categories":[38,1,39],"tags":[198],"acf":[],"yoast_head":"<!-- This site is optimized with the Yoast SEO plugin v22.3 - https:\/\/yoast.com\/wordpress\/plugins\/seo\/ -->\n<title>Seyahat Engeli Olmayan D\u00fcnyan\u0131n En G\u00fczel Sonbahar Rotalar\u0131 - JULES VERNE BUSINESS MICE TRAVEL<\/title>\n<meta name=\"description\" content=\"Sonbahar\u0131n en g\u00fczel renklerine ev sahipli\u011fi yapan &quot;Ben yaz insan\u0131y\u0131m&quot; diyenleri bile yerinden kald\u0131r\u0131p, seyahate te\u015fvik edecek olan d\u00fcnyan\u0131n en g\u00fczel sonbahar rotalar\u0131, t\u00fcm g\u00fczellikleriyle do\u011fa i\u00e7inde seyahat severleri a\u011f\u0131rlamay\u0131 bekliyor.\u00a0\" \/>\n<meta name=\"robots\" content=\"index, follow, max-snippet:-1, max-image-preview:large, max-video-preview:-1\" \/>\n<link rel=\"canonical\" href=\"https:\/\/julesverne.com.tr\/travel-blog\/dunyanin-en-guzel-sonbahar-rotalari\/\" \/>\n<meta property=\"og:locale\" content=\"en_US\" \/>\n<meta property=\"og:type\" content=\"article\" \/>\n<meta property=\"og:title\" content=\"Seyahat Engeli Olmayan D\u00fcnyan\u0131n En G\u00fczel Sonbahar Rotalar\u0131 - JULES VERNE BUSINESS MICE TRAVEL\" \/>\n<meta property=\"og:description\" content=\"Sonbahar\u0131n en g\u00fczel renklerine ev sahipli\u011fi yapan &quot;Ben yaz insan\u0131y\u0131m&quot; diyenleri bile yerinden kald\u0131r\u0131p, seyahate te\u015fvik edecek olan d\u00fcnyan\u0131n en g\u00fczel sonbahar rotalar\u0131, t\u00fcm g\u00fczellikleriyle do\u011fa i\u00e7inde seyahat severleri a\u011f\u0131rlamay\u0131 bekliyor.\u00a0\" \/>\n<meta property=\"og:url\" content=\"https:\/\/julesverne.com.tr\/travel-blog\/dunyanin-en-guzel-sonbahar-rotalari\/\" \/>\n<meta property=\"og:site_name\" content=\"JULES VERNE BUSINESS MICE TRAVEL\" \/>\n<meta property=\"article:publisher\" content=\"https:\/\/www.facebook.com\/JulesVerneBusinessMiceTravel\/\" \/>\n<meta property=\"article:published_time\" content=\"2021-10-27T07:30:51+00:00\" \/>\n<meta property=\"article:modified_time\" content=\"2021-10-27T09:52:57+00:00\" \/>\n<meta property=\"og:image\" content=\"https:\/\/julesverne.com.tr\/wp-content\/uploads\/2021\/10\/hallstatt_fall_shutterstock_1858496860.jpg\" \/>\n\t<meta property=\"og:image:width\" content=\"1000\" \/>\n\t<meta property=\"og:image:height\" content=\"562\" \/>\n\t<meta property=\"og:image:type\" content=\"image\/jpeg\" \/>\n<meta name=\"author\" content=\"Ebru Alt\u0131n\" \/>\n<meta name=\"twitter:card\" content=\"summary_large_image\" \/>\n<meta name=\"twitter:creator\" content=\"@JV_BusinessMice\" \/>\n<meta name=\"twitter:site\" content=\"@JV_BusinessMice\" \/>\n<meta name=\"twitter:label1\" content=\"Written by\" \/>\n\t<meta name=\"twitter:data1\" content=\"Ebru Alt\u0131n\" \/>\n\t<meta name=\"twitter:label2\" content=\"Est. reading time\" \/>\n\t<meta name=\"twitter:data2\" content=\"12 minutes\" \/>\n<script type=\"application\/ld+json\" class=\"yoast-schema-graph\">{\"@context\":\"https:\/\/schema.org\",\"@graph\":[{\"@type\":\"Article\",\"@id\":\"https:\/\/julesverne.com.tr\/travel-blog\/dunyanin-en-guzel-sonbahar-rotalari\/#article\",\"isPartOf\":{\"@id\":\"https:\/\/julesverne.com.tr\/travel-blog\/dunyanin-en-guzel-sonbahar-rotalari\/\"},\"author\":{\"name\":\"Ebru Alt\u0131n\",\"@id\":\"https:\/\/julesverne.com.tr\/#\/schema\/person\/219931edfe2e7d9cbbcbabb8a7e4c7f4\"},\"headline\":\"Seyahat Engeli Olmayan D\u00fcnyan\u0131n En G\u00fczel Sonbahar Rotalar\u0131\",\"datePublished\":\"2021-10-27T07:30:51+00:00\",\"dateModified\":\"2021-10-27T09:52:57+00:00\",\"mainEntityOfPage\":{\"@id\":\"https:\/\/julesverne.com.tr\/travel-blog\/dunyanin-en-guzel-sonbahar-rotalari\/\"},\"wordCount\":2633,\"publisher\":{\"@id\":\"https:\/\/julesverne.com.tr\/#organization\"},\"image\":{\"@id\":\"https:\/\/julesverne.com.tr\/travel-blog\/dunyanin-en-guzel-sonbahar-rotalari\/#primaryimage\"},\"thumbnailUrl\":\"https:\/\/julesverne.com.tr\/wp-content\/uploads\/2021\/10\/hallstatt_fall_shutterstock_1858496860.jpg\",\"keywords\":[\"D\u00fcnyan\u0131n En G\u00fczel Sonbahar Rotalar\u0131\"],\"articleSection\":[\"\u0130lham Veren Destinasyonlar\",\"Blog\",\"Nereye Gitsek?\"],\"inLanguage\":\"en-US\"},{\"@type\":\"WebPage\",\"@id\":\"https:\/\/julesverne.com.tr\/travel-blog\/dunyanin-en-guzel-sonbahar-rotalari\/\",\"url\":\"https:\/\/julesverne.com.tr\/travel-blog\/dunyanin-en-guzel-sonbahar-rotalari\/\",\"name\":\"Seyahat Engeli Olmayan D\u00fcnyan\u0131n En G\u00fczel Sonbahar Rotalar\u0131 - JULES VERNE BUSINESS MICE TRAVEL\",\"isPartOf\":{\"@id\":\"https:\/\/julesverne.com.tr\/#website\"},\"primaryImageOfPage\":{\"@id\":\"https:\/\/julesverne.com.tr\/travel-blog\/dunyanin-en-guzel-sonbahar-rotalari\/#primaryimage\"},\"image\":{\"@id\":\"https:\/\/julesverne.com.tr\/travel-blog\/dunyanin-en-guzel-sonbahar-rotalari\/#primaryimage\"},\"thumbnailUrl\":\"https:\/\/julesverne.com.tr\/wp-content\/uploads\/2021\/10\/hallstatt_fall_shutterstock_1858496860.jpg\",\"datePublished\":\"2021-10-27T07:30:51+00:00\",\"dateModified\":\"2021-10-27T09:52:57+00:00\",\"description\":\"Sonbahar\u0131n en g\u00fczel renklerine ev sahipli\u011fi yapan \\\"Ben yaz insan\u0131y\u0131m\\\" diyenleri bile yerinden kald\u0131r\u0131p, seyahate te\u015fvik edecek olan d\u00fcnyan\u0131n en g\u00fczel sonbahar rotalar\u0131, t\u00fcm g\u00fczellikleriyle do\u011fa i\u00e7inde seyahat severleri a\u011f\u0131rlamay\u0131 bekliyor.\u00a0\",\"breadcrumb\":{\"@id\":\"https:\/\/julesverne.com.tr\/travel-blog\/dunyanin-en-guzel-sonbahar-rotalari\/#breadcrumb\"},\"inLanguage\":\"en-US\",\"potentialAction\":[{\"@type\":\"ReadAction\",\"target\":[\"https:\/\/julesverne.com.tr\/travel-blog\/dunyanin-en-guzel-sonbahar-rotalari\/\"]}]},{\"@type\":\"ImageObject\",\"inLanguage\":\"en-US\",\"@id\":\"https:\/\/julesverne.com.tr\/travel-blog\/dunyanin-en-guzel-sonbahar-rotalari\/#primaryimage\",\"url\":\"https:\/\/julesverne.com.tr\/wp-content\/uploads\/2021\/10\/hallstatt_fall_shutterstock_1858496860.jpg\",\"contentUrl\":\"https:\/\/julesverne.com.tr\/wp-content\/uploads\/2021\/10\/hallstatt_fall_shutterstock_1858496860.jpg\",\"width\":1000,\"height\":562},{\"@type\":\"BreadcrumbList\",\"@id\":\"https:\/\/julesverne.com.tr\/travel-blog\/dunyanin-en-guzel-sonbahar-rotalari\/#breadcrumb\",\"itemListElement\":[{\"@type\":\"ListItem\",\"position\":1,\"name\":\"Anasayfa\",\"item\":\"https:\/\/julesverne.com.tr\/\"},{\"@type\":\"ListItem\",\"position\":2,\"name\":\"Seyahat Engeli Olmayan D\u00fcnyan\u0131n En G\u00fczel Sonbahar Rotalar\u0131\"}]},{\"@type\":\"WebSite\",\"@id\":\"https:\/\/julesverne.com.tr\/#website\",\"url\":\"https:\/\/julesverne.com.tr\/\",\"name\":\"JULES VERNE BUSINESS MICE TRAVEL\",\"description\":\"\",\"publisher\":{\"@id\":\"https:\/\/julesverne.com.tr\/#organization\"},\"potentialAction\":[{\"@type\":\"SearchAction\",\"target\":{\"@type\":\"EntryPoint\",\"urlTemplate\":\"https:\/\/julesverne.com.tr\/?s={search_term_string}\"},\"query-input\":\"required name=search_term_string\"}],\"inLanguage\":\"en-US\"},{\"@type\":\"Organization\",\"@id\":\"https:\/\/julesverne.com.tr\/#organization\",\"name\":\"JULES VERNE BUSINESS MICE TRAVEL\",\"url\":\"https:\/\/julesverne.com.tr\/\",\"logo\":{\"@type\":\"ImageObject\",\"inLanguage\":\"en-US\",\"@id\":\"https:\/\/julesverne.com.tr\/#\/schema\/logo\/image\/\",\"url\":\"https:\/\/julesverne.com.tr\/wp-content\/uploads\/2020\/09\/jv-bmt-logo.png\",\"contentUrl\":\"https:\/\/julesverne.com.tr\/wp-content\/uploads\/2020\/09\/jv-bmt-logo.png\",\"width\":110,\"height\":81,\"caption\":\"JULES VERNE BUSINESS MICE TRAVEL\"},\"image\":{\"@id\":\"https:\/\/julesverne.com.tr\/#\/schema\/logo\/image\/\"},\"sameAs\":[\"https:\/\/www.facebook.com\/JulesVerneBusinessMiceTravel\/\",\"https:\/\/twitter.com\/JV_BusinessMice\",\"https:\/\/www.instagram.com\/julesvernebusinessmicetravel\/\",\"https:\/\/www.linkedin.com\/company\/julesvernebusinessmicetravel\/\",\"https:\/\/www.youtube.com\/channel\/UCAwdsmbZ6tFhu1tea6pkpiw\"]},{\"@type\":\"Person\",\"@id\":\"https:\/\/julesverne.com.tr\/#\/schema\/person\/219931edfe2e7d9cbbcbabb8a7e4c7f4\",\"name\":\"Ebru Alt\u0131n\",\"url\":\"https:\/\/julesverne.com.tr\/en\/author\/ebru-altin\/\"}]}<\/script>\n<!-- \/ Yoast SEO plugin. -->","yoast_head_json":{"title":"Seyahat Engeli Olmayan D\u00fcnyan\u0131n En G\u00fczel Sonbahar Rotalar\u0131 - JULES VERNE BUSINESS MICE TRAVEL","description":"Sonbahar\u0131n en g\u00fczel renklerine ev sahipli\u011fi yapan \"Ben yaz insan\u0131y\u0131m\" diyenleri bile yerinden kald\u0131r\u0131p, seyahate te\u015fvik edecek olan d\u00fcnyan\u0131n en g\u00fczel sonbahar rotalar\u0131, t\u00fcm g\u00fczellikleriyle do\u011fa i\u00e7inde seyahat severleri a\u011f\u0131rlamay\u0131 bekliyor.\u00a0","robots":{"index":"index","follow":"follow","max-snippet":"max-snippet:-1","max-image-preview":"max-image-preview:large","max-video-preview":"max-video-preview:-1"},"canonical":"https:\/\/julesverne.com.tr\/travel-blog\/dunyanin-en-guzel-sonbahar-rotalari\/","og_locale":"en_US","og_type":"article","og_title":"Seyahat Engeli Olmayan D\u00fcnyan\u0131n En G\u00fczel Sonbahar Rotalar\u0131 - JULES VERNE BUSINESS MICE TRAVEL","og_description":"Sonbahar\u0131n en g\u00fczel renklerine ev sahipli\u011fi yapan \"Ben yaz insan\u0131y\u0131m\" diyenleri bile yerinden kald\u0131r\u0131p, seyahate te\u015fvik edecek olan d\u00fcnyan\u0131n en g\u00fczel sonbahar rotalar\u0131, t\u00fcm g\u00fczellikleriyle do\u011fa i\u00e7inde seyahat severleri a\u011f\u0131rlamay\u0131 bekliyor.\u00a0","og_url":"https:\/\/julesverne.com.tr\/travel-blog\/dunyanin-en-guzel-sonbahar-rotalari\/","og_site_name":"JULES VERNE BUSINESS MICE TRAVEL","article_publisher":"https:\/\/www.facebook.com\/JulesVerneBusinessMiceTravel\/","article_published_time":"2021-10-27T07:30:51+00:00","article_modified_time":"2021-10-27T09:52:57+00:00","og_image":[{"width":1000,"height":562,"url":"https:\/\/julesverne.com.tr\/wp-content\/uploads\/2021\/10\/hallstatt_fall_shutterstock_1858496860.jpg","type":"image\/jpeg"}],"author":"Ebru Alt\u0131n","twitter_card":"summary_large_image","twitter_creator":"@JV_BusinessMice","twitter_site":"@JV_BusinessMice","twitter_misc":{"Written by":"Ebru Alt\u0131n","Est. reading time":"12 minutes"},"schema":{"@context":"https:\/\/schema.org","@graph":[{"@type":"Article","@id":"https:\/\/julesverne.com.tr\/travel-blog\/dunyanin-en-guzel-sonbahar-rotalari\/#article","isPartOf":{"@id":"https:\/\/julesverne.com.tr\/travel-blog\/dunyanin-en-guzel-sonbahar-rotalari\/"},"author":{"name":"Ebru Alt\u0131n","@id":"https:\/\/julesverne.com.tr\/#\/schema\/person\/219931edfe2e7d9cbbcbabb8a7e4c7f4"},"headline":"Seyahat Engeli Olmayan D\u00fcnyan\u0131n En G\u00fczel Sonbahar Rotalar\u0131","datePublished":"2021-10-27T07:30:51+00:00","dateModified":"2021-10-27T09:52:57+00:00","mainEntityOfPage":{"@id":"https:\/\/julesverne.com.tr\/travel-blog\/dunyanin-en-guzel-sonbahar-rotalari\/"},"wordCount":2633,"publisher":{"@id":"https:\/\/julesverne.com.tr\/#organization"},"image":{"@id":"https:\/\/julesverne.com.tr\/travel-blog\/dunyanin-en-guzel-sonbahar-rotalari\/#primaryimage"},"thumbnailUrl":"https:\/\/julesverne.com.tr\/wp-content\/uploads\/2021\/10\/hallstatt_fall_shutterstock_1858496860.jpg","keywords":["D\u00fcnyan\u0131n En G\u00fczel Sonbahar Rotalar\u0131"],"articleSection":["\u0130lham Veren Destinasyonlar","Blog","Nereye Gitsek?"],"inLanguage":"en-US"},{"@type":"WebPage","@id":"https:\/\/julesverne.com.tr\/travel-blog\/dunyanin-en-guzel-sonbahar-rotalari\/","url":"https:\/\/julesverne.com.tr\/travel-blog\/dunyanin-en-guzel-sonbahar-rotalari\/","name":"Seyahat Engeli Olmayan D\u00fcnyan\u0131n En G\u00fczel Sonbahar Rotalar\u0131 - JULES VERNE BUSINESS MICE TRAVEL","isPartOf":{"@id":"https:\/\/julesverne.com.tr\/#website"},"primaryImageOfPage":{"@id":"https:\/\/julesverne.com.tr\/travel-blog\/dunyanin-en-guzel-sonbahar-rotalari\/#primaryimage"},"image":{"@id":"https:\/\/julesverne.com.tr\/travel-blog\/dunyanin-en-guzel-sonbahar-rotalari\/#primaryimage"},"thumbnailUrl":"https:\/\/julesverne.com.tr\/wp-content\/uploads\/2021\/10\/hallstatt_fall_shutterstock_1858496860.jpg","datePublished":"2021-10-27T07:30:51+00:00","dateModified":"2021-10-27T09:52:57+00:00","description":"Sonbahar\u0131n en g\u00fczel renklerine ev sahipli\u011fi yapan \"Ben yaz insan\u0131y\u0131m\" diyenleri bile yerinden kald\u0131r\u0131p, seyahate te\u015fvik edecek olan d\u00fcnyan\u0131n en g\u00fczel sonbahar rotalar\u0131, t\u00fcm g\u00fczellikleriyle do\u011fa i\u00e7inde seyahat severleri a\u011f\u0131rlamay\u0131 bekliyor.\u00a0","breadcrumb":{"@id":"https:\/\/julesverne.com.tr\/travel-blog\/dunyanin-en-guzel-sonbahar-rotalari\/#breadcrumb"},"inLanguage":"en-US","potentialAction":[{"@type":"ReadAction","target":["https:\/\/julesverne.com.tr\/travel-blog\/dunyanin-en-guzel-sonbahar-rotalari\/"]}]},{"@type":"ImageObject","inLanguage":"en-US","@id":"https:\/\/julesverne.com.tr\/travel-blog\/dunyanin-en-guzel-sonbahar-rotalari\/#primaryimage","url":"https:\/\/julesverne.com.tr\/wp-content\/uploads\/2021\/10\/hallstatt_fall_shutterstock_1858496860.jpg","contentUrl":"https:\/\/julesverne.com.tr\/wp-content\/uploads\/2021\/10\/hallstatt_fall_shutterstock_1858496860.jpg","width":1000,"height":562},{"@type":"BreadcrumbList","@id":"https:\/\/julesverne.com.tr\/travel-blog\/dunyanin-en-guzel-sonbahar-rotalari\/#breadcrumb","itemListElement":[{"@type":"ListItem","position":1,"name":"Anasayfa","item":"https:\/\/julesverne.com.tr\/"},{"@type":"ListItem","position":2,"name":"Seyahat Engeli Olmayan D\u00fcnyan\u0131n En G\u00fczel Sonbahar Rotalar\u0131"}]},{"@type":"WebSite","@id":"https:\/\/julesverne.com.tr\/#website","url":"https:\/\/julesverne.com.tr\/","name":"JULES VERNE BUSINESS MICE TRAVEL","description":"","publisher":{"@id":"https:\/\/julesverne.com.tr\/#organization"},"potentialAction":[{"@type":"SearchAction","target":{"@type":"EntryPoint","urlTemplate":"https:\/\/julesverne.com.tr\/?s={search_term_string}"},"query-input":"required name=search_term_string"}],"inLanguage":"en-US"},{"@type":"Organization","@id":"https:\/\/julesverne.com.tr\/#organization","name":"JULES VERNE BUSINESS MICE TRAVEL","url":"https:\/\/julesverne.com.tr\/","logo":{"@type":"ImageObject","inLanguage":"en-US","@id":"https:\/\/julesverne.com.tr\/#\/schema\/logo\/image\/","url":"https:\/\/julesverne.com.tr\/wp-content\/uploads\/2020\/09\/jv-bmt-logo.png","contentUrl":"https:\/\/julesverne.com.tr\/wp-content\/uploads\/2020\/09\/jv-bmt-logo.png","width":110,"height":81,"caption":"JULES VERNE BUSINESS MICE TRAVEL"},"image":{"@id":"https:\/\/julesverne.com.tr\/#\/schema\/logo\/image\/"},"sameAs":["https:\/\/www.facebook.com\/JulesVerneBusinessMiceTravel\/","https:\/\/twitter.com\/JV_BusinessMice","https:\/\/www.instagram.com\/julesvernebusinessmicetravel\/","https:\/\/www.linkedin.com\/company\/julesvernebusinessmicetravel\/","https:\/\/www.youtube.com\/channel\/UCAwdsmbZ6tFhu1tea6pkpiw"]},{"@type":"Person","@id":"https:\/\/julesverne.com.tr\/#\/schema\/person\/219931edfe2e7d9cbbcbabb8a7e4c7f4","name":"Ebru Alt\u0131n","url":"https:\/\/julesverne.com.tr\/en\/author\/ebru-altin\/"}]}},"_links":{"self":[{"href":"https:\/\/julesverne.com.tr\/en\/wp-json\/wp\/v2\/posts\/10987"}],"collection":[{"href":"https:\/\/julesverne.com.tr\/en\/wp-json\/wp\/v2\/posts"}],"about":[{"href":"https:\/\/julesverne.com.tr\/en\/wp-json\/wp\/v2\/types\/post"}],"author":[{"embeddable":true,"href":"https:\/\/julesverne.com.tr\/en\/wp-json\/wp\/v2\/users\/10"}],"replies":[{"embeddable":true,"href":"https:\/\/julesverne.com.tr\/en\/wp-json\/wp\/v2\/comments?post=10987"}],"version-history":[{"count":0,"href":"https:\/\/julesverne.com.tr\/en\/wp-json\/wp\/v2\/posts\/10987\/revisions"}],"wp:featuredmedia":[{"embeddable":true,"href":"https:\/\/julesverne.com.tr\/en\/wp-json\/wp\/v2\/media\/11030"}],"wp:attachment":[{"href":"https:\/\/julesverne.com.tr\/en\/wp-json\/wp\/v2\/media?parent=10987"}],"wp:term":[{"taxonomy":"category","embeddable":true,"href":"https:\/\/julesverne.com.tr\/en\/wp-json\/wp\/v2\/categories?post=10987"},{"taxonomy":"post_tag","embeddable":true,"href":"https:\/\/julesverne.com.tr\/en\/wp-json\/wp\/v2\/tags?post=10987"}],"curies":[{"name":"wp","href":"https:\/\/api.w.org\/{rel}","templated":true}]}}