{"id":10917,"date":"2021-10-19T14:37:42","date_gmt":"2021-10-19T11:37:42","guid":{"rendered":"https:\/\/julesverne.com.tr\/?p=10917"},"modified":"2021-10-24T09:30:36","modified_gmt":"2021-10-24T06:30:36","slug":"29-ekim-yurtici-tatil-onerileri","status":"publish","type":"post","link":"https:\/\/julesverne.com.tr\/en\/travel-blog\/29-ekim-yurtici-tatil-onerileri\/","title":{"rendered":"29 Ekim Yurt \u0130\u00e7i Tatil \u00d6nerileri"},"content":{"rendered":"<p><img loading=\"lazy\" decoding=\"async\" class=\"alignnone wp-image-3660\" src=\"https:\/\/julesverne.com.tr\/wp-content\/uploads\/2020\/09\/cunda-2-500x333.jpg\" alt=\"cunda anneler g\u00fcn\u00fc\" width=\"1200\" height=\"800\" srcset=\"https:\/\/julesverne.com.tr\/wp-content\/uploads\/2020\/09\/cunda-2-500x333.jpg 500w, https:\/\/julesverne.com.tr\/wp-content\/uploads\/2020\/09\/cunda-2-768x512.jpg 768w, https:\/\/julesverne.com.tr\/wp-content\/uploads\/2020\/09\/cunda-2.jpg 900w\" sizes=\"(max-width: 1200px) 100vw, 1200px\" \/><\/p>\n<p>Serinleyen hava, etraf\u0131 saran do\u011fa renkleriyle sonbahar seyahat etmek i\u00e7in m\u00fckemmel bir zamanlama. Hem a\u015f\u0131r\u0131 s\u0131caklardan kurtulmu\u015f, hem de dondurucu so\u011fuklardan uzaktay\u0131z. Bu y\u0131l <strong>29 Ekim<\/strong>\u2019in <strong>Cuma<\/strong> g\u00fcn\u00fcne denk gelmesiyle <strong>3 g\u00fcnl\u00fck<\/strong> sakin, tela\u015fs\u0131z, k\u0131sa bir mola hepimize \u00e7ok iyi gelecek.<\/p>\n<p>Do\u011fa tutkunlar\u0131, deniz sevdal\u0131lar\u0131, tarih merakl\u0131lar\u0131, sanatseverler i\u00e7in birbirinden keyifli sonbahar rotalar\u0131 haz\u0131rlad\u0131k. Modunuza g\u00f6re rotan\u0131z\u0131 se\u00e7in, T\u00fcrkiye\u2019nin g\u00fczelliklerini ke\u015ffedip k\u0131sa bir mola ile dinlenin, yenilenin!<\/p>\n<h1><strong>Sonbaharda Do\u011fada Olmak \u0130steyenlere<\/strong><\/h1>\n<p><img loading=\"lazy\" decoding=\"async\" class=\"alignnone wp-image-7107\" title=\"T\u00fcrk Hava Yollar\u0131 B\u00fcy\u00fck Bahar \u0130ndirimi \u0130le Yurt \u0130\u00e7i U\u00e7u\u015flarda %30 \u0130ndirim F\u0131rsat\u0131\" src=\"https:\/\/www.julesverne.com.tr\/\/wp-content\/uploads\/2021\/02\/turk-hava-yollari-buyuk-bahar-indirimi-ile-yurt-ici-ucuslarda-0-indirim-firsati-245.jpg\" alt=\"T\u00fcrk Hava Yollar\u0131 B\u00fcy\u00fck Bahar \u0130ndirimi \u0130le Yurt \u0130\u00e7i U\u00e7u\u015flarda %30 \u0130ndirim F\u0131rsat\u0131\" width=\"1200\" height=\"800\" srcset=\"https:\/\/julesverne.com.tr\/wp-content\/uploads\/2021\/02\/turk-hava-yollari-buyuk-bahar-indirimi-ile-yurt-ici-ucuslarda-0-indirim-firsati-245.jpg 999w, https:\/\/julesverne.com.tr\/wp-content\/uploads\/2021\/02\/turk-hava-yollari-buyuk-bahar-indirimi-ile-yurt-ici-ucuslarda-0-indirim-firsati-245-500x333.jpg 500w, https:\/\/julesverne.com.tr\/wp-content\/uploads\/2021\/02\/turk-hava-yollari-buyuk-bahar-indirimi-ile-yurt-ici-ucuslarda-0-indirim-firsati-245-768x512.jpg 768w\" sizes=\"(max-width: 1200px) 100vw, 1200px\" \/><\/p>\n<h2><strong>Sapanca\u00a0<\/strong><\/h2>\n<p>Tarih boyunca farkl\u0131 egemenlikler alt\u0131na giren, Osmanl\u0131 D\u00f6nemi\u2019nin \u00f6nemli yerlerden biri olan Sapanca g\u00fcn\u00fcm\u00fczde de \u0130stanbul, Ankara, Kocaeli ve Bursa\u2019ya yak\u0131nl\u0131\u011f\u0131 ile her zaman pop\u00fcler \u015fehirden ka\u00e7\u0131\u015f rotalar\u0131 aras\u0131nda.\u00a0 Sapanca, ayn\u0131 ad\u0131 ta\u015f\u0131yan Sapanca G\u00f6l\u00fc k\u0131y\u0131s\u0131na kurulu. Ye\u015fil bir do\u011fa i\u00e7erisinde keyifli saatler ge\u00e7irmek, bisiklet kiralayarak gezintiye \u00e7\u0131kabilirsiniz. Sapanca civar\u0131ndaki <strong>Ma\u015fukiye K\u00f6y\u00fc<\/strong>, Karadeniz havas\u0131 hissettiren <strong>So\u011fucak Yaylas\u0131<\/strong> yine ziyaret edebilece\u011finiz noktalardan.<\/p>\n<p><img loading=\"lazy\" decoding=\"async\" class=\"alignnone wp-image-9736\" src=\"https:\/\/julesverne.com.tr\/wp-content\/uploads\/2021\/07\/yedigoller_bolu.jpg\" sizes=\"(max-width: 1200px) 100vw, 1200px\" srcset=\"https:\/\/julesverne.com.tr\/wp-content\/uploads\/2021\/07\/yedigoller_bolu.jpg 999w, https:\/\/julesverne.com.tr\/wp-content\/uploads\/2021\/07\/yedigoller_bolu-500x333.jpg 500w, https:\/\/julesverne.com.tr\/wp-content\/uploads\/2021\/07\/yedigoller_bolu-768x511.jpg 768w\" alt=\"\" width=\"1200\" height=\"799\" \/><\/p>\n<h2><strong>Bolu, <\/strong><strong>Yedig\u00f6ller<\/strong><\/h2>\n<p>Sonbahar g\u00f6r\u00fcnt\u00fcleri ile ak\u0131llara kaz\u0131nan Yedig\u00f6lller, T\u00fcrkiye\u2019de mutlaka g\u00f6r\u00fclmesi gereken do\u011fa g\u00fczelliklerinden biri. Her mevsim ayr\u0131 bir g\u00fczelli\u011fi olsa da Yedig\u00f6ller\u2019de g\u00fcz mevsimi bir renk ve do\u011fa c\u00fcmb\u00fc\u015f\u00fcne sahne oluyor. 1965 y\u0131l\u0131nda Milli Park stat\u00fcs\u00fcne al\u0131nan Yedig\u00f6ller ad\u0131n\u0131 da sahip oldu\u011fu 7 g\u00f6lden al\u0131yor. Sazl\u0131g\u00f6l, \u0130nceg\u00f6l, K\u00fc\u00e7\u00fckg\u00f6l, Dering\u00f6l, B\u00fcy\u00fckg\u00f6l, Kurug\u00f6l ve Sering\u00f6l\u2019den olu\u015fan milli parkta farkl\u0131 a\u011fa\u00e7 t\u00fcrleri, y\u00fczlerce bitki \u00e7e\u015fidi ve 100\u2019\u00fcn \u00fczerinde ku\u015f t\u00fcr\u00fc ya\u015f\u0131yor. Oksijen dolu do\u011fas\u0131yla misafirlerine g\u00f6rsel bir \u015f\u00f6len sunan Yedig\u00f6ller; bungalov tipi da\u011f evleri, gruplara \u00f6zel kiralanabilen g\u00f6l evleri, pansiyon ve tatil k\u00f6yleri ile sonbahar\u0131n keyfini \u00e7\u0131karabilece\u011finiz g\u00f6zde ka\u00e7\u0131\u015f noktalar\u0131ndan.<\/p>\n<h2><img loading=\"lazy\" decoding=\"async\" class=\"alignnone wp-image-3546\" src=\"https:\/\/julesverne.com.tr\/wp-content\/uploads\/2020\/09\/igneada-1-500x333.jpg\" alt=\"i\u011fneada\" width=\"1200\" height=\"800\" srcset=\"https:\/\/julesverne.com.tr\/wp-content\/uploads\/2020\/09\/igneada-1-500x333.jpg 500w, https:\/\/julesverne.com.tr\/wp-content\/uploads\/2020\/09\/igneada-1-768x512.jpg 768w, https:\/\/julesverne.com.tr\/wp-content\/uploads\/2020\/09\/igneada-1.jpg 999w\" sizes=\"(max-width: 1200px) 100vw, 1200px\" \/><\/h2>\n<h2>\u0130\u011fneada<\/h2>\n<p>\u0130\u011fneada\u2019daki muhte\u015fem longoz ormanlar\u0131n\u0131n nam\u0131n\u0131 duyup hala gitmediyseniz, k\u0131sa bir mola i\u00e7in \u015fimdi tam zaman\u0131! Marmara B\u00f6lgesi\u2019nin Balkanlar ve Karadeniz ile kesi\u015fti\u011fi o muhte\u015fem co\u011frafyan\u0131n incisi olan \u0130\u011fneada, Karadeniz k\u0131y\u0131s\u0131nda ye\u015fille mavinin adeta dans etti\u011fi; bol oksijenli bir vaha. Kay\u0131n, me\u015fe, ak\u00e7aa\u011fa\u00e7, m\u00fcrver gibi e\u015fsiz a\u011fa\u00e7lar\u0131n evi olan, T\u00fcrkiye\u2019deki ku\u015f t\u00fcrlerinin neredeyse yar\u0131s\u0131na y\u0131l boyu ev sahipli\u011fi yapan tabiat\u0131, havas\u0131, manzaras\u0131 ile tam bir sonbahar rotas\u0131.<\/p>\n<p><img loading=\"lazy\" decoding=\"async\" class=\"alignnone wp-image-7760\" src=\"https:\/\/julesverne.com.tr\/wp-content\/uploads\/2021\/03\/adatepe-500x334.jpg\" alt=\"\" width=\"1200\" height=\"800\" srcset=\"https:\/\/julesverne.com.tr\/wp-content\/uploads\/2021\/03\/adatepe-500x334.jpg 500w, https:\/\/julesverne.com.tr\/wp-content\/uploads\/2021\/03\/adatepe-768x512.jpg 768w, https:\/\/julesverne.com.tr\/wp-content\/uploads\/2021\/03\/adatepe.jpg 1000w\" sizes=\"(max-width: 1200px) 100vw, 1200px\" \/><\/p>\n<h2>Kaz Da\u011flar\u0131<\/h2>\n<p>Kaz Da\u011flar\u0131; ye\u015fil yapraklar hen\u00fcz tam anlam\u0131 ile solmadan do\u011fan\u0131n i\u00e7erisinde ad\u0131m ad\u0131m kar\u0131\u015fmak isteyenler i\u00e7in sonbaharda huzurla dolu bir tatil se\u00e7ene\u011fi sunuyor. Antik d\u00f6nemlerden bu yana pek \u00e7ok efsaneye konu olan ve \u0130da Da\u011f\u0131 olarak da bilinen Kaz Da\u011flar\u0131; \u201cTanr\u0131lar\u0131n arma\u011fan\u0131\u201d olarak tasvir edilen tam bir do\u011fa harikas\u0131. Alpler\u2019 den sonra d\u00fcnyada en \u00e7ok oksijen \u00fcreten da\u011f olan Kaz Da\u011flar\u0131 e\u015fsiz do\u011fa g\u00fczellikleri ve \u015firin k\u00f6yleri ile kesinlikle ke\u015ffe de\u011fer!\u2060<\/p>\n<p><img loading=\"lazy\" decoding=\"async\" class=\"alignnone wp-image-10734\" src=\"https:\/\/julesverne.com.tr\/wp-content\/uploads\/2021\/10\/yesilyurt_canakkale_shutterstock_1385532203-500x334.jpg\" alt=\"\" width=\"1200\" height=\"800\" srcset=\"https:\/\/julesverne.com.tr\/wp-content\/uploads\/2021\/10\/yesilyurt_canakkale_shutterstock_1385532203-500x334.jpg 500w, https:\/\/julesverne.com.tr\/wp-content\/uploads\/2021\/10\/yesilyurt_canakkale_shutterstock_1385532203-768x512.jpg 768w, https:\/\/julesverne.com.tr\/wp-content\/uploads\/2021\/10\/yesilyurt_canakkale_shutterstock_1385532203.jpg 1000w\" sizes=\"(max-width: 1200px) 100vw, 1200px\" \/><\/p>\n<p>Kazda\u011flar\u0131\u2019n\u0131n simgesi\u00a0<strong>Ye\u015filyurt K\u00f6y\u00fc<\/strong>\u00a0ve\u00a0<strong>Adatepe K\u00f6y\u00fc<\/strong>\u2018n\u00fc ziyaret edip, do\u011faya ve durulu\u011fa hayran kalmamak imkans\u0131z! Denize uzakl\u0131\u011f\u0131 sadece 3 km olan Ye\u015filyurt K\u00f6y\u00fc, ta\u015f mimarinin en g\u00fczel \u00f6rneklerini g\u00f6rebilece\u011finiz \u00e7i\u00e7eklerle s\u00fcsl\u00fc evleri, darac\u0131k patika yollar\u0131, badem a\u011fa\u00e7lar\u0131 ile bezenmi\u015f yama\u00e7lar\u0131, \u015fifal\u0131 bitkileri, ba\u015f d\u00f6nd\u00fcr\u00fcc\u00fc kokular sa\u00e7an \u00e7i\u00e7ek ve otlar\u0131 ile g\u00f6r\u00fclmeye de\u011fer!\u2060<\/p>\n<h1><strong>Sonbaharda Sanat Dolu Bir Tatil \u0130steyenlere<\/strong><\/h1>\n<p><img loading=\"lazy\" decoding=\"async\" class=\"alignnone wp-image-3308\" src=\"https:\/\/julesverne.com.tr\/wp-content\/uploads\/2020\/09\/eskisehirdeyilbasi-500x333.jpg\" alt=\"\" width=\"1200\" height=\"800\" srcset=\"https:\/\/julesverne.com.tr\/wp-content\/uploads\/2020\/09\/eskisehirdeyilbasi-500x333.jpg 500w, https:\/\/julesverne.com.tr\/wp-content\/uploads\/2020\/09\/eskisehirdeyilbasi-768x512.jpg 768w, https:\/\/julesverne.com.tr\/wp-content\/uploads\/2020\/09\/eskisehirdeyilbasi.jpg 999w\" sizes=\"(max-width: 1200px) 100vw, 1200px\" \/><\/p>\n<h2><strong>Eski\u015fehir<\/strong><\/h2>\n<p>Modern bir Anadolu \u015fehri Eski\u015fehir. Cumhuriyetin ilan\u0131ndan sonra, 1925 y\u0131l\u0131nda il olarak ilan edilen Eski\u015fehir, cumhuriyet tarihinin bir\u00e7ok ilkine ev sahipli\u011fi yapmas\u0131yla tan\u0131n\u0131yor.\u2026 Son y\u0131llarda \u015fehre yap\u0131lan k\u00fclt\u00fcrel, sanatsal yat\u0131r\u0131mlarla b\u00fcy\u00fckler liginde yar\u0131\u015facak ve hatta onlar\u0131 bile g\u00f6lgede b\u0131rakacak bir havaya b\u00fcr\u00fcnd\u00fc. Y\u00fcksek katl\u0131 binalar\u0131n yerini belli kat say\u0131s\u0131nda, nizami in\u015fa edilen evlerin varl\u0131\u011f\u0131; Anadolu \u00dcniversitesi\u2019nin co\u015fkulu, merakl\u0131, yarat\u0131c\u0131 gen\u00e7 n\u00fcfusu; irili ufakl\u0131 de\u011ferlere, ge\u00e7mi\u015fe, zanaata, tarihe sahip \u00e7\u0131kan m\u00fczeleri; do\u011fa hayatt\u0131r dedirten parklar\u0131, l\u00fcks ve butik otelleri; tasar\u0131m kafe ve d\u00fckkanlar\u0131 bu \u015fehri \u00f6zetliyor.<\/p>\n<p>Bug\u00fcn Eski\u015fehir, modern belediyecilik anlay\u0131\u015f\u0131, \u015fehrin toplam n\u00fcfusunun %15\u2019ini olu\u015fturan \u00fcniversiteli, gen\u00e7 n\u00fcfusu, yirmiye yak\u0131n m\u00fczesi, sene boyunca d\u00fczenlenen k\u00fclt\u00fcr-sanat etkinlikleri, \u00e7evresindeki ormanlar, i\u00e7indeki parklar ve geleneksel lezzetleri ile T\u00fcrkiye\u2019nin en ilgi \u00e7ekici \u015fehirlerinin ba\u015f\u0131nda geliyor.<\/p>\n<p><img loading=\"lazy\" decoding=\"async\" class=\"alignnone wp-image-3253\" src=\"https:\/\/julesverne.com.tr\/wp-content\/uploads\/2020\/09\/ommeskisehir-500x333.jpg\" alt=\"\" width=\"1200\" height=\"800\" srcset=\"https:\/\/julesverne.com.tr\/wp-content\/uploads\/2020\/09\/ommeskisehir-500x333.jpg 500w, https:\/\/julesverne.com.tr\/wp-content\/uploads\/2020\/09\/ommeskisehir-768x512.jpg 768w, https:\/\/julesverne.com.tr\/wp-content\/uploads\/2020\/09\/ommeskisehir.jpg 1280w\" sizes=\"(max-width: 1200px) 100vw, 1200px\" \/><\/p>\n<p>A\u00e7\u0131ld\u0131\u011f\u0131 g\u00fcnden beri sanat d\u00fcnyas\u0131nda b\u00fcy\u00fck yank\u0131 uyand\u0131ran <strong>OMM &#8211; Odunpazar\u0131 Modern M\u00fcze<\/strong>, T\u00fcrkiye\u2019den ve d\u00fcnyadan modern ve \u00e7a\u011fda\u015f sanat eserlerinin sergilendi\u011fi bir bulu\u015fma noktas\u0131. Eski\u015fehir\u2019in tarihi Odunpazar\u0131 evlerinin aras\u0131nda yer alan OMM binas\u0131, d\u00fcnyaca \u00fcnl\u00fc mimarl\u0131k ofisi Kengo Kuma and Associates (KKAA) taraf\u0131ndan tasarland\u0131; kendisi de Eski\u015fehirli olan mimar ve koleksiyoner Erol Tabanca taraf\u0131ndan hayata ge\u00e7irildi. \u00d6zg\u00fcn mimarisi ve geni\u015f avlusu ile <strong>OMM INN<\/strong> tarihi Odunpazar\u0131 evlerinden tan\u0131d\u0131\u011f\u0131m\u0131z avlunun etraf\u0131nda dinginli\u011fiyle sar\u0131p sarmalayan 14 otel odas\u0131, do\u011fan\u0131n kalbinden gelen men\u00fcs\u00fcyle OMM INN Kafe, OMM &#8211; Odunpazar\u0131 Modern M\u00fcze&#8217;nin tasar\u0131m \u00fcr\u00fcnler ma\u011fazas\u0131 OMM Shop ve vegan, \u00e7evre dostu ve s\u00fcrd\u00fcr\u00fclebilir \u00fcr\u00fcnleri bir araya getiren OMM Bakkal ile kesinlikle ke\u015ffe de\u011fer!<\/p>\n<h1><strong>Sonbaharda Zamanda Yolculu\u011fa \u00c7\u0131kmak \u0130steyenlere\u00a0<\/strong><\/h1>\n<p><img loading=\"lazy\" decoding=\"async\" class=\"alignnone wp-image-6323\" src=\"https:\/\/julesverne.com.tr\/wp-content\/uploads\/2020\/08\/1594906385-safranbolu-500x328.jpg\" alt=\"\" width=\"1200\" height=\"787\" srcset=\"https:\/\/julesverne.com.tr\/wp-content\/uploads\/2020\/08\/1594906385-safranbolu-500x328.jpg 500w, https:\/\/julesverne.com.tr\/wp-content\/uploads\/2020\/08\/1594906385-safranbolu-768x504.jpg 768w, https:\/\/julesverne.com.tr\/wp-content\/uploads\/2020\/08\/1594906385-safranbolu.jpg 999w\" sizes=\"(max-width: 1200px) 100vw, 1200px\" \/><\/p>\n<h2><strong>Safranbolu\u00a0<\/strong><\/h2>\n<p>Bat\u0131 Karadeniz\u2019in bereketli do\u011fas\u0131n\u0131n ortas\u0131nda Anadolu\u2019nun tarihi ve k\u00fclt\u00fcrel miras\u0131 ile \u00f6d\u00fcllendirilen Safranbolu havas\u0131yla, suyuyla, mimarisiyle mutlaka g\u00f6r\u00fclecekler listenizde olmal\u0131. Hen\u00fcz bu g\u00fczelli\u011fi g\u00f6rmediyseniz bu sonbahar rotan\u0131za eklemelisiniz. Osmanl\u0131 mimarisinin izlerini ta\u015f\u0131yan ve Anadolu\u2019nun simgesi haline gelmi\u015f Safranbolu Evleri ile birlikte manzaras\u0131, tarihi ve huzuru bol bir destinasyon. UNESCO D\u00fcnya Miras\u0131 Listesi\u2019nde yer alan Safranbolu emin olun foto\u011fraflarda g\u00f6rd\u00fc\u011f\u00fcn\u00fczden de g\u00fczel!<\/p>\n<p><img loading=\"lazy\" decoding=\"async\" class=\"alignnone wp-image-9799\" src=\"https:\/\/julesverne.com.tr\/wp-content\/uploads\/2021\/07\/golyazi_bursa_shutterstock_364775312-500x308.jpg\" alt=\"\" width=\"1200\" height=\"738\" srcset=\"https:\/\/julesverne.com.tr\/wp-content\/uploads\/2021\/07\/golyazi_bursa_shutterstock_364775312-500x308.jpg 500w, https:\/\/julesverne.com.tr\/wp-content\/uploads\/2021\/07\/golyazi_bursa_shutterstock_364775312-768x472.jpg 768w, https:\/\/julesverne.com.tr\/wp-content\/uploads\/2021\/07\/golyazi_bursa_shutterstock_364775312.jpg 1000w\" sizes=\"(max-width: 1200px) 100vw, 1200px\" \/><\/p>\n<h2>Bursa K\u00f6yleri<\/h2>\n<p>\u0130stanbul\u2019dan dilerseniz h\u0131zl\u0131 feribotla, dilerseniz Osmangazi K\u00f6pr\u00fcs\u00fc \u00fczerinden giderek Bursa\u2019n\u0131n k\u00f6ylerine k\u0131sa zamanda ula\u015fabilirsiniz.<\/p>\n<p>Bursa\u2019n\u0131n arka bah\u00e7esi\u00a0<strong>G\u00f6lyaz\u0131<\/strong>, Ulubatl\u0131 G\u00f6l\u00fc \u00fczerindeki tarih kokan k\u00f6y\u2026 Tarihte bilinen ilk ismi Apolyont olan G\u00f6lyaz\u0131\u2019n\u0131n mitolojideki kar\u015f\u0131l\u0131\u011f\u0131 I\u015f\u0131k Tanr\u0131s\u0131\u2019n\u0131n \u015eehri. Roma ve Bizans d\u00f6nemlerinde k\u0131ymetli bir yerle\u015fim yeri olan G\u00f6lyaz\u0131\u2019da Cumhuriyet \u00f6ncesi n\u00fcfusun bir \u00e7o\u011funlu\u011fu Rumlardan olu\u015fuyordu. M\u00fcbadele d\u00f6neminde Selanikli T\u00fcrklerin yerle\u015fti\u011fi k\u00f6yde ge\u00e7mi\u015f ile bug\u00fcn aras\u0131ndaki tarih, k\u00fclt\u00fcr dolu birikimleri g\u00f6rmek, hissetmek m\u00fcmk\u00fcn.<\/p>\n<p><img loading=\"lazy\" decoding=\"async\" class=\"alignnone wp-image-8626\" src=\"https:\/\/julesverne.com.tr\/wp-content\/uploads\/2020\/04\/Cumalikizik_Bursa_shutterstock_1561977634-500x334.jpg\" alt=\"\" width=\"1200\" height=\"800\" srcset=\"https:\/\/julesverne.com.tr\/wp-content\/uploads\/2020\/04\/Cumalikizik_Bursa_shutterstock_1561977634-500x334.jpg 500w, https:\/\/julesverne.com.tr\/wp-content\/uploads\/2020\/04\/Cumalikizik_Bursa_shutterstock_1561977634-768x512.jpg 768w, https:\/\/julesverne.com.tr\/wp-content\/uploads\/2020\/04\/Cumalikizik_Bursa_shutterstock_1561977634.jpg 1000w\" sizes=\"(max-width: 1200px) 100vw, 1200px\" \/><\/p>\n<p>Uluda\u011f\u2019\u0131n eteklerinde yer alan\u00a0<strong>Cumal\u0131k\u0131z\u0131k<\/strong>, Osmanl\u0131 d\u00f6nemi mimarisi ile UNESCO D\u00fcnya Miras\u0131 Listesi\u2019nde yer al\u0131yor. D\u00fcnyan\u0131n en dar soka\u011f\u0131 olarak bilinen \u201dCin Aral\u0131\u011f\u0131\u201d soka\u011f\u0131n\u0131n da yer ald\u0131\u011f\u0131 Cumal\u0131k\u0131z\u0131k \u00f6zellikle g\u00fcn\u00fcm\u00fcze en iyi \u015fekilde korunarak gelmi\u015f Osmanl\u0131 mimarisi, rengarenk boyanan evleri ve ta\u015f yollar\u0131 ile harika bir nostalji ya\u015fat\u0131yor.<\/p>\n<p><img loading=\"lazy\" decoding=\"async\" class=\"alignnone wp-image-9742\" src=\"https:\/\/julesverne.com.tr\/wp-content\/uploads\/2018\/08\/tirilye_haber_shutterstock_1642739596-500x334.jpg\" alt=\"\" width=\"1200\" height=\"800\" srcset=\"https:\/\/julesverne.com.tr\/wp-content\/uploads\/2018\/08\/tirilye_haber_shutterstock_1642739596-500x334.jpg 500w, https:\/\/julesverne.com.tr\/wp-content\/uploads\/2018\/08\/tirilye_haber_shutterstock_1642739596-768x512.jpg 768w, https:\/\/julesverne.com.tr\/wp-content\/uploads\/2018\/08\/tirilye_haber_shutterstock_1642739596.jpg 1000w\" sizes=\"(max-width: 1200px) 100vw, 1200px\" \/><\/p>\n<p>Yo\u011fun ilgiye ra\u011fmen kendi ya\u015fam kodlar\u0131yla hayat\u0131na devam eden\u00a0<strong>Tirilye<\/strong>\u00a0belki de bu do\u011fall\u0131\u011f\u0131 y\u00fczden gitmekten s\u0131k\u0131lmad\u0131\u011f\u0131m\u0131z duraklardan biri. Tarih boyunca farkl\u0131 medeniyetlerin y\u00f6netimi alt\u0131na giren k\u00f6yde t\u00fcm k\u00fclt\u00fcrlerin izleri g\u00fcn\u00fcm\u00fcze kadar gelmi\u015f. Uzun y\u0131llar ana ge\u00e7im kayna\u011f\u0131 zeytincilik olan k\u00f6y\u00fcn ad\u0131 1963 y\u0131l\u0131nda \u201cZetinba\u011f\u0131\u201d olarak de\u011fi\u015ftirilmi\u015f ancak 2011 y\u0131l\u0131ndan itibaren yeniden Tirilye ismiyle an\u0131lmaya ba\u015flanm\u0131\u015f.<\/p>\n<p>Re\u015fat Nuri G\u00fcntekin\u2019in \u00c7al\u0131ku\u015fu Roman\u2019\u0131n\u0131 yazmaya ba\u015flad\u0131\u011f\u0131\u00a0<strong>Zeyniler K\u00f6y\u00fc<\/strong>\u00a0ise Uluda\u011f\u2019\u0131n eteklerinde yer al\u0131yor. Yemye\u015fil manzaralar asl\u0131nda sakl\u0131 bir cenneti and\u0131ran Zeyniler K\u00f6y\u00fc\u2019nden \u015fehir manzaras\u0131n\u0131 seyredebilirsiniz.<\/p>\n<p><img loading=\"lazy\" decoding=\"async\" class=\"alignnone wp-image-6348\" src=\"https:\/\/julesverne.com.tr\/wp-content\/uploads\/2020\/07\/1594911885-goynukbakis-500x333.jpg\" alt=\"\" width=\"1200\" height=\"800\" srcset=\"https:\/\/julesverne.com.tr\/wp-content\/uploads\/2020\/07\/1594911885-goynukbakis-500x333.jpg 500w, https:\/\/julesverne.com.tr\/wp-content\/uploads\/2020\/07\/1594911885-goynukbakis-768x512.jpg 768w, https:\/\/julesverne.com.tr\/wp-content\/uploads\/2020\/07\/1594911885-goynukbakis.jpg 999w\" sizes=\"(max-width: 1200px) 100vw, 1200px\" \/><\/p>\n<h2><strong>Sakin \u015eehirler: G\u00f6yn\u00fck \u2013 Tarakl\u0131 \u2013 Mudurnu<\/strong><\/h2>\n<p>T\u00fcrkiye\u2019nin \u00f6nemli 3 <strong>Cittaslow<\/strong> \u015fehri G\u00f6yn\u00fck, Tarakl\u0131 ve Mudurnu ile zaman\u0131 yava\u015flat\u0131p, hayattan keyif almaya ne dersiniz? S\u00fcrd\u00fcr\u00fclebilir kalk\u0131nmay\u0131 destekleyen; kentlerin ge\u00e7mi\u015ften gelen tarihi, k\u00fclt\u00fcrel ve do\u011fal de\u011ferlerine sahip \u00e7\u0131karak orijinalli\u011fini koruyan cittaslow felsefesi ile Bolu ve Sakarya\u2019n\u0131n bu \u00f6zel 3 il\u00e7esini 29 Ekim tatili ile ke\u015ffedin.<\/p>\n<p>14. y\u00fczy\u0131lda Osmanl\u0131 topraklar\u0131na kat\u0131lan\u00a0<strong>G\u00f6yn\u00fck<\/strong>, Bat\u0131 Karadeniz\u2019in yemye\u015fil do\u011fas\u0131 ve Osmanl\u0131 mimarisiyle dikkat \u00e7ekiyor. Marmara\u2019da olmas\u0131na ra\u011fmen Karadeniz ikliminin hissedildi\u011fi\u00a0<strong>Tarakl\u0131<\/strong>\u00a0il\u00e7esinin tarihi ise Helenistik d\u00f6neme dayan\u0131yor. Antik d\u00f6nemin izleri ve Osmanl\u0131 D\u00f6nemi de\u011ferleri ile ilgi g\u00f6r\u00fcyor. Frigler, Lidya, Pers, Roma, Bizans ve Sel\u00e7uk imparatorluklar\u0131ndan sonra Osmanl\u0131 topraklar\u0131na kat\u0131lan\u00a0<strong>Mudurnu<\/strong>\u00a0ise Osmanl\u0131 d\u00f6neminden kalan konaklar\u0131, camileri ve 17 km mesafedeki Abant G\u00f6l\u00fc ile g\u00f6r\u00fclmeye de\u011fer.<\/p>\n<p><img loading=\"lazy\" decoding=\"async\" class=\"alignnone wp-image-7934\" src=\"https:\/\/julesverne.com.tr\/wp-content\/uploads\/2021\/03\/cunda_shutterstock_1225287355-500x334.jpg\" alt=\"\" width=\"1200\" height=\"800\" srcset=\"https:\/\/julesverne.com.tr\/wp-content\/uploads\/2021\/03\/cunda_shutterstock_1225287355-500x334.jpg 500w, https:\/\/julesverne.com.tr\/wp-content\/uploads\/2021\/03\/cunda_shutterstock_1225287355-768x512.jpg 768w, https:\/\/julesverne.com.tr\/wp-content\/uploads\/2021\/03\/cunda_shutterstock_1225287355.jpg 1000w\" sizes=\"(max-width: 1200px) 100vw, 1200px\" \/><\/p>\n<h2>Cunda, Ayval\u0131k<\/h2>\n<p style=\"font-weight: 400;\">T\u00fcrk ve Rum k\u00fclt\u00fcrlerinin bu kadar g\u00fczel harmanland\u0131\u011f\u0131 Ayval\u0131k-Cunda, m\u00fcbadele d\u00f6neminin h\u00fcz\u00fcnl\u00fc hik\u00e2yeleri kadar gelece\u011fe \u0131\u015f\u0131k olan karde\u015flik an\u0131lar\u0131yla hala biricik hala en \u00f6zel\u2026 \u00c7am ormanlar\u0131n\u0131n, zeytin a\u011fa\u00e7lar\u0131n\u0131n g\u00f6lgesinde, Arnavut kald\u0131r\u0131ml\u0131 dar sokaklar\u0131ndaki Rum evlerinin g\u00fczelli\u011finde g\u00fcnden g\u00fcne daha ya\u015fan\u0131l\u0131r, daha g\u00fczel bir hal alan Ayval\u0131k ve Cunda Adas\u0131 sonbahar\u0131n son g\u00fcnlerinde sonsuz bir huzur ve mutluluk veriyor.\u00a0 18. ve 20. y\u00fczy\u0131llar\u0131 aras\u0131nda g\u00fc\u00e7l\u00fc bir liman ve k\u00fclt\u00fcr kenti olan Ayval\u0131k\u2019ta Ayval\u0131k adalar\u0131 ve Midilli manzaralar\u0131n\u0131 seyretmek i\u00e7in <i><em style=\"font-weight: inherit;\"><b><strong style=\"font-style: inherit;\">\u015eeytan Sofras\u0131,<\/strong><\/b><\/em><\/i>\u00a0ta\u015f\u00a0<i><em style=\"font-weight: inherit;\"><b><strong style=\"font-style: inherit;\">Rum evleri<\/strong><\/b><\/em><\/i>, 1873 y\u0131l\u0131nda in\u015fa edilen zarif i\u015f\u00e7ili\u011fiyle g\u00f6z dolduran\u00a0<i><em style=\"font-weight: inherit;\"><b><strong style=\"font-style: inherit;\">Taksiyarhis Kilisesi<\/strong><\/b><\/em><\/i>\u00a0mutlaka g\u00f6r\u00fclmeli.<\/p>\n<p style=\"font-weight: 400;\">Bir yan\u0131 bohem ve karizmatik, bir yan\u0131 bakir ve huzurlu Cunda Adas\u0131&#8217;nda ne yap\u0131l\u0131r diyorsan\u0131z: Dalyan bo\u011faz\u0131nda, zeytinliklerle \u00e7evrili olan ve bug\u00fcn Komili Ailesi\u2019ne ait\u00a0<i><em style=\"font-weight: inherit;\"><b><strong style=\"font-style: inherit;\">Leka Panaya Manast\u0131r\u0131<\/strong><\/b><\/em><\/i>, terk edilmi\u015f en eski\u00a0<i><em style=\"font-weight: inherit;\"><b><strong style=\"font-style: inherit;\">Pateri\u00e7a k\u00f6yleri, Ay I\u015f\u0131\u011f\u0131 Manast\u0131r\u0131<\/strong><\/b><\/em><\/i>, S<i><em style=\"font-weight: inherit;\"><b><strong style=\"font-style: inherit;\">evim ve Necdet Kent Kitapl\u0131\u011f\u0131 ve Agios Yannis Kilisesi<\/strong><\/b><\/em><\/i>\u2018nin yer ald\u0131\u011f\u0131\u00a0<i><em style=\"font-weight: inherit;\"><b><strong style=\"font-style: inherit;\">\u00c2\u015f\u0131klar Tepesi,<\/strong><\/b>\u00a0<b><strong style=\"font-style: inherit;\">Rahmi Ko\u00e7 M\u00fczesi Taksiyarhis Kilisesi, Agia Tr\u0456y\u0430d\u0430 K\u0456l\u0456ses\u0456<\/strong><\/b><\/em><\/i>, G\u00fcvercin Adas\u0131\u2019nda bulunan ve sadece deniz yoluyla ula\u015f\u0131labilen\u00a0<i><em style=\"font-weight: inherit;\"><b><strong style=\"font-style: inherit;\">K\u0131zlar Manast\u0131r\u0131<\/strong><\/b><\/em><\/i>\u00a0g\u00f6r\u00fclebilir. Cumartesi g\u00fcnleri kurulan<i><em style=\"font-weight: inherit;\"><b><strong style=\"font-style: inherit;\">\u00a0Cunda Pazar\u0131<\/strong><\/b><\/em><\/i>\u2018nda mutlaka tezg\u00e2hlar aras\u0131nda dola\u015fmay\u0131,\u00a0<i><em style=\"font-weight: inherit;\"><b><strong style=\"font-style: inherit;\">Ta\u015f Kahve<\/strong><\/b><\/em><\/i>\u2018de manzara e\u015fli\u011finde kahvenizi i\u00e7meyi ve dar sokaklar\u0131ndaki tasar\u0131m d\u00fckk\u00e2nlar\u0131n\u0131 ke\u015ffetmeyi unutmay\u0131n.<\/p>\n<p><img loading=\"lazy\" decoding=\"async\" class=\"alignnone wp-image-10723\" src=\"https:\/\/julesverne.com.tr\/wp-content\/uploads\/2021\/10\/shutterstock_1345588937-500x334.jpg\" alt=\"\" width=\"1200\" height=\"800\" srcset=\"https:\/\/julesverne.com.tr\/wp-content\/uploads\/2021\/10\/shutterstock_1345588937-500x334.jpg 500w, https:\/\/julesverne.com.tr\/wp-content\/uploads\/2021\/10\/shutterstock_1345588937-768x512.jpg 768w, https:\/\/julesverne.com.tr\/wp-content\/uploads\/2021\/10\/shutterstock_1345588937.jpg 1000w\" sizes=\"(max-width: 1200px) 100vw, 1200px\" \/><\/p>\n<h2><strong>Birgi, \u0130zmir<\/strong><\/h2>\n<p>Sonbahar rotalar\u0131 denince bizim akl\u0131m\u0131za zaman\u0131n tela\u015fs\u0131z akt\u0131\u011f\u0131, dev g\u00f6kdelenlerden uzakla\u015ft\u0131\u011f\u0131m\u0131z yerler beliriyor. 3000 y\u0131ll\u0131k ge\u00e7mi\u015fiyle ya\u015fayan bir tarih olan Birgi K\u00f6y\u00fc de g\u00fcz aylar\u0131nda ziyaret etmekten b\u00fcy\u00fck keyif ald\u0131\u011f\u0131m\u0131z yerlerden. Tarih boyunca Frig, Lydia, Pers, Bergama krall\u0131klar\u0131, Roma ve Bizans imparatorluklar\u0131 taraf\u0131ndan y\u00f6netilen, Ayd\u0131no\u011flu Beyli\u011fi\u2019ne ba\u015fkentlik yapan Birgi\u2019de bu zengin ge\u00e7mi\u015fin izleri hala korunuyor.<\/p>\n<p>Hem Hristiyanlar hem de M\u00fcsl\u00fcmanlar i\u00e7in de\u011ferli olan k\u00f6y k\u00fclt\u00fcrel, mimari ve tarihsel zenginli\u011fine s\u0131k\u0131 s\u0131k\u0131ya ba\u011fl\u0131. 2012 y\u0131l\u0131ndan beri UNESCO\u2019nun D\u00fcnya Miras Ge\u00e7ici Listesi\u2019nde yer al\u0131yor.<\/p>\n<p><img loading=\"lazy\" decoding=\"async\" class=\"alignnone wp-image-7672\" src=\"https:\/\/julesverne.com.tr\/wp-content\/uploads\/2021\/03\/kapadokya_shutterstock_652927309-1-500x334.jpg\" alt=\"\" width=\"1200\" height=\"800\" srcset=\"https:\/\/julesverne.com.tr\/wp-content\/uploads\/2021\/03\/kapadokya_shutterstock_652927309-1-500x334.jpg 500w, https:\/\/julesverne.com.tr\/wp-content\/uploads\/2021\/03\/kapadokya_shutterstock_652927309-1-768x512.jpg 768w, https:\/\/julesverne.com.tr\/wp-content\/uploads\/2021\/03\/kapadokya_shutterstock_652927309-1.jpg 1000w\" sizes=\"(max-width: 1200px) 100vw, 1200px\" \/><\/p>\n<h2>Kapadokya<\/h2>\n<div dir=\"auto\">Herkeste hayranl\u0131k uyand\u0131ran bir masal d\u00fcnyas\u0131 olan Kapadokya, tarihi kal\u0131nt\u0131lar\u0131, do\u011fan\u0131n sundu\u011fu g\u00fczellikleri ve hikayeleriyle sonbaharda bir ba\u015fka g\u00fczel! Bamba\u015fka bir co\u011frafya, zengin bir tarihi ge\u00e7mi\u015f, unutamayaca\u011f\u0131n\u0131z lezzette y\u00f6resel yemekler, \u015fahane g\u00fcnbat\u0131mlar\u0131, kendinizi bir masalda gibi hissedece\u011finiz oteller\u2026\u2060<\/div>\n<div dir=\"auto\">\u2060<\/div>\n<div dir=\"auto\">Kapadokya\u2019n\u0131n her ruha dokunabilen kucaklay\u0131c\u0131 ve sevgi dolu bir karakteri var ku\u015fkusuz. Y\u00fczy\u0131llar boyu pek \u00e7ok farkl\u0131 inanca, toplulu\u011fa, gelene\u011fe ev sahipli\u011fi yapan topraklar\u0131n mistik havas\u0131ndan etkilenmemek imk\u00e2ns\u0131z. K\u00f6yleri, a\u00e7\u0131k hava m\u00fczeleri, tarihi kiliseleri, yer alt\u0131 \u015fehirleri ile \u00f6yle zengin hik\u00e2yeler var ki&#8230; D\u00fcnyaca \u00fcnl\u00fc butik otelleri, \u00e7\u00f6mlek at\u00f6lyeleri, \u015farap tad\u0131mlar\u0131, benzersiz co\u011frafyas\u0131nda yap\u0131lan ATV turlar\u0131 ile macera, k\u00fclt\u00fcr, tarih, gastronomi, zanaat dolu bir sonbahar rotas\u0131!\u2060<\/div>\n<div dir=\"auto\"><\/div>\n<h1><strong>Sonbaharda Deniz &amp; G\u00fcne\u015f Keyfi\u00a0\u0130steyenlere<\/strong><\/h1>\n<p><img loading=\"lazy\" decoding=\"async\" class=\"alignnone wp-image-10019\" src=\"https:\/\/julesverne.com.tr\/wp-content\/uploads\/2021\/08\/bozburun_shutterstock_1221410464-500x282.jpg\" alt=\"\" width=\"1200\" height=\"676\" srcset=\"https:\/\/julesverne.com.tr\/wp-content\/uploads\/2021\/08\/bozburun_shutterstock_1221410464-500x282.jpg 500w, https:\/\/julesverne.com.tr\/wp-content\/uploads\/2021\/08\/bozburun_shutterstock_1221410464-768x432.jpg 768w, https:\/\/julesverne.com.tr\/wp-content\/uploads\/2021\/08\/bozburun_shutterstock_1221410464-400x225.jpg 400w, https:\/\/julesverne.com.tr\/wp-content\/uploads\/2021\/08\/bozburun_shutterstock_1221410464.jpg 1000w\" sizes=\"(max-width: 1200px) 100vw, 1200px\" \/><\/p>\n<h2><strong>Bozburun<\/strong><\/h2>\n<p>Da\u011flar\u0131n ve tepelerin kavu\u015ftu\u011fu deniz, samimiyetiyle insan\u0131 saran k\u0131y\u0131 k\u00f6yleri, say\u0131s\u0131z sakl\u0131 koy, meyve a\u011fa\u00e7lar\u0131n\u0131n kokular\u0131 ile Bozburun\u2026 Ula\u015f\u0131m\u0131 kolay olmay\u0131nca bakir kalmay\u0131 ba\u015faran, yo\u011funlu\u011fa ve \u201c\u015fehirle\u015fmeye\u201d kar\u015f\u0131 direnebilen bir cennetten bahsediyoruz.\u00a0\u015eatafatl\u0131 otellerin yerini zarafete b\u0131rakan, yapay\u0131 de\u011fil do\u011fal\u0131 tercih eden Bozburun do\u011fas\u0131yla, ya\u015fam felsefesi ile T\u00fcrkiye\u2019nin en g\u00fczel inziva k\u00f6\u015fesi. Mevsim sonbahar olsa da deniz suyu s\u0131cakl\u0131\u011f\u0131 deniz keyfinize engel olmayacak, koylar deniz tutkunu yelkenliler, guletlerle hareketlenecek, do\u011fal lezzetler bulaca\u011f\u0131n\u0131z restoranlar size \u00f6zledi\u011finiz tatlar\u0131 sunacak.\u00a0Do\u011faya sa\u011flad\u0131klar\u0131 uyum ile kalbimizi \u00e7alan Bozburun otellerine\u00a0<strong><a href=\"https:\/\/julesverne.com.tr\/seyahat-blog\/nerede-kalsak\/bozburun-otel-onerileri\/\">buradan<\/a>\u00a0<\/strong>ula\u015fabilirsiniz.<\/p>\n<p><img loading=\"lazy\" decoding=\"async\" class=\"alignnone wp-image-10017\" src=\"https:\/\/julesverne.com.tr\/wp-content\/uploads\/2021\/08\/bodrum_shutterstock_1027438435-500x333.jpg\" alt=\"\" width=\"1200\" height=\"799\" srcset=\"https:\/\/julesverne.com.tr\/wp-content\/uploads\/2021\/08\/bodrum_shutterstock_1027438435-500x333.jpg 500w, https:\/\/julesverne.com.tr\/wp-content\/uploads\/2021\/08\/bodrum_shutterstock_1027438435-768x511.jpg 768w, https:\/\/julesverne.com.tr\/wp-content\/uploads\/2021\/08\/bodrum_shutterstock_1027438435.jpg 1000w\" sizes=\"(max-width: 1200px) 100vw, 1200px\" \/><\/p>\n<h2><strong>Bodrum<\/strong><\/h2>\n<p>G\u00fcm\u00fc\u015fl\u00fck, Yal\u0131kavak, Turgutreis, Bitez, G\u00f6lt\u00fcrkb\u00fck\u00fc, G\u00fcndo\u011fan ile herkesin hayalindeki Bodrum\u2019a ula\u015fabilir. Yaz aylar\u0131n\u0131n yo\u011funlu\u011fu bitmi\u015fken g\u00fczel havalar\u0131n tad\u0131n\u0131 masmavi sularda \u00e7\u0131karmak, harika manzaralar\u0131 olan kafe ve restoranlarda keyif yapmak size kal\u0131yor. Siz nas\u0131l bir Bodrum ya\u015famak istedi\u011finize karar verin yeter! Her mevsim ayr\u0131 bir g\u00fczelli\u011fe b\u00fcr\u00fcnen\u00a0Bodrum<strong>;<\/strong> sonbaharda da ziyaret\u00e7ilerine farkl\u0131 bir atmosfer vadediyor. Konseptleri, kendilerine ait plajlar\u0131 ve hizmetleri ile ayr\u0131cal\u0131kl\u0131 hissedece\u011finiz Bodrum\u2019un en g\u00fczel otellerine <strong><a href=\"https:\/\/julesverne.com.tr\/seyahat-blog\/bodrum-otel-onerileri\/\">buradan<\/a>\u00a0<\/strong>ula\u015fabilirsiniz.<\/p>\n<p><img loading=\"lazy\" decoding=\"async\" class=\"alignnone wp-image-3613\" src=\"https:\/\/julesverne.com.tr\/wp-content\/uploads\/2020\/09\/turunc_marmaris-500x332.jpg\" alt=\"turun\u00e7 marmaris\" width=\"1200\" height=\"798\" srcset=\"https:\/\/julesverne.com.tr\/wp-content\/uploads\/2020\/09\/turunc_marmaris-500x332.jpg 500w, https:\/\/julesverne.com.tr\/wp-content\/uploads\/2020\/09\/turunc_marmaris-768x510.jpg 768w, https:\/\/julesverne.com.tr\/wp-content\/uploads\/2020\/09\/turunc_marmaris.jpg 999w\" sizes=\"(max-width: 1200px) 100vw, 1200px\" \/><\/p>\n<h2>Marmaris<\/h2>\n<p><strong>Marmaris<\/strong>\u00a0ye\u015filin her tonu ile \u00f6d\u00fcllendirilen, masmavi koylar\u0131, do\u011fas\u0131n\u0131 ve do\u011fall\u0131\u011f\u0131n\u0131 kaybetmeyen k\u00f6y ve kasabalar\u0131, antik kentleri, do\u011fa parkurlar\u0131 ile T\u00fcrkiye\u2019nin en zengin ve sonsuz se\u00e7enekle donat\u0131lm\u0131\u015f b\u00f6lgesi. Selimiye\u2019de Orhaniye\u2019ye, Hisar\u00f6n\u00fc\u2019nden Kumlub\u00fck\u2019e \u00f6zg\u00fcn tasar\u0131mlar\u0131, do\u011fa i\u00e7erisindeki konumlar\u0131 ile ayr\u0131cal\u0131kl\u0131 hissedece\u011finiz Marmaris\u2019in en g\u00fczel otellerine\u00a0<strong><a href=\"https:\/\/julesverne.com.tr\/seyahat-blog\/marmaris-otelleri\/\">buradan<\/a>\u00a0<\/strong>ula\u015fabilirsiniz.<\/p>\n<p><strong><img loading=\"lazy\" decoding=\"async\" class=\"alignnone wp-image-7172\" title=\"T\u00fcrk Hava Yollar\u0131 B\u00fcy\u00fck Bahar \u0130ndirimi \u0130le Yurt \u0130\u00e7i U\u00e7u\u015flarda %30 \u0130ndirim F\u0131rsat\u0131\" src=\"https:\/\/www.julesverne.com.tr\/\/wp-content\/uploads\/2021\/02\/turk-hava-yollari-buyuk-bahar-indirimi-ile-yurt-ici-ucuslarda-0-indirim-firsati-293.jpg\" alt=\"T\u00fcrk Hava Yollar\u0131 B\u00fcy\u00fck Bahar \u0130ndirimi \u0130le Yurt \u0130\u00e7i U\u00e7u\u015flarda %30 \u0130ndirim F\u0131rsat\u0131\" width=\"1200\" height=\"800\" srcset=\"https:\/\/julesverne.com.tr\/wp-content\/uploads\/2021\/02\/turk-hava-yollari-buyuk-bahar-indirimi-ile-yurt-ici-ucuslarda-0-indirim-firsati-293.jpg 999w, https:\/\/julesverne.com.tr\/wp-content\/uploads\/2021\/02\/turk-hava-yollari-buyuk-bahar-indirimi-ile-yurt-ici-ucuslarda-0-indirim-firsati-293-500x333.jpg 500w, https:\/\/julesverne.com.tr\/wp-content\/uploads\/2021\/02\/turk-hava-yollari-buyuk-bahar-indirimi-ile-yurt-ici-ucuslarda-0-indirim-firsati-293-768x512.jpg 768w\" sizes=\"(max-width: 1200px) 100vw, 1200px\" \/><\/strong><\/p>\n<h2><strong>Dat\u00e7a<\/strong><\/h2>\n<p>Geldi\u011finizde anl\u0131yorsunuz Dat\u00e7a\u2019ya bir kez gelenlerin neden buran\u0131n m\u00fcdavimi olduklar\u0131n\u0131! D\u00f6rt taraf\u0131 benzersiz bir do\u011fa, tarih ve k\u00fclt\u00fcrel miras ile kutsanan bir \u00fclkede ya\u015faman\u0131n zenginli\u011fine bir de Dat\u00e7a\u2019n\u0131n tabiat\u0131 eklendi\u011finde hayranl\u0131\u011f\u0131n\u0131z katlan\u0131yor. Dat\u00e7a\u2019y\u0131 \u00f6vmek isterken hep ayn\u0131 kelimeye gelip tak\u0131l\u0131yoruz: tabiat! Ye\u015filin ve mavinin her tonu nas\u0131l olur da Dat\u00e7a\u2019da bulu\u015fur? Meyve a\u011fa\u00e7lar\u0131, bitkileri, otlar\u0131 bir yanda kokular\u0131 ve g\u00f6r\u00fcnt\u00fcleri ile sizi etkisine alt\u0131na al\u0131rken di\u011fer yanda sakl\u0131 koylar, berrak sular, k\u0131vr\u0131lan her yolun sizi g\u00f6t\u00fcrd\u00fc\u011f\u00fc g\u00fczellikler bekliyor sizi. C\u00f6mert do\u011fas\u0131, harika koylar\u0131, sevimli pansiyonlar\u0131 ve butik otelleri ile unutulmaz bir sonbahar rotas\u0131 arayanlar i\u00e7in do\u011fru adres.<\/p>\n<p style=\"text-align: center;\"><strong>Size \u00f6zel seyahat program\u0131 ve rezervasyon i\u00e7in:<\/strong><br \/>\n<a href=\"mailto:travel@julesverne.com.tr\"><strong>travel@julesverne.com.tr<\/strong><\/a><\/p>\n","protected":false},"excerpt":{"rendered":"<p>Serinleyen hava, etraf\u0131 saran do\u011fa renkleriyle sonbahar seyahat etmek i\u00e7in m\u00fckemmel bir zamanlama. Hem a\u015f\u0131r\u0131 s\u0131caklardan kurtulmu\u015f, hem de dondurucu so\u011fuklardan uzaktay\u0131z. Bu y\u0131l 29 Ekim\u2019in Cuma g\u00fcn\u00fcne denk gelmesiyle 3 g\u00fcnl\u00fck sakin, tela\u015fs\u0131z, k\u0131sa bir mola hepimize \u00e7ok iyi gelecek. Do\u011fa tutkunlar\u0131, deniz sevdal\u0131lar\u0131, tarih merakl\u0131lar\u0131, sanatseverler i\u00e7in birbirinden keyifli sonbahar rotalar\u0131 haz\u0131rlad\u0131k. Modunuza [&hellip;]<\/p>\n","protected":false},"author":5,"featured_media":10425,"comment_status":"closed","ping_status":"closed","sticky":false,"template":"","format":"standard","meta":{"inline_featured_image":false,"footnotes":""},"categories":[38,1,39],"tags":[197,77,73],"acf":[],"yoast_head":"<!-- This site is optimized with the Yoast SEO plugin v22.3 - https:\/\/yoast.com\/wordpress\/plugins\/seo\/ -->\n<title>29 Ekim Yurt \u0130\u00e7i Tatil \u00d6nerileri - JULES VERNE BUSINESS MICE TRAVEL<\/title>\n<meta name=\"description\" content=\"Serinleyen hava, etraf\u0131 saran do\u011fa renkleriyle sonbahar seyahat etmek i\u00e7in m\u00fckemmel bir zamanlama. Hem a\u015f\u0131r\u0131 s\u0131caklardan kurtulmu\u015f, hem de dondurucu so\u011fuklardan uzaktay\u0131z. Bu y\u0131l 29 Ekim\u2019in Cuma g\u00fcn\u00fcne denk gelmesiyle 3 g\u00fcnl\u00fck sakin, tela\u015fs\u0131z, k\u0131sa bir mola hepimize \u00e7ok iyi gelecek. Do\u011fa tutkunlar\u0131, deniz sevdal\u0131lar\u0131, tarih merakl\u0131lar\u0131, sanatseverler i\u00e7in birbirinden keyifli sonbahar rotalar\u0131 haz\u0131rlad\u0131k. Modunuza g\u00f6re rotan\u0131z\u0131 se\u00e7in, T\u00fcrkiye\u2019nin g\u00fczelliklerini ke\u015ffedip k\u0131sa bir mola ile dinlenin, yenilenin!\" \/>\n<meta name=\"robots\" content=\"index, follow, max-snippet:-1, max-image-preview:large, max-video-preview:-1\" \/>\n<link rel=\"canonical\" href=\"https:\/\/julesverne.com.tr\/travel-blog\/29-ekim-yurtici-tatil-onerileri\/\" \/>\n<meta property=\"og:locale\" content=\"en_US\" \/>\n<meta property=\"og:type\" content=\"article\" \/>\n<meta property=\"og:title\" content=\"29 Ekim Yurt \u0130\u00e7i Tatil \u00d6nerileri - JULES VERNE BUSINESS MICE TRAVEL\" \/>\n<meta property=\"og:description\" content=\"Serinleyen hava, etraf\u0131 saran do\u011fa renkleriyle sonbahar seyahat etmek i\u00e7in m\u00fckemmel bir zamanlama. Hem a\u015f\u0131r\u0131 s\u0131caklardan kurtulmu\u015f, hem de dondurucu so\u011fuklardan uzaktay\u0131z. Bu y\u0131l 29 Ekim\u2019in Cuma g\u00fcn\u00fcne denk gelmesiyle 3 g\u00fcnl\u00fck sakin, tela\u015fs\u0131z, k\u0131sa bir mola hepimize \u00e7ok iyi gelecek. Do\u011fa tutkunlar\u0131, deniz sevdal\u0131lar\u0131, tarih merakl\u0131lar\u0131, sanatseverler i\u00e7in birbirinden keyifli sonbahar rotalar\u0131 haz\u0131rlad\u0131k. Modunuza g\u00f6re rotan\u0131z\u0131 se\u00e7in, T\u00fcrkiye\u2019nin g\u00fczelliklerini ke\u015ffedip k\u0131sa bir mola ile dinlenin, yenilenin!\" \/>\n<meta property=\"og:url\" content=\"https:\/\/julesverne.com.tr\/travel-blog\/29-ekim-yurtici-tatil-onerileri\/\" \/>\n<meta property=\"og:site_name\" content=\"JULES VERNE BUSINESS MICE TRAVEL\" \/>\n<meta property=\"article:publisher\" content=\"https:\/\/www.facebook.com\/JulesVerneBusinessMiceTravel\/\" \/>\n<meta property=\"article:published_time\" content=\"2021-10-19T11:37:42+00:00\" \/>\n<meta property=\"article:modified_time\" content=\"2021-10-24T06:30:36+00:00\" \/>\n<meta property=\"og:image\" content=\"https:\/\/julesverne.com.tr\/wp-content\/uploads\/2021\/09\/adatepe_shutterstock_1242015262-1.jpg\" \/>\n\t<meta property=\"og:image:width\" content=\"1000\" \/>\n\t<meta property=\"og:image:height\" content=\"604\" \/>\n\t<meta property=\"og:image:type\" content=\"image\/jpeg\" \/>\n<meta name=\"author\" content=\"senem.ekermen\" \/>\n<meta name=\"twitter:card\" content=\"summary_large_image\" \/>\n<meta name=\"twitter:creator\" content=\"@JV_BusinessMice\" \/>\n<meta name=\"twitter:site\" content=\"@JV_BusinessMice\" \/>\n<meta name=\"twitter:label1\" content=\"Written by\" \/>\n\t<meta name=\"twitter:data1\" content=\"senem.ekermen\" \/>\n\t<meta name=\"twitter:label2\" content=\"Est. reading time\" \/>\n\t<meta name=\"twitter:data2\" content=\"12 minutes\" \/>\n<script type=\"application\/ld+json\" class=\"yoast-schema-graph\">{\"@context\":\"https:\/\/schema.org\",\"@graph\":[{\"@type\":\"Article\",\"@id\":\"https:\/\/julesverne.com.tr\/travel-blog\/29-ekim-yurtici-tatil-onerileri\/#article\",\"isPartOf\":{\"@id\":\"https:\/\/julesverne.com.tr\/travel-blog\/29-ekim-yurtici-tatil-onerileri\/\"},\"author\":{\"name\":\"senem.ekermen\",\"@id\":\"https:\/\/julesverne.com.tr\/#\/schema\/person\/b27d0a74a740ecb2ffc838c934d95797\"},\"headline\":\"29 Ekim Yurt \u0130\u00e7i Tatil \u00d6nerileri\",\"datePublished\":\"2021-10-19T11:37:42+00:00\",\"dateModified\":\"2021-10-24T06:30:36+00:00\",\"mainEntityOfPage\":{\"@id\":\"https:\/\/julesverne.com.tr\/travel-blog\/29-ekim-yurtici-tatil-onerileri\/\"},\"wordCount\":2859,\"publisher\":{\"@id\":\"https:\/\/julesverne.com.tr\/#organization\"},\"image\":{\"@id\":\"https:\/\/julesverne.com.tr\/travel-blog\/29-ekim-yurtici-tatil-onerileri\/#primaryimage\"},\"thumbnailUrl\":\"https:\/\/julesverne.com.tr\/wp-content\/uploads\/2021\/09\/adatepe_shutterstock_1242015262-1.jpg\",\"keywords\":[\"29 Ekim Tatili\",\"\u0130lham Veren Destinasyonlar\",\"Nereye Gitsek\"],\"articleSection\":[\"\u0130lham Veren Destinasyonlar\",\"Blog\",\"Nereye Gitsek?\"],\"inLanguage\":\"en-US\"},{\"@type\":\"WebPage\",\"@id\":\"https:\/\/julesverne.com.tr\/travel-blog\/29-ekim-yurtici-tatil-onerileri\/\",\"url\":\"https:\/\/julesverne.com.tr\/travel-blog\/29-ekim-yurtici-tatil-onerileri\/\",\"name\":\"29 Ekim Yurt \u0130\u00e7i Tatil \u00d6nerileri - JULES VERNE BUSINESS MICE TRAVEL\",\"isPartOf\":{\"@id\":\"https:\/\/julesverne.com.tr\/#website\"},\"primaryImageOfPage\":{\"@id\":\"https:\/\/julesverne.com.tr\/travel-blog\/29-ekim-yurtici-tatil-onerileri\/#primaryimage\"},\"image\":{\"@id\":\"https:\/\/julesverne.com.tr\/travel-blog\/29-ekim-yurtici-tatil-onerileri\/#primaryimage\"},\"thumbnailUrl\":\"https:\/\/julesverne.com.tr\/wp-content\/uploads\/2021\/09\/adatepe_shutterstock_1242015262-1.jpg\",\"datePublished\":\"2021-10-19T11:37:42+00:00\",\"dateModified\":\"2021-10-24T06:30:36+00:00\",\"description\":\"Serinleyen hava, etraf\u0131 saran do\u011fa renkleriyle sonbahar seyahat etmek i\u00e7in m\u00fckemmel bir zamanlama. Hem a\u015f\u0131r\u0131 s\u0131caklardan kurtulmu\u015f, hem de dondurucu so\u011fuklardan uzaktay\u0131z. Bu y\u0131l 29 Ekim\u2019in Cuma g\u00fcn\u00fcne denk gelmesiyle 3 g\u00fcnl\u00fck sakin, tela\u015fs\u0131z, k\u0131sa bir mola hepimize \u00e7ok iyi gelecek. Do\u011fa tutkunlar\u0131, deniz sevdal\u0131lar\u0131, tarih merakl\u0131lar\u0131, sanatseverler i\u00e7in birbirinden keyifli sonbahar rotalar\u0131 haz\u0131rlad\u0131k. Modunuza g\u00f6re rotan\u0131z\u0131 se\u00e7in, T\u00fcrkiye\u2019nin g\u00fczelliklerini ke\u015ffedip k\u0131sa bir mola ile dinlenin, yenilenin!\",\"breadcrumb\":{\"@id\":\"https:\/\/julesverne.com.tr\/travel-blog\/29-ekim-yurtici-tatil-onerileri\/#breadcrumb\"},\"inLanguage\":\"en-US\",\"potentialAction\":[{\"@type\":\"ReadAction\",\"target\":[\"https:\/\/julesverne.com.tr\/travel-blog\/29-ekim-yurtici-tatil-onerileri\/\"]}]},{\"@type\":\"ImageObject\",\"inLanguage\":\"en-US\",\"@id\":\"https:\/\/julesverne.com.tr\/travel-blog\/29-ekim-yurtici-tatil-onerileri\/#primaryimage\",\"url\":\"https:\/\/julesverne.com.tr\/wp-content\/uploads\/2021\/09\/adatepe_shutterstock_1242015262-1.jpg\",\"contentUrl\":\"https:\/\/julesverne.com.tr\/wp-content\/uploads\/2021\/09\/adatepe_shutterstock_1242015262-1.jpg\",\"width\":1000,\"height\":604},{\"@type\":\"BreadcrumbList\",\"@id\":\"https:\/\/julesverne.com.tr\/travel-blog\/29-ekim-yurtici-tatil-onerileri\/#breadcrumb\",\"itemListElement\":[{\"@type\":\"ListItem\",\"position\":1,\"name\":\"Anasayfa\",\"item\":\"https:\/\/julesverne.com.tr\/\"},{\"@type\":\"ListItem\",\"position\":2,\"name\":\"29 Ekim Yurt \u0130\u00e7i Tatil \u00d6nerileri\"}]},{\"@type\":\"WebSite\",\"@id\":\"https:\/\/julesverne.com.tr\/#website\",\"url\":\"https:\/\/julesverne.com.tr\/\",\"name\":\"JULES VERNE BUSINESS MICE TRAVEL\",\"description\":\"\",\"publisher\":{\"@id\":\"https:\/\/julesverne.com.tr\/#organization\"},\"potentialAction\":[{\"@type\":\"SearchAction\",\"target\":{\"@type\":\"EntryPoint\",\"urlTemplate\":\"https:\/\/julesverne.com.tr\/?s={search_term_string}\"},\"query-input\":\"required name=search_term_string\"}],\"inLanguage\":\"en-US\"},{\"@type\":\"Organization\",\"@id\":\"https:\/\/julesverne.com.tr\/#organization\",\"name\":\"JULES VERNE BUSINESS MICE TRAVEL\",\"url\":\"https:\/\/julesverne.com.tr\/\",\"logo\":{\"@type\":\"ImageObject\",\"inLanguage\":\"en-US\",\"@id\":\"https:\/\/julesverne.com.tr\/#\/schema\/logo\/image\/\",\"url\":\"https:\/\/julesverne.com.tr\/wp-content\/uploads\/2020\/09\/jv-bmt-logo.png\",\"contentUrl\":\"https:\/\/julesverne.com.tr\/wp-content\/uploads\/2020\/09\/jv-bmt-logo.png\",\"width\":110,\"height\":81,\"caption\":\"JULES VERNE BUSINESS MICE TRAVEL\"},\"image\":{\"@id\":\"https:\/\/julesverne.com.tr\/#\/schema\/logo\/image\/\"},\"sameAs\":[\"https:\/\/www.facebook.com\/JulesVerneBusinessMiceTravel\/\",\"https:\/\/twitter.com\/JV_BusinessMice\",\"https:\/\/www.instagram.com\/julesvernebusinessmicetravel\/\",\"https:\/\/www.linkedin.com\/company\/julesvernebusinessmicetravel\/\",\"https:\/\/www.youtube.com\/channel\/UCAwdsmbZ6tFhu1tea6pkpiw\"]},{\"@type\":\"Person\",\"@id\":\"https:\/\/julesverne.com.tr\/#\/schema\/person\/b27d0a74a740ecb2ffc838c934d95797\",\"name\":\"senem.ekermen\",\"url\":\"https:\/\/julesverne.com.tr\/en\/author\/senem-ekermen\/\"}]}<\/script>\n<!-- \/ Yoast SEO plugin. -->","yoast_head_json":{"title":"29 Ekim Yurt \u0130\u00e7i Tatil \u00d6nerileri - JULES VERNE BUSINESS MICE TRAVEL","description":"Serinleyen hava, etraf\u0131 saran do\u011fa renkleriyle sonbahar seyahat etmek i\u00e7in m\u00fckemmel bir zamanlama. Hem a\u015f\u0131r\u0131 s\u0131caklardan kurtulmu\u015f, hem de dondurucu so\u011fuklardan uzaktay\u0131z. Bu y\u0131l 29 Ekim\u2019in Cuma g\u00fcn\u00fcne denk gelmesiyle 3 g\u00fcnl\u00fck sakin, tela\u015fs\u0131z, k\u0131sa bir mola hepimize \u00e7ok iyi gelecek. Do\u011fa tutkunlar\u0131, deniz sevdal\u0131lar\u0131, tarih merakl\u0131lar\u0131, sanatseverler i\u00e7in birbirinden keyifli sonbahar rotalar\u0131 haz\u0131rlad\u0131k. Modunuza g\u00f6re rotan\u0131z\u0131 se\u00e7in, T\u00fcrkiye\u2019nin g\u00fczelliklerini ke\u015ffedip k\u0131sa bir mola ile dinlenin, yenilenin!","robots":{"index":"index","follow":"follow","max-snippet":"max-snippet:-1","max-image-preview":"max-image-preview:large","max-video-preview":"max-video-preview:-1"},"canonical":"https:\/\/julesverne.com.tr\/travel-blog\/29-ekim-yurtici-tatil-onerileri\/","og_locale":"en_US","og_type":"article","og_title":"29 Ekim Yurt \u0130\u00e7i Tatil \u00d6nerileri - JULES VERNE BUSINESS MICE TRAVEL","og_description":"Serinleyen hava, etraf\u0131 saran do\u011fa renkleriyle sonbahar seyahat etmek i\u00e7in m\u00fckemmel bir zamanlama. Hem a\u015f\u0131r\u0131 s\u0131caklardan kurtulmu\u015f, hem de dondurucu so\u011fuklardan uzaktay\u0131z. Bu y\u0131l 29 Ekim\u2019in Cuma g\u00fcn\u00fcne denk gelmesiyle 3 g\u00fcnl\u00fck sakin, tela\u015fs\u0131z, k\u0131sa bir mola hepimize \u00e7ok iyi gelecek. Do\u011fa tutkunlar\u0131, deniz sevdal\u0131lar\u0131, tarih merakl\u0131lar\u0131, sanatseverler i\u00e7in birbirinden keyifli sonbahar rotalar\u0131 haz\u0131rlad\u0131k. Modunuza g\u00f6re rotan\u0131z\u0131 se\u00e7in, T\u00fcrkiye\u2019nin g\u00fczelliklerini ke\u015ffedip k\u0131sa bir mola ile dinlenin, yenilenin!","og_url":"https:\/\/julesverne.com.tr\/travel-blog\/29-ekim-yurtici-tatil-onerileri\/","og_site_name":"JULES VERNE BUSINESS MICE TRAVEL","article_publisher":"https:\/\/www.facebook.com\/JulesVerneBusinessMiceTravel\/","article_published_time":"2021-10-19T11:37:42+00:00","article_modified_time":"2021-10-24T06:30:36+00:00","og_image":[{"width":1000,"height":604,"url":"https:\/\/julesverne.com.tr\/wp-content\/uploads\/2021\/09\/adatepe_shutterstock_1242015262-1.jpg","type":"image\/jpeg"}],"author":"senem.ekermen","twitter_card":"summary_large_image","twitter_creator":"@JV_BusinessMice","twitter_site":"@JV_BusinessMice","twitter_misc":{"Written by":"senem.ekermen","Est. reading time":"12 minutes"},"schema":{"@context":"https:\/\/schema.org","@graph":[{"@type":"Article","@id":"https:\/\/julesverne.com.tr\/travel-blog\/29-ekim-yurtici-tatil-onerileri\/#article","isPartOf":{"@id":"https:\/\/julesverne.com.tr\/travel-blog\/29-ekim-yurtici-tatil-onerileri\/"},"author":{"name":"senem.ekermen","@id":"https:\/\/julesverne.com.tr\/#\/schema\/person\/b27d0a74a740ecb2ffc838c934d95797"},"headline":"29 Ekim Yurt \u0130\u00e7i Tatil \u00d6nerileri","datePublished":"2021-10-19T11:37:42+00:00","dateModified":"2021-10-24T06:30:36+00:00","mainEntityOfPage":{"@id":"https:\/\/julesverne.com.tr\/travel-blog\/29-ekim-yurtici-tatil-onerileri\/"},"wordCount":2859,"publisher":{"@id":"https:\/\/julesverne.com.tr\/#organization"},"image":{"@id":"https:\/\/julesverne.com.tr\/travel-blog\/29-ekim-yurtici-tatil-onerileri\/#primaryimage"},"thumbnailUrl":"https:\/\/julesverne.com.tr\/wp-content\/uploads\/2021\/09\/adatepe_shutterstock_1242015262-1.jpg","keywords":["29 Ekim Tatili","\u0130lham Veren Destinasyonlar","Nereye Gitsek"],"articleSection":["\u0130lham Veren Destinasyonlar","Blog","Nereye Gitsek?"],"inLanguage":"en-US"},{"@type":"WebPage","@id":"https:\/\/julesverne.com.tr\/travel-blog\/29-ekim-yurtici-tatil-onerileri\/","url":"https:\/\/julesverne.com.tr\/travel-blog\/29-ekim-yurtici-tatil-onerileri\/","name":"29 Ekim Yurt \u0130\u00e7i Tatil \u00d6nerileri - JULES VERNE BUSINESS MICE TRAVEL","isPartOf":{"@id":"https:\/\/julesverne.com.tr\/#website"},"primaryImageOfPage":{"@id":"https:\/\/julesverne.com.tr\/travel-blog\/29-ekim-yurtici-tatil-onerileri\/#primaryimage"},"image":{"@id":"https:\/\/julesverne.com.tr\/travel-blog\/29-ekim-yurtici-tatil-onerileri\/#primaryimage"},"thumbnailUrl":"https:\/\/julesverne.com.tr\/wp-content\/uploads\/2021\/09\/adatepe_shutterstock_1242015262-1.jpg","datePublished":"2021-10-19T11:37:42+00:00","dateModified":"2021-10-24T06:30:36+00:00","description":"Serinleyen hava, etraf\u0131 saran do\u011fa renkleriyle sonbahar seyahat etmek i\u00e7in m\u00fckemmel bir zamanlama. Hem a\u015f\u0131r\u0131 s\u0131caklardan kurtulmu\u015f, hem de dondurucu so\u011fuklardan uzaktay\u0131z. Bu y\u0131l 29 Ekim\u2019in Cuma g\u00fcn\u00fcne denk gelmesiyle 3 g\u00fcnl\u00fck sakin, tela\u015fs\u0131z, k\u0131sa bir mola hepimize \u00e7ok iyi gelecek. Do\u011fa tutkunlar\u0131, deniz sevdal\u0131lar\u0131, tarih merakl\u0131lar\u0131, sanatseverler i\u00e7in birbirinden keyifli sonbahar rotalar\u0131 haz\u0131rlad\u0131k. Modunuza g\u00f6re rotan\u0131z\u0131 se\u00e7in, T\u00fcrkiye\u2019nin g\u00fczelliklerini ke\u015ffedip k\u0131sa bir mola ile dinlenin, yenilenin!","breadcrumb":{"@id":"https:\/\/julesverne.com.tr\/travel-blog\/29-ekim-yurtici-tatil-onerileri\/#breadcrumb"},"inLanguage":"en-US","potentialAction":[{"@type":"ReadAction","target":["https:\/\/julesverne.com.tr\/travel-blog\/29-ekim-yurtici-tatil-onerileri\/"]}]},{"@type":"ImageObject","inLanguage":"en-US","@id":"https:\/\/julesverne.com.tr\/travel-blog\/29-ekim-yurtici-tatil-onerileri\/#primaryimage","url":"https:\/\/julesverne.com.tr\/wp-content\/uploads\/2021\/09\/adatepe_shutterstock_1242015262-1.jpg","contentUrl":"https:\/\/julesverne.com.tr\/wp-content\/uploads\/2021\/09\/adatepe_shutterstock_1242015262-1.jpg","width":1000,"height":604},{"@type":"BreadcrumbList","@id":"https:\/\/julesverne.com.tr\/travel-blog\/29-ekim-yurtici-tatil-onerileri\/#breadcrumb","itemListElement":[{"@type":"ListItem","position":1,"name":"Anasayfa","item":"https:\/\/julesverne.com.tr\/"},{"@type":"ListItem","position":2,"name":"29 Ekim Yurt \u0130\u00e7i Tatil \u00d6nerileri"}]},{"@type":"WebSite","@id":"https:\/\/julesverne.com.tr\/#website","url":"https:\/\/julesverne.com.tr\/","name":"JULES VERNE BUSINESS MICE TRAVEL","description":"","publisher":{"@id":"https:\/\/julesverne.com.tr\/#organization"},"potentialAction":[{"@type":"SearchAction","target":{"@type":"EntryPoint","urlTemplate":"https:\/\/julesverne.com.tr\/?s={search_term_string}"},"query-input":"required name=search_term_string"}],"inLanguage":"en-US"},{"@type":"Organization","@id":"https:\/\/julesverne.com.tr\/#organization","name":"JULES VERNE BUSINESS MICE TRAVEL","url":"https:\/\/julesverne.com.tr\/","logo":{"@type":"ImageObject","inLanguage":"en-US","@id":"https:\/\/julesverne.com.tr\/#\/schema\/logo\/image\/","url":"https:\/\/julesverne.com.tr\/wp-content\/uploads\/2020\/09\/jv-bmt-logo.png","contentUrl":"https:\/\/julesverne.com.tr\/wp-content\/uploads\/2020\/09\/jv-bmt-logo.png","width":110,"height":81,"caption":"JULES VERNE BUSINESS MICE TRAVEL"},"image":{"@id":"https:\/\/julesverne.com.tr\/#\/schema\/logo\/image\/"},"sameAs":["https:\/\/www.facebook.com\/JulesVerneBusinessMiceTravel\/","https:\/\/twitter.com\/JV_BusinessMice","https:\/\/www.instagram.com\/julesvernebusinessmicetravel\/","https:\/\/www.linkedin.com\/company\/julesvernebusinessmicetravel\/","https:\/\/www.youtube.com\/channel\/UCAwdsmbZ6tFhu1tea6pkpiw"]},{"@type":"Person","@id":"https:\/\/julesverne.com.tr\/#\/schema\/person\/b27d0a74a740ecb2ffc838c934d95797","name":"senem.ekermen","url":"https:\/\/julesverne.com.tr\/en\/author\/senem-ekermen\/"}]}},"_links":{"self":[{"href":"https:\/\/julesverne.com.tr\/en\/wp-json\/wp\/v2\/posts\/10917"}],"collection":[{"href":"https:\/\/julesverne.com.tr\/en\/wp-json\/wp\/v2\/posts"}],"about":[{"href":"https:\/\/julesverne.com.tr\/en\/wp-json\/wp\/v2\/types\/post"}],"author":[{"embeddable":true,"href":"https:\/\/julesverne.com.tr\/en\/wp-json\/wp\/v2\/users\/5"}],"replies":[{"embeddable":true,"href":"https:\/\/julesverne.com.tr\/en\/wp-json\/wp\/v2\/comments?post=10917"}],"version-history":[{"count":0,"href":"https:\/\/julesverne.com.tr\/en\/wp-json\/wp\/v2\/posts\/10917\/revisions"}],"wp:featuredmedia":[{"embeddable":true,"href":"https:\/\/julesverne.com.tr\/en\/wp-json\/wp\/v2\/media\/10425"}],"wp:attachment":[{"href":"https:\/\/julesverne.com.tr\/en\/wp-json\/wp\/v2\/media?parent=10917"}],"wp:term":[{"taxonomy":"category","embeddable":true,"href":"https:\/\/julesverne.com.tr\/en\/wp-json\/wp\/v2\/categories?post=10917"},{"taxonomy":"post_tag","embeddable":true,"href":"https:\/\/julesverne.com.tr\/en\/wp-json\/wp\/v2\/tags?post=10917"}],"curies":[{"name":"wp","href":"https:\/\/api.w.org\/{rel}","templated":true}]}}