{"id":10769,"date":"2023-05-25T16:29:46","date_gmt":"2023-05-25T13:29:46","guid":{"rendered":"https:\/\/julesverne.com.tr\/?p=10769"},"modified":"2023-05-26T10:59:52","modified_gmt":"2023-05-26T07:59:52","slug":"turkiyenin-en-guzel-ekolojik-otelleri-ciftlikleri","status":"publish","type":"post","link":"https:\/\/julesverne.com.tr\/en\/travel-blog\/turkiyenin-en-guzel-ekolojik-otelleri-ciftlikleri\/","title":{"rendered":"T\u00fcrkiye\u2019nin En G\u00fczel Ekolojik Otelleri &#038; \u00c7iftlikleri"},"content":{"rendered":"<p><img loading=\"lazy\" decoding=\"async\" class=\"alignnone wp-image-10808\" src=\"https:\/\/julesverne.com.tr\/wp-content\/uploads\/2021\/10\/farm_shutterstock_409562107-500x334.jpg\" alt=\"\" width=\"1200\" height=\"800\" srcset=\"https:\/\/julesverne.com.tr\/wp-content\/uploads\/2021\/10\/farm_shutterstock_409562107-500x334.jpg 500w, https:\/\/julesverne.com.tr\/wp-content\/uploads\/2021\/10\/farm_shutterstock_409562107-768x512.jpg 768w, https:\/\/julesverne.com.tr\/wp-content\/uploads\/2021\/10\/farm_shutterstock_409562107.jpg 1000w\" sizes=\"(max-width: 1200px) 100vw, 1200px\" \/><\/p>\n<p>\u015eehir hayat\u0131n\u0131n kaosundan ka\u00e7\u0131p huzur bulmak i\u00e7in al\u0131\u015f\u0131lagelmi\u015f tatil anlay\u0131\u015f\u0131 yerine do\u011fan\u0131n kuca\u011f\u0131nda, topra\u011fa dokunarak, do\u011fal tatlarla sa\u011fl\u0131kl\u0131 beslenebilecekleri ekolojik tatil yerlerini se\u00e7en pek \u00e7ok seyahatsever, do\u011fa ile ba\u015f ba\u015fa olman\u0131n ayr\u0131cal\u0131\u011f\u0131n\u0131 ya\u015famay\u0131 tercih ediyor.<\/p>\n<p>&#8220;Ekolojiye dair bir \u015feyler \u00f6\u011frenmeliyim ama bu konuda neler yapabilirim&#8221; sorusu sizin de akl\u0131n\u0131z\u0131 zaman zamanda olsa me\u015fgul ediyorsa art\u0131k do\u011faya kar\u0131\u015fmak i\u00e7in birbirinden yenilik\u00e7i alternatifler mevcut. <strong>Kocaeli<\/strong>\u2019den <strong>Bozcaada<\/strong>\u2019ya, <strong>G\u00f6cek<\/strong>\u2019ten<strong> Uluda\u011f<\/strong> ve <strong>Kazda\u011flar\u0131<\/strong>\u2019na, <strong>Sakarya<\/strong>\u2019dan <strong>Kapadokya<\/strong> ve <strong>Antalya<\/strong>\u2019ya kadar uzanan birbirinden g\u00fczel ekolojik \u00e7iftliklerde konaklayarak, veya g\u00fcn\u00fcbirlik ziyaret ederek do\u011fan\u0131n i\u00e7inde keyifle vakit ge\u00e7irebilirsiniz.<\/p>\n<p><img loading=\"lazy\" decoding=\"async\" class=\"alignnone wp-image-10816\" src=\"https:\/\/julesverne.com.tr\/wp-content\/uploads\/2021\/10\/narkoy-500x333.jpg\" alt=\"\" width=\"1200\" height=\"800\" srcset=\"https:\/\/julesverne.com.tr\/wp-content\/uploads\/2021\/10\/narkoy-500x333.jpg 500w, https:\/\/julesverne.com.tr\/wp-content\/uploads\/2021\/10\/narkoy-1280x853.jpg 1280w, https:\/\/julesverne.com.tr\/wp-content\/uploads\/2021\/10\/narkoy-768x512.jpg 768w, https:\/\/julesverne.com.tr\/wp-content\/uploads\/2021\/10\/narkoy-1536x1024.jpg 1536w, https:\/\/julesverne.com.tr\/wp-content\/uploads\/2021\/10\/narkoy-scaled.jpg 1600w\" sizes=\"(max-width: 1200px) 100vw, 1200px\" \/><\/p>\n<p>\u015eehir ya\u015fant\u0131s\u0131ndan uzakta, do\u011fayla i\u00e7 i\u00e7e, huzurlu bir ortamda organik beslenerek tatil yapmak isteyenler i\u00e7in i\u015fte T\u00fcrkiye\u2019nin birbirinden g\u00fczel ekolojik tatil yerleri\u2026<\/p>\n<p><img loading=\"lazy\" decoding=\"async\" class=\"size-full wp-image-10770 alignnone\" src=\"https:\/\/julesverne.com.tr\/wp-content\/uploads\/2021\/10\/narkoy-1.jpg\" alt=\"\" width=\"1200\" height=\"800\" srcset=\"https:\/\/julesverne.com.tr\/wp-content\/uploads\/2021\/10\/narkoy-1.jpg 1200w, https:\/\/julesverne.com.tr\/wp-content\/uploads\/2021\/10\/narkoy-1-500x333.jpg 500w, https:\/\/julesverne.com.tr\/wp-content\/uploads\/2021\/10\/narkoy-1-768x512.jpg 768w\" sizes=\"(max-width: 1200px) 100vw, 1200px\" \/><\/p>\n<h2><strong>Nark\u00f6y Ekolojik Otel ve E\u011fitim Merkezi \u2013 Kocaeli<\/strong><\/h2>\n<p><strong>\u201cK\u00fcresel d\u00fc\u015f\u00fcn, y\u00f6resel hareket et\u201d <\/strong>felsefesiyle hayata ge\u00e7irilen <strong>Nark\u00f6y Ekolojik Otel ve E\u011fitim Merkezi<\/strong>; \u0130stanbul\u2019a iki saat mesafede yer alan Kocaeli\u2019nin Kand\u0131ra il\u00e7esindeki T\u00fcrkiye\u2019nin ilk <strong>\u201cEko-E\u011fitim Oteli\u201d. <\/strong>100 d\u00f6n\u00fcm\u00fc a\u015fan do\u011fal bir alan \u00fczerinde; ekolojik y\u00f6netimden organik tar\u0131ma, aromatik bitkiler toplamadan peynir ve yo\u011furt at\u00f6lyesine kadar s\u00fcrd\u00fcr\u00fclebilirlik kapsam\u0131nda e\u011fitimlerin verildi\u011fi Nark\u00f6y, misafirlerine al\u0131\u015f\u0131lm\u0131\u015f\u0131n d\u0131\u015f\u0131nda bir tatil deneyimi ya\u015fat\u0131yor.<\/p>\n<p>Deneyimsel ve keyifli e\u011fitim s\u00fcre\u00e7leri tasarlamak isteyen yeni nesil e\u011fitim sekt\u00f6r\u00fcn\u00fcn g\u00f6zde mekan\u0131 tesis; misafirlerine do\u011fal ya\u015famla i\u00e7 i\u00e7e ge\u00e7me se\u00e7ene\u011fi sunarak, s\u00fcrd\u00fcr\u00fclebilir ya\u015fam i\u00e7in de yeni tecr\u00fcbeler edinme f\u0131rsat\u0131 ya\u015fat\u0131yor. 1000\u2019in \u00fczerindeki atal\u0131k tohumuyla d\u00fcnyan\u0131n en \u00f6nemli tohum bankalar\u0131ndan birine sahip olan Nark\u00f6y Ekolojik Otel ve E\u011fitim Merkezi; 14 oda, aile ve grup konaklama \u00fcniteleri, y\u00f6r\u00fck \u00e7ad\u0131r\u0131, organik \u00e7iftlik yemeklerinin pi\u015firildi\u011fi restoran ve organik tar\u0131m \u00e7iftli\u011fi ile misafirlerine r\u00fcya gibi bir tatil vadediyor.<\/p>\n<p><img loading=\"lazy\" decoding=\"async\" class=\"size-full wp-image-10771 alignnone\" src=\"https:\/\/julesverne.com.tr\/wp-content\/uploads\/2021\/10\/Aral-Tatil-Ciftligi-.jpg\" alt=\"\" width=\"1200\" height=\"800\" srcset=\"https:\/\/julesverne.com.tr\/wp-content\/uploads\/2021\/10\/Aral-Tatil-Ciftligi-.jpg 1200w, https:\/\/julesverne.com.tr\/wp-content\/uploads\/2021\/10\/Aral-Tatil-Ciftligi--500x333.jpg 500w, https:\/\/julesverne.com.tr\/wp-content\/uploads\/2021\/10\/Aral-Tatil-Ciftligi--768x512.jpg 768w\" sizes=\"(max-width: 1200px) 100vw, 1200px\" \/><\/p>\n<h2><strong>Aral Tatil \u00c7iftli\u011fi \u2013 Bozcaada<\/strong><\/h2>\n<p>Turkuaz renkli denizi ve g\u00f6rkemli do\u011fas\u0131yla \u00f6ne \u00e7\u0131kan <strong>Bozcaada<\/strong>\u2019n\u0131n do\u011fal g\u00fczellikleri i\u00e7erisinde huzur ve sakinli\u011fi bir arada sunan <strong>Aral Tatil \u00c7iftli\u011fi<\/strong>; kendi bah\u00e7esinde yeti\u015ftirilen sebze ve meyvelerle haz\u0131rlad\u0131klar\u0131 yemeklerle misafirlerine r\u00fcya gibi bir tatilin kap\u0131s\u0131n\u0131 a\u00e7\u0131yor. Rum Mahallesi\u2019nde yer alan tesis; geni\u015f bah\u00e7esi ve dikkat \u00e7eken ta\u015f odalar\u0131n\u0131n yan\u0131 s\u0131ra yan yana dizilmi\u015f 9 Evler ve 5 Evler\u2019den olu\u015fan mimari yap\u0131s\u0131yla da g\u00f6z kama\u015ft\u0131r\u0131yor. Bozcaada\u2019n\u0131n kalbinde olmas\u0131na ra\u011fmen korunakl\u0131 konumu ile sizi ger\u00e7ek d\u00fcnyadan soyutlayan, misafirlerini \u015fehrin g\u00fcr\u00fclt\u00fc ve kalabal\u0131\u011f\u0131ndan uzak, huzurlu bir ortamda muhte\u015fem bir tatile davet eden Aral Tatil \u00c7iftli\u011fi, b\u00f6lge dokusuna uygun mimarisi ile r\u00fcya gibi bir tatil i\u00e7in sizleri bekliyor.<\/p>\n<p><img loading=\"lazy\" decoding=\"async\" class=\"alignnone wp-image-10915\" src=\"https:\/\/julesverne.com.tr\/wp-content\/uploads\/2021\/10\/ataol4-500x333.jpg\" alt=\"\" width=\"1200\" height=\"800\" srcset=\"https:\/\/julesverne.com.tr\/wp-content\/uploads\/2021\/10\/ataol4-500x333.jpg 500w, https:\/\/julesverne.com.tr\/wp-content\/uploads\/2021\/10\/ataol4-1280x853.jpg 1280w, https:\/\/julesverne.com.tr\/wp-content\/uploads\/2021\/10\/ataol4-768x512.jpg 768w, https:\/\/julesverne.com.tr\/wp-content\/uploads\/2021\/10\/ataol4-1536x1024.jpg 1536w, https:\/\/julesverne.com.tr\/wp-content\/uploads\/2021\/10\/ataol4-scaled.jpg 1600w\" sizes=\"(max-width: 1200px) 100vw, 1200px\" \/><\/p>\n<h2><strong>Ataol Tatil \u00c7iftli\u011fi \u2013 Bozcaada<\/strong><\/h2>\n<p>Ekolojik ya\u015fam, organik tar\u0131m ve tatil konseptlerini bir araya getirerek misafirlerine do\u011fayla b\u00fct\u00fcnle\u015ftikleri \u00f6zel bir deneyim ya\u015fatmay\u0131 ama\u00e7layan <strong>Ataol Tatil \u00c7iftli\u011fi<\/strong>; Bozcaada\u2019daki \u00fcz\u00fcm ba\u011flar\u0131 ve zeytinliklerle \u00e7evrili vadinin ortas\u0131ndaki 40 d\u00f6n\u00fcml\u00fck bir arazi \u00fczerinde yer al\u0131yor. Ekolojik mimari ile tasarlanm\u0131\u015f ta\u015f evlerden olu\u015fan \u00e7iftlikte do\u011fa dostu y\u00f6ntemlerle yeti\u015ftirilen meyve ve sebzelerin yan\u0131 s\u0131ra pek \u00e7ok \u00e7iftlik hayvan\u0131yla kar\u015f\u0131la\u015fabilmeniz de m\u00fcmk\u00fcn. Ataol Tatil \u00c7iftli\u011fi; i\u00e7inizdeki \u00e7ocu\u011fu beslemek, topra\u011f\u0131 ve tar\u0131m\u0131 \u00f6\u011frenip, ye\u015filin tonlar\u0131na hayran kalmak i\u00e7in de olduk\u00e7a ideal bir yer.<\/p>\n<p><img loading=\"lazy\" decoding=\"async\" class=\"size-full wp-image-10773 alignnone\" src=\"https:\/\/julesverne.com.tr\/wp-content\/uploads\/2021\/10\/Dalya-Life-.jpg\" alt=\"\" width=\"1200\" height=\"800\" srcset=\"https:\/\/julesverne.com.tr\/wp-content\/uploads\/2021\/10\/Dalya-Life-.jpg 1200w, https:\/\/julesverne.com.tr\/wp-content\/uploads\/2021\/10\/Dalya-Life--500x333.jpg 500w, https:\/\/julesverne.com.tr\/wp-content\/uploads\/2021\/10\/Dalya-Life--768x512.jpg 768w\" sizes=\"(max-width: 1200px) 100vw, 1200px\" \/><\/p>\n<h2><strong>Dalya Life \/ G\u00f6cek<\/strong><\/h2>\n<p>E\u015fi benzeri bulunmayan bir do\u011fa ve ku\u015f cennetinin i\u00e7inde yer alan <strong>Dalya Life<\/strong>, d\u00fcnya yat\u00e7\u0131l\u0131\u011f\u0131n\u0131n g\u00f6zdesi G\u00f6cek\u2019te b\u00f6lgenin do\u011fal yap\u0131s\u0131 korunarak yap\u0131lm\u0131\u015f bir otel. Do\u011fa ile ba\u015fba\u015fa kalmak isteyenler i\u00e7in olduk\u00e7a ideal yerlerden biri olan Dalya Life; 11 standart 6 s\u00fcit odas\u0131, huzur dolu ortam\u0131, leziz ve sa\u011fl\u0131k dolu yemekleriyle konuklar\u0131n\u0131 a\u011f\u0131rl\u0131yor. Do\u011fal ya\u015fam konseptinde tatil isteyenlerin g\u00f6zde adresi Dalya Life\u2019de tarihi b\u00f6lgeleri ziyaret edebilir, b\u00f6lgenin en g\u00fczel koylar\u0131nda denize girebilir, do\u011fa y\u00fcr\u00fcy\u00fc\u015fleri yapabilir ya da bisiklet kiralay\u0131p arkada\u015f ve ailenizle birlikte gezebilirsiniz. \u201cTarladan sofraya\u201d felsefesi ile mutfa\u011f\u0131nda G\u00f6cek\u2019in do\u011fal malzemelerine yer veren Dalya Life\u2019de yemek yemek ba\u015fl\u0131 ba\u015f\u0131na bir deneyim!<\/p>\n<p><img loading=\"lazy\" decoding=\"async\" class=\"size-full wp-image-10774 alignnone\" src=\"https:\/\/julesverne.com.tr\/wp-content\/uploads\/2021\/10\/Belentepe-Permakultur-Ciftligi-.jpg\" alt=\"\" width=\"1200\" height=\"800\" srcset=\"https:\/\/julesverne.com.tr\/wp-content\/uploads\/2021\/10\/Belentepe-Permakultur-Ciftligi-.jpg 1200w, https:\/\/julesverne.com.tr\/wp-content\/uploads\/2021\/10\/Belentepe-Permakultur-Ciftligi--500x333.jpg 500w, https:\/\/julesverne.com.tr\/wp-content\/uploads\/2021\/10\/Belentepe-Permakultur-Ciftligi--768x512.jpg 768w\" sizes=\"(max-width: 1200px) 100vw, 1200px\" \/><\/p>\n<h2><strong>Belentepe Permak\u00fclt\u00fcr \u00c7iftli\u011fi \u2013 Uluda\u011f<\/strong><\/h2>\n<p>Bursa Uluda\u011f eteklerinde, 740 metre rak\u0131ml\u0131 bir tepede kurulu olan <strong>Belentepe Permak\u00fclt\u00fcr \u00c7iftli\u011fi, <\/strong>permak\u00fclt\u00fcr prensipleriyle tasarlanm\u0131\u015f bir tesis. S\u00fcrd\u00fcr\u00fclebilir ya\u015fama d\u00f6n\u00fc\u015f\u00fcm i\u00e7in \u00f6rnek g\u00f6sterilen \u00e7iftlik; elektrik enerjisi ve tar\u0131m \u00fcr\u00fcnlerini kendisi \u00fcreten, do\u011fa ile uyumlu, s\u00fcrd\u00fcr\u00fclebilir bir ya\u015fam anlay\u0131\u015f\u0131n\u0131n m\u00fcmk\u00fcn oldu\u011funu herkese g\u00f6stermek isteyen ve uygulamal\u0131 e\u011fitimlere a\u011f\u0131rl\u0131k veren bir y\u00f6netim anlay\u0131\u015f\u0131na sahip. S\u00fcrd\u00fcr\u00fclebilir ya\u015fama dair merak etti\u011finiz her t\u00fcrl\u00fc bilgiyi yerinde uygulayarak \u00f6\u011frenebilece\u011finiz Belentepe Permak\u00fclt\u00fcr \u00c7iftli\u011fi\u2019nde unutamayaca\u011f\u0131n\u0131z bir tatil sizleri bekliyor.<\/p>\n<p><img loading=\"lazy\" decoding=\"async\" class=\"size-full wp-image-10775 alignnone\" src=\"https:\/\/julesverne.com.tr\/wp-content\/uploads\/2021\/10\/Hizir-Kamp-.jpg\" alt=\"\" width=\"1200\" height=\"800\" srcset=\"https:\/\/julesverne.com.tr\/wp-content\/uploads\/2021\/10\/Hizir-Kamp-.jpg 1200w, https:\/\/julesverne.com.tr\/wp-content\/uploads\/2021\/10\/Hizir-Kamp--500x333.jpg 500w, https:\/\/julesverne.com.tr\/wp-content\/uploads\/2021\/10\/Hizir-Kamp--768x512.jpg 768w\" sizes=\"(max-width: 1200px) 100vw, 1200px\" \/><\/p>\n<h2><strong>H\u0131z\u0131r Kamp \u2013 Kazda\u011flar\u0131 <\/strong><\/h2>\n<p>Kazda\u011flar\u0131\u2019n\u0131n el de\u011fmemi\u015f do\u011fas\u0131nda ziyaret\u00e7ilerine unutulmaz bir kamp maceras\u0131 sunan <strong>H\u0131z\u0131r Kamp<\/strong>, Zeytinli \u00c7ay\u0131\u2019n\u0131n serin sular\u0131nda serinlerken do\u011fa y\u00fcr\u00fcy\u00fc\u015fleri de yapabilece\u011finiz bir ekoturizm destinasyonu. Kaz Da\u011flar\u0131 Milli Park\u0131\u2019na y\u00fcr\u00fcy\u00fc\u015f mesafesinde bulunan kamp alan\u0131nda \u00e7ad\u0131rda konaklama d\u0131\u015f\u0131nda a\u011fa\u00e7, ta\u015f ve ah\u015fap evlerde konaklama se\u00e7enekleri de mevcut. Kampta yiyece\u011finiz sebze ve meyvelerin \u00e7o\u011fu tesisin iki d\u00f6n\u00fcme yay\u0131lan bah\u00e7esinde ekolojik prensiplere uygun \u015fekilde yeti\u015ftirilmektedir.<\/p>\n<p><img loading=\"lazy\" decoding=\"async\" class=\"size-full wp-image-10776 alignnone\" src=\"https:\/\/julesverne.com.tr\/wp-content\/uploads\/2021\/10\/Dedetepe-Ekolojik-Yasam-Ciftligi-1.jpg\" alt=\"\" width=\"1200\" height=\"800\" srcset=\"https:\/\/julesverne.com.tr\/wp-content\/uploads\/2021\/10\/Dedetepe-Ekolojik-Yasam-Ciftligi-1.jpg 1200w, https:\/\/julesverne.com.tr\/wp-content\/uploads\/2021\/10\/Dedetepe-Ekolojik-Yasam-Ciftligi-1-500x333.jpg 500w, https:\/\/julesverne.com.tr\/wp-content\/uploads\/2021\/10\/Dedetepe-Ekolojik-Yasam-Ciftligi-1-768x512.jpg 768w\" sizes=\"(max-width: 1200px) 100vw, 1200px\" \/><\/p>\n<h2><strong>Dedetepe Ekolojik Ya\u015fam \u00c7iftli\u011fi \u2013 Kazda\u011flar\u0131<\/strong><\/h2>\n<p>Kazda\u011flar\u0131 eteklerinde bulunan <strong>Dedetepe Ekolojik Ya\u015fam \u00c7iftli\u011fi<\/strong>, \u00c7anakkale ile K\u00fc\u00e7\u00fckkuyu aras\u0131nda yer al\u0131yor. Zeytinya\u011f\u0131 \u00fcretimi ile bilinen \u00e7iftlik, misafir evleri ve yayla \u00e7ad\u0131rl\u0131 kamp alanlar\u0131 gibi konaklama se\u00e7eneklerine sahip. Do\u011fayla i\u00e7 i\u00e7e olan bu \u00e7iftlikte her an farkl\u0131 bir aktivite yap\u0131l\u0131yor. Zeytin yeti\u015ftirme ve zeytinya\u011f\u0131 \u00fcretmeyi \u00f6\u011frenebilece\u011finiz \u00e7iftlikte y\u00fcr\u00fcy\u00fc\u015flere ve da\u011f bisikleti turlar\u0131na kat\u0131labilir; bitki g\u00f6zlem noktalar\u0131 ve y\u00fcr\u00fcy\u00fc\u015f parkurlar\u0131nda hem hareketli hem de m\u00fckemmel deneyim uyumunu yakalayabilirsiniz.<\/p>\n<p><img loading=\"lazy\" decoding=\"async\" class=\"size-full wp-image-10777 alignnone\" src=\"https:\/\/julesverne.com.tr\/wp-content\/uploads\/2021\/10\/Jade-Ciftligi-.jpg\" alt=\"\" width=\"1200\" height=\"800\" srcset=\"https:\/\/julesverne.com.tr\/wp-content\/uploads\/2021\/10\/Jade-Ciftligi-.jpg 1200w, https:\/\/julesverne.com.tr\/wp-content\/uploads\/2021\/10\/Jade-Ciftligi--500x333.jpg 500w, https:\/\/julesverne.com.tr\/wp-content\/uploads\/2021\/10\/Jade-Ciftligi--768x512.jpg 768w\" sizes=\"(max-width: 1200px) 100vw, 1200px\" \/><\/p>\n<h2><strong>Jade \u00c7iftli\u011fi \u2013 Maksudiye, Sakarya<\/strong><\/h2>\n<p>Sebze a\u011f\u0131rl\u0131kl\u0131 ekolojik tar\u0131msal \u00fcretim yapan <strong>Jade \u00c7iftli\u011fi<\/strong>, organik tar\u0131m sertifikal\u0131 bir ekoloji \u00e7iftli\u011fi. 12 ki\u015filik konaklama alan\u0131 bulunan \u00e7iftlikte Mart \u00a0&#8211; Ekim aylar\u0131 aras\u0131nda g\u00f6n\u00fcll\u00fc olarak \u00e7al\u0131\u015farak konaklayabilirsiniz. Kendi yemeklerini kendi toplad\u0131\u011f\u0131 mahsullerle pi\u015firmek ve do\u011fall\u0131\u011f\u0131n lezzetine doymak isteyenler \u0130stanbul\u2019a 2 saat mesafede bulunan bu harika \u00e7iftli\u011fi ziyaret edebilirler.<\/p>\n<p><img loading=\"lazy\" decoding=\"async\" class=\"size-full wp-image-10778 alignnone\" src=\"https:\/\/julesverne.com.tr\/wp-content\/uploads\/2021\/10\/Kapor-Organik-Ciftlik-Evi-.jpg\" alt=\"\" width=\"1200\" height=\"800\" srcset=\"https:\/\/julesverne.com.tr\/wp-content\/uploads\/2021\/10\/Kapor-Organik-Ciftlik-Evi-.jpg 1200w, https:\/\/julesverne.com.tr\/wp-content\/uploads\/2021\/10\/Kapor-Organik-Ciftlik-Evi--500x333.jpg 500w, https:\/\/julesverne.com.tr\/wp-content\/uploads\/2021\/10\/Kapor-Organik-Ciftlik-Evi--768x512.jpg 768w\" sizes=\"(max-width: 1200px) 100vw, 1200px\" \/><\/p>\n<h2><strong>Kapor Organik \u00c7iftlik Evi \u2013 Avanos, Nev\u015fehir<\/strong><\/h2>\n<p>Kapadokya\u2019n\u0131n Avanos il\u00e7esine \u00e7ok yak\u0131n bir konumda yer alan <strong>Kapor Organik \u00c7iftlik Evi<\/strong>, \u00e7evresinde yer alan ekolojik alan\u0131yla do\u011fa ile ba\u015f ba\u015fa kalman\u0131z\u0131 sa\u011fl\u0131yor. Bah\u00e7esinde yeti\u015fen sebze ve meyvelerle haz\u0131rlanan yemeklerle misafirlerini mest eden \u00e7iftlik evi, Kapadokya manzaras\u0131yla birle\u015fince bamba\u015fka bir tatil atmosferi ya\u015fat\u0131yor. Organik tar\u0131m sertifikal\u0131 nadir \u00e7iftliklerden biri olma \u00f6zelli\u011fi ta\u015f\u0131yan Kapor Organik \u00c7iftlik Evi, kendi bah\u00e7esinde yeti\u015fen \u00fcr\u00fcnlerle yap\u0131lm\u0131\u015f lezzetli yemekler ve yemye\u015fil bah\u00e7esiyle ziyaret\u00e7ilerine do\u011fa ile i\u00e7 i\u00e7e bir tatil ge\u00e7irme f\u0131rsat\u0131 sunuyor.<\/p>\n<p><img loading=\"lazy\" decoding=\"async\" class=\"size-full wp-image-10779 alignnone\" src=\"https:\/\/julesverne.com.tr\/wp-content\/uploads\/2021\/10\/TaTuTa-WWOOF-Ekoloji-Ciftlikleri-1.jpg\" alt=\"\" width=\"1200\" height=\"800\" srcset=\"https:\/\/julesverne.com.tr\/wp-content\/uploads\/2021\/10\/TaTuTa-WWOOF-Ekoloji-Ciftlikleri-1.jpg 1200w, https:\/\/julesverne.com.tr\/wp-content\/uploads\/2021\/10\/TaTuTa-WWOOF-Ekoloji-Ciftlikleri-1-500x333.jpg 500w, https:\/\/julesverne.com.tr\/wp-content\/uploads\/2021\/10\/TaTuTa-WWOOF-Ekoloji-Ciftlikleri-1-768x512.jpg 768w\" sizes=\"(max-width: 1200px) 100vw, 1200px\" \/><\/p>\n<h2><strong>TaTuTa (WWOOF) Ekoloji \u00c7iftlikleri<\/strong><\/h2>\n<p>T\u00fcrkiye\u2019de ekolojik tar\u0131mla ge\u00e7inen \u00e7ift\u00e7i ailelerine hem mali hem de g\u00f6n\u00fcll\u00fc i\u015fg\u00fcc\u00fc veya bilgi deste\u011fi sa\u011flayarak ekolojik tar\u0131m\u0131 te\u015fvik etmek ve s\u00fcrd\u00fcr\u00fclebilirli\u011fi sa\u011flamak amac\u0131yla geli\u015ftirilen <strong>TaTuTa <\/strong>(Tar\u0131m \u2013 Turizm \u2013 Takas) projeleri ile topra\u011fa de\u011ferek, negatif enerjiden kurtulman\u0131z m\u00fcmk\u00fcn. Ekolojik turizmin geli\u015fmesine katk\u0131da bulunan TaTuTa projeleri ile konuklar tar\u0131ma katk\u0131da bulunarak yepyeni bir deneyim ya\u015fama imkan\u0131 buluyor. Farkl\u0131 bir deneyim ya\u015famak isteyenler i\u00e7in ilgin\u00e7 bir se\u00e7enek olarak TaTuTa projeleri ile kendinizi yararl\u0131 hissederek, yepyeni bilgiler deneyimleyebilirsiniz.<\/p>\n<p><img loading=\"lazy\" decoding=\"async\" class=\"size-full wp-image-10780 alignnone\" src=\"https:\/\/julesverne.com.tr\/wp-content\/uploads\/2021\/10\/Pastoral-Vadi-Ekolojik-Yasam-Ciftligi-2.jpg\" alt=\"\" width=\"1200\" height=\"800\" srcset=\"https:\/\/julesverne.com.tr\/wp-content\/uploads\/2021\/10\/Pastoral-Vadi-Ekolojik-Yasam-Ciftligi-2.jpg 1200w, https:\/\/julesverne.com.tr\/wp-content\/uploads\/2021\/10\/Pastoral-Vadi-Ekolojik-Yasam-Ciftligi-2-500x333.jpg 500w, https:\/\/julesverne.com.tr\/wp-content\/uploads\/2021\/10\/Pastoral-Vadi-Ekolojik-Yasam-Ciftligi-2-768x512.jpg 768w\" sizes=\"(max-width: 1200px) 100vw, 1200px\" \/><\/p>\n<h2><strong>Pastoral Vadi Ekolojik Ya\u015fam \u00c7iftli\u011fi \u2013 Fethiye<\/strong><\/h2>\n<p>Fethiye\u2019nin Yan\u0131klar K\u00f6y\u00fc\u2019nde bulunan <strong>Pastoral Vadi Ekolojik Ya\u015fam \u00c7iftli\u011fi<\/strong>, do\u011fadan gelen huzur ve sa\u011fl\u0131\u011f\u0131 deneyimlemek isteyen konuklar\u0131na r\u00fcya gibi bir tatilin kap\u0131s\u0131n\u0131 a\u00e7\u0131yor. Ekolojik y\u00f6ntemlerle domatesten patl\u0131cana, bezelyeden \u00e7ile\u011fe sebze ve meyveler yeti\u015ftiren, her alanda sa\u011fl\u0131kl\u0131 ve geri d\u00f6n\u00fc\u015f\u00fcml\u00fc malzemelerin kullan\u0131m\u0131na \u00f6nem veren Pastoral Vadi, ekolojik mimari yakla\u015f\u0131m\u0131yla da \u00f6ne \u00e7\u0131k\u0131yor. Pastoral Vadi Ekolojik Ya\u015fam \u00c7iftli\u011fi; bir\u00e7ok \u00e7iftlik hayvan\u0131yla bir arada vakit ge\u00e7irece\u011finiz, g\u00fcnl\u00fck hayat\u0131n ko\u015fturmas\u0131na dur deyip, ruhunuzu dinlendirmeniz i\u00e7in birebir.<\/p>\n<p><img loading=\"lazy\" decoding=\"async\" class=\"size-full wp-image-10781 alignnone\" src=\"https:\/\/julesverne.com.tr\/wp-content\/uploads\/2021\/10\/Akdeniz-Bahcesi-Kucuk-Otel-1.jpg\" alt=\"\" width=\"1200\" height=\"800\" srcset=\"https:\/\/julesverne.com.tr\/wp-content\/uploads\/2021\/10\/Akdeniz-Bahcesi-Kucuk-Otel-1.jpg 1200w, https:\/\/julesverne.com.tr\/wp-content\/uploads\/2021\/10\/Akdeniz-Bahcesi-Kucuk-Otel-1-500x333.jpg 500w, https:\/\/julesverne.com.tr\/wp-content\/uploads\/2021\/10\/Akdeniz-Bahcesi-Kucuk-Otel-1-768x512.jpg 768w\" sizes=\"(max-width: 1200px) 100vw, 1200px\" \/><\/p>\n<h2><strong>Akdeniz Bah\u00e7esi K\u00fc\u00e7\u00fck Otel \/ \u00c7\u0131ral\u0131 \u2013 Antalya<\/strong><\/h2>\n<p>Caretta Caretta kaplumba\u011falar\u0131n\u0131n yuvalama alan\u0131 olan \u00c7\u0131ral\u0131 sahiline 5 dakika mesafede bulunan <strong>Akdeniz Bah\u00e7esi K\u00fc\u00e7\u00fck Otel,<\/strong> y\u00f6re ta\u015flar\u0131ndan in\u015fa edilmi\u015f 6 tatil evi ile misafirlerine farkl\u0131 bir deneyim ya\u015fat\u0131yor. Ekolojik tar\u0131m y\u00f6ntemleri kullanarak yeti\u015ftirilen meyvelerin tamam\u0131 organik sertifikal\u0131 ve do\u011fal. Sessiz ve sakin tatil isteyenler i\u00e7in ideal bir se\u00e7im olan bu ekolojik k\u00f6y, sahile yak\u0131n olmas\u0131 nedeniyle denize girmek isteyenler i\u00e7in de olduk\u00e7a uygun.<\/p>\n<p style=\"text-align: center;\"><strong>Size \u00f6zel seyahat program\u0131 ve rezervasyon i\u00e7in:<\/strong><br \/>\n<a href=\"mailto:travel@julesverne.com.tr\"><strong>travel@julesverne.com.tr<\/strong><\/a><\/p>\n<p>&nbsp;<\/p>\n","protected":false},"excerpt":{"rendered":"<p>\u015eehir hayat\u0131n\u0131n kaosundan ka\u00e7\u0131p huzur bulmak i\u00e7in al\u0131\u015f\u0131lagelmi\u015f tatil anlay\u0131\u015f\u0131 yerine do\u011fan\u0131n kuca\u011f\u0131nda, topra\u011fa dokunarak, do\u011fal tatlarla sa\u011fl\u0131kl\u0131 beslenebilecekleri ekolojik tatil yerlerini se\u00e7en pek \u00e7ok seyahatsever, do\u011fa ile ba\u015f ba\u015fa olman\u0131n ayr\u0131cal\u0131\u011f\u0131n\u0131 ya\u015famay\u0131 tercih ediyor. &#8220;Ekolojiye dair bir \u015feyler \u00f6\u011frenmeliyim ama bu konuda neler yapabilirim&#8221; sorusu sizin de akl\u0131n\u0131z\u0131 zaman zamanda olsa me\u015fgul ediyorsa art\u0131k [&hellip;]<\/p>\n","protected":false},"author":10,"featured_media":10818,"comment_status":"closed","ping_status":"closed","sticky":false,"template":"","format":"standard","meta":{"inline_featured_image":false,"footnotes":""},"categories":[1,40,39],"tags":[187,137,188],"acf":[],"yoast_head":"<!-- This site is optimized with the Yoast SEO plugin v22.3 - https:\/\/yoast.com\/wordpress\/plugins\/seo\/ -->\n<title>T\u00fcrkiye\u2019nin En G\u00fczel Ekolojik Otelleri &amp; \u00c7iftlikleri - JULES VERNE BUSINESS MICE TRAVEL<\/title>\n<meta name=\"description\" content=\"\u015eehir hayat\u0131n\u0131n kaosundan ka\u00e7\u0131p huzur bulmak i\u00e7in al\u0131\u015f\u0131lagelmi\u015f tatil anlay\u0131\u015f\u0131 yerine do\u011fan\u0131n kuca\u011f\u0131nda, topra\u011fa dokunarak, do\u011fal tatlarla sa\u011fl\u0131kl\u0131 beslenebilecekleri ekolojik tatil yerlerini se\u00e7en pek \u00e7ok seyahatsever, do\u011fa ile ba\u015fba\u015fa olman\u0131n ayr\u0131cal\u0131\u011f\u0131n\u0131 ya\u015famay\u0131 tercih ediyor. &quot;Ekolojiye dair bir \u015feyler \u00f6\u011frenmeliyim ama bu konuda neler yapabilirim&quot; sorusu sizin de akl\u0131n\u0131z\u0131 zaman zamanda olsa me\u015fgul ediyorsa art\u0131k do\u011faya kar\u0131\u015fmak i\u00e7in birbirinden yenilik\u00e7i alternatifler mevcut. Bozcaada\u2019ya, G\u00f6cek\u2019ten Uluda\u011f ve Kazda\u011flar\u0131\u2019na, Sakarya\u2019dan Kapadokya ve Antalya\u2019ya kadar uzanan birbirinden g\u00fczel ekolojik \u00e7iftliklerde konaklayarak, do\u011fan\u0131n i\u00e7inde keyifle vakit ge\u00e7irebilirsiniz. \u00a0\" \/>\n<meta name=\"robots\" content=\"index, follow, max-snippet:-1, max-image-preview:large, max-video-preview:-1\" \/>\n<link rel=\"canonical\" href=\"https:\/\/julesverne.com.tr\/travel-blog\/turkiyenin-en-guzel-ekolojik-otelleri-ciftlikleri\/\" \/>\n<meta property=\"og:locale\" content=\"en_US\" \/>\n<meta property=\"og:type\" content=\"article\" \/>\n<meta property=\"og:title\" content=\"T\u00fcrkiye\u2019nin En G\u00fczel Ekolojik Otelleri &amp; \u00c7iftlikleri - JULES VERNE BUSINESS MICE TRAVEL\" \/>\n<meta property=\"og:description\" content=\"\u015eehir hayat\u0131n\u0131n kaosundan ka\u00e7\u0131p huzur bulmak i\u00e7in al\u0131\u015f\u0131lagelmi\u015f tatil anlay\u0131\u015f\u0131 yerine do\u011fan\u0131n kuca\u011f\u0131nda, topra\u011fa dokunarak, do\u011fal tatlarla sa\u011fl\u0131kl\u0131 beslenebilecekleri ekolojik tatil yerlerini se\u00e7en pek \u00e7ok seyahatsever, do\u011fa ile ba\u015fba\u015fa olman\u0131n ayr\u0131cal\u0131\u011f\u0131n\u0131 ya\u015famay\u0131 tercih ediyor. &quot;Ekolojiye dair bir \u015feyler \u00f6\u011frenmeliyim ama bu konuda neler yapabilirim&quot; sorusu sizin de akl\u0131n\u0131z\u0131 zaman zamanda olsa me\u015fgul ediyorsa art\u0131k do\u011faya kar\u0131\u015fmak i\u00e7in birbirinden yenilik\u00e7i alternatifler mevcut. Bozcaada\u2019ya, G\u00f6cek\u2019ten Uluda\u011f ve Kazda\u011flar\u0131\u2019na, Sakarya\u2019dan Kapadokya ve Antalya\u2019ya kadar uzanan birbirinden g\u00fczel ekolojik \u00e7iftliklerde konaklayarak, do\u011fan\u0131n i\u00e7inde keyifle vakit ge\u00e7irebilirsiniz. \u00a0\" \/>\n<meta property=\"og:url\" content=\"https:\/\/julesverne.com.tr\/travel-blog\/turkiyenin-en-guzel-ekolojik-otelleri-ciftlikleri\/\" \/>\n<meta property=\"og:site_name\" content=\"JULES VERNE BUSINESS MICE TRAVEL\" \/>\n<meta property=\"article:publisher\" content=\"https:\/\/www.facebook.com\/JulesVerneBusinessMiceTravel\/\" \/>\n<meta property=\"article:published_time\" content=\"2023-05-25T13:29:46+00:00\" \/>\n<meta property=\"article:modified_time\" content=\"2023-05-26T07:59:52+00:00\" \/>\n<meta property=\"og:image\" content=\"https:\/\/julesverne.com.tr\/wp-content\/uploads\/2021\/10\/narkoy-gurme.jpg\" \/>\n\t<meta property=\"og:image:width\" content=\"973\" \/>\n\t<meta property=\"og:image:height\" content=\"750\" \/>\n\t<meta property=\"og:image:type\" content=\"image\/jpeg\" \/>\n<meta name=\"author\" content=\"Ebru Alt\u0131n\" \/>\n<meta name=\"twitter:card\" content=\"summary_large_image\" \/>\n<meta name=\"twitter:creator\" content=\"@JV_BusinessMice\" \/>\n<meta name=\"twitter:site\" content=\"@JV_BusinessMice\" \/>\n<meta name=\"twitter:label1\" content=\"Written by\" \/>\n\t<meta name=\"twitter:data1\" content=\"Ebru Alt\u0131n\" \/>\n\t<meta name=\"twitter:label2\" content=\"Est. reading time\" \/>\n\t<meta name=\"twitter:data2\" content=\"8 minutes\" \/>\n<script type=\"application\/ld+json\" class=\"yoast-schema-graph\">{\"@context\":\"https:\/\/schema.org\",\"@graph\":[{\"@type\":\"Article\",\"@id\":\"https:\/\/julesverne.com.tr\/travel-blog\/turkiyenin-en-guzel-ekolojik-otelleri-ciftlikleri\/#article\",\"isPartOf\":{\"@id\":\"https:\/\/julesverne.com.tr\/travel-blog\/turkiyenin-en-guzel-ekolojik-otelleri-ciftlikleri\/\"},\"author\":{\"name\":\"Ebru Alt\u0131n\",\"@id\":\"https:\/\/julesverne.com.tr\/#\/schema\/person\/219931edfe2e7d9cbbcbabb8a7e4c7f4\"},\"headline\":\"T\u00fcrkiye\u2019nin En G\u00fczel Ekolojik Otelleri &#038; \u00c7iftlikleri\",\"datePublished\":\"2023-05-25T13:29:46+00:00\",\"dateModified\":\"2023-05-26T07:59:52+00:00\",\"mainEntityOfPage\":{\"@id\":\"https:\/\/julesverne.com.tr\/travel-blog\/turkiyenin-en-guzel-ekolojik-otelleri-ciftlikleri\/\"},\"wordCount\":1642,\"publisher\":{\"@id\":\"https:\/\/julesverne.com.tr\/#organization\"},\"image\":{\"@id\":\"https:\/\/julesverne.com.tr\/travel-blog\/turkiyenin-en-guzel-ekolojik-otelleri-ciftlikleri\/#primaryimage\"},\"thumbnailUrl\":\"https:\/\/julesverne.com.tr\/wp-content\/uploads\/2021\/10\/narkoy-gurme.jpg\",\"keywords\":[\"Alternatif Tatil Rotas\u0131\",\"Blog\",\"T\u00fcrkiye'nin Ekolojik Otelleri\"],\"articleSection\":[\"Blog\",\"Nerede Kalsak?\",\"Nereye Gitsek?\"],\"inLanguage\":\"en-US\"},{\"@type\":\"WebPage\",\"@id\":\"https:\/\/julesverne.com.tr\/travel-blog\/turkiyenin-en-guzel-ekolojik-otelleri-ciftlikleri\/\",\"url\":\"https:\/\/julesverne.com.tr\/travel-blog\/turkiyenin-en-guzel-ekolojik-otelleri-ciftlikleri\/\",\"name\":\"T\u00fcrkiye\u2019nin En G\u00fczel Ekolojik Otelleri & \u00c7iftlikleri - JULES VERNE BUSINESS MICE TRAVEL\",\"isPartOf\":{\"@id\":\"https:\/\/julesverne.com.tr\/#website\"},\"primaryImageOfPage\":{\"@id\":\"https:\/\/julesverne.com.tr\/travel-blog\/turkiyenin-en-guzel-ekolojik-otelleri-ciftlikleri\/#primaryimage\"},\"image\":{\"@id\":\"https:\/\/julesverne.com.tr\/travel-blog\/turkiyenin-en-guzel-ekolojik-otelleri-ciftlikleri\/#primaryimage\"},\"thumbnailUrl\":\"https:\/\/julesverne.com.tr\/wp-content\/uploads\/2021\/10\/narkoy-gurme.jpg\",\"datePublished\":\"2023-05-25T13:29:46+00:00\",\"dateModified\":\"2023-05-26T07:59:52+00:00\",\"description\":\"\u015eehir hayat\u0131n\u0131n kaosundan ka\u00e7\u0131p huzur bulmak i\u00e7in al\u0131\u015f\u0131lagelmi\u015f tatil anlay\u0131\u015f\u0131 yerine do\u011fan\u0131n kuca\u011f\u0131nda, topra\u011fa dokunarak, do\u011fal tatlarla sa\u011fl\u0131kl\u0131 beslenebilecekleri ekolojik tatil yerlerini se\u00e7en pek \u00e7ok seyahatsever, do\u011fa ile ba\u015fba\u015fa olman\u0131n ayr\u0131cal\u0131\u011f\u0131n\u0131 ya\u015famay\u0131 tercih ediyor. \\\"Ekolojiye dair bir \u015feyler \u00f6\u011frenmeliyim ama bu konuda neler yapabilirim\\\" sorusu sizin de akl\u0131n\u0131z\u0131 zaman zamanda olsa me\u015fgul ediyorsa art\u0131k do\u011faya kar\u0131\u015fmak i\u00e7in birbirinden yenilik\u00e7i alternatifler mevcut. Bozcaada\u2019ya, G\u00f6cek\u2019ten Uluda\u011f ve Kazda\u011flar\u0131\u2019na, Sakarya\u2019dan Kapadokya ve Antalya\u2019ya kadar uzanan birbirinden g\u00fczel ekolojik \u00e7iftliklerde konaklayarak, do\u011fan\u0131n i\u00e7inde keyifle vakit ge\u00e7irebilirsiniz. \u00a0\",\"breadcrumb\":{\"@id\":\"https:\/\/julesverne.com.tr\/travel-blog\/turkiyenin-en-guzel-ekolojik-otelleri-ciftlikleri\/#breadcrumb\"},\"inLanguage\":\"en-US\",\"potentialAction\":[{\"@type\":\"ReadAction\",\"target\":[\"https:\/\/julesverne.com.tr\/travel-blog\/turkiyenin-en-guzel-ekolojik-otelleri-ciftlikleri\/\"]}]},{\"@type\":\"ImageObject\",\"inLanguage\":\"en-US\",\"@id\":\"https:\/\/julesverne.com.tr\/travel-blog\/turkiyenin-en-guzel-ekolojik-otelleri-ciftlikleri\/#primaryimage\",\"url\":\"https:\/\/julesverne.com.tr\/wp-content\/uploads\/2021\/10\/narkoy-gurme.jpg\",\"contentUrl\":\"https:\/\/julesverne.com.tr\/wp-content\/uploads\/2021\/10\/narkoy-gurme.jpg\",\"width\":973,\"height\":750},{\"@type\":\"BreadcrumbList\",\"@id\":\"https:\/\/julesverne.com.tr\/travel-blog\/turkiyenin-en-guzel-ekolojik-otelleri-ciftlikleri\/#breadcrumb\",\"itemListElement\":[{\"@type\":\"ListItem\",\"position\":1,\"name\":\"Anasayfa\",\"item\":\"https:\/\/julesverne.com.tr\/\"},{\"@type\":\"ListItem\",\"position\":2,\"name\":\"T\u00fcrkiye\u2019nin En G\u00fczel Ekolojik Otelleri &#038; \u00c7iftlikleri\"}]},{\"@type\":\"WebSite\",\"@id\":\"https:\/\/julesverne.com.tr\/#website\",\"url\":\"https:\/\/julesverne.com.tr\/\",\"name\":\"JULES VERNE BUSINESS MICE TRAVEL\",\"description\":\"\",\"publisher\":{\"@id\":\"https:\/\/julesverne.com.tr\/#organization\"},\"potentialAction\":[{\"@type\":\"SearchAction\",\"target\":{\"@type\":\"EntryPoint\",\"urlTemplate\":\"https:\/\/julesverne.com.tr\/?s={search_term_string}\"},\"query-input\":\"required name=search_term_string\"}],\"inLanguage\":\"en-US\"},{\"@type\":\"Organization\",\"@id\":\"https:\/\/julesverne.com.tr\/#organization\",\"name\":\"JULES VERNE BUSINESS MICE TRAVEL\",\"url\":\"https:\/\/julesverne.com.tr\/\",\"logo\":{\"@type\":\"ImageObject\",\"inLanguage\":\"en-US\",\"@id\":\"https:\/\/julesverne.com.tr\/#\/schema\/logo\/image\/\",\"url\":\"https:\/\/julesverne.com.tr\/wp-content\/uploads\/2020\/09\/jv-bmt-logo.png\",\"contentUrl\":\"https:\/\/julesverne.com.tr\/wp-content\/uploads\/2020\/09\/jv-bmt-logo.png\",\"width\":110,\"height\":81,\"caption\":\"JULES VERNE BUSINESS MICE TRAVEL\"},\"image\":{\"@id\":\"https:\/\/julesverne.com.tr\/#\/schema\/logo\/image\/\"},\"sameAs\":[\"https:\/\/www.facebook.com\/JulesVerneBusinessMiceTravel\/\",\"https:\/\/twitter.com\/JV_BusinessMice\",\"https:\/\/www.instagram.com\/julesvernebusinessmicetravel\/\",\"https:\/\/www.linkedin.com\/company\/julesvernebusinessmicetravel\/\",\"https:\/\/www.youtube.com\/channel\/UCAwdsmbZ6tFhu1tea6pkpiw\"]},{\"@type\":\"Person\",\"@id\":\"https:\/\/julesverne.com.tr\/#\/schema\/person\/219931edfe2e7d9cbbcbabb8a7e4c7f4\",\"name\":\"Ebru Alt\u0131n\",\"url\":\"https:\/\/julesverne.com.tr\/en\/author\/ebru-altin\/\"}]}<\/script>\n<!-- \/ Yoast SEO plugin. -->","yoast_head_json":{"title":"T\u00fcrkiye\u2019nin En G\u00fczel Ekolojik Otelleri & \u00c7iftlikleri - JULES VERNE BUSINESS MICE TRAVEL","description":"\u015eehir hayat\u0131n\u0131n kaosundan ka\u00e7\u0131p huzur bulmak i\u00e7in al\u0131\u015f\u0131lagelmi\u015f tatil anlay\u0131\u015f\u0131 yerine do\u011fan\u0131n kuca\u011f\u0131nda, topra\u011fa dokunarak, do\u011fal tatlarla sa\u011fl\u0131kl\u0131 beslenebilecekleri ekolojik tatil yerlerini se\u00e7en pek \u00e7ok seyahatsever, do\u011fa ile ba\u015fba\u015fa olman\u0131n ayr\u0131cal\u0131\u011f\u0131n\u0131 ya\u015famay\u0131 tercih ediyor. \"Ekolojiye dair bir \u015feyler \u00f6\u011frenmeliyim ama bu konuda neler yapabilirim\" sorusu sizin de akl\u0131n\u0131z\u0131 zaman zamanda olsa me\u015fgul ediyorsa art\u0131k do\u011faya kar\u0131\u015fmak i\u00e7in birbirinden yenilik\u00e7i alternatifler mevcut. Bozcaada\u2019ya, G\u00f6cek\u2019ten Uluda\u011f ve Kazda\u011flar\u0131\u2019na, Sakarya\u2019dan Kapadokya ve Antalya\u2019ya kadar uzanan birbirinden g\u00fczel ekolojik \u00e7iftliklerde konaklayarak, do\u011fan\u0131n i\u00e7inde keyifle vakit ge\u00e7irebilirsiniz. \u00a0","robots":{"index":"index","follow":"follow","max-snippet":"max-snippet:-1","max-image-preview":"max-image-preview:large","max-video-preview":"max-video-preview:-1"},"canonical":"https:\/\/julesverne.com.tr\/travel-blog\/turkiyenin-en-guzel-ekolojik-otelleri-ciftlikleri\/","og_locale":"en_US","og_type":"article","og_title":"T\u00fcrkiye\u2019nin En G\u00fczel Ekolojik Otelleri & \u00c7iftlikleri - JULES VERNE BUSINESS MICE TRAVEL","og_description":"\u015eehir hayat\u0131n\u0131n kaosundan ka\u00e7\u0131p huzur bulmak i\u00e7in al\u0131\u015f\u0131lagelmi\u015f tatil anlay\u0131\u015f\u0131 yerine do\u011fan\u0131n kuca\u011f\u0131nda, topra\u011fa dokunarak, do\u011fal tatlarla sa\u011fl\u0131kl\u0131 beslenebilecekleri ekolojik tatil yerlerini se\u00e7en pek \u00e7ok seyahatsever, do\u011fa ile ba\u015fba\u015fa olman\u0131n ayr\u0131cal\u0131\u011f\u0131n\u0131 ya\u015famay\u0131 tercih ediyor. \"Ekolojiye dair bir \u015feyler \u00f6\u011frenmeliyim ama bu konuda neler yapabilirim\" sorusu sizin de akl\u0131n\u0131z\u0131 zaman zamanda olsa me\u015fgul ediyorsa art\u0131k do\u011faya kar\u0131\u015fmak i\u00e7in birbirinden yenilik\u00e7i alternatifler mevcut. Bozcaada\u2019ya, G\u00f6cek\u2019ten Uluda\u011f ve Kazda\u011flar\u0131\u2019na, Sakarya\u2019dan Kapadokya ve Antalya\u2019ya kadar uzanan birbirinden g\u00fczel ekolojik \u00e7iftliklerde konaklayarak, do\u011fan\u0131n i\u00e7inde keyifle vakit ge\u00e7irebilirsiniz. \u00a0","og_url":"https:\/\/julesverne.com.tr\/travel-blog\/turkiyenin-en-guzel-ekolojik-otelleri-ciftlikleri\/","og_site_name":"JULES VERNE BUSINESS MICE TRAVEL","article_publisher":"https:\/\/www.facebook.com\/JulesVerneBusinessMiceTravel\/","article_published_time":"2023-05-25T13:29:46+00:00","article_modified_time":"2023-05-26T07:59:52+00:00","og_image":[{"width":973,"height":750,"url":"https:\/\/julesverne.com.tr\/wp-content\/uploads\/2021\/10\/narkoy-gurme.jpg","type":"image\/jpeg"}],"author":"Ebru Alt\u0131n","twitter_card":"summary_large_image","twitter_creator":"@JV_BusinessMice","twitter_site":"@JV_BusinessMice","twitter_misc":{"Written by":"Ebru Alt\u0131n","Est. reading time":"8 minutes"},"schema":{"@context":"https:\/\/schema.org","@graph":[{"@type":"Article","@id":"https:\/\/julesverne.com.tr\/travel-blog\/turkiyenin-en-guzel-ekolojik-otelleri-ciftlikleri\/#article","isPartOf":{"@id":"https:\/\/julesverne.com.tr\/travel-blog\/turkiyenin-en-guzel-ekolojik-otelleri-ciftlikleri\/"},"author":{"name":"Ebru Alt\u0131n","@id":"https:\/\/julesverne.com.tr\/#\/schema\/person\/219931edfe2e7d9cbbcbabb8a7e4c7f4"},"headline":"T\u00fcrkiye\u2019nin En G\u00fczel Ekolojik Otelleri &#038; \u00c7iftlikleri","datePublished":"2023-05-25T13:29:46+00:00","dateModified":"2023-05-26T07:59:52+00:00","mainEntityOfPage":{"@id":"https:\/\/julesverne.com.tr\/travel-blog\/turkiyenin-en-guzel-ekolojik-otelleri-ciftlikleri\/"},"wordCount":1642,"publisher":{"@id":"https:\/\/julesverne.com.tr\/#organization"},"image":{"@id":"https:\/\/julesverne.com.tr\/travel-blog\/turkiyenin-en-guzel-ekolojik-otelleri-ciftlikleri\/#primaryimage"},"thumbnailUrl":"https:\/\/julesverne.com.tr\/wp-content\/uploads\/2021\/10\/narkoy-gurme.jpg","keywords":["Alternatif Tatil Rotas\u0131","Blog","T\u00fcrkiye'nin Ekolojik Otelleri"],"articleSection":["Blog","Nerede Kalsak?","Nereye Gitsek?"],"inLanguage":"en-US"},{"@type":"WebPage","@id":"https:\/\/julesverne.com.tr\/travel-blog\/turkiyenin-en-guzel-ekolojik-otelleri-ciftlikleri\/","url":"https:\/\/julesverne.com.tr\/travel-blog\/turkiyenin-en-guzel-ekolojik-otelleri-ciftlikleri\/","name":"T\u00fcrkiye\u2019nin En G\u00fczel Ekolojik Otelleri & \u00c7iftlikleri - JULES VERNE BUSINESS MICE TRAVEL","isPartOf":{"@id":"https:\/\/julesverne.com.tr\/#website"},"primaryImageOfPage":{"@id":"https:\/\/julesverne.com.tr\/travel-blog\/turkiyenin-en-guzel-ekolojik-otelleri-ciftlikleri\/#primaryimage"},"image":{"@id":"https:\/\/julesverne.com.tr\/travel-blog\/turkiyenin-en-guzel-ekolojik-otelleri-ciftlikleri\/#primaryimage"},"thumbnailUrl":"https:\/\/julesverne.com.tr\/wp-content\/uploads\/2021\/10\/narkoy-gurme.jpg","datePublished":"2023-05-25T13:29:46+00:00","dateModified":"2023-05-26T07:59:52+00:00","description":"\u015eehir hayat\u0131n\u0131n kaosundan ka\u00e7\u0131p huzur bulmak i\u00e7in al\u0131\u015f\u0131lagelmi\u015f tatil anlay\u0131\u015f\u0131 yerine do\u011fan\u0131n kuca\u011f\u0131nda, topra\u011fa dokunarak, do\u011fal tatlarla sa\u011fl\u0131kl\u0131 beslenebilecekleri ekolojik tatil yerlerini se\u00e7en pek \u00e7ok seyahatsever, do\u011fa ile ba\u015fba\u015fa olman\u0131n ayr\u0131cal\u0131\u011f\u0131n\u0131 ya\u015famay\u0131 tercih ediyor. \"Ekolojiye dair bir \u015feyler \u00f6\u011frenmeliyim ama bu konuda neler yapabilirim\" sorusu sizin de akl\u0131n\u0131z\u0131 zaman zamanda olsa me\u015fgul ediyorsa art\u0131k do\u011faya kar\u0131\u015fmak i\u00e7in birbirinden yenilik\u00e7i alternatifler mevcut. Bozcaada\u2019ya, G\u00f6cek\u2019ten Uluda\u011f ve Kazda\u011flar\u0131\u2019na, Sakarya\u2019dan Kapadokya ve Antalya\u2019ya kadar uzanan birbirinden g\u00fczel ekolojik \u00e7iftliklerde konaklayarak, do\u011fan\u0131n i\u00e7inde keyifle vakit ge\u00e7irebilirsiniz. \u00a0","breadcrumb":{"@id":"https:\/\/julesverne.com.tr\/travel-blog\/turkiyenin-en-guzel-ekolojik-otelleri-ciftlikleri\/#breadcrumb"},"inLanguage":"en-US","potentialAction":[{"@type":"ReadAction","target":["https:\/\/julesverne.com.tr\/travel-blog\/turkiyenin-en-guzel-ekolojik-otelleri-ciftlikleri\/"]}]},{"@type":"ImageObject","inLanguage":"en-US","@id":"https:\/\/julesverne.com.tr\/travel-blog\/turkiyenin-en-guzel-ekolojik-otelleri-ciftlikleri\/#primaryimage","url":"https:\/\/julesverne.com.tr\/wp-content\/uploads\/2021\/10\/narkoy-gurme.jpg","contentUrl":"https:\/\/julesverne.com.tr\/wp-content\/uploads\/2021\/10\/narkoy-gurme.jpg","width":973,"height":750},{"@type":"BreadcrumbList","@id":"https:\/\/julesverne.com.tr\/travel-blog\/turkiyenin-en-guzel-ekolojik-otelleri-ciftlikleri\/#breadcrumb","itemListElement":[{"@type":"ListItem","position":1,"name":"Anasayfa","item":"https:\/\/julesverne.com.tr\/"},{"@type":"ListItem","position":2,"name":"T\u00fcrkiye\u2019nin En G\u00fczel Ekolojik Otelleri &#038; \u00c7iftlikleri"}]},{"@type":"WebSite","@id":"https:\/\/julesverne.com.tr\/#website","url":"https:\/\/julesverne.com.tr\/","name":"JULES VERNE BUSINESS MICE TRAVEL","description":"","publisher":{"@id":"https:\/\/julesverne.com.tr\/#organization"},"potentialAction":[{"@type":"SearchAction","target":{"@type":"EntryPoint","urlTemplate":"https:\/\/julesverne.com.tr\/?s={search_term_string}"},"query-input":"required name=search_term_string"}],"inLanguage":"en-US"},{"@type":"Organization","@id":"https:\/\/julesverne.com.tr\/#organization","name":"JULES VERNE BUSINESS MICE TRAVEL","url":"https:\/\/julesverne.com.tr\/","logo":{"@type":"ImageObject","inLanguage":"en-US","@id":"https:\/\/julesverne.com.tr\/#\/schema\/logo\/image\/","url":"https:\/\/julesverne.com.tr\/wp-content\/uploads\/2020\/09\/jv-bmt-logo.png","contentUrl":"https:\/\/julesverne.com.tr\/wp-content\/uploads\/2020\/09\/jv-bmt-logo.png","width":110,"height":81,"caption":"JULES VERNE BUSINESS MICE TRAVEL"},"image":{"@id":"https:\/\/julesverne.com.tr\/#\/schema\/logo\/image\/"},"sameAs":["https:\/\/www.facebook.com\/JulesVerneBusinessMiceTravel\/","https:\/\/twitter.com\/JV_BusinessMice","https:\/\/www.instagram.com\/julesvernebusinessmicetravel\/","https:\/\/www.linkedin.com\/company\/julesvernebusinessmicetravel\/","https:\/\/www.youtube.com\/channel\/UCAwdsmbZ6tFhu1tea6pkpiw"]},{"@type":"Person","@id":"https:\/\/julesverne.com.tr\/#\/schema\/person\/219931edfe2e7d9cbbcbabb8a7e4c7f4","name":"Ebru Alt\u0131n","url":"https:\/\/julesverne.com.tr\/en\/author\/ebru-altin\/"}]}},"_links":{"self":[{"href":"https:\/\/julesverne.com.tr\/en\/wp-json\/wp\/v2\/posts\/10769"}],"collection":[{"href":"https:\/\/julesverne.com.tr\/en\/wp-json\/wp\/v2\/posts"}],"about":[{"href":"https:\/\/julesverne.com.tr\/en\/wp-json\/wp\/v2\/types\/post"}],"author":[{"embeddable":true,"href":"https:\/\/julesverne.com.tr\/en\/wp-json\/wp\/v2\/users\/10"}],"replies":[{"embeddable":true,"href":"https:\/\/julesverne.com.tr\/en\/wp-json\/wp\/v2\/comments?post=10769"}],"version-history":[{"count":1,"href":"https:\/\/julesverne.com.tr\/en\/wp-json\/wp\/v2\/posts\/10769\/revisions"}],"predecessor-version":[{"id":15252,"href":"https:\/\/julesverne.com.tr\/en\/wp-json\/wp\/v2\/posts\/10769\/revisions\/15252"}],"wp:featuredmedia":[{"embeddable":true,"href":"https:\/\/julesverne.com.tr\/en\/wp-json\/wp\/v2\/media\/10818"}],"wp:attachment":[{"href":"https:\/\/julesverne.com.tr\/en\/wp-json\/wp\/v2\/media?parent=10769"}],"wp:term":[{"taxonomy":"category","embeddable":true,"href":"https:\/\/julesverne.com.tr\/en\/wp-json\/wp\/v2\/categories?post=10769"},{"taxonomy":"post_tag","embeddable":true,"href":"https:\/\/julesverne.com.tr\/en\/wp-json\/wp\/v2\/tags?post=10769"}],"curies":[{"name":"wp","href":"https:\/\/api.w.org\/{rel}","templated":true}]}}