{"id":10730,"date":"2024-01-30T12:09:01","date_gmt":"2024-01-30T09:09:01","guid":{"rendered":"https:\/\/julesverne.com.tr\/?p=10730"},"modified":"2024-07-06T08:25:39","modified_gmt":"2024-07-06T05:25:39","slug":"turkiyenin-bilinmeyen-en-guzel-koyleri","status":"publish","type":"post","link":"https:\/\/julesverne.com.tr\/en\/travel-blog\/turkiyenin-bilinmeyen-en-guzel-koyleri\/","title":{"rendered":"T\u00fcrkiye\u2019nin Hen\u00fcz Ke\u015ffedilmemi\u015f, Mutlaka G\u00f6r\u00fclmesi Gereken En G\u00fczel K\u00f6yleri"},"content":{"rendered":"<p><img loading=\"lazy\" decoding=\"async\" class=\"alignnone wp-image-10746\" src=\"https:\/\/julesverne.com.tr\/wp-content\/uploads\/2021\/10\/yesilyurt_shutterstock_1385818079-500x334.jpg\" alt=\"\" width=\"1200\" height=\"800\" srcset=\"https:\/\/julesverne.com.tr\/wp-content\/uploads\/2021\/10\/yesilyurt_shutterstock_1385818079-500x334.jpg 500w, https:\/\/julesverne.com.tr\/wp-content\/uploads\/2021\/10\/yesilyurt_shutterstock_1385818079-768x512.jpg 768w, https:\/\/julesverne.com.tr\/wp-content\/uploads\/2021\/10\/yesilyurt_shutterstock_1385818079.jpg 1000w\" sizes=\"(max-width: 1200px) 100vw, 1200px\" \/><\/p>\n<p>Kuzeyinden g\u00fcneyine, do\u011fusundan bat\u0131s\u0131na onlarca zenginlik bar\u0131nd\u0131ran bir \u00fclkede ya\u015famak demek, ke\u015ffedecek g\u00fczelliklerin t\u00fckenmemesi anlam\u0131na geliyor. Kalabal\u0131k ve hareketli b\u00fcy\u00fck \u015fehirleri arkam\u0131zda b\u0131rak\u0131p do\u011fas\u0131, sakinli\u011fi, mimarileri, tarihi ve hik\u00e2yeleriyle ilgi uyand\u0131ran T\u00fcrkiye\u2019nin sakl\u0131 kalan k\u00f6ylerini ke\u015ffetmeye ne dersiniz?<\/p>\n<p><strong>T\u00fcrkiye\u2019nin yedi b\u00f6lgesinden, hen\u00fcz ke\u015ffedilmemi\u015f ama mutlaka g\u00f6r\u00fclmesi gereken en g\u00fczel k\u00f6yleri sizler i\u00e7in yazd\u0131k.<\/strong><\/p>\n<h1>MARMARA<\/h1>\n<p><img loading=\"lazy\" decoding=\"async\" class=\"alignnone wp-image-8626\" src=\"https:\/\/julesverne.com.tr\/wp-content\/uploads\/2020\/04\/Cumalikizik_Bursa_shutterstock_1561977634-500x334.jpg\" alt=\"\" width=\"1200\" height=\"800\" srcset=\"https:\/\/julesverne.com.tr\/wp-content\/uploads\/2020\/04\/Cumalikizik_Bursa_shutterstock_1561977634-500x334.jpg 500w, https:\/\/julesverne.com.tr\/wp-content\/uploads\/2020\/04\/Cumalikizik_Bursa_shutterstock_1561977634-768x512.jpg 768w, https:\/\/julesverne.com.tr\/wp-content\/uploads\/2020\/04\/Cumalikizik_Bursa_shutterstock_1561977634.jpg 1000w\" sizes=\"(max-width: 1200px) 100vw, 1200px\" \/><\/p>\n<h2>Cumal\u0131k\u0131z\u0131k \u2013 Bursa<\/h2>\n<p>Osmanl\u0131 D\u00f6nemi&#8217;nin ya\u015fam \u015feklinin anla\u015f\u0131lmas\u0131na \u0131\u015f\u0131k tutan Cumal\u0131k\u0131z\u0131k UNESCO D\u00fcnya Miras\u0131 Listesi&#8217;ndeki k\u00fclt\u00fcrel bir miraslar\u0131m\u0131zdan biri! Uluda\u011f\u2019\u0131n g\u00fcney eteklerinde kurulan, Osmanl\u0131 k\u0131rsal mimarisinin en g\u00fczel \u00f6rneklerinden biri olan, 700 y\u0131ll\u0131k bir ge\u00e7mi\u015fe sahip Cumal\u0131k\u0131z\u0131k kesinlikle g\u00f6r\u00fclmeye de\u011fer! O\u011fuz T\u00fcrkleri\u2019nin 24 boyundan biri olan K\u0131z\u0131k Beyleri taraf\u0131ndan kurulan Cumal\u0131k\u0131z\u0131k K\u00f6y\u00fc\u2019n\u00fcn tarihi 14. y\u00fczy\u0131la uzan\u0131yor. Geleneksel Osmanl\u0131 mimarisi ve sivil mimarinin \u00f6zg\u00fcn \u00f6rneklerini bar\u0131nd\u0131ran Cumal\u0131k\u0131z\u0131k, Osmanl\u0131&#8217;n\u0131n ilk ba\u015fkenti Bursa&#8217;n\u0131n \u00f6nc\u00fc g\u00fc\u00e7lerinden biriydi. Bunu, Hanlar B\u00f6lgesi&#8217;ndeki yap\u0131lar\u0131 gezerken daha iyi anl\u0131yorsunuz. K\u00f6y\u00fcn ah\u015fap ve kerpi\u00e7ten in\u015fa edilen renkli evleri, dar sokaklar\u0131 zaman t\u00fcnelinde gibi hissettiriyor.<\/p>\n<p><img loading=\"lazy\" decoding=\"async\" class=\"alignnone wp-image-9742\" src=\"https:\/\/julesverne.com.tr\/wp-content\/uploads\/2018\/08\/tirilye_haber_shutterstock_1642739596-500x334.jpg\" alt=\"\" width=\"1200\" height=\"800\" srcset=\"https:\/\/julesverne.com.tr\/wp-content\/uploads\/2018\/08\/tirilye_haber_shutterstock_1642739596-500x334.jpg 500w, https:\/\/julesverne.com.tr\/wp-content\/uploads\/2018\/08\/tirilye_haber_shutterstock_1642739596-768x512.jpg 768w, https:\/\/julesverne.com.tr\/wp-content\/uploads\/2018\/08\/tirilye_haber_shutterstock_1642739596.jpg 1000w\" sizes=\"(max-width: 1200px) 100vw, 1200px\" \/><\/p>\n<h2>Tirilye &#8211; Bursa<\/h2>\n<p>Bursa\u2019n\u0131n Mudanya il\u00e7esine ba\u011fl\u0131 eski bir Rum k\u00f6y\u00fc olan Tirilye, Ala\u00e7at\u0131\u2019n\u0131n hen\u00fcz turistikle\u015fmemi\u015f halini and\u0131r\u0131yor. Renove edilmemi\u015f, \u00f6z\u00fcn\u00fc koruyan Rum evleri; \u015firin lokantalar\u0131 ve hediye d\u00fckk\u00e2nlar\u0131 ile Tirilye \u0130stanbul\u2019a 1 saatlik bir feribot + 20 dakikal\u0131k karayolu mesafesinde.\u2060 Her ne kadar araya \u00e7arp\u0131k yap\u0131la\u015fmaya mahk\u00fbm baz\u0131 betonarme yap\u0131lar girse de 150-200 y\u0131ll\u0131k ah\u015fap ve ta\u015f evler kasaban\u0131n as\u0131l g\u00fczellikleri. Osmanl\u0131-Rum mimarisinin sentezi olan evlere bakarken bile tarihe yolculuk yapmak m\u00fcmk\u00fcn.\u2060 Tirilye manast\u0131rlar\u0131, kiliseleri ve ayazmalar\u0131yla dini olarak da \u00f6nem ta\u015f\u0131yor. Bunun yan\u0131 s\u0131ra kasaban\u0131n sembol binas\u0131 Ta\u015f Mektep, kasaban\u0131n kalbinin att\u0131\u011f\u0131 \u00c7\u0131nar Meydan\u0131 da g\u00f6r\u00fclmeli.<\/p>\n<p><img loading=\"lazy\" decoding=\"async\" class=\"alignnone wp-image-9799\" src=\"https:\/\/julesverne.com.tr\/wp-content\/uploads\/2021\/07\/golyazi_bursa_shutterstock_364775312-500x308.jpg\" alt=\"\" width=\"1200\" height=\"738\" srcset=\"https:\/\/julesverne.com.tr\/wp-content\/uploads\/2021\/07\/golyazi_bursa_shutterstock_364775312-500x308.jpg 500w, https:\/\/julesverne.com.tr\/wp-content\/uploads\/2021\/07\/golyazi_bursa_shutterstock_364775312-768x472.jpg 768w, https:\/\/julesverne.com.tr\/wp-content\/uploads\/2021\/07\/golyazi_bursa_shutterstock_364775312.jpg 1000w\" sizes=\"(max-width: 1200px) 100vw, 1200px\" \/><\/p>\n<h2>G\u00f6lyaz\u0131 &#8211; Bursa<\/h2>\n<p>Uluabat G\u00f6l\u00fc k\u0131y\u0131s\u0131nda yer alan, \u015firin bir bal\u0131k\u00e7\u0131 k\u00f6y\u00fc olan G\u00f6lyaz\u0131 \u00f6zelikle foto\u011fraf \u00e7ekmeyi sevenlerin u\u011frak yeri. Olduk\u00e7a ho\u015f kareler veren k\u00f6y\u00fcn g\u00f6renleri \u015fa\u015f\u0131rtan g\u00fczellikteki manzaras\u0131 ve Rum evleri G\u00f6lyaz\u0131\u2019ya gitmek i\u00e7in yeterli sebeplerden. Ayr\u0131ca g\u00fcler y\u00fczl\u00fc k\u00f6y hakl\u0131 ve enfes bal\u0131klar\u0131n\u0131 da ekleyebiliriz. Bir\u00e7ok bal\u0131k restoran\u0131yla kar\u015f\u0131la\u015faca\u011f\u0131n\u0131z k\u00f6yde mutlaka A\u011flayan \u00c7\u0131nar Restoran\u0131\u2019nda bir bal\u0131k molas\u0131 verin. Ayr\u0131ca, Ramsar taraf\u0131ndan koruma alt\u0131na al\u0131nm\u0131\u015f bir g\u00f6l olan Uluabat G\u00f6l\u00fc, g\u00f6\u00e7 yollar\u0131nda olmas\u0131ndan dolay\u0131 bir g\u00f6l\u00fcn sahip oldu\u011fu en fazla su ku\u015funa sahip olmas\u0131 ile dikkatleri \u00e7ekiyor.<\/p>\n<p><img loading=\"lazy\" decoding=\"async\" class=\"alignnone wp-image-10722\" src=\"https:\/\/julesverne.com.tr\/wp-content\/uploads\/2021\/10\/misi_bursa_shutterstock_1154238082-500x369.jpg\" alt=\"\" width=\"1200\" height=\"884\" srcset=\"https:\/\/julesverne.com.tr\/wp-content\/uploads\/2021\/10\/misi_bursa_shutterstock_1154238082-500x369.jpg 500w, https:\/\/julesverne.com.tr\/wp-content\/uploads\/2021\/10\/misi_bursa_shutterstock_1154238082-768x566.jpg 768w, https:\/\/julesverne.com.tr\/wp-content\/uploads\/2021\/10\/misi_bursa_shutterstock_1154238082.jpg 1000w\" sizes=\"(max-width: 1200px) 100vw, 1200px\" \/><\/p>\n<h2>Misi &#8211; Bursa<\/h2>\n<p>2000 y\u0131ll\u0131k tarihi ge\u00e7mi\u015fe sahip, T\u00fcrkiye\u2019nin en iyi korunan k\u00f6ylerinden biri Misi K\u00f6y\u00fc. G\u00fcn\u00fcm\u00fczde G\u00fcm\u00fc\u015ftepe Mahallesi ad\u0131yla Nil\u00fcfer \u0130l\u00e7esi\u2019ne ba\u011flanan Misi K\u00f6y\u00fc asma yapra\u011f\u0131, misket \u00fcz\u00fcm\u00fc, pekmezi ve \u015farab\u0131yla \u00fcnl\u00fc. Osmanl\u0131 mimarisini yans\u0131tan Misi, 1989 y\u0131l\u0131nda kentsel sit alan\u0131 ilan edilip koruma alt\u0131na al\u0131nm\u0131\u015f ve bug\u00fcne kadar t\u00fcm yap\u0131lar do\u011fall\u0131\u011f\u0131n\u0131 korumay\u0131 ba\u015farm\u0131\u015f. Meyve a\u011fa\u00e7lar\u0131, kavak a\u011fa\u00e7lar\u0131, \u00e7\u0131nar a\u011fa\u00e7lar\u0131 ve mahallenin i\u00e7inden ge\u00e7en Nil\u00fcfer \u00e7ay\u0131 ile de Misi k\u00f6y\u00fc kesinlikle g\u00f6r\u00fclmeye de\u011fer!<\/p>\n<h1>KARADEN\u0130Z<\/h1>\n<p><img loading=\"lazy\" decoding=\"async\" class=\"alignnone wp-image-10726\" src=\"https:\/\/julesverne.com.tr\/wp-content\/uploads\/2021\/10\/yoruk-koyu_karabuk_shutterstock_1770674255-500x334.jpg\" alt=\"\" width=\"1200\" height=\"800\" srcset=\"https:\/\/julesverne.com.tr\/wp-content\/uploads\/2021\/10\/yoruk-koyu_karabuk_shutterstock_1770674255-500x334.jpg 500w, https:\/\/julesverne.com.tr\/wp-content\/uploads\/2021\/10\/yoruk-koyu_karabuk_shutterstock_1770674255-768x512.jpg 768w, https:\/\/julesverne.com.tr\/wp-content\/uploads\/2021\/10\/yoruk-koyu_karabuk_shutterstock_1770674255.jpg 1000w\" sizes=\"(max-width: 1200px) 100vw, 1200px\" \/><\/p>\n<h2>Y\u00f6r\u00fck K\u00f6y\u00fc-Karab\u00fck<\/h2>\n<p>Safranbolu\u2019da bulunan, tarihi evleriyle bilinen k\u00fc\u00e7\u00fck bir k\u00f6y olan Y\u00f6r\u00fck K\u00f6y\u00fc, Osmanl\u0131 mimarisinin en iyi korundu\u011fu b\u00f6lgelerden biri. Safranbolu\u2019nun bir minyat\u00fcr\u00fc g\u00f6r\u00fcn\u00fcm\u00fcnde olan k\u00f6y, Karadeniz seyahatlerinin olmazsa olmaz duraklar\u0131ndan biri. Cumbal\u0131 evleri ve darac\u0131k sokaklar\u0131 ile i\u00e7inizi \u0131s\u0131tacak bir k\u00f6y olan Y\u00f6r\u00fck, 1997 y\u0131l\u0131nda S\u0130T alan\u0131 ilan edilmi\u015f ve g\u00fcn\u00fcm\u00fcze kadar \u00f6zenle korunmay\u0131 ba\u015farm\u0131\u015f.<\/p>\n<p><img loading=\"lazy\" decoding=\"async\" class=\"alignnone wp-image-2855\" src=\"https:\/\/julesverne.com.tr\/wp-content\/uploads\/2020\/09\/ceceva-500x391.jpg\" alt=\"\" width=\"1200\" height=\"937\" srcset=\"https:\/\/julesverne.com.tr\/wp-content\/uploads\/2020\/09\/ceceva-500x391.jpg 500w, https:\/\/julesverne.com.tr\/wp-content\/uploads\/2020\/09\/ceceva-768x600.jpg 768w, https:\/\/julesverne.com.tr\/wp-content\/uploads\/2020\/09\/ceceva.jpg 854w\" sizes=\"(max-width: 1200px) 100vw, 1200px\" \/><\/p>\n<h2>Haremtepe (\u00c7e\u00e7eva) K\u00f6y\u00fc, \u00c7ayeli \u2013 Rize<\/h2>\n<p>Haremtepe veya di\u011fer ad\u0131yla \u00c7e\u00e7eva, Rize\u2019nin \u00c7ayeli il\u00e7esine ba\u011fl\u0131 dik bir yamaca kurulmu\u015f yakla\u015f\u0131k 20 haneli b\u00fcy\u00fcleyici bir k\u00f6y. Kenan ve Fatma \u00c7ift\u00e7i\u2019nin b\u00fcy\u00fck bir sevgi ve \u00f6zveriyle hayat verdikleri \u00e7ay tarlalar\u0131 bug\u00fcn seyretmeye doyamad\u0131\u011f\u0131m\u0131z bir yere d\u00f6n\u00fc\u015fm\u00fc\u015f. Bu Karadenizli \u00e7iftin b\u00fcy\u00fck emeklerle, belirli bir d\u00fczende ektikleri \u00e7ay tarlalar\u0131 daha sonra ke\u015ffedilerek hem gezginlerin u\u011frak noktas\u0131 olmu\u015f hem de reklamlara konu olmu\u015f. Do\u011fan\u0131n g\u00fczelli\u011fine bir kez daha hayran kalaca\u011f\u0131n\u0131z Karadeniz rotan\u0131zda \u00c7e\u00e7eva da ho\u015f bir an\u0131 olarak kalacak.<\/p>\n<p><img loading=\"lazy\" decoding=\"async\" class=\"alignnone wp-image-10711\" src=\"https:\/\/julesverne.com.tr\/wp-content\/uploads\/2021\/10\/trabzon_hamsikoy_shutterstock_1177974256-500x334.jpg\" alt=\"\" width=\"1200\" height=\"800\" srcset=\"https:\/\/julesverne.com.tr\/wp-content\/uploads\/2021\/10\/trabzon_hamsikoy_shutterstock_1177974256-500x334.jpg 500w, https:\/\/julesverne.com.tr\/wp-content\/uploads\/2021\/10\/trabzon_hamsikoy_shutterstock_1177974256-768x512.jpg 768w, https:\/\/julesverne.com.tr\/wp-content\/uploads\/2021\/10\/trabzon_hamsikoy_shutterstock_1177974256.jpg 1000w\" sizes=\"(max-width: 1200px) 100vw, 1200px\" \/><\/p>\n<h2>Hamsik\u00f6y-Trabzon<\/h2>\n<p>Trabzon&#8217;un Ma\u00e7ka il\u00e7esinde Zigana Da\u011f\u0131 eteklerinde bulunan ve do\u011fal g\u00fczelliklerinin yan\u0131 s\u0131ra yakla\u015f\u0131k bir as\u0131rd\u0131r s\u00fctlac\u0131yla \u00fcnl\u00fc Hamsik\u00f6y kesinlikle g\u00f6r\u00fclmeye de\u011fer! Trabzon\u2019a 50 km uzakl\u0131kta tarihi \u0130pek Yolu g\u00fczergah\u0131 \u00fczerinde bulunan Hamsik\u00f6y \u00e7am ormanlar\u0131yla bezeli temiz havas\u0131yla me\u015fhur k\u00f6ylerden biri. Turistlerin son y\u0131llardaki ilgisi dolay\u0131s\u0131yla y\u00f6re mutfa\u011f\u0131yla da ad\u0131ndan s\u00f6z ettirip, son y\u0131llarda trekking ve da\u011f bisikleti a\u00e7\u0131s\u0131ndan da \u00e7ok uygun bir destinasyon haline geldi.<\/p>\n<p><img loading=\"lazy\" decoding=\"async\" class=\"alignnone wp-image-2859\" src=\"https:\/\/julesverne.com.tr\/wp-content\/uploads\/2020\/09\/maral-500x367.jpg\" alt=\"\" width=\"1200\" height=\"880\" srcset=\"https:\/\/julesverne.com.tr\/wp-content\/uploads\/2020\/09\/maral-500x367.jpg 500w, https:\/\/julesverne.com.tr\/wp-content\/uploads\/2020\/09\/maral-768x563.jpg 768w, https:\/\/julesverne.com.tr\/wp-content\/uploads\/2020\/09\/maral.jpg 1196w\" sizes=\"(max-width: 1200px) 100vw, 1200px\" \/><\/p>\n<h2>Maral K\u00f6y\u00fc, Ma\u00e7ahel \u2013 Artvin<\/h2>\n<p>Karadeniz\u2019in en g\u00fczel vadilerinden biri de tart\u0131\u015fmas\u0131z Ma\u00e7ahel. Ma\u00e7ahel B\u00f6lgesi\u2019nin hik\u00e2yesi de do\u011fas\u0131 kadar ilgi \u00e7ekici. G\u00fcrcistan\u2019\u0131n g\u00fcneybat\u0131 ucu ile T\u00fcrkiye\u2019nin kuzeydo\u011fu ucunda iki \u00fclke s\u0131n\u0131r\u0131na yay\u0131lan vadi i\u00e7in 1921 y\u0131l\u0131nda T\u00fcrkiye-Rusya aras\u0131nda bir s\u0131n\u0131r anla\u015fmas\u0131 yap\u0131lm\u0131\u015f. Anla\u015fmaya g\u00f6re vadide yer alan 18 k\u00f6yden 6 tanesi T\u00fcrkiye s\u0131n\u0131rlar\u0131 i\u00e7erisinde kalm\u0131\u015f. Bu k\u00f6ylerden biri de Maral K\u00f6y\u00fc. Camili y\u00f6resindeki bu M\u00fcsl\u00fcman G\u00fcrc\u00fc k\u00f6y\u00fc Artvin do\u011fas\u0131n\u0131n mucizeleriyle donat\u0131lm\u0131\u015f. Burada ye\u015filin her tonunu g\u00f6rebilirsiniz.<\/p>\n<h1>KUZEY EGE<\/h1>\n<p><img loading=\"lazy\" decoding=\"async\" class=\"alignnone wp-image-2851\" src=\"https:\/\/julesverne.com.tr\/wp-content\/uploads\/2020\/09\/camlibel-500x333.jpg\" alt=\"\" width=\"1200\" height=\"800\" srcset=\"https:\/\/julesverne.com.tr\/wp-content\/uploads\/2020\/09\/camlibel-500x333.jpg 500w, https:\/\/julesverne.com.tr\/wp-content\/uploads\/2020\/09\/camlibel-768x512.jpg 768w, https:\/\/julesverne.com.tr\/wp-content\/uploads\/2020\/09\/camlibel.jpg 999w\" sizes=\"(max-width: 1200px) 100vw, 1200px\" \/><\/p>\n<h2>\u00c7aml\u0131bel, Edremit \u2013 Bal\u0131kesir<\/h2>\n<p>G\u00fcnl\u00fck \u015fehir hayat\u0131nda sizi strese sokan durumlar\u0131n ne kadar \u00f6nemsiz ve bir o kadar sizden uzakta kald\u0131\u011f\u0131n\u0131 anlad\u0131\u011f\u0131n\u0131zda \u00c7aml\u0131bel K\u00f6y\u00fc\u2019ne gelmi\u015fsiniz demektir. B\u00f6lgedeki di\u011fer k\u00f6ylerin aksine tahta barakalardan kurulan evler nedeniyle buraya \u201cTahtak\u00f6y\u201d dendi\u011fine de rastlayabilirsiniz. Tarihi Bizans D\u00f6nemi\u2019ne uzanan, Kazda\u011flar\u0131\u2019n\u0131n yerel ruhunu koruyan k\u00f6yleri aras\u0131nda yer alan \u00c7aml\u0131bel zeytin a\u011fa\u00e7lar\u0131yla \u00e7evrili bir vadiden masmavi Edremit K\u00f6rfezi\u2019ne bak\u0131yor. Hemen arkas\u0131nda Kaz Da\u011flar\u0131 Milli Park\u0131 yer al\u0131rken kendinizi do\u011fan\u0131n kalbine kolayca b\u0131rakabiliyorsunuz.<\/p>\n<p><img loading=\"lazy\" decoding=\"async\" class=\"alignnone wp-image-10717\" src=\"https:\/\/julesverne.com.tr\/wp-content\/uploads\/2021\/10\/zeytinlikoy_shutterstock_1454827571-500x334.jpg\" alt=\"\" width=\"1200\" height=\"800\" srcset=\"https:\/\/julesverne.com.tr\/wp-content\/uploads\/2021\/10\/zeytinlikoy_shutterstock_1454827571-500x334.jpg 500w, https:\/\/julesverne.com.tr\/wp-content\/uploads\/2021\/10\/zeytinlikoy_shutterstock_1454827571-768x512.jpg 768w, https:\/\/julesverne.com.tr\/wp-content\/uploads\/2021\/10\/zeytinlikoy_shutterstock_1454827571.jpg 1000w\" sizes=\"(max-width: 1200px) 100vw, 1200px\" \/><\/p>\n<h2>Zeytinlik\u00f6y, G\u00f6k\u00e7eada \u2013 \u00c7anakkale<\/h2>\n<p>G\u00f6k\u00e7eada\u2019n\u0131n en karakteristik tepe k\u00f6ylerinden biri olan Zeytinlik\u00f6y ad\u0131ndan anlayaca\u011f\u0131n\u0131z gibi zeytinlerle \u00e7evrili bir yama\u00e7ta yer al\u0131yor. Yemye\u015fil a\u011fa\u00e7lar\u0131n aras\u0131ndan s\u00fcz\u00fclen Rum evleri g\u00f6r\u00fcnt\u00fcs\u00fc kartpostal gibi duruyor. 16. y\u00fczy\u0131lda Rumlar taraf\u0131ndan kurulan k\u00f6y bir zamanlar adan\u0131n sosyalle\u015fme merkeziymi\u015f. G\u00fcn\u00fcm\u00fczde de evi olan Rumlar\u0131n geri d\u00f6nmesiyle Rumca konu\u015fmalar\u0131n yeniden sokaklar\u0131n\u0131 \u015fenlendirdi\u011fi k\u00f6y \u00f6zellikle yaz aylar\u0131nda bir hayli kalabal\u0131k. 4 mevsim ya\u015fayan n\u00fcfusu 50-60 ki\u015fi olsa da havalar\u0131n g\u00fczelle\u015fmesiyle renkli sokak kap\u0131lar\u0131n\u0131n \u00f6n\u00fc, minik meydanlar\u0131 ziyaret\u00e7ilerle doluyor. K\u00f6y\u00fcn en b\u00fcy\u00fck \u00f6zelli\u011fi ise Rum Ortodoks Patrikhanesi patri\u011fi 1.Bartholomeos\u2019un bu k\u00f6yde d\u00fcnyaya gelmi\u015f olmas\u0131.<\/p>\n<p><img loading=\"lazy\" decoding=\"async\" class=\"alignnone wp-image-10734\" src=\"https:\/\/julesverne.com.tr\/wp-content\/uploads\/2021\/10\/yesilyurt_canakkale_shutterstock_1385532203-500x334.jpg\" alt=\"\" width=\"1200\" height=\"800\" srcset=\"https:\/\/julesverne.com.tr\/wp-content\/uploads\/2021\/10\/yesilyurt_canakkale_shutterstock_1385532203-500x334.jpg 500w, https:\/\/julesverne.com.tr\/wp-content\/uploads\/2021\/10\/yesilyurt_canakkale_shutterstock_1385532203-768x512.jpg 768w, https:\/\/julesverne.com.tr\/wp-content\/uploads\/2021\/10\/yesilyurt_canakkale_shutterstock_1385532203.jpg 1000w\" sizes=\"(max-width: 1200px) 100vw, 1200px\" \/><\/p>\n<h2>Ye\u015filyurt, Ayvac\u0131k \u2013 \u00c7anakkale<\/h2>\n<p>1355 y\u0131l\u0131nda O\u011fuz Boylar\u0131\u2019ndan \u00c7epni Boyu taraf\u0131ndan kurulan Ye\u015filyurt \u201cyery\u00fcz\u00fcndeki cennet\u201d benzetmesini en \u00e7ok hak eden yerlerden. Kazda\u011flar\u0131\u2019n\u0131n eteklerinde deniz ve da\u011f aras\u0131ndaki e\u015fsiz konumuyla do\u011fan\u0131n t\u00fcm g\u00fczelliklerine kucak a\u00e7an k\u00f6y\u00fcn ta\u015f evleri bitki \u00f6rt\u00fcs\u00fc ile ahenk i\u00e7erisinde. Uzun y\u0131llar Rumlar ve T\u00fcrklerin bir arada ya\u015fad\u0131\u011f\u0131 Ye\u015filyurt\u2019ta, m\u00fcbadele nedeniyle Rumlar evlerini terk etmek zorunda kalm\u0131\u015f. Karde\u015fli\u011fin baki kald\u0131\u011f\u0131 k\u00f6y\u00fc gezerken \u015fifal\u0131 bitkilerin, \u00e7i\u00e7ekleri, a\u011fa\u00e7lar\u0131n kokusu sizi teslim alacak.<\/p>\n<p><img loading=\"lazy\" decoding=\"async\" class=\"alignnone wp-image-10725\" src=\"https:\/\/julesverne.com.tr\/wp-content\/uploads\/2021\/10\/behramkale_shutterstock_1273284736-500x322.jpg\" alt=\"\" width=\"1200\" height=\"772\" srcset=\"https:\/\/julesverne.com.tr\/wp-content\/uploads\/2021\/10\/behramkale_shutterstock_1273284736-500x322.jpg 500w, https:\/\/julesverne.com.tr\/wp-content\/uploads\/2021\/10\/behramkale_shutterstock_1273284736-768x494.jpg 768w, https:\/\/julesverne.com.tr\/wp-content\/uploads\/2021\/10\/behramkale_shutterstock_1273284736.jpg 1000w\" sizes=\"(max-width: 1200px) 100vw, 1200px\" \/><\/p>\n<h2>Behramkale &#8211; \u00c7anakkale<\/h2>\n<p>Behramkale, \u00c7anakkale\u2019nin Ayvac\u0131k il\u00e7esine ba\u011fl\u0131 bir k\u00f6y ve antik kent i\u00e7erisinde yer almas\u0131 sebebiyle bir hayli ilgi \u00e7ekiyor. Osmanl\u0131 d\u00f6neminde kurulmu\u015f eski bir k\u00f6y olan Behramkale 150 haneli n\u00fcfusu, Assos mimarisi ta\u015f i\u015f\u00e7ili\u011finin g\u00fczel \u00f6rnekleri, do\u011fal k\u00f6y evleri, tarihi dokusunu koruyan sokaklar\u0131 ile kesinlikle g\u00f6r\u00fclmeye de\u011fer. K\u00f6y\u00fcn en bilinen \u00f6zelli\u011fi Antik \u00c7a\u011f\u2019da Aristoteles\u2019in burada bir s\u00fcre ya\u015fam\u0131\u015f olmas\u0131 ve felsefe okulunun kurulmu\u015f olmas\u0131. K\u00f6y Assos Antik Liman\u2019\u0131n hemen tepesinde yer al\u0131yor ve muhte\u015fem bir manzaraya sahip.<\/p>\n<p><img loading=\"lazy\" decoding=\"async\" class=\"alignnone wp-image-7932\" src=\"https:\/\/julesverne.com.tr\/wp-content\/uploads\/2021\/03\/kilitbahireceabat-500x334.jpg\" alt=\"\" width=\"1200\" height=\"800\" srcset=\"https:\/\/julesverne.com.tr\/wp-content\/uploads\/2021\/03\/kilitbahireceabat-500x334.jpg 500w, https:\/\/julesverne.com.tr\/wp-content\/uploads\/2021\/03\/kilitbahireceabat-768x512.jpg 768w, https:\/\/julesverne.com.tr\/wp-content\/uploads\/2021\/03\/kilitbahireceabat.jpg 1000w\" sizes=\"(max-width: 1200px) 100vw, 1200px\" \/><\/p>\n<h2>Kilitbahir K\u00f6y\u00fc &#8211; \u00c7anakkale<\/h2>\n<p>\u00c7anakkale\u2019nin tam kar\u015f\u0131s\u0131nda, Eceabat il\u00e7esine ba\u011fl\u0131 Kilitbahir K\u00f6y\u00fc kesinlikle ke\u015ffe de\u011fer.\u00a0 Bo\u011faz\u0131n en dar yerinde kurulan k\u00f6y\u00fcn \u00c7anakkale Bo\u011faz\u0131 manzaras\u0131 muhte\u015fem. Kalp \u015feklindeki kalesinden ad\u0131n\u0131 alan Kilitbahir, denizin kilidi anlam\u0131na geliyor.\u00a0Kilitbahir, k\u00fc\u00e7\u00fck feribotlar\u0131n bo\u011faz\u0131 ge\u00e7mek i\u00e7in kulland\u0131klar\u0131 k\u00fc\u00e7\u00fck liman\u0131 ile Milli Park&#8217;a ge\u00e7itlerden birisi.<\/p>\n<h1>EGE<\/h1>\n<p><img loading=\"lazy\" decoding=\"async\" class=\"alignnone wp-image-10719\" src=\"https:\/\/julesverne.com.tr\/wp-content\/uploads\/2021\/10\/doganbey_shutterstock_573021952-500x332.jpg\" alt=\"\" width=\"1200\" height=\"797\" srcset=\"https:\/\/julesverne.com.tr\/wp-content\/uploads\/2021\/10\/doganbey_shutterstock_573021952-500x332.jpg 500w, https:\/\/julesverne.com.tr\/wp-content\/uploads\/2021\/10\/doganbey_shutterstock_573021952-768x510.jpg 768w, https:\/\/julesverne.com.tr\/wp-content\/uploads\/2021\/10\/doganbey_shutterstock_573021952.jpg 1000w\" sizes=\"(max-width: 1200px) 100vw, 1200px\" \/><\/p>\n<h2>Do\u011fanbey, Ayd\u0131n \u2013 \u0130zmir<\/h2>\n<p>Ayd\u0131n&#8217;\u0131n S\u00f6ke il\u00e7esine 30 km uzakl\u0131ktaki Eski Do\u011fanbey k\u00f6y\u00fc, bug\u00fcn Rum ve T\u00fcrk mimarisinin e\u015fsiz \u00f6rneklerinin sergilendi\u011fi bir a\u00e7\u0131khava m\u00fczesi gibi! S\u0131rt\u0131n\u0131 Mykale Da\u011flar\u0131na (Dilek Da\u011flar\u0131) yaslam\u0131\u015f \u00f6zellikle mimarisiyle b\u00fcy\u00fck ilgi \u00e7eken k\u00f6y\u00fcn ta\u015f evleri, dar sokaklar\u0131 ve do\u011fal g\u00fczellikleri kesinlikle g\u00f6r\u00fclmeye de\u011fer! Eski uygarl\u0131klar\u0131n ya\u015fad\u0131\u011f\u0131 b\u00f6lgenin kalbinde yer alan ve Antik Thebai kentinin uzant\u0131s\u0131 olan Do\u011fanbey K\u00f6y\u00fc\u2019n\u00fcn kuruldu\u011fu yama\u00e7tan B\u00fcy\u00fck Menderes\u2019in Ege Denizi ile kavu\u015fmas\u0131na \u015fahit olmak, unutulmaz manzaralardan biri. Eski ad\u0131 Domatia olan Do\u011fanbey bir Rum k\u00f6y\u00fc. M\u00fcbadele y\u0131llar\u0131ndan sonra \u00e7ehresi de\u011fi\u015fen k\u00f6y 80&#8217;li y\u0131llarda kaderine terk edilmi\u015f. Uzun y\u0131llar sonra ilgililer taraf\u0131ndan restore edilmeye ba\u015flayan Rum evleri ile burada hayat yeniden canlanm\u0131\u015f.\u2060 K\u00f6yde bulunan konut, d\u00fckkan, hastane ve \u00e7e\u015fme gibi yap\u0131lar ge\u00e7 Osmanl\u0131 d\u00f6nemi mimari \u00f6zelliklerini yans\u0131t\u0131yor.\u2060<\/p>\n<p><img loading=\"lazy\" decoding=\"async\" class=\"alignnone wp-image-10723\" src=\"https:\/\/julesverne.com.tr\/wp-content\/uploads\/2021\/10\/shutterstock_1345588937-500x334.jpg\" alt=\"\" width=\"1200\" height=\"800\" srcset=\"https:\/\/julesverne.com.tr\/wp-content\/uploads\/2021\/10\/shutterstock_1345588937-500x334.jpg 500w, https:\/\/julesverne.com.tr\/wp-content\/uploads\/2021\/10\/shutterstock_1345588937-768x512.jpg 768w, https:\/\/julesverne.com.tr\/wp-content\/uploads\/2021\/10\/shutterstock_1345588937.jpg 1000w\" sizes=\"(max-width: 1200px) 100vw, 1200px\" \/><\/p>\n<h2>Birgi &#8211; \u0130zmir<\/h2>\n<p>Antik \u00e7a\u011flardan beri bir\u00e7ok medeniyete ev sahipli\u011fi yapan \u0130zmir&#8217;in \u00d6demi\u015f il\u00e7esine ba\u011fl\u0131 Birgi K\u00f6y\u00fc kesinlikle ke\u015ffe de\u011fer! Bat\u0131 Anadolu\u2019da kendini korumay\u0131 ba\u015farabilmi\u015f tek kent olan Birgi tarih boyunca Frig, Lydia, Pers, Bergama krall\u0131klar\u0131, Roma ve Bizans imparatorluklar\u0131 taraf\u0131ndan y\u00f6netilip, Ayd\u0131no\u011flu Beyli\u011fi\u2019ne ba\u015fkentlik yapm\u0131\u015f. 2012 y\u0131l\u0131ndan beri UNESCO&#8217;nun D\u00fcnya Miras\u0131 Ge\u00e7ici Listesi&#8217;nde yer alan Birgi k\u00f6y\u00fc, kendine has mimari dokusu, cumbal\u0131 evleri ve konaklar\u0131, camileri, t\u00fcrbeleri, hamamlar\u0131, medreseleri, \u00e7e\u015fmeleri, k\u00fclliye ve beylikler d\u00f6neminden ba\u015flayarak g\u00fcn\u00fcm\u00fcze ta\u015f\u0131nm\u0131\u015f 171 adet tescilli eseri ile bir m\u00fcze kent g\u00f6r\u00fcn\u00fcm\u00fcnde. Hem Hristiyanlar hem de M\u00fcsl\u00fcmanlar i\u00e7in de\u011ferli olan k\u00f6y k\u00fclt\u00fcrel, mimari ve tarihsel zenginli\u011fine s\u0131k\u0131 s\u0131k\u0131ya ba\u011fl\u0131. Bozda\u011f\u2019\u0131n eteklerine kurulmu\u015f, yemye\u015fil bah\u00e7eleri, birbirinden g\u00fczel ta\u015f evleri ve tarihte iz b\u0131rakan ge\u00e7mi\u015fiyle Birgi, sakin bir hafta sonu i\u00e7in en g\u00fczel duraklardan.<\/p>\n<p><img loading=\"lazy\" decoding=\"async\" class=\"alignnone wp-image-2854\" src=\"https:\/\/julesverne.com.tr\/wp-content\/uploads\/2020\/09\/barbaros_koyu-500x333.jpg\" alt=\"\" width=\"1200\" height=\"800\" srcset=\"https:\/\/julesverne.com.tr\/wp-content\/uploads\/2020\/09\/barbaros_koyu-500x333.jpg 500w, https:\/\/julesverne.com.tr\/wp-content\/uploads\/2020\/09\/barbaros_koyu-768x512.jpg 768w, https:\/\/julesverne.com.tr\/wp-content\/uploads\/2020\/09\/barbaros_koyu.jpg 999w\" sizes=\"(max-width: 1200px) 100vw, 1200px\" \/><\/p>\n<h2>Barbaros K\u00f6y\u00fc, Urla \u2013 \u0130zmir<\/h2>\n<p>Barbaros K\u00f6y\u00fc\u2019n\u00fcn kurulu\u015f hik\u00e2yesiyle ba\u015flayal\u0131m. K\u00f6y\u00fcn ilk yerle\u015fim yeri olan Ba\u015fk\u00f6y\u2019de veba salg\u0131n\u0131 ba\u015f g\u00f6sterince k\u00f6yl\u00fcler bir hayvan kesip, par\u00e7alar\u0131n\u0131 farkl\u0131 yerlere da\u011f\u0131t\u0131rlar. Etin bozuldu\u011fu yerde salg\u0131n olmayaca\u011f\u0131 inanc\u0131yla g\u00fcn\u00fcm\u00fczdeki lokasyonu yerle\u015fim yeri olarak belirlerler ve hayatlar\u0131n\u0131 burada kurarlar. Barbaros K\u00f6y\u00fc, birka\u00e7 y\u0131ld\u0131r d\u00fczenlenen Oyuk Festivali ile daha b\u00fcy\u00fck kitlelere ula\u015ft\u0131. \u0130nsan boyundaki bez bebeklere verilen Oyuk ismi k\u00f6yde onlarca yarat\u0131c\u0131 tasar\u0131mla bulu\u015fuyor. Her y\u0131l bahar aylar\u0131nda d\u00fczenlenen festival ile her k\u00f6\u015fe ba\u015f\u0131nda farkl\u0131 bir oyukla kar\u015f\u0131la\u015fabilirsiniz. K\u00f6y\u00fcn s\u00fcrprizi bununla da s\u0131n\u0131rl\u0131 de\u011fil. Evlerin baz\u0131lar\u0131nda as\u0131l\u0131 olan \u201c\u00c7at Kap\u0131 Evi\u201d yaz\u0131s\u0131 bu evlere bir s\u0131cak merhaba ile girebilece\u011finiz anlam\u0131na geliyor. G\u00fczel bir yemek yiyip, \u00e7ay-kahve i\u00e7tikten sonra uygun bir \u00fccret \u00f6deyerek ayr\u0131labilirsiniz.<\/p>\n<p><img loading=\"lazy\" decoding=\"async\" class=\"alignnone wp-image-2860\" src=\"https:\/\/julesverne.com.tr\/wp-content\/uploads\/2020\/09\/sirincekoyu-500x334.jpg\" alt=\"\" width=\"1200\" height=\"801\" srcset=\"https:\/\/julesverne.com.tr\/wp-content\/uploads\/2020\/09\/sirincekoyu-500x334.jpg 500w, https:\/\/julesverne.com.tr\/wp-content\/uploads\/2020\/09\/sirincekoyu-768x513.jpg 768w, https:\/\/julesverne.com.tr\/wp-content\/uploads\/2020\/09\/sirincekoyu.jpg 999w\" sizes=\"(max-width: 1200px) 100vw, 1200px\" \/><\/p>\n<h2>\u015eirince, Sel\u00e7uk \u2013 \u0130zmir<\/h2>\n<p>Gizli bir cennet iken ke\u015ffedilmesiyle Ege rotalar\u0131n\u0131n vazge\u00e7ilmezi haline gelen \u015eirince K\u00f6y\u00fc zaman kavram\u0131ndan uzakta bir hayat\u0131n g\u00fcn\u00fcm\u00fczde m\u00fcmk\u00fcn oldu\u011funun canl\u0131 kan\u0131t\u0131. \u0130zmir\u2019in Sel\u00e7uk il\u00e7esine yak\u0131n bir tepede kurulan k\u00f6y\u00fcn tarihi M.S. 5. y\u00fczy\u0131la dayan\u0131yor. Bug\u00fcn k\u00f6y\u00fcn mimarisini ortaya \u00e7\u0131karan evlerde Osmanl\u0131 ve Rum mimari izlerini bir arada g\u00f6rebilirsiniz. M\u00fcbadele y\u0131llar\u0131na kadar Rumlar\u0131n a\u011f\u0131rl\u0131kta ya\u015fad\u0131\u011f\u0131 k\u00f6yde b\u0131rakt\u0131klar\u0131 k\u00fclt\u00fcrel izleri bug\u00fcn de deneyimlemek m\u00fcmk\u00fcn. K\u00f6y\u00fcn do\u011fal ve mimari g\u00fczelli\u011finin yan\u0131 s\u0131ra T\u00fcrkiye \u015farap rotalar\u0131 aras\u0131nda yer almas\u0131 da \u015eirince\u2019nin \u00f6nemini artt\u0131r\u0131yor. Seviyorsan\u0131z meyveli \u015faraplar\u0131n\u0131 denemelisiniz.<\/p>\n<h1>AKDEN\u0130Z<\/h1>\n<p><img loading=\"lazy\" decoding=\"async\" class=\"alignnone wp-image-8249\" src=\"https:\/\/julesverne.com.tr\/wp-content\/uploads\/2021\/04\/kayakoy_fethiye_shutterstock_1443775988-500x334.jpg\" alt=\"\" width=\"1200\" height=\"800\" srcset=\"https:\/\/julesverne.com.tr\/wp-content\/uploads\/2021\/04\/kayakoy_fethiye_shutterstock_1443775988-500x334.jpg 500w, https:\/\/julesverne.com.tr\/wp-content\/uploads\/2021\/04\/kayakoy_fethiye_shutterstock_1443775988-768x512.jpg 768w, https:\/\/julesverne.com.tr\/wp-content\/uploads\/2021\/04\/kayakoy_fethiye_shutterstock_1443775988.jpg 1000w\" sizes=\"(max-width: 1200px) 100vw, 1200px\" \/><\/p>\n<h2>Kayak\u00f6y, Fethiye \u2013 Mu\u011fla<\/h2>\n<p>Kayak\u00f6y\u2019\u00fcn M.\u00d6. 3000\u2019li y\u0131llara uzanan tarihi, Antik Likya kenti Karmilassos\u2019un kal\u0131nt\u0131lar\u0131 \u00fczerinde kurularak ba\u015flam\u0131\u015f. 14. y\u00fczy\u0131l itibariyle Rumlar\u0131n ya\u015fad\u0131\u011f\u0131 k\u00f6y m\u00fcbadele d\u00f6neminde tamamen bo\u015falt\u0131lm\u0131\u015f. T\u00fcrkler bir d\u00f6nem daha burada ya\u015fam\u0131 s\u00fcrd\u00fcrse de 1957 y\u0131l\u0131nda ya\u015fanan deprem ile k\u00f6y hasar g\u00f6rm\u00fc\u015f ve kaderine terk edilmi\u015f. Birbirinin manzaras\u0131na kapatmayacak \u015fekilde in\u015fa edilen 500 ev, 2 Yunan Ortodoks Kilisesi g\u00fcn\u00fcm\u00fczde koruma alt\u0131na al\u0131nm\u0131\u015f. Terk edilen evler g\u00fczelli\u011finden bir \u015fey kaybetmezken k\u00f6y\u00fcn yamac\u0131ndan izlenen g\u00fcn bat\u0131mlar\u0131n\u0131n tad\u0131 bir ba\u015fka.<\/p>\n<p><img loading=\"lazy\" decoding=\"async\" class=\"alignnone wp-image-3601\" src=\"https:\/\/julesverne.com.tr\/wp-content\/uploads\/2020\/09\/kuyucak_koyu_kucuk_boyut-500x333.jpg\" alt=\"\" width=\"1200\" height=\"799\" srcset=\"https:\/\/julesverne.com.tr\/wp-content\/uploads\/2020\/09\/kuyucak_koyu_kucuk_boyut-500x333.jpg 500w, https:\/\/julesverne.com.tr\/wp-content\/uploads\/2020\/09\/kuyucak_koyu_kucuk_boyut-768x511.jpg 768w, https:\/\/julesverne.com.tr\/wp-content\/uploads\/2020\/09\/kuyucak_koyu_kucuk_boyut.jpg 1000w\" sizes=\"(max-width: 1200px) 100vw, 1200px\" \/><\/p>\n<h2>Kuyucak, Ke\u00e7iborlu \u2013 Isparta<\/h2>\n<p>Isparta\u2019n\u0131n \u201cLavanta Kokulu K\u00f6y\u201d\u00fc Kuyucak asl\u0131nda umut, azim ve \u00fcretim kokuyor. Yakla\u015f\u0131k 50 y\u0131ld\u0131r burada lavanta yeti\u015ftiricili\u011fi var ama k\u00f6y\u00fcn kaderi buraya ziyaret eden bir kaymakam\u0131n vizyonuyla de\u011fi\u015fiyor. Kaymakam k\u00f6yden \u00f6yle etkileniyor ki k\u00f6y\u00fcn kalk\u0131nmas\u0131 i\u00e7in bir ziraat m\u00fchendisi ile emek harcarken Kuyucak\u2019\u0131n t\u00fcm \u00fclke ve d\u00fcnyaya tan\u0131t\u0131lmas\u0131 gerekti\u011fine karar veriyorlar. \u201cGelecek Turizmde\u201d projesine k\u00f6y kad\u0131nlar\u0131 ile birlikte haz\u0131rlanarak projeye se\u00e7ilen Kuyucak\u2019ta e\u011fitimler verilerek kad\u0131n\u0131n \u00fcretime katk\u0131s\u0131 da te\u015fvik ediliyor. Bug\u00fcn gelinen noktada Haziran sonu-A\u011fustos ba\u015f\u0131na kadar devam eden lavanta hasad\u0131, lavantadan \u00fcretilen do\u011fal \u00fcr\u00fcnler bize Provence\u2019\u0131 ya\u015fat\u0131yor.<\/p>\n<h1>\u0130\u00c7 ANADOLU<\/h1>\n<p><img loading=\"lazy\" decoding=\"async\" class=\"alignnone wp-image-7656\" src=\"https:\/\/julesverne.com.tr\/wp-content\/uploads\/2021\/03\/kapadokyamustafapasakoyu-500x333.jpg\" alt=\"\" width=\"1200\" height=\"800\" srcset=\"https:\/\/julesverne.com.tr\/wp-content\/uploads\/2021\/03\/kapadokyamustafapasakoyu-500x333.jpg 500w, https:\/\/julesverne.com.tr\/wp-content\/uploads\/2021\/03\/kapadokyamustafapasakoyu-768x512.jpg 768w, https:\/\/julesverne.com.tr\/wp-content\/uploads\/2021\/03\/kapadokyamustafapasakoyu.jpg 999w\" sizes=\"(max-width: 1200px) 100vw, 1200px\" \/><\/p>\n<h2>Mustafapa\u015fa, \u00dcrg\u00fcp \u2013 Nev\u015fehir<\/h2>\n<p>\u201cG\u00fcne\u015fin \u015eehri\u201d anlam\u0131na gelen Sinasos, bug\u00fcnk\u00fc ad\u0131yla Mustafapa\u015fa, Kapadokya\u2019n\u0131n \u00f6zg\u00fcn mimarisini koruyan k\u00f6ylerinden biri. Osmanl\u0131 d\u00f6neminde n\u00fcfusun %80\u2019ini \u0130stanbul\u2019da 13. y\u00fczy\u0131ldan beri havyar ticareti yapan zengin Rum t\u00fcccarlar olu\u015fturuyormu\u015f. Erkek n\u00fcfus y\u0131l\u0131n 8-10 ay\u0131n\u0131 \u0130stanbul\u2019da ge\u00e7irirken kad\u0131nlar ve \u00e7ocuklar t\u00fcm y\u0131l burada ya\u015f\u0131yormu\u015f. G\u00fcn\u00fcm\u00fcze kalan konaklardan da k\u00f6y\u00fcn zenginli\u011fini anlamak m\u00fcmk\u00fcn. E\u011fitime b\u00fcy\u00fck \u00f6nem veren k\u00f6y okulunda Yunanca, Frans\u0131zca, T\u00fcrk\u00e7e, matematik, din, tarih ve sanat gibi dersler verilirken 1840 y\u0131l\u0131nda k\u00f6ye bir toplant\u0131 salonu ve k\u00fct\u00fcphane bile in\u015fa edilmi\u015f. 1924 y\u0131l\u0131nda m\u00fcbadele ile k\u00f6ylerini terk eden Rumlardan geriye harika bir mimari, zengin bir k\u00fclt\u00fcr kalm\u0131\u015f.<\/p>\n<p><img loading=\"lazy\" decoding=\"async\" class=\"alignnone wp-image-11342\" src=\"https:\/\/julesverne.com.tr\/wp-content\/uploads\/2021\/10\/shutterstock_514686448-500x284.jpg\" alt=\"\" width=\"1200\" height=\"682\" srcset=\"https:\/\/julesverne.com.tr\/wp-content\/uploads\/2021\/10\/shutterstock_514686448-500x284.jpg 500w, https:\/\/julesverne.com.tr\/wp-content\/uploads\/2021\/10\/shutterstock_514686448-768x436.jpg 768w, https:\/\/julesverne.com.tr\/wp-content\/uploads\/2021\/10\/shutterstock_514686448.jpg 1000w\" sizes=\"(max-width: 1200px) 100vw, 1200px\" \/><\/p>\n<h2>U\u00e7hisar &#8211; Nev\u015fehir<\/h2>\n<p>T\u00fcrkiye&#8217;nin en g\u00fczel k\u00f6yleri aras\u0131nda yer alan U\u00e7hisar K\u00f6y\u00fc kendine \u00f6zg\u00fc do\u011fal yap\u0131s\u0131 ve gizemli havas\u0131 ile ziyaret edenleri b\u00fcy\u00fcleyici g\u00fczellikte. Nev\u015fehir merkeze 5 kilometre mesafedeki U\u00e7hisar, Kapadokya\u2019n\u0131n her yerinden g\u00f6r\u00fclen en b\u00fcy\u00fck ve en g\u00fczel peri bacas\u0131. Kalenin zirvesi Kapadokya\u2019n\u0131n ku\u015f bak\u0131\u015f\u0131 g\u00f6r\u00fclece\u011fi tek yer. G\u00fcvercinlik Vadisi\u2019nden,\u00a0 Avanos\u2019a do\u011fru t\u00fcm vadiler; Ortahisar Kalesi, G\u00f6reme Beldesi, G\u00f6reme A\u00e7\u0131khava M\u00fczesi, K\u0131l\u0131\u00e7lar Vadisi, K\u0131z\u0131l\u00e7ukur, G\u00fcll\u00fcdere, \u00c7avu\u015fin, Boztepe, Aktepe, Avanos, yani b\u00fct\u00fcn Kapadokya aya\u011f\u0131n\u0131z\u0131n alt\u0131nda. U\u00e7hisar Kalesi&#8217;nde g\u00fcnbat\u0131m\u0131n\u0131 izlemek, t\u00fcm vadilerin ald\u0131\u011f\u0131 k\u0131z\u0131l\u00adl\u0131\u011f\u0131, renk de\u011fi\u015fimlerini ve b\u00fcr\u00fcnd\u00fc\u011f\u00fc atmosferi seyretmek unutulmayacak bir deneyim.<\/p>\n<h1>DO\u011eU ANADOLU<\/h1>\n<p><img loading=\"lazy\" decoding=\"async\" class=\"alignnone wp-image-2856\" src=\"https:\/\/julesverne.com.tr\/wp-content\/uploads\/2020\/09\/apcaga-500x333.jpg\" alt=\"\" width=\"1200\" height=\"800\" srcset=\"https:\/\/julesverne.com.tr\/wp-content\/uploads\/2020\/09\/apcaga-500x333.jpg 500w, https:\/\/julesverne.com.tr\/wp-content\/uploads\/2020\/09\/apcaga-768x512.jpg 768w, https:\/\/julesverne.com.tr\/wp-content\/uploads\/2020\/09\/apcaga.jpg 960w\" sizes=\"(max-width: 1200px) 100vw, 1200px\" \/><\/p>\n<h2>Ap\u00e7a\u011fa, Kemaliye \u2013 Erzincan<\/h2>\n<p>\u201c\u00c7a\u011flayan Su\u201d anlam\u0131na gelen Ap\u00e7a\u011fa K\u00f6y\u00fc, Erzincan\u2019a ba\u011fl\u0131 Kemaliye\u2019nin en g\u00fczel k\u00f6ylerinden. F\u0131rat Nehri\u2019nin b\u00f6ld\u00fc\u011f\u00fc bir vadi yamac\u0131na kurulan Ap\u00e7a\u011fa asl\u0131nda \u015fair Ahmet Kutsi Tecer\u2019in \u201cOrada bir k\u00f6y var uzakta\u201d \u015fiiri ile tan\u0131yor. Bu k\u00f6yde do\u011fan ve evine olan \u00f6zlemi yans\u0131tan dizeleriyle akl\u0131m\u0131za kaz\u0131nan \u015fiir ile Ap\u00e7a\u011fa, Osmanl\u0131 sivil mimari \u00f6zelliklerini yans\u0131tan evleriyle g\u00f6r\u00fclmeye de\u011fer. \u00c7evre ve K\u00fclt\u00fcr De\u011ferlerini Koruma ve Tan\u0131tma (\u00c7EK\u00dcL) Vakf\u0131\u2019n\u0131n \u201c7 B\u00f6lge 7 Kent\u201d projesinde yer almas\u0131 ile tarihi de\u011fer ta\u015f\u0131yan ah\u015fap evler koruma alt\u0131na al\u0131nm\u0131\u015f.<\/p>\n<p><img loading=\"lazy\" decoding=\"async\" class=\"alignnone wp-image-10738\" src=\"https:\/\/julesverne.com.tr\/wp-content\/uploads\/2021\/10\/Vanadokya-yavuzlar-koyu-500x300.jpg\" alt=\"\" width=\"1200\" height=\"721\" srcset=\"https:\/\/julesverne.com.tr\/wp-content\/uploads\/2021\/10\/Vanadokya-yavuzlar-koyu-500x300.jpg 500w, https:\/\/julesverne.com.tr\/wp-content\/uploads\/2021\/10\/Vanadokya-yavuzlar-koyu.jpg 696w\" sizes=\"(max-width: 1200px) 100vw, 1200px\" \/><\/p>\n<h2>Yavuzlar K\u00f6y\u00fc-Van<\/h2>\n<p>Van ili Ba\u015fkale il\u00e7esi Yavuzlar k\u00f6y\u00fcnde bulunan ve Kapadokya y\u00f6resindeki Peri Bacalar\u0131 ile olu\u015fum y\u00f6n\u00fcnden benzerlik g\u00f6steren peri bacalar\u0131n\u0131n bulundu\u011fu alan Vanadokya olarak biliniyor. Buradaki volkanik da\u011f\u0131n p\u00fcsk\u00fcrtt\u00fc\u011f\u00fc kaya\u00e7lar\u0131n a\u015f\u0131nmalar\u0131 sonucunda meydana gelen olu\u015fumlar, g\u00fczel g\u00f6r\u00fcnt\u00fcs\u00fcyle yerli ve yabanc\u0131 turistlerin ilgisini \u00e7ekiyor.<\/p>\n<p><img loading=\"lazy\" decoding=\"async\" class=\"alignnone wp-image-10724\" src=\"https:\/\/julesverne.com.tr\/wp-content\/uploads\/2021\/10\/kars-bogatepe-500x281.jpg\" alt=\"\" width=\"1200\" height=\"675\" srcset=\"https:\/\/julesverne.com.tr\/wp-content\/uploads\/2021\/10\/kars-bogatepe-500x281.jpg 500w, https:\/\/julesverne.com.tr\/wp-content\/uploads\/2021\/10\/kars-bogatepe-400x225.jpg 400w, https:\/\/julesverne.com.tr\/wp-content\/uploads\/2021\/10\/kars-bogatepe.jpg 750w\" sizes=\"(max-width: 1200px) 100vw, 1200px\" \/><\/p>\n<h2>Bo\u011fatepe &#8211; Kars<\/h2>\n<p>Bo\u011fatepe eski ad\u0131yla Zavod, Kars\u2019a yakla\u015f\u0131k 1 saat uzakl\u0131kta bulunuyor. Buras\u0131 me\u015fhur Kars gravyer peynirinin \u00fcretildi\u011fi tek k\u00f6y. Gelinciklerle bezeli, kahvalt\u0131s\u0131 ile me\u015fhur Bo\u011fatepe K\u00f6y\u00fc\u2019n\u00fcn ge\u00e7mi\u015fi Malakanlara kadar dayan\u0131yor. Cumhuriyet D\u00f6nemi\u2019nde peynircili\u011fin bir i\u015f kolu olarak devreye al\u0131nmas\u0131 ve aktif olarak faaliyetlere ba\u015flanmas\u0131yla k\u00f6y tamamen peynir \u00fcretimine odaklan\u0131yor ve 2005 y\u0131l\u0131nda, k\u00f6y\u00fcn turizm a\u00e7\u0131s\u0131ndan da en \u00f6nemli yeri olan T\u00fcrkiye\u2019nin ilk peynir ve tek m\u00fczesi Zavot Eko M\u00fcze\u2019si kuruluyor.<\/p>\n<p><img loading=\"lazy\" decoding=\"async\" class=\"alignnone wp-image-3005\" src=\"https:\/\/julesverne.com.tr\/wp-content\/uploads\/2020\/09\/aniharabeleri-500x333.jpg\" alt=\"\" width=\"1200\" height=\"800\" srcset=\"https:\/\/julesverne.com.tr\/wp-content\/uploads\/2020\/09\/aniharabeleri-500x333.jpg 500w, https:\/\/julesverne.com.tr\/wp-content\/uploads\/2020\/09\/aniharabeleri-768x512.jpg 768w, https:\/\/julesverne.com.tr\/wp-content\/uploads\/2020\/09\/aniharabeleri.jpg 999w\" sizes=\"(max-width: 1200px) 100vw, 1200px\" \/><\/p>\n<h2>Ocakl\u0131 K\u00f6y\u00fc-Kars<\/h2>\n<p>Ani Harabeleri\u2019nin bulundu\u011fu bu k\u00f6y, eski ticaret yollar\u0131n\u0131n bulundu\u011fu g\u00fczergahta. Tarih \u00f6ncesi d\u00f6nemlerde bir\u00e7ok k\u00fclt\u00fcre kucak a\u00e7m\u0131\u015f olan bu k\u00f6y orta\u00e7a\u011f mimari anlay\u0131\u015f\u0131 ve \u015fehircili\u011fi a\u00e7\u0131s\u0131ndan olduk\u00e7a de\u011ferli kabul ediliyor.<\/p>\n<h1>G\u00dcNEYDO\u011eU ANADOLU<\/h1>\n<p><img loading=\"lazy\" decoding=\"async\" class=\"alignnone wp-image-2849\" src=\"https:\/\/julesverne.com.tr\/wp-content\/uploads\/2020\/09\/savasan-500x343.jpg\" alt=\"\" width=\"1200\" height=\"823\" srcset=\"https:\/\/julesverne.com.tr\/wp-content\/uploads\/2020\/09\/savasan-500x343.jpg 500w, https:\/\/julesverne.com.tr\/wp-content\/uploads\/2020\/09\/savasan-768x527.jpg 768w, https:\/\/julesverne.com.tr\/wp-content\/uploads\/2020\/09\/savasan.jpg 999w\" sizes=\"(max-width: 1200px) 100vw, 1200px\" \/><\/p>\n<h2>Sava\u015fan, Halfeti \u2013 \u015eanl\u0131urfa<\/h2>\n<p>T\u00fcrkiye\u2019nin \u201cSakin \u015eehirler\u201d listesindeki Halfeti\u2019ye ba\u011fl\u0131 Sava\u015fan K\u00f6y\u00fc\u2019n\u00fcn geriye kalan hik\u00e2yesi h\u00fcz\u00fcn bar\u0131nd\u0131rsa da bug\u00fcn bile ayakta olan haliyle g\u00fczelli\u011finden bir \u015fey kaybetmemi\u015f. 2000 y\u0131l\u0131nda Birecik Baraj\u0131 nedeniyle yar\u0131s\u0131ndan fazlas\u0131 sular alt\u0131nda kalan k\u00f6y\u00fcn ge\u00e7mi\u015fi \u00e7ok eskilere dayan\u0131yor. Eski bir Makedon yerle\u015fimi olan Sava\u015fan K\u00f6y\u00fc\u2019n\u00fcn Makedonca ad\u0131 \u201cBeres\u00fcl\u201d sava\u015f yeri anlam\u0131na geliyor. Nahit ta\u015f\u0131ndan in\u015fa edilen k\u00f6y evleri bug\u00fcn terk edilmi\u015f halde dursa da g\u00f6rselli\u011fi sizi etkilemeye yetiyor. Halfeti\u2019den yapaca\u011f\u0131n\u0131z bir tekne gezisi ile Sava\u015fan K\u00f6y\u00fc k\u0131y\u0131lar\u0131ndan ge\u00e7ebilirsiniz. Zaman ay\u0131r\u0131p bu k\u00f6ye ayak basman\u0131z\u0131 ve dar sokaklar\u0131nda gezmenizi \u00f6neririz.<\/p>\n<p><img loading=\"lazy\" decoding=\"async\" class=\"alignnone wp-image-10714\" src=\"https:\/\/julesverne.com.tr\/wp-content\/uploads\/2021\/10\/rumkale-500x333.jpg\" alt=\"\" width=\"1200\" height=\"800\" srcset=\"https:\/\/julesverne.com.tr\/wp-content\/uploads\/2021\/10\/rumkale-500x333.jpg 500w, https:\/\/julesverne.com.tr\/wp-content\/uploads\/2021\/10\/rumkale-1280x854.jpg 1280w, https:\/\/julesverne.com.tr\/wp-content\/uploads\/2021\/10\/rumkale-768x512.jpg 768w, https:\/\/julesverne.com.tr\/wp-content\/uploads\/2021\/10\/rumkale-1536x1024.jpg 1536w, https:\/\/julesverne.com.tr\/wp-content\/uploads\/2021\/10\/rumkale.jpg 1600w\" sizes=\"(max-width: 1200px) 100vw, 1200px\" \/><\/p>\n<h2>Rumkale \u2013 Gaziantep<\/h2>\n<p>F\u0131rat Nehri ile Merzimen \u00c7ay\u0131\u2019n\u0131n birle\u015fti\u011fi, y\u00fcksek kayalarla \u00f6rt\u00fcl\u00fc bir tepe \u00fczerinde konumlanm\u0131\u015f Rumkale, mimari a\u00e7\u0131dan Orta\u00e7a\u011f ve Ge\u00e7 Roma d\u00f6nemlerinden kalma bir b\u00fcy\u00fcleyici bir k\u00f6y. Kalede bug\u00fcn g\u00f6r\u00fclebilen yap\u0131lar aras\u0131nda Aziz Nerses Kilisesi, Bar\u015favma Manast\u0131r\u0131, \u00e7ok say\u0131da yap\u0131 kal\u0131nt\u0131s\u0131, su sarn\u0131\u00e7lar\u0131, kuyu ve hendek yer al\u0131yor. Roma D\u00f6nemi&#8217;nde Hz. \u0130sa\u2019n\u0131n havarilerinden Yohannes\u2019in Rumkale\u2019ye gelip yerle\u015fmesi ve burada H\u0131ristiyanl\u0131k dinini yaymas\u0131 nedeniyle Rumkale H\u0131ristiyanl\u0131k tarihinde \u00f6nemli bir rol oynuyor.<\/p>\n<p style=\"text-align: center;\"><strong>Size \u00f6zel seyahat program\u0131 ve rezervasyon i\u00e7in:<\/strong><br \/>\n<strong><a href=\"mailto:travel@julesverne.com.tr\">travel@julesverne.com.tr<\/a><\/strong><\/p>\n<p><\/p>","protected":false},"excerpt":{"rendered":"<p>Kuzeyinden g\u00fcneyine, do\u011fusundan bat\u0131s\u0131na onlarca zenginlik bar\u0131nd\u0131ran bir \u00fclkede ya\u015famak demek, ke\u015ffedecek g\u00fczelliklerin t\u00fckenmemesi anlam\u0131na geliyor. Kalabal\u0131k ve hareketli b\u00fcy\u00fck \u015fehirleri arkam\u0131zda b\u0131rak\u0131p do\u011fas\u0131, sakinli\u011fi, mimarileri, tarihi ve hik\u00e2yeleriyle ilgi uyand\u0131ran T\u00fcrkiye\u2019nin sakl\u0131 kalan k\u00f6ylerini ke\u015ffetmeye ne dersiniz? T\u00fcrkiye\u2019nin yedi b\u00f6lgesinden, hen\u00fcz ke\u015ffedilmemi\u015f ama mutlaka g\u00f6r\u00fclmesi gereken en g\u00fczel k\u00f6yleri sizler i\u00e7in yazd\u0131k. MARMARA Cumal\u0131k\u0131z\u0131k [&hellip;]<\/p>\n","protected":false},"author":5,"featured_media":10733,"comment_status":"closed","ping_status":"closed","sticky":false,"template":"","format":"standard","meta":{"inline_featured_image":false,"footnotes":""},"categories":[38,1,39],"tags":[73,186],"acf":[],"yoast_head":"<!-- This site is optimized with the Yoast SEO plugin v22.3 - https:\/\/yoast.com\/wordpress\/plugins\/seo\/ -->\n<title>T\u00fcrkiye\u2019nin Hen\u00fcz Ke\u015ffedilmemi\u015f, Mutlaka G\u00f6r\u00fclmesi Gereken En G\u00fczel K\u00f6yleri - JULES VERNE BUSINESS MICE TRAVEL<\/title>\n<meta name=\"description\" content=\"T\u00fcrkiye\u2019nin yedi b\u00f6lgesinden, hen\u00fcz ke\u015ffedilmemi\u015f, mutlaka g\u00f6r\u00fclmesi gereken en g\u00fczel k\u00f6yler\u2026\" \/>\n<meta name=\"robots\" content=\"index, follow, max-snippet:-1, max-image-preview:large, max-video-preview:-1\" \/>\n<link rel=\"canonical\" href=\"https:\/\/julesverne.com.tr\/travel-blog\/turkiyenin-bilinmeyen-en-guzel-koyleri\/\" \/>\n<meta property=\"og:locale\" content=\"en_US\" \/>\n<meta property=\"og:type\" content=\"article\" \/>\n<meta property=\"og:title\" content=\"[:tr]T\u00fcrkiye\u2019nin Mutlaka G\u00f6r\u00fclmesi Gereken En G\u00fczel K\u00f6yleri[:en]T\u00fcrkiye\u2019nin Hen\u00fcz Ke\u015ffedilmemi\u015f, Mutlaka G\u00f6r\u00fclmesi Gereken En G\u00fczel K\u00f6yleri[:] - JULES VERNE BUSINESS MICE TRAVEL\" \/>\n<meta property=\"og:description\" content=\"T\u00fcrkiye\u2019nin yedi b\u00f6lgesinden, hen\u00fcz ke\u015ffedilmemi\u015f, mutlaka g\u00f6r\u00fclmesi gereken en g\u00fczel k\u00f6yler\u2026\" \/>\n<meta property=\"og:url\" content=\"https:\/\/julesverne.com.tr\/travel-blog\/turkiyenin-bilinmeyen-en-guzel-koyleri\/\" \/>\n<meta property=\"og:site_name\" content=\"JULES VERNE BUSINESS MICE TRAVEL\" \/>\n<meta property=\"article:publisher\" content=\"https:\/\/www.facebook.com\/JulesVerneBusinessMiceTravel\/\" \/>\n<meta property=\"article:published_time\" content=\"2024-01-30T09:09:01+00:00\" \/>\n<meta property=\"article:modified_time\" content=\"2024-07-06T05:25:39+00:00\" \/>\n<meta property=\"og:image\" content=\"https:\/\/julesverne.com.tr\/wp-content\/uploads\/2021\/10\/yesilyurt_canakkale_shutterstock_1385532194-1.jpg\" \/>\n\t<meta property=\"og:image:width\" content=\"1000\" \/>\n\t<meta property=\"og:image:height\" content=\"667\" \/>\n\t<meta property=\"og:image:type\" content=\"image\/jpeg\" \/>\n<meta name=\"author\" content=\"senem.ekermen\" \/>\n<meta name=\"twitter:card\" content=\"summary_large_image\" \/>\n<meta name=\"twitter:creator\" content=\"@JV_BusinessMice\" \/>\n<meta name=\"twitter:site\" content=\"@JV_BusinessMice\" \/>\n<meta name=\"twitter:label1\" content=\"Written by\" \/>\n\t<meta name=\"twitter:data1\" content=\"senem.ekermen\" \/>\n\t<meta name=\"twitter:label2\" content=\"Est. reading time\" \/>\n\t<meta name=\"twitter:data2\" content=\"39 minutes\" \/>\n<script type=\"application\/ld+json\" class=\"yoast-schema-graph\">{\"@context\":\"https:\/\/schema.org\",\"@graph\":[{\"@type\":\"Article\",\"@id\":\"https:\/\/julesverne.com.tr\/travel-blog\/turkiyenin-bilinmeyen-en-guzel-koyleri\/#article\",\"isPartOf\":{\"@id\":\"https:\/\/julesverne.com.tr\/travel-blog\/turkiyenin-bilinmeyen-en-guzel-koyleri\/\"},\"author\":{\"name\":\"senem.ekermen\",\"@id\":\"https:\/\/julesverne.com.tr\/#\/schema\/person\/b27d0a74a740ecb2ffc838c934d95797\"},\"headline\":\"T\u00fcrkiye\u2019nin Hen\u00fcz Ke\u015ffedilmemi\u015f, Mutlaka G\u00f6r\u00fclmesi Gereken En G\u00fczel K\u00f6yleri\",\"datePublished\":\"2024-01-30T09:09:01+00:00\",\"dateModified\":\"2024-07-06T05:25:39+00:00\",\"mainEntityOfPage\":{\"@id\":\"https:\/\/julesverne.com.tr\/travel-blog\/turkiyenin-bilinmeyen-en-guzel-koyleri\/\"},\"wordCount\":7065,\"publisher\":{\"@id\":\"https:\/\/julesverne.com.tr\/#organization\"},\"image\":{\"@id\":\"https:\/\/julesverne.com.tr\/travel-blog\/turkiyenin-bilinmeyen-en-guzel-koyleri\/#primaryimage\"},\"thumbnailUrl\":\"https:\/\/julesverne.com.tr\/wp-content\/uploads\/2021\/10\/yesilyurt_canakkale_shutterstock_1385532194-1.jpg\",\"keywords\":[\"Nereye Gitsek\",\"T\u00fcrkiye'nin En G\u00fczel K\u00f6yleri\"],\"articleSection\":[\"\u0130lham Veren Destinasyonlar\",\"Blog\",\"Nereye Gitsek?\"],\"inLanguage\":\"en-US\"},{\"@type\":\"WebPage\",\"@id\":\"https:\/\/julesverne.com.tr\/travel-blog\/turkiyenin-bilinmeyen-en-guzel-koyleri\/\",\"url\":\"https:\/\/julesverne.com.tr\/travel-blog\/turkiyenin-bilinmeyen-en-guzel-koyleri\/\",\"name\":\"[:tr]T\u00fcrkiye\u2019nin Mutlaka G\u00f6r\u00fclmesi Gereken En G\u00fczel K\u00f6yleri[:en]T\u00fcrkiye\u2019nin Hen\u00fcz Ke\u015ffedilmemi\u015f, Mutlaka G\u00f6r\u00fclmesi Gereken En G\u00fczel K\u00f6yleri[:] - JULES VERNE BUSINESS MICE TRAVEL\",\"isPartOf\":{\"@id\":\"https:\/\/julesverne.com.tr\/#website\"},\"primaryImageOfPage\":{\"@id\":\"https:\/\/julesverne.com.tr\/travel-blog\/turkiyenin-bilinmeyen-en-guzel-koyleri\/#primaryimage\"},\"image\":{\"@id\":\"https:\/\/julesverne.com.tr\/travel-blog\/turkiyenin-bilinmeyen-en-guzel-koyleri\/#primaryimage\"},\"thumbnailUrl\":\"https:\/\/julesverne.com.tr\/wp-content\/uploads\/2021\/10\/yesilyurt_canakkale_shutterstock_1385532194-1.jpg\",\"datePublished\":\"2024-01-30T09:09:01+00:00\",\"dateModified\":\"2024-07-06T05:25:39+00:00\",\"description\":\"T\u00fcrkiye\u2019nin yedi b\u00f6lgesinden, hen\u00fcz ke\u015ffedilmemi\u015f, mutlaka g\u00f6r\u00fclmesi gereken en g\u00fczel k\u00f6yler\u2026\",\"breadcrumb\":{\"@id\":\"https:\/\/julesverne.com.tr\/travel-blog\/turkiyenin-bilinmeyen-en-guzel-koyleri\/#breadcrumb\"},\"inLanguage\":\"en-US\",\"potentialAction\":[{\"@type\":\"ReadAction\",\"target\":[\"https:\/\/julesverne.com.tr\/travel-blog\/turkiyenin-bilinmeyen-en-guzel-koyleri\/\"]}]},{\"@type\":\"ImageObject\",\"inLanguage\":\"en-US\",\"@id\":\"https:\/\/julesverne.com.tr\/travel-blog\/turkiyenin-bilinmeyen-en-guzel-koyleri\/#primaryimage\",\"url\":\"https:\/\/julesverne.com.tr\/wp-content\/uploads\/2021\/10\/yesilyurt_canakkale_shutterstock_1385532194-1.jpg\",\"contentUrl\":\"https:\/\/julesverne.com.tr\/wp-content\/uploads\/2021\/10\/yesilyurt_canakkale_shutterstock_1385532194-1.jpg\",\"width\":1000,\"height\":667},{\"@type\":\"BreadcrumbList\",\"@id\":\"https:\/\/julesverne.com.tr\/travel-blog\/turkiyenin-bilinmeyen-en-guzel-koyleri\/#breadcrumb\",\"itemListElement\":[{\"@type\":\"ListItem\",\"position\":1,\"name\":\"Anasayfa\",\"item\":\"https:\/\/julesverne.com.tr\/\"},{\"@type\":\"ListItem\",\"position\":2,\"name\":\"T\u00fcrkiye\u2019nin Mutlaka G\u00f6r\u00fclmesi Gereken En G\u00fczel K\u00f6yleri\"}]},{\"@type\":\"WebSite\",\"@id\":\"https:\/\/julesverne.com.tr\/#website\",\"url\":\"https:\/\/julesverne.com.tr\/\",\"name\":\"JULES VERNE BUSINESS MICE TRAVEL\",\"description\":\"\",\"publisher\":{\"@id\":\"https:\/\/julesverne.com.tr\/#organization\"},\"potentialAction\":[{\"@type\":\"SearchAction\",\"target\":{\"@type\":\"EntryPoint\",\"urlTemplate\":\"https:\/\/julesverne.com.tr\/?s={search_term_string}\"},\"query-input\":\"required name=search_term_string\"}],\"inLanguage\":\"en-US\"},{\"@type\":\"Organization\",\"@id\":\"https:\/\/julesverne.com.tr\/#organization\",\"name\":\"JULES VERNE BUSINESS MICE TRAVEL\",\"url\":\"https:\/\/julesverne.com.tr\/\",\"logo\":{\"@type\":\"ImageObject\",\"inLanguage\":\"en-US\",\"@id\":\"https:\/\/julesverne.com.tr\/#\/schema\/logo\/image\/\",\"url\":\"https:\/\/julesverne.com.tr\/wp-content\/uploads\/2020\/09\/jv-bmt-logo.png\",\"contentUrl\":\"https:\/\/julesverne.com.tr\/wp-content\/uploads\/2020\/09\/jv-bmt-logo.png\",\"width\":110,\"height\":81,\"caption\":\"JULES VERNE BUSINESS MICE TRAVEL\"},\"image\":{\"@id\":\"https:\/\/julesverne.com.tr\/#\/schema\/logo\/image\/\"},\"sameAs\":[\"https:\/\/www.facebook.com\/JulesVerneBusinessMiceTravel\/\",\"https:\/\/twitter.com\/JV_BusinessMice\",\"https:\/\/www.instagram.com\/julesvernebusinessmicetravel\/\",\"https:\/\/www.linkedin.com\/company\/julesvernebusinessmicetravel\/\",\"https:\/\/www.youtube.com\/channel\/UCAwdsmbZ6tFhu1tea6pkpiw\"]},{\"@type\":\"Person\",\"@id\":\"https:\/\/julesverne.com.tr\/#\/schema\/person\/b27d0a74a740ecb2ffc838c934d95797\",\"name\":\"senem.ekermen\",\"url\":\"https:\/\/julesverne.com.tr\/en\/author\/senem-ekermen\/\"}]}<\/script>\n<!-- \/ Yoast SEO plugin. -->","yoast_head_json":{"title":"[:tr]T\u00fcrkiye\u2019nin Mutlaka G\u00f6r\u00fclmesi Gereken En G\u00fczel K\u00f6yleri[:en]T\u00fcrkiye\u2019nin Hen\u00fcz Ke\u015ffedilmemi\u015f, Mutlaka G\u00f6r\u00fclmesi Gereken En G\u00fczel K\u00f6yleri[:] - JULES VERNE BUSINESS MICE TRAVEL","description":"T\u00fcrkiye\u2019nin yedi b\u00f6lgesinden, hen\u00fcz ke\u015ffedilmemi\u015f, mutlaka g\u00f6r\u00fclmesi gereken en g\u00fczel k\u00f6yler\u2026","robots":{"index":"index","follow":"follow","max-snippet":"max-snippet:-1","max-image-preview":"max-image-preview:large","max-video-preview":"max-video-preview:-1"},"canonical":"https:\/\/julesverne.com.tr\/travel-blog\/turkiyenin-bilinmeyen-en-guzel-koyleri\/","og_locale":"en_US","og_type":"article","og_title":"[:tr]T\u00fcrkiye\u2019nin Mutlaka G\u00f6r\u00fclmesi Gereken En G\u00fczel K\u00f6yleri[:en]T\u00fcrkiye\u2019nin Hen\u00fcz Ke\u015ffedilmemi\u015f, Mutlaka G\u00f6r\u00fclmesi Gereken En G\u00fczel K\u00f6yleri[:] - JULES VERNE BUSINESS MICE TRAVEL","og_description":"T\u00fcrkiye\u2019nin yedi b\u00f6lgesinden, hen\u00fcz ke\u015ffedilmemi\u015f, mutlaka g\u00f6r\u00fclmesi gereken en g\u00fczel k\u00f6yler\u2026","og_url":"https:\/\/julesverne.com.tr\/travel-blog\/turkiyenin-bilinmeyen-en-guzel-koyleri\/","og_site_name":"JULES VERNE BUSINESS MICE TRAVEL","article_publisher":"https:\/\/www.facebook.com\/JulesVerneBusinessMiceTravel\/","article_published_time":"2024-01-30T09:09:01+00:00","article_modified_time":"2024-07-06T05:25:39+00:00","og_image":[{"width":1000,"height":667,"url":"https:\/\/julesverne.com.tr\/wp-content\/uploads\/2021\/10\/yesilyurt_canakkale_shutterstock_1385532194-1.jpg","type":"image\/jpeg"}],"author":"senem.ekermen","twitter_card":"summary_large_image","twitter_creator":"@JV_BusinessMice","twitter_site":"@JV_BusinessMice","twitter_misc":{"Written by":"senem.ekermen","Est. reading time":"39 minutes"},"schema":{"@context":"https:\/\/schema.org","@graph":[{"@type":"Article","@id":"https:\/\/julesverne.com.tr\/travel-blog\/turkiyenin-bilinmeyen-en-guzel-koyleri\/#article","isPartOf":{"@id":"https:\/\/julesverne.com.tr\/travel-blog\/turkiyenin-bilinmeyen-en-guzel-koyleri\/"},"author":{"name":"senem.ekermen","@id":"https:\/\/julesverne.com.tr\/#\/schema\/person\/b27d0a74a740ecb2ffc838c934d95797"},"headline":"T\u00fcrkiye\u2019nin Hen\u00fcz Ke\u015ffedilmemi\u015f, Mutlaka G\u00f6r\u00fclmesi Gereken En G\u00fczel K\u00f6yleri","datePublished":"2024-01-30T09:09:01+00:00","dateModified":"2024-07-06T05:25:39+00:00","mainEntityOfPage":{"@id":"https:\/\/julesverne.com.tr\/travel-blog\/turkiyenin-bilinmeyen-en-guzel-koyleri\/"},"wordCount":7065,"publisher":{"@id":"https:\/\/julesverne.com.tr\/#organization"},"image":{"@id":"https:\/\/julesverne.com.tr\/travel-blog\/turkiyenin-bilinmeyen-en-guzel-koyleri\/#primaryimage"},"thumbnailUrl":"https:\/\/julesverne.com.tr\/wp-content\/uploads\/2021\/10\/yesilyurt_canakkale_shutterstock_1385532194-1.jpg","keywords":["Nereye Gitsek","T\u00fcrkiye'nin En G\u00fczel K\u00f6yleri"],"articleSection":["\u0130lham Veren Destinasyonlar","Blog","Nereye Gitsek?"],"inLanguage":"en-US"},{"@type":"WebPage","@id":"https:\/\/julesverne.com.tr\/travel-blog\/turkiyenin-bilinmeyen-en-guzel-koyleri\/","url":"https:\/\/julesverne.com.tr\/travel-blog\/turkiyenin-bilinmeyen-en-guzel-koyleri\/","name":"[:tr]T\u00fcrkiye\u2019nin Mutlaka G\u00f6r\u00fclmesi Gereken En G\u00fczel K\u00f6yleri[:en]T\u00fcrkiye\u2019nin Hen\u00fcz Ke\u015ffedilmemi\u015f, Mutlaka G\u00f6r\u00fclmesi Gereken En G\u00fczel K\u00f6yleri[:] - JULES VERNE BUSINESS MICE TRAVEL","isPartOf":{"@id":"https:\/\/julesverne.com.tr\/#website"},"primaryImageOfPage":{"@id":"https:\/\/julesverne.com.tr\/travel-blog\/turkiyenin-bilinmeyen-en-guzel-koyleri\/#primaryimage"},"image":{"@id":"https:\/\/julesverne.com.tr\/travel-blog\/turkiyenin-bilinmeyen-en-guzel-koyleri\/#primaryimage"},"thumbnailUrl":"https:\/\/julesverne.com.tr\/wp-content\/uploads\/2021\/10\/yesilyurt_canakkale_shutterstock_1385532194-1.jpg","datePublished":"2024-01-30T09:09:01+00:00","dateModified":"2024-07-06T05:25:39+00:00","description":"T\u00fcrkiye\u2019nin yedi b\u00f6lgesinden, hen\u00fcz ke\u015ffedilmemi\u015f, mutlaka g\u00f6r\u00fclmesi gereken en g\u00fczel k\u00f6yler\u2026","breadcrumb":{"@id":"https:\/\/julesverne.com.tr\/travel-blog\/turkiyenin-bilinmeyen-en-guzel-koyleri\/#breadcrumb"},"inLanguage":"en-US","potentialAction":[{"@type":"ReadAction","target":["https:\/\/julesverne.com.tr\/travel-blog\/turkiyenin-bilinmeyen-en-guzel-koyleri\/"]}]},{"@type":"ImageObject","inLanguage":"en-US","@id":"https:\/\/julesverne.com.tr\/travel-blog\/turkiyenin-bilinmeyen-en-guzel-koyleri\/#primaryimage","url":"https:\/\/julesverne.com.tr\/wp-content\/uploads\/2021\/10\/yesilyurt_canakkale_shutterstock_1385532194-1.jpg","contentUrl":"https:\/\/julesverne.com.tr\/wp-content\/uploads\/2021\/10\/yesilyurt_canakkale_shutterstock_1385532194-1.jpg","width":1000,"height":667},{"@type":"BreadcrumbList","@id":"https:\/\/julesverne.com.tr\/travel-blog\/turkiyenin-bilinmeyen-en-guzel-koyleri\/#breadcrumb","itemListElement":[{"@type":"ListItem","position":1,"name":"Anasayfa","item":"https:\/\/julesverne.com.tr\/"},{"@type":"ListItem","position":2,"name":"T\u00fcrkiye\u2019nin Mutlaka G\u00f6r\u00fclmesi Gereken En G\u00fczel K\u00f6yleri"}]},{"@type":"WebSite","@id":"https:\/\/julesverne.com.tr\/#website","url":"https:\/\/julesverne.com.tr\/","name":"JULES VERNE BUSINESS MICE TRAVEL","description":"","publisher":{"@id":"https:\/\/julesverne.com.tr\/#organization"},"potentialAction":[{"@type":"SearchAction","target":{"@type":"EntryPoint","urlTemplate":"https:\/\/julesverne.com.tr\/?s={search_term_string}"},"query-input":"required name=search_term_string"}],"inLanguage":"en-US"},{"@type":"Organization","@id":"https:\/\/julesverne.com.tr\/#organization","name":"JULES VERNE BUSINESS MICE TRAVEL","url":"https:\/\/julesverne.com.tr\/","logo":{"@type":"ImageObject","inLanguage":"en-US","@id":"https:\/\/julesverne.com.tr\/#\/schema\/logo\/image\/","url":"https:\/\/julesverne.com.tr\/wp-content\/uploads\/2020\/09\/jv-bmt-logo.png","contentUrl":"https:\/\/julesverne.com.tr\/wp-content\/uploads\/2020\/09\/jv-bmt-logo.png","width":110,"height":81,"caption":"JULES VERNE BUSINESS MICE TRAVEL"},"image":{"@id":"https:\/\/julesverne.com.tr\/#\/schema\/logo\/image\/"},"sameAs":["https:\/\/www.facebook.com\/JulesVerneBusinessMiceTravel\/","https:\/\/twitter.com\/JV_BusinessMice","https:\/\/www.instagram.com\/julesvernebusinessmicetravel\/","https:\/\/www.linkedin.com\/company\/julesvernebusinessmicetravel\/","https:\/\/www.youtube.com\/channel\/UCAwdsmbZ6tFhu1tea6pkpiw"]},{"@type":"Person","@id":"https:\/\/julesverne.com.tr\/#\/schema\/person\/b27d0a74a740ecb2ffc838c934d95797","name":"senem.ekermen","url":"https:\/\/julesverne.com.tr\/en\/author\/senem-ekermen\/"}]}},"_links":{"self":[{"href":"https:\/\/julesverne.com.tr\/en\/wp-json\/wp\/v2\/posts\/10730"}],"collection":[{"href":"https:\/\/julesverne.com.tr\/en\/wp-json\/wp\/v2\/posts"}],"about":[{"href":"https:\/\/julesverne.com.tr\/en\/wp-json\/wp\/v2\/types\/post"}],"author":[{"embeddable":true,"href":"https:\/\/julesverne.com.tr\/en\/wp-json\/wp\/v2\/users\/5"}],"replies":[{"embeddable":true,"href":"https:\/\/julesverne.com.tr\/en\/wp-json\/wp\/v2\/comments?post=10730"}],"version-history":[{"count":3,"href":"https:\/\/julesverne.com.tr\/en\/wp-json\/wp\/v2\/posts\/10730\/revisions"}],"predecessor-version":[{"id":17672,"href":"https:\/\/julesverne.com.tr\/en\/wp-json\/wp\/v2\/posts\/10730\/revisions\/17672"}],"wp:featuredmedia":[{"embeddable":true,"href":"https:\/\/julesverne.com.tr\/en\/wp-json\/wp\/v2\/media\/10733"}],"wp:attachment":[{"href":"https:\/\/julesverne.com.tr\/en\/wp-json\/wp\/v2\/media?parent=10730"}],"wp:term":[{"taxonomy":"category","embeddable":true,"href":"https:\/\/julesverne.com.tr\/en\/wp-json\/wp\/v2\/categories?post=10730"},{"taxonomy":"post_tag","embeddable":true,"href":"https:\/\/julesverne.com.tr\/en\/wp-json\/wp\/v2\/tags?post=10730"}],"curies":[{"name":"wp","href":"https:\/\/api.w.org\/{rel}","templated":true}]}}