{"id":10635,"date":"2022-06-20T15:26:47","date_gmt":"2022-06-20T12:26:47","guid":{"rendered":"https:\/\/julesverne.com.tr\/?p=10635"},"modified":"2022-06-21T15:46:05","modified_gmt":"2022-06-21T12:46:05","slug":"seyseller-seyahat-rehberi","status":"publish","type":"post","link":"https:\/\/julesverne.com.tr\/en\/travel-blog\/seyseller-seyahat-rehberi\/","title":{"rendered":"Sey\u015feller Seyahat Rehberi"},"content":{"rendered":"<p><img loading=\"lazy\" decoding=\"async\" class=\"alignnone wp-image-8403\" src=\"https:\/\/julesverne.com.tr\/wp-content\/uploads\/2021\/05\/seychelles_shutterstock_1058026505-1-500x375.jpg\" alt=\"\" width=\"1200\" height=\"899\" srcset=\"https:\/\/julesverne.com.tr\/wp-content\/uploads\/2021\/05\/seychelles_shutterstock_1058026505-1-500x375.jpg 500w, https:\/\/julesverne.com.tr\/wp-content\/uploads\/2021\/05\/seychelles_shutterstock_1058026505-1-768x575.jpg 768w, https:\/\/julesverne.com.tr\/wp-content\/uploads\/2021\/05\/seychelles_shutterstock_1058026505-1.jpg 1000w\" sizes=\"(max-width: 1200px) 100vw, 1200px\" \/><\/p>\n<p>El de\u011fmemi\u015f do\u011fan\u0131n, mutlak huzurun ve do\u011fal g\u00fczelli\u011fin \u00fclkesi <strong>Sey\u015feller<\/strong>, Hint Okyanusu\u2019nda Do\u011fu Afrika k\u0131y\u0131lar\u0131na do\u011fru yay\u0131lan ve \u00e7o\u011funlu\u011fu bakir kalan 115 adadan olu\u015fuyor. B\u00fcy\u00fcleyici plajlar\u0131, turkuaz sularla \u00e7evrili ye\u015fil tepeleri, palmiye a\u011fa\u00e7lar\u0131, bir Dali tablosunu and\u0131ran kayal\u0131klar\u0131, zengin su alt\u0131 ya\u015fam\u0131, benzersiz do\u011fal ya\u015fam\u0131, kontroll\u00fc yerle\u015fim alanlar\u0131yla Sey\u015feller izole ve g\u00fcvenli tatilin en g\u00fczel adreslerinden.<\/p>\n<p>Yerle\u015fimin bulunmad\u0131\u011f\u0131 mercan adac\u0131klar\u0131 ve kendine \u00f6zg\u00fc karakteriyle in\u015fa edilmi\u015f adalar\u0131yla Sey\u015feller; <strong>vize ba\u015fvurusu ve saat fark\u0131 olmadan, jet-lag ya\u015famadan<\/strong> Hint Okyanusu\u2019nun ortas\u0131nda, y\u0131l boyu ortalama s\u0131cakl\u0131\u011f\u0131 20 derece olan do\u011fal bir cennette sizi bamba\u015fka bir deneyimle bulu\u015fturuyor.<\/p>\n<p><strong>\u201cSey\u015feller\u2019e ne zaman, nas\u0131l gidilir? Sey\u015feller\u2019e giri\u015f kurallar\u0131 nelerdir? Nereler gezilmeli, g\u00f6r\u00fclmeli?\u201d<\/strong> hepsi sizler i\u00e7in haz\u0131rlad\u0131\u011f\u0131m\u0131z Sey\u015feller Seyahat Rehberi\u2019nde\u2026<\/p>\n<p><img loading=\"lazy\" decoding=\"async\" class=\"alignnone wp-image-4195\" src=\"https:\/\/julesverne.com.tr\/wp-content\/uploads\/2020\/09\/1seyseller.jpg\" alt=\"\" width=\"1200\" height=\"789\" srcset=\"https:\/\/julesverne.com.tr\/wp-content\/uploads\/2020\/09\/1seyseller.jpg 1016w, https:\/\/julesverne.com.tr\/wp-content\/uploads\/2020\/09\/1seyseller-500x329.jpg 500w, https:\/\/julesverne.com.tr\/wp-content\/uploads\/2020\/09\/1seyseller-768x505.jpg 768w\" sizes=\"(max-width: 1200px) 100vw, 1200px\" \/><\/p>\n<h2><strong>T\u00fcrkiye\u2019den Sey\u015feller\u2019e Seyahat Ederken Giri\u015fte Aranan \u015eartlar<\/strong><\/h2>\n<p><strong>17 Eyl\u00fcl 2021<\/strong> tarihinde yap\u0131lan g\u00fcncelleme ile a\u015f\u0131 veya karantina gereksinimi olmaks\u0131z\u0131n, kalk\u0131\u015ftan en fazla 72 saat \u00f6nce yap\u0131lan negatif COVID-19 PCR test sonucunu ibraz eden T\u00fcrk vatanda\u015flar\u0131, Sey\u015feller\u2019e herhangi bir k\u0131s\u0131tlama olmadan seyahat edebiliyor.<\/p>\n<ul>\n<li>T\u00fcrk vatanda\u015flar\u0131n\u0131n, seyahat \u00f6ncesinde <strong><a href=\"https:\/\/seychelles.govtas.com\/\">https:\/\/seychelles.govtas.com\/<\/a><\/strong> adresinden al\u0131nm\u0131\u015f onayl\u0131 sa\u011fl\u0131k seyahat izni olmal\u0131d\u0131r. Seyahat izni, planlanan var\u0131\u015f tarihinden bir g\u00fcn sonras\u0131na kadar ge\u00e7erlidir.<\/li>\n<li>T\u00fcrk vatanda\u015flar\u0131, seyahat izinlerini <strong><a href=\"https:\/\/seychelles.govtas.com\/application-check\">https:\/\/seychelles.govtas.com\/application-check <\/a><\/strong>adresinden alabilir veya havayollar\u0131<strong> <a href=\"https:\/\/tvalidator.app\">https:\/\/tvalidator.app<\/a> <\/strong>adresinden indirilebilen <strong>Travizory Validator <\/strong>uygulamas\u0131n\u0131 kullanarak seyahat yetkilerini veya yetkilendirmeyi do\u011frulayabilir.<\/li>\n<li>Yolcular giri\u015fte t\u0131bbi taramadan ge\u00e7irilmektedir.<\/li>\n<li>Banglade\u015f, Brezilya, Hindistan, Nepal veya Pakistan\u2019dan gelen yolcular, 7 g\u00fcn karantinaya tabi tutulmaktad\u0131r.<\/li>\n<\/ul>\n<p><img loading=\"lazy\" decoding=\"async\" class=\"alignnone wp-image-10637 size-full\" src=\"https:\/\/julesverne.com.tr\/wp-content\/uploads\/2021\/09\/seyseller-2.jpg\" alt=\"\" width=\"1200\" height=\"800\" srcset=\"https:\/\/julesverne.com.tr\/wp-content\/uploads\/2021\/09\/seyseller-2.jpg 1200w, https:\/\/julesverne.com.tr\/wp-content\/uploads\/2021\/09\/seyseller-2-500x333.jpg 500w, https:\/\/julesverne.com.tr\/wp-content\/uploads\/2021\/09\/seyseller-2-768x512.jpg 768w\" sizes=\"(max-width: 1200px) 100vw, 1200px\" \/><\/p>\n<h2><strong>Sey\u015feller\u2019e Ne Zaman Gidilir?<\/strong><\/h2>\n<p>Turkuaz sularla \u00e7evrili ada ya\u015fant\u0131s\u0131n\u0131 iki belirgin mevsim \u015fekillendirir. \u0130klimin dengeli bir s\u0131cakl\u0131k aral\u0131\u011f\u0131nda de\u011fi\u015fti\u011fi Sey\u015feller\u2019e hemen hemen y\u0131l\u0131n her d\u00f6nemi gidilebilir. G\u00fcney yar\u0131m k\u00fcrede y\u0131l\u0131n en s\u0131cak ve en nemli d\u00f6nemi Ekim ay\u0131nda ba\u015flay\u0131p, Nisan ay\u0131nda biten yaz mevsimidir.<\/p>\n<p><img loading=\"lazy\" decoding=\"async\" class=\"alignnone wp-image-8201\" src=\"https:\/\/julesverne.com.tr\/wp-content\/uploads\/2021\/04\/shutterstock_1008741436-500x334.jpg\" alt=\"\" width=\"1200\" height=\"800\" srcset=\"https:\/\/julesverne.com.tr\/wp-content\/uploads\/2021\/04\/shutterstock_1008741436-500x334.jpg 500w, https:\/\/julesverne.com.tr\/wp-content\/uploads\/2021\/04\/shutterstock_1008741436-768x512.jpg 768w, https:\/\/julesverne.com.tr\/wp-content\/uploads\/2021\/04\/shutterstock_1008741436.jpg 1000w\" sizes=\"(max-width: 1200px) 100vw, 1200px\" \/><\/p>\n<h2><strong>Sey\u015feller\u2019e Nas\u0131l Gidilir?<\/strong><\/h2>\n<p><strong>U\u00c7U\u015e B\u0130LG\u0130LER\u0130<\/strong><\/p>\n<p dir=\"auto\">T\u00fcrk Hava Yollar\u0131 ile 7 saat 50 dakika s\u00fcren direkt u\u00e7u\u015flarla kolayca gidilebilmesi Sey\u015feller\u2019i daha da cazip k\u0131l\u0131yor. THY U\u00e7u\u015f Bilgileri:<\/p>\n<ul>\n<li><strong>30 Ekim 2021<\/strong>&#8216; e kadar: Her Sal\u0131 ve Cumartesi g\u00fcn\u00fc gidi\u015f ve d\u00f6n\u00fc\u015f<\/li>\n<li><strong>2 Kas\u0131m &#8211; 26 Mart 2021 <\/strong>tarihleri aras\u0131nda: Her Sal\u0131, Per\u015fembe ve Cumartesi g\u00fcn\u00fc gidi\u015f ve d\u00f6n\u00fc\u015f<\/li>\n<\/ul>\n<p><strong>V\u0130ZE B\u0130LG\u0130LER\u0130<\/strong><\/p>\n<p>Sey\u015feller, T\u00fcrk vatanda\u015flar\u0131na vize uygulamad\u0131\u011f\u0131ndan, Sey\u015feller seyahatinizi en az 6 ay ge\u00e7erli olan pasaportunuzla ger\u00e7ekle\u015ftirebilirsiniz.<\/p>\n<p><img loading=\"lazy\" decoding=\"async\" class=\"alignnone wp-image-8356\" src=\"https:\/\/julesverne.com.tr\/wp-content\/uploads\/2021\/05\/Hilton-Seychelles-Labriz-Resort-Spa-500x333.jpg\" alt=\"\" width=\"1200\" height=\"800\" srcset=\"https:\/\/julesverne.com.tr\/wp-content\/uploads\/2021\/05\/Hilton-Seychelles-Labriz-Resort-Spa-500x333.jpg 500w, https:\/\/julesverne.com.tr\/wp-content\/uploads\/2021\/05\/Hilton-Seychelles-Labriz-Resort-Spa-768x512.jpg 768w, https:\/\/julesverne.com.tr\/wp-content\/uploads\/2021\/05\/Hilton-Seychelles-Labriz-Resort-Spa.jpg 1024w\" sizes=\"(max-width: 1200px) 100vw, 1200px\" \/><\/p>\n<h2>Sey\u015feller&#8217;de Nerede Kal\u0131n\u0131r?<\/h2>\n<p>Mahremiyeti, do\u011fay\u0131, l\u00fcks\u00fc ve dinginli\u011fi bir arada ya\u015famak isteyen \u00e7iftlerin; \u00e7ocuklar\u0131na unutulmaz bir an\u0131 b\u0131rakmak isteyen ailelerin; modern \u015fehir hayat\u0131na k\u0131sa bir mola vermek isteyen arkada\u015f gruplar\u0131n\u0131n tropikal adresi <strong>Sey\u015feller\u2019in en g\u00fczel otellerini <\/strong>sizler i\u00e7in haz\u0131rlad\u0131k. Mah\u00e9 Adas\u0131&#8217;ndan Praslin Adas\u0131&#8217;na, La Digue Adas\u0131&#8217;ndan Silhouette Adas\u0131&#8217;na Sey\u015fellerin en g\u00fczel otellerine<strong><a href=\"https:\/\/julesverne.com.tr\/seyahat-blog\/nerede-kalsak\/seyseller-otel-onerileri\/\"> buradan <\/a><\/strong>ula\u015fabilirsiniz.<\/p>\n<p><img loading=\"lazy\" decoding=\"async\" class=\"alignnone wp-image-7891\" src=\"https:\/\/julesverne.com.tr\/wp-content\/uploads\/2021\/03\/praslin_seychelles_shutterstock_126709802-500x334.jpg\" alt=\"\" width=\"1200\" height=\"800\" srcset=\"https:\/\/julesverne.com.tr\/wp-content\/uploads\/2021\/03\/praslin_seychelles_shutterstock_126709802-500x334.jpg 500w, https:\/\/julesverne.com.tr\/wp-content\/uploads\/2021\/03\/praslin_seychelles_shutterstock_126709802-768x512.jpg 768w, https:\/\/julesverne.com.tr\/wp-content\/uploads\/2021\/03\/praslin_seychelles_shutterstock_126709802.jpg 1000w\" sizes=\"(max-width: 1200px) 100vw, 1200px\" \/><\/p>\n<h2><strong>Sey\u015feller\u2019de Nereler G\u00f6r\u00fclmeli?<\/strong><\/h2>\n<ul>\n<li>Do\u011fas\u0131 ve birbirinden g\u00fczel plajlar\u0131yla Sey\u015feller\u2019de mutlaka g\u00f6r\u00fclmesi gereken yerlerden biri olan <strong>Praslin Adas\u0131<\/strong>\u2019nda Coco de Mer palmiyeleriyle dolu <strong>Vall\u00e9e de Mai on Praslin<\/strong>\u2019i ziyaret edebilirsiniz.<\/li>\n<li>Mah\u00e9 Adas\u0131\u2019nda, d\u00fcnyan\u0131n en k\u00fc\u00e7\u00fck ba\u015fkentlerinden biri olan <strong>Victoria<\/strong>\u2019y\u0131 gezebilirsiniz.<\/li>\n<li>Bakir koylar\u0131 ve egzotik atmosferiyle g\u00f6z kama\u015ft\u0131ran <strong>Moyenne Adas\u0131<\/strong>\u00a0enfes plaj\u0131 ve el de\u011fmemi\u015f ormanlar\u0131 ile g\u00f6r\u00fclmeye de\u011fer.<\/li>\n<li>Mercan kayal\u0131klar\u0131 ve binlerce bal\u0131k t\u00fcr\u00fc aras\u0131nda unutulmaz bir dal\u0131\u015f deneyimi ya\u015famak i\u00e7in <strong>Ste Anne Marine Ulusal Deniz Park\u0131<\/strong>\u2019nda unutamayaca\u011f\u0131n\u0131z bir dal\u0131\u015f deneyimi ya\u015fayabilirsiniz.<\/li>\n<\/ul>\n<p><img loading=\"lazy\" decoding=\"async\" class=\"alignnone wp-image-8202\" src=\"https:\/\/julesverne.com.tr\/wp-content\/uploads\/2021\/04\/shutterstock_1455531734-500x319.jpg\" alt=\"\" width=\"1200\" height=\"764\" srcset=\"https:\/\/julesverne.com.tr\/wp-content\/uploads\/2021\/04\/shutterstock_1455531734-500x319.jpg 500w, https:\/\/julesverne.com.tr\/wp-content\/uploads\/2021\/04\/shutterstock_1455531734-768x489.jpg 768w, https:\/\/julesverne.com.tr\/wp-content\/uploads\/2021\/04\/shutterstock_1455531734.jpg 1000w\" sizes=\"(max-width: 1200px) 100vw, 1200px\" \/><\/p>\n<ul>\n<li>La Digue Adas\u0131\u2019nda \u00e7arp\u0131c\u0131 <strong>Anse Source d\u2019Argent Plaj\u0131<\/strong> ve \u00fcnl\u00fc Hindistan cevizi plantasyonunu g\u00f6r\u00fcn.<\/li>\n<li><strong>Couisin Island, Curieuse Island<\/strong> ve <strong> Pierre Island<\/strong>\u2019\u0131n dahil oldu\u011fu e\u015fsiz bir tekne gezisine \u00e7\u0131k\u0131n.<\/li>\n<li><strong>Morne Seychellious Ulusal Park\u0131<\/strong>, seyahatlerini \u00f6l\u00fcms\u00fczle\u015ftirmek i\u00e7in foto\u011fraf makinesine sar\u0131lanlar\u0131n sevece\u011fi manzaralara sahip.<\/li>\n<\/ul>\n<p><img loading=\"lazy\" decoding=\"async\" class=\"size-full wp-image-10639 alignnone\" src=\"https:\/\/julesverne.com.tr\/wp-content\/uploads\/2021\/09\/seyseller-2-1.jpg\" alt=\"\" width=\"1200\" height=\"800\" srcset=\"https:\/\/julesverne.com.tr\/wp-content\/uploads\/2021\/09\/seyseller-2-1.jpg 1200w, https:\/\/julesverne.com.tr\/wp-content\/uploads\/2021\/09\/seyseller-2-1-500x333.jpg 500w, https:\/\/julesverne.com.tr\/wp-content\/uploads\/2021\/09\/seyseller-2-1-768x512.jpg 768w\" sizes=\"(max-width: 1200px) 100vw, 1200px\" \/><\/p>\n<ul>\n<li>Mahe \u015fehrinde gezip g\u00f6rmeniz gereken yerlerin ba\u015f\u0131nda gelen <strong>Sey\u015feller Ulusal Botanik Bah\u00e7eleri<\/strong>\u2019ndeki endemik ve egzotik bitkilerden olu\u015fan g\u00f6rkemli ye\u015fil alanlar\u0131 g\u00f6rmelisiniz. Sey\u015feller Ulusal Botanik Bah\u00e7eleri\u2019nde baz\u0131lar\u0131n\u0131n ya\u015f\u0131 150\u2019yi bulan dev kaplumba\u011falar da ya\u015f\u0131yor.<\/li>\n<li>Adalar toplulu\u011funun birbirinden g\u00fczel ve bakir plajlar\u0131n\u0131 ke\u015ffedin.<\/li>\n<li><strong>Creole <\/strong>mutfa\u011f\u0131na \u00f6zg\u00fc yerel lezzetleri deneyin.<\/li>\n<\/ul>\n<p><img loading=\"lazy\" decoding=\"async\" class=\"alignnone wp-image-10633 size-full\" src=\"https:\/\/julesverne.com.tr\/wp-content\/uploads\/2021\/09\/seyseller-mahe-island.jpg\" alt=\"\" width=\"1200\" height=\"800\" srcset=\"https:\/\/julesverne.com.tr\/wp-content\/uploads\/2021\/09\/seyseller-mahe-island.jpg 1200w, https:\/\/julesverne.com.tr\/wp-content\/uploads\/2021\/09\/seyseller-mahe-island-500x333.jpg 500w, https:\/\/julesverne.com.tr\/wp-content\/uploads\/2021\/09\/seyseller-mahe-island-768x512.jpg 768w\" sizes=\"(max-width: 1200px) 100vw, 1200px\" \/><\/p>\n<ul>\n<li>Do\u011fa y\u00fcr\u00fcy\u00fc\u015fleri ve trekking\u2019e ilginiz varsa <strong>Mah\u00e9 Adas\u0131<\/strong>\u2019n\u0131n birbirinden g\u00fczel y\u00fcr\u00fcy\u00fc\u015f parkurlar\u0131nda y\u00fcr\u00fcyebilirsiniz.<\/li>\n<li>Nesli t\u00fckenmekte olan koruma alt\u0131na al\u0131nan hayvan t\u00fcrlerini g\u00f6r\u00fcn.<\/li>\n<\/ul>\n<h2 style=\"text-align: center;\"><strong>Size \u00d6zel Sey\u015feller Seyahat Program\u0131 ve Rezervasyon i\u00e7in: <\/strong><\/h2>\n<h2 style=\"text-align: center;\"><a href=\"mailto:travel@julesverne.com.tr\"><strong>travel@julesverne.com.tr<\/strong><\/a><\/h2>\n<p><em><strong>***COVID-19 tedbirleri kapsam\u0131nda \u00fclkelerin giri\u015f kurallar\u0131, \u00fclkelerin resmi mercileri taraf\u0131ndan g\u00fcnl\u00fck veya anl\u0131k olarak de\u011fi\u015ftirilebilmektedir. <\/strong><strong>Seyahat \u00f6ncesi bilgi ve sorular\u0131n\u0131z i\u00e7in: <\/strong><a href=\"mailto:travel@julesverne.com.tr\"><strong>travel@julesverne.com.tr<\/strong><\/a><\/em><\/p>","protected":false},"excerpt":{"rendered":"<p>El de\u011fmemi\u015f do\u011fan\u0131n, mutlak huzurun ve do\u011fal g\u00fczelli\u011fin \u00fclkesi Sey\u015feller, Hint Okyanusu\u2019nda Do\u011fu Afrika k\u0131y\u0131lar\u0131na do\u011fru yay\u0131lan ve \u00e7o\u011funlu\u011fu bakir kalan 115 adadan olu\u015fuyor. B\u00fcy\u00fcleyici plajlar\u0131, turkuaz sularla \u00e7evrili ye\u015fil tepeleri, palmiye a\u011fa\u00e7lar\u0131, bir Dali tablosunu and\u0131ran kayal\u0131klar\u0131, zengin su alt\u0131 ya\u015fam\u0131, benzersiz do\u011fal ya\u015fam\u0131, kontroll\u00fc yerle\u015fim alanlar\u0131yla Sey\u015feller izole ve g\u00fcvenli tatilin en g\u00fczel [&hellip;]<\/p>\n","protected":false},"author":10,"featured_media":3788,"comment_status":"closed","ping_status":"closed","sticky":false,"template":"","format":"standard","meta":{"inline_featured_image":false,"footnotes":""},"categories":[38,1,39],"tags":[137,77,73,182],"acf":[],"yoast_head":"<!-- This site is optimized with the Yoast SEO plugin v22.3 - https:\/\/yoast.com\/wordpress\/plugins\/seo\/ -->\n<title>Sey\u015feller Seyahat Rehberi - JULES VERNE BUSINESS MICE TRAVEL<\/title>\n<meta name=\"description\" content=\"El de\u011fmemi\u015f do\u011fan\u0131n, mutlak huzurun ve do\u011fal g\u00fczelli\u011fin \u00fclkesi Sey\u015feller, Hint Okyanusu\u2019nda Do\u011fu Afrika k\u0131y\u0131lar\u0131na do\u011fru yay\u0131lan ve \u00e7o\u011funlu\u011fu bakir kalan 115 adadan olu\u015fuyor. B\u00fcy\u00fcleyici plajlar\u0131, turkuaz sularla \u00e7evrili ye\u015fil tepeleri, palmiye a\u011fa\u00e7lar\u0131, bir Dali tablosunu and\u0131ran kayal\u0131klar\u0131, zengin su alt\u0131 ya\u015fam\u0131, benzersiz do\u011fal ya\u015fam\u0131, kontroll\u00fc yerle\u015fim alanlar\u0131yla Sey\u015feller izole ve g\u00fcvenli tatilin en g\u00fczel adreslerinden. Yerle\u015fimin bulunmad\u0131\u011f\u0131 mercan adac\u0131klar\u0131 ve kendine \u00f6zg\u00fc karakteriyle in\u015fa edilmi\u015f adalar\u0131yla Sey\u015feller; vize ba\u015fvurusu ve saat fark\u0131 olmadan, jet-lag ya\u015famadan Hint Okyanusu\u2019nun ortas\u0131nda, y\u0131l boyu ortalama s\u0131cakl\u0131\u011f\u0131 20 derece olan do\u011fal bir cennette sizi bamba\u015fka bir deneyimle bulu\u015fturuyor.\" \/>\n<meta name=\"robots\" content=\"index, follow, max-snippet:-1, max-image-preview:large, max-video-preview:-1\" \/>\n<link rel=\"canonical\" href=\"https:\/\/julesverne.com.tr\/travel-blog\/seyseller-seyahat-rehberi\/\" \/>\n<meta property=\"og:locale\" content=\"en_US\" \/>\n<meta property=\"og:type\" content=\"article\" \/>\n<meta property=\"og:title\" content=\"Sey\u015feller Seyahat Rehberi - JULES VERNE BUSINESS MICE TRAVEL\" \/>\n<meta property=\"og:description\" content=\"El de\u011fmemi\u015f do\u011fan\u0131n, mutlak huzurun ve do\u011fal g\u00fczelli\u011fin \u00fclkesi Sey\u015feller, Hint Okyanusu\u2019nda Do\u011fu Afrika k\u0131y\u0131lar\u0131na do\u011fru yay\u0131lan ve \u00e7o\u011funlu\u011fu bakir kalan 115 adadan olu\u015fuyor. B\u00fcy\u00fcleyici plajlar\u0131, turkuaz sularla \u00e7evrili ye\u015fil tepeleri, palmiye a\u011fa\u00e7lar\u0131, bir Dali tablosunu and\u0131ran kayal\u0131klar\u0131, zengin su alt\u0131 ya\u015fam\u0131, benzersiz do\u011fal ya\u015fam\u0131, kontroll\u00fc yerle\u015fim alanlar\u0131yla Sey\u015feller izole ve g\u00fcvenli tatilin en g\u00fczel adreslerinden. Yerle\u015fimin bulunmad\u0131\u011f\u0131 mercan adac\u0131klar\u0131 ve kendine \u00f6zg\u00fc karakteriyle in\u015fa edilmi\u015f adalar\u0131yla Sey\u015feller; vize ba\u015fvurusu ve saat fark\u0131 olmadan, jet-lag ya\u015famadan Hint Okyanusu\u2019nun ortas\u0131nda, y\u0131l boyu ortalama s\u0131cakl\u0131\u011f\u0131 20 derece olan do\u011fal bir cennette sizi bamba\u015fka bir deneyimle bulu\u015fturuyor.\" \/>\n<meta property=\"og:url\" content=\"https:\/\/julesverne.com.tr\/travel-blog\/seyseller-seyahat-rehberi\/\" \/>\n<meta property=\"og:site_name\" content=\"JULES VERNE BUSINESS MICE TRAVEL\" \/>\n<meta property=\"article:publisher\" content=\"https:\/\/www.facebook.com\/JulesVerneBusinessMiceTravel\/\" \/>\n<meta property=\"article:published_time\" content=\"2022-06-20T12:26:47+00:00\" \/>\n<meta property=\"article:modified_time\" content=\"2022-06-21T12:46:05+00:00\" \/>\n<meta property=\"og:image\" content=\"https:\/\/julesverne.com.tr\/wp-content\/uploads\/2020\/09\/seyseller.jpg\" \/>\n\t<meta property=\"og:image:width\" content=\"1000\" \/>\n\t<meta property=\"og:image:height\" content=\"568\" \/>\n\t<meta property=\"og:image:type\" content=\"image\/jpeg\" \/>\n<meta name=\"author\" content=\"Ebru Alt\u0131n\" \/>\n<meta name=\"twitter:card\" content=\"summary_large_image\" \/>\n<meta name=\"twitter:creator\" content=\"@JV_BusinessMice\" \/>\n<meta name=\"twitter:site\" content=\"@JV_BusinessMice\" \/>\n<meta name=\"twitter:label1\" content=\"Written by\" \/>\n\t<meta name=\"twitter:data1\" content=\"Ebru Alt\u0131n\" \/>\n\t<meta name=\"twitter:label2\" content=\"Est. reading time\" \/>\n\t<meta name=\"twitter:data2\" content=\"4 minutes\" \/>\n<script type=\"application\/ld+json\" class=\"yoast-schema-graph\">{\"@context\":\"https:\/\/schema.org\",\"@graph\":[{\"@type\":\"Article\",\"@id\":\"https:\/\/julesverne.com.tr\/travel-blog\/seyseller-seyahat-rehberi\/#article\",\"isPartOf\":{\"@id\":\"https:\/\/julesverne.com.tr\/travel-blog\/seyseller-seyahat-rehberi\/\"},\"author\":{\"name\":\"Ebru Alt\u0131n\",\"@id\":\"https:\/\/julesverne.com.tr\/#\/schema\/person\/219931edfe2e7d9cbbcbabb8a7e4c7f4\"},\"headline\":\"Sey\u015feller Seyahat Rehberi\",\"datePublished\":\"2022-06-20T12:26:47+00:00\",\"dateModified\":\"2022-06-21T12:46:05+00:00\",\"mainEntityOfPage\":{\"@id\":\"https:\/\/julesverne.com.tr\/travel-blog\/seyseller-seyahat-rehberi\/\"},\"wordCount\":1548,\"publisher\":{\"@id\":\"https:\/\/julesverne.com.tr\/#organization\"},\"image\":{\"@id\":\"https:\/\/julesverne.com.tr\/travel-blog\/seyseller-seyahat-rehberi\/#primaryimage\"},\"thumbnailUrl\":\"https:\/\/julesverne.com.tr\/wp-content\/uploads\/2020\/09\/seyseller.jpg\",\"keywords\":[\"Blog\",\"\u0130lham Veren Destinasyonlar\",\"Nereye Gitsek\",\"Sey\u015feller Seyahat Rehberi\"],\"articleSection\":[\"\u0130lham Veren Destinasyonlar\",\"Blog\",\"Nereye Gitsek?\"],\"inLanguage\":\"en-US\"},{\"@type\":\"WebPage\",\"@id\":\"https:\/\/julesverne.com.tr\/travel-blog\/seyseller-seyahat-rehberi\/\",\"url\":\"https:\/\/julesverne.com.tr\/travel-blog\/seyseller-seyahat-rehberi\/\",\"name\":\"Sey\u015feller Seyahat Rehberi - JULES VERNE BUSINESS MICE TRAVEL\",\"isPartOf\":{\"@id\":\"https:\/\/julesverne.com.tr\/#website\"},\"primaryImageOfPage\":{\"@id\":\"https:\/\/julesverne.com.tr\/travel-blog\/seyseller-seyahat-rehberi\/#primaryimage\"},\"image\":{\"@id\":\"https:\/\/julesverne.com.tr\/travel-blog\/seyseller-seyahat-rehberi\/#primaryimage\"},\"thumbnailUrl\":\"https:\/\/julesverne.com.tr\/wp-content\/uploads\/2020\/09\/seyseller.jpg\",\"datePublished\":\"2022-06-20T12:26:47+00:00\",\"dateModified\":\"2022-06-21T12:46:05+00:00\",\"description\":\"El de\u011fmemi\u015f do\u011fan\u0131n, mutlak huzurun ve do\u011fal g\u00fczelli\u011fin \u00fclkesi Sey\u015feller, Hint Okyanusu\u2019nda Do\u011fu Afrika k\u0131y\u0131lar\u0131na do\u011fru yay\u0131lan ve \u00e7o\u011funlu\u011fu bakir kalan 115 adadan olu\u015fuyor. B\u00fcy\u00fcleyici plajlar\u0131, turkuaz sularla \u00e7evrili ye\u015fil tepeleri, palmiye a\u011fa\u00e7lar\u0131, bir Dali tablosunu and\u0131ran kayal\u0131klar\u0131, zengin su alt\u0131 ya\u015fam\u0131, benzersiz do\u011fal ya\u015fam\u0131, kontroll\u00fc yerle\u015fim alanlar\u0131yla Sey\u015feller izole ve g\u00fcvenli tatilin en g\u00fczel adreslerinden. Yerle\u015fimin bulunmad\u0131\u011f\u0131 mercan adac\u0131klar\u0131 ve kendine \u00f6zg\u00fc karakteriyle in\u015fa edilmi\u015f adalar\u0131yla Sey\u015feller; vize ba\u015fvurusu ve saat fark\u0131 olmadan, jet-lag ya\u015famadan Hint Okyanusu\u2019nun ortas\u0131nda, y\u0131l boyu ortalama s\u0131cakl\u0131\u011f\u0131 20 derece olan do\u011fal bir cennette sizi bamba\u015fka bir deneyimle bulu\u015fturuyor.\",\"breadcrumb\":{\"@id\":\"https:\/\/julesverne.com.tr\/travel-blog\/seyseller-seyahat-rehberi\/#breadcrumb\"},\"inLanguage\":\"en-US\",\"potentialAction\":[{\"@type\":\"ReadAction\",\"target\":[\"https:\/\/julesverne.com.tr\/travel-blog\/seyseller-seyahat-rehberi\/\"]}]},{\"@type\":\"ImageObject\",\"inLanguage\":\"en-US\",\"@id\":\"https:\/\/julesverne.com.tr\/travel-blog\/seyseller-seyahat-rehberi\/#primaryimage\",\"url\":\"https:\/\/julesverne.com.tr\/wp-content\/uploads\/2020\/09\/seyseller.jpg\",\"contentUrl\":\"https:\/\/julesverne.com.tr\/wp-content\/uploads\/2020\/09\/seyseller.jpg\",\"width\":1000,\"height\":568,\"caption\":\"sey\u015feller\"},{\"@type\":\"BreadcrumbList\",\"@id\":\"https:\/\/julesverne.com.tr\/travel-blog\/seyseller-seyahat-rehberi\/#breadcrumb\",\"itemListElement\":[{\"@type\":\"ListItem\",\"position\":1,\"name\":\"Anasayfa\",\"item\":\"https:\/\/julesverne.com.tr\/\"},{\"@type\":\"ListItem\",\"position\":2,\"name\":\"Sey\u015feller Seyahat Rehberi\"}]},{\"@type\":\"WebSite\",\"@id\":\"https:\/\/julesverne.com.tr\/#website\",\"url\":\"https:\/\/julesverne.com.tr\/\",\"name\":\"JULES VERNE BUSINESS MICE TRAVEL\",\"description\":\"\",\"publisher\":{\"@id\":\"https:\/\/julesverne.com.tr\/#organization\"},\"potentialAction\":[{\"@type\":\"SearchAction\",\"target\":{\"@type\":\"EntryPoint\",\"urlTemplate\":\"https:\/\/julesverne.com.tr\/?s={search_term_string}\"},\"query-input\":\"required name=search_term_string\"}],\"inLanguage\":\"en-US\"},{\"@type\":\"Organization\",\"@id\":\"https:\/\/julesverne.com.tr\/#organization\",\"name\":\"JULES VERNE BUSINESS MICE TRAVEL\",\"url\":\"https:\/\/julesverne.com.tr\/\",\"logo\":{\"@type\":\"ImageObject\",\"inLanguage\":\"en-US\",\"@id\":\"https:\/\/julesverne.com.tr\/#\/schema\/logo\/image\/\",\"url\":\"https:\/\/julesverne.com.tr\/wp-content\/uploads\/2020\/09\/jv-bmt-logo.png\",\"contentUrl\":\"https:\/\/julesverne.com.tr\/wp-content\/uploads\/2020\/09\/jv-bmt-logo.png\",\"width\":110,\"height\":81,\"caption\":\"JULES VERNE BUSINESS MICE TRAVEL\"},\"image\":{\"@id\":\"https:\/\/julesverne.com.tr\/#\/schema\/logo\/image\/\"},\"sameAs\":[\"https:\/\/www.facebook.com\/JulesVerneBusinessMiceTravel\/\",\"https:\/\/twitter.com\/JV_BusinessMice\",\"https:\/\/www.instagram.com\/julesvernebusinessmicetravel\/\",\"https:\/\/www.linkedin.com\/company\/julesvernebusinessmicetravel\/\",\"https:\/\/www.youtube.com\/channel\/UCAwdsmbZ6tFhu1tea6pkpiw\"]},{\"@type\":\"Person\",\"@id\":\"https:\/\/julesverne.com.tr\/#\/schema\/person\/219931edfe2e7d9cbbcbabb8a7e4c7f4\",\"name\":\"Ebru Alt\u0131n\",\"url\":\"https:\/\/julesverne.com.tr\/en\/author\/ebru-altin\/\"}]}<\/script>\n<!-- \/ Yoast SEO plugin. -->","yoast_head_json":{"title":"Sey\u015feller Seyahat Rehberi - JULES VERNE BUSINESS MICE TRAVEL","description":"El de\u011fmemi\u015f do\u011fan\u0131n, mutlak huzurun ve do\u011fal g\u00fczelli\u011fin \u00fclkesi Sey\u015feller, Hint Okyanusu\u2019nda Do\u011fu Afrika k\u0131y\u0131lar\u0131na do\u011fru yay\u0131lan ve \u00e7o\u011funlu\u011fu bakir kalan 115 adadan olu\u015fuyor. B\u00fcy\u00fcleyici plajlar\u0131, turkuaz sularla \u00e7evrili ye\u015fil tepeleri, palmiye a\u011fa\u00e7lar\u0131, bir Dali tablosunu and\u0131ran kayal\u0131klar\u0131, zengin su alt\u0131 ya\u015fam\u0131, benzersiz do\u011fal ya\u015fam\u0131, kontroll\u00fc yerle\u015fim alanlar\u0131yla Sey\u015feller izole ve g\u00fcvenli tatilin en g\u00fczel adreslerinden. Yerle\u015fimin bulunmad\u0131\u011f\u0131 mercan adac\u0131klar\u0131 ve kendine \u00f6zg\u00fc karakteriyle in\u015fa edilmi\u015f adalar\u0131yla Sey\u015feller; vize ba\u015fvurusu ve saat fark\u0131 olmadan, jet-lag ya\u015famadan Hint Okyanusu\u2019nun ortas\u0131nda, y\u0131l boyu ortalama s\u0131cakl\u0131\u011f\u0131 20 derece olan do\u011fal bir cennette sizi bamba\u015fka bir deneyimle bulu\u015fturuyor.","robots":{"index":"index","follow":"follow","max-snippet":"max-snippet:-1","max-image-preview":"max-image-preview:large","max-video-preview":"max-video-preview:-1"},"canonical":"https:\/\/julesverne.com.tr\/travel-blog\/seyseller-seyahat-rehberi\/","og_locale":"en_US","og_type":"article","og_title":"Sey\u015feller Seyahat Rehberi - JULES VERNE BUSINESS MICE TRAVEL","og_description":"El de\u011fmemi\u015f do\u011fan\u0131n, mutlak huzurun ve do\u011fal g\u00fczelli\u011fin \u00fclkesi Sey\u015feller, Hint Okyanusu\u2019nda Do\u011fu Afrika k\u0131y\u0131lar\u0131na do\u011fru yay\u0131lan ve \u00e7o\u011funlu\u011fu bakir kalan 115 adadan olu\u015fuyor. B\u00fcy\u00fcleyici plajlar\u0131, turkuaz sularla \u00e7evrili ye\u015fil tepeleri, palmiye a\u011fa\u00e7lar\u0131, bir Dali tablosunu and\u0131ran kayal\u0131klar\u0131, zengin su alt\u0131 ya\u015fam\u0131, benzersiz do\u011fal ya\u015fam\u0131, kontroll\u00fc yerle\u015fim alanlar\u0131yla Sey\u015feller izole ve g\u00fcvenli tatilin en g\u00fczel adreslerinden. Yerle\u015fimin bulunmad\u0131\u011f\u0131 mercan adac\u0131klar\u0131 ve kendine \u00f6zg\u00fc karakteriyle in\u015fa edilmi\u015f adalar\u0131yla Sey\u015feller; vize ba\u015fvurusu ve saat fark\u0131 olmadan, jet-lag ya\u015famadan Hint Okyanusu\u2019nun ortas\u0131nda, y\u0131l boyu ortalama s\u0131cakl\u0131\u011f\u0131 20 derece olan do\u011fal bir cennette sizi bamba\u015fka bir deneyimle bulu\u015fturuyor.","og_url":"https:\/\/julesverne.com.tr\/travel-blog\/seyseller-seyahat-rehberi\/","og_site_name":"JULES VERNE BUSINESS MICE TRAVEL","article_publisher":"https:\/\/www.facebook.com\/JulesVerneBusinessMiceTravel\/","article_published_time":"2022-06-20T12:26:47+00:00","article_modified_time":"2022-06-21T12:46:05+00:00","og_image":[{"width":1000,"height":568,"url":"https:\/\/julesverne.com.tr\/wp-content\/uploads\/2020\/09\/seyseller.jpg","type":"image\/jpeg"}],"author":"Ebru Alt\u0131n","twitter_card":"summary_large_image","twitter_creator":"@JV_BusinessMice","twitter_site":"@JV_BusinessMice","twitter_misc":{"Written by":"Ebru Alt\u0131n","Est. reading time":"4 minutes"},"schema":{"@context":"https:\/\/schema.org","@graph":[{"@type":"Article","@id":"https:\/\/julesverne.com.tr\/travel-blog\/seyseller-seyahat-rehberi\/#article","isPartOf":{"@id":"https:\/\/julesverne.com.tr\/travel-blog\/seyseller-seyahat-rehberi\/"},"author":{"name":"Ebru Alt\u0131n","@id":"https:\/\/julesverne.com.tr\/#\/schema\/person\/219931edfe2e7d9cbbcbabb8a7e4c7f4"},"headline":"Sey\u015feller Seyahat Rehberi","datePublished":"2022-06-20T12:26:47+00:00","dateModified":"2022-06-21T12:46:05+00:00","mainEntityOfPage":{"@id":"https:\/\/julesverne.com.tr\/travel-blog\/seyseller-seyahat-rehberi\/"},"wordCount":1548,"publisher":{"@id":"https:\/\/julesverne.com.tr\/#organization"},"image":{"@id":"https:\/\/julesverne.com.tr\/travel-blog\/seyseller-seyahat-rehberi\/#primaryimage"},"thumbnailUrl":"https:\/\/julesverne.com.tr\/wp-content\/uploads\/2020\/09\/seyseller.jpg","keywords":["Blog","\u0130lham Veren Destinasyonlar","Nereye Gitsek","Sey\u015feller Seyahat Rehberi"],"articleSection":["\u0130lham Veren Destinasyonlar","Blog","Nereye Gitsek?"],"inLanguage":"en-US"},{"@type":"WebPage","@id":"https:\/\/julesverne.com.tr\/travel-blog\/seyseller-seyahat-rehberi\/","url":"https:\/\/julesverne.com.tr\/travel-blog\/seyseller-seyahat-rehberi\/","name":"Sey\u015feller Seyahat Rehberi - JULES VERNE BUSINESS MICE TRAVEL","isPartOf":{"@id":"https:\/\/julesverne.com.tr\/#website"},"primaryImageOfPage":{"@id":"https:\/\/julesverne.com.tr\/travel-blog\/seyseller-seyahat-rehberi\/#primaryimage"},"image":{"@id":"https:\/\/julesverne.com.tr\/travel-blog\/seyseller-seyahat-rehberi\/#primaryimage"},"thumbnailUrl":"https:\/\/julesverne.com.tr\/wp-content\/uploads\/2020\/09\/seyseller.jpg","datePublished":"2022-06-20T12:26:47+00:00","dateModified":"2022-06-21T12:46:05+00:00","description":"El de\u011fmemi\u015f do\u011fan\u0131n, mutlak huzurun ve do\u011fal g\u00fczelli\u011fin \u00fclkesi Sey\u015feller, Hint Okyanusu\u2019nda Do\u011fu Afrika k\u0131y\u0131lar\u0131na do\u011fru yay\u0131lan ve \u00e7o\u011funlu\u011fu bakir kalan 115 adadan olu\u015fuyor. B\u00fcy\u00fcleyici plajlar\u0131, turkuaz sularla \u00e7evrili ye\u015fil tepeleri, palmiye a\u011fa\u00e7lar\u0131, bir Dali tablosunu and\u0131ran kayal\u0131klar\u0131, zengin su alt\u0131 ya\u015fam\u0131, benzersiz do\u011fal ya\u015fam\u0131, kontroll\u00fc yerle\u015fim alanlar\u0131yla Sey\u015feller izole ve g\u00fcvenli tatilin en g\u00fczel adreslerinden. Yerle\u015fimin bulunmad\u0131\u011f\u0131 mercan adac\u0131klar\u0131 ve kendine \u00f6zg\u00fc karakteriyle in\u015fa edilmi\u015f adalar\u0131yla Sey\u015feller; vize ba\u015fvurusu ve saat fark\u0131 olmadan, jet-lag ya\u015famadan Hint Okyanusu\u2019nun ortas\u0131nda, y\u0131l boyu ortalama s\u0131cakl\u0131\u011f\u0131 20 derece olan do\u011fal bir cennette sizi bamba\u015fka bir deneyimle bulu\u015fturuyor.","breadcrumb":{"@id":"https:\/\/julesverne.com.tr\/travel-blog\/seyseller-seyahat-rehberi\/#breadcrumb"},"inLanguage":"en-US","potentialAction":[{"@type":"ReadAction","target":["https:\/\/julesverne.com.tr\/travel-blog\/seyseller-seyahat-rehberi\/"]}]},{"@type":"ImageObject","inLanguage":"en-US","@id":"https:\/\/julesverne.com.tr\/travel-blog\/seyseller-seyahat-rehberi\/#primaryimage","url":"https:\/\/julesverne.com.tr\/wp-content\/uploads\/2020\/09\/seyseller.jpg","contentUrl":"https:\/\/julesverne.com.tr\/wp-content\/uploads\/2020\/09\/seyseller.jpg","width":1000,"height":568,"caption":"sey\u015feller"},{"@type":"BreadcrumbList","@id":"https:\/\/julesverne.com.tr\/travel-blog\/seyseller-seyahat-rehberi\/#breadcrumb","itemListElement":[{"@type":"ListItem","position":1,"name":"Anasayfa","item":"https:\/\/julesverne.com.tr\/"},{"@type":"ListItem","position":2,"name":"Sey\u015feller Seyahat Rehberi"}]},{"@type":"WebSite","@id":"https:\/\/julesverne.com.tr\/#website","url":"https:\/\/julesverne.com.tr\/","name":"JULES VERNE BUSINESS MICE TRAVEL","description":"","publisher":{"@id":"https:\/\/julesverne.com.tr\/#organization"},"potentialAction":[{"@type":"SearchAction","target":{"@type":"EntryPoint","urlTemplate":"https:\/\/julesverne.com.tr\/?s={search_term_string}"},"query-input":"required name=search_term_string"}],"inLanguage":"en-US"},{"@type":"Organization","@id":"https:\/\/julesverne.com.tr\/#organization","name":"JULES VERNE BUSINESS MICE TRAVEL","url":"https:\/\/julesverne.com.tr\/","logo":{"@type":"ImageObject","inLanguage":"en-US","@id":"https:\/\/julesverne.com.tr\/#\/schema\/logo\/image\/","url":"https:\/\/julesverne.com.tr\/wp-content\/uploads\/2020\/09\/jv-bmt-logo.png","contentUrl":"https:\/\/julesverne.com.tr\/wp-content\/uploads\/2020\/09\/jv-bmt-logo.png","width":110,"height":81,"caption":"JULES VERNE BUSINESS MICE TRAVEL"},"image":{"@id":"https:\/\/julesverne.com.tr\/#\/schema\/logo\/image\/"},"sameAs":["https:\/\/www.facebook.com\/JulesVerneBusinessMiceTravel\/","https:\/\/twitter.com\/JV_BusinessMice","https:\/\/www.instagram.com\/julesvernebusinessmicetravel\/","https:\/\/www.linkedin.com\/company\/julesvernebusinessmicetravel\/","https:\/\/www.youtube.com\/channel\/UCAwdsmbZ6tFhu1tea6pkpiw"]},{"@type":"Person","@id":"https:\/\/julesverne.com.tr\/#\/schema\/person\/219931edfe2e7d9cbbcbabb8a7e4c7f4","name":"Ebru Alt\u0131n","url":"https:\/\/julesverne.com.tr\/en\/author\/ebru-altin\/"}]}},"_links":{"self":[{"href":"https:\/\/julesverne.com.tr\/en\/wp-json\/wp\/v2\/posts\/10635"}],"collection":[{"href":"https:\/\/julesverne.com.tr\/en\/wp-json\/wp\/v2\/posts"}],"about":[{"href":"https:\/\/julesverne.com.tr\/en\/wp-json\/wp\/v2\/types\/post"}],"author":[{"embeddable":true,"href":"https:\/\/julesverne.com.tr\/en\/wp-json\/wp\/v2\/users\/10"}],"replies":[{"embeddable":true,"href":"https:\/\/julesverne.com.tr\/en\/wp-json\/wp\/v2\/comments?post=10635"}],"version-history":[{"count":2,"href":"https:\/\/julesverne.com.tr\/en\/wp-json\/wp\/v2\/posts\/10635\/revisions"}],"predecessor-version":[{"id":13660,"href":"https:\/\/julesverne.com.tr\/en\/wp-json\/wp\/v2\/posts\/10635\/revisions\/13660"}],"wp:featuredmedia":[{"embeddable":true,"href":"https:\/\/julesverne.com.tr\/en\/wp-json\/wp\/v2\/media\/3788"}],"wp:attachment":[{"href":"https:\/\/julesverne.com.tr\/en\/wp-json\/wp\/v2\/media?parent=10635"}],"wp:term":[{"taxonomy":"category","embeddable":true,"href":"https:\/\/julesverne.com.tr\/en\/wp-json\/wp\/v2\/categories?post=10635"},{"taxonomy":"post_tag","embeddable":true,"href":"https:\/\/julesverne.com.tr\/en\/wp-json\/wp\/v2\/tags?post=10635"}],"curies":[{"name":"wp","href":"https:\/\/api.w.org\/{rel}","templated":true}]}}