{"id":10436,"date":"2021-09-22T09:12:36","date_gmt":"2021-09-22T06:12:36","guid":{"rendered":"https:\/\/julesverne.com.tr\/?p=10436"},"modified":"2021-09-22T11:07:15","modified_gmt":"2021-09-22T08:07:15","slug":"dunyanin-en-iyi-sehirleri","status":"publish","type":"post","link":"https:\/\/julesverne.com.tr\/en\/travel-blog\/dunyanin-en-iyi-sehirleri\/","title":{"rendered":"D\u00fcnyan\u0131n &#8220;En \u0130yileri&#8221; Belirlendi: En \u0130yi Destinasyonlar &#038; \u015eehirler"},"content":{"rendered":"<p><img loading=\"lazy\" decoding=\"async\" class=\"alignnone wp-image-10614\" src=\"https:\/\/julesverne.com.tr\/wp-content\/uploads\/2021\/09\/ubud_bali_shutterstock_1050919616-500x335.jpg\" alt=\"\" width=\"1200\" height=\"803\" srcset=\"https:\/\/julesverne.com.tr\/wp-content\/uploads\/2021\/09\/ubud_bali_shutterstock_1050919616-500x335.jpg 500w, https:\/\/julesverne.com.tr\/wp-content\/uploads\/2021\/09\/ubud_bali_shutterstock_1050919616-768x514.jpg 768w, https:\/\/julesverne.com.tr\/wp-content\/uploads\/2021\/09\/ubud_bali_shutterstock_1050919616.jpg 1000w\" sizes=\"(max-width: 1200px) 100vw, 1200px\" \/><\/p>\n<p>D\u00fcnyada ke\u015ffedecek y\u00fczlerce rota, tarihi \u015fehir ve inan\u0131lmaz dedirten do\u011fal g\u00fczellikler var. D\u00fcnyaca \u00fcnl\u00fc seyahat dergisi <strong>Travel + Leisure<\/strong> taraf\u0131ndan koronavir\u00fcs salg\u0131n\u0131 sonras\u0131nda ilk kez d\u00fczenlenen <strong>\u201cD\u00fcnyan\u0131n En \u0130yileri\u201d<\/strong> anketine kat\u0131lan seyahatseverler; gezginleri \u015fehirlere \u00e7eken sebepler, k\u00fclt\u00fcrel miraslar, destinasyonlar\u0131n d\u00fcnyan\u0131n do\u011fal harikalar\u0131na olan yak\u0131nl\u0131\u011f\u0131, tesisler ve restoranlar gibi konu ba\u015fl\u0131klar\u0131 \u00fczerinden de\u011ferlendirmelerde bulundular. \u201cD\u00fcnyan\u0131n En \u0130yileri\u201d anketi ile kat\u0131l\u0131mc\u0131lar\u0131n seyahat deneyimlerini de\u011ferlendirmeleri ve en iyi \u015fehirler, adalar, yolcu gemileri, kapl\u0131calar, havayollar\u0131 gibi daha pek \u00e7ok ba\u015fl\u0131kta g\u00f6r\u00fc\u015flerini payla\u015fmalar\u0131 istendi.<\/p>\n<p>Koronavir\u00fcs salg\u0131n\u0131 sonras\u0131 ilk kez d\u00fczenlenen<strong> &#8220;D\u00fcnyan\u0131n En \u0130yileri&#8221; <\/strong>anketinde \u015fehirlerin g\u00f6r\u00fclecek yerlerine, \u00f6nemli rotalar\u0131na, k\u00fclt\u00fcr\u00fcne, mutfa\u011f\u0131na, insanlar\u0131n\u0131n g\u00fcler y\u00fczl\u00fc ileti\u015fimine ve al\u0131\u015fveri\u015f olanaklar\u0131na g\u00f6re derecelendirilerek &#8220;<strong>D\u00fcnyan\u0131n En \u0130yi \u015eehirleri&#8221;<\/strong>\u00a0belirlendi. D\u00fcnyan\u0131n en iyisi \u00f6d\u00fcllerinde bu y\u0131l <strong>\u0130stanbul 3. s\u0131rada<\/strong>, <strong>Bodrum ise 16. s\u0131rada<\/strong> yer ald\u0131. Ayr\u0131ca\u00a0 <strong>\u0130stanbul<\/strong>, Avrupa&#8217;n\u0131n pop\u00fcler \u015fehirleri Roma, Floransa, Porto, Seville&#8217;y\u0131 geride b\u0131rakarak <strong>\u201c<em>Avrupa&#8217;n\u0131n En \u0130yi \u015eehri<\/em>\u201d<\/strong> se\u00e7ildi.<\/p>\n<h2>\u0130\u00e7imizde Seyahat Etme Arzusu Uyand\u0131racak D\u00fcnyan\u0131n En \u0130yi \u015eehirleri\u2026<\/h2>\n<p><img loading=\"lazy\" decoding=\"async\" class=\"size-full wp-image-10437 alignnone\" src=\"https:\/\/julesverne.com.tr\/wp-content\/uploads\/2021\/09\/san-miguel-de-allende.jpg\" alt=\"\" width=\"1200\" height=\"800\" srcset=\"https:\/\/julesverne.com.tr\/wp-content\/uploads\/2021\/09\/san-miguel-de-allende.jpg 1200w, https:\/\/julesverne.com.tr\/wp-content\/uploads\/2021\/09\/san-miguel-de-allende-500x333.jpg 500w, https:\/\/julesverne.com.tr\/wp-content\/uploads\/2021\/09\/san-miguel-de-allende-768x512.jpg 768w\" sizes=\"(max-width: 1200px) 100vw, 1200px\" \/><\/p>\n<h2><strong>1. San Miguel de Allende, Meksika (S<em>kor: 93.54)<\/em><\/strong><\/h2>\n<p>UNESCO D\u00fcnya Miras\u0131 listesinde yer alan, rengarenk kemerli mimarisi, Arnavut kald\u0131r\u0131ml\u0131 sokaklar\u0131yla \u00e7ok \u015firin bir k\u00f6y g\u00f6r\u00fcnt\u00fcs\u00fc ta\u015f\u0131yan San Miguel de Allende b\u00fcy\u00fck sanat\u00e7\u0131 n\u00fcfusu, sanat ve gastronomi etkinlikleri ile de bamba\u015fka bir d\u00fcnya sunuyor. Neo-Gotik mimarisiyle g\u00f6z kama\u015ft\u0131ran bu d\u00fcnya miras\u0131 \u015fehir, Arnavut kald\u0131r\u0131ml\u0131 sokaklar\u0131 ve sanat galerilerine d\u00f6n\u00fc\u015ft\u00fcr\u00fclm\u00fc\u015f kolonyel evleri ile ziyaret\u00e7ilerine b\u00fcy\u00fcleyici bir tatil vadediyor.<\/p>\n<p><img loading=\"lazy\" decoding=\"async\" class=\"size-full wp-image-10438 alignnone\" src=\"https:\/\/julesverne.com.tr\/wp-content\/uploads\/2021\/09\/Udaipur-hindistan.jpg\" alt=\"\" width=\"1200\" height=\"800\" srcset=\"https:\/\/julesverne.com.tr\/wp-content\/uploads\/2021\/09\/Udaipur-hindistan.jpg 1200w, https:\/\/julesverne.com.tr\/wp-content\/uploads\/2021\/09\/Udaipur-hindistan-500x333.jpg 500w, https:\/\/julesverne.com.tr\/wp-content\/uploads\/2021\/09\/Udaipur-hindistan-768x512.jpg 768w\" sizes=\"(max-width: 1200px) 100vw, 1200px\" \/><\/p>\n<h2><strong>2. Udaipur, Hindistan (S<em>kor: 91.63)<\/em><\/strong><\/h2>\n<p>Picola Nehri kenar\u0131nda yer alan <strong>Udaipur<\/strong>, Do\u011fu&#8217;nun Venedik&#8217;i ve Hindistan&#8217;\u0131n &#8220;G\u00f6ller \u015eehri&#8221; olarak biliniyor. Masmavi g\u00f6l\u00fc Pichola k\u0131y\u0131s\u0131nda ye\u015fil tepelerin ortas\u0131nda yer alan Udaipur, g\u00f6l \u00fczerindeki k\u00fc\u00e7\u00fck adac\u0131klar\u0131 ve \u00fczerlerinde y\u00fckselen mermer saraylar\u0131yla belki de Hindistan&#8217;\u0131n en romantik, Orta\u00e7a\u011f \u015f\u00f6valyelerinin efsaneleriyle ya\u015fayan \u015fehri. Da\u011flar\u0131n ortas\u0131nda, d\u00f6rt suni g\u00f6l\u00fcn etraf\u0131na kurulmu\u015f bu masals\u0131 kent; romantik ve b\u00fcy\u00fcl\u00fc havas\u0131yla ziyaret\u00e7ilerini unutamayacaklar\u0131 bir yolculu\u011fa davet ediyor. Otantik bir karaktere sahip olan Bijay Niwas Palace, Udaipur City Palace ve Crystal Gallery, Jagdish Tap\u0131na\u011f\u0131, Pichola G\u00f6l\u00fc&#8217;nde yapaca\u011f\u0131n\u0131z tekne turu, g\u00f6l\u00fcn \u00fczerinde yer alan mimari eser Jag Mandir, Udaipur&#8217;un ba\u015fl\u0131ca simgeleri.<\/p>\n<p><img loading=\"lazy\" decoding=\"async\" class=\"size-full wp-image-10439 alignnone\" src=\"https:\/\/julesverne.com.tr\/wp-content\/uploads\/2021\/09\/istanbul.jpg\" alt=\"\" width=\"1200\" height=\"800\" srcset=\"https:\/\/julesverne.com.tr\/wp-content\/uploads\/2021\/09\/istanbul.jpg 1200w, https:\/\/julesverne.com.tr\/wp-content\/uploads\/2021\/09\/istanbul-500x333.jpg 500w, https:\/\/julesverne.com.tr\/wp-content\/uploads\/2021\/09\/istanbul-768x512.jpg 768w\" sizes=\"(max-width: 1200px) 100vw, 1200px\" \/><\/p>\n<h2><strong>3. \u0130stanbul, T\u00fcrkiye (S<em>kor: 91.32)<\/em><\/strong><\/h2>\n<p>Binlerce y\u0131ll\u0131k tarih, k\u00fclt\u00fcr ve medeniyetler bulu\u015fmas\u0131\u2026 Do\u011fu ve Bat\u0131\u2019n\u0131n kesi\u015fim noktas\u0131\u2026 Herkesin sahip olmay\u0131 istedi\u011fi gizli elmas <strong>\u0130stanbul<\/strong>! Binlerce y\u0131ll\u0131k tarihi, bir\u00e7ok uygarl\u0131\u011fa ev sahipli\u011fi yapmas\u0131, sava\u015flara, bulu\u015flara, d\u00f6n\u00fcm noktalar\u0131na \u015fahit olmas\u0131 bu \u015fehrin de\u011ferini anlatmaya yetersiz k\u0131l\u0131yor. \u0130stanbul Tarihi Yar\u0131madas\u0131 bar\u0131nd\u0131rd\u0131\u011f\u0131 mimari, dini ve k\u00fclt\u00fcrel de\u011ferlerle UNESCO D\u00fcnya Miras\u0131 Listesi\u2019nde de yer al\u0131yor. Hipodrom, Ayasofya, Aya \u0130rini, K\u00fc\u00e7\u00fck Ayasofya Camisi ve Topkap\u0131 Saray\u0131\u2019n\u0131 i\u00e7ine alan \u201cArkeolojik Park\u201d, S\u00fcleymaniye Camisi ve \u00e7evresini i\u00e7ine alan \u201cS\u00fcleymaniye Koruma Alan\u0131\u201d, Zeyrek Camisi ve \u00e7evresini i\u00e7ine alan \u201cZeyrek Koruma Alan\u0131\u201d ve \u201cTarihi Surlar Koruma Alan\u0131\u201d ile listede.<\/p>\n<p><img loading=\"lazy\" decoding=\"async\" class=\"size-full wp-image-10440 alignnone\" src=\"https:\/\/julesverne.com.tr\/wp-content\/uploads\/2021\/09\/ubud-endonezya.jpg\" alt=\"\" width=\"1200\" height=\"800\" srcset=\"https:\/\/julesverne.com.tr\/wp-content\/uploads\/2021\/09\/ubud-endonezya.jpg 1200w, https:\/\/julesverne.com.tr\/wp-content\/uploads\/2021\/09\/ubud-endonezya-500x333.jpg 500w, https:\/\/julesverne.com.tr\/wp-content\/uploads\/2021\/09\/ubud-endonezya-768x512.jpg 768w\" sizes=\"(max-width: 1200px) 100vw, 1200px\" \/><\/p>\n<h2><strong>4. Ubud, Endonezya (S<em>kor: 91.25)<\/em><\/strong><\/h2>\n<p>Spirit\u00fcalizme bulanm\u0131\u015f, renk renk bungalovlar\u0131n ormanlar\u0131n aras\u0131ndan s\u00fcrpriz bir \u015fekilde kar\u015f\u0131n\u0131za \u00e7\u0131kt\u0131\u011f\u0131, t\u00fcts\u00fc kokusunun eksik olmad\u0131\u011f\u0131, hayranl\u0131k uyand\u0131ran tap\u0131naklar\u0131 ile <strong>Bali<\/strong> <strong>Adas\u0131<\/strong> \u201cne ararsan O\u2019sun\u201d \u00f6\u011fretisinin yery\u00fcz\u00fcndeki adas\u0131. Romantizm, i\u00e7e d\u00f6n\u00fc\u015f, meditasyon, inan\u00e7, do\u011fa, sanat, spor, k\u00fclt\u00fcr, e\u011flence hepsi bu adada mevcut. Adan\u0131n mistik, yemye\u015fil tarlalarla bezenmi\u015f kasabas\u0131 <strong>Ubud<\/strong> ise ger\u00e7ek olamayacak kadar g\u00fczel bir do\u011faya sahip. Pirin\u00e7 tarlalar\u0131 ile g\u00f6rsel \u015f\u00f6leni en \u00fcst seviyeye ta\u015f\u0131yan kasaba g\u00f6kku\u015fa\u011f\u0131na bulanm\u0131\u015f gibi. Bali\u2019nin di\u011fer b\u00f6lgelerine g\u00f6re daha bohem, daha sakin, daha ye\u015fil ve \u00e7ok daha etkileyici olan Ubud, yemye\u015fil ormanlar\u0131n aras\u0131nda i\u00e7inden nehirler ge\u00e7en cennetten bir par\u00e7a g\u00f6r\u00fcn\u00fcm\u00fcnde.<\/p>\n<p><img loading=\"lazy\" decoding=\"async\" class=\"size-full wp-image-10441 alignnone\" src=\"https:\/\/julesverne.com.tr\/wp-content\/uploads\/2021\/09\/kyoto-japonya.jpg\" alt=\"\" width=\"1200\" height=\"800\" srcset=\"https:\/\/julesverne.com.tr\/wp-content\/uploads\/2021\/09\/kyoto-japonya.jpg 1200w, https:\/\/julesverne.com.tr\/wp-content\/uploads\/2021\/09\/kyoto-japonya-500x333.jpg 500w, https:\/\/julesverne.com.tr\/wp-content\/uploads\/2021\/09\/kyoto-japonya-768x512.jpg 768w\" sizes=\"(max-width: 1200px) 100vw, 1200px\" \/><\/p>\n<h2><strong>5. Kyoto, Japonya (S<em>kor: 90.94) &#8211; <\/em><\/strong><strong><em>D\u00fcnyan\u0131n En \u0130yisi \u00d6d\u00fclleri Onur \u00d6d\u00fcl\u00fc\u00a0<\/em><\/strong><\/h2>\n<p>Muhte\u015fem tap\u0131naklar\u0131yla binlerce y\u0131ll\u0131k bir tarihe ev sahipli\u011fi yapan <strong>Kyoto<\/strong>, toplamda 8 b\u00f6lgeden olu\u015fuyor. Kyoto; Tokyo ve Osaka\u2019n\u0131n tam tersine gelenek ve k\u00fclt\u00fcrle dolu. Parklar\u0131, bah\u00e7eleri, geyikleri, gey\u015falar\u0131 ve tap\u0131naklar\u0131yla dikkat \u00e7eken bu \u015fehir, Japon k\u00fclt\u00fcr\u00fcn\u00fcn en yo\u011fun ya\u015fand\u0131\u011f\u0131 yer olarak biliniyor. Kyoto; geleneksel Japon mimarisi evleri ve foto\u011fraf karesini and\u0131ran bah\u00e7eleriyle bir tan\u0131t\u0131m belgeselini and\u0131r\u0131yor. Y\u00fczden fazla tarihi eseri ile UNESCO D\u00fcnya Miras\u0131 Alan\u0131 olan \u015fehir Budist tap\u0131naklar\u0131ndan kraliyet ailesine ait villalara, an\u0131tlardan mabetlere kadar \u00fclke tarihinin ilham kayna\u011f\u0131 olmu\u015f. Alt\u0131n K\u00f6\u015fk olarak da bilinen Kinkaku-ji; G\u00fcm\u00fc\u015f K\u00f6\u015fk \u201c Gingaku-ji\u201d; Kraliyet Saray\u0131; Sannenzaka\u2019daki geleneksel kasaba evleri; Sanjusangendo Tap\u0131na\u011f\u0131 g\u00f6r\u00fclmesi gereken mimari eserlerin ba\u015f\u0131nda geliyor.<\/p>\n<h2><img loading=\"lazy\" decoding=\"async\" class=\"size-full wp-image-10442 alignnone\" src=\"https:\/\/julesverne.com.tr\/wp-content\/uploads\/2021\/09\/floransa.jpg\" alt=\"\" width=\"1200\" height=\"800\" srcset=\"https:\/\/julesverne.com.tr\/wp-content\/uploads\/2021\/09\/floransa.jpg 1200w, https:\/\/julesverne.com.tr\/wp-content\/uploads\/2021\/09\/floransa-500x333.jpg 500w, https:\/\/julesverne.com.tr\/wp-content\/uploads\/2021\/09\/floransa-768x512.jpg 768w\" sizes=\"(max-width: 1200px) 100vw, 1200px\" \/><\/h2>\n<h2><strong>6. Floransa\u00a0<\/strong>(S<em><strong>kor: 90.48) <\/strong><\/em><strong><em>&#8211; <\/em><\/strong><strong><em>D\u00fcnyan\u0131n En \u0130yisi \u00d6d\u00fclleri Onur \u00d6d\u00fcl\u00fc\u00a0<\/em><\/strong><\/h2>\n<p>D\u00fcnyan\u0131n en g\u00f6rkemli \u015fehirlerinden biri olan <strong>Floransa<\/strong>; sanat galerileri, m\u00fczeleri, Arno k\u0131y\u0131s\u0131ndaki romantik y\u00fcr\u00fcy\u00fc\u015f yolu, \u015f\u0131k butikleri, lezzetleriyle dudak u\u00e7uklatan restoranlar\u0131 ve kafeleriyle mimariden gastronomiye, tasar\u0131mdan al\u0131\u015fveri\u015fe ger\u00e7ek bir cennet. Tarihi ve k\u00fclt\u00fcrel dokusu kadar yumu\u015fak co\u011frafi \u00f6zellikleriyle de insan\u0131 sar\u0131p sarmalayan Floransa&#8217;y\u0131 doyas\u0131ya ya\u015famak i\u00e7in Duomo Katedrali&#8217;nin g\u00f6rkemli mimarisini dola\u015fmal\u0131, Uffizi Galerisi&#8217;ndeki eserleri incelemeli, R\u00f6nenans heykelleriyle dolu San Miniato al Monte Kilisesi&#8217;ne t\u0131rmanmal\u0131 ve Santa Croce\u2019nin dar ve tarihi sokaklar\u0131nda y\u00fcr\u00fcy\u00fc\u015fler yapmal\u0131s\u0131n\u0131z.<\/p>\n<p><img loading=\"lazy\" decoding=\"async\" class=\"size-full wp-image-10443 alignnone\" src=\"https:\/\/julesverne.com.tr\/wp-content\/uploads\/2021\/09\/meksika-city.jpg\" alt=\"\" width=\"1200\" height=\"800\" srcset=\"https:\/\/julesverne.com.tr\/wp-content\/uploads\/2021\/09\/meksika-city.jpg 1200w, https:\/\/julesverne.com.tr\/wp-content\/uploads\/2021\/09\/meksika-city-500x333.jpg 500w, https:\/\/julesverne.com.tr\/wp-content\/uploads\/2021\/09\/meksika-city-768x512.jpg 768w\" sizes=\"(max-width: 1200px) 100vw, 1200px\" \/><\/p>\n<h2><strong>7. Mexico City, Meksika (S<em>kor: 90.23)<\/em><\/strong><\/h2>\n<p>Muhte\u015fem plajlar\u0131 ve geli\u015fmi\u015f turizm olanaklar\u0131n\u0131n yan\u0131 s\u0131ra binlerce y\u0131ll\u0131k tarihi ve k\u00fclt\u00fcrel zenginlikleriyle de milyonlarca insan\u0131 kendine \u00e7eken <strong>Mexico City<\/strong>; Aztekler, Mayalar, Olmekler, Zapotekler ve Toltekler gibi bir\u00e7ok gizemli medeniyete ev sahipli\u011fi yapm\u0131\u015f. Yazar David Lida\u2019n\u0131n da dedi\u011fi gibi \u201cMexico City, 21. y\u00fczy\u0131l\u0131n ba\u015fkenti.\u201d\u00a0 D\u00fcnyan\u0131n en b\u00fcy\u00fck, en yo\u011fun n\u00fcfuslu metropollerinden biri olan Mexico City hep \u00e7ok \u015fa\u015f\u0131rt\u0131c\u0131. K\u00fclt\u00fcrel kar\u015f\u0131tl\u0131klar\u0131 benimseme ve \u00f6nemli bir \u00e7at\u0131\u015fma olmadan bir arada ya\u015famalar\u0131n\u0131 sa\u011flama yetene\u011fine sahip olan bu \u015fehirde eski ve yeni uyum i\u00e7erisinde varl\u0131klar\u0131n\u0131 s\u00fcrd\u00fcr\u00fcyor. Buraya geldi\u011finizde \u00fclkenin her k\u00f6\u015fesinde devasa Aztek tap\u0131naklar\u0131, Maya mabetleri ve Teotihuacan piramitleri ile kar\u015f\u0131la\u015fabilir, uluslararas\u0131 m\u00fczik festivalleri ve binlerce ki\u015filik sahil partilerinde doyas\u0131ya e\u011flenebilirsiniz.<\/p>\n<h2><img loading=\"lazy\" decoding=\"async\" class=\"alignnone wp-image-10575\" src=\"https:\/\/julesverne.com.tr\/wp-content\/uploads\/2021\/09\/Oaxaca_mexico_shutterstock_345532514-500x334.jpg\" alt=\"\" width=\"1200\" height=\"800\" srcset=\"https:\/\/julesverne.com.tr\/wp-content\/uploads\/2021\/09\/Oaxaca_mexico_shutterstock_345532514-500x334.jpg 500w, https:\/\/julesverne.com.tr\/wp-content\/uploads\/2021\/09\/Oaxaca_mexico_shutterstock_345532514-768x512.jpg 768w, https:\/\/julesverne.com.tr\/wp-content\/uploads\/2021\/09\/Oaxaca_mexico_shutterstock_345532514.jpg 1000w\" sizes=\"(max-width: 1200px) 100vw, 1200px\" \/><\/h2>\n<h2><strong>8. Oaxaca, Meksika (S<em>kor: 90.22)<\/em><\/strong><\/h2>\n<p>Meksika\u2019n\u0131n g\u00fcneybat\u0131s\u0131nda bulunan <strong>Oaxaca<\/strong> b\u00f6lgesi, tarihi ve k\u00fclt\u00fcrel zenginlikleri, mutfa\u011f\u0131 ve do\u011fas\u0131yla her a\u00e7\u0131dan g\u00f6r\u00fclmeye ve deneyimlemeye de\u011fer bolca se\u00e7enek sunuyor. Oaxaca; rengarenk sokaklar\u0131, dopdolu \u00e7ar\u015f\u0131lar\u0131, g\u00f6rkemli barok kiliseleri ve Old Town b\u00f6lgesiyle de olduk\u00e7a etkileyici.<\/p>\n<p><img loading=\"lazy\" decoding=\"async\" class=\"size-full wp-image-10445 alignnone\" src=\"https:\/\/julesverne.com.tr\/wp-content\/uploads\/2021\/09\/Chiang-Mai.jpg\" alt=\"\" width=\"1200\" height=\"800\" srcset=\"https:\/\/julesverne.com.tr\/wp-content\/uploads\/2021\/09\/Chiang-Mai.jpg 1200w, https:\/\/julesverne.com.tr\/wp-content\/uploads\/2021\/09\/Chiang-Mai-500x333.jpg 500w, https:\/\/julesverne.com.tr\/wp-content\/uploads\/2021\/09\/Chiang-Mai-768x512.jpg 768w\" sizes=\"(max-width: 1200px) 100vw, 1200px\" \/><\/p>\n<h2><strong>9. Chiang Mai, Tayland (S<em>kor: 90.22)<\/em><\/strong><\/h2>\n<p>\u2060Tayland\u2019\u0131n k\u00fclt\u00fcr ba\u015fkenti olan Chiang Mai, \u00fclkenin kuzeyinin en b\u00fcy\u00fck \u015fehri. Antik Lanna Krall\u0131\u011f\u0131\u2019n\u0131n eski ba\u015fkenti olan, 1296 y\u0131l\u0131nda kurulan <strong>Chiang Mai;<\/strong> 300\u2019den fazla tap\u0131na\u011f\u0131n sundu\u011fu mimari \u015f\u00f6leni, her bir toprak par\u00e7as\u0131ndan can bulan bitkileri, t\u00fcm d\u00fcnyaya r\u00fc\u015ft\u00fcn\u00fc ispat eden mutfa\u011f\u0131 ve son y\u0131llarda say\u0131s\u0131 artan l\u00fcks otelleriyle\u00a0 bamba\u015fka bir deneyim vadediyor!\u2060 Kendilerine Karen-Padung denen uzun boyunlu kabilesi, Thai mutfa\u011f\u0131n\u0131n b\u00fct\u00fcn yemeklerini \u00f6\u011freten a\u015f\u00e7\u0131l\u0131k kurslar\u0131, al\u0131\u015fveri\u015f ve e\u011flence mek\u00e2n\u0131 olan gece pazar\u0131 ile her y\u0131l ortalama 1 milyon turisti kendine \u00e7ekiyor. Orkide ve kelebek bah\u00e7eleri, bambu rafting aktiviteleri, fil safarileri ile olduk\u00e7a zengin aktiviteler sunan 700 y\u0131ll\u0131k \u015fehir; k\u00fclt\u00fcrel zenginli\u011fi, s\u0131cak havas\u0131, zengin yemekleri, s\u0131cak kanl\u0131 halk\u0131 ile kesinlikle ke\u015ffe de\u011fer!<\/p>\n<p><img loading=\"lazy\" decoding=\"async\" class=\"size-full wp-image-10446 alignnone\" src=\"https:\/\/julesverne.com.tr\/wp-content\/uploads\/2021\/09\/Bangkok.jpg\" alt=\"\" width=\"1200\" height=\"800\" srcset=\"https:\/\/julesverne.com.tr\/wp-content\/uploads\/2021\/09\/Bangkok.jpg 1200w, https:\/\/julesverne.com.tr\/wp-content\/uploads\/2021\/09\/Bangkok-500x333.jpg 500w, https:\/\/julesverne.com.tr\/wp-content\/uploads\/2021\/09\/Bangkok-768x512.jpg 768w\" sizes=\"(max-width: 1200px) 100vw, 1200px\" \/><\/p>\n<h2><strong>10. Bangkok, Tayland (S<em>kor: 89.81)<\/em><\/strong><\/h2>\n<p>Tay dilinde \u201cMelekler \u015eehri\u201d anlam\u0131na gelen<strong> Bangkok<\/strong>; renkli ya\u015fant\u0131s\u0131, k\u00fclt\u00fcrel duraklar\u0131 ve e\u011flence merkezleri ile turistik cazibesini her ge\u00e7en g\u00fcn art\u0131rmaya devam ediyor. Tayland\u2019\u0131n ba\u015fkentli\u011fini yapan bu Uzakdo\u011fu \u015fehrinin her k\u00f6\u015fesi, tap\u0131naklarla ve ilgin\u00e7 yap\u0131daki tarihi eserlerle dolu. Sanat\u0131 ve e\u011flenceyi bir arada ya\u015fatan ve g\u00fcn\u00fcn 24 saati ritmini korumay\u0131 ba\u015faran Bangkok gizemli bir nehrin kenar\u0131na dizilmi\u015f y\u00fckselen g\u00f6kdelenleri, her k\u00f6\u015fe ba\u015f\u0131nda kar\u015f\u0131n\u0131za \u00e7\u0131kan g\u00f6rkemli tap\u0131naklar\u0131, rengarenk tropik \u00e7i\u00e7ekleri ve her kesimden insan\u0131n doldurdu\u011fu \u201cuyumayan\u201d sokaklar\u0131 ile kesinlikle ke\u015ffe de\u011fer.<\/p>\n<p><img loading=\"lazy\" decoding=\"async\" class=\"size-full wp-image-10447 alignnone\" src=\"https:\/\/julesverne.com.tr\/wp-content\/uploads\/2021\/09\/Taipei.jpg\" alt=\"\" width=\"1200\" height=\"800\" srcset=\"https:\/\/julesverne.com.tr\/wp-content\/uploads\/2021\/09\/Taipei.jpg 1200w, https:\/\/julesverne.com.tr\/wp-content\/uploads\/2021\/09\/Taipei-500x333.jpg 500w, https:\/\/julesverne.com.tr\/wp-content\/uploads\/2021\/09\/Taipei-768x512.jpg 768w\" sizes=\"(max-width: 1200px) 100vw, 1200px\" \/><\/p>\n<h2><strong>11. Taipei, Tayvan (S<em>kor: 89.62)<\/em><\/strong><\/h2>\n<p>Tayvan\u2019\u0131n kuzeyi anlam\u0131na gelen <strong>Taipei<\/strong>, \u00f6zellikle Uzakdo\u011fu k\u00fclt\u00fcr\u00fcn\u00fc ke\u015ffetmek isteyenler i\u00e7in g\u00fczel bir se\u00e7enek. K\u00f6kenleri eski \u0130spanyol, Japon ve \u00c7in d\u00f6nemlerine kadar uzanan \u015fehir, zengin k\u00fclt\u00fcr\u00fc ve benzersiz do\u011fal manzaralar\u0131yla ziyaret\u00e7ilerine b\u00fcy\u00fcleyici bir tatilin kap\u0131s\u0131n\u0131 a\u00e7\u0131yor. Taipei G\u00fcneydo\u011fu Asya, Japon ve Amerikan etkileriyle yo\u011frulan bir \u00c7in k\u00fclt\u00fcr\u00fcyle ya\u015f\u0131yor. 300 y\u0131ll\u0131k bir \u015fehir olan Taipei ya\u015fayan bir m\u00fczeden farks\u0131z. Do\u011fu Asya\u2019n\u0131n en iyi restoranlar\u0131 ve otelleriyle dinamik bir d\u00f6n\u00fc\u015f\u00fcm i\u00e7erisinde olan Taipei; tap\u0131naklar\u0131, m\u00fczeleri, elektronik pazarlar\u0131, al\u0131\u015fveri\u015f se\u00e7enekleriyle Asya\u2019n\u0131n iddial\u0131 \u015fehirleri aras\u0131nda yer al\u0131yor.<\/p>\n<p><img loading=\"lazy\" decoding=\"async\" class=\"alignnone wp-image-10582\" src=\"https:\/\/julesverne.com.tr\/wp-content\/uploads\/2021\/09\/krakow-1665093-1-500x340.jpg\" alt=\"\" width=\"1200\" height=\"817\" srcset=\"https:\/\/julesverne.com.tr\/wp-content\/uploads\/2021\/09\/krakow-1665093-1-500x340.jpg 500w, https:\/\/julesverne.com.tr\/wp-content\/uploads\/2021\/09\/krakow-1665093-1-1280x871.jpg 1280w, https:\/\/julesverne.com.tr\/wp-content\/uploads\/2021\/09\/krakow-1665093-1-768x523.jpg 768w, https:\/\/julesverne.com.tr\/wp-content\/uploads\/2021\/09\/krakow-1665093-1-1536x1045.jpg 1536w, https:\/\/julesverne.com.tr\/wp-content\/uploads\/2021\/09\/krakow-1665093-1-2048x1393.jpg 2048w, https:\/\/julesverne.com.tr\/wp-content\/uploads\/2021\/09\/krakow-1665093-1-scaled.jpg 1600w\" sizes=\"(max-width: 1200px) 100vw, 1200px\" \/><\/p>\n<h2><strong>12. Krakov, Polonya (S<em>kor: 89.39)<\/em><\/strong><\/h2>\n<p>K\u00f6kl\u00fc ge\u00e7mi\u015finin miras\u0131n\u0131 canl\u0131 tutmay\u0131 ba\u015faran <strong>Krakov<\/strong>, Do\u011fu Avrupa\u2019n\u0131n en \u00f6nemli ve pop\u00fcler kentlerinden biri. Muhte\u015fem mimarisi ile caddelerinde ve meydanlar\u0131nda dola\u015fmaktan asla b\u0131kmayaca\u011f\u0131n\u0131z bu \u015fehir \u201cilk g\u00f6r\u00fc\u015fte a\u015fk\u201d \u0131n kar\u015f\u0131l\u0131\u011f\u0131na d\u00f6n\u00fc\u015f\u00fcyor. Kendinizi evinizde gibi hissedece\u011finiz Krakow\u2019da,\u00a0 UNESCO D\u00fcnya Miras\u0131 listesinde yer alan tarihi \u015fehir b\u00f6l\u00fcm\u00fc, R\u00f6nesans mimarisi ve sanat m\u00fczesiyle b\u00fcy\u00fcleyen The Cloth Hall, \u00e7a\u011fda\u015f sanat m\u00fczesi MOCAK, St. Mary Katedrali, \u00c2\u015f\u0131klar K\u00f6pr\u00fcs\u00fc ve daha fazlas\u0131 sizi bekliyor.<\/p>\n<p><img loading=\"lazy\" decoding=\"async\" class=\"size-full wp-image-10449 alignnone\" src=\"https:\/\/julesverne.com.tr\/wp-content\/uploads\/2021\/09\/Luang-Prabang.jpg\" alt=\"\" width=\"1200\" height=\"800\" srcset=\"https:\/\/julesverne.com.tr\/wp-content\/uploads\/2021\/09\/Luang-Prabang.jpg 1200w, https:\/\/julesverne.com.tr\/wp-content\/uploads\/2021\/09\/Luang-Prabang-500x333.jpg 500w, https:\/\/julesverne.com.tr\/wp-content\/uploads\/2021\/09\/Luang-Prabang-768x512.jpg 768w\" sizes=\"(max-width: 1200px) 100vw, 1200px\" \/><\/p>\n<h2><strong>13. Luang Prabang, Laos (S<em>kor: 89.29)<\/em><\/strong><\/h2>\n<p>G\u00fcneydo\u011fu Asya\u2019n\u0131n en etkileyici \u015fehirlerinden birisi olan <strong>Luang Prabang<\/strong>, Laos\u2019taki en pop\u00fcler turistik yerlerden. G\u00fcneydo\u011fu Asya\u2019n\u0131n karayla \u00e7evrili tek \u00fclkesi olsa da \u015fa\u015f\u0131rt\u0131c\u0131 bir \u015fekilde su hayat\u0131n vazge\u00e7ilmez bir par\u00e7as\u0131. Laos&#8217;un en b\u00fcy\u00fck su kayna\u011f\u0131 olan Mekong Nehri etraf\u0131nda kurulan hayatlar bunun en g\u00fczel \u00f6rne\u011fi. Nehir k\u0131y\u0131s\u0131na kurulan k\u00f6y ve kasabalar\u0131, \u00fclkeye yadig\u00e2r kalan Frans\u0131z s\u00f6m\u00fcrge mimarisinin izlerini ta\u015f\u0131yan saray ve tap\u0131naklar\u0131 \u00f6yle kendine \u00f6zg\u00fc ki. Mekong Nehri ve Nam Khan aras\u0131ndaki yar\u0131madada bulunan Luang Prabang, UNESCO D\u00fcnya Miras\u0131 listesinde yer al\u0131yor. Luang Prabang\u2019da gezilecek yerler listesinin ba\u015f\u0131nda 1560 y\u0131l\u0131ndan g\u00fcn\u00fcm\u00fcze gelen ve en \u00f6nemli tap\u0131naklar\u0131ndan biri olan Wat Xieng Thog bulunuyor.<\/p>\n<p><img loading=\"lazy\" decoding=\"async\" class=\"size-full wp-image-10450 alignnone\" src=\"https:\/\/julesverne.com.tr\/wp-content\/uploads\/2021\/09\/roma.jpg\" alt=\"\" width=\"1200\" height=\"800\" srcset=\"https:\/\/julesverne.com.tr\/wp-content\/uploads\/2021\/09\/roma.jpg 1200w, https:\/\/julesverne.com.tr\/wp-content\/uploads\/2021\/09\/roma-500x333.jpg 500w, https:\/\/julesverne.com.tr\/wp-content\/uploads\/2021\/09\/roma-768x512.jpg 768w\" sizes=\"(max-width: 1200px) 100vw, 1200px\" \/><\/p>\n<h2><strong>14. Roma, \u0130talya (S<em>kor: 89.39) &#8211; <\/em><\/strong><strong><em>D\u00fcnyan\u0131n En \u0130yisi \u00d6d\u00fclleri Onur \u00d6d\u00fcl\u00fc<\/em><\/strong><\/h2>\n<p>D\u00fcnyan\u0131n en b\u00fcy\u00fck medeniyetlerinden birisinin kuruldu\u011fu \u0130talya\u2019n\u0131n ba\u015fkenti <strong>Roma<\/strong>, tarihin \u015fekillendi\u011fi en \u00f6nemli \u015fehirler aras\u0131nda yer al\u0131yor. Roma \u0130mparatorlu\u011fu&#8217;nun merkezi oldu\u011fu g\u00fcnden beri ihti\u015fam\u0131ndan \u00f6d\u00fcn vermeyen Roma \u015fehir planlamas\u0131 ve manzaras\u0131yla tart\u0131\u015fmas\u0131z Avrupa&#8217;n\u0131n seyre doyulmayan en g\u00fczel kentlerinden. Orta\u00e7a\u011f, Barok ve R\u00f6nesans&#8217;\u0131n izleri t\u00fcm meydanlar\u0131nda ve sokaklar\u0131nda hissediliyor. \u00c7e\u015fmeleri, sokaklar\u0131, kiliseleri ve hemen her sokakta bulunan tarih kokan yap\u0131lar\u0131yla g\u00f6z kama\u015ft\u0131ran Roma&#8217;da tarihe tan\u0131kl\u0131k edebilece\u011finiz ba\u015fl\u0131ca yap\u0131lar aras\u0131nda Kolezyum, Roma Forumu, \u0130spanyol Merdivenleri, Vatikan ve Trevi \u00c7e\u015fmesi yer al\u0131yor. \u00a0Yerel Roma hayat\u0131n\u0131 ya\u015famak i\u00e7in Campo de&#8217; Fiori&#8217;ye gitmeli; d\u00fcnyan\u0131n en k\u00fc\u00e7\u00fck \u00fclkesi Vatikan&#8217;\u0131 ziyaret ederek San Pietro Kilisesi\u2019ni ve Malta \u015e\u00f6valyeleri Bah\u00e7esini g\u00f6rmelisiniz.<\/p>\n<p><img loading=\"lazy\" decoding=\"async\" class=\"size-full wp-image-10451 alignnone\" src=\"https:\/\/julesverne.com.tr\/wp-content\/uploads\/2021\/09\/San-Sebastian.jpg\" alt=\"\" width=\"1200\" height=\"800\" srcset=\"https:\/\/julesverne.com.tr\/wp-content\/uploads\/2021\/09\/San-Sebastian.jpg 1200w, https:\/\/julesverne.com.tr\/wp-content\/uploads\/2021\/09\/San-Sebastian-500x333.jpg 500w, https:\/\/julesverne.com.tr\/wp-content\/uploads\/2021\/09\/San-Sebastian-768x512.jpg 768w\" sizes=\"(max-width: 1200px) 100vw, 1200px\" \/><\/p>\n<h2><strong>15. San Sebastian, \u0130spanya (S<em>kor: 88.87)<\/em><\/strong><\/h2>\n<p>San Sebastian, Bilbao\u2019dan kolayca ula\u015f\u0131labilen k\u00fc\u00e7\u00fcc\u00fck ama bir o kadar da g\u00fczel ve etkiyici bir Bask \u015fehri. Bask\u00e7a ad\u0131 Donostia olan San Sebastian, \u0130spanya\u2019n\u0131n Atlantik Okyanusu k\u0131y\u0131s\u0131nda ve hemen kuzeydeki Fransa s\u0131n\u0131r\u0131na \u00e7ok yak\u0131n. Son d\u00f6nemin g\u00f6zde gurme seyahat noktalar\u0131ndan biri olan<strong> San Sebastian<\/strong>, \u0130spanya\u2019n\u0131n kuzeyinde y\u0131l\u0131n her d\u00f6nemi keyifli bir ambiyans sunuyor. Huzur veren do\u011fas\u0131, alt\u0131n renkli kumsallar\u0131, lezzet \u015f\u00f6leni ya\u015fatan birbirinden g\u00fczel yemekleriyle \u0130spanya\u2019n\u0131n tatil cenneti San Sebastian, masmavi deniziyle r\u00fcya gibi bir tatil vadediyor. Y\u00fcz y\u0131ll\u0131k tarihi f\u00fcnik\u00fcler ile Monte Igueldo tepesine \u00e7\u0131k\u0131p manzaray\u0131 izlerken, \u015fehrin merkezindeki Playa de la Concha ve Playa de Ondarreta plajlar\u0131n\u0131n keyfini s\u00fcrerken, San Sebastian Akvaryumu\u2019nda sualt\u0131 ya\u015fam\u0131n\u0131 incelerken, leziz tapaslar\u0131n tad\u0131na bakarken \u015fehrin neden bu kadar \u00e7ekici oldu\u011funu anlayacaks\u0131n\u0131z.<\/p>\n<p><img loading=\"lazy\" decoding=\"async\" class=\"alignnone wp-image-10017\" src=\"https:\/\/julesverne.com.tr\/wp-content\/uploads\/2021\/08\/bodrum_shutterstock_1027438435-500x333.jpg\" alt=\"\" width=\"1200\" height=\"799\" srcset=\"https:\/\/julesverne.com.tr\/wp-content\/uploads\/2021\/08\/bodrum_shutterstock_1027438435-500x333.jpg 500w, https:\/\/julesverne.com.tr\/wp-content\/uploads\/2021\/08\/bodrum_shutterstock_1027438435-768x511.jpg 768w, https:\/\/julesverne.com.tr\/wp-content\/uploads\/2021\/08\/bodrum_shutterstock_1027438435.jpg 1000w\" sizes=\"(max-width: 1200px) 100vw, 1200px\" \/><\/p>\n<h2><strong>16. Bodrum, T\u00fcrkiye (S<em>kor: 88.82)<\/em><\/strong><\/h2>\n<p>Muhte\u015fem do\u011fal g\u00fczellikleri, masmavi denizi, bembeyaz evleri, ye\u015fil ormanlar\u0131, seyir keyfine doyum olmayan Bodrum Kalesi ve \u00e7ok say\u0131da tarihi eseri ile <strong>Bodrum<\/strong> her zaman \u00e7ok keyifli. Her koyunda farkl\u0131 maceralar\u0131 bar\u0131nd\u0131ran Bodrum; tarihin babas\u0131 Heredot\u2019un evi, pek \u00e7ok hikayenin ba\u015frol oyuncusu. G\u00f6z al\u0131c\u0131 plajlar\u0131 ve sahil \u015feridi boyunca g\u00f6rsel ziyafet sunan evleriyle Bodrum, bir tatilden ne beklerseniz bekleyin kar\u015f\u0131l\u0131\u011f\u0131n\u0131 fazlas\u0131yla verebilecek \u00f6zelliklere sahip bir tatil cenneti.<\/p>\n<p><img loading=\"lazy\" decoding=\"async\" class=\"alignnone wp-image-10452 size-full\" src=\"https:\/\/julesverne.com.tr\/wp-content\/uploads\/2021\/09\/Jaipur.jpg\" alt=\"\" width=\"1200\" height=\"800\" srcset=\"https:\/\/julesverne.com.tr\/wp-content\/uploads\/2021\/09\/Jaipur.jpg 1200w, https:\/\/julesverne.com.tr\/wp-content\/uploads\/2021\/09\/Jaipur-500x333.jpg 500w, https:\/\/julesverne.com.tr\/wp-content\/uploads\/2021\/09\/Jaipur-768x512.jpg 768w\" sizes=\"(max-width: 1200px) 100vw, 1200px\" \/><\/p>\n<h2><strong>17. Jaipur, Hindistan (S<em>kor: 88.68)<\/em><\/strong><\/h2>\n<p>T\u00fcm duyular\u0131n\u0131z\u0131 harekete ge\u00e7irecek bir seyahat arzuluyorsan\u0131z Hindistan&#8217;\u0131n <strong>Rajasthan B\u00f6lgesi<\/strong>&#8216;nde hayat\u0131n\u0131z\u0131n en g\u00fczel g\u00fcnlerini ge\u00e7irebilirsiniz. Pembe ta\u015ftan in\u015fa edilen g\u00f6rkemli binalar\u0131, saray binalar\u0131ndan d\u00f6n\u00fc\u015ft\u00fcr\u00fclen \u0131\u015f\u0131lt\u0131l\u0131 otelleriyle Rajasthan&#8217;\u0131n ba\u015fkenti <strong>Jaipur<\/strong> size bamba\u015fka bir d\u00fcnyan\u0131n kap\u0131lar\u0131n\u0131 aralayacak.\u2060 &#8220;Zafer \u015eehri&#8221; veya &#8220;Pembe \u015eehir&#8221; olarak da bilinen Jaipur&#8217;un mimarisi, sonbaharda g\u00fcnbat\u0131m\u0131n\u0131 and\u0131ran renklerle in\u015fa edilmi\u015f. Eski \u015fehrin i\u00e7indeki b\u00fct\u00fcn binalar pembe renkli. Burada Hint \u2013 Mo\u011fol mimarisinin tipik kubbeli yap\u0131lar\u0131n\u0131 da g\u00f6rmeniz m\u00fcmk\u00fcn. Jaipur&#8217;daki ilk dura\u011f\u0131n\u0131z muhte\u015fem mimarisiyle Amber Kalesi olmal\u0131; kaleyi \u00e7evreleyen Charbagh Bah\u00e7esi, bal pete\u011fine benzeyen Hawa Mahal Saray\u0131, astronomik g\u00f6zlemevi olan Jantar Mantar, Man Sagar G\u00f6l\u00fc ortas\u0131nda konumlanan Jal Mahal Saray\u0131, 17. Y\u00fczy\u0131lda in\u015fa edilen City Palace Hindistan yolculu\u011funuzun en de\u011ferli anlar\u0131 olacak!<\/p>\n<p><img loading=\"lazy\" decoding=\"async\" class=\"size-full wp-image-10453 alignnone\" src=\"https:\/\/julesverne.com.tr\/wp-content\/uploads\/2021\/09\/Charleston.jpg\" alt=\"\" width=\"1200\" height=\"800\" srcset=\"https:\/\/julesverne.com.tr\/wp-content\/uploads\/2021\/09\/Charleston.jpg 1200w, https:\/\/julesverne.com.tr\/wp-content\/uploads\/2021\/09\/Charleston-500x333.jpg 500w, https:\/\/julesverne.com.tr\/wp-content\/uploads\/2021\/09\/Charleston-768x512.jpg 768w\" sizes=\"(max-width: 1200px) 100vw, 1200px\" \/><\/p>\n<h2><strong>18. Charleston, G\u00fcney Karolina (S<em>kor: 88.61)<\/em><\/strong><\/h2>\n<p>G\u00fcney Karolina\u2019n\u0131n m\u00fccevheri <strong>Charleston<\/strong>, Atlas Okyanusu\u2019na d\u00f6k\u00fclen d\u00f6rt nehrin birle\u015fti\u011fi yar\u0131madalar\u0131n \u00fcst\u00fcnde yer al\u0131yor. Charleston; g\u00fczel bir \u015fekilde restore edilmi\u015f evleri, kiliseleri, Arnavut kald\u0131r\u0131ml\u0131 sokaklar\u0131 ve gizli bah\u00e7eleri ile g\u00fcneyin en iyi korunmu\u015f \u015fehirlerinden biri.<\/p>\n<p><img loading=\"lazy\" decoding=\"async\" class=\"size-full wp-image-10454 alignnone\" src=\"https:\/\/julesverne.com.tr\/wp-content\/uploads\/2021\/09\/Tokyo.jpg\" alt=\"\" width=\"1200\" height=\"800\" srcset=\"https:\/\/julesverne.com.tr\/wp-content\/uploads\/2021\/09\/Tokyo.jpg 1200w, https:\/\/julesverne.com.tr\/wp-content\/uploads\/2021\/09\/Tokyo-500x333.jpg 500w, https:\/\/julesverne.com.tr\/wp-content\/uploads\/2021\/09\/Tokyo-768x512.jpg 768w\" sizes=\"(max-width: 1200px) 100vw, 1200px\" \/><\/p>\n<h2><strong>19. Tokyo, Japonya (S<em>kor: 88.59)<\/em><\/strong><\/h2>\n<p>Japonya\u2019n\u0131n ba\u015fkenti ve k\u00fclt\u00fcr merkezi olan <strong>Tokyo<\/strong>, say\u0131s\u0131z modern ve modaya uygun ma\u011fazaya, her t\u00fcrden harika gurme restoranlar\u0131na ve say\u0131s\u0131z turistik yerlere ev sahipli\u011fi yapan e\u015fsiz bir \u015fehir. Japonya&#8217;n\u0131n ba\u015fkenti olmas\u0131n\u0131n ve kalabal\u0131k n\u00fcfusunun yan\u0131nda ekonomi ve k\u00fclt\u00fcr merkezi olarak da an\u0131lan Tokyo ayn\u0131 zamanda Japonya tarihinin ve geleneksel Japonya sanatlar\u0131n\u0131n do\u011fum yeri.\u00a0 \u0130mparatorluk Saray\u0131\u2019ndan Sensoji Tap\u0131na\u011f\u0131 ve Ulusal M\u00fcze\u2019ye kadar \u015fehirde gezilecek \u00e7ok yer, ke\u015ffedilecek \u00e7ok \u015fey var. Tokyo Uluslararas\u0131 Akvaryumu, Ueno Park\u0131 ve Hama Rikyu Bah\u00e7eleri de mutlaka g\u00f6r\u00fclmesi gereken yerlerden.<\/p>\n<p><img loading=\"lazy\" decoding=\"async\" class=\"size-full wp-image-10455 alignnone\" src=\"https:\/\/julesverne.com.tr\/wp-content\/uploads\/2021\/09\/Cape-Town.jpg\" alt=\"\" width=\"1200\" height=\"800\" srcset=\"https:\/\/julesverne.com.tr\/wp-content\/uploads\/2021\/09\/Cape-Town.jpg 1200w, https:\/\/julesverne.com.tr\/wp-content\/uploads\/2021\/09\/Cape-Town-500x333.jpg 500w, https:\/\/julesverne.com.tr\/wp-content\/uploads\/2021\/09\/Cape-Town-768x512.jpg 768w\" sizes=\"(max-width: 1200px) 100vw, 1200px\" \/><\/p>\n<h2><strong>20. Cape Town, Afrika (S<em>kor: 88.55)<\/em><\/strong><\/h2>\n<p>Atlas Okyanusu ile Hint Okyanusu aras\u0131nda yer alan konumuyla \u00e7arp\u0131c\u0131 plajlar\u0131, yemye\u015fil tar\u0131m arazileri ve nefis \u00fcz\u00fcm ba\u011flar\u0131yla \u00e7evrili <strong>Cape Town<\/strong>, Afrika\u2019n\u0131n en canl\u0131 \u015fehirlerinden bir tanesi. Afrika, Asya ve Avrupa k\u00fclt\u00fcrlerinin de\u011fi\u015fik bir kar\u0131\u015f\u0131m\u0131ndan olu\u015fan pop\u00fclasyonu \u015fehrin m\u00fczi\u011fine, mimarisine ve mutfa\u011f\u0131na yans\u0131d\u0131\u011f\u0131 i\u00e7in Cape Town\u2019da yap\u0131lacak, g\u00f6r\u00fclecek \u00e7ok \u015fey var. P\u0131r\u0131l p\u0131r\u0131l g\u00fcne\u015f, u\u00e7suz bucaks\u0131z okyanus, taptaze bir hava ve Masa Da\u011f\u0131\u2019n\u0131n tan\u0131mlad\u0131\u011f\u0131 Cape Town, haf\u0131zalar\u0131n\u0131za kaz\u0131nacak bir seyahat deneyimi vadediyor. CapeTown\u2019un e\u015fsiz \u015fehir manzaras\u0131na ve g\u00fcnbat\u0131m\u0131na tan\u0131kl\u0131k etmek i\u00e7in teleferik ile Masa Da\u011f\u0131&#8217;na \u00e7\u0131kmal\u0131; G\u00fcney Afrikal\u0131 sanat\u00e7\u0131lar\u0131n resim ve heykellerine ev sahipli\u011fi yapan G\u00fcney Afrika Ulusal M\u00fczesi&#8217;ni dola\u015fmal\u0131; Cape Town\u2019a esir ticareti ile gelen Malezyal\u0131 M\u00fcsl\u00fcmanlar\u0131n rengarenk boyanm\u0131\u015f \u015firin evleri ile yaratt\u0131klar\u0131 \u015fen mahallesi Bo Kaap gezilmeli; Camps Bay, Llandudno Plajlar\u0131nda denizin ve Afrika g\u00fcne\u015finin tad\u0131n\u0131 \u00e7\u0131karmal\u0131.<\/p>\n<p><img loading=\"lazy\" decoding=\"async\" class=\"size-full wp-image-10456 alignnone\" src=\"https:\/\/julesverne.com.tr\/wp-content\/uploads\/2021\/09\/Trieste.jpg\" alt=\"\" width=\"1200\" height=\"800\" srcset=\"https:\/\/julesverne.com.tr\/wp-content\/uploads\/2021\/09\/Trieste.jpg 1200w, https:\/\/julesverne.com.tr\/wp-content\/uploads\/2021\/09\/Trieste-500x333.jpg 500w, https:\/\/julesverne.com.tr\/wp-content\/uploads\/2021\/09\/Trieste-768x512.jpg 768w\" sizes=\"(max-width: 1200px) 100vw, 1200px\" \/><\/p>\n<h2><strong>21. Trieste, \u0130talya (S<em>kor: 88.54)<\/em><\/strong><\/h2>\n<p>Tarih boyunca bir\u00e7ok k\u00fclt\u00fcr ve medeniyetin h\u00fck\u00fcm s\u00fcrd\u00fc\u011f\u00fc <strong>Trieste; <\/strong>Slovenya, H\u0131rvatistan ve Adriyatik Denizi ile \u00e7evrili, ge\u00e7mi\u015findeki Avusturya-Macaristan izlerini hala ta\u015f\u0131yan bir \u0130talyan \u015fehri. Deniz k\u0131y\u0131s\u0131nda olman\u0131n getirdi\u011fi do\u011fal g\u00fczelli\u011finin yan\u0131 s\u0131ra tarihi yap\u0131lar\u0131 ve mimarisiyle de ilgi \u00e7ekiyor. \u0130talya&#8217;daki t\u00fcm kahvelerin \u00fc\u00e7te birinin liman\u0131na gelip burada kavrulmas\u0131 nedeniyle \u201cKahve \u015eehri\u201d olarak an\u0131l\u0131yor. Kent \u0130rlandal\u0131 \u00fcnl\u00fc yazar James Joyce\u2019un da bir s\u00fcre ya\u015fad\u0131\u011f\u0131 \u015fehir olarak biliniyor.<\/p>\n<p><img loading=\"lazy\" decoding=\"async\" class=\"size-full wp-image-10457 alignnone\" src=\"https:\/\/julesverne.com.tr\/wp-content\/uploads\/2021\/09\/Ljubljana.jpg\" alt=\"\" width=\"1200\" height=\"800\" srcset=\"https:\/\/julesverne.com.tr\/wp-content\/uploads\/2021\/09\/Ljubljana.jpg 1200w, https:\/\/julesverne.com.tr\/wp-content\/uploads\/2021\/09\/Ljubljana-500x333.jpg 500w, https:\/\/julesverne.com.tr\/wp-content\/uploads\/2021\/09\/Ljubljana-768x512.jpg 768w\" sizes=\"(max-width: 1200px) 100vw, 1200px\" \/><\/p>\n<h2><strong>22. Ljubljana, Slovenya (S<em>kor: 88.47)<\/em><\/strong><\/h2>\n<p>Slovenya&#8217;n\u0131n ba\u015fkenti <strong>Ljubljana<\/strong>, Avrupa&#8217;n\u0131n en \u015firin kentlerinden biri. Orta Avrupa&#8217;da bulunan kent Fransa, \u0130svi\u00e7re ve Avusturya boyunca uzanan Alp Da\u011flar\u0131&#8217;n\u0131n da yan\u0131 ba\u015f\u0131nda yer al\u0131yor. Roma, Paris, Londra gibi r\u00fc\u015ft\u00fcn\u00fc ispat eden Avrupa \u015fehirleri aras\u0131nda kendine yer bulan, son y\u0131llar\u0131n en pop\u00fcler \u015fehirlerinden biri Ljubljana \u201cminyat\u00fcr Avrupa\u201d olarak an\u0131l\u0131yor. Do\u011fu Avrupa, Alp ve Akdeniz mutfaklar\u0131n\u0131n bir sentezini olu\u015fturan Slovenya mutfa\u011f\u0131n\u0131n en iyi \u00f6rneklerini bu sempatik kentte bulabilirsiniz. K\u00fc\u00e7\u00fck olmas\u0131na ra\u011fmen son derece renkli bir \u015fehir olan Ljubljana\u2019n\u0131n R\u00f6nesans ve Barok mimarideki tarihi yap\u0131lar\u0131, kalesinden seyrine doyulmayan \u015fehir manzaras\u0131 aras\u0131nda size her an yemye\u015fil a\u011fa\u00e7lar ve parklar e\u015flik ediyor. \u00a0Ayr\u0131ca unutmadan, Ljubljana manzaras\u0131n\u0131n hakk\u0131n\u0131 vermek i\u00e7in s\u0131cak balona binmeli ve bol bol foto\u011fraf \u00e7ekmelisiniz.<\/p>\n<p><img loading=\"lazy\" decoding=\"async\" class=\"size-full wp-image-10458 alignnone\" src=\"https:\/\/julesverne.com.tr\/wp-content\/uploads\/2021\/09\/seul.jpg\" alt=\"\" width=\"1200\" height=\"800\" srcset=\"https:\/\/julesverne.com.tr\/wp-content\/uploads\/2021\/09\/seul.jpg 1200w, https:\/\/julesverne.com.tr\/wp-content\/uploads\/2021\/09\/seul-500x333.jpg 500w, https:\/\/julesverne.com.tr\/wp-content\/uploads\/2021\/09\/seul-768x512.jpg 768w\" sizes=\"(max-width: 1200px) 100vw, 1200px\" \/><\/p>\n<h2><strong>23. Seul, G\u00fcney Kore (S<em>kor: 88.47)<\/em><\/strong><\/h2>\n<p>G\u00fcney Kore\u2019nin ba\u015fkenti <strong>Seul<\/strong>; kalabal\u0131k n\u00fcfusu, d\u00fcnyaca \u00fcnl\u00fc firmalar\u0131n y\u00f6netim ofislerinin bulundu\u011fu g\u00f6kdelenleri ve g\u00f6kdelenlerinin hemen dibinde, geleneksel mimariyi yans\u0131tan iyi korunmu\u015f ve bak\u0131ml\u0131 tap\u0131nak, saray ve bah\u00e7eleriyle Uzakdo\u011fu\u2019nun y\u00fckselen y\u0131ld\u0131z\u0131 olarak ziyaret\u00e7ilerini etkilemeye devam ediyor. Kore Sava\u015f\u0131\u2019nda yerle bir olan ve daha sonra \u00e2deta k\u00fcllerinden do\u011fan Seul, g\u00fcn\u00fcm\u00fczde ziyaret\u00e7ilerine modern ya\u015fam\u0131n, tarihi mirasla hayranl\u0131k uyand\u0131ran birlikteli\u011fini sunmay\u0131 da ihmal etmiyor.<\/p>\n<p><img loading=\"lazy\" decoding=\"async\" class=\"size-full wp-image-10459 alignnone\" src=\"https:\/\/julesverne.com.tr\/wp-content\/uploads\/2021\/09\/Antigua-Guatemala.jpg\" alt=\"\" width=\"1200\" height=\"800\" srcset=\"https:\/\/julesverne.com.tr\/wp-content\/uploads\/2021\/09\/Antigua-Guatemala.jpg 1200w, https:\/\/julesverne.com.tr\/wp-content\/uploads\/2021\/09\/Antigua-Guatemala-500x333.jpg 500w, https:\/\/julesverne.com.tr\/wp-content\/uploads\/2021\/09\/Antigua-Guatemala-768x512.jpg 768w\" sizes=\"(max-width: 1200px) 100vw, 1200px\" \/><\/p>\n<h2><strong>24. Antigua Guatemala, Guatemala (S<em>kor: 87.97)<\/em><\/strong><\/h2>\n<p>Bir \u00fclkenin y\u0131llarca ba\u015fkentli\u011fini yapacak kadar \u00f6nemli bir yere sahipken \u00e7evresindeki yanarda\u011f lavlar\u0131ndan ve art arda gelen depremlerden yok olan bir \u015fehir Guatemala&#8217;n\u0131n <strong>Antigua<\/strong> \u015fehri. \u015eehir, restore edilerek g\u00fcn\u00fcm\u00fcze ta\u015f\u0131nm\u0131\u015f \u0130spanyol mimarisi binalar\u0131, Arnavut kald\u0131r\u0131mlar\u0131 ve volkanik da\u011flar\u0131n\u0131n \u00fcrk\u00fct\u00fcc\u00fc sesleriyle, hem huzuru hem de do\u011fan\u0131n g\u00fcc\u00fcn\u00fc hissetmenizi sa\u011flayacak ilgin\u00e7 bir seyahat rotas\u0131&#8230;<\/p>\n<h2><img loading=\"lazy\" decoding=\"async\" class=\"size-full wp-image-10460 alignnone\" src=\"https:\/\/julesverne.com.tr\/wp-content\/uploads\/2021\/09\/porto.jpg\" alt=\"\" width=\"1200\" height=\"800\" srcset=\"https:\/\/julesverne.com.tr\/wp-content\/uploads\/2021\/09\/porto.jpg 1200w, https:\/\/julesverne.com.tr\/wp-content\/uploads\/2021\/09\/porto-500x333.jpg 500w, https:\/\/julesverne.com.tr\/wp-content\/uploads\/2021\/09\/porto-768x512.jpg 768w\" sizes=\"(max-width: 1200px) 100vw, 1200px\" \/><\/h2>\n<h2><strong>25. Porto, Portekiz (S<em>kor: 87.79)<\/em><\/strong><\/h2>\n<p>Portekiz\u2019in Lizbon\u2019dan sonra ikinci b\u00fcy\u00fck kenti olan <strong>Porto<\/strong>, \u00fclkenin kuzeyindeki Douro Nehri\u2019nin Atlas okyanusuna a\u00e7\u0131lan k\u0131y\u0131s\u0131nda yer al\u0131yor. UNESCO D\u00fcnya Miras\u0131 Listesi\u2019nde de yer alan Porto; bo\u011faz\u0131 and\u0131ran Rio Douro Nehri, mart\u0131 sesleri ve bol yoku\u015flu, dar sokaklar\u0131 ile T\u00fcrk misafirlerine \u0130stanbul\u2019u an\u0131msat\u0131yor. Renkleriyle g\u00f6zleri \u00fczerine \u00e7eken desenli vitraylarla s\u00fcslenen ta\u015f binalar\u0131, Porto \u015farab\u0131 ve tarihi binalar\u0131yla Porto; tarih ve sanat derslerinin canl\u0131 bir \u00f6rne\u011fi. Tarihi eserleri, kula\u011f\u0131n\u0131z\u0131 ok\u015fayan \u00e7an sesleri ve pitoresk nehir manzaras\u0131yla romantizmi ya\u015fat\u0131yor.<\/p>\n<p><strong>Travel + Leisure<\/strong> taraf\u0131ndan yay\u0131nlanan <strong>&#8220;D\u00fcnya&#8217;n\u0131n En \u0130yi 25 \u015eehri&#8221;<\/strong> i\u00e7eri\u011fine <a href=\"https:\/\/www.travelandleisure.com\/worlds-best\/cities\"><strong>buradan<\/strong><\/a> ula\u015fabilirsiniz.<\/p>\n<h1><a href=\"https:\/\/julesverne.com.tr\/seyahat-blog\/dunyanin-en-iyi-10-oteli\/\">D\u00fcnyan\u0131n En \u0130yi 10 Oteli<\/a><\/h1>\n<p><img loading=\"lazy\" decoding=\"async\" class=\"alignnone wp-image-10606\" src=\"https:\/\/julesverne.com.tr\/wp-content\/uploads\/2021\/09\/mahali-mzuri-breakfast-500x212.jpg\" alt=\"\" width=\"1200\" height=\"508\" srcset=\"https:\/\/julesverne.com.tr\/wp-content\/uploads\/2021\/09\/mahali-mzuri-breakfast-500x212.jpg 500w, https:\/\/julesverne.com.tr\/wp-content\/uploads\/2021\/09\/mahali-mzuri-breakfast-1280x542.jpg 1280w, https:\/\/julesverne.com.tr\/wp-content\/uploads\/2021\/09\/mahali-mzuri-breakfast-768x325.jpg 768w, https:\/\/julesverne.com.tr\/wp-content\/uploads\/2021\/09\/mahali-mzuri-breakfast.jpg 1440w\" sizes=\"(max-width: 1200px) 100vw, 1200px\" \/><\/p>\n<p>D\u00fcnyaca \u00fcnl\u00fc seyahat dergisi\u00a0<strong>Travel + Leisure<\/strong>\u00a0taraf\u0131ndan koronavir\u00fcs salg\u0131n\u0131 sonras\u0131 ilk kez d\u00fczenlenen\u00a0<strong>\u201cD\u00fcnyan\u0131n En \u0130yileri\u201d<\/strong>\u00a0anketine kat\u0131lan seyahatseverler; otelleri konumlar\u0131, sunmu\u015f olduklar\u0131 hizmetler, yemekler, servis kaliteleri ve genel de\u011ferlendirmeler gibi konu ba\u015fl\u0131klar\u0131 \u00fczerinden de\u011ferlendirerek, \u201cD\u00fcnya\u2019n\u0131n En \u0130yi Otelleri\u201d listesini belirledi.<\/p>\n<p><strong>Travel + Leisure<\/strong>\u00a0dergisi taraf\u0131ndan yay\u0131nlanan \u201c<strong>D\u00fcnyan\u0131n En \u0130yi Otelleri\u201d<\/strong>\u00a0listesinde bu y\u0131l T\u00fcrkiye\u2019nin incisi \u0130stanbul\u2019dan 3 otel yer ald\u0131. Kalite odakl\u0131 hizmet anlay\u0131\u015f\u0131, ambiyans\u0131 ve sundu\u011fu servis \u00e7e\u015fitlili\u011fi ile bir\u00e7ok \u00f6d\u00fcle lay\u0131k g\u00f6r\u00fclen\u00a0<strong>Four Seasons Hotel at Sultanahmet <\/strong>d\u00fcnyan\u0131n en iyi 25,\u00a0Avrupa\u2019n\u0131n en iyi 4. oteli;\u00a0<strong>The St. Regis \u0130stanbul<\/strong> d\u00fcnyan\u0131n en iyi 40,\u00a0Avrupa\u2019n\u0131n en iyi 5.oteli;\u00a0<strong>Raffles \u0130stanbul <\/strong>ise d\u00fcnyan\u0131n en \u0130yi 47, Avrupa\u2019n\u0131n en iyi 7. oteli\u00a0oldu.<\/p>\n<p>Kenya\u2019dan Kosta Rika\u2019ya, Beijing\u2019den Bangkok\u2019a, Bali\u2019den Santorini\u2019ye, Bahamalar\u2019dan Udaipur, Chengdu ve Yeni Delhi\u2019ye uzanan <strong>&#8220;D\u00fcnyan\u0131n En \u0130yi Otelleri&#8221;<\/strong>ne <a href=\"https:\/\/julesverne.com.tr\/seyahat-blog\/dunyanin-en-iyi-10-oteli\/\" target=\"_blank\" rel=\"noopener\"><strong>buradan<\/strong><\/a> ula\u015fabilirsiniz.<\/p>\n<h1><a href=\"https:\/\/julesverne.com.tr\/?p=10476&amp;preview=true\">Avrupa&#8217;n\u0131n En \u0130yi Otelleri<\/a><\/h1>\n<p><img loading=\"lazy\" decoding=\"async\" class=\"size-full wp-image-10469 alignnone\" src=\"https:\/\/julesverne.com.tr\/wp-content\/uploads\/2021\/09\/Four-Seasons-Hotel-Istanbul-at-Sultanahmet.jpg\" alt=\"\" width=\"1200\" height=\"800\" srcset=\"https:\/\/julesverne.com.tr\/wp-content\/uploads\/2021\/09\/Four-Seasons-Hotel-Istanbul-at-Sultanahmet.jpg 1200w, https:\/\/julesverne.com.tr\/wp-content\/uploads\/2021\/09\/Four-Seasons-Hotel-Istanbul-at-Sultanahmet-500x333.jpg 500w, https:\/\/julesverne.com.tr\/wp-content\/uploads\/2021\/09\/Four-Seasons-Hotel-Istanbul-at-Sultanahmet-768x512.jpg 768w\" sizes=\"(max-width: 1200px) 100vw, 1200px\" \/><\/p>\n<p><strong>Travel + Leisure<\/strong>\u00a0dergisi taraf\u0131ndan yay\u0131nlanan \u201c<strong>Avrupa\u2019n\u0131n En \u0130yi Otelleri\u201d<\/strong>\u00a0listesinde bu y\u0131l T\u00fcrkiye\u2019nin incisi \u0130stanbul\u2019dan 3 otel yer ald\u0131. Kalite odakl\u0131 hizmet anlay\u0131\u015f\u0131, ambiyans\u0131 ve sundu\u011fu servis \u00e7e\u015fitlili\u011fi ile bir\u00e7ok \u00f6d\u00fcle lay\u0131k g\u00f6r\u00fclen\u00a0<strong>Four Seasons Hotel at Sultanahmet\u00a0<\/strong>Avrupa\u2019n\u0131n en iyi 4. oteli; tarih, sanat, l\u00fcks, al\u0131\u015fveri\u015f, gurme deneyimler ve gece hayat\u0131n\u0131n pe\u015finde ko\u015fan rafine gezginler i\u00e7in ideal bir adres olma \u00f6zelli\u011fi ta\u015f\u0131yan\u00a0<strong>St. Regis \u0130stanbul\u00a0<\/strong>Avrupa\u2019n\u0131n en iyi 5.oteli; \u015fehrin tarihi yar\u0131madas\u0131n\u0131n nefes kesen manzaralar\u0131n\u0131 konuklar\u0131na sunan\u00a0<strong>Raffles \u0130stanbul<\/strong>\u00a0iseAvrupa\u2019n\u0131n en iyi 7. oteli\u00a0oldu.<\/p>\n<p><strong>Milano\u2019dan Paris\u2019e, Londra\u2019dan \u0130stanbul ve Floransa<\/strong>\u2019ya uzanan\u00a0<strong>Avrupa\u2019n\u0131n En \u0130yi Otelleri Listesi<\/strong>\u2018ne\u00a0<a href=\"https:\/\/julesverne.com.tr\/?p=10476&amp;preview=true\" target=\"_blank\" rel=\"noopener\"><strong>buradan<\/strong>\u00a0<\/a>ula\u015fabilirsiniz.<\/p>\n<p style=\"text-align: center;\"><strong>Size \u00f6zel seyahat planlamas\u0131 ve sorular\u0131n\u0131z i\u00e7in:<\/strong><br \/>\n<a href=\"mailto:Travel@julesverne.com.tr\"><strong>Travel@julesverne.com.tr<\/strong><\/a><\/p>\n<div dir=\"auto\"><\/div>\n<p>&nbsp;<\/p>\n","protected":false},"excerpt":{"rendered":"<p>D\u00fcnyada ke\u015ffedecek y\u00fczlerce rota, tarihi \u015fehir ve inan\u0131lmaz dedirten do\u011fal g\u00fczellikler var. D\u00fcnyaca \u00fcnl\u00fc seyahat dergisi Travel + Leisure taraf\u0131ndan koronavir\u00fcs salg\u0131n\u0131 sonras\u0131nda ilk kez d\u00fczenlenen \u201cD\u00fcnyan\u0131n En \u0130yileri\u201d anketine kat\u0131lan seyahatseverler; gezginleri \u015fehirlere \u00e7eken sebepler, k\u00fclt\u00fcrel miraslar, destinasyonlar\u0131n d\u00fcnyan\u0131n do\u011fal harikalar\u0131na olan yak\u0131nl\u0131\u011f\u0131, tesisler ve restoranlar gibi konu ba\u015fl\u0131klar\u0131 \u00fczerinden de\u011ferlendirmelerde bulundular. \u201cD\u00fcnyan\u0131n En [&hellip;]<\/p>\n","protected":false},"author":10,"featured_media":10604,"comment_status":"closed","ping_status":"closed","sticky":false,"template":"","format":"standard","meta":{"inline_featured_image":false,"footnotes":""},"categories":[38,1],"tags":[137,176,77],"acf":[],"yoast_head":"<!-- This site is optimized with the Yoast SEO plugin v22.3 - https:\/\/yoast.com\/wordpress\/plugins\/seo\/ -->\n<title>D\u00fcnyan\u0131n &quot;En \u0130yileri&quot; Belirlendi: En \u0130yi Destinasyonlar &amp; \u015eehirler - JULES VERNE BUSINESS MICE TRAVEL<\/title>\n<meta name=\"description\" content=\"D\u00fcnyada ke\u015ffedecek y\u00fczlerce rota, tarihi \u015fehir ve inan\u0131lmaz dedirten do\u011fal g\u00fczellik oldu\u011fu bir ger\u00e7ek! Farkl\u0131 k\u00fclt\u00fcrlerin ortak noktas\u0131 haline gelen bu \u015fehirlerde dola\u015f\u0131p, tarihin derinliklerine do\u011fru keyifli bir yolculu\u011fa \u00e7\u0131kmaya ne dersiniz?\" \/>\n<meta name=\"robots\" content=\"index, follow, max-snippet:-1, max-image-preview:large, max-video-preview:-1\" \/>\n<link rel=\"canonical\" href=\"https:\/\/julesverne.com.tr\/travel-blog\/dunyanin-en-iyi-sehirleri\/\" \/>\n<meta property=\"og:locale\" content=\"en_US\" \/>\n<meta property=\"og:type\" content=\"article\" \/>\n<meta property=\"og:title\" content=\"D\u00fcnyan\u0131n &quot;En \u0130yileri&quot; Belirlendi: En \u0130yi Destinasyonlar &amp; \u015eehirler - JULES VERNE BUSINESS MICE TRAVEL\" \/>\n<meta property=\"og:description\" content=\"D\u00fcnyada ke\u015ffedecek y\u00fczlerce rota, tarihi \u015fehir ve inan\u0131lmaz dedirten do\u011fal g\u00fczellik oldu\u011fu bir ger\u00e7ek! Farkl\u0131 k\u00fclt\u00fcrlerin ortak noktas\u0131 haline gelen bu \u015fehirlerde dola\u015f\u0131p, tarihin derinliklerine do\u011fru keyifli bir yolculu\u011fa \u00e7\u0131kmaya ne dersiniz?\" \/>\n<meta property=\"og:url\" content=\"https:\/\/julesverne.com.tr\/travel-blog\/dunyanin-en-iyi-sehirleri\/\" \/>\n<meta property=\"og:site_name\" content=\"JULES VERNE BUSINESS MICE TRAVEL\" \/>\n<meta property=\"article:publisher\" content=\"https:\/\/www.facebook.com\/JulesVerneBusinessMiceTravel\/\" \/>\n<meta property=\"article:published_time\" content=\"2021-09-22T06:12:36+00:00\" \/>\n<meta property=\"article:modified_time\" content=\"2021-09-22T08:07:15+00:00\" \/>\n<meta property=\"og:image\" content=\"https:\/\/julesverne.com.tr\/wp-content\/uploads\/2021\/09\/san-miguel-de-allende_shutterstock_1542446057.jpg\" \/>\n\t<meta property=\"og:image:width\" content=\"1000\" \/>\n\t<meta property=\"og:image:height\" content=\"563\" \/>\n\t<meta property=\"og:image:type\" content=\"image\/jpeg\" \/>\n<meta name=\"author\" content=\"Ebru Alt\u0131n\" \/>\n<meta name=\"twitter:card\" content=\"summary_large_image\" \/>\n<meta name=\"twitter:creator\" content=\"@JV_BusinessMice\" \/>\n<meta name=\"twitter:site\" content=\"@JV_BusinessMice\" \/>\n<meta name=\"twitter:label1\" content=\"Written by\" \/>\n\t<meta name=\"twitter:data1\" content=\"Ebru Alt\u0131n\" \/>\n\t<meta name=\"twitter:label2\" content=\"Est. reading time\" \/>\n\t<meta name=\"twitter:data2\" content=\"18 minutes\" \/>\n<script type=\"application\/ld+json\" class=\"yoast-schema-graph\">{\"@context\":\"https:\/\/schema.org\",\"@graph\":[{\"@type\":\"Article\",\"@id\":\"https:\/\/julesverne.com.tr\/travel-blog\/dunyanin-en-iyi-sehirleri\/#article\",\"isPartOf\":{\"@id\":\"https:\/\/julesverne.com.tr\/travel-blog\/dunyanin-en-iyi-sehirleri\/\"},\"author\":{\"name\":\"Ebru Alt\u0131n\",\"@id\":\"https:\/\/julesverne.com.tr\/#\/schema\/person\/219931edfe2e7d9cbbcbabb8a7e4c7f4\"},\"headline\":\"D\u00fcnyan\u0131n &#8220;En \u0130yileri&#8221; Belirlendi: En \u0130yi Destinasyonlar &#038; \u015eehirler\",\"datePublished\":\"2021-09-22T06:12:36+00:00\",\"dateModified\":\"2021-09-22T08:07:15+00:00\",\"mainEntityOfPage\":{\"@id\":\"https:\/\/julesverne.com.tr\/travel-blog\/dunyanin-en-iyi-sehirleri\/\"},\"wordCount\":3782,\"publisher\":{\"@id\":\"https:\/\/julesverne.com.tr\/#organization\"},\"image\":{\"@id\":\"https:\/\/julesverne.com.tr\/travel-blog\/dunyanin-en-iyi-sehirleri\/#primaryimage\"},\"thumbnailUrl\":\"https:\/\/julesverne.com.tr\/wp-content\/uploads\/2021\/09\/san-miguel-de-allende_shutterstock_1542446057.jpg\",\"keywords\":[\"Blog\",\"D\u00fcnyan\u0131n En \u0130yi \u015eehirleri\",\"\u0130lham Veren Destinasyonlar\"],\"articleSection\":[\"\u0130lham Veren Destinasyonlar\",\"Blog\"],\"inLanguage\":\"en-US\"},{\"@type\":\"WebPage\",\"@id\":\"https:\/\/julesverne.com.tr\/travel-blog\/dunyanin-en-iyi-sehirleri\/\",\"url\":\"https:\/\/julesverne.com.tr\/travel-blog\/dunyanin-en-iyi-sehirleri\/\",\"name\":\"D\u00fcnyan\u0131n \\\"En \u0130yileri\\\" Belirlendi: En \u0130yi Destinasyonlar & \u015eehirler - JULES VERNE BUSINESS MICE TRAVEL\",\"isPartOf\":{\"@id\":\"https:\/\/julesverne.com.tr\/#website\"},\"primaryImageOfPage\":{\"@id\":\"https:\/\/julesverne.com.tr\/travel-blog\/dunyanin-en-iyi-sehirleri\/#primaryimage\"},\"image\":{\"@id\":\"https:\/\/julesverne.com.tr\/travel-blog\/dunyanin-en-iyi-sehirleri\/#primaryimage\"},\"thumbnailUrl\":\"https:\/\/julesverne.com.tr\/wp-content\/uploads\/2021\/09\/san-miguel-de-allende_shutterstock_1542446057.jpg\",\"datePublished\":\"2021-09-22T06:12:36+00:00\",\"dateModified\":\"2021-09-22T08:07:15+00:00\",\"description\":\"D\u00fcnyada ke\u015ffedecek y\u00fczlerce rota, tarihi \u015fehir ve inan\u0131lmaz dedirten do\u011fal g\u00fczellik oldu\u011fu bir ger\u00e7ek! Farkl\u0131 k\u00fclt\u00fcrlerin ortak noktas\u0131 haline gelen bu \u015fehirlerde dola\u015f\u0131p, tarihin derinliklerine do\u011fru keyifli bir yolculu\u011fa \u00e7\u0131kmaya ne dersiniz?\",\"breadcrumb\":{\"@id\":\"https:\/\/julesverne.com.tr\/travel-blog\/dunyanin-en-iyi-sehirleri\/#breadcrumb\"},\"inLanguage\":\"en-US\",\"potentialAction\":[{\"@type\":\"ReadAction\",\"target\":[\"https:\/\/julesverne.com.tr\/travel-blog\/dunyanin-en-iyi-sehirleri\/\"]}]},{\"@type\":\"ImageObject\",\"inLanguage\":\"en-US\",\"@id\":\"https:\/\/julesverne.com.tr\/travel-blog\/dunyanin-en-iyi-sehirleri\/#primaryimage\",\"url\":\"https:\/\/julesverne.com.tr\/wp-content\/uploads\/2021\/09\/san-miguel-de-allende_shutterstock_1542446057.jpg\",\"contentUrl\":\"https:\/\/julesverne.com.tr\/wp-content\/uploads\/2021\/09\/san-miguel-de-allende_shutterstock_1542446057.jpg\",\"width\":1000,\"height\":563},{\"@type\":\"BreadcrumbList\",\"@id\":\"https:\/\/julesverne.com.tr\/travel-blog\/dunyanin-en-iyi-sehirleri\/#breadcrumb\",\"itemListElement\":[{\"@type\":\"ListItem\",\"position\":1,\"name\":\"Anasayfa\",\"item\":\"https:\/\/julesverne.com.tr\/\"},{\"@type\":\"ListItem\",\"position\":2,\"name\":\"D\u00fcnyan\u0131n &#8220;En \u0130yileri&#8221; Belirlendi: En \u0130yi Destinasyonlar &#038; \u015eehirler\"}]},{\"@type\":\"WebSite\",\"@id\":\"https:\/\/julesverne.com.tr\/#website\",\"url\":\"https:\/\/julesverne.com.tr\/\",\"name\":\"JULES VERNE BUSINESS MICE TRAVEL\",\"description\":\"\",\"publisher\":{\"@id\":\"https:\/\/julesverne.com.tr\/#organization\"},\"potentialAction\":[{\"@type\":\"SearchAction\",\"target\":{\"@type\":\"EntryPoint\",\"urlTemplate\":\"https:\/\/julesverne.com.tr\/?s={search_term_string}\"},\"query-input\":\"required name=search_term_string\"}],\"inLanguage\":\"en-US\"},{\"@type\":\"Organization\",\"@id\":\"https:\/\/julesverne.com.tr\/#organization\",\"name\":\"JULES VERNE BUSINESS MICE TRAVEL\",\"url\":\"https:\/\/julesverne.com.tr\/\",\"logo\":{\"@type\":\"ImageObject\",\"inLanguage\":\"en-US\",\"@id\":\"https:\/\/julesverne.com.tr\/#\/schema\/logo\/image\/\",\"url\":\"https:\/\/julesverne.com.tr\/wp-content\/uploads\/2020\/09\/jv-bmt-logo.png\",\"contentUrl\":\"https:\/\/julesverne.com.tr\/wp-content\/uploads\/2020\/09\/jv-bmt-logo.png\",\"width\":110,\"height\":81,\"caption\":\"JULES VERNE BUSINESS MICE TRAVEL\"},\"image\":{\"@id\":\"https:\/\/julesverne.com.tr\/#\/schema\/logo\/image\/\"},\"sameAs\":[\"https:\/\/www.facebook.com\/JulesVerneBusinessMiceTravel\/\",\"https:\/\/twitter.com\/JV_BusinessMice\",\"https:\/\/www.instagram.com\/julesvernebusinessmicetravel\/\",\"https:\/\/www.linkedin.com\/company\/julesvernebusinessmicetravel\/\",\"https:\/\/www.youtube.com\/channel\/UCAwdsmbZ6tFhu1tea6pkpiw\"]},{\"@type\":\"Person\",\"@id\":\"https:\/\/julesverne.com.tr\/#\/schema\/person\/219931edfe2e7d9cbbcbabb8a7e4c7f4\",\"name\":\"Ebru Alt\u0131n\",\"url\":\"https:\/\/julesverne.com.tr\/en\/author\/ebru-altin\/\"}]}<\/script>\n<!-- \/ Yoast SEO plugin. -->","yoast_head_json":{"title":"D\u00fcnyan\u0131n \"En \u0130yileri\" Belirlendi: En \u0130yi Destinasyonlar & \u015eehirler - JULES VERNE BUSINESS MICE TRAVEL","description":"D\u00fcnyada ke\u015ffedecek y\u00fczlerce rota, tarihi \u015fehir ve inan\u0131lmaz dedirten do\u011fal g\u00fczellik oldu\u011fu bir ger\u00e7ek! Farkl\u0131 k\u00fclt\u00fcrlerin ortak noktas\u0131 haline gelen bu \u015fehirlerde dola\u015f\u0131p, tarihin derinliklerine do\u011fru keyifli bir yolculu\u011fa \u00e7\u0131kmaya ne dersiniz?","robots":{"index":"index","follow":"follow","max-snippet":"max-snippet:-1","max-image-preview":"max-image-preview:large","max-video-preview":"max-video-preview:-1"},"canonical":"https:\/\/julesverne.com.tr\/travel-blog\/dunyanin-en-iyi-sehirleri\/","og_locale":"en_US","og_type":"article","og_title":"D\u00fcnyan\u0131n \"En \u0130yileri\" Belirlendi: En \u0130yi Destinasyonlar & \u015eehirler - JULES VERNE BUSINESS MICE TRAVEL","og_description":"D\u00fcnyada ke\u015ffedecek y\u00fczlerce rota, tarihi \u015fehir ve inan\u0131lmaz dedirten do\u011fal g\u00fczellik oldu\u011fu bir ger\u00e7ek! Farkl\u0131 k\u00fclt\u00fcrlerin ortak noktas\u0131 haline gelen bu \u015fehirlerde dola\u015f\u0131p, tarihin derinliklerine do\u011fru keyifli bir yolculu\u011fa \u00e7\u0131kmaya ne dersiniz?","og_url":"https:\/\/julesverne.com.tr\/travel-blog\/dunyanin-en-iyi-sehirleri\/","og_site_name":"JULES VERNE BUSINESS MICE TRAVEL","article_publisher":"https:\/\/www.facebook.com\/JulesVerneBusinessMiceTravel\/","article_published_time":"2021-09-22T06:12:36+00:00","article_modified_time":"2021-09-22T08:07:15+00:00","og_image":[{"width":1000,"height":563,"url":"https:\/\/julesverne.com.tr\/wp-content\/uploads\/2021\/09\/san-miguel-de-allende_shutterstock_1542446057.jpg","type":"image\/jpeg"}],"author":"Ebru Alt\u0131n","twitter_card":"summary_large_image","twitter_creator":"@JV_BusinessMice","twitter_site":"@JV_BusinessMice","twitter_misc":{"Written by":"Ebru Alt\u0131n","Est. reading time":"18 minutes"},"schema":{"@context":"https:\/\/schema.org","@graph":[{"@type":"Article","@id":"https:\/\/julesverne.com.tr\/travel-blog\/dunyanin-en-iyi-sehirleri\/#article","isPartOf":{"@id":"https:\/\/julesverne.com.tr\/travel-blog\/dunyanin-en-iyi-sehirleri\/"},"author":{"name":"Ebru Alt\u0131n","@id":"https:\/\/julesverne.com.tr\/#\/schema\/person\/219931edfe2e7d9cbbcbabb8a7e4c7f4"},"headline":"D\u00fcnyan\u0131n &#8220;En \u0130yileri&#8221; Belirlendi: En \u0130yi Destinasyonlar &#038; \u015eehirler","datePublished":"2021-09-22T06:12:36+00:00","dateModified":"2021-09-22T08:07:15+00:00","mainEntityOfPage":{"@id":"https:\/\/julesverne.com.tr\/travel-blog\/dunyanin-en-iyi-sehirleri\/"},"wordCount":3782,"publisher":{"@id":"https:\/\/julesverne.com.tr\/#organization"},"image":{"@id":"https:\/\/julesverne.com.tr\/travel-blog\/dunyanin-en-iyi-sehirleri\/#primaryimage"},"thumbnailUrl":"https:\/\/julesverne.com.tr\/wp-content\/uploads\/2021\/09\/san-miguel-de-allende_shutterstock_1542446057.jpg","keywords":["Blog","D\u00fcnyan\u0131n En \u0130yi \u015eehirleri","\u0130lham Veren Destinasyonlar"],"articleSection":["\u0130lham Veren Destinasyonlar","Blog"],"inLanguage":"en-US"},{"@type":"WebPage","@id":"https:\/\/julesverne.com.tr\/travel-blog\/dunyanin-en-iyi-sehirleri\/","url":"https:\/\/julesverne.com.tr\/travel-blog\/dunyanin-en-iyi-sehirleri\/","name":"D\u00fcnyan\u0131n \"En \u0130yileri\" Belirlendi: En \u0130yi Destinasyonlar & \u015eehirler - JULES VERNE BUSINESS MICE TRAVEL","isPartOf":{"@id":"https:\/\/julesverne.com.tr\/#website"},"primaryImageOfPage":{"@id":"https:\/\/julesverne.com.tr\/travel-blog\/dunyanin-en-iyi-sehirleri\/#primaryimage"},"image":{"@id":"https:\/\/julesverne.com.tr\/travel-blog\/dunyanin-en-iyi-sehirleri\/#primaryimage"},"thumbnailUrl":"https:\/\/julesverne.com.tr\/wp-content\/uploads\/2021\/09\/san-miguel-de-allende_shutterstock_1542446057.jpg","datePublished":"2021-09-22T06:12:36+00:00","dateModified":"2021-09-22T08:07:15+00:00","description":"D\u00fcnyada ke\u015ffedecek y\u00fczlerce rota, tarihi \u015fehir ve inan\u0131lmaz dedirten do\u011fal g\u00fczellik oldu\u011fu bir ger\u00e7ek! Farkl\u0131 k\u00fclt\u00fcrlerin ortak noktas\u0131 haline gelen bu \u015fehirlerde dola\u015f\u0131p, tarihin derinliklerine do\u011fru keyifli bir yolculu\u011fa \u00e7\u0131kmaya ne dersiniz?","breadcrumb":{"@id":"https:\/\/julesverne.com.tr\/travel-blog\/dunyanin-en-iyi-sehirleri\/#breadcrumb"},"inLanguage":"en-US","potentialAction":[{"@type":"ReadAction","target":["https:\/\/julesverne.com.tr\/travel-blog\/dunyanin-en-iyi-sehirleri\/"]}]},{"@type":"ImageObject","inLanguage":"en-US","@id":"https:\/\/julesverne.com.tr\/travel-blog\/dunyanin-en-iyi-sehirleri\/#primaryimage","url":"https:\/\/julesverne.com.tr\/wp-content\/uploads\/2021\/09\/san-miguel-de-allende_shutterstock_1542446057.jpg","contentUrl":"https:\/\/julesverne.com.tr\/wp-content\/uploads\/2021\/09\/san-miguel-de-allende_shutterstock_1542446057.jpg","width":1000,"height":563},{"@type":"BreadcrumbList","@id":"https:\/\/julesverne.com.tr\/travel-blog\/dunyanin-en-iyi-sehirleri\/#breadcrumb","itemListElement":[{"@type":"ListItem","position":1,"name":"Anasayfa","item":"https:\/\/julesverne.com.tr\/"},{"@type":"ListItem","position":2,"name":"D\u00fcnyan\u0131n &#8220;En \u0130yileri&#8221; Belirlendi: En \u0130yi Destinasyonlar &#038; \u015eehirler"}]},{"@type":"WebSite","@id":"https:\/\/julesverne.com.tr\/#website","url":"https:\/\/julesverne.com.tr\/","name":"JULES VERNE BUSINESS MICE TRAVEL","description":"","publisher":{"@id":"https:\/\/julesverne.com.tr\/#organization"},"potentialAction":[{"@type":"SearchAction","target":{"@type":"EntryPoint","urlTemplate":"https:\/\/julesverne.com.tr\/?s={search_term_string}"},"query-input":"required name=search_term_string"}],"inLanguage":"en-US"},{"@type":"Organization","@id":"https:\/\/julesverne.com.tr\/#organization","name":"JULES VERNE BUSINESS MICE TRAVEL","url":"https:\/\/julesverne.com.tr\/","logo":{"@type":"ImageObject","inLanguage":"en-US","@id":"https:\/\/julesverne.com.tr\/#\/schema\/logo\/image\/","url":"https:\/\/julesverne.com.tr\/wp-content\/uploads\/2020\/09\/jv-bmt-logo.png","contentUrl":"https:\/\/julesverne.com.tr\/wp-content\/uploads\/2020\/09\/jv-bmt-logo.png","width":110,"height":81,"caption":"JULES VERNE BUSINESS MICE TRAVEL"},"image":{"@id":"https:\/\/julesverne.com.tr\/#\/schema\/logo\/image\/"},"sameAs":["https:\/\/www.facebook.com\/JulesVerneBusinessMiceTravel\/","https:\/\/twitter.com\/JV_BusinessMice","https:\/\/www.instagram.com\/julesvernebusinessmicetravel\/","https:\/\/www.linkedin.com\/company\/julesvernebusinessmicetravel\/","https:\/\/www.youtube.com\/channel\/UCAwdsmbZ6tFhu1tea6pkpiw"]},{"@type":"Person","@id":"https:\/\/julesverne.com.tr\/#\/schema\/person\/219931edfe2e7d9cbbcbabb8a7e4c7f4","name":"Ebru Alt\u0131n","url":"https:\/\/julesverne.com.tr\/en\/author\/ebru-altin\/"}]}},"_links":{"self":[{"href":"https:\/\/julesverne.com.tr\/en\/wp-json\/wp\/v2\/posts\/10436"}],"collection":[{"href":"https:\/\/julesverne.com.tr\/en\/wp-json\/wp\/v2\/posts"}],"about":[{"href":"https:\/\/julesverne.com.tr\/en\/wp-json\/wp\/v2\/types\/post"}],"author":[{"embeddable":true,"href":"https:\/\/julesverne.com.tr\/en\/wp-json\/wp\/v2\/users\/10"}],"replies":[{"embeddable":true,"href":"https:\/\/julesverne.com.tr\/en\/wp-json\/wp\/v2\/comments?post=10436"}],"version-history":[{"count":0,"href":"https:\/\/julesverne.com.tr\/en\/wp-json\/wp\/v2\/posts\/10436\/revisions"}],"wp:featuredmedia":[{"embeddable":true,"href":"https:\/\/julesverne.com.tr\/en\/wp-json\/wp\/v2\/media\/10604"}],"wp:attachment":[{"href":"https:\/\/julesverne.com.tr\/en\/wp-json\/wp\/v2\/media?parent=10436"}],"wp:term":[{"taxonomy":"category","embeddable":true,"href":"https:\/\/julesverne.com.tr\/en\/wp-json\/wp\/v2\/categories?post=10436"},{"taxonomy":"post_tag","embeddable":true,"href":"https:\/\/julesverne.com.tr\/en\/wp-json\/wp\/v2\/tags?post=10436"}],"curies":[{"name":"wp","href":"https:\/\/api.w.org\/{rel}","templated":true}]}}