{"id":10173,"date":"2024-08-20T11:40:07","date_gmt":"2024-08-20T08:40:07","guid":{"rendered":"https:\/\/julesverne.com.tr\/?p=10173"},"modified":"2024-08-20T11:15:08","modified_gmt":"2024-08-20T08:15:08","slug":"turkiyenin-en-keyifli-bag-rotalari","status":"publish","type":"post","link":"https:\/\/julesverne.com.tr\/en\/travel-blog\/turkiyenin-en-keyifli-bag-rotalari\/","title":{"rendered":"T\u00fcrkiye\u2019nin En Keyifli Ba\u011f Rotalar\u0131"},"content":{"rendered":"<p><img loading=\"lazy\" decoding=\"async\" class=\"alignnone wp-image-10179 size-full\" src=\"https:\/\/julesverne.com.tr\/wp-content\/uploads\/2021\/08\/turkiyenin-bag-rotalari.jpg\" alt=\"\" width=\"1200\" height=\"800\" srcset=\"https:\/\/julesverne.com.tr\/wp-content\/uploads\/2021\/08\/turkiyenin-bag-rotalari.jpg 1200w, https:\/\/julesverne.com.tr\/wp-content\/uploads\/2021\/08\/turkiyenin-bag-rotalari-500x333.jpg 500w, https:\/\/julesverne.com.tr\/wp-content\/uploads\/2021\/08\/turkiyenin-bag-rotalari-768x512.jpg 768w\" sizes=\"(max-width: 1200px) 100vw, 1200px\" \/><\/p>\n<p>Binlerce y\u0131ll\u0131k bir tarihin, k\u00f6kl\u00fc bir gelene\u011fin habercisi olan ba\u011fc\u0131l\u0131k, kadehinize doldurulan \u015faraba kadar uzun bir ser\u00fcven asl\u0131nda. Yemye\u015fil ba\u011flar\u0131n nas\u0131l bir emekle her g\u00fcn i\u015flendi\u011fine \u015fahit olmak; iklimi, topra\u011f\u0131, yeti\u015fti\u011fi b\u00f6lgenin hik\u00e2yeleriyle farkl\u0131 anlamlar kazanan \u015farab\u0131n yolculu\u011funu dinlemek, g\u00f6rmek ve ya\u015famak unutulmayacak bir deneyim. T\u00fcrkiye; gerek toprak yap\u0131s\u0131 ve iklimi gerekse de \u015farap\u00e7\u0131l\u0131k ve ba\u011fc\u0131l\u0131k i\u00e7in sahip oldu\u011fu m\u00fckemmel ko\u015fullar sebebiyle Avrupa&#8217;n\u0131n ve d\u00fcnyan\u0131n bir\u00e7ok \u00fclkesinde \u00fcretilen \u015faraplarla yar\u0131\u015fabilecek d\u00fczeyde \u015faraplar \u00fcretiyor.<\/p>\n<p><strong>Trakya Ba\u011f Rotas\u0131<\/strong>&#8216;ndan\u00a0<strong>Urla Ba\u011f Rotas\u0131<\/strong>&#8216;na; <strong>Bozcaada Ba\u011f Rotas\u0131<\/strong>&#8216;ndan\u00a0<strong>Kapadokya Ba\u011f Rotas\u0131<\/strong>&#8216;na do\u011fru yola \u00e7\u0131k\u0131p; \u00fcz\u00fcm\u00fcn, \u015farab\u0131n, \u00fcretenin ve b\u00f6lgenin hikayesini dinleyerek, yerel tatlar e\u015fli\u011finde \u015farap tad\u0131m\u0131 yaparak, ba\u011f bozumu geleneklerine \u015fahit olmaya ne dersiniz?<\/p>\n<h2><strong>\u0130\u015fte sonbahar mevsimiyle birlikte ba\u015flayan \u00fcz\u00fcm hasad\u0131na kat\u0131labilece\u011finiz T\u00fcrkiye&#8217;deki en keyifli ba\u015fl\u0131ca ba\u011f rotalar\u0131&#8230;<\/strong><\/h2>\n<p><img loading=\"lazy\" decoding=\"async\" class=\"alignnone size-full wp-image-10174\" src=\"https:\/\/julesverne.com.tr\/wp-content\/uploads\/2021\/08\/trakya-bag-bozumu.jpg\" alt=\"\" width=\"1200\" height=\"800\" srcset=\"https:\/\/julesverne.com.tr\/wp-content\/uploads\/2021\/08\/trakya-bag-bozumu.jpg 1200w, https:\/\/julesverne.com.tr\/wp-content\/uploads\/2021\/08\/trakya-bag-bozumu-500x333.jpg 500w, https:\/\/julesverne.com.tr\/wp-content\/uploads\/2021\/08\/trakya-bag-bozumu-768x512.jpg 768w\" sizes=\"(max-width: 1200px) 100vw, 1200px\" \/><\/p>\n<h2><strong>Trakya Ba\u011f Rotas\u0131<\/strong><\/h2>\n<p>Tekirda\u011f, \u015eark\u00f6y, Gelibolu ve K\u0131rklareli b\u00f6lgelerinde faaliyet g\u00f6steren butik \u015farap \u00fcreticilerinin deste\u011fi ile olu\u015fturulmu\u015f <strong>Trakya Ba\u011f Rotas\u0131<\/strong>; her ge\u00e7en g\u00fcn daha da b\u00fcy\u00fcy\u00fcp, kendini geli\u015ftirerek \u015farap \u00fcreticilerine, \u015farap tutkunlar\u0131na ve y\u00f6re halk\u0131na g\u00fc\u00e7 vermeye devam ediyor. Antik \u00e7a\u011flardan g\u00fcn\u00fcm\u00fcze kadar uzanan ba\u011f bozumu gelene\u011fine \u015fahit olabilece\u011finiz bu b\u00fcy\u00fcleyici rota; Trakya&#8217;n\u0131n farkl\u0131 b\u00f6lgelerinde yer alan 13 butik \u015farap \u00fcreticisinin dahil oldu\u011fu T\u00fcrkiye&#8217;nin ayn\u0131 zamanda ilk ba\u011f rotas\u0131. D\u00fcnyada en eski \u015farap \u00fcretim b\u00f6lgelerinden biri olan Trakya Ba\u011f Rotas\u0131&#8217;ndaki g\u00fczellikleri ke\u015ffederken Luis Fernando Olaverri&#8217;nin &#8220;\u015earap, i\u00e7ebilece\u011finiz tek sanatt\u0131r&#8221; s\u00f6z\u00fcn\u00fc an\u0131msayacaks\u0131n\u0131z. Ad\u0131m <strong>Ad\u0131m Trakya Ba\u011f Rotas\u0131 Rehberi<\/strong>ne <strong><a href=\"https:\/\/julesverne.com.tr\/seyahat-blog\/adim-adim-trakya-bag-rotasi\/\">buradan<\/a> <\/strong>ula\u015fabilirsiniz.<\/p>\n<p><img loading=\"lazy\" decoding=\"async\" class=\"alignnone wp-image-10175 size-full\" src=\"https:\/\/julesverne.com.tr\/wp-content\/uploads\/2021\/08\/urla-bag-rotasi.jpg\" alt=\"\" width=\"1200\" height=\"800\" srcset=\"https:\/\/julesverne.com.tr\/wp-content\/uploads\/2021\/08\/urla-bag-rotasi.jpg 1200w, https:\/\/julesverne.com.tr\/wp-content\/uploads\/2021\/08\/urla-bag-rotasi-500x333.jpg 500w, https:\/\/julesverne.com.tr\/wp-content\/uploads\/2021\/08\/urla-bag-rotasi-768x512.jpg 768w\" sizes=\"(max-width: 1200px) 100vw, 1200px\" \/><\/p>\n<h2><strong>Urla Ba\u011f Rotas\u0131<\/strong><\/h2>\n<p>Ege&#8217;nin en g\u00fczel tatil beldelerinden biri olan Urla; u\u00e7suz bucaks\u0131z yemye\u015fil ba\u011flar\u0131yla g\u00f6z kama\u015ft\u0131r\u0131yor. Havas\u0131 g\u00fczel, manzaras\u0131 g\u00fczel, sofras\u0131 zengin bir Urla Ba\u011f Yolu yolculu\u011fu bu sonbahara \u00e7ok yak\u0131\u015facak! Yeni bir de\u011fi\u015fim ve d\u00f6n\u00fc\u015f\u00fcm\u00fcn i\u00e7erisinde olan Urla, \u0130zmir Kalk\u0131nma Ajans\u0131 ve B\u00fcy\u00fck \u015eehir Belediyesi\u2019nin destekledi\u011fi Urla Ba\u011f Yolu projesi ile topraklar\u0131ndaki binlerce y\u0131ll\u0131k ba\u011fc\u0131l\u0131k k\u00fclt\u00fcr\u00fcn\u00fc aya\u011fa kald\u0131r\u0131yor. \u0130yon, Pers, Roma medeniyetlerinin \u00f6nemli merkezi olmu\u015f Urla eski ad\u0131yla Klazomenai bug\u00fcn butik \u015farap \u00fcreticileri, birbirinden zevkli ba\u011f evleri ve otelleri, d\u00fcnyan\u0131n kabul etti\u011fi okullardan mezun olan \u015feflerin a\u00e7t\u0131\u011f\u0131 gurme duraklar\u0131, lezzet festivalleriyle zengin, s\u00fcrprizli bir seyahat rotas\u0131.<\/p>\n<p><img loading=\"lazy\" decoding=\"async\" class=\"alignnone wp-image-10177 size-full\" src=\"https:\/\/julesverne.com.tr\/wp-content\/uploads\/2021\/08\/turkiye-bag-bozumu-1.jpg\" alt=\"\" width=\"1200\" height=\"800\" srcset=\"https:\/\/julesverne.com.tr\/wp-content\/uploads\/2021\/08\/turkiye-bag-bozumu-1.jpg 1200w, https:\/\/julesverne.com.tr\/wp-content\/uploads\/2021\/08\/turkiye-bag-bozumu-1-500x333.jpg 500w, https:\/\/julesverne.com.tr\/wp-content\/uploads\/2021\/08\/turkiye-bag-bozumu-1-768x512.jpg 768w\" sizes=\"(max-width: 1200px) 100vw, 1200px\" \/><\/p>\n<h2><strong>Bozcaada Ba\u011f Rotas\u0131<\/strong><\/h2>\n<p>Bozcaada, y\u00fczy\u0131llardan beri s\u00fcregelen \u00fcz\u00fcm ba\u011flar\u0131 ile olduk\u00e7a \u00fcnl\u00fc bir ada. Bereketli \u00fcz\u00fcmlere sahip olan <strong>Bozcaada Ba\u011f Rotas\u0131<\/strong>&#8216;nda bir\u00e7ok \u015farap \u00fcretim tesisi bulunmakta. Tarihi neredeyse \u00fcz\u00fcmle bir olan Bozcaada&#8217;n\u0131n ba\u011flar\u0131na yapaca\u011f\u0131n\u0131z yolculukla \u00fcz\u00fcm kokusu e\u015fli\u011finde g\u00fczel bir Ege tatili ge\u00e7irebilir, karnaval havas\u0131nda ger\u00e7ekle\u015ftirilen Bozcaada Ba\u011fbozumu Festivali&#8217;ne kat\u0131larak, bu muhte\u015fem etkinli\u011fi yerinde izleme ayr\u0131cal\u0131\u011f\u0131n\u0131 ya\u015fayabilirsiniz.<\/p>\n<p><strong>Bozcaada Ba\u011fbozumu Festivali bu y\u0131l 3-4 Eyl\u00fcl 2021 tarihleri aras\u0131nda ger\u00e7ekle\u015ftirilecek. <\/strong>2 g\u00fcn s\u00fcren festival, adal\u0131 \u015farap \u00fcreticilerinin kendi ba\u011flar\u0131nda d\u00fczenledikleri sembolik ba\u011fbozumuyla ba\u015fl\u0131yor; ba\u011f i\u015f\u00e7ileriyle birlikte trakt\u00f6rlere binilip ba\u011flara gidiliyor; toplanan \u00fcz\u00fcmler, eski g\u00fcnlerde oldu\u011fu gibi e\u015fek s\u0131rt\u0131nda, at arabas\u0131yla, trakt\u00f6r ve p\u0131rp\u0131rla, canl\u0131 m\u00fczik e\u015fli\u011finde t\u00f6ren alan\u0131na ta\u015f\u0131n\u0131yor. Festival boyunca kale i\u00e7inde konserler ve yar\u0131\u015fmalar d\u00fczenleniyor.<\/p>\n<p><img loading=\"lazy\" decoding=\"async\" class=\"alignnone wp-image-10178 size-full\" src=\"https:\/\/julesverne.com.tr\/wp-content\/uploads\/2021\/08\/kapadokya-bag-bozumu.jpg\" alt=\"\" width=\"1200\" height=\"800\" srcset=\"https:\/\/julesverne.com.tr\/wp-content\/uploads\/2021\/08\/kapadokya-bag-bozumu.jpg 1200w, https:\/\/julesverne.com.tr\/wp-content\/uploads\/2021\/08\/kapadokya-bag-bozumu-500x333.jpg 500w, https:\/\/julesverne.com.tr\/wp-content\/uploads\/2021\/08\/kapadokya-bag-bozumu-768x512.jpg 768w\" sizes=\"(max-width: 1200px) 100vw, 1200px\" \/><\/p>\n<h2><strong>Kapadokya Ba\u011f Rotas\u0131<\/strong><\/h2>\n<p>Peri bacalar\u0131yla \u00fcnl\u00fc oldu\u011fu kadar \u015faraplar\u0131yla da ad\u0131ndan s\u00f6z ettiren Kapadokya, ba\u011f bozumu i\u00e7in ziyaret edilebilecek en keyifli duraklardan biri. Mistik co\u011frafyas\u0131yla g\u00f6n\u00fcllerde taht kuran Kapadokya b\u00f6lgesi <strong>Turasan<\/strong> ve <strong>Kocaba\u011f \u015earap Merkezleri<\/strong> ile \u00f6ne \u00e7\u0131k\u0131yor. Her sonbaharda <strong>\u00dcrg\u00fcp Ba\u011f Bozumu Festivali<\/strong> ile ziyaret\u00e7ilerine benzersiz bir lezzet deneyimi ya\u015fat\u0131yor. Bu y\u0131l festivalin 2-4 Eyl\u00fcl 2021 tarihlerinde ger\u00e7ekle\u015ftirilmesi planlan\u0131yor. G\u00fcn do\u011fumu ve bat\u0131m\u0131yla misafirlerine b\u00fcy\u00fcleyici bir deneyimin kap\u0131lar\u0131n\u0131 a\u00e7an Kapadokya&#8217;da ba\u011f bozumu etkinliklerine kat\u0131larak, \u00fcz\u00fcm ba\u011flar\u0131na do\u011fru unutamayaca\u011f\u0131n\u0131z bir yolculu\u011fa \u00e7\u0131kabilirsiniz.<\/p>\n<h1 class=\"single-post-title\"><a href=\"https:\/\/julesverne.com.tr\/seyahat-blog\/turkiyenin-en-keyifli-bag-otelleri\/\">T\u00fcrkiye\u2019nin En Keyifli Ba\u011f Otelleri<\/a><\/h1>\n<p><img loading=\"lazy\" decoding=\"async\" class=\"alignnone wp-image-9892\" src=\"https:\/\/julesverne.com.tr\/wp-content\/uploads\/2021\/08\/vinifera-500x322.jpg\" alt=\"\" width=\"1200\" height=\"772\" srcset=\"https:\/\/julesverne.com.tr\/wp-content\/uploads\/2021\/08\/vinifera-500x322.jpg 500w, https:\/\/julesverne.com.tr\/wp-content\/uploads\/2021\/08\/vinifera-1280x823.jpg 1280w, https:\/\/julesverne.com.tr\/wp-content\/uploads\/2021\/08\/vinifera-768x494.jpg 768w, https:\/\/julesverne.com.tr\/wp-content\/uploads\/2021\/08\/vinifera-1536x988.jpg 1536w, https:\/\/julesverne.com.tr\/wp-content\/uploads\/2021\/08\/vinifera-scaled.jpg 1600w\" sizes=\"(max-width: 1200px) 100vw, 1200px\" \/><\/p>\n<p>Avrupa\u2019n\u0131n ve d\u00fcnyan\u0131n bir\u00e7ok \u00fclkesinde \u00fcretilen \u015faraplarla yar\u0131\u015fabilecek d\u00fczeyde ba\u015far\u0131l\u0131 ba\u011fc\u0131l\u0131k ve \u015farap \u00fcretimi yap\u0131lmaya ba\u015flayan, \u015farap turizmi a\u00e7\u0131s\u0131ndan \u00f6nemli bir yere gelen \u00fclkemizdeki ba\u011f evleri ve ba\u011f otelleri farkl\u0131 tatil deneyimlerini de beraberinde getiriyor. \u00dclkemizde \u00fcretilen \u015faraplar\u0131 yerinde tatmak, yemye\u015fil do\u011fas\u0131 ve do\u011fal g\u00fczellikleri ile \u00f6ne \u00e7\u0131kan bu g\u00fczel ortamlar\u0131n keyfini daha uzun s\u00fcre \u00e7\u0131karmak isteyenler i\u00e7in\u00a0Trakya Ba\u011f Rotas\u0131\u2019ndan Urla Ba\u011f Rotas\u0131\u2019na, K\u0131rklareli\u2019den Kayseri\u2019ye, Bozcaada\u2019dan \u0130zmir\u2019e\u00a0 T\u00fcrkiye\u2019nin en keyifli ba\u011f otellerini haz\u0131rlad\u0131k. T\u00fcrkiye&#8217;nin en keyifli ba\u011f otellerine<a href=\"https:\/\/julesverne.com.tr\/seyahat-blog\/turkiyenin-en-keyifli-bag-otelleri\/\"><strong> buradan<\/strong><\/a> ula\u015fabilirsiniz.<\/p>\n<h1 class=\"single-travel-title\"><a href=\"https:\/\/julesverne.com.tr\/gezi\/jules-verne-ozel-gezileri\/hotel-caeli-bag-bozumu\/\">Hotel Caeli\u2019de Ba\u011f Bozumu, Sanat ve Gastronomi Deneyimleri ile Dolu K\u0131sa Bir Mola!<\/a><\/h1>\n<p><img loading=\"lazy\" decoding=\"async\" class=\"alignnone wp-image-10211\" src=\"https:\/\/julesverne.com.tr\/wp-content\/uploads\/2021\/08\/oda-manzara-500x317.jpg\" sizes=\"(max-width: 1200px) 100vw, 1200px\" srcset=\"https:\/\/julesverne.com.tr\/wp-content\/uploads\/2021\/08\/oda-manzara-500x317.jpg 500w, https:\/\/julesverne.com.tr\/wp-content\/uploads\/2021\/08\/oda-manzara-1280x811.jpg 1280w, https:\/\/julesverne.com.tr\/wp-content\/uploads\/2021\/08\/oda-manzara-768x486.jpg 768w, https:\/\/julesverne.com.tr\/wp-content\/uploads\/2021\/08\/oda-manzara-1536x973.jpg 1536w, https:\/\/julesverne.com.tr\/wp-content\/uploads\/2021\/08\/oda-manzara-scaled.jpg 1600w\" alt=\"\" width=\"1200\" height=\"760\" \/><\/p>\n<p>\u00c7a\u011fda\u015f sanat koleksiyonu ve gurme mutfa\u011f\u0131yla duygular\u0131n\u0131za hitap eden benzersiz bir tatil keyfi i\u00e7in \u015farab\u0131n ana vatan\u0131\u00a0<strong>Eceabat<\/strong>\u2018a do\u011fru yola \u00e7\u0131k\u0131p, Caeli\u2019nin \u00f6zel dikim y\u00f6ntemiyle yeti\u015ftirdi\u011fi \u00fcz\u00fcmlerinin asmadan kadehe kadar olan ser\u00fcvenine,\u00a0<strong>Hotel Caeli<\/strong>\u2018nin ayr\u0131cal\u0131kl\u0131 d\u00fcnyas\u0131nda \u015fahit olmaya ne dersiniz? \u00dcz\u00fcm ba\u011flar\u0131 gezisi ve topraktan kadehe yolculu\u011funun detayl\u0131 anlat\u0131m\u0131; ba\u011f ve g\u00f6let manzaras\u0131nda Caeli \u00c7iftli\u011fi ve Caeli Ekolojik bah\u00e7esinden gelen y\u00f6resel ve organik \u00fcr\u00fcnlerden olu\u015fan brunch keyfi; Hotel Caeli\u2019de bulunan d\u00fcnyaca \u00fcnl\u00fc sanat\u00e7\u0131lara ait sanat eserleri gezisi; 12.500 m2 alana kurulu T\u00fcrkiye\u2019nin en modern \u015faraphanesi olan Caeli \u015earaphanesi gezisi ve tad\u0131m deneyimi ile dolu dolu, \u00e7ok keyifli\u00a0 <strong>1 gece konaklamal\u0131, 2 g\u00fcn<\/strong> sizleri bekliyor! <strong>20 A\u011fustos \u2013 16 Ekim 2021 tarihleri <\/strong>aras\u0131nda Eceabat\u2019\u0131n b\u00fcy\u00fcleyici atmosferinde asmadan kadehe uzanan b\u00fcy\u00fcleyici bir yolculu\u011fa \u00e7\u0131k\u0131yoruz. Haydi, siz de bize kat\u0131l\u0131n, an\u2019\u0131 ya\u015faman\u0131n tad\u0131n\u0131 \u00e7\u0131kar\u0131n! Gezi ile ilgili detayl\u0131 bilgiye\u00a0<a href=\"https:\/\/julesverne.com.tr\/gezi\/jules-verne-ozel-gezileri\/hotel-caeli-bag-bozumu\/\"><strong>buradan<\/strong><\/a>\u00a0ula\u015fabilirsiniz.<\/p>\n<p style=\"text-align: center;\"><strong>Detayl\u0131 bilgi ve rezervasyon i\u00e7in:<br \/>\n<a href=\"mailto:travel@julesverne.com.tr\" target=\"_blank\" rel=\"noopener noreferrer\">travel@julesverne.com.tr<\/a><\/strong><\/p>\n<p><strong>\u00a0<\/strong><\/p>","protected":false},"excerpt":{"rendered":"<p>Binlerce y\u0131ll\u0131k bir tarihin, k\u00f6kl\u00fc bir gelene\u011fin habercisi olan ba\u011fc\u0131l\u0131k, kadehinize doldurulan \u015faraba kadar uzun bir ser\u00fcven asl\u0131nda. Yemye\u015fil ba\u011flar\u0131n nas\u0131l bir emekle her g\u00fcn i\u015flendi\u011fine \u015fahit olmak; iklimi, topra\u011f\u0131, yeti\u015fti\u011fi b\u00f6lgenin hik\u00e2yeleriyle farkl\u0131 anlamlar kazanan \u015farab\u0131n yolculu\u011funu dinlemek, g\u00f6rmek ve ya\u015famak unutulmayacak bir deneyim. T\u00fcrkiye; gerek toprak yap\u0131s\u0131 ve iklimi gerekse de \u015farap\u00e7\u0131l\u0131k ve [&hellip;]<\/p>\n","protected":false},"author":10,"featured_media":8575,"comment_status":"closed","ping_status":"closed","sticky":false,"template":"","format":"standard","meta":{"inline_featured_image":false,"footnotes":""},"categories":[38,1,39,41],"tags":[172,169,137,73,170,171],"acf":[],"yoast_head":"<!-- This site is optimized with the Yoast SEO plugin v22.3 - https:\/\/yoast.com\/wordpress\/plugins\/seo\/ -->\n<title>T\u00fcrkiye\u2019nin En Keyifli Ba\u011f Rotalar\u0131 - JULES VERNE BUSINESS MICE TRAVEL<\/title>\n<meta name=\"description\" content=\"\u015earaplar\u0131 ile \u00fcnl\u00fc Avrupa \u015fehirlerinde ba\u015fl\u0131 ba\u015f\u0131na bir seyahat sebebi olan \u00fcz\u00fcm ba\u011f\u0131 rotalar\u0131n\u0131 art\u0131k \u00fclkemizde de g\u00f6rmek m\u00fcmk\u00fcn. T\u00fcrkiye; gerek toprak yap\u0131s\u0131 ve iklimi gerekse de \u015farap\u00e7\u0131l\u0131k ve ba\u011fc\u0131l\u0131k ile sahip oldu\u011fu m\u00fckemmel ko\u015fullar sebebiyle Avrupa&#039;n\u0131n ve d\u00fcnyan\u0131n bir\u00e7ok \u00fclkesinde \u00fcretilen \u015faraplarla yar\u0131\u015fabilecek d\u00fczeyde \u015faraplar \u00fcretiyor. Siz de Trakya Ba\u011f Rotas\u0131&#039;ndan\u00a0Urla Ba\u011f Rotas\u0131&#039;na; Bozcada Ba\u011f Rotas\u0131&#039;ndan\u00a0Kapadokya Ba\u011f Rotas\u0131&#039;na do\u011fru yola \u00e7\u0131k\u0131p; \u00fcz\u00fcm\u00fcn, \u015farab\u0131n, \u00fcretenin ve b\u00f6lgenin hikayesini dinleyerek, yerel tatlar e\u015fli\u011finde \u015farap tad\u0131m\u0131 yaparak, ba\u011f bozumu geleneklerine \u015fahit olabilirsiniz.\" \/>\n<meta name=\"robots\" content=\"index, follow, max-snippet:-1, max-image-preview:large, max-video-preview:-1\" \/>\n<link rel=\"canonical\" href=\"https:\/\/julesverne.com.tr\/travel-blog\/turkiyenin-en-keyifli-bag-rotalari\/\" \/>\n<meta property=\"og:locale\" content=\"en_US\" \/>\n<meta property=\"og:type\" content=\"article\" \/>\n<meta property=\"og:title\" content=\"T\u00fcrkiye\u2019nin En Keyifli Ba\u011f Rotalar\u0131 - JULES VERNE BUSINESS MICE TRAVEL\" \/>\n<meta property=\"og:description\" content=\"\u015earaplar\u0131 ile \u00fcnl\u00fc Avrupa \u015fehirlerinde ba\u015fl\u0131 ba\u015f\u0131na bir seyahat sebebi olan \u00fcz\u00fcm ba\u011f\u0131 rotalar\u0131n\u0131 art\u0131k \u00fclkemizde de g\u00f6rmek m\u00fcmk\u00fcn. T\u00fcrkiye; gerek toprak yap\u0131s\u0131 ve iklimi gerekse de \u015farap\u00e7\u0131l\u0131k ve ba\u011fc\u0131l\u0131k ile sahip oldu\u011fu m\u00fckemmel ko\u015fullar sebebiyle Avrupa&#039;n\u0131n ve d\u00fcnyan\u0131n bir\u00e7ok \u00fclkesinde \u00fcretilen \u015faraplarla yar\u0131\u015fabilecek d\u00fczeyde \u015faraplar \u00fcretiyor. Siz de Trakya Ba\u011f Rotas\u0131&#039;ndan\u00a0Urla Ba\u011f Rotas\u0131&#039;na; Bozcada Ba\u011f Rotas\u0131&#039;ndan\u00a0Kapadokya Ba\u011f Rotas\u0131&#039;na do\u011fru yola \u00e7\u0131k\u0131p; \u00fcz\u00fcm\u00fcn, \u015farab\u0131n, \u00fcretenin ve b\u00f6lgenin hikayesini dinleyerek, yerel tatlar e\u015fli\u011finde \u015farap tad\u0131m\u0131 yaparak, ba\u011f bozumu geleneklerine \u015fahit olabilirsiniz.\" \/>\n<meta property=\"og:url\" content=\"https:\/\/julesverne.com.tr\/travel-blog\/turkiyenin-en-keyifli-bag-rotalari\/\" \/>\n<meta property=\"og:site_name\" content=\"JULES VERNE BUSINESS MICE TRAVEL\" \/>\n<meta property=\"article:publisher\" content=\"https:\/\/www.facebook.com\/JulesVerneBusinessMiceTravel\/\" \/>\n<meta property=\"article:published_time\" content=\"2024-08-20T08:40:07+00:00\" \/>\n<meta property=\"article:modified_time\" content=\"2024-08-20T08:15:08+00:00\" \/>\n<meta property=\"og:image\" content=\"https:\/\/julesverne.com.tr\/wp-content\/uploads\/2021\/05\/Bag-rotasi-scaled.jpg\" \/>\n\t<meta property=\"og:image:width\" content=\"1600\" \/>\n\t<meta property=\"og:image:height\" content=\"844\" \/>\n\t<meta property=\"og:image:type\" content=\"image\/jpeg\" \/>\n<meta name=\"author\" content=\"Ebru Alt\u0131n\" \/>\n<meta name=\"twitter:card\" content=\"summary_large_image\" \/>\n<meta name=\"twitter:creator\" content=\"@JV_BusinessMice\" \/>\n<meta name=\"twitter:site\" content=\"@JV_BusinessMice\" \/>\n<meta name=\"twitter:label1\" content=\"Written by\" \/>\n\t<meta name=\"twitter:data1\" content=\"Ebru Alt\u0131n\" \/>\n\t<meta name=\"twitter:label2\" content=\"Est. reading time\" \/>\n\t<meta name=\"twitter:data2\" content=\"11 minutes\" \/>\n<script type=\"application\/ld+json\" class=\"yoast-schema-graph\">{\"@context\":\"https:\/\/schema.org\",\"@graph\":[{\"@type\":\"Article\",\"@id\":\"https:\/\/julesverne.com.tr\/travel-blog\/turkiyenin-en-keyifli-bag-rotalari\/#article\",\"isPartOf\":{\"@id\":\"https:\/\/julesverne.com.tr\/travel-blog\/turkiyenin-en-keyifli-bag-rotalari\/\"},\"author\":{\"name\":\"Ebru Alt\u0131n\",\"@id\":\"https:\/\/julesverne.com.tr\/#\/schema\/person\/219931edfe2e7d9cbbcbabb8a7e4c7f4\"},\"headline\":\"T\u00fcrkiye\u2019nin En Keyifli Ba\u011f Rotalar\u0131\",\"datePublished\":\"2024-08-20T08:40:07+00:00\",\"dateModified\":\"2024-08-20T08:15:08+00:00\",\"mainEntityOfPage\":{\"@id\":\"https:\/\/julesverne.com.tr\/travel-blog\/turkiyenin-en-keyifli-bag-rotalari\/\"},\"wordCount\":1906,\"publisher\":{\"@id\":\"https:\/\/julesverne.com.tr\/#organization\"},\"image\":{\"@id\":\"https:\/\/julesverne.com.tr\/travel-blog\/turkiyenin-en-keyifli-bag-rotalari\/#primaryimage\"},\"thumbnailUrl\":\"https:\/\/julesverne.com.tr\/wp-content\/uploads\/2021\/05\/Bag-rotasi-scaled.jpg\",\"keywords\":[\"Ba\u011f Bozumu\",\"Ba\u011f Rotas\u0131\",\"Blog\",\"Nereye Gitsek\",\"Trakya Ba\u011f Rotas\u0131\",\"Urla Ba\u011f Rotas\u0131\"],\"articleSection\":[\"\u0130lham Veren Destinasyonlar\",\"Blog\",\"Nereye Gitsek?\",\"Seyahat Trendleri\"],\"inLanguage\":\"en-US\"},{\"@type\":\"WebPage\",\"@id\":\"https:\/\/julesverne.com.tr\/travel-blog\/turkiyenin-en-keyifli-bag-rotalari\/\",\"url\":\"https:\/\/julesverne.com.tr\/travel-blog\/turkiyenin-en-keyifli-bag-rotalari\/\",\"name\":\"T\u00fcrkiye\u2019nin En Keyifli Ba\u011f Rotalar\u0131 - JULES VERNE BUSINESS MICE TRAVEL\",\"isPartOf\":{\"@id\":\"https:\/\/julesverne.com.tr\/#website\"},\"primaryImageOfPage\":{\"@id\":\"https:\/\/julesverne.com.tr\/travel-blog\/turkiyenin-en-keyifli-bag-rotalari\/#primaryimage\"},\"image\":{\"@id\":\"https:\/\/julesverne.com.tr\/travel-blog\/turkiyenin-en-keyifli-bag-rotalari\/#primaryimage\"},\"thumbnailUrl\":\"https:\/\/julesverne.com.tr\/wp-content\/uploads\/2021\/05\/Bag-rotasi-scaled.jpg\",\"datePublished\":\"2024-08-20T08:40:07+00:00\",\"dateModified\":\"2024-08-20T08:15:08+00:00\",\"description\":\"\u015earaplar\u0131 ile \u00fcnl\u00fc Avrupa \u015fehirlerinde ba\u015fl\u0131 ba\u015f\u0131na bir seyahat sebebi olan \u00fcz\u00fcm ba\u011f\u0131 rotalar\u0131n\u0131 art\u0131k \u00fclkemizde de g\u00f6rmek m\u00fcmk\u00fcn. T\u00fcrkiye; gerek toprak yap\u0131s\u0131 ve iklimi gerekse de \u015farap\u00e7\u0131l\u0131k ve ba\u011fc\u0131l\u0131k ile sahip oldu\u011fu m\u00fckemmel ko\u015fullar sebebiyle Avrupa'n\u0131n ve d\u00fcnyan\u0131n bir\u00e7ok \u00fclkesinde \u00fcretilen \u015faraplarla yar\u0131\u015fabilecek d\u00fczeyde \u015faraplar \u00fcretiyor. Siz de Trakya Ba\u011f Rotas\u0131'ndan\u00a0Urla Ba\u011f Rotas\u0131'na; Bozcada Ba\u011f Rotas\u0131'ndan\u00a0Kapadokya Ba\u011f Rotas\u0131'na do\u011fru yola \u00e7\u0131k\u0131p; \u00fcz\u00fcm\u00fcn, \u015farab\u0131n, \u00fcretenin ve b\u00f6lgenin hikayesini dinleyerek, yerel tatlar e\u015fli\u011finde \u015farap tad\u0131m\u0131 yaparak, ba\u011f bozumu geleneklerine \u015fahit olabilirsiniz.\",\"breadcrumb\":{\"@id\":\"https:\/\/julesverne.com.tr\/travel-blog\/turkiyenin-en-keyifli-bag-rotalari\/#breadcrumb\"},\"inLanguage\":\"en-US\",\"potentialAction\":[{\"@type\":\"ReadAction\",\"target\":[\"https:\/\/julesverne.com.tr\/travel-blog\/turkiyenin-en-keyifli-bag-rotalari\/\"]}]},{\"@type\":\"ImageObject\",\"inLanguage\":\"en-US\",\"@id\":\"https:\/\/julesverne.com.tr\/travel-blog\/turkiyenin-en-keyifli-bag-rotalari\/#primaryimage\",\"url\":\"https:\/\/julesverne.com.tr\/wp-content\/uploads\/2021\/05\/Bag-rotasi-scaled.jpg\",\"contentUrl\":\"https:\/\/julesverne.com.tr\/wp-content\/uploads\/2021\/05\/Bag-rotasi-scaled.jpg\",\"width\":1600,\"height\":844},{\"@type\":\"BreadcrumbList\",\"@id\":\"https:\/\/julesverne.com.tr\/travel-blog\/turkiyenin-en-keyifli-bag-rotalari\/#breadcrumb\",\"itemListElement\":[{\"@type\":\"ListItem\",\"position\":1,\"name\":\"Anasayfa\",\"item\":\"https:\/\/julesverne.com.tr\/\"},{\"@type\":\"ListItem\",\"position\":2,\"name\":\"T\u00fcrkiye\u2019nin En Keyifli Ba\u011f Rotalar\u0131\"}]},{\"@type\":\"WebSite\",\"@id\":\"https:\/\/julesverne.com.tr\/#website\",\"url\":\"https:\/\/julesverne.com.tr\/\",\"name\":\"JULES VERNE BUSINESS MICE TRAVEL\",\"description\":\"\",\"publisher\":{\"@id\":\"https:\/\/julesverne.com.tr\/#organization\"},\"potentialAction\":[{\"@type\":\"SearchAction\",\"target\":{\"@type\":\"EntryPoint\",\"urlTemplate\":\"https:\/\/julesverne.com.tr\/?s={search_term_string}\"},\"query-input\":\"required name=search_term_string\"}],\"inLanguage\":\"en-US\"},{\"@type\":\"Organization\",\"@id\":\"https:\/\/julesverne.com.tr\/#organization\",\"name\":\"JULES VERNE BUSINESS MICE TRAVEL\",\"url\":\"https:\/\/julesverne.com.tr\/\",\"logo\":{\"@type\":\"ImageObject\",\"inLanguage\":\"en-US\",\"@id\":\"https:\/\/julesverne.com.tr\/#\/schema\/logo\/image\/\",\"url\":\"https:\/\/julesverne.com.tr\/wp-content\/uploads\/2020\/09\/jv-bmt-logo.png\",\"contentUrl\":\"https:\/\/julesverne.com.tr\/wp-content\/uploads\/2020\/09\/jv-bmt-logo.png\",\"width\":110,\"height\":81,\"caption\":\"JULES VERNE BUSINESS MICE TRAVEL\"},\"image\":{\"@id\":\"https:\/\/julesverne.com.tr\/#\/schema\/logo\/image\/\"},\"sameAs\":[\"https:\/\/www.facebook.com\/JulesVerneBusinessMiceTravel\/\",\"https:\/\/twitter.com\/JV_BusinessMice\",\"https:\/\/www.instagram.com\/julesvernebusinessmicetravel\/\",\"https:\/\/www.linkedin.com\/company\/julesvernebusinessmicetravel\/\",\"https:\/\/www.youtube.com\/channel\/UCAwdsmbZ6tFhu1tea6pkpiw\"]},{\"@type\":\"Person\",\"@id\":\"https:\/\/julesverne.com.tr\/#\/schema\/person\/219931edfe2e7d9cbbcbabb8a7e4c7f4\",\"name\":\"Ebru Alt\u0131n\",\"url\":\"https:\/\/julesverne.com.tr\/en\/author\/ebru-altin\/\"}]}<\/script>\n<!-- \/ Yoast SEO plugin. -->","yoast_head_json":{"title":"T\u00fcrkiye\u2019nin En Keyifli Ba\u011f Rotalar\u0131 - JULES VERNE BUSINESS MICE TRAVEL","description":"\u015earaplar\u0131 ile \u00fcnl\u00fc Avrupa \u015fehirlerinde ba\u015fl\u0131 ba\u015f\u0131na bir seyahat sebebi olan \u00fcz\u00fcm ba\u011f\u0131 rotalar\u0131n\u0131 art\u0131k \u00fclkemizde de g\u00f6rmek m\u00fcmk\u00fcn. T\u00fcrkiye; gerek toprak yap\u0131s\u0131 ve iklimi gerekse de \u015farap\u00e7\u0131l\u0131k ve ba\u011fc\u0131l\u0131k ile sahip oldu\u011fu m\u00fckemmel ko\u015fullar sebebiyle Avrupa'n\u0131n ve d\u00fcnyan\u0131n bir\u00e7ok \u00fclkesinde \u00fcretilen \u015faraplarla yar\u0131\u015fabilecek d\u00fczeyde \u015faraplar \u00fcretiyor. Siz de Trakya Ba\u011f Rotas\u0131'ndan\u00a0Urla Ba\u011f Rotas\u0131'na; Bozcada Ba\u011f Rotas\u0131'ndan\u00a0Kapadokya Ba\u011f Rotas\u0131'na do\u011fru yola \u00e7\u0131k\u0131p; \u00fcz\u00fcm\u00fcn, \u015farab\u0131n, \u00fcretenin ve b\u00f6lgenin hikayesini dinleyerek, yerel tatlar e\u015fli\u011finde \u015farap tad\u0131m\u0131 yaparak, ba\u011f bozumu geleneklerine \u015fahit olabilirsiniz.","robots":{"index":"index","follow":"follow","max-snippet":"max-snippet:-1","max-image-preview":"max-image-preview:large","max-video-preview":"max-video-preview:-1"},"canonical":"https:\/\/julesverne.com.tr\/travel-blog\/turkiyenin-en-keyifli-bag-rotalari\/","og_locale":"en_US","og_type":"article","og_title":"T\u00fcrkiye\u2019nin En Keyifli Ba\u011f Rotalar\u0131 - JULES VERNE BUSINESS MICE TRAVEL","og_description":"\u015earaplar\u0131 ile \u00fcnl\u00fc Avrupa \u015fehirlerinde ba\u015fl\u0131 ba\u015f\u0131na bir seyahat sebebi olan \u00fcz\u00fcm ba\u011f\u0131 rotalar\u0131n\u0131 art\u0131k \u00fclkemizde de g\u00f6rmek m\u00fcmk\u00fcn. T\u00fcrkiye; gerek toprak yap\u0131s\u0131 ve iklimi gerekse de \u015farap\u00e7\u0131l\u0131k ve ba\u011fc\u0131l\u0131k ile sahip oldu\u011fu m\u00fckemmel ko\u015fullar sebebiyle Avrupa'n\u0131n ve d\u00fcnyan\u0131n bir\u00e7ok \u00fclkesinde \u00fcretilen \u015faraplarla yar\u0131\u015fabilecek d\u00fczeyde \u015faraplar \u00fcretiyor. Siz de Trakya Ba\u011f Rotas\u0131'ndan\u00a0Urla Ba\u011f Rotas\u0131'na; Bozcada Ba\u011f Rotas\u0131'ndan\u00a0Kapadokya Ba\u011f Rotas\u0131'na do\u011fru yola \u00e7\u0131k\u0131p; \u00fcz\u00fcm\u00fcn, \u015farab\u0131n, \u00fcretenin ve b\u00f6lgenin hikayesini dinleyerek, yerel tatlar e\u015fli\u011finde \u015farap tad\u0131m\u0131 yaparak, ba\u011f bozumu geleneklerine \u015fahit olabilirsiniz.","og_url":"https:\/\/julesverne.com.tr\/travel-blog\/turkiyenin-en-keyifli-bag-rotalari\/","og_site_name":"JULES VERNE BUSINESS MICE TRAVEL","article_publisher":"https:\/\/www.facebook.com\/JulesVerneBusinessMiceTravel\/","article_published_time":"2024-08-20T08:40:07+00:00","article_modified_time":"2024-08-20T08:15:08+00:00","og_image":[{"width":1600,"height":844,"url":"https:\/\/julesverne.com.tr\/wp-content\/uploads\/2021\/05\/Bag-rotasi-scaled.jpg","type":"image\/jpeg"}],"author":"Ebru Alt\u0131n","twitter_card":"summary_large_image","twitter_creator":"@JV_BusinessMice","twitter_site":"@JV_BusinessMice","twitter_misc":{"Written by":"Ebru Alt\u0131n","Est. reading time":"11 minutes"},"schema":{"@context":"https:\/\/schema.org","@graph":[{"@type":"Article","@id":"https:\/\/julesverne.com.tr\/travel-blog\/turkiyenin-en-keyifli-bag-rotalari\/#article","isPartOf":{"@id":"https:\/\/julesverne.com.tr\/travel-blog\/turkiyenin-en-keyifli-bag-rotalari\/"},"author":{"name":"Ebru Alt\u0131n","@id":"https:\/\/julesverne.com.tr\/#\/schema\/person\/219931edfe2e7d9cbbcbabb8a7e4c7f4"},"headline":"T\u00fcrkiye\u2019nin En Keyifli Ba\u011f Rotalar\u0131","datePublished":"2024-08-20T08:40:07+00:00","dateModified":"2024-08-20T08:15:08+00:00","mainEntityOfPage":{"@id":"https:\/\/julesverne.com.tr\/travel-blog\/turkiyenin-en-keyifli-bag-rotalari\/"},"wordCount":1906,"publisher":{"@id":"https:\/\/julesverne.com.tr\/#organization"},"image":{"@id":"https:\/\/julesverne.com.tr\/travel-blog\/turkiyenin-en-keyifli-bag-rotalari\/#primaryimage"},"thumbnailUrl":"https:\/\/julesverne.com.tr\/wp-content\/uploads\/2021\/05\/Bag-rotasi-scaled.jpg","keywords":["Ba\u011f Bozumu","Ba\u011f Rotas\u0131","Blog","Nereye Gitsek","Trakya Ba\u011f Rotas\u0131","Urla Ba\u011f Rotas\u0131"],"articleSection":["\u0130lham Veren Destinasyonlar","Blog","Nereye Gitsek?","Seyahat Trendleri"],"inLanguage":"en-US"},{"@type":"WebPage","@id":"https:\/\/julesverne.com.tr\/travel-blog\/turkiyenin-en-keyifli-bag-rotalari\/","url":"https:\/\/julesverne.com.tr\/travel-blog\/turkiyenin-en-keyifli-bag-rotalari\/","name":"T\u00fcrkiye\u2019nin En Keyifli Ba\u011f Rotalar\u0131 - JULES VERNE BUSINESS MICE TRAVEL","isPartOf":{"@id":"https:\/\/julesverne.com.tr\/#website"},"primaryImageOfPage":{"@id":"https:\/\/julesverne.com.tr\/travel-blog\/turkiyenin-en-keyifli-bag-rotalari\/#primaryimage"},"image":{"@id":"https:\/\/julesverne.com.tr\/travel-blog\/turkiyenin-en-keyifli-bag-rotalari\/#primaryimage"},"thumbnailUrl":"https:\/\/julesverne.com.tr\/wp-content\/uploads\/2021\/05\/Bag-rotasi-scaled.jpg","datePublished":"2024-08-20T08:40:07+00:00","dateModified":"2024-08-20T08:15:08+00:00","description":"\u015earaplar\u0131 ile \u00fcnl\u00fc Avrupa \u015fehirlerinde ba\u015fl\u0131 ba\u015f\u0131na bir seyahat sebebi olan \u00fcz\u00fcm ba\u011f\u0131 rotalar\u0131n\u0131 art\u0131k \u00fclkemizde de g\u00f6rmek m\u00fcmk\u00fcn. T\u00fcrkiye; gerek toprak yap\u0131s\u0131 ve iklimi gerekse de \u015farap\u00e7\u0131l\u0131k ve ba\u011fc\u0131l\u0131k ile sahip oldu\u011fu m\u00fckemmel ko\u015fullar sebebiyle Avrupa'n\u0131n ve d\u00fcnyan\u0131n bir\u00e7ok \u00fclkesinde \u00fcretilen \u015faraplarla yar\u0131\u015fabilecek d\u00fczeyde \u015faraplar \u00fcretiyor. Siz de Trakya Ba\u011f Rotas\u0131'ndan\u00a0Urla Ba\u011f Rotas\u0131'na; Bozcada Ba\u011f Rotas\u0131'ndan\u00a0Kapadokya Ba\u011f Rotas\u0131'na do\u011fru yola \u00e7\u0131k\u0131p; \u00fcz\u00fcm\u00fcn, \u015farab\u0131n, \u00fcretenin ve b\u00f6lgenin hikayesini dinleyerek, yerel tatlar e\u015fli\u011finde \u015farap tad\u0131m\u0131 yaparak, ba\u011f bozumu geleneklerine \u015fahit olabilirsiniz.","breadcrumb":{"@id":"https:\/\/julesverne.com.tr\/travel-blog\/turkiyenin-en-keyifli-bag-rotalari\/#breadcrumb"},"inLanguage":"en-US","potentialAction":[{"@type":"ReadAction","target":["https:\/\/julesverne.com.tr\/travel-blog\/turkiyenin-en-keyifli-bag-rotalari\/"]}]},{"@type":"ImageObject","inLanguage":"en-US","@id":"https:\/\/julesverne.com.tr\/travel-blog\/turkiyenin-en-keyifli-bag-rotalari\/#primaryimage","url":"https:\/\/julesverne.com.tr\/wp-content\/uploads\/2021\/05\/Bag-rotasi-scaled.jpg","contentUrl":"https:\/\/julesverne.com.tr\/wp-content\/uploads\/2021\/05\/Bag-rotasi-scaled.jpg","width":1600,"height":844},{"@type":"BreadcrumbList","@id":"https:\/\/julesverne.com.tr\/travel-blog\/turkiyenin-en-keyifli-bag-rotalari\/#breadcrumb","itemListElement":[{"@type":"ListItem","position":1,"name":"Anasayfa","item":"https:\/\/julesverne.com.tr\/"},{"@type":"ListItem","position":2,"name":"T\u00fcrkiye\u2019nin En Keyifli Ba\u011f Rotalar\u0131"}]},{"@type":"WebSite","@id":"https:\/\/julesverne.com.tr\/#website","url":"https:\/\/julesverne.com.tr\/","name":"JULES VERNE BUSINESS MICE TRAVEL","description":"","publisher":{"@id":"https:\/\/julesverne.com.tr\/#organization"},"potentialAction":[{"@type":"SearchAction","target":{"@type":"EntryPoint","urlTemplate":"https:\/\/julesverne.com.tr\/?s={search_term_string}"},"query-input":"required name=search_term_string"}],"inLanguage":"en-US"},{"@type":"Organization","@id":"https:\/\/julesverne.com.tr\/#organization","name":"JULES VERNE BUSINESS MICE TRAVEL","url":"https:\/\/julesverne.com.tr\/","logo":{"@type":"ImageObject","inLanguage":"en-US","@id":"https:\/\/julesverne.com.tr\/#\/schema\/logo\/image\/","url":"https:\/\/julesverne.com.tr\/wp-content\/uploads\/2020\/09\/jv-bmt-logo.png","contentUrl":"https:\/\/julesverne.com.tr\/wp-content\/uploads\/2020\/09\/jv-bmt-logo.png","width":110,"height":81,"caption":"JULES VERNE BUSINESS MICE TRAVEL"},"image":{"@id":"https:\/\/julesverne.com.tr\/#\/schema\/logo\/image\/"},"sameAs":["https:\/\/www.facebook.com\/JulesVerneBusinessMiceTravel\/","https:\/\/twitter.com\/JV_BusinessMice","https:\/\/www.instagram.com\/julesvernebusinessmicetravel\/","https:\/\/www.linkedin.com\/company\/julesvernebusinessmicetravel\/","https:\/\/www.youtube.com\/channel\/UCAwdsmbZ6tFhu1tea6pkpiw"]},{"@type":"Person","@id":"https:\/\/julesverne.com.tr\/#\/schema\/person\/219931edfe2e7d9cbbcbabb8a7e4c7f4","name":"Ebru Alt\u0131n","url":"https:\/\/julesverne.com.tr\/en\/author\/ebru-altin\/"}]}},"_links":{"self":[{"href":"https:\/\/julesverne.com.tr\/en\/wp-json\/wp\/v2\/posts\/10173"}],"collection":[{"href":"https:\/\/julesverne.com.tr\/en\/wp-json\/wp\/v2\/posts"}],"about":[{"href":"https:\/\/julesverne.com.tr\/en\/wp-json\/wp\/v2\/types\/post"}],"author":[{"embeddable":true,"href":"https:\/\/julesverne.com.tr\/en\/wp-json\/wp\/v2\/users\/10"}],"replies":[{"embeddable":true,"href":"https:\/\/julesverne.com.tr\/en\/wp-json\/wp\/v2\/comments?post=10173"}],"version-history":[{"count":4,"href":"https:\/\/julesverne.com.tr\/en\/wp-json\/wp\/v2\/posts\/10173\/revisions"}],"predecessor-version":[{"id":17915,"href":"https:\/\/julesverne.com.tr\/en\/wp-json\/wp\/v2\/posts\/10173\/revisions\/17915"}],"wp:featuredmedia":[{"embeddable":true,"href":"https:\/\/julesverne.com.tr\/en\/wp-json\/wp\/v2\/media\/8575"}],"wp:attachment":[{"href":"https:\/\/julesverne.com.tr\/en\/wp-json\/wp\/v2\/media?parent=10173"}],"wp:term":[{"taxonomy":"category","embeddable":true,"href":"https:\/\/julesverne.com.tr\/en\/wp-json\/wp\/v2\/categories?post=10173"},{"taxonomy":"post_tag","embeddable":true,"href":"https:\/\/julesverne.com.tr\/en\/wp-json\/wp\/v2\/tags?post=10173"}],"curies":[{"name":"wp","href":"https:\/\/api.w.org\/{rel}","templated":true}]}}