{"id":10105,"date":"2021-09-02T12:32:41","date_gmt":"2021-09-02T09:32:41","guid":{"rendered":"https:\/\/julesverne.com.tr\/?p=10105"},"modified":"2021-09-02T17:13:38","modified_gmt":"2021-09-02T14:13:38","slug":"olmeden-once-mutlaka-gorulmesi-gereken-turkiyedeki-6-muhtesem-yer","status":"publish","type":"post","link":"https:\/\/julesverne.com.tr\/en\/travel-blog\/olmeden-once-mutlaka-gorulmesi-gereken-turkiyedeki-6-muhtesem-yer\/","title":{"rendered":"\u00d6lmeden \u00d6nce Mutlaka G\u00f6r\u00fclmesi Gereken T\u00fcrkiye\u2019deki 6 Muhte\u015fem Yer"},"content":{"rendered":"<p><img loading=\"lazy\" decoding=\"async\" class=\"alignnone size-full wp-image-10106\" src=\"https:\/\/julesverne.com.tr\/wp-content\/uploads\/2021\/08\/kapadokya.jpg\" alt=\"\" width=\"1200\" height=\"800\" srcset=\"https:\/\/julesverne.com.tr\/wp-content\/uploads\/2021\/08\/kapadokya.jpg 1200w, https:\/\/julesverne.com.tr\/wp-content\/uploads\/2021\/08\/kapadokya-500x333.jpg 500w, https:\/\/julesverne.com.tr\/wp-content\/uploads\/2021\/08\/kapadokya-768x512.jpg 768w\" sizes=\"(max-width: 1200px) 100vw, 1200px\" \/><\/p>\n<p>Tarih boyunca bir\u00e7ok medeniyete ev sahipli\u011fi yapan T\u00fcrkiye, gerek do\u011fal gerekse tarihi g\u00fczellikleriyle d\u00fcnyan\u0131n en g\u00f6z al\u0131c\u0131 \u00fclkelerinden bir tanesi. Co\u011frafi konumuyla d\u00fcnyan\u0131n en \u00f6nemli ge\u00e7i\u015f g\u00fczergahlar\u0131ndan biri olan Anadolu topraklar\u0131n\u0131n her k\u00f6\u015fesinde ke\u015ffedilmeyi bekleyen bamba\u015fka bir hazine yat\u0131yor.<\/p>\n<p><strong>National Geographic,<\/strong> d\u00fcnyadaki en inan\u0131lmaz b\u00f6lgelerin kapsaml\u0131 bir rehberi niteli\u011fini ta\u015f\u0131yan <strong>&#8220;\u00d6lmeden \u00d6nce G\u00f6r\u00fclmesi Gereken Yerler&#8221;<\/strong> adl\u0131 kitab\u0131nda T\u00fcrkiye&#8217;den 6 k\u00fclt\u00fcr ve do\u011fa miras\u0131 alan\u0131na yer verdi. 319 sayfal\u0131k kitapta <strong>Ayasofya<\/strong> i\u00e7in \u201cBelki de in\u015fa edilmi\u015f en m\u00fckemmel bina&#8221;\u00a0diye bahsediliyor.<\/p>\n<h2>National Geographic\u2019in Se\u00e7ti\u011fi \u00d6lmeden \u00d6nce Mutlaka G\u00f6r\u00fclmesi Gereken T\u00fcrkiye\u2019deki 6 Muhte\u015fem Yer<\/h2>\n<p><img loading=\"lazy\" decoding=\"async\" class=\"alignnone size-full wp-image-3055\" src=\"https:\/\/julesverne.com.tr\/wp-content\/uploads\/2020\/09\/ayasofya-1.jpg\" alt=\"\" width=\"999\" height=\"667\" srcset=\"https:\/\/julesverne.com.tr\/wp-content\/uploads\/2020\/09\/ayasofya-1.jpg 999w, https:\/\/julesverne.com.tr\/wp-content\/uploads\/2020\/09\/ayasofya-1-500x334.jpg 500w, https:\/\/julesverne.com.tr\/wp-content\/uploads\/2020\/09\/ayasofya-1-768x513.jpg 768w\" sizes=\"(max-width: 999px) 100vw, 999px\" \/><\/p>\n<h1><strong>Ayasofya<\/strong><\/h1>\n<p>D\u00fcnya mimarl\u0131k tarihinin ayakta kalmay\u0131 ba\u015faran en \u00f6nemli yap\u0131tlar\u0131ndan Ayasofya; 6. y\u00fczy\u0131lda Do\u011fa Romal\u0131 Philon taraf\u0131ndan d\u00fcnyan\u0131n 8. harikas\u0131 olarak nitelendirilmi\u015f. 916 y\u0131l kilise olan bu yap\u0131, 1453 y\u0131l\u0131nda Fatih Sultan Mehmed taraf\u0131ndan \u0130stanbul\u2019un fethiyle camiye \u00e7evrilerek cami olarak kullan\u0131lm\u0131\u015f; Atat\u00fcrk\u2019\u00fcn emri ve Bakanlar Kurulu\u2019nun karar\u0131yla da 1935 y\u0131l\u0131nda m\u00fcze olarak kap\u0131lar\u0131n\u0131 ziyarete a\u00e7m\u0131\u015ft\u0131r.<\/p>\n<p>1985&#8217;te <strong>UNESCO D\u00fcnya K\u00fclt\u00fcr Miras\u0131<\/strong> listesine giren, Do\u011fu Roma \u0130mparatorlu\u011fu\u2019nun \u0130stanbul i\u00e7erisinde yapt\u0131rd\u0131\u011f\u0131 en b\u00fcy\u00fck kilise niteli\u011fine sahip olan Ayasofya, ayn\u0131 yerde tam \u00fc\u00e7 kez in\u015fa edilmi\u015f. Binan\u0131n zemin duvarlar\u0131n\u0131 kaplayan beyaz mermerlerin Marmara Adas\u0131&#8217;ndan, ye\u015fil somakilerin E\u011friboz Adas\u0131&#8217;ndan, pembe mermerlerin Afyonkarahisar civar\u0131ndaki Synada&#8217;dan, sar\u0131 mermerlerin Kuzey Afrika&#8217;dan, orta ve yan nefleri birbirinden ay\u0131ran d\u00f6rd\u00fc sa\u011fda, d\u00f6rd\u00fc solda bulunan ye\u015fil siyah damarl\u0131 mermer s\u00fctunlar\u0131n Efes Diyana Mabedi&#8217;nden, yar\u0131m kubbe alt\u0131nda 8 b\u00fcy\u00fck k\u0131rm\u0131z\u0131 porfir s\u00fctunun ise M\u0131z\u0131r Heliopolis&#8217;ten getirildi\u011fi d\u00fc\u015f\u00fcn\u00fcl\u00fcyor.<\/p>\n<p>A\u00e7\u0131l\u0131\u015f\u0131ndan \u0130stanbul&#8217;un fethine kadar 915 y\u0131l kilise, 1453&#8217;ten 1934&#8217;te al\u0131nan kararla m\u00fcze oluncaya kadar cami olarak kullan\u0131lan, 86 y\u0131l da m\u00fcze olarak hizmet veren Ayasofya, T\u00fcrkiye&#8217;de yerli ve yabanc\u0131 turistler taraf\u0131ndan en \u00e7ok ziyaret edilen yap\u0131lar\u0131n ilk s\u0131ras\u0131nda yer al\u0131yor.<\/p>\n<p><img loading=\"lazy\" decoding=\"async\" class=\"alignnone wp-image-4774\" src=\"https:\/\/julesverne.com.tr\/wp-content\/uploads\/2020\/09\/mardin_old_town-500x326.jpg\" alt=\"mardin\" width=\"1200\" height=\"782\" srcset=\"https:\/\/julesverne.com.tr\/wp-content\/uploads\/2020\/09\/mardin_old_town-500x326.jpg 500w, https:\/\/julesverne.com.tr\/wp-content\/uploads\/2020\/09\/mardin_old_town-768x501.jpg 768w, https:\/\/julesverne.com.tr\/wp-content\/uploads\/2020\/09\/mardin_old_town.jpg 1000w\" sizes=\"(max-width: 1200px) 100vw, 1200px\" \/><\/p>\n<h1>Mardin<\/h1>\n<p>G\u00fcnd\u00fczleri g\u00fcne\u015fin sar\u0131 s\u0131cak tonlar\u0131 ile \u00e7\u00f6l\u00fcn esrarengizli\u011fini \u00e7a\u011fr\u0131\u015ft\u0131ran; geceleri ise bamba\u015fka bir siluete b\u00fcr\u00fcn\u00fcp alt\u0131n bir gerdanl\u0131\u011fa benzeyen, G\u00fcneydo\u011fu Anadolu\u2019nun masallar kenti Mardin&#8230; Mezopotamya\u2019n\u0131n incisi Mardin d\u00fcnden bug\u00fcne Asurlular, Araplar, Sel\u00e7uklular, K\u00fcrtler, Farsl\u0131lar, Mo\u011follar, Osmanl\u0131lar gibi zengin k\u00fclt\u00fcre sahip g\u00fc\u00e7l\u00fc devletlerin y\u00f6netimine girmi\u015f; dinlerin, dillerin, k\u00fclt\u00fcrlerin bulu\u015ftu\u011fu bir k\u00fclt\u00fcr mozai\u011fi olmu\u015f. Labirenti and\u0131ran ge\u00e7itlerle u\u00e7urum alt\u0131na in\u015fa edilen ta\u015f evleri, tarihi merkezinde yer alan medreseleri, kiliseleri, manast\u0131rlar\u0131, camileriyle bir film sahnesi gibi.<\/p>\n<p>\u201cBa\u015f d\u00f6nd\u00fcr\u00fcc\u00fc Mardin, Suriye \u00e7\u00f6l\u00fcne yukar\u0131dan bakan parlak ta\u00e7 gibi bir tepede yer al\u0131r\u201d diye ge\u00e7iyor kitapta. Mezopotamya\u2019ya \u201cTepeden Bakan \u015eehir\u201d olarak da adland\u0131r\u0131lan Mardin; mimari, etnografik, arkeolojik, tarihi ve estetik de\u011ferleriyle do\u011fudaki masals\u0131 \u015fehirlerden biri olma \u00f6zelli\u011fini g\u00fcn\u00fcm\u00fczde dahi korumay\u0131 ba\u015far\u0131yor.\u00a0 \u015eehrin \u0130pek Yolu d\u00f6neminden kalan han ve kervansaraylar\u0131, sanatsal ve tarihi \u00f6zelliklere sahip geleneksel evleri, konaklar\u0131, kaleleri, camileri, t\u00fcrbeleri, kiliseleri, manast\u0131rlar\u0131 ve civardaki ma\u011faralar\u0131 ziyaret\u00e7ilerine bamba\u015fka bir d\u00fcnya sunuyor.<\/p>\n<p>Mezopotamya k\u00fclt\u00fcr ve mimarisini her ad\u0131mda hissetti\u011finiz, bir\u00e7ok etnik grup ve farkl\u0131 dine ev sahipli\u011fi yapan Mardin&#8217;de; <strong>K\u0131rklar Manast\u0131r\u0131<\/strong>&#8216;n\u0131, <strong>Meryem Ana Kilisesi<\/strong>&#8216;ni, S\u00fcryani k\u00fclt\u00fcr\u00fcn\u00fcn en \u00f6nemli yap\u0131lar\u0131ndan <strong>Deyr\u00fclzaferan Manast\u0131r\u0131 <\/strong>ve\u00a0<strong>Mor Gabriel Manast\u0131r\u0131&#8217;n\u0131 <\/strong>(Deyrulumur Manast\u0131r\u0131), \u0130slam mimarisinin en karakteristik \u00f6rneklerinden olan <strong>Tahsiniye Medresesi<\/strong> ve <strong>Zinciriye Medresesi<\/strong>&#8216;ni, Mardin&#8217;e 30 km mesafedeki tarihte Yukar\u0131 Mezopotamya&#8217;n\u0131n en \u00f6nemli yerle\u015fim yerlerinden birisi olan <strong>Dara Antik Kenti<\/strong>&#8216;ni mutlaka g\u00f6rmelisiniz.<\/p>\n<p><img loading=\"lazy\" decoding=\"async\" class=\"alignnone wp-image-10323\" src=\"https:\/\/julesverne.com.tr\/wp-content\/uploads\/2021\/08\/gobeklitepe_shutterstock_1336353515-500x334.jpg\" alt=\"\" width=\"1200\" height=\"800\" srcset=\"https:\/\/julesverne.com.tr\/wp-content\/uploads\/2021\/08\/gobeklitepe_shutterstock_1336353515-500x334.jpg 500w, https:\/\/julesverne.com.tr\/wp-content\/uploads\/2021\/08\/gobeklitepe_shutterstock_1336353515-768x512.jpg 768w, https:\/\/julesverne.com.tr\/wp-content\/uploads\/2021\/08\/gobeklitepe_shutterstock_1336353515.jpg 1000w\" sizes=\"(max-width: 1200px) 100vw, 1200px\" \/><\/p>\n<h1><strong>G\u00f6beklitepe<\/strong><\/h1>\n<p>D\u00fcnyan\u0131n bilinen tarihini de\u011fi\u015ftirecek buluntular\u0131yla t\u00fcm d\u00fcnyan\u0131n ilgisini \u00e7eken G\u00f6beklitepe, \u015fa\u015f\u0131rt\u0131c\u0131 an\u0131tsal mimarisiyle 2018 y\u0131l\u0131nda <strong>UNESCO D\u00fcnya Miras\u0131 Listes<\/strong>i&#8217;ne girdi. T\u00fcrkiye&#8217;de de &#8220;2019 G\u00f6beklitepe Y\u0131l\u0131\u201d ilan edildi.<\/p>\n<p>Yakla\u015f\u0131k 12 bin y\u0131ll\u0131k ge\u00e7mi\u015fiyle insanl\u0131k tarihini de\u011fi\u015ftiren; d\u00fcnyan\u0131n bilinen en eski ve en b\u00fcy\u00fck tap\u0131nma (k\u00fclt) merkezi say\u0131lan G\u00f6beklitepe ile dinsel inan\u0131\u015f\u0131n yerle\u015fik ya\u015fama ge\u00e7i\u015fteki etkisi kan\u0131tland\u0131. Avc\u0131-toplay\u0131c\u0131 ya\u015fam\u0131, tar\u0131m ve hayvanc\u0131l\u0131\u011fa ge\u00e7i\u015fi, tapmak mimarisi ve sanat\u0131n do\u011fu\u015funu anlamam\u0131za \u00f6nemli katk\u0131lar sa\u011flad\u0131.<\/p>\n<p>G\u00f6beklitepe&#8217;deki en ilgin\u00e7 buluntular, boyu 6 metreyi, a\u011f\u0131rl\u0131\u011f\u0131 40 tonu bulabilen &#8216;T&#8217; formlu an\u0131tsal dikilita\u015flard\u0131r (Steller). Bu gizemli dikilita\u015flar\u0131n 10-12 tanesi dairesel planda dizilerek aralar\u0131 ta\u015f duvarlar ile \u00f6r\u00fclm\u00fc\u015ft\u00fcr. Ortadaki bir \u00e7ift kar\u015f\u0131l\u0131kl\u0131 b\u00fcy\u00fck dikilita\u015f ile \u00e7evresindeki dikilita\u015flar yuvarlak ya da oval kapal\u0131 mek\u00e2nlar olu\u015fturur. Kaz\u0131lar neticesinde bu mekanlar\u0131n alt\u0131 tanesi ortaya \u00e7\u0131kar\u0131lm\u0131\u015f olsa da jeomanyetik \u00f6l\u00e7\u00fcmlerle bu mekanlar\u0131n 20&#8217;yi buldu\u011fu biliniyor.<\/p>\n<p>G\u00f6beklitepe&#8217;ye gelmi\u015fken \u015eanl\u0131urfa Arkeoloji M\u00fczesi&#8217;ni de mutlaka ziyaret etmenizi \u00f6neririz. G\u00f6beklitepe kaz\u0131lar\u0131ndan \u00e7\u0131kan g\u00f6rkemli sanat eserleri ve heykelcikler burada sergileniyor. Ayr\u0131ca G\u00f6beklitepe&#8217;nin etkileyici bir replikas\u0131 da ayr\u0131 bir b\u00f6l\u00fcmde ziyaret\u00e7ilerini bekliyor.<\/p>\n<p><img loading=\"lazy\" decoding=\"async\" class=\"alignnone size-full wp-image-8493\" src=\"https:\/\/julesverne.com.tr\/wp-content\/uploads\/2021\/05\/sumela-3.jpg\" alt=\"\" width=\"1200\" height=\"800\" srcset=\"https:\/\/julesverne.com.tr\/wp-content\/uploads\/2021\/05\/sumela-3.jpg 1200w, https:\/\/julesverne.com.tr\/wp-content\/uploads\/2021\/05\/sumela-3-500x333.jpg 500w, https:\/\/julesverne.com.tr\/wp-content\/uploads\/2021\/05\/sumela-3-768x512.jpg 768w\" sizes=\"(max-width: 1200px) 100vw, 1200px\" \/><\/p>\n<h2><strong>S\u00fcmela Manast\u0131r\u0131<\/strong><\/h2>\n<p>Trabzon\u2019un en \u00f6nemli simgelerinden biri olan; denizden 1150, vadiden 300 metre y\u00fcksekteki S\u00fcmela Manast\u0131r\u0131 <strong>UNESCO \u201cD\u00fcnya K\u00fclt\u00fcr Miras\u0131 Ge\u00e7ici Listesi\u201d<\/strong>nde yer al\u0131yor. Da\u011fa yap\u0131\u015fm\u0131\u015f gibi g\u00f6r\u00fcnen manast\u0131r, yasland\u0131\u011f\u0131 do\u011fan\u0131n g\u00fczelli\u011fiyle nefes kesiyor. Tam ad\u0131 Panagia Sumela (S\u00fcmela Meryemi) veya Theotokos Sumela ancak \u201cMeryem Ana\u201d diye de biliniyor. Alt\u0131ndere Vadisi\u2019nden yakla\u015f\u0131k 300 metre y\u00fcksekte yer alan bu Rum Ortodoks manast\u0131r ve kilise kompleksi; \u00f6\u011frenci odalar\u0131, mutfak, k\u00fct\u00fcphane ve bir\u00e7ok \u015fapelden olu\u015fuyor.<\/p>\n<p>Eyl\u00fcl 2015\u2019te ba\u015flayan yakla\u015f\u0131k 3,5 y\u0131l s\u00fcren restorasyon ve \u00e7evre d\u00fczenlemesinde su kemerleri ve manast\u0131ra \u00e7\u0131kan merdivenler kullan\u0131l\u0131r hale getirildi. Yakla\u015f\u0131k 4 bin ton kaya temizlendi ve 300 metrelik y\u00fcr\u00fcy\u00fc\u015f yolu d\u00fczenlendi. Ayr\u0131ca \u201cCennet ve Cehennem\u201d ve \u201c\u00d6l\u00fcm ve Ya\u015fam\u201d tasvirli fresklerin oldu\u011fu gizli ge\u00e7itle ula\u015f\u0131lan bir \u015fapelin yan\u0131 s\u0131ra, \u201c\u00c7ile Odas\u0131\u201d ve ileri karakol g\u00f6revi yapan \u201cG\u00f6zetleme \u015eapeli\u201d de ortaya \u00e7\u0131kar\u0131ld\u0131.<\/p>\n<p>Manast\u0131r\u0131n i\u00e7inde bulundu\u011fu <strong>Alt\u0131ndere Vadisi<\/strong>\u2019ndeki milli park tesislerini mutlaka ziyaret etmelisiniz. Yine ayn\u0131 vadide bulunan, S\u00fcmela manast\u0131r\u0131ndan daha \u00f6nce kurulan ve Yahya Peygambere adanm\u0131\u015f <strong>\u201cVazelon Manast\u0131r\u0131\u201d<\/strong> da ilgiyi kak ediyor. Trabzon&#8217;da Ma\u015fatl\u0131k mevkiinde, Anadolu&#8217;da s\u0131k\u00e7a rastlan\u0131lan Kapadokya kiliseleri tarz\u0131nda bir ma\u011fara kilise daha oldu\u011funu da hat\u0131rlatal\u0131m.<\/p>\n<p><img loading=\"lazy\" decoding=\"async\" class=\"alignnone wp-image-7672\" src=\"https:\/\/julesverne.com.tr\/wp-content\/uploads\/2021\/03\/kapadokya_shutterstock_652927309-1-500x334.jpg\" alt=\"\" width=\"1200\" height=\"800\" srcset=\"https:\/\/julesverne.com.tr\/wp-content\/uploads\/2021\/03\/kapadokya_shutterstock_652927309-1-500x334.jpg 500w, https:\/\/julesverne.com.tr\/wp-content\/uploads\/2021\/03\/kapadokya_shutterstock_652927309-1-768x512.jpg 768w, https:\/\/julesverne.com.tr\/wp-content\/uploads\/2021\/03\/kapadokya_shutterstock_652927309-1.jpg 1000w\" sizes=\"(max-width: 1200px) 100vw, 1200px\" \/><\/p>\n<h1><strong>Kapadokya<\/strong><\/h1>\n<p>K\u0131z\u0131l\u0131n, kahverenginin, \u00fcz\u00fcm ba\u011flar\u0131n\u0131n, geni\u015f vadilerin, binlerce y\u0131lda olu\u015fmu\u015f do\u011fa harikalar\u0131n\u0131n, ma\u011fara evlerinin, yeralt\u0131 \u015fehirlerinin, manast\u0131rlar\u0131n, g\u00f6\u011f\u00fcn biblolar\u0131 olan s\u0131cak hava balonlar\u0131n\u0131n ve tarihin kalbinin att\u0131\u011f\u0131 yer Kapadokya. Kalkolitik d\u00f6neme kadar uzanan insan izleriyle uzun y\u0131llard\u0131r ya\u015fam\u0131n oldu\u011fu Kapadokya, Erciyes Da\u011f\u0131 ve Hasan Da\u011f\u0131\u2019ndan p\u00fcsk\u00fcren lavlar\u0131n zaman i\u00e7erisinde erozyona u\u011framas\u0131yla bug\u00fcnk\u00fc do\u011fa\u00fcst\u00fc manzaraya kavu\u015fmu\u015f.<\/p>\n<p>\u00dcrg\u00fcp ve G\u00f6reme \u00e7evresinde s\u0131k\u00e7a g\u00f6r\u00fclen, diren\u00e7li kayalar\u0131n, altlar\u0131ndaki daha dayan\u0131ks\u0131z tabakay\u0131 suyun a\u015f\u0131nd\u0131rmas\u0131na kar\u015f\u0131 korumas\u0131yla olu\u015fan <strong>Peribacalar\u0131<\/strong> ger\u00e7ek ile r\u00fcya aras\u0131nda bir his uyand\u0131r\u0131yor. Do\u011fal olu\u015fumlar\u0131 ve peri bacalar\u0131yla d\u00fcnya \u00e7ap\u0131nda \u00fcne sahip olan b\u00f6lge, 7 \u2013 13. Y\u00fczy\u0131l aral\u0131\u011f\u0131nda bask\u0131lardan ka\u00e7an Hristiyanlar\u0131n s\u0131\u011f\u0131na\u011f\u0131 olmu\u015f ve dini bir merkez haline gelmi\u015f. Kayal\u0131klar\u0131 oyarak yarat\u0131lan farkl\u0131 mekanlar bug\u00fcn tarihin bir\u00e7ok sayfas\u0131na \u0131\u015f\u0131k tutuyor.<\/p>\n<p>Tarihi 60 milyon y\u0131la dayanan ve bu k\u00f6kl\u00fc tarihin yan\u0131nda getirdi\u011fi olgunlu\u011fu sanat eserlerine d\u00f6n\u00fc\u015ft\u00fcrm\u00fc\u015f olan G\u00fczel Atlar \u00dclkesi; volkanik aktiviteleri, r\u00fczgar\u0131, kar\u0131, ya\u011fmuru ve daha pek \u00e7ok etkeni bir ressam\u0131n f\u0131r\u00e7as\u0131 gibi kullan\u0131p do\u011fal sanat eserleri \u00fcretmi\u015f. Zelve, Pa\u015faba\u011f ve \u00dcrg\u00fcp&#8217;\u00fc cennete \u00e7eviren <strong>Peri Bacalar\u0131<\/strong>; G\u00fcvercinler i\u00e7in tek tek el ile oyularak in\u015fa edilmi\u015f <strong>G\u00fcvercinler Vadisi<\/strong>; <strong>Ihlara Vadisi<\/strong>; <strong>Barbara Kilisesi<\/strong>, <strong>Elmal\u0131 ve Tokal\u0131 Kiliseleri<\/strong> bu topraklarda derin bir tarih ve k\u00fclt\u00fcr \u00e7e\u015fitlili\u011fi oldu\u011funu g\u00f6steriyor.<\/p>\n<p><img loading=\"lazy\" decoding=\"async\" class=\"alignnone wp-image-10325\" src=\"https:\/\/julesverne.com.tr\/wp-content\/uploads\/2021\/09\/misir-carsisi_shutterstock_1258751899-500x334.jpg\" alt=\"\" width=\"1200\" height=\"800\" srcset=\"https:\/\/julesverne.com.tr\/wp-content\/uploads\/2021\/09\/misir-carsisi_shutterstock_1258751899-500x334.jpg 500w, https:\/\/julesverne.com.tr\/wp-content\/uploads\/2021\/09\/misir-carsisi_shutterstock_1258751899-768x512.jpg 768w, https:\/\/julesverne.com.tr\/wp-content\/uploads\/2021\/09\/misir-carsisi_shutterstock_1258751899.jpg 1000w\" sizes=\"(max-width: 1200px) 100vw, 1200px\" \/><\/p>\n<h1><strong>M\u0131s\u0131r \u00c7ar\u015f\u0131s\u0131<\/strong><\/h1>\n<p>Kuruldu\u011fu tarihten g\u00fcn\u00fcm\u00fcze bir liman kenti olmas\u0131n\u0131n da etkisiyle her d\u00f6nemde \u00f6nemli ticaret merkezlerinden biri olma \u00f6zelli\u011fini koruyan \u0130stanbul\u2019un bug\u00fcne ula\u015fan en \u00f6nemli tarihi ve turistik ticaret merkezlerinden olan M\u0131s\u0131r \u00c7ar\u015f\u0131s\u0131, yerli ve yabanc\u0131 turistler ba\u015fta olmak \u00fczere her g\u00fcn binlerce ziyaret\u00e7iyi a\u011f\u0131rl\u0131yor. Kitapta \u201cB\u00fcy\u00fck Pazarlar\u201d b\u00f6l\u00fcm\u00fcnde yer alan, aktarlar\u0131 ile me\u015fhur olan \u00e7ar\u015f\u0131da; baharat, \u00e7i\u00e7ek tohumlar\u0131, bitki k\u00f6kleri, kuruyemi\u015f, \u015fekerleme ve \u015fark\u00fcteri \u00fcr\u00fcnleri gibi say\u0131s\u0131z \u015fey bulabilirsiniz.<\/p>\n<p>M\u0131s\u0131r \u00c7ar\u015f\u0131s\u0131, ilk yap\u0131ld\u0131\u011f\u0131nda 17. y\u00fczy\u0131l vakan\u00fcvisleri taraf\u0131ndan \u2018Yeni \u00c7ar\u015f\u0131\u2019 ve \u2018Valide \u00c7ar\u015f\u0131s\u0131\u2019 adlar\u0131 ile an\u0131lm\u0131\u015f, ancak burada bulunan d\u00fckk\u00e2nlarda sat\u0131lan mamullerin \u00e7o\u011funlukla M\u0131s\u0131r\u2019dan gelen e\u015fya ve baharatlar olmas\u0131 nedeniyle 18. y\u00fczy\u0131l\u0131n ortalar\u0131ndan itibaren \u2018M\u0131s\u0131r \u00c7ar\u015f\u0131s\u0131\u2019 ad\u0131yla an\u0131lmaya ba\u015flanm\u0131\u015f. \u0130lk y\u0131llar\u0131nda aktar ve pamuk\u00e7u esnaf\u0131na tahsis edilen \u00e7ar\u015f\u0131da \u00fc\u00e7\u00fc aktarlara, \u00fc\u00e7\u00fc de pamuk\u00e7u esnaf\u0131na tahsis edilmi\u015f toplam alt\u0131 adet kap\u0131 bulunuyor. Bug\u00fcn b\u00f6yle bir ayr\u0131m\u0131n kalmam\u0131\u015f olmas\u0131na ra\u011fmen kap\u0131 isimleri hala Bal\u0131k Pazar\u0131, Has\u0131rc\u0131lar, Ketenciler, Yeni Camii, Haseki ve \u00c7i\u00e7ek Pazar\u0131 kap\u0131lar\u0131 olarak kullan\u0131l\u0131yor.<\/p>\n<p>Her g\u00fcn 30-40 bin civar\u0131nda ziyaret\u00e7iyi a\u011f\u0131rlayan M\u0131s\u0131r \u00c7ar\u015f\u0131s\u0131\u2019nda 113 d\u00fckk\u00e2n bulunuyor. A\u011f\u0131rl\u0131kl\u0131 olarak baharat ve lokum \u00e7e\u015fitlerinin sat\u0131ld\u0131\u011f\u0131 d\u00fckk\u00e2nlar aras\u0131nda kuyumcu, g\u0131da ve hediyelik e\u015fya d\u00fckkanlar\u0131 da yer al\u0131yor. Ahilik gelene\u011finin s\u00fcrd\u00fcr\u00fcld\u00fc\u011f\u00fc \u00e7ar\u015f\u0131n\u0131n esnaf\u0131 yard\u0131mla\u015fma ve dayan\u0131\u015fma i\u00e7erisinde \u00e7al\u0131\u015fmaya devam ediyor. 400 y\u0131ld\u0131r \u0130stanbul\u2019un ticaret merkezlerinden olma \u00f6zelli\u011fini koruyan M\u0131s\u0131r \u00c7ar\u015f\u0131s\u0131, 29 Ekim Cumhuriyet Bayram\u0131 ve dini bayramlar haricinde 08.00-19.30 aras\u0131nda ziyaret\u00e7ilerini bekliyor.<\/p>\n<p style=\"text-align: center;\"><strong>Size \u00f6zel seyahat planlamas\u0131 ve sorular\u0131n\u0131z i\u00e7in:<\/strong><br \/>\n<a href=\"mailto:Travel@julesverne.com.tr\"><strong>Travel@julesverne.com.tr<\/strong><\/a><\/p>\n<div dir=\"auto\"><\/div>\n<p>&nbsp;<\/p>\n<p>&nbsp;<\/p>\n<h3><\/h3>\n<h3><\/h3>\n<h3><\/h3>\n<p><strong>\u00a0<\/strong><\/p>\n<p>&nbsp;<\/p>\n<p><strong>\u00a0<\/strong><\/p>\n","protected":false},"excerpt":{"rendered":"<p>Tarih boyunca bir\u00e7ok medeniyete ev sahipli\u011fi yapan T\u00fcrkiye, gerek do\u011fal gerekse tarihi g\u00fczellikleriyle d\u00fcnyan\u0131n en g\u00f6z al\u0131c\u0131 \u00fclkelerinden bir tanesi. Co\u011frafi konumuyla d\u00fcnyan\u0131n en \u00f6nemli ge\u00e7i\u015f g\u00fczergahlar\u0131ndan biri olan Anadolu topraklar\u0131n\u0131n her k\u00f6\u015fesinde ke\u015ffedilmeyi bekleyen bamba\u015fka bir hazine yat\u0131yor. National Geographic, d\u00fcnyadaki en inan\u0131lmaz b\u00f6lgelerin kapsaml\u0131 bir rehberi niteli\u011fini ta\u015f\u0131yan &#8220;\u00d6lmeden \u00d6nce G\u00f6r\u00fclmesi Gereken Yerler&#8221; [&hellip;]<\/p>\n","protected":false},"author":10,"featured_media":4773,"comment_status":"closed","ping_status":"closed","sticky":false,"template":"","format":"standard","meta":{"inline_featured_image":false,"footnotes":""},"categories":[38,1,39],"tags":[137,77,73,129],"acf":[],"yoast_head":"<!-- This site is optimized with the Yoast SEO plugin v22.3 - https:\/\/yoast.com\/wordpress\/plugins\/seo\/ -->\n<title>\u00d6lmeden \u00d6nce Mutlaka G\u00f6r\u00fclmesi Gereken T\u00fcrkiye\u2019deki 6 Muhte\u015fem Yer - JULES VERNE BUSINESS MICE TRAVEL<\/title>\n<meta name=\"description\" content=\"Tarih boyunca bir\u00e7ok medeniyete ev sahipli\u011fi yapan T\u00fcrkiye, gerek do\u011fal gerekse tarihi g\u00fczellikleriyle d\u00fcnyan\u0131n en g\u00f6z al\u0131c\u0131 \u00fclkelerinden bir tanesi. Co\u011frafi konumuyla d\u00fcnyan\u0131n en \u00f6nemli ge\u00e7i\u015f g\u00fczergahlar\u0131ndan biri olan Anadolu topraklar\u0131n\u0131n her k\u00f6\u015fesinde ke\u015ffedilmeyi bekleyen bamba\u015fka bir hazine yat\u0131yor.\" \/>\n<meta name=\"robots\" content=\"index, follow, max-snippet:-1, max-image-preview:large, max-video-preview:-1\" \/>\n<link rel=\"canonical\" href=\"https:\/\/julesverne.com.tr\/travel-blog\/olmeden-once-mutlaka-gorulmesi-gereken-turkiyedeki-6-muhtesem-yer\/\" \/>\n<meta property=\"og:locale\" content=\"en_US\" \/>\n<meta property=\"og:type\" content=\"article\" \/>\n<meta property=\"og:title\" content=\"\u00d6lmeden \u00d6nce Mutlaka G\u00f6r\u00fclmesi Gereken T\u00fcrkiye\u2019deki 6 Muhte\u015fem Yer - JULES VERNE BUSINESS MICE TRAVEL\" \/>\n<meta property=\"og:description\" content=\"Tarih boyunca bir\u00e7ok medeniyete ev sahipli\u011fi yapan T\u00fcrkiye, gerek do\u011fal gerekse tarihi g\u00fczellikleriyle d\u00fcnyan\u0131n en g\u00f6z al\u0131c\u0131 \u00fclkelerinden bir tanesi. Co\u011frafi konumuyla d\u00fcnyan\u0131n en \u00f6nemli ge\u00e7i\u015f g\u00fczergahlar\u0131ndan biri olan Anadolu topraklar\u0131n\u0131n her k\u00f6\u015fesinde ke\u015ffedilmeyi bekleyen bamba\u015fka bir hazine yat\u0131yor.\" \/>\n<meta property=\"og:url\" content=\"https:\/\/julesverne.com.tr\/travel-blog\/olmeden-once-mutlaka-gorulmesi-gereken-turkiyedeki-6-muhtesem-yer\/\" \/>\n<meta property=\"og:site_name\" content=\"JULES VERNE BUSINESS MICE TRAVEL\" \/>\n<meta property=\"article:publisher\" content=\"https:\/\/www.facebook.com\/JulesVerneBusinessMiceTravel\/\" \/>\n<meta property=\"article:published_time\" content=\"2021-09-02T09:32:41+00:00\" \/>\n<meta property=\"article:modified_time\" content=\"2021-09-02T14:13:38+00:00\" \/>\n<meta property=\"og:image\" content=\"https:\/\/julesverne.com.tr\/wp-content\/uploads\/2020\/09\/mardin_kapak-1.jpg\" \/>\n\t<meta property=\"og:image:width\" content=\"1000\" \/>\n\t<meta property=\"og:image:height\" content=\"667\" \/>\n\t<meta property=\"og:image:type\" content=\"image\/jpeg\" \/>\n<meta name=\"author\" content=\"Ebru Alt\u0131n\" \/>\n<meta name=\"twitter:card\" content=\"summary_large_image\" \/>\n<meta name=\"twitter:creator\" content=\"@JV_BusinessMice\" \/>\n<meta name=\"twitter:site\" content=\"@JV_BusinessMice\" \/>\n<meta name=\"twitter:label1\" content=\"Written by\" \/>\n\t<meta name=\"twitter:data1\" content=\"Ebru Alt\u0131n\" \/>\n\t<meta name=\"twitter:label2\" content=\"Est. reading time\" \/>\n\t<meta name=\"twitter:data2\" content=\"7 minutes\" \/>\n<script type=\"application\/ld+json\" class=\"yoast-schema-graph\">{\"@context\":\"https:\/\/schema.org\",\"@graph\":[{\"@type\":\"Article\",\"@id\":\"https:\/\/julesverne.com.tr\/travel-blog\/olmeden-once-mutlaka-gorulmesi-gereken-turkiyedeki-6-muhtesem-yer\/#article\",\"isPartOf\":{\"@id\":\"https:\/\/julesverne.com.tr\/travel-blog\/olmeden-once-mutlaka-gorulmesi-gereken-turkiyedeki-6-muhtesem-yer\/\"},\"author\":{\"name\":\"Ebru Alt\u0131n\",\"@id\":\"https:\/\/julesverne.com.tr\/#\/schema\/person\/219931edfe2e7d9cbbcbabb8a7e4c7f4\"},\"headline\":\"\u00d6lmeden \u00d6nce Mutlaka G\u00f6r\u00fclmesi Gereken T\u00fcrkiye\u2019deki 6 Muhte\u015fem Yer\",\"datePublished\":\"2021-09-02T09:32:41+00:00\",\"dateModified\":\"2021-09-02T14:13:38+00:00\",\"mainEntityOfPage\":{\"@id\":\"https:\/\/julesverne.com.tr\/travel-blog\/olmeden-once-mutlaka-gorulmesi-gereken-turkiyedeki-6-muhtesem-yer\/\"},\"wordCount\":1842,\"publisher\":{\"@id\":\"https:\/\/julesverne.com.tr\/#organization\"},\"image\":{\"@id\":\"https:\/\/julesverne.com.tr\/travel-blog\/olmeden-once-mutlaka-gorulmesi-gereken-turkiyedeki-6-muhtesem-yer\/#primaryimage\"},\"thumbnailUrl\":\"https:\/\/julesverne.com.tr\/wp-content\/uploads\/2020\/09\/mardin_kapak-1.jpg\",\"keywords\":[\"Blog\",\"\u0130lham Veren Destinasyonlar\",\"Nereye Gitsek\",\"T\u00fcrkiye\"],\"articleSection\":[\"\u0130lham Veren Destinasyonlar\",\"Blog\",\"Nereye Gitsek?\"],\"inLanguage\":\"en-US\"},{\"@type\":\"WebPage\",\"@id\":\"https:\/\/julesverne.com.tr\/travel-blog\/olmeden-once-mutlaka-gorulmesi-gereken-turkiyedeki-6-muhtesem-yer\/\",\"url\":\"https:\/\/julesverne.com.tr\/travel-blog\/olmeden-once-mutlaka-gorulmesi-gereken-turkiyedeki-6-muhtesem-yer\/\",\"name\":\"\u00d6lmeden \u00d6nce Mutlaka G\u00f6r\u00fclmesi Gereken T\u00fcrkiye\u2019deki 6 Muhte\u015fem Yer - JULES VERNE BUSINESS MICE TRAVEL\",\"isPartOf\":{\"@id\":\"https:\/\/julesverne.com.tr\/#website\"},\"primaryImageOfPage\":{\"@id\":\"https:\/\/julesverne.com.tr\/travel-blog\/olmeden-once-mutlaka-gorulmesi-gereken-turkiyedeki-6-muhtesem-yer\/#primaryimage\"},\"image\":{\"@id\":\"https:\/\/julesverne.com.tr\/travel-blog\/olmeden-once-mutlaka-gorulmesi-gereken-turkiyedeki-6-muhtesem-yer\/#primaryimage\"},\"thumbnailUrl\":\"https:\/\/julesverne.com.tr\/wp-content\/uploads\/2020\/09\/mardin_kapak-1.jpg\",\"datePublished\":\"2021-09-02T09:32:41+00:00\",\"dateModified\":\"2021-09-02T14:13:38+00:00\",\"description\":\"Tarih boyunca bir\u00e7ok medeniyete ev sahipli\u011fi yapan T\u00fcrkiye, gerek do\u011fal gerekse tarihi g\u00fczellikleriyle d\u00fcnyan\u0131n en g\u00f6z al\u0131c\u0131 \u00fclkelerinden bir tanesi. Co\u011frafi konumuyla d\u00fcnyan\u0131n en \u00f6nemli ge\u00e7i\u015f g\u00fczergahlar\u0131ndan biri olan Anadolu topraklar\u0131n\u0131n her k\u00f6\u015fesinde ke\u015ffedilmeyi bekleyen bamba\u015fka bir hazine yat\u0131yor.\",\"breadcrumb\":{\"@id\":\"https:\/\/julesverne.com.tr\/travel-blog\/olmeden-once-mutlaka-gorulmesi-gereken-turkiyedeki-6-muhtesem-yer\/#breadcrumb\"},\"inLanguage\":\"en-US\",\"potentialAction\":[{\"@type\":\"ReadAction\",\"target\":[\"https:\/\/julesverne.com.tr\/travel-blog\/olmeden-once-mutlaka-gorulmesi-gereken-turkiyedeki-6-muhtesem-yer\/\"]}]},{\"@type\":\"ImageObject\",\"inLanguage\":\"en-US\",\"@id\":\"https:\/\/julesverne.com.tr\/travel-blog\/olmeden-once-mutlaka-gorulmesi-gereken-turkiyedeki-6-muhtesem-yer\/#primaryimage\",\"url\":\"https:\/\/julesverne.com.tr\/wp-content\/uploads\/2020\/09\/mardin_kapak-1.jpg\",\"contentUrl\":\"https:\/\/julesverne.com.tr\/wp-content\/uploads\/2020\/09\/mardin_kapak-1.jpg\",\"width\":1000,\"height\":667,\"caption\":\"Mardin\"},{\"@type\":\"BreadcrumbList\",\"@id\":\"https:\/\/julesverne.com.tr\/travel-blog\/olmeden-once-mutlaka-gorulmesi-gereken-turkiyedeki-6-muhtesem-yer\/#breadcrumb\",\"itemListElement\":[{\"@type\":\"ListItem\",\"position\":1,\"name\":\"Anasayfa\",\"item\":\"https:\/\/julesverne.com.tr\/\"},{\"@type\":\"ListItem\",\"position\":2,\"name\":\"\u00d6lmeden \u00d6nce Mutlaka G\u00f6r\u00fclmesi Gereken T\u00fcrkiye\u2019deki 6 Muhte\u015fem Yer\"}]},{\"@type\":\"WebSite\",\"@id\":\"https:\/\/julesverne.com.tr\/#website\",\"url\":\"https:\/\/julesverne.com.tr\/\",\"name\":\"JULES VERNE BUSINESS MICE TRAVEL\",\"description\":\"\",\"publisher\":{\"@id\":\"https:\/\/julesverne.com.tr\/#organization\"},\"potentialAction\":[{\"@type\":\"SearchAction\",\"target\":{\"@type\":\"EntryPoint\",\"urlTemplate\":\"https:\/\/julesverne.com.tr\/?s={search_term_string}\"},\"query-input\":\"required name=search_term_string\"}],\"inLanguage\":\"en-US\"},{\"@type\":\"Organization\",\"@id\":\"https:\/\/julesverne.com.tr\/#organization\",\"name\":\"JULES VERNE BUSINESS MICE TRAVEL\",\"url\":\"https:\/\/julesverne.com.tr\/\",\"logo\":{\"@type\":\"ImageObject\",\"inLanguage\":\"en-US\",\"@id\":\"https:\/\/julesverne.com.tr\/#\/schema\/logo\/image\/\",\"url\":\"https:\/\/julesverne.com.tr\/wp-content\/uploads\/2020\/09\/jv-bmt-logo.png\",\"contentUrl\":\"https:\/\/julesverne.com.tr\/wp-content\/uploads\/2020\/09\/jv-bmt-logo.png\",\"width\":110,\"height\":81,\"caption\":\"JULES VERNE BUSINESS MICE TRAVEL\"},\"image\":{\"@id\":\"https:\/\/julesverne.com.tr\/#\/schema\/logo\/image\/\"},\"sameAs\":[\"https:\/\/www.facebook.com\/JulesVerneBusinessMiceTravel\/\",\"https:\/\/twitter.com\/JV_BusinessMice\",\"https:\/\/www.instagram.com\/julesvernebusinessmicetravel\/\",\"https:\/\/www.linkedin.com\/company\/julesvernebusinessmicetravel\/\",\"https:\/\/www.youtube.com\/channel\/UCAwdsmbZ6tFhu1tea6pkpiw\"]},{\"@type\":\"Person\",\"@id\":\"https:\/\/julesverne.com.tr\/#\/schema\/person\/219931edfe2e7d9cbbcbabb8a7e4c7f4\",\"name\":\"Ebru Alt\u0131n\",\"url\":\"https:\/\/julesverne.com.tr\/en\/author\/ebru-altin\/\"}]}<\/script>\n<!-- \/ Yoast SEO plugin. -->","yoast_head_json":{"title":"\u00d6lmeden \u00d6nce Mutlaka G\u00f6r\u00fclmesi Gereken T\u00fcrkiye\u2019deki 6 Muhte\u015fem Yer - JULES VERNE BUSINESS MICE TRAVEL","description":"Tarih boyunca bir\u00e7ok medeniyete ev sahipli\u011fi yapan T\u00fcrkiye, gerek do\u011fal gerekse tarihi g\u00fczellikleriyle d\u00fcnyan\u0131n en g\u00f6z al\u0131c\u0131 \u00fclkelerinden bir tanesi. Co\u011frafi konumuyla d\u00fcnyan\u0131n en \u00f6nemli ge\u00e7i\u015f g\u00fczergahlar\u0131ndan biri olan Anadolu topraklar\u0131n\u0131n her k\u00f6\u015fesinde ke\u015ffedilmeyi bekleyen bamba\u015fka bir hazine yat\u0131yor.","robots":{"index":"index","follow":"follow","max-snippet":"max-snippet:-1","max-image-preview":"max-image-preview:large","max-video-preview":"max-video-preview:-1"},"canonical":"https:\/\/julesverne.com.tr\/travel-blog\/olmeden-once-mutlaka-gorulmesi-gereken-turkiyedeki-6-muhtesem-yer\/","og_locale":"en_US","og_type":"article","og_title":"\u00d6lmeden \u00d6nce Mutlaka G\u00f6r\u00fclmesi Gereken T\u00fcrkiye\u2019deki 6 Muhte\u015fem Yer - JULES VERNE BUSINESS MICE TRAVEL","og_description":"Tarih boyunca bir\u00e7ok medeniyete ev sahipli\u011fi yapan T\u00fcrkiye, gerek do\u011fal gerekse tarihi g\u00fczellikleriyle d\u00fcnyan\u0131n en g\u00f6z al\u0131c\u0131 \u00fclkelerinden bir tanesi. Co\u011frafi konumuyla d\u00fcnyan\u0131n en \u00f6nemli ge\u00e7i\u015f g\u00fczergahlar\u0131ndan biri olan Anadolu topraklar\u0131n\u0131n her k\u00f6\u015fesinde ke\u015ffedilmeyi bekleyen bamba\u015fka bir hazine yat\u0131yor.","og_url":"https:\/\/julesverne.com.tr\/travel-blog\/olmeden-once-mutlaka-gorulmesi-gereken-turkiyedeki-6-muhtesem-yer\/","og_site_name":"JULES VERNE BUSINESS MICE TRAVEL","article_publisher":"https:\/\/www.facebook.com\/JulesVerneBusinessMiceTravel\/","article_published_time":"2021-09-02T09:32:41+00:00","article_modified_time":"2021-09-02T14:13:38+00:00","og_image":[{"width":1000,"height":667,"url":"https:\/\/julesverne.com.tr\/wp-content\/uploads\/2020\/09\/mardin_kapak-1.jpg","type":"image\/jpeg"}],"author":"Ebru Alt\u0131n","twitter_card":"summary_large_image","twitter_creator":"@JV_BusinessMice","twitter_site":"@JV_BusinessMice","twitter_misc":{"Written by":"Ebru Alt\u0131n","Est. reading time":"7 minutes"},"schema":{"@context":"https:\/\/schema.org","@graph":[{"@type":"Article","@id":"https:\/\/julesverne.com.tr\/travel-blog\/olmeden-once-mutlaka-gorulmesi-gereken-turkiyedeki-6-muhtesem-yer\/#article","isPartOf":{"@id":"https:\/\/julesverne.com.tr\/travel-blog\/olmeden-once-mutlaka-gorulmesi-gereken-turkiyedeki-6-muhtesem-yer\/"},"author":{"name":"Ebru Alt\u0131n","@id":"https:\/\/julesverne.com.tr\/#\/schema\/person\/219931edfe2e7d9cbbcbabb8a7e4c7f4"},"headline":"\u00d6lmeden \u00d6nce Mutlaka G\u00f6r\u00fclmesi Gereken T\u00fcrkiye\u2019deki 6 Muhte\u015fem Yer","datePublished":"2021-09-02T09:32:41+00:00","dateModified":"2021-09-02T14:13:38+00:00","mainEntityOfPage":{"@id":"https:\/\/julesverne.com.tr\/travel-blog\/olmeden-once-mutlaka-gorulmesi-gereken-turkiyedeki-6-muhtesem-yer\/"},"wordCount":1842,"publisher":{"@id":"https:\/\/julesverne.com.tr\/#organization"},"image":{"@id":"https:\/\/julesverne.com.tr\/travel-blog\/olmeden-once-mutlaka-gorulmesi-gereken-turkiyedeki-6-muhtesem-yer\/#primaryimage"},"thumbnailUrl":"https:\/\/julesverne.com.tr\/wp-content\/uploads\/2020\/09\/mardin_kapak-1.jpg","keywords":["Blog","\u0130lham Veren Destinasyonlar","Nereye Gitsek","T\u00fcrkiye"],"articleSection":["\u0130lham Veren Destinasyonlar","Blog","Nereye Gitsek?"],"inLanguage":"en-US"},{"@type":"WebPage","@id":"https:\/\/julesverne.com.tr\/travel-blog\/olmeden-once-mutlaka-gorulmesi-gereken-turkiyedeki-6-muhtesem-yer\/","url":"https:\/\/julesverne.com.tr\/travel-blog\/olmeden-once-mutlaka-gorulmesi-gereken-turkiyedeki-6-muhtesem-yer\/","name":"\u00d6lmeden \u00d6nce Mutlaka G\u00f6r\u00fclmesi Gereken T\u00fcrkiye\u2019deki 6 Muhte\u015fem Yer - JULES VERNE BUSINESS MICE TRAVEL","isPartOf":{"@id":"https:\/\/julesverne.com.tr\/#website"},"primaryImageOfPage":{"@id":"https:\/\/julesverne.com.tr\/travel-blog\/olmeden-once-mutlaka-gorulmesi-gereken-turkiyedeki-6-muhtesem-yer\/#primaryimage"},"image":{"@id":"https:\/\/julesverne.com.tr\/travel-blog\/olmeden-once-mutlaka-gorulmesi-gereken-turkiyedeki-6-muhtesem-yer\/#primaryimage"},"thumbnailUrl":"https:\/\/julesverne.com.tr\/wp-content\/uploads\/2020\/09\/mardin_kapak-1.jpg","datePublished":"2021-09-02T09:32:41+00:00","dateModified":"2021-09-02T14:13:38+00:00","description":"Tarih boyunca bir\u00e7ok medeniyete ev sahipli\u011fi yapan T\u00fcrkiye, gerek do\u011fal gerekse tarihi g\u00fczellikleriyle d\u00fcnyan\u0131n en g\u00f6z al\u0131c\u0131 \u00fclkelerinden bir tanesi. Co\u011frafi konumuyla d\u00fcnyan\u0131n en \u00f6nemli ge\u00e7i\u015f g\u00fczergahlar\u0131ndan biri olan Anadolu topraklar\u0131n\u0131n her k\u00f6\u015fesinde ke\u015ffedilmeyi bekleyen bamba\u015fka bir hazine yat\u0131yor.","breadcrumb":{"@id":"https:\/\/julesverne.com.tr\/travel-blog\/olmeden-once-mutlaka-gorulmesi-gereken-turkiyedeki-6-muhtesem-yer\/#breadcrumb"},"inLanguage":"en-US","potentialAction":[{"@type":"ReadAction","target":["https:\/\/julesverne.com.tr\/travel-blog\/olmeden-once-mutlaka-gorulmesi-gereken-turkiyedeki-6-muhtesem-yer\/"]}]},{"@type":"ImageObject","inLanguage":"en-US","@id":"https:\/\/julesverne.com.tr\/travel-blog\/olmeden-once-mutlaka-gorulmesi-gereken-turkiyedeki-6-muhtesem-yer\/#primaryimage","url":"https:\/\/julesverne.com.tr\/wp-content\/uploads\/2020\/09\/mardin_kapak-1.jpg","contentUrl":"https:\/\/julesverne.com.tr\/wp-content\/uploads\/2020\/09\/mardin_kapak-1.jpg","width":1000,"height":667,"caption":"Mardin"},{"@type":"BreadcrumbList","@id":"https:\/\/julesverne.com.tr\/travel-blog\/olmeden-once-mutlaka-gorulmesi-gereken-turkiyedeki-6-muhtesem-yer\/#breadcrumb","itemListElement":[{"@type":"ListItem","position":1,"name":"Anasayfa","item":"https:\/\/julesverne.com.tr\/"},{"@type":"ListItem","position":2,"name":"\u00d6lmeden \u00d6nce Mutlaka G\u00f6r\u00fclmesi Gereken T\u00fcrkiye\u2019deki 6 Muhte\u015fem Yer"}]},{"@type":"WebSite","@id":"https:\/\/julesverne.com.tr\/#website","url":"https:\/\/julesverne.com.tr\/","name":"JULES VERNE BUSINESS MICE TRAVEL","description":"","publisher":{"@id":"https:\/\/julesverne.com.tr\/#organization"},"potentialAction":[{"@type":"SearchAction","target":{"@type":"EntryPoint","urlTemplate":"https:\/\/julesverne.com.tr\/?s={search_term_string}"},"query-input":"required name=search_term_string"}],"inLanguage":"en-US"},{"@type":"Organization","@id":"https:\/\/julesverne.com.tr\/#organization","name":"JULES VERNE BUSINESS MICE TRAVEL","url":"https:\/\/julesverne.com.tr\/","logo":{"@type":"ImageObject","inLanguage":"en-US","@id":"https:\/\/julesverne.com.tr\/#\/schema\/logo\/image\/","url":"https:\/\/julesverne.com.tr\/wp-content\/uploads\/2020\/09\/jv-bmt-logo.png","contentUrl":"https:\/\/julesverne.com.tr\/wp-content\/uploads\/2020\/09\/jv-bmt-logo.png","width":110,"height":81,"caption":"JULES VERNE BUSINESS MICE TRAVEL"},"image":{"@id":"https:\/\/julesverne.com.tr\/#\/schema\/logo\/image\/"},"sameAs":["https:\/\/www.facebook.com\/JulesVerneBusinessMiceTravel\/","https:\/\/twitter.com\/JV_BusinessMice","https:\/\/www.instagram.com\/julesvernebusinessmicetravel\/","https:\/\/www.linkedin.com\/company\/julesvernebusinessmicetravel\/","https:\/\/www.youtube.com\/channel\/UCAwdsmbZ6tFhu1tea6pkpiw"]},{"@type":"Person","@id":"https:\/\/julesverne.com.tr\/#\/schema\/person\/219931edfe2e7d9cbbcbabb8a7e4c7f4","name":"Ebru Alt\u0131n","url":"https:\/\/julesverne.com.tr\/en\/author\/ebru-altin\/"}]}},"_links":{"self":[{"href":"https:\/\/julesverne.com.tr\/en\/wp-json\/wp\/v2\/posts\/10105"}],"collection":[{"href":"https:\/\/julesverne.com.tr\/en\/wp-json\/wp\/v2\/posts"}],"about":[{"href":"https:\/\/julesverne.com.tr\/en\/wp-json\/wp\/v2\/types\/post"}],"author":[{"embeddable":true,"href":"https:\/\/julesverne.com.tr\/en\/wp-json\/wp\/v2\/users\/10"}],"replies":[{"embeddable":true,"href":"https:\/\/julesverne.com.tr\/en\/wp-json\/wp\/v2\/comments?post=10105"}],"version-history":[{"count":0,"href":"https:\/\/julesverne.com.tr\/en\/wp-json\/wp\/v2\/posts\/10105\/revisions"}],"wp:featuredmedia":[{"embeddable":true,"href":"https:\/\/julesverne.com.tr\/en\/wp-json\/wp\/v2\/media\/4773"}],"wp:attachment":[{"href":"https:\/\/julesverne.com.tr\/en\/wp-json\/wp\/v2\/media?parent=10105"}],"wp:term":[{"taxonomy":"category","embeddable":true,"href":"https:\/\/julesverne.com.tr\/en\/wp-json\/wp\/v2\/categories?post=10105"},{"taxonomy":"post_tag","embeddable":true,"href":"https:\/\/julesverne.com.tr\/en\/wp-json\/wp\/v2\/tags?post=10105"}],"curies":[{"name":"wp","href":"https:\/\/api.w.org\/{rel}","templated":true}]}}