{"id":10098,"date":"2021-08-13T20:45:26","date_gmt":"2021-08-13T17:45:26","guid":{"rendered":"https:\/\/julesverne.com.tr\/?p=10098"},"modified":"2021-08-16T12:50:43","modified_gmt":"2021-08-16T09:50:43","slug":"yunanistan-seyahat-prosedurleri-guncellendi","status":"publish","type":"post","link":"https:\/\/julesverne.com.tr\/en\/haberler\/business-haberler\/yunanistan-seyahat-prosedurleri-guncellendi\/","title":{"rendered":"Yunanistan Seyahat Prosed\u00fcrleri G\u00fcncellendi"},"content":{"rendered":"<p><img loading=\"lazy\" decoding=\"async\" class=\"alignnone wp-image-10079\" src=\"https:\/\/julesverne.com.tr\/wp-content\/uploads\/2021\/08\/santorini_shutterstock_1031111119-500x314.jpg\" alt=\"\" width=\"1200\" height=\"752\" srcset=\"https:\/\/julesverne.com.tr\/wp-content\/uploads\/2021\/08\/santorini_shutterstock_1031111119-500x314.jpg 500w, https:\/\/julesverne.com.tr\/wp-content\/uploads\/2021\/08\/santorini_shutterstock_1031111119-768x482.jpg 768w, https:\/\/julesverne.com.tr\/wp-content\/uploads\/2021\/08\/santorini_shutterstock_1031111119.jpg 1000w\" sizes=\"(max-width: 1200px) 100vw, 1200px\" \/><\/p>\n<p>Covid-19 salg\u0131n\u0131yla m\u00fccadele kapsam\u0131nda\u00a0<strong>Yunanistan<\/strong> makamlar\u0131nca uygulamaya konulan seyahat k\u0131s\u0131tlamalar\u0131 <strong>13\u00a0A\u011fustos 2021<\/strong> tarihinde g\u00fcncellenerek, <strong>T\u00fcrkiye Cumhuriyeti<\/strong> vatanda\u015flar\u0131na y\u00f6nelik seyahat k\u0131s\u0131tlamalar\u0131 b\u00fcy\u00fck \u00f6l\u00e7\u00fcde kald\u0131r\u0131lm\u0131\u015ft\u0131r.\u00a0 <strong>05 A\u011fustos 2021 <\/strong>tarihi itibar\u0131 ile sadece <strong>havayolu<\/strong> ve <strong>karayolu<\/strong> ile Yunanistan seyahatlerine izin veriliyorken <strong>13 A\u011fustos 2021<\/strong>&#8216;de yap\u0131lan a\u00e7\u0131klama ile T\u00fcrkiye limanlar\u0131ndan \u00e7\u0131kacak <strong>\u00f6zel gezi teknelerinin belirli \u015fartlar dahilinde<\/strong> Yunan limanlar\u0131na giri\u015fine 12 A\u011fustos 2021 itibar\u0131yla m\u00fcsaade edildi\u011fi bilgisi yay\u0131nlanm\u0131\u015ft\u0131r.<\/p>\n<ul>\n<li>T\u00fcrkiye Cumhuriyeti vatanda\u015flar\u0131n\u0131n Yunanistan\u2019a\u00a0<strong>havayolu<\/strong>\u00a0ile yapacaklar\u0131 seyahatlerinde herhangi bir\u00a0<strong>k\u0131s\u0131tlama uygulanmayacakt\u0131r.<\/strong><\/li>\n<li><strong>\u0130psala \u2013 Kipi<\/strong>\u00a0ve<strong>\u00a0Pazarkule \u2013 Kastanies<\/strong>\u00a0hudut kap\u0131lar\u0131ndan\u00a0<strong>Yunanistan<\/strong>\u2019a giri\u015f yapabilecek ki\u015fi say\u0131s\u0131 her bir kap\u0131 i\u00e7in\u00a0<strong>haftada maksimum 1500 ki\u015fi<\/strong>\u00a0ile s\u0131n\u0131rland\u0131r\u0131lm\u0131\u015ft\u0131r.<\/li>\n<li>T\u00fcrkiye Cumhuriyeti limanlar\u0131 ile Ege adalar\u0131 aras\u0131ndaki <strong>tarifeli\u00a0deniz seferleri<\/strong>ne y\u00f6nelik\u00a0<strong>k\u0131s\u0131tlamalar s\u00fcrd\u00fcr\u00fclmektedir<\/strong>.<\/li>\n<li>\u00dclkemiz limanlar\u0131ndan \u00e7\u0131kacak <strong>\u00f6zel gezi teknelerinin<\/strong> belirli \u015fartlar dahilinde Yunan limanlar\u0131na giri\u015fine <strong>12 A\u011fustos 2021<\/strong> itibar\u0131yla m\u00fcsaade edilmektedir. Buna ili\u015fkin ayr\u0131nt\u0131l\u0131 d\u00fczenlemeler a\u015fa\u011f\u0131dad\u0131r.<\/li>\n<\/ul>\n<h1><strong><img loading=\"lazy\" decoding=\"async\" class=\"alignnone wp-image-10070\" src=\"https:\/\/julesverne.com.tr\/wp-content\/uploads\/2021\/08\/atina_shutterstock_1193397715-500x334.jpg\" alt=\"\" width=\"1200\" height=\"802\" srcset=\"https:\/\/julesverne.com.tr\/wp-content\/uploads\/2021\/08\/atina_shutterstock_1193397715-500x334.jpg 500w, https:\/\/julesverne.com.tr\/wp-content\/uploads\/2021\/08\/atina_shutterstock_1193397715-768x513.jpg 768w, https:\/\/julesverne.com.tr\/wp-content\/uploads\/2021\/08\/atina_shutterstock_1193397715.jpg 1000w\" sizes=\"(max-width: 1200px) 100vw, 1200px\" \/><\/strong><\/h1>\n<h1><strong>T\u00fcrkiye\u2019den Yunanistan\u2019a Seyahat Ederken Giri\u015fte Aranan \u015eartlar<\/strong><\/h1>\n<p>\u00dclkemizden Yunanistan\u2019a seyahat edecek ki\u015filerin, seyahat vas\u0131tas\u0131ndan ba\u011f\u0131ms\u0131z olarak, Yunanistan\u2019a giri\u015fle ilgili Yunan makamlar\u0131nca a\u00e7\u0131klanan di\u011fer gerekli ko\u015fullar\u0131 da kar\u015f\u0131lamalar\u0131 beklenmektedir:<\/p>\n<ul>\n<li>Seyahat \u00f6ncesinde\u00a0 <strong><a href=\"https:\/\/travel.gov.gr\/#\/\">https:\/\/travel.gov.gr\/#\/<\/a> <\/strong>internet sitesi \u00fczerinden <strong>Passenger Locator Form<\/strong> (PLF-Yolcu Tespit Formu) doldurulmas\u0131 (Yunanistan\u2019a giri\u015f yap\u0131lacak tarih ile hudut kap\u0131s\u0131na ili\u015fkin bilgiler ba\u015fta olmak \u00fczere formun do\u011fru \u015fekilde ve eksiksiz olarak doldurulmas\u0131 giri\u015f s\u00fcrecinde sorun ya\u015fanmamas\u0131 i\u00e7in elzemdir)<\/li>\n<li><strong>COVID-19 a\u015f\u0131 sertifikas\u0131<\/strong>\u00a0 (Pfizer\/<strong>BionTech<\/strong>\u00a0veya\u00a0<strong>Sinovac<\/strong>): \u0130kinci dozdan itibaren en az 14 g\u00fcn ge\u00e7mi\u015f olmas\u0131 gerekmektedir veya<\/li>\n<li>Son <strong>72 saat i\u00e7inde yap\u0131lm\u0131\u015f PCR test sonucu<\/strong> veya<\/li>\n<li>Son <strong>48 saat i\u00e7inde yap\u0131lm\u0131\u015f h\u0131zl\u0131 antijen test sonucu<\/strong> veya<\/li>\n<li>PCR\/antijen test sonucu pozitif olan ki\u015filere bula\u015f tespitinden 30 g\u00fcn sonra verilen <strong>COVID-19 hastal\u0131k sertifikas\u0131<\/strong> (Bu belge verili\u015f tarihinden itibaren 180 g\u00fcn ge\u00e7erlidir) ibraz\u0131 zorunludur.<\/li>\n<\/ul>\n<p>A\u015f\u0131 sertifikas\u0131 veya test sonu\u00e7lar\u0131n\u0131n yetkili bir sa\u011fl\u0131k kurulu\u015fu taraf\u0131ndan, ki\u015filerin pasaportta kay\u0131tl\u0131 kimlik bilgilerini de i\u00e7erecek \u015fekilde haz\u0131rlanmas\u0131 gerekmekte olup, Yunanca, \u0130ngilizce, Frans\u0131zca Almanca, \u0130talyanca, \u0130spanyolca veya Rus\u00e7a dillerindeki belgeler kabul edilmektedir. S\u00f6z konusu belgelerin bask\u0131s\u0131 al\u0131narak fiziki olarak ibraz\u0131 gerekmektedir.<\/p>\n<p>Yunanistan\u2019a gelen yolculara, sa\u011fl\u0131k algoritmas\u0131 temelinde yap\u0131lacak \u00f6rnekleme usul\u00fcne g\u00f6re, PCR veya rapid test t\u0131bbi laboratuvar kontrol\u00fcne tabi tutulmalar\u0131 m\u00fcmk\u00fcnd\u00fcr.<\/p>\n<p><img loading=\"lazy\" decoding=\"async\" class=\"alignnone wp-image-10088\" src=\"https:\/\/julesverne.com.tr\/wp-content\/uploads\/2021\/08\/spetses_shutterstock_271122641-500x354.jpg\" alt=\"\" width=\"1200\" height=\"848\" srcset=\"https:\/\/julesverne.com.tr\/wp-content\/uploads\/2021\/08\/spetses_shutterstock_271122641-500x354.jpg 500w, https:\/\/julesverne.com.tr\/wp-content\/uploads\/2021\/08\/spetses_shutterstock_271122641-768x543.jpg 768w, https:\/\/julesverne.com.tr\/wp-content\/uploads\/2021\/08\/spetses_shutterstock_271122641.jpg 1000w\" sizes=\"(max-width: 1200px) 100vw, 1200px\" \/><\/p>\n<h1>\u00d6zel gezi teknelerine ili\u015fkin d\u00fczenlemeler<\/h1>\n<p>Bayra\u011f\u0131ndan ba\u011f\u0131ms\u0131z olarak T\u00fcrkiye\u2019den gelen gezi teknelerinin, yukar\u0131daki ko\u015fullar\u0131 kar\u015f\u0131lamalar\u0131 beklenmektedir. Geminin Yunan limanlar\u0131na var\u0131\u015f\u0131na ve yolcular\u0131n inmesine, istinas\u0131z olarak kaptan, m\u00fcrettebat ve t\u00fcm yolcular\u0131n yukar\u0131da bahsekonu evraklara sahip olmalar\u0131 durumunda izin verilir. Bu y\u00fck\u00fcml\u00fcl\u00fckleri yerine getirmeyen \u00f6zel gezi tekneleri yolcular\u0131 ilk Yunan liman\u0131na vard\u0131klar\u0131na COVID-19 i\u00e7in zorunlu PCR veya rapid test laboratuvar muayenesine tabi tutulurlar. Testlerin sonu\u00e7lar\u0131 a\u00e7\u0131klan\u0131ncaya kadar yolcular teknede beklerler. Bunlardan, COVID-19 koronavir\u00fcs test sonucu pozitif \u00e7\u0131kanlar on (10) g\u00fcn zorunlu karantinaya tabi tutulacaklard\u0131r.<\/p>\n<p>COVID-19 koronavir\u00fcs pozitif te\u015fhis konulmu\u015f ki\u015filerle yak\u0131n temasta bulunanlar ayn\u0131 g\u00fcn veya ertesi g\u00fcn \u00fclkelerine a\u015fa\u011f\u0131daki ko\u015fullar alt\u0131nda geri d\u00f6nme imk\u00e2n\u0131na sahiptir:<\/p>\n<ul>\n<li>Yirmi d\u00f6rt (24) saat i\u00e7inde a\u011f\u0131z veya burun kanallar\u0131 vas\u0131tas\u0131yla al\u0131nan \u00f6rnekle PCR metodu veya h\u0131zl\u0131 antijen testiyle (rapid test) yap\u0131lacak iki ayr\u0131 testin sonucunun negatif olmas\u0131<\/li>\n<li>Yolculuklar\u0131 s\u0131ras\u0131nda N95 tipi maske kullan\u0131lmas\u0131<\/li>\n<\/ul>\n<p><strong>T\u00fcrkiye\u2019den gelecek \u00f6zel gezi teknelerinin, Yunanistan\u2019a ilk giri\u015f yapabilecekleri limanlar a\u015fa\u011f\u0131da sunulmu\u015ftur:<\/strong><\/p>\n<ul>\n<li><strong>Kavala, Midilli<\/strong> (Lesvos), <strong>Sak\u0131z<\/strong> (Chios), <strong>Sisam<\/strong> (Samos) adas\u0131 Vathi ve Pithagoras limanlar\u0131, <strong>Limni<\/strong> (Limnos) adas\u0131 Mirina liman\u0131, <strong>\u0130leriye (Leros)<\/strong> adas\u0131 Agia Marina liman\u0131, <strong>S\u00f6mbeki (Simi),<\/strong> <strong>Kelemez (Kalimnos), Batnaz (Patmos)<\/strong> adas\u0131 Skala liman\u0131 ve <strong>\u0130stank\u00f6y (Kos)<\/strong> ile <strong>Rodos<\/strong> adalar\u0131n\u0131n turistik limanlar\u0131.<\/li>\n<\/ul>\n<p>Gemi kaptanlar\u0131\/y\u00f6neticileri geminin ilk Yunan liman\u0131na var\u0131\u015f\u0131ndan en az alt\u0131 (6) saat \u00f6nce yetkili Liman M\u00fcd\u00fcrl\u00fc\u011f\u00fcne, gemide bulunanlar\u0131n a\u015f\u0131lama veya negatif PCR ve rapid testi veya hastal\u0131k sertifikas\u0131 hakk\u0131nda bilgi vermekle y\u00fck\u00fcml\u00fcd\u00fcr.<\/p>\n<p>Yolcular\u0131n Yunanistan\u2019a giri\u015fi i\u00e7in gerekli belgelerin, gemi yolcular\u0131 taraf\u0131ndan, bu amaca \u00f6zel olarak g\u00f6revlendirilmi\u015f ilgili liman i\u015fletme ve idare kurumlar\u0131 personeline ve gerekti\u011finde yetkili Liman M\u00fcd\u00fcrl\u00fc\u011f\u00fc personeline ibraz\u0131 zorunludur.<\/p>\n<p>\u00d6ng\u00f6r\u00fclen di\u011fer cezai yapt\u0131r\u0131mlara halel getirmeksizin, yukar\u0131da kay\u0131tl\u0131 h\u00fck\u00fcmleri ihlal edenlere yetkili Liman M\u00fcd\u00fcrl\u00fc\u011f\u00fcnce 5000 Avro idari para cezas\u0131 uygulan\u0131r.<\/p>\n<p>Gemi kaptanlar\u0131, i\u015fletmeciler, armat\u00f6rler, idareciler, m\u00fcrettebat ve di\u011fer t\u00fcm sorumlular\u0131n gemiye bini\u015flerde, yolculuk s\u0131ras\u0131nda, karaya \u00e7\u0131k\u0131\u015flarda, limanlarda, koylarda veya sahillerde demirledikleri s\u0131rada Yunanistan Denizcilik ve Ada Politikas\u0131 Bakanl\u0131\u011f\u0131\u2019n\u0131n internet sitesinde (<a href=\"https:\/\/www.ynanp.gr\/el\/\">https:\/\/www.ynanp.gr\/el\/<\/a>) yay\u0131mlanm\u0131\u015f bulunan COVID-19 salg\u0131n\u0131 k\u0131s\u0131tlay\u0131c\u0131 \u00f6nlemlerinin ve COVID-19 koronavir\u00fcs \u00f6nleme ve tedavi k\u0131lavuzlar\u0131n\u0131n h\u00fck\u00fcmlerine uymakla y\u00fck\u00fcml\u00fcd\u00fcrler. Bunlar\u0131n ihlali durumunda, her bir ihlal i\u00e7in yolcular ve m\u00fcrettebata 500 Avro, gemi sahibi\/armat\u00f6r\/idareci\/kaptan ve y\u00f6neticilere 1000 Avro idari para cezas\u0131 uygulan\u0131r.<\/p>\n<p>\u00d6zel gezi teknelerinin ve ticari gemilerin bayrak ve ta\u015f\u0131ma kapasitesinden ba\u011f\u0131ms\u0131z olarak Yunan limanlar\u0131na <strong>azami 49 yolcuyla<\/strong> gelmeleri m\u00fcmk\u00fcnd\u00fcr.<\/p>\n<p>Yolcu say\u0131s\u0131,<\/p>\n<ul>\n<li>12 yolcu ta\u015f\u0131ma kapasitesine sahip gemiler i\u00e7in tam kapasiteyle,<\/li>\n<li>12 yolcudan fazla yolcu ta\u015f\u0131ma kapasitesine sahip gemiler i\u00e7in ise, 12 yolcuya ilaveten, 12 yolcunun \u00fcst\u00fcndeki ek kapasitelerinin azami %80\u2019ine kadar yolcuyla s\u0131n\u0131rland\u0131r\u0131lm\u0131\u015ft\u0131r.<\/li>\n<li>10 ile 15 kamaraya sahip gemiler 1 adet kamaray\u0131, 15 ve \u00fczeri kamaraya sahip gemiler 2 kamaray\u0131 bo\u015f b\u0131rakmakla y\u00fck\u00fcml\u00fcd\u00fcrler<\/li>\n<li>Teknelerde yolcular aras\u0131nda asgari 1,5 metre sosyal mesafeye dikkat edilmesi zorunludur.<\/li>\n<\/ul>\n<p><img loading=\"lazy\" decoding=\"async\" class=\"alignnone wp-image-10089\" src=\"https:\/\/julesverne.com.tr\/wp-content\/uploads\/2021\/08\/symi_shutterstock_348871265-500x354.jpg\" alt=\"\" width=\"1200\" height=\"848\" srcset=\"https:\/\/julesverne.com.tr\/wp-content\/uploads\/2021\/08\/symi_shutterstock_348871265-500x354.jpg 500w, https:\/\/julesverne.com.tr\/wp-content\/uploads\/2021\/08\/symi_shutterstock_348871265-768x543.jpg 768w, https:\/\/julesverne.com.tr\/wp-content\/uploads\/2021\/08\/symi_shutterstock_348871265.jpg 1000w\" sizes=\"(max-width: 1200px) 100vw, 1200px\" \/><\/p>\n<p>Yunanistan haricindeki AB \u00fclkeleri vatanda\u015flar\u0131 ile AB \u00fclkelerinde resmi ikamet sahibi ki\u015filerin (ikamet sahibi T\u00fcrkiye Cumhuriyeti vatanda\u015flar\u0131 d\u00e2hil), \u0130talya, Arnavutluk, KuzeyMakedonya ve Bulgaristan \u00fczerinden gelerek, Yunanistan\u2019dan transit ge\u00e7i\u015fle T\u00fcrkiye\u2019ye gitmeleri m\u00fcmk\u00fcnd\u00fcr (T\u00fcrkiye\u2019ye giri\u015f yapmadan son 72 saat i\u00e7inde <a href=\"https:\/\/register.health.gov.tr\">https:\/\/register.health.gov.tr<\/a>\u00a0 internet sitesi \u00fczerinden <strong>\u201cT\u00fcrkiye\u2019ye Giri\u015f Formu\u201d<\/strong> doldurulmas\u0131 gerekmektedir).<\/p>\n<p>T\u00fcrkiye\u2019den AB \u00fclkelerine karayoluyla seyahat edecek AB \u00fclkeleri vatanda\u015flar\u0131 ile Yunanistan ve AB \u00fclkelerinde resmi ikamet sahibi ki\u015filerin (T\u00fcrkiye Cumhuriyeti vatanda\u015flar\u0131 dahil), \u0130psala veya Pazarkule hudut kap\u0131m\u0131zdan Yunanistan\u2019a giri\u015f yapmalar\u0131 veya Yunanistan\u2019dan transit ge\u00e7i\u015fleri ayn\u0131 \u015fekilde m\u00fcmk\u00fcnd\u00fcr. (Transit ge\u00e7i\u015ften \u00f6ncesinde <a href=\"https:\/\/travel.gov.gr\/#\/\">https:\/\/travel.gov.gr\/#\/\u00a0<\/a> internet sitesi \u00fczerinden <strong>PLF formu<\/strong> doldurulmas\u0131 ve yukar\u0131da kay\u0131tl\u0131 ko\u015fullar\u0131n yerine getirilmesi gerekmektedir.)<\/p>\n<p>T\u00fcrk pasaportuyla seyahat etmeyecek vatanda\u015flar\u0131n, hamili bulunduklar\u0131 pasaportlar\u0131n Yunanistan\u2019a seyahatlerde tabi oldu\u011fu k\u0131s\u0131tlamalar hakk\u0131nda ilgili \u00fclkenin Yunanistan\u2019daki diplomatik ve kons\u00fcler temsilciliklerinden veya Yunanistan\u2019\u0131n an\u0131lan \u00fclkelerdeki temsilciliklerinden seyahatlerinden makul bir s\u00fcre \u00f6nce g\u00fcncel bilgi alarak seyahatlerini planlamalar\u0131 \u00f6nem ta\u015f\u0131maktad\u0131r.<\/p>\n<h1><a href=\"https:\/\/julesverne.com.tr\/seyahat-blog\/yunanistan-seyahat-rehberi\/\">Yunanistan Seyahat Rehberi<\/a><\/h1>\n<p><img loading=\"lazy\" decoding=\"async\" class=\"alignnone wp-image-8967 size-full\" src=\"https:\/\/julesverne.com.tr\/wp-content\/uploads\/2021\/06\/mykonos.jpg\" alt=\"\" width=\"1200\" height=\"800\" srcset=\"https:\/\/julesverne.com.tr\/wp-content\/uploads\/2021\/06\/mykonos.jpg 1200w, https:\/\/julesverne.com.tr\/wp-content\/uploads\/2021\/06\/mykonos-500x333.jpg 500w, https:\/\/julesverne.com.tr\/wp-content\/uploads\/2021\/06\/mykonos-768x512.jpg 768w\" sizes=\"(max-width: 1200px) 100vw, 1200px\" \/><\/p>\n<p>Binlerce y\u0131ll\u0131k tarihe ve do\u011fa harikas\u0131na ev sahipli\u011fi yapan <strong>Yunanistan<\/strong>; muhte\u015fem co\u011frafyas\u0131 ile g\u00f6z kama\u015ft\u0131r\u0131yor. \u00d6zenle korunmu\u015f tarihi yap\u0131lar\u0131, g\u00f6z al\u0131c\u0131 katedralleri, geleneksel kent pazarlar\u0131 ve e\u015fsiz do\u011fas\u0131 ile y\u0131l boyunca ziyaret\u00e7i ak\u0131n\u0131na u\u011frayan Yunanistan\u2019da gezecek g\u00f6recek \u00e7ok yer, ke\u015ffedecek \u00e7ok \u015fey var.<\/p>\n<p><strong>\u201cYunanistan\u2019da nereler gezilmeli, g\u00f6r\u00fclmeli? <a href=\"https:\/\/julesverne.com.tr\/seyahat-blog\/en-keyifli-yunan-adalari\/\">En keyifli Yunan Adalar\u0131<\/a>\u201d\u00a0<\/strong>hepsi sizler i\u00e7in haz\u0131rlad\u0131\u011f\u0131m\u0131z\u00a0<strong>Yunanistan Seyahat Rehberi<\/strong>\u2019nde\u2026 Yunanistan Seyahat Rehberine <a href=\"https:\/\/julesverne.com.tr\/seyahat-blog\/yunanistan-seyahat-rehberi\/\">buradan<\/a> ula\u015fabilirsiniz.<\/p>\n<h2><strong>COVID-19 tedbirleri kapsam\u0131nda \u00fclkelerin giri\u015f kurallar\u0131, \u00fclkelerin resmi mercileri taraf\u0131ndan g\u00fcnl\u00fck veya anl\u0131k olarak de\u011fi\u015ftirilebilmektedir.<\/strong><\/h2>\n<p style=\"text-align: center;\"><strong>Seyahat etmek istedi\u011finiz destinasyona ili\u015fkin bilgi ve sorular\u0131n\u0131z i\u00e7in:<\/strong><\/p>\n<p style=\"text-align: center;\"><strong><a href=\"mailto:travel@julesverne.com.tr\">Travel@julesverne.com.tr<\/a><\/strong><\/p>\n<p style=\"text-align: center;\"><strong>Vize ile ilgili detayl\u0131 bilgi ve sorular\u0131n\u0131z i\u00e7in:\u00a0<\/strong><\/p>\n<p style=\"text-align: center;\"><strong><a href=\"mailto:Vize.Bolumu@julesverne.com.tr\">Vize.Bolumu@julesverne.com.tr<\/a><\/strong><\/p>\n","protected":false},"excerpt":{"rendered":"<p>Covid-19 salg\u0131n\u0131yla m\u00fccadele kapsam\u0131nda\u00a0Yunanistan makamlar\u0131nca uygulamaya konulan seyahat k\u0131s\u0131tlamalar\u0131 13\u00a0A\u011fustos 2021 tarihinde g\u00fcncellenerek, T\u00fcrkiye Cumhuriyeti vatanda\u015flar\u0131na y\u00f6nelik seyahat k\u0131s\u0131tlamalar\u0131 b\u00fcy\u00fck \u00f6l\u00e7\u00fcde kald\u0131r\u0131lm\u0131\u015ft\u0131r.\u00a0 05 A\u011fustos 2021 tarihi itibar\u0131 ile sadece havayolu ve karayolu ile Yunanistan seyahatlerine izin veriliyorken 13 A\u011fustos 2021&#8216;de yap\u0131lan a\u00e7\u0131klama ile T\u00fcrkiye limanlar\u0131ndan \u00e7\u0131kacak \u00f6zel gezi teknelerinin belirli \u015fartlar dahilinde Yunan limanlar\u0131na giri\u015fine [&hellip;]<\/p>\n","protected":false},"author":5,"featured_media":10091,"comment_status":"closed","ping_status":"closed","sticky":false,"template":"","format":"standard","meta":{"inline_featured_image":false,"footnotes":""},"categories":[3,2,5],"tags":[166,164],"acf":[],"yoast_head":"<!-- This site is optimized with the Yoast SEO plugin v22.3 - https:\/\/yoast.com\/wordpress\/plugins\/seo\/ -->\n<title>Yunanistan Seyahat Prosed\u00fcrleri G\u00fcncellendi - JULES VERNE BUSINESS MICE TRAVEL<\/title>\n<meta name=\"description\" content=\"Covid-19 salg\u0131n\u0131yla m\u00fccadele kapsam\u0131nda\u00a0Yunanistan makamlar\u0131nca uygulamaya konulan seyahat k\u0131s\u0131tlamalar\u0131 13\u00a0A\u011fustos 2021 tarihinde g\u00fcncellenerek, T\u00fcrkiye Cumhuriyeti vatanda\u015flar\u0131na y\u00f6nelik seyahat k\u0131s\u0131tlamalar\u0131 b\u00fcy\u00fck \u00f6l\u00e7\u00fcde kald\u0131r\u0131lm\u0131\u015ft\u0131r.\u00a0 05 A\u011fustos 2021 tarihi itibar\u0131 ile sadece havayolu ve karayolu ile Yunanistan seyahatlerine izin veriliyorken 13 A\u011fustos 2021&#039;de yap\u0131lan a\u00e7\u0131klama ile T\u00fcrkiye limanlar\u0131ndan \u00e7\u0131kacak \u00f6zel gezi teknelerinin belirli \u015fartlar dahilinde Yunan limanlar\u0131na giri\u015fine 12 A\u011fustos 2021 itibar\u0131yla m\u00fcsaade edildi\u011fi bilgisi yay\u0131nlanm\u0131\u015ft\u0131r.\" \/>\n<meta name=\"robots\" content=\"index, follow, max-snippet:-1, max-image-preview:large, max-video-preview:-1\" \/>\n<link rel=\"canonical\" href=\"https:\/\/julesverne.com.tr\/haberler\/yunanistan-seyahat-prosedurleri-guncellendi\/\" \/>\n<meta property=\"og:locale\" content=\"en_US\" \/>\n<meta property=\"og:type\" content=\"article\" \/>\n<meta property=\"og:title\" content=\"Yunanistan Seyahat Prosed\u00fcrleri G\u00fcncellendi - JULES VERNE BUSINESS MICE TRAVEL\" \/>\n<meta property=\"og:description\" content=\"Covid-19 salg\u0131n\u0131yla m\u00fccadele kapsam\u0131nda\u00a0Yunanistan makamlar\u0131nca uygulamaya konulan seyahat k\u0131s\u0131tlamalar\u0131 13\u00a0A\u011fustos 2021 tarihinde g\u00fcncellenerek, T\u00fcrkiye Cumhuriyeti vatanda\u015flar\u0131na y\u00f6nelik seyahat k\u0131s\u0131tlamalar\u0131 b\u00fcy\u00fck \u00f6l\u00e7\u00fcde kald\u0131r\u0131lm\u0131\u015ft\u0131r.\u00a0 05 A\u011fustos 2021 tarihi itibar\u0131 ile sadece havayolu ve karayolu ile Yunanistan seyahatlerine izin veriliyorken 13 A\u011fustos 2021&#039;de yap\u0131lan a\u00e7\u0131klama ile T\u00fcrkiye limanlar\u0131ndan \u00e7\u0131kacak \u00f6zel gezi teknelerinin belirli \u015fartlar dahilinde Yunan limanlar\u0131na giri\u015fine 12 A\u011fustos 2021 itibar\u0131yla m\u00fcsaade edildi\u011fi bilgisi yay\u0131nlanm\u0131\u015ft\u0131r.\" \/>\n<meta property=\"og:url\" content=\"https:\/\/julesverne.com.tr\/haberler\/yunanistan-seyahat-prosedurleri-guncellendi\/\" \/>\n<meta property=\"og:site_name\" content=\"JULES VERNE BUSINESS MICE TRAVEL\" \/>\n<meta property=\"article:publisher\" content=\"https:\/\/www.facebook.com\/JulesVerneBusinessMiceTravel\/\" \/>\n<meta property=\"article:published_time\" content=\"2021-08-13T17:45:26+00:00\" \/>\n<meta property=\"article:modified_time\" content=\"2021-08-16T09:50:43+00:00\" \/>\n<meta property=\"og:image\" content=\"https:\/\/julesverne.com.tr\/wp-content\/uploads\/2021\/08\/mykonos_shutterstock_1199045827.jpg\" \/>\n\t<meta property=\"og:image:width\" content=\"1000\" \/>\n\t<meta property=\"og:image:height\" content=\"562\" \/>\n\t<meta property=\"og:image:type\" content=\"image\/jpeg\" \/>\n<meta name=\"author\" content=\"senem.ekermen\" \/>\n<meta name=\"twitter:card\" content=\"summary_large_image\" \/>\n<meta name=\"twitter:creator\" content=\"@JV_BusinessMice\" \/>\n<meta name=\"twitter:site\" content=\"@JV_BusinessMice\" \/>\n<meta name=\"twitter:label1\" content=\"Written by\" \/>\n\t<meta name=\"twitter:data1\" content=\"senem.ekermen\" \/>\n\t<meta name=\"twitter:label2\" content=\"Est. reading time\" \/>\n\t<meta name=\"twitter:data2\" content=\"6 minutes\" \/>\n<script type=\"application\/ld+json\" class=\"yoast-schema-graph\">{\"@context\":\"https:\/\/schema.org\",\"@graph\":[{\"@type\":\"Article\",\"@id\":\"https:\/\/julesverne.com.tr\/haberler\/yunanistan-seyahat-prosedurleri-guncellendi\/#article\",\"isPartOf\":{\"@id\":\"https:\/\/julesverne.com.tr\/haberler\/yunanistan-seyahat-prosedurleri-guncellendi\/\"},\"author\":{\"name\":\"senem.ekermen\",\"@id\":\"https:\/\/julesverne.com.tr\/#\/schema\/person\/b27d0a74a740ecb2ffc838c934d95797\"},\"headline\":\"Yunanistan Seyahat Prosed\u00fcrleri G\u00fcncellendi\",\"datePublished\":\"2021-08-13T17:45:26+00:00\",\"dateModified\":\"2021-08-16T09:50:43+00:00\",\"mainEntityOfPage\":{\"@id\":\"https:\/\/julesverne.com.tr\/haberler\/yunanistan-seyahat-prosedurleri-guncellendi\/\"},\"wordCount\":1398,\"publisher\":{\"@id\":\"https:\/\/julesverne.com.tr\/#organization\"},\"image\":{\"@id\":\"https:\/\/julesverne.com.tr\/haberler\/yunanistan-seyahat-prosedurleri-guncellendi\/#primaryimage\"},\"thumbnailUrl\":\"https:\/\/julesverne.com.tr\/wp-content\/uploads\/2021\/08\/mykonos_shutterstock_1199045827.jpg\",\"keywords\":[\"Yunanistan Seyahat Prosed\u00fcrleri\",\"Yunanistan Seyahat Rehberi\"],\"articleSection\":[\"Business Haberler\",\"News\",\"Travel Haberler\"],\"inLanguage\":\"en-US\"},{\"@type\":\"WebPage\",\"@id\":\"https:\/\/julesverne.com.tr\/haberler\/yunanistan-seyahat-prosedurleri-guncellendi\/\",\"url\":\"https:\/\/julesverne.com.tr\/haberler\/yunanistan-seyahat-prosedurleri-guncellendi\/\",\"name\":\"Yunanistan Seyahat Prosed\u00fcrleri G\u00fcncellendi - JULES VERNE BUSINESS MICE TRAVEL\",\"isPartOf\":{\"@id\":\"https:\/\/julesverne.com.tr\/#website\"},\"primaryImageOfPage\":{\"@id\":\"https:\/\/julesverne.com.tr\/haberler\/yunanistan-seyahat-prosedurleri-guncellendi\/#primaryimage\"},\"image\":{\"@id\":\"https:\/\/julesverne.com.tr\/haberler\/yunanistan-seyahat-prosedurleri-guncellendi\/#primaryimage\"},\"thumbnailUrl\":\"https:\/\/julesverne.com.tr\/wp-content\/uploads\/2021\/08\/mykonos_shutterstock_1199045827.jpg\",\"datePublished\":\"2021-08-13T17:45:26+00:00\",\"dateModified\":\"2021-08-16T09:50:43+00:00\",\"description\":\"Covid-19 salg\u0131n\u0131yla m\u00fccadele kapsam\u0131nda\u00a0Yunanistan makamlar\u0131nca uygulamaya konulan seyahat k\u0131s\u0131tlamalar\u0131 13\u00a0A\u011fustos 2021 tarihinde g\u00fcncellenerek, T\u00fcrkiye Cumhuriyeti vatanda\u015flar\u0131na y\u00f6nelik seyahat k\u0131s\u0131tlamalar\u0131 b\u00fcy\u00fck \u00f6l\u00e7\u00fcde kald\u0131r\u0131lm\u0131\u015ft\u0131r.\u00a0 05 A\u011fustos 2021 tarihi itibar\u0131 ile sadece havayolu ve karayolu ile Yunanistan seyahatlerine izin veriliyorken 13 A\u011fustos 2021'de yap\u0131lan a\u00e7\u0131klama ile T\u00fcrkiye limanlar\u0131ndan \u00e7\u0131kacak \u00f6zel gezi teknelerinin belirli \u015fartlar dahilinde Yunan limanlar\u0131na giri\u015fine 12 A\u011fustos 2021 itibar\u0131yla m\u00fcsaade edildi\u011fi bilgisi yay\u0131nlanm\u0131\u015ft\u0131r.\",\"breadcrumb\":{\"@id\":\"https:\/\/julesverne.com.tr\/haberler\/yunanistan-seyahat-prosedurleri-guncellendi\/#breadcrumb\"},\"inLanguage\":\"en-US\",\"potentialAction\":[{\"@type\":\"ReadAction\",\"target\":[\"https:\/\/julesverne.com.tr\/haberler\/yunanistan-seyahat-prosedurleri-guncellendi\/\"]}]},{\"@type\":\"ImageObject\",\"inLanguage\":\"en-US\",\"@id\":\"https:\/\/julesverne.com.tr\/haberler\/yunanistan-seyahat-prosedurleri-guncellendi\/#primaryimage\",\"url\":\"https:\/\/julesverne.com.tr\/wp-content\/uploads\/2021\/08\/mykonos_shutterstock_1199045827.jpg\",\"contentUrl\":\"https:\/\/julesverne.com.tr\/wp-content\/uploads\/2021\/08\/mykonos_shutterstock_1199045827.jpg\",\"width\":1000,\"height\":562},{\"@type\":\"BreadcrumbList\",\"@id\":\"https:\/\/julesverne.com.tr\/haberler\/yunanistan-seyahat-prosedurleri-guncellendi\/#breadcrumb\",\"itemListElement\":[{\"@type\":\"ListItem\",\"position\":1,\"name\":\"Anasayfa\",\"item\":\"https:\/\/julesverne.com.tr\/\"},{\"@type\":\"ListItem\",\"position\":2,\"name\":\"Yunanistan Seyahat Prosed\u00fcrleri G\u00fcncellendi\"}]},{\"@type\":\"WebSite\",\"@id\":\"https:\/\/julesverne.com.tr\/#website\",\"url\":\"https:\/\/julesverne.com.tr\/\",\"name\":\"JULES VERNE BUSINESS MICE TRAVEL\",\"description\":\"\",\"publisher\":{\"@id\":\"https:\/\/julesverne.com.tr\/#organization\"},\"potentialAction\":[{\"@type\":\"SearchAction\",\"target\":{\"@type\":\"EntryPoint\",\"urlTemplate\":\"https:\/\/julesverne.com.tr\/?s={search_term_string}\"},\"query-input\":\"required name=search_term_string\"}],\"inLanguage\":\"en-US\"},{\"@type\":\"Organization\",\"@id\":\"https:\/\/julesverne.com.tr\/#organization\",\"name\":\"JULES VERNE BUSINESS MICE TRAVEL\",\"url\":\"https:\/\/julesverne.com.tr\/\",\"logo\":{\"@type\":\"ImageObject\",\"inLanguage\":\"en-US\",\"@id\":\"https:\/\/julesverne.com.tr\/#\/schema\/logo\/image\/\",\"url\":\"https:\/\/julesverne.com.tr\/wp-content\/uploads\/2020\/09\/jv-bmt-logo.png\",\"contentUrl\":\"https:\/\/julesverne.com.tr\/wp-content\/uploads\/2020\/09\/jv-bmt-logo.png\",\"width\":110,\"height\":81,\"caption\":\"JULES VERNE BUSINESS MICE TRAVEL\"},\"image\":{\"@id\":\"https:\/\/julesverne.com.tr\/#\/schema\/logo\/image\/\"},\"sameAs\":[\"https:\/\/www.facebook.com\/JulesVerneBusinessMiceTravel\/\",\"https:\/\/twitter.com\/JV_BusinessMice\",\"https:\/\/www.instagram.com\/julesvernebusinessmicetravel\/\",\"https:\/\/www.linkedin.com\/company\/julesvernebusinessmicetravel\/\",\"https:\/\/www.youtube.com\/channel\/UCAwdsmbZ6tFhu1tea6pkpiw\"]},{\"@type\":\"Person\",\"@id\":\"https:\/\/julesverne.com.tr\/#\/schema\/person\/b27d0a74a740ecb2ffc838c934d95797\",\"name\":\"senem.ekermen\",\"url\":\"https:\/\/julesverne.com.tr\/en\/author\/senem-ekermen\/\"}]}<\/script>\n<!-- \/ Yoast SEO plugin. -->","yoast_head_json":{"title":"Yunanistan Seyahat Prosed\u00fcrleri G\u00fcncellendi - JULES VERNE BUSINESS MICE TRAVEL","description":"Covid-19 salg\u0131n\u0131yla m\u00fccadele kapsam\u0131nda\u00a0Yunanistan makamlar\u0131nca uygulamaya konulan seyahat k\u0131s\u0131tlamalar\u0131 13\u00a0A\u011fustos 2021 tarihinde g\u00fcncellenerek, T\u00fcrkiye Cumhuriyeti vatanda\u015flar\u0131na y\u00f6nelik seyahat k\u0131s\u0131tlamalar\u0131 b\u00fcy\u00fck \u00f6l\u00e7\u00fcde kald\u0131r\u0131lm\u0131\u015ft\u0131r.\u00a0 05 A\u011fustos 2021 tarihi itibar\u0131 ile sadece havayolu ve karayolu ile Yunanistan seyahatlerine izin veriliyorken 13 A\u011fustos 2021'de yap\u0131lan a\u00e7\u0131klama ile T\u00fcrkiye limanlar\u0131ndan \u00e7\u0131kacak \u00f6zel gezi teknelerinin belirli \u015fartlar dahilinde Yunan limanlar\u0131na giri\u015fine 12 A\u011fustos 2021 itibar\u0131yla m\u00fcsaade edildi\u011fi bilgisi yay\u0131nlanm\u0131\u015ft\u0131r.","robots":{"index":"index","follow":"follow","max-snippet":"max-snippet:-1","max-image-preview":"max-image-preview:large","max-video-preview":"max-video-preview:-1"},"canonical":"https:\/\/julesverne.com.tr\/haberler\/yunanistan-seyahat-prosedurleri-guncellendi\/","og_locale":"en_US","og_type":"article","og_title":"Yunanistan Seyahat Prosed\u00fcrleri G\u00fcncellendi - JULES VERNE BUSINESS MICE TRAVEL","og_description":"Covid-19 salg\u0131n\u0131yla m\u00fccadele kapsam\u0131nda\u00a0Yunanistan makamlar\u0131nca uygulamaya konulan seyahat k\u0131s\u0131tlamalar\u0131 13\u00a0A\u011fustos 2021 tarihinde g\u00fcncellenerek, T\u00fcrkiye Cumhuriyeti vatanda\u015flar\u0131na y\u00f6nelik seyahat k\u0131s\u0131tlamalar\u0131 b\u00fcy\u00fck \u00f6l\u00e7\u00fcde kald\u0131r\u0131lm\u0131\u015ft\u0131r.\u00a0 05 A\u011fustos 2021 tarihi itibar\u0131 ile sadece havayolu ve karayolu ile Yunanistan seyahatlerine izin veriliyorken 13 A\u011fustos 2021'de yap\u0131lan a\u00e7\u0131klama ile T\u00fcrkiye limanlar\u0131ndan \u00e7\u0131kacak \u00f6zel gezi teknelerinin belirli \u015fartlar dahilinde Yunan limanlar\u0131na giri\u015fine 12 A\u011fustos 2021 itibar\u0131yla m\u00fcsaade edildi\u011fi bilgisi yay\u0131nlanm\u0131\u015ft\u0131r.","og_url":"https:\/\/julesverne.com.tr\/haberler\/yunanistan-seyahat-prosedurleri-guncellendi\/","og_site_name":"JULES VERNE BUSINESS MICE TRAVEL","article_publisher":"https:\/\/www.facebook.com\/JulesVerneBusinessMiceTravel\/","article_published_time":"2021-08-13T17:45:26+00:00","article_modified_time":"2021-08-16T09:50:43+00:00","og_image":[{"width":1000,"height":562,"url":"https:\/\/julesverne.com.tr\/wp-content\/uploads\/2021\/08\/mykonos_shutterstock_1199045827.jpg","type":"image\/jpeg"}],"author":"senem.ekermen","twitter_card":"summary_large_image","twitter_creator":"@JV_BusinessMice","twitter_site":"@JV_BusinessMice","twitter_misc":{"Written by":"senem.ekermen","Est. reading time":"6 minutes"},"schema":{"@context":"https:\/\/schema.org","@graph":[{"@type":"Article","@id":"https:\/\/julesverne.com.tr\/haberler\/yunanistan-seyahat-prosedurleri-guncellendi\/#article","isPartOf":{"@id":"https:\/\/julesverne.com.tr\/haberler\/yunanistan-seyahat-prosedurleri-guncellendi\/"},"author":{"name":"senem.ekermen","@id":"https:\/\/julesverne.com.tr\/#\/schema\/person\/b27d0a74a740ecb2ffc838c934d95797"},"headline":"Yunanistan Seyahat Prosed\u00fcrleri G\u00fcncellendi","datePublished":"2021-08-13T17:45:26+00:00","dateModified":"2021-08-16T09:50:43+00:00","mainEntityOfPage":{"@id":"https:\/\/julesverne.com.tr\/haberler\/yunanistan-seyahat-prosedurleri-guncellendi\/"},"wordCount":1398,"publisher":{"@id":"https:\/\/julesverne.com.tr\/#organization"},"image":{"@id":"https:\/\/julesverne.com.tr\/haberler\/yunanistan-seyahat-prosedurleri-guncellendi\/#primaryimage"},"thumbnailUrl":"https:\/\/julesverne.com.tr\/wp-content\/uploads\/2021\/08\/mykonos_shutterstock_1199045827.jpg","keywords":["Yunanistan Seyahat Prosed\u00fcrleri","Yunanistan Seyahat Rehberi"],"articleSection":["Business Haberler","News","Travel Haberler"],"inLanguage":"en-US"},{"@type":"WebPage","@id":"https:\/\/julesverne.com.tr\/haberler\/yunanistan-seyahat-prosedurleri-guncellendi\/","url":"https:\/\/julesverne.com.tr\/haberler\/yunanistan-seyahat-prosedurleri-guncellendi\/","name":"Yunanistan Seyahat Prosed\u00fcrleri G\u00fcncellendi - JULES VERNE BUSINESS MICE TRAVEL","isPartOf":{"@id":"https:\/\/julesverne.com.tr\/#website"},"primaryImageOfPage":{"@id":"https:\/\/julesverne.com.tr\/haberler\/yunanistan-seyahat-prosedurleri-guncellendi\/#primaryimage"},"image":{"@id":"https:\/\/julesverne.com.tr\/haberler\/yunanistan-seyahat-prosedurleri-guncellendi\/#primaryimage"},"thumbnailUrl":"https:\/\/julesverne.com.tr\/wp-content\/uploads\/2021\/08\/mykonos_shutterstock_1199045827.jpg","datePublished":"2021-08-13T17:45:26+00:00","dateModified":"2021-08-16T09:50:43+00:00","description":"Covid-19 salg\u0131n\u0131yla m\u00fccadele kapsam\u0131nda\u00a0Yunanistan makamlar\u0131nca uygulamaya konulan seyahat k\u0131s\u0131tlamalar\u0131 13\u00a0A\u011fustos 2021 tarihinde g\u00fcncellenerek, T\u00fcrkiye Cumhuriyeti vatanda\u015flar\u0131na y\u00f6nelik seyahat k\u0131s\u0131tlamalar\u0131 b\u00fcy\u00fck \u00f6l\u00e7\u00fcde kald\u0131r\u0131lm\u0131\u015ft\u0131r.\u00a0 05 A\u011fustos 2021 tarihi itibar\u0131 ile sadece havayolu ve karayolu ile Yunanistan seyahatlerine izin veriliyorken 13 A\u011fustos 2021'de yap\u0131lan a\u00e7\u0131klama ile T\u00fcrkiye limanlar\u0131ndan \u00e7\u0131kacak \u00f6zel gezi teknelerinin belirli \u015fartlar dahilinde Yunan limanlar\u0131na giri\u015fine 12 A\u011fustos 2021 itibar\u0131yla m\u00fcsaade edildi\u011fi bilgisi yay\u0131nlanm\u0131\u015ft\u0131r.","breadcrumb":{"@id":"https:\/\/julesverne.com.tr\/haberler\/yunanistan-seyahat-prosedurleri-guncellendi\/#breadcrumb"},"inLanguage":"en-US","potentialAction":[{"@type":"ReadAction","target":["https:\/\/julesverne.com.tr\/haberler\/yunanistan-seyahat-prosedurleri-guncellendi\/"]}]},{"@type":"ImageObject","inLanguage":"en-US","@id":"https:\/\/julesverne.com.tr\/haberler\/yunanistan-seyahat-prosedurleri-guncellendi\/#primaryimage","url":"https:\/\/julesverne.com.tr\/wp-content\/uploads\/2021\/08\/mykonos_shutterstock_1199045827.jpg","contentUrl":"https:\/\/julesverne.com.tr\/wp-content\/uploads\/2021\/08\/mykonos_shutterstock_1199045827.jpg","width":1000,"height":562},{"@type":"BreadcrumbList","@id":"https:\/\/julesverne.com.tr\/haberler\/yunanistan-seyahat-prosedurleri-guncellendi\/#breadcrumb","itemListElement":[{"@type":"ListItem","position":1,"name":"Anasayfa","item":"https:\/\/julesverne.com.tr\/"},{"@type":"ListItem","position":2,"name":"Yunanistan Seyahat Prosed\u00fcrleri G\u00fcncellendi"}]},{"@type":"WebSite","@id":"https:\/\/julesverne.com.tr\/#website","url":"https:\/\/julesverne.com.tr\/","name":"JULES VERNE BUSINESS MICE TRAVEL","description":"","publisher":{"@id":"https:\/\/julesverne.com.tr\/#organization"},"potentialAction":[{"@type":"SearchAction","target":{"@type":"EntryPoint","urlTemplate":"https:\/\/julesverne.com.tr\/?s={search_term_string}"},"query-input":"required name=search_term_string"}],"inLanguage":"en-US"},{"@type":"Organization","@id":"https:\/\/julesverne.com.tr\/#organization","name":"JULES VERNE BUSINESS MICE TRAVEL","url":"https:\/\/julesverne.com.tr\/","logo":{"@type":"ImageObject","inLanguage":"en-US","@id":"https:\/\/julesverne.com.tr\/#\/schema\/logo\/image\/","url":"https:\/\/julesverne.com.tr\/wp-content\/uploads\/2020\/09\/jv-bmt-logo.png","contentUrl":"https:\/\/julesverne.com.tr\/wp-content\/uploads\/2020\/09\/jv-bmt-logo.png","width":110,"height":81,"caption":"JULES VERNE BUSINESS MICE TRAVEL"},"image":{"@id":"https:\/\/julesverne.com.tr\/#\/schema\/logo\/image\/"},"sameAs":["https:\/\/www.facebook.com\/JulesVerneBusinessMiceTravel\/","https:\/\/twitter.com\/JV_BusinessMice","https:\/\/www.instagram.com\/julesvernebusinessmicetravel\/","https:\/\/www.linkedin.com\/company\/julesvernebusinessmicetravel\/","https:\/\/www.youtube.com\/channel\/UCAwdsmbZ6tFhu1tea6pkpiw"]},{"@type":"Person","@id":"https:\/\/julesverne.com.tr\/#\/schema\/person\/b27d0a74a740ecb2ffc838c934d95797","name":"senem.ekermen","url":"https:\/\/julesverne.com.tr\/en\/author\/senem-ekermen\/"}]}},"_links":{"self":[{"href":"https:\/\/julesverne.com.tr\/en\/wp-json\/wp\/v2\/posts\/10098"}],"collection":[{"href":"https:\/\/julesverne.com.tr\/en\/wp-json\/wp\/v2\/posts"}],"about":[{"href":"https:\/\/julesverne.com.tr\/en\/wp-json\/wp\/v2\/types\/post"}],"author":[{"embeddable":true,"href":"https:\/\/julesverne.com.tr\/en\/wp-json\/wp\/v2\/users\/5"}],"replies":[{"embeddable":true,"href":"https:\/\/julesverne.com.tr\/en\/wp-json\/wp\/v2\/comments?post=10098"}],"version-history":[{"count":0,"href":"https:\/\/julesverne.com.tr\/en\/wp-json\/wp\/v2\/posts\/10098\/revisions"}],"wp:featuredmedia":[{"embeddable":true,"href":"https:\/\/julesverne.com.tr\/en\/wp-json\/wp\/v2\/media\/10091"}],"wp:attachment":[{"href":"https:\/\/julesverne.com.tr\/en\/wp-json\/wp\/v2\/media?parent=10098"}],"wp:term":[{"taxonomy":"category","embeddable":true,"href":"https:\/\/julesverne.com.tr\/en\/wp-json\/wp\/v2\/categories?post=10098"},{"taxonomy":"post_tag","embeddable":true,"href":"https:\/\/julesverne.com.tr\/en\/wp-json\/wp\/v2\/tags?post=10098"}],"curies":[{"name":"wp","href":"https:\/\/api.w.org\/{rel}","templated":true}]}}